{"id":607,"date":"2026-04-30T08:00:00","date_gmt":"2026-04-30T06:00:00","guid":{"rendered":"https:\/\/www.les-energies-renouvelables.eu\/article\/actualites\/?p=607"},"modified":"2026-04-29T12:28:39","modified_gmt":"2026-04-29T10:28:39","slug":"sortie-des-fossiles-la-colombie-teste-un-modele-inedit-pour-accelerer-les-renouvelables","status":"publish","type":"post","link":"https:\/\/www.les-energies-renouvelables.eu\/article\/actualites\/energies\/sortie-des-fossiles-la-colombie-teste-un-modele-inedit-pour-accelerer-les-renouvelables-607\/","title":{"rendered":"Sortie des fossiles : la Colombie teste un mod\u00e8le in\u00e9dit pour acc\u00e9l\u00e9rer les renouvelables"},"content":{"rendered":"\n<p>R\u00e9sum\u00e9 :<\/p>\n\n\n\n<ul class=\"wp-block-list\">\n<li><strong>Pivot technologique :<\/strong> La part du solaire et de l&rsquo;\u00e9olien dans le mix \u00e9lectrique colombien est pass\u00e9e de <strong>2 % \u00e0 17 %<\/strong>en quatre ans.<\/li>\n\n\n\n<li><strong>Stabilit\u00e9 du r\u00e9seau :<\/strong> Le mod\u00e8le repose sur une compl\u00e9mentarit\u00e9 entre l&rsquo;<strong>hydro\u00e9lectricit\u00e9 pilotable<\/strong> et les \u00e9nergies renouvelables (EnR) \u00e0 production variable.<\/li>\n\n\n\n<li><strong>Seuil historique :<\/strong> En 2025, la <strong>production solaire<\/strong> nationale a surpass\u00e9 celle issue du charbon pour la premi\u00e8re fois.<\/li>\n\n\n\n<li><strong>R\u00e9alit\u00e9 \u00e9conomique :<\/strong> La transition est encadr\u00e9e par une strat\u00e9gie de <strong>\u00ab\u00a0gradualit\u00e9\u00a0\u00bb<\/strong> pour pr\u00e9server les finances publiques encore li\u00e9es aux exportations fossiles.<\/li>\n<\/ul>\n\n\n\n<h2 class=\"wp-block-heading\">Une acc\u00e9l\u00e9ration du mix \u00e9lectrique par le solaire<\/h2>\n\n\n\n<p>L&rsquo;acc\u00e9l\u00e9ration de la transition en Colombie n&rsquo;est plus une simple intention, mais une r\u00e9alit\u00e9 mesurable sur le r\u00e9seau. Selon les donn\u00e9es gouvernementales, la part des <strong>\u00e9nergies renouvelables non conventionnelles<\/strong> (solaire et \u00e9olien) a atteint <strong>17 % en 2026<\/strong>, contre seulement 2 % en 2022.<\/p>\n\n\n\n<p>Le point d&rsquo;inflexion majeur a \u00e9t\u00e9 observ\u00e9 en 2025. Pour la premi\u00e8re fois, la production d&rsquo;\u00e9lectricit\u00e9 d&rsquo;origine solaire a \u00e9t\u00e9 plus importante que celle des <strong>centrales \u00e0 charbon<\/strong>. Cette performance s&rsquo;appuie sur le programme <strong>\u00ab\u00a0Colombia Solar\u00a0\u00bb<\/strong>, dot\u00e9 d&rsquo;un budget de <strong>2 milliards de dollars<\/strong> d&rsquo;ici 2030, ciblant deux axes :<\/p>\n\n\n\n<ol class=\"wp-block-list\">\n<li>Le d\u00e9ploiement de <strong>parcs solaires de grande envergure<\/strong>, notamment dans la zone Cara\u00efbes.<\/li>\n\n\n\n<li>L&rsquo;<strong>autoconsommation d\u00e9centralis\u00e9e<\/strong>, via l&rsquo;installation de panneaux photovolta\u00efques sur les toits, visant \u00e0 d\u00e9mocratiser l&rsquo;acc\u00e8s \u00e0 l&rsquo;\u00e9nergie.<\/li>\n<\/ol>\n\n\n\n<p>Cette dynamique rejoint les grandes orientations internationales sur la mont\u00e9e en puissance n\u00e9cessaire des \u00e9nergies propres dans les syst\u00e8mes \u00e9lectriques pour r\u00e9pondre \u00e0 la croissance de la demande mondiale tout en r\u00e9duisant la d\u00e9pendance aux <strong>combustibles fossiles<\/strong>.<\/p>\n\n\n\n<figure class=\"wp-block-table\"><table class=\"has-fixed-layout\"><tbody><tr><td><strong>Indicateur<\/strong><\/td><td><strong>2022<\/strong><\/td><td><strong>2026<\/strong><\/td><\/tr><tr><td><strong>Part EnR (Solaire + \u00c9olien)<\/strong><\/td><td>2 %<\/td><td>17 %<\/td><\/tr><tr><td><strong>Hi\u00e9rarchie de production<\/strong><\/td><td>Charbon &gt; Solaire<\/td><td>Solaire &gt; Charbon (depuis 2025)<\/td><\/tr><tr><td><strong>Budget transition (2030)<\/strong><\/td><td>&#8211;<\/td><td>2 milliards $<\/td><\/tr><\/tbody><\/table><\/figure>\n\n\n\n<h2 class=\"wp-block-heading\">\u00c9quilibrer la variabilit\u00e9 : la base hydro\u00e9lectrique<\/h2>\n\n\n\n<p>L&rsquo;un des enseignements techniques de la transition colombienne r\u00e9side dans la gestion de l&rsquo;int\u00e9gration des EnR. La r\u00e9ussite de ce basculement repose sur la pr\u00e9sence d&rsquo;un <strong>socle hydro\u00e9lectrique dominant<\/strong>.<\/p>\n\n\n\n<p>Cette base offre une <strong>capacit\u00e9 de pilotage utile<\/strong> pour accompagner la mont\u00e9e en charge des sources \u00e0 production variable (solaire, \u00e9olien). Comme le soulignent les analyses sur la s\u00e9curit\u00e9 \u00e9nerg\u00e9tique des syst\u00e8mes d\u00e9carbon\u00e9s, la stabilit\u00e9 des r\u00e9seaux d\u00e9pend souvent de la <strong>compl\u00e9mentarit\u00e9<\/strong> entre les sources intermittentes et les capacit\u00e9s pilotables bas carbone. En Colombie, les r\u00e9servoirs hydro\u00e9lectriques permettent de limiter le recours aux centrales thermiques lors des phases d&rsquo;ajustement du r\u00e9seau, contribuant ainsi \u00e0 la <strong>stabilit\u00e9 de l&rsquo;approvisionnement<\/strong>.<\/p>\n\n\n\n<h2 class=\"wp-block-heading\">Le d\u00e9fi de la diversification : une approche contrainte<\/h2>\n\n\n\n<p>Malgr\u00e9 ces avanc\u00e9es, la sortie totale des \u00e9nergies fossiles reste un processus complexe. Le p\u00e9trole et le gaz repr\u00e9sentent encore <strong>4 % du PIB colombien<\/strong> et <strong>30 % des exportations<\/strong>. Ces revenus, atteignant environ <strong>15 milliards de dollars par an<\/strong>, restent indispensables pour les finances de l&rsquo;\u00c9tat.<\/p>\n\n\n\n<p>Le sp\u00e9cialiste de la planification \u00e9nerg\u00e9tique, <strong>Ismael Suescun<\/strong>, rappelle d&rsquo;ailleurs que se passer des \u00e9nergies fossiles \u00ab prendra plusieurs d\u00e9cennies \u00bb compte tenu du d\u00e9ficit budg\u00e9taire \u00e9lev\u00e9. La strat\u00e9gie est donc celle de la <strong>gradualit\u00e9<\/strong>, marqu\u00e9e par des d\u00e9cisions cibl\u00e9es :<\/p>\n\n\n\n<ul class=\"wp-block-list\">\n<li><strong>Gel de la prospection :<\/strong> Arr\u00eat des nouveaux contrats d&rsquo;exploration p\u00e9troli\u00e8re et gazi\u00e8re.<\/li>\n\n\n\n<li><strong>Encadrement des pratiques :<\/strong> Suspension de la fracturation hydraulique pour les nouveaux projets.<\/li>\n\n\n\n<li><strong>Signal politique :<\/strong> En 2025, l&rsquo;Amazonie colombienne a \u00e9t\u00e9 pr\u00e9sent\u00e9e comme une zone libre de toute exploitation extractive.<\/li>\n<\/ul>\n\n\n\n<p>Un premier signal de basculement \u00e9conomique a \u00e9t\u00e9 enregistr\u00e9 en 2025 : pour la premi\u00e8re fois, les <strong>exportations de caf\u00e9<\/strong>ont g\u00e9n\u00e9r\u00e9 davantage de devises \u00e9trang\u00e8res que les exportations de charbon, marquant un d\u00e9but de diversification des revenus nationaux.<\/p>\n\n\n\n<h2 class=\"wp-block-heading\">Quelles perspectives pour les pays producteurs ?<\/h2>\n\n\n\n<p>Le cas colombien illustre une trajectoire de transition progressive. Il montre qu&rsquo;un pays fortement d\u00e9pendant des hydrocarbures peut amorcer une <strong>diversification \u00e9nerg\u00e9tique ambitieuse<\/strong>, m\u00eame si le chemin vers une sortie compl\u00e8te reste long et contraint par des r\u00e9alit\u00e9s macro\u00e9conomiques.<\/p>\n\n\n\n<p>La transition \u00e9nerg\u00e9tique devient ici un <strong>enjeu industriel<\/strong> : il s&rsquo;agit de construire une alternative technologique dans un contexte o\u00f9 la demande mondiale de fossiles pourrait \u00eatre progressivement remise en question par les politiques climatiques. Le mod\u00e8le colombien sugg\u00e8re que les <strong>\u00e9nergies renouvelables<\/strong> peuvent s&rsquo;int\u00e9grer efficacement dans un mix existant, renfor\u00e7ant ainsi la r\u00e9silience face \u00e0 la <strong>volatilit\u00e9 des march\u00e9s mondiaux<\/strong> de l&rsquo;\u00e9nergie.<\/p>\n\n\n\n<p>\u00c0 l&rsquo;issue de quatre ann\u00e9es de <strong>transition acc\u00e9l\u00e9r\u00e9e<\/strong>, la Colombie affiche un bilan concret : la part des \u00e9nergies renouvelables non conventionnelles a \u00e9t\u00e9 <strong>multipli\u00e9e par huit<\/strong>. Si la d\u00e9pendance structurelle au p\u00e9trole demeure un d\u00e9fi pour les d\u00e9cennies \u00e0 venir, le pays a pos\u00e9 les jalons d&rsquo;un mix \u00e9lectrique plus diversifi\u00e9. Une conf\u00e9rence de suivi pr\u00e9vue \u00e0 l\u2019automne 2026 devra montrer si cette dynamique d\u00e9bouche sur des m\u00e9canismes de coop\u00e9ration technique et \u00e9conomique plus larges entre pays producteurs.<\/p>\n","protected":false},"excerpt":{"rendered":"","protected":false},"author":2,"featured_media":609,"comment_status":"closed","ping_status":"closed","sticky":false,"template":"","format":"standard","meta":{"footnotes":""},"categories":[1],"tags":[],"class_list":["post-607","post","type-post","status-publish","format-standard","has-post-thumbnail","hentry","category-energies","masonry-post","generate-columns","tablet-grid-50","mobile-grid-100","grid-parent","grid-33"],"yoast_head":"<!-- This site is optimized with the Yoast SEO plugin v26.6 - https:\/\/yoast.com\/wordpress\/plugins\/seo\/ -->\n<title>Sortie des fossiles : la Colombie teste un mod\u00e8le in\u00e9dit pour acc\u00e9l\u00e9rer les renouvelables - ECOinfos<\/title>\n<meta name=\"description\" content=\"D\u00e9couvrez comment la Colombie acc\u00e9l\u00e8re sa sortie des \u00e9nergies fossiles. Analyse du mix \u00e9nerg\u00e9tique (17 % de solaire\/\u00e9olien), du r\u00f4le de l&#039;hydro\u00e9lectricit\u00e9 et des enjeux de diversification \u00e9conomique pour un pays producteur.\" \/>\n<meta name=\"robots\" content=\"index, follow, max-snippet:-1, max-image-preview:large, max-video-preview:-1\" \/>\n<link rel=\"canonical\" href=\"https:\/\/www.les-energies-renouvelables.eu\/article\/actualites\/energies\/sortie-des-fossiles-la-colombie-teste-un-modele-inedit-pour-accelerer-les-renouvelables-607\/\" \/>\n<meta property=\"og:locale\" content=\"fr_FR\" \/>\n<meta property=\"og:type\" content=\"article\" \/>\n<meta property=\"og:title\" content=\"Sortie des fossiles : la Colombie teste un mod\u00e8le in\u00e9dit pour acc\u00e9l\u00e9rer les renouvelables - ECOinfos\" \/>\n<meta property=\"og:description\" content=\"D\u00e9couvrez comment la Colombie acc\u00e9l\u00e8re sa sortie des \u00e9nergies fossiles. Analyse du mix \u00e9nerg\u00e9tique (17 % de solaire\/\u00e9olien), du r\u00f4le de l&#039;hydro\u00e9lectricit\u00e9 et des enjeux de diversification \u00e9conomique pour un pays producteur.\" \/>\n<meta property=\"og:url\" content=\"https:\/\/www.les-energies-renouvelables.eu\/article\/actualites\/energies\/sortie-des-fossiles-la-colombie-teste-un-modele-inedit-pour-accelerer-les-renouvelables-607\/\" \/>\n<meta property=\"og:site_name\" content=\"ECOinfos Energies renouvelables\" \/>\n<meta property=\"article:publisher\" content=\"https:\/\/www.facebook.com\/ecoannuaire.energierenouvelable\/\" \/>\n<meta property=\"article:author\" content=\"https:\/\/www.facebook.com\/tictacf2c\/\" \/>\n<meta property=\"article:published_time\" content=\"2026-04-30T06:00:00+00:00\" \/>\n<meta property=\"og:image\" content=\"https:\/\/www.les-energies-renouvelables.eu\/article\/actualites\/wp-content\/uploads\/2026\/04\/actualites-sortie-des-fossiles-la-colombie-teste-un-modele-inedit-pour-accelerer-les-renouvelables-sortie-des-energies-fossiles.jpg\" \/>\n\t<meta property=\"og:image:width\" content=\"1200\" \/>\n\t<meta property=\"og:image:height\" content=\"675\" \/>\n\t<meta property=\"og:image:type\" content=\"image\/jpeg\" \/>\n<meta name=\"author\" content=\"Alexia JACQUARD\" \/>\n<meta name=\"twitter:card\" content=\"summary_large_image\" \/>\n<meta name=\"twitter:creator\" content=\"@alexiajcrd\" \/>\n<meta name=\"twitter:site\" content=\"@ECOinfosENR\" \/>\n<meta name=\"twitter:label1\" content=\"\u00c9crit par\" \/>\n\t<meta name=\"twitter:data1\" content=\"Alexia JACQUARD\" \/>\n\t<meta name=\"twitter:label2\" content=\"Dur\u00e9e de lecture estim\u00e9e\" \/>\n\t<meta name=\"twitter:data2\" content=\"4 minutes\" \/>\n<script type=\"application\/ld+json\" class=\"yoast-schema-graph\">{\"@context\":\"https:\/\/schema.org\",\"@graph\":[{\"@type\":\"Article\",\"@id\":\"https:\/\/www.les-energies-renouvelables.eu\/article\/actualites\/energies\/sortie-des-fossiles-la-colombie-teste-un-modele-inedit-pour-accelerer-les-renouvelables-607\/#article\",\"isPartOf\":{\"@id\":\"https:\/\/www.les-energies-renouvelables.eu\/article\/actualites\/energies\/sortie-des-fossiles-la-colombie-teste-un-modele-inedit-pour-accelerer-les-renouvelables-607\/\"},\"author\":{\"name\":\"Alexia JACQUARD\",\"@id\":\"https:\/\/www.les-energies-renouvelables.eu\/article\/actualites\/#\/schema\/person\/2c7d09eb5ca339c12ca8d86145440169\"},\"headline\":\"Sortie des fossiles : la Colombie teste un mod\u00e8le in\u00e9dit pour acc\u00e9l\u00e9rer les renouvelables\",\"datePublished\":\"2026-04-30T06:00:00+00:00\",\"mainEntityOfPage\":{\"@id\":\"https:\/\/www.les-energies-renouvelables.eu\/article\/actualites\/energies\/sortie-des-fossiles-la-colombie-teste-un-modele-inedit-pour-accelerer-les-renouvelables-607\/\"},\"wordCount\":859,\"publisher\":{\"@id\":\"https:\/\/www.les-energies-renouvelables.eu\/article\/actualites\/#organization\"},\"image\":{\"@id\":\"https:\/\/www.les-energies-renouvelables.eu\/article\/actualites\/energies\/sortie-des-fossiles-la-colombie-teste-un-modele-inedit-pour-accelerer-les-renouvelables-607\/#primaryimage\"},\"thumbnailUrl\":\"https:\/\/www.les-energies-renouvelables.eu\/article\/actualites\/wp-content\/uploads\/2026\/04\/actualites-sortie-des-fossiles-la-colombie-teste-un-modele-inedit-pour-accelerer-les-renouvelables-sortie-des-energies-fossiles.jpg\",\"articleSection\":[\"\u00c9nergies\"],\"inLanguage\":\"fr-FR\"},{\"@type\":\"WebPage\",\"@id\":\"https:\/\/www.les-energies-renouvelables.eu\/article\/actualites\/energies\/sortie-des-fossiles-la-colombie-teste-un-modele-inedit-pour-accelerer-les-renouvelables-607\/\",\"url\":\"https:\/\/www.les-energies-renouvelables.eu\/article\/actualites\/energies\/sortie-des-fossiles-la-colombie-teste-un-modele-inedit-pour-accelerer-les-renouvelables-607\/\",\"name\":\"Sortie des fossiles : la Colombie teste un mod\u00e8le in\u00e9dit pour acc\u00e9l\u00e9rer les renouvelables - ECOinfos\",\"isPartOf\":{\"@id\":\"https:\/\/www.les-energies-renouvelables.eu\/article\/actualites\/#website\"},\"primaryImageOfPage\":{\"@id\":\"https:\/\/www.les-energies-renouvelables.eu\/article\/actualites\/energies\/sortie-des-fossiles-la-colombie-teste-un-modele-inedit-pour-accelerer-les-renouvelables-607\/#primaryimage\"},\"image\":{\"@id\":\"https:\/\/www.les-energies-renouvelables.eu\/article\/actualites\/energies\/sortie-des-fossiles-la-colombie-teste-un-modele-inedit-pour-accelerer-les-renouvelables-607\/#primaryimage\"},\"thumbnailUrl\":\"https:\/\/www.les-energies-renouvelables.eu\/article\/actualites\/wp-content\/uploads\/2026\/04\/actualites-sortie-des-fossiles-la-colombie-teste-un-modele-inedit-pour-accelerer-les-renouvelables-sortie-des-energies-fossiles.jpg\",\"datePublished\":\"2026-04-30T06:00:00+00:00\",\"description\":\"D\u00e9couvrez comment la Colombie acc\u00e9l\u00e8re sa sortie des \u00e9nergies fossiles. Analyse du mix \u00e9nerg\u00e9tique (17 % de solaire\/\u00e9olien), du r\u00f4le de l'hydro\u00e9lectricit\u00e9 et des enjeux de diversification \u00e9conomique pour un pays producteur.\",\"breadcrumb\":{\"@id\":\"https:\/\/www.les-energies-renouvelables.eu\/article\/actualites\/energies\/sortie-des-fossiles-la-colombie-teste-un-modele-inedit-pour-accelerer-les-renouvelables-607\/#breadcrumb\"},\"inLanguage\":\"fr-FR\",\"potentialAction\":[{\"@type\":\"ReadAction\",\"target\":[\"https:\/\/www.les-energies-renouvelables.eu\/article\/actualites\/energies\/sortie-des-fossiles-la-colombie-teste-un-modele-inedit-pour-accelerer-les-renouvelables-607\/\"]}]},{\"@type\":\"ImageObject\",\"inLanguage\":\"fr-FR\",\"@id\":\"https:\/\/www.les-energies-renouvelables.eu\/article\/actualites\/energies\/sortie-des-fossiles-la-colombie-teste-un-modele-inedit-pour-accelerer-les-renouvelables-607\/#primaryimage\",\"url\":\"https:\/\/www.les-energies-renouvelables.eu\/article\/actualites\/wp-content\/uploads\/2026\/04\/actualites-sortie-des-fossiles-la-colombie-teste-un-modele-inedit-pour-accelerer-les-renouvelables-sortie-des-energies-fossiles.jpg\",\"contentUrl\":\"https:\/\/www.les-energies-renouvelables.eu\/article\/actualites\/wp-content\/uploads\/2026\/04\/actualites-sortie-des-fossiles-la-colombie-teste-un-modele-inedit-pour-accelerer-les-renouvelables-sortie-des-energies-fossiles.jpg\",\"width\":1200,\"height\":675,\"caption\":\"Photo de Quang Nguyen Vinh: https:\/\/www.pexels.com\/fr-fr\/photo\/parcs-d-39-energie-solaire-et-eolienne-dans-le-paysage-vietnamien-35105437\/\"},{\"@type\":\"BreadcrumbList\",\"@id\":\"https:\/\/www.les-energies-renouvelables.eu\/article\/actualites\/energies\/sortie-des-fossiles-la-colombie-teste-un-modele-inedit-pour-accelerer-les-renouvelables-607\/#breadcrumb\",\"itemListElement\":[{\"@type\":\"ListItem\",\"position\":1,\"name\":\"Accueil\",\"item\":\"https:\/\/www.les-energies-renouvelables.eu\/article\/actualites\/\"},{\"@type\":\"ListItem\",\"position\":2,\"name\":\"Sortie des fossiles : la Colombie teste un mod\u00e8le in\u00e9dit pour acc\u00e9l\u00e9rer les renouvelables\"}]},{\"@type\":\"WebSite\",\"@id\":\"https:\/\/www.les-energies-renouvelables.eu\/article\/actualites\/#website\",\"url\":\"https:\/\/www.les-energies-renouvelables.eu\/article\/actualites\/\",\"name\":\"ECOinfos Energies renouvelables\",\"description\":\"Le d\u00e9cryptage quotidien du secteur des \u00e9nergies renouvelables\",\"publisher\":{\"@id\":\"https:\/\/www.les-energies-renouvelables.eu\/article\/actualites\/#organization\"},\"potentialAction\":[{\"@type\":\"SearchAction\",\"target\":{\"@type\":\"EntryPoint\",\"urlTemplate\":\"https:\/\/www.les-energies-renouvelables.eu\/article\/actualites\/?s={search_term_string}\"},\"query-input\":{\"@type\":\"PropertyValueSpecification\",\"valueRequired\":true,\"valueName\":\"search_term_string\"}}],\"inLanguage\":\"fr-FR\"},{\"@type\":\"Organization\",\"@id\":\"https:\/\/www.les-energies-renouvelables.eu\/article\/actualites\/#organization\",\"name\":\"ECOinfos Energies renouvelables\",\"url\":\"https:\/\/www.les-energies-renouvelables.eu\/article\/actualites\/\",\"logo\":{\"@type\":\"ImageObject\",\"inLanguage\":\"fr-FR\",\"@id\":\"https:\/\/www.les-energies-renouvelables.eu\/article\/actualites\/#\/schema\/logo\/image\/\",\"url\":\"https:\/\/www.les-energies-renouvelables.eu\/article\/actualites\/wp-content\/uploads\/2025\/11\/ecoinfos.eldorado-consulting.com-logo-logo.svg\",\"contentUrl\":\"https:\/\/www.les-energies-renouvelables.eu\/article\/actualites\/wp-content\/uploads\/2025\/11\/ecoinfos.eldorado-consulting.com-logo-logo.svg\",\"caption\":\"ECOinfos Energies renouvelables\"},\"image\":{\"@id\":\"https:\/\/www.les-energies-renouvelables.eu\/article\/actualites\/#\/schema\/logo\/image\/\"},\"sameAs\":[\"https:\/\/www.facebook.com\/ecoannuaire.energierenouvelable\/\",\"https:\/\/x.com\/ECOinfosENR\",\"https:\/\/www.linkedin.com\/company\/ecoinfos-energies-renouvelables\/\",\"https:\/\/www.youtube.com\/@ecoinfosenergies\",\"https:\/\/share.google\/dyKHJPxAV42WhhjbM\"]},{\"@type\":\"Person\",\"@id\":\"https:\/\/www.les-energies-renouvelables.eu\/article\/actualites\/#\/schema\/person\/2c7d09eb5ca339c12ca8d86145440169\",\"name\":\"Alexia JACQUARD\",\"pronouns\":\"elle\/elle\",\"image\":{\"@type\":\"ImageObject\",\"inLanguage\":\"fr-FR\",\"@id\":\"https:\/\/www.les-energies-renouvelables.eu\/article\/actualites\/#\/schema\/person\/image\/\",\"url\":\"https:\/\/www.les-energies-renouvelables.eu\/article\/actualites\/wp-content\/uploads\/2026\/01\/actualites-alexia-jacquard-alexia-jacquard-160x160.jpg\",\"contentUrl\":\"https:\/\/www.les-energies-renouvelables.eu\/article\/actualites\/wp-content\/uploads\/2026\/01\/actualites-alexia-jacquard-alexia-jacquard-160x160.jpg\",\"caption\":\"Alexia JACQUARD\"},\"description\":\"Curieuse de nature et attentif aux enjeux du d\u00e9veloppement durable, Alexia Jacquard suit l'actualit\u00e9 des \u00e9nergies renouvelables pour partager les derni\u00e8res nouveaut\u00e9s du secteur. Elle s'attache \u00e0 retranscrire simplement les informations cl\u00e9s et les initiatives positives qui marquent la transition \u00e9nerg\u00e9tique. Son objectif : proposer des articles d'actualit\u00e9 clairs et accessibles pour tous ceux qui s'int\u00e9ressent \u00e0 l'avenir de notre \u00e9nergie.\",\"sameAs\":[\"https:\/\/alexia-jacquard.fr\",\"https:\/\/www.facebook.com\/tictacf2c\/\",\"https:\/\/www.instagram.com\/alexia_redac\/\",\"https:\/\/www.linkedin.com\/in\/alexia-jacquard-449a4b289\/\",\"https:\/\/fr.pinterest.com\/alexiajacquard\/\",\"https:\/\/x.com\/alexiajcrd\",\"https:\/\/www.youtube.com\/@Thepaindemie\",\"https:\/\/muckrack.com\/alexia-jacquard\"],\"url\":\"https:\/\/www.les-energies-renouvelables.eu\/article\/actualites\/author\/alexia-jacquard\/\"}]}<\/script>\n<!-- \/ Yoast SEO plugin. -->","yoast_head_json":{"title":"Sortie des fossiles : la Colombie teste un mod\u00e8le in\u00e9dit pour acc\u00e9l\u00e9rer les renouvelables - ECOinfos","description":"D\u00e9couvrez comment la Colombie acc\u00e9l\u00e8re sa sortie des \u00e9nergies fossiles. Analyse du mix \u00e9nerg\u00e9tique (17 % de solaire\/\u00e9olien), du r\u00f4le de l'hydro\u00e9lectricit\u00e9 et des enjeux de diversification \u00e9conomique pour un pays producteur.","robots":{"index":"index","follow":"follow","max-snippet":"max-snippet:-1","max-image-preview":"max-image-preview:large","max-video-preview":"max-video-preview:-1"},"canonical":"https:\/\/www.les-energies-renouvelables.eu\/article\/actualites\/energies\/sortie-des-fossiles-la-colombie-teste-un-modele-inedit-pour-accelerer-les-renouvelables-607\/","og_locale":"fr_FR","og_type":"article","og_title":"Sortie des fossiles : la Colombie teste un mod\u00e8le in\u00e9dit pour acc\u00e9l\u00e9rer les renouvelables - ECOinfos","og_description":"D\u00e9couvrez comment la Colombie acc\u00e9l\u00e8re sa sortie des \u00e9nergies fossiles. Analyse du mix \u00e9nerg\u00e9tique (17 % de solaire\/\u00e9olien), du r\u00f4le de l'hydro\u00e9lectricit\u00e9 et des enjeux de diversification \u00e9conomique pour un pays producteur.","og_url":"https:\/\/www.les-energies-renouvelables.eu\/article\/actualites\/energies\/sortie-des-fossiles-la-colombie-teste-un-modele-inedit-pour-accelerer-les-renouvelables-607\/","og_site_name":"ECOinfos Energies renouvelables","article_publisher":"https:\/\/www.facebook.com\/ecoannuaire.energierenouvelable\/","article_author":"https:\/\/www.facebook.com\/tictacf2c\/","article_published_time":"2026-04-30T06:00:00+00:00","og_image":[{"width":1200,"height":675,"url":"https:\/\/www.les-energies-renouvelables.eu\/article\/actualites\/wp-content\/uploads\/2026\/04\/actualites-sortie-des-fossiles-la-colombie-teste-un-modele-inedit-pour-accelerer-les-renouvelables-sortie-des-energies-fossiles.jpg","type":"image\/jpeg"}],"author":"Alexia JACQUARD","twitter_card":"summary_large_image","twitter_creator":"@alexiajcrd","twitter_site":"@ECOinfosENR","twitter_misc":{"\u00c9crit par":"Alexia JACQUARD","Dur\u00e9e de lecture estim\u00e9e":"4 minutes"},"schema":{"@context":"https:\/\/schema.org","@graph":[{"@type":"Article","@id":"https:\/\/www.les-energies-renouvelables.eu\/article\/actualites\/energies\/sortie-des-fossiles-la-colombie-teste-un-modele-inedit-pour-accelerer-les-renouvelables-607\/#article","isPartOf":{"@id":"https:\/\/www.les-energies-renouvelables.eu\/article\/actualites\/energies\/sortie-des-fossiles-la-colombie-teste-un-modele-inedit-pour-accelerer-les-renouvelables-607\/"},"author":{"name":"Alexia JACQUARD","@id":"https:\/\/www.les-energies-renouvelables.eu\/article\/actualites\/#\/schema\/person\/2c7d09eb5ca339c12ca8d86145440169"},"headline":"Sortie des fossiles : la Colombie teste un mod\u00e8le in\u00e9dit pour acc\u00e9l\u00e9rer les renouvelables","datePublished":"2026-04-30T06:00:00+00:00","mainEntityOfPage":{"@id":"https:\/\/www.les-energies-renouvelables.eu\/article\/actualites\/energies\/sortie-des-fossiles-la-colombie-teste-un-modele-inedit-pour-accelerer-les-renouvelables-607\/"},"wordCount":859,"publisher":{"@id":"https:\/\/www.les-energies-renouvelables.eu\/article\/actualites\/#organization"},"image":{"@id":"https:\/\/www.les-energies-renouvelables.eu\/article\/actualites\/energies\/sortie-des-fossiles-la-colombie-teste-un-modele-inedit-pour-accelerer-les-renouvelables-607\/#primaryimage"},"thumbnailUrl":"https:\/\/www.les-energies-renouvelables.eu\/article\/actualites\/wp-content\/uploads\/2026\/04\/actualites-sortie-des-fossiles-la-colombie-teste-un-modele-inedit-pour-accelerer-les-renouvelables-sortie-des-energies-fossiles.jpg","articleSection":["\u00c9nergies"],"inLanguage":"fr-FR"},{"@type":"WebPage","@id":"https:\/\/www.les-energies-renouvelables.eu\/article\/actualites\/energies\/sortie-des-fossiles-la-colombie-teste-un-modele-inedit-pour-accelerer-les-renouvelables-607\/","url":"https:\/\/www.les-energies-renouvelables.eu\/article\/actualites\/energies\/sortie-des-fossiles-la-colombie-teste-un-modele-inedit-pour-accelerer-les-renouvelables-607\/","name":"Sortie des fossiles : la Colombie teste un mod\u00e8le in\u00e9dit pour acc\u00e9l\u00e9rer les renouvelables - ECOinfos","isPartOf":{"@id":"https:\/\/www.les-energies-renouvelables.eu\/article\/actualites\/#website"},"primaryImageOfPage":{"@id":"https:\/\/www.les-energies-renouvelables.eu\/article\/actualites\/energies\/sortie-des-fossiles-la-colombie-teste-un-modele-inedit-pour-accelerer-les-renouvelables-607\/#primaryimage"},"image":{"@id":"https:\/\/www.les-energies-renouvelables.eu\/article\/actualites\/energies\/sortie-des-fossiles-la-colombie-teste-un-modele-inedit-pour-accelerer-les-renouvelables-607\/#primaryimage"},"thumbnailUrl":"https:\/\/www.les-energies-renouvelables.eu\/article\/actualites\/wp-content\/uploads\/2026\/04\/actualites-sortie-des-fossiles-la-colombie-teste-un-modele-inedit-pour-accelerer-les-renouvelables-sortie-des-energies-fossiles.jpg","datePublished":"2026-04-30T06:00:00+00:00","description":"D\u00e9couvrez comment la Colombie acc\u00e9l\u00e8re sa sortie des \u00e9nergies fossiles. Analyse du mix \u00e9nerg\u00e9tique (17 % de solaire\/\u00e9olien), du r\u00f4le de l'hydro\u00e9lectricit\u00e9 et des enjeux de diversification \u00e9conomique pour un pays producteur.","breadcrumb":{"@id":"https:\/\/www.les-energies-renouvelables.eu\/article\/actualites\/energies\/sortie-des-fossiles-la-colombie-teste-un-modele-inedit-pour-accelerer-les-renouvelables-607\/#breadcrumb"},"inLanguage":"fr-FR","potentialAction":[{"@type":"ReadAction","target":["https:\/\/www.les-energies-renouvelables.eu\/article\/actualites\/energies\/sortie-des-fossiles-la-colombie-teste-un-modele-inedit-pour-accelerer-les-renouvelables-607\/"]}]},{"@type":"ImageObject","inLanguage":"fr-FR","@id":"https:\/\/www.les-energies-renouvelables.eu\/article\/actualites\/energies\/sortie-des-fossiles-la-colombie-teste-un-modele-inedit-pour-accelerer-les-renouvelables-607\/#primaryimage","url":"https:\/\/www.les-energies-renouvelables.eu\/article\/actualites\/wp-content\/uploads\/2026\/04\/actualites-sortie-des-fossiles-la-colombie-teste-un-modele-inedit-pour-accelerer-les-renouvelables-sortie-des-energies-fossiles.jpg","contentUrl":"https:\/\/www.les-energies-renouvelables.eu\/article\/actualites\/wp-content\/uploads\/2026\/04\/actualites-sortie-des-fossiles-la-colombie-teste-un-modele-inedit-pour-accelerer-les-renouvelables-sortie-des-energies-fossiles.jpg","width":1200,"height":675,"caption":"Photo de Quang Nguyen Vinh: https:\/\/www.pexels.com\/fr-fr\/photo\/parcs-d-39-energie-solaire-et-eolienne-dans-le-paysage-vietnamien-35105437\/"},{"@type":"BreadcrumbList","@id":"https:\/\/www.les-energies-renouvelables.eu\/article\/actualites\/energies\/sortie-des-fossiles-la-colombie-teste-un-modele-inedit-pour-accelerer-les-renouvelables-607\/#breadcrumb","itemListElement":[{"@type":"ListItem","position":1,"name":"Accueil","item":"https:\/\/www.les-energies-renouvelables.eu\/article\/actualites\/"},{"@type":"ListItem","position":2,"name":"Sortie des fossiles : la Colombie teste un mod\u00e8le in\u00e9dit pour acc\u00e9l\u00e9rer les renouvelables"}]},{"@type":"WebSite","@id":"https:\/\/www.les-energies-renouvelables.eu\/article\/actualites\/#website","url":"https:\/\/www.les-energies-renouvelables.eu\/article\/actualites\/","name":"ECOinfos Energies renouvelables","description":"Le d\u00e9cryptage quotidien du secteur des \u00e9nergies renouvelables","publisher":{"@id":"https:\/\/www.les-energies-renouvelables.eu\/article\/actualites\/#organization"},"potentialAction":[{"@type":"SearchAction","target":{"@type":"EntryPoint","urlTemplate":"https:\/\/www.les-energies-renouvelables.eu\/article\/actualites\/?s={search_term_string}"},"query-input":{"@type":"PropertyValueSpecification","valueRequired":true,"valueName":"search_term_string"}}],"inLanguage":"fr-FR"},{"@type":"Organization","@id":"https:\/\/www.les-energies-renouvelables.eu\/article\/actualites\/#organization","name":"ECOinfos Energies renouvelables","url":"https:\/\/www.les-energies-renouvelables.eu\/article\/actualites\/","logo":{"@type":"ImageObject","inLanguage":"fr-FR","@id":"https:\/\/www.les-energies-renouvelables.eu\/article\/actualites\/#\/schema\/logo\/image\/","url":"https:\/\/www.les-energies-renouvelables.eu\/article\/actualites\/wp-content\/uploads\/2025\/11\/ecoinfos.eldorado-consulting.com-logo-logo.svg","contentUrl":"https:\/\/www.les-energies-renouvelables.eu\/article\/actualites\/wp-content\/uploads\/2025\/11\/ecoinfos.eldorado-consulting.com-logo-logo.svg","caption":"ECOinfos Energies renouvelables"},"image":{"@id":"https:\/\/www.les-energies-renouvelables.eu\/article\/actualites\/#\/schema\/logo\/image\/"},"sameAs":["https:\/\/www.facebook.com\/ecoannuaire.energierenouvelable\/","https:\/\/x.com\/ECOinfosENR","https:\/\/www.linkedin.com\/company\/ecoinfos-energies-renouvelables\/","https:\/\/www.youtube.com\/@ecoinfosenergies","https:\/\/share.google\/dyKHJPxAV42WhhjbM"]},{"@type":"Person","@id":"https:\/\/www.les-energies-renouvelables.eu\/article\/actualites\/#\/schema\/person\/2c7d09eb5ca339c12ca8d86145440169","name":"Alexia JACQUARD","pronouns":"elle\/elle","image":{"@type":"ImageObject","inLanguage":"fr-FR","@id":"https:\/\/www.les-energies-renouvelables.eu\/article\/actualites\/#\/schema\/person\/image\/","url":"https:\/\/www.les-energies-renouvelables.eu\/article\/actualites\/wp-content\/uploads\/2026\/01\/actualites-alexia-jacquard-alexia-jacquard-160x160.jpg","contentUrl":"https:\/\/www.les-energies-renouvelables.eu\/article\/actualites\/wp-content\/uploads\/2026\/01\/actualites-alexia-jacquard-alexia-jacquard-160x160.jpg","caption":"Alexia JACQUARD"},"description":"Curieuse de nature et attentif aux enjeux du d\u00e9veloppement durable, Alexia Jacquard suit l'actualit\u00e9 des \u00e9nergies renouvelables pour partager les derni\u00e8res nouveaut\u00e9s du secteur. Elle s'attache \u00e0 retranscrire simplement les informations cl\u00e9s et les initiatives positives qui marquent la transition \u00e9nerg\u00e9tique. Son objectif : proposer des articles d'actualit\u00e9 clairs et accessibles pour tous ceux qui s'int\u00e9ressent \u00e0 l'avenir de notre \u00e9nergie.","sameAs":["https:\/\/alexia-jacquard.fr","https:\/\/www.facebook.com\/tictacf2c\/","https:\/\/www.instagram.com\/alexia_redac\/","https:\/\/www.linkedin.com\/in\/alexia-jacquard-449a4b289\/","https:\/\/fr.pinterest.com\/alexiajacquard\/","https:\/\/x.com\/alexiajcrd","https:\/\/www.youtube.com\/@Thepaindemie","https:\/\/muckrack.com\/alexia-jacquard"],"url":"https:\/\/www.les-energies-renouvelables.eu\/article\/actualites\/author\/alexia-jacquard\/"}]}},"_links":{"self":[{"href":"https:\/\/www.les-energies-renouvelables.eu\/article\/actualites\/wp-json\/wp\/v2\/posts\/607","targetHints":{"allow":["GET"]}}],"collection":[{"href":"https:\/\/www.les-energies-renouvelables.eu\/article\/actualites\/wp-json\/wp\/v2\/posts"}],"about":[{"href":"https:\/\/www.les-energies-renouvelables.eu\/article\/actualites\/wp-json\/wp\/v2\/types\/post"}],"author":[{"embeddable":true,"href":"https:\/\/www.les-energies-renouvelables.eu\/article\/actualites\/wp-json\/wp\/v2\/users\/2"}],"replies":[{"embeddable":true,"href":"https:\/\/www.les-energies-renouvelables.eu\/article\/actualites\/wp-json\/wp\/v2\/comments?post=607"}],"version-history":[{"count":1,"href":"https:\/\/www.les-energies-renouvelables.eu\/article\/actualites\/wp-json\/wp\/v2\/posts\/607\/revisions"}],"predecessor-version":[{"id":608,"href":"https:\/\/www.les-energies-renouvelables.eu\/article\/actualites\/wp-json\/wp\/v2\/posts\/607\/revisions\/608"}],"wp:featuredmedia":[{"embeddable":true,"href":"https:\/\/www.les-energies-renouvelables.eu\/article\/actualites\/wp-json\/wp\/v2\/media\/609"}],"wp:attachment":[{"href":"https:\/\/www.les-energies-renouvelables.eu\/article\/actualites\/wp-json\/wp\/v2\/media?parent=607"}],"wp:term":[{"taxonomy":"category","embeddable":true,"href":"https:\/\/www.les-energies-renouvelables.eu\/article\/actualites\/wp-json\/wp\/v2\/categories?post=607"},{"taxonomy":"post_tag","embeddable":true,"href":"https:\/\/www.les-energies-renouvelables.eu\/article\/actualites\/wp-json\/wp\/v2\/tags?post=607"}],"curies":[{"name":"wp","href":"https:\/\/api.w.org\/{rel}","templated":true}]}}