{"id":603,"date":"2026-04-29T10:00:00","date_gmt":"2026-04-29T08:00:00","guid":{"rendered":"https:\/\/www.les-energies-renouvelables.eu\/article\/actualites\/?p=603"},"modified":"2026-04-28T21:59:12","modified_gmt":"2026-04-28T19:59:12","slug":"dordogne-quand-lagrivoltaisme-mobilise-lepargne-locale","status":"publish","type":"post","link":"https:\/\/www.les-energies-renouvelables.eu\/article\/actualites\/energies\/dordogne-quand-lagrivoltaisme-mobilise-lepargne-locale-603\/","title":{"rendered":"Dordogne : quand l\u2019agrivolta\u00efsme mobilise l\u2019\u00e9pargne locale"},"content":{"rendered":"\n<p>R\u00e9sum\u00e9 :&nbsp;<\/p>\n\n\n\n<ul class=\"wp-block-list\">\n<li><strong>Le financement :<\/strong> Une campagne de <strong>financement participatif<\/strong> ouverte depuis le 24 avril sur Lendosphere (objectif : 1 M\u20ac, extensible \u00e0 <strong>2 438 000 \u20ac<\/strong>).<\/li>\n\n\n\n<li><strong>L&rsquo;aspect agricole :<\/strong> 35 hectares de <strong>cultures bio<\/strong> \u00e9quip\u00e9s de trackers solaires visant \u00e0 limiter l&rsquo;impact du <strong>stress hydrique<\/strong>.<\/li>\n\n\n\n<li><strong>La production :<\/strong> Environ <strong>26,16 GWh<\/strong> par an d&rsquo;\u00e9lectricit\u00e9 renouvelable, soit l&rsquo;\u00e9quivalent de la consommation de <strong>5 450 foyers<\/strong>.<\/li>\n\n\n\n<li><strong>Prudence :<\/strong> Cet investissement comporte un <strong>risque de perte en capital<\/strong> et d&rsquo;illiquidit\u00e9, sans garantie de rendement.<\/li>\n<\/ul>\n\n\n\n<h2 class=\"wp-block-heading\">L&rsquo;agrivolta\u00efsme : un outil face au stress hydrique p\u00e9rigourdin<\/h2>\n\n\n\n<p>En Dordogne, les agriculteurs composent avec des sols peu profonds et, selon les \u00e9l\u00e9ments pr\u00e9sent\u00e9s par les porteurs du projet, des \u00e9pisodes de <strong>s\u00e9cheresse<\/strong> de plus en plus fr\u00e9quents. L&rsquo;installation <strong>agrivolta\u00efque<\/strong> de Faux-en-P\u00e9rigord a \u00e9t\u00e9 con\u00e7ue pour tenir compte de ces contraintes locales.<\/p>\n\n\n\n<p>Techniquement, l&rsquo;installation repose sur des panneaux photovolta\u00efques mont\u00e9s sur des structures mobiles (<strong>trackers<\/strong>). L&rsquo;ombrage partiel ainsi g\u00e9n\u00e9r\u00e9 a pour objectif de r\u00e9duire l\u2019<strong>\u00e9vapotranspiration<\/strong> des plantes et du sol. Pour les exploitants Florian Bonal et Martin Fradet, qui cultivent plus de 120 hectares, ces trackers constituent un levier visant \u00e0 permettre aux cultures de mieux r\u00e9sister aux <strong>fortes chaleurs<\/strong>.<\/p>\n\n\n\n<p>Le dispositif pr\u00e9voit \u00e9galement un syst\u00e8me de <strong>r\u00e9cup\u00e9ration des eaux pluviales<\/strong> d\u00e9di\u00e9 \u00e0 l&rsquo;irrigation. Sur ces 35 hectares, les agriculteurs envisagent des rotations de <strong>cultures bio<\/strong> (luzerne, bl\u00e9 tendre, soja ou lin) dont les conditions de culture pourraient \u00eatre favoris\u00e9es par cet apport hydrique compl\u00e9mentaire.<\/p>\n\n\n\n<h2 class=\"wp-block-heading\">Un projet laur\u00e9at de l&rsquo;appel d&rsquo;offres de la CRE<\/h2>\n\n\n\n<p>En juin 2024, le projet a \u00e9t\u00e9 d\u00e9sign\u00e9 laur\u00e9at d&rsquo;un appel d&rsquo;offres de la <strong>Commission de r\u00e9gulation de l&rsquo;\u00e9nergie (CRE)<\/strong>. Cette s\u00e9lection s&rsquo;inscrit dans le cadre des proc\u00e9dures nationales visant \u00e0 d\u00e9velopper les capacit\u00e9s de production d&rsquo;<strong>\u00e9lectricit\u00e9 renouvelable<\/strong> en France.<\/p>\n\n\n\n<p>La centrale devrait produire annuellement 26,16 GWh d&rsquo;\u00e9lectricit\u00e9 issue de l&rsquo;<strong>\u00e9nergie solaire<\/strong>. Ce mod\u00e8le illustre la possibilit\u00e9 d&rsquo;une <strong>double valorisation fonci\u00e8re<\/strong> : la production d&rsquo;\u00e9nergie renouvelable vient ici en appui technique d&rsquo;une activit\u00e9 agricole maintenue sur le site de Faux-en-P\u00e9rigord.<\/p>\n\n\n\n<h2 class=\"wp-block-heading\">Financement participatif : s&rsquo;impliquer dans la production locale<\/h2>\n\n\n\n<p>Le projet port\u00e9 par <strong>Akuo<\/strong> propose un dispositif permettant aux citoyens de participer directement au financement d&rsquo;une infrastructure \u00e9nerg\u00e9tique sur leur territoire.<\/p>\n\n\n\n<p><strong>Un levier d&rsquo;ancrage territorial<\/strong> L&rsquo;ouverture du financement aux particuliers est une d\u00e9marche qui vise \u00e0 favoriser l&rsquo;<strong>ancrage local<\/strong> des installations. Pour les riverains et les \u00e9pargnants, il s&rsquo;agit d&rsquo;une opportunit\u00e9 de contribuer au financement d&rsquo;un projet de <strong>transition \u00e9nerg\u00e9tique<\/strong> \u00e0 l&rsquo;\u00e9chelle de leur r\u00e9gion. Cette implication est un outil souvent utilis\u00e9 pour renforcer le lien entre les projets d&rsquo;\u00e9nergies renouvelables (<strong>EnR<\/strong>) et les populations locales.<\/p>\n\n\n\n<p><strong>Le fonctionnement du pr\u00eat participatif<\/strong> L&rsquo;op\u00e9ration repose sur le principe du <strong>pr\u00eat r\u00e9mun\u00e9r\u00e9<\/strong> via une plateforme sp\u00e9cialis\u00e9e. Les particuliers pr\u00eatent une somme d\u00e9di\u00e9e \u00e0 la construction, laquelle est ensuite rembours\u00e9e avec int\u00e9r\u00eats selon un calendrier et des modalit\u00e9s d\u00e9finis par le porteur de projet.<\/p>\n\n\n\n<p><strong>\u26a0\ufe0f Avertissement financier :<\/strong> Investir dans des projets d\u2019\u00e9nergies renouvelables comporte des risques. Il n&rsquo;existe aucune garantie de rendement ou de capital. Les risques incluent la <strong>perte partielle ou totale<\/strong> des sommes investies, l&rsquo;illiquidit\u00e9 et les al\u00e9as op\u00e9rationnels li\u00e9s \u00e0 l&rsquo;exploitation de la centrale. <strong>Ce contenu est purement informatif et ne constitue pas un conseil en investissement.<\/strong> Il est imp\u00e9ratif de consulter la documentation r\u00e9glementaire sur la plateforme de financement avant toute souscription.<\/p>\n\n\n\n<h2 class=\"wp-block-heading\">Une \u00e9volution des mod\u00e8les ruraux<\/h2>\n\n\n\n<p>Le projet de Faux-en-P\u00e9rigord illustre une approche o\u00f9 l&rsquo;<strong>agrivolta\u00efsme<\/strong> ne se limite pas \u00e0 produire de l&rsquo;\u00e9lectricit\u00e9 renouvelable, mais peut constituer une infrastructure de soutien pour des exploitations agricoles face aux <strong>al\u00e9as climatiques<\/strong>. En associant technologie solaire, gestion de l&rsquo;eau et <strong>\u00e9pargne citoyenne<\/strong>, ce type de r\u00e9alisation contribue \u00e0 renforcer la r\u00e9silience potentielle des cultures et l&rsquo;int\u00e9gration des \u00e9nergies d\u00e9carbon\u00e9es dans les territoires ruraux.<\/p>\n\n\n\n<p><em>Sources : PV Magazine France, Akuo, Lendosphere, Commission de r\u00e9gulation de l&rsquo;\u00e9nergie (CRE).<\/em><\/p>\n","protected":false},"excerpt":{"rendered":"","protected":false},"author":2,"featured_media":605,"comment_status":"closed","ping_status":"closed","sticky":false,"template":"","format":"standard","meta":{"footnotes":""},"categories":[1],"tags":[],"class_list":["post-603","post","type-post","status-publish","format-standard","has-post-thumbnail","hentry","category-energies","masonry-post","generate-columns","tablet-grid-50","mobile-grid-100","grid-parent","grid-33"],"yoast_head":"<!-- This site is optimized with the Yoast SEO plugin v26.6 - https:\/\/yoast.com\/wordpress\/plugins\/seo\/ -->\n<title>Dordogne : quand l\u2019agrivolta\u00efsme mobilise l\u2019\u00e9pargne locale - ECOinfos<\/title>\n<meta name=\"description\" content=\"D\u00e9couvrez le projet agrivolta\u00efque de Faux-en-P\u00e9rigord (Dordogne) port\u00e9 par Akuo : 18,4 MWc alliant cultures bio et \u00e9nergie solaire. Participez \u00e0 la transition \u00e9nerg\u00e9tique locale via le financement participatif sur Lendosphere. Chiffres cl\u00e9s, enjeux agricoles et modalit\u00e9s d&#039;investissement.\" \/>\n<meta name=\"robots\" content=\"index, follow, max-snippet:-1, max-image-preview:large, max-video-preview:-1\" \/>\n<link rel=\"canonical\" href=\"https:\/\/www.les-energies-renouvelables.eu\/article\/actualites\/energies\/dordogne-quand-lagrivoltaisme-mobilise-lepargne-locale-603\/\" \/>\n<meta property=\"og:locale\" content=\"fr_FR\" \/>\n<meta property=\"og:type\" content=\"article\" \/>\n<meta property=\"og:title\" content=\"Dordogne : quand l\u2019agrivolta\u00efsme mobilise l\u2019\u00e9pargne locale - ECOinfos\" \/>\n<meta property=\"og:description\" content=\"D\u00e9couvrez le projet agrivolta\u00efque de Faux-en-P\u00e9rigord (Dordogne) port\u00e9 par Akuo : 18,4 MWc alliant cultures bio et \u00e9nergie solaire. Participez \u00e0 la transition \u00e9nerg\u00e9tique locale via le financement participatif sur Lendosphere. Chiffres cl\u00e9s, enjeux agricoles et modalit\u00e9s d&#039;investissement.\" \/>\n<meta property=\"og:url\" content=\"https:\/\/www.les-energies-renouvelables.eu\/article\/actualites\/energies\/dordogne-quand-lagrivoltaisme-mobilise-lepargne-locale-603\/\" \/>\n<meta property=\"og:site_name\" content=\"ECOinfos Energies renouvelables\" \/>\n<meta property=\"article:publisher\" content=\"https:\/\/www.facebook.com\/ecoannuaire.energierenouvelable\/\" \/>\n<meta property=\"article:author\" content=\"https:\/\/www.facebook.com\/tictacf2c\/\" \/>\n<meta property=\"article:published_time\" content=\"2026-04-29T08:00:00+00:00\" \/>\n<meta property=\"og:image\" content=\"https:\/\/www.les-energies-renouvelables.eu\/article\/actualites\/wp-content\/uploads\/2026\/04\/actualites-dordogne-quand-lagrivoltaisme-mobilise-lepargne-locale-financement-participatif-agrivoltaisme-dordogne.jpg\" \/>\n\t<meta property=\"og:image:width\" content=\"1200\" \/>\n\t<meta property=\"og:image:height\" content=\"675\" \/>\n\t<meta property=\"og:image:type\" content=\"image\/jpeg\" \/>\n<meta name=\"author\" content=\"Alexia JACQUARD\" \/>\n<meta name=\"twitter:card\" content=\"summary_large_image\" \/>\n<meta name=\"twitter:creator\" content=\"@alexiajcrd\" \/>\n<meta name=\"twitter:site\" content=\"@ECOinfosENR\" \/>\n<meta name=\"twitter:label1\" content=\"\u00c9crit par\" \/>\n\t<meta name=\"twitter:data1\" content=\"Alexia JACQUARD\" \/>\n\t<meta name=\"twitter:label2\" content=\"Dur\u00e9e de lecture estim\u00e9e\" \/>\n\t<meta name=\"twitter:data2\" content=\"4 minutes\" \/>\n<script type=\"application\/ld+json\" class=\"yoast-schema-graph\">{\"@context\":\"https:\/\/schema.org\",\"@graph\":[{\"@type\":\"Article\",\"@id\":\"https:\/\/www.les-energies-renouvelables.eu\/article\/actualites\/energies\/dordogne-quand-lagrivoltaisme-mobilise-lepargne-locale-603\/#article\",\"isPartOf\":{\"@id\":\"https:\/\/www.les-energies-renouvelables.eu\/article\/actualites\/energies\/dordogne-quand-lagrivoltaisme-mobilise-lepargne-locale-603\/\"},\"author\":{\"name\":\"Alexia JACQUARD\",\"@id\":\"https:\/\/www.les-energies-renouvelables.eu\/article\/actualites\/#\/schema\/person\/2c7d09eb5ca339c12ca8d86145440169\"},\"headline\":\"Dordogne : quand l\u2019agrivolta\u00efsme mobilise l\u2019\u00e9pargne locale\",\"datePublished\":\"2026-04-29T08:00:00+00:00\",\"mainEntityOfPage\":{\"@id\":\"https:\/\/www.les-energies-renouvelables.eu\/article\/actualites\/energies\/dordogne-quand-lagrivoltaisme-mobilise-lepargne-locale-603\/\"},\"wordCount\":706,\"publisher\":{\"@id\":\"https:\/\/www.les-energies-renouvelables.eu\/article\/actualites\/#organization\"},\"image\":{\"@id\":\"https:\/\/www.les-energies-renouvelables.eu\/article\/actualites\/energies\/dordogne-quand-lagrivoltaisme-mobilise-lepargne-locale-603\/#primaryimage\"},\"thumbnailUrl\":\"https:\/\/www.les-energies-renouvelables.eu\/article\/actualites\/wp-content\/uploads\/2026\/04\/actualites-dordogne-quand-lagrivoltaisme-mobilise-lepargne-locale-financement-participatif-agrivoltaisme-dordogne.jpg\",\"articleSection\":[\"\u00c9nergies\"],\"inLanguage\":\"fr-FR\"},{\"@type\":\"WebPage\",\"@id\":\"https:\/\/www.les-energies-renouvelables.eu\/article\/actualites\/energies\/dordogne-quand-lagrivoltaisme-mobilise-lepargne-locale-603\/\",\"url\":\"https:\/\/www.les-energies-renouvelables.eu\/article\/actualites\/energies\/dordogne-quand-lagrivoltaisme-mobilise-lepargne-locale-603\/\",\"name\":\"Dordogne : quand l\u2019agrivolta\u00efsme mobilise l\u2019\u00e9pargne locale - ECOinfos\",\"isPartOf\":{\"@id\":\"https:\/\/www.les-energies-renouvelables.eu\/article\/actualites\/#website\"},\"primaryImageOfPage\":{\"@id\":\"https:\/\/www.les-energies-renouvelables.eu\/article\/actualites\/energies\/dordogne-quand-lagrivoltaisme-mobilise-lepargne-locale-603\/#primaryimage\"},\"image\":{\"@id\":\"https:\/\/www.les-energies-renouvelables.eu\/article\/actualites\/energies\/dordogne-quand-lagrivoltaisme-mobilise-lepargne-locale-603\/#primaryimage\"},\"thumbnailUrl\":\"https:\/\/www.les-energies-renouvelables.eu\/article\/actualites\/wp-content\/uploads\/2026\/04\/actualites-dordogne-quand-lagrivoltaisme-mobilise-lepargne-locale-financement-participatif-agrivoltaisme-dordogne.jpg\",\"datePublished\":\"2026-04-29T08:00:00+00:00\",\"description\":\"D\u00e9couvrez le projet agrivolta\u00efque de Faux-en-P\u00e9rigord (Dordogne) port\u00e9 par Akuo : 18,4 MWc alliant cultures bio et \u00e9nergie solaire. Participez \u00e0 la transition \u00e9nerg\u00e9tique locale via le financement participatif sur Lendosphere. Chiffres cl\u00e9s, enjeux agricoles et modalit\u00e9s d'investissement.\",\"breadcrumb\":{\"@id\":\"https:\/\/www.les-energies-renouvelables.eu\/article\/actualites\/energies\/dordogne-quand-lagrivoltaisme-mobilise-lepargne-locale-603\/#breadcrumb\"},\"inLanguage\":\"fr-FR\",\"potentialAction\":[{\"@type\":\"ReadAction\",\"target\":[\"https:\/\/www.les-energies-renouvelables.eu\/article\/actualites\/energies\/dordogne-quand-lagrivoltaisme-mobilise-lepargne-locale-603\/\"]}]},{\"@type\":\"ImageObject\",\"inLanguage\":\"fr-FR\",\"@id\":\"https:\/\/www.les-energies-renouvelables.eu\/article\/actualites\/energies\/dordogne-quand-lagrivoltaisme-mobilise-lepargne-locale-603\/#primaryimage\",\"url\":\"https:\/\/www.les-energies-renouvelables.eu\/article\/actualites\/wp-content\/uploads\/2026\/04\/actualites-dordogne-quand-lagrivoltaisme-mobilise-lepargne-locale-financement-participatif-agrivoltaisme-dordogne.jpg\",\"contentUrl\":\"https:\/\/www.les-energies-renouvelables.eu\/article\/actualites\/wp-content\/uploads\/2026\/04\/actualites-dordogne-quand-lagrivoltaisme-mobilise-lepargne-locale-financement-participatif-agrivoltaisme-dordogne.jpg\",\"width\":1200,\"height\":675,\"caption\":\"Photo de Aleksander Duma\u0142a: https:\/\/www.pexels.com\/fr-fr\/photo\/praca-rolnika-na-polu-20280066\/\"},{\"@type\":\"BreadcrumbList\",\"@id\":\"https:\/\/www.les-energies-renouvelables.eu\/article\/actualites\/energies\/dordogne-quand-lagrivoltaisme-mobilise-lepargne-locale-603\/#breadcrumb\",\"itemListElement\":[{\"@type\":\"ListItem\",\"position\":1,\"name\":\"Accueil\",\"item\":\"https:\/\/www.les-energies-renouvelables.eu\/article\/actualites\/\"},{\"@type\":\"ListItem\",\"position\":2,\"name\":\"Dordogne : quand l\u2019agrivolta\u00efsme mobilise l\u2019\u00e9pargne locale\"}]},{\"@type\":\"WebSite\",\"@id\":\"https:\/\/www.les-energies-renouvelables.eu\/article\/actualites\/#website\",\"url\":\"https:\/\/www.les-energies-renouvelables.eu\/article\/actualites\/\",\"name\":\"ECOinfos Energies renouvelables\",\"description\":\"Le d\u00e9cryptage quotidien du secteur des \u00e9nergies renouvelables\",\"publisher\":{\"@id\":\"https:\/\/www.les-energies-renouvelables.eu\/article\/actualites\/#organization\"},\"potentialAction\":[{\"@type\":\"SearchAction\",\"target\":{\"@type\":\"EntryPoint\",\"urlTemplate\":\"https:\/\/www.les-energies-renouvelables.eu\/article\/actualites\/?s={search_term_string}\"},\"query-input\":{\"@type\":\"PropertyValueSpecification\",\"valueRequired\":true,\"valueName\":\"search_term_string\"}}],\"inLanguage\":\"fr-FR\"},{\"@type\":\"Organization\",\"@id\":\"https:\/\/www.les-energies-renouvelables.eu\/article\/actualites\/#organization\",\"name\":\"ECOinfos Energies renouvelables\",\"url\":\"https:\/\/www.les-energies-renouvelables.eu\/article\/actualites\/\",\"logo\":{\"@type\":\"ImageObject\",\"inLanguage\":\"fr-FR\",\"@id\":\"https:\/\/www.les-energies-renouvelables.eu\/article\/actualites\/#\/schema\/logo\/image\/\",\"url\":\"https:\/\/www.les-energies-renouvelables.eu\/article\/actualites\/wp-content\/uploads\/2025\/11\/ecoinfos.eldorado-consulting.com-logo-logo.svg\",\"contentUrl\":\"https:\/\/www.les-energies-renouvelables.eu\/article\/actualites\/wp-content\/uploads\/2025\/11\/ecoinfos.eldorado-consulting.com-logo-logo.svg\",\"caption\":\"ECOinfos Energies renouvelables\"},\"image\":{\"@id\":\"https:\/\/www.les-energies-renouvelables.eu\/article\/actualites\/#\/schema\/logo\/image\/\"},\"sameAs\":[\"https:\/\/www.facebook.com\/ecoannuaire.energierenouvelable\/\",\"https:\/\/x.com\/ECOinfosENR\",\"https:\/\/www.linkedin.com\/company\/ecoinfos-energies-renouvelables\/\",\"https:\/\/www.youtube.com\/@ecoinfosenergies\",\"https:\/\/share.google\/dyKHJPxAV42WhhjbM\"]},{\"@type\":\"Person\",\"@id\":\"https:\/\/www.les-energies-renouvelables.eu\/article\/actualites\/#\/schema\/person\/2c7d09eb5ca339c12ca8d86145440169\",\"name\":\"Alexia JACQUARD\",\"pronouns\":\"elle\/elle\",\"image\":{\"@type\":\"ImageObject\",\"inLanguage\":\"fr-FR\",\"@id\":\"https:\/\/www.les-energies-renouvelables.eu\/article\/actualites\/#\/schema\/person\/image\/\",\"url\":\"https:\/\/www.les-energies-renouvelables.eu\/article\/actualites\/wp-content\/uploads\/2026\/01\/actualites-alexia-jacquard-alexia-jacquard-160x160.jpg\",\"contentUrl\":\"https:\/\/www.les-energies-renouvelables.eu\/article\/actualites\/wp-content\/uploads\/2026\/01\/actualites-alexia-jacquard-alexia-jacquard-160x160.jpg\",\"caption\":\"Alexia JACQUARD\"},\"description\":\"Curieuse de nature et attentif aux enjeux du d\u00e9veloppement durable, Alexia Jacquard suit l'actualit\u00e9 des \u00e9nergies renouvelables pour partager les derni\u00e8res nouveaut\u00e9s du secteur. Elle s'attache \u00e0 retranscrire simplement les informations cl\u00e9s et les initiatives positives qui marquent la transition \u00e9nerg\u00e9tique. Son objectif : proposer des articles d'actualit\u00e9 clairs et accessibles pour tous ceux qui s'int\u00e9ressent \u00e0 l'avenir de notre \u00e9nergie.\",\"sameAs\":[\"https:\/\/alexia-jacquard.fr\",\"https:\/\/www.facebook.com\/tictacf2c\/\",\"https:\/\/www.instagram.com\/alexia_redac\/\",\"https:\/\/www.linkedin.com\/in\/alexia-jacquard-449a4b289\/\",\"https:\/\/fr.pinterest.com\/alexiajacquard\/\",\"https:\/\/x.com\/alexiajcrd\",\"https:\/\/www.youtube.com\/@Thepaindemie\",\"https:\/\/muckrack.com\/alexia-jacquard\"],\"url\":\"https:\/\/www.les-energies-renouvelables.eu\/article\/actualites\/author\/alexia-jacquard\/\"}]}<\/script>\n<!-- \/ Yoast SEO plugin. -->","yoast_head_json":{"title":"Dordogne : quand l\u2019agrivolta\u00efsme mobilise l\u2019\u00e9pargne locale - ECOinfos","description":"D\u00e9couvrez le projet agrivolta\u00efque de Faux-en-P\u00e9rigord (Dordogne) port\u00e9 par Akuo : 18,4 MWc alliant cultures bio et \u00e9nergie solaire. Participez \u00e0 la transition \u00e9nerg\u00e9tique locale via le financement participatif sur Lendosphere. Chiffres cl\u00e9s, enjeux agricoles et modalit\u00e9s d'investissement.","robots":{"index":"index","follow":"follow","max-snippet":"max-snippet:-1","max-image-preview":"max-image-preview:large","max-video-preview":"max-video-preview:-1"},"canonical":"https:\/\/www.les-energies-renouvelables.eu\/article\/actualites\/energies\/dordogne-quand-lagrivoltaisme-mobilise-lepargne-locale-603\/","og_locale":"fr_FR","og_type":"article","og_title":"Dordogne : quand l\u2019agrivolta\u00efsme mobilise l\u2019\u00e9pargne locale - ECOinfos","og_description":"D\u00e9couvrez le projet agrivolta\u00efque de Faux-en-P\u00e9rigord (Dordogne) port\u00e9 par Akuo : 18,4 MWc alliant cultures bio et \u00e9nergie solaire. Participez \u00e0 la transition \u00e9nerg\u00e9tique locale via le financement participatif sur Lendosphere. Chiffres cl\u00e9s, enjeux agricoles et modalit\u00e9s d'investissement.","og_url":"https:\/\/www.les-energies-renouvelables.eu\/article\/actualites\/energies\/dordogne-quand-lagrivoltaisme-mobilise-lepargne-locale-603\/","og_site_name":"ECOinfos Energies renouvelables","article_publisher":"https:\/\/www.facebook.com\/ecoannuaire.energierenouvelable\/","article_author":"https:\/\/www.facebook.com\/tictacf2c\/","article_published_time":"2026-04-29T08:00:00+00:00","og_image":[{"width":1200,"height":675,"url":"https:\/\/www.les-energies-renouvelables.eu\/article\/actualites\/wp-content\/uploads\/2026\/04\/actualites-dordogne-quand-lagrivoltaisme-mobilise-lepargne-locale-financement-participatif-agrivoltaisme-dordogne.jpg","type":"image\/jpeg"}],"author":"Alexia JACQUARD","twitter_card":"summary_large_image","twitter_creator":"@alexiajcrd","twitter_site":"@ECOinfosENR","twitter_misc":{"\u00c9crit par":"Alexia JACQUARD","Dur\u00e9e de lecture estim\u00e9e":"4 minutes"},"schema":{"@context":"https:\/\/schema.org","@graph":[{"@type":"Article","@id":"https:\/\/www.les-energies-renouvelables.eu\/article\/actualites\/energies\/dordogne-quand-lagrivoltaisme-mobilise-lepargne-locale-603\/#article","isPartOf":{"@id":"https:\/\/www.les-energies-renouvelables.eu\/article\/actualites\/energies\/dordogne-quand-lagrivoltaisme-mobilise-lepargne-locale-603\/"},"author":{"name":"Alexia JACQUARD","@id":"https:\/\/www.les-energies-renouvelables.eu\/article\/actualites\/#\/schema\/person\/2c7d09eb5ca339c12ca8d86145440169"},"headline":"Dordogne : quand l\u2019agrivolta\u00efsme mobilise l\u2019\u00e9pargne locale","datePublished":"2026-04-29T08:00:00+00:00","mainEntityOfPage":{"@id":"https:\/\/www.les-energies-renouvelables.eu\/article\/actualites\/energies\/dordogne-quand-lagrivoltaisme-mobilise-lepargne-locale-603\/"},"wordCount":706,"publisher":{"@id":"https:\/\/www.les-energies-renouvelables.eu\/article\/actualites\/#organization"},"image":{"@id":"https:\/\/www.les-energies-renouvelables.eu\/article\/actualites\/energies\/dordogne-quand-lagrivoltaisme-mobilise-lepargne-locale-603\/#primaryimage"},"thumbnailUrl":"https:\/\/www.les-energies-renouvelables.eu\/article\/actualites\/wp-content\/uploads\/2026\/04\/actualites-dordogne-quand-lagrivoltaisme-mobilise-lepargne-locale-financement-participatif-agrivoltaisme-dordogne.jpg","articleSection":["\u00c9nergies"],"inLanguage":"fr-FR"},{"@type":"WebPage","@id":"https:\/\/www.les-energies-renouvelables.eu\/article\/actualites\/energies\/dordogne-quand-lagrivoltaisme-mobilise-lepargne-locale-603\/","url":"https:\/\/www.les-energies-renouvelables.eu\/article\/actualites\/energies\/dordogne-quand-lagrivoltaisme-mobilise-lepargne-locale-603\/","name":"Dordogne : quand l\u2019agrivolta\u00efsme mobilise l\u2019\u00e9pargne locale - ECOinfos","isPartOf":{"@id":"https:\/\/www.les-energies-renouvelables.eu\/article\/actualites\/#website"},"primaryImageOfPage":{"@id":"https:\/\/www.les-energies-renouvelables.eu\/article\/actualites\/energies\/dordogne-quand-lagrivoltaisme-mobilise-lepargne-locale-603\/#primaryimage"},"image":{"@id":"https:\/\/www.les-energies-renouvelables.eu\/article\/actualites\/energies\/dordogne-quand-lagrivoltaisme-mobilise-lepargne-locale-603\/#primaryimage"},"thumbnailUrl":"https:\/\/www.les-energies-renouvelables.eu\/article\/actualites\/wp-content\/uploads\/2026\/04\/actualites-dordogne-quand-lagrivoltaisme-mobilise-lepargne-locale-financement-participatif-agrivoltaisme-dordogne.jpg","datePublished":"2026-04-29T08:00:00+00:00","description":"D\u00e9couvrez le projet agrivolta\u00efque de Faux-en-P\u00e9rigord (Dordogne) port\u00e9 par Akuo : 18,4 MWc alliant cultures bio et \u00e9nergie solaire. Participez \u00e0 la transition \u00e9nerg\u00e9tique locale via le financement participatif sur Lendosphere. Chiffres cl\u00e9s, enjeux agricoles et modalit\u00e9s d'investissement.","breadcrumb":{"@id":"https:\/\/www.les-energies-renouvelables.eu\/article\/actualites\/energies\/dordogne-quand-lagrivoltaisme-mobilise-lepargne-locale-603\/#breadcrumb"},"inLanguage":"fr-FR","potentialAction":[{"@type":"ReadAction","target":["https:\/\/www.les-energies-renouvelables.eu\/article\/actualites\/energies\/dordogne-quand-lagrivoltaisme-mobilise-lepargne-locale-603\/"]}]},{"@type":"ImageObject","inLanguage":"fr-FR","@id":"https:\/\/www.les-energies-renouvelables.eu\/article\/actualites\/energies\/dordogne-quand-lagrivoltaisme-mobilise-lepargne-locale-603\/#primaryimage","url":"https:\/\/www.les-energies-renouvelables.eu\/article\/actualites\/wp-content\/uploads\/2026\/04\/actualites-dordogne-quand-lagrivoltaisme-mobilise-lepargne-locale-financement-participatif-agrivoltaisme-dordogne.jpg","contentUrl":"https:\/\/www.les-energies-renouvelables.eu\/article\/actualites\/wp-content\/uploads\/2026\/04\/actualites-dordogne-quand-lagrivoltaisme-mobilise-lepargne-locale-financement-participatif-agrivoltaisme-dordogne.jpg","width":1200,"height":675,"caption":"Photo de Aleksander Duma\u0142a: https:\/\/www.pexels.com\/fr-fr\/photo\/praca-rolnika-na-polu-20280066\/"},{"@type":"BreadcrumbList","@id":"https:\/\/www.les-energies-renouvelables.eu\/article\/actualites\/energies\/dordogne-quand-lagrivoltaisme-mobilise-lepargne-locale-603\/#breadcrumb","itemListElement":[{"@type":"ListItem","position":1,"name":"Accueil","item":"https:\/\/www.les-energies-renouvelables.eu\/article\/actualites\/"},{"@type":"ListItem","position":2,"name":"Dordogne : quand l\u2019agrivolta\u00efsme mobilise l\u2019\u00e9pargne locale"}]},{"@type":"WebSite","@id":"https:\/\/www.les-energies-renouvelables.eu\/article\/actualites\/#website","url":"https:\/\/www.les-energies-renouvelables.eu\/article\/actualites\/","name":"ECOinfos Energies renouvelables","description":"Le d\u00e9cryptage quotidien du secteur des \u00e9nergies renouvelables","publisher":{"@id":"https:\/\/www.les-energies-renouvelables.eu\/article\/actualites\/#organization"},"potentialAction":[{"@type":"SearchAction","target":{"@type":"EntryPoint","urlTemplate":"https:\/\/www.les-energies-renouvelables.eu\/article\/actualites\/?s={search_term_string}"},"query-input":{"@type":"PropertyValueSpecification","valueRequired":true,"valueName":"search_term_string"}}],"inLanguage":"fr-FR"},{"@type":"Organization","@id":"https:\/\/www.les-energies-renouvelables.eu\/article\/actualites\/#organization","name":"ECOinfos Energies renouvelables","url":"https:\/\/www.les-energies-renouvelables.eu\/article\/actualites\/","logo":{"@type":"ImageObject","inLanguage":"fr-FR","@id":"https:\/\/www.les-energies-renouvelables.eu\/article\/actualites\/#\/schema\/logo\/image\/","url":"https:\/\/www.les-energies-renouvelables.eu\/article\/actualites\/wp-content\/uploads\/2025\/11\/ecoinfos.eldorado-consulting.com-logo-logo.svg","contentUrl":"https:\/\/www.les-energies-renouvelables.eu\/article\/actualites\/wp-content\/uploads\/2025\/11\/ecoinfos.eldorado-consulting.com-logo-logo.svg","caption":"ECOinfos Energies renouvelables"},"image":{"@id":"https:\/\/www.les-energies-renouvelables.eu\/article\/actualites\/#\/schema\/logo\/image\/"},"sameAs":["https:\/\/www.facebook.com\/ecoannuaire.energierenouvelable\/","https:\/\/x.com\/ECOinfosENR","https:\/\/www.linkedin.com\/company\/ecoinfos-energies-renouvelables\/","https:\/\/www.youtube.com\/@ecoinfosenergies","https:\/\/share.google\/dyKHJPxAV42WhhjbM"]},{"@type":"Person","@id":"https:\/\/www.les-energies-renouvelables.eu\/article\/actualites\/#\/schema\/person\/2c7d09eb5ca339c12ca8d86145440169","name":"Alexia JACQUARD","pronouns":"elle\/elle","image":{"@type":"ImageObject","inLanguage":"fr-FR","@id":"https:\/\/www.les-energies-renouvelables.eu\/article\/actualites\/#\/schema\/person\/image\/","url":"https:\/\/www.les-energies-renouvelables.eu\/article\/actualites\/wp-content\/uploads\/2026\/01\/actualites-alexia-jacquard-alexia-jacquard-160x160.jpg","contentUrl":"https:\/\/www.les-energies-renouvelables.eu\/article\/actualites\/wp-content\/uploads\/2026\/01\/actualites-alexia-jacquard-alexia-jacquard-160x160.jpg","caption":"Alexia JACQUARD"},"description":"Curieuse de nature et attentif aux enjeux du d\u00e9veloppement durable, Alexia Jacquard suit l'actualit\u00e9 des \u00e9nergies renouvelables pour partager les derni\u00e8res nouveaut\u00e9s du secteur. Elle s'attache \u00e0 retranscrire simplement les informations cl\u00e9s et les initiatives positives qui marquent la transition \u00e9nerg\u00e9tique. Son objectif : proposer des articles d'actualit\u00e9 clairs et accessibles pour tous ceux qui s'int\u00e9ressent \u00e0 l'avenir de notre \u00e9nergie.","sameAs":["https:\/\/alexia-jacquard.fr","https:\/\/www.facebook.com\/tictacf2c\/","https:\/\/www.instagram.com\/alexia_redac\/","https:\/\/www.linkedin.com\/in\/alexia-jacquard-449a4b289\/","https:\/\/fr.pinterest.com\/alexiajacquard\/","https:\/\/x.com\/alexiajcrd","https:\/\/www.youtube.com\/@Thepaindemie","https:\/\/muckrack.com\/alexia-jacquard"],"url":"https:\/\/www.les-energies-renouvelables.eu\/article\/actualites\/author\/alexia-jacquard\/"}]}},"_links":{"self":[{"href":"https:\/\/www.les-energies-renouvelables.eu\/article\/actualites\/wp-json\/wp\/v2\/posts\/603","targetHints":{"allow":["GET"]}}],"collection":[{"href":"https:\/\/www.les-energies-renouvelables.eu\/article\/actualites\/wp-json\/wp\/v2\/posts"}],"about":[{"href":"https:\/\/www.les-energies-renouvelables.eu\/article\/actualites\/wp-json\/wp\/v2\/types\/post"}],"author":[{"embeddable":true,"href":"https:\/\/www.les-energies-renouvelables.eu\/article\/actualites\/wp-json\/wp\/v2\/users\/2"}],"replies":[{"embeddable":true,"href":"https:\/\/www.les-energies-renouvelables.eu\/article\/actualites\/wp-json\/wp\/v2\/comments?post=603"}],"version-history":[{"count":1,"href":"https:\/\/www.les-energies-renouvelables.eu\/article\/actualites\/wp-json\/wp\/v2\/posts\/603\/revisions"}],"predecessor-version":[{"id":604,"href":"https:\/\/www.les-energies-renouvelables.eu\/article\/actualites\/wp-json\/wp\/v2\/posts\/603\/revisions\/604"}],"wp:featuredmedia":[{"embeddable":true,"href":"https:\/\/www.les-energies-renouvelables.eu\/article\/actualites\/wp-json\/wp\/v2\/media\/605"}],"wp:attachment":[{"href":"https:\/\/www.les-energies-renouvelables.eu\/article\/actualites\/wp-json\/wp\/v2\/media?parent=603"}],"wp:term":[{"taxonomy":"category","embeddable":true,"href":"https:\/\/www.les-energies-renouvelables.eu\/article\/actualites\/wp-json\/wp\/v2\/categories?post=603"},{"taxonomy":"post_tag","embeddable":true,"href":"https:\/\/www.les-energies-renouvelables.eu\/article\/actualites\/wp-json\/wp\/v2\/tags?post=603"}],"curies":[{"name":"wp","href":"https:\/\/api.w.org\/{rel}","templated":true}]}}