{"id":601,"date":"2026-04-28T10:00:00","date_gmt":"2026-04-28T08:00:00","guid":{"rendered":"https:\/\/www.les-energies-renouvelables.eu\/article\/actualites\/?p=601"},"modified":"2026-04-28T21:00:59","modified_gmt":"2026-04-28T19:00:59","slug":"solaire-et-elevage-retour-dexperience-sur-la-voliere-photovoltaique-du-loiret","status":"publish","type":"post","link":"https:\/\/www.les-energies-renouvelables.eu\/article\/actualites\/energies\/solaire-et-elevage-retour-dexperience-sur-la-voliere-photovoltaique-du-loiret-601\/","title":{"rendered":"Solaire et \u00e9levage : retour d&rsquo;exp\u00e9rience sur la voli\u00e8re photovolta\u00efque du Loiret"},"content":{"rendered":"\n<p>R\u00e9sum\u00e9 :&nbsp;<\/p>\n\n\n\n<ul class=\"wp-block-list\">\n<li><strong>Localisation<\/strong> : La Selle-en-Hermoy (Loiret, 45). Installation d\u00e9velopp\u00e9e par Unite.<\/li>\n\n\n\n<li><strong>Puissance &amp; Production<\/strong> : 36,6 MWc install\u00e9s, pour une production estim\u00e9e \u00e0 plus de <strong>40 000 MWh par an<\/strong>.<\/li>\n\n\n\n<li><strong>Infrastructure<\/strong> : <strong>59 121 panneaux solaires<\/strong> install\u00e9s sur 28 hectares de voli\u00e8res.<\/li>\n\n\n\n<li><strong>Agrivolta\u00efsme<\/strong> : Maintien de l\u2019activit\u00e9 d&rsquo;\u00e9levage. Les ombri\u00e8res offrent des fonctions de <strong>protection sanitaire<\/strong> et physique.<\/li>\n\n\n\n<li><strong>Calendrier<\/strong> : Mise en service intervenue en f\u00e9vrier 2026, suite \u00e0 la finalisation des \u00e9tapes techniques et r\u00e9glementaires.<\/li>\n<\/ul>\n\n\n\n<p>La <strong>Programmation Pluriannuelle de l\u2019\u00c9nergie (PPE2)<\/strong> de 2020 fixe un objectif de croissance de <strong>30 %<\/strong> pour la fili\u00e8re photovolta\u00efque d\u2019ici 2028. Pour atteindre ce cap, le d\u00e9ploiement de nouvelles capacit\u00e9s doit composer avec la disponibilit\u00e9 limit\u00e9e des surfaces.<\/p>\n\n\n\n<p>Dans ses recommandations aux collectivit\u00e9s, l&rsquo;<strong>ADEME<\/strong> pr\u00e9conise de cibler les terrains artificialis\u00e9s ou de privil\u00e9gier des installations <strong>agrivolta\u00efques<\/strong> con\u00e7ues en synergie avec le monde agricole. Le projet de La Selle-en-Hermoy s&rsquo;inscrit dans cette d\u00e9marche : il montre la possibilit\u00e9 de construire une centrale solaire sur un site d&rsquo;\u00e9levage en exploitation, en adaptant le chantier aux contraintes de l&rsquo;\u00e9leveur.<\/p>\n\n\n\n<h2 class=\"wp-block-heading\">Une mise en \u0153uvre coordonn\u00e9e avec l&rsquo;activit\u00e9 agricole<\/h2>\n\n\n\n<p>Pilot\u00e9e par Augustin d\u2019H\u00f4telans, la r\u00e9alisation du projet a permis une mise en service en f\u00e9vrier 2026. Cette \u00e9tape fait suite \u00e0 un processus rigoureux allant de la s\u00e9curisation fonci\u00e8re \u00e0 la finalisation des raccordements \u00e9lectriques.<\/p>\n\n\n\n<p>Le chantier a \u00e9t\u00e9 organis\u00e9 par phases successives : voirie, forage, fondations, structures, puis pose des modules. Pour permettre la continuit\u00e9 de l&rsquo;activit\u00e9, chaque zone de travaux a \u00e9t\u00e9 restitu\u00e9e \u00e0 l&rsquo;\u00e9leveur d\u00e8s la fin de l&rsquo;intervention technique. Ce phasage a favoris\u00e9 une <strong>reprise progressive<\/strong> de l&rsquo;usage des parcours par les oiseaux au rythme de la livraison des diff\u00e9rentes sections de la voli\u00e8re.<\/p>\n\n\n\n<p>Ce site repr\u00e9sente l&rsquo;installation la plus importante de ce type pour le groupe Unite, qui a d\u00e9j\u00e0 mis en service des projets similaires \u00e0 Loury (29 MW), Brinon-sur-Sauldre (10 MW) et Sainte-Croix-en-Bresse (6,8 MW).<\/p>\n\n\n\n<h2 class=\"wp-block-heading\">Des panneaux solaires au service de la protection animale<\/h2>\n\n\n\n<p>\u00c0 La Selle-en-Hermoy, les panneaux solaires ne se contentent pas de produire de l&rsquo;\u00e9lectricit\u00e9 ; ils servent de support \u00e0 la structure m\u00eame des voli\u00e8res. Les <strong>ombri\u00e8res<\/strong> ainsi cr\u00e9\u00e9es au-dessus des parcours des faisans remplissent plusieurs fonctions techniques :<\/p>\n\n\n\n<ul class=\"wp-block-list\">\n<li><strong>Am\u00e9nagement du milieu<\/strong> : Cr\u00e9ation d&rsquo;une alternance d&rsquo;ombre et d&rsquo;ensoleillement sur les zones d&rsquo;\u00e9levage.<\/li>\n\n\n\n<li><strong>S\u00e9curit\u00e9 physique<\/strong> : Protection accrue contre les pr\u00e9dateurs a\u00e9riens.<\/li>\n\n\n\n<li><strong>Pr\u00e9vention sanitaire<\/strong> : Limitation des contacts directs entre les faisans et l&rsquo;avifaune sauvage, une mesure qui contribue \u00e0 r\u00e9duire les risques de propagation du virus de l&rsquo;<strong>influenza aviaire<\/strong>.<\/li>\n<\/ul>\n\n\n\n<p>L&rsquo;infrastructure permet ainsi une <strong>double valorisation du foncier<\/strong>, alors que l&#8217;emprise classique d&rsquo;une centrale au sol varie g\u00e9n\u00e9ralement entre 1 et 2 hectares par m\u00e9gawatt selon les r\u00e9f\u00e9rences de l&rsquo;ADEME.<\/p>\n\n\n\n<h2 class=\"wp-block-heading\">Un levier possible pour les territoires<\/h2>\n\n\n\n<p>L&rsquo;int\u00e9gration de projets solaires peut constituer un levier pour les <strong>\u00e9conomies locales<\/strong>. Selon l&rsquo;ADEME, ces installations g\u00e9n\u00e8rent des ressources fiscales pour les communes, soutiennent des emplois li\u00e9s \u00e0 la maintenance et offrent une visibilit\u00e9 sur les tarifs de l&rsquo;\u00e9nergie \u00e0 long terme.<\/p>\n\n\n\n<p>Pour accompagner les \u00e9lus, le r\u00e9seau <strong>\u00ab Les G\u00e9n\u00e9rateurs \u00bb<\/strong> propose un appui technique gratuit afin de faciliter l&rsquo;\u00e9mergence de projets adapt\u00e9s aux sp\u00e9cificit\u00e9s territoriales.<\/p>\n\n\n\n<p>Sur le plan environnemental, le solaire photovolta\u00efque pr\u00e9sente des \u00e9missions situ\u00e9es entre <strong>23 et 44 g de CO\u2082\/kWh<\/strong> sur l\u2019ensemble de son cycle de vie. L&rsquo;ADEME recommande de prioriser ces projets agrivolta\u00efques ainsi que les installations sur b\u00e2timents pour pr\u00e9server les sols tout en acc\u00e9l\u00e9rant la <strong>transition \u00e9nerg\u00e9tique<\/strong>.<\/p>\n\n\n\n<p>L\u2019exemple de La Selle-en-Hermoy illustre la faisabilit\u00e9 technique de l\u2019association entre <strong>production d\u2019\u00e9nergie<\/strong> et \u00e9levage sp\u00e9cialis\u00e9. Les retours d&rsquo;exp\u00e9rience indiquent que l&rsquo;usage partag\u00e9 du sol permet non seulement de maintenir la production agricole, mais aussi d&rsquo;apporter des solutions concr\u00e8tes aux d\u00e9fis sanitaires de la fili\u00e8re avicole.<\/p>\n\n\n\n<p>Alors que la France doit intensifier ses capacit\u00e9s photovolta\u00efques pour respecter ses objectifs \u00e9nerg\u00e9tiques, ces <strong>mod\u00e8les hybrides<\/strong> offrent une voie pour concilier <strong>activit\u00e9 agricole locale<\/strong> et production d\u2019\u00e9lectricit\u00e9 renouvelable.<\/p>\n\n\n\n<p><strong>Note d&rsquo;information<\/strong> : <em>Cet article a \u00e9t\u00e9 r\u00e9dig\u00e9 sur la base des donn\u00e9es factuelles issues de PV Magazine (avril 2026) et des publications de l&rsquo;ADEME relatives au photovolta\u00efque et aux collectivit\u00e9s.<\/em><\/p>\n","protected":false},"excerpt":{"rendered":"","protected":false},"author":2,"featured_media":606,"comment_status":"closed","ping_status":"closed","sticky":false,"template":"","format":"standard","meta":{"footnotes":""},"categories":[1],"tags":[],"class_list":["post-601","post","type-post","status-publish","format-standard","has-post-thumbnail","hentry","category-energies","masonry-post","generate-columns","tablet-grid-50","mobile-grid-100","grid-parent","grid-33"],"yoast_head":"<!-- This site is optimized with the Yoast SEO plugin v26.6 - https:\/\/yoast.com\/wordpress\/plugins\/seo\/ -->\n<title>Solaire et \u00e9levage : retour d&#039;exp\u00e9rience sur la voli\u00e8re photovolta\u00efque du Loiret - ECOinfos<\/title>\n<meta name=\"description\" content=\"D\u00e9couvrez comment Unite a concili\u00e9 production d&#039;\u00e9nergie solaire et \u00e9levage de faisans \u00e0 La Selle-en-Hermoy (45). Un projet record de 36,6 MWc illustrant les b\u00e9n\u00e9fices de l&#039;agrivolta\u00efsme pour les territoires.\" \/>\n<meta name=\"robots\" content=\"index, follow, max-snippet:-1, max-image-preview:large, max-video-preview:-1\" \/>\n<link rel=\"canonical\" href=\"https:\/\/www.les-energies-renouvelables.eu\/article\/actualites\/energies\/solaire-et-elevage-retour-dexperience-sur-la-voliere-photovoltaique-du-loiret-601\/\" \/>\n<meta property=\"og:locale\" content=\"fr_FR\" \/>\n<meta property=\"og:type\" content=\"article\" \/>\n<meta property=\"og:title\" content=\"Solaire et \u00e9levage : retour d&#039;exp\u00e9rience sur la voli\u00e8re photovolta\u00efque du Loiret - ECOinfos\" \/>\n<meta property=\"og:description\" content=\"D\u00e9couvrez comment Unite a concili\u00e9 production d&#039;\u00e9nergie solaire et \u00e9levage de faisans \u00e0 La Selle-en-Hermoy (45). Un projet record de 36,6 MWc illustrant les b\u00e9n\u00e9fices de l&#039;agrivolta\u00efsme pour les territoires.\" \/>\n<meta property=\"og:url\" content=\"https:\/\/www.les-energies-renouvelables.eu\/article\/actualites\/energies\/solaire-et-elevage-retour-dexperience-sur-la-voliere-photovoltaique-du-loiret-601\/\" \/>\n<meta property=\"og:site_name\" content=\"ECOinfos Energies renouvelables\" \/>\n<meta property=\"article:publisher\" content=\"https:\/\/www.facebook.com\/ecoannuaire.energierenouvelable\/\" \/>\n<meta property=\"article:author\" content=\"https:\/\/www.facebook.com\/tictacf2c\/\" \/>\n<meta property=\"article:published_time\" content=\"2026-04-28T08:00:00+00:00\" \/>\n<meta property=\"article:modified_time\" content=\"2026-04-28T19:00:59+00:00\" \/>\n<meta property=\"og:image\" content=\"https:\/\/www.les-energies-renouvelables.eu\/article\/actualites\/wp-content\/uploads\/2026\/04\/actualites-solaire-et-elevage-retour-dexperience-sur-la-voliere-photovoltaique-du-loiret-agrivoltaisme-voliere-photovoltaique-loiret.jpg\" \/>\n\t<meta property=\"og:image:width\" content=\"1200\" \/>\n\t<meta property=\"og:image:height\" content=\"675\" \/>\n\t<meta property=\"og:image:type\" content=\"image\/jpeg\" \/>\n<meta name=\"author\" content=\"Alexia JACQUARD\" \/>\n<meta name=\"twitter:card\" content=\"summary_large_image\" \/>\n<meta name=\"twitter:creator\" content=\"@alexiajcrd\" \/>\n<meta name=\"twitter:site\" content=\"@ECOinfosENR\" \/>\n<meta name=\"twitter:label1\" content=\"\u00c9crit par\" \/>\n\t<meta name=\"twitter:data1\" content=\"Alexia JACQUARD\" \/>\n\t<meta name=\"twitter:label2\" content=\"Dur\u00e9e de lecture estim\u00e9e\" \/>\n\t<meta name=\"twitter:data2\" content=\"4 minutes\" \/>\n<script type=\"application\/ld+json\" class=\"yoast-schema-graph\">{\"@context\":\"https:\/\/schema.org\",\"@graph\":[{\"@type\":\"Article\",\"@id\":\"https:\/\/www.les-energies-renouvelables.eu\/article\/actualites\/energies\/solaire-et-elevage-retour-dexperience-sur-la-voliere-photovoltaique-du-loiret-601\/#article\",\"isPartOf\":{\"@id\":\"https:\/\/www.les-energies-renouvelables.eu\/article\/actualites\/energies\/solaire-et-elevage-retour-dexperience-sur-la-voliere-photovoltaique-du-loiret-601\/\"},\"author\":{\"name\":\"Alexia JACQUARD\",\"@id\":\"https:\/\/www.les-energies-renouvelables.eu\/article\/actualites\/#\/schema\/person\/2c7d09eb5ca339c12ca8d86145440169\"},\"headline\":\"Solaire et \u00e9levage : retour d&rsquo;exp\u00e9rience sur la voli\u00e8re photovolta\u00efque du Loiret\",\"datePublished\":\"2026-04-28T08:00:00+00:00\",\"dateModified\":\"2026-04-28T19:00:59+00:00\",\"mainEntityOfPage\":{\"@id\":\"https:\/\/www.les-energies-renouvelables.eu\/article\/actualites\/energies\/solaire-et-elevage-retour-dexperience-sur-la-voliere-photovoltaique-du-loiret-601\/\"},\"wordCount\":765,\"publisher\":{\"@id\":\"https:\/\/www.les-energies-renouvelables.eu\/article\/actualites\/#organization\"},\"image\":{\"@id\":\"https:\/\/www.les-energies-renouvelables.eu\/article\/actualites\/energies\/solaire-et-elevage-retour-dexperience-sur-la-voliere-photovoltaique-du-loiret-601\/#primaryimage\"},\"thumbnailUrl\":\"https:\/\/www.les-energies-renouvelables.eu\/article\/actualites\/wp-content\/uploads\/2026\/04\/actualites-solaire-et-elevage-retour-dexperience-sur-la-voliere-photovoltaique-du-loiret-agrivoltaisme-voliere-photovoltaique-loiret.jpg\",\"articleSection\":[\"\u00c9nergies\"],\"inLanguage\":\"fr-FR\"},{\"@type\":\"WebPage\",\"@id\":\"https:\/\/www.les-energies-renouvelables.eu\/article\/actualites\/energies\/solaire-et-elevage-retour-dexperience-sur-la-voliere-photovoltaique-du-loiret-601\/\",\"url\":\"https:\/\/www.les-energies-renouvelables.eu\/article\/actualites\/energies\/solaire-et-elevage-retour-dexperience-sur-la-voliere-photovoltaique-du-loiret-601\/\",\"name\":\"Solaire et \u00e9levage : retour d'exp\u00e9rience sur la voli\u00e8re photovolta\u00efque du Loiret - ECOinfos\",\"isPartOf\":{\"@id\":\"https:\/\/www.les-energies-renouvelables.eu\/article\/actualites\/#website\"},\"primaryImageOfPage\":{\"@id\":\"https:\/\/www.les-energies-renouvelables.eu\/article\/actualites\/energies\/solaire-et-elevage-retour-dexperience-sur-la-voliere-photovoltaique-du-loiret-601\/#primaryimage\"},\"image\":{\"@id\":\"https:\/\/www.les-energies-renouvelables.eu\/article\/actualites\/energies\/solaire-et-elevage-retour-dexperience-sur-la-voliere-photovoltaique-du-loiret-601\/#primaryimage\"},\"thumbnailUrl\":\"https:\/\/www.les-energies-renouvelables.eu\/article\/actualites\/wp-content\/uploads\/2026\/04\/actualites-solaire-et-elevage-retour-dexperience-sur-la-voliere-photovoltaique-du-loiret-agrivoltaisme-voliere-photovoltaique-loiret.jpg\",\"datePublished\":\"2026-04-28T08:00:00+00:00\",\"dateModified\":\"2026-04-28T19:00:59+00:00\",\"description\":\"D\u00e9couvrez comment Unite a concili\u00e9 production d'\u00e9nergie solaire et \u00e9levage de faisans \u00e0 La Selle-en-Hermoy (45). Un projet record de 36,6 MWc illustrant les b\u00e9n\u00e9fices de l'agrivolta\u00efsme pour les territoires.\",\"breadcrumb\":{\"@id\":\"https:\/\/www.les-energies-renouvelables.eu\/article\/actualites\/energies\/solaire-et-elevage-retour-dexperience-sur-la-voliere-photovoltaique-du-loiret-601\/#breadcrumb\"},\"inLanguage\":\"fr-FR\",\"potentialAction\":[{\"@type\":\"ReadAction\",\"target\":[\"https:\/\/www.les-energies-renouvelables.eu\/article\/actualites\/energies\/solaire-et-elevage-retour-dexperience-sur-la-voliere-photovoltaique-du-loiret-601\/\"]}]},{\"@type\":\"ImageObject\",\"inLanguage\":\"fr-FR\",\"@id\":\"https:\/\/www.les-energies-renouvelables.eu\/article\/actualites\/energies\/solaire-et-elevage-retour-dexperience-sur-la-voliere-photovoltaique-du-loiret-601\/#primaryimage\",\"url\":\"https:\/\/www.les-energies-renouvelables.eu\/article\/actualites\/wp-content\/uploads\/2026\/04\/actualites-solaire-et-elevage-retour-dexperience-sur-la-voliere-photovoltaique-du-loiret-agrivoltaisme-voliere-photovoltaique-loiret.jpg\",\"contentUrl\":\"https:\/\/www.les-energies-renouvelables.eu\/article\/actualites\/wp-content\/uploads\/2026\/04\/actualites-solaire-et-elevage-retour-dexperience-sur-la-voliere-photovoltaique-du-loiret-agrivoltaisme-voliere-photovoltaique-loiret.jpg\",\"width\":1200,\"height\":675,\"caption\":\"Photo de Vincent Delsuc: https:\/\/www.pexels.com\/fr-fr\/photo\/ciel-animal-herbe-mouton-9684128\/\"},{\"@type\":\"BreadcrumbList\",\"@id\":\"https:\/\/www.les-energies-renouvelables.eu\/article\/actualites\/energies\/solaire-et-elevage-retour-dexperience-sur-la-voliere-photovoltaique-du-loiret-601\/#breadcrumb\",\"itemListElement\":[{\"@type\":\"ListItem\",\"position\":1,\"name\":\"Accueil\",\"item\":\"https:\/\/www.les-energies-renouvelables.eu\/article\/actualites\/\"},{\"@type\":\"ListItem\",\"position\":2,\"name\":\"Solaire et \u00e9levage : retour d&rsquo;exp\u00e9rience sur la voli\u00e8re photovolta\u00efque du Loiret\"}]},{\"@type\":\"WebSite\",\"@id\":\"https:\/\/www.les-energies-renouvelables.eu\/article\/actualites\/#website\",\"url\":\"https:\/\/www.les-energies-renouvelables.eu\/article\/actualites\/\",\"name\":\"ECOinfos Energies renouvelables\",\"description\":\"Le d\u00e9cryptage quotidien du secteur des \u00e9nergies renouvelables\",\"publisher\":{\"@id\":\"https:\/\/www.les-energies-renouvelables.eu\/article\/actualites\/#organization\"},\"potentialAction\":[{\"@type\":\"SearchAction\",\"target\":{\"@type\":\"EntryPoint\",\"urlTemplate\":\"https:\/\/www.les-energies-renouvelables.eu\/article\/actualites\/?s={search_term_string}\"},\"query-input\":{\"@type\":\"PropertyValueSpecification\",\"valueRequired\":true,\"valueName\":\"search_term_string\"}}],\"inLanguage\":\"fr-FR\"},{\"@type\":\"Organization\",\"@id\":\"https:\/\/www.les-energies-renouvelables.eu\/article\/actualites\/#organization\",\"name\":\"ECOinfos Energies renouvelables\",\"url\":\"https:\/\/www.les-energies-renouvelables.eu\/article\/actualites\/\",\"logo\":{\"@type\":\"ImageObject\",\"inLanguage\":\"fr-FR\",\"@id\":\"https:\/\/www.les-energies-renouvelables.eu\/article\/actualites\/#\/schema\/logo\/image\/\",\"url\":\"https:\/\/www.les-energies-renouvelables.eu\/article\/actualites\/wp-content\/uploads\/2025\/11\/ecoinfos.eldorado-consulting.com-logo-logo.svg\",\"contentUrl\":\"https:\/\/www.les-energies-renouvelables.eu\/article\/actualites\/wp-content\/uploads\/2025\/11\/ecoinfos.eldorado-consulting.com-logo-logo.svg\",\"caption\":\"ECOinfos Energies renouvelables\"},\"image\":{\"@id\":\"https:\/\/www.les-energies-renouvelables.eu\/article\/actualites\/#\/schema\/logo\/image\/\"},\"sameAs\":[\"https:\/\/www.facebook.com\/ecoannuaire.energierenouvelable\/\",\"https:\/\/x.com\/ECOinfosENR\",\"https:\/\/www.linkedin.com\/company\/ecoinfos-energies-renouvelables\/\",\"https:\/\/www.youtube.com\/@ecoinfosenergies\",\"https:\/\/share.google\/dyKHJPxAV42WhhjbM\"]},{\"@type\":\"Person\",\"@id\":\"https:\/\/www.les-energies-renouvelables.eu\/article\/actualites\/#\/schema\/person\/2c7d09eb5ca339c12ca8d86145440169\",\"name\":\"Alexia JACQUARD\",\"pronouns\":\"elle\/elle\",\"image\":{\"@type\":\"ImageObject\",\"inLanguage\":\"fr-FR\",\"@id\":\"https:\/\/www.les-energies-renouvelables.eu\/article\/actualites\/#\/schema\/person\/image\/\",\"url\":\"https:\/\/www.les-energies-renouvelables.eu\/article\/actualites\/wp-content\/uploads\/2026\/01\/actualites-alexia-jacquard-alexia-jacquard-160x160.jpg\",\"contentUrl\":\"https:\/\/www.les-energies-renouvelables.eu\/article\/actualites\/wp-content\/uploads\/2026\/01\/actualites-alexia-jacquard-alexia-jacquard-160x160.jpg\",\"caption\":\"Alexia JACQUARD\"},\"description\":\"Curieuse de nature et attentif aux enjeux du d\u00e9veloppement durable, Alexia Jacquard suit l'actualit\u00e9 des \u00e9nergies renouvelables pour partager les derni\u00e8res nouveaut\u00e9s du secteur. Elle s'attache \u00e0 retranscrire simplement les informations cl\u00e9s et les initiatives positives qui marquent la transition \u00e9nerg\u00e9tique. Son objectif : proposer des articles d'actualit\u00e9 clairs et accessibles pour tous ceux qui s'int\u00e9ressent \u00e0 l'avenir de notre \u00e9nergie.\",\"sameAs\":[\"https:\/\/alexia-jacquard.fr\",\"https:\/\/www.facebook.com\/tictacf2c\/\",\"https:\/\/www.instagram.com\/alexia_redac\/\",\"https:\/\/www.linkedin.com\/in\/alexia-jacquard-449a4b289\/\",\"https:\/\/fr.pinterest.com\/alexiajacquard\/\",\"https:\/\/x.com\/alexiajcrd\",\"https:\/\/www.youtube.com\/@Thepaindemie\",\"https:\/\/muckrack.com\/alexia-jacquard\"],\"url\":\"https:\/\/www.les-energies-renouvelables.eu\/article\/actualites\/author\/alexia-jacquard\/\"}]}<\/script>\n<!-- \/ Yoast SEO plugin. -->","yoast_head_json":{"title":"Solaire et \u00e9levage : retour d'exp\u00e9rience sur la voli\u00e8re photovolta\u00efque du Loiret - ECOinfos","description":"D\u00e9couvrez comment Unite a concili\u00e9 production d'\u00e9nergie solaire et \u00e9levage de faisans \u00e0 La Selle-en-Hermoy (45). Un projet record de 36,6 MWc illustrant les b\u00e9n\u00e9fices de l'agrivolta\u00efsme pour les territoires.","robots":{"index":"index","follow":"follow","max-snippet":"max-snippet:-1","max-image-preview":"max-image-preview:large","max-video-preview":"max-video-preview:-1"},"canonical":"https:\/\/www.les-energies-renouvelables.eu\/article\/actualites\/energies\/solaire-et-elevage-retour-dexperience-sur-la-voliere-photovoltaique-du-loiret-601\/","og_locale":"fr_FR","og_type":"article","og_title":"Solaire et \u00e9levage : retour d'exp\u00e9rience sur la voli\u00e8re photovolta\u00efque du Loiret - ECOinfos","og_description":"D\u00e9couvrez comment Unite a concili\u00e9 production d'\u00e9nergie solaire et \u00e9levage de faisans \u00e0 La Selle-en-Hermoy (45). Un projet record de 36,6 MWc illustrant les b\u00e9n\u00e9fices de l'agrivolta\u00efsme pour les territoires.","og_url":"https:\/\/www.les-energies-renouvelables.eu\/article\/actualites\/energies\/solaire-et-elevage-retour-dexperience-sur-la-voliere-photovoltaique-du-loiret-601\/","og_site_name":"ECOinfos Energies renouvelables","article_publisher":"https:\/\/www.facebook.com\/ecoannuaire.energierenouvelable\/","article_author":"https:\/\/www.facebook.com\/tictacf2c\/","article_published_time":"2026-04-28T08:00:00+00:00","article_modified_time":"2026-04-28T19:00:59+00:00","og_image":[{"width":1200,"height":675,"url":"https:\/\/www.les-energies-renouvelables.eu\/article\/actualites\/wp-content\/uploads\/2026\/04\/actualites-solaire-et-elevage-retour-dexperience-sur-la-voliere-photovoltaique-du-loiret-agrivoltaisme-voliere-photovoltaique-loiret.jpg","type":"image\/jpeg"}],"author":"Alexia JACQUARD","twitter_card":"summary_large_image","twitter_creator":"@alexiajcrd","twitter_site":"@ECOinfosENR","twitter_misc":{"\u00c9crit par":"Alexia JACQUARD","Dur\u00e9e de lecture estim\u00e9e":"4 minutes"},"schema":{"@context":"https:\/\/schema.org","@graph":[{"@type":"Article","@id":"https:\/\/www.les-energies-renouvelables.eu\/article\/actualites\/energies\/solaire-et-elevage-retour-dexperience-sur-la-voliere-photovoltaique-du-loiret-601\/#article","isPartOf":{"@id":"https:\/\/www.les-energies-renouvelables.eu\/article\/actualites\/energies\/solaire-et-elevage-retour-dexperience-sur-la-voliere-photovoltaique-du-loiret-601\/"},"author":{"name":"Alexia JACQUARD","@id":"https:\/\/www.les-energies-renouvelables.eu\/article\/actualites\/#\/schema\/person\/2c7d09eb5ca339c12ca8d86145440169"},"headline":"Solaire et \u00e9levage : retour d&rsquo;exp\u00e9rience sur la voli\u00e8re photovolta\u00efque du Loiret","datePublished":"2026-04-28T08:00:00+00:00","dateModified":"2026-04-28T19:00:59+00:00","mainEntityOfPage":{"@id":"https:\/\/www.les-energies-renouvelables.eu\/article\/actualites\/energies\/solaire-et-elevage-retour-dexperience-sur-la-voliere-photovoltaique-du-loiret-601\/"},"wordCount":765,"publisher":{"@id":"https:\/\/www.les-energies-renouvelables.eu\/article\/actualites\/#organization"},"image":{"@id":"https:\/\/www.les-energies-renouvelables.eu\/article\/actualites\/energies\/solaire-et-elevage-retour-dexperience-sur-la-voliere-photovoltaique-du-loiret-601\/#primaryimage"},"thumbnailUrl":"https:\/\/www.les-energies-renouvelables.eu\/article\/actualites\/wp-content\/uploads\/2026\/04\/actualites-solaire-et-elevage-retour-dexperience-sur-la-voliere-photovoltaique-du-loiret-agrivoltaisme-voliere-photovoltaique-loiret.jpg","articleSection":["\u00c9nergies"],"inLanguage":"fr-FR"},{"@type":"WebPage","@id":"https:\/\/www.les-energies-renouvelables.eu\/article\/actualites\/energies\/solaire-et-elevage-retour-dexperience-sur-la-voliere-photovoltaique-du-loiret-601\/","url":"https:\/\/www.les-energies-renouvelables.eu\/article\/actualites\/energies\/solaire-et-elevage-retour-dexperience-sur-la-voliere-photovoltaique-du-loiret-601\/","name":"Solaire et \u00e9levage : retour d'exp\u00e9rience sur la voli\u00e8re photovolta\u00efque du Loiret - ECOinfos","isPartOf":{"@id":"https:\/\/www.les-energies-renouvelables.eu\/article\/actualites\/#website"},"primaryImageOfPage":{"@id":"https:\/\/www.les-energies-renouvelables.eu\/article\/actualites\/energies\/solaire-et-elevage-retour-dexperience-sur-la-voliere-photovoltaique-du-loiret-601\/#primaryimage"},"image":{"@id":"https:\/\/www.les-energies-renouvelables.eu\/article\/actualites\/energies\/solaire-et-elevage-retour-dexperience-sur-la-voliere-photovoltaique-du-loiret-601\/#primaryimage"},"thumbnailUrl":"https:\/\/www.les-energies-renouvelables.eu\/article\/actualites\/wp-content\/uploads\/2026\/04\/actualites-solaire-et-elevage-retour-dexperience-sur-la-voliere-photovoltaique-du-loiret-agrivoltaisme-voliere-photovoltaique-loiret.jpg","datePublished":"2026-04-28T08:00:00+00:00","dateModified":"2026-04-28T19:00:59+00:00","description":"D\u00e9couvrez comment Unite a concili\u00e9 production d'\u00e9nergie solaire et \u00e9levage de faisans \u00e0 La Selle-en-Hermoy (45). Un projet record de 36,6 MWc illustrant les b\u00e9n\u00e9fices de l'agrivolta\u00efsme pour les territoires.","breadcrumb":{"@id":"https:\/\/www.les-energies-renouvelables.eu\/article\/actualites\/energies\/solaire-et-elevage-retour-dexperience-sur-la-voliere-photovoltaique-du-loiret-601\/#breadcrumb"},"inLanguage":"fr-FR","potentialAction":[{"@type":"ReadAction","target":["https:\/\/www.les-energies-renouvelables.eu\/article\/actualites\/energies\/solaire-et-elevage-retour-dexperience-sur-la-voliere-photovoltaique-du-loiret-601\/"]}]},{"@type":"ImageObject","inLanguage":"fr-FR","@id":"https:\/\/www.les-energies-renouvelables.eu\/article\/actualites\/energies\/solaire-et-elevage-retour-dexperience-sur-la-voliere-photovoltaique-du-loiret-601\/#primaryimage","url":"https:\/\/www.les-energies-renouvelables.eu\/article\/actualites\/wp-content\/uploads\/2026\/04\/actualites-solaire-et-elevage-retour-dexperience-sur-la-voliere-photovoltaique-du-loiret-agrivoltaisme-voliere-photovoltaique-loiret.jpg","contentUrl":"https:\/\/www.les-energies-renouvelables.eu\/article\/actualites\/wp-content\/uploads\/2026\/04\/actualites-solaire-et-elevage-retour-dexperience-sur-la-voliere-photovoltaique-du-loiret-agrivoltaisme-voliere-photovoltaique-loiret.jpg","width":1200,"height":675,"caption":"Photo de Vincent Delsuc: https:\/\/www.pexels.com\/fr-fr\/photo\/ciel-animal-herbe-mouton-9684128\/"},{"@type":"BreadcrumbList","@id":"https:\/\/www.les-energies-renouvelables.eu\/article\/actualites\/energies\/solaire-et-elevage-retour-dexperience-sur-la-voliere-photovoltaique-du-loiret-601\/#breadcrumb","itemListElement":[{"@type":"ListItem","position":1,"name":"Accueil","item":"https:\/\/www.les-energies-renouvelables.eu\/article\/actualites\/"},{"@type":"ListItem","position":2,"name":"Solaire et \u00e9levage : retour d&rsquo;exp\u00e9rience sur la voli\u00e8re photovolta\u00efque du Loiret"}]},{"@type":"WebSite","@id":"https:\/\/www.les-energies-renouvelables.eu\/article\/actualites\/#website","url":"https:\/\/www.les-energies-renouvelables.eu\/article\/actualites\/","name":"ECOinfos Energies renouvelables","description":"Le d\u00e9cryptage quotidien du secteur des \u00e9nergies renouvelables","publisher":{"@id":"https:\/\/www.les-energies-renouvelables.eu\/article\/actualites\/#organization"},"potentialAction":[{"@type":"SearchAction","target":{"@type":"EntryPoint","urlTemplate":"https:\/\/www.les-energies-renouvelables.eu\/article\/actualites\/?s={search_term_string}"},"query-input":{"@type":"PropertyValueSpecification","valueRequired":true,"valueName":"search_term_string"}}],"inLanguage":"fr-FR"},{"@type":"Organization","@id":"https:\/\/www.les-energies-renouvelables.eu\/article\/actualites\/#organization","name":"ECOinfos Energies renouvelables","url":"https:\/\/www.les-energies-renouvelables.eu\/article\/actualites\/","logo":{"@type":"ImageObject","inLanguage":"fr-FR","@id":"https:\/\/www.les-energies-renouvelables.eu\/article\/actualites\/#\/schema\/logo\/image\/","url":"https:\/\/www.les-energies-renouvelables.eu\/article\/actualites\/wp-content\/uploads\/2025\/11\/ecoinfos.eldorado-consulting.com-logo-logo.svg","contentUrl":"https:\/\/www.les-energies-renouvelables.eu\/article\/actualites\/wp-content\/uploads\/2025\/11\/ecoinfos.eldorado-consulting.com-logo-logo.svg","caption":"ECOinfos Energies renouvelables"},"image":{"@id":"https:\/\/www.les-energies-renouvelables.eu\/article\/actualites\/#\/schema\/logo\/image\/"},"sameAs":["https:\/\/www.facebook.com\/ecoannuaire.energierenouvelable\/","https:\/\/x.com\/ECOinfosENR","https:\/\/www.linkedin.com\/company\/ecoinfos-energies-renouvelables\/","https:\/\/www.youtube.com\/@ecoinfosenergies","https:\/\/share.google\/dyKHJPxAV42WhhjbM"]},{"@type":"Person","@id":"https:\/\/www.les-energies-renouvelables.eu\/article\/actualites\/#\/schema\/person\/2c7d09eb5ca339c12ca8d86145440169","name":"Alexia JACQUARD","pronouns":"elle\/elle","image":{"@type":"ImageObject","inLanguage":"fr-FR","@id":"https:\/\/www.les-energies-renouvelables.eu\/article\/actualites\/#\/schema\/person\/image\/","url":"https:\/\/www.les-energies-renouvelables.eu\/article\/actualites\/wp-content\/uploads\/2026\/01\/actualites-alexia-jacquard-alexia-jacquard-160x160.jpg","contentUrl":"https:\/\/www.les-energies-renouvelables.eu\/article\/actualites\/wp-content\/uploads\/2026\/01\/actualites-alexia-jacquard-alexia-jacquard-160x160.jpg","caption":"Alexia JACQUARD"},"description":"Curieuse de nature et attentif aux enjeux du d\u00e9veloppement durable, Alexia Jacquard suit l'actualit\u00e9 des \u00e9nergies renouvelables pour partager les derni\u00e8res nouveaut\u00e9s du secteur. Elle s'attache \u00e0 retranscrire simplement les informations cl\u00e9s et les initiatives positives qui marquent la transition \u00e9nerg\u00e9tique. Son objectif : proposer des articles d'actualit\u00e9 clairs et accessibles pour tous ceux qui s'int\u00e9ressent \u00e0 l'avenir de notre \u00e9nergie.","sameAs":["https:\/\/alexia-jacquard.fr","https:\/\/www.facebook.com\/tictacf2c\/","https:\/\/www.instagram.com\/alexia_redac\/","https:\/\/www.linkedin.com\/in\/alexia-jacquard-449a4b289\/","https:\/\/fr.pinterest.com\/alexiajacquard\/","https:\/\/x.com\/alexiajcrd","https:\/\/www.youtube.com\/@Thepaindemie","https:\/\/muckrack.com\/alexia-jacquard"],"url":"https:\/\/www.les-energies-renouvelables.eu\/article\/actualites\/author\/alexia-jacquard\/"}]}},"_links":{"self":[{"href":"https:\/\/www.les-energies-renouvelables.eu\/article\/actualites\/wp-json\/wp\/v2\/posts\/601","targetHints":{"allow":["GET"]}}],"collection":[{"href":"https:\/\/www.les-energies-renouvelables.eu\/article\/actualites\/wp-json\/wp\/v2\/posts"}],"about":[{"href":"https:\/\/www.les-energies-renouvelables.eu\/article\/actualites\/wp-json\/wp\/v2\/types\/post"}],"author":[{"embeddable":true,"href":"https:\/\/www.les-energies-renouvelables.eu\/article\/actualites\/wp-json\/wp\/v2\/users\/2"}],"replies":[{"embeddable":true,"href":"https:\/\/www.les-energies-renouvelables.eu\/article\/actualites\/wp-json\/wp\/v2\/comments?post=601"}],"version-history":[{"count":1,"href":"https:\/\/www.les-energies-renouvelables.eu\/article\/actualites\/wp-json\/wp\/v2\/posts\/601\/revisions"}],"predecessor-version":[{"id":602,"href":"https:\/\/www.les-energies-renouvelables.eu\/article\/actualites\/wp-json\/wp\/v2\/posts\/601\/revisions\/602"}],"wp:featuredmedia":[{"embeddable":true,"href":"https:\/\/www.les-energies-renouvelables.eu\/article\/actualites\/wp-json\/wp\/v2\/media\/606"}],"wp:attachment":[{"href":"https:\/\/www.les-energies-renouvelables.eu\/article\/actualites\/wp-json\/wp\/v2\/media?parent=601"}],"wp:term":[{"taxonomy":"category","embeddable":true,"href":"https:\/\/www.les-energies-renouvelables.eu\/article\/actualites\/wp-json\/wp\/v2\/categories?post=601"},{"taxonomy":"post_tag","embeddable":true,"href":"https:\/\/www.les-energies-renouvelables.eu\/article\/actualites\/wp-json\/wp\/v2\/tags?post=601"}],"curies":[{"name":"wp","href":"https:\/\/api.w.org\/{rel}","templated":true}]}}