{"id":597,"date":"2026-04-27T10:00:00","date_gmt":"2026-04-27T08:00:00","guid":{"rendered":"https:\/\/www.les-energies-renouvelables.eu\/article\/actualites\/?p=597"},"modified":"2026-04-26T21:25:41","modified_gmt":"2026-04-26T19:25:41","slug":"photovoltaique-comment-le-decret-de-2026-encadre-les-recours-pour-securiser-les-projets","status":"publish","type":"post","link":"https:\/\/www.les-energies-renouvelables.eu\/article\/actualites\/energies\/photovoltaique-comment-le-decret-de-2026-encadre-les-recours-pour-securiser-les-projets-597\/","title":{"rendered":"Photovolta\u00efque : comment le d\u00e9cret de 2026 encadre les recours pour s\u00e9curiser les projets"},"content":{"rendered":"\n<p>R\u00e9sum\u00e9 :&nbsp;<\/p>\n\n\n\n<ul class=\"wp-block-list\">\n<li><strong>Simplification du parcours judiciaire<\/strong> : Pour les installations de plus de 5 MW, les recours sont port\u00e9s directement devant la <strong>Cour Administrative d\u2019Appel<\/strong>, supprimant l&rsquo;\u00e9tape du Tribunal Administratif.<\/li>\n\n\n\n<li><strong>Encadrement des d\u00e9bats<\/strong> : Un m\u00e9canisme de <strong>\u00ab cristallisation \u00bb<\/strong> limite la possibilit\u00e9 d&rsquo;ajouter de nouveaux arguments juridiques en cours d&rsquo;instance.<\/li>\n\n\n\n<li><strong>Un horizon temporel indicatif<\/strong> : Les juridictions disposent d\u00e9sormais d&rsquo;un <strong>objectif de dix mois<\/strong> pour statuer sur ces dossiers strat\u00e9giques.<\/li>\n<\/ul>\n\n\n\n<p>Le d\u00e9veloppement de l&rsquo;\u00e9nergie solaire en France repose sur un \u00e9quilibre entre autorisations administratives et droit de contestation. Jusqu&rsquo;\u00e0 pr\u00e9sent, le parcours classique d&rsquo;un recours, du Tribunal Administratif jusqu&rsquo;au Conseil d&rsquo;\u00c9tat, pouvait, dans certaines configurations, allonger la dur\u00e9e de concr\u00e9tisation des dossiers.<\/p>\n\n\n\n<p>Pour un porteur de projet, cette attente a un impact concret. Selon l&rsquo;<strong>ADEME<\/strong>, le photovolta\u00efque est une fili\u00e8re \u00ab en plein essor, rapidement d\u00e9ployable \u00bb, mais cette agilit\u00e9 peut \u00eatre ralentie par la longueur des contentieux. Entre l&rsquo;obtention d&rsquo;une autorisation et les premiers travaux, l&rsquo;\u00e9volution des conditions de financement ou du prix des \u00e9quipements peut modifier l&rsquo;\u00e9quilibre \u00e9conomique d&rsquo;une op\u00e9ration. L&rsquo;enjeu de ce d\u00e9cret est donc de mettre les r\u00e8gles de proc\u00e9dure en coh\u00e9rence avec les besoins de d\u00e9veloppement des <strong>\u00e9nergies d\u00e9carbon\u00e9es<\/strong>.<\/p>\n\n\n\n<h2 class=\"wp-block-heading\">2026 : Ce qui change concr\u00e8tement au 1er juillet<\/h2>\n\n\n\n<p>Le nouveau texte, qui entrera en vigueur le <strong>1er juillet 2026<\/strong>, cible sp\u00e9cifiquement les projets environnementaux strat\u00e9giques. Voici les trois piliers de cette r\u00e9forme pour les installations d&rsquo;une puissance \u00e9gale ou sup\u00e9rieure \u00e0 <strong>5 MW<\/strong> :<\/p>\n\n\n\n<h4 class=\"wp-block-heading\">1. Le passage en \u00ab premier et dernier ressort \u00bb<\/h4>\n\n\n\n<p>Pour gagner en efficacit\u00e9, le d\u00e9cret modifie la comp\u00e9tence juridictionnelle. D\u00e9sormais, la <strong>Cour Administrative d&rsquo;Appel (CAA)<\/strong> devient la premi\u00e8re juridiction saisie pour juger le fond de l&rsquo;affaire. Cette mesure \u00e9vite une instance interm\u00e9diaire. Un pourvoi en cassation devant le <strong>Conseil d&rsquo;\u00c9tat<\/strong> reste possible : ce dernier contr\u00f4le la bonne application du droit par les juges d&rsquo;appel, sans toutefois rejuger le fond.<\/p>\n\n\n\n<h4 class=\"wp-block-heading\">2. L&rsquo;obligation de notification<\/h4>\n\n\n\n<p>Afin de renforcer la transparence, les tiers qui d\u00e9posent un recours doivent d\u00e9sormais en informer le b\u00e9n\u00e9ficiaire de la d\u00e9cision contest\u00e9e. Cette <strong>notification<\/strong> doit intervenir rapidement apr\u00e8s le d\u00e9p\u00f4t de la requ\u00eate. Cette mesure garantit une information officielle pr\u00e9coce, facilitant l&rsquo;anticipation du calendrier op\u00e9rationnel.<\/p>\n\n\n\n<h4 class=\"wp-block-heading\">3. La cristallisation des moyens<\/h4>\n\n\n\n<p>C\u2019est une r\u00e8gle technique visant \u00e0 stabiliser le d\u00e9bat juridique. Pour \u00e9viter que de nouveaux arguments ne soient introduits tardivement, le juge \u00ab cristallise \u00bb le dossier. Pass\u00e9 un d\u00e9lai de <strong>deux mois<\/strong> apr\u00e8s la communication du premier m\u00e9moire en d\u00e9fense, il n&rsquo;est plus possible de soulever de nouveaux moyens juridiques.<\/p>\n\n\n\n<h2 class=\"wp-block-heading\">Agrivolta\u00efsme et centrales au sol : le seuil des 5 MW<\/h2>\n\n\n\n<p>Le d\u00e9cret concentre ses effets sur les installations d&rsquo;une puissance \u00e9gale ou sup\u00e9rieure \u00e0 5 MW. Ce seuil correspond aux projets de taille significative qui contribuent aux objectifs de la <strong>Programmation Pluriannuelle de l&rsquo;\u00c9nergie (PPE)<\/strong>.<\/p>\n\n\n\n<p>\u00c0 titre d&rsquo;exemple, l&rsquo;ADEME estime qu&rsquo;une centrale au sol n\u00e9cessite entre 1 et 2 hectares par m\u00e9gawatt. Les <strong>projets concern\u00e9s<\/strong> couvrent donc g\u00e9n\u00e9ralement des surfaces de 5 \u00e0 10 hectares ou plus. L&rsquo;<strong>agrivolta\u00efsme<\/strong>, qui associe production agricole et \u00e9nergie solaire, est explicitement inclus dans ce dispositif. Pour ces dossiers mixtes, cette \u00e9volution apporte un \u00e9l\u00e9ment de visibilit\u00e9 suppl\u00e9mentaire lors de la s\u00e9curisation des investissements.<\/p>\n\n\n\n<h2 class=\"wp-block-heading\">L\u2019objectif des 10 mois : un cap pour les juridictions<\/h2>\n\n\n\n<p>Le d\u00e9cret fixe un objectif : les Cours Administratives d&rsquo;Appel doivent statuer dans un <strong>d\u00e9lai de dix mois<\/strong>. Il est important de pr\u00e9ciser que ce d\u00e9lai reste <strong>indicatif<\/strong>. Son d\u00e9passement n&rsquo;entra\u00eene pas de sanction juridique automatique.<\/p>\n\n\n\n<p>Cependant, ce cap temporel constitue un signal pour les acteurs du secteur, des \u00e9lus locaux aux partenaires financiers. Disposer d&rsquo;un horizon de d\u00e9cision mieux d\u00e9fini permet de limiter l&rsquo;incertitude qui p\u00e8se parfois sur la viabilit\u00e9 des installations de production d\u00e9carbon\u00e9e.<\/p>\n\n\n\n<h2 class=\"wp-block-heading\">Le mot d&rsquo;ECOinfos : Un \u00e9quilibre n\u00e9cessaire<\/h2>\n\n\n\n<p>Le <strong>d\u00e9cret n\u00b0 2026-302<\/strong> ne remet pas en cause le droit de recours, composante essentielle de la d\u00e9mocratie environnementale. L&rsquo;objectif est d&rsquo;\u00e9viter que la dur\u00e9e des proc\u00e9dures ne devienne un frein disproportionn\u00e9. En simplifiant les \u00e9tapes et en stabilisant les d\u00e9bats, le dispositif s&rsquo;adapte aux imp\u00e9ratifs de la transition \u00e9nerg\u00e9tique, tout en garantissant un examen s\u00e9rieux et plus encadr\u00e9 des contestations.<\/p>\n\n\n\n<h3 class=\"wp-block-heading\">Tableau r\u00e9capitulatif : Le contentieux avant et apr\u00e8s le d\u00e9cret<\/h3>\n\n\n\n<figure class=\"wp-block-table\"><table class=\"has-fixed-layout\"><tbody><tr><td><strong>Crit\u00e8re<\/strong><\/td><td><strong>Proc\u00e9dure classique (avant d\u00e9cret)<\/strong><\/td><td><strong>D\u00e8s le 1er juillet 2026<\/strong><\/td><\/tr><tr><td><strong>Instance de premier recours<\/strong><\/td><td>Tribunal Administratif<\/td><td><strong>Cour Administrative d&rsquo;Appel<\/strong><\/td><\/tr><tr><td><strong>Parcours de jugement<\/strong><\/td><td>2 instances (Tribunal puis Appel)<\/td><td><strong>Direct (CAA en premier et dernier ressort)<\/strong><\/td><\/tr><tr><td><strong>Cassation<\/strong><\/td><td>Possible (Conseil d&rsquo;\u00c9tat)<\/td><td><strong>Possible (Conseil d&rsquo;\u00c9tat)<\/strong><\/td><\/tr><tr><td><strong>Information du porteur<\/strong><\/td><td>Non syst\u00e9matique<\/td><td><strong>Obligatoire (notification rapide)<\/strong><\/td><\/tr><tr><td><strong>Ajout de nouveaux arguments<\/strong><\/td><td>Moins encadr\u00e9 dans le temps<\/td><td><strong>Limit\u00e9 (cristallisation apr\u00e8s 2 mois)<\/strong><\/td><\/tr><tr><td><strong>D\u00e9lai de jugement vis\u00e9<\/strong><\/td><td>Non sp\u00e9cifi\u00e9<\/td><td><strong>10 mois (indicatif)<\/strong><\/td><\/tr><tr><td><strong>Champ concern\u00e9<\/strong><\/td><td>Proc\u00e9dure classique selon les cas<\/td><td><strong>Installations photovolta\u00efques et agrivolta\u00efques \u2265 5 MW<\/strong><\/td><\/tr><\/tbody><\/table><\/figure>\n","protected":false},"excerpt":{"rendered":"","protected":false},"author":2,"featured_media":599,"comment_status":"closed","ping_status":"closed","sticky":false,"template":"","format":"standard","meta":{"footnotes":""},"categories":[1],"tags":[],"class_list":["post-597","post","type-post","status-publish","format-standard","has-post-thumbnail","hentry","category-energies","masonry-post","generate-columns","tablet-grid-50","mobile-grid-100","grid-parent","grid-33"],"yoast_head":"<!-- This site is optimized with the Yoast SEO plugin v26.6 - https:\/\/yoast.com\/wordpress\/plugins\/seo\/ -->\n<title>Photovolta\u00efque : comment le d\u00e9cret de 2026 encadre les recours pour s\u00e9curiser les projets - ECOinfos<\/title>\n<meta name=\"description\" content=\"D\u00e9couvrez comment le d\u00e9cret n\u00b0 2026-302 simplifie les recours juridiques pour les projets photovolta\u00efques de plus de 5 MW. Analyse des nouveaux d\u00e9lais et de la cristallisation des moyens pour acc\u00e9l\u00e9rer la transition \u00e9nerg\u00e9tique.\" \/>\n<meta name=\"robots\" content=\"index, follow, max-snippet:-1, max-image-preview:large, max-video-preview:-1\" \/>\n<link rel=\"canonical\" href=\"https:\/\/www.les-energies-renouvelables.eu\/article\/actualites\/energies\/photovoltaique-comment-le-decret-de-2026-encadre-les-recours-pour-securiser-les-projets-597\/\" \/>\n<meta property=\"og:locale\" content=\"fr_FR\" \/>\n<meta property=\"og:type\" content=\"article\" \/>\n<meta property=\"og:title\" content=\"Photovolta\u00efque : comment le d\u00e9cret de 2026 encadre les recours pour s\u00e9curiser les projets - ECOinfos\" \/>\n<meta property=\"og:description\" content=\"D\u00e9couvrez comment le d\u00e9cret n\u00b0 2026-302 simplifie les recours juridiques pour les projets photovolta\u00efques de plus de 5 MW. Analyse des nouveaux d\u00e9lais et de la cristallisation des moyens pour acc\u00e9l\u00e9rer la transition \u00e9nerg\u00e9tique.\" \/>\n<meta property=\"og:url\" content=\"https:\/\/www.les-energies-renouvelables.eu\/article\/actualites\/energies\/photovoltaique-comment-le-decret-de-2026-encadre-les-recours-pour-securiser-les-projets-597\/\" \/>\n<meta property=\"og:site_name\" content=\"ECOinfos Energies renouvelables\" \/>\n<meta property=\"article:publisher\" content=\"https:\/\/www.facebook.com\/ecoannuaire.energierenouvelable\/\" \/>\n<meta property=\"article:author\" content=\"https:\/\/www.facebook.com\/tictacf2c\/\" \/>\n<meta property=\"article:published_time\" content=\"2026-04-27T08:00:00+00:00\" \/>\n<meta property=\"og:image\" content=\"https:\/\/www.les-energies-renouvelables.eu\/article\/actualites\/wp-content\/uploads\/2026\/04\/actualites-photovoltaique-comment-le-decret-de-2026-encadre-les-recours-pour-securiser-les-projets-decret-acceleration-photovoltaique-2026.jpg\" \/>\n\t<meta property=\"og:image:width\" content=\"1200\" \/>\n\t<meta property=\"og:image:height\" content=\"675\" \/>\n\t<meta property=\"og:image:type\" content=\"image\/jpeg\" \/>\n<meta name=\"author\" content=\"Alexia JACQUARD\" \/>\n<meta name=\"twitter:card\" content=\"summary_large_image\" \/>\n<meta name=\"twitter:creator\" content=\"@alexiajcrd\" \/>\n<meta name=\"twitter:site\" content=\"@ECOinfosENR\" \/>\n<meta name=\"twitter:label1\" content=\"\u00c9crit par\" \/>\n\t<meta name=\"twitter:data1\" content=\"Alexia JACQUARD\" \/>\n\t<meta name=\"twitter:label2\" content=\"Dur\u00e9e de lecture estim\u00e9e\" \/>\n\t<meta name=\"twitter:data2\" content=\"5 minutes\" \/>\n<script type=\"application\/ld+json\" class=\"yoast-schema-graph\">{\"@context\":\"https:\/\/schema.org\",\"@graph\":[{\"@type\":\"Article\",\"@id\":\"https:\/\/www.les-energies-renouvelables.eu\/article\/actualites\/energies\/photovoltaique-comment-le-decret-de-2026-encadre-les-recours-pour-securiser-les-projets-597\/#article\",\"isPartOf\":{\"@id\":\"https:\/\/www.les-energies-renouvelables.eu\/article\/actualites\/energies\/photovoltaique-comment-le-decret-de-2026-encadre-les-recours-pour-securiser-les-projets-597\/\"},\"author\":{\"name\":\"Alexia JACQUARD\",\"@id\":\"https:\/\/www.les-energies-renouvelables.eu\/article\/actualites\/#\/schema\/person\/2c7d09eb5ca339c12ca8d86145440169\"},\"headline\":\"Photovolta\u00efque : comment le d\u00e9cret de 2026 encadre les recours pour s\u00e9curiser les projets\",\"datePublished\":\"2026-04-27T08:00:00+00:00\",\"mainEntityOfPage\":{\"@id\":\"https:\/\/www.les-energies-renouvelables.eu\/article\/actualites\/energies\/photovoltaique-comment-le-decret-de-2026-encadre-les-recours-pour-securiser-les-projets-597\/\"},\"wordCount\":885,\"publisher\":{\"@id\":\"https:\/\/www.les-energies-renouvelables.eu\/article\/actualites\/#organization\"},\"image\":{\"@id\":\"https:\/\/www.les-energies-renouvelables.eu\/article\/actualites\/energies\/photovoltaique-comment-le-decret-de-2026-encadre-les-recours-pour-securiser-les-projets-597\/#primaryimage\"},\"thumbnailUrl\":\"https:\/\/www.les-energies-renouvelables.eu\/article\/actualites\/wp-content\/uploads\/2026\/04\/actualites-photovoltaique-comment-le-decret-de-2026-encadre-les-recours-pour-securiser-les-projets-decret-acceleration-photovoltaique-2026.jpg\",\"articleSection\":[\"\u00c9nergies\"],\"inLanguage\":\"fr-FR\"},{\"@type\":\"WebPage\",\"@id\":\"https:\/\/www.les-energies-renouvelables.eu\/article\/actualites\/energies\/photovoltaique-comment-le-decret-de-2026-encadre-les-recours-pour-securiser-les-projets-597\/\",\"url\":\"https:\/\/www.les-energies-renouvelables.eu\/article\/actualites\/energies\/photovoltaique-comment-le-decret-de-2026-encadre-les-recours-pour-securiser-les-projets-597\/\",\"name\":\"Photovolta\u00efque : comment le d\u00e9cret de 2026 encadre les recours pour s\u00e9curiser les projets - ECOinfos\",\"isPartOf\":{\"@id\":\"https:\/\/www.les-energies-renouvelables.eu\/article\/actualites\/#website\"},\"primaryImageOfPage\":{\"@id\":\"https:\/\/www.les-energies-renouvelables.eu\/article\/actualites\/energies\/photovoltaique-comment-le-decret-de-2026-encadre-les-recours-pour-securiser-les-projets-597\/#primaryimage\"},\"image\":{\"@id\":\"https:\/\/www.les-energies-renouvelables.eu\/article\/actualites\/energies\/photovoltaique-comment-le-decret-de-2026-encadre-les-recours-pour-securiser-les-projets-597\/#primaryimage\"},\"thumbnailUrl\":\"https:\/\/www.les-energies-renouvelables.eu\/article\/actualites\/wp-content\/uploads\/2026\/04\/actualites-photovoltaique-comment-le-decret-de-2026-encadre-les-recours-pour-securiser-les-projets-decret-acceleration-photovoltaique-2026.jpg\",\"datePublished\":\"2026-04-27T08:00:00+00:00\",\"description\":\"D\u00e9couvrez comment le d\u00e9cret n\u00b0 2026-302 simplifie les recours juridiques pour les projets photovolta\u00efques de plus de 5 MW. Analyse des nouveaux d\u00e9lais et de la cristallisation des moyens pour acc\u00e9l\u00e9rer la transition \u00e9nerg\u00e9tique.\",\"breadcrumb\":{\"@id\":\"https:\/\/www.les-energies-renouvelables.eu\/article\/actualites\/energies\/photovoltaique-comment-le-decret-de-2026-encadre-les-recours-pour-securiser-les-projets-597\/#breadcrumb\"},\"inLanguage\":\"fr-FR\",\"potentialAction\":[{\"@type\":\"ReadAction\",\"target\":[\"https:\/\/www.les-energies-renouvelables.eu\/article\/actualites\/energies\/photovoltaique-comment-le-decret-de-2026-encadre-les-recours-pour-securiser-les-projets-597\/\"]}]},{\"@type\":\"ImageObject\",\"inLanguage\":\"fr-FR\",\"@id\":\"https:\/\/www.les-energies-renouvelables.eu\/article\/actualites\/energies\/photovoltaique-comment-le-decret-de-2026-encadre-les-recours-pour-securiser-les-projets-597\/#primaryimage\",\"url\":\"https:\/\/www.les-energies-renouvelables.eu\/article\/actualites\/wp-content\/uploads\/2026\/04\/actualites-photovoltaique-comment-le-decret-de-2026-encadre-les-recours-pour-securiser-les-projets-decret-acceleration-photovoltaique-2026.jpg\",\"contentUrl\":\"https:\/\/www.les-energies-renouvelables.eu\/article\/actualites\/wp-content\/uploads\/2026\/04\/actualites-photovoltaique-comment-le-decret-de-2026-encadre-les-recours-pour-securiser-les-projets-decret-acceleration-photovoltaique-2026.jpg\",\"width\":1200,\"height\":675,\"caption\":\"Photo de Markus Spiske: https:\/\/www.pexels.com\/fr-fr\/photo\/industrie-herbe-technologie-energie-renouvelable-11145690\/\"},{\"@type\":\"BreadcrumbList\",\"@id\":\"https:\/\/www.les-energies-renouvelables.eu\/article\/actualites\/energies\/photovoltaique-comment-le-decret-de-2026-encadre-les-recours-pour-securiser-les-projets-597\/#breadcrumb\",\"itemListElement\":[{\"@type\":\"ListItem\",\"position\":1,\"name\":\"Accueil\",\"item\":\"https:\/\/www.les-energies-renouvelables.eu\/article\/actualites\/\"},{\"@type\":\"ListItem\",\"position\":2,\"name\":\"Photovolta\u00efque : comment le d\u00e9cret de 2026 encadre les recours pour s\u00e9curiser les projets\"}]},{\"@type\":\"WebSite\",\"@id\":\"https:\/\/www.les-energies-renouvelables.eu\/article\/actualites\/#website\",\"url\":\"https:\/\/www.les-energies-renouvelables.eu\/article\/actualites\/\",\"name\":\"ECOinfos Energies renouvelables\",\"description\":\"Le d\u00e9cryptage quotidien du secteur des \u00e9nergies renouvelables\",\"publisher\":{\"@id\":\"https:\/\/www.les-energies-renouvelables.eu\/article\/actualites\/#organization\"},\"potentialAction\":[{\"@type\":\"SearchAction\",\"target\":{\"@type\":\"EntryPoint\",\"urlTemplate\":\"https:\/\/www.les-energies-renouvelables.eu\/article\/actualites\/?s={search_term_string}\"},\"query-input\":{\"@type\":\"PropertyValueSpecification\",\"valueRequired\":true,\"valueName\":\"search_term_string\"}}],\"inLanguage\":\"fr-FR\"},{\"@type\":\"Organization\",\"@id\":\"https:\/\/www.les-energies-renouvelables.eu\/article\/actualites\/#organization\",\"name\":\"ECOinfos Energies renouvelables\",\"url\":\"https:\/\/www.les-energies-renouvelables.eu\/article\/actualites\/\",\"logo\":{\"@type\":\"ImageObject\",\"inLanguage\":\"fr-FR\",\"@id\":\"https:\/\/www.les-energies-renouvelables.eu\/article\/actualites\/#\/schema\/logo\/image\/\",\"url\":\"https:\/\/www.les-energies-renouvelables.eu\/article\/actualites\/wp-content\/uploads\/2025\/11\/ecoinfos.eldorado-consulting.com-logo-logo.svg\",\"contentUrl\":\"https:\/\/www.les-energies-renouvelables.eu\/article\/actualites\/wp-content\/uploads\/2025\/11\/ecoinfos.eldorado-consulting.com-logo-logo.svg\",\"caption\":\"ECOinfos Energies renouvelables\"},\"image\":{\"@id\":\"https:\/\/www.les-energies-renouvelables.eu\/article\/actualites\/#\/schema\/logo\/image\/\"},\"sameAs\":[\"https:\/\/www.facebook.com\/ecoannuaire.energierenouvelable\/\",\"https:\/\/x.com\/ECOinfosENR\",\"https:\/\/www.linkedin.com\/company\/ecoinfos-energies-renouvelables\/\",\"https:\/\/www.youtube.com\/@ecoinfosenergies\",\"https:\/\/share.google\/dyKHJPxAV42WhhjbM\"]},{\"@type\":\"Person\",\"@id\":\"https:\/\/www.les-energies-renouvelables.eu\/article\/actualites\/#\/schema\/person\/2c7d09eb5ca339c12ca8d86145440169\",\"name\":\"Alexia JACQUARD\",\"pronouns\":\"elle\/elle\",\"image\":{\"@type\":\"ImageObject\",\"inLanguage\":\"fr-FR\",\"@id\":\"https:\/\/www.les-energies-renouvelables.eu\/article\/actualites\/#\/schema\/person\/image\/\",\"url\":\"https:\/\/www.les-energies-renouvelables.eu\/article\/actualites\/wp-content\/uploads\/2026\/01\/actualites-alexia-jacquard-alexia-jacquard-160x160.jpg\",\"contentUrl\":\"https:\/\/www.les-energies-renouvelables.eu\/article\/actualites\/wp-content\/uploads\/2026\/01\/actualites-alexia-jacquard-alexia-jacquard-160x160.jpg\",\"caption\":\"Alexia JACQUARD\"},\"description\":\"Curieuse de nature et attentif aux enjeux du d\u00e9veloppement durable, Alexia Jacquard suit l'actualit\u00e9 des \u00e9nergies renouvelables pour partager les derni\u00e8res nouveaut\u00e9s du secteur. Elle s'attache \u00e0 retranscrire simplement les informations cl\u00e9s et les initiatives positives qui marquent la transition \u00e9nerg\u00e9tique. Son objectif : proposer des articles d'actualit\u00e9 clairs et accessibles pour tous ceux qui s'int\u00e9ressent \u00e0 l'avenir de notre \u00e9nergie.\",\"sameAs\":[\"https:\/\/alexia-jacquard.fr\",\"https:\/\/www.facebook.com\/tictacf2c\/\",\"https:\/\/www.instagram.com\/alexia_redac\/\",\"https:\/\/www.linkedin.com\/in\/alexia-jacquard-449a4b289\/\",\"https:\/\/fr.pinterest.com\/alexiajacquard\/\",\"https:\/\/x.com\/alexiajcrd\",\"https:\/\/www.youtube.com\/@Thepaindemie\",\"https:\/\/muckrack.com\/alexia-jacquard\"],\"url\":\"https:\/\/www.les-energies-renouvelables.eu\/article\/actualites\/author\/alexia-jacquard\/\"}]}<\/script>\n<!-- \/ Yoast SEO plugin. -->","yoast_head_json":{"title":"Photovolta\u00efque : comment le d\u00e9cret de 2026 encadre les recours pour s\u00e9curiser les projets - ECOinfos","description":"D\u00e9couvrez comment le d\u00e9cret n\u00b0 2026-302 simplifie les recours juridiques pour les projets photovolta\u00efques de plus de 5 MW. Analyse des nouveaux d\u00e9lais et de la cristallisation des moyens pour acc\u00e9l\u00e9rer la transition \u00e9nerg\u00e9tique.","robots":{"index":"index","follow":"follow","max-snippet":"max-snippet:-1","max-image-preview":"max-image-preview:large","max-video-preview":"max-video-preview:-1"},"canonical":"https:\/\/www.les-energies-renouvelables.eu\/article\/actualites\/energies\/photovoltaique-comment-le-decret-de-2026-encadre-les-recours-pour-securiser-les-projets-597\/","og_locale":"fr_FR","og_type":"article","og_title":"Photovolta\u00efque : comment le d\u00e9cret de 2026 encadre les recours pour s\u00e9curiser les projets - ECOinfos","og_description":"D\u00e9couvrez comment le d\u00e9cret n\u00b0 2026-302 simplifie les recours juridiques pour les projets photovolta\u00efques de plus de 5 MW. Analyse des nouveaux d\u00e9lais et de la cristallisation des moyens pour acc\u00e9l\u00e9rer la transition \u00e9nerg\u00e9tique.","og_url":"https:\/\/www.les-energies-renouvelables.eu\/article\/actualites\/energies\/photovoltaique-comment-le-decret-de-2026-encadre-les-recours-pour-securiser-les-projets-597\/","og_site_name":"ECOinfos Energies renouvelables","article_publisher":"https:\/\/www.facebook.com\/ecoannuaire.energierenouvelable\/","article_author":"https:\/\/www.facebook.com\/tictacf2c\/","article_published_time":"2026-04-27T08:00:00+00:00","og_image":[{"width":1200,"height":675,"url":"https:\/\/www.les-energies-renouvelables.eu\/article\/actualites\/wp-content\/uploads\/2026\/04\/actualites-photovoltaique-comment-le-decret-de-2026-encadre-les-recours-pour-securiser-les-projets-decret-acceleration-photovoltaique-2026.jpg","type":"image\/jpeg"}],"author":"Alexia JACQUARD","twitter_card":"summary_large_image","twitter_creator":"@alexiajcrd","twitter_site":"@ECOinfosENR","twitter_misc":{"\u00c9crit par":"Alexia JACQUARD","Dur\u00e9e de lecture estim\u00e9e":"5 minutes"},"schema":{"@context":"https:\/\/schema.org","@graph":[{"@type":"Article","@id":"https:\/\/www.les-energies-renouvelables.eu\/article\/actualites\/energies\/photovoltaique-comment-le-decret-de-2026-encadre-les-recours-pour-securiser-les-projets-597\/#article","isPartOf":{"@id":"https:\/\/www.les-energies-renouvelables.eu\/article\/actualites\/energies\/photovoltaique-comment-le-decret-de-2026-encadre-les-recours-pour-securiser-les-projets-597\/"},"author":{"name":"Alexia JACQUARD","@id":"https:\/\/www.les-energies-renouvelables.eu\/article\/actualites\/#\/schema\/person\/2c7d09eb5ca339c12ca8d86145440169"},"headline":"Photovolta\u00efque : comment le d\u00e9cret de 2026 encadre les recours pour s\u00e9curiser les projets","datePublished":"2026-04-27T08:00:00+00:00","mainEntityOfPage":{"@id":"https:\/\/www.les-energies-renouvelables.eu\/article\/actualites\/energies\/photovoltaique-comment-le-decret-de-2026-encadre-les-recours-pour-securiser-les-projets-597\/"},"wordCount":885,"publisher":{"@id":"https:\/\/www.les-energies-renouvelables.eu\/article\/actualites\/#organization"},"image":{"@id":"https:\/\/www.les-energies-renouvelables.eu\/article\/actualites\/energies\/photovoltaique-comment-le-decret-de-2026-encadre-les-recours-pour-securiser-les-projets-597\/#primaryimage"},"thumbnailUrl":"https:\/\/www.les-energies-renouvelables.eu\/article\/actualites\/wp-content\/uploads\/2026\/04\/actualites-photovoltaique-comment-le-decret-de-2026-encadre-les-recours-pour-securiser-les-projets-decret-acceleration-photovoltaique-2026.jpg","articleSection":["\u00c9nergies"],"inLanguage":"fr-FR"},{"@type":"WebPage","@id":"https:\/\/www.les-energies-renouvelables.eu\/article\/actualites\/energies\/photovoltaique-comment-le-decret-de-2026-encadre-les-recours-pour-securiser-les-projets-597\/","url":"https:\/\/www.les-energies-renouvelables.eu\/article\/actualites\/energies\/photovoltaique-comment-le-decret-de-2026-encadre-les-recours-pour-securiser-les-projets-597\/","name":"Photovolta\u00efque : comment le d\u00e9cret de 2026 encadre les recours pour s\u00e9curiser les projets - ECOinfos","isPartOf":{"@id":"https:\/\/www.les-energies-renouvelables.eu\/article\/actualites\/#website"},"primaryImageOfPage":{"@id":"https:\/\/www.les-energies-renouvelables.eu\/article\/actualites\/energies\/photovoltaique-comment-le-decret-de-2026-encadre-les-recours-pour-securiser-les-projets-597\/#primaryimage"},"image":{"@id":"https:\/\/www.les-energies-renouvelables.eu\/article\/actualites\/energies\/photovoltaique-comment-le-decret-de-2026-encadre-les-recours-pour-securiser-les-projets-597\/#primaryimage"},"thumbnailUrl":"https:\/\/www.les-energies-renouvelables.eu\/article\/actualites\/wp-content\/uploads\/2026\/04\/actualites-photovoltaique-comment-le-decret-de-2026-encadre-les-recours-pour-securiser-les-projets-decret-acceleration-photovoltaique-2026.jpg","datePublished":"2026-04-27T08:00:00+00:00","description":"D\u00e9couvrez comment le d\u00e9cret n\u00b0 2026-302 simplifie les recours juridiques pour les projets photovolta\u00efques de plus de 5 MW. Analyse des nouveaux d\u00e9lais et de la cristallisation des moyens pour acc\u00e9l\u00e9rer la transition \u00e9nerg\u00e9tique.","breadcrumb":{"@id":"https:\/\/www.les-energies-renouvelables.eu\/article\/actualites\/energies\/photovoltaique-comment-le-decret-de-2026-encadre-les-recours-pour-securiser-les-projets-597\/#breadcrumb"},"inLanguage":"fr-FR","potentialAction":[{"@type":"ReadAction","target":["https:\/\/www.les-energies-renouvelables.eu\/article\/actualites\/energies\/photovoltaique-comment-le-decret-de-2026-encadre-les-recours-pour-securiser-les-projets-597\/"]}]},{"@type":"ImageObject","inLanguage":"fr-FR","@id":"https:\/\/www.les-energies-renouvelables.eu\/article\/actualites\/energies\/photovoltaique-comment-le-decret-de-2026-encadre-les-recours-pour-securiser-les-projets-597\/#primaryimage","url":"https:\/\/www.les-energies-renouvelables.eu\/article\/actualites\/wp-content\/uploads\/2026\/04\/actualites-photovoltaique-comment-le-decret-de-2026-encadre-les-recours-pour-securiser-les-projets-decret-acceleration-photovoltaique-2026.jpg","contentUrl":"https:\/\/www.les-energies-renouvelables.eu\/article\/actualites\/wp-content\/uploads\/2026\/04\/actualites-photovoltaique-comment-le-decret-de-2026-encadre-les-recours-pour-securiser-les-projets-decret-acceleration-photovoltaique-2026.jpg","width":1200,"height":675,"caption":"Photo de Markus Spiske: https:\/\/www.pexels.com\/fr-fr\/photo\/industrie-herbe-technologie-energie-renouvelable-11145690\/"},{"@type":"BreadcrumbList","@id":"https:\/\/www.les-energies-renouvelables.eu\/article\/actualites\/energies\/photovoltaique-comment-le-decret-de-2026-encadre-les-recours-pour-securiser-les-projets-597\/#breadcrumb","itemListElement":[{"@type":"ListItem","position":1,"name":"Accueil","item":"https:\/\/www.les-energies-renouvelables.eu\/article\/actualites\/"},{"@type":"ListItem","position":2,"name":"Photovolta\u00efque : comment le d\u00e9cret de 2026 encadre les recours pour s\u00e9curiser les projets"}]},{"@type":"WebSite","@id":"https:\/\/www.les-energies-renouvelables.eu\/article\/actualites\/#website","url":"https:\/\/www.les-energies-renouvelables.eu\/article\/actualites\/","name":"ECOinfos Energies renouvelables","description":"Le d\u00e9cryptage quotidien du secteur des \u00e9nergies renouvelables","publisher":{"@id":"https:\/\/www.les-energies-renouvelables.eu\/article\/actualites\/#organization"},"potentialAction":[{"@type":"SearchAction","target":{"@type":"EntryPoint","urlTemplate":"https:\/\/www.les-energies-renouvelables.eu\/article\/actualites\/?s={search_term_string}"},"query-input":{"@type":"PropertyValueSpecification","valueRequired":true,"valueName":"search_term_string"}}],"inLanguage":"fr-FR"},{"@type":"Organization","@id":"https:\/\/www.les-energies-renouvelables.eu\/article\/actualites\/#organization","name":"ECOinfos Energies renouvelables","url":"https:\/\/www.les-energies-renouvelables.eu\/article\/actualites\/","logo":{"@type":"ImageObject","inLanguage":"fr-FR","@id":"https:\/\/www.les-energies-renouvelables.eu\/article\/actualites\/#\/schema\/logo\/image\/","url":"https:\/\/www.les-energies-renouvelables.eu\/article\/actualites\/wp-content\/uploads\/2025\/11\/ecoinfos.eldorado-consulting.com-logo-logo.svg","contentUrl":"https:\/\/www.les-energies-renouvelables.eu\/article\/actualites\/wp-content\/uploads\/2025\/11\/ecoinfos.eldorado-consulting.com-logo-logo.svg","caption":"ECOinfos Energies renouvelables"},"image":{"@id":"https:\/\/www.les-energies-renouvelables.eu\/article\/actualites\/#\/schema\/logo\/image\/"},"sameAs":["https:\/\/www.facebook.com\/ecoannuaire.energierenouvelable\/","https:\/\/x.com\/ECOinfosENR","https:\/\/www.linkedin.com\/company\/ecoinfos-energies-renouvelables\/","https:\/\/www.youtube.com\/@ecoinfosenergies","https:\/\/share.google\/dyKHJPxAV42WhhjbM"]},{"@type":"Person","@id":"https:\/\/www.les-energies-renouvelables.eu\/article\/actualites\/#\/schema\/person\/2c7d09eb5ca339c12ca8d86145440169","name":"Alexia JACQUARD","pronouns":"elle\/elle","image":{"@type":"ImageObject","inLanguage":"fr-FR","@id":"https:\/\/www.les-energies-renouvelables.eu\/article\/actualites\/#\/schema\/person\/image\/","url":"https:\/\/www.les-energies-renouvelables.eu\/article\/actualites\/wp-content\/uploads\/2026\/01\/actualites-alexia-jacquard-alexia-jacquard-160x160.jpg","contentUrl":"https:\/\/www.les-energies-renouvelables.eu\/article\/actualites\/wp-content\/uploads\/2026\/01\/actualites-alexia-jacquard-alexia-jacquard-160x160.jpg","caption":"Alexia JACQUARD"},"description":"Curieuse de nature et attentif aux enjeux du d\u00e9veloppement durable, Alexia Jacquard suit l'actualit\u00e9 des \u00e9nergies renouvelables pour partager les derni\u00e8res nouveaut\u00e9s du secteur. Elle s'attache \u00e0 retranscrire simplement les informations cl\u00e9s et les initiatives positives qui marquent la transition \u00e9nerg\u00e9tique. Son objectif : proposer des articles d'actualit\u00e9 clairs et accessibles pour tous ceux qui s'int\u00e9ressent \u00e0 l'avenir de notre \u00e9nergie.","sameAs":["https:\/\/alexia-jacquard.fr","https:\/\/www.facebook.com\/tictacf2c\/","https:\/\/www.instagram.com\/alexia_redac\/","https:\/\/www.linkedin.com\/in\/alexia-jacquard-449a4b289\/","https:\/\/fr.pinterest.com\/alexiajacquard\/","https:\/\/x.com\/alexiajcrd","https:\/\/www.youtube.com\/@Thepaindemie","https:\/\/muckrack.com\/alexia-jacquard"],"url":"https:\/\/www.les-energies-renouvelables.eu\/article\/actualites\/author\/alexia-jacquard\/"}]}},"_links":{"self":[{"href":"https:\/\/www.les-energies-renouvelables.eu\/article\/actualites\/wp-json\/wp\/v2\/posts\/597","targetHints":{"allow":["GET"]}}],"collection":[{"href":"https:\/\/www.les-energies-renouvelables.eu\/article\/actualites\/wp-json\/wp\/v2\/posts"}],"about":[{"href":"https:\/\/www.les-energies-renouvelables.eu\/article\/actualites\/wp-json\/wp\/v2\/types\/post"}],"author":[{"embeddable":true,"href":"https:\/\/www.les-energies-renouvelables.eu\/article\/actualites\/wp-json\/wp\/v2\/users\/2"}],"replies":[{"embeddable":true,"href":"https:\/\/www.les-energies-renouvelables.eu\/article\/actualites\/wp-json\/wp\/v2\/comments?post=597"}],"version-history":[{"count":2,"href":"https:\/\/www.les-energies-renouvelables.eu\/article\/actualites\/wp-json\/wp\/v2\/posts\/597\/revisions"}],"predecessor-version":[{"id":600,"href":"https:\/\/www.les-energies-renouvelables.eu\/article\/actualites\/wp-json\/wp\/v2\/posts\/597\/revisions\/600"}],"wp:featuredmedia":[{"embeddable":true,"href":"https:\/\/www.les-energies-renouvelables.eu\/article\/actualites\/wp-json\/wp\/v2\/media\/599"}],"wp:attachment":[{"href":"https:\/\/www.les-energies-renouvelables.eu\/article\/actualites\/wp-json\/wp\/v2\/media?parent=597"}],"wp:term":[{"taxonomy":"category","embeddable":true,"href":"https:\/\/www.les-energies-renouvelables.eu\/article\/actualites\/wp-json\/wp\/v2\/categories?post=597"},{"taxonomy":"post_tag","embeddable":true,"href":"https:\/\/www.les-energies-renouvelables.eu\/article\/actualites\/wp-json\/wp\/v2\/tags?post=597"}],"curies":[{"name":"wp","href":"https:\/\/api.w.org\/{rel}","templated":true}]}}