{"id":594,"date":"2026-04-26T10:00:00","date_gmt":"2026-04-26T08:00:00","guid":{"rendered":"https:\/\/www.les-energies-renouvelables.eu\/article\/actualites\/?p=594"},"modified":"2026-04-26T15:07:38","modified_gmt":"2026-04-26T13:07:38","slug":"solaire-comment-lorganisation-des-entreprises-soutient-lessor-du-photovoltaique","status":"publish","type":"post","link":"https:\/\/www.les-energies-renouvelables.eu\/article\/actualites\/energies\/solaire-comment-lorganisation-des-entreprises-soutient-lessor-du-photovoltaique-594\/","title":{"rendered":"Solaire : comment l\u2019organisation des entreprises soutient l\u2019essor du photovolta\u00efque"},"content":{"rendered":"\n<p>R\u00e9sum\u00e9 :&nbsp;<\/p>\n\n\n\n<ul class=\"wp-block-list\">\n<li><strong>Maturit\u00e9 du secteur :<\/strong> Le march\u00e9 s&rsquo;organise pour passer d&rsquo;un mod\u00e8le local \u00e0 un changement d&rsquo;\u00e9chelle industriel.<\/li>\n\n\n\n<li><strong>Capacit\u00e9 op\u00e9rationnelle :<\/strong> Se regrouper permet de g\u00e9rer des projets plus complexes et volumineux.<\/li>\n\n\n\n<li><strong>Levier financier :<\/strong> Une assise robuste facilite l&rsquo;acc\u00e8s \u00e0 des <strong>financements comp\u00e9titifs<\/strong>.<\/li>\n\n\n\n<li><strong>Souverainet\u00e9 \u00e9nerg\u00e9tique :<\/strong> Des acteurs mieux coordonn\u00e9s soutiennent l&rsquo;ind\u00e9pendance \u00e9lectrique de la France.<\/li>\n\n\n\n<li><strong>Suivi long terme :<\/strong> La p\u00e9rennit\u00e9 des entreprises favorise le maintien des <strong>installations photovolta\u00efques<\/strong> sur 25 ans.<\/li>\n<\/ul>\n\n\n\n<p>Le paysage photovolta\u00efque fran\u00e7ais \u00e9volue. Si les installateurs de proximit\u00e9 restent essentiels, on observe l&rsquo;\u00e9mergence de groupes \u00e0 l&rsquo;assise nationale. \u00c0 travers certaines op\u00e9rations de <strong>consolidation<\/strong>, le secteur gagne en organisation. Cette mutation r\u00e9pond \u00e0 un besoin de coordination pour tenir les engagements climatiques de la France et g\u00e9rer la hausse des demandes de <strong>raccordement au r\u00e9seau<\/strong>.<\/p>\n\n\n\n<h2 class=\"wp-block-heading\"><strong>Un changement d&rsquo;\u00e9chelle : l&rsquo;exemple de la consolidation<\/strong>&nbsp;<\/h2>\n\n\n\n<p>Pendant sa phase d&rsquo;\u00e9mergence, le march\u00e9 solaire a repos\u00e9 sur une multitude d&rsquo;unit\u00e9s sp\u00e9cialis\u00e9es. Aujourd&rsquo;hui, pour r\u00e9pondre \u00e0 une demande de masse, certains acteurs font le choix de l&rsquo;<strong>int\u00e9gration<\/strong>.<\/p>\n\n\n\n<p>L\u2019op\u00e9ration finalis\u00e9e le <strong>1er avril 2026<\/strong> entre ECE Photovolta\u00efque et le groupe \u00e9vole \u00e9nergies illustre cette dynamique. En rejoignant un ensemble plus vaste, une entreprise de 25 collaborateurs acc\u00e8de \u00e0 des ressources suppl\u00e9mentaires. Ce type d&rsquo;alliance permet de mobiliser des moyens techniques plus importants et d&rsquo;intervenir sur plusieurs chantiers d&rsquo;envergure simultan\u00e9ment, l\u00e0 o\u00f9 une structure isol\u00e9e pourrait rencontrer des limites logistiques.<\/p>\n\n\n\n<h2 class=\"wp-block-heading\"><strong>S&rsquo;organiser pour faciliter les projets<\/strong>&nbsp;<\/h2>\n\n\n\n<p>Pour les porteurs de projets, une entreprise bien coordonn\u00e9e offre des avantages concrets. En centralisant les services d&rsquo;ing\u00e9nierie et de gestion administrative, il est possible de r\u00e9duire les d\u00e9lais de traitement. C&rsquo;est un enjeu cl\u00e9 : avec la <strong>loi d&rsquo;acc\u00e9l\u00e9ration des \u00e9nergies renouvelables<\/strong>, les obligations d&rsquo;installation sur les parkings et les b\u00e2timents tertiaires augmentent le flux de dossiers \u00e0 instruire.<\/p>\n\n\n\n<p>La gestion fonci\u00e8re est \u00e9galement un d\u00e9fi technique. Selon l&rsquo;<strong>ADEME<\/strong>, une installation au sol n\u00e9cessite entre 1 et 2 hectares par m\u00e9gawatt. Disposer d&rsquo;\u00e9quipes d\u00e9di\u00e9es \u00e0 l&rsquo;identification et \u00e0 la s\u00e9curisation des terrains aide \u00e0 constituer un portefeuille de projets solide, en phase avec les objectifs nationaux de d\u00e9veloppement.<\/p>\n\n\n\n<h2 class=\"wp-block-heading\">La stabilit\u00e9, un argument pour le financement<\/h2>\n\n\n\n<p>Le co\u00fbt d&rsquo;un projet solaire d\u00e9pend \u00e9troitement des conditions de financement. Pour accorder des taux pr\u00e9f\u00e9rentiels, les \u00e9tablissements financiers analysent la stabilit\u00e9 de l&#8217;emprunteur, son historique et la diversit\u00e9 de ses chantiers.<\/p>\n\n\n\n<p>Une entreprise b\u00e9n\u00e9ficiant d&rsquo;une assise financi\u00e8re plus large peut pr\u00e9senter un profil de risque rassurant pour les banques. Cette solidit\u00e9 peut permettre d&rsquo;abaisser le <strong>co\u00fbt de production de l&rsquo;\u00e9lectricit\u00e9<\/strong> (LCOE). \u00c0 titre indicatif, l&rsquo;ADEME \u00e9valuait en 2023 le co\u00fbt complet moyen \u00e0 80 \u20ac\/MWh pour les grandes centrales au sol. Plus les acteurs sont install\u00e9s, plus ils peuvent maintenir la comp\u00e9titivit\u00e9 de l&rsquo;<strong>\u00e9lectricit\u00e9 verte<\/strong>.<\/p>\n\n\n\n<h2 class=\"wp-block-heading\"><strong>Une dynamique en phase avec les objectifs europ\u00e9ens<\/strong>&nbsp;<\/h2>\n\n\n\n<p>La France fait partie des pays europ\u00e9ens appel\u00e9s \u00e0 contribuer fortement \u00e0 la croissance des \u00e9nergies d\u00e9carbon\u00e9es sur le continent. Selon le rapport <em>Renewables 2025<\/em> de l\u2019<strong>Agence Internationale de l\u2019\u00c9nergie (AIE)<\/strong>, l\u2019Europe devrait ajouter plus de 630 GW de capacit\u00e9s renouvelables entre 2025 et 2030. Le <strong>solaire photovolta\u00efque<\/strong> repr\u00e9sente plus de 70 % de cette expansion.<\/p>\n\n\n\n<p>Cette mont\u00e9e en capacit\u00e9 participe \u00e0 la r\u00e9duction de la d\u00e9pendance aux importations d&rsquo;\u00e9nergies fossiles. Depuis 2010, l&rsquo;installation de nouveaux projets renouvelables a permis d&rsquo;\u00e9viter une hausse notable des achats de gaz et de charbon. En France, un \u00e9cosyst\u00e8me solaire mieux arm\u00e9 vient renforcer le mix \u00e9nerg\u00e9tique national, agissant comme un partenaire du <strong>socle nucl\u00e9aire<\/strong> pour soutenir la r\u00e9silience du r\u00e9seau \u00e9lectrique.<\/p>\n\n\n\n<h2 class=\"wp-block-heading\"><strong>P\u00e9rennit\u00e9 et service aux territoires<\/strong>&nbsp;<\/h2>\n\n\n\n<p>Installer des panneaux solaires engage l&rsquo;usager sur le long terme : la dur\u00e9e de vie d&rsquo;une installation est d&rsquo;environ 25 ans. Durant cette p\u00e9riode, la maintenance et le suivi technique sont indispensables.<\/p>\n\n\n\n<p>Le renforcement des acteurs du march\u00e9 favorise ce suivi dans la dur\u00e9e. C\u2019est aussi un levier pour la transmission des comp\u00e9tences : dans le cadre de l&rsquo;alliance entre \u00e9vole \u00e9nergies et ECE, un centre de formation interne a \u00e9t\u00e9 mis en place pour p\u00e9renniser le <strong>savoir-faire technique<\/strong>. L&rsquo;ancrage local, indispensable \u00e0 l&rsquo;acceptabilit\u00e9 des projets, se trouve ainsi soutenu par des ressources logistiques nationales.<\/p>\n\n\n\n<p>La mutation du march\u00e9 t\u00e9moigne de la maturit\u00e9 acquise par l&rsquo;ensemble des acteurs. En s&rsquo;organisant pour porter des projets de plus grande \u00e9chelle et s\u00e9curiser les investissements sur le long terme, le secteur renforce la cr\u00e9dibilit\u00e9 du <strong>photovolta\u00efque<\/strong> comme une composante stable et durable du mix \u00e9lectrique fran\u00e7ais.<\/p>\n","protected":false},"excerpt":{"rendered":"","protected":false},"author":2,"featured_media":596,"comment_status":"closed","ping_status":"closed","sticky":false,"template":"","format":"standard","meta":{"footnotes":""},"categories":[1],"tags":[],"class_list":["post-594","post","type-post","status-publish","format-standard","has-post-thumbnail","hentry","category-energies","masonry-post","generate-columns","tablet-grid-50","mobile-grid-100","grid-parent","grid-33"],"yoast_head":"<!-- This site is optimized with the Yoast SEO plugin v26.6 - https:\/\/yoast.com\/wordpress\/plugins\/seo\/ -->\n<title>Solaire : comment l\u2019organisation des entreprises soutient l\u2019essor du photovolta\u00efque - ECOinfos<\/title>\n<meta name=\"description\" content=\"D\u00e9couvrez comment la structuration du secteur de l&#039;\u00e9nergie solaire en France favorise son essor industriel, baisse les co\u00fbts et s\u00e9curise la transition \u00e9nerg\u00e9tique.\" \/>\n<meta name=\"robots\" content=\"index, follow, max-snippet:-1, max-image-preview:large, max-video-preview:-1\" \/>\n<link rel=\"canonical\" href=\"https:\/\/www.les-energies-renouvelables.eu\/article\/actualites\/energies\/solaire-comment-lorganisation-des-entreprises-soutient-lessor-du-photovoltaique-594\/\" \/>\n<meta property=\"og:locale\" content=\"fr_FR\" \/>\n<meta property=\"og:type\" content=\"article\" \/>\n<meta property=\"og:title\" content=\"Solaire : comment l\u2019organisation des entreprises soutient l\u2019essor du photovolta\u00efque - ECOinfos\" \/>\n<meta property=\"og:description\" content=\"D\u00e9couvrez comment la structuration du secteur de l&#039;\u00e9nergie solaire en France favorise son essor industriel, baisse les co\u00fbts et s\u00e9curise la transition \u00e9nerg\u00e9tique.\" \/>\n<meta property=\"og:url\" content=\"https:\/\/www.les-energies-renouvelables.eu\/article\/actualites\/energies\/solaire-comment-lorganisation-des-entreprises-soutient-lessor-du-photovoltaique-594\/\" \/>\n<meta property=\"og:site_name\" content=\"ECOinfos Energies renouvelables\" \/>\n<meta property=\"article:publisher\" content=\"https:\/\/www.facebook.com\/ecoannuaire.energierenouvelable\/\" \/>\n<meta property=\"article:author\" content=\"https:\/\/www.facebook.com\/tictacf2c\/\" \/>\n<meta property=\"article:published_time\" content=\"2026-04-26T08:00:00+00:00\" \/>\n<meta property=\"article:modified_time\" content=\"2026-04-26T13:07:38+00:00\" \/>\n<meta property=\"og:image\" content=\"https:\/\/www.les-energies-renouvelables.eu\/article\/actualites\/wp-content\/uploads\/2026\/04\/actualites-solaire-comment-lorganisation-des-entreprises-soutient-lessor-du-photovoltaique-secteur-energie-solaire-france.jpg\" \/>\n\t<meta property=\"og:image:width\" content=\"1200\" \/>\n\t<meta property=\"og:image:height\" content=\"675\" \/>\n\t<meta property=\"og:image:type\" content=\"image\/jpeg\" \/>\n<meta name=\"author\" content=\"Alexia JACQUARD\" \/>\n<meta name=\"twitter:card\" content=\"summary_large_image\" \/>\n<meta name=\"twitter:creator\" content=\"@alexiajcrd\" \/>\n<meta name=\"twitter:site\" content=\"@ECOinfosENR\" \/>\n<meta name=\"twitter:label1\" content=\"\u00c9crit par\" \/>\n\t<meta name=\"twitter:data1\" content=\"Alexia JACQUARD\" \/>\n\t<meta name=\"twitter:label2\" content=\"Dur\u00e9e de lecture estim\u00e9e\" \/>\n\t<meta name=\"twitter:data2\" content=\"4 minutes\" \/>\n<script type=\"application\/ld+json\" class=\"yoast-schema-graph\">{\"@context\":\"https:\/\/schema.org\",\"@graph\":[{\"@type\":\"Article\",\"@id\":\"https:\/\/www.les-energies-renouvelables.eu\/article\/actualites\/energies\/solaire-comment-lorganisation-des-entreprises-soutient-lessor-du-photovoltaique-594\/#article\",\"isPartOf\":{\"@id\":\"https:\/\/www.les-energies-renouvelables.eu\/article\/actualites\/energies\/solaire-comment-lorganisation-des-entreprises-soutient-lessor-du-photovoltaique-594\/\"},\"author\":{\"name\":\"Alexia JACQUARD\",\"@id\":\"https:\/\/www.les-energies-renouvelables.eu\/article\/actualites\/#\/schema\/person\/2c7d09eb5ca339c12ca8d86145440169\"},\"headline\":\"Solaire : comment l\u2019organisation des entreprises soutient l\u2019essor du photovolta\u00efque\",\"datePublished\":\"2026-04-26T08:00:00+00:00\",\"dateModified\":\"2026-04-26T13:07:38+00:00\",\"mainEntityOfPage\":{\"@id\":\"https:\/\/www.les-energies-renouvelables.eu\/article\/actualites\/energies\/solaire-comment-lorganisation-des-entreprises-soutient-lessor-du-photovoltaique-594\/\"},\"wordCount\":826,\"publisher\":{\"@id\":\"https:\/\/www.les-energies-renouvelables.eu\/article\/actualites\/#organization\"},\"image\":{\"@id\":\"https:\/\/www.les-energies-renouvelables.eu\/article\/actualites\/energies\/solaire-comment-lorganisation-des-entreprises-soutient-lessor-du-photovoltaique-594\/#primaryimage\"},\"thumbnailUrl\":\"https:\/\/www.les-energies-renouvelables.eu\/article\/actualites\/wp-content\/uploads\/2026\/04\/actualites-solaire-comment-lorganisation-des-entreprises-soutient-lessor-du-photovoltaique-secteur-energie-solaire-france.jpg\",\"articleSection\":[\"\u00c9nergies\"],\"inLanguage\":\"fr-FR\"},{\"@type\":\"WebPage\",\"@id\":\"https:\/\/www.les-energies-renouvelables.eu\/article\/actualites\/energies\/solaire-comment-lorganisation-des-entreprises-soutient-lessor-du-photovoltaique-594\/\",\"url\":\"https:\/\/www.les-energies-renouvelables.eu\/article\/actualites\/energies\/solaire-comment-lorganisation-des-entreprises-soutient-lessor-du-photovoltaique-594\/\",\"name\":\"Solaire : comment l\u2019organisation des entreprises soutient l\u2019essor du photovolta\u00efque - ECOinfos\",\"isPartOf\":{\"@id\":\"https:\/\/www.les-energies-renouvelables.eu\/article\/actualites\/#website\"},\"primaryImageOfPage\":{\"@id\":\"https:\/\/www.les-energies-renouvelables.eu\/article\/actualites\/energies\/solaire-comment-lorganisation-des-entreprises-soutient-lessor-du-photovoltaique-594\/#primaryimage\"},\"image\":{\"@id\":\"https:\/\/www.les-energies-renouvelables.eu\/article\/actualites\/energies\/solaire-comment-lorganisation-des-entreprises-soutient-lessor-du-photovoltaique-594\/#primaryimage\"},\"thumbnailUrl\":\"https:\/\/www.les-energies-renouvelables.eu\/article\/actualites\/wp-content\/uploads\/2026\/04\/actualites-solaire-comment-lorganisation-des-entreprises-soutient-lessor-du-photovoltaique-secteur-energie-solaire-france.jpg\",\"datePublished\":\"2026-04-26T08:00:00+00:00\",\"dateModified\":\"2026-04-26T13:07:38+00:00\",\"description\":\"D\u00e9couvrez comment la structuration du secteur de l'\u00e9nergie solaire en France favorise son essor industriel, baisse les co\u00fbts et s\u00e9curise la transition \u00e9nerg\u00e9tique.\",\"breadcrumb\":{\"@id\":\"https:\/\/www.les-energies-renouvelables.eu\/article\/actualites\/energies\/solaire-comment-lorganisation-des-entreprises-soutient-lessor-du-photovoltaique-594\/#breadcrumb\"},\"inLanguage\":\"fr-FR\",\"potentialAction\":[{\"@type\":\"ReadAction\",\"target\":[\"https:\/\/www.les-energies-renouvelables.eu\/article\/actualites\/energies\/solaire-comment-lorganisation-des-entreprises-soutient-lessor-du-photovoltaique-594\/\"]}]},{\"@type\":\"ImageObject\",\"inLanguage\":\"fr-FR\",\"@id\":\"https:\/\/www.les-energies-renouvelables.eu\/article\/actualites\/energies\/solaire-comment-lorganisation-des-entreprises-soutient-lessor-du-photovoltaique-594\/#primaryimage\",\"url\":\"https:\/\/www.les-energies-renouvelables.eu\/article\/actualites\/wp-content\/uploads\/2026\/04\/actualites-solaire-comment-lorganisation-des-entreprises-soutient-lessor-du-photovoltaique-secteur-energie-solaire-france.jpg\",\"contentUrl\":\"https:\/\/www.les-energies-renouvelables.eu\/article\/actualites\/wp-content\/uploads\/2026\/04\/actualites-solaire-comment-lorganisation-des-entreprises-soutient-lessor-du-photovoltaique-secteur-energie-solaire-france.jpg\",\"width\":1200,\"height\":675,\"caption\":\"Photo de Quang Nguyen Vinh: https:\/\/www.pexels.com\/fr-fr\/photo\/vaste-centrale-solaire-dans-un-paysage-pittoresque-35105442\/\"},{\"@type\":\"BreadcrumbList\",\"@id\":\"https:\/\/www.les-energies-renouvelables.eu\/article\/actualites\/energies\/solaire-comment-lorganisation-des-entreprises-soutient-lessor-du-photovoltaique-594\/#breadcrumb\",\"itemListElement\":[{\"@type\":\"ListItem\",\"position\":1,\"name\":\"Accueil\",\"item\":\"https:\/\/www.les-energies-renouvelables.eu\/article\/actualites\/\"},{\"@type\":\"ListItem\",\"position\":2,\"name\":\"Solaire : comment l\u2019organisation des entreprises soutient l\u2019essor du photovolta\u00efque\"}]},{\"@type\":\"WebSite\",\"@id\":\"https:\/\/www.les-energies-renouvelables.eu\/article\/actualites\/#website\",\"url\":\"https:\/\/www.les-energies-renouvelables.eu\/article\/actualites\/\",\"name\":\"ECOinfos Energies renouvelables\",\"description\":\"Le d\u00e9cryptage quotidien du secteur des \u00e9nergies renouvelables\",\"publisher\":{\"@id\":\"https:\/\/www.les-energies-renouvelables.eu\/article\/actualites\/#organization\"},\"potentialAction\":[{\"@type\":\"SearchAction\",\"target\":{\"@type\":\"EntryPoint\",\"urlTemplate\":\"https:\/\/www.les-energies-renouvelables.eu\/article\/actualites\/?s={search_term_string}\"},\"query-input\":{\"@type\":\"PropertyValueSpecification\",\"valueRequired\":true,\"valueName\":\"search_term_string\"}}],\"inLanguage\":\"fr-FR\"},{\"@type\":\"Organization\",\"@id\":\"https:\/\/www.les-energies-renouvelables.eu\/article\/actualites\/#organization\",\"name\":\"ECOinfos Energies renouvelables\",\"url\":\"https:\/\/www.les-energies-renouvelables.eu\/article\/actualites\/\",\"logo\":{\"@type\":\"ImageObject\",\"inLanguage\":\"fr-FR\",\"@id\":\"https:\/\/www.les-energies-renouvelables.eu\/article\/actualites\/#\/schema\/logo\/image\/\",\"url\":\"https:\/\/www.les-energies-renouvelables.eu\/article\/actualites\/wp-content\/uploads\/2025\/11\/ecoinfos.eldorado-consulting.com-logo-logo.svg\",\"contentUrl\":\"https:\/\/www.les-energies-renouvelables.eu\/article\/actualites\/wp-content\/uploads\/2025\/11\/ecoinfos.eldorado-consulting.com-logo-logo.svg\",\"caption\":\"ECOinfos Energies renouvelables\"},\"image\":{\"@id\":\"https:\/\/www.les-energies-renouvelables.eu\/article\/actualites\/#\/schema\/logo\/image\/\"},\"sameAs\":[\"https:\/\/www.facebook.com\/ecoannuaire.energierenouvelable\/\",\"https:\/\/x.com\/ECOinfosENR\",\"https:\/\/www.linkedin.com\/company\/ecoinfos-energies-renouvelables\/\",\"https:\/\/www.youtube.com\/@ecoinfosenergies\",\"https:\/\/share.google\/dyKHJPxAV42WhhjbM\"]},{\"@type\":\"Person\",\"@id\":\"https:\/\/www.les-energies-renouvelables.eu\/article\/actualites\/#\/schema\/person\/2c7d09eb5ca339c12ca8d86145440169\",\"name\":\"Alexia JACQUARD\",\"pronouns\":\"elle\/elle\",\"image\":{\"@type\":\"ImageObject\",\"inLanguage\":\"fr-FR\",\"@id\":\"https:\/\/www.les-energies-renouvelables.eu\/article\/actualites\/#\/schema\/person\/image\/\",\"url\":\"https:\/\/www.les-energies-renouvelables.eu\/article\/actualites\/wp-content\/uploads\/2026\/01\/actualites-alexia-jacquard-alexia-jacquard-160x160.jpg\",\"contentUrl\":\"https:\/\/www.les-energies-renouvelables.eu\/article\/actualites\/wp-content\/uploads\/2026\/01\/actualites-alexia-jacquard-alexia-jacquard-160x160.jpg\",\"caption\":\"Alexia JACQUARD\"},\"description\":\"Curieuse de nature et attentif aux enjeux du d\u00e9veloppement durable, Alexia Jacquard suit l'actualit\u00e9 des \u00e9nergies renouvelables pour partager les derni\u00e8res nouveaut\u00e9s du secteur. Elle s'attache \u00e0 retranscrire simplement les informations cl\u00e9s et les initiatives positives qui marquent la transition \u00e9nerg\u00e9tique. Son objectif : proposer des articles d'actualit\u00e9 clairs et accessibles pour tous ceux qui s'int\u00e9ressent \u00e0 l'avenir de notre \u00e9nergie.\",\"sameAs\":[\"https:\/\/alexia-jacquard.fr\",\"https:\/\/www.facebook.com\/tictacf2c\/\",\"https:\/\/www.instagram.com\/alexia_redac\/\",\"https:\/\/www.linkedin.com\/in\/alexia-jacquard-449a4b289\/\",\"https:\/\/fr.pinterest.com\/alexiajacquard\/\",\"https:\/\/x.com\/alexiajcrd\",\"https:\/\/www.youtube.com\/@Thepaindemie\",\"https:\/\/muckrack.com\/alexia-jacquard\"],\"url\":\"https:\/\/www.les-energies-renouvelables.eu\/article\/actualites\/author\/alexia-jacquard\/\"}]}<\/script>\n<!-- \/ Yoast SEO plugin. -->","yoast_head_json":{"title":"Solaire : comment l\u2019organisation des entreprises soutient l\u2019essor du photovolta\u00efque - ECOinfos","description":"D\u00e9couvrez comment la structuration du secteur de l'\u00e9nergie solaire en France favorise son essor industriel, baisse les co\u00fbts et s\u00e9curise la transition \u00e9nerg\u00e9tique.","robots":{"index":"index","follow":"follow","max-snippet":"max-snippet:-1","max-image-preview":"max-image-preview:large","max-video-preview":"max-video-preview:-1"},"canonical":"https:\/\/www.les-energies-renouvelables.eu\/article\/actualites\/energies\/solaire-comment-lorganisation-des-entreprises-soutient-lessor-du-photovoltaique-594\/","og_locale":"fr_FR","og_type":"article","og_title":"Solaire : comment l\u2019organisation des entreprises soutient l\u2019essor du photovolta\u00efque - ECOinfos","og_description":"D\u00e9couvrez comment la structuration du secteur de l'\u00e9nergie solaire en France favorise son essor industriel, baisse les co\u00fbts et s\u00e9curise la transition \u00e9nerg\u00e9tique.","og_url":"https:\/\/www.les-energies-renouvelables.eu\/article\/actualites\/energies\/solaire-comment-lorganisation-des-entreprises-soutient-lessor-du-photovoltaique-594\/","og_site_name":"ECOinfos Energies renouvelables","article_publisher":"https:\/\/www.facebook.com\/ecoannuaire.energierenouvelable\/","article_author":"https:\/\/www.facebook.com\/tictacf2c\/","article_published_time":"2026-04-26T08:00:00+00:00","article_modified_time":"2026-04-26T13:07:38+00:00","og_image":[{"width":1200,"height":675,"url":"https:\/\/www.les-energies-renouvelables.eu\/article\/actualites\/wp-content\/uploads\/2026\/04\/actualites-solaire-comment-lorganisation-des-entreprises-soutient-lessor-du-photovoltaique-secteur-energie-solaire-france.jpg","type":"image\/jpeg"}],"author":"Alexia JACQUARD","twitter_card":"summary_large_image","twitter_creator":"@alexiajcrd","twitter_site":"@ECOinfosENR","twitter_misc":{"\u00c9crit par":"Alexia JACQUARD","Dur\u00e9e de lecture estim\u00e9e":"4 minutes"},"schema":{"@context":"https:\/\/schema.org","@graph":[{"@type":"Article","@id":"https:\/\/www.les-energies-renouvelables.eu\/article\/actualites\/energies\/solaire-comment-lorganisation-des-entreprises-soutient-lessor-du-photovoltaique-594\/#article","isPartOf":{"@id":"https:\/\/www.les-energies-renouvelables.eu\/article\/actualites\/energies\/solaire-comment-lorganisation-des-entreprises-soutient-lessor-du-photovoltaique-594\/"},"author":{"name":"Alexia JACQUARD","@id":"https:\/\/www.les-energies-renouvelables.eu\/article\/actualites\/#\/schema\/person\/2c7d09eb5ca339c12ca8d86145440169"},"headline":"Solaire : comment l\u2019organisation des entreprises soutient l\u2019essor du photovolta\u00efque","datePublished":"2026-04-26T08:00:00+00:00","dateModified":"2026-04-26T13:07:38+00:00","mainEntityOfPage":{"@id":"https:\/\/www.les-energies-renouvelables.eu\/article\/actualites\/energies\/solaire-comment-lorganisation-des-entreprises-soutient-lessor-du-photovoltaique-594\/"},"wordCount":826,"publisher":{"@id":"https:\/\/www.les-energies-renouvelables.eu\/article\/actualites\/#organization"},"image":{"@id":"https:\/\/www.les-energies-renouvelables.eu\/article\/actualites\/energies\/solaire-comment-lorganisation-des-entreprises-soutient-lessor-du-photovoltaique-594\/#primaryimage"},"thumbnailUrl":"https:\/\/www.les-energies-renouvelables.eu\/article\/actualites\/wp-content\/uploads\/2026\/04\/actualites-solaire-comment-lorganisation-des-entreprises-soutient-lessor-du-photovoltaique-secteur-energie-solaire-france.jpg","articleSection":["\u00c9nergies"],"inLanguage":"fr-FR"},{"@type":"WebPage","@id":"https:\/\/www.les-energies-renouvelables.eu\/article\/actualites\/energies\/solaire-comment-lorganisation-des-entreprises-soutient-lessor-du-photovoltaique-594\/","url":"https:\/\/www.les-energies-renouvelables.eu\/article\/actualites\/energies\/solaire-comment-lorganisation-des-entreprises-soutient-lessor-du-photovoltaique-594\/","name":"Solaire : comment l\u2019organisation des entreprises soutient l\u2019essor du photovolta\u00efque - ECOinfos","isPartOf":{"@id":"https:\/\/www.les-energies-renouvelables.eu\/article\/actualites\/#website"},"primaryImageOfPage":{"@id":"https:\/\/www.les-energies-renouvelables.eu\/article\/actualites\/energies\/solaire-comment-lorganisation-des-entreprises-soutient-lessor-du-photovoltaique-594\/#primaryimage"},"image":{"@id":"https:\/\/www.les-energies-renouvelables.eu\/article\/actualites\/energies\/solaire-comment-lorganisation-des-entreprises-soutient-lessor-du-photovoltaique-594\/#primaryimage"},"thumbnailUrl":"https:\/\/www.les-energies-renouvelables.eu\/article\/actualites\/wp-content\/uploads\/2026\/04\/actualites-solaire-comment-lorganisation-des-entreprises-soutient-lessor-du-photovoltaique-secteur-energie-solaire-france.jpg","datePublished":"2026-04-26T08:00:00+00:00","dateModified":"2026-04-26T13:07:38+00:00","description":"D\u00e9couvrez comment la structuration du secteur de l'\u00e9nergie solaire en France favorise son essor industriel, baisse les co\u00fbts et s\u00e9curise la transition \u00e9nerg\u00e9tique.","breadcrumb":{"@id":"https:\/\/www.les-energies-renouvelables.eu\/article\/actualites\/energies\/solaire-comment-lorganisation-des-entreprises-soutient-lessor-du-photovoltaique-594\/#breadcrumb"},"inLanguage":"fr-FR","potentialAction":[{"@type":"ReadAction","target":["https:\/\/www.les-energies-renouvelables.eu\/article\/actualites\/energies\/solaire-comment-lorganisation-des-entreprises-soutient-lessor-du-photovoltaique-594\/"]}]},{"@type":"ImageObject","inLanguage":"fr-FR","@id":"https:\/\/www.les-energies-renouvelables.eu\/article\/actualites\/energies\/solaire-comment-lorganisation-des-entreprises-soutient-lessor-du-photovoltaique-594\/#primaryimage","url":"https:\/\/www.les-energies-renouvelables.eu\/article\/actualites\/wp-content\/uploads\/2026\/04\/actualites-solaire-comment-lorganisation-des-entreprises-soutient-lessor-du-photovoltaique-secteur-energie-solaire-france.jpg","contentUrl":"https:\/\/www.les-energies-renouvelables.eu\/article\/actualites\/wp-content\/uploads\/2026\/04\/actualites-solaire-comment-lorganisation-des-entreprises-soutient-lessor-du-photovoltaique-secteur-energie-solaire-france.jpg","width":1200,"height":675,"caption":"Photo de Quang Nguyen Vinh: https:\/\/www.pexels.com\/fr-fr\/photo\/vaste-centrale-solaire-dans-un-paysage-pittoresque-35105442\/"},{"@type":"BreadcrumbList","@id":"https:\/\/www.les-energies-renouvelables.eu\/article\/actualites\/energies\/solaire-comment-lorganisation-des-entreprises-soutient-lessor-du-photovoltaique-594\/#breadcrumb","itemListElement":[{"@type":"ListItem","position":1,"name":"Accueil","item":"https:\/\/www.les-energies-renouvelables.eu\/article\/actualites\/"},{"@type":"ListItem","position":2,"name":"Solaire : comment l\u2019organisation des entreprises soutient l\u2019essor du photovolta\u00efque"}]},{"@type":"WebSite","@id":"https:\/\/www.les-energies-renouvelables.eu\/article\/actualites\/#website","url":"https:\/\/www.les-energies-renouvelables.eu\/article\/actualites\/","name":"ECOinfos Energies renouvelables","description":"Le d\u00e9cryptage quotidien du secteur des \u00e9nergies renouvelables","publisher":{"@id":"https:\/\/www.les-energies-renouvelables.eu\/article\/actualites\/#organization"},"potentialAction":[{"@type":"SearchAction","target":{"@type":"EntryPoint","urlTemplate":"https:\/\/www.les-energies-renouvelables.eu\/article\/actualites\/?s={search_term_string}"},"query-input":{"@type":"PropertyValueSpecification","valueRequired":true,"valueName":"search_term_string"}}],"inLanguage":"fr-FR"},{"@type":"Organization","@id":"https:\/\/www.les-energies-renouvelables.eu\/article\/actualites\/#organization","name":"ECOinfos Energies renouvelables","url":"https:\/\/www.les-energies-renouvelables.eu\/article\/actualites\/","logo":{"@type":"ImageObject","inLanguage":"fr-FR","@id":"https:\/\/www.les-energies-renouvelables.eu\/article\/actualites\/#\/schema\/logo\/image\/","url":"https:\/\/www.les-energies-renouvelables.eu\/article\/actualites\/wp-content\/uploads\/2025\/11\/ecoinfos.eldorado-consulting.com-logo-logo.svg","contentUrl":"https:\/\/www.les-energies-renouvelables.eu\/article\/actualites\/wp-content\/uploads\/2025\/11\/ecoinfos.eldorado-consulting.com-logo-logo.svg","caption":"ECOinfos Energies renouvelables"},"image":{"@id":"https:\/\/www.les-energies-renouvelables.eu\/article\/actualites\/#\/schema\/logo\/image\/"},"sameAs":["https:\/\/www.facebook.com\/ecoannuaire.energierenouvelable\/","https:\/\/x.com\/ECOinfosENR","https:\/\/www.linkedin.com\/company\/ecoinfos-energies-renouvelables\/","https:\/\/www.youtube.com\/@ecoinfosenergies","https:\/\/share.google\/dyKHJPxAV42WhhjbM"]},{"@type":"Person","@id":"https:\/\/www.les-energies-renouvelables.eu\/article\/actualites\/#\/schema\/person\/2c7d09eb5ca339c12ca8d86145440169","name":"Alexia JACQUARD","pronouns":"elle\/elle","image":{"@type":"ImageObject","inLanguage":"fr-FR","@id":"https:\/\/www.les-energies-renouvelables.eu\/article\/actualites\/#\/schema\/person\/image\/","url":"https:\/\/www.les-energies-renouvelables.eu\/article\/actualites\/wp-content\/uploads\/2026\/01\/actualites-alexia-jacquard-alexia-jacquard-160x160.jpg","contentUrl":"https:\/\/www.les-energies-renouvelables.eu\/article\/actualites\/wp-content\/uploads\/2026\/01\/actualites-alexia-jacquard-alexia-jacquard-160x160.jpg","caption":"Alexia JACQUARD"},"description":"Curieuse de nature et attentif aux enjeux du d\u00e9veloppement durable, Alexia Jacquard suit l'actualit\u00e9 des \u00e9nergies renouvelables pour partager les derni\u00e8res nouveaut\u00e9s du secteur. Elle s'attache \u00e0 retranscrire simplement les informations cl\u00e9s et les initiatives positives qui marquent la transition \u00e9nerg\u00e9tique. Son objectif : proposer des articles d'actualit\u00e9 clairs et accessibles pour tous ceux qui s'int\u00e9ressent \u00e0 l'avenir de notre \u00e9nergie.","sameAs":["https:\/\/alexia-jacquard.fr","https:\/\/www.facebook.com\/tictacf2c\/","https:\/\/www.instagram.com\/alexia_redac\/","https:\/\/www.linkedin.com\/in\/alexia-jacquard-449a4b289\/","https:\/\/fr.pinterest.com\/alexiajacquard\/","https:\/\/x.com\/alexiajcrd","https:\/\/www.youtube.com\/@Thepaindemie","https:\/\/muckrack.com\/alexia-jacquard"],"url":"https:\/\/www.les-energies-renouvelables.eu\/article\/actualites\/author\/alexia-jacquard\/"}]}},"_links":{"self":[{"href":"https:\/\/www.les-energies-renouvelables.eu\/article\/actualites\/wp-json\/wp\/v2\/posts\/594","targetHints":{"allow":["GET"]}}],"collection":[{"href":"https:\/\/www.les-energies-renouvelables.eu\/article\/actualites\/wp-json\/wp\/v2\/posts"}],"about":[{"href":"https:\/\/www.les-energies-renouvelables.eu\/article\/actualites\/wp-json\/wp\/v2\/types\/post"}],"author":[{"embeddable":true,"href":"https:\/\/www.les-energies-renouvelables.eu\/article\/actualites\/wp-json\/wp\/v2\/users\/2"}],"replies":[{"embeddable":true,"href":"https:\/\/www.les-energies-renouvelables.eu\/article\/actualites\/wp-json\/wp\/v2\/comments?post=594"}],"version-history":[{"count":1,"href":"https:\/\/www.les-energies-renouvelables.eu\/article\/actualites\/wp-json\/wp\/v2\/posts\/594\/revisions"}],"predecessor-version":[{"id":595,"href":"https:\/\/www.les-energies-renouvelables.eu\/article\/actualites\/wp-json\/wp\/v2\/posts\/594\/revisions\/595"}],"wp:featuredmedia":[{"embeddable":true,"href":"https:\/\/www.les-energies-renouvelables.eu\/article\/actualites\/wp-json\/wp\/v2\/media\/596"}],"wp:attachment":[{"href":"https:\/\/www.les-energies-renouvelables.eu\/article\/actualites\/wp-json\/wp\/v2\/media?parent=594"}],"wp:term":[{"taxonomy":"category","embeddable":true,"href":"https:\/\/www.les-energies-renouvelables.eu\/article\/actualites\/wp-json\/wp\/v2\/categories?post=594"},{"taxonomy":"post_tag","embeddable":true,"href":"https:\/\/www.les-energies-renouvelables.eu\/article\/actualites\/wp-json\/wp\/v2\/tags?post=594"}],"curies":[{"name":"wp","href":"https:\/\/api.w.org\/{rel}","templated":true}]}}