{"id":591,"date":"2026-04-25T10:00:00","date_gmt":"2026-04-25T08:00:00","guid":{"rendered":"https:\/\/www.les-energies-renouvelables.eu\/article\/actualites\/?p=591"},"modified":"2026-04-24T11:44:29","modified_gmt":"2026-04-24T09:44:29","slug":"etats-unis-pourquoi-les-energies-renouvelables-progressent-malgre-le-contexte-politique-federal","status":"publish","type":"post","link":"https:\/\/www.les-energies-renouvelables.eu\/article\/actualites\/energies\/etats-unis-pourquoi-les-energies-renouvelables-progressent-malgre-le-contexte-politique-federal-591\/","title":{"rendered":"\u00c9tats-Unis : pourquoi les \u00e9nergies renouvelables progressent malgr\u00e9 le contexte politique f\u00e9d\u00e9ral"},"content":{"rendered":"\n<p>R\u00e9sum\u00e9 :&nbsp;<\/p>\n\n\n\n<ul class=\"wp-block-list\">\n<li><strong>Comp\u00e9titivit\u00e9 accrue :<\/strong> Dans de nombreux projets, les \u00e9nergies renouvelables affichent d\u00e9sormais des co\u00fbts de production comp\u00e9titifs face aux sources fossiles.<\/li>\n\n\n\n<li><strong>R\u00e9silience locale :<\/strong> La production d\u00e9centralis\u00e9e offre aux collectivit\u00e9s une <strong>protection contre la volatilit\u00e9 des prix <\/strong>mondiaux de l&rsquo;\u00e9nergie.<\/li>\n\n\n\n<li><strong>Dynamisme territorial :<\/strong> Plusieurs \u00c9tats maintiennent leurs investissements, transformant la transition en un enjeu de d\u00e9veloppement industriel local.<\/li>\n<\/ul>\n\n\n\n<p>Aux \u00c9tats-Unis, le paysage \u00e9nerg\u00e9tique actuel pr\u00e9sente une dualit\u00e9 croissante. D&rsquo;un c\u00f4t\u00e9, le registre politique f\u00e9d\u00e9ral, o\u00f9 les positions sur le soutien aux fili\u00e8res vertes peuvent varier brusquement selon les cycles \u00e9lectoraux. De l&rsquo;autre, la r\u00e9alit\u00e9 des chantiers : des capacit\u00e9s de production qui continuent de progresser \u00e0 l&rsquo;\u00e9chelle des \u00c9tats et des comt\u00e9s.<\/p>\n\n\n\n<p>Contrairement \u00e0 une id\u00e9e re\u00e7ue, la <strong>transition \u00e9nerg\u00e9tique am\u00e9ricaine<\/strong> ne d\u00e9pend pas uniquement d&rsquo;une impulsion descendante venant de Washington. Elle s&rsquo;appuie d\u00e9sormais sur une logique ascendante, o\u00f9 le <strong>pragmatisme \u00e9conomique <\/strong>et les besoins en infrastructures locales priment souvent sur l&rsquo;orientation politique nationale.<\/p>\n\n\n\n<h2 class=\"wp-block-heading\">Le facteur \u00e9conomique : une comp\u00e9titivit\u00e9 qui s&rsquo;impose<\/h2>\n\n\n\n<p>Le premier moteur de cette progression est financier. Selon les donn\u00e9es de l&rsquo;<strong>Agence Internationale de l&rsquo;\u00c9nergie (AIE)<\/strong>issues du rapport <em>Renewables 2025<\/em>, le co\u00fbt des <strong>modules solaires photovolta\u00efques<\/strong> a chut\u00e9 de plus de 60 % depuis 2023. Cette baisse rapide, accentu\u00e9e par une surabondance de l&rsquo;offre mondiale et une concurrence accrue, modifie les arbitrages des investisseurs.<\/p>\n\n\n\n<p>Dans ce contexte, le renouvelable devient plus comp\u00e9titif dans de nombreux projets. Le <strong>co\u00fbt actualis\u00e9 de production d&rsquo;\u00e9lectricit\u00e9 (LCOE)<\/strong> pour de nouveaux parcs solaires ou \u00e9oliens atteint d\u00e9sormais des seuils qui d\u00e9fient les sources traditionnelles dans plusieurs r\u00e9gions. Pour les d\u00e9veloppeurs, le choix du renouvelable est devenu, dans bien des cas, l&rsquo;option la plus rationnelle pour garantir un rendement sur le long terme.<\/p>\n\n\n\n<p>Les flux de capitaux priv\u00e9s confirment cette tendance. Les investisseurs institutionnels privil\u00e9gient la visibilit\u00e9 offerte par les <strong>contrats d&rsquo;achat d&rsquo;\u00e9lectricit\u00e9 (PPA)<\/strong> \u00e0 long terme. Ces accords, sign\u00e9s entre des producteurs et des entreprises ou des collectivit\u00e9s, stabilisent les revenus sur dix \u00e0 vingt ans, cr\u00e9ant une autonomie financi\u00e8re relative vis-\u00e0-vis des incertitudes r\u00e9glementaires f\u00e9d\u00e9rales.<\/p>\n\n\n\n<h2 class=\"wp-block-heading\">Protection contre la volatilit\u00e9 : un enjeu de s\u00e9curit\u00e9 locale<\/h2>\n\n\n\n<p>Au-del\u00e0 du co\u00fbt, la question de la <strong>s\u00e9curit\u00e9 \u00e9nerg\u00e9tique<\/strong> est devenue un argument central au niveau local. Les \u00e9pisodes r\u00e9cents d&rsquo;instabilit\u00e9 sur les march\u00e9s mondiaux des hydrocarbures ont soulign\u00e9 la vuln\u00e9rabilit\u00e9 des r\u00e9seaux d\u00e9pendants de combustibles soumis \u00e0 des tensions g\u00e9opolitiques.<\/p>\n\n\n\n<p>Pour de nombreuses collectivit\u00e9s, le d\u00e9ploiement de capacit\u00e9s renouvelables locales agit comme une protection contre la <strong>volatilit\u00e9 des prix<\/strong>. Une fois l&rsquo;infrastructure install\u00e9e, le co\u00fbt marginal de production est quasiment nul et, surtout, pr\u00e9visible. Cette stabilit\u00e9 tarifaire est un atout op\u00e9rationnel pour les industries locales, les centres de donn\u00e9es ou les exploitations agricoles, qui cherchent \u00e0 s\u00e9curiser leurs budgets sur le long terme.<\/p>\n\n\n\n<p>Cette qu\u00eate de stabilit\u00e9 \u00e9nerg\u00e9tique transcende souvent les clivages politiques traditionnels. On observe ainsi une progression des capacit\u00e9s de production dans des \u00c9tats dont les gouvernances ne font pas de la transition climatique leur priorit\u00e9. Ici, le renouvelable est per\u00e7u comme un outil de <strong>diversification et de fiabilit\u00e9 du r\u00e9seau \u00e9lectrique<\/strong> local.<\/p>\n\n\n\n<h2 class=\"wp-block-heading\">Les \u00c9tats, moteurs de la dynamique industrielle<\/h2>\n\n\n\n<p>La dynamique territoriale est particuli\u00e8rement visible dans des \u00c9tats comme le Texas ou l&rsquo;Iowa. Le <strong>Texas<\/strong> s&rsquo;est impos\u00e9 comme un leader de la production d&rsquo;<strong>\u00e9nergie \u00e9olienne<\/strong> aux \u00c9tats-Unis, capitalisant sur une ressource naturelle abondante pour r\u00e9pondre \u00e0 une demande \u00e9lectrique en forte croissance. En <strong>Iowa<\/strong>, l&rsquo;\u00e9olien repr\u00e9sente d\u00e9j\u00e0 une part pr\u00e9dominante du mix de production d&rsquo;\u00e9lectricit\u00e9 de l&rsquo;\u00c9tat.<\/p>\n\n\n\n<p>Ces choix historiques et g\u00e9ographiques soutiennent de nombreux emplois dans la maintenance et la gestion des infrastructures, tout en g\u00e9n\u00e9rant des revenus fiscaux significatifs pour les comt\u00e9s ruraux. Lorsqu&rsquo;une fili\u00e8re devient un moteur \u00e9conomique local, elle b\u00e9n\u00e9ficie d&rsquo;un soutien pragmatique qui r\u00e9siste aux changements de majorit\u00e9 \u00e0 Washington.<\/p>\n\n\n\n<p>Toutefois, cette dynamique n&rsquo;est pas sans obstacles. Si le d\u00e9ploiement du solaire terrestre reste soutenu, les pr\u00e9visions de croissance globale ont \u00e9t\u00e9 temp\u00e9r\u00e9es. L&rsquo;AIE a d&rsquo;ailleurs revu \u00e0 la baisse de pr\u00e8s de 50 % ses projections pour certaines fili\u00e8res aux \u00c9tats-Unis, en raison des changements de politiques fiscales et des incertitudes r\u00e9glementaires f\u00e9d\u00e9rales, notamment pour l&rsquo;<strong>\u00e9olien offshore<\/strong>.<\/p>\n\n\n\n<p>Le principal d\u00e9fi op\u00e9rationnel demeure le raccordement au <strong>r\u00e9seau \u00e9lectrique<\/strong>. Les files d&rsquo;attente pour connecter de nouveaux projets aux infrastructures de transport sont longues, refl\u00e9tant le besoin massif d&rsquo;investissements pour absorber ces nouvelles capacit\u00e9s.<\/p>\n\n\n\n<h2 class=\"wp-block-heading\">Une transition port\u00e9e par les territoires<\/h2>\n\n\n\n<p>En conclusion, l&rsquo;exemple am\u00e9ricain d\u00e9montre que lorsque la maturit\u00e9 technologique d&rsquo;une fili\u00e8re est \u00e9tablie, son adoption s&rsquo;inscrit dans une logique d&rsquo;infrastructure territoriale. Si le cadre f\u00e9d\u00e9ral conserve une influence majeure, capable d&rsquo;acc\u00e9l\u00e9rer ou de ralentir le rythme global, la tendance de fond sur le solaire et l&rsquo;\u00e9olien terrestre semble solidement ancr\u00e9e.<\/p>\n\n\n\n<p>Port\u00e9es par la baisse des prix et la n\u00e9cessit\u00e9 de stabiliser l&rsquo;approvisionnement, les <strong>\u00e9nergies renouvelables<\/strong> sont devenues, dans plusieurs territoires, un pilier strat\u00e9gique de d\u00e9veloppement, ind\u00e9pendamment des cycles politiques nationaux.<\/p>\n","protected":false},"excerpt":{"rendered":"","protected":false},"author":2,"featured_media":593,"comment_status":"closed","ping_status":"closed","sticky":false,"template":"","format":"standard","meta":{"footnotes":""},"categories":[1],"tags":[],"class_list":["post-591","post","type-post","status-publish","format-standard","has-post-thumbnail","hentry","category-energies","masonry-post","generate-columns","tablet-grid-50","mobile-grid-100","grid-parent","grid-33"],"yoast_head":"<!-- This site is optimized with the Yoast SEO plugin v26.6 - https:\/\/yoast.com\/wordpress\/plugins\/seo\/ -->\n<title>\u00c9tats-Unis : pourquoi les \u00e9nergies renouvelables progressent malgr\u00e9 le contexte politique f\u00e9d\u00e9ral - ECOinfos<\/title>\n<meta name=\"description\" content=\"D\u00e9couvrez pourquoi le solaire et l&#039;\u00e9olien progressent aux \u00c9tats-Unis \u00e0 l&#039;\u00e9chelle locale, port\u00e9s par le pragmatisme \u00e9conomique et la s\u00e9curit\u00e9 \u00e9nerg\u00e9tique, malgr\u00e9 un contexte politique f\u00e9d\u00e9ral incertain.\" \/>\n<meta name=\"robots\" content=\"index, follow, max-snippet:-1, max-image-preview:large, max-video-preview:-1\" \/>\n<link rel=\"canonical\" href=\"https:\/\/www.les-energies-renouvelables.eu\/article\/actualites\/energies\/etats-unis-pourquoi-les-energies-renouvelables-progressent-malgre-le-contexte-politique-federal-591\/\" \/>\n<meta property=\"og:locale\" content=\"fr_FR\" \/>\n<meta property=\"og:type\" content=\"article\" \/>\n<meta property=\"og:title\" content=\"\u00c9tats-Unis : pourquoi les \u00e9nergies renouvelables progressent malgr\u00e9 le contexte politique f\u00e9d\u00e9ral - ECOinfos\" \/>\n<meta property=\"og:description\" content=\"D\u00e9couvrez pourquoi le solaire et l&#039;\u00e9olien progressent aux \u00c9tats-Unis \u00e0 l&#039;\u00e9chelle locale, port\u00e9s par le pragmatisme \u00e9conomique et la s\u00e9curit\u00e9 \u00e9nerg\u00e9tique, malgr\u00e9 un contexte politique f\u00e9d\u00e9ral incertain.\" \/>\n<meta property=\"og:url\" content=\"https:\/\/www.les-energies-renouvelables.eu\/article\/actualites\/energies\/etats-unis-pourquoi-les-energies-renouvelables-progressent-malgre-le-contexte-politique-federal-591\/\" \/>\n<meta property=\"og:site_name\" content=\"ECOinfos Energies renouvelables\" \/>\n<meta property=\"article:publisher\" content=\"https:\/\/www.facebook.com\/ecoannuaire.energierenouvelable\/\" \/>\n<meta property=\"article:author\" content=\"https:\/\/www.facebook.com\/tictacf2c\/\" \/>\n<meta property=\"article:published_time\" content=\"2026-04-25T08:00:00+00:00\" \/>\n<meta property=\"og:image\" content=\"https:\/\/www.les-energies-renouvelables.eu\/article\/actualites\/wp-content\/uploads\/2026\/04\/actualites-etats-unis-pourquoi-les-energies-renouvelables-progressent-malgre-le-contexte-politique-federal-energies-renouvelables-etats-unis.jpg\" \/>\n\t<meta property=\"og:image:width\" content=\"1200\" \/>\n\t<meta property=\"og:image:height\" content=\"675\" \/>\n\t<meta property=\"og:image:type\" content=\"image\/jpeg\" \/>\n<meta name=\"author\" content=\"Alexia JACQUARD\" \/>\n<meta name=\"twitter:card\" content=\"summary_large_image\" \/>\n<meta name=\"twitter:creator\" content=\"@alexiajcrd\" \/>\n<meta name=\"twitter:site\" content=\"@ECOinfosENR\" \/>\n<meta name=\"twitter:label1\" content=\"\u00c9crit par\" \/>\n\t<meta name=\"twitter:data1\" content=\"Alexia JACQUARD\" \/>\n\t<meta name=\"twitter:label2\" content=\"Dur\u00e9e de lecture estim\u00e9e\" \/>\n\t<meta name=\"twitter:data2\" content=\"5 minutes\" \/>\n<script type=\"application\/ld+json\" class=\"yoast-schema-graph\">{\"@context\":\"https:\/\/schema.org\",\"@graph\":[{\"@type\":\"Article\",\"@id\":\"https:\/\/www.les-energies-renouvelables.eu\/article\/actualites\/energies\/etats-unis-pourquoi-les-energies-renouvelables-progressent-malgre-le-contexte-politique-federal-591\/#article\",\"isPartOf\":{\"@id\":\"https:\/\/www.les-energies-renouvelables.eu\/article\/actualites\/energies\/etats-unis-pourquoi-les-energies-renouvelables-progressent-malgre-le-contexte-politique-federal-591\/\"},\"author\":{\"name\":\"Alexia JACQUARD\",\"@id\":\"https:\/\/www.les-energies-renouvelables.eu\/article\/actualites\/#\/schema\/person\/2c7d09eb5ca339c12ca8d86145440169\"},\"headline\":\"\u00c9tats-Unis : pourquoi les \u00e9nergies renouvelables progressent malgr\u00e9 le contexte politique f\u00e9d\u00e9ral\",\"datePublished\":\"2026-04-25T08:00:00+00:00\",\"mainEntityOfPage\":{\"@id\":\"https:\/\/www.les-energies-renouvelables.eu\/article\/actualites\/energies\/etats-unis-pourquoi-les-energies-renouvelables-progressent-malgre-le-contexte-politique-federal-591\/\"},\"wordCount\":936,\"publisher\":{\"@id\":\"https:\/\/www.les-energies-renouvelables.eu\/article\/actualites\/#organization\"},\"image\":{\"@id\":\"https:\/\/www.les-energies-renouvelables.eu\/article\/actualites\/energies\/etats-unis-pourquoi-les-energies-renouvelables-progressent-malgre-le-contexte-politique-federal-591\/#primaryimage\"},\"thumbnailUrl\":\"https:\/\/www.les-energies-renouvelables.eu\/article\/actualites\/wp-content\/uploads\/2026\/04\/actualites-etats-unis-pourquoi-les-energies-renouvelables-progressent-malgre-le-contexte-politique-federal-energies-renouvelables-etats-unis.jpg\",\"articleSection\":[\"\u00c9nergies\"],\"inLanguage\":\"fr-FR\"},{\"@type\":\"WebPage\",\"@id\":\"https:\/\/www.les-energies-renouvelables.eu\/article\/actualites\/energies\/etats-unis-pourquoi-les-energies-renouvelables-progressent-malgre-le-contexte-politique-federal-591\/\",\"url\":\"https:\/\/www.les-energies-renouvelables.eu\/article\/actualites\/energies\/etats-unis-pourquoi-les-energies-renouvelables-progressent-malgre-le-contexte-politique-federal-591\/\",\"name\":\"\u00c9tats-Unis : pourquoi les \u00e9nergies renouvelables progressent malgr\u00e9 le contexte politique f\u00e9d\u00e9ral - ECOinfos\",\"isPartOf\":{\"@id\":\"https:\/\/www.les-energies-renouvelables.eu\/article\/actualites\/#website\"},\"primaryImageOfPage\":{\"@id\":\"https:\/\/www.les-energies-renouvelables.eu\/article\/actualites\/energies\/etats-unis-pourquoi-les-energies-renouvelables-progressent-malgre-le-contexte-politique-federal-591\/#primaryimage\"},\"image\":{\"@id\":\"https:\/\/www.les-energies-renouvelables.eu\/article\/actualites\/energies\/etats-unis-pourquoi-les-energies-renouvelables-progressent-malgre-le-contexte-politique-federal-591\/#primaryimage\"},\"thumbnailUrl\":\"https:\/\/www.les-energies-renouvelables.eu\/article\/actualites\/wp-content\/uploads\/2026\/04\/actualites-etats-unis-pourquoi-les-energies-renouvelables-progressent-malgre-le-contexte-politique-federal-energies-renouvelables-etats-unis.jpg\",\"datePublished\":\"2026-04-25T08:00:00+00:00\",\"description\":\"D\u00e9couvrez pourquoi le solaire et l'\u00e9olien progressent aux \u00c9tats-Unis \u00e0 l'\u00e9chelle locale, port\u00e9s par le pragmatisme \u00e9conomique et la s\u00e9curit\u00e9 \u00e9nerg\u00e9tique, malgr\u00e9 un contexte politique f\u00e9d\u00e9ral incertain.\",\"breadcrumb\":{\"@id\":\"https:\/\/www.les-energies-renouvelables.eu\/article\/actualites\/energies\/etats-unis-pourquoi-les-energies-renouvelables-progressent-malgre-le-contexte-politique-federal-591\/#breadcrumb\"},\"inLanguage\":\"fr-FR\",\"potentialAction\":[{\"@type\":\"ReadAction\",\"target\":[\"https:\/\/www.les-energies-renouvelables.eu\/article\/actualites\/energies\/etats-unis-pourquoi-les-energies-renouvelables-progressent-malgre-le-contexte-politique-federal-591\/\"]}]},{\"@type\":\"ImageObject\",\"inLanguage\":\"fr-FR\",\"@id\":\"https:\/\/www.les-energies-renouvelables.eu\/article\/actualites\/energies\/etats-unis-pourquoi-les-energies-renouvelables-progressent-malgre-le-contexte-politique-federal-591\/#primaryimage\",\"url\":\"https:\/\/www.les-energies-renouvelables.eu\/article\/actualites\/wp-content\/uploads\/2026\/04\/actualites-etats-unis-pourquoi-les-energies-renouvelables-progressent-malgre-le-contexte-politique-federal-energies-renouvelables-etats-unis.jpg\",\"contentUrl\":\"https:\/\/www.les-energies-renouvelables.eu\/article\/actualites\/wp-content\/uploads\/2026\/04\/actualites-etats-unis-pourquoi-les-energies-renouvelables-progressent-malgre-le-contexte-politique-federal-energies-renouvelables-etats-unis.jpg\",\"width\":1200,\"height\":675,\"caption\":\"Photo de Quang Nguyen Vinh: https:\/\/www.pexels.com\/fr-fr\/photo\/35105441\/\"},{\"@type\":\"BreadcrumbList\",\"@id\":\"https:\/\/www.les-energies-renouvelables.eu\/article\/actualites\/energies\/etats-unis-pourquoi-les-energies-renouvelables-progressent-malgre-le-contexte-politique-federal-591\/#breadcrumb\",\"itemListElement\":[{\"@type\":\"ListItem\",\"position\":1,\"name\":\"Accueil\",\"item\":\"https:\/\/www.les-energies-renouvelables.eu\/article\/actualites\/\"},{\"@type\":\"ListItem\",\"position\":2,\"name\":\"\u00c9tats-Unis : pourquoi les \u00e9nergies renouvelables progressent malgr\u00e9 le contexte politique f\u00e9d\u00e9ral\"}]},{\"@type\":\"WebSite\",\"@id\":\"https:\/\/www.les-energies-renouvelables.eu\/article\/actualites\/#website\",\"url\":\"https:\/\/www.les-energies-renouvelables.eu\/article\/actualites\/\",\"name\":\"ECOinfos Energies renouvelables\",\"description\":\"Le d\u00e9cryptage quotidien du secteur des \u00e9nergies renouvelables\",\"publisher\":{\"@id\":\"https:\/\/www.les-energies-renouvelables.eu\/article\/actualites\/#organization\"},\"potentialAction\":[{\"@type\":\"SearchAction\",\"target\":{\"@type\":\"EntryPoint\",\"urlTemplate\":\"https:\/\/www.les-energies-renouvelables.eu\/article\/actualites\/?s={search_term_string}\"},\"query-input\":{\"@type\":\"PropertyValueSpecification\",\"valueRequired\":true,\"valueName\":\"search_term_string\"}}],\"inLanguage\":\"fr-FR\"},{\"@type\":\"Organization\",\"@id\":\"https:\/\/www.les-energies-renouvelables.eu\/article\/actualites\/#organization\",\"name\":\"ECOinfos Energies renouvelables\",\"url\":\"https:\/\/www.les-energies-renouvelables.eu\/article\/actualites\/\",\"logo\":{\"@type\":\"ImageObject\",\"inLanguage\":\"fr-FR\",\"@id\":\"https:\/\/www.les-energies-renouvelables.eu\/article\/actualites\/#\/schema\/logo\/image\/\",\"url\":\"https:\/\/www.les-energies-renouvelables.eu\/article\/actualites\/wp-content\/uploads\/2025\/11\/ecoinfos.eldorado-consulting.com-logo-logo.svg\",\"contentUrl\":\"https:\/\/www.les-energies-renouvelables.eu\/article\/actualites\/wp-content\/uploads\/2025\/11\/ecoinfos.eldorado-consulting.com-logo-logo.svg\",\"caption\":\"ECOinfos Energies renouvelables\"},\"image\":{\"@id\":\"https:\/\/www.les-energies-renouvelables.eu\/article\/actualites\/#\/schema\/logo\/image\/\"},\"sameAs\":[\"https:\/\/www.facebook.com\/ecoannuaire.energierenouvelable\/\",\"https:\/\/x.com\/ECOinfosENR\",\"https:\/\/www.linkedin.com\/company\/ecoinfos-energies-renouvelables\/\",\"https:\/\/www.youtube.com\/@ecoinfosenergies\",\"https:\/\/share.google\/dyKHJPxAV42WhhjbM\"]},{\"@type\":\"Person\",\"@id\":\"https:\/\/www.les-energies-renouvelables.eu\/article\/actualites\/#\/schema\/person\/2c7d09eb5ca339c12ca8d86145440169\",\"name\":\"Alexia JACQUARD\",\"pronouns\":\"elle\/elle\",\"image\":{\"@type\":\"ImageObject\",\"inLanguage\":\"fr-FR\",\"@id\":\"https:\/\/www.les-energies-renouvelables.eu\/article\/actualites\/#\/schema\/person\/image\/\",\"url\":\"https:\/\/www.les-energies-renouvelables.eu\/article\/actualites\/wp-content\/uploads\/2026\/01\/actualites-alexia-jacquard-alexia-jacquard-160x160.jpg\",\"contentUrl\":\"https:\/\/www.les-energies-renouvelables.eu\/article\/actualites\/wp-content\/uploads\/2026\/01\/actualites-alexia-jacquard-alexia-jacquard-160x160.jpg\",\"caption\":\"Alexia JACQUARD\"},\"description\":\"Curieuse de nature et attentif aux enjeux du d\u00e9veloppement durable, Alexia Jacquard suit l'actualit\u00e9 des \u00e9nergies renouvelables pour partager les derni\u00e8res nouveaut\u00e9s du secteur. Elle s'attache \u00e0 retranscrire simplement les informations cl\u00e9s et les initiatives positives qui marquent la transition \u00e9nerg\u00e9tique. Son objectif : proposer des articles d'actualit\u00e9 clairs et accessibles pour tous ceux qui s'int\u00e9ressent \u00e0 l'avenir de notre \u00e9nergie.\",\"sameAs\":[\"https:\/\/alexia-jacquard.fr\",\"https:\/\/www.facebook.com\/tictacf2c\/\",\"https:\/\/www.instagram.com\/alexia_redac\/\",\"https:\/\/www.linkedin.com\/in\/alexia-jacquard-449a4b289\/\",\"https:\/\/fr.pinterest.com\/alexiajacquard\/\",\"https:\/\/x.com\/alexiajcrd\",\"https:\/\/www.youtube.com\/@Thepaindemie\",\"https:\/\/muckrack.com\/alexia-jacquard\"],\"url\":\"https:\/\/www.les-energies-renouvelables.eu\/article\/actualites\/author\/alexia-jacquard\/\"}]}<\/script>\n<!-- \/ Yoast SEO plugin. -->","yoast_head_json":{"title":"\u00c9tats-Unis : pourquoi les \u00e9nergies renouvelables progressent malgr\u00e9 le contexte politique f\u00e9d\u00e9ral - ECOinfos","description":"D\u00e9couvrez pourquoi le solaire et l'\u00e9olien progressent aux \u00c9tats-Unis \u00e0 l'\u00e9chelle locale, port\u00e9s par le pragmatisme \u00e9conomique et la s\u00e9curit\u00e9 \u00e9nerg\u00e9tique, malgr\u00e9 un contexte politique f\u00e9d\u00e9ral incertain.","robots":{"index":"index","follow":"follow","max-snippet":"max-snippet:-1","max-image-preview":"max-image-preview:large","max-video-preview":"max-video-preview:-1"},"canonical":"https:\/\/www.les-energies-renouvelables.eu\/article\/actualites\/energies\/etats-unis-pourquoi-les-energies-renouvelables-progressent-malgre-le-contexte-politique-federal-591\/","og_locale":"fr_FR","og_type":"article","og_title":"\u00c9tats-Unis : pourquoi les \u00e9nergies renouvelables progressent malgr\u00e9 le contexte politique f\u00e9d\u00e9ral - ECOinfos","og_description":"D\u00e9couvrez pourquoi le solaire et l'\u00e9olien progressent aux \u00c9tats-Unis \u00e0 l'\u00e9chelle locale, port\u00e9s par le pragmatisme \u00e9conomique et la s\u00e9curit\u00e9 \u00e9nerg\u00e9tique, malgr\u00e9 un contexte politique f\u00e9d\u00e9ral incertain.","og_url":"https:\/\/www.les-energies-renouvelables.eu\/article\/actualites\/energies\/etats-unis-pourquoi-les-energies-renouvelables-progressent-malgre-le-contexte-politique-federal-591\/","og_site_name":"ECOinfos Energies renouvelables","article_publisher":"https:\/\/www.facebook.com\/ecoannuaire.energierenouvelable\/","article_author":"https:\/\/www.facebook.com\/tictacf2c\/","article_published_time":"2026-04-25T08:00:00+00:00","og_image":[{"width":1200,"height":675,"url":"https:\/\/www.les-energies-renouvelables.eu\/article\/actualites\/wp-content\/uploads\/2026\/04\/actualites-etats-unis-pourquoi-les-energies-renouvelables-progressent-malgre-le-contexte-politique-federal-energies-renouvelables-etats-unis.jpg","type":"image\/jpeg"}],"author":"Alexia JACQUARD","twitter_card":"summary_large_image","twitter_creator":"@alexiajcrd","twitter_site":"@ECOinfosENR","twitter_misc":{"\u00c9crit par":"Alexia JACQUARD","Dur\u00e9e de lecture estim\u00e9e":"5 minutes"},"schema":{"@context":"https:\/\/schema.org","@graph":[{"@type":"Article","@id":"https:\/\/www.les-energies-renouvelables.eu\/article\/actualites\/energies\/etats-unis-pourquoi-les-energies-renouvelables-progressent-malgre-le-contexte-politique-federal-591\/#article","isPartOf":{"@id":"https:\/\/www.les-energies-renouvelables.eu\/article\/actualites\/energies\/etats-unis-pourquoi-les-energies-renouvelables-progressent-malgre-le-contexte-politique-federal-591\/"},"author":{"name":"Alexia JACQUARD","@id":"https:\/\/www.les-energies-renouvelables.eu\/article\/actualites\/#\/schema\/person\/2c7d09eb5ca339c12ca8d86145440169"},"headline":"\u00c9tats-Unis : pourquoi les \u00e9nergies renouvelables progressent malgr\u00e9 le contexte politique f\u00e9d\u00e9ral","datePublished":"2026-04-25T08:00:00+00:00","mainEntityOfPage":{"@id":"https:\/\/www.les-energies-renouvelables.eu\/article\/actualites\/energies\/etats-unis-pourquoi-les-energies-renouvelables-progressent-malgre-le-contexte-politique-federal-591\/"},"wordCount":936,"publisher":{"@id":"https:\/\/www.les-energies-renouvelables.eu\/article\/actualites\/#organization"},"image":{"@id":"https:\/\/www.les-energies-renouvelables.eu\/article\/actualites\/energies\/etats-unis-pourquoi-les-energies-renouvelables-progressent-malgre-le-contexte-politique-federal-591\/#primaryimage"},"thumbnailUrl":"https:\/\/www.les-energies-renouvelables.eu\/article\/actualites\/wp-content\/uploads\/2026\/04\/actualites-etats-unis-pourquoi-les-energies-renouvelables-progressent-malgre-le-contexte-politique-federal-energies-renouvelables-etats-unis.jpg","articleSection":["\u00c9nergies"],"inLanguage":"fr-FR"},{"@type":"WebPage","@id":"https:\/\/www.les-energies-renouvelables.eu\/article\/actualites\/energies\/etats-unis-pourquoi-les-energies-renouvelables-progressent-malgre-le-contexte-politique-federal-591\/","url":"https:\/\/www.les-energies-renouvelables.eu\/article\/actualites\/energies\/etats-unis-pourquoi-les-energies-renouvelables-progressent-malgre-le-contexte-politique-federal-591\/","name":"\u00c9tats-Unis : pourquoi les \u00e9nergies renouvelables progressent malgr\u00e9 le contexte politique f\u00e9d\u00e9ral - ECOinfos","isPartOf":{"@id":"https:\/\/www.les-energies-renouvelables.eu\/article\/actualites\/#website"},"primaryImageOfPage":{"@id":"https:\/\/www.les-energies-renouvelables.eu\/article\/actualites\/energies\/etats-unis-pourquoi-les-energies-renouvelables-progressent-malgre-le-contexte-politique-federal-591\/#primaryimage"},"image":{"@id":"https:\/\/www.les-energies-renouvelables.eu\/article\/actualites\/energies\/etats-unis-pourquoi-les-energies-renouvelables-progressent-malgre-le-contexte-politique-federal-591\/#primaryimage"},"thumbnailUrl":"https:\/\/www.les-energies-renouvelables.eu\/article\/actualites\/wp-content\/uploads\/2026\/04\/actualites-etats-unis-pourquoi-les-energies-renouvelables-progressent-malgre-le-contexte-politique-federal-energies-renouvelables-etats-unis.jpg","datePublished":"2026-04-25T08:00:00+00:00","description":"D\u00e9couvrez pourquoi le solaire et l'\u00e9olien progressent aux \u00c9tats-Unis \u00e0 l'\u00e9chelle locale, port\u00e9s par le pragmatisme \u00e9conomique et la s\u00e9curit\u00e9 \u00e9nerg\u00e9tique, malgr\u00e9 un contexte politique f\u00e9d\u00e9ral incertain.","breadcrumb":{"@id":"https:\/\/www.les-energies-renouvelables.eu\/article\/actualites\/energies\/etats-unis-pourquoi-les-energies-renouvelables-progressent-malgre-le-contexte-politique-federal-591\/#breadcrumb"},"inLanguage":"fr-FR","potentialAction":[{"@type":"ReadAction","target":["https:\/\/www.les-energies-renouvelables.eu\/article\/actualites\/energies\/etats-unis-pourquoi-les-energies-renouvelables-progressent-malgre-le-contexte-politique-federal-591\/"]}]},{"@type":"ImageObject","inLanguage":"fr-FR","@id":"https:\/\/www.les-energies-renouvelables.eu\/article\/actualites\/energies\/etats-unis-pourquoi-les-energies-renouvelables-progressent-malgre-le-contexte-politique-federal-591\/#primaryimage","url":"https:\/\/www.les-energies-renouvelables.eu\/article\/actualites\/wp-content\/uploads\/2026\/04\/actualites-etats-unis-pourquoi-les-energies-renouvelables-progressent-malgre-le-contexte-politique-federal-energies-renouvelables-etats-unis.jpg","contentUrl":"https:\/\/www.les-energies-renouvelables.eu\/article\/actualites\/wp-content\/uploads\/2026\/04\/actualites-etats-unis-pourquoi-les-energies-renouvelables-progressent-malgre-le-contexte-politique-federal-energies-renouvelables-etats-unis.jpg","width":1200,"height":675,"caption":"Photo de Quang Nguyen Vinh: https:\/\/www.pexels.com\/fr-fr\/photo\/35105441\/"},{"@type":"BreadcrumbList","@id":"https:\/\/www.les-energies-renouvelables.eu\/article\/actualites\/energies\/etats-unis-pourquoi-les-energies-renouvelables-progressent-malgre-le-contexte-politique-federal-591\/#breadcrumb","itemListElement":[{"@type":"ListItem","position":1,"name":"Accueil","item":"https:\/\/www.les-energies-renouvelables.eu\/article\/actualites\/"},{"@type":"ListItem","position":2,"name":"\u00c9tats-Unis : pourquoi les \u00e9nergies renouvelables progressent malgr\u00e9 le contexte politique f\u00e9d\u00e9ral"}]},{"@type":"WebSite","@id":"https:\/\/www.les-energies-renouvelables.eu\/article\/actualites\/#website","url":"https:\/\/www.les-energies-renouvelables.eu\/article\/actualites\/","name":"ECOinfos Energies renouvelables","description":"Le d\u00e9cryptage quotidien du secteur des \u00e9nergies renouvelables","publisher":{"@id":"https:\/\/www.les-energies-renouvelables.eu\/article\/actualites\/#organization"},"potentialAction":[{"@type":"SearchAction","target":{"@type":"EntryPoint","urlTemplate":"https:\/\/www.les-energies-renouvelables.eu\/article\/actualites\/?s={search_term_string}"},"query-input":{"@type":"PropertyValueSpecification","valueRequired":true,"valueName":"search_term_string"}}],"inLanguage":"fr-FR"},{"@type":"Organization","@id":"https:\/\/www.les-energies-renouvelables.eu\/article\/actualites\/#organization","name":"ECOinfos Energies renouvelables","url":"https:\/\/www.les-energies-renouvelables.eu\/article\/actualites\/","logo":{"@type":"ImageObject","inLanguage":"fr-FR","@id":"https:\/\/www.les-energies-renouvelables.eu\/article\/actualites\/#\/schema\/logo\/image\/","url":"https:\/\/www.les-energies-renouvelables.eu\/article\/actualites\/wp-content\/uploads\/2025\/11\/ecoinfos.eldorado-consulting.com-logo-logo.svg","contentUrl":"https:\/\/www.les-energies-renouvelables.eu\/article\/actualites\/wp-content\/uploads\/2025\/11\/ecoinfos.eldorado-consulting.com-logo-logo.svg","caption":"ECOinfos Energies renouvelables"},"image":{"@id":"https:\/\/www.les-energies-renouvelables.eu\/article\/actualites\/#\/schema\/logo\/image\/"},"sameAs":["https:\/\/www.facebook.com\/ecoannuaire.energierenouvelable\/","https:\/\/x.com\/ECOinfosENR","https:\/\/www.linkedin.com\/company\/ecoinfos-energies-renouvelables\/","https:\/\/www.youtube.com\/@ecoinfosenergies","https:\/\/share.google\/dyKHJPxAV42WhhjbM"]},{"@type":"Person","@id":"https:\/\/www.les-energies-renouvelables.eu\/article\/actualites\/#\/schema\/person\/2c7d09eb5ca339c12ca8d86145440169","name":"Alexia JACQUARD","pronouns":"elle\/elle","image":{"@type":"ImageObject","inLanguage":"fr-FR","@id":"https:\/\/www.les-energies-renouvelables.eu\/article\/actualites\/#\/schema\/person\/image\/","url":"https:\/\/www.les-energies-renouvelables.eu\/article\/actualites\/wp-content\/uploads\/2026\/01\/actualites-alexia-jacquard-alexia-jacquard-160x160.jpg","contentUrl":"https:\/\/www.les-energies-renouvelables.eu\/article\/actualites\/wp-content\/uploads\/2026\/01\/actualites-alexia-jacquard-alexia-jacquard-160x160.jpg","caption":"Alexia JACQUARD"},"description":"Curieuse de nature et attentif aux enjeux du d\u00e9veloppement durable, Alexia Jacquard suit l'actualit\u00e9 des \u00e9nergies renouvelables pour partager les derni\u00e8res nouveaut\u00e9s du secteur. Elle s'attache \u00e0 retranscrire simplement les informations cl\u00e9s et les initiatives positives qui marquent la transition \u00e9nerg\u00e9tique. Son objectif : proposer des articles d'actualit\u00e9 clairs et accessibles pour tous ceux qui s'int\u00e9ressent \u00e0 l'avenir de notre \u00e9nergie.","sameAs":["https:\/\/alexia-jacquard.fr","https:\/\/www.facebook.com\/tictacf2c\/","https:\/\/www.instagram.com\/alexia_redac\/","https:\/\/www.linkedin.com\/in\/alexia-jacquard-449a4b289\/","https:\/\/fr.pinterest.com\/alexiajacquard\/","https:\/\/x.com\/alexiajcrd","https:\/\/www.youtube.com\/@Thepaindemie","https:\/\/muckrack.com\/alexia-jacquard"],"url":"https:\/\/www.les-energies-renouvelables.eu\/article\/actualites\/author\/alexia-jacquard\/"}]}},"_links":{"self":[{"href":"https:\/\/www.les-energies-renouvelables.eu\/article\/actualites\/wp-json\/wp\/v2\/posts\/591","targetHints":{"allow":["GET"]}}],"collection":[{"href":"https:\/\/www.les-energies-renouvelables.eu\/article\/actualites\/wp-json\/wp\/v2\/posts"}],"about":[{"href":"https:\/\/www.les-energies-renouvelables.eu\/article\/actualites\/wp-json\/wp\/v2\/types\/post"}],"author":[{"embeddable":true,"href":"https:\/\/www.les-energies-renouvelables.eu\/article\/actualites\/wp-json\/wp\/v2\/users\/2"}],"replies":[{"embeddable":true,"href":"https:\/\/www.les-energies-renouvelables.eu\/article\/actualites\/wp-json\/wp\/v2\/comments?post=591"}],"version-history":[{"count":1,"href":"https:\/\/www.les-energies-renouvelables.eu\/article\/actualites\/wp-json\/wp\/v2\/posts\/591\/revisions"}],"predecessor-version":[{"id":592,"href":"https:\/\/www.les-energies-renouvelables.eu\/article\/actualites\/wp-json\/wp\/v2\/posts\/591\/revisions\/592"}],"wp:featuredmedia":[{"embeddable":true,"href":"https:\/\/www.les-energies-renouvelables.eu\/article\/actualites\/wp-json\/wp\/v2\/media\/593"}],"wp:attachment":[{"href":"https:\/\/www.les-energies-renouvelables.eu\/article\/actualites\/wp-json\/wp\/v2\/media?parent=591"}],"wp:term":[{"taxonomy":"category","embeddable":true,"href":"https:\/\/www.les-energies-renouvelables.eu\/article\/actualites\/wp-json\/wp\/v2\/categories?post=591"},{"taxonomy":"post_tag","embeddable":true,"href":"https:\/\/www.les-energies-renouvelables.eu\/article\/actualites\/wp-json\/wp\/v2\/tags?post=591"}],"curies":[{"name":"wp","href":"https:\/\/api.w.org\/{rel}","templated":true}]}}