{"id":588,"date":"2026-04-24T10:16:00","date_gmt":"2026-04-24T08:16:00","guid":{"rendered":"https:\/\/www.les-energies-renouvelables.eu\/article\/actualites\/?p=588"},"modified":"2026-04-24T09:17:24","modified_gmt":"2026-04-24T07:17:24","slug":"mix-electrique-mondial-les-energies-renouvelables-devancent-desormais-le-charbon","status":"publish","type":"post","link":"https:\/\/www.les-energies-renouvelables.eu\/article\/actualites\/energies\/mix-electrique-mondial-les-energies-renouvelables-devancent-desormais-le-charbon-588\/","title":{"rendered":"Mix \u00e9lectrique mondial : les \u00e9nergies renouvelables devancent d\u00e9sormais le charbon"},"content":{"rendered":"\n<p>R\u00e9sum\u00e9 :<\/p>\n\n\n\n<ul class=\"wp-block-list\">\n<li><strong>Bilan historique :<\/strong> Selon les donn\u00e9es d\u2019Ember, les <strong>\u00e9nergies renouvelables<\/strong> (solaire, \u00e9olien et hydraulique) ont g\u00e9n\u00e9r\u00e9 <strong>34 %<\/strong> de la production \u00e9lectrique mondiale en 2025, contre <strong>33 %<\/strong> pour le charbon.<\/li>\n\n\n\n<li><strong>Le solaire, premier vecteur de croissance :<\/strong> Il repr\u00e9sente environ <strong>80 %<\/strong> de l\u2019augmentation des capacit\u00e9s de production projet\u00e9es d&rsquo;ici 2030 par l&rsquo;AIE.<\/li>\n\n\n\n<li><strong>Impact \u00e9conomique :<\/strong> Depuis 2010, le d\u00e9ploiement des EnR a permis aux pays importateurs d&rsquo;\u00e9conomiser environ <strong>1 300 milliards de dollars<\/strong> en achats de combustibles fossiles.<\/li>\n\n\n\n<li><strong>Perspectives 2030 :<\/strong> Les projections de l&rsquo;AIE pr\u00e9voient que ces fili\u00e8res couvriront <strong>43 %<\/strong> de la g\u00e9n\u00e9ration \u00e9lectrique mondiale d&rsquo;ici la fin de la d\u00e9cennie.<\/li>\n<\/ul>\n\n\n\n<p>Le <strong>charbon<\/strong> a constitu\u00e9 le socle de l&rsquo;approvisionnement \u00e9lectrique mondial pendant plus d&rsquo;un si\u00e8cle. Cependant, l&rsquo;ann\u00e9e 2025 marque un point d&rsquo;inflexion significatif : selon le dernier bilan du groupe de r\u00e9flexion Ember, les <strong>sources renouvelables<\/strong>, port\u00e9es par le solaire, l&rsquo;\u00e9olien et l&rsquo;hydraulique, ont assur\u00e9 un tiers de la production \u00e9lectrique mondiale, devan\u00e7ant pour la premi\u00e8re fois la part du charbon.<\/p>\n\n\n\n<p>Cette \u00e9volution du mix n\u2019est plus une projection, mais une r\u00e9alit\u00e9 statistique mesurable. L&rsquo;Agence Internationale de l&rsquo;\u00c9nergie (AIE), dans son rapport <em>Renewables 2025<\/em>, anticipe que ce d\u00e9passement devrait se confirmer entre fin 2025 et mi-2026, l&rsquo;\u00e9ch\u00e9ance pr\u00e9cise d\u00e9pendant des variations de la <strong>production hydraulique<\/strong>. Trois facteurs principaux soutiennent cette dynamique.<\/p>\n\n\n\n<h2 class=\"wp-block-heading\">Une comp\u00e9titivit\u00e9 \u00e9conomique confirm\u00e9e<\/h2>\n\n\n\n<p>La perception des \u00e9nergies renouvelables comme des solutions on\u00e9reuses est aujourd&rsquo;hui remise en question par l&rsquo;\u00e9volution des march\u00e9s. Le <strong>photovolta\u00efque<\/strong> et l&rsquo;<strong>\u00e9olien terrestre<\/strong> constituent d\u00e9sormais les options les plus comp\u00e9titives pour l&rsquo;installation de nouvelles infrastructures dans la quasi-totalit\u00e9 des r\u00e9gions du globe.<\/p>\n\n\n\n<p>En Inde comme en Europe, ces fili\u00e8res pr\u00e9sentent des <strong>co\u00fbts de g\u00e9n\u00e9ration<\/strong> inf\u00e9rieurs \u00e0 ceux des centrales thermiques pour les nouveaux projets. Cette tendance est accentu\u00e9e par une baisse continue des prix de fabrication : en Chine, le tarif des <strong>modules solaires<\/strong> a chut\u00e9 de plus de <strong>60 %<\/strong> depuis 2023.<\/p>\n\n\n\n<p>Au-del\u00e0 de l&rsquo;investissement initial, les EnR prot\u00e8gent les \u00e9conomies contre la volatilit\u00e9 des cours des \u00e9nergies fossiles. L&rsquo;AIE estime que sans le d\u00e9ploiement des installations non hydrauliques entre 2021 et 2023, les d\u00e9penses d&rsquo;importation de combustibles auraient \u00e9t\u00e9 sup\u00e9rieures de plus de <strong>500 milliards de dollars<\/strong> pour la seule ann\u00e9e 2022.<\/p>\n\n\n\n<h2 class=\"wp-block-heading\">Un d\u00e9ploiement industriel \u00e0 grande \u00e9chelle<\/h2>\n\n\n\n<p>Depuis 2010, le monde a mis en service environ <strong>2 500 GW<\/strong> de capacit\u00e9s renouvelables (hors hydro\u00e9lectricit\u00e9). Ce changement d&rsquo;\u00e9chelle t\u00e9moigne d&rsquo;une mont\u00e9e en puissance industrielle sans pr\u00e9c\u00e9dent, particuli\u00e8rement dans les zones cherchant \u00e0 limiter leur d\u00e9pendance aux ressources import\u00e9es.<\/p>\n\n\n\n<ul class=\"wp-block-list\">\n<li><strong>La Chine<\/strong> concentre pr\u00e8s de <strong>60 %<\/strong> de la croissance mondiale du parc.<\/li>\n\n\n\n<li><strong>L&rsquo;Inde<\/strong> pr\u00e9voit de multiplier ses installations par 2,5 d&rsquo;ici 2030.<\/li>\n\n\n\n<li><strong>L&rsquo;Union Europ\u00e9enne<\/strong> devrait voir sa puissance install\u00e9e passer de 683 GW en 2024 \u00e0 plus de <strong>1 100 GW<\/strong> d&rsquo;ici la fin de la d\u00e9cennie.<\/li>\n<\/ul>\n\n\n\n<p>Cette dynamique renforce directement la <strong>s\u00e9curit\u00e9 \u00e9nerg\u00e9tique<\/strong> : les pays \u00e9quip\u00e9s auraient d\u00fb importer <strong>45 %<\/strong> de charbon et de gaz suppl\u00e9mentaire en 2023 si ces infrastructures n&rsquo;avaient pas \u00e9t\u00e9 disponibles.<\/p>\n\n\n\n<h2 class=\"wp-block-heading\">L&rsquo;enjeu de l&rsquo;int\u00e9gration et de la stabilit\u00e9 des r\u00e9seaux<\/h2>\n\n\n\n<p>D\u2019ici 2030, la part du solaire et de l&rsquo;\u00e9olien dans le mix \u00e9lectrique devrait atteindre <strong>28 %<\/strong>, contre environ 14 % aujourd&rsquo;hui. Cette progression rapide n\u00e9cessite une adaptation profonde des r\u00e9seaux.<\/p>\n\n\n\n<p>Pour garantir la s\u00e9curit\u00e9 des syst\u00e8mes, les investissements se tournent vers des solutions de <strong>flexibilit\u00e9<\/strong> : stockage par <strong>batteries<\/strong>, pompage-turbinage (dont les additions annuelles devraient doubler d&rsquo;ici 2030) et pilotage de la demande. Dans cette configuration, les sources variables deviennent une composante majeure, fonctionnant en compl\u00e9mentarit\u00e9 avec d&rsquo;autres \u00e9nergies d\u00e9carbon\u00e9es, comme l&rsquo;hydraulique, la <strong>bio\u00e9nergie<\/strong> ou le <strong>nucl\u00e9aire<\/strong>, pour assurer l&rsquo;\u00e9quilibre du r\u00e9seau.<\/p>\n\n\n\n<p>Pour la premi\u00e8re fois, les renouvelables devancent le charbon dans la hi\u00e9rarchie mondiale de la production d&rsquo;\u00e9lectricit\u00e9. Ce recul relatif du charbon est d\u00e9sormais une r\u00e9alit\u00e9 concr\u00e8te, confirm\u00e9e par les chiffres de g\u00e9n\u00e9ration.<\/p>\n\n\n\n<p>Toutefois, le chemin reste important pour atteindre l&rsquo;objectif de triplement des capacit\u00e9s fix\u00e9 lors de la <strong>COP28<\/strong> (<strong>11 500 GW<\/strong> d&rsquo;ici 2030). Le sc\u00e9nario principal de l&rsquo;AIE projette actuellement 9 530 GW \u00e0 cette \u00e9ch\u00e9ance. La capacit\u00e9 des \u00c9tats \u00e0 lever les freins financiers et \u00e0 moderniser les r\u00e9seaux \u00e9lectriques d\u00e9terminera si cette transition peut s&rsquo;acc\u00e9l\u00e9rer pour r\u00e9duire durablement la part des \u00e9nergies fossiles dans la production mondiale.<\/p>\n\n\n\n<p><strong>Sources :<\/strong><em>Bilan annuel Ember (avril 2026), Rapport AIE Renewables 2025 (publi\u00e9 en octobre 2025).<\/em><\/p>\n","protected":false},"excerpt":{"rendered":"","protected":false},"author":2,"featured_media":590,"comment_status":"closed","ping_status":"closed","sticky":false,"template":"","format":"standard","meta":{"footnotes":""},"categories":[1],"tags":[],"class_list":["post-588","post","type-post","status-publish","format-standard","has-post-thumbnail","hentry","category-energies","masonry-post","generate-columns","tablet-grid-50","mobile-grid-100","grid-parent","grid-33"],"yoast_head":"<!-- This site is optimized with the Yoast SEO plugin v26.6 - https:\/\/yoast.com\/wordpress\/plugins\/seo\/ -->\n<title>Mix \u00e9lectrique mondial : les \u00e9nergies renouvelables devancent d\u00e9sormais le charbon - ECOinfos<\/title>\n<meta name=\"description\" content=\"D\u00e9couvrez pourquoi les \u00e9nergies renouvelables d\u00e9passent d\u00e9sormais le charbon dans la production \u00e9lectrique mondiale. Analyse des chiffres Ember et AIE, baisse des co\u00fbts du solaire et enjeux de souverainet\u00e9 \u00e9nerg\u00e9tique pour 2030.\" \/>\n<meta name=\"robots\" content=\"index, follow, max-snippet:-1, max-image-preview:large, max-video-preview:-1\" \/>\n<link rel=\"canonical\" href=\"https:\/\/www.les-energies-renouvelables.eu\/article\/actualites\/energies\/mix-electrique-mondial-les-energies-renouvelables-devancent-desormais-le-charbon-588\/\" \/>\n<meta property=\"og:locale\" content=\"fr_FR\" \/>\n<meta property=\"og:type\" content=\"article\" \/>\n<meta property=\"og:title\" content=\"Mix \u00e9lectrique mondial : les \u00e9nergies renouvelables devancent d\u00e9sormais le charbon - ECOinfos\" \/>\n<meta property=\"og:description\" content=\"D\u00e9couvrez pourquoi les \u00e9nergies renouvelables d\u00e9passent d\u00e9sormais le charbon dans la production \u00e9lectrique mondiale. Analyse des chiffres Ember et AIE, baisse des co\u00fbts du solaire et enjeux de souverainet\u00e9 \u00e9nerg\u00e9tique pour 2030.\" \/>\n<meta property=\"og:url\" content=\"https:\/\/www.les-energies-renouvelables.eu\/article\/actualites\/energies\/mix-electrique-mondial-les-energies-renouvelables-devancent-desormais-le-charbon-588\/\" \/>\n<meta property=\"og:site_name\" content=\"ECOinfos Energies renouvelables\" \/>\n<meta property=\"article:publisher\" content=\"https:\/\/www.facebook.com\/ecoannuaire.energierenouvelable\/\" \/>\n<meta property=\"article:author\" content=\"https:\/\/www.facebook.com\/tictacf2c\/\" \/>\n<meta property=\"article:published_time\" content=\"2026-04-24T08:16:00+00:00\" \/>\n<meta property=\"og:image\" content=\"https:\/\/www.les-energies-renouvelables.eu\/article\/actualites\/wp-content\/uploads\/2026\/04\/actualites-mix-electrique-mondial-les-energies-renouvelables-devancent-desormais-le-charbon-mix-electrique-mondial-renouvelables-charbon.jpg\" \/>\n\t<meta property=\"og:image:width\" content=\"1200\" \/>\n\t<meta property=\"og:image:height\" content=\"675\" \/>\n\t<meta property=\"og:image:type\" content=\"image\/jpeg\" \/>\n<meta name=\"author\" content=\"Alexia JACQUARD\" \/>\n<meta name=\"twitter:card\" content=\"summary_large_image\" \/>\n<meta name=\"twitter:creator\" content=\"@alexiajcrd\" \/>\n<meta name=\"twitter:site\" content=\"@ECOinfosENR\" \/>\n<meta name=\"twitter:label1\" content=\"\u00c9crit par\" \/>\n\t<meta name=\"twitter:data1\" content=\"Alexia JACQUARD\" \/>\n\t<meta name=\"twitter:label2\" content=\"Dur\u00e9e de lecture estim\u00e9e\" \/>\n\t<meta name=\"twitter:data2\" content=\"4 minutes\" \/>\n<script type=\"application\/ld+json\" class=\"yoast-schema-graph\">{\"@context\":\"https:\/\/schema.org\",\"@graph\":[{\"@type\":\"Article\",\"@id\":\"https:\/\/www.les-energies-renouvelables.eu\/article\/actualites\/energies\/mix-electrique-mondial-les-energies-renouvelables-devancent-desormais-le-charbon-588\/#article\",\"isPartOf\":{\"@id\":\"https:\/\/www.les-energies-renouvelables.eu\/article\/actualites\/energies\/mix-electrique-mondial-les-energies-renouvelables-devancent-desormais-le-charbon-588\/\"},\"author\":{\"name\":\"Alexia JACQUARD\",\"@id\":\"https:\/\/www.les-energies-renouvelables.eu\/article\/actualites\/#\/schema\/person\/2c7d09eb5ca339c12ca8d86145440169\"},\"headline\":\"Mix \u00e9lectrique mondial : les \u00e9nergies renouvelables devancent d\u00e9sormais le charbon\",\"datePublished\":\"2026-04-24T08:16:00+00:00\",\"mainEntityOfPage\":{\"@id\":\"https:\/\/www.les-energies-renouvelables.eu\/article\/actualites\/energies\/mix-electrique-mondial-les-energies-renouvelables-devancent-desormais-le-charbon-588\/\"},\"wordCount\":786,\"publisher\":{\"@id\":\"https:\/\/www.les-energies-renouvelables.eu\/article\/actualites\/#organization\"},\"image\":{\"@id\":\"https:\/\/www.les-energies-renouvelables.eu\/article\/actualites\/energies\/mix-electrique-mondial-les-energies-renouvelables-devancent-desormais-le-charbon-588\/#primaryimage\"},\"thumbnailUrl\":\"https:\/\/www.les-energies-renouvelables.eu\/article\/actualites\/wp-content\/uploads\/2026\/04\/actualites-mix-electrique-mondial-les-energies-renouvelables-devancent-desormais-le-charbon-mix-electrique-mondial-renouvelables-charbon.jpg\",\"articleSection\":[\"\u00c9nergies\"],\"inLanguage\":\"fr-FR\"},{\"@type\":\"WebPage\",\"@id\":\"https:\/\/www.les-energies-renouvelables.eu\/article\/actualites\/energies\/mix-electrique-mondial-les-energies-renouvelables-devancent-desormais-le-charbon-588\/\",\"url\":\"https:\/\/www.les-energies-renouvelables.eu\/article\/actualites\/energies\/mix-electrique-mondial-les-energies-renouvelables-devancent-desormais-le-charbon-588\/\",\"name\":\"Mix \u00e9lectrique mondial : les \u00e9nergies renouvelables devancent d\u00e9sormais le charbon - ECOinfos\",\"isPartOf\":{\"@id\":\"https:\/\/www.les-energies-renouvelables.eu\/article\/actualites\/#website\"},\"primaryImageOfPage\":{\"@id\":\"https:\/\/www.les-energies-renouvelables.eu\/article\/actualites\/energies\/mix-electrique-mondial-les-energies-renouvelables-devancent-desormais-le-charbon-588\/#primaryimage\"},\"image\":{\"@id\":\"https:\/\/www.les-energies-renouvelables.eu\/article\/actualites\/energies\/mix-electrique-mondial-les-energies-renouvelables-devancent-desormais-le-charbon-588\/#primaryimage\"},\"thumbnailUrl\":\"https:\/\/www.les-energies-renouvelables.eu\/article\/actualites\/wp-content\/uploads\/2026\/04\/actualites-mix-electrique-mondial-les-energies-renouvelables-devancent-desormais-le-charbon-mix-electrique-mondial-renouvelables-charbon.jpg\",\"datePublished\":\"2026-04-24T08:16:00+00:00\",\"description\":\"D\u00e9couvrez pourquoi les \u00e9nergies renouvelables d\u00e9passent d\u00e9sormais le charbon dans la production \u00e9lectrique mondiale. Analyse des chiffres Ember et AIE, baisse des co\u00fbts du solaire et enjeux de souverainet\u00e9 \u00e9nerg\u00e9tique pour 2030.\",\"breadcrumb\":{\"@id\":\"https:\/\/www.les-energies-renouvelables.eu\/article\/actualites\/energies\/mix-electrique-mondial-les-energies-renouvelables-devancent-desormais-le-charbon-588\/#breadcrumb\"},\"inLanguage\":\"fr-FR\",\"potentialAction\":[{\"@type\":\"ReadAction\",\"target\":[\"https:\/\/www.les-energies-renouvelables.eu\/article\/actualites\/energies\/mix-electrique-mondial-les-energies-renouvelables-devancent-desormais-le-charbon-588\/\"]}]},{\"@type\":\"ImageObject\",\"inLanguage\":\"fr-FR\",\"@id\":\"https:\/\/www.les-energies-renouvelables.eu\/article\/actualites\/energies\/mix-electrique-mondial-les-energies-renouvelables-devancent-desormais-le-charbon-588\/#primaryimage\",\"url\":\"https:\/\/www.les-energies-renouvelables.eu\/article\/actualites\/wp-content\/uploads\/2026\/04\/actualites-mix-electrique-mondial-les-energies-renouvelables-devancent-desormais-le-charbon-mix-electrique-mondial-renouvelables-charbon.jpg\",\"contentUrl\":\"https:\/\/www.les-energies-renouvelables.eu\/article\/actualites\/wp-content\/uploads\/2026\/04\/actualites-mix-electrique-mondial-les-energies-renouvelables-devancent-desormais-le-charbon-mix-electrique-mondial-renouvelables-charbon.jpg\",\"width\":1200,\"height\":675,\"caption\":\"Photo de Quang Nguyen Vinh: https:\/\/www.pexels.com\/fr-fr\/photo\/vue-aerienne-du-parc-eolien-et-des-panneaux-solaires-35105434\/\"},{\"@type\":\"BreadcrumbList\",\"@id\":\"https:\/\/www.les-energies-renouvelables.eu\/article\/actualites\/energies\/mix-electrique-mondial-les-energies-renouvelables-devancent-desormais-le-charbon-588\/#breadcrumb\",\"itemListElement\":[{\"@type\":\"ListItem\",\"position\":1,\"name\":\"Accueil\",\"item\":\"https:\/\/www.les-energies-renouvelables.eu\/article\/actualites\/\"},{\"@type\":\"ListItem\",\"position\":2,\"name\":\"Mix \u00e9lectrique mondial : les \u00e9nergies renouvelables devancent d\u00e9sormais le charbon\"}]},{\"@type\":\"WebSite\",\"@id\":\"https:\/\/www.les-energies-renouvelables.eu\/article\/actualites\/#website\",\"url\":\"https:\/\/www.les-energies-renouvelables.eu\/article\/actualites\/\",\"name\":\"ECOinfos Energies renouvelables\",\"description\":\"Le d\u00e9cryptage quotidien du secteur des \u00e9nergies renouvelables\",\"publisher\":{\"@id\":\"https:\/\/www.les-energies-renouvelables.eu\/article\/actualites\/#organization\"},\"potentialAction\":[{\"@type\":\"SearchAction\",\"target\":{\"@type\":\"EntryPoint\",\"urlTemplate\":\"https:\/\/www.les-energies-renouvelables.eu\/article\/actualites\/?s={search_term_string}\"},\"query-input\":{\"@type\":\"PropertyValueSpecification\",\"valueRequired\":true,\"valueName\":\"search_term_string\"}}],\"inLanguage\":\"fr-FR\"},{\"@type\":\"Organization\",\"@id\":\"https:\/\/www.les-energies-renouvelables.eu\/article\/actualites\/#organization\",\"name\":\"ECOinfos Energies renouvelables\",\"url\":\"https:\/\/www.les-energies-renouvelables.eu\/article\/actualites\/\",\"logo\":{\"@type\":\"ImageObject\",\"inLanguage\":\"fr-FR\",\"@id\":\"https:\/\/www.les-energies-renouvelables.eu\/article\/actualites\/#\/schema\/logo\/image\/\",\"url\":\"https:\/\/www.les-energies-renouvelables.eu\/article\/actualites\/wp-content\/uploads\/2025\/11\/ecoinfos.eldorado-consulting.com-logo-logo.svg\",\"contentUrl\":\"https:\/\/www.les-energies-renouvelables.eu\/article\/actualites\/wp-content\/uploads\/2025\/11\/ecoinfos.eldorado-consulting.com-logo-logo.svg\",\"caption\":\"ECOinfos Energies renouvelables\"},\"image\":{\"@id\":\"https:\/\/www.les-energies-renouvelables.eu\/article\/actualites\/#\/schema\/logo\/image\/\"},\"sameAs\":[\"https:\/\/www.facebook.com\/ecoannuaire.energierenouvelable\/\",\"https:\/\/x.com\/ECOinfosENR\",\"https:\/\/www.linkedin.com\/company\/ecoinfos-energies-renouvelables\/\",\"https:\/\/www.youtube.com\/@ecoinfosenergies\",\"https:\/\/share.google\/dyKHJPxAV42WhhjbM\"]},{\"@type\":\"Person\",\"@id\":\"https:\/\/www.les-energies-renouvelables.eu\/article\/actualites\/#\/schema\/person\/2c7d09eb5ca339c12ca8d86145440169\",\"name\":\"Alexia JACQUARD\",\"pronouns\":\"elle\/elle\",\"image\":{\"@type\":\"ImageObject\",\"inLanguage\":\"fr-FR\",\"@id\":\"https:\/\/www.les-energies-renouvelables.eu\/article\/actualites\/#\/schema\/person\/image\/\",\"url\":\"https:\/\/www.les-energies-renouvelables.eu\/article\/actualites\/wp-content\/uploads\/2026\/01\/actualites-alexia-jacquard-alexia-jacquard-160x160.jpg\",\"contentUrl\":\"https:\/\/www.les-energies-renouvelables.eu\/article\/actualites\/wp-content\/uploads\/2026\/01\/actualites-alexia-jacquard-alexia-jacquard-160x160.jpg\",\"caption\":\"Alexia JACQUARD\"},\"description\":\"Curieuse de nature et attentif aux enjeux du d\u00e9veloppement durable, Alexia Jacquard suit l'actualit\u00e9 des \u00e9nergies renouvelables pour partager les derni\u00e8res nouveaut\u00e9s du secteur. Elle s'attache \u00e0 retranscrire simplement les informations cl\u00e9s et les initiatives positives qui marquent la transition \u00e9nerg\u00e9tique. Son objectif : proposer des articles d'actualit\u00e9 clairs et accessibles pour tous ceux qui s'int\u00e9ressent \u00e0 l'avenir de notre \u00e9nergie.\",\"sameAs\":[\"https:\/\/alexia-jacquard.fr\",\"https:\/\/www.facebook.com\/tictacf2c\/\",\"https:\/\/www.instagram.com\/alexia_redac\/\",\"https:\/\/www.linkedin.com\/in\/alexia-jacquard-449a4b289\/\",\"https:\/\/fr.pinterest.com\/alexiajacquard\/\",\"https:\/\/x.com\/alexiajcrd\",\"https:\/\/www.youtube.com\/@Thepaindemie\",\"https:\/\/muckrack.com\/alexia-jacquard\"],\"url\":\"https:\/\/www.les-energies-renouvelables.eu\/article\/actualites\/author\/alexia-jacquard\/\"}]}<\/script>\n<!-- \/ Yoast SEO plugin. -->","yoast_head_json":{"title":"Mix \u00e9lectrique mondial : les \u00e9nergies renouvelables devancent d\u00e9sormais le charbon - ECOinfos","description":"D\u00e9couvrez pourquoi les \u00e9nergies renouvelables d\u00e9passent d\u00e9sormais le charbon dans la production \u00e9lectrique mondiale. Analyse des chiffres Ember et AIE, baisse des co\u00fbts du solaire et enjeux de souverainet\u00e9 \u00e9nerg\u00e9tique pour 2030.","robots":{"index":"index","follow":"follow","max-snippet":"max-snippet:-1","max-image-preview":"max-image-preview:large","max-video-preview":"max-video-preview:-1"},"canonical":"https:\/\/www.les-energies-renouvelables.eu\/article\/actualites\/energies\/mix-electrique-mondial-les-energies-renouvelables-devancent-desormais-le-charbon-588\/","og_locale":"fr_FR","og_type":"article","og_title":"Mix \u00e9lectrique mondial : les \u00e9nergies renouvelables devancent d\u00e9sormais le charbon - ECOinfos","og_description":"D\u00e9couvrez pourquoi les \u00e9nergies renouvelables d\u00e9passent d\u00e9sormais le charbon dans la production \u00e9lectrique mondiale. Analyse des chiffres Ember et AIE, baisse des co\u00fbts du solaire et enjeux de souverainet\u00e9 \u00e9nerg\u00e9tique pour 2030.","og_url":"https:\/\/www.les-energies-renouvelables.eu\/article\/actualites\/energies\/mix-electrique-mondial-les-energies-renouvelables-devancent-desormais-le-charbon-588\/","og_site_name":"ECOinfos Energies renouvelables","article_publisher":"https:\/\/www.facebook.com\/ecoannuaire.energierenouvelable\/","article_author":"https:\/\/www.facebook.com\/tictacf2c\/","article_published_time":"2026-04-24T08:16:00+00:00","og_image":[{"width":1200,"height":675,"url":"https:\/\/www.les-energies-renouvelables.eu\/article\/actualites\/wp-content\/uploads\/2026\/04\/actualites-mix-electrique-mondial-les-energies-renouvelables-devancent-desormais-le-charbon-mix-electrique-mondial-renouvelables-charbon.jpg","type":"image\/jpeg"}],"author":"Alexia JACQUARD","twitter_card":"summary_large_image","twitter_creator":"@alexiajcrd","twitter_site":"@ECOinfosENR","twitter_misc":{"\u00c9crit par":"Alexia JACQUARD","Dur\u00e9e de lecture estim\u00e9e":"4 minutes"},"schema":{"@context":"https:\/\/schema.org","@graph":[{"@type":"Article","@id":"https:\/\/www.les-energies-renouvelables.eu\/article\/actualites\/energies\/mix-electrique-mondial-les-energies-renouvelables-devancent-desormais-le-charbon-588\/#article","isPartOf":{"@id":"https:\/\/www.les-energies-renouvelables.eu\/article\/actualites\/energies\/mix-electrique-mondial-les-energies-renouvelables-devancent-desormais-le-charbon-588\/"},"author":{"name":"Alexia JACQUARD","@id":"https:\/\/www.les-energies-renouvelables.eu\/article\/actualites\/#\/schema\/person\/2c7d09eb5ca339c12ca8d86145440169"},"headline":"Mix \u00e9lectrique mondial : les \u00e9nergies renouvelables devancent d\u00e9sormais le charbon","datePublished":"2026-04-24T08:16:00+00:00","mainEntityOfPage":{"@id":"https:\/\/www.les-energies-renouvelables.eu\/article\/actualites\/energies\/mix-electrique-mondial-les-energies-renouvelables-devancent-desormais-le-charbon-588\/"},"wordCount":786,"publisher":{"@id":"https:\/\/www.les-energies-renouvelables.eu\/article\/actualites\/#organization"},"image":{"@id":"https:\/\/www.les-energies-renouvelables.eu\/article\/actualites\/energies\/mix-electrique-mondial-les-energies-renouvelables-devancent-desormais-le-charbon-588\/#primaryimage"},"thumbnailUrl":"https:\/\/www.les-energies-renouvelables.eu\/article\/actualites\/wp-content\/uploads\/2026\/04\/actualites-mix-electrique-mondial-les-energies-renouvelables-devancent-desormais-le-charbon-mix-electrique-mondial-renouvelables-charbon.jpg","articleSection":["\u00c9nergies"],"inLanguage":"fr-FR"},{"@type":"WebPage","@id":"https:\/\/www.les-energies-renouvelables.eu\/article\/actualites\/energies\/mix-electrique-mondial-les-energies-renouvelables-devancent-desormais-le-charbon-588\/","url":"https:\/\/www.les-energies-renouvelables.eu\/article\/actualites\/energies\/mix-electrique-mondial-les-energies-renouvelables-devancent-desormais-le-charbon-588\/","name":"Mix \u00e9lectrique mondial : les \u00e9nergies renouvelables devancent d\u00e9sormais le charbon - ECOinfos","isPartOf":{"@id":"https:\/\/www.les-energies-renouvelables.eu\/article\/actualites\/#website"},"primaryImageOfPage":{"@id":"https:\/\/www.les-energies-renouvelables.eu\/article\/actualites\/energies\/mix-electrique-mondial-les-energies-renouvelables-devancent-desormais-le-charbon-588\/#primaryimage"},"image":{"@id":"https:\/\/www.les-energies-renouvelables.eu\/article\/actualites\/energies\/mix-electrique-mondial-les-energies-renouvelables-devancent-desormais-le-charbon-588\/#primaryimage"},"thumbnailUrl":"https:\/\/www.les-energies-renouvelables.eu\/article\/actualites\/wp-content\/uploads\/2026\/04\/actualites-mix-electrique-mondial-les-energies-renouvelables-devancent-desormais-le-charbon-mix-electrique-mondial-renouvelables-charbon.jpg","datePublished":"2026-04-24T08:16:00+00:00","description":"D\u00e9couvrez pourquoi les \u00e9nergies renouvelables d\u00e9passent d\u00e9sormais le charbon dans la production \u00e9lectrique mondiale. Analyse des chiffres Ember et AIE, baisse des co\u00fbts du solaire et enjeux de souverainet\u00e9 \u00e9nerg\u00e9tique pour 2030.","breadcrumb":{"@id":"https:\/\/www.les-energies-renouvelables.eu\/article\/actualites\/energies\/mix-electrique-mondial-les-energies-renouvelables-devancent-desormais-le-charbon-588\/#breadcrumb"},"inLanguage":"fr-FR","potentialAction":[{"@type":"ReadAction","target":["https:\/\/www.les-energies-renouvelables.eu\/article\/actualites\/energies\/mix-electrique-mondial-les-energies-renouvelables-devancent-desormais-le-charbon-588\/"]}]},{"@type":"ImageObject","inLanguage":"fr-FR","@id":"https:\/\/www.les-energies-renouvelables.eu\/article\/actualites\/energies\/mix-electrique-mondial-les-energies-renouvelables-devancent-desormais-le-charbon-588\/#primaryimage","url":"https:\/\/www.les-energies-renouvelables.eu\/article\/actualites\/wp-content\/uploads\/2026\/04\/actualites-mix-electrique-mondial-les-energies-renouvelables-devancent-desormais-le-charbon-mix-electrique-mondial-renouvelables-charbon.jpg","contentUrl":"https:\/\/www.les-energies-renouvelables.eu\/article\/actualites\/wp-content\/uploads\/2026\/04\/actualites-mix-electrique-mondial-les-energies-renouvelables-devancent-desormais-le-charbon-mix-electrique-mondial-renouvelables-charbon.jpg","width":1200,"height":675,"caption":"Photo de Quang Nguyen Vinh: https:\/\/www.pexels.com\/fr-fr\/photo\/vue-aerienne-du-parc-eolien-et-des-panneaux-solaires-35105434\/"},{"@type":"BreadcrumbList","@id":"https:\/\/www.les-energies-renouvelables.eu\/article\/actualites\/energies\/mix-electrique-mondial-les-energies-renouvelables-devancent-desormais-le-charbon-588\/#breadcrumb","itemListElement":[{"@type":"ListItem","position":1,"name":"Accueil","item":"https:\/\/www.les-energies-renouvelables.eu\/article\/actualites\/"},{"@type":"ListItem","position":2,"name":"Mix \u00e9lectrique mondial : les \u00e9nergies renouvelables devancent d\u00e9sormais le charbon"}]},{"@type":"WebSite","@id":"https:\/\/www.les-energies-renouvelables.eu\/article\/actualites\/#website","url":"https:\/\/www.les-energies-renouvelables.eu\/article\/actualites\/","name":"ECOinfos Energies renouvelables","description":"Le d\u00e9cryptage quotidien du secteur des \u00e9nergies renouvelables","publisher":{"@id":"https:\/\/www.les-energies-renouvelables.eu\/article\/actualites\/#organization"},"potentialAction":[{"@type":"SearchAction","target":{"@type":"EntryPoint","urlTemplate":"https:\/\/www.les-energies-renouvelables.eu\/article\/actualites\/?s={search_term_string}"},"query-input":{"@type":"PropertyValueSpecification","valueRequired":true,"valueName":"search_term_string"}}],"inLanguage":"fr-FR"},{"@type":"Organization","@id":"https:\/\/www.les-energies-renouvelables.eu\/article\/actualites\/#organization","name":"ECOinfos Energies renouvelables","url":"https:\/\/www.les-energies-renouvelables.eu\/article\/actualites\/","logo":{"@type":"ImageObject","inLanguage":"fr-FR","@id":"https:\/\/www.les-energies-renouvelables.eu\/article\/actualites\/#\/schema\/logo\/image\/","url":"https:\/\/www.les-energies-renouvelables.eu\/article\/actualites\/wp-content\/uploads\/2025\/11\/ecoinfos.eldorado-consulting.com-logo-logo.svg","contentUrl":"https:\/\/www.les-energies-renouvelables.eu\/article\/actualites\/wp-content\/uploads\/2025\/11\/ecoinfos.eldorado-consulting.com-logo-logo.svg","caption":"ECOinfos Energies renouvelables"},"image":{"@id":"https:\/\/www.les-energies-renouvelables.eu\/article\/actualites\/#\/schema\/logo\/image\/"},"sameAs":["https:\/\/www.facebook.com\/ecoannuaire.energierenouvelable\/","https:\/\/x.com\/ECOinfosENR","https:\/\/www.linkedin.com\/company\/ecoinfos-energies-renouvelables\/","https:\/\/www.youtube.com\/@ecoinfosenergies","https:\/\/share.google\/dyKHJPxAV42WhhjbM"]},{"@type":"Person","@id":"https:\/\/www.les-energies-renouvelables.eu\/article\/actualites\/#\/schema\/person\/2c7d09eb5ca339c12ca8d86145440169","name":"Alexia JACQUARD","pronouns":"elle\/elle","image":{"@type":"ImageObject","inLanguage":"fr-FR","@id":"https:\/\/www.les-energies-renouvelables.eu\/article\/actualites\/#\/schema\/person\/image\/","url":"https:\/\/www.les-energies-renouvelables.eu\/article\/actualites\/wp-content\/uploads\/2026\/01\/actualites-alexia-jacquard-alexia-jacquard-160x160.jpg","contentUrl":"https:\/\/www.les-energies-renouvelables.eu\/article\/actualites\/wp-content\/uploads\/2026\/01\/actualites-alexia-jacquard-alexia-jacquard-160x160.jpg","caption":"Alexia JACQUARD"},"description":"Curieuse de nature et attentif aux enjeux du d\u00e9veloppement durable, Alexia Jacquard suit l'actualit\u00e9 des \u00e9nergies renouvelables pour partager les derni\u00e8res nouveaut\u00e9s du secteur. Elle s'attache \u00e0 retranscrire simplement les informations cl\u00e9s et les initiatives positives qui marquent la transition \u00e9nerg\u00e9tique. Son objectif : proposer des articles d'actualit\u00e9 clairs et accessibles pour tous ceux qui s'int\u00e9ressent \u00e0 l'avenir de notre \u00e9nergie.","sameAs":["https:\/\/alexia-jacquard.fr","https:\/\/www.facebook.com\/tictacf2c\/","https:\/\/www.instagram.com\/alexia_redac\/","https:\/\/www.linkedin.com\/in\/alexia-jacquard-449a4b289\/","https:\/\/fr.pinterest.com\/alexiajacquard\/","https:\/\/x.com\/alexiajcrd","https:\/\/www.youtube.com\/@Thepaindemie","https:\/\/muckrack.com\/alexia-jacquard"],"url":"https:\/\/www.les-energies-renouvelables.eu\/article\/actualites\/author\/alexia-jacquard\/"}]}},"_links":{"self":[{"href":"https:\/\/www.les-energies-renouvelables.eu\/article\/actualites\/wp-json\/wp\/v2\/posts\/588","targetHints":{"allow":["GET"]}}],"collection":[{"href":"https:\/\/www.les-energies-renouvelables.eu\/article\/actualites\/wp-json\/wp\/v2\/posts"}],"about":[{"href":"https:\/\/www.les-energies-renouvelables.eu\/article\/actualites\/wp-json\/wp\/v2\/types\/post"}],"author":[{"embeddable":true,"href":"https:\/\/www.les-energies-renouvelables.eu\/article\/actualites\/wp-json\/wp\/v2\/users\/2"}],"replies":[{"embeddable":true,"href":"https:\/\/www.les-energies-renouvelables.eu\/article\/actualites\/wp-json\/wp\/v2\/comments?post=588"}],"version-history":[{"count":1,"href":"https:\/\/www.les-energies-renouvelables.eu\/article\/actualites\/wp-json\/wp\/v2\/posts\/588\/revisions"}],"predecessor-version":[{"id":589,"href":"https:\/\/www.les-energies-renouvelables.eu\/article\/actualites\/wp-json\/wp\/v2\/posts\/588\/revisions\/589"}],"wp:featuredmedia":[{"embeddable":true,"href":"https:\/\/www.les-energies-renouvelables.eu\/article\/actualites\/wp-json\/wp\/v2\/media\/590"}],"wp:attachment":[{"href":"https:\/\/www.les-energies-renouvelables.eu\/article\/actualites\/wp-json\/wp\/v2\/media?parent=588"}],"wp:term":[{"taxonomy":"category","embeddable":true,"href":"https:\/\/www.les-energies-renouvelables.eu\/article\/actualites\/wp-json\/wp\/v2\/categories?post=588"},{"taxonomy":"post_tag","embeddable":true,"href":"https:\/\/www.les-energies-renouvelables.eu\/article\/actualites\/wp-json\/wp\/v2\/tags?post=588"}],"curies":[{"name":"wp","href":"https:\/\/api.w.org\/{rel}","templated":true}]}}