{"id":585,"date":"2026-04-23T10:00:00","date_gmt":"2026-04-23T08:00:00","guid":{"rendered":"https:\/\/www.les-energies-renouvelables.eu\/article\/actualites\/?p=585"},"modified":"2026-04-23T09:41:37","modified_gmt":"2026-04-23T07:41:37","slug":"electricite-comment-le-solaire-accelere-lacces-a-lenergie-dans-les-territoires-isoles","status":"publish","type":"post","link":"https:\/\/www.les-energies-renouvelables.eu\/article\/actualites\/energies\/electricite-comment-le-solaire-accelere-lacces-a-lenergie-dans-les-territoires-isoles-585\/","title":{"rendered":"\u00c9lectricit\u00e9 : comment le solaire acc\u00e9l\u00e8re l\u2019acc\u00e8s \u00e0 l\u2019\u00e9nergie dans les territoires isol\u00e9s"},"content":{"rendered":"\n<p>R\u00e9sum\u00e9 :&nbsp;<\/p>\n\n\n\n<ul class=\"wp-block-list\">\n<li><strong>Urgence mondiale :<\/strong> 675 millions de personnes sans aucun acc\u00e8s \u00e0 l&rsquo;\u00e9nergie, majoritairement en milieu rural (8 sur 10).<\/li>\n\n\n\n<li><strong>Rapidit\u00e9 d&rsquo;ex\u00e9cution :<\/strong> Des chantiers de <strong>micro-r\u00e9seaux<\/strong> planifi\u00e9s sur 12 mois, comme au Togo, offrant une alternative aux extensions lourdes.<\/li>\n\n\n\n<li><strong>Impact Togo :<\/strong> \u00c9quipement de 27 localit\u00e9s via <strong>2,3 MWc de puissance photovolta\u00efque<\/strong>.<\/li>\n\n\n\n<li><strong>Efficacit\u00e9 mesur\u00e9e :<\/strong> En RCA, un projet a permis de r\u00e9duire de <strong>90 % la d\u00e9pendance au diesel<\/strong> pour la production \u00e9lectrique concern\u00e9e.<\/li>\n<\/ul>\n\n\n\n<h2 class=\"wp-block-heading\">L&rsquo;urgence du \u00ab\u00a0dernier kilom\u00e8tre\u00a0\u00bb \u00e9nerg\u00e9tique<\/h2>\n\n\n\n<p>L&rsquo;acc\u00e8s \u00e0 l&rsquo;\u00e9lectricit\u00e9 est le socle indispensable au d\u00e9veloppement des services de base. Pourtant, selon la <strong>Banque Mondiale<\/strong>, 675 millions de personnes en sont priv\u00e9es, et 450 millions d&rsquo;autres disposent d&rsquo;un acc\u00e8s instable. Le constat est particuli\u00e8rement marqu\u00e9 dans les secteurs ruraux ou fragiles, qui concentrent la grande majorit\u00e9 des populations non desservies.<\/p>\n\n\n\n<p>Pour ces territoires, le d\u00e9ploiement des infrastructures centralis\u00e9es se heurte souvent \u00e0 des obstacles majeurs : reliefs complexes, distances importantes et faible densit\u00e9 de population. Dans cette configuration, le <strong>solaire d\u00e9centralis\u00e9<\/strong>appara\u00eet comme une r\u00e9ponse pragmatique. Plut\u00f4t que d&rsquo;attendre un raccordement complexe \u00e0 court terme, l&rsquo;installation de dispositifs locaux permet d&rsquo;apporter une <strong>\u00e9lectricit\u00e9 fiable<\/strong> directement au c\u0153ur des communaut\u00e9s.<\/p>\n\n\n\n<h2 class=\"wp-block-heading\">L&rsquo;agilit\u00e9 du solaire face aux contraintes g\u00e9ographiques<\/h2>\n\n\n\n<p>Contrairement aux solutions \u00e9nerg\u00e9tiques lourdes, le solaire se distingue par sa modularit\u00e9. Un <strong>mini-r\u00e9seau<\/strong> peut \u00eatre install\u00e9 de mani\u00e8re autonome, s&rsquo;adaptant \u00e0 la taille et aux besoins sp\u00e9cifiques de chaque commune.<\/p>\n\n\n\n<p>Cette souplesse technique permet des d\u00e9lais de r\u00e9alisation optimis\u00e9s. \u00c0 titre d&rsquo;exemple, le projet en cours au <strong>Togo<\/strong> pr\u00e9voit une dur\u00e9e de travaux de <strong>douze mois<\/strong> pour couvrir l&rsquo;ensemble des secteurs cibl\u00e9s. Ces \u00e9quipements combinent g\u00e9n\u00e9ralement une source de production photovolta\u00efque et des <strong>syst\u00e8mes de stockage<\/strong>. Ce couplage est essentiel pour assurer une continuit\u00e9 de service au-del\u00e0 des heures d&rsquo;ensoleillement, offrant une performance sup\u00e9rieure aux kits domestiques limit\u00e9s.<\/p>\n\n\n\n<h2 class=\"wp-block-heading\">\u00c9tude de cas au Togo : 27 localit\u00e9s en phase d&rsquo;\u00e9quipement<\/h2>\n\n\n\n<p>Le Togo illustre cette strat\u00e9gie de d\u00e9veloppement localis\u00e9. L&rsquo;Agence Togolaise d&rsquo;\u00c9lectrification Rurale et des \u00c9nergies Renouvelables (<strong>AT2ER<\/strong>) pilote actuellement l&rsquo;\u00e9quipement de <strong>27 bourgs ruraux<\/strong> dans la r\u00e9gion des Plateaux. Ce projet, soutenu par la Banque Islamique de D\u00e9veloppement (<strong>BIsD<\/strong>), repose sur un dispositif technique performant :<\/p>\n\n\n\n<ol class=\"wp-block-list\">\n<li><strong>Une capacit\u00e9 de 2,3 MWc :<\/strong> R\u00e9partie sur deux lots distincts pour une couverture optimale.<\/li>\n\n\n\n<li><strong>Un stockage de plus de 4 MWh :<\/strong> Dimensionn\u00e9 pour maintenir l&rsquo;alimentation durant la nuit.<\/li>\n\n\n\n<li><strong>Un r\u00e9seau local d&rsquo;environ 100 kilom\u00e8tres :<\/strong> Pour relier les foyers, les entreprises et assurer l&rsquo;\u00e9clairage public.<\/li>\n<\/ol>\n\n\n\n<p>Ce programme s&rsquo;inscrit dans l&rsquo;ambition nationale d&rsquo;atteindre <strong>100 % d&rsquo;acc\u00e8s \u00e0 l&rsquo;\u00e9lectricit\u00e9 d&rsquo;ici 2030<\/strong>, positionnant les renouvelables comme un levier de modernisation des \u00e9quipements ruraux.<\/p>\n\n\n\n<h2 class=\"wp-block-heading\">Sant\u00e9, \u00e9ducation, \u00e9conomie : des r\u00e9sultats mesur\u00e9s<\/h2>\n\n\n\n<p>L&rsquo;arriv\u00e9e de l&rsquo;\u00e9lectricit\u00e9 transforme les services publics et soutient l&rsquo;activit\u00e9 \u00e9conomique locale. Plusieurs projets document\u00e9s par la Banque Mondiale montrent des impacts tangibles :<\/p>\n\n\n\n<ul class=\"wp-block-list\">\n<li><strong>Au Mozambique :<\/strong> Le projet <em>ProEnergia<\/em> a permis de raccorder <strong>514 000 foyers<\/strong>. Ce sont environ <strong>2,6 millions de personnes<\/strong> \u2014 soit 12,5 % de la population qui en \u00e9tait pr\u00e9c\u00e9demment priv\u00e9e \u2014 qui b\u00e9n\u00e9ficient d\u00e9sormais de ce service.<\/li>\n\n\n\n<li><strong>En R\u00e9publique Centrafricaine (RCA) :<\/strong> Un parc solaire a permis de r\u00e9duire de <strong>90 % la part du diesel<\/strong> dans le mix de production concern\u00e9 par le projet. Cette transition contribue \u00e0 r\u00e9duire la d\u00e9pendance aux carburants fossiles import\u00e9s et les \u00e9missions associ\u00e9es.<\/li>\n<\/ul>\n\n\n\n<p>Pour les \u00e9coles et les centres de sant\u00e9, cette disponibilit\u00e9 constante facilite la <strong>conservation des vaccins<\/strong> et permet la poursuite des activit\u00e9s essentielles apr\u00e8s le coucher du soleil.<\/p>\n\n\n\n<h2 class=\"wp-block-heading\">Une compl\u00e9mentarit\u00e9 de mod\u00e8les<\/h2>\n\n\n\n<p>Le solaire d\u00e9centralis\u00e9 ne se con\u00e7oit pas en opposition aux r\u00e9seaux nationaux existants, qu&rsquo;ils soient aliment\u00e9s par l&rsquo;hydraulique, le thermique ou le <strong>nucl\u00e9aire<\/strong>. Il agit comme un compl\u00e9ment indispensable pour \u00e9clairer les zones d&rsquo;ombre du maillage principal.<\/p>\n\n\n\n<p>Cette approche est aujourd&rsquo;hui soutenue par les grandes institutions internationales (Banque Mondiale, BIsD, BAD), qui voient dans ces micro-r\u00e9seaux une solution \u00e9conomiquement viable pour les espaces \u00e0 faible densit\u00e9. En structurant ces march\u00e9s, elles permettent d&rsquo;attirer les investissements n\u00e9cessaires pour renforcer l&rsquo;acc\u00e8s \u00e0 une <strong>\u00e9lectricit\u00e9 plus fiable<\/strong> dans les territoires peu desservis.<\/p>\n\n\n\n<p>L&rsquo;\u00e9lectrification des zones isol\u00e9es progresse gr\u00e2ce \u00e0 la maturit\u00e9 des <strong>solutions solaires<\/strong> et du stockage. Comme le montrent les initiatives au Togo ou au Mozambique, l\u2019acc\u00e8s \u00e0 l\u2019\u00e9nergie peut progresser concr\u00e8tement lorsque les financements institutionnels, les choix techniques et les programmes nationaux convergent. Le solaire s&rsquo;affirme ainsi comme un outil de premier plan pour r\u00e9duire les <strong>fractures \u00e9nerg\u00e9tiques<\/strong> mondiales de mani\u00e8re durable.<\/p>\n","protected":false},"excerpt":{"rendered":"","protected":false},"author":2,"featured_media":587,"comment_status":"closed","ping_status":"closed","sticky":false,"template":"","format":"standard","meta":{"footnotes":""},"categories":[1],"tags":[],"class_list":["post-585","post","type-post","status-publish","format-standard","has-post-thumbnail","hentry","category-energies","masonry-post","generate-columns","tablet-grid-50","mobile-grid-100","grid-parent","grid-33"],"yoast_head":"<!-- This site is optimized with the Yoast SEO plugin v26.6 - https:\/\/yoast.com\/wordpress\/plugins\/seo\/ -->\n<title>\u00c9lectricit\u00e9 : comment le solaire acc\u00e9l\u00e8re l\u2019acc\u00e8s \u00e0 l\u2019\u00e9nergie dans les territoires isol\u00e9s - ECOinfos<\/title>\n<meta name=\"description\" content=\"D\u00e9couvrez comment le solaire devient le levier majeur de l&#039;\u00e9lectrification dans les territoires isol\u00e9s. Focus sur les projets concrets au Togo, au Mozambique et en RCA pour un acc\u00e8s \u00e0 l&#039;\u00e9nergie durable.\" \/>\n<meta name=\"robots\" content=\"index, follow, max-snippet:-1, max-image-preview:large, max-video-preview:-1\" \/>\n<link rel=\"canonical\" href=\"https:\/\/www.les-energies-renouvelables.eu\/article\/actualites\/energies\/electricite-comment-le-solaire-accelere-lacces-a-lenergie-dans-les-territoires-isoles-585\/\" \/>\n<meta property=\"og:locale\" content=\"fr_FR\" \/>\n<meta property=\"og:type\" content=\"article\" \/>\n<meta property=\"og:title\" content=\"\u00c9lectricit\u00e9 : comment le solaire acc\u00e9l\u00e8re l\u2019acc\u00e8s \u00e0 l\u2019\u00e9nergie dans les territoires isol\u00e9s - ECOinfos\" \/>\n<meta property=\"og:description\" content=\"D\u00e9couvrez comment le solaire devient le levier majeur de l&#039;\u00e9lectrification dans les territoires isol\u00e9s. Focus sur les projets concrets au Togo, au Mozambique et en RCA pour un acc\u00e8s \u00e0 l&#039;\u00e9nergie durable.\" \/>\n<meta property=\"og:url\" content=\"https:\/\/www.les-energies-renouvelables.eu\/article\/actualites\/energies\/electricite-comment-le-solaire-accelere-lacces-a-lenergie-dans-les-territoires-isoles-585\/\" \/>\n<meta property=\"og:site_name\" content=\"ECOinfos Energies renouvelables\" \/>\n<meta property=\"article:publisher\" content=\"https:\/\/www.facebook.com\/ecoannuaire.energierenouvelable\/\" \/>\n<meta property=\"article:author\" content=\"https:\/\/www.facebook.com\/tictacf2c\/\" \/>\n<meta property=\"article:published_time\" content=\"2026-04-23T08:00:00+00:00\" \/>\n<meta property=\"og:image\" content=\"https:\/\/www.les-energies-renouvelables.eu\/article\/actualites\/wp-content\/uploads\/2026\/04\/actualites-electricite-comment-le-solaire-accelere-lacces-a-lenergie-dans-les-territoires-isoles-electrification-solaire-zones-rurales.jpg\" \/>\n\t<meta property=\"og:image:width\" content=\"1200\" \/>\n\t<meta property=\"og:image:height\" content=\"675\" \/>\n\t<meta property=\"og:image:type\" content=\"image\/jpeg\" \/>\n<meta name=\"author\" content=\"Alexia JACQUARD\" \/>\n<meta name=\"twitter:card\" content=\"summary_large_image\" \/>\n<meta name=\"twitter:creator\" content=\"@alexiajcrd\" \/>\n<meta name=\"twitter:site\" content=\"@ECOinfosENR\" \/>\n<meta name=\"twitter:label1\" content=\"\u00c9crit par\" \/>\n\t<meta name=\"twitter:data1\" content=\"Alexia JACQUARD\" \/>\n\t<meta name=\"twitter:label2\" content=\"Dur\u00e9e de lecture estim\u00e9e\" \/>\n\t<meta name=\"twitter:data2\" content=\"4 minutes\" \/>\n<script type=\"application\/ld+json\" class=\"yoast-schema-graph\">{\"@context\":\"https:\/\/schema.org\",\"@graph\":[{\"@type\":\"Article\",\"@id\":\"https:\/\/www.les-energies-renouvelables.eu\/article\/actualites\/energies\/electricite-comment-le-solaire-accelere-lacces-a-lenergie-dans-les-territoires-isoles-585\/#article\",\"isPartOf\":{\"@id\":\"https:\/\/www.les-energies-renouvelables.eu\/article\/actualites\/energies\/electricite-comment-le-solaire-accelere-lacces-a-lenergie-dans-les-territoires-isoles-585\/\"},\"author\":{\"name\":\"Alexia JACQUARD\",\"@id\":\"https:\/\/www.les-energies-renouvelables.eu\/article\/actualites\/#\/schema\/person\/2c7d09eb5ca339c12ca8d86145440169\"},\"headline\":\"\u00c9lectricit\u00e9 : comment le solaire acc\u00e9l\u00e8re l\u2019acc\u00e8s \u00e0 l\u2019\u00e9nergie dans les territoires isol\u00e9s\",\"datePublished\":\"2026-04-23T08:00:00+00:00\",\"mainEntityOfPage\":{\"@id\":\"https:\/\/www.les-energies-renouvelables.eu\/article\/actualites\/energies\/electricite-comment-le-solaire-accelere-lacces-a-lenergie-dans-les-territoires-isoles-585\/\"},\"wordCount\":820,\"publisher\":{\"@id\":\"https:\/\/www.les-energies-renouvelables.eu\/article\/actualites\/#organization\"},\"image\":{\"@id\":\"https:\/\/www.les-energies-renouvelables.eu\/article\/actualites\/energies\/electricite-comment-le-solaire-accelere-lacces-a-lenergie-dans-les-territoires-isoles-585\/#primaryimage\"},\"thumbnailUrl\":\"https:\/\/www.les-energies-renouvelables.eu\/article\/actualites\/wp-content\/uploads\/2026\/04\/actualites-electricite-comment-le-solaire-accelere-lacces-a-lenergie-dans-les-territoires-isoles-electrification-solaire-zones-rurales.jpg\",\"articleSection\":[\"\u00c9nergies\"],\"inLanguage\":\"fr-FR\"},{\"@type\":\"WebPage\",\"@id\":\"https:\/\/www.les-energies-renouvelables.eu\/article\/actualites\/energies\/electricite-comment-le-solaire-accelere-lacces-a-lenergie-dans-les-territoires-isoles-585\/\",\"url\":\"https:\/\/www.les-energies-renouvelables.eu\/article\/actualites\/energies\/electricite-comment-le-solaire-accelere-lacces-a-lenergie-dans-les-territoires-isoles-585\/\",\"name\":\"\u00c9lectricit\u00e9 : comment le solaire acc\u00e9l\u00e8re l\u2019acc\u00e8s \u00e0 l\u2019\u00e9nergie dans les territoires isol\u00e9s - ECOinfos\",\"isPartOf\":{\"@id\":\"https:\/\/www.les-energies-renouvelables.eu\/article\/actualites\/#website\"},\"primaryImageOfPage\":{\"@id\":\"https:\/\/www.les-energies-renouvelables.eu\/article\/actualites\/energies\/electricite-comment-le-solaire-accelere-lacces-a-lenergie-dans-les-territoires-isoles-585\/#primaryimage\"},\"image\":{\"@id\":\"https:\/\/www.les-energies-renouvelables.eu\/article\/actualites\/energies\/electricite-comment-le-solaire-accelere-lacces-a-lenergie-dans-les-territoires-isoles-585\/#primaryimage\"},\"thumbnailUrl\":\"https:\/\/www.les-energies-renouvelables.eu\/article\/actualites\/wp-content\/uploads\/2026\/04\/actualites-electricite-comment-le-solaire-accelere-lacces-a-lenergie-dans-les-territoires-isoles-electrification-solaire-zones-rurales.jpg\",\"datePublished\":\"2026-04-23T08:00:00+00:00\",\"description\":\"D\u00e9couvrez comment le solaire devient le levier majeur de l'\u00e9lectrification dans les territoires isol\u00e9s. Focus sur les projets concrets au Togo, au Mozambique et en RCA pour un acc\u00e8s \u00e0 l'\u00e9nergie durable.\",\"breadcrumb\":{\"@id\":\"https:\/\/www.les-energies-renouvelables.eu\/article\/actualites\/energies\/electricite-comment-le-solaire-accelere-lacces-a-lenergie-dans-les-territoires-isoles-585\/#breadcrumb\"},\"inLanguage\":\"fr-FR\",\"potentialAction\":[{\"@type\":\"ReadAction\",\"target\":[\"https:\/\/www.les-energies-renouvelables.eu\/article\/actualites\/energies\/electricite-comment-le-solaire-accelere-lacces-a-lenergie-dans-les-territoires-isoles-585\/\"]}]},{\"@type\":\"ImageObject\",\"inLanguage\":\"fr-FR\",\"@id\":\"https:\/\/www.les-energies-renouvelables.eu\/article\/actualites\/energies\/electricite-comment-le-solaire-accelere-lacces-a-lenergie-dans-les-territoires-isoles-585\/#primaryimage\",\"url\":\"https:\/\/www.les-energies-renouvelables.eu\/article\/actualites\/wp-content\/uploads\/2026\/04\/actualites-electricite-comment-le-solaire-accelere-lacces-a-lenergie-dans-les-territoires-isoles-electrification-solaire-zones-rurales.jpg\",\"contentUrl\":\"https:\/\/www.les-energies-renouvelables.eu\/article\/actualites\/wp-content\/uploads\/2026\/04\/actualites-electricite-comment-le-solaire-accelere-lacces-a-lenergie-dans-les-territoires-isoles-electrification-solaire-zones-rurales.jpg\",\"width\":1200,\"height\":675,\"caption\":\"Photo de Dhruvan Patel: https:\/\/www.pexels.com\/fr-fr\/photo\/soleil-puissance-moderne-electricite-25751713\/\"},{\"@type\":\"BreadcrumbList\",\"@id\":\"https:\/\/www.les-energies-renouvelables.eu\/article\/actualites\/energies\/electricite-comment-le-solaire-accelere-lacces-a-lenergie-dans-les-territoires-isoles-585\/#breadcrumb\",\"itemListElement\":[{\"@type\":\"ListItem\",\"position\":1,\"name\":\"Accueil\",\"item\":\"https:\/\/www.les-energies-renouvelables.eu\/article\/actualites\/\"},{\"@type\":\"ListItem\",\"position\":2,\"name\":\"\u00c9lectricit\u00e9 : comment le solaire acc\u00e9l\u00e8re l\u2019acc\u00e8s \u00e0 l\u2019\u00e9nergie dans les territoires isol\u00e9s\"}]},{\"@type\":\"WebSite\",\"@id\":\"https:\/\/www.les-energies-renouvelables.eu\/article\/actualites\/#website\",\"url\":\"https:\/\/www.les-energies-renouvelables.eu\/article\/actualites\/\",\"name\":\"ECOinfos Energies renouvelables\",\"description\":\"Le d\u00e9cryptage quotidien du secteur des \u00e9nergies renouvelables\",\"publisher\":{\"@id\":\"https:\/\/www.les-energies-renouvelables.eu\/article\/actualites\/#organization\"},\"potentialAction\":[{\"@type\":\"SearchAction\",\"target\":{\"@type\":\"EntryPoint\",\"urlTemplate\":\"https:\/\/www.les-energies-renouvelables.eu\/article\/actualites\/?s={search_term_string}\"},\"query-input\":{\"@type\":\"PropertyValueSpecification\",\"valueRequired\":true,\"valueName\":\"search_term_string\"}}],\"inLanguage\":\"fr-FR\"},{\"@type\":\"Organization\",\"@id\":\"https:\/\/www.les-energies-renouvelables.eu\/article\/actualites\/#organization\",\"name\":\"ECOinfos Energies renouvelables\",\"url\":\"https:\/\/www.les-energies-renouvelables.eu\/article\/actualites\/\",\"logo\":{\"@type\":\"ImageObject\",\"inLanguage\":\"fr-FR\",\"@id\":\"https:\/\/www.les-energies-renouvelables.eu\/article\/actualites\/#\/schema\/logo\/image\/\",\"url\":\"https:\/\/www.les-energies-renouvelables.eu\/article\/actualites\/wp-content\/uploads\/2025\/11\/ecoinfos.eldorado-consulting.com-logo-logo.svg\",\"contentUrl\":\"https:\/\/www.les-energies-renouvelables.eu\/article\/actualites\/wp-content\/uploads\/2025\/11\/ecoinfos.eldorado-consulting.com-logo-logo.svg\",\"caption\":\"ECOinfos Energies renouvelables\"},\"image\":{\"@id\":\"https:\/\/www.les-energies-renouvelables.eu\/article\/actualites\/#\/schema\/logo\/image\/\"},\"sameAs\":[\"https:\/\/www.facebook.com\/ecoannuaire.energierenouvelable\/\",\"https:\/\/x.com\/ECOinfosENR\",\"https:\/\/www.linkedin.com\/company\/ecoinfos-energies-renouvelables\/\",\"https:\/\/www.youtube.com\/@ecoinfosenergies\",\"https:\/\/share.google\/dyKHJPxAV42WhhjbM\"]},{\"@type\":\"Person\",\"@id\":\"https:\/\/www.les-energies-renouvelables.eu\/article\/actualites\/#\/schema\/person\/2c7d09eb5ca339c12ca8d86145440169\",\"name\":\"Alexia JACQUARD\",\"pronouns\":\"elle\/elle\",\"image\":{\"@type\":\"ImageObject\",\"inLanguage\":\"fr-FR\",\"@id\":\"https:\/\/www.les-energies-renouvelables.eu\/article\/actualites\/#\/schema\/person\/image\/\",\"url\":\"https:\/\/www.les-energies-renouvelables.eu\/article\/actualites\/wp-content\/uploads\/2026\/01\/actualites-alexia-jacquard-alexia-jacquard-160x160.jpg\",\"contentUrl\":\"https:\/\/www.les-energies-renouvelables.eu\/article\/actualites\/wp-content\/uploads\/2026\/01\/actualites-alexia-jacquard-alexia-jacquard-160x160.jpg\",\"caption\":\"Alexia JACQUARD\"},\"description\":\"Curieuse de nature et attentif aux enjeux du d\u00e9veloppement durable, Alexia Jacquard suit l'actualit\u00e9 des \u00e9nergies renouvelables pour partager les derni\u00e8res nouveaut\u00e9s du secteur. Elle s'attache \u00e0 retranscrire simplement les informations cl\u00e9s et les initiatives positives qui marquent la transition \u00e9nerg\u00e9tique. Son objectif : proposer des articles d'actualit\u00e9 clairs et accessibles pour tous ceux qui s'int\u00e9ressent \u00e0 l'avenir de notre \u00e9nergie.\",\"sameAs\":[\"https:\/\/alexia-jacquard.fr\",\"https:\/\/www.facebook.com\/tictacf2c\/\",\"https:\/\/www.instagram.com\/alexia_redac\/\",\"https:\/\/www.linkedin.com\/in\/alexia-jacquard-449a4b289\/\",\"https:\/\/fr.pinterest.com\/alexiajacquard\/\",\"https:\/\/x.com\/alexiajcrd\",\"https:\/\/www.youtube.com\/@Thepaindemie\",\"https:\/\/muckrack.com\/alexia-jacquard\"],\"url\":\"https:\/\/www.les-energies-renouvelables.eu\/article\/actualites\/author\/alexia-jacquard\/\"}]}<\/script>\n<!-- \/ Yoast SEO plugin. -->","yoast_head_json":{"title":"\u00c9lectricit\u00e9 : comment le solaire acc\u00e9l\u00e8re l\u2019acc\u00e8s \u00e0 l\u2019\u00e9nergie dans les territoires isol\u00e9s - ECOinfos","description":"D\u00e9couvrez comment le solaire devient le levier majeur de l'\u00e9lectrification dans les territoires isol\u00e9s. Focus sur les projets concrets au Togo, au Mozambique et en RCA pour un acc\u00e8s \u00e0 l'\u00e9nergie durable.","robots":{"index":"index","follow":"follow","max-snippet":"max-snippet:-1","max-image-preview":"max-image-preview:large","max-video-preview":"max-video-preview:-1"},"canonical":"https:\/\/www.les-energies-renouvelables.eu\/article\/actualites\/energies\/electricite-comment-le-solaire-accelere-lacces-a-lenergie-dans-les-territoires-isoles-585\/","og_locale":"fr_FR","og_type":"article","og_title":"\u00c9lectricit\u00e9 : comment le solaire acc\u00e9l\u00e8re l\u2019acc\u00e8s \u00e0 l\u2019\u00e9nergie dans les territoires isol\u00e9s - ECOinfos","og_description":"D\u00e9couvrez comment le solaire devient le levier majeur de l'\u00e9lectrification dans les territoires isol\u00e9s. Focus sur les projets concrets au Togo, au Mozambique et en RCA pour un acc\u00e8s \u00e0 l'\u00e9nergie durable.","og_url":"https:\/\/www.les-energies-renouvelables.eu\/article\/actualites\/energies\/electricite-comment-le-solaire-accelere-lacces-a-lenergie-dans-les-territoires-isoles-585\/","og_site_name":"ECOinfos Energies renouvelables","article_publisher":"https:\/\/www.facebook.com\/ecoannuaire.energierenouvelable\/","article_author":"https:\/\/www.facebook.com\/tictacf2c\/","article_published_time":"2026-04-23T08:00:00+00:00","og_image":[{"width":1200,"height":675,"url":"https:\/\/www.les-energies-renouvelables.eu\/article\/actualites\/wp-content\/uploads\/2026\/04\/actualites-electricite-comment-le-solaire-accelere-lacces-a-lenergie-dans-les-territoires-isoles-electrification-solaire-zones-rurales.jpg","type":"image\/jpeg"}],"author":"Alexia JACQUARD","twitter_card":"summary_large_image","twitter_creator":"@alexiajcrd","twitter_site":"@ECOinfosENR","twitter_misc":{"\u00c9crit par":"Alexia JACQUARD","Dur\u00e9e de lecture estim\u00e9e":"4 minutes"},"schema":{"@context":"https:\/\/schema.org","@graph":[{"@type":"Article","@id":"https:\/\/www.les-energies-renouvelables.eu\/article\/actualites\/energies\/electricite-comment-le-solaire-accelere-lacces-a-lenergie-dans-les-territoires-isoles-585\/#article","isPartOf":{"@id":"https:\/\/www.les-energies-renouvelables.eu\/article\/actualites\/energies\/electricite-comment-le-solaire-accelere-lacces-a-lenergie-dans-les-territoires-isoles-585\/"},"author":{"name":"Alexia JACQUARD","@id":"https:\/\/www.les-energies-renouvelables.eu\/article\/actualites\/#\/schema\/person\/2c7d09eb5ca339c12ca8d86145440169"},"headline":"\u00c9lectricit\u00e9 : comment le solaire acc\u00e9l\u00e8re l\u2019acc\u00e8s \u00e0 l\u2019\u00e9nergie dans les territoires isol\u00e9s","datePublished":"2026-04-23T08:00:00+00:00","mainEntityOfPage":{"@id":"https:\/\/www.les-energies-renouvelables.eu\/article\/actualites\/energies\/electricite-comment-le-solaire-accelere-lacces-a-lenergie-dans-les-territoires-isoles-585\/"},"wordCount":820,"publisher":{"@id":"https:\/\/www.les-energies-renouvelables.eu\/article\/actualites\/#organization"},"image":{"@id":"https:\/\/www.les-energies-renouvelables.eu\/article\/actualites\/energies\/electricite-comment-le-solaire-accelere-lacces-a-lenergie-dans-les-territoires-isoles-585\/#primaryimage"},"thumbnailUrl":"https:\/\/www.les-energies-renouvelables.eu\/article\/actualites\/wp-content\/uploads\/2026\/04\/actualites-electricite-comment-le-solaire-accelere-lacces-a-lenergie-dans-les-territoires-isoles-electrification-solaire-zones-rurales.jpg","articleSection":["\u00c9nergies"],"inLanguage":"fr-FR"},{"@type":"WebPage","@id":"https:\/\/www.les-energies-renouvelables.eu\/article\/actualites\/energies\/electricite-comment-le-solaire-accelere-lacces-a-lenergie-dans-les-territoires-isoles-585\/","url":"https:\/\/www.les-energies-renouvelables.eu\/article\/actualites\/energies\/electricite-comment-le-solaire-accelere-lacces-a-lenergie-dans-les-territoires-isoles-585\/","name":"\u00c9lectricit\u00e9 : comment le solaire acc\u00e9l\u00e8re l\u2019acc\u00e8s \u00e0 l\u2019\u00e9nergie dans les territoires isol\u00e9s - ECOinfos","isPartOf":{"@id":"https:\/\/www.les-energies-renouvelables.eu\/article\/actualites\/#website"},"primaryImageOfPage":{"@id":"https:\/\/www.les-energies-renouvelables.eu\/article\/actualites\/energies\/electricite-comment-le-solaire-accelere-lacces-a-lenergie-dans-les-territoires-isoles-585\/#primaryimage"},"image":{"@id":"https:\/\/www.les-energies-renouvelables.eu\/article\/actualites\/energies\/electricite-comment-le-solaire-accelere-lacces-a-lenergie-dans-les-territoires-isoles-585\/#primaryimage"},"thumbnailUrl":"https:\/\/www.les-energies-renouvelables.eu\/article\/actualites\/wp-content\/uploads\/2026\/04\/actualites-electricite-comment-le-solaire-accelere-lacces-a-lenergie-dans-les-territoires-isoles-electrification-solaire-zones-rurales.jpg","datePublished":"2026-04-23T08:00:00+00:00","description":"D\u00e9couvrez comment le solaire devient le levier majeur de l'\u00e9lectrification dans les territoires isol\u00e9s. Focus sur les projets concrets au Togo, au Mozambique et en RCA pour un acc\u00e8s \u00e0 l'\u00e9nergie durable.","breadcrumb":{"@id":"https:\/\/www.les-energies-renouvelables.eu\/article\/actualites\/energies\/electricite-comment-le-solaire-accelere-lacces-a-lenergie-dans-les-territoires-isoles-585\/#breadcrumb"},"inLanguage":"fr-FR","potentialAction":[{"@type":"ReadAction","target":["https:\/\/www.les-energies-renouvelables.eu\/article\/actualites\/energies\/electricite-comment-le-solaire-accelere-lacces-a-lenergie-dans-les-territoires-isoles-585\/"]}]},{"@type":"ImageObject","inLanguage":"fr-FR","@id":"https:\/\/www.les-energies-renouvelables.eu\/article\/actualites\/energies\/electricite-comment-le-solaire-accelere-lacces-a-lenergie-dans-les-territoires-isoles-585\/#primaryimage","url":"https:\/\/www.les-energies-renouvelables.eu\/article\/actualites\/wp-content\/uploads\/2026\/04\/actualites-electricite-comment-le-solaire-accelere-lacces-a-lenergie-dans-les-territoires-isoles-electrification-solaire-zones-rurales.jpg","contentUrl":"https:\/\/www.les-energies-renouvelables.eu\/article\/actualites\/wp-content\/uploads\/2026\/04\/actualites-electricite-comment-le-solaire-accelere-lacces-a-lenergie-dans-les-territoires-isoles-electrification-solaire-zones-rurales.jpg","width":1200,"height":675,"caption":"Photo de Dhruvan Patel: https:\/\/www.pexels.com\/fr-fr\/photo\/soleil-puissance-moderne-electricite-25751713\/"},{"@type":"BreadcrumbList","@id":"https:\/\/www.les-energies-renouvelables.eu\/article\/actualites\/energies\/electricite-comment-le-solaire-accelere-lacces-a-lenergie-dans-les-territoires-isoles-585\/#breadcrumb","itemListElement":[{"@type":"ListItem","position":1,"name":"Accueil","item":"https:\/\/www.les-energies-renouvelables.eu\/article\/actualites\/"},{"@type":"ListItem","position":2,"name":"\u00c9lectricit\u00e9 : comment le solaire acc\u00e9l\u00e8re l\u2019acc\u00e8s \u00e0 l\u2019\u00e9nergie dans les territoires isol\u00e9s"}]},{"@type":"WebSite","@id":"https:\/\/www.les-energies-renouvelables.eu\/article\/actualites\/#website","url":"https:\/\/www.les-energies-renouvelables.eu\/article\/actualites\/","name":"ECOinfos Energies renouvelables","description":"Le d\u00e9cryptage quotidien du secteur des \u00e9nergies renouvelables","publisher":{"@id":"https:\/\/www.les-energies-renouvelables.eu\/article\/actualites\/#organization"},"potentialAction":[{"@type":"SearchAction","target":{"@type":"EntryPoint","urlTemplate":"https:\/\/www.les-energies-renouvelables.eu\/article\/actualites\/?s={search_term_string}"},"query-input":{"@type":"PropertyValueSpecification","valueRequired":true,"valueName":"search_term_string"}}],"inLanguage":"fr-FR"},{"@type":"Organization","@id":"https:\/\/www.les-energies-renouvelables.eu\/article\/actualites\/#organization","name":"ECOinfos Energies renouvelables","url":"https:\/\/www.les-energies-renouvelables.eu\/article\/actualites\/","logo":{"@type":"ImageObject","inLanguage":"fr-FR","@id":"https:\/\/www.les-energies-renouvelables.eu\/article\/actualites\/#\/schema\/logo\/image\/","url":"https:\/\/www.les-energies-renouvelables.eu\/article\/actualites\/wp-content\/uploads\/2025\/11\/ecoinfos.eldorado-consulting.com-logo-logo.svg","contentUrl":"https:\/\/www.les-energies-renouvelables.eu\/article\/actualites\/wp-content\/uploads\/2025\/11\/ecoinfos.eldorado-consulting.com-logo-logo.svg","caption":"ECOinfos Energies renouvelables"},"image":{"@id":"https:\/\/www.les-energies-renouvelables.eu\/article\/actualites\/#\/schema\/logo\/image\/"},"sameAs":["https:\/\/www.facebook.com\/ecoannuaire.energierenouvelable\/","https:\/\/x.com\/ECOinfosENR","https:\/\/www.linkedin.com\/company\/ecoinfos-energies-renouvelables\/","https:\/\/www.youtube.com\/@ecoinfosenergies","https:\/\/share.google\/dyKHJPxAV42WhhjbM"]},{"@type":"Person","@id":"https:\/\/www.les-energies-renouvelables.eu\/article\/actualites\/#\/schema\/person\/2c7d09eb5ca339c12ca8d86145440169","name":"Alexia JACQUARD","pronouns":"elle\/elle","image":{"@type":"ImageObject","inLanguage":"fr-FR","@id":"https:\/\/www.les-energies-renouvelables.eu\/article\/actualites\/#\/schema\/person\/image\/","url":"https:\/\/www.les-energies-renouvelables.eu\/article\/actualites\/wp-content\/uploads\/2026\/01\/actualites-alexia-jacquard-alexia-jacquard-160x160.jpg","contentUrl":"https:\/\/www.les-energies-renouvelables.eu\/article\/actualites\/wp-content\/uploads\/2026\/01\/actualites-alexia-jacquard-alexia-jacquard-160x160.jpg","caption":"Alexia JACQUARD"},"description":"Curieuse de nature et attentif aux enjeux du d\u00e9veloppement durable, Alexia Jacquard suit l'actualit\u00e9 des \u00e9nergies renouvelables pour partager les derni\u00e8res nouveaut\u00e9s du secteur. Elle s'attache \u00e0 retranscrire simplement les informations cl\u00e9s et les initiatives positives qui marquent la transition \u00e9nerg\u00e9tique. Son objectif : proposer des articles d'actualit\u00e9 clairs et accessibles pour tous ceux qui s'int\u00e9ressent \u00e0 l'avenir de notre \u00e9nergie.","sameAs":["https:\/\/alexia-jacquard.fr","https:\/\/www.facebook.com\/tictacf2c\/","https:\/\/www.instagram.com\/alexia_redac\/","https:\/\/www.linkedin.com\/in\/alexia-jacquard-449a4b289\/","https:\/\/fr.pinterest.com\/alexiajacquard\/","https:\/\/x.com\/alexiajcrd","https:\/\/www.youtube.com\/@Thepaindemie","https:\/\/muckrack.com\/alexia-jacquard"],"url":"https:\/\/www.les-energies-renouvelables.eu\/article\/actualites\/author\/alexia-jacquard\/"}]}},"_links":{"self":[{"href":"https:\/\/www.les-energies-renouvelables.eu\/article\/actualites\/wp-json\/wp\/v2\/posts\/585","targetHints":{"allow":["GET"]}}],"collection":[{"href":"https:\/\/www.les-energies-renouvelables.eu\/article\/actualites\/wp-json\/wp\/v2\/posts"}],"about":[{"href":"https:\/\/www.les-energies-renouvelables.eu\/article\/actualites\/wp-json\/wp\/v2\/types\/post"}],"author":[{"embeddable":true,"href":"https:\/\/www.les-energies-renouvelables.eu\/article\/actualites\/wp-json\/wp\/v2\/users\/2"}],"replies":[{"embeddable":true,"href":"https:\/\/www.les-energies-renouvelables.eu\/article\/actualites\/wp-json\/wp\/v2\/comments?post=585"}],"version-history":[{"count":1,"href":"https:\/\/www.les-energies-renouvelables.eu\/article\/actualites\/wp-json\/wp\/v2\/posts\/585\/revisions"}],"predecessor-version":[{"id":586,"href":"https:\/\/www.les-energies-renouvelables.eu\/article\/actualites\/wp-json\/wp\/v2\/posts\/585\/revisions\/586"}],"wp:featuredmedia":[{"embeddable":true,"href":"https:\/\/www.les-energies-renouvelables.eu\/article\/actualites\/wp-json\/wp\/v2\/media\/587"}],"wp:attachment":[{"href":"https:\/\/www.les-energies-renouvelables.eu\/article\/actualites\/wp-json\/wp\/v2\/media?parent=585"}],"wp:term":[{"taxonomy":"category","embeddable":true,"href":"https:\/\/www.les-energies-renouvelables.eu\/article\/actualites\/wp-json\/wp\/v2\/categories?post=585"},{"taxonomy":"post_tag","embeddable":true,"href":"https:\/\/www.les-energies-renouvelables.eu\/article\/actualites\/wp-json\/wp\/v2\/tags?post=585"}],"curies":[{"name":"wp","href":"https:\/\/api.w.org\/{rel}","templated":true}]}}