{"id":582,"date":"2026-04-22T09:00:00","date_gmt":"2026-04-22T07:00:00","guid":{"rendered":"https:\/\/www.les-energies-renouvelables.eu\/article\/actualites\/?p=582"},"modified":"2026-04-21T14:08:00","modified_gmt":"2026-04-21T12:08:00","slug":"etats-unis-un-record-mensuel-qui-illustre-la-montee-en-puissance-des-renouvelables","status":"publish","type":"post","link":"https:\/\/www.les-energies-renouvelables.eu\/article\/actualites\/energies\/etats-unis-un-record-mensuel-qui-illustre-la-montee-en-puissance-des-renouvelables-582\/","title":{"rendered":"\u00c9tats-Unis : Un record mensuel qui illustre la mont\u00e9e en puissance des renouvelables"},"content":{"rendered":"\n<p>R\u00e9sum\u00e9 :&nbsp;<\/p>\n\n\n\n<ul class=\"wp-block-list\">\n<li><strong>D\u00e9passement du gaz naturel :<\/strong> En mars 2026, le cumul du <strong>solaire<\/strong>, de l&rsquo;<strong>\u00e9olien<\/strong>, de l&rsquo;<strong>hydro\u00e9lectricit\u00e9<\/strong> et de la <strong>bio\u00e9nergie<\/strong> a fourni un peu plus du tiers de l&rsquo;\u00e9lectricit\u00e9 am\u00e9ricaine, devan\u00e7ant le gaz naturel sur cette p\u00e9riode (source : Ember).<\/li>\n\n\n\n<li><strong>Un levier de s\u00e9curit\u00e9 \u00e9nerg\u00e9tique :<\/strong> Selon l&rsquo;<strong>Agence internationale de l&rsquo;\u00e9nergie (AIE)<\/strong>, le d\u00e9ploiement des renouvelables depuis 2010 a permis aux pays importateurs d&rsquo;\u00e9viter environ <strong>1 300 milliards de dollars<\/strong> de d\u00e9penses en charbon et en gaz naturel.<\/li>\n\n\n\n<li><strong>Cap sur l&rsquo;IA :<\/strong> Les renouvelables devraient couvrir <strong>50 % de la nouvelle demande \u00e9lectrique mondiale<\/strong> li\u00e9e \u00e0 l\u2019intelligence artificielle dans les cinq prochaines ann\u00e9es.<\/li>\n<\/ul>\n\n\n\n<h2 class=\"wp-block-heading\">Dynamique industrielle : l&rsquo;\u00e9volution du mix am\u00e9ricain<\/h2>\n\n\n\n<p>Le record de mars 2026 est indissociable d&rsquo;une acc\u00e9l\u00e9ration des mises en service. Selon les donn\u00e9es d&rsquo;une agence du <strong>minist\u00e8re de l&rsquo;\u00c9nergie am\u00e9ricain<\/strong> relay\u00e9es par SciencePresse, les \u00e9nergies renouvelables ont repr\u00e9sent\u00e9 <strong>93 % des nouvelles capacit\u00e9s de production<\/strong> ajout\u00e9es aux \u00c9tats-Unis en 2025.<\/p>\n\n\n\n<p>Ce d\u00e9ploiement s&rsquo;appuie sur une r\u00e9alit\u00e9 \u00e9conomique : le <strong>solaire photovolta\u00efque<\/strong> et l&rsquo;<strong>\u00e9olien terrestre<\/strong> sont devenus les options les moins co\u00fbteuses pour ajouter de nouvelles capacit\u00e9s de production \u00e9lectrique dans presque tous les pays. Si les orientations de la politique f\u00e9d\u00e9rale influencent le rythme des projets \u2014 l&rsquo;AIE ayant ajust\u00e9 ses pr\u00e9visions am\u00e9ricaines suite \u00e0 des r\u00e9visions de cr\u00e9dits d&rsquo;imp\u00f4t \u2014 la comp\u00e9titivit\u00e9 de ces technologies reste un facteur d\u00e9terminant pour les acteurs du <strong>march\u00e9 \u00e9nerg\u00e9tique<\/strong>.<\/p>\n\n\n\n<p>Toutefois, ce r\u00e9sultat mensuel doit \u00eatre nuanc\u00e9 par des facteurs conjoncturels. Des temp\u00e9ratures plus cl\u00e9mentes que la normale dans l&rsquo;Ouest am\u00e9ricain ont r\u00e9duit la demande de chauffage au d\u00e9but du printemps. Cette baisse de la consommation globale a favoris\u00e9 la part relative des sources renouvelables dans le <strong>mix \u00e9lectrique<\/strong> du mois. Le <strong>gaz naturel<\/strong> conserve une position centrale aux \u00c9tats-Unis, tandis que le <strong>charbon<\/strong> poursuit son recul r\u00e9gulier observ\u00e9 depuis les ann\u00e9es 2010.<\/p>\n\n\n\n<h2 class=\"wp-block-heading\">Les leviers d&rsquo;une acc\u00e9l\u00e9ration mondiale<\/h2>\n\n\n\n<p>La <strong>transition \u00e9nerg\u00e9tique<\/strong> mondiale est soutenue par une baisse des co\u00fbts industriels. Le rapport <em>Renewables 2025<\/em> de l&rsquo;AIE indique que le solaire PV et l&rsquo;\u00e9olien sont d\u00e9sormais les options les plus abordables pour installer de nouvelles capacit\u00e9s de production dans la plupart des pays.<\/p>\n\n\n\n<p>Cette dynamique est largement port\u00e9e par l&rsquo;appareil industriel chinois, qui assure pr\u00e8s de <strong>60 % de la croissance mondiale <\/strong>des capacit\u00e9s renouvelables. En concentrant environ 90 % du raffinage des <strong>terres rares<\/strong> et de la production d&rsquo;aimants sp\u00e9cifiques pour les turbines, la Chine b\u00e9n\u00e9ficie d&rsquo;une position dominante sur la cha\u00eene d&rsquo;approvisionnement. Le prix des <strong>modules photovolta\u00efques<\/strong> a ainsi chut\u00e9 de plus de 60 % depuis 2023. Cette tendance facilite le d\u00e9ploiement international, bien que des disparit\u00e9s de prix subsistent selon les zones g\u00e9ographiques et les contraintes logistiques.<\/p>\n\n\n\n<h2 class=\"wp-block-heading\">S\u00e9curit\u00e9 \u00e9nerg\u00e9tique et compl\u00e9mentarit\u00e9 des sources<\/h2>\n\n\n\n<p>L&rsquo;int\u00e9r\u00eat de cette progression r\u00e9side dans la diversification des syst\u00e8mes \u00e9nerg\u00e9tiques. L&rsquo;AIE souligne que le d\u00e9ploiement des renouvelables contribue \u00e0 limiter l&rsquo;exposition \u00e0 la volatilit\u00e9 des march\u00e9s fossiles. Sans les 2 500 GW de capacit\u00e9s renouvelables install\u00e9s depuis 2010, les importations mondiales cumul\u00e9es de charbon et de gaz auraient \u00e9t\u00e9 <strong>45 % plus \u00e9lev\u00e9es en 2023<\/strong>.<\/p>\n\n\n\n<p>Cette trajectoire privil\u00e9gie une logique de <strong>compl\u00e9mentarit\u00e9 bas-carbone<\/strong>. Le record am\u00e9ricain de mars illustre comment les \u00e9nergies renouvelables s&rsquo;ajoutent \u00e0 une production <strong>nucl\u00e9aire stable<\/strong> pour r\u00e9duire la part des \u00e9nergies fossiles.<\/p>\n\n\n\n<p>Cette synergie r\u00e9pond \u00e9galement \u00e0 l&rsquo;\u00e9mergence de nouveaux besoins industriels, comme ceux des <strong>centres de donn\u00e9es<\/strong>. Dans la zone ERCOT au Texas, plus de 50 % de la croissance du solaire \u00e0 grande \u00e9chelle repose sur des contrats d&rsquo;achat directs (PPAs) port\u00e9s par la demande li\u00e9e \u00e0 l&rsquo;<strong>IA<\/strong>. Cet exemple local t\u00e9moigne de la capacit\u00e9 des \u00e9nergies renouvelables \u00e0 s&rsquo;int\u00e9grer rapidement face \u00e0 l&rsquo;\u00e9volution de la demande \u00e9lectrique.<\/p>\n\n\n\n<p>D&rsquo;ici 2030, l&rsquo;AIE pr\u00e9voit que les <strong>capacit\u00e9s renouvelables mondiales<\/strong> augmenteront de <strong>4 600 GW<\/strong>. Parall\u00e8lement, la part des renouvelables dans la production d&rsquo;\u00e9lectricit\u00e9 mondiale devrait progresser pour atteindre environ <strong>43 %<\/strong> \u00e0 la fin de la d\u00e9cennie.<\/p>\n\n\n\n<p>Bien que l&rsquo;int\u00e9gration aux r\u00e9seaux et les besoins de flexibilit\u00e9 restent des d\u00e9fis majeurs, les donn\u00e9es actuelles confirment que les \u00e9nergies renouvelables s&rsquo;affirment comme un pilier des syst\u00e8mes \u00e9lectriques. Elles contribuent \u00e0 l&rsquo;\u00e9mergence d&rsquo;un mix plus <strong>souverain et comp\u00e9titif<\/strong>, r\u00e9pondant aux objectifs de d\u00e9carbonation \u00e0 long terme.<\/p>\n\n\n\n<p><strong>SOURCES :<\/strong><\/p>\n\n\n\n<ol class=\"wp-block-list\">\n<li><em>International Energy Agency (IEA), \u00ab\u00a0Renewables 2025: Analysis and forecasts to 2030\u00a0\u00bb (October 2025).<\/em><\/li>\n\n\n\n<li><em>Ember, Analyse de la production mensuelle d&rsquo;\u00e9lectricit\u00e9 aux \u00c9tats-Unis (Mars 2026).<\/em><\/li>\n\n\n\n<li><em>SciencePresse, \u00ab\u00a0M\u00eame aux \u00c9tats-Unis, les renouvelables battent un nouveau record\u00a0\u00bb, 2026 (citant les donn\u00e9es d&rsquo;une agence du DOE).<\/em><\/li>\n<\/ol>\n","protected":false},"excerpt":{"rendered":"","protected":false},"author":2,"featured_media":584,"comment_status":"closed","ping_status":"closed","sticky":false,"template":"","format":"standard","meta":{"footnotes":""},"categories":[1],"tags":[],"class_list":["post-582","post","type-post","status-publish","format-standard","has-post-thumbnail","hentry","category-energies","masonry-post","generate-columns","tablet-grid-50","mobile-grid-100","grid-parent","grid-33"],"yoast_head":"<!-- This site is optimized with the Yoast SEO plugin v26.6 - https:\/\/yoast.com\/wordpress\/plugins\/seo\/ -->\n<title>\u00c9tats-Unis : Un record mensuel qui illustre la mont\u00e9e en puissance des renouvelables - ECOinfos<\/title>\n<meta name=\"description\" content=\"En mars 2026, les \u00e9nergies renouvelables ont d\u00e9pass\u00e9 le gaz naturel aux \u00c9tats-Unis. Analyse d&#039;un record historique port\u00e9 par la baisse des co\u00fbts du solaire et une nouvelle dynamique de s\u00e9curit\u00e9 \u00e9nerg\u00e9tique mondiale.\" \/>\n<meta name=\"robots\" content=\"index, follow, max-snippet:-1, max-image-preview:large, max-video-preview:-1\" \/>\n<link rel=\"canonical\" href=\"https:\/\/www.les-energies-renouvelables.eu\/article\/actualites\/energies\/etats-unis-un-record-mensuel-qui-illustre-la-montee-en-puissance-des-renouvelables-582\/\" \/>\n<meta property=\"og:locale\" content=\"fr_FR\" \/>\n<meta property=\"og:type\" content=\"article\" \/>\n<meta property=\"og:title\" content=\"\u00c9tats-Unis : Un record mensuel qui illustre la mont\u00e9e en puissance des renouvelables - ECOinfos\" \/>\n<meta property=\"og:description\" content=\"En mars 2026, les \u00e9nergies renouvelables ont d\u00e9pass\u00e9 le gaz naturel aux \u00c9tats-Unis. Analyse d&#039;un record historique port\u00e9 par la baisse des co\u00fbts du solaire et une nouvelle dynamique de s\u00e9curit\u00e9 \u00e9nerg\u00e9tique mondiale.\" \/>\n<meta property=\"og:url\" content=\"https:\/\/www.les-energies-renouvelables.eu\/article\/actualites\/energies\/etats-unis-un-record-mensuel-qui-illustre-la-montee-en-puissance-des-renouvelables-582\/\" \/>\n<meta property=\"og:site_name\" content=\"ECOinfos Energies renouvelables\" \/>\n<meta property=\"article:publisher\" content=\"https:\/\/www.facebook.com\/ecoannuaire.energierenouvelable\/\" \/>\n<meta property=\"article:author\" content=\"https:\/\/www.facebook.com\/tictacf2c\/\" \/>\n<meta property=\"article:published_time\" content=\"2026-04-22T07:00:00+00:00\" \/>\n<meta property=\"og:image\" content=\"https:\/\/www.les-energies-renouvelables.eu\/article\/actualites\/wp-content\/uploads\/2026\/04\/actualites-etats-unis-un-record-mensuel-qui-illustre-la-montee-en-puissance-des-renouvelables-record-energies-renouvelables-etats-unis-2026.jpg\" \/>\n\t<meta property=\"og:image:width\" content=\"1200\" \/>\n\t<meta property=\"og:image:height\" content=\"675\" \/>\n\t<meta property=\"og:image:type\" content=\"image\/jpeg\" \/>\n<meta name=\"author\" content=\"Alexia JACQUARD\" \/>\n<meta name=\"twitter:card\" content=\"summary_large_image\" \/>\n<meta name=\"twitter:creator\" content=\"@alexiajcrd\" \/>\n<meta name=\"twitter:site\" content=\"@ECOinfosENR\" \/>\n<meta name=\"twitter:label1\" content=\"\u00c9crit par\" \/>\n\t<meta name=\"twitter:data1\" content=\"Alexia JACQUARD\" \/>\n\t<meta name=\"twitter:label2\" content=\"Dur\u00e9e de lecture estim\u00e9e\" \/>\n\t<meta name=\"twitter:data2\" content=\"4 minutes\" \/>\n<script type=\"application\/ld+json\" class=\"yoast-schema-graph\">{\"@context\":\"https:\/\/schema.org\",\"@graph\":[{\"@type\":\"Article\",\"@id\":\"https:\/\/www.les-energies-renouvelables.eu\/article\/actualites\/energies\/etats-unis-un-record-mensuel-qui-illustre-la-montee-en-puissance-des-renouvelables-582\/#article\",\"isPartOf\":{\"@id\":\"https:\/\/www.les-energies-renouvelables.eu\/article\/actualites\/energies\/etats-unis-un-record-mensuel-qui-illustre-la-montee-en-puissance-des-renouvelables-582\/\"},\"author\":{\"name\":\"Alexia JACQUARD\",\"@id\":\"https:\/\/www.les-energies-renouvelables.eu\/article\/actualites\/#\/schema\/person\/2c7d09eb5ca339c12ca8d86145440169\"},\"headline\":\"\u00c9tats-Unis : Un record mensuel qui illustre la mont\u00e9e en puissance des renouvelables\",\"datePublished\":\"2026-04-22T07:00:00+00:00\",\"mainEntityOfPage\":{\"@id\":\"https:\/\/www.les-energies-renouvelables.eu\/article\/actualites\/energies\/etats-unis-un-record-mensuel-qui-illustre-la-montee-en-puissance-des-renouvelables-582\/\"},\"wordCount\":827,\"publisher\":{\"@id\":\"https:\/\/www.les-energies-renouvelables.eu\/article\/actualites\/#organization\"},\"image\":{\"@id\":\"https:\/\/www.les-energies-renouvelables.eu\/article\/actualites\/energies\/etats-unis-un-record-mensuel-qui-illustre-la-montee-en-puissance-des-renouvelables-582\/#primaryimage\"},\"thumbnailUrl\":\"https:\/\/www.les-energies-renouvelables.eu\/article\/actualites\/wp-content\/uploads\/2026\/04\/actualites-etats-unis-un-record-mensuel-qui-illustre-la-montee-en-puissance-des-renouvelables-record-energies-renouvelables-etats-unis-2026.jpg\",\"articleSection\":[\"\u00c9nergies\"],\"inLanguage\":\"fr-FR\"},{\"@type\":\"WebPage\",\"@id\":\"https:\/\/www.les-energies-renouvelables.eu\/article\/actualites\/energies\/etats-unis-un-record-mensuel-qui-illustre-la-montee-en-puissance-des-renouvelables-582\/\",\"url\":\"https:\/\/www.les-energies-renouvelables.eu\/article\/actualites\/energies\/etats-unis-un-record-mensuel-qui-illustre-la-montee-en-puissance-des-renouvelables-582\/\",\"name\":\"\u00c9tats-Unis : Un record mensuel qui illustre la mont\u00e9e en puissance des renouvelables - ECOinfos\",\"isPartOf\":{\"@id\":\"https:\/\/www.les-energies-renouvelables.eu\/article\/actualites\/#website\"},\"primaryImageOfPage\":{\"@id\":\"https:\/\/www.les-energies-renouvelables.eu\/article\/actualites\/energies\/etats-unis-un-record-mensuel-qui-illustre-la-montee-en-puissance-des-renouvelables-582\/#primaryimage\"},\"image\":{\"@id\":\"https:\/\/www.les-energies-renouvelables.eu\/article\/actualites\/energies\/etats-unis-un-record-mensuel-qui-illustre-la-montee-en-puissance-des-renouvelables-582\/#primaryimage\"},\"thumbnailUrl\":\"https:\/\/www.les-energies-renouvelables.eu\/article\/actualites\/wp-content\/uploads\/2026\/04\/actualites-etats-unis-un-record-mensuel-qui-illustre-la-montee-en-puissance-des-renouvelables-record-energies-renouvelables-etats-unis-2026.jpg\",\"datePublished\":\"2026-04-22T07:00:00+00:00\",\"description\":\"En mars 2026, les \u00e9nergies renouvelables ont d\u00e9pass\u00e9 le gaz naturel aux \u00c9tats-Unis. Analyse d'un record historique port\u00e9 par la baisse des co\u00fbts du solaire et une nouvelle dynamique de s\u00e9curit\u00e9 \u00e9nerg\u00e9tique mondiale.\",\"breadcrumb\":{\"@id\":\"https:\/\/www.les-energies-renouvelables.eu\/article\/actualites\/energies\/etats-unis-un-record-mensuel-qui-illustre-la-montee-en-puissance-des-renouvelables-582\/#breadcrumb\"},\"inLanguage\":\"fr-FR\",\"potentialAction\":[{\"@type\":\"ReadAction\",\"target\":[\"https:\/\/www.les-energies-renouvelables.eu\/article\/actualites\/energies\/etats-unis-un-record-mensuel-qui-illustre-la-montee-en-puissance-des-renouvelables-582\/\"]}]},{\"@type\":\"ImageObject\",\"inLanguage\":\"fr-FR\",\"@id\":\"https:\/\/www.les-energies-renouvelables.eu\/article\/actualites\/energies\/etats-unis-un-record-mensuel-qui-illustre-la-montee-en-puissance-des-renouvelables-582\/#primaryimage\",\"url\":\"https:\/\/www.les-energies-renouvelables.eu\/article\/actualites\/wp-content\/uploads\/2026\/04\/actualites-etats-unis-un-record-mensuel-qui-illustre-la-montee-en-puissance-des-renouvelables-record-energies-renouvelables-etats-unis-2026.jpg\",\"contentUrl\":\"https:\/\/www.les-energies-renouvelables.eu\/article\/actualites\/wp-content\/uploads\/2026\/04\/actualites-etats-unis-un-record-mensuel-qui-illustre-la-montee-en-puissance-des-renouvelables-record-energies-renouvelables-etats-unis-2026.jpg\",\"width\":1200,\"height\":675,\"caption\":\"Photo de Ruslan Konev: https:\/\/www.pexels.com\/fr-fr\/photo\/aube-crepuscule-alternatif-energie-renouvelable-4184447\/\"},{\"@type\":\"BreadcrumbList\",\"@id\":\"https:\/\/www.les-energies-renouvelables.eu\/article\/actualites\/energies\/etats-unis-un-record-mensuel-qui-illustre-la-montee-en-puissance-des-renouvelables-582\/#breadcrumb\",\"itemListElement\":[{\"@type\":\"ListItem\",\"position\":1,\"name\":\"Accueil\",\"item\":\"https:\/\/www.les-energies-renouvelables.eu\/article\/actualites\/\"},{\"@type\":\"ListItem\",\"position\":2,\"name\":\"\u00c9tats-Unis : Un record mensuel qui illustre la mont\u00e9e en puissance des renouvelables\"}]},{\"@type\":\"WebSite\",\"@id\":\"https:\/\/www.les-energies-renouvelables.eu\/article\/actualites\/#website\",\"url\":\"https:\/\/www.les-energies-renouvelables.eu\/article\/actualites\/\",\"name\":\"ECOinfos Energies renouvelables\",\"description\":\"Le d\u00e9cryptage quotidien du secteur des \u00e9nergies renouvelables\",\"publisher\":{\"@id\":\"https:\/\/www.les-energies-renouvelables.eu\/article\/actualites\/#organization\"},\"potentialAction\":[{\"@type\":\"SearchAction\",\"target\":{\"@type\":\"EntryPoint\",\"urlTemplate\":\"https:\/\/www.les-energies-renouvelables.eu\/article\/actualites\/?s={search_term_string}\"},\"query-input\":{\"@type\":\"PropertyValueSpecification\",\"valueRequired\":true,\"valueName\":\"search_term_string\"}}],\"inLanguage\":\"fr-FR\"},{\"@type\":\"Organization\",\"@id\":\"https:\/\/www.les-energies-renouvelables.eu\/article\/actualites\/#organization\",\"name\":\"ECOinfos Energies renouvelables\",\"url\":\"https:\/\/www.les-energies-renouvelables.eu\/article\/actualites\/\",\"logo\":{\"@type\":\"ImageObject\",\"inLanguage\":\"fr-FR\",\"@id\":\"https:\/\/www.les-energies-renouvelables.eu\/article\/actualites\/#\/schema\/logo\/image\/\",\"url\":\"https:\/\/www.les-energies-renouvelables.eu\/article\/actualites\/wp-content\/uploads\/2025\/11\/ecoinfos.eldorado-consulting.com-logo-logo.svg\",\"contentUrl\":\"https:\/\/www.les-energies-renouvelables.eu\/article\/actualites\/wp-content\/uploads\/2025\/11\/ecoinfos.eldorado-consulting.com-logo-logo.svg\",\"caption\":\"ECOinfos Energies renouvelables\"},\"image\":{\"@id\":\"https:\/\/www.les-energies-renouvelables.eu\/article\/actualites\/#\/schema\/logo\/image\/\"},\"sameAs\":[\"https:\/\/www.facebook.com\/ecoannuaire.energierenouvelable\/\",\"https:\/\/x.com\/ECOinfosENR\",\"https:\/\/www.linkedin.com\/company\/ecoinfos-energies-renouvelables\/\",\"https:\/\/www.youtube.com\/@ecoinfosenergies\",\"https:\/\/share.google\/dyKHJPxAV42WhhjbM\"]},{\"@type\":\"Person\",\"@id\":\"https:\/\/www.les-energies-renouvelables.eu\/article\/actualites\/#\/schema\/person\/2c7d09eb5ca339c12ca8d86145440169\",\"name\":\"Alexia JACQUARD\",\"pronouns\":\"elle\/elle\",\"image\":{\"@type\":\"ImageObject\",\"inLanguage\":\"fr-FR\",\"@id\":\"https:\/\/www.les-energies-renouvelables.eu\/article\/actualites\/#\/schema\/person\/image\/\",\"url\":\"https:\/\/www.les-energies-renouvelables.eu\/article\/actualites\/wp-content\/uploads\/2026\/01\/actualites-alexia-jacquard-alexia-jacquard-160x160.jpg\",\"contentUrl\":\"https:\/\/www.les-energies-renouvelables.eu\/article\/actualites\/wp-content\/uploads\/2026\/01\/actualites-alexia-jacquard-alexia-jacquard-160x160.jpg\",\"caption\":\"Alexia JACQUARD\"},\"description\":\"Curieuse de nature et attentif aux enjeux du d\u00e9veloppement durable, Alexia Jacquard suit l'actualit\u00e9 des \u00e9nergies renouvelables pour partager les derni\u00e8res nouveaut\u00e9s du secteur. Elle s'attache \u00e0 retranscrire simplement les informations cl\u00e9s et les initiatives positives qui marquent la transition \u00e9nerg\u00e9tique. Son objectif : proposer des articles d'actualit\u00e9 clairs et accessibles pour tous ceux qui s'int\u00e9ressent \u00e0 l'avenir de notre \u00e9nergie.\",\"sameAs\":[\"https:\/\/alexia-jacquard.fr\",\"https:\/\/www.facebook.com\/tictacf2c\/\",\"https:\/\/www.instagram.com\/alexia_redac\/\",\"https:\/\/www.linkedin.com\/in\/alexia-jacquard-449a4b289\/\",\"https:\/\/fr.pinterest.com\/alexiajacquard\/\",\"https:\/\/x.com\/alexiajcrd\",\"https:\/\/www.youtube.com\/@Thepaindemie\",\"https:\/\/muckrack.com\/alexia-jacquard\"],\"url\":\"https:\/\/www.les-energies-renouvelables.eu\/article\/actualites\/author\/alexia-jacquard\/\"}]}<\/script>\n<!-- \/ Yoast SEO plugin. -->","yoast_head_json":{"title":"\u00c9tats-Unis : Un record mensuel qui illustre la mont\u00e9e en puissance des renouvelables - ECOinfos","description":"En mars 2026, les \u00e9nergies renouvelables ont d\u00e9pass\u00e9 le gaz naturel aux \u00c9tats-Unis. Analyse d'un record historique port\u00e9 par la baisse des co\u00fbts du solaire et une nouvelle dynamique de s\u00e9curit\u00e9 \u00e9nerg\u00e9tique mondiale.","robots":{"index":"index","follow":"follow","max-snippet":"max-snippet:-1","max-image-preview":"max-image-preview:large","max-video-preview":"max-video-preview:-1"},"canonical":"https:\/\/www.les-energies-renouvelables.eu\/article\/actualites\/energies\/etats-unis-un-record-mensuel-qui-illustre-la-montee-en-puissance-des-renouvelables-582\/","og_locale":"fr_FR","og_type":"article","og_title":"\u00c9tats-Unis : Un record mensuel qui illustre la mont\u00e9e en puissance des renouvelables - ECOinfos","og_description":"En mars 2026, les \u00e9nergies renouvelables ont d\u00e9pass\u00e9 le gaz naturel aux \u00c9tats-Unis. Analyse d'un record historique port\u00e9 par la baisse des co\u00fbts du solaire et une nouvelle dynamique de s\u00e9curit\u00e9 \u00e9nerg\u00e9tique mondiale.","og_url":"https:\/\/www.les-energies-renouvelables.eu\/article\/actualites\/energies\/etats-unis-un-record-mensuel-qui-illustre-la-montee-en-puissance-des-renouvelables-582\/","og_site_name":"ECOinfos Energies renouvelables","article_publisher":"https:\/\/www.facebook.com\/ecoannuaire.energierenouvelable\/","article_author":"https:\/\/www.facebook.com\/tictacf2c\/","article_published_time":"2026-04-22T07:00:00+00:00","og_image":[{"width":1200,"height":675,"url":"https:\/\/www.les-energies-renouvelables.eu\/article\/actualites\/wp-content\/uploads\/2026\/04\/actualites-etats-unis-un-record-mensuel-qui-illustre-la-montee-en-puissance-des-renouvelables-record-energies-renouvelables-etats-unis-2026.jpg","type":"image\/jpeg"}],"author":"Alexia JACQUARD","twitter_card":"summary_large_image","twitter_creator":"@alexiajcrd","twitter_site":"@ECOinfosENR","twitter_misc":{"\u00c9crit par":"Alexia JACQUARD","Dur\u00e9e de lecture estim\u00e9e":"4 minutes"},"schema":{"@context":"https:\/\/schema.org","@graph":[{"@type":"Article","@id":"https:\/\/www.les-energies-renouvelables.eu\/article\/actualites\/energies\/etats-unis-un-record-mensuel-qui-illustre-la-montee-en-puissance-des-renouvelables-582\/#article","isPartOf":{"@id":"https:\/\/www.les-energies-renouvelables.eu\/article\/actualites\/energies\/etats-unis-un-record-mensuel-qui-illustre-la-montee-en-puissance-des-renouvelables-582\/"},"author":{"name":"Alexia JACQUARD","@id":"https:\/\/www.les-energies-renouvelables.eu\/article\/actualites\/#\/schema\/person\/2c7d09eb5ca339c12ca8d86145440169"},"headline":"\u00c9tats-Unis : Un record mensuel qui illustre la mont\u00e9e en puissance des renouvelables","datePublished":"2026-04-22T07:00:00+00:00","mainEntityOfPage":{"@id":"https:\/\/www.les-energies-renouvelables.eu\/article\/actualites\/energies\/etats-unis-un-record-mensuel-qui-illustre-la-montee-en-puissance-des-renouvelables-582\/"},"wordCount":827,"publisher":{"@id":"https:\/\/www.les-energies-renouvelables.eu\/article\/actualites\/#organization"},"image":{"@id":"https:\/\/www.les-energies-renouvelables.eu\/article\/actualites\/energies\/etats-unis-un-record-mensuel-qui-illustre-la-montee-en-puissance-des-renouvelables-582\/#primaryimage"},"thumbnailUrl":"https:\/\/www.les-energies-renouvelables.eu\/article\/actualites\/wp-content\/uploads\/2026\/04\/actualites-etats-unis-un-record-mensuel-qui-illustre-la-montee-en-puissance-des-renouvelables-record-energies-renouvelables-etats-unis-2026.jpg","articleSection":["\u00c9nergies"],"inLanguage":"fr-FR"},{"@type":"WebPage","@id":"https:\/\/www.les-energies-renouvelables.eu\/article\/actualites\/energies\/etats-unis-un-record-mensuel-qui-illustre-la-montee-en-puissance-des-renouvelables-582\/","url":"https:\/\/www.les-energies-renouvelables.eu\/article\/actualites\/energies\/etats-unis-un-record-mensuel-qui-illustre-la-montee-en-puissance-des-renouvelables-582\/","name":"\u00c9tats-Unis : Un record mensuel qui illustre la mont\u00e9e en puissance des renouvelables - ECOinfos","isPartOf":{"@id":"https:\/\/www.les-energies-renouvelables.eu\/article\/actualites\/#website"},"primaryImageOfPage":{"@id":"https:\/\/www.les-energies-renouvelables.eu\/article\/actualites\/energies\/etats-unis-un-record-mensuel-qui-illustre-la-montee-en-puissance-des-renouvelables-582\/#primaryimage"},"image":{"@id":"https:\/\/www.les-energies-renouvelables.eu\/article\/actualites\/energies\/etats-unis-un-record-mensuel-qui-illustre-la-montee-en-puissance-des-renouvelables-582\/#primaryimage"},"thumbnailUrl":"https:\/\/www.les-energies-renouvelables.eu\/article\/actualites\/wp-content\/uploads\/2026\/04\/actualites-etats-unis-un-record-mensuel-qui-illustre-la-montee-en-puissance-des-renouvelables-record-energies-renouvelables-etats-unis-2026.jpg","datePublished":"2026-04-22T07:00:00+00:00","description":"En mars 2026, les \u00e9nergies renouvelables ont d\u00e9pass\u00e9 le gaz naturel aux \u00c9tats-Unis. Analyse d'un record historique port\u00e9 par la baisse des co\u00fbts du solaire et une nouvelle dynamique de s\u00e9curit\u00e9 \u00e9nerg\u00e9tique mondiale.","breadcrumb":{"@id":"https:\/\/www.les-energies-renouvelables.eu\/article\/actualites\/energies\/etats-unis-un-record-mensuel-qui-illustre-la-montee-en-puissance-des-renouvelables-582\/#breadcrumb"},"inLanguage":"fr-FR","potentialAction":[{"@type":"ReadAction","target":["https:\/\/www.les-energies-renouvelables.eu\/article\/actualites\/energies\/etats-unis-un-record-mensuel-qui-illustre-la-montee-en-puissance-des-renouvelables-582\/"]}]},{"@type":"ImageObject","inLanguage":"fr-FR","@id":"https:\/\/www.les-energies-renouvelables.eu\/article\/actualites\/energies\/etats-unis-un-record-mensuel-qui-illustre-la-montee-en-puissance-des-renouvelables-582\/#primaryimage","url":"https:\/\/www.les-energies-renouvelables.eu\/article\/actualites\/wp-content\/uploads\/2026\/04\/actualites-etats-unis-un-record-mensuel-qui-illustre-la-montee-en-puissance-des-renouvelables-record-energies-renouvelables-etats-unis-2026.jpg","contentUrl":"https:\/\/www.les-energies-renouvelables.eu\/article\/actualites\/wp-content\/uploads\/2026\/04\/actualites-etats-unis-un-record-mensuel-qui-illustre-la-montee-en-puissance-des-renouvelables-record-energies-renouvelables-etats-unis-2026.jpg","width":1200,"height":675,"caption":"Photo de Ruslan Konev: https:\/\/www.pexels.com\/fr-fr\/photo\/aube-crepuscule-alternatif-energie-renouvelable-4184447\/"},{"@type":"BreadcrumbList","@id":"https:\/\/www.les-energies-renouvelables.eu\/article\/actualites\/energies\/etats-unis-un-record-mensuel-qui-illustre-la-montee-en-puissance-des-renouvelables-582\/#breadcrumb","itemListElement":[{"@type":"ListItem","position":1,"name":"Accueil","item":"https:\/\/www.les-energies-renouvelables.eu\/article\/actualites\/"},{"@type":"ListItem","position":2,"name":"\u00c9tats-Unis : Un record mensuel qui illustre la mont\u00e9e en puissance des renouvelables"}]},{"@type":"WebSite","@id":"https:\/\/www.les-energies-renouvelables.eu\/article\/actualites\/#website","url":"https:\/\/www.les-energies-renouvelables.eu\/article\/actualites\/","name":"ECOinfos Energies renouvelables","description":"Le d\u00e9cryptage quotidien du secteur des \u00e9nergies renouvelables","publisher":{"@id":"https:\/\/www.les-energies-renouvelables.eu\/article\/actualites\/#organization"},"potentialAction":[{"@type":"SearchAction","target":{"@type":"EntryPoint","urlTemplate":"https:\/\/www.les-energies-renouvelables.eu\/article\/actualites\/?s={search_term_string}"},"query-input":{"@type":"PropertyValueSpecification","valueRequired":true,"valueName":"search_term_string"}}],"inLanguage":"fr-FR"},{"@type":"Organization","@id":"https:\/\/www.les-energies-renouvelables.eu\/article\/actualites\/#organization","name":"ECOinfos Energies renouvelables","url":"https:\/\/www.les-energies-renouvelables.eu\/article\/actualites\/","logo":{"@type":"ImageObject","inLanguage":"fr-FR","@id":"https:\/\/www.les-energies-renouvelables.eu\/article\/actualites\/#\/schema\/logo\/image\/","url":"https:\/\/www.les-energies-renouvelables.eu\/article\/actualites\/wp-content\/uploads\/2025\/11\/ecoinfos.eldorado-consulting.com-logo-logo.svg","contentUrl":"https:\/\/www.les-energies-renouvelables.eu\/article\/actualites\/wp-content\/uploads\/2025\/11\/ecoinfos.eldorado-consulting.com-logo-logo.svg","caption":"ECOinfos Energies renouvelables"},"image":{"@id":"https:\/\/www.les-energies-renouvelables.eu\/article\/actualites\/#\/schema\/logo\/image\/"},"sameAs":["https:\/\/www.facebook.com\/ecoannuaire.energierenouvelable\/","https:\/\/x.com\/ECOinfosENR","https:\/\/www.linkedin.com\/company\/ecoinfos-energies-renouvelables\/","https:\/\/www.youtube.com\/@ecoinfosenergies","https:\/\/share.google\/dyKHJPxAV42WhhjbM"]},{"@type":"Person","@id":"https:\/\/www.les-energies-renouvelables.eu\/article\/actualites\/#\/schema\/person\/2c7d09eb5ca339c12ca8d86145440169","name":"Alexia JACQUARD","pronouns":"elle\/elle","image":{"@type":"ImageObject","inLanguage":"fr-FR","@id":"https:\/\/www.les-energies-renouvelables.eu\/article\/actualites\/#\/schema\/person\/image\/","url":"https:\/\/www.les-energies-renouvelables.eu\/article\/actualites\/wp-content\/uploads\/2026\/01\/actualites-alexia-jacquard-alexia-jacquard-160x160.jpg","contentUrl":"https:\/\/www.les-energies-renouvelables.eu\/article\/actualites\/wp-content\/uploads\/2026\/01\/actualites-alexia-jacquard-alexia-jacquard-160x160.jpg","caption":"Alexia JACQUARD"},"description":"Curieuse de nature et attentif aux enjeux du d\u00e9veloppement durable, Alexia Jacquard suit l'actualit\u00e9 des \u00e9nergies renouvelables pour partager les derni\u00e8res nouveaut\u00e9s du secteur. Elle s'attache \u00e0 retranscrire simplement les informations cl\u00e9s et les initiatives positives qui marquent la transition \u00e9nerg\u00e9tique. Son objectif : proposer des articles d'actualit\u00e9 clairs et accessibles pour tous ceux qui s'int\u00e9ressent \u00e0 l'avenir de notre \u00e9nergie.","sameAs":["https:\/\/alexia-jacquard.fr","https:\/\/www.facebook.com\/tictacf2c\/","https:\/\/www.instagram.com\/alexia_redac\/","https:\/\/www.linkedin.com\/in\/alexia-jacquard-449a4b289\/","https:\/\/fr.pinterest.com\/alexiajacquard\/","https:\/\/x.com\/alexiajcrd","https:\/\/www.youtube.com\/@Thepaindemie","https:\/\/muckrack.com\/alexia-jacquard"],"url":"https:\/\/www.les-energies-renouvelables.eu\/article\/actualites\/author\/alexia-jacquard\/"}]}},"_links":{"self":[{"href":"https:\/\/www.les-energies-renouvelables.eu\/article\/actualites\/wp-json\/wp\/v2\/posts\/582","targetHints":{"allow":["GET"]}}],"collection":[{"href":"https:\/\/www.les-energies-renouvelables.eu\/article\/actualites\/wp-json\/wp\/v2\/posts"}],"about":[{"href":"https:\/\/www.les-energies-renouvelables.eu\/article\/actualites\/wp-json\/wp\/v2\/types\/post"}],"author":[{"embeddable":true,"href":"https:\/\/www.les-energies-renouvelables.eu\/article\/actualites\/wp-json\/wp\/v2\/users\/2"}],"replies":[{"embeddable":true,"href":"https:\/\/www.les-energies-renouvelables.eu\/article\/actualites\/wp-json\/wp\/v2\/comments?post=582"}],"version-history":[{"count":1,"href":"https:\/\/www.les-energies-renouvelables.eu\/article\/actualites\/wp-json\/wp\/v2\/posts\/582\/revisions"}],"predecessor-version":[{"id":583,"href":"https:\/\/www.les-energies-renouvelables.eu\/article\/actualites\/wp-json\/wp\/v2\/posts\/582\/revisions\/583"}],"wp:featuredmedia":[{"embeddable":true,"href":"https:\/\/www.les-energies-renouvelables.eu\/article\/actualites\/wp-json\/wp\/v2\/media\/584"}],"wp:attachment":[{"href":"https:\/\/www.les-energies-renouvelables.eu\/article\/actualites\/wp-json\/wp\/v2\/media?parent=582"}],"wp:term":[{"taxonomy":"category","embeddable":true,"href":"https:\/\/www.les-energies-renouvelables.eu\/article\/actualites\/wp-json\/wp\/v2\/categories?post=582"},{"taxonomy":"post_tag","embeddable":true,"href":"https:\/\/www.les-energies-renouvelables.eu\/article\/actualites\/wp-json\/wp\/v2\/tags?post=582"}],"curies":[{"name":"wp","href":"https:\/\/api.w.org\/{rel}","templated":true}]}}