{"id":562,"date":"2026-04-15T10:00:00","date_gmt":"2026-04-15T08:00:00","guid":{"rendered":"https:\/\/www.les-energies-renouvelables.eu\/article\/actualites\/?p=562"},"modified":"2026-04-14T21:15:13","modified_gmt":"2026-04-14T19:15:13","slug":"y-a-t-il-de-la-vie-sous-les-eoliennes-et-les-panneaux-solaires","status":"publish","type":"post","link":"https:\/\/www.les-energies-renouvelables.eu\/article\/actualites\/environnement\/y-a-t-il-de-la-vie-sous-les-eoliennes-et-les-panneaux-solaires-562\/","title":{"rendered":"Y a-t-il de la vie sous les \u00e9oliennes et les panneaux solaires ?"},"content":{"rendered":"\n<p>R\u00e9sum\u00e9 :&nbsp;<\/p>\n\n\n\n<ul class=\"wp-block-list\">\n<li><strong>L&rsquo;\u00e9vitement, premier levier :<\/strong> Le choix du site cherche \u00e0 \u00e9carter les zones de sensibilit\u00e9 \u00e9cologique identifi\u00e9es lors des \u00e9tudes pr\u00e9alables.<\/li>\n\n\n\n<li><strong>Des effets variables :<\/strong> Si des risques existent, des observations font \u00e9galement \u00e9tat de microclimats ou de zones de protection locale selon les contextes.<\/li>\n\n\n\n<li><strong>Un partage de connaissances :<\/strong> L&rsquo;Observatoire des EnR et de la biodiversit\u00e9 dresse un \u00e9tat des lieux pour \u00e9clairer le d\u00e9bat et les choix publics.<\/li>\n<\/ul>\n\n\n\n<p>Le <strong>changement climatique<\/strong> est consid\u00e9r\u00e9 par les scientifiques comme une menace majeure pour la biodiversit\u00e9 mondiale. Pour y r\u00e9pondre, le d\u00e9ploiement des <strong>\u00e9nergies renouvelables (EnR)<\/strong> repr\u00e9sente un levier important du mix \u00e9nerg\u00e9tique d\u00e9carbon\u00e9. En France, l&rsquo;ADEME estime que la transition mobilisera entre 1,5 % et 2 % du territoire national.<\/p>\n\n\n\n<p>Cette emprise fonci\u00e8re incite \u00e0 r\u00e9fl\u00e9chir \u00e0 l&rsquo;articulation des installations avec les milieux naturels. L&rsquo;enjeu consiste \u00e0 s&rsquo;assurer que la production d&rsquo;\u00e9nergie verte s&rsquo;accorde avec les besoins de <strong>pr\u00e9servation des esp\u00e8ces<\/strong>. Pour organiser cette cohabitation, des cadres nationaux et des expertises scientifiques sont mobilis\u00e9s.<\/p>\n\n\n\n<h2 class=\"wp-block-heading\">L\u2019implantation : un choix strat\u00e9gique d\u00e8s la conception<\/h2>\n\n\n\n<p>L&#8217;empreinte environnementale d&rsquo;un projet se dessine bien avant la pose des premi\u00e8res infrastructures. La s\u00e9lection du site reste l&rsquo;\u00e9tape d\u00e9terminante pour r\u00e9duire les interactions avec la faune et la flore.<\/p>\n\n\n\n<p><strong>Le r\u00f4le de la s\u00e9quence ERC<\/strong> La doctrine <strong>\u00ab \u00c9viter, R\u00e9duire, Compenser \u00bb (ERC)<\/strong> structure le d\u00e9veloppement des projets. L&rsquo;\u00e9tape d&rsquo;\u00e9vitement s&rsquo;appuie sur des <strong>inventaires naturalistes<\/strong> pour identifier les zones humides ou les habitats prot\u00e9g\u00e9s afin de les maintenir, autant que possible, en dehors des zones de construction.<\/p>\n\n\n\n<p><strong>L&rsquo;observation des trajectoires de la faune<\/strong> Des <strong>\u00e9tudes d&rsquo;impact<\/strong>, men\u00e9es sur plusieurs saisons, analysent les d\u00e9placements des oiseaux et des chauves-souris. Ces donn\u00e9es aident \u00e0 positionner les \u00e9quipements \u00e0 l&rsquo;\u00e9cart des axes de passage fr\u00e9quent\u00e9s ou des zones de nidification, limitant ainsi les <strong>risques de collision<\/strong>.<\/p>\n\n\n\n<h2 class=\"wp-block-heading\">Solaire photovolta\u00efque : des influences sur la v\u00e9g\u00e9tation<\/h2>\n\n\n\n<p>L&rsquo;installation de <strong>panneaux solaires au sol<\/strong> modifie les conditions locales de lumi\u00e8re et de temp\u00e9rature, avec des r\u00e9sultats qui varient selon l&rsquo;environnement.<\/p>\n\n\n\n<p><strong>L\u2019influence du microclimat<\/strong> Rapha\u00ebl Gros, professeur \u00e0 l&rsquo;Universit\u00e9 d&rsquo;Aix-Marseille et \u00e0 l&rsquo;Institut m\u00e9diterran\u00e9en de biodiversit\u00e9 et d&rsquo;\u00e9cologie, observe que les effets d\u00e9pendent du contexte climatique. Dans les secteurs arides, l&rsquo;<strong>ombre port\u00e9e<\/strong> peut limiter l&rsquo;\u00e9vaporation et favoriser une <strong>couverture v\u00e9g\u00e9tale<\/strong>. \u00c0 l&rsquo;inverse, ailleurs, le manque de luminosit\u00e9 peut restreindre la floraison sous les structures, ce qui peut influencer l&rsquo;activit\u00e9 des <strong>pollinisateurs<\/strong>.<\/p>\n\n\n\n<p><strong>La revalorisation des sites d\u00e9grad\u00e9s<\/strong> Privil\u00e9gier des terrains d\u00e9j\u00e0 <strong>artificialis\u00e9s<\/strong>, comme d&rsquo;anciennes carri\u00e8res ou des friches industrielles, permet de limiter la pression sur les espaces naturels. Sur ces sites, la pr\u00e9sence d&rsquo;un parc solaire peut s&rsquo;accompagner d&rsquo;une <strong>gestion extensive<\/strong> (entretien par \u00e9co-p\u00e2turage, arr\u00eat des pesticides), des pratiques qui peuvent \u00eatre favorables au maintien d&rsquo;une faune locale.<\/p>\n\n\n\n<h2 class=\"wp-block-heading\">\u00c9olien : vers une r\u00e9duction des interactions<\/h2>\n\n\n\n<p>Les interactions entre les <strong>\u00e9oliennes<\/strong> et la faune volante font l&rsquo;objet de suivis et de solutions techniques visant \u00e0 att\u00e9nuer les impacts observ\u00e9s.<\/p>\n\n\n\n<p><strong>Mesures de pr\u00e9vention et vigilance<\/strong> Selon les sp\u00e9cificit\u00e9s des sites, des dispositifs sont \u00e9tudi\u00e9s ou mis en \u0153uvre : syst\u00e8mes de d\u00e9tection, effarouchement ou r\u00e9gulation de la rotation des pales lors des pics d&rsquo;activit\u00e9. C\u00e9dric Marteau, de la <strong>LPO<\/strong>, souligne qu&rsquo;il ne faut pas opposer l&rsquo;urgence climatique et la protection de la biodiversit\u00e9. Pour lui, les secteurs favorables au d\u00e9veloppement des EnR sont suffisamment nombreux pour permettre une planification qui respecte les enjeux naturalistes.<\/p>\n\n\n\n<p><strong>L&rsquo;\u00e9olien en mer et l&rsquo;effet r\u00e9cif<\/strong> En mer, les structures immerg\u00e9es peuvent servir de supports \u00e0 certaines esp\u00e8ces comme les algues ou les coquillages, cr\u00e9ant un <strong>\u00ab\u00a0effet r\u00e9cif\u00a0\u00bb<\/strong>. Par ailleurs, la limitation de certaines activit\u00e9s de p\u00eache dans le p\u00e9rim\u00e8tre des parcs peut favoriser une forme de <strong>r\u00e9g\u00e9n\u00e9ration locale des fonds marins<\/strong>. Ces ph\u00e9nom\u00e8nes, document\u00e9s sur certains sites maritimes, restent un sujet d&rsquo;\u00e9tude pour \u00e9valuer les bilans \u00e9cologiques \u00e0 long terme.<\/p>\n\n\n\n<h2 class=\"wp-block-heading\">La science pour \u00e9clairer les d\u00e9cisions<\/h2>\n\n\n\n<p>La production de donn\u00e9es ind\u00e9pendantes est n\u00e9cessaire pour \u00e9valuer l&rsquo;efficacit\u00e9 des mesures de protection et orienter les futurs choix \u00e9nerg\u00e9tiques.<\/p>\n\n\n\n<p><strong>L&rsquo;Observatoire EnR et Biodiversit\u00e9<\/strong> Mis en \u0153uvre par l&rsquo;<strong>Office fran\u00e7ais de la biodiversit\u00e9 (OFB)<\/strong> et l&rsquo;<strong>ADEME<\/strong>, cet observatoire a pour mission de dresser un \u00e9tat des lieux des connaissances. En centralisant les expertises et en transf\u00e9rant les savoirs via un centre de ressources, il apporte des \u00e9l\u00e9ments factuels pour \u00e9clairer le d\u00e9bat public et la d\u00e9cision politique.<\/p>\n\n\n\n<p><strong>L&rsquo;apport des suivis de terrain<\/strong> Des protocoles de <strong>suivi environnemental<\/strong> permettent de documenter l&rsquo;\u00e9volution des populations animales et v\u00e9g\u00e9tales \u00e0 proximit\u00e9 des installations. Ces donn\u00e9es alimentent la connaissance globale et aident \u00e0 ajuster les mesures de r\u00e9duction d&rsquo;impact. Ce retour d&rsquo;exp\u00e9rience est essentiel pour affiner les m\u00e9thodes d&rsquo;\u00e9valuation des futurs projets.<\/p>\n\n\n\n<p>Le d\u00e9ploiement des \u00e9nergies renouvelables et la pr\u00e9servation de la biodiversit\u00e9 sont deux piliers de la strat\u00e9gie environnementale. Si leur cohabitation n\u00e9cessite une attention constante, les outils de planification et la rigueur des cadres scientifiques fournissent des leviers d&rsquo;action. La r\u00e9ussite de chaque projet d\u00e9pend de sa capacit\u00e9 \u00e0 int\u00e9grer les enjeux locaux du vivant, pour une transition qui participe \u00e0 la <strong>protection globale des \u00e9cosyst\u00e8mes<\/strong>.<\/p>\n","protected":false},"excerpt":{"rendered":"","protected":false},"author":2,"featured_media":564,"comment_status":"closed","ping_status":"closed","sticky":false,"template":"","format":"standard","meta":{"footnotes":""},"categories":[4],"tags":[],"class_list":["post-562","post","type-post","status-publish","format-standard","has-post-thumbnail","hentry","category-environnement","masonry-post","generate-columns","tablet-grid-50","mobile-grid-100","grid-parent","grid-33"],"yoast_head":"<!-- This site is optimized with the Yoast SEO plugin v26.6 - https:\/\/yoast.com\/wordpress\/plugins\/seo\/ -->\n<title>Y a-t-il de la vie sous les \u00e9oliennes et les panneaux solaires ? - ECOinfos<\/title>\n<meta name=\"description\" content=\"Quel est l\u2019impact r\u00e9el de l\u2019\u00e9olien et du solaire sur la nature ? Entre risques de collision et b\u00e9n\u00e9fices microclimatiques, d\u00e9couvrez comment la France concilie transition \u00e9nerg\u00e9tique et protection de la biodiversit\u00e9.\" \/>\n<meta name=\"robots\" content=\"index, follow, max-snippet:-1, max-image-preview:large, max-video-preview:-1\" \/>\n<link rel=\"canonical\" href=\"https:\/\/www.les-energies-renouvelables.eu\/article\/actualites\/environnement\/y-a-t-il-de-la-vie-sous-les-eoliennes-et-les-panneaux-solaires-562\/\" \/>\n<meta property=\"og:locale\" content=\"fr_FR\" \/>\n<meta property=\"og:type\" content=\"article\" \/>\n<meta property=\"og:title\" content=\"Y a-t-il de la vie sous les \u00e9oliennes et les panneaux solaires ? - ECOinfos\" \/>\n<meta property=\"og:description\" content=\"Quel est l\u2019impact r\u00e9el de l\u2019\u00e9olien et du solaire sur la nature ? Entre risques de collision et b\u00e9n\u00e9fices microclimatiques, d\u00e9couvrez comment la France concilie transition \u00e9nerg\u00e9tique et protection de la biodiversit\u00e9.\" \/>\n<meta property=\"og:url\" content=\"https:\/\/www.les-energies-renouvelables.eu\/article\/actualites\/environnement\/y-a-t-il-de-la-vie-sous-les-eoliennes-et-les-panneaux-solaires-562\/\" \/>\n<meta property=\"og:site_name\" content=\"ECOinfos Energies renouvelables\" \/>\n<meta property=\"article:publisher\" content=\"https:\/\/www.facebook.com\/ecoannuaire.energierenouvelable\/\" \/>\n<meta property=\"article:author\" content=\"https:\/\/www.facebook.com\/tictacf2c\/\" \/>\n<meta property=\"article:published_time\" content=\"2026-04-15T08:00:00+00:00\" \/>\n<meta property=\"og:image\" content=\"https:\/\/www.les-energies-renouvelables.eu\/article\/actualites\/wp-content\/uploads\/2026\/04\/actualites-y-a-t-il-de-la-vie-sous-les-eoliennes-et-les-panneaux-solaires-impact-energies-renouvelables-biodiversite.jpg\" \/>\n\t<meta property=\"og:image:width\" content=\"1200\" \/>\n\t<meta property=\"og:image:height\" content=\"675\" \/>\n\t<meta property=\"og:image:type\" content=\"image\/jpeg\" \/>\n<meta name=\"author\" content=\"Alexia JACQUARD\" \/>\n<meta name=\"twitter:card\" content=\"summary_large_image\" \/>\n<meta name=\"twitter:creator\" content=\"@alexiajcrd\" \/>\n<meta name=\"twitter:site\" content=\"@ECOinfosENR\" \/>\n<meta name=\"twitter:label1\" content=\"\u00c9crit par\" \/>\n\t<meta name=\"twitter:data1\" content=\"Alexia JACQUARD\" \/>\n\t<meta name=\"twitter:label2\" content=\"Dur\u00e9e de lecture estim\u00e9e\" \/>\n\t<meta name=\"twitter:data2\" content=\"5 minutes\" \/>\n<script type=\"application\/ld+json\" class=\"yoast-schema-graph\">{\"@context\":\"https:\/\/schema.org\",\"@graph\":[{\"@type\":\"Article\",\"@id\":\"https:\/\/www.les-energies-renouvelables.eu\/article\/actualites\/environnement\/y-a-t-il-de-la-vie-sous-les-eoliennes-et-les-panneaux-solaires-562\/#article\",\"isPartOf\":{\"@id\":\"https:\/\/www.les-energies-renouvelables.eu\/article\/actualites\/environnement\/y-a-t-il-de-la-vie-sous-les-eoliennes-et-les-panneaux-solaires-562\/\"},\"author\":{\"name\":\"Alexia JACQUARD\",\"@id\":\"https:\/\/www.les-energies-renouvelables.eu\/article\/actualites\/#\/schema\/person\/2c7d09eb5ca339c12ca8d86145440169\"},\"headline\":\"Y a-t-il de la vie sous les \u00e9oliennes et les panneaux solaires ?\",\"datePublished\":\"2026-04-15T08:00:00+00:00\",\"mainEntityOfPage\":{\"@id\":\"https:\/\/www.les-energies-renouvelables.eu\/article\/actualites\/environnement\/y-a-t-il-de-la-vie-sous-les-eoliennes-et-les-panneaux-solaires-562\/\"},\"wordCount\":959,\"publisher\":{\"@id\":\"https:\/\/www.les-energies-renouvelables.eu\/article\/actualites\/#organization\"},\"image\":{\"@id\":\"https:\/\/www.les-energies-renouvelables.eu\/article\/actualites\/environnement\/y-a-t-il-de-la-vie-sous-les-eoliennes-et-les-panneaux-solaires-562\/#primaryimage\"},\"thumbnailUrl\":\"https:\/\/www.les-energies-renouvelables.eu\/article\/actualites\/wp-content\/uploads\/2026\/04\/actualites-y-a-t-il-de-la-vie-sous-les-eoliennes-et-les-panneaux-solaires-impact-energies-renouvelables-biodiversite.jpg\",\"articleSection\":[\"Environnement\"],\"inLanguage\":\"fr-FR\"},{\"@type\":\"WebPage\",\"@id\":\"https:\/\/www.les-energies-renouvelables.eu\/article\/actualites\/environnement\/y-a-t-il-de-la-vie-sous-les-eoliennes-et-les-panneaux-solaires-562\/\",\"url\":\"https:\/\/www.les-energies-renouvelables.eu\/article\/actualites\/environnement\/y-a-t-il-de-la-vie-sous-les-eoliennes-et-les-panneaux-solaires-562\/\",\"name\":\"Y a-t-il de la vie sous les \u00e9oliennes et les panneaux solaires ? - ECOinfos\",\"isPartOf\":{\"@id\":\"https:\/\/www.les-energies-renouvelables.eu\/article\/actualites\/#website\"},\"primaryImageOfPage\":{\"@id\":\"https:\/\/www.les-energies-renouvelables.eu\/article\/actualites\/environnement\/y-a-t-il-de-la-vie-sous-les-eoliennes-et-les-panneaux-solaires-562\/#primaryimage\"},\"image\":{\"@id\":\"https:\/\/www.les-energies-renouvelables.eu\/article\/actualites\/environnement\/y-a-t-il-de-la-vie-sous-les-eoliennes-et-les-panneaux-solaires-562\/#primaryimage\"},\"thumbnailUrl\":\"https:\/\/www.les-energies-renouvelables.eu\/article\/actualites\/wp-content\/uploads\/2026\/04\/actualites-y-a-t-il-de-la-vie-sous-les-eoliennes-et-les-panneaux-solaires-impact-energies-renouvelables-biodiversite.jpg\",\"datePublished\":\"2026-04-15T08:00:00+00:00\",\"description\":\"Quel est l\u2019impact r\u00e9el de l\u2019\u00e9olien et du solaire sur la nature ? Entre risques de collision et b\u00e9n\u00e9fices microclimatiques, d\u00e9couvrez comment la France concilie transition \u00e9nerg\u00e9tique et protection de la biodiversit\u00e9.\",\"breadcrumb\":{\"@id\":\"https:\/\/www.les-energies-renouvelables.eu\/article\/actualites\/environnement\/y-a-t-il-de-la-vie-sous-les-eoliennes-et-les-panneaux-solaires-562\/#breadcrumb\"},\"inLanguage\":\"fr-FR\",\"potentialAction\":[{\"@type\":\"ReadAction\",\"target\":[\"https:\/\/www.les-energies-renouvelables.eu\/article\/actualites\/environnement\/y-a-t-il-de-la-vie-sous-les-eoliennes-et-les-panneaux-solaires-562\/\"]}]},{\"@type\":\"ImageObject\",\"inLanguage\":\"fr-FR\",\"@id\":\"https:\/\/www.les-energies-renouvelables.eu\/article\/actualites\/environnement\/y-a-t-il-de-la-vie-sous-les-eoliennes-et-les-panneaux-solaires-562\/#primaryimage\",\"url\":\"https:\/\/www.les-energies-renouvelables.eu\/article\/actualites\/wp-content\/uploads\/2026\/04\/actualites-y-a-t-il-de-la-vie-sous-les-eoliennes-et-les-panneaux-solaires-impact-energies-renouvelables-biodiversite.jpg\",\"contentUrl\":\"https:\/\/www.les-energies-renouvelables.eu\/article\/actualites\/wp-content\/uploads\/2026\/04\/actualites-y-a-t-il-de-la-vie-sous-les-eoliennes-et-les-panneaux-solaires-impact-energies-renouvelables-biodiversite.jpg\",\"width\":1200,\"height\":675,\"caption\":\"gervee Pexels.com\"},{\"@type\":\"BreadcrumbList\",\"@id\":\"https:\/\/www.les-energies-renouvelables.eu\/article\/actualites\/environnement\/y-a-t-il-de-la-vie-sous-les-eoliennes-et-les-panneaux-solaires-562\/#breadcrumb\",\"itemListElement\":[{\"@type\":\"ListItem\",\"position\":1,\"name\":\"Accueil\",\"item\":\"https:\/\/www.les-energies-renouvelables.eu\/article\/actualites\/\"},{\"@type\":\"ListItem\",\"position\":2,\"name\":\"Y a-t-il de la vie sous les \u00e9oliennes et les panneaux solaires ?\"}]},{\"@type\":\"WebSite\",\"@id\":\"https:\/\/www.les-energies-renouvelables.eu\/article\/actualites\/#website\",\"url\":\"https:\/\/www.les-energies-renouvelables.eu\/article\/actualites\/\",\"name\":\"ECOinfos Energies renouvelables\",\"description\":\"Le d\u00e9cryptage quotidien du secteur des \u00e9nergies renouvelables\",\"publisher\":{\"@id\":\"https:\/\/www.les-energies-renouvelables.eu\/article\/actualites\/#organization\"},\"potentialAction\":[{\"@type\":\"SearchAction\",\"target\":{\"@type\":\"EntryPoint\",\"urlTemplate\":\"https:\/\/www.les-energies-renouvelables.eu\/article\/actualites\/?s={search_term_string}\"},\"query-input\":{\"@type\":\"PropertyValueSpecification\",\"valueRequired\":true,\"valueName\":\"search_term_string\"}}],\"inLanguage\":\"fr-FR\"},{\"@type\":\"Organization\",\"@id\":\"https:\/\/www.les-energies-renouvelables.eu\/article\/actualites\/#organization\",\"name\":\"ECOinfos Energies renouvelables\",\"url\":\"https:\/\/www.les-energies-renouvelables.eu\/article\/actualites\/\",\"logo\":{\"@type\":\"ImageObject\",\"inLanguage\":\"fr-FR\",\"@id\":\"https:\/\/www.les-energies-renouvelables.eu\/article\/actualites\/#\/schema\/logo\/image\/\",\"url\":\"https:\/\/www.les-energies-renouvelables.eu\/article\/actualites\/wp-content\/uploads\/2025\/11\/ecoinfos.eldorado-consulting.com-logo-logo.svg\",\"contentUrl\":\"https:\/\/www.les-energies-renouvelables.eu\/article\/actualites\/wp-content\/uploads\/2025\/11\/ecoinfos.eldorado-consulting.com-logo-logo.svg\",\"caption\":\"ECOinfos Energies renouvelables\"},\"image\":{\"@id\":\"https:\/\/www.les-energies-renouvelables.eu\/article\/actualites\/#\/schema\/logo\/image\/\"},\"sameAs\":[\"https:\/\/www.facebook.com\/ecoannuaire.energierenouvelable\/\",\"https:\/\/x.com\/ECOinfosENR\",\"https:\/\/www.linkedin.com\/company\/ecoinfos-energies-renouvelables\/\",\"https:\/\/www.youtube.com\/@ecoinfosenergies\",\"https:\/\/share.google\/dyKHJPxAV42WhhjbM\"]},{\"@type\":\"Person\",\"@id\":\"https:\/\/www.les-energies-renouvelables.eu\/article\/actualites\/#\/schema\/person\/2c7d09eb5ca339c12ca8d86145440169\",\"name\":\"Alexia JACQUARD\",\"pronouns\":\"elle\/elle\",\"image\":{\"@type\":\"ImageObject\",\"inLanguage\":\"fr-FR\",\"@id\":\"https:\/\/www.les-energies-renouvelables.eu\/article\/actualites\/#\/schema\/person\/image\/\",\"url\":\"https:\/\/www.les-energies-renouvelables.eu\/article\/actualites\/wp-content\/uploads\/2026\/01\/actualites-alexia-jacquard-alexia-jacquard-160x160.jpg\",\"contentUrl\":\"https:\/\/www.les-energies-renouvelables.eu\/article\/actualites\/wp-content\/uploads\/2026\/01\/actualites-alexia-jacquard-alexia-jacquard-160x160.jpg\",\"caption\":\"Alexia JACQUARD\"},\"description\":\"Curieuse de nature et attentif aux enjeux du d\u00e9veloppement durable, Alexia Jacquard suit l'actualit\u00e9 des \u00e9nergies renouvelables pour partager les derni\u00e8res nouveaut\u00e9s du secteur. Elle s'attache \u00e0 retranscrire simplement les informations cl\u00e9s et les initiatives positives qui marquent la transition \u00e9nerg\u00e9tique. Son objectif : proposer des articles d'actualit\u00e9 clairs et accessibles pour tous ceux qui s'int\u00e9ressent \u00e0 l'avenir de notre \u00e9nergie.\",\"sameAs\":[\"https:\/\/alexia-jacquard.fr\",\"https:\/\/www.facebook.com\/tictacf2c\/\",\"https:\/\/www.instagram.com\/alexia_redac\/\",\"https:\/\/www.linkedin.com\/in\/alexia-jacquard-449a4b289\/\",\"https:\/\/fr.pinterest.com\/alexiajacquard\/\",\"https:\/\/x.com\/alexiajcrd\",\"https:\/\/www.youtube.com\/@Thepaindemie\",\"https:\/\/muckrack.com\/alexia-jacquard\"],\"url\":\"https:\/\/www.les-energies-renouvelables.eu\/article\/actualites\/author\/alexia-jacquard\/\"}]}<\/script>\n<!-- \/ Yoast SEO plugin. -->","yoast_head_json":{"title":"Y a-t-il de la vie sous les \u00e9oliennes et les panneaux solaires ? - ECOinfos","description":"Quel est l\u2019impact r\u00e9el de l\u2019\u00e9olien et du solaire sur la nature ? Entre risques de collision et b\u00e9n\u00e9fices microclimatiques, d\u00e9couvrez comment la France concilie transition \u00e9nerg\u00e9tique et protection de la biodiversit\u00e9.","robots":{"index":"index","follow":"follow","max-snippet":"max-snippet:-1","max-image-preview":"max-image-preview:large","max-video-preview":"max-video-preview:-1"},"canonical":"https:\/\/www.les-energies-renouvelables.eu\/article\/actualites\/environnement\/y-a-t-il-de-la-vie-sous-les-eoliennes-et-les-panneaux-solaires-562\/","og_locale":"fr_FR","og_type":"article","og_title":"Y a-t-il de la vie sous les \u00e9oliennes et les panneaux solaires ? - ECOinfos","og_description":"Quel est l\u2019impact r\u00e9el de l\u2019\u00e9olien et du solaire sur la nature ? Entre risques de collision et b\u00e9n\u00e9fices microclimatiques, d\u00e9couvrez comment la France concilie transition \u00e9nerg\u00e9tique et protection de la biodiversit\u00e9.","og_url":"https:\/\/www.les-energies-renouvelables.eu\/article\/actualites\/environnement\/y-a-t-il-de-la-vie-sous-les-eoliennes-et-les-panneaux-solaires-562\/","og_site_name":"ECOinfos Energies renouvelables","article_publisher":"https:\/\/www.facebook.com\/ecoannuaire.energierenouvelable\/","article_author":"https:\/\/www.facebook.com\/tictacf2c\/","article_published_time":"2026-04-15T08:00:00+00:00","og_image":[{"width":1200,"height":675,"url":"https:\/\/www.les-energies-renouvelables.eu\/article\/actualites\/wp-content\/uploads\/2026\/04\/actualites-y-a-t-il-de-la-vie-sous-les-eoliennes-et-les-panneaux-solaires-impact-energies-renouvelables-biodiversite.jpg","type":"image\/jpeg"}],"author":"Alexia JACQUARD","twitter_card":"summary_large_image","twitter_creator":"@alexiajcrd","twitter_site":"@ECOinfosENR","twitter_misc":{"\u00c9crit par":"Alexia JACQUARD","Dur\u00e9e de lecture estim\u00e9e":"5 minutes"},"schema":{"@context":"https:\/\/schema.org","@graph":[{"@type":"Article","@id":"https:\/\/www.les-energies-renouvelables.eu\/article\/actualites\/environnement\/y-a-t-il-de-la-vie-sous-les-eoliennes-et-les-panneaux-solaires-562\/#article","isPartOf":{"@id":"https:\/\/www.les-energies-renouvelables.eu\/article\/actualites\/environnement\/y-a-t-il-de-la-vie-sous-les-eoliennes-et-les-panneaux-solaires-562\/"},"author":{"name":"Alexia JACQUARD","@id":"https:\/\/www.les-energies-renouvelables.eu\/article\/actualites\/#\/schema\/person\/2c7d09eb5ca339c12ca8d86145440169"},"headline":"Y a-t-il de la vie sous les \u00e9oliennes et les panneaux solaires ?","datePublished":"2026-04-15T08:00:00+00:00","mainEntityOfPage":{"@id":"https:\/\/www.les-energies-renouvelables.eu\/article\/actualites\/environnement\/y-a-t-il-de-la-vie-sous-les-eoliennes-et-les-panneaux-solaires-562\/"},"wordCount":959,"publisher":{"@id":"https:\/\/www.les-energies-renouvelables.eu\/article\/actualites\/#organization"},"image":{"@id":"https:\/\/www.les-energies-renouvelables.eu\/article\/actualites\/environnement\/y-a-t-il-de-la-vie-sous-les-eoliennes-et-les-panneaux-solaires-562\/#primaryimage"},"thumbnailUrl":"https:\/\/www.les-energies-renouvelables.eu\/article\/actualites\/wp-content\/uploads\/2026\/04\/actualites-y-a-t-il-de-la-vie-sous-les-eoliennes-et-les-panneaux-solaires-impact-energies-renouvelables-biodiversite.jpg","articleSection":["Environnement"],"inLanguage":"fr-FR"},{"@type":"WebPage","@id":"https:\/\/www.les-energies-renouvelables.eu\/article\/actualites\/environnement\/y-a-t-il-de-la-vie-sous-les-eoliennes-et-les-panneaux-solaires-562\/","url":"https:\/\/www.les-energies-renouvelables.eu\/article\/actualites\/environnement\/y-a-t-il-de-la-vie-sous-les-eoliennes-et-les-panneaux-solaires-562\/","name":"Y a-t-il de la vie sous les \u00e9oliennes et les panneaux solaires ? - ECOinfos","isPartOf":{"@id":"https:\/\/www.les-energies-renouvelables.eu\/article\/actualites\/#website"},"primaryImageOfPage":{"@id":"https:\/\/www.les-energies-renouvelables.eu\/article\/actualites\/environnement\/y-a-t-il-de-la-vie-sous-les-eoliennes-et-les-panneaux-solaires-562\/#primaryimage"},"image":{"@id":"https:\/\/www.les-energies-renouvelables.eu\/article\/actualites\/environnement\/y-a-t-il-de-la-vie-sous-les-eoliennes-et-les-panneaux-solaires-562\/#primaryimage"},"thumbnailUrl":"https:\/\/www.les-energies-renouvelables.eu\/article\/actualites\/wp-content\/uploads\/2026\/04\/actualites-y-a-t-il-de-la-vie-sous-les-eoliennes-et-les-panneaux-solaires-impact-energies-renouvelables-biodiversite.jpg","datePublished":"2026-04-15T08:00:00+00:00","description":"Quel est l\u2019impact r\u00e9el de l\u2019\u00e9olien et du solaire sur la nature ? Entre risques de collision et b\u00e9n\u00e9fices microclimatiques, d\u00e9couvrez comment la France concilie transition \u00e9nerg\u00e9tique et protection de la biodiversit\u00e9.","breadcrumb":{"@id":"https:\/\/www.les-energies-renouvelables.eu\/article\/actualites\/environnement\/y-a-t-il-de-la-vie-sous-les-eoliennes-et-les-panneaux-solaires-562\/#breadcrumb"},"inLanguage":"fr-FR","potentialAction":[{"@type":"ReadAction","target":["https:\/\/www.les-energies-renouvelables.eu\/article\/actualites\/environnement\/y-a-t-il-de-la-vie-sous-les-eoliennes-et-les-panneaux-solaires-562\/"]}]},{"@type":"ImageObject","inLanguage":"fr-FR","@id":"https:\/\/www.les-energies-renouvelables.eu\/article\/actualites\/environnement\/y-a-t-il-de-la-vie-sous-les-eoliennes-et-les-panneaux-solaires-562\/#primaryimage","url":"https:\/\/www.les-energies-renouvelables.eu\/article\/actualites\/wp-content\/uploads\/2026\/04\/actualites-y-a-t-il-de-la-vie-sous-les-eoliennes-et-les-panneaux-solaires-impact-energies-renouvelables-biodiversite.jpg","contentUrl":"https:\/\/www.les-energies-renouvelables.eu\/article\/actualites\/wp-content\/uploads\/2026\/04\/actualites-y-a-t-il-de-la-vie-sous-les-eoliennes-et-les-panneaux-solaires-impact-energies-renouvelables-biodiversite.jpg","width":1200,"height":675,"caption":"gervee Pexels.com"},{"@type":"BreadcrumbList","@id":"https:\/\/www.les-energies-renouvelables.eu\/article\/actualites\/environnement\/y-a-t-il-de-la-vie-sous-les-eoliennes-et-les-panneaux-solaires-562\/#breadcrumb","itemListElement":[{"@type":"ListItem","position":1,"name":"Accueil","item":"https:\/\/www.les-energies-renouvelables.eu\/article\/actualites\/"},{"@type":"ListItem","position":2,"name":"Y a-t-il de la vie sous les \u00e9oliennes et les panneaux solaires ?"}]},{"@type":"WebSite","@id":"https:\/\/www.les-energies-renouvelables.eu\/article\/actualites\/#website","url":"https:\/\/www.les-energies-renouvelables.eu\/article\/actualites\/","name":"ECOinfos Energies renouvelables","description":"Le d\u00e9cryptage quotidien du secteur des \u00e9nergies renouvelables","publisher":{"@id":"https:\/\/www.les-energies-renouvelables.eu\/article\/actualites\/#organization"},"potentialAction":[{"@type":"SearchAction","target":{"@type":"EntryPoint","urlTemplate":"https:\/\/www.les-energies-renouvelables.eu\/article\/actualites\/?s={search_term_string}"},"query-input":{"@type":"PropertyValueSpecification","valueRequired":true,"valueName":"search_term_string"}}],"inLanguage":"fr-FR"},{"@type":"Organization","@id":"https:\/\/www.les-energies-renouvelables.eu\/article\/actualites\/#organization","name":"ECOinfos Energies renouvelables","url":"https:\/\/www.les-energies-renouvelables.eu\/article\/actualites\/","logo":{"@type":"ImageObject","inLanguage":"fr-FR","@id":"https:\/\/www.les-energies-renouvelables.eu\/article\/actualites\/#\/schema\/logo\/image\/","url":"https:\/\/www.les-energies-renouvelables.eu\/article\/actualites\/wp-content\/uploads\/2025\/11\/ecoinfos.eldorado-consulting.com-logo-logo.svg","contentUrl":"https:\/\/www.les-energies-renouvelables.eu\/article\/actualites\/wp-content\/uploads\/2025\/11\/ecoinfos.eldorado-consulting.com-logo-logo.svg","caption":"ECOinfos Energies renouvelables"},"image":{"@id":"https:\/\/www.les-energies-renouvelables.eu\/article\/actualites\/#\/schema\/logo\/image\/"},"sameAs":["https:\/\/www.facebook.com\/ecoannuaire.energierenouvelable\/","https:\/\/x.com\/ECOinfosENR","https:\/\/www.linkedin.com\/company\/ecoinfos-energies-renouvelables\/","https:\/\/www.youtube.com\/@ecoinfosenergies","https:\/\/share.google\/dyKHJPxAV42WhhjbM"]},{"@type":"Person","@id":"https:\/\/www.les-energies-renouvelables.eu\/article\/actualites\/#\/schema\/person\/2c7d09eb5ca339c12ca8d86145440169","name":"Alexia JACQUARD","pronouns":"elle\/elle","image":{"@type":"ImageObject","inLanguage":"fr-FR","@id":"https:\/\/www.les-energies-renouvelables.eu\/article\/actualites\/#\/schema\/person\/image\/","url":"https:\/\/www.les-energies-renouvelables.eu\/article\/actualites\/wp-content\/uploads\/2026\/01\/actualites-alexia-jacquard-alexia-jacquard-160x160.jpg","contentUrl":"https:\/\/www.les-energies-renouvelables.eu\/article\/actualites\/wp-content\/uploads\/2026\/01\/actualites-alexia-jacquard-alexia-jacquard-160x160.jpg","caption":"Alexia JACQUARD"},"description":"Curieuse de nature et attentif aux enjeux du d\u00e9veloppement durable, Alexia Jacquard suit l'actualit\u00e9 des \u00e9nergies renouvelables pour partager les derni\u00e8res nouveaut\u00e9s du secteur. Elle s'attache \u00e0 retranscrire simplement les informations cl\u00e9s et les initiatives positives qui marquent la transition \u00e9nerg\u00e9tique. Son objectif : proposer des articles d'actualit\u00e9 clairs et accessibles pour tous ceux qui s'int\u00e9ressent \u00e0 l'avenir de notre \u00e9nergie.","sameAs":["https:\/\/alexia-jacquard.fr","https:\/\/www.facebook.com\/tictacf2c\/","https:\/\/www.instagram.com\/alexia_redac\/","https:\/\/www.linkedin.com\/in\/alexia-jacquard-449a4b289\/","https:\/\/fr.pinterest.com\/alexiajacquard\/","https:\/\/x.com\/alexiajcrd","https:\/\/www.youtube.com\/@Thepaindemie","https:\/\/muckrack.com\/alexia-jacquard"],"url":"https:\/\/www.les-energies-renouvelables.eu\/article\/actualites\/author\/alexia-jacquard\/"}]}},"_links":{"self":[{"href":"https:\/\/www.les-energies-renouvelables.eu\/article\/actualites\/wp-json\/wp\/v2\/posts\/562","targetHints":{"allow":["GET"]}}],"collection":[{"href":"https:\/\/www.les-energies-renouvelables.eu\/article\/actualites\/wp-json\/wp\/v2\/posts"}],"about":[{"href":"https:\/\/www.les-energies-renouvelables.eu\/article\/actualites\/wp-json\/wp\/v2\/types\/post"}],"author":[{"embeddable":true,"href":"https:\/\/www.les-energies-renouvelables.eu\/article\/actualites\/wp-json\/wp\/v2\/users\/2"}],"replies":[{"embeddable":true,"href":"https:\/\/www.les-energies-renouvelables.eu\/article\/actualites\/wp-json\/wp\/v2\/comments?post=562"}],"version-history":[{"count":1,"href":"https:\/\/www.les-energies-renouvelables.eu\/article\/actualites\/wp-json\/wp\/v2\/posts\/562\/revisions"}],"predecessor-version":[{"id":563,"href":"https:\/\/www.les-energies-renouvelables.eu\/article\/actualites\/wp-json\/wp\/v2\/posts\/562\/revisions\/563"}],"wp:featuredmedia":[{"embeddable":true,"href":"https:\/\/www.les-energies-renouvelables.eu\/article\/actualites\/wp-json\/wp\/v2\/media\/564"}],"wp:attachment":[{"href":"https:\/\/www.les-energies-renouvelables.eu\/article\/actualites\/wp-json\/wp\/v2\/media?parent=562"}],"wp:term":[{"taxonomy":"category","embeddable":true,"href":"https:\/\/www.les-energies-renouvelables.eu\/article\/actualites\/wp-json\/wp\/v2\/categories?post=562"},{"taxonomy":"post_tag","embeddable":true,"href":"https:\/\/www.les-energies-renouvelables.eu\/article\/actualites\/wp-json\/wp\/v2\/tags?post=562"}],"curies":[{"name":"wp","href":"https:\/\/api.w.org\/{rel}","templated":true}]}}