{"id":524,"date":"2026-04-03T11:15:44","date_gmt":"2026-04-03T09:15:44","guid":{"rendered":"https:\/\/www.les-energies-renouvelables.eu\/article\/actualites\/?p=524"},"modified":"2026-04-04T11:16:36","modified_gmt":"2026-04-04T09:16:36","slug":"solaire-lindustrie-mise-sur-la-transparence-pour-renforcer-la-confiance-des-acteurs","status":"publish","type":"post","link":"https:\/\/www.les-energies-renouvelables.eu\/article\/actualites\/reglementations\/solaire-lindustrie-mise-sur-la-transparence-pour-renforcer-la-confiance-des-acteurs-524\/","title":{"rendered":"Solaire : l\u2019industrie mise sur la transparence pour renforcer la confiance des acteurs"},"content":{"rendered":"\n<p>R\u00e9sum\u00e9 :&nbsp;<\/p>\n\n\n\n<ul class=\"wp-block-list\">\n<li><strong>Accord sectoriel :<\/strong> Signature d&rsquo;un protocole entre la <strong>SSI<\/strong> (<em>Solar Stewardship Initiative<\/em>) et l&rsquo;<strong>IRMA<\/strong> (<em>Initiative for Responsible Mining Assurance<\/em>).<\/li>\n\n\n\n<li><strong>Appel international :<\/strong> L&rsquo;<strong>ONU<\/strong> pr\u00e9conise la cr\u00e9ation d&rsquo;un syst\u00e8me mondial de suivi pour les minerais de la transition \u00e9nerg\u00e9tique.<\/li>\n\n\n\n<li><strong>Besoins croissants :<\/strong> Selon l&rsquo;AIE, la demande de minerais pourrait <strong>quadrupler d&rsquo;ici 2040<\/strong>.<\/li>\n\n\n\n<li><strong>D\u00e9fi industriel :<\/strong> Le m\u00e9lange des min\u00e9raux dans les <strong>points d&rsquo;agr\u00e9gation<\/strong> (fonderies) complexifie la tra\u00e7abilit\u00e9 initiale.<\/li>\n<\/ul>\n\n\n\n<p>Le secteur solaire traverse une phase o\u00f9 la ma\u00eetrise des <strong>cha\u00eenes logistiques<\/strong> s&rsquo;\u00e9tablit comme un crit\u00e8re d&rsquo;analyse pr\u00e9pond\u00e9rant. Au-del\u00e0 de la course aux volumes, le besoin de donn\u00e9es pr\u00e9cises sur les composants r\u00e9pond \u00e0 une volont\u00e9 de <strong>clarification des r\u00e9f\u00e9rentiels<\/strong>. Cette \u00e9volution vise \u00e0 mieux encadrer les <strong>impacts sociaux et environnementaux<\/strong> li\u00e9s \u00e0 la production des panneaux, illustrant la maturation d&rsquo;une industrie qui cherche \u00e0 conjuguer performance et responsabilit\u00e9.<\/p>\n\n\n\n<h2 class=\"wp-block-heading\">De la mine au module : comprendre la cha\u00eene de transformation<\/h2>\n\n\n\n<p>Le parcours des composants photovolta\u00efques s&rsquo;inscrit dans une structure industrielle segment\u00e9e, o\u00f9 chaque \u00e9tape compte. Le processus repose sur plusieurs phases de transformation technique : tout commence par l&rsquo;extraction du <strong>silicium<\/strong>, qui est purifi\u00e9 pour \u00eatre transform\u00e9 en <strong>lingots<\/strong>, puis d\u00e9coup\u00e9 en fines plaques appel\u00e9es <strong>wafers<\/strong>, avant de devenir les <strong>cellules<\/strong>constitutives du panneau final.<\/p>\n\n\n\n<p>Comme l&rsquo;indique l&rsquo;analyse publi\u00e9e dans la revue <em>Regulation &amp; Governance<\/em>, la difficult\u00e9 r\u00e9side dans la nature m\u00eame de ces min\u00e9raux, souvent qualifi\u00e9s de <strong>\u00ab\u00a0biens indiff\u00e9renci\u00e9s\u00a0\u00bb<\/strong>. Une fois arriv\u00e9s dans les fonderies ou les raffineries \u2014 les <strong>points d&rsquo;agr\u00e9gation<\/strong> \u2014 les mat\u00e9riaux provenant de sources diverses sont m\u00e9lang\u00e9s. Ce stade de traitement rend l&rsquo;identification de l&rsquo;origine exacte des minerais particuli\u00e8rement complexe, ce qui n\u00e9cessite une coordination accrue entre les diff\u00e9rents intervenants de la cha\u00eene.<\/p>\n\n\n\n<h2 class=\"wp-block-heading\">SSI et IRMA : vers des standards de v\u00e9rification communs<\/h2>\n\n\n\n<p>Face \u00e0 ces zones d&rsquo;ombre, les organisations professionnelles structurent leur coop\u00e9ration. D\u00e9but avril 2026, l\u2019Initiative pour une gestion responsable du solaire (<strong>SSI<\/strong>) et l\u2019Initiative pour une assurance mini\u00e8re responsable (<strong>IRMA<\/strong>) ont annonc\u00e9 la signature d&rsquo;un protocole d&rsquo;accord. Ce partenariat entend couvrir l\u2019ensemble du cycle de fabrication, de la mine jusqu&rsquo;au <strong>module photovolta\u00efque<\/strong>.<\/p>\n\n\n\n<p>Le projet vise \u00e0 int\u00e9grer progressivement des <strong>standards d\u2019assurance mini\u00e8re<\/strong> afin de limiter les redondances dans les r\u00e9f\u00e9rentiels industriels. Selon Rachel Owens, directrice g\u00e9n\u00e9rale du SSI, ce rapprochement marque une \u00e9tape pour renforcer les crit\u00e8res de <strong>durabilit\u00e9<\/strong>. Aimee Boulanger, directrice ex\u00e9cutive d\u2019IRMA, pr\u00e9cise que si le solaire contribue \u00e0 un avenir bas carbone, cet essor doit s&rsquo;appuyer sur des pratiques d&rsquo;extraction plus responsables.<\/p>\n\n\n\n<h2 class=\"wp-block-heading\">L\u2019appel de l\u2019ONU : des principes directeurs mondiaux<\/h2>\n\n\n\n<p>Cette dynamique industrielle est d\u00e9sormais soutenue par des instances internationales. Un comit\u00e9 d&rsquo;experts mandat\u00e9 par le secr\u00e9taire g\u00e9n\u00e9ral de l&rsquo;ONU, <strong>Antonio Guterres<\/strong>, a formul\u00e9 sept principes directeurs pour encadrer la demande de minerais critiques (<strong>cuivre, cobalt, nickel<\/strong>, terres rares, etc.).<\/p>\n\n\n\n<p>Pour \u00e9viter que l\u2019explosion des besoins n&rsquo;alimente des violations des droits humains ou des d\u00e9g\u00e2ts environnementaux, le comit\u00e9 recommande la mise en place d&rsquo;un <strong>syst\u00e8me mondial de responsabilit\u00e9<\/strong>. Ce dispositif permettrait d&rsquo;effectuer des <strong>\u00e9valuations ind\u00e9pendantes<\/strong>, incluant le respect du droit du travail et des droits des populations autochtones sur les sites d&rsquo;extraction. L&rsquo;ONU encourage \u00e9galement l&rsquo;innovation pour r\u00e9duire la quantit\u00e9 de min\u00e9raux n\u00e9cessaire et invite \u00e0 d\u00e9velopper le <strong>recyclage<\/strong> des produits.<\/p>\n\n\n\n<h2 class=\"wp-block-heading\">Impact utilisateur : une lecture plus fine de son installation<\/h2>\n\n\n\n<p>Pour le particulier ou le porteur de projet, ces \u00e9volutions apportent des \u00e9l\u00e9ments de compr\u00e9hension suppl\u00e9mentaires sur les technologies disponibles. La mise en place de syst\u00e8mes de collecte de donn\u00e9es fiabilise la connaissance du parcours des produits, offrant ainsi des indicateurs plus pr\u00e9cis sur les <strong>conditions de fabrication<\/strong> des mat\u00e9riaux.<\/p>\n\n\n\n<p>Cette structuration facilite \u00e9galement la <strong>valorisation des composants<\/strong> en fin de vie. En identifiant mieux la nature des \u00e9quipements, les processus de recyclage peuvent optimiser la r\u00e9cup\u00e9ration des m\u00e9taux, limitant ainsi la d\u00e9pendance \u00e0 de nouvelles extractions. Pour le b\u00e9n\u00e9ficiaire final, cette d\u00e9marche de <strong>transparence<\/strong> participe \u00e0 la coh\u00e9rence globale d&rsquo;un investissement dans les \u00e9nergies renouvelables.<\/p>\n\n\n\n<p>La lisibilit\u00e9 sur l&rsquo;origine des minerais s&rsquo;impose d\u00e9sormais comme un enjeu de coh\u00e9rence pour l&rsquo;\u00e9nergie solaire. Entre les initiatives priv\u00e9es et les recommandations des Nations unies, le secteur s&rsquo;organise pour rendre ses circuits de production plus <strong>v\u00e9rifiables<\/strong>. Si les d\u00e9fis techniques li\u00e9s aux points d&rsquo;agr\u00e9gation subsistent, l&rsquo;\u00e9mergence de standards communs t\u00e9moigne d&rsquo;une volont\u00e9 de lier la <strong>transition \u00e9nerg\u00e9tique<\/strong> \u00e0 des pratiques de fabrication transparentes, de la mine jusqu&rsquo;au module final.<\/p>\n","protected":false},"excerpt":{"rendered":"","protected":false},"author":2,"featured_media":526,"comment_status":"closed","ping_status":"closed","sticky":false,"template":"","format":"standard","meta":{"footnotes":""},"categories":[7],"tags":[],"class_list":["post-524","post","type-post","status-publish","format-standard","has-post-thumbnail","hentry","category-reglementations","masonry-post","generate-columns","tablet-grid-50","mobile-grid-100","grid-parent","grid-33"],"yoast_head":"<!-- This site is optimized with the Yoast SEO plugin v26.6 - https:\/\/yoast.com\/wordpress\/plugins\/seo\/ -->\n<title>Solaire : l\u2019industrie mise sur la transparence pour renforcer la confiance des acteurs - ECOinfos<\/title>\n<meta name=\"description\" content=\"D&#039;o\u00f9 viennent les mat\u00e9riaux de vos panneaux solaires ? D\u00e9couvrez comment l&#039;alliance SSI-IRMA et l&#039;ONU structurent la tra\u00e7abilit\u00e9 des minerais critiques pour garantir un photovolta\u00efque plus \u00e9thique et responsable.\" \/>\n<meta name=\"robots\" content=\"index, follow, max-snippet:-1, max-image-preview:large, max-video-preview:-1\" \/>\n<link rel=\"canonical\" href=\"https:\/\/www.les-energies-renouvelables.eu\/article\/actualites\/reglementations\/solaire-lindustrie-mise-sur-la-transparence-pour-renforcer-la-confiance-des-acteurs-524\/\" \/>\n<meta property=\"og:locale\" content=\"fr_FR\" \/>\n<meta property=\"og:type\" content=\"article\" \/>\n<meta property=\"og:title\" content=\"Solaire : l\u2019industrie mise sur la transparence pour renforcer la confiance des acteurs - ECOinfos\" \/>\n<meta property=\"og:description\" content=\"D&#039;o\u00f9 viennent les mat\u00e9riaux de vos panneaux solaires ? D\u00e9couvrez comment l&#039;alliance SSI-IRMA et l&#039;ONU structurent la tra\u00e7abilit\u00e9 des minerais critiques pour garantir un photovolta\u00efque plus \u00e9thique et responsable.\" \/>\n<meta property=\"og:url\" content=\"https:\/\/www.les-energies-renouvelables.eu\/article\/actualites\/reglementations\/solaire-lindustrie-mise-sur-la-transparence-pour-renforcer-la-confiance-des-acteurs-524\/\" \/>\n<meta property=\"og:site_name\" content=\"ECOinfos Energies renouvelables\" \/>\n<meta property=\"article:publisher\" content=\"https:\/\/www.facebook.com\/ecoannuaire.energierenouvelable\/\" \/>\n<meta property=\"article:author\" content=\"https:\/\/www.facebook.com\/tictacf2c\/\" \/>\n<meta property=\"article:published_time\" content=\"2026-04-03T09:15:44+00:00\" \/>\n<meta property=\"article:modified_time\" content=\"2026-04-04T09:16:36+00:00\" \/>\n<meta property=\"og:image\" content=\"https:\/\/www.les-energies-renouvelables.eu\/article\/actualites\/wp-content\/uploads\/2026\/04\/actualites-solaire-lindustrie-mise-sur-la-transparence-pour-renforcer-la-confiance-des-acteurs-tracabilite-minerais-panneaux-solaires.jpg\" \/>\n\t<meta property=\"og:image:width\" content=\"1200\" \/>\n\t<meta property=\"og:image:height\" content=\"675\" \/>\n\t<meta property=\"og:image:type\" content=\"image\/jpeg\" \/>\n<meta name=\"author\" content=\"Alexia JACQUARD\" \/>\n<meta name=\"twitter:card\" content=\"summary_large_image\" \/>\n<meta name=\"twitter:creator\" content=\"@alexiajcrd\" \/>\n<meta name=\"twitter:site\" content=\"@ECOinfosENR\" \/>\n<meta name=\"twitter:label1\" content=\"\u00c9crit par\" \/>\n\t<meta name=\"twitter:data1\" content=\"Alexia JACQUARD\" \/>\n\t<meta name=\"twitter:label2\" content=\"Dur\u00e9e de lecture estim\u00e9e\" \/>\n\t<meta name=\"twitter:data2\" content=\"4 minutes\" \/>\n<script type=\"application\/ld+json\" class=\"yoast-schema-graph\">{\"@context\":\"https:\/\/schema.org\",\"@graph\":[{\"@type\":\"Article\",\"@id\":\"https:\/\/www.les-energies-renouvelables.eu\/article\/actualites\/reglementations\/solaire-lindustrie-mise-sur-la-transparence-pour-renforcer-la-confiance-des-acteurs-524\/#article\",\"isPartOf\":{\"@id\":\"https:\/\/www.les-energies-renouvelables.eu\/article\/actualites\/reglementations\/solaire-lindustrie-mise-sur-la-transparence-pour-renforcer-la-confiance-des-acteurs-524\/\"},\"author\":{\"name\":\"Alexia JACQUARD\",\"@id\":\"https:\/\/www.les-energies-renouvelables.eu\/article\/actualites\/#\/schema\/person\/2c7d09eb5ca339c12ca8d86145440169\"},\"headline\":\"Solaire : l\u2019industrie mise sur la transparence pour renforcer la confiance des acteurs\",\"datePublished\":\"2026-04-03T09:15:44+00:00\",\"dateModified\":\"2026-04-04T09:16:36+00:00\",\"mainEntityOfPage\":{\"@id\":\"https:\/\/www.les-energies-renouvelables.eu\/article\/actualites\/reglementations\/solaire-lindustrie-mise-sur-la-transparence-pour-renforcer-la-confiance-des-acteurs-524\/\"},\"wordCount\":835,\"publisher\":{\"@id\":\"https:\/\/www.les-energies-renouvelables.eu\/article\/actualites\/#organization\"},\"image\":{\"@id\":\"https:\/\/www.les-energies-renouvelables.eu\/article\/actualites\/reglementations\/solaire-lindustrie-mise-sur-la-transparence-pour-renforcer-la-confiance-des-acteurs-524\/#primaryimage\"},\"thumbnailUrl\":\"https:\/\/www.les-energies-renouvelables.eu\/article\/actualites\/wp-content\/uploads\/2026\/04\/actualites-solaire-lindustrie-mise-sur-la-transparence-pour-renforcer-la-confiance-des-acteurs-tracabilite-minerais-panneaux-solaires.jpg\",\"articleSection\":[\"R\u00e9glementations\"],\"inLanguage\":\"fr-FR\"},{\"@type\":\"WebPage\",\"@id\":\"https:\/\/www.les-energies-renouvelables.eu\/article\/actualites\/reglementations\/solaire-lindustrie-mise-sur-la-transparence-pour-renforcer-la-confiance-des-acteurs-524\/\",\"url\":\"https:\/\/www.les-energies-renouvelables.eu\/article\/actualites\/reglementations\/solaire-lindustrie-mise-sur-la-transparence-pour-renforcer-la-confiance-des-acteurs-524\/\",\"name\":\"Solaire : l\u2019industrie mise sur la transparence pour renforcer la confiance des acteurs - ECOinfos\",\"isPartOf\":{\"@id\":\"https:\/\/www.les-energies-renouvelables.eu\/article\/actualites\/#website\"},\"primaryImageOfPage\":{\"@id\":\"https:\/\/www.les-energies-renouvelables.eu\/article\/actualites\/reglementations\/solaire-lindustrie-mise-sur-la-transparence-pour-renforcer-la-confiance-des-acteurs-524\/#primaryimage\"},\"image\":{\"@id\":\"https:\/\/www.les-energies-renouvelables.eu\/article\/actualites\/reglementations\/solaire-lindustrie-mise-sur-la-transparence-pour-renforcer-la-confiance-des-acteurs-524\/#primaryimage\"},\"thumbnailUrl\":\"https:\/\/www.les-energies-renouvelables.eu\/article\/actualites\/wp-content\/uploads\/2026\/04\/actualites-solaire-lindustrie-mise-sur-la-transparence-pour-renforcer-la-confiance-des-acteurs-tracabilite-minerais-panneaux-solaires.jpg\",\"datePublished\":\"2026-04-03T09:15:44+00:00\",\"dateModified\":\"2026-04-04T09:16:36+00:00\",\"description\":\"D'o\u00f9 viennent les mat\u00e9riaux de vos panneaux solaires ? D\u00e9couvrez comment l'alliance SSI-IRMA et l'ONU structurent la tra\u00e7abilit\u00e9 des minerais critiques pour garantir un photovolta\u00efque plus \u00e9thique et responsable.\",\"breadcrumb\":{\"@id\":\"https:\/\/www.les-energies-renouvelables.eu\/article\/actualites\/reglementations\/solaire-lindustrie-mise-sur-la-transparence-pour-renforcer-la-confiance-des-acteurs-524\/#breadcrumb\"},\"inLanguage\":\"fr-FR\",\"potentialAction\":[{\"@type\":\"ReadAction\",\"target\":[\"https:\/\/www.les-energies-renouvelables.eu\/article\/actualites\/reglementations\/solaire-lindustrie-mise-sur-la-transparence-pour-renforcer-la-confiance-des-acteurs-524\/\"]}]},{\"@type\":\"ImageObject\",\"inLanguage\":\"fr-FR\",\"@id\":\"https:\/\/www.les-energies-renouvelables.eu\/article\/actualites\/reglementations\/solaire-lindustrie-mise-sur-la-transparence-pour-renforcer-la-confiance-des-acteurs-524\/#primaryimage\",\"url\":\"https:\/\/www.les-energies-renouvelables.eu\/article\/actualites\/wp-content\/uploads\/2026\/04\/actualites-solaire-lindustrie-mise-sur-la-transparence-pour-renforcer-la-confiance-des-acteurs-tracabilite-minerais-panneaux-solaires.jpg\",\"contentUrl\":\"https:\/\/www.les-energies-renouvelables.eu\/article\/actualites\/wp-content\/uploads\/2026\/04\/actualites-solaire-lindustrie-mise-sur-la-transparence-pour-renforcer-la-confiance-des-acteurs-tracabilite-minerais-panneaux-solaires.jpg\",\"width\":1200,\"height\":675,\"caption\":\"Photo de Volker Braun: https:\/\/www.pexels.com\/fr-fr\/photo\/vue-aerienne-d-une-exploitation-miniere-a-ciel-ouvert-32325794\/\"},{\"@type\":\"BreadcrumbList\",\"@id\":\"https:\/\/www.les-energies-renouvelables.eu\/article\/actualites\/reglementations\/solaire-lindustrie-mise-sur-la-transparence-pour-renforcer-la-confiance-des-acteurs-524\/#breadcrumb\",\"itemListElement\":[{\"@type\":\"ListItem\",\"position\":1,\"name\":\"Accueil\",\"item\":\"https:\/\/www.les-energies-renouvelables.eu\/article\/actualites\/\"},{\"@type\":\"ListItem\",\"position\":2,\"name\":\"Solaire : l\u2019industrie mise sur la transparence pour renforcer la confiance des acteurs\"}]},{\"@type\":\"WebSite\",\"@id\":\"https:\/\/www.les-energies-renouvelables.eu\/article\/actualites\/#website\",\"url\":\"https:\/\/www.les-energies-renouvelables.eu\/article\/actualites\/\",\"name\":\"ECOinfos Energies renouvelables\",\"description\":\"Le d\u00e9cryptage quotidien du secteur des \u00e9nergies renouvelables\",\"publisher\":{\"@id\":\"https:\/\/www.les-energies-renouvelables.eu\/article\/actualites\/#organization\"},\"potentialAction\":[{\"@type\":\"SearchAction\",\"target\":{\"@type\":\"EntryPoint\",\"urlTemplate\":\"https:\/\/www.les-energies-renouvelables.eu\/article\/actualites\/?s={search_term_string}\"},\"query-input\":{\"@type\":\"PropertyValueSpecification\",\"valueRequired\":true,\"valueName\":\"search_term_string\"}}],\"inLanguage\":\"fr-FR\"},{\"@type\":\"Organization\",\"@id\":\"https:\/\/www.les-energies-renouvelables.eu\/article\/actualites\/#organization\",\"name\":\"ECOinfos Energies renouvelables\",\"url\":\"https:\/\/www.les-energies-renouvelables.eu\/article\/actualites\/\",\"logo\":{\"@type\":\"ImageObject\",\"inLanguage\":\"fr-FR\",\"@id\":\"https:\/\/www.les-energies-renouvelables.eu\/article\/actualites\/#\/schema\/logo\/image\/\",\"url\":\"https:\/\/www.les-energies-renouvelables.eu\/article\/actualites\/wp-content\/uploads\/2025\/11\/ecoinfos.eldorado-consulting.com-logo-logo.svg\",\"contentUrl\":\"https:\/\/www.les-energies-renouvelables.eu\/article\/actualites\/wp-content\/uploads\/2025\/11\/ecoinfos.eldorado-consulting.com-logo-logo.svg\",\"caption\":\"ECOinfos Energies renouvelables\"},\"image\":{\"@id\":\"https:\/\/www.les-energies-renouvelables.eu\/article\/actualites\/#\/schema\/logo\/image\/\"},\"sameAs\":[\"https:\/\/www.facebook.com\/ecoannuaire.energierenouvelable\/\",\"https:\/\/x.com\/ECOinfosENR\",\"https:\/\/www.linkedin.com\/company\/ecoinfos-energies-renouvelables\/\",\"https:\/\/www.youtube.com\/@ecoinfosenergies\",\"https:\/\/share.google\/dyKHJPxAV42WhhjbM\"]},{\"@type\":\"Person\",\"@id\":\"https:\/\/www.les-energies-renouvelables.eu\/article\/actualites\/#\/schema\/person\/2c7d09eb5ca339c12ca8d86145440169\",\"name\":\"Alexia JACQUARD\",\"pronouns\":\"elle\/elle\",\"image\":{\"@type\":\"ImageObject\",\"inLanguage\":\"fr-FR\",\"@id\":\"https:\/\/www.les-energies-renouvelables.eu\/article\/actualites\/#\/schema\/person\/image\/\",\"url\":\"https:\/\/www.les-energies-renouvelables.eu\/article\/actualites\/wp-content\/uploads\/2026\/01\/actualites-alexia-jacquard-alexia-jacquard-160x160.jpg\",\"contentUrl\":\"https:\/\/www.les-energies-renouvelables.eu\/article\/actualites\/wp-content\/uploads\/2026\/01\/actualites-alexia-jacquard-alexia-jacquard-160x160.jpg\",\"caption\":\"Alexia JACQUARD\"},\"description\":\"Curieuse de nature et attentif aux enjeux du d\u00e9veloppement durable, Alexia Jacquard suit l'actualit\u00e9 des \u00e9nergies renouvelables pour partager les derni\u00e8res nouveaut\u00e9s du secteur. Elle s'attache \u00e0 retranscrire simplement les informations cl\u00e9s et les initiatives positives qui marquent la transition \u00e9nerg\u00e9tique. Son objectif : proposer des articles d'actualit\u00e9 clairs et accessibles pour tous ceux qui s'int\u00e9ressent \u00e0 l'avenir de notre \u00e9nergie.\",\"sameAs\":[\"https:\/\/alexia-jacquard.fr\",\"https:\/\/www.facebook.com\/tictacf2c\/\",\"https:\/\/www.instagram.com\/alexia_redac\/\",\"https:\/\/www.linkedin.com\/in\/alexia-jacquard-449a4b289\/\",\"https:\/\/fr.pinterest.com\/alexiajacquard\/\",\"https:\/\/x.com\/alexiajcrd\",\"https:\/\/www.youtube.com\/@Thepaindemie\",\"https:\/\/muckrack.com\/alexia-jacquard\"],\"url\":\"https:\/\/www.les-energies-renouvelables.eu\/article\/actualites\/author\/alexia-jacquard\/\"}]}<\/script>\n<!-- \/ Yoast SEO plugin. -->","yoast_head_json":{"title":"Solaire : l\u2019industrie mise sur la transparence pour renforcer la confiance des acteurs - ECOinfos","description":"D'o\u00f9 viennent les mat\u00e9riaux de vos panneaux solaires ? D\u00e9couvrez comment l'alliance SSI-IRMA et l'ONU structurent la tra\u00e7abilit\u00e9 des minerais critiques pour garantir un photovolta\u00efque plus \u00e9thique et responsable.","robots":{"index":"index","follow":"follow","max-snippet":"max-snippet:-1","max-image-preview":"max-image-preview:large","max-video-preview":"max-video-preview:-1"},"canonical":"https:\/\/www.les-energies-renouvelables.eu\/article\/actualites\/reglementations\/solaire-lindustrie-mise-sur-la-transparence-pour-renforcer-la-confiance-des-acteurs-524\/","og_locale":"fr_FR","og_type":"article","og_title":"Solaire : l\u2019industrie mise sur la transparence pour renforcer la confiance des acteurs - ECOinfos","og_description":"D'o\u00f9 viennent les mat\u00e9riaux de vos panneaux solaires ? D\u00e9couvrez comment l'alliance SSI-IRMA et l'ONU structurent la tra\u00e7abilit\u00e9 des minerais critiques pour garantir un photovolta\u00efque plus \u00e9thique et responsable.","og_url":"https:\/\/www.les-energies-renouvelables.eu\/article\/actualites\/reglementations\/solaire-lindustrie-mise-sur-la-transparence-pour-renforcer-la-confiance-des-acteurs-524\/","og_site_name":"ECOinfos Energies renouvelables","article_publisher":"https:\/\/www.facebook.com\/ecoannuaire.energierenouvelable\/","article_author":"https:\/\/www.facebook.com\/tictacf2c\/","article_published_time":"2026-04-03T09:15:44+00:00","article_modified_time":"2026-04-04T09:16:36+00:00","og_image":[{"width":1200,"height":675,"url":"https:\/\/www.les-energies-renouvelables.eu\/article\/actualites\/wp-content\/uploads\/2026\/04\/actualites-solaire-lindustrie-mise-sur-la-transparence-pour-renforcer-la-confiance-des-acteurs-tracabilite-minerais-panneaux-solaires.jpg","type":"image\/jpeg"}],"author":"Alexia JACQUARD","twitter_card":"summary_large_image","twitter_creator":"@alexiajcrd","twitter_site":"@ECOinfosENR","twitter_misc":{"\u00c9crit par":"Alexia JACQUARD","Dur\u00e9e de lecture estim\u00e9e":"4 minutes"},"schema":{"@context":"https:\/\/schema.org","@graph":[{"@type":"Article","@id":"https:\/\/www.les-energies-renouvelables.eu\/article\/actualites\/reglementations\/solaire-lindustrie-mise-sur-la-transparence-pour-renforcer-la-confiance-des-acteurs-524\/#article","isPartOf":{"@id":"https:\/\/www.les-energies-renouvelables.eu\/article\/actualites\/reglementations\/solaire-lindustrie-mise-sur-la-transparence-pour-renforcer-la-confiance-des-acteurs-524\/"},"author":{"name":"Alexia JACQUARD","@id":"https:\/\/www.les-energies-renouvelables.eu\/article\/actualites\/#\/schema\/person\/2c7d09eb5ca339c12ca8d86145440169"},"headline":"Solaire : l\u2019industrie mise sur la transparence pour renforcer la confiance des acteurs","datePublished":"2026-04-03T09:15:44+00:00","dateModified":"2026-04-04T09:16:36+00:00","mainEntityOfPage":{"@id":"https:\/\/www.les-energies-renouvelables.eu\/article\/actualites\/reglementations\/solaire-lindustrie-mise-sur-la-transparence-pour-renforcer-la-confiance-des-acteurs-524\/"},"wordCount":835,"publisher":{"@id":"https:\/\/www.les-energies-renouvelables.eu\/article\/actualites\/#organization"},"image":{"@id":"https:\/\/www.les-energies-renouvelables.eu\/article\/actualites\/reglementations\/solaire-lindustrie-mise-sur-la-transparence-pour-renforcer-la-confiance-des-acteurs-524\/#primaryimage"},"thumbnailUrl":"https:\/\/www.les-energies-renouvelables.eu\/article\/actualites\/wp-content\/uploads\/2026\/04\/actualites-solaire-lindustrie-mise-sur-la-transparence-pour-renforcer-la-confiance-des-acteurs-tracabilite-minerais-panneaux-solaires.jpg","articleSection":["R\u00e9glementations"],"inLanguage":"fr-FR"},{"@type":"WebPage","@id":"https:\/\/www.les-energies-renouvelables.eu\/article\/actualites\/reglementations\/solaire-lindustrie-mise-sur-la-transparence-pour-renforcer-la-confiance-des-acteurs-524\/","url":"https:\/\/www.les-energies-renouvelables.eu\/article\/actualites\/reglementations\/solaire-lindustrie-mise-sur-la-transparence-pour-renforcer-la-confiance-des-acteurs-524\/","name":"Solaire : l\u2019industrie mise sur la transparence pour renforcer la confiance des acteurs - ECOinfos","isPartOf":{"@id":"https:\/\/www.les-energies-renouvelables.eu\/article\/actualites\/#website"},"primaryImageOfPage":{"@id":"https:\/\/www.les-energies-renouvelables.eu\/article\/actualites\/reglementations\/solaire-lindustrie-mise-sur-la-transparence-pour-renforcer-la-confiance-des-acteurs-524\/#primaryimage"},"image":{"@id":"https:\/\/www.les-energies-renouvelables.eu\/article\/actualites\/reglementations\/solaire-lindustrie-mise-sur-la-transparence-pour-renforcer-la-confiance-des-acteurs-524\/#primaryimage"},"thumbnailUrl":"https:\/\/www.les-energies-renouvelables.eu\/article\/actualites\/wp-content\/uploads\/2026\/04\/actualites-solaire-lindustrie-mise-sur-la-transparence-pour-renforcer-la-confiance-des-acteurs-tracabilite-minerais-panneaux-solaires.jpg","datePublished":"2026-04-03T09:15:44+00:00","dateModified":"2026-04-04T09:16:36+00:00","description":"D'o\u00f9 viennent les mat\u00e9riaux de vos panneaux solaires ? D\u00e9couvrez comment l'alliance SSI-IRMA et l'ONU structurent la tra\u00e7abilit\u00e9 des minerais critiques pour garantir un photovolta\u00efque plus \u00e9thique et responsable.","breadcrumb":{"@id":"https:\/\/www.les-energies-renouvelables.eu\/article\/actualites\/reglementations\/solaire-lindustrie-mise-sur-la-transparence-pour-renforcer-la-confiance-des-acteurs-524\/#breadcrumb"},"inLanguage":"fr-FR","potentialAction":[{"@type":"ReadAction","target":["https:\/\/www.les-energies-renouvelables.eu\/article\/actualites\/reglementations\/solaire-lindustrie-mise-sur-la-transparence-pour-renforcer-la-confiance-des-acteurs-524\/"]}]},{"@type":"ImageObject","inLanguage":"fr-FR","@id":"https:\/\/www.les-energies-renouvelables.eu\/article\/actualites\/reglementations\/solaire-lindustrie-mise-sur-la-transparence-pour-renforcer-la-confiance-des-acteurs-524\/#primaryimage","url":"https:\/\/www.les-energies-renouvelables.eu\/article\/actualites\/wp-content\/uploads\/2026\/04\/actualites-solaire-lindustrie-mise-sur-la-transparence-pour-renforcer-la-confiance-des-acteurs-tracabilite-minerais-panneaux-solaires.jpg","contentUrl":"https:\/\/www.les-energies-renouvelables.eu\/article\/actualites\/wp-content\/uploads\/2026\/04\/actualites-solaire-lindustrie-mise-sur-la-transparence-pour-renforcer-la-confiance-des-acteurs-tracabilite-minerais-panneaux-solaires.jpg","width":1200,"height":675,"caption":"Photo de Volker Braun: https:\/\/www.pexels.com\/fr-fr\/photo\/vue-aerienne-d-une-exploitation-miniere-a-ciel-ouvert-32325794\/"},{"@type":"BreadcrumbList","@id":"https:\/\/www.les-energies-renouvelables.eu\/article\/actualites\/reglementations\/solaire-lindustrie-mise-sur-la-transparence-pour-renforcer-la-confiance-des-acteurs-524\/#breadcrumb","itemListElement":[{"@type":"ListItem","position":1,"name":"Accueil","item":"https:\/\/www.les-energies-renouvelables.eu\/article\/actualites\/"},{"@type":"ListItem","position":2,"name":"Solaire : l\u2019industrie mise sur la transparence pour renforcer la confiance des acteurs"}]},{"@type":"WebSite","@id":"https:\/\/www.les-energies-renouvelables.eu\/article\/actualites\/#website","url":"https:\/\/www.les-energies-renouvelables.eu\/article\/actualites\/","name":"ECOinfos Energies renouvelables","description":"Le d\u00e9cryptage quotidien du secteur des \u00e9nergies renouvelables","publisher":{"@id":"https:\/\/www.les-energies-renouvelables.eu\/article\/actualites\/#organization"},"potentialAction":[{"@type":"SearchAction","target":{"@type":"EntryPoint","urlTemplate":"https:\/\/www.les-energies-renouvelables.eu\/article\/actualites\/?s={search_term_string}"},"query-input":{"@type":"PropertyValueSpecification","valueRequired":true,"valueName":"search_term_string"}}],"inLanguage":"fr-FR"},{"@type":"Organization","@id":"https:\/\/www.les-energies-renouvelables.eu\/article\/actualites\/#organization","name":"ECOinfos Energies renouvelables","url":"https:\/\/www.les-energies-renouvelables.eu\/article\/actualites\/","logo":{"@type":"ImageObject","inLanguage":"fr-FR","@id":"https:\/\/www.les-energies-renouvelables.eu\/article\/actualites\/#\/schema\/logo\/image\/","url":"https:\/\/www.les-energies-renouvelables.eu\/article\/actualites\/wp-content\/uploads\/2025\/11\/ecoinfos.eldorado-consulting.com-logo-logo.svg","contentUrl":"https:\/\/www.les-energies-renouvelables.eu\/article\/actualites\/wp-content\/uploads\/2025\/11\/ecoinfos.eldorado-consulting.com-logo-logo.svg","caption":"ECOinfos Energies renouvelables"},"image":{"@id":"https:\/\/www.les-energies-renouvelables.eu\/article\/actualites\/#\/schema\/logo\/image\/"},"sameAs":["https:\/\/www.facebook.com\/ecoannuaire.energierenouvelable\/","https:\/\/x.com\/ECOinfosENR","https:\/\/www.linkedin.com\/company\/ecoinfos-energies-renouvelables\/","https:\/\/www.youtube.com\/@ecoinfosenergies","https:\/\/share.google\/dyKHJPxAV42WhhjbM"]},{"@type":"Person","@id":"https:\/\/www.les-energies-renouvelables.eu\/article\/actualites\/#\/schema\/person\/2c7d09eb5ca339c12ca8d86145440169","name":"Alexia JACQUARD","pronouns":"elle\/elle","image":{"@type":"ImageObject","inLanguage":"fr-FR","@id":"https:\/\/www.les-energies-renouvelables.eu\/article\/actualites\/#\/schema\/person\/image\/","url":"https:\/\/www.les-energies-renouvelables.eu\/article\/actualites\/wp-content\/uploads\/2026\/01\/actualites-alexia-jacquard-alexia-jacquard-160x160.jpg","contentUrl":"https:\/\/www.les-energies-renouvelables.eu\/article\/actualites\/wp-content\/uploads\/2026\/01\/actualites-alexia-jacquard-alexia-jacquard-160x160.jpg","caption":"Alexia JACQUARD"},"description":"Curieuse de nature et attentif aux enjeux du d\u00e9veloppement durable, Alexia Jacquard suit l'actualit\u00e9 des \u00e9nergies renouvelables pour partager les derni\u00e8res nouveaut\u00e9s du secteur. Elle s'attache \u00e0 retranscrire simplement les informations cl\u00e9s et les initiatives positives qui marquent la transition \u00e9nerg\u00e9tique. Son objectif : proposer des articles d'actualit\u00e9 clairs et accessibles pour tous ceux qui s'int\u00e9ressent \u00e0 l'avenir de notre \u00e9nergie.","sameAs":["https:\/\/alexia-jacquard.fr","https:\/\/www.facebook.com\/tictacf2c\/","https:\/\/www.instagram.com\/alexia_redac\/","https:\/\/www.linkedin.com\/in\/alexia-jacquard-449a4b289\/","https:\/\/fr.pinterest.com\/alexiajacquard\/","https:\/\/x.com\/alexiajcrd","https:\/\/www.youtube.com\/@Thepaindemie","https:\/\/muckrack.com\/alexia-jacquard"],"url":"https:\/\/www.les-energies-renouvelables.eu\/article\/actualites\/author\/alexia-jacquard\/"}]}},"_links":{"self":[{"href":"https:\/\/www.les-energies-renouvelables.eu\/article\/actualites\/wp-json\/wp\/v2\/posts\/524","targetHints":{"allow":["GET"]}}],"collection":[{"href":"https:\/\/www.les-energies-renouvelables.eu\/article\/actualites\/wp-json\/wp\/v2\/posts"}],"about":[{"href":"https:\/\/www.les-energies-renouvelables.eu\/article\/actualites\/wp-json\/wp\/v2\/types\/post"}],"author":[{"embeddable":true,"href":"https:\/\/www.les-energies-renouvelables.eu\/article\/actualites\/wp-json\/wp\/v2\/users\/2"}],"replies":[{"embeddable":true,"href":"https:\/\/www.les-energies-renouvelables.eu\/article\/actualites\/wp-json\/wp\/v2\/comments?post=524"}],"version-history":[{"count":1,"href":"https:\/\/www.les-energies-renouvelables.eu\/article\/actualites\/wp-json\/wp\/v2\/posts\/524\/revisions"}],"predecessor-version":[{"id":525,"href":"https:\/\/www.les-energies-renouvelables.eu\/article\/actualites\/wp-json\/wp\/v2\/posts\/524\/revisions\/525"}],"wp:featuredmedia":[{"embeddable":true,"href":"https:\/\/www.les-energies-renouvelables.eu\/article\/actualites\/wp-json\/wp\/v2\/media\/526"}],"wp:attachment":[{"href":"https:\/\/www.les-energies-renouvelables.eu\/article\/actualites\/wp-json\/wp\/v2\/media?parent=524"}],"wp:term":[{"taxonomy":"category","embeddable":true,"href":"https:\/\/www.les-energies-renouvelables.eu\/article\/actualites\/wp-json\/wp\/v2\/categories?post=524"},{"taxonomy":"post_tag","embeddable":true,"href":"https:\/\/www.les-energies-renouvelables.eu\/article\/actualites\/wp-json\/wp\/v2\/tags?post=524"}],"curies":[{"name":"wp","href":"https:\/\/api.w.org\/{rel}","templated":true}]}}