{"id":512,"date":"2026-03-30T10:00:00","date_gmt":"2026-03-30T08:00:00","guid":{"rendered":"https:\/\/www.les-energies-renouvelables.eu\/article\/actualites\/?p=512"},"modified":"2026-03-31T09:17:42","modified_gmt":"2026-03-31T07:17:42","slug":"le-paradoxe-de-briec-comment-cette-commune-bretonne-devient-un-geant-de-lenergie-locale","status":"publish","type":"post","link":"https:\/\/www.les-energies-renouvelables.eu\/article\/actualites\/environnement\/le-paradoxe-de-briec-comment-cette-commune-bretonne-devient-un-geant-de-lenergie-locale-512\/","title":{"rendered":"Le paradoxe de Briec : comment cette commune bretonne devient un g\u00e9ant de l&rsquo;\u00e9nergie locale"},"content":{"rendered":"\n<p>R\u00e9sum\u00e9 :&nbsp;<\/p>\n\n\n\n<ul class=\"wp-block-list\">\n<li><strong>Objectif EnR<\/strong> : Atteindre <strong>92 % d&rsquo;\u00e9nergies renouvelables<\/strong> dans le mix \u00e9nerg\u00e9tique final.<\/li>\n\n\n\n<li><strong>Ressource locale<\/strong> : Consommation annuelle de <strong>1 050 tonnes de bois<\/strong> issus de fili\u00e8res g\u00e9r\u00e9es.<\/li>\n\n\n\n<li><strong>Impact fossile<\/strong> : <strong>1 300 MWh<\/strong> d&rsquo;\u00e9nergie carbon\u00e9e \u00e9vit\u00e9s par an, soit <strong>138 000 \u20ac de gaz naturel<\/strong>.<\/li>\n\n\n\n<li><strong>Maillage<\/strong> : Le trac\u00e9 passe de <strong>0,8 km \u00e0 2,9 km<\/strong> de canalisations apr\u00e8s les travaux de 2026.<\/li>\n<\/ul>\n\n\n\n<p>Le chauffage collectif par r\u00e9seau enterr\u00e9 reste une infrastructure discr\u00e8te. Pourtant, sous les trottoirs, il constitue un <strong>levier concret<\/strong> pour les communes souhaitant s&rsquo;affranchir du gaz. Dans un contexte de march\u00e9s instables, la <strong>biomasse territoriale<\/strong> offre une alternative dont le prix est <strong>moins expos\u00e9 \u00e0 la volatilit\u00e9<\/strong> des cours mondiaux.<\/p>\n\n\n\n<h2 class=\"wp-block-heading\">Sous le bitume, la r\u00e9volution verte : Comment \u00e7a marche ?<\/h2>\n\n\n\n<p>Un r\u00e9seau de chaleur produit de la <strong>chaleur<\/strong> de fa\u00e7on centralis\u00e9e pour la distribuer \u00e0 plusieurs b\u00e2timents via des canalisations enterr\u00e9es. Pour l&rsquo;<strong>ADEME<\/strong>, le principe s&rsquo;apparente au <strong>chauffage central d&rsquo;un immeuble<\/strong>, mais d\u00e9ploy\u00e9 \u00e0 l&rsquo;\u00e9chelle d&rsquo;un quartier.<\/p>\n\n\n\n<p>Le syst\u00e8me s&rsquo;articule autour de trois composantes cl\u00e9s :<\/p>\n\n\n\n<ol class=\"wp-block-list\">\n<li><strong>Le c\u0153ur (la chaufferie centrale)<\/strong> : il g\u00e9n\u00e8re les calories \u00e0 partir de bois, de g\u00e9othermie ou de <strong>chaleur fatale<\/strong>(r\u00e9cup\u00e9ration de chaleur industrielle).<\/li>\n\n\n\n<li><strong>Les art\u00e8res (les canalisations isol\u00e9es)<\/strong> : ces conduites transportent le fluide caloporteur (<strong>eau chaude<\/strong>) en boucle ferm\u00e9e.<\/li>\n\n\n\n<li><strong>Le point de livraison (la sous-station)<\/strong> : situ\u00e9e en pied d&rsquo;immeuble, elle transf\u00e8re la chaleur au <strong>r\u00e9seau secondaire<\/strong>du b\u00e2timent sans contact direct entre les fluides.<\/li>\n<\/ol>\n\n\n\n<p>Dans les installations modernes, le <strong>fluide circule entre 60\u00b0C et 110\u00b0C<\/strong>. Cette \u00ab\u00a0basse temp\u00e9rature\u00a0\u00bb limite les d\u00e9perditions thermiques. La centralisation de la combustion autorise \u00e9galement un <strong>traitement des fum\u00e9es rigoureux<\/strong>, r\u00e9duisant l&rsquo;impact atmosph\u00e9rique par rapport \u00e0 une multitude de chaudi\u00e8res individuelles.<\/p>\n\n\n\n<h2 class=\"wp-block-heading\">Le cas de Briec : Quand l&rsquo;agriculture chauffe les \u00e9coles<\/h2>\n\n\n\n<p>\u00c0 Briec, la ressource provient de l&rsquo;entretien des <strong>haies bocag\u00e8res<\/strong> par les agriculteurs du secteur. Ce mod\u00e8le favorise un circuit court : le soin apport\u00e9 au paysage produit une <strong>\u00e9nergie renouvelable<\/strong> consomm\u00e9e sur place pour chauffer la salle Colette-Besson, la piscine ou le coll\u00e8ge.<\/p>\n\n\n\n<p>L&rsquo;extension de 2026 marque un tournant. En ajoutant <strong>2,1 kilom\u00e8tres<\/strong> de conduites, la commune raccorde de nouveaux sites : la salle Arth\u00e9muse, la future m\u00e9diath\u00e8que, l&rsquo;<strong>EHPAD Flora Tristan<\/strong>, l&rsquo;\u00e9cole Sainte-Anne, ainsi que l&rsquo;Institut m\u00e9dico-\u00e9ducatif et le foyer Pierre Dantec.<\/p>\n\n\n\n<p>Cette valorisation du bois local permet d&rsquo;\u00e9viter l&rsquo;\u00e9quivalent de <strong>5 millions de kilom\u00e8tres en voiture thermique<\/strong> chaque ann\u00e9e. Pour le territoire breton, cette solution de <strong>souverainet\u00e9 \u00e9nerg\u00e9tique<\/strong> p\u00e9rennise l&rsquo;usage des ressources de proximit\u00e9.<\/p>\n\n\n\n<h2 class=\"wp-block-heading\"><strong>Un levier social et \u00e9cologique majeur pour le territoire<\/strong><\/h2>\n\n\n\n<p>Au-del\u00e0 de l&rsquo;aspect technique, le r\u00e9seau de chaleur garantit une <strong>stabilit\u00e9 tarifaire<\/strong>. La biomasse est moins expos\u00e9e aux chocs g\u00e9opolitiques que les combustibles import\u00e9s. Cette <strong>visibilit\u00e9 budg\u00e9taire<\/strong> profite directement aux collectivit\u00e9s et aux usagers, qui b\u00e9n\u00e9ficient de <strong>factures mieux ma\u00eetris\u00e9es<\/strong>.<\/p>\n\n\n\n<p>Sur le plan environnemental, les donn\u00e9es du <strong>Minist\u00e8re de la Transition \u00c9cologique<\/strong> indiquent que les \u00e9missions de gaz \u00e0 effet de serre d&rsquo;un r\u00e9seau de chaleur sont <strong>divis\u00e9es par deux par rapport au gaz<\/strong> et par trois par rapport au fioul.<\/p>\n\n\n\n<p>Le financement est le dernier pilier de cette r\u00e9ussite. Pour Briec, le <strong>Fonds Chaleur de l&rsquo;ADEME<\/strong> et les Certificats d&rsquo;\u00c9conomies d&rsquo;\u00c9nergie couvrent pr\u00e8s de <strong>85 % de l&rsquo;investissement<\/strong>. Ce soutien public, dot\u00e9 de <strong>800 millions d&rsquo;euros<\/strong> par an au niveau national, est d\u00e9terminant pour le d\u00e9ploiement de ces infrastructures.<\/p>\n\n\n\n<h2 class=\"wp-block-heading\">Votre commune est-elle pr\u00eate pour le raccordement ?<\/h2>\n\n\n\n<p>Cette solution n&rsquo;est pas universelle. Sa pertinence d\u00e9pend de la <strong>densit\u00e9 thermique<\/strong> : il faut suffisamment de <strong>b\u00e2timents <\/strong>group\u00e9s pour rentabiliser l&rsquo;installation. Elle est donc particuli\u00e8rement adapt\u00e9e aux <strong>centres-bourgs compacts<\/strong> et aux zones d&rsquo;habitat collectif.<\/p>\n\n\n\n<p>Pour accompagner les \u00e9lus et les citoyens, le service <strong>France Chaleur Urbaine<\/strong> propose une carte interactive. Cet outil a d\u00e9j\u00e0 identifi\u00e9 <strong>2 600 communes \u00e0 fort potentiel<\/strong>. Il permet de v\u00e9rifier si un quartier est propice \u00e0 un tel projet et facilite la mise en relation avec les gestionnaires locaux.<\/p>\n\n\n\n<p>Les r\u00e9seaux de chaleur, qui livrent d\u00e9j\u00e0 plus de <strong>26 TWh par an<\/strong> en France, s&rsquo;imposent comme un <strong>pilier de la d\u00e9carbonation<\/strong>. La trajectoire nationale vise \u00e0 tripler la chaleur distribu\u00e9e d&rsquo;ici <strong>2035<\/strong>. Si le bois reste pr\u00e9dominant, l&rsquo;avenir r\u00e9side aussi dans les <strong>syst\u00e8mes hybrides<\/strong>, int\u00e9grant par exemple le solaire thermique pour compl\u00e9ter la production locale.<\/p>\n","protected":false},"excerpt":{"rendered":"","protected":false},"author":2,"featured_media":514,"comment_status":"closed","ping_status":"closed","sticky":false,"template":"","format":"standard","meta":{"footnotes":""},"categories":[4],"tags":[],"class_list":["post-512","post","type-post","status-publish","format-standard","has-post-thumbnail","hentry","category-environnement","masonry-post","generate-columns","tablet-grid-50","mobile-grid-100","grid-parent","grid-33"],"yoast_head":"<!-- This site is optimized with the Yoast SEO plugin v26.6 - https:\/\/yoast.com\/wordpress\/plugins\/seo\/ -->\n<title>Le paradoxe de Briec : comment cette commune bretonne devient un g\u00e9ant de l&#039;\u00e9nergie locale - ECOinfos<\/title>\n<meta name=\"description\" content=\"D\u00e9couvrez comment l&#039;extension du r\u00e9seau de chaleur de Briec illustre la transition \u00e9nerg\u00e9tique locale gr\u00e2ce au bois-\u00e9nergie, \u00e0 la stabilit\u00e9 des prix et au soutien de l&#039;ADEME.\" \/>\n<meta name=\"robots\" content=\"index, follow, max-snippet:-1, max-image-preview:large, max-video-preview:-1\" \/>\n<link rel=\"canonical\" href=\"https:\/\/www.les-energies-renouvelables.eu\/article\/actualites\/environnement\/le-paradoxe-de-briec-comment-cette-commune-bretonne-devient-un-geant-de-lenergie-locale-512\/\" \/>\n<meta property=\"og:locale\" content=\"fr_FR\" \/>\n<meta property=\"og:type\" content=\"article\" \/>\n<meta property=\"og:title\" content=\"Le paradoxe de Briec : comment cette commune bretonne devient un g\u00e9ant de l&#039;\u00e9nergie locale - ECOinfos\" \/>\n<meta property=\"og:description\" content=\"D\u00e9couvrez comment l&#039;extension du r\u00e9seau de chaleur de Briec illustre la transition \u00e9nerg\u00e9tique locale gr\u00e2ce au bois-\u00e9nergie, \u00e0 la stabilit\u00e9 des prix et au soutien de l&#039;ADEME.\" \/>\n<meta property=\"og:url\" content=\"https:\/\/www.les-energies-renouvelables.eu\/article\/actualites\/environnement\/le-paradoxe-de-briec-comment-cette-commune-bretonne-devient-un-geant-de-lenergie-locale-512\/\" \/>\n<meta property=\"og:site_name\" content=\"ECOinfos Energies renouvelables\" \/>\n<meta property=\"article:publisher\" content=\"https:\/\/www.facebook.com\/ecoannuaire.energierenouvelable\/\" \/>\n<meta property=\"article:author\" content=\"https:\/\/www.facebook.com\/tictacf2c\/\" \/>\n<meta property=\"article:published_time\" content=\"2026-03-30T08:00:00+00:00\" \/>\n<meta property=\"article:modified_time\" content=\"2026-03-31T07:17:42+00:00\" \/>\n<meta property=\"og:image\" content=\"https:\/\/www.les-energies-renouvelables.eu\/article\/actualites\/wp-content\/uploads\/2026\/03\/actualites-le-paradoxe-de-briec-comment-cette-commune-bretonne-devient-un-geant-de-lenergie-locale-extension-reseau-de-chaleur.jpg\" \/>\n\t<meta property=\"og:image:width\" content=\"1200\" \/>\n\t<meta property=\"og:image:height\" content=\"675\" \/>\n\t<meta property=\"og:image:type\" content=\"image\/jpeg\" \/>\n<meta name=\"author\" content=\"Alexia JACQUARD\" \/>\n<meta name=\"twitter:card\" content=\"summary_large_image\" \/>\n<meta name=\"twitter:creator\" content=\"@alexiajcrd\" \/>\n<meta name=\"twitter:site\" content=\"@ECOinfosENR\" \/>\n<meta name=\"twitter:label1\" content=\"\u00c9crit par\" \/>\n\t<meta name=\"twitter:data1\" content=\"Alexia JACQUARD\" \/>\n\t<meta name=\"twitter:label2\" content=\"Dur\u00e9e de lecture estim\u00e9e\" \/>\n\t<meta name=\"twitter:data2\" content=\"4 minutes\" \/>\n<script type=\"application\/ld+json\" class=\"yoast-schema-graph\">{\"@context\":\"https:\/\/schema.org\",\"@graph\":[{\"@type\":\"Article\",\"@id\":\"https:\/\/www.les-energies-renouvelables.eu\/article\/actualites\/environnement\/le-paradoxe-de-briec-comment-cette-commune-bretonne-devient-un-geant-de-lenergie-locale-512\/#article\",\"isPartOf\":{\"@id\":\"https:\/\/www.les-energies-renouvelables.eu\/article\/actualites\/environnement\/le-paradoxe-de-briec-comment-cette-commune-bretonne-devient-un-geant-de-lenergie-locale-512\/\"},\"author\":{\"name\":\"Alexia JACQUARD\",\"@id\":\"https:\/\/www.les-energies-renouvelables.eu\/article\/actualites\/#\/schema\/person\/2c7d09eb5ca339c12ca8d86145440169\"},\"headline\":\"Le paradoxe de Briec : comment cette commune bretonne devient un g\u00e9ant de l&rsquo;\u00e9nergie locale\",\"datePublished\":\"2026-03-30T08:00:00+00:00\",\"dateModified\":\"2026-03-31T07:17:42+00:00\",\"mainEntityOfPage\":{\"@id\":\"https:\/\/www.les-energies-renouvelables.eu\/article\/actualites\/environnement\/le-paradoxe-de-briec-comment-cette-commune-bretonne-devient-un-geant-de-lenergie-locale-512\/\"},\"wordCount\":783,\"publisher\":{\"@id\":\"https:\/\/www.les-energies-renouvelables.eu\/article\/actualites\/#organization\"},\"image\":{\"@id\":\"https:\/\/www.les-energies-renouvelables.eu\/article\/actualites\/environnement\/le-paradoxe-de-briec-comment-cette-commune-bretonne-devient-un-geant-de-lenergie-locale-512\/#primaryimage\"},\"thumbnailUrl\":\"https:\/\/www.les-energies-renouvelables.eu\/article\/actualites\/wp-content\/uploads\/2026\/03\/actualites-le-paradoxe-de-briec-comment-cette-commune-bretonne-devient-un-geant-de-lenergie-locale-extension-reseau-de-chaleur.jpg\",\"articleSection\":[\"Environnement\"],\"inLanguage\":\"fr-FR\"},{\"@type\":\"WebPage\",\"@id\":\"https:\/\/www.les-energies-renouvelables.eu\/article\/actualites\/environnement\/le-paradoxe-de-briec-comment-cette-commune-bretonne-devient-un-geant-de-lenergie-locale-512\/\",\"url\":\"https:\/\/www.les-energies-renouvelables.eu\/article\/actualites\/environnement\/le-paradoxe-de-briec-comment-cette-commune-bretonne-devient-un-geant-de-lenergie-locale-512\/\",\"name\":\"Le paradoxe de Briec : comment cette commune bretonne devient un g\u00e9ant de l'\u00e9nergie locale - ECOinfos\",\"isPartOf\":{\"@id\":\"https:\/\/www.les-energies-renouvelables.eu\/article\/actualites\/#website\"},\"primaryImageOfPage\":{\"@id\":\"https:\/\/www.les-energies-renouvelables.eu\/article\/actualites\/environnement\/le-paradoxe-de-briec-comment-cette-commune-bretonne-devient-un-geant-de-lenergie-locale-512\/#primaryimage\"},\"image\":{\"@id\":\"https:\/\/www.les-energies-renouvelables.eu\/article\/actualites\/environnement\/le-paradoxe-de-briec-comment-cette-commune-bretonne-devient-un-geant-de-lenergie-locale-512\/#primaryimage\"},\"thumbnailUrl\":\"https:\/\/www.les-energies-renouvelables.eu\/article\/actualites\/wp-content\/uploads\/2026\/03\/actualites-le-paradoxe-de-briec-comment-cette-commune-bretonne-devient-un-geant-de-lenergie-locale-extension-reseau-de-chaleur.jpg\",\"datePublished\":\"2026-03-30T08:00:00+00:00\",\"dateModified\":\"2026-03-31T07:17:42+00:00\",\"description\":\"D\u00e9couvrez comment l'extension du r\u00e9seau de chaleur de Briec illustre la transition \u00e9nerg\u00e9tique locale gr\u00e2ce au bois-\u00e9nergie, \u00e0 la stabilit\u00e9 des prix et au soutien de l'ADEME.\",\"breadcrumb\":{\"@id\":\"https:\/\/www.les-energies-renouvelables.eu\/article\/actualites\/environnement\/le-paradoxe-de-briec-comment-cette-commune-bretonne-devient-un-geant-de-lenergie-locale-512\/#breadcrumb\"},\"inLanguage\":\"fr-FR\",\"potentialAction\":[{\"@type\":\"ReadAction\",\"target\":[\"https:\/\/www.les-energies-renouvelables.eu\/article\/actualites\/environnement\/le-paradoxe-de-briec-comment-cette-commune-bretonne-devient-un-geant-de-lenergie-locale-512\/\"]}]},{\"@type\":\"ImageObject\",\"inLanguage\":\"fr-FR\",\"@id\":\"https:\/\/www.les-energies-renouvelables.eu\/article\/actualites\/environnement\/le-paradoxe-de-briec-comment-cette-commune-bretonne-devient-un-geant-de-lenergie-locale-512\/#primaryimage\",\"url\":\"https:\/\/www.les-energies-renouvelables.eu\/article\/actualites\/wp-content\/uploads\/2026\/03\/actualites-le-paradoxe-de-briec-comment-cette-commune-bretonne-devient-un-geant-de-lenergie-locale-extension-reseau-de-chaleur.jpg\",\"contentUrl\":\"https:\/\/www.les-energies-renouvelables.eu\/article\/actualites\/wp-content\/uploads\/2026\/03\/actualites-le-paradoxe-de-briec-comment-cette-commune-bretonne-devient-un-geant-de-lenergie-locale-extension-reseau-de-chaleur.jpg\",\"width\":1200,\"height\":675,\"caption\":\"Photo de Mark Stebnicki: https:\/\/www.pexels.com\/fr-fr\/photo\/chargeur-industriel-sur-chantier-avec-machines-31110991\/\"},{\"@type\":\"BreadcrumbList\",\"@id\":\"https:\/\/www.les-energies-renouvelables.eu\/article\/actualites\/environnement\/le-paradoxe-de-briec-comment-cette-commune-bretonne-devient-un-geant-de-lenergie-locale-512\/#breadcrumb\",\"itemListElement\":[{\"@type\":\"ListItem\",\"position\":1,\"name\":\"Accueil\",\"item\":\"https:\/\/www.les-energies-renouvelables.eu\/article\/actualites\/\"},{\"@type\":\"ListItem\",\"position\":2,\"name\":\"Le paradoxe de Briec : comment cette commune bretonne devient un g\u00e9ant de l&rsquo;\u00e9nergie locale\"}]},{\"@type\":\"WebSite\",\"@id\":\"https:\/\/www.les-energies-renouvelables.eu\/article\/actualites\/#website\",\"url\":\"https:\/\/www.les-energies-renouvelables.eu\/article\/actualites\/\",\"name\":\"ECOinfos Energies renouvelables\",\"description\":\"Le d\u00e9cryptage quotidien du secteur des \u00e9nergies renouvelables\",\"publisher\":{\"@id\":\"https:\/\/www.les-energies-renouvelables.eu\/article\/actualites\/#organization\"},\"potentialAction\":[{\"@type\":\"SearchAction\",\"target\":{\"@type\":\"EntryPoint\",\"urlTemplate\":\"https:\/\/www.les-energies-renouvelables.eu\/article\/actualites\/?s={search_term_string}\"},\"query-input\":{\"@type\":\"PropertyValueSpecification\",\"valueRequired\":true,\"valueName\":\"search_term_string\"}}],\"inLanguage\":\"fr-FR\"},{\"@type\":\"Organization\",\"@id\":\"https:\/\/www.les-energies-renouvelables.eu\/article\/actualites\/#organization\",\"name\":\"ECOinfos Energies renouvelables\",\"url\":\"https:\/\/www.les-energies-renouvelables.eu\/article\/actualites\/\",\"logo\":{\"@type\":\"ImageObject\",\"inLanguage\":\"fr-FR\",\"@id\":\"https:\/\/www.les-energies-renouvelables.eu\/article\/actualites\/#\/schema\/logo\/image\/\",\"url\":\"https:\/\/www.les-energies-renouvelables.eu\/article\/actualites\/wp-content\/uploads\/2025\/11\/ecoinfos.eldorado-consulting.com-logo-logo.svg\",\"contentUrl\":\"https:\/\/www.les-energies-renouvelables.eu\/article\/actualites\/wp-content\/uploads\/2025\/11\/ecoinfos.eldorado-consulting.com-logo-logo.svg\",\"caption\":\"ECOinfos Energies renouvelables\"},\"image\":{\"@id\":\"https:\/\/www.les-energies-renouvelables.eu\/article\/actualites\/#\/schema\/logo\/image\/\"},\"sameAs\":[\"https:\/\/www.facebook.com\/ecoannuaire.energierenouvelable\/\",\"https:\/\/x.com\/ECOinfosENR\",\"https:\/\/www.linkedin.com\/company\/ecoinfos-energies-renouvelables\/\",\"https:\/\/www.youtube.com\/@ecoinfosenergies\",\"https:\/\/share.google\/dyKHJPxAV42WhhjbM\"]},{\"@type\":\"Person\",\"@id\":\"https:\/\/www.les-energies-renouvelables.eu\/article\/actualites\/#\/schema\/person\/2c7d09eb5ca339c12ca8d86145440169\",\"name\":\"Alexia JACQUARD\",\"pronouns\":\"elle\/elle\",\"image\":{\"@type\":\"ImageObject\",\"inLanguage\":\"fr-FR\",\"@id\":\"https:\/\/www.les-energies-renouvelables.eu\/article\/actualites\/#\/schema\/person\/image\/\",\"url\":\"https:\/\/www.les-energies-renouvelables.eu\/article\/actualites\/wp-content\/uploads\/2026\/01\/actualites-alexia-jacquard-alexia-jacquard-160x160.jpg\",\"contentUrl\":\"https:\/\/www.les-energies-renouvelables.eu\/article\/actualites\/wp-content\/uploads\/2026\/01\/actualites-alexia-jacquard-alexia-jacquard-160x160.jpg\",\"caption\":\"Alexia JACQUARD\"},\"description\":\"Curieuse de nature et attentif aux enjeux du d\u00e9veloppement durable, Alexia Jacquard suit l'actualit\u00e9 des \u00e9nergies renouvelables pour partager les derni\u00e8res nouveaut\u00e9s du secteur. Elle s'attache \u00e0 retranscrire simplement les informations cl\u00e9s et les initiatives positives qui marquent la transition \u00e9nerg\u00e9tique. Son objectif : proposer des articles d'actualit\u00e9 clairs et accessibles pour tous ceux qui s'int\u00e9ressent \u00e0 l'avenir de notre \u00e9nergie.\",\"sameAs\":[\"https:\/\/alexia-jacquard.fr\",\"https:\/\/www.facebook.com\/tictacf2c\/\",\"https:\/\/www.instagram.com\/alexia_redac\/\",\"https:\/\/www.linkedin.com\/in\/alexia-jacquard-449a4b289\/\",\"https:\/\/fr.pinterest.com\/alexiajacquard\/\",\"https:\/\/x.com\/alexiajcrd\",\"https:\/\/www.youtube.com\/@Thepaindemie\",\"https:\/\/muckrack.com\/alexia-jacquard\"],\"url\":\"https:\/\/www.les-energies-renouvelables.eu\/article\/actualites\/author\/alexia-jacquard\/\"}]}<\/script>\n<!-- \/ Yoast SEO plugin. -->","yoast_head_json":{"title":"Le paradoxe de Briec : comment cette commune bretonne devient un g\u00e9ant de l'\u00e9nergie locale - ECOinfos","description":"D\u00e9couvrez comment l'extension du r\u00e9seau de chaleur de Briec illustre la transition \u00e9nerg\u00e9tique locale gr\u00e2ce au bois-\u00e9nergie, \u00e0 la stabilit\u00e9 des prix et au soutien de l'ADEME.","robots":{"index":"index","follow":"follow","max-snippet":"max-snippet:-1","max-image-preview":"max-image-preview:large","max-video-preview":"max-video-preview:-1"},"canonical":"https:\/\/www.les-energies-renouvelables.eu\/article\/actualites\/environnement\/le-paradoxe-de-briec-comment-cette-commune-bretonne-devient-un-geant-de-lenergie-locale-512\/","og_locale":"fr_FR","og_type":"article","og_title":"Le paradoxe de Briec : comment cette commune bretonne devient un g\u00e9ant de l'\u00e9nergie locale - ECOinfos","og_description":"D\u00e9couvrez comment l'extension du r\u00e9seau de chaleur de Briec illustre la transition \u00e9nerg\u00e9tique locale gr\u00e2ce au bois-\u00e9nergie, \u00e0 la stabilit\u00e9 des prix et au soutien de l'ADEME.","og_url":"https:\/\/www.les-energies-renouvelables.eu\/article\/actualites\/environnement\/le-paradoxe-de-briec-comment-cette-commune-bretonne-devient-un-geant-de-lenergie-locale-512\/","og_site_name":"ECOinfos Energies renouvelables","article_publisher":"https:\/\/www.facebook.com\/ecoannuaire.energierenouvelable\/","article_author":"https:\/\/www.facebook.com\/tictacf2c\/","article_published_time":"2026-03-30T08:00:00+00:00","article_modified_time":"2026-03-31T07:17:42+00:00","og_image":[{"width":1200,"height":675,"url":"https:\/\/www.les-energies-renouvelables.eu\/article\/actualites\/wp-content\/uploads\/2026\/03\/actualites-le-paradoxe-de-briec-comment-cette-commune-bretonne-devient-un-geant-de-lenergie-locale-extension-reseau-de-chaleur.jpg","type":"image\/jpeg"}],"author":"Alexia JACQUARD","twitter_card":"summary_large_image","twitter_creator":"@alexiajcrd","twitter_site":"@ECOinfosENR","twitter_misc":{"\u00c9crit par":"Alexia JACQUARD","Dur\u00e9e de lecture estim\u00e9e":"4 minutes"},"schema":{"@context":"https:\/\/schema.org","@graph":[{"@type":"Article","@id":"https:\/\/www.les-energies-renouvelables.eu\/article\/actualites\/environnement\/le-paradoxe-de-briec-comment-cette-commune-bretonne-devient-un-geant-de-lenergie-locale-512\/#article","isPartOf":{"@id":"https:\/\/www.les-energies-renouvelables.eu\/article\/actualites\/environnement\/le-paradoxe-de-briec-comment-cette-commune-bretonne-devient-un-geant-de-lenergie-locale-512\/"},"author":{"name":"Alexia JACQUARD","@id":"https:\/\/www.les-energies-renouvelables.eu\/article\/actualites\/#\/schema\/person\/2c7d09eb5ca339c12ca8d86145440169"},"headline":"Le paradoxe de Briec : comment cette commune bretonne devient un g\u00e9ant de l&rsquo;\u00e9nergie locale","datePublished":"2026-03-30T08:00:00+00:00","dateModified":"2026-03-31T07:17:42+00:00","mainEntityOfPage":{"@id":"https:\/\/www.les-energies-renouvelables.eu\/article\/actualites\/environnement\/le-paradoxe-de-briec-comment-cette-commune-bretonne-devient-un-geant-de-lenergie-locale-512\/"},"wordCount":783,"publisher":{"@id":"https:\/\/www.les-energies-renouvelables.eu\/article\/actualites\/#organization"},"image":{"@id":"https:\/\/www.les-energies-renouvelables.eu\/article\/actualites\/environnement\/le-paradoxe-de-briec-comment-cette-commune-bretonne-devient-un-geant-de-lenergie-locale-512\/#primaryimage"},"thumbnailUrl":"https:\/\/www.les-energies-renouvelables.eu\/article\/actualites\/wp-content\/uploads\/2026\/03\/actualites-le-paradoxe-de-briec-comment-cette-commune-bretonne-devient-un-geant-de-lenergie-locale-extension-reseau-de-chaleur.jpg","articleSection":["Environnement"],"inLanguage":"fr-FR"},{"@type":"WebPage","@id":"https:\/\/www.les-energies-renouvelables.eu\/article\/actualites\/environnement\/le-paradoxe-de-briec-comment-cette-commune-bretonne-devient-un-geant-de-lenergie-locale-512\/","url":"https:\/\/www.les-energies-renouvelables.eu\/article\/actualites\/environnement\/le-paradoxe-de-briec-comment-cette-commune-bretonne-devient-un-geant-de-lenergie-locale-512\/","name":"Le paradoxe de Briec : comment cette commune bretonne devient un g\u00e9ant de l'\u00e9nergie locale - ECOinfos","isPartOf":{"@id":"https:\/\/www.les-energies-renouvelables.eu\/article\/actualites\/#website"},"primaryImageOfPage":{"@id":"https:\/\/www.les-energies-renouvelables.eu\/article\/actualites\/environnement\/le-paradoxe-de-briec-comment-cette-commune-bretonne-devient-un-geant-de-lenergie-locale-512\/#primaryimage"},"image":{"@id":"https:\/\/www.les-energies-renouvelables.eu\/article\/actualites\/environnement\/le-paradoxe-de-briec-comment-cette-commune-bretonne-devient-un-geant-de-lenergie-locale-512\/#primaryimage"},"thumbnailUrl":"https:\/\/www.les-energies-renouvelables.eu\/article\/actualites\/wp-content\/uploads\/2026\/03\/actualites-le-paradoxe-de-briec-comment-cette-commune-bretonne-devient-un-geant-de-lenergie-locale-extension-reseau-de-chaleur.jpg","datePublished":"2026-03-30T08:00:00+00:00","dateModified":"2026-03-31T07:17:42+00:00","description":"D\u00e9couvrez comment l'extension du r\u00e9seau de chaleur de Briec illustre la transition \u00e9nerg\u00e9tique locale gr\u00e2ce au bois-\u00e9nergie, \u00e0 la stabilit\u00e9 des prix et au soutien de l'ADEME.","breadcrumb":{"@id":"https:\/\/www.les-energies-renouvelables.eu\/article\/actualites\/environnement\/le-paradoxe-de-briec-comment-cette-commune-bretonne-devient-un-geant-de-lenergie-locale-512\/#breadcrumb"},"inLanguage":"fr-FR","potentialAction":[{"@type":"ReadAction","target":["https:\/\/www.les-energies-renouvelables.eu\/article\/actualites\/environnement\/le-paradoxe-de-briec-comment-cette-commune-bretonne-devient-un-geant-de-lenergie-locale-512\/"]}]},{"@type":"ImageObject","inLanguage":"fr-FR","@id":"https:\/\/www.les-energies-renouvelables.eu\/article\/actualites\/environnement\/le-paradoxe-de-briec-comment-cette-commune-bretonne-devient-un-geant-de-lenergie-locale-512\/#primaryimage","url":"https:\/\/www.les-energies-renouvelables.eu\/article\/actualites\/wp-content\/uploads\/2026\/03\/actualites-le-paradoxe-de-briec-comment-cette-commune-bretonne-devient-un-geant-de-lenergie-locale-extension-reseau-de-chaleur.jpg","contentUrl":"https:\/\/www.les-energies-renouvelables.eu\/article\/actualites\/wp-content\/uploads\/2026\/03\/actualites-le-paradoxe-de-briec-comment-cette-commune-bretonne-devient-un-geant-de-lenergie-locale-extension-reseau-de-chaleur.jpg","width":1200,"height":675,"caption":"Photo de Mark Stebnicki: https:\/\/www.pexels.com\/fr-fr\/photo\/chargeur-industriel-sur-chantier-avec-machines-31110991\/"},{"@type":"BreadcrumbList","@id":"https:\/\/www.les-energies-renouvelables.eu\/article\/actualites\/environnement\/le-paradoxe-de-briec-comment-cette-commune-bretonne-devient-un-geant-de-lenergie-locale-512\/#breadcrumb","itemListElement":[{"@type":"ListItem","position":1,"name":"Accueil","item":"https:\/\/www.les-energies-renouvelables.eu\/article\/actualites\/"},{"@type":"ListItem","position":2,"name":"Le paradoxe de Briec : comment cette commune bretonne devient un g\u00e9ant de l&rsquo;\u00e9nergie locale"}]},{"@type":"WebSite","@id":"https:\/\/www.les-energies-renouvelables.eu\/article\/actualites\/#website","url":"https:\/\/www.les-energies-renouvelables.eu\/article\/actualites\/","name":"ECOinfos Energies renouvelables","description":"Le d\u00e9cryptage quotidien du secteur des \u00e9nergies renouvelables","publisher":{"@id":"https:\/\/www.les-energies-renouvelables.eu\/article\/actualites\/#organization"},"potentialAction":[{"@type":"SearchAction","target":{"@type":"EntryPoint","urlTemplate":"https:\/\/www.les-energies-renouvelables.eu\/article\/actualites\/?s={search_term_string}"},"query-input":{"@type":"PropertyValueSpecification","valueRequired":true,"valueName":"search_term_string"}}],"inLanguage":"fr-FR"},{"@type":"Organization","@id":"https:\/\/www.les-energies-renouvelables.eu\/article\/actualites\/#organization","name":"ECOinfos Energies renouvelables","url":"https:\/\/www.les-energies-renouvelables.eu\/article\/actualites\/","logo":{"@type":"ImageObject","inLanguage":"fr-FR","@id":"https:\/\/www.les-energies-renouvelables.eu\/article\/actualites\/#\/schema\/logo\/image\/","url":"https:\/\/www.les-energies-renouvelables.eu\/article\/actualites\/wp-content\/uploads\/2025\/11\/ecoinfos.eldorado-consulting.com-logo-logo.svg","contentUrl":"https:\/\/www.les-energies-renouvelables.eu\/article\/actualites\/wp-content\/uploads\/2025\/11\/ecoinfos.eldorado-consulting.com-logo-logo.svg","caption":"ECOinfos Energies renouvelables"},"image":{"@id":"https:\/\/www.les-energies-renouvelables.eu\/article\/actualites\/#\/schema\/logo\/image\/"},"sameAs":["https:\/\/www.facebook.com\/ecoannuaire.energierenouvelable\/","https:\/\/x.com\/ECOinfosENR","https:\/\/www.linkedin.com\/company\/ecoinfos-energies-renouvelables\/","https:\/\/www.youtube.com\/@ecoinfosenergies","https:\/\/share.google\/dyKHJPxAV42WhhjbM"]},{"@type":"Person","@id":"https:\/\/www.les-energies-renouvelables.eu\/article\/actualites\/#\/schema\/person\/2c7d09eb5ca339c12ca8d86145440169","name":"Alexia JACQUARD","pronouns":"elle\/elle","image":{"@type":"ImageObject","inLanguage":"fr-FR","@id":"https:\/\/www.les-energies-renouvelables.eu\/article\/actualites\/#\/schema\/person\/image\/","url":"https:\/\/www.les-energies-renouvelables.eu\/article\/actualites\/wp-content\/uploads\/2026\/01\/actualites-alexia-jacquard-alexia-jacquard-160x160.jpg","contentUrl":"https:\/\/www.les-energies-renouvelables.eu\/article\/actualites\/wp-content\/uploads\/2026\/01\/actualites-alexia-jacquard-alexia-jacquard-160x160.jpg","caption":"Alexia JACQUARD"},"description":"Curieuse de nature et attentif aux enjeux du d\u00e9veloppement durable, Alexia Jacquard suit l'actualit\u00e9 des \u00e9nergies renouvelables pour partager les derni\u00e8res nouveaut\u00e9s du secteur. Elle s'attache \u00e0 retranscrire simplement les informations cl\u00e9s et les initiatives positives qui marquent la transition \u00e9nerg\u00e9tique. Son objectif : proposer des articles d'actualit\u00e9 clairs et accessibles pour tous ceux qui s'int\u00e9ressent \u00e0 l'avenir de notre \u00e9nergie.","sameAs":["https:\/\/alexia-jacquard.fr","https:\/\/www.facebook.com\/tictacf2c\/","https:\/\/www.instagram.com\/alexia_redac\/","https:\/\/www.linkedin.com\/in\/alexia-jacquard-449a4b289\/","https:\/\/fr.pinterest.com\/alexiajacquard\/","https:\/\/x.com\/alexiajcrd","https:\/\/www.youtube.com\/@Thepaindemie","https:\/\/muckrack.com\/alexia-jacquard"],"url":"https:\/\/www.les-energies-renouvelables.eu\/article\/actualites\/author\/alexia-jacquard\/"}]}},"_links":{"self":[{"href":"https:\/\/www.les-energies-renouvelables.eu\/article\/actualites\/wp-json\/wp\/v2\/posts\/512","targetHints":{"allow":["GET"]}}],"collection":[{"href":"https:\/\/www.les-energies-renouvelables.eu\/article\/actualites\/wp-json\/wp\/v2\/posts"}],"about":[{"href":"https:\/\/www.les-energies-renouvelables.eu\/article\/actualites\/wp-json\/wp\/v2\/types\/post"}],"author":[{"embeddable":true,"href":"https:\/\/www.les-energies-renouvelables.eu\/article\/actualites\/wp-json\/wp\/v2\/users\/2"}],"replies":[{"embeddable":true,"href":"https:\/\/www.les-energies-renouvelables.eu\/article\/actualites\/wp-json\/wp\/v2\/comments?post=512"}],"version-history":[{"count":1,"href":"https:\/\/www.les-energies-renouvelables.eu\/article\/actualites\/wp-json\/wp\/v2\/posts\/512\/revisions"}],"predecessor-version":[{"id":513,"href":"https:\/\/www.les-energies-renouvelables.eu\/article\/actualites\/wp-json\/wp\/v2\/posts\/512\/revisions\/513"}],"wp:featuredmedia":[{"embeddable":true,"href":"https:\/\/www.les-energies-renouvelables.eu\/article\/actualites\/wp-json\/wp\/v2\/media\/514"}],"wp:attachment":[{"href":"https:\/\/www.les-energies-renouvelables.eu\/article\/actualites\/wp-json\/wp\/v2\/media?parent=512"}],"wp:term":[{"taxonomy":"category","embeddable":true,"href":"https:\/\/www.les-energies-renouvelables.eu\/article\/actualites\/wp-json\/wp\/v2\/categories?post=512"},{"taxonomy":"post_tag","embeddable":true,"href":"https:\/\/www.les-energies-renouvelables.eu\/article\/actualites\/wp-json\/wp\/v2\/tags?post=512"}],"curies":[{"name":"wp","href":"https:\/\/api.w.org\/{rel}","templated":true}]}}