{"id":442,"date":"2026-03-12T09:44:46","date_gmt":"2026-03-12T08:44:46","guid":{"rendered":"https:\/\/www.les-energies-renouvelables.eu\/article\/actualites\/?p=442"},"modified":"2026-03-12T09:44:46","modified_gmt":"2026-03-12T08:44:46","slug":"espagne-comment-le-solaire-et-leolien-font-baisser-la-pression-sur-les-factures-delectricite","status":"publish","type":"post","link":"https:\/\/www.les-energies-renouvelables.eu\/article\/actualites\/energies\/espagne-comment-le-solaire-et-leolien-font-baisser-la-pression-sur-les-factures-delectricite-442\/","title":{"rendered":"Espagne : comment le solaire et l\u2019\u00e9olien font baisser la pression sur les factures d\u2019\u00e9lectricit\u00e9"},"content":{"rendered":"\n<p>R\u00e9sum\u00e9 :&nbsp;<\/p>\n\n\n\n<ul class=\"wp-block-list\">\n<li><strong>Performance :<\/strong> 75 % de l\u2019\u00e9lectricit\u00e9 espagnole provient de <strong>sources bas-carbone<\/strong> en 2025.<\/li>\n\n\n\n<li><strong>Solaire :<\/strong> Le pays est d\u00e9sormais le 2e producteur d&rsquo;\u00e9nergie photovolta\u00efque de l\u2019UE.<\/li>\n\n\n\n<li><strong>Impact march\u00e9 :<\/strong> L&rsquo;influence des \u00e9nergies fossiles sur les <strong>prix de l&rsquo;\u00e9lectricit\u00e9<\/strong> a recul\u00e9 de 75 % depuis 2019.<\/li>\n\n\n\n<li><strong>Objectif :<\/strong> Madrid vise 179 GW de <strong>capacit\u00e9s renouvelables<\/strong> d&rsquo;ici 2030.<\/li>\n<\/ul>\n\n\n\n<p>Malgr\u00e9 l\u2019acc\u00e9l\u00e9ration de la transition, le <strong>co\u00fbt de l\u2019\u00e9nergie<\/strong> demeure une pr\u00e9occupation majeure pour les foyers europ\u00e9ens. La volatilit\u00e9 des march\u00e9s mondiaux a rappel\u00e9 une r\u00e9alit\u00e9 structurelle : tant que le syst\u00e8me \u00e9nerg\u00e9tique d\u00e9pend de <strong>combustibles fossiles import\u00e9s<\/strong>, une partie des co\u00fbts reste expos\u00e9e \u00e0 des chocs ext\u00e9rieurs impr\u00e9visibles.<\/p>\n\n\n\n<p>Cette vuln\u00e9rabilit\u00e9 touche particuli\u00e8rement les pays dont le <strong>mix \u00e9lectrique<\/strong> s&rsquo;appuie encore sur le gaz pour \u00e9quilibrer le r\u00e9seau. Pour les m\u00e9nages, cela se traduit par une <strong>instabilit\u00e9 tarifaire<\/strong> qui p\u00e8se sur le budget quotidien. La trajectoire espagnole illustre une mani\u00e8re de r\u00e9duire cette exposition gr\u00e2ce \u00e0 une production moins d\u00e9pendante des importations.<\/p>\n\n\n\n<h2 class=\"wp-block-heading\">Une progression marqu\u00e9e des capacit\u00e9s de production<\/h2>\n\n\n\n<p>Depuis 2019, l&rsquo;Espagne a op\u00e9r\u00e9 une transformation rapide de son parc \u00e9nerg\u00e9tique en ajoutant plus de <strong>40 GW de puissance \u00e9olienne et solaire<\/strong>. Proportionnellement \u00e0 la taille de son march\u00e9, cet investissement est l&rsquo;un des plus importants de l&rsquo;Union europ\u00e9enne.<\/p>\n\n\n\n<p>Les r\u00e9sultats sont d\u00e9j\u00e0 visibles : en 2024, les <strong>\u00e9nergies renouvelables<\/strong> ont repr\u00e9sent\u00e9 56 % de la production nationale. Le solaire, en particulier, a pris un poids croissant pour devenir, en 2025, la premi\u00e8re source d\u2019\u00e9lectricit\u00e9 d\u00e9carbon\u00e9e du pays (22 % du mix). En parall\u00e8le, l&rsquo;\u00e9olien demeure un pilier central, compl\u00e9tant un parc o\u00f9 les installations renouvelables repr\u00e9sentent d\u00e9sormais 64 % de la capacit\u00e9 totale.<\/p>\n\n\n\n<h2 class=\"wp-block-heading\">Le m\u00e9canisme : limiter l&rsquo;influence du gaz sur les prix<\/h2>\n\n\n\n<p>L&rsquo;\u00e9volution du co\u00fbt de l&rsquo;\u00e9nergie en Espagne s&rsquo;explique en partie par les r\u00e8gles du <strong>march\u00e9 europ\u00e9en<\/strong>. Le <strong>prix de gros<\/strong> y est g\u00e9n\u00e9ralement d\u00e9termin\u00e9 par la derni\u00e8re centrale appel\u00e9e pour \u00e9quilibrer l&rsquo;offre et la demande \u2014 fr\u00e9quemment une unit\u00e9 fonctionnant au gaz, dont les co\u00fbts sont \u00e9lev\u00e9s et instables.<\/p>\n\n\n\n<p>L&rsquo;apport massif du vent et du soleil modifie cet \u00e9quilibre. Comme leur <strong>co\u00fbt de fonctionnement<\/strong> est quasi nul une fois les parcs install\u00e9s, leur faible co\u00fbt de production les place en t\u00eate de l\u2019ordre \u00e9conomique d\u2019appel. En couvrant une part plus importante de la demande, ces sources r\u00e9duisent plus souvent le recours aux <strong>centrales thermiques<\/strong> pour fixer le prix de march\u00e9.<\/p>\n\n\n\n<p>Selon les donn\u00e9es du groupe de r\u00e9flexion Ember, ce m\u00e9canisme a permis de r\u00e9duire de 75 % l\u2019influence des \u00e9nergies fossiles sur la <strong>formation des prix de l\u2019\u00e9lectricit\u00e9<\/strong> en Espagne depuis 2019. Ce mod\u00e8le tend ainsi \u00e0 att\u00e9nuer la sensibilit\u00e9 du syst\u00e8me \u00e9lectrique national face aux fluctuations mondiales du gaz.<\/p>\n\n\n\n<h2 class=\"wp-block-heading\">Les \u00e9tapes suivantes : stockage et infrastructures<\/h2>\n\n\n\n<p>Si les choix de l&rsquo;Espagne montrent les effets concrets de cette strat\u00e9gie, ils soulignent \u00e9galement les d\u00e9fis techniques d&rsquo;un tel mix. Le principal enjeu reste la gestion de la <strong>variabilit\u00e9 naturelle<\/strong> : il faut garantir la fourniture d&rsquo;\u00e9nergie m\u00eame lors des pics de demande, comme celui du 9 janvier 2024 qui a atteint 38 272 MW.<\/p>\n\n\n\n<p>Le d\u00e9veloppement du <strong>stockage<\/strong>, notamment via les batteries, constitue l&rsquo;un des prochains leviers pour absorber les surplus de production. Pour atteindre son objectif de <strong>179 GW en 2030<\/strong>, l&rsquo;Espagne devra poursuivre la modernisation de ses infrastructures de r\u00e9seau afin de rendre cette int\u00e9gration plus robuste.<\/p>\n\n\n\n<p>L\u2019exemple espagnol sugg\u00e8re qu\u2019un d\u00e9ploiement rapide des renouvelables est un levier important pour limiter l\u2019exposition des <strong>prix de l\u2019\u00e9lectricit\u00e9<\/strong> aux combustibles fossiles. En diminuant le poids du gaz dans la formation des <strong>prix de gros<\/strong>, ces sources d&rsquo;\u00e9nergie peuvent ainsi contribuer \u00e0 mieux contenir la volatilit\u00e9 des factures dans le temps.<\/p>\n","protected":false},"excerpt":{"rendered":"","protected":false},"author":1,"featured_media":443,"comment_status":"closed","ping_status":"closed","sticky":false,"template":"","format":"standard","meta":{"footnotes":""},"categories":[1],"tags":[],"class_list":["post-442","post","type-post","status-publish","format-standard","has-post-thumbnail","hentry","category-energies","masonry-post","generate-columns","tablet-grid-50","mobile-grid-100","grid-parent","grid-33"],"yoast_head":"<!-- This site is optimized with the Yoast SEO plugin v26.6 - https:\/\/yoast.com\/wordpress\/plugins\/seo\/ -->\n<title>Espagne : comment le solaire et l\u2019\u00e9olien font baisser la pression sur les factures d\u2019\u00e9lectricit\u00e9 - ECOinfos<\/title>\n<meta name=\"description\" content=\"D\u00e9couvrez comment l&#039;Espagne r\u00e9duit l&#039;influence du gaz sur ses prix de l&#039;\u00e9lectricit\u00e9 gr\u00e2ce \u00e0 un d\u00e9ploiement record de l&#039;\u00e9olien et du solaire. Une analyse du mod\u00e8le espagnol et de ses b\u00e9n\u00e9fices sur la facture des m\u00e9nages.\" \/>\n<meta name=\"robots\" content=\"index, follow, max-snippet:-1, max-image-preview:large, max-video-preview:-1\" \/>\n<link rel=\"canonical\" href=\"https:\/\/www.les-energies-renouvelables.eu\/article\/actualites\/energies\/espagne-comment-le-solaire-et-leolien-font-baisser-la-pression-sur-les-factures-delectricite-442\/\" \/>\n<meta property=\"og:locale\" content=\"fr_FR\" \/>\n<meta property=\"og:type\" content=\"article\" \/>\n<meta property=\"og:title\" content=\"Espagne : comment le solaire et l\u2019\u00e9olien font baisser la pression sur les factures d\u2019\u00e9lectricit\u00e9 - ECOinfos\" \/>\n<meta property=\"og:description\" content=\"D\u00e9couvrez comment l&#039;Espagne r\u00e9duit l&#039;influence du gaz sur ses prix de l&#039;\u00e9lectricit\u00e9 gr\u00e2ce \u00e0 un d\u00e9ploiement record de l&#039;\u00e9olien et du solaire. Une analyse du mod\u00e8le espagnol et de ses b\u00e9n\u00e9fices sur la facture des m\u00e9nages.\" \/>\n<meta property=\"og:url\" content=\"https:\/\/www.les-energies-renouvelables.eu\/article\/actualites\/energies\/espagne-comment-le-solaire-et-leolien-font-baisser-la-pression-sur-les-factures-delectricite-442\/\" \/>\n<meta property=\"og:site_name\" content=\"ECOinfos Energies renouvelables\" \/>\n<meta property=\"article:publisher\" content=\"https:\/\/www.facebook.com\/ecoannuaire.energierenouvelable\/\" \/>\n<meta property=\"article:published_time\" content=\"2026-03-12T08:44:46+00:00\" \/>\n<meta property=\"og:image\" content=\"https:\/\/www.les-energies-renouvelables.eu\/article\/actualites\/wp-content\/uploads\/2026\/03\/actualites-brouillon-auto-prix-electricite-espagne-renouvelables.jpg\" \/>\n\t<meta property=\"og:image:width\" content=\"1200\" \/>\n\t<meta property=\"og:image:height\" content=\"675\" \/>\n\t<meta property=\"og:image:type\" content=\"image\/jpeg\" \/>\n<meta name=\"author\" content=\"eldorado\" \/>\n<meta name=\"twitter:card\" content=\"summary_large_image\" \/>\n<meta name=\"twitter:creator\" content=\"@ECOinfosENR\" \/>\n<meta name=\"twitter:site\" content=\"@ECOinfosENR\" \/>\n<meta name=\"twitter:label1\" content=\"\u00c9crit par\" \/>\n\t<meta name=\"twitter:data1\" content=\"eldorado\" \/>\n\t<meta name=\"twitter:label2\" content=\"Dur\u00e9e de lecture estim\u00e9e\" \/>\n\t<meta name=\"twitter:data2\" content=\"4 minutes\" \/>\n<script type=\"application\/ld+json\" class=\"yoast-schema-graph\">{\"@context\":\"https:\/\/schema.org\",\"@graph\":[{\"@type\":\"Article\",\"@id\":\"https:\/\/www.les-energies-renouvelables.eu\/article\/actualites\/energies\/espagne-comment-le-solaire-et-leolien-font-baisser-la-pression-sur-les-factures-delectricite-442\/#article\",\"isPartOf\":{\"@id\":\"https:\/\/www.les-energies-renouvelables.eu\/article\/actualites\/energies\/espagne-comment-le-solaire-et-leolien-font-baisser-la-pression-sur-les-factures-delectricite-442\/\"},\"author\":{\"name\":\"eldorado\",\"@id\":\"https:\/\/www.les-energies-renouvelables.eu\/article\/actualites\/#\/schema\/person\/ea4a87f9e4cf6950b2146e070dc07d87\"},\"headline\":\"Espagne : comment le solaire et l\u2019\u00e9olien font baisser la pression sur les factures d\u2019\u00e9lectricit\u00e9\",\"datePublished\":\"2026-03-12T08:44:46+00:00\",\"mainEntityOfPage\":{\"@id\":\"https:\/\/www.les-energies-renouvelables.eu\/article\/actualites\/energies\/espagne-comment-le-solaire-et-leolien-font-baisser-la-pression-sur-les-factures-delectricite-442\/\"},\"wordCount\":684,\"publisher\":{\"@id\":\"https:\/\/www.les-energies-renouvelables.eu\/article\/actualites\/#organization\"},\"image\":{\"@id\":\"https:\/\/www.les-energies-renouvelables.eu\/article\/actualites\/energies\/espagne-comment-le-solaire-et-leolien-font-baisser-la-pression-sur-les-factures-delectricite-442\/#primaryimage\"},\"thumbnailUrl\":\"https:\/\/www.les-energies-renouvelables.eu\/article\/actualites\/wp-content\/uploads\/2026\/03\/actualites-brouillon-auto-prix-electricite-espagne-renouvelables.jpg\",\"articleSection\":[\"\u00c9nergies\"],\"inLanguage\":\"fr-FR\"},{\"@type\":\"WebPage\",\"@id\":\"https:\/\/www.les-energies-renouvelables.eu\/article\/actualites\/energies\/espagne-comment-le-solaire-et-leolien-font-baisser-la-pression-sur-les-factures-delectricite-442\/\",\"url\":\"https:\/\/www.les-energies-renouvelables.eu\/article\/actualites\/energies\/espagne-comment-le-solaire-et-leolien-font-baisser-la-pression-sur-les-factures-delectricite-442\/\",\"name\":\"Espagne : comment le solaire et l\u2019\u00e9olien font baisser la pression sur les factures d\u2019\u00e9lectricit\u00e9 - ECOinfos\",\"isPartOf\":{\"@id\":\"https:\/\/www.les-energies-renouvelables.eu\/article\/actualites\/#website\"},\"primaryImageOfPage\":{\"@id\":\"https:\/\/www.les-energies-renouvelables.eu\/article\/actualites\/energies\/espagne-comment-le-solaire-et-leolien-font-baisser-la-pression-sur-les-factures-delectricite-442\/#primaryimage\"},\"image\":{\"@id\":\"https:\/\/www.les-energies-renouvelables.eu\/article\/actualites\/energies\/espagne-comment-le-solaire-et-leolien-font-baisser-la-pression-sur-les-factures-delectricite-442\/#primaryimage\"},\"thumbnailUrl\":\"https:\/\/www.les-energies-renouvelables.eu\/article\/actualites\/wp-content\/uploads\/2026\/03\/actualites-brouillon-auto-prix-electricite-espagne-renouvelables.jpg\",\"datePublished\":\"2026-03-12T08:44:46+00:00\",\"description\":\"D\u00e9couvrez comment l'Espagne r\u00e9duit l'influence du gaz sur ses prix de l'\u00e9lectricit\u00e9 gr\u00e2ce \u00e0 un d\u00e9ploiement record de l'\u00e9olien et du solaire. Une analyse du mod\u00e8le espagnol et de ses b\u00e9n\u00e9fices sur la facture des m\u00e9nages.\",\"breadcrumb\":{\"@id\":\"https:\/\/www.les-energies-renouvelables.eu\/article\/actualites\/energies\/espagne-comment-le-solaire-et-leolien-font-baisser-la-pression-sur-les-factures-delectricite-442\/#breadcrumb\"},\"inLanguage\":\"fr-FR\",\"potentialAction\":[{\"@type\":\"ReadAction\",\"target\":[\"https:\/\/www.les-energies-renouvelables.eu\/article\/actualites\/energies\/espagne-comment-le-solaire-et-leolien-font-baisser-la-pression-sur-les-factures-delectricite-442\/\"]}]},{\"@type\":\"ImageObject\",\"inLanguage\":\"fr-FR\",\"@id\":\"https:\/\/www.les-energies-renouvelables.eu\/article\/actualites\/energies\/espagne-comment-le-solaire-et-leolien-font-baisser-la-pression-sur-les-factures-delectricite-442\/#primaryimage\",\"url\":\"https:\/\/www.les-energies-renouvelables.eu\/article\/actualites\/wp-content\/uploads\/2026\/03\/actualites-brouillon-auto-prix-electricite-espagne-renouvelables.jpg\",\"contentUrl\":\"https:\/\/www.les-energies-renouvelables.eu\/article\/actualites\/wp-content\/uploads\/2026\/03\/actualites-brouillon-auto-prix-electricite-espagne-renouvelables.jpg\",\"width\":1200,\"height\":675,\"caption\":\"Dall-E\"},{\"@type\":\"BreadcrumbList\",\"@id\":\"https:\/\/www.les-energies-renouvelables.eu\/article\/actualites\/energies\/espagne-comment-le-solaire-et-leolien-font-baisser-la-pression-sur-les-factures-delectricite-442\/#breadcrumb\",\"itemListElement\":[{\"@type\":\"ListItem\",\"position\":1,\"name\":\"Accueil\",\"item\":\"https:\/\/www.les-energies-renouvelables.eu\/article\/actualites\/\"},{\"@type\":\"ListItem\",\"position\":2,\"name\":\"Espagne : comment le solaire et l\u2019\u00e9olien font baisser la pression sur les factures d\u2019\u00e9lectricit\u00e9\"}]},{\"@type\":\"WebSite\",\"@id\":\"https:\/\/www.les-energies-renouvelables.eu\/article\/actualites\/#website\",\"url\":\"https:\/\/www.les-energies-renouvelables.eu\/article\/actualites\/\",\"name\":\"ECOinfos Energies renouvelables\",\"description\":\"Le d\u00e9cryptage quotidien du secteur des \u00e9nergies renouvelables\",\"publisher\":{\"@id\":\"https:\/\/www.les-energies-renouvelables.eu\/article\/actualites\/#organization\"},\"potentialAction\":[{\"@type\":\"SearchAction\",\"target\":{\"@type\":\"EntryPoint\",\"urlTemplate\":\"https:\/\/www.les-energies-renouvelables.eu\/article\/actualites\/?s={search_term_string}\"},\"query-input\":{\"@type\":\"PropertyValueSpecification\",\"valueRequired\":true,\"valueName\":\"search_term_string\"}}],\"inLanguage\":\"fr-FR\"},{\"@type\":\"Organization\",\"@id\":\"https:\/\/www.les-energies-renouvelables.eu\/article\/actualites\/#organization\",\"name\":\"ECOinfos Energies renouvelables\",\"url\":\"https:\/\/www.les-energies-renouvelables.eu\/article\/actualites\/\",\"logo\":{\"@type\":\"ImageObject\",\"inLanguage\":\"fr-FR\",\"@id\":\"https:\/\/www.les-energies-renouvelables.eu\/article\/actualites\/#\/schema\/logo\/image\/\",\"url\":\"https:\/\/www.les-energies-renouvelables.eu\/article\/actualites\/wp-content\/uploads\/2025\/11\/ecoinfos.eldorado-consulting.com-logo-logo.svg\",\"contentUrl\":\"https:\/\/www.les-energies-renouvelables.eu\/article\/actualites\/wp-content\/uploads\/2025\/11\/ecoinfos.eldorado-consulting.com-logo-logo.svg\",\"caption\":\"ECOinfos Energies renouvelables\"},\"image\":{\"@id\":\"https:\/\/www.les-energies-renouvelables.eu\/article\/actualites\/#\/schema\/logo\/image\/\"},\"sameAs\":[\"https:\/\/www.facebook.com\/ecoannuaire.energierenouvelable\/\",\"https:\/\/x.com\/ECOinfosENR\",\"https:\/\/www.linkedin.com\/company\/ecoinfos-energies-renouvelables\/\",\"https:\/\/www.youtube.com\/@ecoinfosenergies\",\"https:\/\/share.google\/dyKHJPxAV42WhhjbM\"]},{\"@type\":\"Person\",\"@id\":\"https:\/\/www.les-energies-renouvelables.eu\/article\/actualites\/#\/schema\/person\/ea4a87f9e4cf6950b2146e070dc07d87\",\"name\":\"eldorado\",\"image\":{\"@type\":\"ImageObject\",\"inLanguage\":\"fr-FR\",\"@id\":\"https:\/\/www.les-energies-renouvelables.eu\/article\/actualites\/#\/schema\/person\/image\/\",\"url\":\"https:\/\/www.les-energies-renouvelables.eu\/article\/actualites\/wp-content\/plugins\/eldorado\/images\/icons\/avatar.svg\",\"contentUrl\":\"https:\/\/www.les-energies-renouvelables.eu\/article\/actualites\/wp-content\/plugins\/eldorado\/images\/icons\/avatar.svg\",\"caption\":\"eldorado\"},\"sameAs\":[\"https:\/\/www.les-energies-renouvelables.eu\/article\/actualites\"],\"url\":\"https:\/\/www.les-energies-renouvelables.eu\/article\/actualites\/author\/eldorado\/\"}]}<\/script>\n<!-- \/ Yoast SEO plugin. -->","yoast_head_json":{"title":"Espagne : comment le solaire et l\u2019\u00e9olien font baisser la pression sur les factures d\u2019\u00e9lectricit\u00e9 - ECOinfos","description":"D\u00e9couvrez comment l'Espagne r\u00e9duit l'influence du gaz sur ses prix de l'\u00e9lectricit\u00e9 gr\u00e2ce \u00e0 un d\u00e9ploiement record de l'\u00e9olien et du solaire. Une analyse du mod\u00e8le espagnol et de ses b\u00e9n\u00e9fices sur la facture des m\u00e9nages.","robots":{"index":"index","follow":"follow","max-snippet":"max-snippet:-1","max-image-preview":"max-image-preview:large","max-video-preview":"max-video-preview:-1"},"canonical":"https:\/\/www.les-energies-renouvelables.eu\/article\/actualites\/energies\/espagne-comment-le-solaire-et-leolien-font-baisser-la-pression-sur-les-factures-delectricite-442\/","og_locale":"fr_FR","og_type":"article","og_title":"Espagne : comment le solaire et l\u2019\u00e9olien font baisser la pression sur les factures d\u2019\u00e9lectricit\u00e9 - ECOinfos","og_description":"D\u00e9couvrez comment l'Espagne r\u00e9duit l'influence du gaz sur ses prix de l'\u00e9lectricit\u00e9 gr\u00e2ce \u00e0 un d\u00e9ploiement record de l'\u00e9olien et du solaire. Une analyse du mod\u00e8le espagnol et de ses b\u00e9n\u00e9fices sur la facture des m\u00e9nages.","og_url":"https:\/\/www.les-energies-renouvelables.eu\/article\/actualites\/energies\/espagne-comment-le-solaire-et-leolien-font-baisser-la-pression-sur-les-factures-delectricite-442\/","og_site_name":"ECOinfos Energies renouvelables","article_publisher":"https:\/\/www.facebook.com\/ecoannuaire.energierenouvelable\/","article_published_time":"2026-03-12T08:44:46+00:00","og_image":[{"width":1200,"height":675,"url":"https:\/\/www.les-energies-renouvelables.eu\/article\/actualites\/wp-content\/uploads\/2026\/03\/actualites-brouillon-auto-prix-electricite-espagne-renouvelables.jpg","type":"image\/jpeg"}],"author":"eldorado","twitter_card":"summary_large_image","twitter_creator":"@ECOinfosENR","twitter_site":"@ECOinfosENR","twitter_misc":{"\u00c9crit par":"eldorado","Dur\u00e9e de lecture estim\u00e9e":"4 minutes"},"schema":{"@context":"https:\/\/schema.org","@graph":[{"@type":"Article","@id":"https:\/\/www.les-energies-renouvelables.eu\/article\/actualites\/energies\/espagne-comment-le-solaire-et-leolien-font-baisser-la-pression-sur-les-factures-delectricite-442\/#article","isPartOf":{"@id":"https:\/\/www.les-energies-renouvelables.eu\/article\/actualites\/energies\/espagne-comment-le-solaire-et-leolien-font-baisser-la-pression-sur-les-factures-delectricite-442\/"},"author":{"name":"eldorado","@id":"https:\/\/www.les-energies-renouvelables.eu\/article\/actualites\/#\/schema\/person\/ea4a87f9e4cf6950b2146e070dc07d87"},"headline":"Espagne : comment le solaire et l\u2019\u00e9olien font baisser la pression sur les factures d\u2019\u00e9lectricit\u00e9","datePublished":"2026-03-12T08:44:46+00:00","mainEntityOfPage":{"@id":"https:\/\/www.les-energies-renouvelables.eu\/article\/actualites\/energies\/espagne-comment-le-solaire-et-leolien-font-baisser-la-pression-sur-les-factures-delectricite-442\/"},"wordCount":684,"publisher":{"@id":"https:\/\/www.les-energies-renouvelables.eu\/article\/actualites\/#organization"},"image":{"@id":"https:\/\/www.les-energies-renouvelables.eu\/article\/actualites\/energies\/espagne-comment-le-solaire-et-leolien-font-baisser-la-pression-sur-les-factures-delectricite-442\/#primaryimage"},"thumbnailUrl":"https:\/\/www.les-energies-renouvelables.eu\/article\/actualites\/wp-content\/uploads\/2026\/03\/actualites-brouillon-auto-prix-electricite-espagne-renouvelables.jpg","articleSection":["\u00c9nergies"],"inLanguage":"fr-FR"},{"@type":"WebPage","@id":"https:\/\/www.les-energies-renouvelables.eu\/article\/actualites\/energies\/espagne-comment-le-solaire-et-leolien-font-baisser-la-pression-sur-les-factures-delectricite-442\/","url":"https:\/\/www.les-energies-renouvelables.eu\/article\/actualites\/energies\/espagne-comment-le-solaire-et-leolien-font-baisser-la-pression-sur-les-factures-delectricite-442\/","name":"Espagne : comment le solaire et l\u2019\u00e9olien font baisser la pression sur les factures d\u2019\u00e9lectricit\u00e9 - ECOinfos","isPartOf":{"@id":"https:\/\/www.les-energies-renouvelables.eu\/article\/actualites\/#website"},"primaryImageOfPage":{"@id":"https:\/\/www.les-energies-renouvelables.eu\/article\/actualites\/energies\/espagne-comment-le-solaire-et-leolien-font-baisser-la-pression-sur-les-factures-delectricite-442\/#primaryimage"},"image":{"@id":"https:\/\/www.les-energies-renouvelables.eu\/article\/actualites\/energies\/espagne-comment-le-solaire-et-leolien-font-baisser-la-pression-sur-les-factures-delectricite-442\/#primaryimage"},"thumbnailUrl":"https:\/\/www.les-energies-renouvelables.eu\/article\/actualites\/wp-content\/uploads\/2026\/03\/actualites-brouillon-auto-prix-electricite-espagne-renouvelables.jpg","datePublished":"2026-03-12T08:44:46+00:00","description":"D\u00e9couvrez comment l'Espagne r\u00e9duit l'influence du gaz sur ses prix de l'\u00e9lectricit\u00e9 gr\u00e2ce \u00e0 un d\u00e9ploiement record de l'\u00e9olien et du solaire. Une analyse du mod\u00e8le espagnol et de ses b\u00e9n\u00e9fices sur la facture des m\u00e9nages.","breadcrumb":{"@id":"https:\/\/www.les-energies-renouvelables.eu\/article\/actualites\/energies\/espagne-comment-le-solaire-et-leolien-font-baisser-la-pression-sur-les-factures-delectricite-442\/#breadcrumb"},"inLanguage":"fr-FR","potentialAction":[{"@type":"ReadAction","target":["https:\/\/www.les-energies-renouvelables.eu\/article\/actualites\/energies\/espagne-comment-le-solaire-et-leolien-font-baisser-la-pression-sur-les-factures-delectricite-442\/"]}]},{"@type":"ImageObject","inLanguage":"fr-FR","@id":"https:\/\/www.les-energies-renouvelables.eu\/article\/actualites\/energies\/espagne-comment-le-solaire-et-leolien-font-baisser-la-pression-sur-les-factures-delectricite-442\/#primaryimage","url":"https:\/\/www.les-energies-renouvelables.eu\/article\/actualites\/wp-content\/uploads\/2026\/03\/actualites-brouillon-auto-prix-electricite-espagne-renouvelables.jpg","contentUrl":"https:\/\/www.les-energies-renouvelables.eu\/article\/actualites\/wp-content\/uploads\/2026\/03\/actualites-brouillon-auto-prix-electricite-espagne-renouvelables.jpg","width":1200,"height":675,"caption":"Dall-E"},{"@type":"BreadcrumbList","@id":"https:\/\/www.les-energies-renouvelables.eu\/article\/actualites\/energies\/espagne-comment-le-solaire-et-leolien-font-baisser-la-pression-sur-les-factures-delectricite-442\/#breadcrumb","itemListElement":[{"@type":"ListItem","position":1,"name":"Accueil","item":"https:\/\/www.les-energies-renouvelables.eu\/article\/actualites\/"},{"@type":"ListItem","position":2,"name":"Espagne : comment le solaire et l\u2019\u00e9olien font baisser la pression sur les factures d\u2019\u00e9lectricit\u00e9"}]},{"@type":"WebSite","@id":"https:\/\/www.les-energies-renouvelables.eu\/article\/actualites\/#website","url":"https:\/\/www.les-energies-renouvelables.eu\/article\/actualites\/","name":"ECOinfos Energies renouvelables","description":"Le d\u00e9cryptage quotidien du secteur des \u00e9nergies renouvelables","publisher":{"@id":"https:\/\/www.les-energies-renouvelables.eu\/article\/actualites\/#organization"},"potentialAction":[{"@type":"SearchAction","target":{"@type":"EntryPoint","urlTemplate":"https:\/\/www.les-energies-renouvelables.eu\/article\/actualites\/?s={search_term_string}"},"query-input":{"@type":"PropertyValueSpecification","valueRequired":true,"valueName":"search_term_string"}}],"inLanguage":"fr-FR"},{"@type":"Organization","@id":"https:\/\/www.les-energies-renouvelables.eu\/article\/actualites\/#organization","name":"ECOinfos Energies renouvelables","url":"https:\/\/www.les-energies-renouvelables.eu\/article\/actualites\/","logo":{"@type":"ImageObject","inLanguage":"fr-FR","@id":"https:\/\/www.les-energies-renouvelables.eu\/article\/actualites\/#\/schema\/logo\/image\/","url":"https:\/\/www.les-energies-renouvelables.eu\/article\/actualites\/wp-content\/uploads\/2025\/11\/ecoinfos.eldorado-consulting.com-logo-logo.svg","contentUrl":"https:\/\/www.les-energies-renouvelables.eu\/article\/actualites\/wp-content\/uploads\/2025\/11\/ecoinfos.eldorado-consulting.com-logo-logo.svg","caption":"ECOinfos Energies renouvelables"},"image":{"@id":"https:\/\/www.les-energies-renouvelables.eu\/article\/actualites\/#\/schema\/logo\/image\/"},"sameAs":["https:\/\/www.facebook.com\/ecoannuaire.energierenouvelable\/","https:\/\/x.com\/ECOinfosENR","https:\/\/www.linkedin.com\/company\/ecoinfos-energies-renouvelables\/","https:\/\/www.youtube.com\/@ecoinfosenergies","https:\/\/share.google\/dyKHJPxAV42WhhjbM"]},{"@type":"Person","@id":"https:\/\/www.les-energies-renouvelables.eu\/article\/actualites\/#\/schema\/person\/ea4a87f9e4cf6950b2146e070dc07d87","name":"eldorado","image":{"@type":"ImageObject","inLanguage":"fr-FR","@id":"https:\/\/www.les-energies-renouvelables.eu\/article\/actualites\/#\/schema\/person\/image\/","url":"https:\/\/www.les-energies-renouvelables.eu\/article\/actualites\/wp-content\/plugins\/eldorado\/images\/icons\/avatar.svg","contentUrl":"https:\/\/www.les-energies-renouvelables.eu\/article\/actualites\/wp-content\/plugins\/eldorado\/images\/icons\/avatar.svg","caption":"eldorado"},"sameAs":["https:\/\/www.les-energies-renouvelables.eu\/article\/actualites"],"url":"https:\/\/www.les-energies-renouvelables.eu\/article\/actualites\/author\/eldorado\/"}]}},"_links":{"self":[{"href":"https:\/\/www.les-energies-renouvelables.eu\/article\/actualites\/wp-json\/wp\/v2\/posts\/442","targetHints":{"allow":["GET"]}}],"collection":[{"href":"https:\/\/www.les-energies-renouvelables.eu\/article\/actualites\/wp-json\/wp\/v2\/posts"}],"about":[{"href":"https:\/\/www.les-energies-renouvelables.eu\/article\/actualites\/wp-json\/wp\/v2\/types\/post"}],"author":[{"embeddable":true,"href":"https:\/\/www.les-energies-renouvelables.eu\/article\/actualites\/wp-json\/wp\/v2\/users\/1"}],"replies":[{"embeddable":true,"href":"https:\/\/www.les-energies-renouvelables.eu\/article\/actualites\/wp-json\/wp\/v2\/comments?post=442"}],"version-history":[{"count":1,"href":"https:\/\/www.les-energies-renouvelables.eu\/article\/actualites\/wp-json\/wp\/v2\/posts\/442\/revisions"}],"predecessor-version":[{"id":444,"href":"https:\/\/www.les-energies-renouvelables.eu\/article\/actualites\/wp-json\/wp\/v2\/posts\/442\/revisions\/444"}],"wp:featuredmedia":[{"embeddable":true,"href":"https:\/\/www.les-energies-renouvelables.eu\/article\/actualites\/wp-json\/wp\/v2\/media\/443"}],"wp:attachment":[{"href":"https:\/\/www.les-energies-renouvelables.eu\/article\/actualites\/wp-json\/wp\/v2\/media?parent=442"}],"wp:term":[{"taxonomy":"category","embeddable":true,"href":"https:\/\/www.les-energies-renouvelables.eu\/article\/actualites\/wp-json\/wp\/v2\/categories?post=442"},{"taxonomy":"post_tag","embeddable":true,"href":"https:\/\/www.les-energies-renouvelables.eu\/article\/actualites\/wp-json\/wp\/v2\/tags?post=442"}],"curies":[{"name":"wp","href":"https:\/\/api.w.org\/{rel}","templated":true}]}}