{"id":439,"date":"2026-03-11T08:00:00","date_gmt":"2026-03-11T07:00:00","guid":{"rendered":"https:\/\/www.les-energies-renouvelables.eu\/article\/actualites\/?p=439"},"modified":"2026-03-10T11:23:02","modified_gmt":"2026-03-10T10:23:02","slug":"data-centers-et-energies-renouvelables-pourquoi-lelectricite-va-decider-ou-construire","status":"publish","type":"post","link":"https:\/\/www.les-energies-renouvelables.eu\/article\/actualites\/energies\/data-centers-et-energies-renouvelables-pourquoi-lelectricite-va-decider-ou-construire-439\/","title":{"rendered":"Data centers et \u00e9nergies renouvelables : pourquoi l\u2019\u00e9lectricit\u00e9 va d\u00e9cider o\u00f9 construire"},"content":{"rendered":"\n<p>R\u00e9sum\u00e9 :&nbsp;<\/p>\n\n\n\n<ul class=\"wp-block-list\">\n<li><strong>Une demande \u00e9lectrique en forte hausse :<\/strong> En France, les besoins des <strong>centres de donn\u00e9es<\/strong> pourraient quadrupler d&rsquo;ici 2035, transformant l&rsquo;acc\u00e8s \u00e0 la puissance en un enjeu territorial majeur.<\/li>\n\n\n\n<li><strong>L\u2019anticipation par la donn\u00e9e :<\/strong> De nouveaux outils de simulation (type <strong>INESC TEC<\/strong>) permettent d&rsquo;identifier les <strong>marges de raccordement<\/strong> \u00e0 l&rsquo;horizon 2030 pour orienter les investissements.<\/li>\n\n\n\n<li><strong>La symbiose \u00e9nerg\u00e9tique :<\/strong> En installant les serveurs \u00e0 proximit\u00e9 des <strong>parcs solaires ou \u00e9oliens<\/strong> (\u00ab co-localisation \u00bb), on limite la pression sur le syst\u00e8me national tout en garantissant une alimentation d\u00e9carbon\u00e9e.<\/li>\n<\/ul>\n\n\n\n<p>L&rsquo;\u00e9quation est aussi directe que redoutable : comment nourrir l&rsquo;app\u00e9tit de l&rsquo;<strong>intelligence artificielle<\/strong> sans fragiliser l&rsquo;\u00e9quilibre \u00e9lectrique ? Longtemps per\u00e7us comme des entit\u00e9s virtuelles, les <strong>data centers<\/strong> rappellent aujourd&rsquo;hui leur d\u00e9pendance mat\u00e9rielle. En France comme ailleurs en Europe, l&rsquo;implantation d&rsquo;une infrastructure num\u00e9rique n&rsquo;est plus un simple choix logistique, c&rsquo;est un d\u00e9fi de <strong>puissance mobilisable<\/strong>.&nbsp;<\/p>\n\n\n\n<h2 class=\"wp-block-heading\">Le num\u00e9rique face aux limites physiques de l\u2019infrastructure<\/h2>\n\n\n\n<p>Derri\u00e8re nos \u00e9crans, le socle mat\u00e9riel est massif : environ <strong>460 centres de donn\u00e9es<\/strong> consommant plus de 1 GWh par an sont d\u00e9j\u00e0 actifs dans l\u2019Hexagone. Selon le Service des statistiques du minist\u00e8re de la Transition \u00e9cologique, ces usines num\u00e9riques ont absorb\u00e9 entre <strong>4 et 6 TWh en 2023<\/strong>, soit environ 1,5 % de la consommation nationale.<\/p>\n\n\n\n<p>Mais le d\u00e9fi s&rsquo;accentue. Port\u00e9e par l&rsquo;essor de l&rsquo;IA, cette demande pourrait quadrupler d&rsquo;ici 2035. \u00c0 l&rsquo;\u00e9chelle mondiale, le <strong>Carbon Trust<\/strong> pr\u00e9voit que ces besoins pourraient repr\u00e9senter <strong>3 % de l&rsquo;\u00e9lectricit\u00e9 globale<\/strong> d\u00e8s 2030. Dans ce contexte, la g\u00e9ographie des projets \u00e9volue : un site th\u00e9oriquement id\u00e9al ne poss\u00e8de pas toujours la <strong>capacit\u00e9 de raccordement <\/strong>n\u00e9cessaire. La disponibilit\u00e9 \u00e9lectrique s&rsquo;impose donc comme un crit\u00e8re d\u00e9terminant pour la viabilit\u00e9 de tout nouveau projet.<\/p>\n\n\n\n<h2 class=\"wp-block-heading\">Cartographier pour ne plus naviguer \u00e0 vue<\/h2>\n\n\n\n<p>Pour lever ces incertitudes, des solutions de <strong>pilotage territorial<\/strong> \u00e9mergent. Le centre de recherche portugais <strong>INESC TEC <\/strong>affine actuellement un outil, pr\u00e9vu pour 2030, capable de localiser les points de livraison aptes \u00e0 accueillir des puissances allant de <strong>500 MW \u00e0 1 GW<\/strong>.<\/p>\n\n\n\n<p>L\u2019id\u00e9e ? Permettre aux exploitants de viser juste et d&rsquo;aider les gestionnaires de syst\u00e8me \u00e0 pr\u00e9parer les renforcements indispensables. En mod\u00e9lisant des sc\u00e9narios de tension et des <strong>courbes de charge<\/strong> r\u00e9alistes, cette approche d\u00e9tecte les zones o\u00f9 le maillage peut encore absorber de nouveaux flux. Ce passage \u00e0 une <strong>planification coordonn\u00e9e<\/strong> offre une trajectoire plus cr\u00e9dible et s\u00e9curis\u00e9e pour la collectivit\u00e9.<\/p>\n\n\n\n<h2 class=\"wp-block-heading\">Co-localisation : quand le data center s\u2019ancre dans le territoire vert<\/h2>\n\n\n\n<p>Et si le centre de donn\u00e9es devenait un alli\u00e9 direct des <strong>\u00e9nergies renouvelables (EnR)<\/strong> ? C\u2019est le principe de la <strong>\u00ab co-localisation \u00bb<\/strong>, un mod\u00e8le o\u00f9 l\u2019on installe les serveurs au plus pr\u00e8s des sources de production d\u00e9carbon\u00e9e.<\/p>\n\n\n\n<p>Ce couplage, souvent renforc\u00e9 par du stockage sur batteries, modifie l&rsquo;impact du projet sur le syst\u00e8me :<\/p>\n\n\n\n<ul class=\"wp-block-list\">\n<li><strong>Un circuit plus court :<\/strong> L\u2019\u00e9lectricit\u00e9 est utilis\u00e9e sur place, ce qui limite les pertes d&rsquo;\u00e9nergie li\u00e9es au transport.<\/li>\n\n\n\n<li><strong>Un syst\u00e8me national pr\u00e9serv\u00e9 :<\/strong> En cr\u00e9ant des <strong>micro-r\u00e9seaux locaux<\/strong>, on \u00e9vite d&rsquo;ajouter une sollicitation suppl\u00e9mentaire sur les grandes art\u00e8res \u00e9lectriques du pays.<\/li>\n\n\n\n<li><strong>Une tra\u00e7abilit\u00e9 renforc\u00e9e :<\/strong> Pour les entreprises, c&rsquo;est l&rsquo;assurance d&rsquo;un lien plus direct avec la production \u00e9olienne ou solaire voisine, r\u00e9pondant aux exigences de la nouvelle <strong>directive europ\u00e9enne sur l&rsquo;efficacit\u00e9 \u00e9nerg\u00e9tique<\/strong>.<\/li>\n<\/ul>\n\n\n\n<p>D\u00e9sormais, les investissements tendent \u00e0 suivre la disponibilit\u00e9 des <strong>\u00e9lectrons verts<\/strong>. L&rsquo;annonce par <strong>Microsoft<\/strong> d&rsquo;un projet de 10 milliards de dollars au Portugal fin 2025 en est l&rsquo;illustration. Ce choix s&rsquo;inscrit dans un territoire marqu\u00e9 par une forte croissance de la production renouvelable et un positionnement strat\u00e9gique dans les \u00e9changes num\u00e9riques.<\/p>\n\n\n\n<p>Demain, les zones capables d&rsquo;offrir \u00e0 la fois un fort potentiel renouvelable et des possibilit\u00e9s de raccordement identifi\u00e9es devraient figurer parmi les plus attractives du continent. Loin d&rsquo;\u00eatre un frein, la connaissance fine de nos capacit\u00e9s \u00e9lectriques devient le moteur d&rsquo;un <strong>am\u00e9nagement du territoire intelligent<\/strong>, capable de r\u00e9concilier nos ambitions num\u00e9riques et la transition \u00e9nerg\u00e9tique.<\/p>\n\n\n\n<p><strong>Note \u00e9ditoriale :<\/strong> <em>Analyse r\u00e9alis\u00e9e \u00e0 partir des donn\u00e9es du Carbon Trust, de l&rsquo;AIE et des travaux de l&rsquo;INESC TEC.<\/em><\/p>\n","protected":false},"excerpt":{"rendered":"","protected":false},"author":2,"featured_media":441,"comment_status":"closed","ping_status":"closed","sticky":false,"template":"","format":"standard","meta":{"footnotes":""},"categories":[1],"tags":[],"class_list":["post-439","post","type-post","status-publish","format-standard","has-post-thumbnail","hentry","category-energies","masonry-post","generate-columns","tablet-grid-50","mobile-grid-100","grid-parent","grid-33"],"yoast_head":"<!-- This site is optimized with the Yoast SEO plugin v26.6 - https:\/\/yoast.com\/wordpress\/plugins\/seo\/ -->\n<title>Data centers et \u00e9nergies renouvelables : pourquoi l\u2019\u00e9lectricit\u00e9 va d\u00e9cider o\u00f9 construire - ECOinfos<\/title>\n<meta name=\"description\" content=\"Pourquoi la capacit\u00e9 du r\u00e9seau \u00e9lectrique d\u00e9cide-t-elle de l&#039;emplacement des futurs data centers ? D\u00e9couvrez comment la cartographie et la co-localisation avec les \u00e9nergies renouvelables transforment la planification \u00e9nerg\u00e9tique.\" \/>\n<meta name=\"robots\" content=\"index, follow, max-snippet:-1, max-image-preview:large, max-video-preview:-1\" \/>\n<link rel=\"canonical\" href=\"https:\/\/www.les-energies-renouvelables.eu\/article\/actualites\/energies\/data-centers-et-energies-renouvelables-pourquoi-lelectricite-va-decider-ou-construire-439\/\" \/>\n<meta property=\"og:locale\" content=\"fr_FR\" \/>\n<meta property=\"og:type\" content=\"article\" \/>\n<meta property=\"og:title\" content=\"Data centers et \u00e9nergies renouvelables : pourquoi l\u2019\u00e9lectricit\u00e9 va d\u00e9cider o\u00f9 construire - ECOinfos\" \/>\n<meta property=\"og:description\" content=\"Pourquoi la capacit\u00e9 du r\u00e9seau \u00e9lectrique d\u00e9cide-t-elle de l&#039;emplacement des futurs data centers ? D\u00e9couvrez comment la cartographie et la co-localisation avec les \u00e9nergies renouvelables transforment la planification \u00e9nerg\u00e9tique.\" \/>\n<meta property=\"og:url\" content=\"https:\/\/www.les-energies-renouvelables.eu\/article\/actualites\/energies\/data-centers-et-energies-renouvelables-pourquoi-lelectricite-va-decider-ou-construire-439\/\" \/>\n<meta property=\"og:site_name\" content=\"ECOinfos Energies renouvelables\" \/>\n<meta property=\"article:publisher\" content=\"https:\/\/www.facebook.com\/ecoannuaire.energierenouvelable\/\" \/>\n<meta property=\"article:author\" content=\"https:\/\/www.facebook.com\/tictacf2c\/\" \/>\n<meta property=\"article:published_time\" content=\"2026-03-11T07:00:00+00:00\" \/>\n<meta property=\"og:image\" content=\"https:\/\/www.les-energies-renouvelables.eu\/article\/actualites\/wp-content\/uploads\/2026\/03\/actualites-data-centers-et-energies-renouvelables-pourquoi-lelectricite-va-decider-ou-construire-raccordement-electrique-data-centers.jpg\" \/>\n\t<meta property=\"og:image:width\" content=\"1200\" \/>\n\t<meta property=\"og:image:height\" content=\"675\" \/>\n\t<meta property=\"og:image:type\" content=\"image\/jpeg\" \/>\n<meta name=\"author\" content=\"Alexia JACQUARD\" \/>\n<meta name=\"twitter:card\" content=\"summary_large_image\" \/>\n<meta name=\"twitter:creator\" content=\"@alexiajcrd\" \/>\n<meta name=\"twitter:site\" content=\"@ECOinfosENR\" \/>\n<meta name=\"twitter:label1\" content=\"\u00c9crit par\" \/>\n\t<meta name=\"twitter:data1\" content=\"Alexia JACQUARD\" \/>\n\t<meta name=\"twitter:label2\" content=\"Dur\u00e9e de lecture estim\u00e9e\" \/>\n\t<meta name=\"twitter:data2\" content=\"4 minutes\" \/>\n<script type=\"application\/ld+json\" class=\"yoast-schema-graph\">{\"@context\":\"https:\/\/schema.org\",\"@graph\":[{\"@type\":\"Article\",\"@id\":\"https:\/\/www.les-energies-renouvelables.eu\/article\/actualites\/energies\/data-centers-et-energies-renouvelables-pourquoi-lelectricite-va-decider-ou-construire-439\/#article\",\"isPartOf\":{\"@id\":\"https:\/\/www.les-energies-renouvelables.eu\/article\/actualites\/energies\/data-centers-et-energies-renouvelables-pourquoi-lelectricite-va-decider-ou-construire-439\/\"},\"author\":{\"name\":\"Alexia JACQUARD\",\"@id\":\"https:\/\/www.les-energies-renouvelables.eu\/article\/actualites\/#\/schema\/person\/2c7d09eb5ca339c12ca8d86145440169\"},\"headline\":\"Data centers et \u00e9nergies renouvelables : pourquoi l\u2019\u00e9lectricit\u00e9 va d\u00e9cider o\u00f9 construire\",\"datePublished\":\"2026-03-11T07:00:00+00:00\",\"mainEntityOfPage\":{\"@id\":\"https:\/\/www.les-energies-renouvelables.eu\/article\/actualites\/energies\/data-centers-et-energies-renouvelables-pourquoi-lelectricite-va-decider-ou-construire-439\/\"},\"wordCount\":744,\"publisher\":{\"@id\":\"https:\/\/www.les-energies-renouvelables.eu\/article\/actualites\/#organization\"},\"image\":{\"@id\":\"https:\/\/www.les-energies-renouvelables.eu\/article\/actualites\/energies\/data-centers-et-energies-renouvelables-pourquoi-lelectricite-va-decider-ou-construire-439\/#primaryimage\"},\"thumbnailUrl\":\"https:\/\/www.les-energies-renouvelables.eu\/article\/actualites\/wp-content\/uploads\/2026\/03\/actualites-data-centers-et-energies-renouvelables-pourquoi-lelectricite-va-decider-ou-construire-raccordement-electrique-data-centers.jpg\",\"articleSection\":[\"\u00c9nergies\"],\"inLanguage\":\"fr-FR\"},{\"@type\":\"WebPage\",\"@id\":\"https:\/\/www.les-energies-renouvelables.eu\/article\/actualites\/energies\/data-centers-et-energies-renouvelables-pourquoi-lelectricite-va-decider-ou-construire-439\/\",\"url\":\"https:\/\/www.les-energies-renouvelables.eu\/article\/actualites\/energies\/data-centers-et-energies-renouvelables-pourquoi-lelectricite-va-decider-ou-construire-439\/\",\"name\":\"Data centers et \u00e9nergies renouvelables : pourquoi l\u2019\u00e9lectricit\u00e9 va d\u00e9cider o\u00f9 construire - ECOinfos\",\"isPartOf\":{\"@id\":\"https:\/\/www.les-energies-renouvelables.eu\/article\/actualites\/#website\"},\"primaryImageOfPage\":{\"@id\":\"https:\/\/www.les-energies-renouvelables.eu\/article\/actualites\/energies\/data-centers-et-energies-renouvelables-pourquoi-lelectricite-va-decider-ou-construire-439\/#primaryimage\"},\"image\":{\"@id\":\"https:\/\/www.les-energies-renouvelables.eu\/article\/actualites\/energies\/data-centers-et-energies-renouvelables-pourquoi-lelectricite-va-decider-ou-construire-439\/#primaryimage\"},\"thumbnailUrl\":\"https:\/\/www.les-energies-renouvelables.eu\/article\/actualites\/wp-content\/uploads\/2026\/03\/actualites-data-centers-et-energies-renouvelables-pourquoi-lelectricite-va-decider-ou-construire-raccordement-electrique-data-centers.jpg\",\"datePublished\":\"2026-03-11T07:00:00+00:00\",\"description\":\"Pourquoi la capacit\u00e9 du r\u00e9seau \u00e9lectrique d\u00e9cide-t-elle de l'emplacement des futurs data centers ? D\u00e9couvrez comment la cartographie et la co-localisation avec les \u00e9nergies renouvelables transforment la planification \u00e9nerg\u00e9tique.\",\"breadcrumb\":{\"@id\":\"https:\/\/www.les-energies-renouvelables.eu\/article\/actualites\/energies\/data-centers-et-energies-renouvelables-pourquoi-lelectricite-va-decider-ou-construire-439\/#breadcrumb\"},\"inLanguage\":\"fr-FR\",\"potentialAction\":[{\"@type\":\"ReadAction\",\"target\":[\"https:\/\/www.les-energies-renouvelables.eu\/article\/actualites\/energies\/data-centers-et-energies-renouvelables-pourquoi-lelectricite-va-decider-ou-construire-439\/\"]}]},{\"@type\":\"ImageObject\",\"inLanguage\":\"fr-FR\",\"@id\":\"https:\/\/www.les-energies-renouvelables.eu\/article\/actualites\/energies\/data-centers-et-energies-renouvelables-pourquoi-lelectricite-va-decider-ou-construire-439\/#primaryimage\",\"url\":\"https:\/\/www.les-energies-renouvelables.eu\/article\/actualites\/wp-content\/uploads\/2026\/03\/actualites-data-centers-et-energies-renouvelables-pourquoi-lelectricite-va-decider-ou-construire-raccordement-electrique-data-centers.jpg\",\"contentUrl\":\"https:\/\/www.les-energies-renouvelables.eu\/article\/actualites\/wp-content\/uploads\/2026\/03\/actualites-data-centers-et-energies-renouvelables-pourquoi-lelectricite-va-decider-ou-construire-raccordement-electrique-data-centers.jpg\",\"width\":1200,\"height\":675,\"caption\":\"Dall-E\"},{\"@type\":\"BreadcrumbList\",\"@id\":\"https:\/\/www.les-energies-renouvelables.eu\/article\/actualites\/energies\/data-centers-et-energies-renouvelables-pourquoi-lelectricite-va-decider-ou-construire-439\/#breadcrumb\",\"itemListElement\":[{\"@type\":\"ListItem\",\"position\":1,\"name\":\"Accueil\",\"item\":\"https:\/\/www.les-energies-renouvelables.eu\/article\/actualites\/\"},{\"@type\":\"ListItem\",\"position\":2,\"name\":\"Data centers et \u00e9nergies renouvelables : pourquoi l\u2019\u00e9lectricit\u00e9 va d\u00e9cider o\u00f9 construire\"}]},{\"@type\":\"WebSite\",\"@id\":\"https:\/\/www.les-energies-renouvelables.eu\/article\/actualites\/#website\",\"url\":\"https:\/\/www.les-energies-renouvelables.eu\/article\/actualites\/\",\"name\":\"ECOinfos Energies renouvelables\",\"description\":\"Le d\u00e9cryptage quotidien du secteur des \u00e9nergies renouvelables\",\"publisher\":{\"@id\":\"https:\/\/www.les-energies-renouvelables.eu\/article\/actualites\/#organization\"},\"potentialAction\":[{\"@type\":\"SearchAction\",\"target\":{\"@type\":\"EntryPoint\",\"urlTemplate\":\"https:\/\/www.les-energies-renouvelables.eu\/article\/actualites\/?s={search_term_string}\"},\"query-input\":{\"@type\":\"PropertyValueSpecification\",\"valueRequired\":true,\"valueName\":\"search_term_string\"}}],\"inLanguage\":\"fr-FR\"},{\"@type\":\"Organization\",\"@id\":\"https:\/\/www.les-energies-renouvelables.eu\/article\/actualites\/#organization\",\"name\":\"ECOinfos Energies renouvelables\",\"url\":\"https:\/\/www.les-energies-renouvelables.eu\/article\/actualites\/\",\"logo\":{\"@type\":\"ImageObject\",\"inLanguage\":\"fr-FR\",\"@id\":\"https:\/\/www.les-energies-renouvelables.eu\/article\/actualites\/#\/schema\/logo\/image\/\",\"url\":\"https:\/\/www.les-energies-renouvelables.eu\/article\/actualites\/wp-content\/uploads\/2025\/11\/ecoinfos.eldorado-consulting.com-logo-logo.svg\",\"contentUrl\":\"https:\/\/www.les-energies-renouvelables.eu\/article\/actualites\/wp-content\/uploads\/2025\/11\/ecoinfos.eldorado-consulting.com-logo-logo.svg\",\"caption\":\"ECOinfos Energies renouvelables\"},\"image\":{\"@id\":\"https:\/\/www.les-energies-renouvelables.eu\/article\/actualites\/#\/schema\/logo\/image\/\"},\"sameAs\":[\"https:\/\/www.facebook.com\/ecoannuaire.energierenouvelable\/\",\"https:\/\/x.com\/ECOinfosENR\",\"https:\/\/www.linkedin.com\/company\/ecoinfos-energies-renouvelables\/\",\"https:\/\/www.youtube.com\/@ecoinfosenergies\",\"https:\/\/share.google\/dyKHJPxAV42WhhjbM\"]},{\"@type\":\"Person\",\"@id\":\"https:\/\/www.les-energies-renouvelables.eu\/article\/actualites\/#\/schema\/person\/2c7d09eb5ca339c12ca8d86145440169\",\"name\":\"Alexia JACQUARD\",\"pronouns\":\"elle\/elle\",\"image\":{\"@type\":\"ImageObject\",\"inLanguage\":\"fr-FR\",\"@id\":\"https:\/\/www.les-energies-renouvelables.eu\/article\/actualites\/#\/schema\/person\/image\/\",\"url\":\"https:\/\/www.les-energies-renouvelables.eu\/article\/actualites\/wp-content\/uploads\/2026\/01\/actualites-alexia-jacquard-alexia-jacquard-160x160.jpg\",\"contentUrl\":\"https:\/\/www.les-energies-renouvelables.eu\/article\/actualites\/wp-content\/uploads\/2026\/01\/actualites-alexia-jacquard-alexia-jacquard-160x160.jpg\",\"caption\":\"Alexia JACQUARD\"},\"description\":\"Curieuse de nature et attentif aux enjeux du d\u00e9veloppement durable, Alexia Jacquard suit l'actualit\u00e9 des \u00e9nergies renouvelables pour partager les derni\u00e8res nouveaut\u00e9s du secteur. Elle s'attache \u00e0 retranscrire simplement les informations cl\u00e9s et les initiatives positives qui marquent la transition \u00e9nerg\u00e9tique. Son objectif : proposer des articles d'actualit\u00e9 clairs et accessibles pour tous ceux qui s'int\u00e9ressent \u00e0 l'avenir de notre \u00e9nergie.\",\"sameAs\":[\"https:\/\/alexia-jacquard.fr\",\"https:\/\/www.facebook.com\/tictacf2c\/\",\"https:\/\/www.instagram.com\/alexia_redac\/\",\"https:\/\/www.linkedin.com\/in\/alexia-jacquard-449a4b289\/\",\"https:\/\/fr.pinterest.com\/alexiajacquard\/\",\"https:\/\/x.com\/alexiajcrd\",\"https:\/\/www.youtube.com\/@Thepaindemie\",\"https:\/\/muckrack.com\/alexia-jacquard\"],\"url\":\"https:\/\/www.les-energies-renouvelables.eu\/article\/actualites\/author\/alexia-jacquard\/\"}]}<\/script>\n<!-- \/ Yoast SEO plugin. -->","yoast_head_json":{"title":"Data centers et \u00e9nergies renouvelables : pourquoi l\u2019\u00e9lectricit\u00e9 va d\u00e9cider o\u00f9 construire - ECOinfos","description":"Pourquoi la capacit\u00e9 du r\u00e9seau \u00e9lectrique d\u00e9cide-t-elle de l'emplacement des futurs data centers ? D\u00e9couvrez comment la cartographie et la co-localisation avec les \u00e9nergies renouvelables transforment la planification \u00e9nerg\u00e9tique.","robots":{"index":"index","follow":"follow","max-snippet":"max-snippet:-1","max-image-preview":"max-image-preview:large","max-video-preview":"max-video-preview:-1"},"canonical":"https:\/\/www.les-energies-renouvelables.eu\/article\/actualites\/energies\/data-centers-et-energies-renouvelables-pourquoi-lelectricite-va-decider-ou-construire-439\/","og_locale":"fr_FR","og_type":"article","og_title":"Data centers et \u00e9nergies renouvelables : pourquoi l\u2019\u00e9lectricit\u00e9 va d\u00e9cider o\u00f9 construire - ECOinfos","og_description":"Pourquoi la capacit\u00e9 du r\u00e9seau \u00e9lectrique d\u00e9cide-t-elle de l'emplacement des futurs data centers ? D\u00e9couvrez comment la cartographie et la co-localisation avec les \u00e9nergies renouvelables transforment la planification \u00e9nerg\u00e9tique.","og_url":"https:\/\/www.les-energies-renouvelables.eu\/article\/actualites\/energies\/data-centers-et-energies-renouvelables-pourquoi-lelectricite-va-decider-ou-construire-439\/","og_site_name":"ECOinfos Energies renouvelables","article_publisher":"https:\/\/www.facebook.com\/ecoannuaire.energierenouvelable\/","article_author":"https:\/\/www.facebook.com\/tictacf2c\/","article_published_time":"2026-03-11T07:00:00+00:00","og_image":[{"width":1200,"height":675,"url":"https:\/\/www.les-energies-renouvelables.eu\/article\/actualites\/wp-content\/uploads\/2026\/03\/actualites-data-centers-et-energies-renouvelables-pourquoi-lelectricite-va-decider-ou-construire-raccordement-electrique-data-centers.jpg","type":"image\/jpeg"}],"author":"Alexia JACQUARD","twitter_card":"summary_large_image","twitter_creator":"@alexiajcrd","twitter_site":"@ECOinfosENR","twitter_misc":{"\u00c9crit par":"Alexia JACQUARD","Dur\u00e9e de lecture estim\u00e9e":"4 minutes"},"schema":{"@context":"https:\/\/schema.org","@graph":[{"@type":"Article","@id":"https:\/\/www.les-energies-renouvelables.eu\/article\/actualites\/energies\/data-centers-et-energies-renouvelables-pourquoi-lelectricite-va-decider-ou-construire-439\/#article","isPartOf":{"@id":"https:\/\/www.les-energies-renouvelables.eu\/article\/actualites\/energies\/data-centers-et-energies-renouvelables-pourquoi-lelectricite-va-decider-ou-construire-439\/"},"author":{"name":"Alexia JACQUARD","@id":"https:\/\/www.les-energies-renouvelables.eu\/article\/actualites\/#\/schema\/person\/2c7d09eb5ca339c12ca8d86145440169"},"headline":"Data centers et \u00e9nergies renouvelables : pourquoi l\u2019\u00e9lectricit\u00e9 va d\u00e9cider o\u00f9 construire","datePublished":"2026-03-11T07:00:00+00:00","mainEntityOfPage":{"@id":"https:\/\/www.les-energies-renouvelables.eu\/article\/actualites\/energies\/data-centers-et-energies-renouvelables-pourquoi-lelectricite-va-decider-ou-construire-439\/"},"wordCount":744,"publisher":{"@id":"https:\/\/www.les-energies-renouvelables.eu\/article\/actualites\/#organization"},"image":{"@id":"https:\/\/www.les-energies-renouvelables.eu\/article\/actualites\/energies\/data-centers-et-energies-renouvelables-pourquoi-lelectricite-va-decider-ou-construire-439\/#primaryimage"},"thumbnailUrl":"https:\/\/www.les-energies-renouvelables.eu\/article\/actualites\/wp-content\/uploads\/2026\/03\/actualites-data-centers-et-energies-renouvelables-pourquoi-lelectricite-va-decider-ou-construire-raccordement-electrique-data-centers.jpg","articleSection":["\u00c9nergies"],"inLanguage":"fr-FR"},{"@type":"WebPage","@id":"https:\/\/www.les-energies-renouvelables.eu\/article\/actualites\/energies\/data-centers-et-energies-renouvelables-pourquoi-lelectricite-va-decider-ou-construire-439\/","url":"https:\/\/www.les-energies-renouvelables.eu\/article\/actualites\/energies\/data-centers-et-energies-renouvelables-pourquoi-lelectricite-va-decider-ou-construire-439\/","name":"Data centers et \u00e9nergies renouvelables : pourquoi l\u2019\u00e9lectricit\u00e9 va d\u00e9cider o\u00f9 construire - ECOinfos","isPartOf":{"@id":"https:\/\/www.les-energies-renouvelables.eu\/article\/actualites\/#website"},"primaryImageOfPage":{"@id":"https:\/\/www.les-energies-renouvelables.eu\/article\/actualites\/energies\/data-centers-et-energies-renouvelables-pourquoi-lelectricite-va-decider-ou-construire-439\/#primaryimage"},"image":{"@id":"https:\/\/www.les-energies-renouvelables.eu\/article\/actualites\/energies\/data-centers-et-energies-renouvelables-pourquoi-lelectricite-va-decider-ou-construire-439\/#primaryimage"},"thumbnailUrl":"https:\/\/www.les-energies-renouvelables.eu\/article\/actualites\/wp-content\/uploads\/2026\/03\/actualites-data-centers-et-energies-renouvelables-pourquoi-lelectricite-va-decider-ou-construire-raccordement-electrique-data-centers.jpg","datePublished":"2026-03-11T07:00:00+00:00","description":"Pourquoi la capacit\u00e9 du r\u00e9seau \u00e9lectrique d\u00e9cide-t-elle de l'emplacement des futurs data centers ? D\u00e9couvrez comment la cartographie et la co-localisation avec les \u00e9nergies renouvelables transforment la planification \u00e9nerg\u00e9tique.","breadcrumb":{"@id":"https:\/\/www.les-energies-renouvelables.eu\/article\/actualites\/energies\/data-centers-et-energies-renouvelables-pourquoi-lelectricite-va-decider-ou-construire-439\/#breadcrumb"},"inLanguage":"fr-FR","potentialAction":[{"@type":"ReadAction","target":["https:\/\/www.les-energies-renouvelables.eu\/article\/actualites\/energies\/data-centers-et-energies-renouvelables-pourquoi-lelectricite-va-decider-ou-construire-439\/"]}]},{"@type":"ImageObject","inLanguage":"fr-FR","@id":"https:\/\/www.les-energies-renouvelables.eu\/article\/actualites\/energies\/data-centers-et-energies-renouvelables-pourquoi-lelectricite-va-decider-ou-construire-439\/#primaryimage","url":"https:\/\/www.les-energies-renouvelables.eu\/article\/actualites\/wp-content\/uploads\/2026\/03\/actualites-data-centers-et-energies-renouvelables-pourquoi-lelectricite-va-decider-ou-construire-raccordement-electrique-data-centers.jpg","contentUrl":"https:\/\/www.les-energies-renouvelables.eu\/article\/actualites\/wp-content\/uploads\/2026\/03\/actualites-data-centers-et-energies-renouvelables-pourquoi-lelectricite-va-decider-ou-construire-raccordement-electrique-data-centers.jpg","width":1200,"height":675,"caption":"Dall-E"},{"@type":"BreadcrumbList","@id":"https:\/\/www.les-energies-renouvelables.eu\/article\/actualites\/energies\/data-centers-et-energies-renouvelables-pourquoi-lelectricite-va-decider-ou-construire-439\/#breadcrumb","itemListElement":[{"@type":"ListItem","position":1,"name":"Accueil","item":"https:\/\/www.les-energies-renouvelables.eu\/article\/actualites\/"},{"@type":"ListItem","position":2,"name":"Data centers et \u00e9nergies renouvelables : pourquoi l\u2019\u00e9lectricit\u00e9 va d\u00e9cider o\u00f9 construire"}]},{"@type":"WebSite","@id":"https:\/\/www.les-energies-renouvelables.eu\/article\/actualites\/#website","url":"https:\/\/www.les-energies-renouvelables.eu\/article\/actualites\/","name":"ECOinfos Energies renouvelables","description":"Le d\u00e9cryptage quotidien du secteur des \u00e9nergies renouvelables","publisher":{"@id":"https:\/\/www.les-energies-renouvelables.eu\/article\/actualites\/#organization"},"potentialAction":[{"@type":"SearchAction","target":{"@type":"EntryPoint","urlTemplate":"https:\/\/www.les-energies-renouvelables.eu\/article\/actualites\/?s={search_term_string}"},"query-input":{"@type":"PropertyValueSpecification","valueRequired":true,"valueName":"search_term_string"}}],"inLanguage":"fr-FR"},{"@type":"Organization","@id":"https:\/\/www.les-energies-renouvelables.eu\/article\/actualites\/#organization","name":"ECOinfos Energies renouvelables","url":"https:\/\/www.les-energies-renouvelables.eu\/article\/actualites\/","logo":{"@type":"ImageObject","inLanguage":"fr-FR","@id":"https:\/\/www.les-energies-renouvelables.eu\/article\/actualites\/#\/schema\/logo\/image\/","url":"https:\/\/www.les-energies-renouvelables.eu\/article\/actualites\/wp-content\/uploads\/2025\/11\/ecoinfos.eldorado-consulting.com-logo-logo.svg","contentUrl":"https:\/\/www.les-energies-renouvelables.eu\/article\/actualites\/wp-content\/uploads\/2025\/11\/ecoinfos.eldorado-consulting.com-logo-logo.svg","caption":"ECOinfos Energies renouvelables"},"image":{"@id":"https:\/\/www.les-energies-renouvelables.eu\/article\/actualites\/#\/schema\/logo\/image\/"},"sameAs":["https:\/\/www.facebook.com\/ecoannuaire.energierenouvelable\/","https:\/\/x.com\/ECOinfosENR","https:\/\/www.linkedin.com\/company\/ecoinfos-energies-renouvelables\/","https:\/\/www.youtube.com\/@ecoinfosenergies","https:\/\/share.google\/dyKHJPxAV42WhhjbM"]},{"@type":"Person","@id":"https:\/\/www.les-energies-renouvelables.eu\/article\/actualites\/#\/schema\/person\/2c7d09eb5ca339c12ca8d86145440169","name":"Alexia JACQUARD","pronouns":"elle\/elle","image":{"@type":"ImageObject","inLanguage":"fr-FR","@id":"https:\/\/www.les-energies-renouvelables.eu\/article\/actualites\/#\/schema\/person\/image\/","url":"https:\/\/www.les-energies-renouvelables.eu\/article\/actualites\/wp-content\/uploads\/2026\/01\/actualites-alexia-jacquard-alexia-jacquard-160x160.jpg","contentUrl":"https:\/\/www.les-energies-renouvelables.eu\/article\/actualites\/wp-content\/uploads\/2026\/01\/actualites-alexia-jacquard-alexia-jacquard-160x160.jpg","caption":"Alexia JACQUARD"},"description":"Curieuse de nature et attentif aux enjeux du d\u00e9veloppement durable, Alexia Jacquard suit l'actualit\u00e9 des \u00e9nergies renouvelables pour partager les derni\u00e8res nouveaut\u00e9s du secteur. Elle s'attache \u00e0 retranscrire simplement les informations cl\u00e9s et les initiatives positives qui marquent la transition \u00e9nerg\u00e9tique. Son objectif : proposer des articles d'actualit\u00e9 clairs et accessibles pour tous ceux qui s'int\u00e9ressent \u00e0 l'avenir de notre \u00e9nergie.","sameAs":["https:\/\/alexia-jacquard.fr","https:\/\/www.facebook.com\/tictacf2c\/","https:\/\/www.instagram.com\/alexia_redac\/","https:\/\/www.linkedin.com\/in\/alexia-jacquard-449a4b289\/","https:\/\/fr.pinterest.com\/alexiajacquard\/","https:\/\/x.com\/alexiajcrd","https:\/\/www.youtube.com\/@Thepaindemie","https:\/\/muckrack.com\/alexia-jacquard"],"url":"https:\/\/www.les-energies-renouvelables.eu\/article\/actualites\/author\/alexia-jacquard\/"}]}},"_links":{"self":[{"href":"https:\/\/www.les-energies-renouvelables.eu\/article\/actualites\/wp-json\/wp\/v2\/posts\/439","targetHints":{"allow":["GET"]}}],"collection":[{"href":"https:\/\/www.les-energies-renouvelables.eu\/article\/actualites\/wp-json\/wp\/v2\/posts"}],"about":[{"href":"https:\/\/www.les-energies-renouvelables.eu\/article\/actualites\/wp-json\/wp\/v2\/types\/post"}],"author":[{"embeddable":true,"href":"https:\/\/www.les-energies-renouvelables.eu\/article\/actualites\/wp-json\/wp\/v2\/users\/2"}],"replies":[{"embeddable":true,"href":"https:\/\/www.les-energies-renouvelables.eu\/article\/actualites\/wp-json\/wp\/v2\/comments?post=439"}],"version-history":[{"count":1,"href":"https:\/\/www.les-energies-renouvelables.eu\/article\/actualites\/wp-json\/wp\/v2\/posts\/439\/revisions"}],"predecessor-version":[{"id":440,"href":"https:\/\/www.les-energies-renouvelables.eu\/article\/actualites\/wp-json\/wp\/v2\/posts\/439\/revisions\/440"}],"wp:featuredmedia":[{"embeddable":true,"href":"https:\/\/www.les-energies-renouvelables.eu\/article\/actualites\/wp-json\/wp\/v2\/media\/441"}],"wp:attachment":[{"href":"https:\/\/www.les-energies-renouvelables.eu\/article\/actualites\/wp-json\/wp\/v2\/media?parent=439"}],"wp:term":[{"taxonomy":"category","embeddable":true,"href":"https:\/\/www.les-energies-renouvelables.eu\/article\/actualites\/wp-json\/wp\/v2\/categories?post=439"},{"taxonomy":"post_tag","embeddable":true,"href":"https:\/\/www.les-energies-renouvelables.eu\/article\/actualites\/wp-json\/wp\/v2\/tags?post=439"}],"curies":[{"name":"wp","href":"https:\/\/api.w.org\/{rel}","templated":true}]}}