{"id":427,"date":"2026-03-08T10:00:00","date_gmt":"2026-03-08T09:00:00","guid":{"rendered":"https:\/\/www.les-energies-renouvelables.eu\/article\/actualites\/?p=427"},"modified":"2026-03-08T18:32:28","modified_gmt":"2026-03-08T17:32:28","slug":"transition-energetique-a-villetaneuse-mise-en-service-dune-nouvelle-centrale-geothermale","status":"publish","type":"post","link":"https:\/\/www.les-energies-renouvelables.eu\/article\/actualites\/energies\/transition-energetique-a-villetaneuse-mise-en-service-dune-nouvelle-centrale-geothermale-427\/","title":{"rendered":"Transition \u00e9nerg\u00e9tique \u00e0 Villetaneuse : mise en service d\u2019une nouvelle centrale g\u00e9othermale"},"content":{"rendered":"\n<p>R\u00e9sum\u00e9 :&nbsp;<\/p>\n\n\n\n<ul class=\"wp-block-list\">\n<li><strong>Ressource :<\/strong> Eau de l&rsquo;<strong>aquif\u00e8re du Dogger<\/strong> puis\u00e9e \u00e0 1 800 m de profondeur (temp\u00e9rature de <strong>70\u00b0C<\/strong>).<\/li>\n\n\n\n<li><strong>Infrastructure :<\/strong> Un r\u00e9seau de <strong>18,5 km<\/strong> desservant Villetaneuse, \u00c9pinay-sur-Seine et Pierrefitte-sur-Seine via <strong>70 sous-stations<\/strong>.<\/li>\n\n\n\n<li><strong>Financement :<\/strong> Investissement de <strong>63,5 millions d&rsquo;euros<\/strong>, dont 26,7 millions de subventions de l&rsquo;Ademe (Fonds Chaleur) et de la R\u00e9gion \u00cele-de-France.<\/li>\n\n\n\n<li><strong>Impact environnemental :<\/strong> Une r\u00e9duction des \u00e9missions de CO2 estim\u00e9e \u00e0 <strong>9 000 tonnes par an<\/strong> par le ma\u00eetre d&rsquo;ouvrage.<\/li>\n<\/ul>\n\n\n\n<p>L&rsquo;exploitation des ressources du sous-sol constitue l&rsquo;un des piliers des strat\u00e9gies de d\u00e9carbonation en \u00cele-de-France. La formation g\u00e9ologique du <strong>Dogger<\/strong>, situ\u00e9e entre 1 500 et 2 000 m\u00e8tres sous le bassin parisien, est le principal aquif\u00e8re exploit\u00e9 pour le <strong>chauffage urbain<\/strong>. Cette strate calcaire contient une eau dont la temp\u00e9rature oscille g\u00e9n\u00e9ralement entre 57\u00b0C et 85\u00b0C.<\/p>\n\n\n\n<p>Le <strong>Smirec<\/strong> (Syndicat mixte des R\u00e9seaux d\u2019\u00c9nergie calorifique), deuxi\u00e8me r\u00e9seau de chaleur de la r\u00e9gion, inscrit cette nouvelle centrale dans la strat\u00e9gie d\u00e9finie par <strong>Plaine Commune<\/strong> au sein de son Plan Climat Air \u00c9nergie Territorial. Si l&rsquo;exploitation du Dogger a connu des phases de ralentissement par le pass\u00e9 en raison de contraintes techniques li\u00e9es \u00e0 la corrosion, les programmes de relance initi\u00e9s en 2008 ont permis de consolider cette fili\u00e8re. Le Smirec indique qu&rsquo;en l&rsquo;espace de quinze ans, la part des <strong>\u00e9nergies renouvelables (EnR)<\/strong> dans son mix \u00e9nerg\u00e9tique global est pass\u00e9e de 2 % \u00e0 65 %.<\/p>\n\n\n\n<h2 class=\"wp-block-heading\">Fonctionnement technique : l&rsquo;extraction des calories du sous-sol<\/h2>\n\n\n\n<p>La centrale de Villetaneuse, implant\u00e9e entre l\u2019Universit\u00e9 Paris Nord Sorbonne et la rue Pablo Neruda, utilise la technique du <strong>doublet g\u00e9othermique<\/strong>. Ce dispositif repose sur deux forages distincts : un <strong>puits de production<\/strong> extrait l&rsquo;eau chaude de la nappe, tandis qu&rsquo;un <strong>puits de r\u00e9injection<\/strong> la renvoie dans le r\u00e9servoir apr\u00e8s l&rsquo;extraction de sa chaleur. Cette r\u00e9injection est indispensable car l&rsquo;eau du Dogger pr\u00e9sente une forte min\u00e9ralisation, ce qui interdit tout rejet en surface.<\/p>\n\n\n\n<p>Le transfert d&rsquo;\u00e9nergie s\u2019effectue via un <strong>\u00e9changeur thermique<\/strong> : les calories de l\u2019eau g\u00e9othermale sont r\u00e9cup\u00e9r\u00e9es pour chauffer l\u2019eau du r\u00e9seau urbain, sans contact direct entre les deux fluides. Cette chaleur est ensuite achemin\u00e9e vers 70 sous-stations situ\u00e9es au pied des immeubles pour assurer le <strong>chauffage<\/strong> et la production d&rsquo;<strong>eau chaude sanitaire<\/strong>.<\/p>\n\n\n\n<p>La centrale produit annuellement environ <strong>55 000 MWh<\/strong>. Pour garantir la continuit\u00e9 de l&rsquo;approvisionnement lors des p\u00e9riodes de grand froid, une chaufferie au gaz d&rsquo;appoint compl\u00e8te le dispositif, bien que la g\u00e9othermie assure, selon les donn\u00e9es du projet, plus de 67 % de la production de chaleur.<\/p>\n\n\n\n<h2 class=\"wp-block-heading\">Un r\u00e9seau \u00e9tendu entre Villetaneuse, \u00c9pinay et Pierrefitte<\/h2>\n\n\n\n<p>Le d\u00e9veloppement de ce r\u00e9seau de 18,5 kilom\u00e8tres est le r\u00e9sultat d&rsquo;une collaboration entre les villes de <strong>Villetaneuse<\/strong>, <strong>\u00c9pinay-sur-Seine<\/strong> et la commune d\u00e9l\u00e9gu\u00e9e de <strong>Pierrefitte-sur-Seine<\/strong>. Le projet vise \u00e0 raccorder environ <strong>10 000 \u00e9quivalents-logements<\/strong>, incluant des parcs de bailleurs sociaux, des copropri\u00e9t\u00e9s ainsi que des \u00e9quipements publics tels que l&rsquo;Universit\u00e9 de Villetaneuse.<\/p>\n\n\n\n<p>L&rsquo;inauguration de l&rsquo;infrastructure a r\u00e9uni de nombreux officiels, dont Julien Charles, pr\u00e9fet de la Seine-Saint-Denis, Val\u00e9rie P\u00e9cresse, pr\u00e9sidente de la R\u00e9gion \u00cele-de-France, et Mathieu Hanotin, pr\u00e9sident de Plaine Commune. Pour les collectivit\u00e9s engag\u00e9es, l&rsquo;enjeu est de permettre le raccordement progressif de b\u00e2timents actuellement chauff\u00e9s au fioul ou au gaz, afin d&rsquo;int\u00e9grer ces usagers dans un syst\u00e8me de chauffage plus durable.<\/p>\n\n\n\n<h2 class=\"wp-block-heading\">Le mod\u00e8le de gestion publique et la ma\u00eetrise des co\u00fbts<\/h2>\n\n\n\n<p>Le Smirec a fait le choix d&rsquo;une <strong>r\u00e9gie publique int\u00e9grale<\/strong> pour la gestion de ce nouveau r\u00e9seau. Selon le syndicat et les \u00e9lus locaux, cette gouvernance permet de renforcer la ma\u00eetrise territoriale de l&rsquo;\u00e9nergie. L&rsquo;objectif de cette structure publique est de prot\u00e9ger les abonn\u00e9s de la <strong>volatilit\u00e9 des prix des combustibles fossiles<\/strong> en s&rsquo;appuyant sur une ressource locale dont les co\u00fbts d&rsquo;exploitation sont stables.<\/p>\n\n\n\n<p>En limitant la d\u00e9pendance aux march\u00e9s \u00e9nerg\u00e9tiques mondiaux, le r\u00e9seau cherche \u00e0 offrir une trajectoire tarifaire pr\u00e9visible. Cette stabilit\u00e9 constitue un argument central pour les <strong>bailleurs sociaux<\/strong> et les gestionnaires d&rsquo;\u00e9quipements publics du territoire. Le Smirec affiche par ailleurs l&rsquo;ambition d&rsquo;atteindre 75 % d&rsquo;\u00e9nergies renouvelables et de r\u00e9cup\u00e9ration sur l&rsquo;ensemble de ses r\u00e9seaux d&rsquo;ici l&rsquo;horizon 2050.<\/p>\n\n\n\n<h2 class=\"wp-block-heading\">Un investissement soutenu par les partenaires institutionnels<\/h2>\n\n\n\n<p>La r\u00e9alisation de cette centrale, repr\u00e9sentant un investissement total de <strong>63,5 millions d&rsquo;euros<\/strong>, a b\u00e9n\u00e9fici\u00e9 d&rsquo;un soutien financier important. Les subventions de l&rsquo;<strong>Ademe<\/strong>, via le <strong>Fonds Chaleur<\/strong>, et de la <strong>R\u00e9gion \u00cele-de-France<\/strong> s&rsquo;\u00e9l\u00e8vent \u00e0 26,7 millions d&rsquo;euros.<\/p>\n\n\n\n<p>Ce projet s&rsquo;inscrit dans une dynamique r\u00e9gionale o\u00f9 la <strong>g\u00e9othermie profonde<\/strong> s&rsquo;impose comme un levier majeur de la transition \u00e9nerg\u00e9tique territoriale. Pour la Seine-Saint-Denis, cette mise en service constitue une r\u00e9ponse concr\u00e8te aux objectifs de r\u00e9duction de l&#8217;empreinte carbone du chauffage urbain tout en p\u00e9rennisant un mod\u00e8le de production d&rsquo;\u00e9nergie ancr\u00e9 localement.<\/p>\n\n\n\n<p><strong>Note sur les sources :<\/strong> <em>Les donn\u00e9es techniques (profondeur de 1 800 m, r\u00e9seau de 18,5 km et raccordement de 10 000 \u00e9quivalents-logements) sont conformes aux d\u00e9clarations officielles d&rsquo;inauguration de d\u00e9cembre 2025. Des \u00e9carts mineurs ont pu \u00eatre relev\u00e9s dans certaines publications techniques ant\u00e9rieures.<\/em><\/p>\n","protected":false},"excerpt":{"rendered":"","protected":false},"author":2,"featured_media":429,"comment_status":"closed","ping_status":"closed","sticky":false,"template":"","format":"standard","meta":{"footnotes":""},"categories":[1],"tags":[],"class_list":["post-427","post","type-post","status-publish","format-standard","has-post-thumbnail","hentry","category-energies","masonry-post","generate-columns","tablet-grid-50","mobile-grid-100","grid-parent","grid-33"],"yoast_head":"<!-- This site is optimized with the Yoast SEO plugin v26.6 - https:\/\/yoast.com\/wordpress\/plugins\/seo\/ -->\n<title>Transition \u00e9nerg\u00e9tique \u00e0 Villetaneuse : mise en service d\u2019une nouvelle centrale g\u00e9othermale - ECOinfos<\/title>\n<meta name=\"description\" content=\"D\u00e9couvrez la nouvelle centrale g\u00e9othermale de Villetaneuse. Un r\u00e9seau de 18,5 km aliment\u00e9 par la nappe du Dogger pour chauffer durablement la Seine-Saint-Denis.\" \/>\n<meta name=\"robots\" content=\"index, follow, max-snippet:-1, max-image-preview:large, max-video-preview:-1\" \/>\n<link rel=\"canonical\" href=\"https:\/\/www.les-energies-renouvelables.eu\/article\/actualites\/energies\/transition-energetique-a-villetaneuse-mise-en-service-dune-nouvelle-centrale-geothermale-427\/\" \/>\n<meta property=\"og:locale\" content=\"fr_FR\" \/>\n<meta property=\"og:type\" content=\"article\" \/>\n<meta property=\"og:title\" content=\"Transition \u00e9nerg\u00e9tique \u00e0 Villetaneuse : mise en service d\u2019une nouvelle centrale g\u00e9othermale - ECOinfos\" \/>\n<meta property=\"og:description\" content=\"D\u00e9couvrez la nouvelle centrale g\u00e9othermale de Villetaneuse. Un r\u00e9seau de 18,5 km aliment\u00e9 par la nappe du Dogger pour chauffer durablement la Seine-Saint-Denis.\" \/>\n<meta property=\"og:url\" content=\"https:\/\/www.les-energies-renouvelables.eu\/article\/actualites\/energies\/transition-energetique-a-villetaneuse-mise-en-service-dune-nouvelle-centrale-geothermale-427\/\" \/>\n<meta property=\"og:site_name\" content=\"ECOinfos Energies renouvelables\" \/>\n<meta property=\"article:publisher\" content=\"https:\/\/www.facebook.com\/ecoannuaire.energierenouvelable\/\" \/>\n<meta property=\"article:author\" content=\"https:\/\/www.facebook.com\/tictacf2c\/\" \/>\n<meta property=\"article:published_time\" content=\"2026-03-08T09:00:00+00:00\" \/>\n<meta property=\"article:modified_time\" content=\"2026-03-08T17:32:28+00:00\" \/>\n<meta property=\"og:image\" content=\"https:\/\/www.les-energies-renouvelables.eu\/article\/actualites\/wp-content\/uploads\/2026\/03\/actualites-transition-energetique-a-villetaneuse-mise-en-service-dune-nouvelle-centrale-geothermale-geothermie-profonde-villetaneuse.jpg\" \/>\n\t<meta property=\"og:image:width\" content=\"1200\" \/>\n\t<meta property=\"og:image:height\" content=\"675\" \/>\n\t<meta property=\"og:image:type\" content=\"image\/jpeg\" \/>\n<meta name=\"author\" content=\"Alexia JACQUARD\" \/>\n<meta name=\"twitter:card\" content=\"summary_large_image\" \/>\n<meta name=\"twitter:creator\" content=\"@alexiajcrd\" \/>\n<meta name=\"twitter:site\" content=\"@ECOinfosENR\" \/>\n<meta name=\"twitter:label1\" content=\"\u00c9crit par\" \/>\n\t<meta name=\"twitter:data1\" content=\"Alexia JACQUARD\" \/>\n\t<meta name=\"twitter:label2\" content=\"Dur\u00e9e de lecture estim\u00e9e\" \/>\n\t<meta name=\"twitter:data2\" content=\"5 minutes\" \/>\n<script type=\"application\/ld+json\" class=\"yoast-schema-graph\">{\"@context\":\"https:\/\/schema.org\",\"@graph\":[{\"@type\":\"Article\",\"@id\":\"https:\/\/www.les-energies-renouvelables.eu\/article\/actualites\/energies\/transition-energetique-a-villetaneuse-mise-en-service-dune-nouvelle-centrale-geothermale-427\/#article\",\"isPartOf\":{\"@id\":\"https:\/\/www.les-energies-renouvelables.eu\/article\/actualites\/energies\/transition-energetique-a-villetaneuse-mise-en-service-dune-nouvelle-centrale-geothermale-427\/\"},\"author\":{\"name\":\"Alexia JACQUARD\",\"@id\":\"https:\/\/www.les-energies-renouvelables.eu\/article\/actualites\/#\/schema\/person\/2c7d09eb5ca339c12ca8d86145440169\"},\"headline\":\"Transition \u00e9nerg\u00e9tique \u00e0 Villetaneuse : mise en service d\u2019une nouvelle centrale g\u00e9othermale\",\"datePublished\":\"2026-03-08T09:00:00+00:00\",\"dateModified\":\"2026-03-08T17:32:28+00:00\",\"mainEntityOfPage\":{\"@id\":\"https:\/\/www.les-energies-renouvelables.eu\/article\/actualites\/energies\/transition-energetique-a-villetaneuse-mise-en-service-dune-nouvelle-centrale-geothermale-427\/\"},\"wordCount\":920,\"publisher\":{\"@id\":\"https:\/\/www.les-energies-renouvelables.eu\/article\/actualites\/#organization\"},\"image\":{\"@id\":\"https:\/\/www.les-energies-renouvelables.eu\/article\/actualites\/energies\/transition-energetique-a-villetaneuse-mise-en-service-dune-nouvelle-centrale-geothermale-427\/#primaryimage\"},\"thumbnailUrl\":\"https:\/\/www.les-energies-renouvelables.eu\/article\/actualites\/wp-content\/uploads\/2026\/03\/actualites-transition-energetique-a-villetaneuse-mise-en-service-dune-nouvelle-centrale-geothermale-geothermie-profonde-villetaneuse.jpg\",\"articleSection\":[\"\u00c9nergies\"],\"inLanguage\":\"fr-FR\"},{\"@type\":\"WebPage\",\"@id\":\"https:\/\/www.les-energies-renouvelables.eu\/article\/actualites\/energies\/transition-energetique-a-villetaneuse-mise-en-service-dune-nouvelle-centrale-geothermale-427\/\",\"url\":\"https:\/\/www.les-energies-renouvelables.eu\/article\/actualites\/energies\/transition-energetique-a-villetaneuse-mise-en-service-dune-nouvelle-centrale-geothermale-427\/\",\"name\":\"Transition \u00e9nerg\u00e9tique \u00e0 Villetaneuse : mise en service d\u2019une nouvelle centrale g\u00e9othermale - ECOinfos\",\"isPartOf\":{\"@id\":\"https:\/\/www.les-energies-renouvelables.eu\/article\/actualites\/#website\"},\"primaryImageOfPage\":{\"@id\":\"https:\/\/www.les-energies-renouvelables.eu\/article\/actualites\/energies\/transition-energetique-a-villetaneuse-mise-en-service-dune-nouvelle-centrale-geothermale-427\/#primaryimage\"},\"image\":{\"@id\":\"https:\/\/www.les-energies-renouvelables.eu\/article\/actualites\/energies\/transition-energetique-a-villetaneuse-mise-en-service-dune-nouvelle-centrale-geothermale-427\/#primaryimage\"},\"thumbnailUrl\":\"https:\/\/www.les-energies-renouvelables.eu\/article\/actualites\/wp-content\/uploads\/2026\/03\/actualites-transition-energetique-a-villetaneuse-mise-en-service-dune-nouvelle-centrale-geothermale-geothermie-profonde-villetaneuse.jpg\",\"datePublished\":\"2026-03-08T09:00:00+00:00\",\"dateModified\":\"2026-03-08T17:32:28+00:00\",\"description\":\"D\u00e9couvrez la nouvelle centrale g\u00e9othermale de Villetaneuse. Un r\u00e9seau de 18,5 km aliment\u00e9 par la nappe du Dogger pour chauffer durablement la Seine-Saint-Denis.\",\"breadcrumb\":{\"@id\":\"https:\/\/www.les-energies-renouvelables.eu\/article\/actualites\/energies\/transition-energetique-a-villetaneuse-mise-en-service-dune-nouvelle-centrale-geothermale-427\/#breadcrumb\"},\"inLanguage\":\"fr-FR\",\"potentialAction\":[{\"@type\":\"ReadAction\",\"target\":[\"https:\/\/www.les-energies-renouvelables.eu\/article\/actualites\/energies\/transition-energetique-a-villetaneuse-mise-en-service-dune-nouvelle-centrale-geothermale-427\/\"]}]},{\"@type\":\"ImageObject\",\"inLanguage\":\"fr-FR\",\"@id\":\"https:\/\/www.les-energies-renouvelables.eu\/article\/actualites\/energies\/transition-energetique-a-villetaneuse-mise-en-service-dune-nouvelle-centrale-geothermale-427\/#primaryimage\",\"url\":\"https:\/\/www.les-energies-renouvelables.eu\/article\/actualites\/wp-content\/uploads\/2026\/03\/actualites-transition-energetique-a-villetaneuse-mise-en-service-dune-nouvelle-centrale-geothermale-geothermie-profonde-villetaneuse.jpg\",\"contentUrl\":\"https:\/\/www.les-energies-renouvelables.eu\/article\/actualites\/wp-content\/uploads\/2026\/03\/actualites-transition-energetique-a-villetaneuse-mise-en-service-dune-nouvelle-centrale-geothermale-geothermie-profonde-villetaneuse.jpg\",\"width\":1200,\"height\":675,\"caption\":\"Dall-E\"},{\"@type\":\"BreadcrumbList\",\"@id\":\"https:\/\/www.les-energies-renouvelables.eu\/article\/actualites\/energies\/transition-energetique-a-villetaneuse-mise-en-service-dune-nouvelle-centrale-geothermale-427\/#breadcrumb\",\"itemListElement\":[{\"@type\":\"ListItem\",\"position\":1,\"name\":\"Accueil\",\"item\":\"https:\/\/www.les-energies-renouvelables.eu\/article\/actualites\/\"},{\"@type\":\"ListItem\",\"position\":2,\"name\":\"Transition \u00e9nerg\u00e9tique \u00e0 Villetaneuse : mise en service d\u2019une nouvelle centrale g\u00e9othermale\"}]},{\"@type\":\"WebSite\",\"@id\":\"https:\/\/www.les-energies-renouvelables.eu\/article\/actualites\/#website\",\"url\":\"https:\/\/www.les-energies-renouvelables.eu\/article\/actualites\/\",\"name\":\"ECOinfos Energies renouvelables\",\"description\":\"Le d\u00e9cryptage quotidien du secteur des \u00e9nergies renouvelables\",\"publisher\":{\"@id\":\"https:\/\/www.les-energies-renouvelables.eu\/article\/actualites\/#organization\"},\"potentialAction\":[{\"@type\":\"SearchAction\",\"target\":{\"@type\":\"EntryPoint\",\"urlTemplate\":\"https:\/\/www.les-energies-renouvelables.eu\/article\/actualites\/?s={search_term_string}\"},\"query-input\":{\"@type\":\"PropertyValueSpecification\",\"valueRequired\":true,\"valueName\":\"search_term_string\"}}],\"inLanguage\":\"fr-FR\"},{\"@type\":\"Organization\",\"@id\":\"https:\/\/www.les-energies-renouvelables.eu\/article\/actualites\/#organization\",\"name\":\"ECOinfos Energies renouvelables\",\"url\":\"https:\/\/www.les-energies-renouvelables.eu\/article\/actualites\/\",\"logo\":{\"@type\":\"ImageObject\",\"inLanguage\":\"fr-FR\",\"@id\":\"https:\/\/www.les-energies-renouvelables.eu\/article\/actualites\/#\/schema\/logo\/image\/\",\"url\":\"https:\/\/www.les-energies-renouvelables.eu\/article\/actualites\/wp-content\/uploads\/2025\/11\/ecoinfos.eldorado-consulting.com-logo-logo.svg\",\"contentUrl\":\"https:\/\/www.les-energies-renouvelables.eu\/article\/actualites\/wp-content\/uploads\/2025\/11\/ecoinfos.eldorado-consulting.com-logo-logo.svg\",\"caption\":\"ECOinfos Energies renouvelables\"},\"image\":{\"@id\":\"https:\/\/www.les-energies-renouvelables.eu\/article\/actualites\/#\/schema\/logo\/image\/\"},\"sameAs\":[\"https:\/\/www.facebook.com\/ecoannuaire.energierenouvelable\/\",\"https:\/\/x.com\/ECOinfosENR\",\"https:\/\/www.linkedin.com\/company\/ecoinfos-energies-renouvelables\/\",\"https:\/\/www.youtube.com\/@ecoinfosenergies\",\"https:\/\/share.google\/dyKHJPxAV42WhhjbM\"]},{\"@type\":\"Person\",\"@id\":\"https:\/\/www.les-energies-renouvelables.eu\/article\/actualites\/#\/schema\/person\/2c7d09eb5ca339c12ca8d86145440169\",\"name\":\"Alexia JACQUARD\",\"pronouns\":\"elle\/elle\",\"image\":{\"@type\":\"ImageObject\",\"inLanguage\":\"fr-FR\",\"@id\":\"https:\/\/www.les-energies-renouvelables.eu\/article\/actualites\/#\/schema\/person\/image\/\",\"url\":\"https:\/\/www.les-energies-renouvelables.eu\/article\/actualites\/wp-content\/uploads\/2026\/01\/actualites-alexia-jacquard-alexia-jacquard-160x160.jpg\",\"contentUrl\":\"https:\/\/www.les-energies-renouvelables.eu\/article\/actualites\/wp-content\/uploads\/2026\/01\/actualites-alexia-jacquard-alexia-jacquard-160x160.jpg\",\"caption\":\"Alexia JACQUARD\"},\"description\":\"Curieuse de nature et attentif aux enjeux du d\u00e9veloppement durable, Alexia Jacquard suit l'actualit\u00e9 des \u00e9nergies renouvelables pour partager les derni\u00e8res nouveaut\u00e9s du secteur. Elle s'attache \u00e0 retranscrire simplement les informations cl\u00e9s et les initiatives positives qui marquent la transition \u00e9nerg\u00e9tique. Son objectif : proposer des articles d'actualit\u00e9 clairs et accessibles pour tous ceux qui s'int\u00e9ressent \u00e0 l'avenir de notre \u00e9nergie.\",\"sameAs\":[\"https:\/\/alexia-jacquard.fr\",\"https:\/\/www.facebook.com\/tictacf2c\/\",\"https:\/\/www.instagram.com\/alexia_redac\/\",\"https:\/\/www.linkedin.com\/in\/alexia-jacquard-449a4b289\/\",\"https:\/\/fr.pinterest.com\/alexiajacquard\/\",\"https:\/\/x.com\/alexiajcrd\",\"https:\/\/www.youtube.com\/@Thepaindemie\",\"https:\/\/muckrack.com\/alexia-jacquard\"],\"url\":\"https:\/\/www.les-energies-renouvelables.eu\/article\/actualites\/author\/alexia-jacquard\/\"}]}<\/script>\n<!-- \/ Yoast SEO plugin. -->","yoast_head_json":{"title":"Transition \u00e9nerg\u00e9tique \u00e0 Villetaneuse : mise en service d\u2019une nouvelle centrale g\u00e9othermale - ECOinfos","description":"D\u00e9couvrez la nouvelle centrale g\u00e9othermale de Villetaneuse. Un r\u00e9seau de 18,5 km aliment\u00e9 par la nappe du Dogger pour chauffer durablement la Seine-Saint-Denis.","robots":{"index":"index","follow":"follow","max-snippet":"max-snippet:-1","max-image-preview":"max-image-preview:large","max-video-preview":"max-video-preview:-1"},"canonical":"https:\/\/www.les-energies-renouvelables.eu\/article\/actualites\/energies\/transition-energetique-a-villetaneuse-mise-en-service-dune-nouvelle-centrale-geothermale-427\/","og_locale":"fr_FR","og_type":"article","og_title":"Transition \u00e9nerg\u00e9tique \u00e0 Villetaneuse : mise en service d\u2019une nouvelle centrale g\u00e9othermale - ECOinfos","og_description":"D\u00e9couvrez la nouvelle centrale g\u00e9othermale de Villetaneuse. Un r\u00e9seau de 18,5 km aliment\u00e9 par la nappe du Dogger pour chauffer durablement la Seine-Saint-Denis.","og_url":"https:\/\/www.les-energies-renouvelables.eu\/article\/actualites\/energies\/transition-energetique-a-villetaneuse-mise-en-service-dune-nouvelle-centrale-geothermale-427\/","og_site_name":"ECOinfos Energies renouvelables","article_publisher":"https:\/\/www.facebook.com\/ecoannuaire.energierenouvelable\/","article_author":"https:\/\/www.facebook.com\/tictacf2c\/","article_published_time":"2026-03-08T09:00:00+00:00","article_modified_time":"2026-03-08T17:32:28+00:00","og_image":[{"width":1200,"height":675,"url":"https:\/\/www.les-energies-renouvelables.eu\/article\/actualites\/wp-content\/uploads\/2026\/03\/actualites-transition-energetique-a-villetaneuse-mise-en-service-dune-nouvelle-centrale-geothermale-geothermie-profonde-villetaneuse.jpg","type":"image\/jpeg"}],"author":"Alexia JACQUARD","twitter_card":"summary_large_image","twitter_creator":"@alexiajcrd","twitter_site":"@ECOinfosENR","twitter_misc":{"\u00c9crit par":"Alexia JACQUARD","Dur\u00e9e de lecture estim\u00e9e":"5 minutes"},"schema":{"@context":"https:\/\/schema.org","@graph":[{"@type":"Article","@id":"https:\/\/www.les-energies-renouvelables.eu\/article\/actualites\/energies\/transition-energetique-a-villetaneuse-mise-en-service-dune-nouvelle-centrale-geothermale-427\/#article","isPartOf":{"@id":"https:\/\/www.les-energies-renouvelables.eu\/article\/actualites\/energies\/transition-energetique-a-villetaneuse-mise-en-service-dune-nouvelle-centrale-geothermale-427\/"},"author":{"name":"Alexia JACQUARD","@id":"https:\/\/www.les-energies-renouvelables.eu\/article\/actualites\/#\/schema\/person\/2c7d09eb5ca339c12ca8d86145440169"},"headline":"Transition \u00e9nerg\u00e9tique \u00e0 Villetaneuse : mise en service d\u2019une nouvelle centrale g\u00e9othermale","datePublished":"2026-03-08T09:00:00+00:00","dateModified":"2026-03-08T17:32:28+00:00","mainEntityOfPage":{"@id":"https:\/\/www.les-energies-renouvelables.eu\/article\/actualites\/energies\/transition-energetique-a-villetaneuse-mise-en-service-dune-nouvelle-centrale-geothermale-427\/"},"wordCount":920,"publisher":{"@id":"https:\/\/www.les-energies-renouvelables.eu\/article\/actualites\/#organization"},"image":{"@id":"https:\/\/www.les-energies-renouvelables.eu\/article\/actualites\/energies\/transition-energetique-a-villetaneuse-mise-en-service-dune-nouvelle-centrale-geothermale-427\/#primaryimage"},"thumbnailUrl":"https:\/\/www.les-energies-renouvelables.eu\/article\/actualites\/wp-content\/uploads\/2026\/03\/actualites-transition-energetique-a-villetaneuse-mise-en-service-dune-nouvelle-centrale-geothermale-geothermie-profonde-villetaneuse.jpg","articleSection":["\u00c9nergies"],"inLanguage":"fr-FR"},{"@type":"WebPage","@id":"https:\/\/www.les-energies-renouvelables.eu\/article\/actualites\/energies\/transition-energetique-a-villetaneuse-mise-en-service-dune-nouvelle-centrale-geothermale-427\/","url":"https:\/\/www.les-energies-renouvelables.eu\/article\/actualites\/energies\/transition-energetique-a-villetaneuse-mise-en-service-dune-nouvelle-centrale-geothermale-427\/","name":"Transition \u00e9nerg\u00e9tique \u00e0 Villetaneuse : mise en service d\u2019une nouvelle centrale g\u00e9othermale - ECOinfos","isPartOf":{"@id":"https:\/\/www.les-energies-renouvelables.eu\/article\/actualites\/#website"},"primaryImageOfPage":{"@id":"https:\/\/www.les-energies-renouvelables.eu\/article\/actualites\/energies\/transition-energetique-a-villetaneuse-mise-en-service-dune-nouvelle-centrale-geothermale-427\/#primaryimage"},"image":{"@id":"https:\/\/www.les-energies-renouvelables.eu\/article\/actualites\/energies\/transition-energetique-a-villetaneuse-mise-en-service-dune-nouvelle-centrale-geothermale-427\/#primaryimage"},"thumbnailUrl":"https:\/\/www.les-energies-renouvelables.eu\/article\/actualites\/wp-content\/uploads\/2026\/03\/actualites-transition-energetique-a-villetaneuse-mise-en-service-dune-nouvelle-centrale-geothermale-geothermie-profonde-villetaneuse.jpg","datePublished":"2026-03-08T09:00:00+00:00","dateModified":"2026-03-08T17:32:28+00:00","description":"D\u00e9couvrez la nouvelle centrale g\u00e9othermale de Villetaneuse. Un r\u00e9seau de 18,5 km aliment\u00e9 par la nappe du Dogger pour chauffer durablement la Seine-Saint-Denis.","breadcrumb":{"@id":"https:\/\/www.les-energies-renouvelables.eu\/article\/actualites\/energies\/transition-energetique-a-villetaneuse-mise-en-service-dune-nouvelle-centrale-geothermale-427\/#breadcrumb"},"inLanguage":"fr-FR","potentialAction":[{"@type":"ReadAction","target":["https:\/\/www.les-energies-renouvelables.eu\/article\/actualites\/energies\/transition-energetique-a-villetaneuse-mise-en-service-dune-nouvelle-centrale-geothermale-427\/"]}]},{"@type":"ImageObject","inLanguage":"fr-FR","@id":"https:\/\/www.les-energies-renouvelables.eu\/article\/actualites\/energies\/transition-energetique-a-villetaneuse-mise-en-service-dune-nouvelle-centrale-geothermale-427\/#primaryimage","url":"https:\/\/www.les-energies-renouvelables.eu\/article\/actualites\/wp-content\/uploads\/2026\/03\/actualites-transition-energetique-a-villetaneuse-mise-en-service-dune-nouvelle-centrale-geothermale-geothermie-profonde-villetaneuse.jpg","contentUrl":"https:\/\/www.les-energies-renouvelables.eu\/article\/actualites\/wp-content\/uploads\/2026\/03\/actualites-transition-energetique-a-villetaneuse-mise-en-service-dune-nouvelle-centrale-geothermale-geothermie-profonde-villetaneuse.jpg","width":1200,"height":675,"caption":"Dall-E"},{"@type":"BreadcrumbList","@id":"https:\/\/www.les-energies-renouvelables.eu\/article\/actualites\/energies\/transition-energetique-a-villetaneuse-mise-en-service-dune-nouvelle-centrale-geothermale-427\/#breadcrumb","itemListElement":[{"@type":"ListItem","position":1,"name":"Accueil","item":"https:\/\/www.les-energies-renouvelables.eu\/article\/actualites\/"},{"@type":"ListItem","position":2,"name":"Transition \u00e9nerg\u00e9tique \u00e0 Villetaneuse : mise en service d\u2019une nouvelle centrale g\u00e9othermale"}]},{"@type":"WebSite","@id":"https:\/\/www.les-energies-renouvelables.eu\/article\/actualites\/#website","url":"https:\/\/www.les-energies-renouvelables.eu\/article\/actualites\/","name":"ECOinfos Energies renouvelables","description":"Le d\u00e9cryptage quotidien du secteur des \u00e9nergies renouvelables","publisher":{"@id":"https:\/\/www.les-energies-renouvelables.eu\/article\/actualites\/#organization"},"potentialAction":[{"@type":"SearchAction","target":{"@type":"EntryPoint","urlTemplate":"https:\/\/www.les-energies-renouvelables.eu\/article\/actualites\/?s={search_term_string}"},"query-input":{"@type":"PropertyValueSpecification","valueRequired":true,"valueName":"search_term_string"}}],"inLanguage":"fr-FR"},{"@type":"Organization","@id":"https:\/\/www.les-energies-renouvelables.eu\/article\/actualites\/#organization","name":"ECOinfos Energies renouvelables","url":"https:\/\/www.les-energies-renouvelables.eu\/article\/actualites\/","logo":{"@type":"ImageObject","inLanguage":"fr-FR","@id":"https:\/\/www.les-energies-renouvelables.eu\/article\/actualites\/#\/schema\/logo\/image\/","url":"https:\/\/www.les-energies-renouvelables.eu\/article\/actualites\/wp-content\/uploads\/2025\/11\/ecoinfos.eldorado-consulting.com-logo-logo.svg","contentUrl":"https:\/\/www.les-energies-renouvelables.eu\/article\/actualites\/wp-content\/uploads\/2025\/11\/ecoinfos.eldorado-consulting.com-logo-logo.svg","caption":"ECOinfos Energies renouvelables"},"image":{"@id":"https:\/\/www.les-energies-renouvelables.eu\/article\/actualites\/#\/schema\/logo\/image\/"},"sameAs":["https:\/\/www.facebook.com\/ecoannuaire.energierenouvelable\/","https:\/\/x.com\/ECOinfosENR","https:\/\/www.linkedin.com\/company\/ecoinfos-energies-renouvelables\/","https:\/\/www.youtube.com\/@ecoinfosenergies","https:\/\/share.google\/dyKHJPxAV42WhhjbM"]},{"@type":"Person","@id":"https:\/\/www.les-energies-renouvelables.eu\/article\/actualites\/#\/schema\/person\/2c7d09eb5ca339c12ca8d86145440169","name":"Alexia JACQUARD","pronouns":"elle\/elle","image":{"@type":"ImageObject","inLanguage":"fr-FR","@id":"https:\/\/www.les-energies-renouvelables.eu\/article\/actualites\/#\/schema\/person\/image\/","url":"https:\/\/www.les-energies-renouvelables.eu\/article\/actualites\/wp-content\/uploads\/2026\/01\/actualites-alexia-jacquard-alexia-jacquard-160x160.jpg","contentUrl":"https:\/\/www.les-energies-renouvelables.eu\/article\/actualites\/wp-content\/uploads\/2026\/01\/actualites-alexia-jacquard-alexia-jacquard-160x160.jpg","caption":"Alexia JACQUARD"},"description":"Curieuse de nature et attentif aux enjeux du d\u00e9veloppement durable, Alexia Jacquard suit l'actualit\u00e9 des \u00e9nergies renouvelables pour partager les derni\u00e8res nouveaut\u00e9s du secteur. Elle s'attache \u00e0 retranscrire simplement les informations cl\u00e9s et les initiatives positives qui marquent la transition \u00e9nerg\u00e9tique. Son objectif : proposer des articles d'actualit\u00e9 clairs et accessibles pour tous ceux qui s'int\u00e9ressent \u00e0 l'avenir de notre \u00e9nergie.","sameAs":["https:\/\/alexia-jacquard.fr","https:\/\/www.facebook.com\/tictacf2c\/","https:\/\/www.instagram.com\/alexia_redac\/","https:\/\/www.linkedin.com\/in\/alexia-jacquard-449a4b289\/","https:\/\/fr.pinterest.com\/alexiajacquard\/","https:\/\/x.com\/alexiajcrd","https:\/\/www.youtube.com\/@Thepaindemie","https:\/\/muckrack.com\/alexia-jacquard"],"url":"https:\/\/www.les-energies-renouvelables.eu\/article\/actualites\/author\/alexia-jacquard\/"}]}},"_links":{"self":[{"href":"https:\/\/www.les-energies-renouvelables.eu\/article\/actualites\/wp-json\/wp\/v2\/posts\/427","targetHints":{"allow":["GET"]}}],"collection":[{"href":"https:\/\/www.les-energies-renouvelables.eu\/article\/actualites\/wp-json\/wp\/v2\/posts"}],"about":[{"href":"https:\/\/www.les-energies-renouvelables.eu\/article\/actualites\/wp-json\/wp\/v2\/types\/post"}],"author":[{"embeddable":true,"href":"https:\/\/www.les-energies-renouvelables.eu\/article\/actualites\/wp-json\/wp\/v2\/users\/2"}],"replies":[{"embeddable":true,"href":"https:\/\/www.les-energies-renouvelables.eu\/article\/actualites\/wp-json\/wp\/v2\/comments?post=427"}],"version-history":[{"count":1,"href":"https:\/\/www.les-energies-renouvelables.eu\/article\/actualites\/wp-json\/wp\/v2\/posts\/427\/revisions"}],"predecessor-version":[{"id":428,"href":"https:\/\/www.les-energies-renouvelables.eu\/article\/actualites\/wp-json\/wp\/v2\/posts\/427\/revisions\/428"}],"wp:featuredmedia":[{"embeddable":true,"href":"https:\/\/www.les-energies-renouvelables.eu\/article\/actualites\/wp-json\/wp\/v2\/media\/429"}],"wp:attachment":[{"href":"https:\/\/www.les-energies-renouvelables.eu\/article\/actualites\/wp-json\/wp\/v2\/media?parent=427"}],"wp:term":[{"taxonomy":"category","embeddable":true,"href":"https:\/\/www.les-energies-renouvelables.eu\/article\/actualites\/wp-json\/wp\/v2\/categories?post=427"},{"taxonomy":"post_tag","embeddable":true,"href":"https:\/\/www.les-energies-renouvelables.eu\/article\/actualites\/wp-json\/wp\/v2\/tags?post=427"}],"curies":[{"name":"wp","href":"https:\/\/api.w.org\/{rel}","templated":true}]}}