{"id":418,"date":"2026-03-05T08:00:00","date_gmt":"2026-03-05T07:00:00","guid":{"rendered":"https:\/\/www.les-energies-renouvelables.eu\/article\/actualites\/?p=418"},"modified":"2026-03-04T20:16:22","modified_gmt":"2026-03-04T19:16:22","slug":"guadeloupe-vers-87-dautonomie-electrique-renouvelable-dici-2050","status":"publish","type":"post","link":"https:\/\/www.les-energies-renouvelables.eu\/article\/actualites\/energies\/guadeloupe-vers-87-dautonomie-electrique-renouvelable-dici-2050-418\/","title":{"rendered":"Guadeloupe : vers 87 % d\u2019autonomie \u00e9lectrique renouvelable d\u2019ici 2050 ?"},"content":{"rendered":"\n<p>R\u00e9sum\u00e9 :&nbsp;<\/p>\n\n\n\n<ul class=\"wp-block-list\">\n<li><strong>Transition engag\u00e9e :<\/strong> Alors que 65 % de l&rsquo;\u00e9lectricit\u00e9 \u00e9tait d&rsquo;origine fossile en 2023, la <strong>conversion biomasse<\/strong> de la centrale du Moule amorc\u00e9e en 2025 porte d\u00e9sormais la part des <strong>EnR<\/strong> \u00e0 environ 50 %.<\/li>\n\n\n\n<li><strong>Mod\u00e9lisation \u00e9conomique :<\/strong> Le sc\u00e9nario \u00ab\u00a0optimal\u00a0\u00bb de l&rsquo;ADEME projette un taux d&rsquo;autonomie de 87 % (mix 100 % EnR), avec un co\u00fbt global du syst\u00e8me inf\u00e9rieur de <strong>15 \u00e0 17 %<\/strong> par rapport \u00e0 2025.<\/li>\n\n\n\n<li><strong>Leviers de stabilit\u00e9 :<\/strong> La <strong>g\u00e9othermie<\/strong> et la <strong>biomasse<\/strong> assurent la base pilotable, tandis que le <strong>stockage par batterie <\/strong>g\u00e8re la variabilit\u00e9 du solaire et de l&rsquo;\u00e9olien.<\/li>\n<\/ul>\n\n\n\n<p>Par sa g\u00e9ographie, l&rsquo;archipel guadeloup\u00e9en ne b\u00e9n\u00e9ficie d&rsquo;aucun secours \u00e9lectrique ext\u00e9rieur. Cette isolation impose de produire sur place chaque kilowattheure consomm\u00e9. Si le mix reposait encore largement sur les \u00e9nergies fossiles en 2023, la <strong>loi de transition \u00e9nerg\u00e9tique<\/strong> fixe un cap vers l&rsquo;ind\u00e9pendance. L&rsquo;\u00e9tude de l&rsquo;ADEME \u00e0 l&rsquo;horizon 2050 identifie les conditions n\u00e9cessaires pour b\u00e2tir un syst\u00e8me d\u00e9carbon\u00e9, fiable et \u00e9conomiquement viable dans ce contexte insulaire sp\u00e9cifique.<\/p>\n\n\n\n<h2 class=\"wp-block-heading\">Du charbon \u00e0 la biomasse : recomposition du mix \u00e9lectrique<\/h2>\n\n\n\n<p>L&rsquo;ann\u00e9e 2025 marque une \u00e9tape significative avec l&rsquo;arr\u00eat d\u00e9finitif du <strong>charbon<\/strong> sur le territoire.<\/p>\n\n\n\n<p>La mutation de la centrale thermique du Moule (<strong>Albioma<\/strong>) \u00e0 la biomasse \u2014 utilisant la <strong>bagasse locale<\/strong> compl\u00e9t\u00e9e par des granul\u00e9s de bois \u2014 permet de r\u00e9duire la part fossile de la production \u00e0 environ 50 %. Cette \u00e9tape illustre la capacit\u00e9 de transformation des infrastructures existantes vers des ressources moins carbon\u00e9es, tout en maintenant une <strong>puissance pilotable<\/strong> indispensable \u00e0 la tenue du r\u00e9seau.<\/p>\n\n\n\n<h2 class=\"wp-block-heading\">Le mix gagnant selon l\u2019ADEME : La compl\u00e9mentarit\u00e9 plut\u00f4t que la comp\u00e9tition<\/h2>\n\n\n\n<p>Pour r\u00e9pondre \u00e0 une demande projet\u00e9e \u00e0 <strong>1,8 TWh en 2050<\/strong>, l&rsquo;ADEME a pass\u00e9 au crible plusieurs trajectoires. La r\u00e9ussite de ces mod\u00e8les repose sur une combinaison de ressources aux caract\u00e9ristiques compl\u00e9mentaires.<\/p>\n\n\n\n<p>Ressource stable et continue, la <strong>g\u00e9othermie<\/strong> pr\u00e9sente un potentiel estim\u00e9 entre 75 et 90 MW d&rsquo;ici 2050. Elle constitue, avec la biomasse, la base de s\u00e9curit\u00e9 du syst\u00e8me. Cette derni\u00e8re joue \u00e9galement un r\u00f4le de <strong>r\u00e9serve mobilisable<\/strong>, r\u00e9duisant la pression exerc\u00e9e sur les dispositifs de stockage.<\/p>\n\n\n\n<p>Le <strong>photovolta\u00efque<\/strong> repr\u00e9sente le principal gisement avec environ 1 000 MW mobilisables. Afin d&rsquo;int\u00e9grer cette <strong>\u00e9nergie variable<\/strong>, le stockage devient un levier structurel : l&rsquo;\u00e9tude pr\u00e9voit un besoin compris entre <strong>2,18 et 2,23 GWh de batteries <\/strong>pour les sc\u00e9narios de fonctionnement en autonomie totale. \u00c0 titre indicatif, les volumes aujourd&rsquo;hui retenus via des appels d&rsquo;offres de la CRE restent tr\u00e8s inf\u00e9rieurs \u00e0 ces ordres de grandeur, soulignant l&rsquo;ampleur du d\u00e9ploiement \u00e0 r\u00e9aliser.<\/p>\n\n\n\n<h2 class=\"wp-block-heading\">Flexibilit\u00e9 et s\u00fbret\u00e9 : les cl\u00e9s d\u2019un syst\u00e8me \u00e0 forte part d\u2019EnR<\/h2>\n\n\n\n<p>La centrale de <strong>Pointe Jarry<\/strong> contribue activement \u00e0 la s\u00fbret\u00e9 du syst\u00e8me actuel. \u00c9quip\u00e9e de moteurs \u00e0 <strong>haut rendement<\/strong>(gain de 15 %), elle assure une fonction de modulation pour compenser les fluctuations des EnR. Des options de pilotage, incluant des r\u00e9gulations de puissance, sont classiquement mobilis\u00e9es dans les r\u00e9seaux \u00e0 forte part d&rsquo;\u00e9nergies variables pour garantir l&rsquo;\u00e9quilibre de l&rsquo;offre et de la demande.<\/p>\n\n\n\n<p>La robustesse de ces mod\u00e8les a \u00e9t\u00e9 \u00e9prouv\u00e9e sur <strong>69 ann\u00e9es m\u00e9t\u00e9orologiques<\/strong>. Dans les conditions mod\u00e9lis\u00e9es, le syst\u00e8me respecte les crit\u00e8res de fiabilit\u00e9 : le rapport final de l&rsquo;ADEME indique un crit\u00e8re de d\u00e9faillance de <strong>3 heures par an<\/strong> en moyenne sur une p\u00e9riode de 10 ans. Ces r\u00e9sultats indiquent que la <strong>variabilit\u00e9 des EnR<\/strong> peut \u00eatre ma\u00eetris\u00e9e par un pilotage agile et un dimensionnement ad\u00e9quat du stockage.<\/p>\n\n\n\n<h2 class=\"wp-block-heading\">Sobri\u00e9t\u00e9 et efficacit\u00e9 : l\u2019autre pilier de la transition<\/h2>\n\n\n\n<p>Le fonctionnement en autonomie repose sur un pilier indispensable : la <strong>sobri\u00e9t\u00e9<\/strong>. Sans une efficacit\u00e9 accrue des b\u00e2timents et des usages, les besoins d\u00e9passeraient les capacit\u00e9s de production locales. Sur le plan environnemental, les b\u00e9n\u00e9fices sont majeurs : les \u00e9missions de <strong>gaz \u00e0 effet de serre<\/strong> seraient divis\u00e9es par pr\u00e8s de huit, et encore par deux sur le r\u00e9siduel en cas d&rsquo;ind\u00e9pendance \u00e9nerg\u00e9tique totale.<\/p>\n\n\n\n<p>L&rsquo;\u00e9tude de l&rsquo;ADEME d\u00e9montre que l&rsquo;<strong>autonomie \u00e9lectrique<\/strong> de la Guadeloupe est un futur techniquement mod\u00e9lis\u00e9 et \u00e9conomiquement chiffr\u00e9. Elle ne constitue pas une feuille de route fig\u00e9e, mais un outil de r\u00e9flexion pour les instances locales. Ce travail confirme que pour un territoire insulaire, la transition vers le <strong>100 % renouvelable<\/strong> n&rsquo;est plus un objectif abstrait mais une trajectoire dont les conditions de r\u00e9ussite sont d\u00e9sormais document\u00e9es.<\/p>\n","protected":false},"excerpt":{"rendered":"","protected":false},"author":2,"featured_media":420,"comment_status":"closed","ping_status":"closed","sticky":false,"template":"","format":"standard","meta":{"footnotes":""},"categories":[1],"tags":[],"class_list":["post-418","post","type-post","status-publish","format-standard","has-post-thumbnail","hentry","category-energies","masonry-post","generate-columns","tablet-grid-50","mobile-grid-100","grid-parent","grid-33"],"yoast_head":"<!-- This site is optimized with the Yoast SEO plugin v26.6 - https:\/\/yoast.com\/wordpress\/plugins\/seo\/ -->\n<title>Guadeloupe : vers 87 % d\u2019autonomie \u00e9lectrique renouvelable d\u2019ici 2050 ? - ECOinfos<\/title>\n<meta name=\"description\" content=\"D\u00e9couvrez les sc\u00e9narios de l&#039;ADEME pour l&#039;autonomie \u00e9lectrique de la Guadeloupe \u00e0 l&#039;horizon 2050. Analyse d&#039;un mix 100 % renouvelable combinant g\u00e9othermie, biomasse et stockage massif.\" \/>\n<meta name=\"robots\" content=\"index, follow, max-snippet:-1, max-image-preview:large, max-video-preview:-1\" \/>\n<link rel=\"canonical\" href=\"https:\/\/www.les-energies-renouvelables.eu\/article\/actualites\/energies\/guadeloupe-vers-87-dautonomie-electrique-renouvelable-dici-2050-418\/\" \/>\n<meta property=\"og:locale\" content=\"fr_FR\" \/>\n<meta property=\"og:type\" content=\"article\" \/>\n<meta property=\"og:title\" content=\"Guadeloupe : vers 87 % d\u2019autonomie \u00e9lectrique renouvelable d\u2019ici 2050 ? - ECOinfos\" \/>\n<meta property=\"og:description\" content=\"D\u00e9couvrez les sc\u00e9narios de l&#039;ADEME pour l&#039;autonomie \u00e9lectrique de la Guadeloupe \u00e0 l&#039;horizon 2050. Analyse d&#039;un mix 100 % renouvelable combinant g\u00e9othermie, biomasse et stockage massif.\" \/>\n<meta property=\"og:url\" content=\"https:\/\/www.les-energies-renouvelables.eu\/article\/actualites\/energies\/guadeloupe-vers-87-dautonomie-electrique-renouvelable-dici-2050-418\/\" \/>\n<meta property=\"og:site_name\" content=\"ECOinfos Energies renouvelables\" \/>\n<meta property=\"article:publisher\" content=\"https:\/\/www.facebook.com\/ecoannuaire.energierenouvelable\/\" \/>\n<meta property=\"article:author\" content=\"https:\/\/www.facebook.com\/tictacf2c\/\" \/>\n<meta property=\"article:published_time\" content=\"2026-03-05T07:00:00+00:00\" \/>\n<meta property=\"og:image\" content=\"https:\/\/www.les-energies-renouvelables.eu\/article\/actualites\/wp-content\/uploads\/2026\/03\/actualites-guadeloupe-vers-87-dautonomie-electrique-renouvelable-dici-2050-autonomie-energetique-guadeloupe-2050.jpg\" \/>\n\t<meta property=\"og:image:width\" content=\"1200\" \/>\n\t<meta property=\"og:image:height\" content=\"675\" \/>\n\t<meta property=\"og:image:type\" content=\"image\/jpeg\" \/>\n<meta name=\"author\" content=\"Alexia JACQUARD\" \/>\n<meta name=\"twitter:card\" content=\"summary_large_image\" \/>\n<meta name=\"twitter:creator\" content=\"@alexiajcrd\" \/>\n<meta name=\"twitter:site\" content=\"@ECOinfosENR\" \/>\n<meta name=\"twitter:label1\" content=\"\u00c9crit par\" \/>\n\t<meta name=\"twitter:data1\" content=\"Alexia JACQUARD\" \/>\n\t<meta name=\"twitter:label2\" content=\"Dur\u00e9e de lecture estim\u00e9e\" \/>\n\t<meta name=\"twitter:data2\" content=\"4 minutes\" \/>\n<script type=\"application\/ld+json\" class=\"yoast-schema-graph\">{\"@context\":\"https:\/\/schema.org\",\"@graph\":[{\"@type\":\"Article\",\"@id\":\"https:\/\/www.les-energies-renouvelables.eu\/article\/actualites\/energies\/guadeloupe-vers-87-dautonomie-electrique-renouvelable-dici-2050-418\/#article\",\"isPartOf\":{\"@id\":\"https:\/\/www.les-energies-renouvelables.eu\/article\/actualites\/energies\/guadeloupe-vers-87-dautonomie-electrique-renouvelable-dici-2050-418\/\"},\"author\":{\"name\":\"Alexia JACQUARD\",\"@id\":\"https:\/\/www.les-energies-renouvelables.eu\/article\/actualites\/#\/schema\/person\/2c7d09eb5ca339c12ca8d86145440169\"},\"headline\":\"Guadeloupe : vers 87 % d\u2019autonomie \u00e9lectrique renouvelable d\u2019ici 2050 ?\",\"datePublished\":\"2026-03-05T07:00:00+00:00\",\"mainEntityOfPage\":{\"@id\":\"https:\/\/www.les-energies-renouvelables.eu\/article\/actualites\/energies\/guadeloupe-vers-87-dautonomie-electrique-renouvelable-dici-2050-418\/\"},\"wordCount\":778,\"publisher\":{\"@id\":\"https:\/\/www.les-energies-renouvelables.eu\/article\/actualites\/#organization\"},\"image\":{\"@id\":\"https:\/\/www.les-energies-renouvelables.eu\/article\/actualites\/energies\/guadeloupe-vers-87-dautonomie-electrique-renouvelable-dici-2050-418\/#primaryimage\"},\"thumbnailUrl\":\"https:\/\/www.les-energies-renouvelables.eu\/article\/actualites\/wp-content\/uploads\/2026\/03\/actualites-guadeloupe-vers-87-dautonomie-electrique-renouvelable-dici-2050-autonomie-energetique-guadeloupe-2050.jpg\",\"articleSection\":[\"\u00c9nergies\"],\"inLanguage\":\"fr-FR\"},{\"@type\":\"WebPage\",\"@id\":\"https:\/\/www.les-energies-renouvelables.eu\/article\/actualites\/energies\/guadeloupe-vers-87-dautonomie-electrique-renouvelable-dici-2050-418\/\",\"url\":\"https:\/\/www.les-energies-renouvelables.eu\/article\/actualites\/energies\/guadeloupe-vers-87-dautonomie-electrique-renouvelable-dici-2050-418\/\",\"name\":\"Guadeloupe : vers 87 % d\u2019autonomie \u00e9lectrique renouvelable d\u2019ici 2050 ? - ECOinfos\",\"isPartOf\":{\"@id\":\"https:\/\/www.les-energies-renouvelables.eu\/article\/actualites\/#website\"},\"primaryImageOfPage\":{\"@id\":\"https:\/\/www.les-energies-renouvelables.eu\/article\/actualites\/energies\/guadeloupe-vers-87-dautonomie-electrique-renouvelable-dici-2050-418\/#primaryimage\"},\"image\":{\"@id\":\"https:\/\/www.les-energies-renouvelables.eu\/article\/actualites\/energies\/guadeloupe-vers-87-dautonomie-electrique-renouvelable-dici-2050-418\/#primaryimage\"},\"thumbnailUrl\":\"https:\/\/www.les-energies-renouvelables.eu\/article\/actualites\/wp-content\/uploads\/2026\/03\/actualites-guadeloupe-vers-87-dautonomie-electrique-renouvelable-dici-2050-autonomie-energetique-guadeloupe-2050.jpg\",\"datePublished\":\"2026-03-05T07:00:00+00:00\",\"description\":\"D\u00e9couvrez les sc\u00e9narios de l'ADEME pour l'autonomie \u00e9lectrique de la Guadeloupe \u00e0 l'horizon 2050. Analyse d'un mix 100 % renouvelable combinant g\u00e9othermie, biomasse et stockage massif.\",\"breadcrumb\":{\"@id\":\"https:\/\/www.les-energies-renouvelables.eu\/article\/actualites\/energies\/guadeloupe-vers-87-dautonomie-electrique-renouvelable-dici-2050-418\/#breadcrumb\"},\"inLanguage\":\"fr-FR\",\"potentialAction\":[{\"@type\":\"ReadAction\",\"target\":[\"https:\/\/www.les-energies-renouvelables.eu\/article\/actualites\/energies\/guadeloupe-vers-87-dautonomie-electrique-renouvelable-dici-2050-418\/\"]}]},{\"@type\":\"ImageObject\",\"inLanguage\":\"fr-FR\",\"@id\":\"https:\/\/www.les-energies-renouvelables.eu\/article\/actualites\/energies\/guadeloupe-vers-87-dautonomie-electrique-renouvelable-dici-2050-418\/#primaryimage\",\"url\":\"https:\/\/www.les-energies-renouvelables.eu\/article\/actualites\/wp-content\/uploads\/2026\/03\/actualites-guadeloupe-vers-87-dautonomie-electrique-renouvelable-dici-2050-autonomie-energetique-guadeloupe-2050.jpg\",\"contentUrl\":\"https:\/\/www.les-energies-renouvelables.eu\/article\/actualites\/wp-content\/uploads\/2026\/03\/actualites-guadeloupe-vers-87-dautonomie-electrique-renouvelable-dici-2050-autonomie-energetique-guadeloupe-2050.jpg\",\"width\":1200,\"height\":675,\"caption\":\"Dall-E\"},{\"@type\":\"BreadcrumbList\",\"@id\":\"https:\/\/www.les-energies-renouvelables.eu\/article\/actualites\/energies\/guadeloupe-vers-87-dautonomie-electrique-renouvelable-dici-2050-418\/#breadcrumb\",\"itemListElement\":[{\"@type\":\"ListItem\",\"position\":1,\"name\":\"Accueil\",\"item\":\"https:\/\/www.les-energies-renouvelables.eu\/article\/actualites\/\"},{\"@type\":\"ListItem\",\"position\":2,\"name\":\"Guadeloupe : vers 87 % d\u2019autonomie \u00e9lectrique renouvelable d\u2019ici 2050 ?\"}]},{\"@type\":\"WebSite\",\"@id\":\"https:\/\/www.les-energies-renouvelables.eu\/article\/actualites\/#website\",\"url\":\"https:\/\/www.les-energies-renouvelables.eu\/article\/actualites\/\",\"name\":\"ECOinfos Energies renouvelables\",\"description\":\"Le d\u00e9cryptage quotidien du secteur des \u00e9nergies renouvelables\",\"publisher\":{\"@id\":\"https:\/\/www.les-energies-renouvelables.eu\/article\/actualites\/#organization\"},\"potentialAction\":[{\"@type\":\"SearchAction\",\"target\":{\"@type\":\"EntryPoint\",\"urlTemplate\":\"https:\/\/www.les-energies-renouvelables.eu\/article\/actualites\/?s={search_term_string}\"},\"query-input\":{\"@type\":\"PropertyValueSpecification\",\"valueRequired\":true,\"valueName\":\"search_term_string\"}}],\"inLanguage\":\"fr-FR\"},{\"@type\":\"Organization\",\"@id\":\"https:\/\/www.les-energies-renouvelables.eu\/article\/actualites\/#organization\",\"name\":\"ECOinfos Energies renouvelables\",\"url\":\"https:\/\/www.les-energies-renouvelables.eu\/article\/actualites\/\",\"logo\":{\"@type\":\"ImageObject\",\"inLanguage\":\"fr-FR\",\"@id\":\"https:\/\/www.les-energies-renouvelables.eu\/article\/actualites\/#\/schema\/logo\/image\/\",\"url\":\"https:\/\/www.les-energies-renouvelables.eu\/article\/actualites\/wp-content\/uploads\/2025\/11\/ecoinfos.eldorado-consulting.com-logo-logo.svg\",\"contentUrl\":\"https:\/\/www.les-energies-renouvelables.eu\/article\/actualites\/wp-content\/uploads\/2025\/11\/ecoinfos.eldorado-consulting.com-logo-logo.svg\",\"caption\":\"ECOinfos Energies renouvelables\"},\"image\":{\"@id\":\"https:\/\/www.les-energies-renouvelables.eu\/article\/actualites\/#\/schema\/logo\/image\/\"},\"sameAs\":[\"https:\/\/www.facebook.com\/ecoannuaire.energierenouvelable\/\",\"https:\/\/x.com\/ECOinfosENR\",\"https:\/\/www.linkedin.com\/company\/ecoinfos-energies-renouvelables\/\",\"https:\/\/www.youtube.com\/@ecoinfosenergies\",\"https:\/\/share.google\/dyKHJPxAV42WhhjbM\"]},{\"@type\":\"Person\",\"@id\":\"https:\/\/www.les-energies-renouvelables.eu\/article\/actualites\/#\/schema\/person\/2c7d09eb5ca339c12ca8d86145440169\",\"name\":\"Alexia JACQUARD\",\"pronouns\":\"elle\/elle\",\"image\":{\"@type\":\"ImageObject\",\"inLanguage\":\"fr-FR\",\"@id\":\"https:\/\/www.les-energies-renouvelables.eu\/article\/actualites\/#\/schema\/person\/image\/\",\"url\":\"https:\/\/www.les-energies-renouvelables.eu\/article\/actualites\/wp-content\/uploads\/2026\/01\/actualites-alexia-jacquard-alexia-jacquard-160x160.jpg\",\"contentUrl\":\"https:\/\/www.les-energies-renouvelables.eu\/article\/actualites\/wp-content\/uploads\/2026\/01\/actualites-alexia-jacquard-alexia-jacquard-160x160.jpg\",\"caption\":\"Alexia JACQUARD\"},\"description\":\"Curieuse de nature et attentif aux enjeux du d\u00e9veloppement durable, Alexia Jacquard suit l'actualit\u00e9 des \u00e9nergies renouvelables pour partager les derni\u00e8res nouveaut\u00e9s du secteur. Elle s'attache \u00e0 retranscrire simplement les informations cl\u00e9s et les initiatives positives qui marquent la transition \u00e9nerg\u00e9tique. Son objectif : proposer des articles d'actualit\u00e9 clairs et accessibles pour tous ceux qui s'int\u00e9ressent \u00e0 l'avenir de notre \u00e9nergie.\",\"sameAs\":[\"https:\/\/alexia-jacquard.fr\",\"https:\/\/www.facebook.com\/tictacf2c\/\",\"https:\/\/www.instagram.com\/alexia_redac\/\",\"https:\/\/www.linkedin.com\/in\/alexia-jacquard-449a4b289\/\",\"https:\/\/fr.pinterest.com\/alexiajacquard\/\",\"https:\/\/x.com\/alexiajcrd\",\"https:\/\/www.youtube.com\/@Thepaindemie\",\"https:\/\/muckrack.com\/alexia-jacquard\"],\"url\":\"https:\/\/www.les-energies-renouvelables.eu\/article\/actualites\/author\/alexia-jacquard\/\"}]}<\/script>\n<!-- \/ Yoast SEO plugin. -->","yoast_head_json":{"title":"Guadeloupe : vers 87 % d\u2019autonomie \u00e9lectrique renouvelable d\u2019ici 2050 ? - ECOinfos","description":"D\u00e9couvrez les sc\u00e9narios de l'ADEME pour l'autonomie \u00e9lectrique de la Guadeloupe \u00e0 l'horizon 2050. Analyse d'un mix 100 % renouvelable combinant g\u00e9othermie, biomasse et stockage massif.","robots":{"index":"index","follow":"follow","max-snippet":"max-snippet:-1","max-image-preview":"max-image-preview:large","max-video-preview":"max-video-preview:-1"},"canonical":"https:\/\/www.les-energies-renouvelables.eu\/article\/actualites\/energies\/guadeloupe-vers-87-dautonomie-electrique-renouvelable-dici-2050-418\/","og_locale":"fr_FR","og_type":"article","og_title":"Guadeloupe : vers 87 % d\u2019autonomie \u00e9lectrique renouvelable d\u2019ici 2050 ? - ECOinfos","og_description":"D\u00e9couvrez les sc\u00e9narios de l'ADEME pour l'autonomie \u00e9lectrique de la Guadeloupe \u00e0 l'horizon 2050. Analyse d'un mix 100 % renouvelable combinant g\u00e9othermie, biomasse et stockage massif.","og_url":"https:\/\/www.les-energies-renouvelables.eu\/article\/actualites\/energies\/guadeloupe-vers-87-dautonomie-electrique-renouvelable-dici-2050-418\/","og_site_name":"ECOinfos Energies renouvelables","article_publisher":"https:\/\/www.facebook.com\/ecoannuaire.energierenouvelable\/","article_author":"https:\/\/www.facebook.com\/tictacf2c\/","article_published_time":"2026-03-05T07:00:00+00:00","og_image":[{"width":1200,"height":675,"url":"https:\/\/www.les-energies-renouvelables.eu\/article\/actualites\/wp-content\/uploads\/2026\/03\/actualites-guadeloupe-vers-87-dautonomie-electrique-renouvelable-dici-2050-autonomie-energetique-guadeloupe-2050.jpg","type":"image\/jpeg"}],"author":"Alexia JACQUARD","twitter_card":"summary_large_image","twitter_creator":"@alexiajcrd","twitter_site":"@ECOinfosENR","twitter_misc":{"\u00c9crit par":"Alexia JACQUARD","Dur\u00e9e de lecture estim\u00e9e":"4 minutes"},"schema":{"@context":"https:\/\/schema.org","@graph":[{"@type":"Article","@id":"https:\/\/www.les-energies-renouvelables.eu\/article\/actualites\/energies\/guadeloupe-vers-87-dautonomie-electrique-renouvelable-dici-2050-418\/#article","isPartOf":{"@id":"https:\/\/www.les-energies-renouvelables.eu\/article\/actualites\/energies\/guadeloupe-vers-87-dautonomie-electrique-renouvelable-dici-2050-418\/"},"author":{"name":"Alexia JACQUARD","@id":"https:\/\/www.les-energies-renouvelables.eu\/article\/actualites\/#\/schema\/person\/2c7d09eb5ca339c12ca8d86145440169"},"headline":"Guadeloupe : vers 87 % d\u2019autonomie \u00e9lectrique renouvelable d\u2019ici 2050 ?","datePublished":"2026-03-05T07:00:00+00:00","mainEntityOfPage":{"@id":"https:\/\/www.les-energies-renouvelables.eu\/article\/actualites\/energies\/guadeloupe-vers-87-dautonomie-electrique-renouvelable-dici-2050-418\/"},"wordCount":778,"publisher":{"@id":"https:\/\/www.les-energies-renouvelables.eu\/article\/actualites\/#organization"},"image":{"@id":"https:\/\/www.les-energies-renouvelables.eu\/article\/actualites\/energies\/guadeloupe-vers-87-dautonomie-electrique-renouvelable-dici-2050-418\/#primaryimage"},"thumbnailUrl":"https:\/\/www.les-energies-renouvelables.eu\/article\/actualites\/wp-content\/uploads\/2026\/03\/actualites-guadeloupe-vers-87-dautonomie-electrique-renouvelable-dici-2050-autonomie-energetique-guadeloupe-2050.jpg","articleSection":["\u00c9nergies"],"inLanguage":"fr-FR"},{"@type":"WebPage","@id":"https:\/\/www.les-energies-renouvelables.eu\/article\/actualites\/energies\/guadeloupe-vers-87-dautonomie-electrique-renouvelable-dici-2050-418\/","url":"https:\/\/www.les-energies-renouvelables.eu\/article\/actualites\/energies\/guadeloupe-vers-87-dautonomie-electrique-renouvelable-dici-2050-418\/","name":"Guadeloupe : vers 87 % d\u2019autonomie \u00e9lectrique renouvelable d\u2019ici 2050 ? - ECOinfos","isPartOf":{"@id":"https:\/\/www.les-energies-renouvelables.eu\/article\/actualites\/#website"},"primaryImageOfPage":{"@id":"https:\/\/www.les-energies-renouvelables.eu\/article\/actualites\/energies\/guadeloupe-vers-87-dautonomie-electrique-renouvelable-dici-2050-418\/#primaryimage"},"image":{"@id":"https:\/\/www.les-energies-renouvelables.eu\/article\/actualites\/energies\/guadeloupe-vers-87-dautonomie-electrique-renouvelable-dici-2050-418\/#primaryimage"},"thumbnailUrl":"https:\/\/www.les-energies-renouvelables.eu\/article\/actualites\/wp-content\/uploads\/2026\/03\/actualites-guadeloupe-vers-87-dautonomie-electrique-renouvelable-dici-2050-autonomie-energetique-guadeloupe-2050.jpg","datePublished":"2026-03-05T07:00:00+00:00","description":"D\u00e9couvrez les sc\u00e9narios de l'ADEME pour l'autonomie \u00e9lectrique de la Guadeloupe \u00e0 l'horizon 2050. Analyse d'un mix 100 % renouvelable combinant g\u00e9othermie, biomasse et stockage massif.","breadcrumb":{"@id":"https:\/\/www.les-energies-renouvelables.eu\/article\/actualites\/energies\/guadeloupe-vers-87-dautonomie-electrique-renouvelable-dici-2050-418\/#breadcrumb"},"inLanguage":"fr-FR","potentialAction":[{"@type":"ReadAction","target":["https:\/\/www.les-energies-renouvelables.eu\/article\/actualites\/energies\/guadeloupe-vers-87-dautonomie-electrique-renouvelable-dici-2050-418\/"]}]},{"@type":"ImageObject","inLanguage":"fr-FR","@id":"https:\/\/www.les-energies-renouvelables.eu\/article\/actualites\/energies\/guadeloupe-vers-87-dautonomie-electrique-renouvelable-dici-2050-418\/#primaryimage","url":"https:\/\/www.les-energies-renouvelables.eu\/article\/actualites\/wp-content\/uploads\/2026\/03\/actualites-guadeloupe-vers-87-dautonomie-electrique-renouvelable-dici-2050-autonomie-energetique-guadeloupe-2050.jpg","contentUrl":"https:\/\/www.les-energies-renouvelables.eu\/article\/actualites\/wp-content\/uploads\/2026\/03\/actualites-guadeloupe-vers-87-dautonomie-electrique-renouvelable-dici-2050-autonomie-energetique-guadeloupe-2050.jpg","width":1200,"height":675,"caption":"Dall-E"},{"@type":"BreadcrumbList","@id":"https:\/\/www.les-energies-renouvelables.eu\/article\/actualites\/energies\/guadeloupe-vers-87-dautonomie-electrique-renouvelable-dici-2050-418\/#breadcrumb","itemListElement":[{"@type":"ListItem","position":1,"name":"Accueil","item":"https:\/\/www.les-energies-renouvelables.eu\/article\/actualites\/"},{"@type":"ListItem","position":2,"name":"Guadeloupe : vers 87 % d\u2019autonomie \u00e9lectrique renouvelable d\u2019ici 2050 ?"}]},{"@type":"WebSite","@id":"https:\/\/www.les-energies-renouvelables.eu\/article\/actualites\/#website","url":"https:\/\/www.les-energies-renouvelables.eu\/article\/actualites\/","name":"ECOinfos Energies renouvelables","description":"Le d\u00e9cryptage quotidien du secteur des \u00e9nergies renouvelables","publisher":{"@id":"https:\/\/www.les-energies-renouvelables.eu\/article\/actualites\/#organization"},"potentialAction":[{"@type":"SearchAction","target":{"@type":"EntryPoint","urlTemplate":"https:\/\/www.les-energies-renouvelables.eu\/article\/actualites\/?s={search_term_string}"},"query-input":{"@type":"PropertyValueSpecification","valueRequired":true,"valueName":"search_term_string"}}],"inLanguage":"fr-FR"},{"@type":"Organization","@id":"https:\/\/www.les-energies-renouvelables.eu\/article\/actualites\/#organization","name":"ECOinfos Energies renouvelables","url":"https:\/\/www.les-energies-renouvelables.eu\/article\/actualites\/","logo":{"@type":"ImageObject","inLanguage":"fr-FR","@id":"https:\/\/www.les-energies-renouvelables.eu\/article\/actualites\/#\/schema\/logo\/image\/","url":"https:\/\/www.les-energies-renouvelables.eu\/article\/actualites\/wp-content\/uploads\/2025\/11\/ecoinfos.eldorado-consulting.com-logo-logo.svg","contentUrl":"https:\/\/www.les-energies-renouvelables.eu\/article\/actualites\/wp-content\/uploads\/2025\/11\/ecoinfos.eldorado-consulting.com-logo-logo.svg","caption":"ECOinfos Energies renouvelables"},"image":{"@id":"https:\/\/www.les-energies-renouvelables.eu\/article\/actualites\/#\/schema\/logo\/image\/"},"sameAs":["https:\/\/www.facebook.com\/ecoannuaire.energierenouvelable\/","https:\/\/x.com\/ECOinfosENR","https:\/\/www.linkedin.com\/company\/ecoinfos-energies-renouvelables\/","https:\/\/www.youtube.com\/@ecoinfosenergies","https:\/\/share.google\/dyKHJPxAV42WhhjbM"]},{"@type":"Person","@id":"https:\/\/www.les-energies-renouvelables.eu\/article\/actualites\/#\/schema\/person\/2c7d09eb5ca339c12ca8d86145440169","name":"Alexia JACQUARD","pronouns":"elle\/elle","image":{"@type":"ImageObject","inLanguage":"fr-FR","@id":"https:\/\/www.les-energies-renouvelables.eu\/article\/actualites\/#\/schema\/person\/image\/","url":"https:\/\/www.les-energies-renouvelables.eu\/article\/actualites\/wp-content\/uploads\/2026\/01\/actualites-alexia-jacquard-alexia-jacquard-160x160.jpg","contentUrl":"https:\/\/www.les-energies-renouvelables.eu\/article\/actualites\/wp-content\/uploads\/2026\/01\/actualites-alexia-jacquard-alexia-jacquard-160x160.jpg","caption":"Alexia JACQUARD"},"description":"Curieuse de nature et attentif aux enjeux du d\u00e9veloppement durable, Alexia Jacquard suit l'actualit\u00e9 des \u00e9nergies renouvelables pour partager les derni\u00e8res nouveaut\u00e9s du secteur. Elle s'attache \u00e0 retranscrire simplement les informations cl\u00e9s et les initiatives positives qui marquent la transition \u00e9nerg\u00e9tique. Son objectif : proposer des articles d'actualit\u00e9 clairs et accessibles pour tous ceux qui s'int\u00e9ressent \u00e0 l'avenir de notre \u00e9nergie.","sameAs":["https:\/\/alexia-jacquard.fr","https:\/\/www.facebook.com\/tictacf2c\/","https:\/\/www.instagram.com\/alexia_redac\/","https:\/\/www.linkedin.com\/in\/alexia-jacquard-449a4b289\/","https:\/\/fr.pinterest.com\/alexiajacquard\/","https:\/\/x.com\/alexiajcrd","https:\/\/www.youtube.com\/@Thepaindemie","https:\/\/muckrack.com\/alexia-jacquard"],"url":"https:\/\/www.les-energies-renouvelables.eu\/article\/actualites\/author\/alexia-jacquard\/"}]}},"_links":{"self":[{"href":"https:\/\/www.les-energies-renouvelables.eu\/article\/actualites\/wp-json\/wp\/v2\/posts\/418","targetHints":{"allow":["GET"]}}],"collection":[{"href":"https:\/\/www.les-energies-renouvelables.eu\/article\/actualites\/wp-json\/wp\/v2\/posts"}],"about":[{"href":"https:\/\/www.les-energies-renouvelables.eu\/article\/actualites\/wp-json\/wp\/v2\/types\/post"}],"author":[{"embeddable":true,"href":"https:\/\/www.les-energies-renouvelables.eu\/article\/actualites\/wp-json\/wp\/v2\/users\/2"}],"replies":[{"embeddable":true,"href":"https:\/\/www.les-energies-renouvelables.eu\/article\/actualites\/wp-json\/wp\/v2\/comments?post=418"}],"version-history":[{"count":1,"href":"https:\/\/www.les-energies-renouvelables.eu\/article\/actualites\/wp-json\/wp\/v2\/posts\/418\/revisions"}],"predecessor-version":[{"id":419,"href":"https:\/\/www.les-energies-renouvelables.eu\/article\/actualites\/wp-json\/wp\/v2\/posts\/418\/revisions\/419"}],"wp:featuredmedia":[{"embeddable":true,"href":"https:\/\/www.les-energies-renouvelables.eu\/article\/actualites\/wp-json\/wp\/v2\/media\/420"}],"wp:attachment":[{"href":"https:\/\/www.les-energies-renouvelables.eu\/article\/actualites\/wp-json\/wp\/v2\/media?parent=418"}],"wp:term":[{"taxonomy":"category","embeddable":true,"href":"https:\/\/www.les-energies-renouvelables.eu\/article\/actualites\/wp-json\/wp\/v2\/categories?post=418"},{"taxonomy":"post_tag","embeddable":true,"href":"https:\/\/www.les-energies-renouvelables.eu\/article\/actualites\/wp-json\/wp\/v2\/tags?post=418"}],"curies":[{"name":"wp","href":"https:\/\/api.w.org\/{rel}","templated":true}]}}