{"id":415,"date":"2026-03-04T08:00:00","date_gmt":"2026-03-04T07:00:00","guid":{"rendered":"https:\/\/www.les-energies-renouvelables.eu\/article\/actualites\/?p=415"},"modified":"2026-03-03T21:58:13","modified_gmt":"2026-03-03T20:58:13","slug":"stockage-delectricite-un-levier-strategique-pour-lintegration-des-enr-en-europe","status":"publish","type":"post","link":"https:\/\/www.les-energies-renouvelables.eu\/article\/actualites\/energies\/stockage-delectricite-un-levier-strategique-pour-lintegration-des-enr-en-europe-415\/","title":{"rendered":"Stockage d\u2019\u00e9lectricit\u00e9 : un levier strat\u00e9gique pour l&rsquo;int\u00e9gration des EnR en Europe"},"content":{"rendered":"\n<p>R\u00e9sum\u00e9 :&nbsp;<\/p>\n\n\n\n<ul class=\"wp-block-list\">\n<li><strong>Une alliance de poids :<\/strong> TotalEnergies s&rsquo;associe au gestionnaire d&rsquo;actifs AllianzGI pour un portefeuille de <strong>789 MW<\/strong>(1 628 MWh) r\u00e9partis sur onze sites en Allemagne.<\/li>\n\n\n\n<li><strong>Structuration financi\u00e8re :<\/strong> L&rsquo;investissement de <strong>500 millions d&rsquo;euros<\/strong>, financ\u00e9 \u00e0 70 % par la dette, illustre la maturation du stockage en tant qu&rsquo;actif d&rsquo;infrastructure \u00e0 long terme.<\/li>\n\n\n\n<li><strong>Cap de 200 GW :<\/strong> Pour assurer la <strong>flexibilit\u00e9 du r\u00e9seau<\/strong>, les projections du Parlement europ\u00e9en (\u00e9tude PE 769.347, mars 2025) envisagent plus de <strong>200 GW de capacit\u00e9 de stockage<\/strong> dans l&rsquo;UE d&rsquo;ici 2030.<\/li>\n\n\n\n<li><strong>Optimisation du mix :<\/strong> Dans certaines conditions de march\u00e9, ces dispositifs limitent le recours aux <strong>centrales de pointe<\/strong> et r\u00e9duisent les pertes de production li\u00e9es \u00e0 l&rsquo;<strong>\u00e9cr\u00eatement (curtailment)<\/strong> des parcs \u00e9oliens ou solaires.<\/li>\n<\/ul>\n\n\n\n<p>Avec une part des <strong>\u00e9nergies renouvelables<\/strong> dans le mix \u00e9lectrique de l&rsquo;UE projet\u00e9e \u00e0 69 % d&rsquo;ici 2030 (contre 47 % en 2024 selon les chiffres de la Commission europ\u00e9enne), la gestion de la <strong>variabilit\u00e9<\/strong> devient une priorit\u00e9 syst\u00e9mique. Le <strong>stockage par batteries stationnaires<\/strong> apporte une r\u00e9ponse technique en absorbant les exc\u00e9dents de production pour les restituer lors des pics de demande.<\/p>\n\n\n\n<p>Cette technologie renforce l&rsquo;<strong>autonomie \u00e9nerg\u00e9tique<\/strong> en rendant l&rsquo;int\u00e9gration des sources variables plus pr\u00e9visible au niveau du r\u00e9seau. Elle permet de mieux valoriser la production locale et contribue ainsi \u00e0 la <strong>s\u00e9curit\u00e9 d&rsquo;approvisionnement<\/strong> globale du continent.<\/p>\n\n\n\n<h2 class=\"wp-block-heading\">Pourquoi l&rsquo;alliance TotalEnergies\/Allianz marque un tournant<\/h2>\n\n\n\n<p>L&rsquo;Allemagne, qui figure parmi les plus grands <strong>march\u00e9s \u00e9lectriques europ\u00e9ens<\/strong>, sert de terrain d&rsquo;application \u00e0 cet accord d&rsquo;envergure. TotalEnergies a c\u00e9d\u00e9 50 % de ses parts dans un portefeuille de stockage au gestionnaire d&rsquo;actifs <strong>AllianzGI<\/strong>. Dans son communiqu\u00e9 officiel, la direction du groupe \u00e9nerg\u00e9tique pr\u00e9cise que cette op\u00e9ration vise \u00e0 optimiser l&rsquo;allocation de capital et \u00e0 am\u00e9liorer la <strong>rentabilit\u00e9<\/strong> dans le secteur de l&rsquo;\u00e9lectricit\u00e9 int\u00e9gr\u00e9e.<\/p>\n\n\n\n<p>L&rsquo;aspect industriel est significatif : la majorit\u00e9 des projets int\u00e9greront des batteries fournies par <strong>Saft<\/strong>, filiale fran\u00e7aise du groupe. Ce choix d&rsquo;un mod\u00e8le de d\u00e9veloppement int\u00e9gr\u00e9 permet de renforcer la ma\u00eetrise de la <strong>cha\u00eene de valeur<\/strong>. L&rsquo;entr\u00e9e d&rsquo;un investisseur institutionnel de premier plan comme AllianzGI illustre le passage des batteries d&rsquo;un statut d&rsquo;innovation technologique \u00e0 celui d&rsquo;<strong>infrastructure de march\u00e9<\/strong> en phase de consolidation.<\/p>\n\n\n\n<h2 class=\"wp-block-heading\">La batterie, \u00ab\u00a0couteau suisse\u00a0\u00bb de la flexibilit\u00e9<\/h2>\n\n\n\n<p>Le stockage par batteries stationnaires remplit des fonctions essentielles pour l&rsquo;\u00e9quilibre du syst\u00e8me \u00e9lectrique :<\/p>\n\n\n\n<ol class=\"wp-block-list\">\n<li><strong>Limitation de l&rsquo;\u00e9cr\u00eatement :<\/strong> En p\u00e9riode de forte production d\u00e9passant la demande, les batteries captent l&rsquo;\u00e9nergie qui serait autrement perdue. Sans cette capacit\u00e9, ces surplus peuvent contribuer, avec d&rsquo;autres facteurs de march\u00e9, \u00e0 accentuer la fr\u00e9quence des <strong>prix n\u00e9gatifs<\/strong>, comme le souligne le rapport du Parlement europ\u00e9en de 2025.<\/li>\n\n\n\n<li><strong>Soutien lors des pointes de consommation :<\/strong> En injectant de l&rsquo;\u00e9lectricit\u00e9 lors des pics de demande, le stockage peut r\u00e9duire, \u00e0 l&rsquo;\u00e9chelle <strong>intra-journali\u00e8re<\/strong>, la n\u00e9cessit\u00e9 de solliciter les unit\u00e9s de production de pointe les plus \u00e9mettrices.<\/li>\n\n\n\n<li><strong>Services syst\u00e8me :<\/strong> Avec un rendement aller-retour pouvant atteindre 90 %, les <strong>batteries lithium-ion<\/strong> participent d\u00e9sormais au <strong>r\u00e9glage de la fr\u00e9quence<\/strong>. Cette fonction de stabilit\u00e9 \u00e9tait historiquement assur\u00e9e par les centrales thermiques et nucl\u00e9aires.<\/li>\n<\/ol>\n\n\n\n<p>En France, la progression est document\u00e9e. Selon les indicateurs de <strong>RTE (capacit\u00e9 d&rsquo;injection batterie, mise \u00e0 jour f\u00e9vrier 2026)<\/strong>, la puissance install\u00e9e est pass\u00e9e d&rsquo;environ 50 MW en 2019 \u00e0 pr\u00e8s de <strong>1 600 MW<\/strong> d\u00e9but 2026.<\/p>\n\n\n\n<h2 class=\"wp-block-heading\">Flexibilit\u00e9 : la d\u00e9cennie 2030 ouvre la bascule vers 2050<\/h2>\n\n\n\n<p>Le besoin de <strong>flexibilit\u00e9<\/strong> du syst\u00e8me europ\u00e9en va croissant. Selon les estimations du Parlement europ\u00e9en (PE 769.347), les besoins journaliers pourraient plus que doubler d&rsquo;ici 2033. \u00c0 l&rsquo;horizon 2050, la Commission \u00e9value le besoin global de flexibilit\u00e9 \u00e0 environ <strong>2 189 TWh<\/strong>, soit 30 % de la demande totale d&rsquo;\u00e9lectricit\u00e9 de l&rsquo;Union.<\/p>\n\n\n\n<p>Le <strong>solaire photovolta\u00efque<\/strong> devrait devenir le principal moteur de ce besoin de souplesse \u00e0 court terme. Pour accompagner cette transition, le <strong>Global Energy Storage and Grids Pledge<\/strong>, adopt\u00e9 \u00e0 la <strong>COP29<\/strong>, fixe l&rsquo;objectif de multiplier par six les capacit\u00e9s de stockage mondiales d&rsquo;ici 2030. Toutefois, le succ\u00e8s de ce d\u00e9ploiement d\u00e9pendra de l&rsquo;\u00e9volution des cadres r\u00e9glementaires et de la mise en place de signaux de prix incitatifs pour les investisseurs.<\/p>\n\n\n\n<p>L&rsquo;exemple de l&rsquo;accord allemand illustre que le stockage entre dans une phase de <strong>d\u00e9ploiement industriel<\/strong> \u00e0 grande \u00e9chelle. Il ne s&rsquo;agit pas d&rsquo;opposer les technologies entre elles, mais de construire un syst\u00e8me plus <strong>r\u00e9silient<\/strong> o\u00f9 les \u00e9nergies renouvelables gagnent en <strong>pilotabilit\u00e9<\/strong>.<\/p>\n\n\n\n<p>La mise en \u0153uvre de la <strong>r\u00e9forme du march\u00e9 de l&rsquo;\u00e9lectricit\u00e9 (EMDR)<\/strong>, adopt\u00e9e en juin 2024, sera l&rsquo;un des facteurs d\u00e9terminants pour stabiliser ce cadre. En combinant d\u00e9centralisation et financements institutionnels, le stockage s&rsquo;affirme comme un levier structurant pour un mix \u00e9nerg\u00e9tique europ\u00e9en d\u00e9carbon\u00e9 et s\u00e9curis\u00e9.<\/p>\n\n\n\n<p><strong>Sources de r\u00e9f\u00e9rence :<\/strong><\/p>\n\n\n\n<ul class=\"wp-block-list\">\n<li><em>\u00c9tude du Parlement europ\u00e9en PE 769.347 \u00ab Increasing Flexibility in the EU Energy System \u00bb (Mars 2025).<\/em><\/li>\n\n\n\n<li><em>Communiqu\u00e9 officiel TotalEnergies \/ AllianzGI (Mars 2026).<\/em><\/li>\n\n\n\n<li><em>Donn\u00e9es de capacit\u00e9 d&rsquo;injection RTE (analysesetdonnees.rte-france.com, f\u00e9v. 2026).<\/em><\/li>\n\n\n\n<li><em>Rapport IEA \u00ab Batteries and Secure Energy Transitions \u00bb (Avril 2024).<\/em><\/li>\n\n\n\n<li><em>Global Energy Storage and Grids Pledge (COP29, 2024).<\/em><\/li>\n\n\n\n<li><em>Commission europ\u00e9enne : R\u00e8glement (UE) 2024\/1747 (R\u00e9forme EMDR).<\/em><\/li>\n<\/ul>\n","protected":false},"excerpt":{"rendered":"","protected":false},"author":2,"featured_media":417,"comment_status":"closed","ping_status":"closed","sticky":false,"template":"","format":"standard","meta":{"footnotes":""},"categories":[1],"tags":[],"class_list":["post-415","post","type-post","status-publish","format-standard","has-post-thumbnail","hentry","category-energies","masonry-post","generate-columns","tablet-grid-50","mobile-grid-100","grid-parent","grid-33"],"yoast_head":"<!-- This site is optimized with the Yoast SEO plugin v26.6 - https:\/\/yoast.com\/wordpress\/plugins\/seo\/ -->\n<title>Stockage d\u2019\u00e9lectricit\u00e9 : un levier strat\u00e9gique pour l&#039;int\u00e9gration des EnR en Europe - ECOinfos<\/title>\n<meta name=\"description\" content=\": D\u00e9couvrez comment l&#039;accord TotalEnergies\/AllianzGI en Allemagne et les nouvelles projections du Parlement europ\u00e9en (2025) font du stockage par batteries le pilier de la flexibilit\u00e9 du r\u00e9seau \u00e9lectrique et de l&#039;int\u00e9gration des EnR.\" \/>\n<meta name=\"robots\" content=\"index, follow, max-snippet:-1, max-image-preview:large, max-video-preview:-1\" \/>\n<link rel=\"canonical\" href=\"https:\/\/www.les-energies-renouvelables.eu\/article\/actualites\/energies\/stockage-delectricite-un-levier-strategique-pour-lintegration-des-enr-en-europe-415\/\" \/>\n<meta property=\"og:locale\" content=\"fr_FR\" \/>\n<meta property=\"og:type\" content=\"article\" \/>\n<meta property=\"og:title\" content=\"Stockage d\u2019\u00e9lectricit\u00e9 : un levier strat\u00e9gique pour l&#039;int\u00e9gration des EnR en Europe - ECOinfos\" \/>\n<meta property=\"og:description\" content=\": D\u00e9couvrez comment l&#039;accord TotalEnergies\/AllianzGI en Allemagne et les nouvelles projections du Parlement europ\u00e9en (2025) font du stockage par batteries le pilier de la flexibilit\u00e9 du r\u00e9seau \u00e9lectrique et de l&#039;int\u00e9gration des EnR.\" \/>\n<meta property=\"og:url\" content=\"https:\/\/www.les-energies-renouvelables.eu\/article\/actualites\/energies\/stockage-delectricite-un-levier-strategique-pour-lintegration-des-enr-en-europe-415\/\" \/>\n<meta property=\"og:site_name\" content=\"ECOinfos Energies renouvelables\" \/>\n<meta property=\"article:publisher\" content=\"https:\/\/www.facebook.com\/ecoannuaire.energierenouvelable\/\" \/>\n<meta property=\"article:author\" content=\"https:\/\/www.facebook.com\/tictacf2c\/\" \/>\n<meta property=\"article:published_time\" content=\"2026-03-04T07:00:00+00:00\" \/>\n<meta property=\"og:image\" content=\"https:\/\/www.les-energies-renouvelables.eu\/article\/actualites\/wp-content\/uploads\/2026\/03\/actualites-stockage-delectricite-un-levier-strategique-pour-lintegration-des-enr-en-europe-stockage-electricite-batteries-europe.jpg\" \/>\n\t<meta property=\"og:image:width\" content=\"1200\" \/>\n\t<meta property=\"og:image:height\" content=\"675\" \/>\n\t<meta property=\"og:image:type\" content=\"image\/jpeg\" \/>\n<meta name=\"author\" content=\"Alexia JACQUARD\" \/>\n<meta name=\"twitter:card\" content=\"summary_large_image\" \/>\n<meta name=\"twitter:creator\" content=\"@alexiajcrd\" \/>\n<meta name=\"twitter:site\" content=\"@ECOinfosENR\" \/>\n<meta name=\"twitter:label1\" content=\"\u00c9crit par\" \/>\n\t<meta name=\"twitter:data1\" content=\"Alexia JACQUARD\" \/>\n\t<meta name=\"twitter:label2\" content=\"Dur\u00e9e de lecture estim\u00e9e\" \/>\n\t<meta name=\"twitter:data2\" content=\"5 minutes\" \/>\n<script type=\"application\/ld+json\" class=\"yoast-schema-graph\">{\"@context\":\"https:\/\/schema.org\",\"@graph\":[{\"@type\":\"Article\",\"@id\":\"https:\/\/www.les-energies-renouvelables.eu\/article\/actualites\/energies\/stockage-delectricite-un-levier-strategique-pour-lintegration-des-enr-en-europe-415\/#article\",\"isPartOf\":{\"@id\":\"https:\/\/www.les-energies-renouvelables.eu\/article\/actualites\/energies\/stockage-delectricite-un-levier-strategique-pour-lintegration-des-enr-en-europe-415\/\"},\"author\":{\"name\":\"Alexia JACQUARD\",\"@id\":\"https:\/\/www.les-energies-renouvelables.eu\/article\/actualites\/#\/schema\/person\/2c7d09eb5ca339c12ca8d86145440169\"},\"headline\":\"Stockage d\u2019\u00e9lectricit\u00e9 : un levier strat\u00e9gique pour l&rsquo;int\u00e9gration des EnR en Europe\",\"datePublished\":\"2026-03-04T07:00:00+00:00\",\"mainEntityOfPage\":{\"@id\":\"https:\/\/www.les-energies-renouvelables.eu\/article\/actualites\/energies\/stockage-delectricite-un-levier-strategique-pour-lintegration-des-enr-en-europe-415\/\"},\"wordCount\":888,\"publisher\":{\"@id\":\"https:\/\/www.les-energies-renouvelables.eu\/article\/actualites\/#organization\"},\"image\":{\"@id\":\"https:\/\/www.les-energies-renouvelables.eu\/article\/actualites\/energies\/stockage-delectricite-un-levier-strategique-pour-lintegration-des-enr-en-europe-415\/#primaryimage\"},\"thumbnailUrl\":\"https:\/\/www.les-energies-renouvelables.eu\/article\/actualites\/wp-content\/uploads\/2026\/03\/actualites-stockage-delectricite-un-levier-strategique-pour-lintegration-des-enr-en-europe-stockage-electricite-batteries-europe.jpg\",\"articleSection\":[\"\u00c9nergies\"],\"inLanguage\":\"fr-FR\"},{\"@type\":\"WebPage\",\"@id\":\"https:\/\/www.les-energies-renouvelables.eu\/article\/actualites\/energies\/stockage-delectricite-un-levier-strategique-pour-lintegration-des-enr-en-europe-415\/\",\"url\":\"https:\/\/www.les-energies-renouvelables.eu\/article\/actualites\/energies\/stockage-delectricite-un-levier-strategique-pour-lintegration-des-enr-en-europe-415\/\",\"name\":\"Stockage d\u2019\u00e9lectricit\u00e9 : un levier strat\u00e9gique pour l'int\u00e9gration des EnR en Europe - ECOinfos\",\"isPartOf\":{\"@id\":\"https:\/\/www.les-energies-renouvelables.eu\/article\/actualites\/#website\"},\"primaryImageOfPage\":{\"@id\":\"https:\/\/www.les-energies-renouvelables.eu\/article\/actualites\/energies\/stockage-delectricite-un-levier-strategique-pour-lintegration-des-enr-en-europe-415\/#primaryimage\"},\"image\":{\"@id\":\"https:\/\/www.les-energies-renouvelables.eu\/article\/actualites\/energies\/stockage-delectricite-un-levier-strategique-pour-lintegration-des-enr-en-europe-415\/#primaryimage\"},\"thumbnailUrl\":\"https:\/\/www.les-energies-renouvelables.eu\/article\/actualites\/wp-content\/uploads\/2026\/03\/actualites-stockage-delectricite-un-levier-strategique-pour-lintegration-des-enr-en-europe-stockage-electricite-batteries-europe.jpg\",\"datePublished\":\"2026-03-04T07:00:00+00:00\",\"description\":\": D\u00e9couvrez comment l'accord TotalEnergies\/AllianzGI en Allemagne et les nouvelles projections du Parlement europ\u00e9en (2025) font du stockage par batteries le pilier de la flexibilit\u00e9 du r\u00e9seau \u00e9lectrique et de l'int\u00e9gration des EnR.\",\"breadcrumb\":{\"@id\":\"https:\/\/www.les-energies-renouvelables.eu\/article\/actualites\/energies\/stockage-delectricite-un-levier-strategique-pour-lintegration-des-enr-en-europe-415\/#breadcrumb\"},\"inLanguage\":\"fr-FR\",\"potentialAction\":[{\"@type\":\"ReadAction\",\"target\":[\"https:\/\/www.les-energies-renouvelables.eu\/article\/actualites\/energies\/stockage-delectricite-un-levier-strategique-pour-lintegration-des-enr-en-europe-415\/\"]}]},{\"@type\":\"ImageObject\",\"inLanguage\":\"fr-FR\",\"@id\":\"https:\/\/www.les-energies-renouvelables.eu\/article\/actualites\/energies\/stockage-delectricite-un-levier-strategique-pour-lintegration-des-enr-en-europe-415\/#primaryimage\",\"url\":\"https:\/\/www.les-energies-renouvelables.eu\/article\/actualites\/wp-content\/uploads\/2026\/03\/actualites-stockage-delectricite-un-levier-strategique-pour-lintegration-des-enr-en-europe-stockage-electricite-batteries-europe.jpg\",\"contentUrl\":\"https:\/\/www.les-energies-renouvelables.eu\/article\/actualites\/wp-content\/uploads\/2026\/03\/actualites-stockage-delectricite-un-levier-strategique-pour-lintegration-des-enr-en-europe-stockage-electricite-batteries-europe.jpg\",\"width\":1200,\"height\":675,\"caption\":\"Dall-E\"},{\"@type\":\"BreadcrumbList\",\"@id\":\"https:\/\/www.les-energies-renouvelables.eu\/article\/actualites\/energies\/stockage-delectricite-un-levier-strategique-pour-lintegration-des-enr-en-europe-415\/#breadcrumb\",\"itemListElement\":[{\"@type\":\"ListItem\",\"position\":1,\"name\":\"Accueil\",\"item\":\"https:\/\/www.les-energies-renouvelables.eu\/article\/actualites\/\"},{\"@type\":\"ListItem\",\"position\":2,\"name\":\"Stockage d\u2019\u00e9lectricit\u00e9 : un levier strat\u00e9gique pour l&rsquo;int\u00e9gration des EnR en Europe\"}]},{\"@type\":\"WebSite\",\"@id\":\"https:\/\/www.les-energies-renouvelables.eu\/article\/actualites\/#website\",\"url\":\"https:\/\/www.les-energies-renouvelables.eu\/article\/actualites\/\",\"name\":\"ECOinfos Energies renouvelables\",\"description\":\"Le d\u00e9cryptage quotidien du secteur des \u00e9nergies renouvelables\",\"publisher\":{\"@id\":\"https:\/\/www.les-energies-renouvelables.eu\/article\/actualites\/#organization\"},\"potentialAction\":[{\"@type\":\"SearchAction\",\"target\":{\"@type\":\"EntryPoint\",\"urlTemplate\":\"https:\/\/www.les-energies-renouvelables.eu\/article\/actualites\/?s={search_term_string}\"},\"query-input\":{\"@type\":\"PropertyValueSpecification\",\"valueRequired\":true,\"valueName\":\"search_term_string\"}}],\"inLanguage\":\"fr-FR\"},{\"@type\":\"Organization\",\"@id\":\"https:\/\/www.les-energies-renouvelables.eu\/article\/actualites\/#organization\",\"name\":\"ECOinfos Energies renouvelables\",\"url\":\"https:\/\/www.les-energies-renouvelables.eu\/article\/actualites\/\",\"logo\":{\"@type\":\"ImageObject\",\"inLanguage\":\"fr-FR\",\"@id\":\"https:\/\/www.les-energies-renouvelables.eu\/article\/actualites\/#\/schema\/logo\/image\/\",\"url\":\"https:\/\/www.les-energies-renouvelables.eu\/article\/actualites\/wp-content\/uploads\/2025\/11\/ecoinfos.eldorado-consulting.com-logo-logo.svg\",\"contentUrl\":\"https:\/\/www.les-energies-renouvelables.eu\/article\/actualites\/wp-content\/uploads\/2025\/11\/ecoinfos.eldorado-consulting.com-logo-logo.svg\",\"caption\":\"ECOinfos Energies renouvelables\"},\"image\":{\"@id\":\"https:\/\/www.les-energies-renouvelables.eu\/article\/actualites\/#\/schema\/logo\/image\/\"},\"sameAs\":[\"https:\/\/www.facebook.com\/ecoannuaire.energierenouvelable\/\",\"https:\/\/x.com\/ECOinfosENR\",\"https:\/\/www.linkedin.com\/company\/ecoinfos-energies-renouvelables\/\",\"https:\/\/www.youtube.com\/@ecoinfosenergies\",\"https:\/\/share.google\/dyKHJPxAV42WhhjbM\"]},{\"@type\":\"Person\",\"@id\":\"https:\/\/www.les-energies-renouvelables.eu\/article\/actualites\/#\/schema\/person\/2c7d09eb5ca339c12ca8d86145440169\",\"name\":\"Alexia JACQUARD\",\"pronouns\":\"elle\/elle\",\"image\":{\"@type\":\"ImageObject\",\"inLanguage\":\"fr-FR\",\"@id\":\"https:\/\/www.les-energies-renouvelables.eu\/article\/actualites\/#\/schema\/person\/image\/\",\"url\":\"https:\/\/www.les-energies-renouvelables.eu\/article\/actualites\/wp-content\/uploads\/2026\/01\/actualites-alexia-jacquard-alexia-jacquard-160x160.jpg\",\"contentUrl\":\"https:\/\/www.les-energies-renouvelables.eu\/article\/actualites\/wp-content\/uploads\/2026\/01\/actualites-alexia-jacquard-alexia-jacquard-160x160.jpg\",\"caption\":\"Alexia JACQUARD\"},\"description\":\"Curieuse de nature et attentif aux enjeux du d\u00e9veloppement durable, Alexia Jacquard suit l'actualit\u00e9 des \u00e9nergies renouvelables pour partager les derni\u00e8res nouveaut\u00e9s du secteur. Elle s'attache \u00e0 retranscrire simplement les informations cl\u00e9s et les initiatives positives qui marquent la transition \u00e9nerg\u00e9tique. Son objectif : proposer des articles d'actualit\u00e9 clairs et accessibles pour tous ceux qui s'int\u00e9ressent \u00e0 l'avenir de notre \u00e9nergie.\",\"sameAs\":[\"https:\/\/alexia-jacquard.fr\",\"https:\/\/www.facebook.com\/tictacf2c\/\",\"https:\/\/www.instagram.com\/alexia_redac\/\",\"https:\/\/www.linkedin.com\/in\/alexia-jacquard-449a4b289\/\",\"https:\/\/fr.pinterest.com\/alexiajacquard\/\",\"https:\/\/x.com\/alexiajcrd\",\"https:\/\/www.youtube.com\/@Thepaindemie\",\"https:\/\/muckrack.com\/alexia-jacquard\"],\"url\":\"https:\/\/www.les-energies-renouvelables.eu\/article\/actualites\/author\/alexia-jacquard\/\"}]}<\/script>\n<!-- \/ Yoast SEO plugin. -->","yoast_head_json":{"title":"Stockage d\u2019\u00e9lectricit\u00e9 : un levier strat\u00e9gique pour l'int\u00e9gration des EnR en Europe - ECOinfos","description":": D\u00e9couvrez comment l'accord TotalEnergies\/AllianzGI en Allemagne et les nouvelles projections du Parlement europ\u00e9en (2025) font du stockage par batteries le pilier de la flexibilit\u00e9 du r\u00e9seau \u00e9lectrique et de l'int\u00e9gration des EnR.","robots":{"index":"index","follow":"follow","max-snippet":"max-snippet:-1","max-image-preview":"max-image-preview:large","max-video-preview":"max-video-preview:-1"},"canonical":"https:\/\/www.les-energies-renouvelables.eu\/article\/actualites\/energies\/stockage-delectricite-un-levier-strategique-pour-lintegration-des-enr-en-europe-415\/","og_locale":"fr_FR","og_type":"article","og_title":"Stockage d\u2019\u00e9lectricit\u00e9 : un levier strat\u00e9gique pour l'int\u00e9gration des EnR en Europe - ECOinfos","og_description":": D\u00e9couvrez comment l'accord TotalEnergies\/AllianzGI en Allemagne et les nouvelles projections du Parlement europ\u00e9en (2025) font du stockage par batteries le pilier de la flexibilit\u00e9 du r\u00e9seau \u00e9lectrique et de l'int\u00e9gration des EnR.","og_url":"https:\/\/www.les-energies-renouvelables.eu\/article\/actualites\/energies\/stockage-delectricite-un-levier-strategique-pour-lintegration-des-enr-en-europe-415\/","og_site_name":"ECOinfos Energies renouvelables","article_publisher":"https:\/\/www.facebook.com\/ecoannuaire.energierenouvelable\/","article_author":"https:\/\/www.facebook.com\/tictacf2c\/","article_published_time":"2026-03-04T07:00:00+00:00","og_image":[{"width":1200,"height":675,"url":"https:\/\/www.les-energies-renouvelables.eu\/article\/actualites\/wp-content\/uploads\/2026\/03\/actualites-stockage-delectricite-un-levier-strategique-pour-lintegration-des-enr-en-europe-stockage-electricite-batteries-europe.jpg","type":"image\/jpeg"}],"author":"Alexia JACQUARD","twitter_card":"summary_large_image","twitter_creator":"@alexiajcrd","twitter_site":"@ECOinfosENR","twitter_misc":{"\u00c9crit par":"Alexia JACQUARD","Dur\u00e9e de lecture estim\u00e9e":"5 minutes"},"schema":{"@context":"https:\/\/schema.org","@graph":[{"@type":"Article","@id":"https:\/\/www.les-energies-renouvelables.eu\/article\/actualites\/energies\/stockage-delectricite-un-levier-strategique-pour-lintegration-des-enr-en-europe-415\/#article","isPartOf":{"@id":"https:\/\/www.les-energies-renouvelables.eu\/article\/actualites\/energies\/stockage-delectricite-un-levier-strategique-pour-lintegration-des-enr-en-europe-415\/"},"author":{"name":"Alexia JACQUARD","@id":"https:\/\/www.les-energies-renouvelables.eu\/article\/actualites\/#\/schema\/person\/2c7d09eb5ca339c12ca8d86145440169"},"headline":"Stockage d\u2019\u00e9lectricit\u00e9 : un levier strat\u00e9gique pour l&rsquo;int\u00e9gration des EnR en Europe","datePublished":"2026-03-04T07:00:00+00:00","mainEntityOfPage":{"@id":"https:\/\/www.les-energies-renouvelables.eu\/article\/actualites\/energies\/stockage-delectricite-un-levier-strategique-pour-lintegration-des-enr-en-europe-415\/"},"wordCount":888,"publisher":{"@id":"https:\/\/www.les-energies-renouvelables.eu\/article\/actualites\/#organization"},"image":{"@id":"https:\/\/www.les-energies-renouvelables.eu\/article\/actualites\/energies\/stockage-delectricite-un-levier-strategique-pour-lintegration-des-enr-en-europe-415\/#primaryimage"},"thumbnailUrl":"https:\/\/www.les-energies-renouvelables.eu\/article\/actualites\/wp-content\/uploads\/2026\/03\/actualites-stockage-delectricite-un-levier-strategique-pour-lintegration-des-enr-en-europe-stockage-electricite-batteries-europe.jpg","articleSection":["\u00c9nergies"],"inLanguage":"fr-FR"},{"@type":"WebPage","@id":"https:\/\/www.les-energies-renouvelables.eu\/article\/actualites\/energies\/stockage-delectricite-un-levier-strategique-pour-lintegration-des-enr-en-europe-415\/","url":"https:\/\/www.les-energies-renouvelables.eu\/article\/actualites\/energies\/stockage-delectricite-un-levier-strategique-pour-lintegration-des-enr-en-europe-415\/","name":"Stockage d\u2019\u00e9lectricit\u00e9 : un levier strat\u00e9gique pour l'int\u00e9gration des EnR en Europe - ECOinfos","isPartOf":{"@id":"https:\/\/www.les-energies-renouvelables.eu\/article\/actualites\/#website"},"primaryImageOfPage":{"@id":"https:\/\/www.les-energies-renouvelables.eu\/article\/actualites\/energies\/stockage-delectricite-un-levier-strategique-pour-lintegration-des-enr-en-europe-415\/#primaryimage"},"image":{"@id":"https:\/\/www.les-energies-renouvelables.eu\/article\/actualites\/energies\/stockage-delectricite-un-levier-strategique-pour-lintegration-des-enr-en-europe-415\/#primaryimage"},"thumbnailUrl":"https:\/\/www.les-energies-renouvelables.eu\/article\/actualites\/wp-content\/uploads\/2026\/03\/actualites-stockage-delectricite-un-levier-strategique-pour-lintegration-des-enr-en-europe-stockage-electricite-batteries-europe.jpg","datePublished":"2026-03-04T07:00:00+00:00","description":": D\u00e9couvrez comment l'accord TotalEnergies\/AllianzGI en Allemagne et les nouvelles projections du Parlement europ\u00e9en (2025) font du stockage par batteries le pilier de la flexibilit\u00e9 du r\u00e9seau \u00e9lectrique et de l'int\u00e9gration des EnR.","breadcrumb":{"@id":"https:\/\/www.les-energies-renouvelables.eu\/article\/actualites\/energies\/stockage-delectricite-un-levier-strategique-pour-lintegration-des-enr-en-europe-415\/#breadcrumb"},"inLanguage":"fr-FR","potentialAction":[{"@type":"ReadAction","target":["https:\/\/www.les-energies-renouvelables.eu\/article\/actualites\/energies\/stockage-delectricite-un-levier-strategique-pour-lintegration-des-enr-en-europe-415\/"]}]},{"@type":"ImageObject","inLanguage":"fr-FR","@id":"https:\/\/www.les-energies-renouvelables.eu\/article\/actualites\/energies\/stockage-delectricite-un-levier-strategique-pour-lintegration-des-enr-en-europe-415\/#primaryimage","url":"https:\/\/www.les-energies-renouvelables.eu\/article\/actualites\/wp-content\/uploads\/2026\/03\/actualites-stockage-delectricite-un-levier-strategique-pour-lintegration-des-enr-en-europe-stockage-electricite-batteries-europe.jpg","contentUrl":"https:\/\/www.les-energies-renouvelables.eu\/article\/actualites\/wp-content\/uploads\/2026\/03\/actualites-stockage-delectricite-un-levier-strategique-pour-lintegration-des-enr-en-europe-stockage-electricite-batteries-europe.jpg","width":1200,"height":675,"caption":"Dall-E"},{"@type":"BreadcrumbList","@id":"https:\/\/www.les-energies-renouvelables.eu\/article\/actualites\/energies\/stockage-delectricite-un-levier-strategique-pour-lintegration-des-enr-en-europe-415\/#breadcrumb","itemListElement":[{"@type":"ListItem","position":1,"name":"Accueil","item":"https:\/\/www.les-energies-renouvelables.eu\/article\/actualites\/"},{"@type":"ListItem","position":2,"name":"Stockage d\u2019\u00e9lectricit\u00e9 : un levier strat\u00e9gique pour l&rsquo;int\u00e9gration des EnR en Europe"}]},{"@type":"WebSite","@id":"https:\/\/www.les-energies-renouvelables.eu\/article\/actualites\/#website","url":"https:\/\/www.les-energies-renouvelables.eu\/article\/actualites\/","name":"ECOinfos Energies renouvelables","description":"Le d\u00e9cryptage quotidien du secteur des \u00e9nergies renouvelables","publisher":{"@id":"https:\/\/www.les-energies-renouvelables.eu\/article\/actualites\/#organization"},"potentialAction":[{"@type":"SearchAction","target":{"@type":"EntryPoint","urlTemplate":"https:\/\/www.les-energies-renouvelables.eu\/article\/actualites\/?s={search_term_string}"},"query-input":{"@type":"PropertyValueSpecification","valueRequired":true,"valueName":"search_term_string"}}],"inLanguage":"fr-FR"},{"@type":"Organization","@id":"https:\/\/www.les-energies-renouvelables.eu\/article\/actualites\/#organization","name":"ECOinfos Energies renouvelables","url":"https:\/\/www.les-energies-renouvelables.eu\/article\/actualites\/","logo":{"@type":"ImageObject","inLanguage":"fr-FR","@id":"https:\/\/www.les-energies-renouvelables.eu\/article\/actualites\/#\/schema\/logo\/image\/","url":"https:\/\/www.les-energies-renouvelables.eu\/article\/actualites\/wp-content\/uploads\/2025\/11\/ecoinfos.eldorado-consulting.com-logo-logo.svg","contentUrl":"https:\/\/www.les-energies-renouvelables.eu\/article\/actualites\/wp-content\/uploads\/2025\/11\/ecoinfos.eldorado-consulting.com-logo-logo.svg","caption":"ECOinfos Energies renouvelables"},"image":{"@id":"https:\/\/www.les-energies-renouvelables.eu\/article\/actualites\/#\/schema\/logo\/image\/"},"sameAs":["https:\/\/www.facebook.com\/ecoannuaire.energierenouvelable\/","https:\/\/x.com\/ECOinfosENR","https:\/\/www.linkedin.com\/company\/ecoinfos-energies-renouvelables\/","https:\/\/www.youtube.com\/@ecoinfosenergies","https:\/\/share.google\/dyKHJPxAV42WhhjbM"]},{"@type":"Person","@id":"https:\/\/www.les-energies-renouvelables.eu\/article\/actualites\/#\/schema\/person\/2c7d09eb5ca339c12ca8d86145440169","name":"Alexia JACQUARD","pronouns":"elle\/elle","image":{"@type":"ImageObject","inLanguage":"fr-FR","@id":"https:\/\/www.les-energies-renouvelables.eu\/article\/actualites\/#\/schema\/person\/image\/","url":"https:\/\/www.les-energies-renouvelables.eu\/article\/actualites\/wp-content\/uploads\/2026\/01\/actualites-alexia-jacquard-alexia-jacquard-160x160.jpg","contentUrl":"https:\/\/www.les-energies-renouvelables.eu\/article\/actualites\/wp-content\/uploads\/2026\/01\/actualites-alexia-jacquard-alexia-jacquard-160x160.jpg","caption":"Alexia JACQUARD"},"description":"Curieuse de nature et attentif aux enjeux du d\u00e9veloppement durable, Alexia Jacquard suit l'actualit\u00e9 des \u00e9nergies renouvelables pour partager les derni\u00e8res nouveaut\u00e9s du secteur. Elle s'attache \u00e0 retranscrire simplement les informations cl\u00e9s et les initiatives positives qui marquent la transition \u00e9nerg\u00e9tique. Son objectif : proposer des articles d'actualit\u00e9 clairs et accessibles pour tous ceux qui s'int\u00e9ressent \u00e0 l'avenir de notre \u00e9nergie.","sameAs":["https:\/\/alexia-jacquard.fr","https:\/\/www.facebook.com\/tictacf2c\/","https:\/\/www.instagram.com\/alexia_redac\/","https:\/\/www.linkedin.com\/in\/alexia-jacquard-449a4b289\/","https:\/\/fr.pinterest.com\/alexiajacquard\/","https:\/\/x.com\/alexiajcrd","https:\/\/www.youtube.com\/@Thepaindemie","https:\/\/muckrack.com\/alexia-jacquard"],"url":"https:\/\/www.les-energies-renouvelables.eu\/article\/actualites\/author\/alexia-jacquard\/"}]}},"_links":{"self":[{"href":"https:\/\/www.les-energies-renouvelables.eu\/article\/actualites\/wp-json\/wp\/v2\/posts\/415","targetHints":{"allow":["GET"]}}],"collection":[{"href":"https:\/\/www.les-energies-renouvelables.eu\/article\/actualites\/wp-json\/wp\/v2\/posts"}],"about":[{"href":"https:\/\/www.les-energies-renouvelables.eu\/article\/actualites\/wp-json\/wp\/v2\/types\/post"}],"author":[{"embeddable":true,"href":"https:\/\/www.les-energies-renouvelables.eu\/article\/actualites\/wp-json\/wp\/v2\/users\/2"}],"replies":[{"embeddable":true,"href":"https:\/\/www.les-energies-renouvelables.eu\/article\/actualites\/wp-json\/wp\/v2\/comments?post=415"}],"version-history":[{"count":1,"href":"https:\/\/www.les-energies-renouvelables.eu\/article\/actualites\/wp-json\/wp\/v2\/posts\/415\/revisions"}],"predecessor-version":[{"id":416,"href":"https:\/\/www.les-energies-renouvelables.eu\/article\/actualites\/wp-json\/wp\/v2\/posts\/415\/revisions\/416"}],"wp:featuredmedia":[{"embeddable":true,"href":"https:\/\/www.les-energies-renouvelables.eu\/article\/actualites\/wp-json\/wp\/v2\/media\/417"}],"wp:attachment":[{"href":"https:\/\/www.les-energies-renouvelables.eu\/article\/actualites\/wp-json\/wp\/v2\/media?parent=415"}],"wp:term":[{"taxonomy":"category","embeddable":true,"href":"https:\/\/www.les-energies-renouvelables.eu\/article\/actualites\/wp-json\/wp\/v2\/categories?post=415"},{"taxonomy":"post_tag","embeddable":true,"href":"https:\/\/www.les-energies-renouvelables.eu\/article\/actualites\/wp-json\/wp\/v2\/tags?post=415"}],"curies":[{"name":"wp","href":"https:\/\/api.w.org\/{rel}","templated":true}]}}