{"id":410,"date":"2026-03-03T08:00:00","date_gmt":"2026-03-03T07:00:00","guid":{"rendered":"https:\/\/www.les-energies-renouvelables.eu\/article\/actualites\/?p=410"},"modified":"2026-03-03T14:22:24","modified_gmt":"2026-03-03T13:22:24","slug":"transition-energetique-la-formation-un-levier-operationnel-pour-la-filiere-solaire","status":"publish","type":"post","link":"https:\/\/www.les-energies-renouvelables.eu\/article\/actualites\/energies\/transition-energetique-la-formation-un-levier-operationnel-pour-la-filiere-solaire-410\/","title":{"rendered":"Transition \u00e9nerg\u00e9tique : la formation, un levier op\u00e9rationnel pour la fili\u00e8re solaire"},"content":{"rendered":"\n<p>R\u00e9sum\u00e9 :&nbsp;<\/p>\n\n\n\n<ul class=\"wp-block-list\">\n<li><strong>Le constat :<\/strong> Un manque de personnel form\u00e9 qui peut peser sur le rythme des <strong>chantiers de r\u00e9novation \u00e9nerg\u00e9tique<\/strong>.<\/li>\n\n\n\n<li><strong>L&rsquo;objectif :<\/strong> Certifier <strong>1 752 professionnels<\/strong> en 24 mois pour contribuer \u00e0 l&rsquo;ambition de cr\u00e9er <strong>33 000 emplois solaires<\/strong> d&rsquo;ici 2030.<\/li>\n\n\n\n<li><strong>La m\u00e9thode :<\/strong> Une approche \u00ab\u00a0multi-\u00e9nergies\u00a0\u00bb via <strong>27 modules<\/strong> pour favoriser la polyvalence entre \u00e9lectricit\u00e9 et g\u00e9nie climatique.<\/li>\n\n\n\n<li><strong>Le levier :<\/strong> Un cofinancement europ\u00e9en et la plateforme <strong>SunConnect<\/strong> pour faciliter la mise en relation avec plus de <strong>700 entreprises<\/strong> partenaires.<\/li>\n<\/ul>\n\n\n\n<p>La France projette de porter sa capacit\u00e9 photovolta\u00efque \u00e0 <strong>60 GW<\/strong> \u00e0 l&rsquo;horizon 2030, contre environ 19,2 GW en 2024. Au-del\u00e0 de la seule disponibilit\u00e9 des \u00e9quipements, ce d\u00e9ploiement \u00e0 grande \u00e9chelle suppose une <strong>mont\u00e9e en comp\u00e9tences<\/strong> coordonn\u00e9e des installateurs sur le terrain. La transition \u00e9nerg\u00e9tique suppose ainsi la mobilisation d&rsquo;une main-d&rsquo;\u0153uvre capable de traduire les objectifs de d\u00e9carbonation en installations op\u00e9rationnelles.<\/p>\n\n\n\n<h2 class=\"wp-block-heading\">Un enjeu de ressources humaines pour la fili\u00e8re<\/h2>\n\n\n\n<p>Le d\u00e9ficit de personnel qualifi\u00e9 est identifi\u00e9 par les acteurs du secteur comme un facteur pouvant limiter la cadence des chantiers. Le programme <strong>LIFE SUNACADEMY<\/strong> s&rsquo;appuie sur un constat statistique : sur les <strong>320 000 professionnels<\/strong> du b\u00e2timent potentiellement concern\u00e9s par ces technologies, la part d&rsquo;experts en solaire reste aujourd&rsquo;hui marginale.<\/p>\n\n\n\n<p>Le projet se fixe comme objectif de contribuer \u00e0 la cr\u00e9ation de <strong>33 000 emplois solaires<\/strong> en France d&rsquo;ici 2030. La r\u00e9gion Sud concentre une part importante de cet enjeu avec une cible de <strong>10 000 postes<\/strong>. Dans ce contexte, la structuration d&rsquo;une fili\u00e8re de formation d\u00e9di\u00e9e peut constituer un levier op\u00e9rationnel pour soutenir le rythme de d\u00e9ploiement des <strong>\u00e9nergies renouvelables<\/strong>.<\/p>\n\n\n\n<h2 class=\"wp-block-heading\">De la sp\u00e9cialisation \u00e0 la vision globale du logement<\/h2>\n\n\n\n<p>Le secteur du b\u00e2timent a longtemps fonctionn\u00e9 de mani\u00e8re segment\u00e9e : l&rsquo;\u00e9lectricien intervient sur le courant tandis que le chauffagiste g\u00e8re les <strong>pompes \u00e0 chaleur<\/strong>. Cependant, l&rsquo;efficacit\u00e9 d&rsquo;une r\u00e9novation moderne d\u00e9pend souvent de l&rsquo;interaction entre ces \u00e9quipements, notamment avec le <strong>solaire hybride<\/strong> et les solutions de stockage.<\/p>\n\n\n\n<p>Pour accompagner cette \u00e9volution, LIFE SUNACADEMY propose une architecture de <strong>27 programmes modulaires<\/strong>. L&rsquo;id\u00e9e est de former des techniciens capables de ma\u00eetriser \u00e0 la fois le photovolta\u00efque, le thermique et le pilotage de l&rsquo;\u00e9nergie. Le programme pr\u00e9voit la certification de <strong>1 752 professionnels<\/strong>, dont 60 formateurs, entre novembre 2025 et octobre 2027. Cette approche vise \u00e0 am\u00e9liorer la coordination technique sur les chantiers.<\/p>\n\n\n\n<h2 class=\"wp-block-heading\">La plateforme SunConnect : faciliter le lien avec l&#8217;emploi<\/h2>\n\n\n\n<p>\u00c0 travers la plateforme num\u00e9rique <strong>SunConnect<\/strong>, le projet pr\u00e9voit de mettre en relation les certifi\u00e9s avec un r\u00e9seau de plus de <strong>700 entreprises d&rsquo;installation<\/strong> partenaires. Selon la fiche projet LIFE, cet outil doit permettre de fluidifier les recrutements l\u00e0 o\u00f9 les besoins en profils qualifi\u00e9s sont identifi\u00e9s comme importants. Cette centralisation des opportunit\u00e9s peut contribuer \u00e0 r\u00e9pondre aux tensions de recrutement locales.<\/p>\n\n\n\n<p>Ce programme (r\u00e9f\u00e9rence <strong>LIFE24-CET-LIFE-SUNACADEMY\/101198220<\/strong>) b\u00e9n\u00e9ficie d&rsquo;un budget total \u00e9ligible de <strong>1 223 192 \u20ac<\/strong>, dont <strong>1 162 032 \u20ac<\/strong> apport\u00e9s par l&rsquo;Union europ\u00e9enne. Ce soutien financier aide \u00e0 lever certains freins op\u00e9rationnels au d\u00e9ploiement des \u00e9nergies propres. L&rsquo;ambition est de couvrir <strong>20 % de la demande nationale<\/strong> en installateurs qualifi\u00e9s, et jusqu&rsquo;\u00e0 70 % de la demande sp\u00e9cifique en r\u00e9gion Sud.<\/p>\n\n\n\n<p>La formation technique fait partie des leviers de la transition \u00e9nerg\u00e9tique, au m\u00eame titre que le financement ou la logistique. Pour tripler la capacit\u00e9 photovolta\u00efque fran\u00e7aise d&rsquo;ici 2030, le secteur requiert une ex\u00e9cution de qualit\u00e9 sur chaque chantier. La r\u00e9ussite du d\u00e9ploiement des <strong>\u00e9nergies renouvelables<\/strong> repose ainsi notamment sur la capacit\u00e9 du syst\u00e8me de formation \u00e0 s&rsquo;adapter aux \u00e9volutions technologiques et aux besoins op\u00e9rationnels du march\u00e9 du travail.<\/p>\n","protected":false},"excerpt":{"rendered":"","protected":false},"author":1,"featured_media":412,"comment_status":"closed","ping_status":"closed","sticky":false,"template":"","format":"standard","meta":{"footnotes":""},"categories":[1],"tags":[],"class_list":["post-410","post","type-post","status-publish","format-standard","has-post-thumbnail","hentry","category-energies","masonry-post","generate-columns","tablet-grid-50","mobile-grid-100","grid-parent","grid-33"],"yoast_head":"<!-- This site is optimized with the Yoast SEO plugin v26.6 - https:\/\/yoast.com\/wordpress\/plugins\/seo\/ -->\n<title>Transition \u00e9nerg\u00e9tique : la formation, un levier op\u00e9rationnel pour la fili\u00e8re solaire - ECOinfos<\/title>\n<meta name=\"description\" content=\"Face \u00e0 la p\u00e9nurie d&#039;installateurs, le projet LIFE SUNACADEMY, soutenu par l&#039;UE et Dualsun, structure une fili\u00e8re de formation multi-\u00e9nergies pour certifier 1 752 experts du solaire d&#039;ici 2027.\" \/>\n<meta name=\"robots\" content=\"index, follow, max-snippet:-1, max-image-preview:large, max-video-preview:-1\" \/>\n<link rel=\"canonical\" href=\"https:\/\/www.les-energies-renouvelables.eu\/article\/actualites\/energies\/transition-energetique-la-formation-un-levier-operationnel-pour-la-filiere-solaire-410\/\" \/>\n<meta property=\"og:locale\" content=\"fr_FR\" \/>\n<meta property=\"og:type\" content=\"article\" \/>\n<meta property=\"og:title\" content=\"Transition \u00e9nerg\u00e9tique : la formation, un levier op\u00e9rationnel pour la fili\u00e8re solaire - ECOinfos\" \/>\n<meta property=\"og:description\" content=\"Face \u00e0 la p\u00e9nurie d&#039;installateurs, le projet LIFE SUNACADEMY, soutenu par l&#039;UE et Dualsun, structure une fili\u00e8re de formation multi-\u00e9nergies pour certifier 1 752 experts du solaire d&#039;ici 2027.\" \/>\n<meta property=\"og:url\" content=\"https:\/\/www.les-energies-renouvelables.eu\/article\/actualites\/energies\/transition-energetique-la-formation-un-levier-operationnel-pour-la-filiere-solaire-410\/\" \/>\n<meta property=\"og:site_name\" content=\"ECOinfos Energies renouvelables\" \/>\n<meta property=\"article:publisher\" content=\"https:\/\/www.facebook.com\/ecoannuaire.energierenouvelable\/\" \/>\n<meta property=\"article:published_time\" content=\"2026-03-03T07:00:00+00:00\" \/>\n<meta property=\"article:modified_time\" content=\"2026-03-03T13:22:24+00:00\" \/>\n<meta property=\"og:image\" content=\"https:\/\/www.les-energies-renouvelables.eu\/article\/actualites\/wp-content\/uploads\/2026\/03\/actualites-transition-energetique-la-formation-un-levier-operationnel-pour-la-filiere-solaire-formation-installation-photovoltaique-france.jpg\" \/>\n\t<meta property=\"og:image:width\" content=\"1200\" \/>\n\t<meta property=\"og:image:height\" content=\"675\" \/>\n\t<meta property=\"og:image:type\" content=\"image\/jpeg\" \/>\n<meta name=\"author\" content=\"eldorado\" \/>\n<meta name=\"twitter:card\" content=\"summary_large_image\" \/>\n<meta name=\"twitter:creator\" content=\"@ECOinfosENR\" \/>\n<meta name=\"twitter:site\" content=\"@ECOinfosENR\" \/>\n<meta name=\"twitter:label1\" content=\"\u00c9crit par\" \/>\n\t<meta name=\"twitter:data1\" content=\"eldorado\" \/>\n\t<meta name=\"twitter:label2\" content=\"Dur\u00e9e de lecture estim\u00e9e\" \/>\n\t<meta name=\"twitter:data2\" content=\"3 minutes\" \/>\n<script type=\"application\/ld+json\" class=\"yoast-schema-graph\">{\"@context\":\"https:\/\/schema.org\",\"@graph\":[{\"@type\":\"Article\",\"@id\":\"https:\/\/www.les-energies-renouvelables.eu\/article\/actualites\/energies\/transition-energetique-la-formation-un-levier-operationnel-pour-la-filiere-solaire-410\/#article\",\"isPartOf\":{\"@id\":\"https:\/\/www.les-energies-renouvelables.eu\/article\/actualites\/energies\/transition-energetique-la-formation-un-levier-operationnel-pour-la-filiere-solaire-410\/\"},\"author\":{\"name\":\"eldorado\",\"@id\":\"https:\/\/www.les-energies-renouvelables.eu\/article\/actualites\/#\/schema\/person\/ea4a87f9e4cf6950b2146e070dc07d87\"},\"headline\":\"Transition \u00e9nerg\u00e9tique : la formation, un levier op\u00e9rationnel pour la fili\u00e8re solaire\",\"datePublished\":\"2026-03-03T07:00:00+00:00\",\"dateModified\":\"2026-03-03T13:22:24+00:00\",\"mainEntityOfPage\":{\"@id\":\"https:\/\/www.les-energies-renouvelables.eu\/article\/actualites\/energies\/transition-energetique-la-formation-un-levier-operationnel-pour-la-filiere-solaire-410\/\"},\"wordCount\":630,\"publisher\":{\"@id\":\"https:\/\/www.les-energies-renouvelables.eu\/article\/actualites\/#organization\"},\"image\":{\"@id\":\"https:\/\/www.les-energies-renouvelables.eu\/article\/actualites\/energies\/transition-energetique-la-formation-un-levier-operationnel-pour-la-filiere-solaire-410\/#primaryimage\"},\"thumbnailUrl\":\"https:\/\/www.les-energies-renouvelables.eu\/article\/actualites\/wp-content\/uploads\/2026\/03\/actualites-transition-energetique-la-formation-un-levier-operationnel-pour-la-filiere-solaire-formation-installation-photovoltaique-france.jpg\",\"articleSection\":[\"\u00c9nergies\"],\"inLanguage\":\"fr-FR\"},{\"@type\":\"WebPage\",\"@id\":\"https:\/\/www.les-energies-renouvelables.eu\/article\/actualites\/energies\/transition-energetique-la-formation-un-levier-operationnel-pour-la-filiere-solaire-410\/\",\"url\":\"https:\/\/www.les-energies-renouvelables.eu\/article\/actualites\/energies\/transition-energetique-la-formation-un-levier-operationnel-pour-la-filiere-solaire-410\/\",\"name\":\"Transition \u00e9nerg\u00e9tique : la formation, un levier op\u00e9rationnel pour la fili\u00e8re solaire - ECOinfos\",\"isPartOf\":{\"@id\":\"https:\/\/www.les-energies-renouvelables.eu\/article\/actualites\/#website\"},\"primaryImageOfPage\":{\"@id\":\"https:\/\/www.les-energies-renouvelables.eu\/article\/actualites\/energies\/transition-energetique-la-formation-un-levier-operationnel-pour-la-filiere-solaire-410\/#primaryimage\"},\"image\":{\"@id\":\"https:\/\/www.les-energies-renouvelables.eu\/article\/actualites\/energies\/transition-energetique-la-formation-un-levier-operationnel-pour-la-filiere-solaire-410\/#primaryimage\"},\"thumbnailUrl\":\"https:\/\/www.les-energies-renouvelables.eu\/article\/actualites\/wp-content\/uploads\/2026\/03\/actualites-transition-energetique-la-formation-un-levier-operationnel-pour-la-filiere-solaire-formation-installation-photovoltaique-france.jpg\",\"datePublished\":\"2026-03-03T07:00:00+00:00\",\"dateModified\":\"2026-03-03T13:22:24+00:00\",\"description\":\"Face \u00e0 la p\u00e9nurie d'installateurs, le projet LIFE SUNACADEMY, soutenu par l'UE et Dualsun, structure une fili\u00e8re de formation multi-\u00e9nergies pour certifier 1 752 experts du solaire d'ici 2027.\",\"breadcrumb\":{\"@id\":\"https:\/\/www.les-energies-renouvelables.eu\/article\/actualites\/energies\/transition-energetique-la-formation-un-levier-operationnel-pour-la-filiere-solaire-410\/#breadcrumb\"},\"inLanguage\":\"fr-FR\",\"potentialAction\":[{\"@type\":\"ReadAction\",\"target\":[\"https:\/\/www.les-energies-renouvelables.eu\/article\/actualites\/energies\/transition-energetique-la-formation-un-levier-operationnel-pour-la-filiere-solaire-410\/\"]}]},{\"@type\":\"ImageObject\",\"inLanguage\":\"fr-FR\",\"@id\":\"https:\/\/www.les-energies-renouvelables.eu\/article\/actualites\/energies\/transition-energetique-la-formation-un-levier-operationnel-pour-la-filiere-solaire-410\/#primaryimage\",\"url\":\"https:\/\/www.les-energies-renouvelables.eu\/article\/actualites\/wp-content\/uploads\/2026\/03\/actualites-transition-energetique-la-formation-un-levier-operationnel-pour-la-filiere-solaire-formation-installation-photovoltaique-france.jpg\",\"contentUrl\":\"https:\/\/www.les-energies-renouvelables.eu\/article\/actualites\/wp-content\/uploads\/2026\/03\/actualites-transition-energetique-la-formation-un-levier-operationnel-pour-la-filiere-solaire-formation-installation-photovoltaique-france.jpg\",\"width\":1200,\"height\":675,\"caption\":\"Dall-E\"},{\"@type\":\"BreadcrumbList\",\"@id\":\"https:\/\/www.les-energies-renouvelables.eu\/article\/actualites\/energies\/transition-energetique-la-formation-un-levier-operationnel-pour-la-filiere-solaire-410\/#breadcrumb\",\"itemListElement\":[{\"@type\":\"ListItem\",\"position\":1,\"name\":\"Accueil\",\"item\":\"https:\/\/www.les-energies-renouvelables.eu\/article\/actualites\/\"},{\"@type\":\"ListItem\",\"position\":2,\"name\":\"Transition \u00e9nerg\u00e9tique : la formation, un levier op\u00e9rationnel pour la fili\u00e8re solaire\"}]},{\"@type\":\"WebSite\",\"@id\":\"https:\/\/www.les-energies-renouvelables.eu\/article\/actualites\/#website\",\"url\":\"https:\/\/www.les-energies-renouvelables.eu\/article\/actualites\/\",\"name\":\"ECOinfos Energies renouvelables\",\"description\":\"Le d\u00e9cryptage quotidien du secteur des \u00e9nergies renouvelables\",\"publisher\":{\"@id\":\"https:\/\/www.les-energies-renouvelables.eu\/article\/actualites\/#organization\"},\"potentialAction\":[{\"@type\":\"SearchAction\",\"target\":{\"@type\":\"EntryPoint\",\"urlTemplate\":\"https:\/\/www.les-energies-renouvelables.eu\/article\/actualites\/?s={search_term_string}\"},\"query-input\":{\"@type\":\"PropertyValueSpecification\",\"valueRequired\":true,\"valueName\":\"search_term_string\"}}],\"inLanguage\":\"fr-FR\"},{\"@type\":\"Organization\",\"@id\":\"https:\/\/www.les-energies-renouvelables.eu\/article\/actualites\/#organization\",\"name\":\"ECOinfos Energies renouvelables\",\"url\":\"https:\/\/www.les-energies-renouvelables.eu\/article\/actualites\/\",\"logo\":{\"@type\":\"ImageObject\",\"inLanguage\":\"fr-FR\",\"@id\":\"https:\/\/www.les-energies-renouvelables.eu\/article\/actualites\/#\/schema\/logo\/image\/\",\"url\":\"https:\/\/www.les-energies-renouvelables.eu\/article\/actualites\/wp-content\/uploads\/2025\/11\/ecoinfos.eldorado-consulting.com-logo-logo.svg\",\"contentUrl\":\"https:\/\/www.les-energies-renouvelables.eu\/article\/actualites\/wp-content\/uploads\/2025\/11\/ecoinfos.eldorado-consulting.com-logo-logo.svg\",\"caption\":\"ECOinfos Energies renouvelables\"},\"image\":{\"@id\":\"https:\/\/www.les-energies-renouvelables.eu\/article\/actualites\/#\/schema\/logo\/image\/\"},\"sameAs\":[\"https:\/\/www.facebook.com\/ecoannuaire.energierenouvelable\/\",\"https:\/\/x.com\/ECOinfosENR\",\"https:\/\/www.linkedin.com\/company\/ecoinfos-energies-renouvelables\/\",\"https:\/\/www.youtube.com\/@ecoinfosenergies\",\"https:\/\/share.google\/dyKHJPxAV42WhhjbM\"]},{\"@type\":\"Person\",\"@id\":\"https:\/\/www.les-energies-renouvelables.eu\/article\/actualites\/#\/schema\/person\/ea4a87f9e4cf6950b2146e070dc07d87\",\"name\":\"eldorado\",\"image\":{\"@type\":\"ImageObject\",\"inLanguage\":\"fr-FR\",\"@id\":\"https:\/\/www.les-energies-renouvelables.eu\/article\/actualites\/#\/schema\/person\/image\/\",\"url\":\"https:\/\/www.les-energies-renouvelables.eu\/article\/actualites\/wp-content\/plugins\/eldorado\/images\/icons\/avatar.svg\",\"contentUrl\":\"https:\/\/www.les-energies-renouvelables.eu\/article\/actualites\/wp-content\/plugins\/eldorado\/images\/icons\/avatar.svg\",\"caption\":\"eldorado\"},\"sameAs\":[\"https:\/\/www.les-energies-renouvelables.eu\/article\/actualites\"],\"url\":\"https:\/\/www.les-energies-renouvelables.eu\/article\/actualites\/author\/eldorado\/\"}]}<\/script>\n<!-- \/ Yoast SEO plugin. -->","yoast_head_json":{"title":"Transition \u00e9nerg\u00e9tique : la formation, un levier op\u00e9rationnel pour la fili\u00e8re solaire - ECOinfos","description":"Face \u00e0 la p\u00e9nurie d'installateurs, le projet LIFE SUNACADEMY, soutenu par l'UE et Dualsun, structure une fili\u00e8re de formation multi-\u00e9nergies pour certifier 1 752 experts du solaire d'ici 2027.","robots":{"index":"index","follow":"follow","max-snippet":"max-snippet:-1","max-image-preview":"max-image-preview:large","max-video-preview":"max-video-preview:-1"},"canonical":"https:\/\/www.les-energies-renouvelables.eu\/article\/actualites\/energies\/transition-energetique-la-formation-un-levier-operationnel-pour-la-filiere-solaire-410\/","og_locale":"fr_FR","og_type":"article","og_title":"Transition \u00e9nerg\u00e9tique : la formation, un levier op\u00e9rationnel pour la fili\u00e8re solaire - ECOinfos","og_description":"Face \u00e0 la p\u00e9nurie d'installateurs, le projet LIFE SUNACADEMY, soutenu par l'UE et Dualsun, structure une fili\u00e8re de formation multi-\u00e9nergies pour certifier 1 752 experts du solaire d'ici 2027.","og_url":"https:\/\/www.les-energies-renouvelables.eu\/article\/actualites\/energies\/transition-energetique-la-formation-un-levier-operationnel-pour-la-filiere-solaire-410\/","og_site_name":"ECOinfos Energies renouvelables","article_publisher":"https:\/\/www.facebook.com\/ecoannuaire.energierenouvelable\/","article_published_time":"2026-03-03T07:00:00+00:00","article_modified_time":"2026-03-03T13:22:24+00:00","og_image":[{"width":1200,"height":675,"url":"https:\/\/www.les-energies-renouvelables.eu\/article\/actualites\/wp-content\/uploads\/2026\/03\/actualites-transition-energetique-la-formation-un-levier-operationnel-pour-la-filiere-solaire-formation-installation-photovoltaique-france.jpg","type":"image\/jpeg"}],"author":"eldorado","twitter_card":"summary_large_image","twitter_creator":"@ECOinfosENR","twitter_site":"@ECOinfosENR","twitter_misc":{"\u00c9crit par":"eldorado","Dur\u00e9e de lecture estim\u00e9e":"3 minutes"},"schema":{"@context":"https:\/\/schema.org","@graph":[{"@type":"Article","@id":"https:\/\/www.les-energies-renouvelables.eu\/article\/actualites\/energies\/transition-energetique-la-formation-un-levier-operationnel-pour-la-filiere-solaire-410\/#article","isPartOf":{"@id":"https:\/\/www.les-energies-renouvelables.eu\/article\/actualites\/energies\/transition-energetique-la-formation-un-levier-operationnel-pour-la-filiere-solaire-410\/"},"author":{"name":"eldorado","@id":"https:\/\/www.les-energies-renouvelables.eu\/article\/actualites\/#\/schema\/person\/ea4a87f9e4cf6950b2146e070dc07d87"},"headline":"Transition \u00e9nerg\u00e9tique : la formation, un levier op\u00e9rationnel pour la fili\u00e8re solaire","datePublished":"2026-03-03T07:00:00+00:00","dateModified":"2026-03-03T13:22:24+00:00","mainEntityOfPage":{"@id":"https:\/\/www.les-energies-renouvelables.eu\/article\/actualites\/energies\/transition-energetique-la-formation-un-levier-operationnel-pour-la-filiere-solaire-410\/"},"wordCount":630,"publisher":{"@id":"https:\/\/www.les-energies-renouvelables.eu\/article\/actualites\/#organization"},"image":{"@id":"https:\/\/www.les-energies-renouvelables.eu\/article\/actualites\/energies\/transition-energetique-la-formation-un-levier-operationnel-pour-la-filiere-solaire-410\/#primaryimage"},"thumbnailUrl":"https:\/\/www.les-energies-renouvelables.eu\/article\/actualites\/wp-content\/uploads\/2026\/03\/actualites-transition-energetique-la-formation-un-levier-operationnel-pour-la-filiere-solaire-formation-installation-photovoltaique-france.jpg","articleSection":["\u00c9nergies"],"inLanguage":"fr-FR"},{"@type":"WebPage","@id":"https:\/\/www.les-energies-renouvelables.eu\/article\/actualites\/energies\/transition-energetique-la-formation-un-levier-operationnel-pour-la-filiere-solaire-410\/","url":"https:\/\/www.les-energies-renouvelables.eu\/article\/actualites\/energies\/transition-energetique-la-formation-un-levier-operationnel-pour-la-filiere-solaire-410\/","name":"Transition \u00e9nerg\u00e9tique : la formation, un levier op\u00e9rationnel pour la fili\u00e8re solaire - ECOinfos","isPartOf":{"@id":"https:\/\/www.les-energies-renouvelables.eu\/article\/actualites\/#website"},"primaryImageOfPage":{"@id":"https:\/\/www.les-energies-renouvelables.eu\/article\/actualites\/energies\/transition-energetique-la-formation-un-levier-operationnel-pour-la-filiere-solaire-410\/#primaryimage"},"image":{"@id":"https:\/\/www.les-energies-renouvelables.eu\/article\/actualites\/energies\/transition-energetique-la-formation-un-levier-operationnel-pour-la-filiere-solaire-410\/#primaryimage"},"thumbnailUrl":"https:\/\/www.les-energies-renouvelables.eu\/article\/actualites\/wp-content\/uploads\/2026\/03\/actualites-transition-energetique-la-formation-un-levier-operationnel-pour-la-filiere-solaire-formation-installation-photovoltaique-france.jpg","datePublished":"2026-03-03T07:00:00+00:00","dateModified":"2026-03-03T13:22:24+00:00","description":"Face \u00e0 la p\u00e9nurie d'installateurs, le projet LIFE SUNACADEMY, soutenu par l'UE et Dualsun, structure une fili\u00e8re de formation multi-\u00e9nergies pour certifier 1 752 experts du solaire d'ici 2027.","breadcrumb":{"@id":"https:\/\/www.les-energies-renouvelables.eu\/article\/actualites\/energies\/transition-energetique-la-formation-un-levier-operationnel-pour-la-filiere-solaire-410\/#breadcrumb"},"inLanguage":"fr-FR","potentialAction":[{"@type":"ReadAction","target":["https:\/\/www.les-energies-renouvelables.eu\/article\/actualites\/energies\/transition-energetique-la-formation-un-levier-operationnel-pour-la-filiere-solaire-410\/"]}]},{"@type":"ImageObject","inLanguage":"fr-FR","@id":"https:\/\/www.les-energies-renouvelables.eu\/article\/actualites\/energies\/transition-energetique-la-formation-un-levier-operationnel-pour-la-filiere-solaire-410\/#primaryimage","url":"https:\/\/www.les-energies-renouvelables.eu\/article\/actualites\/wp-content\/uploads\/2026\/03\/actualites-transition-energetique-la-formation-un-levier-operationnel-pour-la-filiere-solaire-formation-installation-photovoltaique-france.jpg","contentUrl":"https:\/\/www.les-energies-renouvelables.eu\/article\/actualites\/wp-content\/uploads\/2026\/03\/actualites-transition-energetique-la-formation-un-levier-operationnel-pour-la-filiere-solaire-formation-installation-photovoltaique-france.jpg","width":1200,"height":675,"caption":"Dall-E"},{"@type":"BreadcrumbList","@id":"https:\/\/www.les-energies-renouvelables.eu\/article\/actualites\/energies\/transition-energetique-la-formation-un-levier-operationnel-pour-la-filiere-solaire-410\/#breadcrumb","itemListElement":[{"@type":"ListItem","position":1,"name":"Accueil","item":"https:\/\/www.les-energies-renouvelables.eu\/article\/actualites\/"},{"@type":"ListItem","position":2,"name":"Transition \u00e9nerg\u00e9tique : la formation, un levier op\u00e9rationnel pour la fili\u00e8re solaire"}]},{"@type":"WebSite","@id":"https:\/\/www.les-energies-renouvelables.eu\/article\/actualites\/#website","url":"https:\/\/www.les-energies-renouvelables.eu\/article\/actualites\/","name":"ECOinfos Energies renouvelables","description":"Le d\u00e9cryptage quotidien du secteur des \u00e9nergies renouvelables","publisher":{"@id":"https:\/\/www.les-energies-renouvelables.eu\/article\/actualites\/#organization"},"potentialAction":[{"@type":"SearchAction","target":{"@type":"EntryPoint","urlTemplate":"https:\/\/www.les-energies-renouvelables.eu\/article\/actualites\/?s={search_term_string}"},"query-input":{"@type":"PropertyValueSpecification","valueRequired":true,"valueName":"search_term_string"}}],"inLanguage":"fr-FR"},{"@type":"Organization","@id":"https:\/\/www.les-energies-renouvelables.eu\/article\/actualites\/#organization","name":"ECOinfos Energies renouvelables","url":"https:\/\/www.les-energies-renouvelables.eu\/article\/actualites\/","logo":{"@type":"ImageObject","inLanguage":"fr-FR","@id":"https:\/\/www.les-energies-renouvelables.eu\/article\/actualites\/#\/schema\/logo\/image\/","url":"https:\/\/www.les-energies-renouvelables.eu\/article\/actualites\/wp-content\/uploads\/2025\/11\/ecoinfos.eldorado-consulting.com-logo-logo.svg","contentUrl":"https:\/\/www.les-energies-renouvelables.eu\/article\/actualites\/wp-content\/uploads\/2025\/11\/ecoinfos.eldorado-consulting.com-logo-logo.svg","caption":"ECOinfos Energies renouvelables"},"image":{"@id":"https:\/\/www.les-energies-renouvelables.eu\/article\/actualites\/#\/schema\/logo\/image\/"},"sameAs":["https:\/\/www.facebook.com\/ecoannuaire.energierenouvelable\/","https:\/\/x.com\/ECOinfosENR","https:\/\/www.linkedin.com\/company\/ecoinfos-energies-renouvelables\/","https:\/\/www.youtube.com\/@ecoinfosenergies","https:\/\/share.google\/dyKHJPxAV42WhhjbM"]},{"@type":"Person","@id":"https:\/\/www.les-energies-renouvelables.eu\/article\/actualites\/#\/schema\/person\/ea4a87f9e4cf6950b2146e070dc07d87","name":"eldorado","image":{"@type":"ImageObject","inLanguage":"fr-FR","@id":"https:\/\/www.les-energies-renouvelables.eu\/article\/actualites\/#\/schema\/person\/image\/","url":"https:\/\/www.les-energies-renouvelables.eu\/article\/actualites\/wp-content\/plugins\/eldorado\/images\/icons\/avatar.svg","contentUrl":"https:\/\/www.les-energies-renouvelables.eu\/article\/actualites\/wp-content\/plugins\/eldorado\/images\/icons\/avatar.svg","caption":"eldorado"},"sameAs":["https:\/\/www.les-energies-renouvelables.eu\/article\/actualites"],"url":"https:\/\/www.les-energies-renouvelables.eu\/article\/actualites\/author\/eldorado\/"}]}},"_links":{"self":[{"href":"https:\/\/www.les-energies-renouvelables.eu\/article\/actualites\/wp-json\/wp\/v2\/posts\/410","targetHints":{"allow":["GET"]}}],"collection":[{"href":"https:\/\/www.les-energies-renouvelables.eu\/article\/actualites\/wp-json\/wp\/v2\/posts"}],"about":[{"href":"https:\/\/www.les-energies-renouvelables.eu\/article\/actualites\/wp-json\/wp\/v2\/types\/post"}],"author":[{"embeddable":true,"href":"https:\/\/www.les-energies-renouvelables.eu\/article\/actualites\/wp-json\/wp\/v2\/users\/1"}],"replies":[{"embeddable":true,"href":"https:\/\/www.les-energies-renouvelables.eu\/article\/actualites\/wp-json\/wp\/v2\/comments?post=410"}],"version-history":[{"count":1,"href":"https:\/\/www.les-energies-renouvelables.eu\/article\/actualites\/wp-json\/wp\/v2\/posts\/410\/revisions"}],"predecessor-version":[{"id":411,"href":"https:\/\/www.les-energies-renouvelables.eu\/article\/actualites\/wp-json\/wp\/v2\/posts\/410\/revisions\/411"}],"wp:featuredmedia":[{"embeddable":true,"href":"https:\/\/www.les-energies-renouvelables.eu\/article\/actualites\/wp-json\/wp\/v2\/media\/412"}],"wp:attachment":[{"href":"https:\/\/www.les-energies-renouvelables.eu\/article\/actualites\/wp-json\/wp\/v2\/media?parent=410"}],"wp:term":[{"taxonomy":"category","embeddable":true,"href":"https:\/\/www.les-energies-renouvelables.eu\/article\/actualites\/wp-json\/wp\/v2\/categories?post=410"},{"taxonomy":"post_tag","embeddable":true,"href":"https:\/\/www.les-energies-renouvelables.eu\/article\/actualites\/wp-json\/wp\/v2\/tags?post=410"}],"curies":[{"name":"wp","href":"https:\/\/api.w.org\/{rel}","templated":true}]}}