{"id":407,"date":"2026-03-02T08:00:00","date_gmt":"2026-03-02T07:00:00","guid":{"rendered":"https:\/\/www.les-energies-renouvelables.eu\/article\/actualites\/?p=407"},"modified":"2026-03-02T23:09:20","modified_gmt":"2026-03-02T22:09:20","slug":"lagrivoltaisme-au-salon-de-lagriculture-partenariats-et-evolutions-du-cadre-legislatif","status":"publish","type":"post","link":"https:\/\/www.les-energies-renouvelables.eu\/article\/actualites\/energies\/lagrivoltaisme-au-salon-de-lagriculture-partenariats-et-evolutions-du-cadre-legislatif-407\/","title":{"rendered":"L\u2019agrivolta\u00efsme au Salon de l\u2019agriculture : partenariats et \u00e9volutions du cadre l\u00e9gislatif"},"content":{"rendered":"\n<p>R\u00e9sum\u00e9:&nbsp;<\/p>\n\n\n\n<ul class=\"wp-block-list\">\n<li><strong>Alliances strat\u00e9giques :<\/strong> Signature d&rsquo;accords entre \u00e9nerg\u00e9ticiens et structures agricoles (TSE\/C\u00e9r\u00e8sia, TotalEnergies\/InVivo, Solveo\/FNO).<\/li>\n\n\n\n<li><strong>Donn\u00e9es de perception :<\/strong> Selon une enqu\u00eate <strong>Sun\u2019Agri\/Ipsos<\/strong>, moins d\u2019un tiers des agriculteurs connaissent les r\u00e8gles relatives \u00e0 la <strong>primaut\u00e9 de l&rsquo;usage agricole<\/strong> des sols.<\/li>\n\n\n\n<li><strong>Cadre l\u00e9gislatif :<\/strong> La proposition de loi Lecamp (f\u00e9vrier 2025) pr\u00e9voit l&rsquo;instauration de <strong>conventions-cadres de 20 ans<\/strong> et des m\u00e9canismes de partage de la valeur.<\/li>\n\n\n\n<li><strong>Priorit\u00e9 agricole :<\/strong> Le <strong>d\u00e9cret d&rsquo;application<\/strong> de la loi APER conditionne la conformit\u00e9 d&rsquo;une installation au maintien de la production agricole primaire.<\/li>\n<\/ul>\n\n\n\n<p>Le Salon de l\u2019agriculture 2026 accueille plusieurs <strong>d\u00e9veloppeurs photovolta\u00efques<\/strong>, tels que TSE, TotalEnergies et Solveo Energies. Pour ces acteurs, l&rsquo;\u00e9v\u00e9nement est l&rsquo;occasion de formaliser des partenariats avec des <strong>coop\u00e9ratives<\/strong> et des organisations du monde agricole.<\/p>\n\n\n\n<p>Ces collaborations se d\u00e9clinent via diff\u00e9rents outils selon les besoins des territoires : certains projets reposent sur des <strong>soci\u00e9t\u00e9s de co-d\u00e9veloppement<\/strong> (C\u00e9r\u00e8sia\/TSE), tandis que d&rsquo;autres s&rsquo;inscrivent dans des <strong>chartes sectorielles<\/strong> (Solveo\/FNO) ou utilisent les donn\u00e9es issues de <strong>d\u00e9monstrateurs techniques<\/strong> (TotalEnergies\/InVivo).<\/p>\n\n\n\n<h2 class=\"wp-block-heading\">Alliances entre \u00e9nerg\u00e9ticiens et acteurs agricoles<\/h2>\n\n\n\n<p>Le d\u00e9ploiement des infrastructures se structure d\u00e9sormais autour d&rsquo;accords de long terme. La coop\u00e9rative <strong>C\u00e9r\u00e8sia<\/strong> et le producteur <strong>TSE<\/strong> ont ainsi sign\u00e9 un partenariat pour d\u00e9velopper <strong>250 MWc de projets<\/strong> d\u2019ici \u00e0 la fin 2030. Cette alliance est port\u00e9e par une soci\u00e9t\u00e9 d\u00e9di\u00e9e charg\u00e9e du d\u00e9veloppement et de l\u2019exploitation des sites. D&rsquo;apr\u00e8s les parties prenantes, ce sch\u00e9ma vise \u00e0 faire b\u00e9n\u00e9ficier les adh\u00e9rents de la coop\u00e9rative de <strong>retomb\u00e9es \u00e9conomiques<\/strong> li\u00e9es \u00e0 la production d&rsquo;\u00e9nergie.<\/p>\n\n\n\n<p>De son c\u00f4t\u00e9, le rapprochement entre <strong>TotalEnergies et InVivo<\/strong> s&rsquo;appuie sur le retour d&rsquo;exp\u00e9rience du d\u00e9monstrateur de Valpuiseaux (Essonne), mis en service en 2022. Ce site utilise des <strong>panneaux bifaciaux verticaux<\/strong> pour mesurer l&rsquo;impact des structures sur les cultures et le micro-climat. Les acteurs mettent en avant cette approche comme un <strong>outil d&rsquo;adaptation<\/strong> pour les exploitations concern\u00e9es, tout en rappelant la priorit\u00e9 donn\u00e9e \u00e0 l&rsquo;activit\u00e9 agricole.<\/p>\n\n\n\n<p>Enfin, <strong>Solveo Energies<\/strong> a rejoint les signataires de la charte 2024 de la <strong>F\u00e9d\u00e9ration Nationale Ovine (FNO)<\/strong>. Ce document fixe des engagements pour les projets ovins : les surfaces cl\u00f4tur\u00e9es sont limit\u00e9es \u00e0 <strong>30 % de l&rsquo;exploitation<\/strong>, et les revenus doivent \u00eatre r\u00e9partis en faveur de l&rsquo;\u00e9leveur exploitant \u00e0 hauteur minimale de <strong>50 %<\/strong>. Le texte pr\u00e9voit \u00e9galement des exigences techniques, comme une hauteur de table de <strong>1m50<\/strong>, pour faciliter le p\u00e2turage.<\/p>\n\n\n\n<h2 class=\"wp-block-heading\">Le d\u00e9fi de l\u2019acceptabilit\u00e9 : des besoins en information<\/h2>\n\n\n\n<p>Malgr\u00e9 la multiplication des projets, l&rsquo;enqu\u00eate <strong>Sun\u2019Agri\/Ipsos<\/strong> souligne un besoin de p\u00e9dagogie technique et r\u00e9glementaire chez les professionnels.<\/p>\n\n\n\n<p>L&rsquo;\u00e9tude r\u00e9v\u00e8le notamment que :<\/p>\n\n\n\n<ul class=\"wp-block-list\">\n<li>Seuls <strong>39 % des agriculteurs<\/strong> interrog\u00e9s d\u00e9clarent avoir connaissance des b\u00e9n\u00e9fices potentiels \u00e9voqu\u00e9s (rendements, gestion de l&rsquo;eau).<\/li>\n\n\n\n<li>Moins d&rsquo;un tiers des sond\u00e9s savent que, selon le cadre issu du <strong>d\u00e9cret d&rsquo;application de la loi APER<\/strong>, la conformit\u00e9 d&rsquo;une installation est conditionn\u00e9e au maintien de l&rsquo;activit\u00e9 agricole.<\/li>\n<\/ul>\n\n\n\n<p>Cette exigence r\u00e9glementaire place la <strong>p\u00e9rennit\u00e9 de la production agricole<\/strong> comme une condition n\u00e9cessaire au d\u00e9veloppement de ces infrastructures.<\/p>\n\n\n\n<h2 class=\"wp-block-heading\">Une proposition de loi sur le partage de la valeur<\/h2>\n\n\n\n<p>Le cadre l\u00e9gislatif est susceptible d&rsquo;\u00e9voluer avec la <strong>proposition de loi transpartisane<\/strong> d\u00e9pos\u00e9e le 13 f\u00e9vrier 2025 par le d\u00e9put\u00e9 <strong>Pascal Lecamp<\/strong>. Ce texte s&rsquo;articule autour de quatre articles principaux :<\/p>\n\n\n\n<ol class=\"wp-block-list\">\n<li><strong>Redistribution territoriale :<\/strong> Pr\u00e9voir une r\u00e9partition de la valeur issue des installations \u00e0 l\u2019\u00e9chelle d\u2019un territoire.<\/li>\n\n\n\n<li><strong>Plafond de puissance :<\/strong> Introduire une limite de <strong>5 MWc par exploitation<\/strong> agricole afin de favoriser une diffusion \u00e9quilibr\u00e9e des revenus sur le territoire.<\/li>\n\n\n\n<li><strong>Convention-cadre :<\/strong> Cr\u00e9er une convention-cadre d\u2019une dur\u00e9e minimale de <strong>20 ans<\/strong>, renouvelable, pour organiser les relations entre propri\u00e9taires, exploitants et porteurs de projets.<\/li>\n\n\n\n<li><strong>Droit de pr\u00e9emption :<\/strong> Instituer un droit de pr\u00e9emption au profit des <strong>EPCI<\/strong> pour l\u2019acquisition de parcelles. Selon la pr\u00e9sentation du texte, cette mesure vise \u00e0 encadrer les effets de <strong>valorisation du foncier<\/strong> et \u00e0 limiter les risques de sp\u00e9culation fonci\u00e8re.<\/li>\n<\/ol>\n\n\n\n<p>L&rsquo;agrivolta\u00efsme en France dispose d\u00e9sormais d&rsquo;un ensemble de r\u00e8gles incluant la <strong>loi APER<\/strong>, son d\u00e9cret d&rsquo;application et des chartes sectorielles volontaires. Ces dispositifs int\u00e8grent des exigences de protection des rendements et des m\u00e9canismes de <strong>partage de la valeur<\/strong>. Pour les agriculteurs engag\u00e9s dans ces collaborations, la production \u00e9nerg\u00e9tique devient une modalit\u00e9 de la strat\u00e9gie de d\u00e9veloppement des exploitations, au service de la <strong>transition \u00e9nerg\u00e9tique<\/strong> fran\u00e7aise.<\/p>\n","protected":false},"excerpt":{"rendered":"","protected":false},"author":2,"featured_media":409,"comment_status":"closed","ping_status":"closed","sticky":false,"template":"","format":"standard","meta":{"footnotes":""},"categories":[1],"tags":[],"class_list":["post-407","post","type-post","status-publish","format-standard","has-post-thumbnail","hentry","category-energies","masonry-post","generate-columns","tablet-grid-50","mobile-grid-100","grid-parent","grid-33"],"yoast_head":"<!-- This site is optimized with the Yoast SEO plugin v26.6 - https:\/\/yoast.com\/wordpress\/plugins\/seo\/ -->\n<title>L\u2019agrivolta\u00efsme au Salon de l\u2019agriculture : partenariats et \u00e9volutions du cadre l\u00e9gislatif - ECOinfos<\/title>\n<meta name=\"description\" content=\"D\u00e9couvrez les derni\u00e8res annonces de l&#039;agrivolta\u00efsme au Salon de l&#039;agriculture 2026 : partenariats strat\u00e9giques (TSE, TotalEnergies, Solveo), enqu\u00eate Sun\u2019Agri\/Ipsos sur l&#039;acceptabilit\u00e9 et analyse de la proposition de loi Lecamp sur le partage de la valeur.\" \/>\n<meta name=\"robots\" content=\"index, follow, max-snippet:-1, max-image-preview:large, max-video-preview:-1\" \/>\n<link rel=\"canonical\" href=\"https:\/\/www.les-energies-renouvelables.eu\/article\/actualites\/energies\/lagrivoltaisme-au-salon-de-lagriculture-partenariats-et-evolutions-du-cadre-legislatif-407\/\" \/>\n<meta property=\"og:locale\" content=\"fr_FR\" \/>\n<meta property=\"og:type\" content=\"article\" \/>\n<meta property=\"og:title\" content=\"L\u2019agrivolta\u00efsme au Salon de l\u2019agriculture : partenariats et \u00e9volutions du cadre l\u00e9gislatif - ECOinfos\" \/>\n<meta property=\"og:description\" content=\"D\u00e9couvrez les derni\u00e8res annonces de l&#039;agrivolta\u00efsme au Salon de l&#039;agriculture 2026 : partenariats strat\u00e9giques (TSE, TotalEnergies, Solveo), enqu\u00eate Sun\u2019Agri\/Ipsos sur l&#039;acceptabilit\u00e9 et analyse de la proposition de loi Lecamp sur le partage de la valeur.\" \/>\n<meta property=\"og:url\" content=\"https:\/\/www.les-energies-renouvelables.eu\/article\/actualites\/energies\/lagrivoltaisme-au-salon-de-lagriculture-partenariats-et-evolutions-du-cadre-legislatif-407\/\" \/>\n<meta property=\"og:site_name\" content=\"ECOinfos Energies renouvelables\" \/>\n<meta property=\"article:publisher\" content=\"https:\/\/www.facebook.com\/ecoannuaire.energierenouvelable\/\" \/>\n<meta property=\"article:author\" content=\"https:\/\/www.facebook.com\/tictacf2c\/\" \/>\n<meta property=\"article:published_time\" content=\"2026-03-02T07:00:00+00:00\" \/>\n<meta property=\"article:modified_time\" content=\"2026-03-02T22:09:20+00:00\" \/>\n<meta property=\"og:image\" content=\"https:\/\/www.les-energies-renouvelables.eu\/article\/actualites\/wp-content\/uploads\/2026\/03\/actualites-lagrivoltaisme-au-salon-de-lagriculture-partenariats-et-evolutions-du-cadre-legislatif-agrivoltaisme-salon-de-lagriculture-2026.jpg\" \/>\n\t<meta property=\"og:image:width\" content=\"1200\" \/>\n\t<meta property=\"og:image:height\" content=\"675\" \/>\n\t<meta property=\"og:image:type\" content=\"image\/jpeg\" \/>\n<meta name=\"author\" content=\"Alexia JACQUARD\" \/>\n<meta name=\"twitter:card\" content=\"summary_large_image\" \/>\n<meta name=\"twitter:creator\" content=\"@alexiajcrd\" \/>\n<meta name=\"twitter:site\" content=\"@ECOinfosENR\" \/>\n<meta name=\"twitter:label1\" content=\"\u00c9crit par\" \/>\n\t<meta name=\"twitter:data1\" content=\"Alexia JACQUARD\" \/>\n\t<meta name=\"twitter:label2\" content=\"Dur\u00e9e de lecture estim\u00e9e\" \/>\n\t<meta name=\"twitter:data2\" content=\"4 minutes\" \/>\n<script type=\"application\/ld+json\" class=\"yoast-schema-graph\">{\"@context\":\"https:\/\/schema.org\",\"@graph\":[{\"@type\":\"Article\",\"@id\":\"https:\/\/www.les-energies-renouvelables.eu\/article\/actualites\/energies\/lagrivoltaisme-au-salon-de-lagriculture-partenariats-et-evolutions-du-cadre-legislatif-407\/#article\",\"isPartOf\":{\"@id\":\"https:\/\/www.les-energies-renouvelables.eu\/article\/actualites\/energies\/lagrivoltaisme-au-salon-de-lagriculture-partenariats-et-evolutions-du-cadre-legislatif-407\/\"},\"author\":{\"name\":\"Alexia JACQUARD\",\"@id\":\"https:\/\/www.les-energies-renouvelables.eu\/article\/actualites\/#\/schema\/person\/2c7d09eb5ca339c12ca8d86145440169\"},\"headline\":\"L\u2019agrivolta\u00efsme au Salon de l\u2019agriculture : partenariats et \u00e9volutions du cadre l\u00e9gislatif\",\"datePublished\":\"2026-03-02T07:00:00+00:00\",\"dateModified\":\"2026-03-02T22:09:20+00:00\",\"mainEntityOfPage\":{\"@id\":\"https:\/\/www.les-energies-renouvelables.eu\/article\/actualites\/energies\/lagrivoltaisme-au-salon-de-lagriculture-partenariats-et-evolutions-du-cadre-legislatif-407\/\"},\"wordCount\":818,\"publisher\":{\"@id\":\"https:\/\/www.les-energies-renouvelables.eu\/article\/actualites\/#organization\"},\"image\":{\"@id\":\"https:\/\/www.les-energies-renouvelables.eu\/article\/actualites\/energies\/lagrivoltaisme-au-salon-de-lagriculture-partenariats-et-evolutions-du-cadre-legislatif-407\/#primaryimage\"},\"thumbnailUrl\":\"https:\/\/www.les-energies-renouvelables.eu\/article\/actualites\/wp-content\/uploads\/2026\/03\/actualites-lagrivoltaisme-au-salon-de-lagriculture-partenariats-et-evolutions-du-cadre-legislatif-agrivoltaisme-salon-de-lagriculture-2026.jpg\",\"articleSection\":[\"\u00c9nergies\"],\"inLanguage\":\"fr-FR\"},{\"@type\":\"WebPage\",\"@id\":\"https:\/\/www.les-energies-renouvelables.eu\/article\/actualites\/energies\/lagrivoltaisme-au-salon-de-lagriculture-partenariats-et-evolutions-du-cadre-legislatif-407\/\",\"url\":\"https:\/\/www.les-energies-renouvelables.eu\/article\/actualites\/energies\/lagrivoltaisme-au-salon-de-lagriculture-partenariats-et-evolutions-du-cadre-legislatif-407\/\",\"name\":\"L\u2019agrivolta\u00efsme au Salon de l\u2019agriculture : partenariats et \u00e9volutions du cadre l\u00e9gislatif - ECOinfos\",\"isPartOf\":{\"@id\":\"https:\/\/www.les-energies-renouvelables.eu\/article\/actualites\/#website\"},\"primaryImageOfPage\":{\"@id\":\"https:\/\/www.les-energies-renouvelables.eu\/article\/actualites\/energies\/lagrivoltaisme-au-salon-de-lagriculture-partenariats-et-evolutions-du-cadre-legislatif-407\/#primaryimage\"},\"image\":{\"@id\":\"https:\/\/www.les-energies-renouvelables.eu\/article\/actualites\/energies\/lagrivoltaisme-au-salon-de-lagriculture-partenariats-et-evolutions-du-cadre-legislatif-407\/#primaryimage\"},\"thumbnailUrl\":\"https:\/\/www.les-energies-renouvelables.eu\/article\/actualites\/wp-content\/uploads\/2026\/03\/actualites-lagrivoltaisme-au-salon-de-lagriculture-partenariats-et-evolutions-du-cadre-legislatif-agrivoltaisme-salon-de-lagriculture-2026.jpg\",\"datePublished\":\"2026-03-02T07:00:00+00:00\",\"dateModified\":\"2026-03-02T22:09:20+00:00\",\"description\":\"D\u00e9couvrez les derni\u00e8res annonces de l'agrivolta\u00efsme au Salon de l'agriculture 2026 : partenariats strat\u00e9giques (TSE, TotalEnergies, Solveo), enqu\u00eate Sun\u2019Agri\/Ipsos sur l'acceptabilit\u00e9 et analyse de la proposition de loi Lecamp sur le partage de la valeur.\",\"breadcrumb\":{\"@id\":\"https:\/\/www.les-energies-renouvelables.eu\/article\/actualites\/energies\/lagrivoltaisme-au-salon-de-lagriculture-partenariats-et-evolutions-du-cadre-legislatif-407\/#breadcrumb\"},\"inLanguage\":\"fr-FR\",\"potentialAction\":[{\"@type\":\"ReadAction\",\"target\":[\"https:\/\/www.les-energies-renouvelables.eu\/article\/actualites\/energies\/lagrivoltaisme-au-salon-de-lagriculture-partenariats-et-evolutions-du-cadre-legislatif-407\/\"]}]},{\"@type\":\"ImageObject\",\"inLanguage\":\"fr-FR\",\"@id\":\"https:\/\/www.les-energies-renouvelables.eu\/article\/actualites\/energies\/lagrivoltaisme-au-salon-de-lagriculture-partenariats-et-evolutions-du-cadre-legislatif-407\/#primaryimage\",\"url\":\"https:\/\/www.les-energies-renouvelables.eu\/article\/actualites\/wp-content\/uploads\/2026\/03\/actualites-lagrivoltaisme-au-salon-de-lagriculture-partenariats-et-evolutions-du-cadre-legislatif-agrivoltaisme-salon-de-lagriculture-2026.jpg\",\"contentUrl\":\"https:\/\/www.les-energies-renouvelables.eu\/article\/actualites\/wp-content\/uploads\/2026\/03\/actualites-lagrivoltaisme-au-salon-de-lagriculture-partenariats-et-evolutions-du-cadre-legislatif-agrivoltaisme-salon-de-lagriculture-2026.jpg\",\"width\":1200,\"height\":675,\"caption\":\"Dall-E\"},{\"@type\":\"BreadcrumbList\",\"@id\":\"https:\/\/www.les-energies-renouvelables.eu\/article\/actualites\/energies\/lagrivoltaisme-au-salon-de-lagriculture-partenariats-et-evolutions-du-cadre-legislatif-407\/#breadcrumb\",\"itemListElement\":[{\"@type\":\"ListItem\",\"position\":1,\"name\":\"Accueil\",\"item\":\"https:\/\/www.les-energies-renouvelables.eu\/article\/actualites\/\"},{\"@type\":\"ListItem\",\"position\":2,\"name\":\"L\u2019agrivolta\u00efsme au Salon de l\u2019agriculture : partenariats et \u00e9volutions du cadre l\u00e9gislatif\"}]},{\"@type\":\"WebSite\",\"@id\":\"https:\/\/www.les-energies-renouvelables.eu\/article\/actualites\/#website\",\"url\":\"https:\/\/www.les-energies-renouvelables.eu\/article\/actualites\/\",\"name\":\"ECOinfos Energies renouvelables\",\"description\":\"Le d\u00e9cryptage quotidien du secteur des \u00e9nergies renouvelables\",\"publisher\":{\"@id\":\"https:\/\/www.les-energies-renouvelables.eu\/article\/actualites\/#organization\"},\"potentialAction\":[{\"@type\":\"SearchAction\",\"target\":{\"@type\":\"EntryPoint\",\"urlTemplate\":\"https:\/\/www.les-energies-renouvelables.eu\/article\/actualites\/?s={search_term_string}\"},\"query-input\":{\"@type\":\"PropertyValueSpecification\",\"valueRequired\":true,\"valueName\":\"search_term_string\"}}],\"inLanguage\":\"fr-FR\"},{\"@type\":\"Organization\",\"@id\":\"https:\/\/www.les-energies-renouvelables.eu\/article\/actualites\/#organization\",\"name\":\"ECOinfos Energies renouvelables\",\"url\":\"https:\/\/www.les-energies-renouvelables.eu\/article\/actualites\/\",\"logo\":{\"@type\":\"ImageObject\",\"inLanguage\":\"fr-FR\",\"@id\":\"https:\/\/www.les-energies-renouvelables.eu\/article\/actualites\/#\/schema\/logo\/image\/\",\"url\":\"https:\/\/www.les-energies-renouvelables.eu\/article\/actualites\/wp-content\/uploads\/2025\/11\/ecoinfos.eldorado-consulting.com-logo-logo.svg\",\"contentUrl\":\"https:\/\/www.les-energies-renouvelables.eu\/article\/actualites\/wp-content\/uploads\/2025\/11\/ecoinfos.eldorado-consulting.com-logo-logo.svg\",\"caption\":\"ECOinfos Energies renouvelables\"},\"image\":{\"@id\":\"https:\/\/www.les-energies-renouvelables.eu\/article\/actualites\/#\/schema\/logo\/image\/\"},\"sameAs\":[\"https:\/\/www.facebook.com\/ecoannuaire.energierenouvelable\/\",\"https:\/\/x.com\/ECOinfosENR\",\"https:\/\/www.linkedin.com\/company\/ecoinfos-energies-renouvelables\/\",\"https:\/\/www.youtube.com\/@ecoinfosenergies\",\"https:\/\/share.google\/dyKHJPxAV42WhhjbM\"]},{\"@type\":\"Person\",\"@id\":\"https:\/\/www.les-energies-renouvelables.eu\/article\/actualites\/#\/schema\/person\/2c7d09eb5ca339c12ca8d86145440169\",\"name\":\"Alexia JACQUARD\",\"pronouns\":\"elle\/elle\",\"image\":{\"@type\":\"ImageObject\",\"inLanguage\":\"fr-FR\",\"@id\":\"https:\/\/www.les-energies-renouvelables.eu\/article\/actualites\/#\/schema\/person\/image\/\",\"url\":\"https:\/\/www.les-energies-renouvelables.eu\/article\/actualites\/wp-content\/uploads\/2026\/01\/actualites-alexia-jacquard-alexia-jacquard-160x160.jpg\",\"contentUrl\":\"https:\/\/www.les-energies-renouvelables.eu\/article\/actualites\/wp-content\/uploads\/2026\/01\/actualites-alexia-jacquard-alexia-jacquard-160x160.jpg\",\"caption\":\"Alexia JACQUARD\"},\"description\":\"Curieuse de nature et attentif aux enjeux du d\u00e9veloppement durable, Alexia Jacquard suit l'actualit\u00e9 des \u00e9nergies renouvelables pour partager les derni\u00e8res nouveaut\u00e9s du secteur. Elle s'attache \u00e0 retranscrire simplement les informations cl\u00e9s et les initiatives positives qui marquent la transition \u00e9nerg\u00e9tique. Son objectif : proposer des articles d'actualit\u00e9 clairs et accessibles pour tous ceux qui s'int\u00e9ressent \u00e0 l'avenir de notre \u00e9nergie.\",\"sameAs\":[\"https:\/\/alexia-jacquard.fr\",\"https:\/\/www.facebook.com\/tictacf2c\/\",\"https:\/\/www.instagram.com\/alexia_redac\/\",\"https:\/\/www.linkedin.com\/in\/alexia-jacquard-449a4b289\/\",\"https:\/\/fr.pinterest.com\/alexiajacquard\/\",\"https:\/\/x.com\/alexiajcrd\",\"https:\/\/www.youtube.com\/@Thepaindemie\",\"https:\/\/muckrack.com\/alexia-jacquard\"],\"url\":\"https:\/\/www.les-energies-renouvelables.eu\/article\/actualites\/author\/alexia-jacquard\/\"}]}<\/script>\n<!-- \/ Yoast SEO plugin. -->","yoast_head_json":{"title":"L\u2019agrivolta\u00efsme au Salon de l\u2019agriculture : partenariats et \u00e9volutions du cadre l\u00e9gislatif - ECOinfos","description":"D\u00e9couvrez les derni\u00e8res annonces de l'agrivolta\u00efsme au Salon de l'agriculture 2026 : partenariats strat\u00e9giques (TSE, TotalEnergies, Solveo), enqu\u00eate Sun\u2019Agri\/Ipsos sur l'acceptabilit\u00e9 et analyse de la proposition de loi Lecamp sur le partage de la valeur.","robots":{"index":"index","follow":"follow","max-snippet":"max-snippet:-1","max-image-preview":"max-image-preview:large","max-video-preview":"max-video-preview:-1"},"canonical":"https:\/\/www.les-energies-renouvelables.eu\/article\/actualites\/energies\/lagrivoltaisme-au-salon-de-lagriculture-partenariats-et-evolutions-du-cadre-legislatif-407\/","og_locale":"fr_FR","og_type":"article","og_title":"L\u2019agrivolta\u00efsme au Salon de l\u2019agriculture : partenariats et \u00e9volutions du cadre l\u00e9gislatif - ECOinfos","og_description":"D\u00e9couvrez les derni\u00e8res annonces de l'agrivolta\u00efsme au Salon de l'agriculture 2026 : partenariats strat\u00e9giques (TSE, TotalEnergies, Solveo), enqu\u00eate Sun\u2019Agri\/Ipsos sur l'acceptabilit\u00e9 et analyse de la proposition de loi Lecamp sur le partage de la valeur.","og_url":"https:\/\/www.les-energies-renouvelables.eu\/article\/actualites\/energies\/lagrivoltaisme-au-salon-de-lagriculture-partenariats-et-evolutions-du-cadre-legislatif-407\/","og_site_name":"ECOinfos Energies renouvelables","article_publisher":"https:\/\/www.facebook.com\/ecoannuaire.energierenouvelable\/","article_author":"https:\/\/www.facebook.com\/tictacf2c\/","article_published_time":"2026-03-02T07:00:00+00:00","article_modified_time":"2026-03-02T22:09:20+00:00","og_image":[{"width":1200,"height":675,"url":"https:\/\/www.les-energies-renouvelables.eu\/article\/actualites\/wp-content\/uploads\/2026\/03\/actualites-lagrivoltaisme-au-salon-de-lagriculture-partenariats-et-evolutions-du-cadre-legislatif-agrivoltaisme-salon-de-lagriculture-2026.jpg","type":"image\/jpeg"}],"author":"Alexia JACQUARD","twitter_card":"summary_large_image","twitter_creator":"@alexiajcrd","twitter_site":"@ECOinfosENR","twitter_misc":{"\u00c9crit par":"Alexia JACQUARD","Dur\u00e9e de lecture estim\u00e9e":"4 minutes"},"schema":{"@context":"https:\/\/schema.org","@graph":[{"@type":"Article","@id":"https:\/\/www.les-energies-renouvelables.eu\/article\/actualites\/energies\/lagrivoltaisme-au-salon-de-lagriculture-partenariats-et-evolutions-du-cadre-legislatif-407\/#article","isPartOf":{"@id":"https:\/\/www.les-energies-renouvelables.eu\/article\/actualites\/energies\/lagrivoltaisme-au-salon-de-lagriculture-partenariats-et-evolutions-du-cadre-legislatif-407\/"},"author":{"name":"Alexia JACQUARD","@id":"https:\/\/www.les-energies-renouvelables.eu\/article\/actualites\/#\/schema\/person\/2c7d09eb5ca339c12ca8d86145440169"},"headline":"L\u2019agrivolta\u00efsme au Salon de l\u2019agriculture : partenariats et \u00e9volutions du cadre l\u00e9gislatif","datePublished":"2026-03-02T07:00:00+00:00","dateModified":"2026-03-02T22:09:20+00:00","mainEntityOfPage":{"@id":"https:\/\/www.les-energies-renouvelables.eu\/article\/actualites\/energies\/lagrivoltaisme-au-salon-de-lagriculture-partenariats-et-evolutions-du-cadre-legislatif-407\/"},"wordCount":818,"publisher":{"@id":"https:\/\/www.les-energies-renouvelables.eu\/article\/actualites\/#organization"},"image":{"@id":"https:\/\/www.les-energies-renouvelables.eu\/article\/actualites\/energies\/lagrivoltaisme-au-salon-de-lagriculture-partenariats-et-evolutions-du-cadre-legislatif-407\/#primaryimage"},"thumbnailUrl":"https:\/\/www.les-energies-renouvelables.eu\/article\/actualites\/wp-content\/uploads\/2026\/03\/actualites-lagrivoltaisme-au-salon-de-lagriculture-partenariats-et-evolutions-du-cadre-legislatif-agrivoltaisme-salon-de-lagriculture-2026.jpg","articleSection":["\u00c9nergies"],"inLanguage":"fr-FR"},{"@type":"WebPage","@id":"https:\/\/www.les-energies-renouvelables.eu\/article\/actualites\/energies\/lagrivoltaisme-au-salon-de-lagriculture-partenariats-et-evolutions-du-cadre-legislatif-407\/","url":"https:\/\/www.les-energies-renouvelables.eu\/article\/actualites\/energies\/lagrivoltaisme-au-salon-de-lagriculture-partenariats-et-evolutions-du-cadre-legislatif-407\/","name":"L\u2019agrivolta\u00efsme au Salon de l\u2019agriculture : partenariats et \u00e9volutions du cadre l\u00e9gislatif - ECOinfos","isPartOf":{"@id":"https:\/\/www.les-energies-renouvelables.eu\/article\/actualites\/#website"},"primaryImageOfPage":{"@id":"https:\/\/www.les-energies-renouvelables.eu\/article\/actualites\/energies\/lagrivoltaisme-au-salon-de-lagriculture-partenariats-et-evolutions-du-cadre-legislatif-407\/#primaryimage"},"image":{"@id":"https:\/\/www.les-energies-renouvelables.eu\/article\/actualites\/energies\/lagrivoltaisme-au-salon-de-lagriculture-partenariats-et-evolutions-du-cadre-legislatif-407\/#primaryimage"},"thumbnailUrl":"https:\/\/www.les-energies-renouvelables.eu\/article\/actualites\/wp-content\/uploads\/2026\/03\/actualites-lagrivoltaisme-au-salon-de-lagriculture-partenariats-et-evolutions-du-cadre-legislatif-agrivoltaisme-salon-de-lagriculture-2026.jpg","datePublished":"2026-03-02T07:00:00+00:00","dateModified":"2026-03-02T22:09:20+00:00","description":"D\u00e9couvrez les derni\u00e8res annonces de l'agrivolta\u00efsme au Salon de l'agriculture 2026 : partenariats strat\u00e9giques (TSE, TotalEnergies, Solveo), enqu\u00eate Sun\u2019Agri\/Ipsos sur l'acceptabilit\u00e9 et analyse de la proposition de loi Lecamp sur le partage de la valeur.","breadcrumb":{"@id":"https:\/\/www.les-energies-renouvelables.eu\/article\/actualites\/energies\/lagrivoltaisme-au-salon-de-lagriculture-partenariats-et-evolutions-du-cadre-legislatif-407\/#breadcrumb"},"inLanguage":"fr-FR","potentialAction":[{"@type":"ReadAction","target":["https:\/\/www.les-energies-renouvelables.eu\/article\/actualites\/energies\/lagrivoltaisme-au-salon-de-lagriculture-partenariats-et-evolutions-du-cadre-legislatif-407\/"]}]},{"@type":"ImageObject","inLanguage":"fr-FR","@id":"https:\/\/www.les-energies-renouvelables.eu\/article\/actualites\/energies\/lagrivoltaisme-au-salon-de-lagriculture-partenariats-et-evolutions-du-cadre-legislatif-407\/#primaryimage","url":"https:\/\/www.les-energies-renouvelables.eu\/article\/actualites\/wp-content\/uploads\/2026\/03\/actualites-lagrivoltaisme-au-salon-de-lagriculture-partenariats-et-evolutions-du-cadre-legislatif-agrivoltaisme-salon-de-lagriculture-2026.jpg","contentUrl":"https:\/\/www.les-energies-renouvelables.eu\/article\/actualites\/wp-content\/uploads\/2026\/03\/actualites-lagrivoltaisme-au-salon-de-lagriculture-partenariats-et-evolutions-du-cadre-legislatif-agrivoltaisme-salon-de-lagriculture-2026.jpg","width":1200,"height":675,"caption":"Dall-E"},{"@type":"BreadcrumbList","@id":"https:\/\/www.les-energies-renouvelables.eu\/article\/actualites\/energies\/lagrivoltaisme-au-salon-de-lagriculture-partenariats-et-evolutions-du-cadre-legislatif-407\/#breadcrumb","itemListElement":[{"@type":"ListItem","position":1,"name":"Accueil","item":"https:\/\/www.les-energies-renouvelables.eu\/article\/actualites\/"},{"@type":"ListItem","position":2,"name":"L\u2019agrivolta\u00efsme au Salon de l\u2019agriculture : partenariats et \u00e9volutions du cadre l\u00e9gislatif"}]},{"@type":"WebSite","@id":"https:\/\/www.les-energies-renouvelables.eu\/article\/actualites\/#website","url":"https:\/\/www.les-energies-renouvelables.eu\/article\/actualites\/","name":"ECOinfos Energies renouvelables","description":"Le d\u00e9cryptage quotidien du secteur des \u00e9nergies renouvelables","publisher":{"@id":"https:\/\/www.les-energies-renouvelables.eu\/article\/actualites\/#organization"},"potentialAction":[{"@type":"SearchAction","target":{"@type":"EntryPoint","urlTemplate":"https:\/\/www.les-energies-renouvelables.eu\/article\/actualites\/?s={search_term_string}"},"query-input":{"@type":"PropertyValueSpecification","valueRequired":true,"valueName":"search_term_string"}}],"inLanguage":"fr-FR"},{"@type":"Organization","@id":"https:\/\/www.les-energies-renouvelables.eu\/article\/actualites\/#organization","name":"ECOinfos Energies renouvelables","url":"https:\/\/www.les-energies-renouvelables.eu\/article\/actualites\/","logo":{"@type":"ImageObject","inLanguage":"fr-FR","@id":"https:\/\/www.les-energies-renouvelables.eu\/article\/actualites\/#\/schema\/logo\/image\/","url":"https:\/\/www.les-energies-renouvelables.eu\/article\/actualites\/wp-content\/uploads\/2025\/11\/ecoinfos.eldorado-consulting.com-logo-logo.svg","contentUrl":"https:\/\/www.les-energies-renouvelables.eu\/article\/actualites\/wp-content\/uploads\/2025\/11\/ecoinfos.eldorado-consulting.com-logo-logo.svg","caption":"ECOinfos Energies renouvelables"},"image":{"@id":"https:\/\/www.les-energies-renouvelables.eu\/article\/actualites\/#\/schema\/logo\/image\/"},"sameAs":["https:\/\/www.facebook.com\/ecoannuaire.energierenouvelable\/","https:\/\/x.com\/ECOinfosENR","https:\/\/www.linkedin.com\/company\/ecoinfos-energies-renouvelables\/","https:\/\/www.youtube.com\/@ecoinfosenergies","https:\/\/share.google\/dyKHJPxAV42WhhjbM"]},{"@type":"Person","@id":"https:\/\/www.les-energies-renouvelables.eu\/article\/actualites\/#\/schema\/person\/2c7d09eb5ca339c12ca8d86145440169","name":"Alexia JACQUARD","pronouns":"elle\/elle","image":{"@type":"ImageObject","inLanguage":"fr-FR","@id":"https:\/\/www.les-energies-renouvelables.eu\/article\/actualites\/#\/schema\/person\/image\/","url":"https:\/\/www.les-energies-renouvelables.eu\/article\/actualites\/wp-content\/uploads\/2026\/01\/actualites-alexia-jacquard-alexia-jacquard-160x160.jpg","contentUrl":"https:\/\/www.les-energies-renouvelables.eu\/article\/actualites\/wp-content\/uploads\/2026\/01\/actualites-alexia-jacquard-alexia-jacquard-160x160.jpg","caption":"Alexia JACQUARD"},"description":"Curieuse de nature et attentif aux enjeux du d\u00e9veloppement durable, Alexia Jacquard suit l'actualit\u00e9 des \u00e9nergies renouvelables pour partager les derni\u00e8res nouveaut\u00e9s du secteur. Elle s'attache \u00e0 retranscrire simplement les informations cl\u00e9s et les initiatives positives qui marquent la transition \u00e9nerg\u00e9tique. Son objectif : proposer des articles d'actualit\u00e9 clairs et accessibles pour tous ceux qui s'int\u00e9ressent \u00e0 l'avenir de notre \u00e9nergie.","sameAs":["https:\/\/alexia-jacquard.fr","https:\/\/www.facebook.com\/tictacf2c\/","https:\/\/www.instagram.com\/alexia_redac\/","https:\/\/www.linkedin.com\/in\/alexia-jacquard-449a4b289\/","https:\/\/fr.pinterest.com\/alexiajacquard\/","https:\/\/x.com\/alexiajcrd","https:\/\/www.youtube.com\/@Thepaindemie","https:\/\/muckrack.com\/alexia-jacquard"],"url":"https:\/\/www.les-energies-renouvelables.eu\/article\/actualites\/author\/alexia-jacquard\/"}]}},"_links":{"self":[{"href":"https:\/\/www.les-energies-renouvelables.eu\/article\/actualites\/wp-json\/wp\/v2\/posts\/407","targetHints":{"allow":["GET"]}}],"collection":[{"href":"https:\/\/www.les-energies-renouvelables.eu\/article\/actualites\/wp-json\/wp\/v2\/posts"}],"about":[{"href":"https:\/\/www.les-energies-renouvelables.eu\/article\/actualites\/wp-json\/wp\/v2\/types\/post"}],"author":[{"embeddable":true,"href":"https:\/\/www.les-energies-renouvelables.eu\/article\/actualites\/wp-json\/wp\/v2\/users\/2"}],"replies":[{"embeddable":true,"href":"https:\/\/www.les-energies-renouvelables.eu\/article\/actualites\/wp-json\/wp\/v2\/comments?post=407"}],"version-history":[{"count":1,"href":"https:\/\/www.les-energies-renouvelables.eu\/article\/actualites\/wp-json\/wp\/v2\/posts\/407\/revisions"}],"predecessor-version":[{"id":408,"href":"https:\/\/www.les-energies-renouvelables.eu\/article\/actualites\/wp-json\/wp\/v2\/posts\/407\/revisions\/408"}],"wp:featuredmedia":[{"embeddable":true,"href":"https:\/\/www.les-energies-renouvelables.eu\/article\/actualites\/wp-json\/wp\/v2\/media\/409"}],"wp:attachment":[{"href":"https:\/\/www.les-energies-renouvelables.eu\/article\/actualites\/wp-json\/wp\/v2\/media?parent=407"}],"wp:term":[{"taxonomy":"category","embeddable":true,"href":"https:\/\/www.les-energies-renouvelables.eu\/article\/actualites\/wp-json\/wp\/v2\/categories?post=407"},{"taxonomy":"post_tag","embeddable":true,"href":"https:\/\/www.les-energies-renouvelables.eu\/article\/actualites\/wp-json\/wp\/v2\/tags?post=407"}],"curies":[{"name":"wp","href":"https:\/\/api.w.org\/{rel}","templated":true}]}}