{"id":404,"date":"2026-03-01T08:00:00","date_gmt":"2026-03-01T07:00:00","guid":{"rendered":"https:\/\/www.les-energies-renouvelables.eu\/article\/actualites\/?p=404"},"modified":"2026-03-01T21:49:33","modified_gmt":"2026-03-01T20:49:33","slug":"eolien-terrestre-technique-solaire-reprend-le-portefeuille-francais-diberdrola","status":"publish","type":"post","link":"https:\/\/www.les-energies-renouvelables.eu\/article\/actualites\/energies\/eolien-terrestre-technique-solaire-reprend-le-portefeuille-francais-diberdrola-404\/","title":{"rendered":"\u00c9olien terrestre : Technique Solaire reprend le portefeuille fran\u00e7ais d&rsquo;Iberdrola"},"content":{"rendered":"\n<p>R\u00e9sum\u00e9 :&nbsp;<\/p>\n\n\n\n<ul class=\"wp-block-list\">\n<li><strong>Capacit\u00e9s op\u00e9rationnelles :<\/strong> 118 MW de puissance install\u00e9e (soit un parc de <strong>60 \u00e9oliennes<\/strong> selon les informations publi\u00e9es par <em>La Tribune<\/em>).<\/li>\n\n\n\n<li><strong>D\u00e9veloppement :<\/strong> Un portefeuille de <strong>639 MW<\/strong> de projets \u00e9oliens et solaires photovolta\u00efques.<\/li>\n\n\n\n<li><strong>Volet social :<\/strong> Transfert de <strong>21 collaborateurs<\/strong> sp\u00e9cialis\u00e9s (<em>source : PV Magazine<\/em>).<\/li>\n\n\n\n<li><strong>P\u00e9rim\u00e8tre conserv\u00e9 :<\/strong> Iberdrola maintient son engagement dans l&rsquo;<strong>\u00e9olien offshore<\/strong>, notamment avec le parc en mer de <strong>Saint-Brieuc<\/strong> (496 MW).<\/li>\n<\/ul>\n\n\n\n<p>La finalisation de cette transaction peut s&rsquo;interpr\u00e9ter comme le signe d&rsquo;une <strong>sp\u00e9cialisation par segment technologique<\/strong>. Cette s\u00e9quence voit un <strong>acteur national<\/strong> renforcer ses capacit\u00e9s terrestres, tandis que le groupe espagnol r\u00e9oriente ses investissements vers des infrastructures de plus grande \u00e9chelle.<\/p>\n\n\n\n<p>Ce mouvement participe \u00e0 une forme de <strong>recomposition du march\u00e9<\/strong>. Elle permet \u00e0 une entreprise en croissance de densifier son portefeuille de proximit\u00e9, tout en offrant \u00e0 Iberdrola la possibilit\u00e9 de mobiliser ses ressources vers l&rsquo;<strong>offshore<\/strong>, en coh\u00e9rence avec la strat\u00e9gie de recentrage mise en avant par le groupe.<\/p>\n\n\n\n<h2 class=\"wp-block-heading\">Technique Solaire : une strat\u00e9gie de diversification multi-\u00e9nergies<\/h2>\n\n\n\n<p>Pour Technique Solaire, acteur fond\u00e9 en 2008 et pr\u00e9sent dans le <strong>photovolta\u00efque<\/strong> et la <strong>m\u00e9thanisation<\/strong>, cette acquisition marque une \u00e9tape importante de son d\u00e9veloppement. L&rsquo;objectif est de diversifier son mix de production pour devenir un <strong>op\u00e9rateur int\u00e9gr\u00e9<\/strong>.<\/p>\n\n\n\n<p>L&rsquo;int\u00e9gration de ces 118 MW op\u00e9rationnels doit permettre de faire \u00e9voluer le profil de production du groupe. Au-del\u00e0 des infrastructures physiques, l&rsquo;op\u00e9ration mise sur une <strong>continuit\u00e9 de savoir-faire<\/strong> : l&rsquo;accueil des 21 collaborateurs vise \u00e0 s\u00e9curiser l&rsquo;exploitation des sites. Pour l&rsquo;acqu\u00e9reur, la compl\u00e9mentarit\u00e9 entre le solaire et l&rsquo;\u00e9olien peut constituer un facteur d&rsquo;\u00e9quilibre pour la <strong>fourniture d&rsquo;\u00e9lectricit\u00e9 d\u00e9carbon\u00e9e<\/strong> tout au long de l&rsquo;ann\u00e9e.<\/p>\n\n\n\n<h2 class=\"wp-block-heading\">La rotation d&rsquo;actifs au service des projets territoriaux<\/h2>\n\n\n\n<p>Le choix d&rsquo;Iberdrola de c\u00e9der ses parcs terrestres r\u00e9pond \u00e0 une volont\u00e9 de <strong>s\u00e9lectivit\u00e9 de ses investissements<\/strong>. Ce type de rotation est un processus identifi\u00e9 dans les secteurs de l&rsquo;\u00e9nergie en phase de consolidation : il peut avoir pour effet de lib\u00e9rer des <strong>capacit\u00e9s de financement<\/strong> pour engager de nouveaux cycles de d\u00e9veloppement.<\/p>\n\n\n\n<p>Pour les territoires concern\u00e9s, ce changement d&rsquo;op\u00e9rateur peut favoriser une <strong>gestion directe des actifs<\/strong> par une entreprise dont l&rsquo;\u00e9olien terrestre est un axe de croissance prioritaire. Cette transition s&rsquo;inscrit dans l&rsquo;id\u00e9e de maintenir une dynamique d&rsquo;investissement sur le sol fran\u00e7ais, en cherchant \u00e0 assurer la p\u00e9rennit\u00e9 op\u00e9rationnelle du portefeuille de projets repris.<\/p>\n\n\n\n<h2 class=\"wp-block-heading\">Le repowering : un levier de modernisation<\/h2>\n\n\n\n<p>L\u2019acquisition de ces sites \u00e9oliens ouvre des perspectives de renouvellement des \u00e9quipements, une pratique appel\u00e9e <strong>repowering<\/strong>. Ce processus consiste \u00e0 remplacer des turbines par des technologies de nouvelle g\u00e9n\u00e9ration.<\/p>\n\n\n\n<p>Cette approche pr\u00e9sente plusieurs int\u00e9r\u00eats pour la fili\u00e8re :<\/p>\n\n\n\n<ul class=\"wp-block-list\">\n<li><strong>Optimisation des zones existantes :<\/strong> Augmenter la capacit\u00e9 de production sur des terrains o\u00f9 l&rsquo;activit\u00e9 est d\u00e9j\u00e0 \u00e9tablie.<\/li>\n\n\n\n<li><strong>Acceptabilit\u00e9 :<\/strong> Moderniser des infrastructures d\u00e9j\u00e0 int\u00e9gr\u00e9es localement, ce qui peut limiter le besoin d&rsquo;ouvrir de nouveaux p\u00e9rim\u00e8tres d&rsquo;implantation.<\/li>\n\n\n\n<li><strong>Efficience technique :<\/strong> Utiliser des machines plus performantes pour optimiser le gisement \u00e9olien sans augmenter le nombre de m\u00e2ts.<\/li>\n<\/ul>\n\n\n\n<p>Le <strong>repowering<\/strong> appara\u00eet comme une r\u00e9ponse industrielle possible \u00e0 l&rsquo;anciennet\u00e9 d&rsquo;une partie des installations, avec l&rsquo;objectif d&rsquo;aligner la production sur les ambitions nationales de <strong>transition \u00e9nerg\u00e9tique<\/strong>.<\/p>\n\n\n\n<p>La transaction entre Iberdrola et Technique Solaire souligne la capacit\u00e9 des acteurs fran\u00e7ais des \u00e9nergies renouvelables \u00e0 int\u00e9grer des <strong>actifs d&rsquo;envergure<\/strong>. Elle illustre leur r\u00f4le dans le portage de projets de d\u00e9veloppement sur le long terme.<\/p>\n\n\n\n<p>Cette \u00e9volution favorise l&rsquo;ancrage de la gestion des infrastructures de production au sein d&rsquo;entreprises li\u00e9es au march\u00e9 national. Le maintien des \u00e9quipes sp\u00e9cialis\u00e9es et la reprise du <strong>portefeuille de 639 MW<\/strong> s&rsquo;inscrivent dans la trajectoire de d\u00e9veloppement du secteur \u00e9olien en France, l&rsquo;un des contributeurs \u00e0 la <strong>strat\u00e9gie de d\u00e9carbonation<\/strong> du pays.<\/p>\n\n\n\n<p><strong>Sources et r\u00e9f\u00e9rences<\/strong> :<\/p>\n\n\n\n<ul class=\"wp-block-list\">\n<li><strong>Communiqu\u00e9 Iberdrola :<\/strong>\u00a0<em>Iberdrola Francia reaches an agreement to sell its onshore portfolio in the country.<\/em><\/li>\n\n\n\n<li><strong>PV Magazine :<\/strong>\u00a0<em>Technique Solaire fait son entr\u00e9e dans l\u2019\u00e9olien avec l&rsquo;acquisition d&rsquo;actifs d&rsquo;Iberdrola.<\/em><\/li>\n\n\n\n<li><strong>La Tribune :<\/strong>\u00a0<em>\u00c9olien terrestre : Iberdrola c\u00e8de son portefeuille fran\u00e7ais \u00e0 Technique Solaire.<\/em><\/li>\n\n\n\n<li><strong>L\u2019Energeek :<\/strong>\u00a0<em>Iberdrola vend ses parcs \u00e9oliens fran\u00e7ais au groupe Technique Solaire.<\/em><\/li>\n<\/ul>\n","protected":false},"excerpt":{"rendered":"","protected":false},"author":2,"featured_media":405,"comment_status":"closed","ping_status":"closed","sticky":false,"template":"","format":"standard","meta":{"footnotes":""},"categories":[1],"tags":[],"class_list":["post-404","post","type-post","status-publish","format-standard","has-post-thumbnail","hentry","category-energies","masonry-post","generate-columns","tablet-grid-50","mobile-grid-100","grid-parent","grid-33"],"yoast_head":"<!-- This site is optimized with the Yoast SEO plugin v26.6 - https:\/\/yoast.com\/wordpress\/plugins\/seo\/ -->\n<title>\u00c9olien terrestre : Technique Solaire reprend le portefeuille fran\u00e7ais d&#039;Iberdrola - ECOinfos<\/title>\n<meta name=\"description\" content=\"Iberdrola c\u00e8de 118 MW d&#039;\u00e9olien terrestre et 639 MW de projets en France \u00e0 Technique Solaire. Analyse d&#039;une rotation d&#039;actifs strat\u00e9gique et des enjeux du repowering pour la fili\u00e8re fran\u00e7aise.\" \/>\n<meta name=\"robots\" content=\"index, follow, max-snippet:-1, max-image-preview:large, max-video-preview:-1\" \/>\n<link rel=\"canonical\" href=\"https:\/\/www.les-energies-renouvelables.eu\/article\/actualites\/energies\/eolien-terrestre-technique-solaire-reprend-le-portefeuille-francais-diberdrola-404\/\" \/>\n<meta property=\"og:locale\" content=\"fr_FR\" \/>\n<meta property=\"og:type\" content=\"article\" \/>\n<meta property=\"og:title\" content=\"\u00c9olien terrestre : Technique Solaire reprend le portefeuille fran\u00e7ais d&#039;Iberdrola - ECOinfos\" \/>\n<meta property=\"og:description\" content=\"Iberdrola c\u00e8de 118 MW d&#039;\u00e9olien terrestre et 639 MW de projets en France \u00e0 Technique Solaire. Analyse d&#039;une rotation d&#039;actifs strat\u00e9gique et des enjeux du repowering pour la fili\u00e8re fran\u00e7aise.\" \/>\n<meta property=\"og:url\" content=\"https:\/\/www.les-energies-renouvelables.eu\/article\/actualites\/energies\/eolien-terrestre-technique-solaire-reprend-le-portefeuille-francais-diberdrola-404\/\" \/>\n<meta property=\"og:site_name\" content=\"ECOinfos Energies renouvelables\" \/>\n<meta property=\"article:publisher\" content=\"https:\/\/www.facebook.com\/ecoannuaire.energierenouvelable\/\" \/>\n<meta property=\"article:author\" content=\"https:\/\/www.facebook.com\/tictacf2c\/\" \/>\n<meta property=\"article:published_time\" content=\"2026-03-01T07:00:00+00:00\" \/>\n<meta property=\"article:modified_time\" content=\"2026-03-01T20:49:33+00:00\" \/>\n<meta property=\"og:image\" content=\"https:\/\/www.les-energies-renouvelables.eu\/article\/actualites\/wp-content\/uploads\/2026\/03\/actualites-brouillon-auto-rachat-eolien-iberdrola-technique-solaire.jpg\" \/>\n\t<meta property=\"og:image:width\" content=\"1200\" \/>\n\t<meta property=\"og:image:height\" content=\"675\" \/>\n\t<meta property=\"og:image:type\" content=\"image\/jpeg\" \/>\n<meta name=\"author\" content=\"Alexia JACQUARD\" \/>\n<meta name=\"twitter:card\" content=\"summary_large_image\" \/>\n<meta name=\"twitter:creator\" content=\"@alexiajcrd\" \/>\n<meta name=\"twitter:site\" content=\"@ECOinfosENR\" \/>\n<meta name=\"twitter:label1\" content=\"\u00c9crit par\" \/>\n\t<meta name=\"twitter:data1\" content=\"Alexia JACQUARD\" \/>\n\t<meta name=\"twitter:label2\" content=\"Dur\u00e9e de lecture estim\u00e9e\" \/>\n\t<meta name=\"twitter:data2\" content=\"4 minutes\" \/>\n<script type=\"application\/ld+json\" class=\"yoast-schema-graph\">{\"@context\":\"https:\/\/schema.org\",\"@graph\":[{\"@type\":\"Article\",\"@id\":\"https:\/\/www.les-energies-renouvelables.eu\/article\/actualites\/energies\/eolien-terrestre-technique-solaire-reprend-le-portefeuille-francais-diberdrola-404\/#article\",\"isPartOf\":{\"@id\":\"https:\/\/www.les-energies-renouvelables.eu\/article\/actualites\/energies\/eolien-terrestre-technique-solaire-reprend-le-portefeuille-francais-diberdrola-404\/\"},\"author\":{\"name\":\"Alexia JACQUARD\",\"@id\":\"https:\/\/www.les-energies-renouvelables.eu\/article\/actualites\/#\/schema\/person\/2c7d09eb5ca339c12ca8d86145440169\"},\"headline\":\"\u00c9olien terrestre : Technique Solaire reprend le portefeuille fran\u00e7ais d&rsquo;Iberdrola\",\"datePublished\":\"2026-03-01T07:00:00+00:00\",\"dateModified\":\"2026-03-01T20:49:33+00:00\",\"mainEntityOfPage\":{\"@id\":\"https:\/\/www.les-energies-renouvelables.eu\/article\/actualites\/energies\/eolien-terrestre-technique-solaire-reprend-le-portefeuille-francais-diberdrola-404\/\"},\"wordCount\":745,\"publisher\":{\"@id\":\"https:\/\/www.les-energies-renouvelables.eu\/article\/actualites\/#organization\"},\"image\":{\"@id\":\"https:\/\/www.les-energies-renouvelables.eu\/article\/actualites\/energies\/eolien-terrestre-technique-solaire-reprend-le-portefeuille-francais-diberdrola-404\/#primaryimage\"},\"thumbnailUrl\":\"https:\/\/www.les-energies-renouvelables.eu\/article\/actualites\/wp-content\/uploads\/2026\/03\/actualites-brouillon-auto-rachat-eolien-iberdrola-technique-solaire.jpg\",\"articleSection\":[\"\u00c9nergies\"],\"inLanguage\":\"fr-FR\"},{\"@type\":\"WebPage\",\"@id\":\"https:\/\/www.les-energies-renouvelables.eu\/article\/actualites\/energies\/eolien-terrestre-technique-solaire-reprend-le-portefeuille-francais-diberdrola-404\/\",\"url\":\"https:\/\/www.les-energies-renouvelables.eu\/article\/actualites\/energies\/eolien-terrestre-technique-solaire-reprend-le-portefeuille-francais-diberdrola-404\/\",\"name\":\"\u00c9olien terrestre : Technique Solaire reprend le portefeuille fran\u00e7ais d'Iberdrola - ECOinfos\",\"isPartOf\":{\"@id\":\"https:\/\/www.les-energies-renouvelables.eu\/article\/actualites\/#website\"},\"primaryImageOfPage\":{\"@id\":\"https:\/\/www.les-energies-renouvelables.eu\/article\/actualites\/energies\/eolien-terrestre-technique-solaire-reprend-le-portefeuille-francais-diberdrola-404\/#primaryimage\"},\"image\":{\"@id\":\"https:\/\/www.les-energies-renouvelables.eu\/article\/actualites\/energies\/eolien-terrestre-technique-solaire-reprend-le-portefeuille-francais-diberdrola-404\/#primaryimage\"},\"thumbnailUrl\":\"https:\/\/www.les-energies-renouvelables.eu\/article\/actualites\/wp-content\/uploads\/2026\/03\/actualites-brouillon-auto-rachat-eolien-iberdrola-technique-solaire.jpg\",\"datePublished\":\"2026-03-01T07:00:00+00:00\",\"dateModified\":\"2026-03-01T20:49:33+00:00\",\"description\":\"Iberdrola c\u00e8de 118 MW d'\u00e9olien terrestre et 639 MW de projets en France \u00e0 Technique Solaire. Analyse d'une rotation d'actifs strat\u00e9gique et des enjeux du repowering pour la fili\u00e8re fran\u00e7aise.\",\"breadcrumb\":{\"@id\":\"https:\/\/www.les-energies-renouvelables.eu\/article\/actualites\/energies\/eolien-terrestre-technique-solaire-reprend-le-portefeuille-francais-diberdrola-404\/#breadcrumb\"},\"inLanguage\":\"fr-FR\",\"potentialAction\":[{\"@type\":\"ReadAction\",\"target\":[\"https:\/\/www.les-energies-renouvelables.eu\/article\/actualites\/energies\/eolien-terrestre-technique-solaire-reprend-le-portefeuille-francais-diberdrola-404\/\"]}]},{\"@type\":\"ImageObject\",\"inLanguage\":\"fr-FR\",\"@id\":\"https:\/\/www.les-energies-renouvelables.eu\/article\/actualites\/energies\/eolien-terrestre-technique-solaire-reprend-le-portefeuille-francais-diberdrola-404\/#primaryimage\",\"url\":\"https:\/\/www.les-energies-renouvelables.eu\/article\/actualites\/wp-content\/uploads\/2026\/03\/actualites-brouillon-auto-rachat-eolien-iberdrola-technique-solaire.jpg\",\"contentUrl\":\"https:\/\/www.les-energies-renouvelables.eu\/article\/actualites\/wp-content\/uploads\/2026\/03\/actualites-brouillon-auto-rachat-eolien-iberdrola-technique-solaire.jpg\",\"width\":1200,\"height\":675,\"caption\":\"Dall-E\"},{\"@type\":\"BreadcrumbList\",\"@id\":\"https:\/\/www.les-energies-renouvelables.eu\/article\/actualites\/energies\/eolien-terrestre-technique-solaire-reprend-le-portefeuille-francais-diberdrola-404\/#breadcrumb\",\"itemListElement\":[{\"@type\":\"ListItem\",\"position\":1,\"name\":\"Accueil\",\"item\":\"https:\/\/www.les-energies-renouvelables.eu\/article\/actualites\/\"},{\"@type\":\"ListItem\",\"position\":2,\"name\":\"\u00c9olien terrestre : Technique Solaire reprend le portefeuille fran\u00e7ais d&rsquo;Iberdrola\"}]},{\"@type\":\"WebSite\",\"@id\":\"https:\/\/www.les-energies-renouvelables.eu\/article\/actualites\/#website\",\"url\":\"https:\/\/www.les-energies-renouvelables.eu\/article\/actualites\/\",\"name\":\"ECOinfos Energies renouvelables\",\"description\":\"Le d\u00e9cryptage quotidien du secteur des \u00e9nergies renouvelables\",\"publisher\":{\"@id\":\"https:\/\/www.les-energies-renouvelables.eu\/article\/actualites\/#organization\"},\"potentialAction\":[{\"@type\":\"SearchAction\",\"target\":{\"@type\":\"EntryPoint\",\"urlTemplate\":\"https:\/\/www.les-energies-renouvelables.eu\/article\/actualites\/?s={search_term_string}\"},\"query-input\":{\"@type\":\"PropertyValueSpecification\",\"valueRequired\":true,\"valueName\":\"search_term_string\"}}],\"inLanguage\":\"fr-FR\"},{\"@type\":\"Organization\",\"@id\":\"https:\/\/www.les-energies-renouvelables.eu\/article\/actualites\/#organization\",\"name\":\"ECOinfos Energies renouvelables\",\"url\":\"https:\/\/www.les-energies-renouvelables.eu\/article\/actualites\/\",\"logo\":{\"@type\":\"ImageObject\",\"inLanguage\":\"fr-FR\",\"@id\":\"https:\/\/www.les-energies-renouvelables.eu\/article\/actualites\/#\/schema\/logo\/image\/\",\"url\":\"https:\/\/www.les-energies-renouvelables.eu\/article\/actualites\/wp-content\/uploads\/2025\/11\/ecoinfos.eldorado-consulting.com-logo-logo.svg\",\"contentUrl\":\"https:\/\/www.les-energies-renouvelables.eu\/article\/actualites\/wp-content\/uploads\/2025\/11\/ecoinfos.eldorado-consulting.com-logo-logo.svg\",\"caption\":\"ECOinfos Energies renouvelables\"},\"image\":{\"@id\":\"https:\/\/www.les-energies-renouvelables.eu\/article\/actualites\/#\/schema\/logo\/image\/\"},\"sameAs\":[\"https:\/\/www.facebook.com\/ecoannuaire.energierenouvelable\/\",\"https:\/\/x.com\/ECOinfosENR\",\"https:\/\/www.linkedin.com\/company\/ecoinfos-energies-renouvelables\/\",\"https:\/\/www.youtube.com\/@ecoinfosenergies\",\"https:\/\/share.google\/dyKHJPxAV42WhhjbM\"]},{\"@type\":\"Person\",\"@id\":\"https:\/\/www.les-energies-renouvelables.eu\/article\/actualites\/#\/schema\/person\/2c7d09eb5ca339c12ca8d86145440169\",\"name\":\"Alexia JACQUARD\",\"pronouns\":\"elle\/elle\",\"image\":{\"@type\":\"ImageObject\",\"inLanguage\":\"fr-FR\",\"@id\":\"https:\/\/www.les-energies-renouvelables.eu\/article\/actualites\/#\/schema\/person\/image\/\",\"url\":\"https:\/\/www.les-energies-renouvelables.eu\/article\/actualites\/wp-content\/uploads\/2026\/01\/actualites-alexia-jacquard-alexia-jacquard-160x160.jpg\",\"contentUrl\":\"https:\/\/www.les-energies-renouvelables.eu\/article\/actualites\/wp-content\/uploads\/2026\/01\/actualites-alexia-jacquard-alexia-jacquard-160x160.jpg\",\"caption\":\"Alexia JACQUARD\"},\"description\":\"Curieuse de nature et attentif aux enjeux du d\u00e9veloppement durable, Alexia Jacquard suit l'actualit\u00e9 des \u00e9nergies renouvelables pour partager les derni\u00e8res nouveaut\u00e9s du secteur. Elle s'attache \u00e0 retranscrire simplement les informations cl\u00e9s et les initiatives positives qui marquent la transition \u00e9nerg\u00e9tique. Son objectif : proposer des articles d'actualit\u00e9 clairs et accessibles pour tous ceux qui s'int\u00e9ressent \u00e0 l'avenir de notre \u00e9nergie.\",\"sameAs\":[\"https:\/\/alexia-jacquard.fr\",\"https:\/\/www.facebook.com\/tictacf2c\/\",\"https:\/\/www.instagram.com\/alexia_redac\/\",\"https:\/\/www.linkedin.com\/in\/alexia-jacquard-449a4b289\/\",\"https:\/\/fr.pinterest.com\/alexiajacquard\/\",\"https:\/\/x.com\/alexiajcrd\",\"https:\/\/www.youtube.com\/@Thepaindemie\",\"https:\/\/muckrack.com\/alexia-jacquard\"],\"url\":\"https:\/\/www.les-energies-renouvelables.eu\/article\/actualites\/author\/alexia-jacquard\/\"}]}<\/script>\n<!-- \/ Yoast SEO plugin. -->","yoast_head_json":{"title":"\u00c9olien terrestre : Technique Solaire reprend le portefeuille fran\u00e7ais d'Iberdrola - ECOinfos","description":"Iberdrola c\u00e8de 118 MW d'\u00e9olien terrestre et 639 MW de projets en France \u00e0 Technique Solaire. Analyse d'une rotation d'actifs strat\u00e9gique et des enjeux du repowering pour la fili\u00e8re fran\u00e7aise.","robots":{"index":"index","follow":"follow","max-snippet":"max-snippet:-1","max-image-preview":"max-image-preview:large","max-video-preview":"max-video-preview:-1"},"canonical":"https:\/\/www.les-energies-renouvelables.eu\/article\/actualites\/energies\/eolien-terrestre-technique-solaire-reprend-le-portefeuille-francais-diberdrola-404\/","og_locale":"fr_FR","og_type":"article","og_title":"\u00c9olien terrestre : Technique Solaire reprend le portefeuille fran\u00e7ais d'Iberdrola - ECOinfos","og_description":"Iberdrola c\u00e8de 118 MW d'\u00e9olien terrestre et 639 MW de projets en France \u00e0 Technique Solaire. Analyse d'une rotation d'actifs strat\u00e9gique et des enjeux du repowering pour la fili\u00e8re fran\u00e7aise.","og_url":"https:\/\/www.les-energies-renouvelables.eu\/article\/actualites\/energies\/eolien-terrestre-technique-solaire-reprend-le-portefeuille-francais-diberdrola-404\/","og_site_name":"ECOinfos Energies renouvelables","article_publisher":"https:\/\/www.facebook.com\/ecoannuaire.energierenouvelable\/","article_author":"https:\/\/www.facebook.com\/tictacf2c\/","article_published_time":"2026-03-01T07:00:00+00:00","article_modified_time":"2026-03-01T20:49:33+00:00","og_image":[{"width":1200,"height":675,"url":"https:\/\/www.les-energies-renouvelables.eu\/article\/actualites\/wp-content\/uploads\/2026\/03\/actualites-brouillon-auto-rachat-eolien-iberdrola-technique-solaire.jpg","type":"image\/jpeg"}],"author":"Alexia JACQUARD","twitter_card":"summary_large_image","twitter_creator":"@alexiajcrd","twitter_site":"@ECOinfosENR","twitter_misc":{"\u00c9crit par":"Alexia JACQUARD","Dur\u00e9e de lecture estim\u00e9e":"4 minutes"},"schema":{"@context":"https:\/\/schema.org","@graph":[{"@type":"Article","@id":"https:\/\/www.les-energies-renouvelables.eu\/article\/actualites\/energies\/eolien-terrestre-technique-solaire-reprend-le-portefeuille-francais-diberdrola-404\/#article","isPartOf":{"@id":"https:\/\/www.les-energies-renouvelables.eu\/article\/actualites\/energies\/eolien-terrestre-technique-solaire-reprend-le-portefeuille-francais-diberdrola-404\/"},"author":{"name":"Alexia JACQUARD","@id":"https:\/\/www.les-energies-renouvelables.eu\/article\/actualites\/#\/schema\/person\/2c7d09eb5ca339c12ca8d86145440169"},"headline":"\u00c9olien terrestre : Technique Solaire reprend le portefeuille fran\u00e7ais d&rsquo;Iberdrola","datePublished":"2026-03-01T07:00:00+00:00","dateModified":"2026-03-01T20:49:33+00:00","mainEntityOfPage":{"@id":"https:\/\/www.les-energies-renouvelables.eu\/article\/actualites\/energies\/eolien-terrestre-technique-solaire-reprend-le-portefeuille-francais-diberdrola-404\/"},"wordCount":745,"publisher":{"@id":"https:\/\/www.les-energies-renouvelables.eu\/article\/actualites\/#organization"},"image":{"@id":"https:\/\/www.les-energies-renouvelables.eu\/article\/actualites\/energies\/eolien-terrestre-technique-solaire-reprend-le-portefeuille-francais-diberdrola-404\/#primaryimage"},"thumbnailUrl":"https:\/\/www.les-energies-renouvelables.eu\/article\/actualites\/wp-content\/uploads\/2026\/03\/actualites-brouillon-auto-rachat-eolien-iberdrola-technique-solaire.jpg","articleSection":["\u00c9nergies"],"inLanguage":"fr-FR"},{"@type":"WebPage","@id":"https:\/\/www.les-energies-renouvelables.eu\/article\/actualites\/energies\/eolien-terrestre-technique-solaire-reprend-le-portefeuille-francais-diberdrola-404\/","url":"https:\/\/www.les-energies-renouvelables.eu\/article\/actualites\/energies\/eolien-terrestre-technique-solaire-reprend-le-portefeuille-francais-diberdrola-404\/","name":"\u00c9olien terrestre : Technique Solaire reprend le portefeuille fran\u00e7ais d'Iberdrola - ECOinfos","isPartOf":{"@id":"https:\/\/www.les-energies-renouvelables.eu\/article\/actualites\/#website"},"primaryImageOfPage":{"@id":"https:\/\/www.les-energies-renouvelables.eu\/article\/actualites\/energies\/eolien-terrestre-technique-solaire-reprend-le-portefeuille-francais-diberdrola-404\/#primaryimage"},"image":{"@id":"https:\/\/www.les-energies-renouvelables.eu\/article\/actualites\/energies\/eolien-terrestre-technique-solaire-reprend-le-portefeuille-francais-diberdrola-404\/#primaryimage"},"thumbnailUrl":"https:\/\/www.les-energies-renouvelables.eu\/article\/actualites\/wp-content\/uploads\/2026\/03\/actualites-brouillon-auto-rachat-eolien-iberdrola-technique-solaire.jpg","datePublished":"2026-03-01T07:00:00+00:00","dateModified":"2026-03-01T20:49:33+00:00","description":"Iberdrola c\u00e8de 118 MW d'\u00e9olien terrestre et 639 MW de projets en France \u00e0 Technique Solaire. Analyse d'une rotation d'actifs strat\u00e9gique et des enjeux du repowering pour la fili\u00e8re fran\u00e7aise.","breadcrumb":{"@id":"https:\/\/www.les-energies-renouvelables.eu\/article\/actualites\/energies\/eolien-terrestre-technique-solaire-reprend-le-portefeuille-francais-diberdrola-404\/#breadcrumb"},"inLanguage":"fr-FR","potentialAction":[{"@type":"ReadAction","target":["https:\/\/www.les-energies-renouvelables.eu\/article\/actualites\/energies\/eolien-terrestre-technique-solaire-reprend-le-portefeuille-francais-diberdrola-404\/"]}]},{"@type":"ImageObject","inLanguage":"fr-FR","@id":"https:\/\/www.les-energies-renouvelables.eu\/article\/actualites\/energies\/eolien-terrestre-technique-solaire-reprend-le-portefeuille-francais-diberdrola-404\/#primaryimage","url":"https:\/\/www.les-energies-renouvelables.eu\/article\/actualites\/wp-content\/uploads\/2026\/03\/actualites-brouillon-auto-rachat-eolien-iberdrola-technique-solaire.jpg","contentUrl":"https:\/\/www.les-energies-renouvelables.eu\/article\/actualites\/wp-content\/uploads\/2026\/03\/actualites-brouillon-auto-rachat-eolien-iberdrola-technique-solaire.jpg","width":1200,"height":675,"caption":"Dall-E"},{"@type":"BreadcrumbList","@id":"https:\/\/www.les-energies-renouvelables.eu\/article\/actualites\/energies\/eolien-terrestre-technique-solaire-reprend-le-portefeuille-francais-diberdrola-404\/#breadcrumb","itemListElement":[{"@type":"ListItem","position":1,"name":"Accueil","item":"https:\/\/www.les-energies-renouvelables.eu\/article\/actualites\/"},{"@type":"ListItem","position":2,"name":"\u00c9olien terrestre : Technique Solaire reprend le portefeuille fran\u00e7ais d&rsquo;Iberdrola"}]},{"@type":"WebSite","@id":"https:\/\/www.les-energies-renouvelables.eu\/article\/actualites\/#website","url":"https:\/\/www.les-energies-renouvelables.eu\/article\/actualites\/","name":"ECOinfos Energies renouvelables","description":"Le d\u00e9cryptage quotidien du secteur des \u00e9nergies renouvelables","publisher":{"@id":"https:\/\/www.les-energies-renouvelables.eu\/article\/actualites\/#organization"},"potentialAction":[{"@type":"SearchAction","target":{"@type":"EntryPoint","urlTemplate":"https:\/\/www.les-energies-renouvelables.eu\/article\/actualites\/?s={search_term_string}"},"query-input":{"@type":"PropertyValueSpecification","valueRequired":true,"valueName":"search_term_string"}}],"inLanguage":"fr-FR"},{"@type":"Organization","@id":"https:\/\/www.les-energies-renouvelables.eu\/article\/actualites\/#organization","name":"ECOinfos Energies renouvelables","url":"https:\/\/www.les-energies-renouvelables.eu\/article\/actualites\/","logo":{"@type":"ImageObject","inLanguage":"fr-FR","@id":"https:\/\/www.les-energies-renouvelables.eu\/article\/actualites\/#\/schema\/logo\/image\/","url":"https:\/\/www.les-energies-renouvelables.eu\/article\/actualites\/wp-content\/uploads\/2025\/11\/ecoinfos.eldorado-consulting.com-logo-logo.svg","contentUrl":"https:\/\/www.les-energies-renouvelables.eu\/article\/actualites\/wp-content\/uploads\/2025\/11\/ecoinfos.eldorado-consulting.com-logo-logo.svg","caption":"ECOinfos Energies renouvelables"},"image":{"@id":"https:\/\/www.les-energies-renouvelables.eu\/article\/actualites\/#\/schema\/logo\/image\/"},"sameAs":["https:\/\/www.facebook.com\/ecoannuaire.energierenouvelable\/","https:\/\/x.com\/ECOinfosENR","https:\/\/www.linkedin.com\/company\/ecoinfos-energies-renouvelables\/","https:\/\/www.youtube.com\/@ecoinfosenergies","https:\/\/share.google\/dyKHJPxAV42WhhjbM"]},{"@type":"Person","@id":"https:\/\/www.les-energies-renouvelables.eu\/article\/actualites\/#\/schema\/person\/2c7d09eb5ca339c12ca8d86145440169","name":"Alexia JACQUARD","pronouns":"elle\/elle","image":{"@type":"ImageObject","inLanguage":"fr-FR","@id":"https:\/\/www.les-energies-renouvelables.eu\/article\/actualites\/#\/schema\/person\/image\/","url":"https:\/\/www.les-energies-renouvelables.eu\/article\/actualites\/wp-content\/uploads\/2026\/01\/actualites-alexia-jacquard-alexia-jacquard-160x160.jpg","contentUrl":"https:\/\/www.les-energies-renouvelables.eu\/article\/actualites\/wp-content\/uploads\/2026\/01\/actualites-alexia-jacquard-alexia-jacquard-160x160.jpg","caption":"Alexia JACQUARD"},"description":"Curieuse de nature et attentif aux enjeux du d\u00e9veloppement durable, Alexia Jacquard suit l'actualit\u00e9 des \u00e9nergies renouvelables pour partager les derni\u00e8res nouveaut\u00e9s du secteur. Elle s'attache \u00e0 retranscrire simplement les informations cl\u00e9s et les initiatives positives qui marquent la transition \u00e9nerg\u00e9tique. Son objectif : proposer des articles d'actualit\u00e9 clairs et accessibles pour tous ceux qui s'int\u00e9ressent \u00e0 l'avenir de notre \u00e9nergie.","sameAs":["https:\/\/alexia-jacquard.fr","https:\/\/www.facebook.com\/tictacf2c\/","https:\/\/www.instagram.com\/alexia_redac\/","https:\/\/www.linkedin.com\/in\/alexia-jacquard-449a4b289\/","https:\/\/fr.pinterest.com\/alexiajacquard\/","https:\/\/x.com\/alexiajcrd","https:\/\/www.youtube.com\/@Thepaindemie","https:\/\/muckrack.com\/alexia-jacquard"],"url":"https:\/\/www.les-energies-renouvelables.eu\/article\/actualites\/author\/alexia-jacquard\/"}]}},"_links":{"self":[{"href":"https:\/\/www.les-energies-renouvelables.eu\/article\/actualites\/wp-json\/wp\/v2\/posts\/404","targetHints":{"allow":["GET"]}}],"collection":[{"href":"https:\/\/www.les-energies-renouvelables.eu\/article\/actualites\/wp-json\/wp\/v2\/posts"}],"about":[{"href":"https:\/\/www.les-energies-renouvelables.eu\/article\/actualites\/wp-json\/wp\/v2\/types\/post"}],"author":[{"embeddable":true,"href":"https:\/\/www.les-energies-renouvelables.eu\/article\/actualites\/wp-json\/wp\/v2\/users\/2"}],"replies":[{"embeddable":true,"href":"https:\/\/www.les-energies-renouvelables.eu\/article\/actualites\/wp-json\/wp\/v2\/comments?post=404"}],"version-history":[{"count":1,"href":"https:\/\/www.les-energies-renouvelables.eu\/article\/actualites\/wp-json\/wp\/v2\/posts\/404\/revisions"}],"predecessor-version":[{"id":406,"href":"https:\/\/www.les-energies-renouvelables.eu\/article\/actualites\/wp-json\/wp\/v2\/posts\/404\/revisions\/406"}],"wp:featuredmedia":[{"embeddable":true,"href":"https:\/\/www.les-energies-renouvelables.eu\/article\/actualites\/wp-json\/wp\/v2\/media\/405"}],"wp:attachment":[{"href":"https:\/\/www.les-energies-renouvelables.eu\/article\/actualites\/wp-json\/wp\/v2\/media?parent=404"}],"wp:term":[{"taxonomy":"category","embeddable":true,"href":"https:\/\/www.les-energies-renouvelables.eu\/article\/actualites\/wp-json\/wp\/v2\/categories?post=404"},{"taxonomy":"post_tag","embeddable":true,"href":"https:\/\/www.les-energies-renouvelables.eu\/article\/actualites\/wp-json\/wp\/v2\/tags?post=404"}],"curies":[{"name":"wp","href":"https:\/\/api.w.org\/{rel}","templated":true}]}}