{"id":401,"date":"2026-02-28T08:00:00","date_gmt":"2026-02-28T07:00:00","guid":{"rendered":"https:\/\/www.les-energies-renouvelables.eu\/article\/actualites\/?p=401"},"modified":"2026-03-01T21:01:51","modified_gmt":"2026-03-01T20:01:51","slug":"soutien-public-aux-enr-pourquoi-la-facture-devrait-salleger-dici-2035","status":"publish","type":"post","link":"https:\/\/www.les-energies-renouvelables.eu\/article\/actualites\/energies\/soutien-public-aux-enr-pourquoi-la-facture-devrait-salleger-dici-2035-401\/","title":{"rendered":"Soutien public aux EnR : pourquoi la facture devrait s\u2019all\u00e9ger d\u2019ici 2035"},"content":{"rendered":"\n<p>R\u00e9sum\u00e9 :&nbsp;<\/p>\n\n\n\n<ul class=\"wp-block-list\">\n<li><strong>Comp\u00e9titivit\u00e9 accrue :<\/strong> Le recul des <strong>co\u00fbts de production (LCOE)<\/strong> du solaire et de l&rsquo;\u00e9olien resserre l&rsquo;\u00e9cart avec les prix de march\u00e9.<\/li>\n\n\n\n<li><strong>M\u00e9canisme de r\u00e9gulation :<\/strong> Le <strong>compl\u00e9ment de r\u00e9mun\u00e9ration<\/strong> permet \u00e0 l&rsquo;\u00c9tat de percevoir des recettes lorsque les prix de march\u00e9 sont \u00e9lev\u00e9s.<\/li>\n\n\n\n<li><strong>Efficience budg\u00e9taire :<\/strong> Selon l&rsquo;analyse du Tr\u00e9sor, le co\u00fbt du soutien cible pour les nouveaux projets s&rsquo;\u00e9tablit \u00e0 <strong>27 \u20ac\/MWh<\/strong>.<\/li>\n\n\n\n<li><strong>Calendrier de d\u00e9ploiement :<\/strong> Les EnR (<strong>3 \u00e0 7 ans<\/strong> de d\u00e9veloppement) sont mobilisables dans des d\u00e9lais courts pour r\u00e9pondre \u00e0 la demande \u00e9lectrique d&rsquo;ici 2035, en parall\u00e8le du nouveau nucl\u00e9aire (10 ans et plus).<\/li>\n<\/ul>\n\n\n\n<p>Une analyse publi\u00e9e le 16 f\u00e9vrier 2026 par la <strong>Direction g\u00e9n\u00e9rale du Tr\u00e9sor<\/strong> examine les enjeux \u00e9conomiques du soutien aux \u00e9nergies renouvelables (EnR). Le document indique que le recul des co\u00fbts de production a modifi\u00e9 le profil financier de ces technologies. Si le soutien public ne dispara\u00eet pas, les auteurs pr\u00e9voient que son <strong>niveau unitaire<\/strong> pour les nouvelles installations s&rsquo;all\u00e9gera nettement.<\/p>\n\n\n\n<p>Cette trajectoire s&rsquo;inscrit dans un contexte d&rsquo;<strong>\u00e9lectrification des usages<\/strong> (transports, industrie, b\u00e2timent). Pour couvrir la hausse de la consommation pr\u00e9vue sur la prochaine d\u00e9cennie, les projections soulignent la <strong>compl\u00e9mentarit\u00e9 des fili\u00e8res<\/strong>. Les EnR \u00e9lectriques constituent un levier de court et moyen terme, tandis que le nouveau nucl\u00e9aire s&rsquo;inscrit sur un horizon sup\u00e9rieur \u00e0 dix ans.<\/p>\n\n\n\n<h2 class=\"wp-block-heading\">Le compl\u00e9ment de r\u00e9mun\u00e9ration : un outil visant \u00e0 stabiliser les revenus<\/h2>\n\n\n\n<p>La France privil\u00e9gie d\u00e9sormais le <strong>compl\u00e9ment de r\u00e9mun\u00e9ration<\/strong> pour soutenir les nouvelles capacit\u00e9s. Ce dispositif, qui repr\u00e9sentait <strong>70 % des contrats<\/strong> engag\u00e9s sur la p\u00e9riode 2023-2024, expose les producteurs au march\u00e9 tout en encadrant leurs revenus.<\/p>\n\n\n\n<p>Dans ce syst\u00e8me de <strong>contrat de diff\u00e9rence<\/strong>, l&rsquo;\u00c9tat verse l&rsquo;\u00e9cart entre le prix de march\u00e9 et un prix de r\u00e9f\u00e9rence fix\u00e9 par contrat. \u00c0 l&rsquo;inverse, lorsque les prix de march\u00e9 sont \u00e9lev\u00e9s, les producteurs <strong>reversent l&rsquo;exc\u00e9dent \u00e0 l&rsquo;\u00c9tat<\/strong>. L&rsquo;\u00e9tude d\u00e9crit ce m\u00e9canisme comme un levier limitant l&rsquo;<strong>exposition budg\u00e9taire<\/strong> en cas de fortes tensions sur les prix de l&rsquo;\u00e9lectricit\u00e9.<\/p>\n\n\n\n<p>Selon le rapport, le co\u00fbt du soutien via ce dispositif est de <strong>27 \u20ac\/MWh en 2025<\/strong>, un montant quatre fois inf\u00e9rieur \u00e0 celui des anciens contrats d&rsquo;obligation d&rsquo;achat. Pour 2025, la d\u00e9pense pr\u00e9visionnelle associ\u00e9e est de 654 millions d&rsquo;euros (pour 24 TWh), soit environ <strong>11 % de l&rsquo;enveloppe totale<\/strong> d\u00e9di\u00e9e aux EnR \u00e9lectriques (6,2 milliards d&rsquo;euros).<\/p>\n\n\n\n<h2 class=\"wp-block-heading\">La performance technologique comme facteur de r\u00e9duction des aides<\/h2>\n\n\n\n<p>La moindre intensit\u00e9 du soutien unitaire n&rsquo;est pas le signe d&rsquo;un retrait des dispositifs d&rsquo;aide, mais s&rsquo;explique notamment par le <strong>gain de performance<\/strong> du solaire et de l&rsquo;\u00e9olien. Cette \u00e9volution permet aux fili\u00e8res renouvelables de renforcer leur position \u00e9conomique en se rapprochant des prix de march\u00e9.<\/p>\n\n\n\n<p>L&rsquo;analyse pr\u00e9cise toutefois une particularit\u00e9 fran\u00e7aise : en 2025, le prix de l\u2019\u00e9lectricit\u00e9 y demeure <strong>inf\u00e9rieur de 32 %<\/strong> \u00e0 celui de l\u2019Allemagne et de <strong>49 %<\/strong> \u00e0 celui de l\u2019Italie. Ce niveau de prix relatif explique pourquoi un accompagnement public reste n\u00e9cessaire dans l&rsquo;Hexagone pour assurer l&rsquo;\u00e9quilibre des projets, l\u00e0 o\u00f9 certaines installations atteignent la rentabilit\u00e9 sans aide dans des pays o\u00f9 les prix de march\u00e9 sont plus \u00e9lev\u00e9s.<\/p>\n\n\n\n<p>Le fait qu&rsquo;une fili\u00e8re n\u00e9cessite un soutien plus faible par MWh produit illustre, selon les auteurs, le rapprochement progressif des co\u00fbts de production avec les r\u00e9alit\u00e9s du <strong>march\u00e9 de gros<\/strong>.<\/p>\n\n\n\n<h2 class=\"wp-block-heading\">Horizon 2030-2035 : Les EnR face \u00e0 la hausse de la demande<\/h2>\n\n\n\n<p>La hausse attendue de la consommation d&rsquo;\u00e9lectricit\u00e9 doit \u00eatre couverte par de nouvelles capacit\u00e9s. Les EnR \u00e9lectriques comptent parmi les solutions capables de <strong>monter en charge rapidement<\/strong> pour r\u00e9pondre \u00e0 ces besoins d&rsquo;ici 2035.<\/p>\n\n\n\n<p>L&rsquo;\u00e9tude anticipe une baisse continue des co\u00fbts : pour le solaire et l&rsquo;\u00e9olien, le co\u00fbt complet de production des nouvelles installations devrait se situer autour de <strong>80 \u20ac\/MWh d\u2019ici 2035<\/strong> (en euros 2024), contre 120 \u20ac\/MWh en moyenne aujourd\u2019hui. Par cons\u00e9quent, l&rsquo;<strong>impact budg\u00e9taire marginal<\/strong> de chaque nouveau m\u00e9gawattheure install\u00e9 sera plus faible que celui des parcs historiques.<\/p>\n\n\n\n<p>Cette massification expose toutefois davantage le budget de l&rsquo;\u00c9tat aux variations des prix de march\u00e9. Le basculement vers le compl\u00e9ment de r\u00e9mun\u00e9ration est ainsi pr\u00e9sent\u00e9 comme un <strong>transfert partiel du risque de prix<\/strong> vers les producteurs, permettant d&rsquo;assurer une meilleure ma\u00eetrise de la d\u00e9pense publique.<\/p>\n\n\n\n<p>Cette trajectoire illustre la <strong>mont\u00e9e en puissance industrielle<\/strong> des fili\u00e8res renouvelables. Les nouvelles installations requi\u00e8rent un accompagnement financier moins dense car leurs co\u00fbts de construction et de financement ont nettement diminu\u00e9.<\/p>\n\n\n\n<p>L&rsquo;analyse conclut sur l&rsquo;importance de la <strong>stabilit\u00e9 du cadre r\u00e9glementaire<\/strong>. L\u2019incertitude sur les prix futurs de l\u2019\u00e9lectricit\u00e9 demeure un facteur de risque pour les investisseurs. Selon la trajectoire pr\u00e9sent\u00e9e par le Tr\u00e9sor, la <strong>visibilit\u00e9 sur les revenus<\/strong> sera une condition d\u00e9terminante pour que la r\u00e9duction du soutien unitaire se confirme effectivement d&rsquo;ici 2035.<\/p>\n","protected":false},"excerpt":{"rendered":"","protected":false},"author":2,"featured_media":403,"comment_status":"closed","ping_status":"closed","sticky":false,"template":"","format":"standard","meta":{"footnotes":""},"categories":[1],"tags":[],"class_list":["post-401","post","type-post","status-publish","format-standard","has-post-thumbnail","hentry","category-energies","masonry-post","generate-columns","tablet-grid-50","mobile-grid-100","grid-parent","grid-33"],"yoast_head":"<!-- This site is optimized with the Yoast SEO plugin v26.6 - https:\/\/yoast.com\/wordpress\/plugins\/seo\/ -->\n<title>Soutien public aux EnR : pourquoi la facture devrait s\u2019all\u00e9ger d\u2019ici 2035 - ECOinfos<\/title>\n<meta name=\"description\" content=\"Le soutien public aux EnR en France va diminuer d&#039;ici 2035. Analyse du rapport du Tr\u00e9sor sur la baisse des co\u00fbts du solaire et de l&#039;\u00e9olien et l&#039;efficacit\u00e9 du compl\u00e9ment de r\u00e9mun\u00e9ration.\" \/>\n<meta name=\"robots\" content=\"index, follow, max-snippet:-1, max-image-preview:large, max-video-preview:-1\" \/>\n<link rel=\"canonical\" href=\"https:\/\/www.les-energies-renouvelables.eu\/article\/actualites\/energies\/soutien-public-aux-enr-pourquoi-la-facture-devrait-salleger-dici-2035-401\/\" \/>\n<meta property=\"og:locale\" content=\"fr_FR\" \/>\n<meta property=\"og:type\" content=\"article\" \/>\n<meta property=\"og:title\" content=\"Soutien public aux EnR : pourquoi la facture devrait s\u2019all\u00e9ger d\u2019ici 2035 - ECOinfos\" \/>\n<meta property=\"og:description\" content=\"Le soutien public aux EnR en France va diminuer d&#039;ici 2035. Analyse du rapport du Tr\u00e9sor sur la baisse des co\u00fbts du solaire et de l&#039;\u00e9olien et l&#039;efficacit\u00e9 du compl\u00e9ment de r\u00e9mun\u00e9ration.\" \/>\n<meta property=\"og:url\" content=\"https:\/\/www.les-energies-renouvelables.eu\/article\/actualites\/energies\/soutien-public-aux-enr-pourquoi-la-facture-devrait-salleger-dici-2035-401\/\" \/>\n<meta property=\"og:site_name\" content=\"ECOinfos Energies renouvelables\" \/>\n<meta property=\"article:publisher\" content=\"https:\/\/www.facebook.com\/ecoannuaire.energierenouvelable\/\" \/>\n<meta property=\"article:author\" content=\"https:\/\/www.facebook.com\/tictacf2c\/\" \/>\n<meta property=\"article:published_time\" content=\"2026-02-28T07:00:00+00:00\" \/>\n<meta property=\"article:modified_time\" content=\"2026-03-01T20:01:51+00:00\" \/>\n<meta property=\"og:image\" content=\"https:\/\/www.les-energies-renouvelables.eu\/article\/actualites\/wp-content\/uploads\/2026\/02\/actualites-soutien-public-aux-enr-pourquoi-la-facture-devrait-salleger-dici-2035-soutien-public.jpg\" \/>\n\t<meta property=\"og:image:width\" content=\"1200\" \/>\n\t<meta property=\"og:image:height\" content=\"675\" \/>\n\t<meta property=\"og:image:type\" content=\"image\/jpeg\" \/>\n<meta name=\"author\" content=\"Alexia JACQUARD\" \/>\n<meta name=\"twitter:card\" content=\"summary_large_image\" \/>\n<meta name=\"twitter:creator\" content=\"@alexiajcrd\" \/>\n<meta name=\"twitter:site\" content=\"@ECOinfosENR\" \/>\n<meta name=\"twitter:label1\" content=\"\u00c9crit par\" \/>\n\t<meta name=\"twitter:data1\" content=\"Alexia JACQUARD\" \/>\n\t<meta name=\"twitter:label2\" content=\"Dur\u00e9e de lecture estim\u00e9e\" \/>\n\t<meta name=\"twitter:data2\" content=\"5 minutes\" \/>\n<script type=\"application\/ld+json\" class=\"yoast-schema-graph\">{\"@context\":\"https:\/\/schema.org\",\"@graph\":[{\"@type\":\"Article\",\"@id\":\"https:\/\/www.les-energies-renouvelables.eu\/article\/actualites\/energies\/soutien-public-aux-enr-pourquoi-la-facture-devrait-salleger-dici-2035-401\/#article\",\"isPartOf\":{\"@id\":\"https:\/\/www.les-energies-renouvelables.eu\/article\/actualites\/energies\/soutien-public-aux-enr-pourquoi-la-facture-devrait-salleger-dici-2035-401\/\"},\"author\":{\"name\":\"Alexia JACQUARD\",\"@id\":\"https:\/\/www.les-energies-renouvelables.eu\/article\/actualites\/#\/schema\/person\/2c7d09eb5ca339c12ca8d86145440169\"},\"headline\":\"Soutien public aux EnR : pourquoi la facture devrait s\u2019all\u00e9ger d\u2019ici 2035\",\"datePublished\":\"2026-02-28T07:00:00+00:00\",\"dateModified\":\"2026-03-01T20:01:51+00:00\",\"mainEntityOfPage\":{\"@id\":\"https:\/\/www.les-energies-renouvelables.eu\/article\/actualites\/energies\/soutien-public-aux-enr-pourquoi-la-facture-devrait-salleger-dici-2035-401\/\"},\"wordCount\":876,\"publisher\":{\"@id\":\"https:\/\/www.les-energies-renouvelables.eu\/article\/actualites\/#organization\"},\"image\":{\"@id\":\"https:\/\/www.les-energies-renouvelables.eu\/article\/actualites\/energies\/soutien-public-aux-enr-pourquoi-la-facture-devrait-salleger-dici-2035-401\/#primaryimage\"},\"thumbnailUrl\":\"https:\/\/www.les-energies-renouvelables.eu\/article\/actualites\/wp-content\/uploads\/2026\/02\/actualites-soutien-public-aux-enr-pourquoi-la-facture-devrait-salleger-dici-2035-soutien-public.jpg\",\"articleSection\":[\"\u00c9nergies\"],\"inLanguage\":\"fr-FR\"},{\"@type\":\"WebPage\",\"@id\":\"https:\/\/www.les-energies-renouvelables.eu\/article\/actualites\/energies\/soutien-public-aux-enr-pourquoi-la-facture-devrait-salleger-dici-2035-401\/\",\"url\":\"https:\/\/www.les-energies-renouvelables.eu\/article\/actualites\/energies\/soutien-public-aux-enr-pourquoi-la-facture-devrait-salleger-dici-2035-401\/\",\"name\":\"Soutien public aux EnR : pourquoi la facture devrait s\u2019all\u00e9ger d\u2019ici 2035 - ECOinfos\",\"isPartOf\":{\"@id\":\"https:\/\/www.les-energies-renouvelables.eu\/article\/actualites\/#website\"},\"primaryImageOfPage\":{\"@id\":\"https:\/\/www.les-energies-renouvelables.eu\/article\/actualites\/energies\/soutien-public-aux-enr-pourquoi-la-facture-devrait-salleger-dici-2035-401\/#primaryimage\"},\"image\":{\"@id\":\"https:\/\/www.les-energies-renouvelables.eu\/article\/actualites\/energies\/soutien-public-aux-enr-pourquoi-la-facture-devrait-salleger-dici-2035-401\/#primaryimage\"},\"thumbnailUrl\":\"https:\/\/www.les-energies-renouvelables.eu\/article\/actualites\/wp-content\/uploads\/2026\/02\/actualites-soutien-public-aux-enr-pourquoi-la-facture-devrait-salleger-dici-2035-soutien-public.jpg\",\"datePublished\":\"2026-02-28T07:00:00+00:00\",\"dateModified\":\"2026-03-01T20:01:51+00:00\",\"description\":\"Le soutien public aux EnR en France va diminuer d'ici 2035. Analyse du rapport du Tr\u00e9sor sur la baisse des co\u00fbts du solaire et de l'\u00e9olien et l'efficacit\u00e9 du compl\u00e9ment de r\u00e9mun\u00e9ration.\",\"breadcrumb\":{\"@id\":\"https:\/\/www.les-energies-renouvelables.eu\/article\/actualites\/energies\/soutien-public-aux-enr-pourquoi-la-facture-devrait-salleger-dici-2035-401\/#breadcrumb\"},\"inLanguage\":\"fr-FR\",\"potentialAction\":[{\"@type\":\"ReadAction\",\"target\":[\"https:\/\/www.les-energies-renouvelables.eu\/article\/actualites\/energies\/soutien-public-aux-enr-pourquoi-la-facture-devrait-salleger-dici-2035-401\/\"]}]},{\"@type\":\"ImageObject\",\"inLanguage\":\"fr-FR\",\"@id\":\"https:\/\/www.les-energies-renouvelables.eu\/article\/actualites\/energies\/soutien-public-aux-enr-pourquoi-la-facture-devrait-salleger-dici-2035-401\/#primaryimage\",\"url\":\"https:\/\/www.les-energies-renouvelables.eu\/article\/actualites\/wp-content\/uploads\/2026\/02\/actualites-soutien-public-aux-enr-pourquoi-la-facture-devrait-salleger-dici-2035-soutien-public.jpg\",\"contentUrl\":\"https:\/\/www.les-energies-renouvelables.eu\/article\/actualites\/wp-content\/uploads\/2026\/02\/actualites-soutien-public-aux-enr-pourquoi-la-facture-devrait-salleger-dici-2035-soutien-public.jpg\",\"width\":1200,\"height\":675,\"caption\":\"Dall-E\"},{\"@type\":\"BreadcrumbList\",\"@id\":\"https:\/\/www.les-energies-renouvelables.eu\/article\/actualites\/energies\/soutien-public-aux-enr-pourquoi-la-facture-devrait-salleger-dici-2035-401\/#breadcrumb\",\"itemListElement\":[{\"@type\":\"ListItem\",\"position\":1,\"name\":\"Accueil\",\"item\":\"https:\/\/www.les-energies-renouvelables.eu\/article\/actualites\/\"},{\"@type\":\"ListItem\",\"position\":2,\"name\":\"Soutien public aux EnR : pourquoi la facture devrait s\u2019all\u00e9ger d\u2019ici 2035\"}]},{\"@type\":\"WebSite\",\"@id\":\"https:\/\/www.les-energies-renouvelables.eu\/article\/actualites\/#website\",\"url\":\"https:\/\/www.les-energies-renouvelables.eu\/article\/actualites\/\",\"name\":\"ECOinfos Energies renouvelables\",\"description\":\"Le d\u00e9cryptage quotidien du secteur des \u00e9nergies renouvelables\",\"publisher\":{\"@id\":\"https:\/\/www.les-energies-renouvelables.eu\/article\/actualites\/#organization\"},\"potentialAction\":[{\"@type\":\"SearchAction\",\"target\":{\"@type\":\"EntryPoint\",\"urlTemplate\":\"https:\/\/www.les-energies-renouvelables.eu\/article\/actualites\/?s={search_term_string}\"},\"query-input\":{\"@type\":\"PropertyValueSpecification\",\"valueRequired\":true,\"valueName\":\"search_term_string\"}}],\"inLanguage\":\"fr-FR\"},{\"@type\":\"Organization\",\"@id\":\"https:\/\/www.les-energies-renouvelables.eu\/article\/actualites\/#organization\",\"name\":\"ECOinfos Energies renouvelables\",\"url\":\"https:\/\/www.les-energies-renouvelables.eu\/article\/actualites\/\",\"logo\":{\"@type\":\"ImageObject\",\"inLanguage\":\"fr-FR\",\"@id\":\"https:\/\/www.les-energies-renouvelables.eu\/article\/actualites\/#\/schema\/logo\/image\/\",\"url\":\"https:\/\/www.les-energies-renouvelables.eu\/article\/actualites\/wp-content\/uploads\/2025\/11\/ecoinfos.eldorado-consulting.com-logo-logo.svg\",\"contentUrl\":\"https:\/\/www.les-energies-renouvelables.eu\/article\/actualites\/wp-content\/uploads\/2025\/11\/ecoinfos.eldorado-consulting.com-logo-logo.svg\",\"caption\":\"ECOinfos Energies renouvelables\"},\"image\":{\"@id\":\"https:\/\/www.les-energies-renouvelables.eu\/article\/actualites\/#\/schema\/logo\/image\/\"},\"sameAs\":[\"https:\/\/www.facebook.com\/ecoannuaire.energierenouvelable\/\",\"https:\/\/x.com\/ECOinfosENR\",\"https:\/\/www.linkedin.com\/company\/ecoinfos-energies-renouvelables\/\",\"https:\/\/www.youtube.com\/@ecoinfosenergies\",\"https:\/\/share.google\/dyKHJPxAV42WhhjbM\"]},{\"@type\":\"Person\",\"@id\":\"https:\/\/www.les-energies-renouvelables.eu\/article\/actualites\/#\/schema\/person\/2c7d09eb5ca339c12ca8d86145440169\",\"name\":\"Alexia JACQUARD\",\"pronouns\":\"elle\/elle\",\"image\":{\"@type\":\"ImageObject\",\"inLanguage\":\"fr-FR\",\"@id\":\"https:\/\/www.les-energies-renouvelables.eu\/article\/actualites\/#\/schema\/person\/image\/\",\"url\":\"https:\/\/www.les-energies-renouvelables.eu\/article\/actualites\/wp-content\/uploads\/2026\/01\/actualites-alexia-jacquard-alexia-jacquard-160x160.jpg\",\"contentUrl\":\"https:\/\/www.les-energies-renouvelables.eu\/article\/actualites\/wp-content\/uploads\/2026\/01\/actualites-alexia-jacquard-alexia-jacquard-160x160.jpg\",\"caption\":\"Alexia JACQUARD\"},\"description\":\"Curieuse de nature et attentif aux enjeux du d\u00e9veloppement durable, Alexia Jacquard suit l'actualit\u00e9 des \u00e9nergies renouvelables pour partager les derni\u00e8res nouveaut\u00e9s du secteur. Elle s'attache \u00e0 retranscrire simplement les informations cl\u00e9s et les initiatives positives qui marquent la transition \u00e9nerg\u00e9tique. Son objectif : proposer des articles d'actualit\u00e9 clairs et accessibles pour tous ceux qui s'int\u00e9ressent \u00e0 l'avenir de notre \u00e9nergie.\",\"sameAs\":[\"https:\/\/alexia-jacquard.fr\",\"https:\/\/www.facebook.com\/tictacf2c\/\",\"https:\/\/www.instagram.com\/alexia_redac\/\",\"https:\/\/www.linkedin.com\/in\/alexia-jacquard-449a4b289\/\",\"https:\/\/fr.pinterest.com\/alexiajacquard\/\",\"https:\/\/x.com\/alexiajcrd\",\"https:\/\/www.youtube.com\/@Thepaindemie\",\"https:\/\/muckrack.com\/alexia-jacquard\"],\"url\":\"https:\/\/www.les-energies-renouvelables.eu\/article\/actualites\/author\/alexia-jacquard\/\"}]}<\/script>\n<!-- \/ Yoast SEO plugin. -->","yoast_head_json":{"title":"Soutien public aux EnR : pourquoi la facture devrait s\u2019all\u00e9ger d\u2019ici 2035 - ECOinfos","description":"Le soutien public aux EnR en France va diminuer d'ici 2035. Analyse du rapport du Tr\u00e9sor sur la baisse des co\u00fbts du solaire et de l'\u00e9olien et l'efficacit\u00e9 du compl\u00e9ment de r\u00e9mun\u00e9ration.","robots":{"index":"index","follow":"follow","max-snippet":"max-snippet:-1","max-image-preview":"max-image-preview:large","max-video-preview":"max-video-preview:-1"},"canonical":"https:\/\/www.les-energies-renouvelables.eu\/article\/actualites\/energies\/soutien-public-aux-enr-pourquoi-la-facture-devrait-salleger-dici-2035-401\/","og_locale":"fr_FR","og_type":"article","og_title":"Soutien public aux EnR : pourquoi la facture devrait s\u2019all\u00e9ger d\u2019ici 2035 - ECOinfos","og_description":"Le soutien public aux EnR en France va diminuer d'ici 2035. Analyse du rapport du Tr\u00e9sor sur la baisse des co\u00fbts du solaire et de l'\u00e9olien et l'efficacit\u00e9 du compl\u00e9ment de r\u00e9mun\u00e9ration.","og_url":"https:\/\/www.les-energies-renouvelables.eu\/article\/actualites\/energies\/soutien-public-aux-enr-pourquoi-la-facture-devrait-salleger-dici-2035-401\/","og_site_name":"ECOinfos Energies renouvelables","article_publisher":"https:\/\/www.facebook.com\/ecoannuaire.energierenouvelable\/","article_author":"https:\/\/www.facebook.com\/tictacf2c\/","article_published_time":"2026-02-28T07:00:00+00:00","article_modified_time":"2026-03-01T20:01:51+00:00","og_image":[{"width":1200,"height":675,"url":"https:\/\/www.les-energies-renouvelables.eu\/article\/actualites\/wp-content\/uploads\/2026\/02\/actualites-soutien-public-aux-enr-pourquoi-la-facture-devrait-salleger-dici-2035-soutien-public.jpg","type":"image\/jpeg"}],"author":"Alexia JACQUARD","twitter_card":"summary_large_image","twitter_creator":"@alexiajcrd","twitter_site":"@ECOinfosENR","twitter_misc":{"\u00c9crit par":"Alexia JACQUARD","Dur\u00e9e de lecture estim\u00e9e":"5 minutes"},"schema":{"@context":"https:\/\/schema.org","@graph":[{"@type":"Article","@id":"https:\/\/www.les-energies-renouvelables.eu\/article\/actualites\/energies\/soutien-public-aux-enr-pourquoi-la-facture-devrait-salleger-dici-2035-401\/#article","isPartOf":{"@id":"https:\/\/www.les-energies-renouvelables.eu\/article\/actualites\/energies\/soutien-public-aux-enr-pourquoi-la-facture-devrait-salleger-dici-2035-401\/"},"author":{"name":"Alexia JACQUARD","@id":"https:\/\/www.les-energies-renouvelables.eu\/article\/actualites\/#\/schema\/person\/2c7d09eb5ca339c12ca8d86145440169"},"headline":"Soutien public aux EnR : pourquoi la facture devrait s\u2019all\u00e9ger d\u2019ici 2035","datePublished":"2026-02-28T07:00:00+00:00","dateModified":"2026-03-01T20:01:51+00:00","mainEntityOfPage":{"@id":"https:\/\/www.les-energies-renouvelables.eu\/article\/actualites\/energies\/soutien-public-aux-enr-pourquoi-la-facture-devrait-salleger-dici-2035-401\/"},"wordCount":876,"publisher":{"@id":"https:\/\/www.les-energies-renouvelables.eu\/article\/actualites\/#organization"},"image":{"@id":"https:\/\/www.les-energies-renouvelables.eu\/article\/actualites\/energies\/soutien-public-aux-enr-pourquoi-la-facture-devrait-salleger-dici-2035-401\/#primaryimage"},"thumbnailUrl":"https:\/\/www.les-energies-renouvelables.eu\/article\/actualites\/wp-content\/uploads\/2026\/02\/actualites-soutien-public-aux-enr-pourquoi-la-facture-devrait-salleger-dici-2035-soutien-public.jpg","articleSection":["\u00c9nergies"],"inLanguage":"fr-FR"},{"@type":"WebPage","@id":"https:\/\/www.les-energies-renouvelables.eu\/article\/actualites\/energies\/soutien-public-aux-enr-pourquoi-la-facture-devrait-salleger-dici-2035-401\/","url":"https:\/\/www.les-energies-renouvelables.eu\/article\/actualites\/energies\/soutien-public-aux-enr-pourquoi-la-facture-devrait-salleger-dici-2035-401\/","name":"Soutien public aux EnR : pourquoi la facture devrait s\u2019all\u00e9ger d\u2019ici 2035 - ECOinfos","isPartOf":{"@id":"https:\/\/www.les-energies-renouvelables.eu\/article\/actualites\/#website"},"primaryImageOfPage":{"@id":"https:\/\/www.les-energies-renouvelables.eu\/article\/actualites\/energies\/soutien-public-aux-enr-pourquoi-la-facture-devrait-salleger-dici-2035-401\/#primaryimage"},"image":{"@id":"https:\/\/www.les-energies-renouvelables.eu\/article\/actualites\/energies\/soutien-public-aux-enr-pourquoi-la-facture-devrait-salleger-dici-2035-401\/#primaryimage"},"thumbnailUrl":"https:\/\/www.les-energies-renouvelables.eu\/article\/actualites\/wp-content\/uploads\/2026\/02\/actualites-soutien-public-aux-enr-pourquoi-la-facture-devrait-salleger-dici-2035-soutien-public.jpg","datePublished":"2026-02-28T07:00:00+00:00","dateModified":"2026-03-01T20:01:51+00:00","description":"Le soutien public aux EnR en France va diminuer d'ici 2035. Analyse du rapport du Tr\u00e9sor sur la baisse des co\u00fbts du solaire et de l'\u00e9olien et l'efficacit\u00e9 du compl\u00e9ment de r\u00e9mun\u00e9ration.","breadcrumb":{"@id":"https:\/\/www.les-energies-renouvelables.eu\/article\/actualites\/energies\/soutien-public-aux-enr-pourquoi-la-facture-devrait-salleger-dici-2035-401\/#breadcrumb"},"inLanguage":"fr-FR","potentialAction":[{"@type":"ReadAction","target":["https:\/\/www.les-energies-renouvelables.eu\/article\/actualites\/energies\/soutien-public-aux-enr-pourquoi-la-facture-devrait-salleger-dici-2035-401\/"]}]},{"@type":"ImageObject","inLanguage":"fr-FR","@id":"https:\/\/www.les-energies-renouvelables.eu\/article\/actualites\/energies\/soutien-public-aux-enr-pourquoi-la-facture-devrait-salleger-dici-2035-401\/#primaryimage","url":"https:\/\/www.les-energies-renouvelables.eu\/article\/actualites\/wp-content\/uploads\/2026\/02\/actualites-soutien-public-aux-enr-pourquoi-la-facture-devrait-salleger-dici-2035-soutien-public.jpg","contentUrl":"https:\/\/www.les-energies-renouvelables.eu\/article\/actualites\/wp-content\/uploads\/2026\/02\/actualites-soutien-public-aux-enr-pourquoi-la-facture-devrait-salleger-dici-2035-soutien-public.jpg","width":1200,"height":675,"caption":"Dall-E"},{"@type":"BreadcrumbList","@id":"https:\/\/www.les-energies-renouvelables.eu\/article\/actualites\/energies\/soutien-public-aux-enr-pourquoi-la-facture-devrait-salleger-dici-2035-401\/#breadcrumb","itemListElement":[{"@type":"ListItem","position":1,"name":"Accueil","item":"https:\/\/www.les-energies-renouvelables.eu\/article\/actualites\/"},{"@type":"ListItem","position":2,"name":"Soutien public aux EnR : pourquoi la facture devrait s\u2019all\u00e9ger d\u2019ici 2035"}]},{"@type":"WebSite","@id":"https:\/\/www.les-energies-renouvelables.eu\/article\/actualites\/#website","url":"https:\/\/www.les-energies-renouvelables.eu\/article\/actualites\/","name":"ECOinfos Energies renouvelables","description":"Le d\u00e9cryptage quotidien du secteur des \u00e9nergies renouvelables","publisher":{"@id":"https:\/\/www.les-energies-renouvelables.eu\/article\/actualites\/#organization"},"potentialAction":[{"@type":"SearchAction","target":{"@type":"EntryPoint","urlTemplate":"https:\/\/www.les-energies-renouvelables.eu\/article\/actualites\/?s={search_term_string}"},"query-input":{"@type":"PropertyValueSpecification","valueRequired":true,"valueName":"search_term_string"}}],"inLanguage":"fr-FR"},{"@type":"Organization","@id":"https:\/\/www.les-energies-renouvelables.eu\/article\/actualites\/#organization","name":"ECOinfos Energies renouvelables","url":"https:\/\/www.les-energies-renouvelables.eu\/article\/actualites\/","logo":{"@type":"ImageObject","inLanguage":"fr-FR","@id":"https:\/\/www.les-energies-renouvelables.eu\/article\/actualites\/#\/schema\/logo\/image\/","url":"https:\/\/www.les-energies-renouvelables.eu\/article\/actualites\/wp-content\/uploads\/2025\/11\/ecoinfos.eldorado-consulting.com-logo-logo.svg","contentUrl":"https:\/\/www.les-energies-renouvelables.eu\/article\/actualites\/wp-content\/uploads\/2025\/11\/ecoinfos.eldorado-consulting.com-logo-logo.svg","caption":"ECOinfos Energies renouvelables"},"image":{"@id":"https:\/\/www.les-energies-renouvelables.eu\/article\/actualites\/#\/schema\/logo\/image\/"},"sameAs":["https:\/\/www.facebook.com\/ecoannuaire.energierenouvelable\/","https:\/\/x.com\/ECOinfosENR","https:\/\/www.linkedin.com\/company\/ecoinfos-energies-renouvelables\/","https:\/\/www.youtube.com\/@ecoinfosenergies","https:\/\/share.google\/dyKHJPxAV42WhhjbM"]},{"@type":"Person","@id":"https:\/\/www.les-energies-renouvelables.eu\/article\/actualites\/#\/schema\/person\/2c7d09eb5ca339c12ca8d86145440169","name":"Alexia JACQUARD","pronouns":"elle\/elle","image":{"@type":"ImageObject","inLanguage":"fr-FR","@id":"https:\/\/www.les-energies-renouvelables.eu\/article\/actualites\/#\/schema\/person\/image\/","url":"https:\/\/www.les-energies-renouvelables.eu\/article\/actualites\/wp-content\/uploads\/2026\/01\/actualites-alexia-jacquard-alexia-jacquard-160x160.jpg","contentUrl":"https:\/\/www.les-energies-renouvelables.eu\/article\/actualites\/wp-content\/uploads\/2026\/01\/actualites-alexia-jacquard-alexia-jacquard-160x160.jpg","caption":"Alexia JACQUARD"},"description":"Curieuse de nature et attentif aux enjeux du d\u00e9veloppement durable, Alexia Jacquard suit l'actualit\u00e9 des \u00e9nergies renouvelables pour partager les derni\u00e8res nouveaut\u00e9s du secteur. Elle s'attache \u00e0 retranscrire simplement les informations cl\u00e9s et les initiatives positives qui marquent la transition \u00e9nerg\u00e9tique. Son objectif : proposer des articles d'actualit\u00e9 clairs et accessibles pour tous ceux qui s'int\u00e9ressent \u00e0 l'avenir de notre \u00e9nergie.","sameAs":["https:\/\/alexia-jacquard.fr","https:\/\/www.facebook.com\/tictacf2c\/","https:\/\/www.instagram.com\/alexia_redac\/","https:\/\/www.linkedin.com\/in\/alexia-jacquard-449a4b289\/","https:\/\/fr.pinterest.com\/alexiajacquard\/","https:\/\/x.com\/alexiajcrd","https:\/\/www.youtube.com\/@Thepaindemie","https:\/\/muckrack.com\/alexia-jacquard"],"url":"https:\/\/www.les-energies-renouvelables.eu\/article\/actualites\/author\/alexia-jacquard\/"}]}},"_links":{"self":[{"href":"https:\/\/www.les-energies-renouvelables.eu\/article\/actualites\/wp-json\/wp\/v2\/posts\/401","targetHints":{"allow":["GET"]}}],"collection":[{"href":"https:\/\/www.les-energies-renouvelables.eu\/article\/actualites\/wp-json\/wp\/v2\/posts"}],"about":[{"href":"https:\/\/www.les-energies-renouvelables.eu\/article\/actualites\/wp-json\/wp\/v2\/types\/post"}],"author":[{"embeddable":true,"href":"https:\/\/www.les-energies-renouvelables.eu\/article\/actualites\/wp-json\/wp\/v2\/users\/2"}],"replies":[{"embeddable":true,"href":"https:\/\/www.les-energies-renouvelables.eu\/article\/actualites\/wp-json\/wp\/v2\/comments?post=401"}],"version-history":[{"count":1,"href":"https:\/\/www.les-energies-renouvelables.eu\/article\/actualites\/wp-json\/wp\/v2\/posts\/401\/revisions"}],"predecessor-version":[{"id":402,"href":"https:\/\/www.les-energies-renouvelables.eu\/article\/actualites\/wp-json\/wp\/v2\/posts\/401\/revisions\/402"}],"wp:featuredmedia":[{"embeddable":true,"href":"https:\/\/www.les-energies-renouvelables.eu\/article\/actualites\/wp-json\/wp\/v2\/media\/403"}],"wp:attachment":[{"href":"https:\/\/www.les-energies-renouvelables.eu\/article\/actualites\/wp-json\/wp\/v2\/media?parent=401"}],"wp:term":[{"taxonomy":"category","embeddable":true,"href":"https:\/\/www.les-energies-renouvelables.eu\/article\/actualites\/wp-json\/wp\/v2\/categories?post=401"},{"taxonomy":"post_tag","embeddable":true,"href":"https:\/\/www.les-energies-renouvelables.eu\/article\/actualites\/wp-json\/wp\/v2\/tags?post=401"}],"curies":[{"name":"wp","href":"https:\/\/api.w.org\/{rel}","templated":true}]}}