{"id":397,"date":"2026-02-27T08:00:00","date_gmt":"2026-02-27T07:00:00","guid":{"rendered":"https:\/\/www.les-energies-renouvelables.eu\/article\/actualites\/?p=397"},"modified":"2026-02-26T22:53:38","modified_gmt":"2026-02-26T21:53:38","slug":"le-pilotage-de-la-demande-quand-le-solaire-redessine-le-tempo-du-reseau-electrique","status":"publish","type":"post","link":"https:\/\/www.les-energies-renouvelables.eu\/article\/actualites\/energies\/le-pilotage-de-la-demande-quand-le-solaire-redessine-le-tempo-du-reseau-electrique-397\/","title":{"rendered":"Le pilotage de la demande : quand le solaire redessine le tempo du r\u00e9seau \u00e9lectrique"},"content":{"rendered":"\n<p>R\u00e9sum\u00e9 :&nbsp;<\/p>\n\n\n\n<ul class=\"wp-block-list\">\n<li><strong>Abondance renouvelable :<\/strong> La croissance du parc photovolta\u00efque (30,4 GW install\u00e9s en France fin 2025) multiplie les phases de forte production aux heures m\u00e9ridiennes.<\/li>\n\n\n\n<li><strong>Signal-prix :<\/strong> La multiplication des \u00e9pisodes de <strong>prix de gros nuls ou n\u00e9gatifs<\/strong> permet aux fournisseurs d&rsquo;inciter financi\u00e8rement au report de la consommation.<\/li>\n\n\n\n<li><strong>Flexibilit\u00e9 :<\/strong> Synchroniser certains besoins avec les pics solaires peut contribuer \u00e0 la stabilit\u00e9 du fonctionnement \u00e9lectrique et limiter l&rsquo;appel aux centrales de pointe en d\u00e9but de soir\u00e9e.<\/li>\n<\/ul>\n\n\n\n<p>L&rsquo;int\u00e9gration massive des \u00e9nergies renouvelables dans le mix \u00e9lectrique europ\u00e9en impose de repenser nos modes de consommation. Alors que le fonctionnement historique reposait sur une production stable s&rsquo;ajustant \u00e0 la demande, la <strong>variabilit\u00e9, en partie pr\u00e9visible, notamment pour le solaire,<\/strong> d\u00e9place progressivement cette logique. Aujourd&rsquo;hui, l&rsquo;apparition d&rsquo;offres tarifaires orient\u00e9es vers les surplus marque un changement de perspective : elles transforment l&rsquo;abondance de production renouvelable en un <strong>signal \u00e9conomique<\/strong> plus clairement r\u00e9percut\u00e9 vers le consommateur, tout en offrant une solution potentielle pour l&rsquo;ajustement du syst\u00e8me \u00e9lectrique.<\/p>\n\n\n\n<h2 class=\"wp-block-heading\">La nouvelle dynamique m\u00e9ridienne : l&rsquo;opportunit\u00e9 du plein jour<\/h2>\n\n\n\n<p>Le d\u00e9veloppement des \u00e9nergies renouvelables transforme la structure du march\u00e9 \u00e9lectrique. L\u2019injection massive d\u2019\u00e9lectricit\u00e9 photovolta\u00efque durant les heures les plus lumineuses peut couvrir une <strong>part tr\u00e8s \u00e9lev\u00e9e de la production<\/strong> dans certains pays \u00e0 certains moments, cr\u00e9ant des p\u00e9riodes de surplus entre la fin de matin\u00e9e et le milieu d&rsquo;apr\u00e8s-midi.<\/p>\n\n\n\n<p>Ce ph\u00e9nom\u00e8ne modifie les \u00e9quilibres tarifaires. Selon les observations de <strong>RTE<\/strong>, le plateau de la mi-journ\u00e9e s\u2019est transform\u00e9 en un creux, sous l\u2019effet d\u2019une production solaire europ\u00e9enne en <strong>hausse de 19 % en 2025<\/strong> conjugu\u00e9e \u00e0 une consommation parfois plus faible. Cet apport tend \u00e0 limiter l&rsquo;appel aux moyens de production thermiques, notamment au gaz, durant ces plages horaires.<\/p>\n\n\n\n<p><strong>Le m\u00e9canisme des prix n\u00e9gatifs<\/strong> Lorsque la production d\u00e9passe les capacit\u00e9s d\u2019absorption imm\u00e9diate, les prix sur les bourses de l\u2019\u00e9lectricit\u00e9 peuvent devenir nuls ou n\u00e9gatifs. Ce signal refl\u00e8te des <strong>contraintes d&rsquo;ajustement<\/strong> : le syst\u00e8me doit s&rsquo;\u00e9quilibrer pour \u00e9viter toute saturation. Selon RTE, <strong>513 heures \u00e0 prix n\u00e9gatif<\/strong> ont \u00e9t\u00e9 enregistr\u00e9es en France en 2025, contre 352 l&rsquo;ann\u00e9e pr\u00e9c\u00e9dente. Ces indicateurs commencent \u00e0 atteindre le consommateur via des offres incitatives qui rendent plus visible la r\u00e9alit\u00e9 \u00e9conomique du r\u00e9seau.<\/p>\n\n\n\n<h2 class=\"wp-block-heading\">\u00ab Happy Hours \u00bb : d\u00e9cryptage d&rsquo;un levier de flexibilit\u00e9<\/h2>\n\n\n\n<p>L\u2019offre d&rsquo;Engie mentionn\u00e9e par la RTBF constitue un exemple concret de cette adaptation commerciale. Le principe repose sur la mise \u00e0 disposition d&rsquo;<strong>\u00e9lectricit\u00e9 gratuite hors taxes<\/strong> lors de fen\u00eatres de surplus renouvelable ; les co\u00fbts de r\u00e9seau, les taxes et les redevances restent toutefois dus par le client. Le b\u00e9n\u00e9fice sur l&rsquo;\u00e9nergie est ensuite converti sous forme de <strong>cr\u00e9dit sur la facture<\/strong> du mois suivant.<\/p>\n\n\n\n<p>Pour le fournisseur, cette strat\u00e9gie r\u00e9pond \u00e0 une logique \u00e9conomique. En incitant ses clients \u00e0 d\u00e9placer des usages (recharge de v\u00e9hicule \u00e9lectrique, gros \u00e9lectrom\u00e9nager, chauffe-eau) vers ces heures de production abondante, l\u2019op\u00e9rateur cherche \u00e0 r\u00e9duire ses achats lors des <strong>heures de pointe du soir<\/strong>, o\u00f9 l\u2019\u00e9lectricit\u00e9 est souvent plus on\u00e9reuse.<\/p>\n\n\n\n<p><strong>Le r\u00f4le du compteur num\u00e9rique<\/strong> Ce pilotage de la demande s&rsquo;appuie sur une infrastructure technique indispensable : le <strong>compteur communicant<\/strong>. Ce dernier permet de valider, avec une pr\u00e9cision horaire, que le foyer a effectivement d\u00e9cal\u00e9 sa charge. Cette technologie transforme ainsi un usage passif en un maillon actif de la gestion \u00e9nerg\u00e9tique.<\/p>\n\n\n\n<h2 class=\"wp-block-heading\">Vers une \u00e9volution du mod\u00e8le historique de consommation<\/h2>\n\n\n\n<p>Le fonctionnement \u00e9lectrique europ\u00e9en a longtemps repos\u00e9 sur une logique h\u00e9rit\u00e9e du si\u00e8cle dernier : les <strong>heures creuses nocturnes<\/strong>. Ce mod\u00e8le visait \u00e0 lisser la demande pour absorber la production constante des centrales de base durant la nuit.<\/p>\n\n\n\n<p>Aujourd\u2019hui, cette approche \u00e9volue. Si les sources pilotables restent essentielles \u00e0 la stabilit\u00e9 globale, ce sont de plus en plus les conditions m\u00e9t\u00e9orologiques et l&rsquo;<strong>interconnexion europ\u00e9enne<\/strong> qui dessinent les opportunit\u00e9s tarifaires. Les p\u00e9riodes de moindre co\u00fbt ne sont plus uniquement nocturnes, mais suivent d\u00e9sormais la pr\u00e9sence du soleil et du vent. Cette transition marque le passage d&rsquo;une gestion historique rigide \u00e0 un fonctionnement plus souple, capable d&rsquo;int\u00e9grer une part croissante d&rsquo;<strong>\u00e9nergies renouvelables variables<\/strong>.<\/p>\n\n\n\n<h2 class=\"wp-block-heading\">igilance et limites du dispositif<\/h2>\n\n\n\n<p>Si ces offres ouvrent des perspectives pour la transition, elles imposent une lecture attentive. La gratuit\u00e9 mise en avant ne concerne g\u00e9n\u00e9ralement que la <strong>part \u00ab \u00e9nergie \u00bb<\/strong> du tarif. Les taxes, les contributions (comme la TICFE) et les tarifs d&rsquo;utilisation des r\u00e9seaux (TURPE) restent \u00e0 la charge du consommateur pour chaque kilowattheure utilis\u00e9.<\/p>\n\n\n\n<p>Par ailleurs, la <strong>rentabilit\u00e9 r\u00e9elle<\/strong> pour l&rsquo;usager d\u00e9pend de l&rsquo;\u00e9quilibre global de son contrat. Un avantage en d\u00e9but d&rsquo;apr\u00e8s-midi ne doit pas \u00eatre annul\u00e9 par un prix de l&rsquo;\u00e9lectricit\u00e9 excessif le reste du temps. L&rsquo;enjeu collectif n&rsquo;est pas de stimuler une surconsommation, mais de favoriser une <strong>synchronisation intelligente<\/strong> des besoins avec la production d\u00e9carbon\u00e9e disponible.<\/p>\n\n\n\n<p>Ces offres illustrent un march\u00e9 \u00e9lectrique qui s&rsquo;ajuste aux r\u00e9alit\u00e9s physiques des nouvelles sources d&rsquo;\u00e9nergie. Le signal de prix rend plus directement visible le besoin de <strong>flexibilit\u00e9<\/strong> li\u00e9 \u00e0 l&rsquo;essor du photovolta\u00efque.<\/p>\n\n\n\n<p>En France, les r\u00e9flexions men\u00e9es par la <strong>Commission de R\u00e9gulation de l\u2019\u00c9nergie (CRE)<\/strong> sur la tarification dynamique s&rsquo;inscrivent dans cette tendance. L\u2019un des objectifs affich\u00e9s par le r\u00e9gulateur, alors que le r\u00e9gime transitoire actuel expire au <strong>1er juillet 2026<\/strong>, est de mieux valoriser les nouveaux besoins de pilotage. Ces m\u00e9canismes commerciaux constituent une \u00e9tape vers une gestion o\u00f9 chaque acteur pourra contribuer \u00e0 mieux valoriser l\u2019\u00e9lectricit\u00e9 renouvelable disponible.<\/p>\n","protected":false},"excerpt":{"rendered":"","protected":false},"author":2,"featured_media":399,"comment_status":"closed","ping_status":"closed","sticky":false,"template":"","format":"standard","meta":{"footnotes":""},"categories":[1],"tags":[],"class_list":["post-397","post","type-post","status-publish","format-standard","has-post-thumbnail","hentry","category-energies","masonry-post","generate-columns","tablet-grid-50","mobile-grid-100","grid-parent","grid-33"],"yoast_head":"<!-- This site is optimized with the Yoast SEO plugin v26.6 - https:\/\/yoast.com\/wordpress\/plugins\/seo\/ -->\n<title>Le pilotage de la demande : quand le solaire redessine le tempo du r\u00e9seau \u00e9lectrique - ECOinfos<\/title>\n<meta name=\"description\" content=\"D\u00e9couvrez comment les surplus de production solaire transforment le march\u00e9 de l&#039;\u00e9lectricit\u00e9. D\u00e9cryptage des offres &quot;heures gratuites&quot;, du r\u00f4le de la flexibilit\u00e9 et des enjeux pour le r\u00e9seau \u00e9lectrique europ\u00e9en.\" \/>\n<meta name=\"robots\" content=\"index, follow, max-snippet:-1, max-image-preview:large, max-video-preview:-1\" \/>\n<link rel=\"canonical\" href=\"https:\/\/www.les-energies-renouvelables.eu\/article\/actualites\/energies\/le-pilotage-de-la-demande-quand-le-solaire-redessine-le-tempo-du-reseau-electrique-397\/\" \/>\n<meta property=\"og:locale\" content=\"fr_FR\" \/>\n<meta property=\"og:type\" content=\"article\" \/>\n<meta property=\"og:title\" content=\"Le pilotage de la demande : quand le solaire redessine le tempo du r\u00e9seau \u00e9lectrique - ECOinfos\" \/>\n<meta property=\"og:description\" content=\"D\u00e9couvrez comment les surplus de production solaire transforment le march\u00e9 de l&#039;\u00e9lectricit\u00e9. D\u00e9cryptage des offres &quot;heures gratuites&quot;, du r\u00f4le de la flexibilit\u00e9 et des enjeux pour le r\u00e9seau \u00e9lectrique europ\u00e9en.\" \/>\n<meta property=\"og:url\" content=\"https:\/\/www.les-energies-renouvelables.eu\/article\/actualites\/energies\/le-pilotage-de-la-demande-quand-le-solaire-redessine-le-tempo-du-reseau-electrique-397\/\" \/>\n<meta property=\"og:site_name\" content=\"ECOinfos Energies renouvelables\" \/>\n<meta property=\"article:publisher\" content=\"https:\/\/www.facebook.com\/ecoannuaire.energierenouvelable\/\" \/>\n<meta property=\"article:author\" content=\"https:\/\/www.facebook.com\/tictacf2c\/\" \/>\n<meta property=\"article:published_time\" content=\"2026-02-27T07:00:00+00:00\" \/>\n<meta property=\"og:image\" content=\"https:\/\/www.les-energies-renouvelables.eu\/article\/actualites\/wp-content\/uploads\/2026\/02\/actualites-le-pilotage-de-la-demande-quand-le-solaire-redessine-le-tempo-du-reseau-electrique-pilotage-de-la-demande-electricite-renouvelable.jpg\" \/>\n\t<meta property=\"og:image:width\" content=\"1200\" \/>\n\t<meta property=\"og:image:height\" content=\"675\" \/>\n\t<meta property=\"og:image:type\" content=\"image\/jpeg\" \/>\n<meta name=\"author\" content=\"Alexia JACQUARD\" \/>\n<meta name=\"twitter:card\" content=\"summary_large_image\" \/>\n<meta name=\"twitter:creator\" content=\"@alexiajcrd\" \/>\n<meta name=\"twitter:site\" content=\"@ECOinfosENR\" \/>\n<meta name=\"twitter:label1\" content=\"\u00c9crit par\" \/>\n\t<meta name=\"twitter:data1\" content=\"Alexia JACQUARD\" \/>\n\t<meta name=\"twitter:label2\" content=\"Dur\u00e9e de lecture estim\u00e9e\" \/>\n\t<meta name=\"twitter:data2\" content=\"5 minutes\" \/>\n<script type=\"application\/ld+json\" class=\"yoast-schema-graph\">{\"@context\":\"https:\/\/schema.org\",\"@graph\":[{\"@type\":\"Article\",\"@id\":\"https:\/\/www.les-energies-renouvelables.eu\/article\/actualites\/energies\/le-pilotage-de-la-demande-quand-le-solaire-redessine-le-tempo-du-reseau-electrique-397\/#article\",\"isPartOf\":{\"@id\":\"https:\/\/www.les-energies-renouvelables.eu\/article\/actualites\/energies\/le-pilotage-de-la-demande-quand-le-solaire-redessine-le-tempo-du-reseau-electrique-397\/\"},\"author\":{\"name\":\"Alexia JACQUARD\",\"@id\":\"https:\/\/www.les-energies-renouvelables.eu\/article\/actualites\/#\/schema\/person\/2c7d09eb5ca339c12ca8d86145440169\"},\"headline\":\"Le pilotage de la demande : quand le solaire redessine le tempo du r\u00e9seau \u00e9lectrique\",\"datePublished\":\"2026-02-27T07:00:00+00:00\",\"mainEntityOfPage\":{\"@id\":\"https:\/\/www.les-energies-renouvelables.eu\/article\/actualites\/energies\/le-pilotage-de-la-demande-quand-le-solaire-redessine-le-tempo-du-reseau-electrique-397\/\"},\"wordCount\":991,\"publisher\":{\"@id\":\"https:\/\/www.les-energies-renouvelables.eu\/article\/actualites\/#organization\"},\"image\":{\"@id\":\"https:\/\/www.les-energies-renouvelables.eu\/article\/actualites\/energies\/le-pilotage-de-la-demande-quand-le-solaire-redessine-le-tempo-du-reseau-electrique-397\/#primaryimage\"},\"thumbnailUrl\":\"https:\/\/www.les-energies-renouvelables.eu\/article\/actualites\/wp-content\/uploads\/2026\/02\/actualites-le-pilotage-de-la-demande-quand-le-solaire-redessine-le-tempo-du-reseau-electrique-pilotage-de-la-demande-electricite-renouvelable.jpg\",\"articleSection\":[\"\u00c9nergies\"],\"inLanguage\":\"fr-FR\"},{\"@type\":\"WebPage\",\"@id\":\"https:\/\/www.les-energies-renouvelables.eu\/article\/actualites\/energies\/le-pilotage-de-la-demande-quand-le-solaire-redessine-le-tempo-du-reseau-electrique-397\/\",\"url\":\"https:\/\/www.les-energies-renouvelables.eu\/article\/actualites\/energies\/le-pilotage-de-la-demande-quand-le-solaire-redessine-le-tempo-du-reseau-electrique-397\/\",\"name\":\"Le pilotage de la demande : quand le solaire redessine le tempo du r\u00e9seau \u00e9lectrique - ECOinfos\",\"isPartOf\":{\"@id\":\"https:\/\/www.les-energies-renouvelables.eu\/article\/actualites\/#website\"},\"primaryImageOfPage\":{\"@id\":\"https:\/\/www.les-energies-renouvelables.eu\/article\/actualites\/energies\/le-pilotage-de-la-demande-quand-le-solaire-redessine-le-tempo-du-reseau-electrique-397\/#primaryimage\"},\"image\":{\"@id\":\"https:\/\/www.les-energies-renouvelables.eu\/article\/actualites\/energies\/le-pilotage-de-la-demande-quand-le-solaire-redessine-le-tempo-du-reseau-electrique-397\/#primaryimage\"},\"thumbnailUrl\":\"https:\/\/www.les-energies-renouvelables.eu\/article\/actualites\/wp-content\/uploads\/2026\/02\/actualites-le-pilotage-de-la-demande-quand-le-solaire-redessine-le-tempo-du-reseau-electrique-pilotage-de-la-demande-electricite-renouvelable.jpg\",\"datePublished\":\"2026-02-27T07:00:00+00:00\",\"description\":\"D\u00e9couvrez comment les surplus de production solaire transforment le march\u00e9 de l'\u00e9lectricit\u00e9. D\u00e9cryptage des offres \\\"heures gratuites\\\", du r\u00f4le de la flexibilit\u00e9 et des enjeux pour le r\u00e9seau \u00e9lectrique europ\u00e9en.\",\"breadcrumb\":{\"@id\":\"https:\/\/www.les-energies-renouvelables.eu\/article\/actualites\/energies\/le-pilotage-de-la-demande-quand-le-solaire-redessine-le-tempo-du-reseau-electrique-397\/#breadcrumb\"},\"inLanguage\":\"fr-FR\",\"potentialAction\":[{\"@type\":\"ReadAction\",\"target\":[\"https:\/\/www.les-energies-renouvelables.eu\/article\/actualites\/energies\/le-pilotage-de-la-demande-quand-le-solaire-redessine-le-tempo-du-reseau-electrique-397\/\"]}]},{\"@type\":\"ImageObject\",\"inLanguage\":\"fr-FR\",\"@id\":\"https:\/\/www.les-energies-renouvelables.eu\/article\/actualites\/energies\/le-pilotage-de-la-demande-quand-le-solaire-redessine-le-tempo-du-reseau-electrique-397\/#primaryimage\",\"url\":\"https:\/\/www.les-energies-renouvelables.eu\/article\/actualites\/wp-content\/uploads\/2026\/02\/actualites-le-pilotage-de-la-demande-quand-le-solaire-redessine-le-tempo-du-reseau-electrique-pilotage-de-la-demande-electricite-renouvelable.jpg\",\"contentUrl\":\"https:\/\/www.les-energies-renouvelables.eu\/article\/actualites\/wp-content\/uploads\/2026\/02\/actualites-le-pilotage-de-la-demande-quand-le-solaire-redessine-le-tempo-du-reseau-electrique-pilotage-de-la-demande-electricite-renouvelable.jpg\",\"width\":1200,\"height\":675,\"caption\":\"Dall-E\"},{\"@type\":\"BreadcrumbList\",\"@id\":\"https:\/\/www.les-energies-renouvelables.eu\/article\/actualites\/energies\/le-pilotage-de-la-demande-quand-le-solaire-redessine-le-tempo-du-reseau-electrique-397\/#breadcrumb\",\"itemListElement\":[{\"@type\":\"ListItem\",\"position\":1,\"name\":\"Accueil\",\"item\":\"https:\/\/www.les-energies-renouvelables.eu\/article\/actualites\/\"},{\"@type\":\"ListItem\",\"position\":2,\"name\":\"Le pilotage de la demande : quand le solaire redessine le tempo du r\u00e9seau \u00e9lectrique\"}]},{\"@type\":\"WebSite\",\"@id\":\"https:\/\/www.les-energies-renouvelables.eu\/article\/actualites\/#website\",\"url\":\"https:\/\/www.les-energies-renouvelables.eu\/article\/actualites\/\",\"name\":\"ECOinfos Energies renouvelables\",\"description\":\"Le d\u00e9cryptage quotidien du secteur des \u00e9nergies renouvelables\",\"publisher\":{\"@id\":\"https:\/\/www.les-energies-renouvelables.eu\/article\/actualites\/#organization\"},\"potentialAction\":[{\"@type\":\"SearchAction\",\"target\":{\"@type\":\"EntryPoint\",\"urlTemplate\":\"https:\/\/www.les-energies-renouvelables.eu\/article\/actualites\/?s={search_term_string}\"},\"query-input\":{\"@type\":\"PropertyValueSpecification\",\"valueRequired\":true,\"valueName\":\"search_term_string\"}}],\"inLanguage\":\"fr-FR\"},{\"@type\":\"Organization\",\"@id\":\"https:\/\/www.les-energies-renouvelables.eu\/article\/actualites\/#organization\",\"name\":\"ECOinfos Energies renouvelables\",\"url\":\"https:\/\/www.les-energies-renouvelables.eu\/article\/actualites\/\",\"logo\":{\"@type\":\"ImageObject\",\"inLanguage\":\"fr-FR\",\"@id\":\"https:\/\/www.les-energies-renouvelables.eu\/article\/actualites\/#\/schema\/logo\/image\/\",\"url\":\"https:\/\/www.les-energies-renouvelables.eu\/article\/actualites\/wp-content\/uploads\/2025\/11\/ecoinfos.eldorado-consulting.com-logo-logo.svg\",\"contentUrl\":\"https:\/\/www.les-energies-renouvelables.eu\/article\/actualites\/wp-content\/uploads\/2025\/11\/ecoinfos.eldorado-consulting.com-logo-logo.svg\",\"caption\":\"ECOinfos Energies renouvelables\"},\"image\":{\"@id\":\"https:\/\/www.les-energies-renouvelables.eu\/article\/actualites\/#\/schema\/logo\/image\/\"},\"sameAs\":[\"https:\/\/www.facebook.com\/ecoannuaire.energierenouvelable\/\",\"https:\/\/x.com\/ECOinfosENR\",\"https:\/\/www.linkedin.com\/company\/ecoinfos-energies-renouvelables\/\",\"https:\/\/www.youtube.com\/@ecoinfosenergies\",\"https:\/\/share.google\/dyKHJPxAV42WhhjbM\"]},{\"@type\":\"Person\",\"@id\":\"https:\/\/www.les-energies-renouvelables.eu\/article\/actualites\/#\/schema\/person\/2c7d09eb5ca339c12ca8d86145440169\",\"name\":\"Alexia JACQUARD\",\"pronouns\":\"elle\/elle\",\"image\":{\"@type\":\"ImageObject\",\"inLanguage\":\"fr-FR\",\"@id\":\"https:\/\/www.les-energies-renouvelables.eu\/article\/actualites\/#\/schema\/person\/image\/\",\"url\":\"https:\/\/www.les-energies-renouvelables.eu\/article\/actualites\/wp-content\/uploads\/2026\/01\/actualites-alexia-jacquard-alexia-jacquard-160x160.jpg\",\"contentUrl\":\"https:\/\/www.les-energies-renouvelables.eu\/article\/actualites\/wp-content\/uploads\/2026\/01\/actualites-alexia-jacquard-alexia-jacquard-160x160.jpg\",\"caption\":\"Alexia JACQUARD\"},\"description\":\"Curieuse de nature et attentif aux enjeux du d\u00e9veloppement durable, Alexia Jacquard suit l'actualit\u00e9 des \u00e9nergies renouvelables pour partager les derni\u00e8res nouveaut\u00e9s du secteur. Elle s'attache \u00e0 retranscrire simplement les informations cl\u00e9s et les initiatives positives qui marquent la transition \u00e9nerg\u00e9tique. Son objectif : proposer des articles d'actualit\u00e9 clairs et accessibles pour tous ceux qui s'int\u00e9ressent \u00e0 l'avenir de notre \u00e9nergie.\",\"sameAs\":[\"https:\/\/alexia-jacquard.fr\",\"https:\/\/www.facebook.com\/tictacf2c\/\",\"https:\/\/www.instagram.com\/alexia_redac\/\",\"https:\/\/www.linkedin.com\/in\/alexia-jacquard-449a4b289\/\",\"https:\/\/fr.pinterest.com\/alexiajacquard\/\",\"https:\/\/x.com\/alexiajcrd\",\"https:\/\/www.youtube.com\/@Thepaindemie\",\"https:\/\/muckrack.com\/alexia-jacquard\"],\"url\":\"https:\/\/www.les-energies-renouvelables.eu\/article\/actualites\/author\/alexia-jacquard\/\"}]}<\/script>\n<!-- \/ Yoast SEO plugin. -->","yoast_head_json":{"title":"Le pilotage de la demande : quand le solaire redessine le tempo du r\u00e9seau \u00e9lectrique - ECOinfos","description":"D\u00e9couvrez comment les surplus de production solaire transforment le march\u00e9 de l'\u00e9lectricit\u00e9. D\u00e9cryptage des offres \"heures gratuites\", du r\u00f4le de la flexibilit\u00e9 et des enjeux pour le r\u00e9seau \u00e9lectrique europ\u00e9en.","robots":{"index":"index","follow":"follow","max-snippet":"max-snippet:-1","max-image-preview":"max-image-preview:large","max-video-preview":"max-video-preview:-1"},"canonical":"https:\/\/www.les-energies-renouvelables.eu\/article\/actualites\/energies\/le-pilotage-de-la-demande-quand-le-solaire-redessine-le-tempo-du-reseau-electrique-397\/","og_locale":"fr_FR","og_type":"article","og_title":"Le pilotage de la demande : quand le solaire redessine le tempo du r\u00e9seau \u00e9lectrique - ECOinfos","og_description":"D\u00e9couvrez comment les surplus de production solaire transforment le march\u00e9 de l'\u00e9lectricit\u00e9. D\u00e9cryptage des offres \"heures gratuites\", du r\u00f4le de la flexibilit\u00e9 et des enjeux pour le r\u00e9seau \u00e9lectrique europ\u00e9en.","og_url":"https:\/\/www.les-energies-renouvelables.eu\/article\/actualites\/energies\/le-pilotage-de-la-demande-quand-le-solaire-redessine-le-tempo-du-reseau-electrique-397\/","og_site_name":"ECOinfos Energies renouvelables","article_publisher":"https:\/\/www.facebook.com\/ecoannuaire.energierenouvelable\/","article_author":"https:\/\/www.facebook.com\/tictacf2c\/","article_published_time":"2026-02-27T07:00:00+00:00","og_image":[{"width":1200,"height":675,"url":"https:\/\/www.les-energies-renouvelables.eu\/article\/actualites\/wp-content\/uploads\/2026\/02\/actualites-le-pilotage-de-la-demande-quand-le-solaire-redessine-le-tempo-du-reseau-electrique-pilotage-de-la-demande-electricite-renouvelable.jpg","type":"image\/jpeg"}],"author":"Alexia JACQUARD","twitter_card":"summary_large_image","twitter_creator":"@alexiajcrd","twitter_site":"@ECOinfosENR","twitter_misc":{"\u00c9crit par":"Alexia JACQUARD","Dur\u00e9e de lecture estim\u00e9e":"5 minutes"},"schema":{"@context":"https:\/\/schema.org","@graph":[{"@type":"Article","@id":"https:\/\/www.les-energies-renouvelables.eu\/article\/actualites\/energies\/le-pilotage-de-la-demande-quand-le-solaire-redessine-le-tempo-du-reseau-electrique-397\/#article","isPartOf":{"@id":"https:\/\/www.les-energies-renouvelables.eu\/article\/actualites\/energies\/le-pilotage-de-la-demande-quand-le-solaire-redessine-le-tempo-du-reseau-electrique-397\/"},"author":{"name":"Alexia JACQUARD","@id":"https:\/\/www.les-energies-renouvelables.eu\/article\/actualites\/#\/schema\/person\/2c7d09eb5ca339c12ca8d86145440169"},"headline":"Le pilotage de la demande : quand le solaire redessine le tempo du r\u00e9seau \u00e9lectrique","datePublished":"2026-02-27T07:00:00+00:00","mainEntityOfPage":{"@id":"https:\/\/www.les-energies-renouvelables.eu\/article\/actualites\/energies\/le-pilotage-de-la-demande-quand-le-solaire-redessine-le-tempo-du-reseau-electrique-397\/"},"wordCount":991,"publisher":{"@id":"https:\/\/www.les-energies-renouvelables.eu\/article\/actualites\/#organization"},"image":{"@id":"https:\/\/www.les-energies-renouvelables.eu\/article\/actualites\/energies\/le-pilotage-de-la-demande-quand-le-solaire-redessine-le-tempo-du-reseau-electrique-397\/#primaryimage"},"thumbnailUrl":"https:\/\/www.les-energies-renouvelables.eu\/article\/actualites\/wp-content\/uploads\/2026\/02\/actualites-le-pilotage-de-la-demande-quand-le-solaire-redessine-le-tempo-du-reseau-electrique-pilotage-de-la-demande-electricite-renouvelable.jpg","articleSection":["\u00c9nergies"],"inLanguage":"fr-FR"},{"@type":"WebPage","@id":"https:\/\/www.les-energies-renouvelables.eu\/article\/actualites\/energies\/le-pilotage-de-la-demande-quand-le-solaire-redessine-le-tempo-du-reseau-electrique-397\/","url":"https:\/\/www.les-energies-renouvelables.eu\/article\/actualites\/energies\/le-pilotage-de-la-demande-quand-le-solaire-redessine-le-tempo-du-reseau-electrique-397\/","name":"Le pilotage de la demande : quand le solaire redessine le tempo du r\u00e9seau \u00e9lectrique - ECOinfos","isPartOf":{"@id":"https:\/\/www.les-energies-renouvelables.eu\/article\/actualites\/#website"},"primaryImageOfPage":{"@id":"https:\/\/www.les-energies-renouvelables.eu\/article\/actualites\/energies\/le-pilotage-de-la-demande-quand-le-solaire-redessine-le-tempo-du-reseau-electrique-397\/#primaryimage"},"image":{"@id":"https:\/\/www.les-energies-renouvelables.eu\/article\/actualites\/energies\/le-pilotage-de-la-demande-quand-le-solaire-redessine-le-tempo-du-reseau-electrique-397\/#primaryimage"},"thumbnailUrl":"https:\/\/www.les-energies-renouvelables.eu\/article\/actualites\/wp-content\/uploads\/2026\/02\/actualites-le-pilotage-de-la-demande-quand-le-solaire-redessine-le-tempo-du-reseau-electrique-pilotage-de-la-demande-electricite-renouvelable.jpg","datePublished":"2026-02-27T07:00:00+00:00","description":"D\u00e9couvrez comment les surplus de production solaire transforment le march\u00e9 de l'\u00e9lectricit\u00e9. D\u00e9cryptage des offres \"heures gratuites\", du r\u00f4le de la flexibilit\u00e9 et des enjeux pour le r\u00e9seau \u00e9lectrique europ\u00e9en.","breadcrumb":{"@id":"https:\/\/www.les-energies-renouvelables.eu\/article\/actualites\/energies\/le-pilotage-de-la-demande-quand-le-solaire-redessine-le-tempo-du-reseau-electrique-397\/#breadcrumb"},"inLanguage":"fr-FR","potentialAction":[{"@type":"ReadAction","target":["https:\/\/www.les-energies-renouvelables.eu\/article\/actualites\/energies\/le-pilotage-de-la-demande-quand-le-solaire-redessine-le-tempo-du-reseau-electrique-397\/"]}]},{"@type":"ImageObject","inLanguage":"fr-FR","@id":"https:\/\/www.les-energies-renouvelables.eu\/article\/actualites\/energies\/le-pilotage-de-la-demande-quand-le-solaire-redessine-le-tempo-du-reseau-electrique-397\/#primaryimage","url":"https:\/\/www.les-energies-renouvelables.eu\/article\/actualites\/wp-content\/uploads\/2026\/02\/actualites-le-pilotage-de-la-demande-quand-le-solaire-redessine-le-tempo-du-reseau-electrique-pilotage-de-la-demande-electricite-renouvelable.jpg","contentUrl":"https:\/\/www.les-energies-renouvelables.eu\/article\/actualites\/wp-content\/uploads\/2026\/02\/actualites-le-pilotage-de-la-demande-quand-le-solaire-redessine-le-tempo-du-reseau-electrique-pilotage-de-la-demande-electricite-renouvelable.jpg","width":1200,"height":675,"caption":"Dall-E"},{"@type":"BreadcrumbList","@id":"https:\/\/www.les-energies-renouvelables.eu\/article\/actualites\/energies\/le-pilotage-de-la-demande-quand-le-solaire-redessine-le-tempo-du-reseau-electrique-397\/#breadcrumb","itemListElement":[{"@type":"ListItem","position":1,"name":"Accueil","item":"https:\/\/www.les-energies-renouvelables.eu\/article\/actualites\/"},{"@type":"ListItem","position":2,"name":"Le pilotage de la demande : quand le solaire redessine le tempo du r\u00e9seau \u00e9lectrique"}]},{"@type":"WebSite","@id":"https:\/\/www.les-energies-renouvelables.eu\/article\/actualites\/#website","url":"https:\/\/www.les-energies-renouvelables.eu\/article\/actualites\/","name":"ECOinfos Energies renouvelables","description":"Le d\u00e9cryptage quotidien du secteur des \u00e9nergies renouvelables","publisher":{"@id":"https:\/\/www.les-energies-renouvelables.eu\/article\/actualites\/#organization"},"potentialAction":[{"@type":"SearchAction","target":{"@type":"EntryPoint","urlTemplate":"https:\/\/www.les-energies-renouvelables.eu\/article\/actualites\/?s={search_term_string}"},"query-input":{"@type":"PropertyValueSpecification","valueRequired":true,"valueName":"search_term_string"}}],"inLanguage":"fr-FR"},{"@type":"Organization","@id":"https:\/\/www.les-energies-renouvelables.eu\/article\/actualites\/#organization","name":"ECOinfos Energies renouvelables","url":"https:\/\/www.les-energies-renouvelables.eu\/article\/actualites\/","logo":{"@type":"ImageObject","inLanguage":"fr-FR","@id":"https:\/\/www.les-energies-renouvelables.eu\/article\/actualites\/#\/schema\/logo\/image\/","url":"https:\/\/www.les-energies-renouvelables.eu\/article\/actualites\/wp-content\/uploads\/2025\/11\/ecoinfos.eldorado-consulting.com-logo-logo.svg","contentUrl":"https:\/\/www.les-energies-renouvelables.eu\/article\/actualites\/wp-content\/uploads\/2025\/11\/ecoinfos.eldorado-consulting.com-logo-logo.svg","caption":"ECOinfos Energies renouvelables"},"image":{"@id":"https:\/\/www.les-energies-renouvelables.eu\/article\/actualites\/#\/schema\/logo\/image\/"},"sameAs":["https:\/\/www.facebook.com\/ecoannuaire.energierenouvelable\/","https:\/\/x.com\/ECOinfosENR","https:\/\/www.linkedin.com\/company\/ecoinfos-energies-renouvelables\/","https:\/\/www.youtube.com\/@ecoinfosenergies","https:\/\/share.google\/dyKHJPxAV42WhhjbM"]},{"@type":"Person","@id":"https:\/\/www.les-energies-renouvelables.eu\/article\/actualites\/#\/schema\/person\/2c7d09eb5ca339c12ca8d86145440169","name":"Alexia JACQUARD","pronouns":"elle\/elle","image":{"@type":"ImageObject","inLanguage":"fr-FR","@id":"https:\/\/www.les-energies-renouvelables.eu\/article\/actualites\/#\/schema\/person\/image\/","url":"https:\/\/www.les-energies-renouvelables.eu\/article\/actualites\/wp-content\/uploads\/2026\/01\/actualites-alexia-jacquard-alexia-jacquard-160x160.jpg","contentUrl":"https:\/\/www.les-energies-renouvelables.eu\/article\/actualites\/wp-content\/uploads\/2026\/01\/actualites-alexia-jacquard-alexia-jacquard-160x160.jpg","caption":"Alexia JACQUARD"},"description":"Curieuse de nature et attentif aux enjeux du d\u00e9veloppement durable, Alexia Jacquard suit l'actualit\u00e9 des \u00e9nergies renouvelables pour partager les derni\u00e8res nouveaut\u00e9s du secteur. Elle s'attache \u00e0 retranscrire simplement les informations cl\u00e9s et les initiatives positives qui marquent la transition \u00e9nerg\u00e9tique. Son objectif : proposer des articles d'actualit\u00e9 clairs et accessibles pour tous ceux qui s'int\u00e9ressent \u00e0 l'avenir de notre \u00e9nergie.","sameAs":["https:\/\/alexia-jacquard.fr","https:\/\/www.facebook.com\/tictacf2c\/","https:\/\/www.instagram.com\/alexia_redac\/","https:\/\/www.linkedin.com\/in\/alexia-jacquard-449a4b289\/","https:\/\/fr.pinterest.com\/alexiajacquard\/","https:\/\/x.com\/alexiajcrd","https:\/\/www.youtube.com\/@Thepaindemie","https:\/\/muckrack.com\/alexia-jacquard"],"url":"https:\/\/www.les-energies-renouvelables.eu\/article\/actualites\/author\/alexia-jacquard\/"}]}},"_links":{"self":[{"href":"https:\/\/www.les-energies-renouvelables.eu\/article\/actualites\/wp-json\/wp\/v2\/posts\/397","targetHints":{"allow":["GET"]}}],"collection":[{"href":"https:\/\/www.les-energies-renouvelables.eu\/article\/actualites\/wp-json\/wp\/v2\/posts"}],"about":[{"href":"https:\/\/www.les-energies-renouvelables.eu\/article\/actualites\/wp-json\/wp\/v2\/types\/post"}],"author":[{"embeddable":true,"href":"https:\/\/www.les-energies-renouvelables.eu\/article\/actualites\/wp-json\/wp\/v2\/users\/2"}],"replies":[{"embeddable":true,"href":"https:\/\/www.les-energies-renouvelables.eu\/article\/actualites\/wp-json\/wp\/v2\/comments?post=397"}],"version-history":[{"count":1,"href":"https:\/\/www.les-energies-renouvelables.eu\/article\/actualites\/wp-json\/wp\/v2\/posts\/397\/revisions"}],"predecessor-version":[{"id":398,"href":"https:\/\/www.les-energies-renouvelables.eu\/article\/actualites\/wp-json\/wp\/v2\/posts\/397\/revisions\/398"}],"wp:featuredmedia":[{"embeddable":true,"href":"https:\/\/www.les-energies-renouvelables.eu\/article\/actualites\/wp-json\/wp\/v2\/media\/399"}],"wp:attachment":[{"href":"https:\/\/www.les-energies-renouvelables.eu\/article\/actualites\/wp-json\/wp\/v2\/media?parent=397"}],"wp:term":[{"taxonomy":"category","embeddable":true,"href":"https:\/\/www.les-energies-renouvelables.eu\/article\/actualites\/wp-json\/wp\/v2\/categories?post=397"},{"taxonomy":"post_tag","embeddable":true,"href":"https:\/\/www.les-energies-renouvelables.eu\/article\/actualites\/wp-json\/wp\/v2\/tags?post=397"}],"curies":[{"name":"wp","href":"https:\/\/api.w.org\/{rel}","templated":true}]}}