{"id":393,"date":"2026-02-26T08:00:00","date_gmt":"2026-02-26T07:00:00","guid":{"rendered":"https:\/\/www.les-energies-renouvelables.eu\/article\/actualites\/?p=393"},"modified":"2026-02-25T16:26:20","modified_gmt":"2026-02-25T15:26:20","slug":"lorient-quand-le-pilotage-intelligent-transforme-le-solaire-en-carburant-prioritaire-pour-la-mobilite-electrique","status":"publish","type":"post","link":"https:\/\/www.les-energies-renouvelables.eu\/article\/actualites\/energies\/lorient-quand-le-pilotage-intelligent-transforme-le-solaire-en-carburant-prioritaire-pour-la-mobilite-electrique-393\/","title":{"rendered":"Lorient : Quand le pilotage intelligent transforme le solaire en carburant prioritaire pour la mobilit\u00e9 \u00e9lectrique"},"content":{"rendered":"\n<p>R\u00e9sum\u00e9 :&nbsp;<\/p>\n\n\n\n<ul class=\"wp-block-list\">\n<li><strong>Le gisement :<\/strong> 42 kW de puissance solaire d\u00e9j\u00e0 op\u00e9rationnels en toiture du Centre Technique Municipal.<\/li>\n\n\n\n<li><strong>L&rsquo;innovation :<\/strong> Une commande de recharge permettant de d\u00e9clencher l&rsquo;alimentation lors des pics de <strong>g\u00e9n\u00e9ration photovolta\u00efque<\/strong> (notamment le week-end et entre 12h et 14h).<\/li>\n\n\n\n<li><strong>Le chiffre :<\/strong> Une part d&rsquo;<strong>autoconsommation<\/strong> \u00e9valu\u00e9e \u00e0 25 % lors de la phase initiale de ce d\u00e9ploiement.<\/li>\n\n\n\n<li><strong>Le partenaire :<\/strong> Tetradis, int\u00e9grateur de la solution de supervision des 36 bornes KEBA P30.<\/li>\n\n\n\n<li><strong>La flexibilit\u00e9 :<\/strong> Un syst\u00e8me bas\u00e9 sur l&rsquo;<strong>exc\u00e9dent photovolta\u00efque<\/strong>, compl\u00e9t\u00e9 par un mode \u00ab\u00a0BOOST\u00a0\u00bb pour les imp\u00e9ratifs de service.<\/li>\n<\/ul>\n\n\n\n<p>Charger une flotte de v\u00e9hicules \u00e9lectriques sur le r\u00e9seau national sans pilotage peut accentuer la sollicitation du mix \u00e9lectrique lors des pointes de consommation. Pour une collectivit\u00e9, l\u2019enjeu est donc de faire co\u00efncider les besoins de mobilit\u00e9 avec la disponibilit\u00e9 des <strong>\u00e9nergies renouvelables (EnR)<\/strong> produites par ses propres installations.<\/p>\n\n\n\n<p>Le projet du CTM de Lorient repose sur cette logique de synchronisation. Ici, le v\u00e9hicule \u00e9lectrique est utilis\u00e9 comme un levier de flexibilit\u00e9 : la recharge est pr\u00e9f\u00e9rentiellement activ\u00e9e lorsque la <strong>production solaire<\/strong> est identifi\u00e9e comme exc\u00e9dentaire par rapport aux besoins imm\u00e9diats du b\u00e2timent.<\/p>\n\n\n\n<h2 class=\"wp-block-heading\">L&rsquo;autoconsommation au CTM : transformer l&rsquo;exc\u00e9dent solaire en carburant local<\/h2>\n\n\n\n<p>Les installations photovolta\u00efques municipales produisent de l&rsquo;\u00e9nergie de mani\u00e8re continue selon l&rsquo;ensoleillement. Cependant, le week-end ou durant la pause m\u00e9ridienne, la consommation propre du b\u00e2timent peut diminuer. Sans pilotage, cette production exc\u00e9dentaire est g\u00e9n\u00e9ralement r\u00e9inject\u00e9e sur le r\u00e9seau public.<\/p>\n\n\n\n<p>Lorient a choisi de valoriser ce surplus au profit de sa flotte. En couplant la production aux <strong>bornes de recharge<\/strong>, la ville vise \u00e0 ce qu&rsquo;une partie de l&rsquo;\u00e9nergie qui aurait \u00e9t\u00e9 export\u00e9e vers le r\u00e9seau serve prioritairement \u00e0 alimenter les v\u00e9hicules municipaux.<\/p>\n\n\n\n<p>La solution mise en place permet de lire les donn\u00e9es de production des onduleurs des centrales solaires. Ces flux d&rsquo;informations permettent d&rsquo;identifier la pr\u00e9sence d&rsquo;un exc\u00e9dent : d\u00e8s que la production d\u00e9passe la consommation du b\u00e2timent, l&rsquo;\u00e9nergie peut \u00eatre orient\u00e9e vers les 36 bornes. La recharge s&rsquo;adapte ainsi aux p\u00e9riodes de forte production solaire identifi\u00e9es au CTM.<\/p>\n\n\n\n<h2 class=\"wp-block-heading\">Smart Charging : comment Lorient automatise la recharge 100 % photovolta\u00efque<\/h2>\n\n\n\n<h3 class=\"wp-block-heading\">Une alimentation conditionn\u00e9e \u00e0 l&rsquo;ensoleillement<\/h3>\n\n\n\n<p>Le <strong>pilotage de charge<\/strong> s\u2019appuie sur l\u2019identification d\u2019une production photovolta\u00efque exc\u00e9dentaire. Dans cette configuration, le syst\u00e8me tend \u00e0 privil\u00e9gier l&rsquo;\u00e9nergie produite \u00e0 quelques m\u00e8tres seulement des batteries des v\u00e9hicules. Cette approche vise \u00e0 maximiser l&rsquo;autonomie \u00e9nerg\u00e9tique du site et \u00e0 favoriser l&rsquo;usage direct de l&rsquo;\u00e9nergie produite sur place.<\/p>\n\n\n\n<h3 class=\"wp-block-heading\">L&rsquo;arbitrage entre supervision et continuit\u00e9 de service<\/h3>\n\n\n\n<p>Bien que le syst\u00e8me privil\u00e9gie les EnR, les contraintes du service public restent prioritaires. L&rsquo;installation int\u00e8gre donc une flexibilit\u00e9 d&rsquo;usage :<\/p>\n\n\n\n<ol class=\"wp-block-list\">\n<li><strong>Le pilotage sur exc\u00e9dent :<\/strong> Le mode pr\u00e9f\u00e9rentiel pour maximiser l&rsquo;autoconsommation.<\/li>\n\n\n\n<li><strong>Le mode BOOST :<\/strong> Utilisable pour les urgences op\u00e9rationnelles, permettant de charger les v\u00e9hicules ind\u00e9pendamment de la production solaire disponible.<\/li>\n<\/ol>\n\n\n\n<p>S\u00e9bastien Fleury, charg\u00e9 de l\u2019optimisation des \u00e9quipements \u00e9nerg\u00e9tiques \u00e0 la ville de Lorient, confirme cette logique d&rsquo;automatisation : <strong>\u00ab Le syst\u00e8me d\u00e9clenche automatiquement la recharge uniquement lorsqu\u2019il y a du surplus solaire disponible. \u00bb<\/strong> Cette supervision permet ainsi d&rsquo;int\u00e9grer la production solaire comme un param\u00e8tre de gestion de la flotte municipale.<\/p>\n\n\n\n<h2 class=\"wp-block-heading\">Flexibilit\u00e9 du r\u00e9seau et Smart Grid : les b\u00e9n\u00e9fices d&rsquo;une mobilit\u00e9 pilot\u00e9e<\/h2>\n\n\n\n<p>En d\u00e9calant pr\u00e9f\u00e9rentiellement la recharge des v\u00e9hicules vers les heures de forte g\u00e9n\u00e9ration photovolta\u00efque, ce type d&rsquo;installation peut contribuer \u00e0 limiter la sollicitation du r\u00e9seau public durant les p\u00e9riodes de tension. Si l&rsquo;impact syst\u00e9mique doit \u00eatre confirm\u00e9 par des donn\u00e9es de long terme, le principe s&rsquo;inscrit dans une d\u00e9marche de <strong>gestion intelligente de l&rsquo;\u00e9nergie (Smart Grid)<\/strong> \u00e0 l&rsquo;\u00e9chelle locale.<\/p>\n\n\n\n<p>Chaque kilowattheure produit et consomm\u00e9 sur place offre \u00e0 la collectivit\u00e9 une meilleure ma\u00eetrise de ses flux \u00e9nerg\u00e9tiques. En augmentant sa part d&rsquo;autoconsommation, la commune r\u00e9duit potentiellement son besoin d&rsquo;achat d&rsquo;\u00e9nergie sur certaines plages horaires, ce qui participe \u00e0 une gestion plus stable des charges li\u00e9es \u00e0 la mobilit\u00e9.<\/p>\n\n\n\n<h2 class=\"wp-block-heading\">Rendement et duplicabilit\u00e9 : quel avenir pour la recharge solaire urbaine ?<\/h2>\n\n\n\n<p>L&rsquo;estimation actuelle repr\u00e9sente un premier retour d&rsquo;exp\u00e9rience. Ce taux est par nature variable : il d\u00e9pend de l&rsquo;usage r\u00e9el des v\u00e9hicules, de la saisonnalit\u00e9 et de l&rsquo;ad\u00e9quation entre les plannings de service et la m\u00e9t\u00e9o.<\/p>\n\n\n\n<p>L&rsquo;optimisation pourrait passer par un alignement encore plus pr\u00e9cis entre la disponibilit\u00e9 des v\u00e9hicules et les pics de production, ce qui permettrait d&rsquo;augmenter cette part d&rsquo;autoconsommation sans investissement mat\u00e9riel suppl\u00e9mentaire.<\/p>\n\n\n\n<p>Le succ\u00e8s de cette installation repose sur la combinaison de toitures productives, de bornes communicantes et d&rsquo;une supervision logicielle. Ces technologies sont aujourd&rsquo;hui largement d\u00e9ploy\u00e9es. Le projet lorientais montre que le couplage <strong>solaire et recharge de v\u00e9hicules<\/strong> est une solution concr\u00e8te pour les collectivit\u00e9s souhaitant engager la d\u00e9carbonation de leur flotte de mani\u00e8re coh\u00e9rente.<\/p>\n\n\n\n<p>Le projet du Centre Technique Municipal de Lorient illustre une approche technique pertinente : la combinaison du photovolta\u00efque et d&rsquo;une commande de recharge intelligente. Avec 36 bornes et 42 kW install\u00e9s, la ville transforme ses espaces de stationnement en acteurs de son syst\u00e8me \u00e9nerg\u00e9tique, montrant qu&rsquo;\u00e0 l&rsquo;\u00e9chelle d&rsquo;un site, une part identifiable de la <strong>mobilit\u00e9 \u00e9lectrique<\/strong> peut s&rsquo;appuyer sur une production solaire locale et pilot\u00e9e.<\/p>\n","protected":false},"excerpt":{"rendered":"","protected":false},"author":2,"featured_media":395,"comment_status":"closed","ping_status":"closed","sticky":false,"template":"","format":"standard","meta":{"footnotes":""},"categories":[1],"tags":[],"class_list":["post-393","post","type-post","status-publish","format-standard","has-post-thumbnail","hentry","category-energies","masonry-post","generate-columns","tablet-grid-50","mobile-grid-100","grid-parent","grid-33"],"yoast_head":"<!-- This site is optimized with the Yoast SEO plugin v26.6 - https:\/\/yoast.com\/wordpress\/plugins\/seo\/ -->\n<title>Lorient : Quand le pilotage intelligent transforme le solaire en carburant prioritaire pour la mobilit\u00e9 \u00e9lectrique - ECOinfos<\/title>\n<meta name=\"description\" content=\"Lorient d\u00e9ploie 36 bornes de recharge intelligentes coupl\u00e9es au solaire. D\u00e9couvrez comment l&#039;autoconsommation optimise la mobilit\u00e9 \u00e9lectrique de la ville.\" \/>\n<meta name=\"robots\" content=\"index, follow, max-snippet:-1, max-image-preview:large, max-video-preview:-1\" \/>\n<link rel=\"canonical\" href=\"https:\/\/www.les-energies-renouvelables.eu\/article\/actualites\/energies\/lorient-quand-le-pilotage-intelligent-transforme-le-solaire-en-carburant-prioritaire-pour-la-mobilite-electrique-393\/\" \/>\n<meta property=\"og:locale\" content=\"fr_FR\" \/>\n<meta property=\"og:type\" content=\"article\" \/>\n<meta property=\"og:title\" content=\"Lorient : Quand le pilotage intelligent transforme le solaire en carburant prioritaire pour la mobilit\u00e9 \u00e9lectrique - ECOinfos\" \/>\n<meta property=\"og:description\" content=\"Lorient d\u00e9ploie 36 bornes de recharge intelligentes coupl\u00e9es au solaire. D\u00e9couvrez comment l&#039;autoconsommation optimise la mobilit\u00e9 \u00e9lectrique de la ville.\" \/>\n<meta property=\"og:url\" content=\"https:\/\/www.les-energies-renouvelables.eu\/article\/actualites\/energies\/lorient-quand-le-pilotage-intelligent-transforme-le-solaire-en-carburant-prioritaire-pour-la-mobilite-electrique-393\/\" \/>\n<meta property=\"og:site_name\" content=\"ECOinfos Energies renouvelables\" \/>\n<meta property=\"article:publisher\" content=\"https:\/\/www.facebook.com\/ecoannuaire.energierenouvelable\/\" \/>\n<meta property=\"article:author\" content=\"https:\/\/www.facebook.com\/tictacf2c\/\" \/>\n<meta property=\"article:published_time\" content=\"2026-02-26T07:00:00+00:00\" \/>\n<meta property=\"og:image\" content=\"https:\/\/www.les-energies-renouvelables.eu\/article\/actualites\/wp-content\/uploads\/2026\/02\/actualites-lorient-quand-le-pilotage-intelligent-transforme-le-solaire-en-carburant-prioritaire-pour-la-mobilite-electrique-lorient.jpg\" \/>\n\t<meta property=\"og:image:width\" content=\"1200\" \/>\n\t<meta property=\"og:image:height\" content=\"675\" \/>\n\t<meta property=\"og:image:type\" content=\"image\/jpeg\" \/>\n<meta name=\"author\" content=\"Alexia JACQUARD\" \/>\n<meta name=\"twitter:card\" content=\"summary_large_image\" \/>\n<meta name=\"twitter:creator\" content=\"@alexiajcrd\" \/>\n<meta name=\"twitter:site\" content=\"@ECOinfosENR\" \/>\n<meta name=\"twitter:label1\" content=\"\u00c9crit par\" \/>\n\t<meta name=\"twitter:data1\" content=\"Alexia JACQUARD\" \/>\n\t<meta name=\"twitter:label2\" content=\"Dur\u00e9e de lecture estim\u00e9e\" \/>\n\t<meta name=\"twitter:data2\" content=\"5 minutes\" \/>\n<script type=\"application\/ld+json\" class=\"yoast-schema-graph\">{\"@context\":\"https:\/\/schema.org\",\"@graph\":[{\"@type\":\"Article\",\"@id\":\"https:\/\/www.les-energies-renouvelables.eu\/article\/actualites\/energies\/lorient-quand-le-pilotage-intelligent-transforme-le-solaire-en-carburant-prioritaire-pour-la-mobilite-electrique-393\/#article\",\"isPartOf\":{\"@id\":\"https:\/\/www.les-energies-renouvelables.eu\/article\/actualites\/energies\/lorient-quand-le-pilotage-intelligent-transforme-le-solaire-en-carburant-prioritaire-pour-la-mobilite-electrique-393\/\"},\"author\":{\"name\":\"Alexia JACQUARD\",\"@id\":\"https:\/\/www.les-energies-renouvelables.eu\/article\/actualites\/#\/schema\/person\/2c7d09eb5ca339c12ca8d86145440169\"},\"headline\":\"Lorient : Quand le pilotage intelligent transforme le solaire en carburant prioritaire pour la mobilit\u00e9 \u00e9lectrique\",\"datePublished\":\"2026-02-26T07:00:00+00:00\",\"mainEntityOfPage\":{\"@id\":\"https:\/\/www.les-energies-renouvelables.eu\/article\/actualites\/energies\/lorient-quand-le-pilotage-intelligent-transforme-le-solaire-en-carburant-prioritaire-pour-la-mobilite-electrique-393\/\"},\"wordCount\":971,\"publisher\":{\"@id\":\"https:\/\/www.les-energies-renouvelables.eu\/article\/actualites\/#organization\"},\"image\":{\"@id\":\"https:\/\/www.les-energies-renouvelables.eu\/article\/actualites\/energies\/lorient-quand-le-pilotage-intelligent-transforme-le-solaire-en-carburant-prioritaire-pour-la-mobilite-electrique-393\/#primaryimage\"},\"thumbnailUrl\":\"https:\/\/www.les-energies-renouvelables.eu\/article\/actualites\/wp-content\/uploads\/2026\/02\/actualites-lorient-quand-le-pilotage-intelligent-transforme-le-solaire-en-carburant-prioritaire-pour-la-mobilite-electrique-lorient.jpg\",\"articleSection\":[\"\u00c9nergies\"],\"inLanguage\":\"fr-FR\"},{\"@type\":\"WebPage\",\"@id\":\"https:\/\/www.les-energies-renouvelables.eu\/article\/actualites\/energies\/lorient-quand-le-pilotage-intelligent-transforme-le-solaire-en-carburant-prioritaire-pour-la-mobilite-electrique-393\/\",\"url\":\"https:\/\/www.les-energies-renouvelables.eu\/article\/actualites\/energies\/lorient-quand-le-pilotage-intelligent-transforme-le-solaire-en-carburant-prioritaire-pour-la-mobilite-electrique-393\/\",\"name\":\"Lorient : Quand le pilotage intelligent transforme le solaire en carburant prioritaire pour la mobilit\u00e9 \u00e9lectrique - ECOinfos\",\"isPartOf\":{\"@id\":\"https:\/\/www.les-energies-renouvelables.eu\/article\/actualites\/#website\"},\"primaryImageOfPage\":{\"@id\":\"https:\/\/www.les-energies-renouvelables.eu\/article\/actualites\/energies\/lorient-quand-le-pilotage-intelligent-transforme-le-solaire-en-carburant-prioritaire-pour-la-mobilite-electrique-393\/#primaryimage\"},\"image\":{\"@id\":\"https:\/\/www.les-energies-renouvelables.eu\/article\/actualites\/energies\/lorient-quand-le-pilotage-intelligent-transforme-le-solaire-en-carburant-prioritaire-pour-la-mobilite-electrique-393\/#primaryimage\"},\"thumbnailUrl\":\"https:\/\/www.les-energies-renouvelables.eu\/article\/actualites\/wp-content\/uploads\/2026\/02\/actualites-lorient-quand-le-pilotage-intelligent-transforme-le-solaire-en-carburant-prioritaire-pour-la-mobilite-electrique-lorient.jpg\",\"datePublished\":\"2026-02-26T07:00:00+00:00\",\"description\":\"Lorient d\u00e9ploie 36 bornes de recharge intelligentes coupl\u00e9es au solaire. D\u00e9couvrez comment l'autoconsommation optimise la mobilit\u00e9 \u00e9lectrique de la ville.\",\"breadcrumb\":{\"@id\":\"https:\/\/www.les-energies-renouvelables.eu\/article\/actualites\/energies\/lorient-quand-le-pilotage-intelligent-transforme-le-solaire-en-carburant-prioritaire-pour-la-mobilite-electrique-393\/#breadcrumb\"},\"inLanguage\":\"fr-FR\",\"potentialAction\":[{\"@type\":\"ReadAction\",\"target\":[\"https:\/\/www.les-energies-renouvelables.eu\/article\/actualites\/energies\/lorient-quand-le-pilotage-intelligent-transforme-le-solaire-en-carburant-prioritaire-pour-la-mobilite-electrique-393\/\"]}]},{\"@type\":\"ImageObject\",\"inLanguage\":\"fr-FR\",\"@id\":\"https:\/\/www.les-energies-renouvelables.eu\/article\/actualites\/energies\/lorient-quand-le-pilotage-intelligent-transforme-le-solaire-en-carburant-prioritaire-pour-la-mobilite-electrique-393\/#primaryimage\",\"url\":\"https:\/\/www.les-energies-renouvelables.eu\/article\/actualites\/wp-content\/uploads\/2026\/02\/actualites-lorient-quand-le-pilotage-intelligent-transforme-le-solaire-en-carburant-prioritaire-pour-la-mobilite-electrique-lorient.jpg\",\"contentUrl\":\"https:\/\/www.les-energies-renouvelables.eu\/article\/actualites\/wp-content\/uploads\/2026\/02\/actualites-lorient-quand-le-pilotage-intelligent-transforme-le-solaire-en-carburant-prioritaire-pour-la-mobilite-electrique-lorient.jpg\",\"width\":1200,\"height\":675,\"caption\":\"Dall-E\"},{\"@type\":\"BreadcrumbList\",\"@id\":\"https:\/\/www.les-energies-renouvelables.eu\/article\/actualites\/energies\/lorient-quand-le-pilotage-intelligent-transforme-le-solaire-en-carburant-prioritaire-pour-la-mobilite-electrique-393\/#breadcrumb\",\"itemListElement\":[{\"@type\":\"ListItem\",\"position\":1,\"name\":\"Accueil\",\"item\":\"https:\/\/www.les-energies-renouvelables.eu\/article\/actualites\/\"},{\"@type\":\"ListItem\",\"position\":2,\"name\":\"Lorient : Quand le pilotage intelligent transforme le solaire en carburant prioritaire pour la mobilit\u00e9 \u00e9lectrique\"}]},{\"@type\":\"WebSite\",\"@id\":\"https:\/\/www.les-energies-renouvelables.eu\/article\/actualites\/#website\",\"url\":\"https:\/\/www.les-energies-renouvelables.eu\/article\/actualites\/\",\"name\":\"ECOinfos Energies renouvelables\",\"description\":\"Le d\u00e9cryptage quotidien du secteur des \u00e9nergies renouvelables\",\"publisher\":{\"@id\":\"https:\/\/www.les-energies-renouvelables.eu\/article\/actualites\/#organization\"},\"potentialAction\":[{\"@type\":\"SearchAction\",\"target\":{\"@type\":\"EntryPoint\",\"urlTemplate\":\"https:\/\/www.les-energies-renouvelables.eu\/article\/actualites\/?s={search_term_string}\"},\"query-input\":{\"@type\":\"PropertyValueSpecification\",\"valueRequired\":true,\"valueName\":\"search_term_string\"}}],\"inLanguage\":\"fr-FR\"},{\"@type\":\"Organization\",\"@id\":\"https:\/\/www.les-energies-renouvelables.eu\/article\/actualites\/#organization\",\"name\":\"ECOinfos Energies renouvelables\",\"url\":\"https:\/\/www.les-energies-renouvelables.eu\/article\/actualites\/\",\"logo\":{\"@type\":\"ImageObject\",\"inLanguage\":\"fr-FR\",\"@id\":\"https:\/\/www.les-energies-renouvelables.eu\/article\/actualites\/#\/schema\/logo\/image\/\",\"url\":\"https:\/\/www.les-energies-renouvelables.eu\/article\/actualites\/wp-content\/uploads\/2025\/11\/ecoinfos.eldorado-consulting.com-logo-logo.svg\",\"contentUrl\":\"https:\/\/www.les-energies-renouvelables.eu\/article\/actualites\/wp-content\/uploads\/2025\/11\/ecoinfos.eldorado-consulting.com-logo-logo.svg\",\"caption\":\"ECOinfos Energies renouvelables\"},\"image\":{\"@id\":\"https:\/\/www.les-energies-renouvelables.eu\/article\/actualites\/#\/schema\/logo\/image\/\"},\"sameAs\":[\"https:\/\/www.facebook.com\/ecoannuaire.energierenouvelable\/\",\"https:\/\/x.com\/ECOinfosENR\",\"https:\/\/www.linkedin.com\/company\/ecoinfos-energies-renouvelables\/\",\"https:\/\/www.youtube.com\/@ecoinfosenergies\",\"https:\/\/share.google\/dyKHJPxAV42WhhjbM\"]},{\"@type\":\"Person\",\"@id\":\"https:\/\/www.les-energies-renouvelables.eu\/article\/actualites\/#\/schema\/person\/2c7d09eb5ca339c12ca8d86145440169\",\"name\":\"Alexia JACQUARD\",\"pronouns\":\"elle\/elle\",\"image\":{\"@type\":\"ImageObject\",\"inLanguage\":\"fr-FR\",\"@id\":\"https:\/\/www.les-energies-renouvelables.eu\/article\/actualites\/#\/schema\/person\/image\/\",\"url\":\"https:\/\/www.les-energies-renouvelables.eu\/article\/actualites\/wp-content\/uploads\/2026\/01\/actualites-alexia-jacquard-alexia-jacquard-160x160.jpg\",\"contentUrl\":\"https:\/\/www.les-energies-renouvelables.eu\/article\/actualites\/wp-content\/uploads\/2026\/01\/actualites-alexia-jacquard-alexia-jacquard-160x160.jpg\",\"caption\":\"Alexia JACQUARD\"},\"description\":\"Curieuse de nature et attentif aux enjeux du d\u00e9veloppement durable, Alexia Jacquard suit l'actualit\u00e9 des \u00e9nergies renouvelables pour partager les derni\u00e8res nouveaut\u00e9s du secteur. Elle s'attache \u00e0 retranscrire simplement les informations cl\u00e9s et les initiatives positives qui marquent la transition \u00e9nerg\u00e9tique. Son objectif : proposer des articles d'actualit\u00e9 clairs et accessibles pour tous ceux qui s'int\u00e9ressent \u00e0 l'avenir de notre \u00e9nergie.\",\"sameAs\":[\"https:\/\/alexia-jacquard.fr\",\"https:\/\/www.facebook.com\/tictacf2c\/\",\"https:\/\/www.instagram.com\/alexia_redac\/\",\"https:\/\/www.linkedin.com\/in\/alexia-jacquard-449a4b289\/\",\"https:\/\/fr.pinterest.com\/alexiajacquard\/\",\"https:\/\/x.com\/alexiajcrd\",\"https:\/\/www.youtube.com\/@Thepaindemie\",\"https:\/\/muckrack.com\/alexia-jacquard\"],\"url\":\"https:\/\/www.les-energies-renouvelables.eu\/article\/actualites\/author\/alexia-jacquard\/\"}]}<\/script>\n<!-- \/ Yoast SEO plugin. -->","yoast_head_json":{"title":"Lorient : Quand le pilotage intelligent transforme le solaire en carburant prioritaire pour la mobilit\u00e9 \u00e9lectrique - ECOinfos","description":"Lorient d\u00e9ploie 36 bornes de recharge intelligentes coupl\u00e9es au solaire. D\u00e9couvrez comment l'autoconsommation optimise la mobilit\u00e9 \u00e9lectrique de la ville.","robots":{"index":"index","follow":"follow","max-snippet":"max-snippet:-1","max-image-preview":"max-image-preview:large","max-video-preview":"max-video-preview:-1"},"canonical":"https:\/\/www.les-energies-renouvelables.eu\/article\/actualites\/energies\/lorient-quand-le-pilotage-intelligent-transforme-le-solaire-en-carburant-prioritaire-pour-la-mobilite-electrique-393\/","og_locale":"fr_FR","og_type":"article","og_title":"Lorient : Quand le pilotage intelligent transforme le solaire en carburant prioritaire pour la mobilit\u00e9 \u00e9lectrique - ECOinfos","og_description":"Lorient d\u00e9ploie 36 bornes de recharge intelligentes coupl\u00e9es au solaire. D\u00e9couvrez comment l'autoconsommation optimise la mobilit\u00e9 \u00e9lectrique de la ville.","og_url":"https:\/\/www.les-energies-renouvelables.eu\/article\/actualites\/energies\/lorient-quand-le-pilotage-intelligent-transforme-le-solaire-en-carburant-prioritaire-pour-la-mobilite-electrique-393\/","og_site_name":"ECOinfos Energies renouvelables","article_publisher":"https:\/\/www.facebook.com\/ecoannuaire.energierenouvelable\/","article_author":"https:\/\/www.facebook.com\/tictacf2c\/","article_published_time":"2026-02-26T07:00:00+00:00","og_image":[{"width":1200,"height":675,"url":"https:\/\/www.les-energies-renouvelables.eu\/article\/actualites\/wp-content\/uploads\/2026\/02\/actualites-lorient-quand-le-pilotage-intelligent-transforme-le-solaire-en-carburant-prioritaire-pour-la-mobilite-electrique-lorient.jpg","type":"image\/jpeg"}],"author":"Alexia JACQUARD","twitter_card":"summary_large_image","twitter_creator":"@alexiajcrd","twitter_site":"@ECOinfosENR","twitter_misc":{"\u00c9crit par":"Alexia JACQUARD","Dur\u00e9e de lecture estim\u00e9e":"5 minutes"},"schema":{"@context":"https:\/\/schema.org","@graph":[{"@type":"Article","@id":"https:\/\/www.les-energies-renouvelables.eu\/article\/actualites\/energies\/lorient-quand-le-pilotage-intelligent-transforme-le-solaire-en-carburant-prioritaire-pour-la-mobilite-electrique-393\/#article","isPartOf":{"@id":"https:\/\/www.les-energies-renouvelables.eu\/article\/actualites\/energies\/lorient-quand-le-pilotage-intelligent-transforme-le-solaire-en-carburant-prioritaire-pour-la-mobilite-electrique-393\/"},"author":{"name":"Alexia JACQUARD","@id":"https:\/\/www.les-energies-renouvelables.eu\/article\/actualites\/#\/schema\/person\/2c7d09eb5ca339c12ca8d86145440169"},"headline":"Lorient : Quand le pilotage intelligent transforme le solaire en carburant prioritaire pour la mobilit\u00e9 \u00e9lectrique","datePublished":"2026-02-26T07:00:00+00:00","mainEntityOfPage":{"@id":"https:\/\/www.les-energies-renouvelables.eu\/article\/actualites\/energies\/lorient-quand-le-pilotage-intelligent-transforme-le-solaire-en-carburant-prioritaire-pour-la-mobilite-electrique-393\/"},"wordCount":971,"publisher":{"@id":"https:\/\/www.les-energies-renouvelables.eu\/article\/actualites\/#organization"},"image":{"@id":"https:\/\/www.les-energies-renouvelables.eu\/article\/actualites\/energies\/lorient-quand-le-pilotage-intelligent-transforme-le-solaire-en-carburant-prioritaire-pour-la-mobilite-electrique-393\/#primaryimage"},"thumbnailUrl":"https:\/\/www.les-energies-renouvelables.eu\/article\/actualites\/wp-content\/uploads\/2026\/02\/actualites-lorient-quand-le-pilotage-intelligent-transforme-le-solaire-en-carburant-prioritaire-pour-la-mobilite-electrique-lorient.jpg","articleSection":["\u00c9nergies"],"inLanguage":"fr-FR"},{"@type":"WebPage","@id":"https:\/\/www.les-energies-renouvelables.eu\/article\/actualites\/energies\/lorient-quand-le-pilotage-intelligent-transforme-le-solaire-en-carburant-prioritaire-pour-la-mobilite-electrique-393\/","url":"https:\/\/www.les-energies-renouvelables.eu\/article\/actualites\/energies\/lorient-quand-le-pilotage-intelligent-transforme-le-solaire-en-carburant-prioritaire-pour-la-mobilite-electrique-393\/","name":"Lorient : Quand le pilotage intelligent transforme le solaire en carburant prioritaire pour la mobilit\u00e9 \u00e9lectrique - ECOinfos","isPartOf":{"@id":"https:\/\/www.les-energies-renouvelables.eu\/article\/actualites\/#website"},"primaryImageOfPage":{"@id":"https:\/\/www.les-energies-renouvelables.eu\/article\/actualites\/energies\/lorient-quand-le-pilotage-intelligent-transforme-le-solaire-en-carburant-prioritaire-pour-la-mobilite-electrique-393\/#primaryimage"},"image":{"@id":"https:\/\/www.les-energies-renouvelables.eu\/article\/actualites\/energies\/lorient-quand-le-pilotage-intelligent-transforme-le-solaire-en-carburant-prioritaire-pour-la-mobilite-electrique-393\/#primaryimage"},"thumbnailUrl":"https:\/\/www.les-energies-renouvelables.eu\/article\/actualites\/wp-content\/uploads\/2026\/02\/actualites-lorient-quand-le-pilotage-intelligent-transforme-le-solaire-en-carburant-prioritaire-pour-la-mobilite-electrique-lorient.jpg","datePublished":"2026-02-26T07:00:00+00:00","description":"Lorient d\u00e9ploie 36 bornes de recharge intelligentes coupl\u00e9es au solaire. D\u00e9couvrez comment l'autoconsommation optimise la mobilit\u00e9 \u00e9lectrique de la ville.","breadcrumb":{"@id":"https:\/\/www.les-energies-renouvelables.eu\/article\/actualites\/energies\/lorient-quand-le-pilotage-intelligent-transforme-le-solaire-en-carburant-prioritaire-pour-la-mobilite-electrique-393\/#breadcrumb"},"inLanguage":"fr-FR","potentialAction":[{"@type":"ReadAction","target":["https:\/\/www.les-energies-renouvelables.eu\/article\/actualites\/energies\/lorient-quand-le-pilotage-intelligent-transforme-le-solaire-en-carburant-prioritaire-pour-la-mobilite-electrique-393\/"]}]},{"@type":"ImageObject","inLanguage":"fr-FR","@id":"https:\/\/www.les-energies-renouvelables.eu\/article\/actualites\/energies\/lorient-quand-le-pilotage-intelligent-transforme-le-solaire-en-carburant-prioritaire-pour-la-mobilite-electrique-393\/#primaryimage","url":"https:\/\/www.les-energies-renouvelables.eu\/article\/actualites\/wp-content\/uploads\/2026\/02\/actualites-lorient-quand-le-pilotage-intelligent-transforme-le-solaire-en-carburant-prioritaire-pour-la-mobilite-electrique-lorient.jpg","contentUrl":"https:\/\/www.les-energies-renouvelables.eu\/article\/actualites\/wp-content\/uploads\/2026\/02\/actualites-lorient-quand-le-pilotage-intelligent-transforme-le-solaire-en-carburant-prioritaire-pour-la-mobilite-electrique-lorient.jpg","width":1200,"height":675,"caption":"Dall-E"},{"@type":"BreadcrumbList","@id":"https:\/\/www.les-energies-renouvelables.eu\/article\/actualites\/energies\/lorient-quand-le-pilotage-intelligent-transforme-le-solaire-en-carburant-prioritaire-pour-la-mobilite-electrique-393\/#breadcrumb","itemListElement":[{"@type":"ListItem","position":1,"name":"Accueil","item":"https:\/\/www.les-energies-renouvelables.eu\/article\/actualites\/"},{"@type":"ListItem","position":2,"name":"Lorient : Quand le pilotage intelligent transforme le solaire en carburant prioritaire pour la mobilit\u00e9 \u00e9lectrique"}]},{"@type":"WebSite","@id":"https:\/\/www.les-energies-renouvelables.eu\/article\/actualites\/#website","url":"https:\/\/www.les-energies-renouvelables.eu\/article\/actualites\/","name":"ECOinfos Energies renouvelables","description":"Le d\u00e9cryptage quotidien du secteur des \u00e9nergies renouvelables","publisher":{"@id":"https:\/\/www.les-energies-renouvelables.eu\/article\/actualites\/#organization"},"potentialAction":[{"@type":"SearchAction","target":{"@type":"EntryPoint","urlTemplate":"https:\/\/www.les-energies-renouvelables.eu\/article\/actualites\/?s={search_term_string}"},"query-input":{"@type":"PropertyValueSpecification","valueRequired":true,"valueName":"search_term_string"}}],"inLanguage":"fr-FR"},{"@type":"Organization","@id":"https:\/\/www.les-energies-renouvelables.eu\/article\/actualites\/#organization","name":"ECOinfos Energies renouvelables","url":"https:\/\/www.les-energies-renouvelables.eu\/article\/actualites\/","logo":{"@type":"ImageObject","inLanguage":"fr-FR","@id":"https:\/\/www.les-energies-renouvelables.eu\/article\/actualites\/#\/schema\/logo\/image\/","url":"https:\/\/www.les-energies-renouvelables.eu\/article\/actualites\/wp-content\/uploads\/2025\/11\/ecoinfos.eldorado-consulting.com-logo-logo.svg","contentUrl":"https:\/\/www.les-energies-renouvelables.eu\/article\/actualites\/wp-content\/uploads\/2025\/11\/ecoinfos.eldorado-consulting.com-logo-logo.svg","caption":"ECOinfos Energies renouvelables"},"image":{"@id":"https:\/\/www.les-energies-renouvelables.eu\/article\/actualites\/#\/schema\/logo\/image\/"},"sameAs":["https:\/\/www.facebook.com\/ecoannuaire.energierenouvelable\/","https:\/\/x.com\/ECOinfosENR","https:\/\/www.linkedin.com\/company\/ecoinfos-energies-renouvelables\/","https:\/\/www.youtube.com\/@ecoinfosenergies","https:\/\/share.google\/dyKHJPxAV42WhhjbM"]},{"@type":"Person","@id":"https:\/\/www.les-energies-renouvelables.eu\/article\/actualites\/#\/schema\/person\/2c7d09eb5ca339c12ca8d86145440169","name":"Alexia JACQUARD","pronouns":"elle\/elle","image":{"@type":"ImageObject","inLanguage":"fr-FR","@id":"https:\/\/www.les-energies-renouvelables.eu\/article\/actualites\/#\/schema\/person\/image\/","url":"https:\/\/www.les-energies-renouvelables.eu\/article\/actualites\/wp-content\/uploads\/2026\/01\/actualites-alexia-jacquard-alexia-jacquard-160x160.jpg","contentUrl":"https:\/\/www.les-energies-renouvelables.eu\/article\/actualites\/wp-content\/uploads\/2026\/01\/actualites-alexia-jacquard-alexia-jacquard-160x160.jpg","caption":"Alexia JACQUARD"},"description":"Curieuse de nature et attentif aux enjeux du d\u00e9veloppement durable, Alexia Jacquard suit l'actualit\u00e9 des \u00e9nergies renouvelables pour partager les derni\u00e8res nouveaut\u00e9s du secteur. Elle s'attache \u00e0 retranscrire simplement les informations cl\u00e9s et les initiatives positives qui marquent la transition \u00e9nerg\u00e9tique. Son objectif : proposer des articles d'actualit\u00e9 clairs et accessibles pour tous ceux qui s'int\u00e9ressent \u00e0 l'avenir de notre \u00e9nergie.","sameAs":["https:\/\/alexia-jacquard.fr","https:\/\/www.facebook.com\/tictacf2c\/","https:\/\/www.instagram.com\/alexia_redac\/","https:\/\/www.linkedin.com\/in\/alexia-jacquard-449a4b289\/","https:\/\/fr.pinterest.com\/alexiajacquard\/","https:\/\/x.com\/alexiajcrd","https:\/\/www.youtube.com\/@Thepaindemie","https:\/\/muckrack.com\/alexia-jacquard"],"url":"https:\/\/www.les-energies-renouvelables.eu\/article\/actualites\/author\/alexia-jacquard\/"}]}},"_links":{"self":[{"href":"https:\/\/www.les-energies-renouvelables.eu\/article\/actualites\/wp-json\/wp\/v2\/posts\/393","targetHints":{"allow":["GET"]}}],"collection":[{"href":"https:\/\/www.les-energies-renouvelables.eu\/article\/actualites\/wp-json\/wp\/v2\/posts"}],"about":[{"href":"https:\/\/www.les-energies-renouvelables.eu\/article\/actualites\/wp-json\/wp\/v2\/types\/post"}],"author":[{"embeddable":true,"href":"https:\/\/www.les-energies-renouvelables.eu\/article\/actualites\/wp-json\/wp\/v2\/users\/2"}],"replies":[{"embeddable":true,"href":"https:\/\/www.les-energies-renouvelables.eu\/article\/actualites\/wp-json\/wp\/v2\/comments?post=393"}],"version-history":[{"count":1,"href":"https:\/\/www.les-energies-renouvelables.eu\/article\/actualites\/wp-json\/wp\/v2\/posts\/393\/revisions"}],"predecessor-version":[{"id":394,"href":"https:\/\/www.les-energies-renouvelables.eu\/article\/actualites\/wp-json\/wp\/v2\/posts\/393\/revisions\/394"}],"wp:featuredmedia":[{"embeddable":true,"href":"https:\/\/www.les-energies-renouvelables.eu\/article\/actualites\/wp-json\/wp\/v2\/media\/395"}],"wp:attachment":[{"href":"https:\/\/www.les-energies-renouvelables.eu\/article\/actualites\/wp-json\/wp\/v2\/media?parent=393"}],"wp:term":[{"taxonomy":"category","embeddable":true,"href":"https:\/\/www.les-energies-renouvelables.eu\/article\/actualites\/wp-json\/wp\/v2\/categories?post=393"},{"taxonomy":"post_tag","embeddable":true,"href":"https:\/\/www.les-energies-renouvelables.eu\/article\/actualites\/wp-json\/wp\/v2\/tags?post=393"}],"curies":[{"name":"wp","href":"https:\/\/api.w.org\/{rel}","templated":true}]}}