{"id":389,"date":"2026-02-25T08:00:00","date_gmt":"2026-02-25T07:00:00","guid":{"rendered":"https:\/\/www.les-energies-renouvelables.eu\/article\/actualites\/?p=389"},"modified":"2026-02-24T17:04:59","modified_gmt":"2026-02-24T16:04:59","slug":"hydrolien-en-france-entre-promesses-renouvelables-et-defis-concrets-de-deploiement","status":"publish","type":"post","link":"https:\/\/www.les-energies-renouvelables.eu\/article\/actualites\/energies\/hydrolien-en-france-entre-promesses-renouvelables-et-defis-concrets-de-deploiement-389\/","title":{"rendered":"Hydrolien en France : entre promesses renouvelables et d\u00e9fis concrets de d\u00e9ploiement"},"content":{"rendered":"\n<p>R\u00e9sum\u00e9 ;&nbsp;<\/p>\n\n\n\n<ul class=\"wp-block-list\">\n<li><strong>Gisement :<\/strong> Le <strong>raz Blanchard<\/strong> est souvent identifi\u00e9 par les experts comme l&rsquo;une des zones de courants les plus dynamiques d&rsquo;Europe.<\/li>\n\n\n\n<li><strong>Fermes :<\/strong> Les initiatives <strong>Flowatt<\/strong> (17,5 MW) et <strong>NH1<\/strong> (12 MW) sont en cours de d\u00e9veloppement selon les informations communiqu\u00e9es par les porteurs de projet.<\/li>\n\n\n\n<li><strong>PPE :<\/strong> Un objectif national de <strong>250 MW d&rsquo;hydrolien d&rsquo;ici 2030<\/strong> est fix\u00e9 par la Programmation Pluriannuelle de l&rsquo;\u00c9nergie.<\/li>\n\n\n\n<li><strong>D\u00e9fis :<\/strong> Une production souvent pr\u00e9sent\u00e9e comme plus r\u00e9guli\u00e8re que l&rsquo;\u00e9olien ou le solaire gr\u00e2ce aux mar\u00e9es, mais frein\u00e9e par l&rsquo;<strong>entretien en mer<\/strong> et les d\u00e9lais d&rsquo;autorisations.<\/li>\n<\/ul>\n\n\n\n<p>Situ\u00e9 entre le cap de la Hague (Manche) et l\u2019\u00eele anglo-normande d\u2019Aurigny, le raz Blanchard fait l&rsquo;objet de plusieurs exp\u00e9rimentations pilotes. Ce passage maritime abrite des <strong>courants de mar\u00e9e<\/strong> d&rsquo;une intensit\u00e9 rare, convoit\u00e9s pour l&rsquo;installation de <strong>turbines sous-marines<\/strong>. Ces machines utilisent la force cin\u00e9tique de l&rsquo;eau pour produire de l&rsquo;\u00e9lectricit\u00e9, selon un principe comparable \u00e0 celui de l&rsquo;\u00e9olien, mais en milieu immerg\u00e9.<\/p>\n\n\n\n<p>Si la technologie offre des perspectives en mati\u00e8re de r\u00e9gularit\u00e9, la fili\u00e8re fran\u00e7aise reste en stade de maturation. Apr\u00e8s plusieurs ann\u00e9es d&rsquo;essais, deux programmes s&rsquo;appr\u00eatent \u00e0 tester la viabilit\u00e9 de ce segment de la <strong>transition \u00e9nerg\u00e9tique<\/strong>, dans un contexte o\u00f9 les d\u00e9fis techniques et les contraintes \u00e9conomiques demeurent pr\u00e9pond\u00e9rants.<\/p>\n\n\n\n<h2 class=\"wp-block-heading\">Le raz Blanchard : un site majeur sous observation<\/h2>\n\n\n\n<p>Le potentiel hydrolien fran\u00e7ais est significatif : <em>Ouest-France<\/em> rapporte des estimations situ\u00e9es entre <strong>5 et 6 GW<\/strong>. L\u2019essentiel de cette ressource est concentr\u00e9 dans le raz Blanchard, une zone identifi\u00e9e par les acteurs du secteur comme un gisement central pour l&rsquo;<strong>\u00e9nergie cin\u00e9tique marine<\/strong> en France.<\/p>\n\n\n\n<p>L\u2019\u00c9tat a int\u00e9gr\u00e9 cette ressource dans sa strat\u00e9gie nationale via la <strong>Programmation Pluriannuelle de l\u2019\u00c9nergie (PPE)<\/strong>, qui fixe un objectif de 250 MW \u00e0 l\u2019horizon 2030. Ce signal politique doit permettre d&rsquo;envisager, \u00e0 terme, des appels d\u2019offres commerciaux pour d\u00e9passer le stade des d\u00e9monstrateurs isol\u00e9s.<\/p>\n\n\n\n<p>Sur le plan technique, l\u2019hydrolien est souvent d\u00e9crit comme plus facile \u00e0 planifier que l&rsquo;\u00e9olien ou le solaire. Les <strong>cycles de mar\u00e9e<\/strong> \u00e9tant connus \u00e0 l&rsquo;avance, la production apporte une <strong>pr\u00e9dictibilit\u00e9 accrue<\/strong> aux gestionnaires de r\u00e9seau, facilitant ainsi l&rsquo;int\u00e9gration de ces \u00e9nergies dans le mix global.<\/p>\n\n\n\n<h1 class=\"wp-block-heading\">Flowatt et NH1 : vers une amorce industrielle locale<\/h1>\n\n\n\n<p>Deux fermes pr\u00e9parent leur mise en \u0153uvre dans le raz Blanchard. La premi\u00e8re, <strong>Flowatt<\/strong>, est port\u00e9e par <strong>HydroQuest et Qair<\/strong> sur un p\u00e9rim\u00e8tre initialement attribu\u00e9 \u00e0 EDF Renouvelables, selon les informations publi\u00e9es par <em>Ouest-France<\/em>. Cette unit\u00e9 de 17,5 MW s&rsquo;appuiera sur des turbines \u00e0 axe vertical.<\/p>\n\n\n\n<p>La seconde, <strong>NH1<\/strong> (Normandie Hydrolienne), pr\u00e9voit une puissance de 12 MW. D&rsquo;apr\u00e8s les pr\u00e9visions de l&rsquo;entreprise relay\u00e9es par la presse locale, ce parc vise une production annuelle de <strong>34 GWh<\/strong>, ce qui pourrait repr\u00e9senter la consommation de <strong>15 000 foyers<\/strong>. L\u2019enjeu est \u00e9galement industriel : Normandie Hydrolienne estime que <strong>80 % de la valeur de construction<\/strong> pourrait \u00eatre sourc\u00e9e en France, mobilisant potentiellement 400 emplois chez les CMN de Cherbourg ou le groupe Efinor.<\/p>\n\n\n\n<p>Le financement reste le pivot de cette s\u00e9quence. Au printemps 2025, le projet NH1 a obtenu une subvention de <strong>31,3 millions d\u2019euros<\/strong>. Selon les d\u00e9cisions de financement publi\u00e9es par la Commission europ\u00e9enne, ce soutien est attribu\u00e9 via l\u2019<strong>Innovation Fund<\/strong>. Ce levier est jug\u00e9 indispensable pour franchir l&rsquo;\u00e9tape pr\u00e9-commerciale, o\u00f9 les co\u00fbts d&rsquo;investissement initial restent \u00e9lev\u00e9s.<\/p>\n\n\n\n<h2 class=\"wp-block-heading\">Les verrous concrets : technologie, entretien et r\u00e9glementation<\/h2>\n\n\n\n<p>Malgr\u00e9 ces avanc\u00e9es, la mont\u00e9e en puissance de l&rsquo;hydrolien rencontre des limites. Le milieu marin impose des contraintes s\u00e9v\u00e8res : <strong>corrosion<\/strong>, colonisation biologique des structures (<em>biofouling<\/em>) et force des flux. Les retours d&rsquo;exp\u00e9rience sur les sites d&rsquo;Ouessant ou de Paimpol-Br\u00e9hat ont mis en lumi\u00e8re la complexit\u00e9 des <strong>op\u00e9rations techniques en mer<\/strong>. Selon les acteurs interrog\u00e9s par <em>Ouest-France<\/em>, ces interventions sont on\u00e9reuses et d\u00e9pendent de fen\u00eatres m\u00e9t\u00e9orologiques restreintes, ce qui p\u00e8se sur la rentabilit\u00e9.<\/p>\n\n\n\n<p>Le <strong>co\u00fbt de l&rsquo;\u00e9nergie<\/strong> demeure un obstacle. Les acteurs du secteur indiquent qu&rsquo;il reste sup\u00e9rieur \u00e0 celui de l&rsquo;\u00e9olien en mer. Pour gagner en comp\u00e9titivit\u00e9, la fili\u00e8re cherche \u00e0 <strong>standardiser ses \u00e9quipements<\/strong> afin de r\u00e9duire les frais d&rsquo;installation par effet d&rsquo;\u00e9chelle.<\/p>\n\n\n\n<p>Enfin, le cadre r\u00e9glementaire et l&rsquo;acceptabilit\u00e9 sociale contribuent \u00e0 la lenteur du processus. Les <strong>d\u00e9lais d&rsquo;autorisation administrative<\/strong> et la n\u00e9cessaire concertation avec les usagers de la mer, notamment les p\u00eacheurs, allongent les calendriers. Bien que les machines soient invisibles depuis le littoral, la coactivit\u00e9 dans des zones de fort courant n\u00e9cessite des \u00e9tudes d&rsquo;impact approfondies pour documenter et encadrer les potentiels effets acoustiques ou environnementaux sous-marins.<\/p>\n\n\n\n<h2 class=\"wp-block-heading\">Un compl\u00e9ment planifiable pour le mix \u00e9nerg\u00e9tique<\/h2>\n\n\n\n<p>L\u2019hydrolien dispose d&rsquo;un int\u00e9r\u00eat sp\u00e9cifique : sa <strong>faible empreinte visuelle<\/strong>. Totalement immerg\u00e9es, les turbines ne modifient pas le paysage c\u00f4tier. Des travaux de suivi environnemental sont actuellement men\u00e9s pour pr\u00e9ciser les interactions avec l&rsquo;\u00e9cosyst\u00e8me et permettre une insertion encadr\u00e9e dans le milieu marin.<\/p>\n\n\n\n<p>La fili\u00e8re ne vise pas \u00e0 remplacer les sources d&rsquo;\u00e9nergie majeures, mais \u00e0 offrir un <strong>apport renouvelable stable<\/strong>. Dans une strat\u00e9gie de diversification, l&rsquo;hydrolien peut contribuer \u00e0 l&rsquo;\u00e9quilibre de l&rsquo;approvisionnement \u00e9lectrique national en compl\u00e9tant les \u00e9nergies renouvelables variables.L&rsquo;ann\u00e9e 2026 constitue une \u00e9tape significative pour l&rsquo;hydrolien fran\u00e7ais avec les cycles de d\u00e9veloppement pr\u00e9vus, selon les porteurs de projet, pour Flowatt et NH1. Le succ\u00e8s de ces fermes servira de <strong>test de viabilit\u00e9<\/strong> pour l&rsquo;ensemble du secteur. Si ces installations parviennent \u00e0 confirmer leur mod\u00e8le technique et \u00e9conomique, le raz Blanchard pourrait renforcer son r\u00f4le de site pilote majeur, ce qui pourrait conforter la place de cette <strong>\u00e9nergie pr\u00e9visible<\/strong> dans la transition \u00e9nerg\u00e9tique de la France.<\/p>\n","protected":false},"excerpt":{"rendered":"","protected":false},"author":2,"featured_media":391,"comment_status":"closed","ping_status":"closed","sticky":false,"template":"","format":"standard","meta":{"footnotes":""},"categories":[1],"tags":[],"class_list":["post-389","post","type-post","status-publish","format-standard","has-post-thumbnail","hentry","category-energies","masonry-post","generate-columns","tablet-grid-50","mobile-grid-100","grid-parent","grid-33"],"yoast_head":"<!-- This site is optimized with the Yoast SEO plugin v26.6 - https:\/\/yoast.com\/wordpress\/plugins\/seo\/ -->\n<title>Hydrolien en France : entre promesses renouvelables et d\u00e9fis concrets de d\u00e9ploiement - ECOinfos<\/title>\n<meta name=\"description\" content=\"\u00c9tat des lieux de la fili\u00e8re hydrolienne en France en 2026. Focus sur les fermes pilotes Flowatt et NH1 au raz Blanchard, les d\u00e9fis technologiques et les objectifs de la PPE.\" \/>\n<meta name=\"robots\" content=\"index, follow, max-snippet:-1, max-image-preview:large, max-video-preview:-1\" \/>\n<link rel=\"canonical\" href=\"https:\/\/www.les-energies-renouvelables.eu\/article\/actualites\/energies\/hydrolien-en-france-entre-promesses-renouvelables-et-defis-concrets-de-deploiement-389\/\" \/>\n<meta property=\"og:locale\" content=\"fr_FR\" \/>\n<meta property=\"og:type\" content=\"article\" \/>\n<meta property=\"og:title\" content=\"Hydrolien en France : entre promesses renouvelables et d\u00e9fis concrets de d\u00e9ploiement - ECOinfos\" \/>\n<meta property=\"og:description\" content=\"\u00c9tat des lieux de la fili\u00e8re hydrolienne en France en 2026. Focus sur les fermes pilotes Flowatt et NH1 au raz Blanchard, les d\u00e9fis technologiques et les objectifs de la PPE.\" \/>\n<meta property=\"og:url\" content=\"https:\/\/www.les-energies-renouvelables.eu\/article\/actualites\/energies\/hydrolien-en-france-entre-promesses-renouvelables-et-defis-concrets-de-deploiement-389\/\" \/>\n<meta property=\"og:site_name\" content=\"ECOinfos Energies renouvelables\" \/>\n<meta property=\"article:publisher\" content=\"https:\/\/www.facebook.com\/ecoannuaire.energierenouvelable\/\" \/>\n<meta property=\"article:author\" content=\"https:\/\/www.facebook.com\/tictacf2c\/\" \/>\n<meta property=\"article:published_time\" content=\"2026-02-25T07:00:00+00:00\" \/>\n<meta property=\"og:image\" content=\"https:\/\/www.les-energies-renouvelables.eu\/article\/actualites\/wp-content\/uploads\/2026\/02\/actualites-hydrolien-en-france-entre-promesses-renouvelables-et-defis-concrets-de-deploiement-hydrolien-france-raz-blanchard.jpg\" \/>\n\t<meta property=\"og:image:width\" content=\"1200\" \/>\n\t<meta property=\"og:image:height\" content=\"675\" \/>\n\t<meta property=\"og:image:type\" content=\"image\/jpeg\" \/>\n<meta name=\"author\" content=\"Alexia JACQUARD\" \/>\n<meta name=\"twitter:card\" content=\"summary_large_image\" \/>\n<meta name=\"twitter:creator\" content=\"@alexiajcrd\" \/>\n<meta name=\"twitter:site\" content=\"@ECOinfosENR\" \/>\n<meta name=\"twitter:label1\" content=\"\u00c9crit par\" \/>\n\t<meta name=\"twitter:data1\" content=\"Alexia JACQUARD\" \/>\n\t<meta name=\"twitter:label2\" content=\"Dur\u00e9e de lecture estim\u00e9e\" \/>\n\t<meta name=\"twitter:data2\" content=\"5 minutes\" \/>\n<script type=\"application\/ld+json\" class=\"yoast-schema-graph\">{\"@context\":\"https:\/\/schema.org\",\"@graph\":[{\"@type\":\"Article\",\"@id\":\"https:\/\/www.les-energies-renouvelables.eu\/article\/actualites\/energies\/hydrolien-en-france-entre-promesses-renouvelables-et-defis-concrets-de-deploiement-389\/#article\",\"isPartOf\":{\"@id\":\"https:\/\/www.les-energies-renouvelables.eu\/article\/actualites\/energies\/hydrolien-en-france-entre-promesses-renouvelables-et-defis-concrets-de-deploiement-389\/\"},\"author\":{\"name\":\"Alexia JACQUARD\",\"@id\":\"https:\/\/www.les-energies-renouvelables.eu\/article\/actualites\/#\/schema\/person\/2c7d09eb5ca339c12ca8d86145440169\"},\"headline\":\"Hydrolien en France : entre promesses renouvelables et d\u00e9fis concrets de d\u00e9ploiement\",\"datePublished\":\"2026-02-25T07:00:00+00:00\",\"mainEntityOfPage\":{\"@id\":\"https:\/\/www.les-energies-renouvelables.eu\/article\/actualites\/energies\/hydrolien-en-france-entre-promesses-renouvelables-et-defis-concrets-de-deploiement-389\/\"},\"wordCount\":1022,\"publisher\":{\"@id\":\"https:\/\/www.les-energies-renouvelables.eu\/article\/actualites\/#organization\"},\"image\":{\"@id\":\"https:\/\/www.les-energies-renouvelables.eu\/article\/actualites\/energies\/hydrolien-en-france-entre-promesses-renouvelables-et-defis-concrets-de-deploiement-389\/#primaryimage\"},\"thumbnailUrl\":\"https:\/\/www.les-energies-renouvelables.eu\/article\/actualites\/wp-content\/uploads\/2026\/02\/actualites-hydrolien-en-france-entre-promesses-renouvelables-et-defis-concrets-de-deploiement-hydrolien-france-raz-blanchard.jpg\",\"articleSection\":[\"\u00c9nergies\"],\"inLanguage\":\"fr-FR\"},{\"@type\":\"WebPage\",\"@id\":\"https:\/\/www.les-energies-renouvelables.eu\/article\/actualites\/energies\/hydrolien-en-france-entre-promesses-renouvelables-et-defis-concrets-de-deploiement-389\/\",\"url\":\"https:\/\/www.les-energies-renouvelables.eu\/article\/actualites\/energies\/hydrolien-en-france-entre-promesses-renouvelables-et-defis-concrets-de-deploiement-389\/\",\"name\":\"Hydrolien en France : entre promesses renouvelables et d\u00e9fis concrets de d\u00e9ploiement - ECOinfos\",\"isPartOf\":{\"@id\":\"https:\/\/www.les-energies-renouvelables.eu\/article\/actualites\/#website\"},\"primaryImageOfPage\":{\"@id\":\"https:\/\/www.les-energies-renouvelables.eu\/article\/actualites\/energies\/hydrolien-en-france-entre-promesses-renouvelables-et-defis-concrets-de-deploiement-389\/#primaryimage\"},\"image\":{\"@id\":\"https:\/\/www.les-energies-renouvelables.eu\/article\/actualites\/energies\/hydrolien-en-france-entre-promesses-renouvelables-et-defis-concrets-de-deploiement-389\/#primaryimage\"},\"thumbnailUrl\":\"https:\/\/www.les-energies-renouvelables.eu\/article\/actualites\/wp-content\/uploads\/2026\/02\/actualites-hydrolien-en-france-entre-promesses-renouvelables-et-defis-concrets-de-deploiement-hydrolien-france-raz-blanchard.jpg\",\"datePublished\":\"2026-02-25T07:00:00+00:00\",\"description\":\"\u00c9tat des lieux de la fili\u00e8re hydrolienne en France en 2026. Focus sur les fermes pilotes Flowatt et NH1 au raz Blanchard, les d\u00e9fis technologiques et les objectifs de la PPE.\",\"breadcrumb\":{\"@id\":\"https:\/\/www.les-energies-renouvelables.eu\/article\/actualites\/energies\/hydrolien-en-france-entre-promesses-renouvelables-et-defis-concrets-de-deploiement-389\/#breadcrumb\"},\"inLanguage\":\"fr-FR\",\"potentialAction\":[{\"@type\":\"ReadAction\",\"target\":[\"https:\/\/www.les-energies-renouvelables.eu\/article\/actualites\/energies\/hydrolien-en-france-entre-promesses-renouvelables-et-defis-concrets-de-deploiement-389\/\"]}]},{\"@type\":\"ImageObject\",\"inLanguage\":\"fr-FR\",\"@id\":\"https:\/\/www.les-energies-renouvelables.eu\/article\/actualites\/energies\/hydrolien-en-france-entre-promesses-renouvelables-et-defis-concrets-de-deploiement-389\/#primaryimage\",\"url\":\"https:\/\/www.les-energies-renouvelables.eu\/article\/actualites\/wp-content\/uploads\/2026\/02\/actualites-hydrolien-en-france-entre-promesses-renouvelables-et-defis-concrets-de-deploiement-hydrolien-france-raz-blanchard.jpg\",\"contentUrl\":\"https:\/\/www.les-energies-renouvelables.eu\/article\/actualites\/wp-content\/uploads\/2026\/02\/actualites-hydrolien-en-france-entre-promesses-renouvelables-et-defis-concrets-de-deploiement-hydrolien-france-raz-blanchard.jpg\",\"width\":1200,\"height\":675,\"caption\":\"Dall-E\"},{\"@type\":\"BreadcrumbList\",\"@id\":\"https:\/\/www.les-energies-renouvelables.eu\/article\/actualites\/energies\/hydrolien-en-france-entre-promesses-renouvelables-et-defis-concrets-de-deploiement-389\/#breadcrumb\",\"itemListElement\":[{\"@type\":\"ListItem\",\"position\":1,\"name\":\"Accueil\",\"item\":\"https:\/\/www.les-energies-renouvelables.eu\/article\/actualites\/\"},{\"@type\":\"ListItem\",\"position\":2,\"name\":\"Hydrolien en France : entre promesses renouvelables et d\u00e9fis concrets de d\u00e9ploiement\"}]},{\"@type\":\"WebSite\",\"@id\":\"https:\/\/www.les-energies-renouvelables.eu\/article\/actualites\/#website\",\"url\":\"https:\/\/www.les-energies-renouvelables.eu\/article\/actualites\/\",\"name\":\"ECOinfos Energies renouvelables\",\"description\":\"Le d\u00e9cryptage quotidien du secteur des \u00e9nergies renouvelables\",\"publisher\":{\"@id\":\"https:\/\/www.les-energies-renouvelables.eu\/article\/actualites\/#organization\"},\"potentialAction\":[{\"@type\":\"SearchAction\",\"target\":{\"@type\":\"EntryPoint\",\"urlTemplate\":\"https:\/\/www.les-energies-renouvelables.eu\/article\/actualites\/?s={search_term_string}\"},\"query-input\":{\"@type\":\"PropertyValueSpecification\",\"valueRequired\":true,\"valueName\":\"search_term_string\"}}],\"inLanguage\":\"fr-FR\"},{\"@type\":\"Organization\",\"@id\":\"https:\/\/www.les-energies-renouvelables.eu\/article\/actualites\/#organization\",\"name\":\"ECOinfos Energies renouvelables\",\"url\":\"https:\/\/www.les-energies-renouvelables.eu\/article\/actualites\/\",\"logo\":{\"@type\":\"ImageObject\",\"inLanguage\":\"fr-FR\",\"@id\":\"https:\/\/www.les-energies-renouvelables.eu\/article\/actualites\/#\/schema\/logo\/image\/\",\"url\":\"https:\/\/www.les-energies-renouvelables.eu\/article\/actualites\/wp-content\/uploads\/2025\/11\/ecoinfos.eldorado-consulting.com-logo-logo.svg\",\"contentUrl\":\"https:\/\/www.les-energies-renouvelables.eu\/article\/actualites\/wp-content\/uploads\/2025\/11\/ecoinfos.eldorado-consulting.com-logo-logo.svg\",\"caption\":\"ECOinfos Energies renouvelables\"},\"image\":{\"@id\":\"https:\/\/www.les-energies-renouvelables.eu\/article\/actualites\/#\/schema\/logo\/image\/\"},\"sameAs\":[\"https:\/\/www.facebook.com\/ecoannuaire.energierenouvelable\/\",\"https:\/\/x.com\/ECOinfosENR\",\"https:\/\/www.linkedin.com\/company\/ecoinfos-energies-renouvelables\/\",\"https:\/\/www.youtube.com\/@ecoinfosenergies\",\"https:\/\/share.google\/dyKHJPxAV42WhhjbM\"]},{\"@type\":\"Person\",\"@id\":\"https:\/\/www.les-energies-renouvelables.eu\/article\/actualites\/#\/schema\/person\/2c7d09eb5ca339c12ca8d86145440169\",\"name\":\"Alexia JACQUARD\",\"pronouns\":\"elle\/elle\",\"image\":{\"@type\":\"ImageObject\",\"inLanguage\":\"fr-FR\",\"@id\":\"https:\/\/www.les-energies-renouvelables.eu\/article\/actualites\/#\/schema\/person\/image\/\",\"url\":\"https:\/\/www.les-energies-renouvelables.eu\/article\/actualites\/wp-content\/uploads\/2026\/01\/actualites-alexia-jacquard-alexia-jacquard-160x160.jpg\",\"contentUrl\":\"https:\/\/www.les-energies-renouvelables.eu\/article\/actualites\/wp-content\/uploads\/2026\/01\/actualites-alexia-jacquard-alexia-jacquard-160x160.jpg\",\"caption\":\"Alexia JACQUARD\"},\"description\":\"Curieuse de nature et attentif aux enjeux du d\u00e9veloppement durable, Alexia Jacquard suit l'actualit\u00e9 des \u00e9nergies renouvelables pour partager les derni\u00e8res nouveaut\u00e9s du secteur. Elle s'attache \u00e0 retranscrire simplement les informations cl\u00e9s et les initiatives positives qui marquent la transition \u00e9nerg\u00e9tique. Son objectif : proposer des articles d'actualit\u00e9 clairs et accessibles pour tous ceux qui s'int\u00e9ressent \u00e0 l'avenir de notre \u00e9nergie.\",\"sameAs\":[\"https:\/\/alexia-jacquard.fr\",\"https:\/\/www.facebook.com\/tictacf2c\/\",\"https:\/\/www.instagram.com\/alexia_redac\/\",\"https:\/\/www.linkedin.com\/in\/alexia-jacquard-449a4b289\/\",\"https:\/\/fr.pinterest.com\/alexiajacquard\/\",\"https:\/\/x.com\/alexiajcrd\",\"https:\/\/www.youtube.com\/@Thepaindemie\",\"https:\/\/muckrack.com\/alexia-jacquard\"],\"url\":\"https:\/\/www.les-energies-renouvelables.eu\/article\/actualites\/author\/alexia-jacquard\/\"}]}<\/script>\n<!-- \/ Yoast SEO plugin. -->","yoast_head_json":{"title":"Hydrolien en France : entre promesses renouvelables et d\u00e9fis concrets de d\u00e9ploiement - ECOinfos","description":"\u00c9tat des lieux de la fili\u00e8re hydrolienne en France en 2026. Focus sur les fermes pilotes Flowatt et NH1 au raz Blanchard, les d\u00e9fis technologiques et les objectifs de la PPE.","robots":{"index":"index","follow":"follow","max-snippet":"max-snippet:-1","max-image-preview":"max-image-preview:large","max-video-preview":"max-video-preview:-1"},"canonical":"https:\/\/www.les-energies-renouvelables.eu\/article\/actualites\/energies\/hydrolien-en-france-entre-promesses-renouvelables-et-defis-concrets-de-deploiement-389\/","og_locale":"fr_FR","og_type":"article","og_title":"Hydrolien en France : entre promesses renouvelables et d\u00e9fis concrets de d\u00e9ploiement - ECOinfos","og_description":"\u00c9tat des lieux de la fili\u00e8re hydrolienne en France en 2026. Focus sur les fermes pilotes Flowatt et NH1 au raz Blanchard, les d\u00e9fis technologiques et les objectifs de la PPE.","og_url":"https:\/\/www.les-energies-renouvelables.eu\/article\/actualites\/energies\/hydrolien-en-france-entre-promesses-renouvelables-et-defis-concrets-de-deploiement-389\/","og_site_name":"ECOinfos Energies renouvelables","article_publisher":"https:\/\/www.facebook.com\/ecoannuaire.energierenouvelable\/","article_author":"https:\/\/www.facebook.com\/tictacf2c\/","article_published_time":"2026-02-25T07:00:00+00:00","og_image":[{"width":1200,"height":675,"url":"https:\/\/www.les-energies-renouvelables.eu\/article\/actualites\/wp-content\/uploads\/2026\/02\/actualites-hydrolien-en-france-entre-promesses-renouvelables-et-defis-concrets-de-deploiement-hydrolien-france-raz-blanchard.jpg","type":"image\/jpeg"}],"author":"Alexia JACQUARD","twitter_card":"summary_large_image","twitter_creator":"@alexiajcrd","twitter_site":"@ECOinfosENR","twitter_misc":{"\u00c9crit par":"Alexia JACQUARD","Dur\u00e9e de lecture estim\u00e9e":"5 minutes"},"schema":{"@context":"https:\/\/schema.org","@graph":[{"@type":"Article","@id":"https:\/\/www.les-energies-renouvelables.eu\/article\/actualites\/energies\/hydrolien-en-france-entre-promesses-renouvelables-et-defis-concrets-de-deploiement-389\/#article","isPartOf":{"@id":"https:\/\/www.les-energies-renouvelables.eu\/article\/actualites\/energies\/hydrolien-en-france-entre-promesses-renouvelables-et-defis-concrets-de-deploiement-389\/"},"author":{"name":"Alexia JACQUARD","@id":"https:\/\/www.les-energies-renouvelables.eu\/article\/actualites\/#\/schema\/person\/2c7d09eb5ca339c12ca8d86145440169"},"headline":"Hydrolien en France : entre promesses renouvelables et d\u00e9fis concrets de d\u00e9ploiement","datePublished":"2026-02-25T07:00:00+00:00","mainEntityOfPage":{"@id":"https:\/\/www.les-energies-renouvelables.eu\/article\/actualites\/energies\/hydrolien-en-france-entre-promesses-renouvelables-et-defis-concrets-de-deploiement-389\/"},"wordCount":1022,"publisher":{"@id":"https:\/\/www.les-energies-renouvelables.eu\/article\/actualites\/#organization"},"image":{"@id":"https:\/\/www.les-energies-renouvelables.eu\/article\/actualites\/energies\/hydrolien-en-france-entre-promesses-renouvelables-et-defis-concrets-de-deploiement-389\/#primaryimage"},"thumbnailUrl":"https:\/\/www.les-energies-renouvelables.eu\/article\/actualites\/wp-content\/uploads\/2026\/02\/actualites-hydrolien-en-france-entre-promesses-renouvelables-et-defis-concrets-de-deploiement-hydrolien-france-raz-blanchard.jpg","articleSection":["\u00c9nergies"],"inLanguage":"fr-FR"},{"@type":"WebPage","@id":"https:\/\/www.les-energies-renouvelables.eu\/article\/actualites\/energies\/hydrolien-en-france-entre-promesses-renouvelables-et-defis-concrets-de-deploiement-389\/","url":"https:\/\/www.les-energies-renouvelables.eu\/article\/actualites\/energies\/hydrolien-en-france-entre-promesses-renouvelables-et-defis-concrets-de-deploiement-389\/","name":"Hydrolien en France : entre promesses renouvelables et d\u00e9fis concrets de d\u00e9ploiement - ECOinfos","isPartOf":{"@id":"https:\/\/www.les-energies-renouvelables.eu\/article\/actualites\/#website"},"primaryImageOfPage":{"@id":"https:\/\/www.les-energies-renouvelables.eu\/article\/actualites\/energies\/hydrolien-en-france-entre-promesses-renouvelables-et-defis-concrets-de-deploiement-389\/#primaryimage"},"image":{"@id":"https:\/\/www.les-energies-renouvelables.eu\/article\/actualites\/energies\/hydrolien-en-france-entre-promesses-renouvelables-et-defis-concrets-de-deploiement-389\/#primaryimage"},"thumbnailUrl":"https:\/\/www.les-energies-renouvelables.eu\/article\/actualites\/wp-content\/uploads\/2026\/02\/actualites-hydrolien-en-france-entre-promesses-renouvelables-et-defis-concrets-de-deploiement-hydrolien-france-raz-blanchard.jpg","datePublished":"2026-02-25T07:00:00+00:00","description":"\u00c9tat des lieux de la fili\u00e8re hydrolienne en France en 2026. Focus sur les fermes pilotes Flowatt et NH1 au raz Blanchard, les d\u00e9fis technologiques et les objectifs de la PPE.","breadcrumb":{"@id":"https:\/\/www.les-energies-renouvelables.eu\/article\/actualites\/energies\/hydrolien-en-france-entre-promesses-renouvelables-et-defis-concrets-de-deploiement-389\/#breadcrumb"},"inLanguage":"fr-FR","potentialAction":[{"@type":"ReadAction","target":["https:\/\/www.les-energies-renouvelables.eu\/article\/actualites\/energies\/hydrolien-en-france-entre-promesses-renouvelables-et-defis-concrets-de-deploiement-389\/"]}]},{"@type":"ImageObject","inLanguage":"fr-FR","@id":"https:\/\/www.les-energies-renouvelables.eu\/article\/actualites\/energies\/hydrolien-en-france-entre-promesses-renouvelables-et-defis-concrets-de-deploiement-389\/#primaryimage","url":"https:\/\/www.les-energies-renouvelables.eu\/article\/actualites\/wp-content\/uploads\/2026\/02\/actualites-hydrolien-en-france-entre-promesses-renouvelables-et-defis-concrets-de-deploiement-hydrolien-france-raz-blanchard.jpg","contentUrl":"https:\/\/www.les-energies-renouvelables.eu\/article\/actualites\/wp-content\/uploads\/2026\/02\/actualites-hydrolien-en-france-entre-promesses-renouvelables-et-defis-concrets-de-deploiement-hydrolien-france-raz-blanchard.jpg","width":1200,"height":675,"caption":"Dall-E"},{"@type":"BreadcrumbList","@id":"https:\/\/www.les-energies-renouvelables.eu\/article\/actualites\/energies\/hydrolien-en-france-entre-promesses-renouvelables-et-defis-concrets-de-deploiement-389\/#breadcrumb","itemListElement":[{"@type":"ListItem","position":1,"name":"Accueil","item":"https:\/\/www.les-energies-renouvelables.eu\/article\/actualites\/"},{"@type":"ListItem","position":2,"name":"Hydrolien en France : entre promesses renouvelables et d\u00e9fis concrets de d\u00e9ploiement"}]},{"@type":"WebSite","@id":"https:\/\/www.les-energies-renouvelables.eu\/article\/actualites\/#website","url":"https:\/\/www.les-energies-renouvelables.eu\/article\/actualites\/","name":"ECOinfos Energies renouvelables","description":"Le d\u00e9cryptage quotidien du secteur des \u00e9nergies renouvelables","publisher":{"@id":"https:\/\/www.les-energies-renouvelables.eu\/article\/actualites\/#organization"},"potentialAction":[{"@type":"SearchAction","target":{"@type":"EntryPoint","urlTemplate":"https:\/\/www.les-energies-renouvelables.eu\/article\/actualites\/?s={search_term_string}"},"query-input":{"@type":"PropertyValueSpecification","valueRequired":true,"valueName":"search_term_string"}}],"inLanguage":"fr-FR"},{"@type":"Organization","@id":"https:\/\/www.les-energies-renouvelables.eu\/article\/actualites\/#organization","name":"ECOinfos Energies renouvelables","url":"https:\/\/www.les-energies-renouvelables.eu\/article\/actualites\/","logo":{"@type":"ImageObject","inLanguage":"fr-FR","@id":"https:\/\/www.les-energies-renouvelables.eu\/article\/actualites\/#\/schema\/logo\/image\/","url":"https:\/\/www.les-energies-renouvelables.eu\/article\/actualites\/wp-content\/uploads\/2025\/11\/ecoinfos.eldorado-consulting.com-logo-logo.svg","contentUrl":"https:\/\/www.les-energies-renouvelables.eu\/article\/actualites\/wp-content\/uploads\/2025\/11\/ecoinfos.eldorado-consulting.com-logo-logo.svg","caption":"ECOinfos Energies renouvelables"},"image":{"@id":"https:\/\/www.les-energies-renouvelables.eu\/article\/actualites\/#\/schema\/logo\/image\/"},"sameAs":["https:\/\/www.facebook.com\/ecoannuaire.energierenouvelable\/","https:\/\/x.com\/ECOinfosENR","https:\/\/www.linkedin.com\/company\/ecoinfos-energies-renouvelables\/","https:\/\/www.youtube.com\/@ecoinfosenergies","https:\/\/share.google\/dyKHJPxAV42WhhjbM"]},{"@type":"Person","@id":"https:\/\/www.les-energies-renouvelables.eu\/article\/actualites\/#\/schema\/person\/2c7d09eb5ca339c12ca8d86145440169","name":"Alexia JACQUARD","pronouns":"elle\/elle","image":{"@type":"ImageObject","inLanguage":"fr-FR","@id":"https:\/\/www.les-energies-renouvelables.eu\/article\/actualites\/#\/schema\/person\/image\/","url":"https:\/\/www.les-energies-renouvelables.eu\/article\/actualites\/wp-content\/uploads\/2026\/01\/actualites-alexia-jacquard-alexia-jacquard-160x160.jpg","contentUrl":"https:\/\/www.les-energies-renouvelables.eu\/article\/actualites\/wp-content\/uploads\/2026\/01\/actualites-alexia-jacquard-alexia-jacquard-160x160.jpg","caption":"Alexia JACQUARD"},"description":"Curieuse de nature et attentif aux enjeux du d\u00e9veloppement durable, Alexia Jacquard suit l'actualit\u00e9 des \u00e9nergies renouvelables pour partager les derni\u00e8res nouveaut\u00e9s du secteur. Elle s'attache \u00e0 retranscrire simplement les informations cl\u00e9s et les initiatives positives qui marquent la transition \u00e9nerg\u00e9tique. Son objectif : proposer des articles d'actualit\u00e9 clairs et accessibles pour tous ceux qui s'int\u00e9ressent \u00e0 l'avenir de notre \u00e9nergie.","sameAs":["https:\/\/alexia-jacquard.fr","https:\/\/www.facebook.com\/tictacf2c\/","https:\/\/www.instagram.com\/alexia_redac\/","https:\/\/www.linkedin.com\/in\/alexia-jacquard-449a4b289\/","https:\/\/fr.pinterest.com\/alexiajacquard\/","https:\/\/x.com\/alexiajcrd","https:\/\/www.youtube.com\/@Thepaindemie","https:\/\/muckrack.com\/alexia-jacquard"],"url":"https:\/\/www.les-energies-renouvelables.eu\/article\/actualites\/author\/alexia-jacquard\/"}]}},"_links":{"self":[{"href":"https:\/\/www.les-energies-renouvelables.eu\/article\/actualites\/wp-json\/wp\/v2\/posts\/389","targetHints":{"allow":["GET"]}}],"collection":[{"href":"https:\/\/www.les-energies-renouvelables.eu\/article\/actualites\/wp-json\/wp\/v2\/posts"}],"about":[{"href":"https:\/\/www.les-energies-renouvelables.eu\/article\/actualites\/wp-json\/wp\/v2\/types\/post"}],"author":[{"embeddable":true,"href":"https:\/\/www.les-energies-renouvelables.eu\/article\/actualites\/wp-json\/wp\/v2\/users\/2"}],"replies":[{"embeddable":true,"href":"https:\/\/www.les-energies-renouvelables.eu\/article\/actualites\/wp-json\/wp\/v2\/comments?post=389"}],"version-history":[{"count":1,"href":"https:\/\/www.les-energies-renouvelables.eu\/article\/actualites\/wp-json\/wp\/v2\/posts\/389\/revisions"}],"predecessor-version":[{"id":390,"href":"https:\/\/www.les-energies-renouvelables.eu\/article\/actualites\/wp-json\/wp\/v2\/posts\/389\/revisions\/390"}],"wp:featuredmedia":[{"embeddable":true,"href":"https:\/\/www.les-energies-renouvelables.eu\/article\/actualites\/wp-json\/wp\/v2\/media\/391"}],"wp:attachment":[{"href":"https:\/\/www.les-energies-renouvelables.eu\/article\/actualites\/wp-json\/wp\/v2\/media?parent=389"}],"wp:term":[{"taxonomy":"category","embeddable":true,"href":"https:\/\/www.les-energies-renouvelables.eu\/article\/actualites\/wp-json\/wp\/v2\/categories?post=389"},{"taxonomy":"post_tag","embeddable":true,"href":"https:\/\/www.les-energies-renouvelables.eu\/article\/actualites\/wp-json\/wp\/v2\/tags?post=389"}],"curies":[{"name":"wp","href":"https:\/\/api.w.org\/{rel}","templated":true}]}}