{"id":380,"date":"2026-02-22T08:00:00","date_gmt":"2026-02-22T07:00:00","guid":{"rendered":"https:\/\/www.les-energies-renouvelables.eu\/article\/actualites\/?p=380"},"modified":"2026-02-22T23:23:05","modified_gmt":"2026-02-22T22:23:05","slug":"sous-les-panneaux-solaires-que-devient-reellement-le-sol","status":"publish","type":"post","link":"https:\/\/www.les-energies-renouvelables.eu\/article\/actualites\/energies\/sous-les-panneaux-solaires-que-devient-reellement-le-sol-380\/","title":{"rendered":"Sous les panneaux solaires, que devient r\u00e9ellement le sol ?"},"content":{"rendered":"\n<p>R\u00e9sum\u00e9 :&nbsp;<\/p>\n\n\n\n<ul class=\"wp-block-list\">\n<li><strong>R\u00e9gulation thermique :<\/strong> L\u2019ombrage att\u00e9nue les \u00e9carts de temp\u00e9rature au sol, ce qui peut limiter <strong>l&rsquo;\u00e9vapotranspiration<\/strong> selon les conditions locales.<\/li>\n\n\n\n<li><strong>H\u00e9t\u00e9rog\u00e9n\u00e9it\u00e9 de l&rsquo;eau :<\/strong> Les zones sous panneaux sont souvent d\u00e9crites comme plus s\u00e8ches, tandis que l\u2019eau peut localement s&rsquo;accumuler au niveau des <strong>lignes d\u2019\u00e9gouttement<\/strong>.<\/li>\n\n\n\n<li><strong>Indicateurs de suivi :<\/strong> L&rsquo;activit\u00e9 microbienne et le taux de <strong>carbone organique<\/strong> sont des marqueurs pr\u00e9coces \u00e0 surveiller pour garantir le maintien des fonctions biologiques.<\/li>\n<\/ul>\n\n\n\n<p>L&rsquo;agrivolta\u00efsme a longtemps \u00e9t\u00e9 analys\u00e9 sous l&rsquo;angle du partage de l&rsquo;espace. Cependant, une perspective plus r\u00e9cente, faisant l&rsquo;objet de relais journalistiques sp\u00e9cialis\u00e9s (notamment par <em>pv magazine<\/em>), s&rsquo;int\u00e9resse aux interactions entre les infrastructures et le fonctionnement biologique du sol.<\/p>\n\n\n\n<p>Une \u00e9quipe de chercheurs dirig\u00e9e par <strong>Budiman Minasny<\/strong> a publi\u00e9 dans la revue internationale <em>Advances in Agronomy<\/em> une compilation intitul\u00e9e <em>\u00ab\u00a0Impacts of agrivoltaic systems on soil properties and pedogenesis\u00a0\u00bb<\/em>. Ce travail regroupe les r\u00e9sultats de nombreuses observations men\u00e9es dans des contextes mondiaux vari\u00e9s pour identifier les effets relev\u00e9s dans la litt\u00e9rature sur les processus fondamentaux des terres agricoles, tels que les cycles du carbone et de l&rsquo;eau.<\/p>\n\n\n\n<h2 class=\"wp-block-heading\">Microclimat : des conditions modifi\u00e9es par l&rsquo;ombrage<\/h2>\n\n\n\n<h3 class=\"wp-block-heading\">R\u00e9gulation thermique<\/h3>\n\n\n\n<p>La revue scientifique indique que les sols situ\u00e9s sous les panneaux photovolta\u00efques pr\u00e9sentent souvent une att\u00e9nuation de la <strong>plage thermique journali\u00e8re<\/strong>. En limitant l&rsquo;exposition directe, l&rsquo;ombrage diminue la temp\u00e9rature de surface lors des pics de chaleur. Selon les situations, cet effet peut r\u00e9duire le <strong>stress radiatif<\/strong> des cultures, bien que l&rsquo;impact global d\u00e9pende de la hauteur des structures et de la circulation de l&rsquo;air.<\/p>\n\n\n\n<h3 class=\"wp-block-heading\">La redistribution de l&rsquo;humidit\u00e9<\/h3>\n\n\n\n<p>Les \u00e9tudes recens\u00e9es rapportent des r\u00e9sultats parfois contrast\u00e9s sur l&rsquo;\u00e9tat hydrique des parcelles. Selon l&rsquo;analyse de Budiman Minasny, ces divergences s&rsquo;expliquent souvent par la dur\u00e9e des suivis ou la pr\u00e9sence d&rsquo;irrigation. Dans de nombreux cas, les sols situ\u00e9s directement sous les panneaux pr\u00e9sentent fr\u00e9quemment une <strong>humidit\u00e9 plus faible<\/strong> que les zones t\u00e9moins.<\/p>\n\n\n\n<p>L&rsquo;interception des pr\u00e9cipitations par les modules cr\u00e9e trois dynamiques distinctes :<\/p>\n\n\n\n<ol class=\"wp-block-list\">\n<li><strong>Zones abrit\u00e9es :<\/strong> Sous les modules, o\u00f9 les pluies sont r\u00e9duites.<\/li>\n\n\n\n<li><strong>Lignes d\u2019\u00e9gouttement :<\/strong> O\u00f9 l&rsquo;eau se concentre, pouvant localement augmenter les apports par rapport aux zones non couvertes.<\/li>\n\n\n\n<li><strong>Zones inter-rangs :<\/strong> Qui conservent souvent, dans plusieurs suivis de parcelles, un r\u00e9gime hydrique proche de celui des zones non couvertes.<\/li>\n<\/ol>\n\n\n\n<h2 class=\"wp-block-heading\">La vie invisible du sol : un \u00e9cosyst\u00e8me en mutation<\/h2>\n\n\n\n<p>L&rsquo;ombrage et la redistribution de l&rsquo;eau influencent l&rsquo;activit\u00e9 des <strong>communaut\u00e9s microbiennes<\/strong>. Selon les suivis analys\u00e9s, les zones situ\u00e9es strictement sous les panneaux peuvent pr\u00e9senter un taux de carbone organique et une activit\u00e9 microbienne inf\u00e9rieurs aux espaces inter-rangs. \u00c0 l&rsquo;inverse, ces derniers maintiennent des niveaux de <strong>biomasse microbienne<\/strong> plus \u00e9lev\u00e9s.<\/p>\n\n\n\n<p>Le rapport mentionne \u00e9galement des points de vigilance physiques et chimiques, variables selon les contextes p\u00e9doclimatiques :<\/p>\n\n\n\n<ul class=\"wp-block-list\">\n<li><strong>Compactage :<\/strong> Un risque identifi\u00e9 principalement lors de la phase de chantier.<\/li>\n\n\n\n<li><strong>\u00c9quilibres chimiques :<\/strong> Des variations de <strong>pH<\/strong> ou de <strong>salinit\u00e9<\/strong> ont \u00e9t\u00e9 observ\u00e9es localement, notamment en raison d&rsquo;un lessivage r\u00e9duit sous les modules dans les zones arides ou sensibles aux sels.<\/li>\n<\/ul>\n\n\n\n<h2 class=\"wp-block-heading\">Implications pour les projets en France : adapter la conception<\/h2>\n\n\n\n<p>L&rsquo;orientation, la hauteur et la mobilit\u00e9 des panneaux comptent parmi les principaux leviers pour minimiser les \u00e9carts d&rsquo;humidit\u00e9. Les syst\u00e8mes de <strong>suivi solaire (trackers)<\/strong> constituent une option technique pouvant contribuer \u00e0 limiter l\u2019ombre fixe et \u00e0 r\u00e9duire certaines h\u00e9t\u00e9rog\u00e9n\u00e9it\u00e9s de microclimat sur la parcelle.<\/p>\n\n\n\n<p>Pour les acteurs du secteur en France, l&rsquo;enjeu consiste \u00e0 int\u00e9grer l&rsquo;agrivolta\u00efsme comme un facteur potentiel de <strong>r\u00e9silience <\/strong>face aux al\u00e9as climatiques. Cependant, ces b\u00e9n\u00e9fices ne sont pas syst\u00e9matiques : ils d\u00e9pendent \u00e9troitement du bin\u00f4me culture-climat et des pratiques de gestion agricole (travail du sol, irrigation, rotation).<\/p>\n\n\n\n<p>Les donn\u00e9es actuelles indiquent que l&rsquo;agrivolta\u00efsme modifie certains facteurs cl\u00e9s du fonctionnement des sols. Pour que cette compl\u00e9mentarit\u00e9 favorise une agriculture durable, un suivi dans la dur\u00e9e de l&rsquo;\u00e9tat des parcelles est n\u00e9cessaire.<\/p>\n\n\n\n<p>L&rsquo;utilisation de <strong>bio-indicateurs<\/strong> (activit\u00e9 microbienne, faune du sol) permet de distinguer les effets passagers des \u00e9volutions structurelles. Si les impacts \u00e0 tr\u00e8s long terme restent un champ de recherche ouvert, une conception adapt\u00e9e peut contribuer \u00e0 pr\u00e9server la qualit\u00e9 des terres tout en produisant une <strong>\u00e9nergie d\u00e9carbon\u00e9e<\/strong>.<\/p>\n\n\n\n<p><strong><em>Sources :<\/em><\/strong><em> Cet article s&rsquo;appuie sur la revue de litt\u00e9rature de Minasny, B. et al., \u00ab\u00a0Impacts of agrivoltaic systems on soil properties and pedogenesis\u00a0\u00bb, in Advances in Agronomy (Vol. 196, 2026, pp. 1-33, DOI: 10.1016\/bs.agron.2025.11.001), ainsi que sur l&rsquo;analyse \u00ab\u00a0L\u2019impact de l\u2019agrivolta\u00efsme sur les propri\u00e9t\u00e9s des sols\u00a0\u00bb publi\u00e9e par pv magazine France le 20 f\u00e9vrier 2026.<\/em><\/p>\n","protected":false},"excerpt":{"rendered":"","protected":false},"author":2,"featured_media":382,"comment_status":"closed","ping_status":"closed","sticky":false,"template":"","format":"standard","meta":{"footnotes":""},"categories":[1],"tags":[],"class_list":["post-380","post","type-post","status-publish","format-standard","has-post-thumbnail","hentry","category-energies","masonry-post","generate-columns","tablet-grid-50","mobile-grid-100","grid-parent","grid-33"],"yoast_head":"<!-- This site is optimized with the Yoast SEO plugin v26.6 - https:\/\/yoast.com\/wordpress\/plugins\/seo\/ -->\n<title>Sous les panneaux solaires, que devient r\u00e9ellement le sol ? - ECOinfos<\/title>\n<meta name=\"description\" content=\"L\u2019agrivolta\u00efsme modifie-t-il la qualit\u00e9 des terres ? D\u00e9couvrez ce que disent les derni\u00e8res \u00e9tudes scientifiques (2026) sur l&#039;humidit\u00e9, la temp\u00e9rature et la vie microbienne sous les panneaux.\" \/>\n<meta name=\"robots\" content=\"index, follow, max-snippet:-1, max-image-preview:large, max-video-preview:-1\" \/>\n<link rel=\"canonical\" href=\"https:\/\/www.les-energies-renouvelables.eu\/article\/actualites\/energies\/sous-les-panneaux-solaires-que-devient-reellement-le-sol-380\/\" \/>\n<meta property=\"og:locale\" content=\"fr_FR\" \/>\n<meta property=\"og:type\" content=\"article\" \/>\n<meta property=\"og:title\" content=\"Sous les panneaux solaires, que devient r\u00e9ellement le sol ? - ECOinfos\" \/>\n<meta property=\"og:description\" content=\"L\u2019agrivolta\u00efsme modifie-t-il la qualit\u00e9 des terres ? D\u00e9couvrez ce que disent les derni\u00e8res \u00e9tudes scientifiques (2026) sur l&#039;humidit\u00e9, la temp\u00e9rature et la vie microbienne sous les panneaux.\" \/>\n<meta property=\"og:url\" content=\"https:\/\/www.les-energies-renouvelables.eu\/article\/actualites\/energies\/sous-les-panneaux-solaires-que-devient-reellement-le-sol-380\/\" \/>\n<meta property=\"og:site_name\" content=\"ECOinfos Energies renouvelables\" \/>\n<meta property=\"article:publisher\" content=\"https:\/\/www.facebook.com\/ecoannuaire.energierenouvelable\/\" \/>\n<meta property=\"article:author\" content=\"https:\/\/www.facebook.com\/tictacf2c\/\" \/>\n<meta property=\"article:published_time\" content=\"2026-02-22T07:00:00+00:00\" \/>\n<meta property=\"article:modified_time\" content=\"2026-02-22T22:23:05+00:00\" \/>\n<meta property=\"og:image\" content=\"https:\/\/www.les-energies-renouvelables.eu\/article\/actualites\/wp-content\/uploads\/2026\/02\/actualites-sous-les-panneaux-solaires-que-devient-reellement-le-sol-effets-de-lagrivoltaisme-sur-les-sols.jpg\" \/>\n\t<meta property=\"og:image:width\" content=\"1200\" \/>\n\t<meta property=\"og:image:height\" content=\"675\" \/>\n\t<meta property=\"og:image:type\" content=\"image\/jpeg\" \/>\n<meta name=\"author\" content=\"Alexia JACQUARD\" \/>\n<meta name=\"twitter:card\" content=\"summary_large_image\" \/>\n<meta name=\"twitter:creator\" content=\"@alexiajcrd\" \/>\n<meta name=\"twitter:site\" content=\"@ECOinfosENR\" \/>\n<meta name=\"twitter:label1\" content=\"\u00c9crit par\" \/>\n\t<meta name=\"twitter:data1\" content=\"Alexia JACQUARD\" \/>\n\t<meta name=\"twitter:label2\" content=\"Dur\u00e9e de lecture estim\u00e9e\" \/>\n\t<meta name=\"twitter:data2\" content=\"4 minutes\" \/>\n<script type=\"application\/ld+json\" class=\"yoast-schema-graph\">{\"@context\":\"https:\/\/schema.org\",\"@graph\":[{\"@type\":\"Article\",\"@id\":\"https:\/\/www.les-energies-renouvelables.eu\/article\/actualites\/energies\/sous-les-panneaux-solaires-que-devient-reellement-le-sol-380\/#article\",\"isPartOf\":{\"@id\":\"https:\/\/www.les-energies-renouvelables.eu\/article\/actualites\/energies\/sous-les-panneaux-solaires-que-devient-reellement-le-sol-380\/\"},\"author\":{\"name\":\"Alexia JACQUARD\",\"@id\":\"https:\/\/www.les-energies-renouvelables.eu\/article\/actualites\/#\/schema\/person\/2c7d09eb5ca339c12ca8d86145440169\"},\"headline\":\"Sous les panneaux solaires, que devient r\u00e9ellement le sol ?\",\"datePublished\":\"2026-02-22T07:00:00+00:00\",\"dateModified\":\"2026-02-22T22:23:05+00:00\",\"mainEntityOfPage\":{\"@id\":\"https:\/\/www.les-energies-renouvelables.eu\/article\/actualites\/energies\/sous-les-panneaux-solaires-que-devient-reellement-le-sol-380\/\"},\"wordCount\":841,\"publisher\":{\"@id\":\"https:\/\/www.les-energies-renouvelables.eu\/article\/actualites\/#organization\"},\"image\":{\"@id\":\"https:\/\/www.les-energies-renouvelables.eu\/article\/actualites\/energies\/sous-les-panneaux-solaires-que-devient-reellement-le-sol-380\/#primaryimage\"},\"thumbnailUrl\":\"https:\/\/www.les-energies-renouvelables.eu\/article\/actualites\/wp-content\/uploads\/2026\/02\/actualites-sous-les-panneaux-solaires-que-devient-reellement-le-sol-effets-de-lagrivoltaisme-sur-les-sols.jpg\",\"articleSection\":[\"\u00c9nergies\"],\"inLanguage\":\"fr-FR\"},{\"@type\":\"WebPage\",\"@id\":\"https:\/\/www.les-energies-renouvelables.eu\/article\/actualites\/energies\/sous-les-panneaux-solaires-que-devient-reellement-le-sol-380\/\",\"url\":\"https:\/\/www.les-energies-renouvelables.eu\/article\/actualites\/energies\/sous-les-panneaux-solaires-que-devient-reellement-le-sol-380\/\",\"name\":\"Sous les panneaux solaires, que devient r\u00e9ellement le sol ? - ECOinfos\",\"isPartOf\":{\"@id\":\"https:\/\/www.les-energies-renouvelables.eu\/article\/actualites\/#website\"},\"primaryImageOfPage\":{\"@id\":\"https:\/\/www.les-energies-renouvelables.eu\/article\/actualites\/energies\/sous-les-panneaux-solaires-que-devient-reellement-le-sol-380\/#primaryimage\"},\"image\":{\"@id\":\"https:\/\/www.les-energies-renouvelables.eu\/article\/actualites\/energies\/sous-les-panneaux-solaires-que-devient-reellement-le-sol-380\/#primaryimage\"},\"thumbnailUrl\":\"https:\/\/www.les-energies-renouvelables.eu\/article\/actualites\/wp-content\/uploads\/2026\/02\/actualites-sous-les-panneaux-solaires-que-devient-reellement-le-sol-effets-de-lagrivoltaisme-sur-les-sols.jpg\",\"datePublished\":\"2026-02-22T07:00:00+00:00\",\"dateModified\":\"2026-02-22T22:23:05+00:00\",\"description\":\"L\u2019agrivolta\u00efsme modifie-t-il la qualit\u00e9 des terres ? D\u00e9couvrez ce que disent les derni\u00e8res \u00e9tudes scientifiques (2026) sur l'humidit\u00e9, la temp\u00e9rature et la vie microbienne sous les panneaux.\",\"breadcrumb\":{\"@id\":\"https:\/\/www.les-energies-renouvelables.eu\/article\/actualites\/energies\/sous-les-panneaux-solaires-que-devient-reellement-le-sol-380\/#breadcrumb\"},\"inLanguage\":\"fr-FR\",\"potentialAction\":[{\"@type\":\"ReadAction\",\"target\":[\"https:\/\/www.les-energies-renouvelables.eu\/article\/actualites\/energies\/sous-les-panneaux-solaires-que-devient-reellement-le-sol-380\/\"]}]},{\"@type\":\"ImageObject\",\"inLanguage\":\"fr-FR\",\"@id\":\"https:\/\/www.les-energies-renouvelables.eu\/article\/actualites\/energies\/sous-les-panneaux-solaires-que-devient-reellement-le-sol-380\/#primaryimage\",\"url\":\"https:\/\/www.les-energies-renouvelables.eu\/article\/actualites\/wp-content\/uploads\/2026\/02\/actualites-sous-les-panneaux-solaires-que-devient-reellement-le-sol-effets-de-lagrivoltaisme-sur-les-sols.jpg\",\"contentUrl\":\"https:\/\/www.les-energies-renouvelables.eu\/article\/actualites\/wp-content\/uploads\/2026\/02\/actualites-sous-les-panneaux-solaires-que-devient-reellement-le-sol-effets-de-lagrivoltaisme-sur-les-sols.jpg\",\"width\":1200,\"height\":675,\"caption\":\"Dall-E\"},{\"@type\":\"BreadcrumbList\",\"@id\":\"https:\/\/www.les-energies-renouvelables.eu\/article\/actualites\/energies\/sous-les-panneaux-solaires-que-devient-reellement-le-sol-380\/#breadcrumb\",\"itemListElement\":[{\"@type\":\"ListItem\",\"position\":1,\"name\":\"Accueil\",\"item\":\"https:\/\/www.les-energies-renouvelables.eu\/article\/actualites\/\"},{\"@type\":\"ListItem\",\"position\":2,\"name\":\"Sous les panneaux solaires, que devient r\u00e9ellement le sol ?\"}]},{\"@type\":\"WebSite\",\"@id\":\"https:\/\/www.les-energies-renouvelables.eu\/article\/actualites\/#website\",\"url\":\"https:\/\/www.les-energies-renouvelables.eu\/article\/actualites\/\",\"name\":\"ECOinfos Energies renouvelables\",\"description\":\"Le d\u00e9cryptage quotidien du secteur des \u00e9nergies renouvelables\",\"publisher\":{\"@id\":\"https:\/\/www.les-energies-renouvelables.eu\/article\/actualites\/#organization\"},\"potentialAction\":[{\"@type\":\"SearchAction\",\"target\":{\"@type\":\"EntryPoint\",\"urlTemplate\":\"https:\/\/www.les-energies-renouvelables.eu\/article\/actualites\/?s={search_term_string}\"},\"query-input\":{\"@type\":\"PropertyValueSpecification\",\"valueRequired\":true,\"valueName\":\"search_term_string\"}}],\"inLanguage\":\"fr-FR\"},{\"@type\":\"Organization\",\"@id\":\"https:\/\/www.les-energies-renouvelables.eu\/article\/actualites\/#organization\",\"name\":\"ECOinfos Energies renouvelables\",\"url\":\"https:\/\/www.les-energies-renouvelables.eu\/article\/actualites\/\",\"logo\":{\"@type\":\"ImageObject\",\"inLanguage\":\"fr-FR\",\"@id\":\"https:\/\/www.les-energies-renouvelables.eu\/article\/actualites\/#\/schema\/logo\/image\/\",\"url\":\"https:\/\/www.les-energies-renouvelables.eu\/article\/actualites\/wp-content\/uploads\/2025\/11\/ecoinfos.eldorado-consulting.com-logo-logo.svg\",\"contentUrl\":\"https:\/\/www.les-energies-renouvelables.eu\/article\/actualites\/wp-content\/uploads\/2025\/11\/ecoinfos.eldorado-consulting.com-logo-logo.svg\",\"caption\":\"ECOinfos Energies renouvelables\"},\"image\":{\"@id\":\"https:\/\/www.les-energies-renouvelables.eu\/article\/actualites\/#\/schema\/logo\/image\/\"},\"sameAs\":[\"https:\/\/www.facebook.com\/ecoannuaire.energierenouvelable\/\",\"https:\/\/x.com\/ECOinfosENR\",\"https:\/\/www.linkedin.com\/company\/ecoinfos-energies-renouvelables\/\",\"https:\/\/www.youtube.com\/@ecoinfosenergies\",\"https:\/\/share.google\/dyKHJPxAV42WhhjbM\"]},{\"@type\":\"Person\",\"@id\":\"https:\/\/www.les-energies-renouvelables.eu\/article\/actualites\/#\/schema\/person\/2c7d09eb5ca339c12ca8d86145440169\",\"name\":\"Alexia JACQUARD\",\"pronouns\":\"elle\/elle\",\"image\":{\"@type\":\"ImageObject\",\"inLanguage\":\"fr-FR\",\"@id\":\"https:\/\/www.les-energies-renouvelables.eu\/article\/actualites\/#\/schema\/person\/image\/\",\"url\":\"https:\/\/www.les-energies-renouvelables.eu\/article\/actualites\/wp-content\/uploads\/2026\/01\/actualites-alexia-jacquard-alexia-jacquard-160x160.jpg\",\"contentUrl\":\"https:\/\/www.les-energies-renouvelables.eu\/article\/actualites\/wp-content\/uploads\/2026\/01\/actualites-alexia-jacquard-alexia-jacquard-160x160.jpg\",\"caption\":\"Alexia JACQUARD\"},\"description\":\"Curieuse de nature et attentif aux enjeux du d\u00e9veloppement durable, Alexia Jacquard suit l'actualit\u00e9 des \u00e9nergies renouvelables pour partager les derni\u00e8res nouveaut\u00e9s du secteur. Elle s'attache \u00e0 retranscrire simplement les informations cl\u00e9s et les initiatives positives qui marquent la transition \u00e9nerg\u00e9tique. Son objectif : proposer des articles d'actualit\u00e9 clairs et accessibles pour tous ceux qui s'int\u00e9ressent \u00e0 l'avenir de notre \u00e9nergie.\",\"sameAs\":[\"https:\/\/alexia-jacquard.fr\",\"https:\/\/www.facebook.com\/tictacf2c\/\",\"https:\/\/www.instagram.com\/alexia_redac\/\",\"https:\/\/www.linkedin.com\/in\/alexia-jacquard-449a4b289\/\",\"https:\/\/fr.pinterest.com\/alexiajacquard\/\",\"https:\/\/x.com\/alexiajcrd\",\"https:\/\/www.youtube.com\/@Thepaindemie\",\"https:\/\/muckrack.com\/alexia-jacquard\"],\"url\":\"https:\/\/www.les-energies-renouvelables.eu\/article\/actualites\/author\/alexia-jacquard\/\"}]}<\/script>\n<!-- \/ Yoast SEO plugin. -->","yoast_head_json":{"title":"Sous les panneaux solaires, que devient r\u00e9ellement le sol ? - ECOinfos","description":"L\u2019agrivolta\u00efsme modifie-t-il la qualit\u00e9 des terres ? D\u00e9couvrez ce que disent les derni\u00e8res \u00e9tudes scientifiques (2026) sur l'humidit\u00e9, la temp\u00e9rature et la vie microbienne sous les panneaux.","robots":{"index":"index","follow":"follow","max-snippet":"max-snippet:-1","max-image-preview":"max-image-preview:large","max-video-preview":"max-video-preview:-1"},"canonical":"https:\/\/www.les-energies-renouvelables.eu\/article\/actualites\/energies\/sous-les-panneaux-solaires-que-devient-reellement-le-sol-380\/","og_locale":"fr_FR","og_type":"article","og_title":"Sous les panneaux solaires, que devient r\u00e9ellement le sol ? - ECOinfos","og_description":"L\u2019agrivolta\u00efsme modifie-t-il la qualit\u00e9 des terres ? D\u00e9couvrez ce que disent les derni\u00e8res \u00e9tudes scientifiques (2026) sur l'humidit\u00e9, la temp\u00e9rature et la vie microbienne sous les panneaux.","og_url":"https:\/\/www.les-energies-renouvelables.eu\/article\/actualites\/energies\/sous-les-panneaux-solaires-que-devient-reellement-le-sol-380\/","og_site_name":"ECOinfos Energies renouvelables","article_publisher":"https:\/\/www.facebook.com\/ecoannuaire.energierenouvelable\/","article_author":"https:\/\/www.facebook.com\/tictacf2c\/","article_published_time":"2026-02-22T07:00:00+00:00","article_modified_time":"2026-02-22T22:23:05+00:00","og_image":[{"width":1200,"height":675,"url":"https:\/\/www.les-energies-renouvelables.eu\/article\/actualites\/wp-content\/uploads\/2026\/02\/actualites-sous-les-panneaux-solaires-que-devient-reellement-le-sol-effets-de-lagrivoltaisme-sur-les-sols.jpg","type":"image\/jpeg"}],"author":"Alexia JACQUARD","twitter_card":"summary_large_image","twitter_creator":"@alexiajcrd","twitter_site":"@ECOinfosENR","twitter_misc":{"\u00c9crit par":"Alexia JACQUARD","Dur\u00e9e de lecture estim\u00e9e":"4 minutes"},"schema":{"@context":"https:\/\/schema.org","@graph":[{"@type":"Article","@id":"https:\/\/www.les-energies-renouvelables.eu\/article\/actualites\/energies\/sous-les-panneaux-solaires-que-devient-reellement-le-sol-380\/#article","isPartOf":{"@id":"https:\/\/www.les-energies-renouvelables.eu\/article\/actualites\/energies\/sous-les-panneaux-solaires-que-devient-reellement-le-sol-380\/"},"author":{"name":"Alexia JACQUARD","@id":"https:\/\/www.les-energies-renouvelables.eu\/article\/actualites\/#\/schema\/person\/2c7d09eb5ca339c12ca8d86145440169"},"headline":"Sous les panneaux solaires, que devient r\u00e9ellement le sol ?","datePublished":"2026-02-22T07:00:00+00:00","dateModified":"2026-02-22T22:23:05+00:00","mainEntityOfPage":{"@id":"https:\/\/www.les-energies-renouvelables.eu\/article\/actualites\/energies\/sous-les-panneaux-solaires-que-devient-reellement-le-sol-380\/"},"wordCount":841,"publisher":{"@id":"https:\/\/www.les-energies-renouvelables.eu\/article\/actualites\/#organization"},"image":{"@id":"https:\/\/www.les-energies-renouvelables.eu\/article\/actualites\/energies\/sous-les-panneaux-solaires-que-devient-reellement-le-sol-380\/#primaryimage"},"thumbnailUrl":"https:\/\/www.les-energies-renouvelables.eu\/article\/actualites\/wp-content\/uploads\/2026\/02\/actualites-sous-les-panneaux-solaires-que-devient-reellement-le-sol-effets-de-lagrivoltaisme-sur-les-sols.jpg","articleSection":["\u00c9nergies"],"inLanguage":"fr-FR"},{"@type":"WebPage","@id":"https:\/\/www.les-energies-renouvelables.eu\/article\/actualites\/energies\/sous-les-panneaux-solaires-que-devient-reellement-le-sol-380\/","url":"https:\/\/www.les-energies-renouvelables.eu\/article\/actualites\/energies\/sous-les-panneaux-solaires-que-devient-reellement-le-sol-380\/","name":"Sous les panneaux solaires, que devient r\u00e9ellement le sol ? - ECOinfos","isPartOf":{"@id":"https:\/\/www.les-energies-renouvelables.eu\/article\/actualites\/#website"},"primaryImageOfPage":{"@id":"https:\/\/www.les-energies-renouvelables.eu\/article\/actualites\/energies\/sous-les-panneaux-solaires-que-devient-reellement-le-sol-380\/#primaryimage"},"image":{"@id":"https:\/\/www.les-energies-renouvelables.eu\/article\/actualites\/energies\/sous-les-panneaux-solaires-que-devient-reellement-le-sol-380\/#primaryimage"},"thumbnailUrl":"https:\/\/www.les-energies-renouvelables.eu\/article\/actualites\/wp-content\/uploads\/2026\/02\/actualites-sous-les-panneaux-solaires-que-devient-reellement-le-sol-effets-de-lagrivoltaisme-sur-les-sols.jpg","datePublished":"2026-02-22T07:00:00+00:00","dateModified":"2026-02-22T22:23:05+00:00","description":"L\u2019agrivolta\u00efsme modifie-t-il la qualit\u00e9 des terres ? D\u00e9couvrez ce que disent les derni\u00e8res \u00e9tudes scientifiques (2026) sur l'humidit\u00e9, la temp\u00e9rature et la vie microbienne sous les panneaux.","breadcrumb":{"@id":"https:\/\/www.les-energies-renouvelables.eu\/article\/actualites\/energies\/sous-les-panneaux-solaires-que-devient-reellement-le-sol-380\/#breadcrumb"},"inLanguage":"fr-FR","potentialAction":[{"@type":"ReadAction","target":["https:\/\/www.les-energies-renouvelables.eu\/article\/actualites\/energies\/sous-les-panneaux-solaires-que-devient-reellement-le-sol-380\/"]}]},{"@type":"ImageObject","inLanguage":"fr-FR","@id":"https:\/\/www.les-energies-renouvelables.eu\/article\/actualites\/energies\/sous-les-panneaux-solaires-que-devient-reellement-le-sol-380\/#primaryimage","url":"https:\/\/www.les-energies-renouvelables.eu\/article\/actualites\/wp-content\/uploads\/2026\/02\/actualites-sous-les-panneaux-solaires-que-devient-reellement-le-sol-effets-de-lagrivoltaisme-sur-les-sols.jpg","contentUrl":"https:\/\/www.les-energies-renouvelables.eu\/article\/actualites\/wp-content\/uploads\/2026\/02\/actualites-sous-les-panneaux-solaires-que-devient-reellement-le-sol-effets-de-lagrivoltaisme-sur-les-sols.jpg","width":1200,"height":675,"caption":"Dall-E"},{"@type":"BreadcrumbList","@id":"https:\/\/www.les-energies-renouvelables.eu\/article\/actualites\/energies\/sous-les-panneaux-solaires-que-devient-reellement-le-sol-380\/#breadcrumb","itemListElement":[{"@type":"ListItem","position":1,"name":"Accueil","item":"https:\/\/www.les-energies-renouvelables.eu\/article\/actualites\/"},{"@type":"ListItem","position":2,"name":"Sous les panneaux solaires, que devient r\u00e9ellement le sol ?"}]},{"@type":"WebSite","@id":"https:\/\/www.les-energies-renouvelables.eu\/article\/actualites\/#website","url":"https:\/\/www.les-energies-renouvelables.eu\/article\/actualites\/","name":"ECOinfos Energies renouvelables","description":"Le d\u00e9cryptage quotidien du secteur des \u00e9nergies renouvelables","publisher":{"@id":"https:\/\/www.les-energies-renouvelables.eu\/article\/actualites\/#organization"},"potentialAction":[{"@type":"SearchAction","target":{"@type":"EntryPoint","urlTemplate":"https:\/\/www.les-energies-renouvelables.eu\/article\/actualites\/?s={search_term_string}"},"query-input":{"@type":"PropertyValueSpecification","valueRequired":true,"valueName":"search_term_string"}}],"inLanguage":"fr-FR"},{"@type":"Organization","@id":"https:\/\/www.les-energies-renouvelables.eu\/article\/actualites\/#organization","name":"ECOinfos Energies renouvelables","url":"https:\/\/www.les-energies-renouvelables.eu\/article\/actualites\/","logo":{"@type":"ImageObject","inLanguage":"fr-FR","@id":"https:\/\/www.les-energies-renouvelables.eu\/article\/actualites\/#\/schema\/logo\/image\/","url":"https:\/\/www.les-energies-renouvelables.eu\/article\/actualites\/wp-content\/uploads\/2025\/11\/ecoinfos.eldorado-consulting.com-logo-logo.svg","contentUrl":"https:\/\/www.les-energies-renouvelables.eu\/article\/actualites\/wp-content\/uploads\/2025\/11\/ecoinfos.eldorado-consulting.com-logo-logo.svg","caption":"ECOinfos Energies renouvelables"},"image":{"@id":"https:\/\/www.les-energies-renouvelables.eu\/article\/actualites\/#\/schema\/logo\/image\/"},"sameAs":["https:\/\/www.facebook.com\/ecoannuaire.energierenouvelable\/","https:\/\/x.com\/ECOinfosENR","https:\/\/www.linkedin.com\/company\/ecoinfos-energies-renouvelables\/","https:\/\/www.youtube.com\/@ecoinfosenergies","https:\/\/share.google\/dyKHJPxAV42WhhjbM"]},{"@type":"Person","@id":"https:\/\/www.les-energies-renouvelables.eu\/article\/actualites\/#\/schema\/person\/2c7d09eb5ca339c12ca8d86145440169","name":"Alexia JACQUARD","pronouns":"elle\/elle","image":{"@type":"ImageObject","inLanguage":"fr-FR","@id":"https:\/\/www.les-energies-renouvelables.eu\/article\/actualites\/#\/schema\/person\/image\/","url":"https:\/\/www.les-energies-renouvelables.eu\/article\/actualites\/wp-content\/uploads\/2026\/01\/actualites-alexia-jacquard-alexia-jacquard-160x160.jpg","contentUrl":"https:\/\/www.les-energies-renouvelables.eu\/article\/actualites\/wp-content\/uploads\/2026\/01\/actualites-alexia-jacquard-alexia-jacquard-160x160.jpg","caption":"Alexia JACQUARD"},"description":"Curieuse de nature et attentif aux enjeux du d\u00e9veloppement durable, Alexia Jacquard suit l'actualit\u00e9 des \u00e9nergies renouvelables pour partager les derni\u00e8res nouveaut\u00e9s du secteur. Elle s'attache \u00e0 retranscrire simplement les informations cl\u00e9s et les initiatives positives qui marquent la transition \u00e9nerg\u00e9tique. Son objectif : proposer des articles d'actualit\u00e9 clairs et accessibles pour tous ceux qui s'int\u00e9ressent \u00e0 l'avenir de notre \u00e9nergie.","sameAs":["https:\/\/alexia-jacquard.fr","https:\/\/www.facebook.com\/tictacf2c\/","https:\/\/www.instagram.com\/alexia_redac\/","https:\/\/www.linkedin.com\/in\/alexia-jacquard-449a4b289\/","https:\/\/fr.pinterest.com\/alexiajacquard\/","https:\/\/x.com\/alexiajcrd","https:\/\/www.youtube.com\/@Thepaindemie","https:\/\/muckrack.com\/alexia-jacquard"],"url":"https:\/\/www.les-energies-renouvelables.eu\/article\/actualites\/author\/alexia-jacquard\/"}]}},"_links":{"self":[{"href":"https:\/\/www.les-energies-renouvelables.eu\/article\/actualites\/wp-json\/wp\/v2\/posts\/380","targetHints":{"allow":["GET"]}}],"collection":[{"href":"https:\/\/www.les-energies-renouvelables.eu\/article\/actualites\/wp-json\/wp\/v2\/posts"}],"about":[{"href":"https:\/\/www.les-energies-renouvelables.eu\/article\/actualites\/wp-json\/wp\/v2\/types\/post"}],"author":[{"embeddable":true,"href":"https:\/\/www.les-energies-renouvelables.eu\/article\/actualites\/wp-json\/wp\/v2\/users\/2"}],"replies":[{"embeddable":true,"href":"https:\/\/www.les-energies-renouvelables.eu\/article\/actualites\/wp-json\/wp\/v2\/comments?post=380"}],"version-history":[{"count":1,"href":"https:\/\/www.les-energies-renouvelables.eu\/article\/actualites\/wp-json\/wp\/v2\/posts\/380\/revisions"}],"predecessor-version":[{"id":381,"href":"https:\/\/www.les-energies-renouvelables.eu\/article\/actualites\/wp-json\/wp\/v2\/posts\/380\/revisions\/381"}],"wp:featuredmedia":[{"embeddable":true,"href":"https:\/\/www.les-energies-renouvelables.eu\/article\/actualites\/wp-json\/wp\/v2\/media\/382"}],"wp:attachment":[{"href":"https:\/\/www.les-energies-renouvelables.eu\/article\/actualites\/wp-json\/wp\/v2\/media?parent=380"}],"wp:term":[{"taxonomy":"category","embeddable":true,"href":"https:\/\/www.les-energies-renouvelables.eu\/article\/actualites\/wp-json\/wp\/v2\/categories?post=380"},{"taxonomy":"post_tag","embeddable":true,"href":"https:\/\/www.les-energies-renouvelables.eu\/article\/actualites\/wp-json\/wp\/v2\/tags?post=380"}],"curies":[{"name":"wp","href":"https:\/\/api.w.org\/{rel}","templated":true}]}}