{"id":377,"date":"2026-02-21T08:00:00","date_gmt":"2026-02-21T07:00:00","guid":{"rendered":"https:\/\/www.les-energies-renouvelables.eu\/article\/actualites\/?p=377"},"modified":"2026-02-22T21:50:13","modified_gmt":"2026-02-22T20:50:13","slug":"enel-investit-1-milliard-de-dollars-aux-etats-unis-pour-renforcer-son-portefeuille-renouvelable","status":"publish","type":"post","link":"https:\/\/www.les-energies-renouvelables.eu\/article\/actualites\/energies\/enel-investit-1-milliard-de-dollars-aux-etats-unis-pour-renforcer-son-portefeuille-renouvelable-377\/","title":{"rendered":"Enel investit 1 milliard de dollars aux \u00c9tats-Unis pour renforcer son portefeuille renouvelable"},"content":{"rendered":"\n<p>R\u00e9sum\u00e9 :&nbsp;<\/p>\n\n\n\n<ul class=\"wp-block-list\">\n<li><strong>Investissement :<\/strong> Environ <strong>1 milliard de dollars<\/strong>.<\/li>\n\n\n\n<li><strong>Volume acquis :<\/strong> <strong>830 MW<\/strong> (portefeuille mixte \u00e9olien et solaire).<\/li>\n\n\n\n<li><strong>Production attendue :<\/strong> <strong>2,1 TWh<\/strong> par an en moyenne.<\/li>\n\n\n\n<li><strong>Acteurs :<\/strong> Acquisition r\u00e9alis\u00e9e par <strong>Enel Green Power<\/strong> aupr\u00e8s du fonds <strong>Excelsior Energy Capital<\/strong>.<\/li>\n\n\n\n<li><strong>Calendrier :<\/strong> Finalisation de la transaction pr\u00e9vue au <strong>troisi\u00e8me trimestre 2026<\/strong>.<\/li>\n<\/ul>\n\n\n\n<p>Deuxi\u00e8me \u00e9nerg\u00e9ticien europ\u00e9en, le groupe italien <strong>Enel<\/strong> augmente sa <strong>capacit\u00e9 install\u00e9e<\/strong> en Am\u00e9rique du Nord. Via sa filiale Enel Green Power, l&rsquo;entreprise a annonc\u00e9 le rachat d&rsquo;un ensemble de sites de production d&rsquo;<strong>\u00e9lectricit\u00e9 renouvelable <\/strong>aupr\u00e8s d&rsquo;Excelsior Energy Capital.<\/p>\n\n\n\n<p>Cette op\u00e9ration porte sur des installations d\u00e9j\u00e0 en activit\u00e9. Elle vient s&rsquo;ajouter \u00e0 une base industrielle mondiale cons\u00e9quente : \u00e0 ce jour, le groupe g\u00e8re une capacit\u00e9 totale de <strong>68 GW<\/strong>, incluant l&rsquo;<strong>\u00e9olien<\/strong>, le <strong>solaire<\/strong>, la g\u00e9othermie, l&rsquo;hydro\u00e9lectricit\u00e9 et le stockage d&rsquo;\u00e9nergie.<\/p>\n\n\n\n<h2 class=\"wp-block-heading\">La strat\u00e9gie du \u00ab\u00a0Brownfield\u00a0\u00bb : produire sans attendre<\/h2>\n\n\n\n<p>L&rsquo;int\u00e9r\u00eat de cette transaction r\u00e9side dans la nature des actifs acquis, dits <strong>\u00ab\u00a0brownfield\u00a0\u00bb<\/strong>. Contrairement aux nouveaux projets n\u00e9cessitant de longues phases de d\u00e9veloppement, ces unit\u00e9s sont d\u00e9j\u00e0 raccord\u00e9es au r\u00e9seau \u00e9lectrique.<\/p>\n\n\n\n<p>Pour l&rsquo;\u00e9nerg\u00e9ticien, cette approche r\u00e9pond \u00e0 des objectifs op\u00e9rationnels clairs :<\/p>\n\n\n\n<ul class=\"wp-block-list\">\n<li><strong>Contribution imm\u00e9diate :<\/strong> L&rsquo;apport de ces parcs est effectif d\u00e8s la cl\u00f4ture de la transaction, sans passer par une phase de chantier.<\/li>\n\n\n\n<li><strong>Utilisation de sites en fonctionnement :<\/strong> Le rachat d&rsquo;installations op\u00e9rationnelles permet d&rsquo;int\u00e9grer des actifs d\u00e9j\u00e0 raccord\u00e9s, \u00e9vitant ainsi les incertitudes li\u00e9es \u00e0 la construction.<\/li>\n\n\n\n<li><strong>Mix technologique :<\/strong> Le portefeuille combine les technologies \u00e9olienne et solaire, assurant une compl\u00e9mentarit\u00e9 de production selon les sources naturelles disponibles sur place.<\/li>\n<\/ul>\n\n\n\n<h2 class=\"wp-block-heading\">Un march\u00e9 am\u00e9ricain port\u00e9 par les nouvelles capacit\u00e9s<\/h2>\n\n\n\n<p>Si le d\u00e9bat politique outre-Atlantique expose parfois des visions divergentes, les donn\u00e9es d&rsquo;installation confirment la trajectoire des fili\u00e8res vertes. Le mouvement d&rsquo;Enel s&rsquo;inscrit dans un contexte o\u00f9 les <strong>\u00e9nergies renouvelables<\/strong> ont constitu\u00e9 la majorit\u00e9 des nouveaux raccordements aux \u00c9tats-Unis l&rsquo;an dernier.<\/p>\n\n\n\n<p>En comptabilisant les solutions de <strong>stockage par batteries<\/strong>, les sources dites \u00ab\u00a0zero-carbon\u00a0\u00bb ont totalis\u00e9 pr\u00e8s de <strong>48 GW<\/strong> de nouvelles installations sur la m\u00eame p\u00e9riode, soit environ 90 % de la croissance du parc \u00e9lectrique am\u00e9ricain. Pour Enel Green Power North America, qui g\u00e9rait d\u00e9j\u00e0 <strong>11 620 MW<\/strong> au premier trimestre 2025, cet apport suppl\u00e9mentaire accro\u00eet m\u00e9caniquement sa pr\u00e9sence dans la r\u00e9gion.<\/p>\n\n\n\n<h2 class=\"wp-block-heading\">Une \u00e9tape pour le secteur de l&rsquo;\u00e9nergie<\/h2>\n\n\n\n<p>Pr\u00e9vue pour s&rsquo;achever au <strong>troisi\u00e8me trimestre 2026<\/strong>, cette transaction illustre la place des actifs renouvelables dans les \u00e9changes industriels actuels. Ces infrastructures font d\u00e9sormais l&rsquo;objet de mouvements financiers significatifs entre fonds sp\u00e9cialis\u00e9s (ici Excelsior Energy Capital) et grands op\u00e9rateurs \u00e9nerg\u00e9tiques.<\/p>\n\n\n\n<p>En finalisant cette acquisition, Enel confirme sa volont\u00e9 d&rsquo;\u00e9tendre son portefeuille de <strong>production d&rsquo;\u00e9lectricit\u00e9 verte<\/strong> par le biais d&rsquo;unit\u00e9s op\u00e9rationnelles. Cette man\u0153uvre permet au groupe de consolider ses positions aux \u00c9tats-Unis en s&rsquo;appuyant sur des parcs d\u00e9j\u00e0 int\u00e9gr\u00e9s au r\u00e9seau national.<\/p>\n\n\n\n<p><strong>Sources :<\/strong><em>Communiqu\u00e9 Enel, donn\u00e9es BloombergNEF, Les \u00c9chos.<\/em><\/p>\n","protected":false},"excerpt":{"rendered":"","protected":false},"author":2,"featured_media":379,"comment_status":"closed","ping_status":"closed","sticky":false,"template":"","format":"standard","meta":{"footnotes":""},"categories":[1],"tags":[],"class_list":["post-377","post","type-post","status-publish","format-standard","has-post-thumbnail","hentry","category-energies","masonry-post","generate-columns","tablet-grid-50","mobile-grid-100","grid-parent","grid-33"],"yoast_head":"<!-- This site is optimized with the Yoast SEO plugin v26.6 - https:\/\/yoast.com\/wordpress\/plugins\/seo\/ -->\n<title>Enel investit 1 milliard de dollars aux \u00c9tats-Unis pour renforcer son portefeuille renouvelable - ECOinfos<\/title>\n<meta name=\"description\" content=\"Enel rach\u00e8te 830 MW de parcs \u00e9oliens et solaires aux USA pour 1 milliard $. D\u00e9cryptage d&#039;une strat\u00e9gie bas\u00e9e sur les actifs op\u00e9rationnels.\" \/>\n<meta name=\"robots\" content=\"index, follow, max-snippet:-1, max-image-preview:large, max-video-preview:-1\" \/>\n<link rel=\"canonical\" href=\"https:\/\/www.les-energies-renouvelables.eu\/article\/actualites\/energies\/enel-investit-1-milliard-de-dollars-aux-etats-unis-pour-renforcer-son-portefeuille-renouvelable-377\/\" \/>\n<meta property=\"og:locale\" content=\"fr_FR\" \/>\n<meta property=\"og:type\" content=\"article\" \/>\n<meta property=\"og:title\" content=\"Enel investit 1 milliard de dollars aux \u00c9tats-Unis pour renforcer son portefeuille renouvelable - ECOinfos\" \/>\n<meta property=\"og:description\" content=\"Enel rach\u00e8te 830 MW de parcs \u00e9oliens et solaires aux USA pour 1 milliard $. D\u00e9cryptage d&#039;une strat\u00e9gie bas\u00e9e sur les actifs op\u00e9rationnels.\" \/>\n<meta property=\"og:url\" content=\"https:\/\/www.les-energies-renouvelables.eu\/article\/actualites\/energies\/enel-investit-1-milliard-de-dollars-aux-etats-unis-pour-renforcer-son-portefeuille-renouvelable-377\/\" \/>\n<meta property=\"og:site_name\" content=\"ECOinfos Energies renouvelables\" \/>\n<meta property=\"article:publisher\" content=\"https:\/\/www.facebook.com\/ecoannuaire.energierenouvelable\/\" \/>\n<meta property=\"article:author\" content=\"https:\/\/www.facebook.com\/tictacf2c\/\" \/>\n<meta property=\"article:published_time\" content=\"2026-02-21T07:00:00+00:00\" \/>\n<meta property=\"article:modified_time\" content=\"2026-02-22T20:50:13+00:00\" \/>\n<meta property=\"og:image\" content=\"https:\/\/www.les-energies-renouvelables.eu\/article\/actualites\/wp-content\/uploads\/2026\/02\/actualites-enel-investit-1-milliard-de-dollars-aux-etats-unis-pour-renforcer-son-portefeuille-renouvelable-enel-acquisition-renouvelables-etats-unis.jpg\" \/>\n\t<meta property=\"og:image:width\" content=\"1200\" \/>\n\t<meta property=\"og:image:height\" content=\"675\" \/>\n\t<meta property=\"og:image:type\" content=\"image\/jpeg\" \/>\n<meta name=\"author\" content=\"Alexia JACQUARD\" \/>\n<meta name=\"twitter:card\" content=\"summary_large_image\" \/>\n<meta name=\"twitter:creator\" content=\"@alexiajcrd\" \/>\n<meta name=\"twitter:site\" content=\"@ECOinfosENR\" \/>\n<meta name=\"twitter:label1\" content=\"\u00c9crit par\" \/>\n\t<meta name=\"twitter:data1\" content=\"Alexia JACQUARD\" \/>\n\t<meta name=\"twitter:label2\" content=\"Dur\u00e9e de lecture estim\u00e9e\" \/>\n\t<meta name=\"twitter:data2\" content=\"3 minutes\" \/>\n<script type=\"application\/ld+json\" class=\"yoast-schema-graph\">{\"@context\":\"https:\/\/schema.org\",\"@graph\":[{\"@type\":\"Article\",\"@id\":\"https:\/\/www.les-energies-renouvelables.eu\/article\/actualites\/energies\/enel-investit-1-milliard-de-dollars-aux-etats-unis-pour-renforcer-son-portefeuille-renouvelable-377\/#article\",\"isPartOf\":{\"@id\":\"https:\/\/www.les-energies-renouvelables.eu\/article\/actualites\/energies\/enel-investit-1-milliard-de-dollars-aux-etats-unis-pour-renforcer-son-portefeuille-renouvelable-377\/\"},\"author\":{\"name\":\"Alexia JACQUARD\",\"@id\":\"https:\/\/www.les-energies-renouvelables.eu\/article\/actualites\/#\/schema\/person\/2c7d09eb5ca339c12ca8d86145440169\"},\"headline\":\"Enel investit 1 milliard de dollars aux \u00c9tats-Unis pour renforcer son portefeuille renouvelable\",\"datePublished\":\"2026-02-21T07:00:00+00:00\",\"dateModified\":\"2026-02-22T20:50:13+00:00\",\"mainEntityOfPage\":{\"@id\":\"https:\/\/www.les-energies-renouvelables.eu\/article\/actualites\/energies\/enel-investit-1-milliard-de-dollars-aux-etats-unis-pour-renforcer-son-portefeuille-renouvelable-377\/\"},\"wordCount\":538,\"publisher\":{\"@id\":\"https:\/\/www.les-energies-renouvelables.eu\/article\/actualites\/#organization\"},\"image\":{\"@id\":\"https:\/\/www.les-energies-renouvelables.eu\/article\/actualites\/energies\/enel-investit-1-milliard-de-dollars-aux-etats-unis-pour-renforcer-son-portefeuille-renouvelable-377\/#primaryimage\"},\"thumbnailUrl\":\"https:\/\/www.les-energies-renouvelables.eu\/article\/actualites\/wp-content\/uploads\/2026\/02\/actualites-enel-investit-1-milliard-de-dollars-aux-etats-unis-pour-renforcer-son-portefeuille-renouvelable-enel-acquisition-renouvelables-etats-unis.jpg\",\"articleSection\":[\"\u00c9nergies\"],\"inLanguage\":\"fr-FR\"},{\"@type\":\"WebPage\",\"@id\":\"https:\/\/www.les-energies-renouvelables.eu\/article\/actualites\/energies\/enel-investit-1-milliard-de-dollars-aux-etats-unis-pour-renforcer-son-portefeuille-renouvelable-377\/\",\"url\":\"https:\/\/www.les-energies-renouvelables.eu\/article\/actualites\/energies\/enel-investit-1-milliard-de-dollars-aux-etats-unis-pour-renforcer-son-portefeuille-renouvelable-377\/\",\"name\":\"Enel investit 1 milliard de dollars aux \u00c9tats-Unis pour renforcer son portefeuille renouvelable - ECOinfos\",\"isPartOf\":{\"@id\":\"https:\/\/www.les-energies-renouvelables.eu\/article\/actualites\/#website\"},\"primaryImageOfPage\":{\"@id\":\"https:\/\/www.les-energies-renouvelables.eu\/article\/actualites\/energies\/enel-investit-1-milliard-de-dollars-aux-etats-unis-pour-renforcer-son-portefeuille-renouvelable-377\/#primaryimage\"},\"image\":{\"@id\":\"https:\/\/www.les-energies-renouvelables.eu\/article\/actualites\/energies\/enel-investit-1-milliard-de-dollars-aux-etats-unis-pour-renforcer-son-portefeuille-renouvelable-377\/#primaryimage\"},\"thumbnailUrl\":\"https:\/\/www.les-energies-renouvelables.eu\/article\/actualites\/wp-content\/uploads\/2026\/02\/actualites-enel-investit-1-milliard-de-dollars-aux-etats-unis-pour-renforcer-son-portefeuille-renouvelable-enel-acquisition-renouvelables-etats-unis.jpg\",\"datePublished\":\"2026-02-21T07:00:00+00:00\",\"dateModified\":\"2026-02-22T20:50:13+00:00\",\"description\":\"Enel rach\u00e8te 830 MW de parcs \u00e9oliens et solaires aux USA pour 1 milliard $. D\u00e9cryptage d'une strat\u00e9gie bas\u00e9e sur les actifs op\u00e9rationnels.\",\"breadcrumb\":{\"@id\":\"https:\/\/www.les-energies-renouvelables.eu\/article\/actualites\/energies\/enel-investit-1-milliard-de-dollars-aux-etats-unis-pour-renforcer-son-portefeuille-renouvelable-377\/#breadcrumb\"},\"inLanguage\":\"fr-FR\",\"potentialAction\":[{\"@type\":\"ReadAction\",\"target\":[\"https:\/\/www.les-energies-renouvelables.eu\/article\/actualites\/energies\/enel-investit-1-milliard-de-dollars-aux-etats-unis-pour-renforcer-son-portefeuille-renouvelable-377\/\"]}]},{\"@type\":\"ImageObject\",\"inLanguage\":\"fr-FR\",\"@id\":\"https:\/\/www.les-energies-renouvelables.eu\/article\/actualites\/energies\/enel-investit-1-milliard-de-dollars-aux-etats-unis-pour-renforcer-son-portefeuille-renouvelable-377\/#primaryimage\",\"url\":\"https:\/\/www.les-energies-renouvelables.eu\/article\/actualites\/wp-content\/uploads\/2026\/02\/actualites-enel-investit-1-milliard-de-dollars-aux-etats-unis-pour-renforcer-son-portefeuille-renouvelable-enel-acquisition-renouvelables-etats-unis.jpg\",\"contentUrl\":\"https:\/\/www.les-energies-renouvelables.eu\/article\/actualites\/wp-content\/uploads\/2026\/02\/actualites-enel-investit-1-milliard-de-dollars-aux-etats-unis-pour-renforcer-son-portefeuille-renouvelable-enel-acquisition-renouvelables-etats-unis.jpg\",\"width\":1200,\"height\":675,\"caption\":\"Dall-E\"},{\"@type\":\"BreadcrumbList\",\"@id\":\"https:\/\/www.les-energies-renouvelables.eu\/article\/actualites\/energies\/enel-investit-1-milliard-de-dollars-aux-etats-unis-pour-renforcer-son-portefeuille-renouvelable-377\/#breadcrumb\",\"itemListElement\":[{\"@type\":\"ListItem\",\"position\":1,\"name\":\"Accueil\",\"item\":\"https:\/\/www.les-energies-renouvelables.eu\/article\/actualites\/\"},{\"@type\":\"ListItem\",\"position\":2,\"name\":\"Enel investit 1 milliard de dollars aux \u00c9tats-Unis pour renforcer son portefeuille renouvelable\"}]},{\"@type\":\"WebSite\",\"@id\":\"https:\/\/www.les-energies-renouvelables.eu\/article\/actualites\/#website\",\"url\":\"https:\/\/www.les-energies-renouvelables.eu\/article\/actualites\/\",\"name\":\"ECOinfos Energies renouvelables\",\"description\":\"Le d\u00e9cryptage quotidien du secteur des \u00e9nergies renouvelables\",\"publisher\":{\"@id\":\"https:\/\/www.les-energies-renouvelables.eu\/article\/actualites\/#organization\"},\"potentialAction\":[{\"@type\":\"SearchAction\",\"target\":{\"@type\":\"EntryPoint\",\"urlTemplate\":\"https:\/\/www.les-energies-renouvelables.eu\/article\/actualites\/?s={search_term_string}\"},\"query-input\":{\"@type\":\"PropertyValueSpecification\",\"valueRequired\":true,\"valueName\":\"search_term_string\"}}],\"inLanguage\":\"fr-FR\"},{\"@type\":\"Organization\",\"@id\":\"https:\/\/www.les-energies-renouvelables.eu\/article\/actualites\/#organization\",\"name\":\"ECOinfos Energies renouvelables\",\"url\":\"https:\/\/www.les-energies-renouvelables.eu\/article\/actualites\/\",\"logo\":{\"@type\":\"ImageObject\",\"inLanguage\":\"fr-FR\",\"@id\":\"https:\/\/www.les-energies-renouvelables.eu\/article\/actualites\/#\/schema\/logo\/image\/\",\"url\":\"https:\/\/www.les-energies-renouvelables.eu\/article\/actualites\/wp-content\/uploads\/2025\/11\/ecoinfos.eldorado-consulting.com-logo-logo.svg\",\"contentUrl\":\"https:\/\/www.les-energies-renouvelables.eu\/article\/actualites\/wp-content\/uploads\/2025\/11\/ecoinfos.eldorado-consulting.com-logo-logo.svg\",\"caption\":\"ECOinfos Energies renouvelables\"},\"image\":{\"@id\":\"https:\/\/www.les-energies-renouvelables.eu\/article\/actualites\/#\/schema\/logo\/image\/\"},\"sameAs\":[\"https:\/\/www.facebook.com\/ecoannuaire.energierenouvelable\/\",\"https:\/\/x.com\/ECOinfosENR\",\"https:\/\/www.linkedin.com\/company\/ecoinfos-energies-renouvelables\/\",\"https:\/\/www.youtube.com\/@ecoinfosenergies\",\"https:\/\/share.google\/dyKHJPxAV42WhhjbM\"]},{\"@type\":\"Person\",\"@id\":\"https:\/\/www.les-energies-renouvelables.eu\/article\/actualites\/#\/schema\/person\/2c7d09eb5ca339c12ca8d86145440169\",\"name\":\"Alexia JACQUARD\",\"pronouns\":\"elle\/elle\",\"image\":{\"@type\":\"ImageObject\",\"inLanguage\":\"fr-FR\",\"@id\":\"https:\/\/www.les-energies-renouvelables.eu\/article\/actualites\/#\/schema\/person\/image\/\",\"url\":\"https:\/\/www.les-energies-renouvelables.eu\/article\/actualites\/wp-content\/uploads\/2026\/01\/actualites-alexia-jacquard-alexia-jacquard-160x160.jpg\",\"contentUrl\":\"https:\/\/www.les-energies-renouvelables.eu\/article\/actualites\/wp-content\/uploads\/2026\/01\/actualites-alexia-jacquard-alexia-jacquard-160x160.jpg\",\"caption\":\"Alexia JACQUARD\"},\"description\":\"Curieuse de nature et attentif aux enjeux du d\u00e9veloppement durable, Alexia Jacquard suit l'actualit\u00e9 des \u00e9nergies renouvelables pour partager les derni\u00e8res nouveaut\u00e9s du secteur. Elle s'attache \u00e0 retranscrire simplement les informations cl\u00e9s et les initiatives positives qui marquent la transition \u00e9nerg\u00e9tique. Son objectif : proposer des articles d'actualit\u00e9 clairs et accessibles pour tous ceux qui s'int\u00e9ressent \u00e0 l'avenir de notre \u00e9nergie.\",\"sameAs\":[\"https:\/\/alexia-jacquard.fr\",\"https:\/\/www.facebook.com\/tictacf2c\/\",\"https:\/\/www.instagram.com\/alexia_redac\/\",\"https:\/\/www.linkedin.com\/in\/alexia-jacquard-449a4b289\/\",\"https:\/\/fr.pinterest.com\/alexiajacquard\/\",\"https:\/\/x.com\/alexiajcrd\",\"https:\/\/www.youtube.com\/@Thepaindemie\",\"https:\/\/muckrack.com\/alexia-jacquard\"],\"url\":\"https:\/\/www.les-energies-renouvelables.eu\/article\/actualites\/author\/alexia-jacquard\/\"}]}<\/script>\n<!-- \/ Yoast SEO plugin. -->","yoast_head_json":{"title":"Enel investit 1 milliard de dollars aux \u00c9tats-Unis pour renforcer son portefeuille renouvelable - ECOinfos","description":"Enel rach\u00e8te 830 MW de parcs \u00e9oliens et solaires aux USA pour 1 milliard $. D\u00e9cryptage d'une strat\u00e9gie bas\u00e9e sur les actifs op\u00e9rationnels.","robots":{"index":"index","follow":"follow","max-snippet":"max-snippet:-1","max-image-preview":"max-image-preview:large","max-video-preview":"max-video-preview:-1"},"canonical":"https:\/\/www.les-energies-renouvelables.eu\/article\/actualites\/energies\/enel-investit-1-milliard-de-dollars-aux-etats-unis-pour-renforcer-son-portefeuille-renouvelable-377\/","og_locale":"fr_FR","og_type":"article","og_title":"Enel investit 1 milliard de dollars aux \u00c9tats-Unis pour renforcer son portefeuille renouvelable - ECOinfos","og_description":"Enel rach\u00e8te 830 MW de parcs \u00e9oliens et solaires aux USA pour 1 milliard $. D\u00e9cryptage d'une strat\u00e9gie bas\u00e9e sur les actifs op\u00e9rationnels.","og_url":"https:\/\/www.les-energies-renouvelables.eu\/article\/actualites\/energies\/enel-investit-1-milliard-de-dollars-aux-etats-unis-pour-renforcer-son-portefeuille-renouvelable-377\/","og_site_name":"ECOinfos Energies renouvelables","article_publisher":"https:\/\/www.facebook.com\/ecoannuaire.energierenouvelable\/","article_author":"https:\/\/www.facebook.com\/tictacf2c\/","article_published_time":"2026-02-21T07:00:00+00:00","article_modified_time":"2026-02-22T20:50:13+00:00","og_image":[{"width":1200,"height":675,"url":"https:\/\/www.les-energies-renouvelables.eu\/article\/actualites\/wp-content\/uploads\/2026\/02\/actualites-enel-investit-1-milliard-de-dollars-aux-etats-unis-pour-renforcer-son-portefeuille-renouvelable-enel-acquisition-renouvelables-etats-unis.jpg","type":"image\/jpeg"}],"author":"Alexia JACQUARD","twitter_card":"summary_large_image","twitter_creator":"@alexiajcrd","twitter_site":"@ECOinfosENR","twitter_misc":{"\u00c9crit par":"Alexia JACQUARD","Dur\u00e9e de lecture estim\u00e9e":"3 minutes"},"schema":{"@context":"https:\/\/schema.org","@graph":[{"@type":"Article","@id":"https:\/\/www.les-energies-renouvelables.eu\/article\/actualites\/energies\/enel-investit-1-milliard-de-dollars-aux-etats-unis-pour-renforcer-son-portefeuille-renouvelable-377\/#article","isPartOf":{"@id":"https:\/\/www.les-energies-renouvelables.eu\/article\/actualites\/energies\/enel-investit-1-milliard-de-dollars-aux-etats-unis-pour-renforcer-son-portefeuille-renouvelable-377\/"},"author":{"name":"Alexia JACQUARD","@id":"https:\/\/www.les-energies-renouvelables.eu\/article\/actualites\/#\/schema\/person\/2c7d09eb5ca339c12ca8d86145440169"},"headline":"Enel investit 1 milliard de dollars aux \u00c9tats-Unis pour renforcer son portefeuille renouvelable","datePublished":"2026-02-21T07:00:00+00:00","dateModified":"2026-02-22T20:50:13+00:00","mainEntityOfPage":{"@id":"https:\/\/www.les-energies-renouvelables.eu\/article\/actualites\/energies\/enel-investit-1-milliard-de-dollars-aux-etats-unis-pour-renforcer-son-portefeuille-renouvelable-377\/"},"wordCount":538,"publisher":{"@id":"https:\/\/www.les-energies-renouvelables.eu\/article\/actualites\/#organization"},"image":{"@id":"https:\/\/www.les-energies-renouvelables.eu\/article\/actualites\/energies\/enel-investit-1-milliard-de-dollars-aux-etats-unis-pour-renforcer-son-portefeuille-renouvelable-377\/#primaryimage"},"thumbnailUrl":"https:\/\/www.les-energies-renouvelables.eu\/article\/actualites\/wp-content\/uploads\/2026\/02\/actualites-enel-investit-1-milliard-de-dollars-aux-etats-unis-pour-renforcer-son-portefeuille-renouvelable-enel-acquisition-renouvelables-etats-unis.jpg","articleSection":["\u00c9nergies"],"inLanguage":"fr-FR"},{"@type":"WebPage","@id":"https:\/\/www.les-energies-renouvelables.eu\/article\/actualites\/energies\/enel-investit-1-milliard-de-dollars-aux-etats-unis-pour-renforcer-son-portefeuille-renouvelable-377\/","url":"https:\/\/www.les-energies-renouvelables.eu\/article\/actualites\/energies\/enel-investit-1-milliard-de-dollars-aux-etats-unis-pour-renforcer-son-portefeuille-renouvelable-377\/","name":"Enel investit 1 milliard de dollars aux \u00c9tats-Unis pour renforcer son portefeuille renouvelable - ECOinfos","isPartOf":{"@id":"https:\/\/www.les-energies-renouvelables.eu\/article\/actualites\/#website"},"primaryImageOfPage":{"@id":"https:\/\/www.les-energies-renouvelables.eu\/article\/actualites\/energies\/enel-investit-1-milliard-de-dollars-aux-etats-unis-pour-renforcer-son-portefeuille-renouvelable-377\/#primaryimage"},"image":{"@id":"https:\/\/www.les-energies-renouvelables.eu\/article\/actualites\/energies\/enel-investit-1-milliard-de-dollars-aux-etats-unis-pour-renforcer-son-portefeuille-renouvelable-377\/#primaryimage"},"thumbnailUrl":"https:\/\/www.les-energies-renouvelables.eu\/article\/actualites\/wp-content\/uploads\/2026\/02\/actualites-enel-investit-1-milliard-de-dollars-aux-etats-unis-pour-renforcer-son-portefeuille-renouvelable-enel-acquisition-renouvelables-etats-unis.jpg","datePublished":"2026-02-21T07:00:00+00:00","dateModified":"2026-02-22T20:50:13+00:00","description":"Enel rach\u00e8te 830 MW de parcs \u00e9oliens et solaires aux USA pour 1 milliard $. D\u00e9cryptage d'une strat\u00e9gie bas\u00e9e sur les actifs op\u00e9rationnels.","breadcrumb":{"@id":"https:\/\/www.les-energies-renouvelables.eu\/article\/actualites\/energies\/enel-investit-1-milliard-de-dollars-aux-etats-unis-pour-renforcer-son-portefeuille-renouvelable-377\/#breadcrumb"},"inLanguage":"fr-FR","potentialAction":[{"@type":"ReadAction","target":["https:\/\/www.les-energies-renouvelables.eu\/article\/actualites\/energies\/enel-investit-1-milliard-de-dollars-aux-etats-unis-pour-renforcer-son-portefeuille-renouvelable-377\/"]}]},{"@type":"ImageObject","inLanguage":"fr-FR","@id":"https:\/\/www.les-energies-renouvelables.eu\/article\/actualites\/energies\/enel-investit-1-milliard-de-dollars-aux-etats-unis-pour-renforcer-son-portefeuille-renouvelable-377\/#primaryimage","url":"https:\/\/www.les-energies-renouvelables.eu\/article\/actualites\/wp-content\/uploads\/2026\/02\/actualites-enel-investit-1-milliard-de-dollars-aux-etats-unis-pour-renforcer-son-portefeuille-renouvelable-enel-acquisition-renouvelables-etats-unis.jpg","contentUrl":"https:\/\/www.les-energies-renouvelables.eu\/article\/actualites\/wp-content\/uploads\/2026\/02\/actualites-enel-investit-1-milliard-de-dollars-aux-etats-unis-pour-renforcer-son-portefeuille-renouvelable-enel-acquisition-renouvelables-etats-unis.jpg","width":1200,"height":675,"caption":"Dall-E"},{"@type":"BreadcrumbList","@id":"https:\/\/www.les-energies-renouvelables.eu\/article\/actualites\/energies\/enel-investit-1-milliard-de-dollars-aux-etats-unis-pour-renforcer-son-portefeuille-renouvelable-377\/#breadcrumb","itemListElement":[{"@type":"ListItem","position":1,"name":"Accueil","item":"https:\/\/www.les-energies-renouvelables.eu\/article\/actualites\/"},{"@type":"ListItem","position":2,"name":"Enel investit 1 milliard de dollars aux \u00c9tats-Unis pour renforcer son portefeuille renouvelable"}]},{"@type":"WebSite","@id":"https:\/\/www.les-energies-renouvelables.eu\/article\/actualites\/#website","url":"https:\/\/www.les-energies-renouvelables.eu\/article\/actualites\/","name":"ECOinfos Energies renouvelables","description":"Le d\u00e9cryptage quotidien du secteur des \u00e9nergies renouvelables","publisher":{"@id":"https:\/\/www.les-energies-renouvelables.eu\/article\/actualites\/#organization"},"potentialAction":[{"@type":"SearchAction","target":{"@type":"EntryPoint","urlTemplate":"https:\/\/www.les-energies-renouvelables.eu\/article\/actualites\/?s={search_term_string}"},"query-input":{"@type":"PropertyValueSpecification","valueRequired":true,"valueName":"search_term_string"}}],"inLanguage":"fr-FR"},{"@type":"Organization","@id":"https:\/\/www.les-energies-renouvelables.eu\/article\/actualites\/#organization","name":"ECOinfos Energies renouvelables","url":"https:\/\/www.les-energies-renouvelables.eu\/article\/actualites\/","logo":{"@type":"ImageObject","inLanguage":"fr-FR","@id":"https:\/\/www.les-energies-renouvelables.eu\/article\/actualites\/#\/schema\/logo\/image\/","url":"https:\/\/www.les-energies-renouvelables.eu\/article\/actualites\/wp-content\/uploads\/2025\/11\/ecoinfos.eldorado-consulting.com-logo-logo.svg","contentUrl":"https:\/\/www.les-energies-renouvelables.eu\/article\/actualites\/wp-content\/uploads\/2025\/11\/ecoinfos.eldorado-consulting.com-logo-logo.svg","caption":"ECOinfos Energies renouvelables"},"image":{"@id":"https:\/\/www.les-energies-renouvelables.eu\/article\/actualites\/#\/schema\/logo\/image\/"},"sameAs":["https:\/\/www.facebook.com\/ecoannuaire.energierenouvelable\/","https:\/\/x.com\/ECOinfosENR","https:\/\/www.linkedin.com\/company\/ecoinfos-energies-renouvelables\/","https:\/\/www.youtube.com\/@ecoinfosenergies","https:\/\/share.google\/dyKHJPxAV42WhhjbM"]},{"@type":"Person","@id":"https:\/\/www.les-energies-renouvelables.eu\/article\/actualites\/#\/schema\/person\/2c7d09eb5ca339c12ca8d86145440169","name":"Alexia JACQUARD","pronouns":"elle\/elle","image":{"@type":"ImageObject","inLanguage":"fr-FR","@id":"https:\/\/www.les-energies-renouvelables.eu\/article\/actualites\/#\/schema\/person\/image\/","url":"https:\/\/www.les-energies-renouvelables.eu\/article\/actualites\/wp-content\/uploads\/2026\/01\/actualites-alexia-jacquard-alexia-jacquard-160x160.jpg","contentUrl":"https:\/\/www.les-energies-renouvelables.eu\/article\/actualites\/wp-content\/uploads\/2026\/01\/actualites-alexia-jacquard-alexia-jacquard-160x160.jpg","caption":"Alexia JACQUARD"},"description":"Curieuse de nature et attentif aux enjeux du d\u00e9veloppement durable, Alexia Jacquard suit l'actualit\u00e9 des \u00e9nergies renouvelables pour partager les derni\u00e8res nouveaut\u00e9s du secteur. Elle s'attache \u00e0 retranscrire simplement les informations cl\u00e9s et les initiatives positives qui marquent la transition \u00e9nerg\u00e9tique. Son objectif : proposer des articles d'actualit\u00e9 clairs et accessibles pour tous ceux qui s'int\u00e9ressent \u00e0 l'avenir de notre \u00e9nergie.","sameAs":["https:\/\/alexia-jacquard.fr","https:\/\/www.facebook.com\/tictacf2c\/","https:\/\/www.instagram.com\/alexia_redac\/","https:\/\/www.linkedin.com\/in\/alexia-jacquard-449a4b289\/","https:\/\/fr.pinterest.com\/alexiajacquard\/","https:\/\/x.com\/alexiajcrd","https:\/\/www.youtube.com\/@Thepaindemie","https:\/\/muckrack.com\/alexia-jacquard"],"url":"https:\/\/www.les-energies-renouvelables.eu\/article\/actualites\/author\/alexia-jacquard\/"}]}},"_links":{"self":[{"href":"https:\/\/www.les-energies-renouvelables.eu\/article\/actualites\/wp-json\/wp\/v2\/posts\/377","targetHints":{"allow":["GET"]}}],"collection":[{"href":"https:\/\/www.les-energies-renouvelables.eu\/article\/actualites\/wp-json\/wp\/v2\/posts"}],"about":[{"href":"https:\/\/www.les-energies-renouvelables.eu\/article\/actualites\/wp-json\/wp\/v2\/types\/post"}],"author":[{"embeddable":true,"href":"https:\/\/www.les-energies-renouvelables.eu\/article\/actualites\/wp-json\/wp\/v2\/users\/2"}],"replies":[{"embeddable":true,"href":"https:\/\/www.les-energies-renouvelables.eu\/article\/actualites\/wp-json\/wp\/v2\/comments?post=377"}],"version-history":[{"count":1,"href":"https:\/\/www.les-energies-renouvelables.eu\/article\/actualites\/wp-json\/wp\/v2\/posts\/377\/revisions"}],"predecessor-version":[{"id":378,"href":"https:\/\/www.les-energies-renouvelables.eu\/article\/actualites\/wp-json\/wp\/v2\/posts\/377\/revisions\/378"}],"wp:featuredmedia":[{"embeddable":true,"href":"https:\/\/www.les-energies-renouvelables.eu\/article\/actualites\/wp-json\/wp\/v2\/media\/379"}],"wp:attachment":[{"href":"https:\/\/www.les-energies-renouvelables.eu\/article\/actualites\/wp-json\/wp\/v2\/media?parent=377"}],"wp:term":[{"taxonomy":"category","embeddable":true,"href":"https:\/\/www.les-energies-renouvelables.eu\/article\/actualites\/wp-json\/wp\/v2\/categories?post=377"},{"taxonomy":"post_tag","embeddable":true,"href":"https:\/\/www.les-energies-renouvelables.eu\/article\/actualites\/wp-json\/wp\/v2\/tags?post=377"}],"curies":[{"name":"wp","href":"https:\/\/api.w.org\/{rel}","templated":true}]}}