{"id":374,"date":"2026-02-20T08:00:00","date_gmt":"2026-02-20T07:00:00","guid":{"rendered":"https:\/\/www.les-energies-renouvelables.eu\/article\/actualites\/?p=374"},"modified":"2026-02-19T22:23:28","modified_gmt":"2026-02-19T21:23:28","slug":"a-monflanquin-le-gaz-issu-des-dechets-est-desormais-injecte-dans-le-reseau","status":"publish","type":"post","link":"https:\/\/www.les-energies-renouvelables.eu\/article\/actualites\/environnement\/a-monflanquin-le-gaz-issu-des-dechets-est-desormais-injecte-dans-le-reseau-374\/","title":{"rendered":"\u00c0 Monflanquin, le gaz issu des d\u00e9chets est d\u00e9sormais inject\u00e9 dans le r\u00e9seau"},"content":{"rendered":"\n<p>R\u00e9sum\u00e9 :&nbsp;<\/p>\n\n\n\n<ul class=\"wp-block-list\">\n<li><strong>12 GWh par an :<\/strong> C&rsquo;est le volume de <strong>biom\u00e9thane inject\u00e9<\/strong>, correspondant \u00e0 la consommation annuelle de pr\u00e8s de <strong>2 000 foyers<\/strong> (source : <em>La D\u00e9p\u00eache<\/em>).<\/li>\n\n\n\n<li><strong>Proc\u00e9d\u00e9 WAGABOX\u00ae :<\/strong> Une technologie fran\u00e7aise d&rsquo;\u00e9puration qui permet de rendre le <strong>gaz de d\u00e9charge<\/strong> conforme aux sp\u00e9cifications d&rsquo;injection dans les r\u00e9seaux de gaz.<\/li>\n\n\n\n<li><strong>Impact environnemental :<\/strong> D&rsquo;apr\u00e8s Waga Energy, le projet pourrait \u00e9viter environ <strong>3 200 tonnes d&rsquo;\u00e9quivalent CO2<\/strong>par an en substituant du gaz renouvelable au gaz fossile import\u00e9.<\/li>\n<\/ul>\n\n\n\n<h2 class=\"wp-block-heading\">Une production locale pour les besoins du territoire<\/h2>\n\n\n\n<p>Le projet est port\u00e9 par la soci\u00e9t\u00e9 <strong>Biogaz Monflanquin<\/strong>, structure associant le syndicat de traitement des d\u00e9chets <strong>Valorizon<\/strong>et la <strong>SEM Avergies<\/strong>. Sur le site de l&rsquo;Albi\u00e9, qui traite environ 30 000 tonnes de d\u00e9chets par an, l&rsquo;enjeu est de valoriser l&rsquo;\u00e9nergie contenue dans les casiers d&rsquo;<strong>enfouissement<\/strong>.<\/p>\n\n\n\n<p>Concr\u00e8tement, le gaz capt\u00e9 sur place est inject\u00e9 dans le <strong>r\u00e9seau de distribution de GRDF<\/strong> pour approvisionner Villeneuve-sur-Lot et les communes voisines. Selon <em>La D\u00e9p\u00eache<\/em>, l&rsquo;investissement de <strong>4,5 millions d&rsquo;euros<\/strong> a re\u00e7u le soutien de la R\u00e9gion Nouvelle-Aquitaine (dispositif <strong>N\u00e9o Terra<\/strong>) et de Territoire d\u2019\u00c9nergie Lot-et-Garonne.<\/p>\n\n\n\n<p>Interrog\u00e9 par <em>La D\u00e9p\u00eache<\/em>, Ludovic Biasotto, pr\u00e9sident de Valorizon, souligne que ce d\u00e9marrage concr\u00e9tise une logique d&rsquo;<strong>\u00e9conomie circulaire<\/strong> en utilisant les d\u00e9chets comme une ressource. Pascal de Sermet, pr\u00e9sident d&rsquo;Avergies, pr\u00e9cise que ce partenariat participe \u00e0 l&rsquo;<strong>autonomie \u00e9nerg\u00e9tique<\/strong> du secteur tout en limitant les \u00e9missions de gaz \u00e0 effet de serre.<\/p>\n\n\n\n<h2 class=\"wp-block-heading\">Du biogaz au biom\u00e9thane : l&rsquo;\u00e9tape de l&rsquo;\u00e9puration<\/h2>\n\n\n\n<p>Le gaz produit naturellement par la d\u00e9gradation de la mati\u00e8re organique (le biogaz) ne peut pas \u00eatre utilis\u00e9 tel quel. Il contient du m\u00e9thane, mais aussi d&rsquo;autres composants qui le rendent incompatible avec le r\u00e9seau de gaz sans une <strong>\u00e9puration pr\u00e9alable<\/strong>.<\/p>\n\n\n\n<p>L\u2019unit\u00e9 install\u00e9e \u00e0 Monflanquin utilise la technologie <strong>WAGABOX\u00ae<\/strong>, d\u00e9velopp\u00e9e par l&rsquo;entreprise Waga Energy. Ce syst\u00e8me permet d&rsquo;extraire les impuret\u00e9s pour atteindre une qualit\u00e9 conforme aux exigences d&rsquo;injection dans le r\u00e9seau de gaz.<\/p>\n\n\n\n<p>Cette installation fonctionne en continu. Son r\u00f4le est de r\u00e9cup\u00e9rer une <strong>\u00e9nergie fatale<\/strong> qui, sans ce captage, pourrait \u00eatre br\u00fbl\u00e9e en torch\u00e8re ou partiellement \u00e9mise dans l&rsquo;atmosph\u00e8re. Waga Energy estime que, sur ce type de site, l&rsquo;<strong>injection de biom\u00e9thane<\/strong> peut dans certains cas permettre une meilleure valorisation \u00e9nerg\u00e9tique qu&rsquo;une production \u00e9lectrique sur place.<\/p>\n\n\n\n<h2 class=\"wp-block-heading\">Un apport concret pour le Lot-et-Garonne<\/h2>\n\n\n\n<p>Le volume annuel inject\u00e9 de <strong>12 GWh<\/strong> repr\u00e9sente un apport mesurable pour le mix \u00e9nerg\u00e9tique d\u00e9partemental. Cette production couvre les besoins en chauffage et eau chaude de pr\u00e8s de <strong>2 000 foyers<\/strong> sur le r\u00e9seau local du Villeneuvois.<\/p>\n\n\n\n<p>L&rsquo;int\u00e9r\u00eat \u00e9cologique de l&rsquo;op\u00e9ration repose sur deux piliers : D&rsquo;une part, on emp\u00eache le <strong>m\u00e9thane<\/strong>,&nbsp; un gaz \u00e0 fort pouvoir de r\u00e9chauffement,&nbsp; de s&rsquo;\u00e9chapper du site d&rsquo;enfouissement. D&rsquo;autre part, le biom\u00e9thane produit localement remplace du <strong>gaz naturel fossile<\/strong>, ce qui r\u00e9duit l&#8217;empreinte carbone globale de la consommation d&rsquo;\u00e9nergie dans le d\u00e9partement.<\/p>\n\n\n\n<p>Cette production pr\u00e9sente l&rsquo;avantage d&rsquo;\u00eatre stable tout au long de l&rsquo;ann\u00e9e. En plus de l&rsquo;usage domestique, ce gaz pourra alimenter les stations de distribution de carburant <strong>T\u00e9mob<\/strong> (le r\u00e9seau de stations <strong>bioGNV<\/strong> du d\u00e9partement), une solution mentionn\u00e9e par la presse locale pour d\u00e9carboner les transports de marchandises et les v\u00e9hicules de collectivit\u00e9s.<\/p>\n\n\n\n<h2 class=\"wp-block-heading\">Le biom\u00e9thane en France : une dynamique territoriale<\/h2>\n\n\n\n<p>L\u2019unit\u00e9 de Monflanquin s\u2019inscrit dans un d\u00e9ploiement national soutenu. Le tableau de bord biom\u00e9thane du minist\u00e8re charg\u00e9 de l&rsquo;\u00c9nergie (donn\u00e9es au 31 d\u00e9cembre 2024) fait \u00e9tat de <strong>731 installations d&rsquo;injection<\/strong> en France, pour une capacit\u00e9 totale de 13,9 TWh par an.<\/p>\n\n\n\n<p>Cette croissance (+15 % en un an) montre que les infrastructures gazi\u00e8res int\u00e8grent de plus en plus de ressources renouvelables produites au c\u0153ur des r\u00e9gions. Le projet de Monflanquin confirme cette tendance : transformer un site de gestion des d\u00e9chets en un point de <strong>production \u00e9nerg\u00e9tique<\/strong> dans le Lot-et-Garonne.<\/p>\n","protected":false},"excerpt":{"rendered":"","protected":false},"author":2,"featured_media":376,"comment_status":"closed","ping_status":"closed","sticky":false,"template":"","format":"standard","meta":{"footnotes":""},"categories":[4],"tags":[],"class_list":["post-374","post","type-post","status-publish","format-standard","has-post-thumbnail","hentry","category-environnement","masonry-post","generate-columns","tablet-grid-50","mobile-grid-100","grid-parent","grid-33"],"yoast_head":"<!-- This site is optimized with the Yoast SEO plugin v26.6 - https:\/\/yoast.com\/wordpress\/plugins\/seo\/ -->\n<title>\u00c0 Monflanquin, le gaz issu des d\u00e9chets est d\u00e9sormais inject\u00e9 dans le r\u00e9seau - ECOinfos<\/title>\n<meta name=\"description\" content=\"D\u00e9couvrez comment l&#039;unit\u00e9 de biom\u00e9thane de Monflanquin transforme les d\u00e9chets en \u00e9nergie. Un projet de 4,5M\u20ac injectant 12 GWh\/an dans le r\u00e9seau du Lot-et-Garonne pour 2 000 foyers.\" \/>\n<meta name=\"robots\" content=\"index, follow, max-snippet:-1, max-image-preview:large, max-video-preview:-1\" \/>\n<link rel=\"canonical\" href=\"https:\/\/www.les-energies-renouvelables.eu\/article\/actualites\/environnement\/a-monflanquin-le-gaz-issu-des-dechets-est-desormais-injecte-dans-le-reseau-374\/\" \/>\n<meta property=\"og:locale\" content=\"fr_FR\" \/>\n<meta property=\"og:type\" content=\"article\" \/>\n<meta property=\"og:title\" content=\"\u00c0 Monflanquin, le gaz issu des d\u00e9chets est d\u00e9sormais inject\u00e9 dans le r\u00e9seau - ECOinfos\" \/>\n<meta property=\"og:description\" content=\"D\u00e9couvrez comment l&#039;unit\u00e9 de biom\u00e9thane de Monflanquin transforme les d\u00e9chets en \u00e9nergie. Un projet de 4,5M\u20ac injectant 12 GWh\/an dans le r\u00e9seau du Lot-et-Garonne pour 2 000 foyers.\" \/>\n<meta property=\"og:url\" content=\"https:\/\/www.les-energies-renouvelables.eu\/article\/actualites\/environnement\/a-monflanquin-le-gaz-issu-des-dechets-est-desormais-injecte-dans-le-reseau-374\/\" \/>\n<meta property=\"og:site_name\" content=\"ECOinfos Energies renouvelables\" \/>\n<meta property=\"article:publisher\" content=\"https:\/\/www.facebook.com\/ecoannuaire.energierenouvelable\/\" \/>\n<meta property=\"article:author\" content=\"https:\/\/www.facebook.com\/tictacf2c\/\" \/>\n<meta property=\"article:published_time\" content=\"2026-02-20T07:00:00+00:00\" \/>\n<meta property=\"og:image\" content=\"https:\/\/www.les-energies-renouvelables.eu\/article\/actualites\/wp-content\/uploads\/2026\/02\/actualites-a-monflanquin-le-gaz-issu-des-dechets-est-desormais-injecte-dans-le-reseau-biomethane-monflanquin.jpg\" \/>\n\t<meta property=\"og:image:width\" content=\"1200\" \/>\n\t<meta property=\"og:image:height\" content=\"675\" \/>\n\t<meta property=\"og:image:type\" content=\"image\/jpeg\" \/>\n<meta name=\"author\" content=\"Alexia JACQUARD\" \/>\n<meta name=\"twitter:card\" content=\"summary_large_image\" \/>\n<meta name=\"twitter:creator\" content=\"@alexiajcrd\" \/>\n<meta name=\"twitter:site\" content=\"@ECOinfosENR\" \/>\n<meta name=\"twitter:label1\" content=\"\u00c9crit par\" \/>\n\t<meta name=\"twitter:data1\" content=\"Alexia JACQUARD\" \/>\n\t<meta name=\"twitter:label2\" content=\"Dur\u00e9e de lecture estim\u00e9e\" \/>\n\t<meta name=\"twitter:data2\" content=\"4 minutes\" \/>\n<script type=\"application\/ld+json\" class=\"yoast-schema-graph\">{\"@context\":\"https:\/\/schema.org\",\"@graph\":[{\"@type\":\"Article\",\"@id\":\"https:\/\/www.les-energies-renouvelables.eu\/article\/actualites\/environnement\/a-monflanquin-le-gaz-issu-des-dechets-est-desormais-injecte-dans-le-reseau-374\/#article\",\"isPartOf\":{\"@id\":\"https:\/\/www.les-energies-renouvelables.eu\/article\/actualites\/environnement\/a-monflanquin-le-gaz-issu-des-dechets-est-desormais-injecte-dans-le-reseau-374\/\"},\"author\":{\"name\":\"Alexia JACQUARD\",\"@id\":\"https:\/\/www.les-energies-renouvelables.eu\/article\/actualites\/#\/schema\/person\/2c7d09eb5ca339c12ca8d86145440169\"},\"headline\":\"\u00c0 Monflanquin, le gaz issu des d\u00e9chets est d\u00e9sormais inject\u00e9 dans le r\u00e9seau\",\"datePublished\":\"2026-02-20T07:00:00+00:00\",\"mainEntityOfPage\":{\"@id\":\"https:\/\/www.les-energies-renouvelables.eu\/article\/actualites\/environnement\/a-monflanquin-le-gaz-issu-des-dechets-est-desormais-injecte-dans-le-reseau-374\/\"},\"wordCount\":723,\"publisher\":{\"@id\":\"https:\/\/www.les-energies-renouvelables.eu\/article\/actualites\/#organization\"},\"image\":{\"@id\":\"https:\/\/www.les-energies-renouvelables.eu\/article\/actualites\/environnement\/a-monflanquin-le-gaz-issu-des-dechets-est-desormais-injecte-dans-le-reseau-374\/#primaryimage\"},\"thumbnailUrl\":\"https:\/\/www.les-energies-renouvelables.eu\/article\/actualites\/wp-content\/uploads\/2026\/02\/actualites-a-monflanquin-le-gaz-issu-des-dechets-est-desormais-injecte-dans-le-reseau-biomethane-monflanquin.jpg\",\"articleSection\":[\"Environnement\"],\"inLanguage\":\"fr-FR\"},{\"@type\":\"WebPage\",\"@id\":\"https:\/\/www.les-energies-renouvelables.eu\/article\/actualites\/environnement\/a-monflanquin-le-gaz-issu-des-dechets-est-desormais-injecte-dans-le-reseau-374\/\",\"url\":\"https:\/\/www.les-energies-renouvelables.eu\/article\/actualites\/environnement\/a-monflanquin-le-gaz-issu-des-dechets-est-desormais-injecte-dans-le-reseau-374\/\",\"name\":\"\u00c0 Monflanquin, le gaz issu des d\u00e9chets est d\u00e9sormais inject\u00e9 dans le r\u00e9seau - ECOinfos\",\"isPartOf\":{\"@id\":\"https:\/\/www.les-energies-renouvelables.eu\/article\/actualites\/#website\"},\"primaryImageOfPage\":{\"@id\":\"https:\/\/www.les-energies-renouvelables.eu\/article\/actualites\/environnement\/a-monflanquin-le-gaz-issu-des-dechets-est-desormais-injecte-dans-le-reseau-374\/#primaryimage\"},\"image\":{\"@id\":\"https:\/\/www.les-energies-renouvelables.eu\/article\/actualites\/environnement\/a-monflanquin-le-gaz-issu-des-dechets-est-desormais-injecte-dans-le-reseau-374\/#primaryimage\"},\"thumbnailUrl\":\"https:\/\/www.les-energies-renouvelables.eu\/article\/actualites\/wp-content\/uploads\/2026\/02\/actualites-a-monflanquin-le-gaz-issu-des-dechets-est-desormais-injecte-dans-le-reseau-biomethane-monflanquin.jpg\",\"datePublished\":\"2026-02-20T07:00:00+00:00\",\"description\":\"D\u00e9couvrez comment l'unit\u00e9 de biom\u00e9thane de Monflanquin transforme les d\u00e9chets en \u00e9nergie. Un projet de 4,5M\u20ac injectant 12 GWh\/an dans le r\u00e9seau du Lot-et-Garonne pour 2 000 foyers.\",\"breadcrumb\":{\"@id\":\"https:\/\/www.les-energies-renouvelables.eu\/article\/actualites\/environnement\/a-monflanquin-le-gaz-issu-des-dechets-est-desormais-injecte-dans-le-reseau-374\/#breadcrumb\"},\"inLanguage\":\"fr-FR\",\"potentialAction\":[{\"@type\":\"ReadAction\",\"target\":[\"https:\/\/www.les-energies-renouvelables.eu\/article\/actualites\/environnement\/a-monflanquin-le-gaz-issu-des-dechets-est-desormais-injecte-dans-le-reseau-374\/\"]}]},{\"@type\":\"ImageObject\",\"inLanguage\":\"fr-FR\",\"@id\":\"https:\/\/www.les-energies-renouvelables.eu\/article\/actualites\/environnement\/a-monflanquin-le-gaz-issu-des-dechets-est-desormais-injecte-dans-le-reseau-374\/#primaryimage\",\"url\":\"https:\/\/www.les-energies-renouvelables.eu\/article\/actualites\/wp-content\/uploads\/2026\/02\/actualites-a-monflanquin-le-gaz-issu-des-dechets-est-desormais-injecte-dans-le-reseau-biomethane-monflanquin.jpg\",\"contentUrl\":\"https:\/\/www.les-energies-renouvelables.eu\/article\/actualites\/wp-content\/uploads\/2026\/02\/actualites-a-monflanquin-le-gaz-issu-des-dechets-est-desormais-injecte-dans-le-reseau-biomethane-monflanquin.jpg\",\"width\":1200,\"height\":675,\"caption\":\"Dall-E\"},{\"@type\":\"BreadcrumbList\",\"@id\":\"https:\/\/www.les-energies-renouvelables.eu\/article\/actualites\/environnement\/a-monflanquin-le-gaz-issu-des-dechets-est-desormais-injecte-dans-le-reseau-374\/#breadcrumb\",\"itemListElement\":[{\"@type\":\"ListItem\",\"position\":1,\"name\":\"Accueil\",\"item\":\"https:\/\/www.les-energies-renouvelables.eu\/article\/actualites\/\"},{\"@type\":\"ListItem\",\"position\":2,\"name\":\"\u00c0 Monflanquin, le gaz issu des d\u00e9chets est d\u00e9sormais inject\u00e9 dans le r\u00e9seau\"}]},{\"@type\":\"WebSite\",\"@id\":\"https:\/\/www.les-energies-renouvelables.eu\/article\/actualites\/#website\",\"url\":\"https:\/\/www.les-energies-renouvelables.eu\/article\/actualites\/\",\"name\":\"ECOinfos Energies renouvelables\",\"description\":\"Le d\u00e9cryptage quotidien du secteur des \u00e9nergies renouvelables\",\"publisher\":{\"@id\":\"https:\/\/www.les-energies-renouvelables.eu\/article\/actualites\/#organization\"},\"potentialAction\":[{\"@type\":\"SearchAction\",\"target\":{\"@type\":\"EntryPoint\",\"urlTemplate\":\"https:\/\/www.les-energies-renouvelables.eu\/article\/actualites\/?s={search_term_string}\"},\"query-input\":{\"@type\":\"PropertyValueSpecification\",\"valueRequired\":true,\"valueName\":\"search_term_string\"}}],\"inLanguage\":\"fr-FR\"},{\"@type\":\"Organization\",\"@id\":\"https:\/\/www.les-energies-renouvelables.eu\/article\/actualites\/#organization\",\"name\":\"ECOinfos Energies renouvelables\",\"url\":\"https:\/\/www.les-energies-renouvelables.eu\/article\/actualites\/\",\"logo\":{\"@type\":\"ImageObject\",\"inLanguage\":\"fr-FR\",\"@id\":\"https:\/\/www.les-energies-renouvelables.eu\/article\/actualites\/#\/schema\/logo\/image\/\",\"url\":\"https:\/\/www.les-energies-renouvelables.eu\/article\/actualites\/wp-content\/uploads\/2025\/11\/ecoinfos.eldorado-consulting.com-logo-logo.svg\",\"contentUrl\":\"https:\/\/www.les-energies-renouvelables.eu\/article\/actualites\/wp-content\/uploads\/2025\/11\/ecoinfos.eldorado-consulting.com-logo-logo.svg\",\"caption\":\"ECOinfos Energies renouvelables\"},\"image\":{\"@id\":\"https:\/\/www.les-energies-renouvelables.eu\/article\/actualites\/#\/schema\/logo\/image\/\"},\"sameAs\":[\"https:\/\/www.facebook.com\/ecoannuaire.energierenouvelable\/\",\"https:\/\/x.com\/ECOinfosENR\",\"https:\/\/www.linkedin.com\/company\/ecoinfos-energies-renouvelables\/\",\"https:\/\/www.youtube.com\/@ecoinfosenergies\",\"https:\/\/share.google\/dyKHJPxAV42WhhjbM\"]},{\"@type\":\"Person\",\"@id\":\"https:\/\/www.les-energies-renouvelables.eu\/article\/actualites\/#\/schema\/person\/2c7d09eb5ca339c12ca8d86145440169\",\"name\":\"Alexia JACQUARD\",\"pronouns\":\"elle\/elle\",\"image\":{\"@type\":\"ImageObject\",\"inLanguage\":\"fr-FR\",\"@id\":\"https:\/\/www.les-energies-renouvelables.eu\/article\/actualites\/#\/schema\/person\/image\/\",\"url\":\"https:\/\/www.les-energies-renouvelables.eu\/article\/actualites\/wp-content\/uploads\/2026\/01\/actualites-alexia-jacquard-alexia-jacquard-160x160.jpg\",\"contentUrl\":\"https:\/\/www.les-energies-renouvelables.eu\/article\/actualites\/wp-content\/uploads\/2026\/01\/actualites-alexia-jacquard-alexia-jacquard-160x160.jpg\",\"caption\":\"Alexia JACQUARD\"},\"description\":\"Curieuse de nature et attentif aux enjeux du d\u00e9veloppement durable, Alexia Jacquard suit l'actualit\u00e9 des \u00e9nergies renouvelables pour partager les derni\u00e8res nouveaut\u00e9s du secteur. Elle s'attache \u00e0 retranscrire simplement les informations cl\u00e9s et les initiatives positives qui marquent la transition \u00e9nerg\u00e9tique. Son objectif : proposer des articles d'actualit\u00e9 clairs et accessibles pour tous ceux qui s'int\u00e9ressent \u00e0 l'avenir de notre \u00e9nergie.\",\"sameAs\":[\"https:\/\/alexia-jacquard.fr\",\"https:\/\/www.facebook.com\/tictacf2c\/\",\"https:\/\/www.instagram.com\/alexia_redac\/\",\"https:\/\/www.linkedin.com\/in\/alexia-jacquard-449a4b289\/\",\"https:\/\/fr.pinterest.com\/alexiajacquard\/\",\"https:\/\/x.com\/alexiajcrd\",\"https:\/\/www.youtube.com\/@Thepaindemie\",\"https:\/\/muckrack.com\/alexia-jacquard\"],\"url\":\"https:\/\/www.les-energies-renouvelables.eu\/article\/actualites\/author\/alexia-jacquard\/\"}]}<\/script>\n<!-- \/ Yoast SEO plugin. -->","yoast_head_json":{"title":"\u00c0 Monflanquin, le gaz issu des d\u00e9chets est d\u00e9sormais inject\u00e9 dans le r\u00e9seau - ECOinfos","description":"D\u00e9couvrez comment l'unit\u00e9 de biom\u00e9thane de Monflanquin transforme les d\u00e9chets en \u00e9nergie. Un projet de 4,5M\u20ac injectant 12 GWh\/an dans le r\u00e9seau du Lot-et-Garonne pour 2 000 foyers.","robots":{"index":"index","follow":"follow","max-snippet":"max-snippet:-1","max-image-preview":"max-image-preview:large","max-video-preview":"max-video-preview:-1"},"canonical":"https:\/\/www.les-energies-renouvelables.eu\/article\/actualites\/environnement\/a-monflanquin-le-gaz-issu-des-dechets-est-desormais-injecte-dans-le-reseau-374\/","og_locale":"fr_FR","og_type":"article","og_title":"\u00c0 Monflanquin, le gaz issu des d\u00e9chets est d\u00e9sormais inject\u00e9 dans le r\u00e9seau - ECOinfos","og_description":"D\u00e9couvrez comment l'unit\u00e9 de biom\u00e9thane de Monflanquin transforme les d\u00e9chets en \u00e9nergie. Un projet de 4,5M\u20ac injectant 12 GWh\/an dans le r\u00e9seau du Lot-et-Garonne pour 2 000 foyers.","og_url":"https:\/\/www.les-energies-renouvelables.eu\/article\/actualites\/environnement\/a-monflanquin-le-gaz-issu-des-dechets-est-desormais-injecte-dans-le-reseau-374\/","og_site_name":"ECOinfos Energies renouvelables","article_publisher":"https:\/\/www.facebook.com\/ecoannuaire.energierenouvelable\/","article_author":"https:\/\/www.facebook.com\/tictacf2c\/","article_published_time":"2026-02-20T07:00:00+00:00","og_image":[{"width":1200,"height":675,"url":"https:\/\/www.les-energies-renouvelables.eu\/article\/actualites\/wp-content\/uploads\/2026\/02\/actualites-a-monflanquin-le-gaz-issu-des-dechets-est-desormais-injecte-dans-le-reseau-biomethane-monflanquin.jpg","type":"image\/jpeg"}],"author":"Alexia JACQUARD","twitter_card":"summary_large_image","twitter_creator":"@alexiajcrd","twitter_site":"@ECOinfosENR","twitter_misc":{"\u00c9crit par":"Alexia JACQUARD","Dur\u00e9e de lecture estim\u00e9e":"4 minutes"},"schema":{"@context":"https:\/\/schema.org","@graph":[{"@type":"Article","@id":"https:\/\/www.les-energies-renouvelables.eu\/article\/actualites\/environnement\/a-monflanquin-le-gaz-issu-des-dechets-est-desormais-injecte-dans-le-reseau-374\/#article","isPartOf":{"@id":"https:\/\/www.les-energies-renouvelables.eu\/article\/actualites\/environnement\/a-monflanquin-le-gaz-issu-des-dechets-est-desormais-injecte-dans-le-reseau-374\/"},"author":{"name":"Alexia JACQUARD","@id":"https:\/\/www.les-energies-renouvelables.eu\/article\/actualites\/#\/schema\/person\/2c7d09eb5ca339c12ca8d86145440169"},"headline":"\u00c0 Monflanquin, le gaz issu des d\u00e9chets est d\u00e9sormais inject\u00e9 dans le r\u00e9seau","datePublished":"2026-02-20T07:00:00+00:00","mainEntityOfPage":{"@id":"https:\/\/www.les-energies-renouvelables.eu\/article\/actualites\/environnement\/a-monflanquin-le-gaz-issu-des-dechets-est-desormais-injecte-dans-le-reseau-374\/"},"wordCount":723,"publisher":{"@id":"https:\/\/www.les-energies-renouvelables.eu\/article\/actualites\/#organization"},"image":{"@id":"https:\/\/www.les-energies-renouvelables.eu\/article\/actualites\/environnement\/a-monflanquin-le-gaz-issu-des-dechets-est-desormais-injecte-dans-le-reseau-374\/#primaryimage"},"thumbnailUrl":"https:\/\/www.les-energies-renouvelables.eu\/article\/actualites\/wp-content\/uploads\/2026\/02\/actualites-a-monflanquin-le-gaz-issu-des-dechets-est-desormais-injecte-dans-le-reseau-biomethane-monflanquin.jpg","articleSection":["Environnement"],"inLanguage":"fr-FR"},{"@type":"WebPage","@id":"https:\/\/www.les-energies-renouvelables.eu\/article\/actualites\/environnement\/a-monflanquin-le-gaz-issu-des-dechets-est-desormais-injecte-dans-le-reseau-374\/","url":"https:\/\/www.les-energies-renouvelables.eu\/article\/actualites\/environnement\/a-monflanquin-le-gaz-issu-des-dechets-est-desormais-injecte-dans-le-reseau-374\/","name":"\u00c0 Monflanquin, le gaz issu des d\u00e9chets est d\u00e9sormais inject\u00e9 dans le r\u00e9seau - ECOinfos","isPartOf":{"@id":"https:\/\/www.les-energies-renouvelables.eu\/article\/actualites\/#website"},"primaryImageOfPage":{"@id":"https:\/\/www.les-energies-renouvelables.eu\/article\/actualites\/environnement\/a-monflanquin-le-gaz-issu-des-dechets-est-desormais-injecte-dans-le-reseau-374\/#primaryimage"},"image":{"@id":"https:\/\/www.les-energies-renouvelables.eu\/article\/actualites\/environnement\/a-monflanquin-le-gaz-issu-des-dechets-est-desormais-injecte-dans-le-reseau-374\/#primaryimage"},"thumbnailUrl":"https:\/\/www.les-energies-renouvelables.eu\/article\/actualites\/wp-content\/uploads\/2026\/02\/actualites-a-monflanquin-le-gaz-issu-des-dechets-est-desormais-injecte-dans-le-reseau-biomethane-monflanquin.jpg","datePublished":"2026-02-20T07:00:00+00:00","description":"D\u00e9couvrez comment l'unit\u00e9 de biom\u00e9thane de Monflanquin transforme les d\u00e9chets en \u00e9nergie. Un projet de 4,5M\u20ac injectant 12 GWh\/an dans le r\u00e9seau du Lot-et-Garonne pour 2 000 foyers.","breadcrumb":{"@id":"https:\/\/www.les-energies-renouvelables.eu\/article\/actualites\/environnement\/a-monflanquin-le-gaz-issu-des-dechets-est-desormais-injecte-dans-le-reseau-374\/#breadcrumb"},"inLanguage":"fr-FR","potentialAction":[{"@type":"ReadAction","target":["https:\/\/www.les-energies-renouvelables.eu\/article\/actualites\/environnement\/a-monflanquin-le-gaz-issu-des-dechets-est-desormais-injecte-dans-le-reseau-374\/"]}]},{"@type":"ImageObject","inLanguage":"fr-FR","@id":"https:\/\/www.les-energies-renouvelables.eu\/article\/actualites\/environnement\/a-monflanquin-le-gaz-issu-des-dechets-est-desormais-injecte-dans-le-reseau-374\/#primaryimage","url":"https:\/\/www.les-energies-renouvelables.eu\/article\/actualites\/wp-content\/uploads\/2026\/02\/actualites-a-monflanquin-le-gaz-issu-des-dechets-est-desormais-injecte-dans-le-reseau-biomethane-monflanquin.jpg","contentUrl":"https:\/\/www.les-energies-renouvelables.eu\/article\/actualites\/wp-content\/uploads\/2026\/02\/actualites-a-monflanquin-le-gaz-issu-des-dechets-est-desormais-injecte-dans-le-reseau-biomethane-monflanquin.jpg","width":1200,"height":675,"caption":"Dall-E"},{"@type":"BreadcrumbList","@id":"https:\/\/www.les-energies-renouvelables.eu\/article\/actualites\/environnement\/a-monflanquin-le-gaz-issu-des-dechets-est-desormais-injecte-dans-le-reseau-374\/#breadcrumb","itemListElement":[{"@type":"ListItem","position":1,"name":"Accueil","item":"https:\/\/www.les-energies-renouvelables.eu\/article\/actualites\/"},{"@type":"ListItem","position":2,"name":"\u00c0 Monflanquin, le gaz issu des d\u00e9chets est d\u00e9sormais inject\u00e9 dans le r\u00e9seau"}]},{"@type":"WebSite","@id":"https:\/\/www.les-energies-renouvelables.eu\/article\/actualites\/#website","url":"https:\/\/www.les-energies-renouvelables.eu\/article\/actualites\/","name":"ECOinfos Energies renouvelables","description":"Le d\u00e9cryptage quotidien du secteur des \u00e9nergies renouvelables","publisher":{"@id":"https:\/\/www.les-energies-renouvelables.eu\/article\/actualites\/#organization"},"potentialAction":[{"@type":"SearchAction","target":{"@type":"EntryPoint","urlTemplate":"https:\/\/www.les-energies-renouvelables.eu\/article\/actualites\/?s={search_term_string}"},"query-input":{"@type":"PropertyValueSpecification","valueRequired":true,"valueName":"search_term_string"}}],"inLanguage":"fr-FR"},{"@type":"Organization","@id":"https:\/\/www.les-energies-renouvelables.eu\/article\/actualites\/#organization","name":"ECOinfos Energies renouvelables","url":"https:\/\/www.les-energies-renouvelables.eu\/article\/actualites\/","logo":{"@type":"ImageObject","inLanguage":"fr-FR","@id":"https:\/\/www.les-energies-renouvelables.eu\/article\/actualites\/#\/schema\/logo\/image\/","url":"https:\/\/www.les-energies-renouvelables.eu\/article\/actualites\/wp-content\/uploads\/2025\/11\/ecoinfos.eldorado-consulting.com-logo-logo.svg","contentUrl":"https:\/\/www.les-energies-renouvelables.eu\/article\/actualites\/wp-content\/uploads\/2025\/11\/ecoinfos.eldorado-consulting.com-logo-logo.svg","caption":"ECOinfos Energies renouvelables"},"image":{"@id":"https:\/\/www.les-energies-renouvelables.eu\/article\/actualites\/#\/schema\/logo\/image\/"},"sameAs":["https:\/\/www.facebook.com\/ecoannuaire.energierenouvelable\/","https:\/\/x.com\/ECOinfosENR","https:\/\/www.linkedin.com\/company\/ecoinfos-energies-renouvelables\/","https:\/\/www.youtube.com\/@ecoinfosenergies","https:\/\/share.google\/dyKHJPxAV42WhhjbM"]},{"@type":"Person","@id":"https:\/\/www.les-energies-renouvelables.eu\/article\/actualites\/#\/schema\/person\/2c7d09eb5ca339c12ca8d86145440169","name":"Alexia JACQUARD","pronouns":"elle\/elle","image":{"@type":"ImageObject","inLanguage":"fr-FR","@id":"https:\/\/www.les-energies-renouvelables.eu\/article\/actualites\/#\/schema\/person\/image\/","url":"https:\/\/www.les-energies-renouvelables.eu\/article\/actualites\/wp-content\/uploads\/2026\/01\/actualites-alexia-jacquard-alexia-jacquard-160x160.jpg","contentUrl":"https:\/\/www.les-energies-renouvelables.eu\/article\/actualites\/wp-content\/uploads\/2026\/01\/actualites-alexia-jacquard-alexia-jacquard-160x160.jpg","caption":"Alexia JACQUARD"},"description":"Curieuse de nature et attentif aux enjeux du d\u00e9veloppement durable, Alexia Jacquard suit l'actualit\u00e9 des \u00e9nergies renouvelables pour partager les derni\u00e8res nouveaut\u00e9s du secteur. Elle s'attache \u00e0 retranscrire simplement les informations cl\u00e9s et les initiatives positives qui marquent la transition \u00e9nerg\u00e9tique. Son objectif : proposer des articles d'actualit\u00e9 clairs et accessibles pour tous ceux qui s'int\u00e9ressent \u00e0 l'avenir de notre \u00e9nergie.","sameAs":["https:\/\/alexia-jacquard.fr","https:\/\/www.facebook.com\/tictacf2c\/","https:\/\/www.instagram.com\/alexia_redac\/","https:\/\/www.linkedin.com\/in\/alexia-jacquard-449a4b289\/","https:\/\/fr.pinterest.com\/alexiajacquard\/","https:\/\/x.com\/alexiajcrd","https:\/\/www.youtube.com\/@Thepaindemie","https:\/\/muckrack.com\/alexia-jacquard"],"url":"https:\/\/www.les-energies-renouvelables.eu\/article\/actualites\/author\/alexia-jacquard\/"}]}},"_links":{"self":[{"href":"https:\/\/www.les-energies-renouvelables.eu\/article\/actualites\/wp-json\/wp\/v2\/posts\/374","targetHints":{"allow":["GET"]}}],"collection":[{"href":"https:\/\/www.les-energies-renouvelables.eu\/article\/actualites\/wp-json\/wp\/v2\/posts"}],"about":[{"href":"https:\/\/www.les-energies-renouvelables.eu\/article\/actualites\/wp-json\/wp\/v2\/types\/post"}],"author":[{"embeddable":true,"href":"https:\/\/www.les-energies-renouvelables.eu\/article\/actualites\/wp-json\/wp\/v2\/users\/2"}],"replies":[{"embeddable":true,"href":"https:\/\/www.les-energies-renouvelables.eu\/article\/actualites\/wp-json\/wp\/v2\/comments?post=374"}],"version-history":[{"count":1,"href":"https:\/\/www.les-energies-renouvelables.eu\/article\/actualites\/wp-json\/wp\/v2\/posts\/374\/revisions"}],"predecessor-version":[{"id":375,"href":"https:\/\/www.les-energies-renouvelables.eu\/article\/actualites\/wp-json\/wp\/v2\/posts\/374\/revisions\/375"}],"wp:featuredmedia":[{"embeddable":true,"href":"https:\/\/www.les-energies-renouvelables.eu\/article\/actualites\/wp-json\/wp\/v2\/media\/376"}],"wp:attachment":[{"href":"https:\/\/www.les-energies-renouvelables.eu\/article\/actualites\/wp-json\/wp\/v2\/media?parent=374"}],"wp:term":[{"taxonomy":"category","embeddable":true,"href":"https:\/\/www.les-energies-renouvelables.eu\/article\/actualites\/wp-json\/wp\/v2\/categories?post=374"},{"taxonomy":"post_tag","embeddable":true,"href":"https:\/\/www.les-energies-renouvelables.eu\/article\/actualites\/wp-json\/wp\/v2\/tags?post=374"}],"curies":[{"name":"wp","href":"https:\/\/api.w.org\/{rel}","templated":true}]}}