{"id":360,"date":"2026-02-17T08:00:00","date_gmt":"2026-02-17T07:00:00","guid":{"rendered":"https:\/\/www.les-energies-renouvelables.eu\/article\/actualites\/?p=360"},"modified":"2026-02-16T21:57:33","modified_gmt":"2026-02-16T20:57:33","slug":"solaire-partage-la-reprise-de-sween-par-sunbiose-accelere-le-pilotage-des-projets-locaux","status":"publish","type":"post","link":"https:\/\/www.les-energies-renouvelables.eu\/article\/actualites\/energies\/solaire-partage-la-reprise-de-sween-par-sunbiose-accelere-le-pilotage-des-projets-locaux-360\/","title":{"rendered":"Solaire partag\u00e9 : la reprise de Sween par Sunbiose acc\u00e9l\u00e8re le pilotage des projets locaux"},"content":{"rendered":"\n<p>R\u00e9sum\u00e9 :&nbsp;<\/p>\n\n\n\n<ul class=\"wp-block-list\">\n<li><strong>L\u2019\u00e9v\u00e9nement :<\/strong> Sunbiose a repris les actifs de Sween, acteur sp\u00e9cialis\u00e9 dans le <strong>pilotage de l&rsquo;ACC<\/strong>. Selon <em>L\u2019\u00c9cho du Solaire<\/em>, la reprise a \u00e9t\u00e9 valid\u00e9e par le Tribunal de Commerce de N\u00eemes le 9 janvier 2026.<strong>(L\u2019\u00c9cho du Solaire)<\/strong><\/li>\n\n\n\n<li><strong>Ce qui change :<\/strong> L&rsquo;int\u00e9gration de briques technologiques de <strong>suivi en temps r\u00e9el<\/strong> vise \u00e0 fiabiliser le fonctionnement du p\u00e9rim\u00e8tre de partage et \u00e0 aider \u00e0 maximiser le <strong>taux d&rsquo;autoconsommation<\/strong> du collectif.<\/li>\n\n\n\n<li><strong>Ce qui est annonc\u00e9 :<\/strong> Selon l&rsquo;acqu\u00e9reur, cette op\u00e9ration permet d&rsquo;int\u00e9grer une brique technologique brevet\u00e9e d\u00e9di\u00e9e \u00e0 la <strong>flexibilit\u00e9 des collectifs locaux<\/strong> de producteurs et consommateurs.<\/li>\n\n\n\n<li><strong>Ce qui n\u2019est pas pr\u00e9cis\u00e9 :<\/strong> La source ne mentionne ni le montant de la transaction, ni les modalit\u00e9s de transfert des contrats clients pr\u00e9c\u00e9demment engag\u00e9s avec la soci\u00e9t\u00e9 Sween.<\/li>\n\n\n\n<li><strong>L\u2019enjeu :<\/strong> Cette mise en cadre r\u00e9pond au besoin de <strong>transparence dans le comptage<\/strong> de l&rsquo;\u00e9nergie, une \u00e9tape cl\u00e9 pour faciliter la r\u00e9plication du mod\u00e8le sur le territoire.<\/li>\n<\/ul>\n\n\n\n<h2 class=\"wp-block-heading\">Comprendre l\u2019ACC : un partage d&rsquo;\u00e9nergie encadr\u00e9<\/h2>\n\n\n\n<p>L&rsquo;autoconsommation collective permet de partager une production d&rsquo;\u00e9lectricit\u00e9 locale entre plusieurs participants. Concr\u00e8tement, l&rsquo;\u00e9lectricit\u00e9 produite par des <strong>panneaux solaires<\/strong> (sur une mairie ou une copropri\u00e9t\u00e9) alimente diff\u00e9rents consommateurs voisins : habitants, commerces ou \u00e9quipements publics.<\/p>\n\n\n\n<p>Pour organiser ce partage, le Code de l&rsquo;\u00e9nergie impose la cr\u00e9ation d&rsquo;une <strong>Personne Morale Organisatrice (PMO)<\/strong>. Cette entit\u00e9 juridique organise la r\u00e9partition de l&rsquo;\u00e9nergie entre les membres. Dans la pratique, une commune peut par exemple consommer sa propre production sur plusieurs de ses b\u00e2timents publics : on parle alors d&rsquo;<strong>op\u00e9ration patrimoniale<\/strong>, lorsqu&rsquo;un m\u00eame propri\u00e9taire consomme sa production sur plusieurs sites.<\/p>\n\n\n\n<p>Trois param\u00e8tres principaux encadrent actuellement ce montage :<\/p>\n\n\n\n<ul class=\"wp-block-list\">\n<li><strong>P\u00e9rim\u00e8tre :<\/strong> La distance entre les deux participants les plus \u00e9loign\u00e9s est de <strong>2 km maximum<\/strong> (jusqu&rsquo;\u00e0 20 km en zone rurale par d\u00e9rogation). <strong>(Enedis)<\/strong><\/li>\n\n\n\n<li><strong>Puissance :<\/strong> La puissance de production cumul\u00e9e au sein de l&rsquo;installation est plafonn\u00e9e \u00e0 <strong>5 MW<\/strong>. <strong>(Enedis)<\/strong><\/li>\n\n\n\n<li><strong>Surplus :<\/strong> L&rsquo;\u00e9lectricit\u00e9 produite non consomm\u00e9e par les participants peut \u00eatre vendue ou, \u00e0 d\u00e9faut, c\u00e9d\u00e9e \u00e0 titre gratuit au gestionnaire de r\u00e9seau selon les modalit\u00e9s pr\u00e9vues par le Code de l&rsquo;\u00e9nergie [Source 2 &#8211; Art. L315-5].<\/li>\n<\/ul>\n\n\n\n<h2 class=\"wp-block-heading\">Le pilotage : assurer la transparence de la r\u00e9partition<\/h2>\n\n\n\n<p>La r\u00e9ussite d&rsquo;un montage d&rsquo;ACC repose sur la <strong>fiabilit\u00e9 du comptage<\/strong>. Sans un suivi rigoureux, la r\u00e9partition de l&rsquo;\u00e9lectricit\u00e9 entre les membres (qui consomme quoi et quand ?) devient complexe \u00e0 administrer.<\/p>\n\n\n\n<p><strong>Enedis<\/strong> joue ici un r\u00f4le central. Le gestionnaire de r\u00e9seau rel\u00e8ve les donn\u00e9es via les <strong>compteurs communicants (Linky)<\/strong> et calcule les parts de production de chaque membre selon les r\u00e8gles d\u00e9finies par la PMO. Ces informations sont ensuite transmises aux fournisseurs d&rsquo;\u00e9nergie. C\u2019est ce comptage pr\u00e9cis qui d\u00e9clenche la <strong>d\u00e9duction sur la facture<\/strong> de chaque participant.<\/p>\n\n\n\n<p>Le principe des solutions num\u00e9riques, comme celles acquises par Sunbiose, est de renforcer la confiance entre les acteurs. L&rsquo;objectif est d&rsquo;ajuster la consommation des membres en fonction de la production disponible pour optimiser l&rsquo;affectation des kilowattheures produits. Ces outils permettent de g\u00e9rer des <strong>cl\u00e9s de r\u00e9partition<\/strong> (parts fixes ou dynamiques) de mani\u00e8re fluide pour l&rsquo;ensemble des participants.<\/p>\n\n\n\n<h2 class=\"wp-block-heading\">Checklist du porteur de projet : les \u00e9tapes cl\u00e9s<\/h2>\n\n\n\n<p>Le d\u00e9ploiement d&rsquo;un montage de partage d&rsquo;\u00e9nergie suit un parcours balis\u00e9, qu&rsquo;il s&rsquo;agisse d&rsquo;une copropri\u00e9t\u00e9 alimentant ses r\u00e9sidents ou d&rsquo;une zone industrielle mutualisant sa production :<\/p>\n\n\n\n<ol class=\"wp-block-list\">\n<li><strong>Gouvernance :<\/strong> Constituer la PMO (l&rsquo;entit\u00e9 juridique organisatrice) et d\u00e9finir les r\u00e8gles de partage entre les membres.<\/li>\n\n\n\n<li><strong>Conventionnement :<\/strong> Signer avec Enedis une <strong>convention relative \u00e0 l\u2019op\u00e9ration d\u2019ACC<\/strong>. La date de signature de ce document marque officiellement le d\u00e9marrage de l&rsquo;op\u00e9ration.<\/li>\n\n\n\n<li><strong>D\u00e9lais techniques :<\/strong> Selon les guides de r\u00e9f\u00e9rence, un raccordement simple peut prendre environ 2 mois, tandis que des configurations complexes n\u00e9cessitant des travaux sur le r\u00e9seau peuvent s&rsquo;\u00e9tendre jusqu&rsquo;\u00e0 <strong>18 mois<\/strong>. <strong>(Enedis)<\/strong><\/li>\n<\/ol>\n\n\n\n<p>Le cadre l\u00e9gislatif s&rsquo;est pr\u00e9cis\u00e9 pour faciliter ces initiatives. La <strong>loi relative \u00e0 l&rsquo;acc\u00e9l\u00e9ration de la production d&rsquo;\u00e9nergie renouvelable (APER)<\/strong> de 2023 a notamment clarifi\u00e9 certains points d&rsquo;articulation pour les collectivit\u00e9s, notamment vis-\u00e0-vis des r\u00e8gles de commande publique. De plus, les projets sont, sous conditions d&rsquo;\u00e9ligibilit\u00e9, compatibles avec des dispositifs de soutien comme l\u2019<strong>Obligation d\u2019Achat<\/strong> (selon l&rsquo;arr\u00eat\u00e9 du 6 octobre 2021) ou le compl\u00e9ment de r\u00e9mun\u00e9ration. <strong>(ADEME \/ Code de l\u2019\u00e9nergie)<\/strong><\/p>\n\n\n\n<p>Avec des outils de pilotage d\u00e9sormais plus structur\u00e9s et des proc\u00e9dures administratives formalis\u00e9es, l&rsquo;autoconsommation collective dispose des leviers n\u00e9cessaires pour se d\u00e9velopper dans les territoires.<\/p>\n\n\n\n<p><strong>Sources et r\u00e9f\u00e9rences :<\/strong><\/p>\n\n\n\n<ul class=\"wp-block-list\">\n<li>L&rsquo;\u00c9cho du Solaire : <em>Sunbiose acc\u00e9l\u00e8re l&rsquo;ACC avec la reprise de Sween<\/em> (09\/01\/2026).<\/li>\n\n\n\n<li>L\u00e9gifrance : <em>Code de l&rsquo;\u00e9nergie &#8211; Chapitre V sur l&rsquo;autoconsommation<\/em>.<\/li>\n\n\n\n<li>Enedis : <em>Guide p\u00e9dagogique de l&rsquo;autoconsommation collective<\/em> (\u00c9dition 2023).<\/li>\n\n\n\n<li>ADEME : <em>Photovolta\u00efque et ACC &#8211; Guide pratique pour les collectivit\u00e9s<\/em> (D\u00e9cembre 2023).<\/li>\n<\/ul>\n","protected":false},"excerpt":{"rendered":"","protected":false},"author":2,"featured_media":361,"comment_status":"closed","ping_status":"closed","sticky":false,"template":"","format":"standard","meta":{"footnotes":""},"categories":[1],"tags":[],"class_list":["post-360","post","type-post","status-publish","format-standard","has-post-thumbnail","hentry","category-energies","masonry-post","generate-columns","tablet-grid-50","mobile-grid-100","grid-parent","grid-33"],"yoast_head":"<!-- This site is optimized with the Yoast SEO plugin v26.6 - https:\/\/yoast.com\/wordpress\/plugins\/seo\/ -->\n<title>Solaire partag\u00e9 : la reprise de Sween par Sunbiose acc\u00e9l\u00e8re le pilotage des projets locaux - ECOinfos<\/title>\n<meta name=\"description\" content=\"D\u00e9couvrez comment l&#039;autoconsommation collective se professionnalise. Focus sur la reprise de Sween par Sunbiose et l&#039;importance du pilotage num\u00e9rique pour s\u00e9curiser le solaire partag\u00e9 en copropri\u00e9t\u00e9 ou en commune.\" \/>\n<meta name=\"robots\" content=\"index, follow, max-snippet:-1, max-image-preview:large, max-video-preview:-1\" \/>\n<link rel=\"canonical\" href=\"https:\/\/www.les-energies-renouvelables.eu\/article\/actualites\/energies\/solaire-partage-la-reprise-de-sween-par-sunbiose-accelere-le-pilotage-des-projets-locaux-360\/\" \/>\n<meta property=\"og:locale\" content=\"fr_FR\" \/>\n<meta property=\"og:type\" content=\"article\" \/>\n<meta property=\"og:title\" content=\"Solaire partag\u00e9 : la reprise de Sween par Sunbiose acc\u00e9l\u00e8re le pilotage des projets locaux - ECOinfos\" \/>\n<meta property=\"og:description\" content=\"D\u00e9couvrez comment l&#039;autoconsommation collective se professionnalise. Focus sur la reprise de Sween par Sunbiose et l&#039;importance du pilotage num\u00e9rique pour s\u00e9curiser le solaire partag\u00e9 en copropri\u00e9t\u00e9 ou en commune.\" \/>\n<meta property=\"og:url\" content=\"https:\/\/www.les-energies-renouvelables.eu\/article\/actualites\/energies\/solaire-partage-la-reprise-de-sween-par-sunbiose-accelere-le-pilotage-des-projets-locaux-360\/\" \/>\n<meta property=\"og:site_name\" content=\"ECOinfos Energies renouvelables\" \/>\n<meta property=\"article:publisher\" content=\"https:\/\/www.facebook.com\/ecoannuaire.energierenouvelable\/\" \/>\n<meta property=\"article:author\" content=\"https:\/\/www.facebook.com\/tictacf2c\/\" \/>\n<meta property=\"article:published_time\" content=\"2026-02-17T07:00:00+00:00\" \/>\n<meta property=\"og:image\" content=\"https:\/\/www.les-energies-renouvelables.eu\/article\/actualites\/wp-content\/uploads\/2026\/02\/actualites-brouillon-auto-autoconsommation-collective-pilotage.jpg\" \/>\n\t<meta property=\"og:image:width\" content=\"1200\" \/>\n\t<meta property=\"og:image:height\" content=\"675\" \/>\n\t<meta property=\"og:image:type\" content=\"image\/jpeg\" \/>\n<meta name=\"author\" content=\"Alexia JACQUARD\" \/>\n<meta name=\"twitter:card\" content=\"summary_large_image\" \/>\n<meta name=\"twitter:creator\" content=\"@alexiajcrd\" \/>\n<meta name=\"twitter:site\" content=\"@ECOinfosENR\" \/>\n<meta name=\"twitter:label1\" content=\"\u00c9crit par\" \/>\n\t<meta name=\"twitter:data1\" content=\"Alexia JACQUARD\" \/>\n\t<meta name=\"twitter:label2\" content=\"Dur\u00e9e de lecture estim\u00e9e\" \/>\n\t<meta name=\"twitter:data2\" content=\"4 minutes\" \/>\n<script type=\"application\/ld+json\" class=\"yoast-schema-graph\">{\"@context\":\"https:\/\/schema.org\",\"@graph\":[{\"@type\":\"Article\",\"@id\":\"https:\/\/www.les-energies-renouvelables.eu\/article\/actualites\/energies\/solaire-partage-la-reprise-de-sween-par-sunbiose-accelere-le-pilotage-des-projets-locaux-360\/#article\",\"isPartOf\":{\"@id\":\"https:\/\/www.les-energies-renouvelables.eu\/article\/actualites\/energies\/solaire-partage-la-reprise-de-sween-par-sunbiose-accelere-le-pilotage-des-projets-locaux-360\/\"},\"author\":{\"name\":\"Alexia JACQUARD\",\"@id\":\"https:\/\/www.les-energies-renouvelables.eu\/article\/actualites\/#\/schema\/person\/2c7d09eb5ca339c12ca8d86145440169\"},\"headline\":\"Solaire partag\u00e9 : la reprise de Sween par Sunbiose acc\u00e9l\u00e8re le pilotage des projets locaux\",\"datePublished\":\"2026-02-17T07:00:00+00:00\",\"mainEntityOfPage\":{\"@id\":\"https:\/\/www.les-energies-renouvelables.eu\/article\/actualites\/energies\/solaire-partage-la-reprise-de-sween-par-sunbiose-accelere-le-pilotage-des-projets-locaux-360\/\"},\"wordCount\":885,\"publisher\":{\"@id\":\"https:\/\/www.les-energies-renouvelables.eu\/article\/actualites\/#organization\"},\"image\":{\"@id\":\"https:\/\/www.les-energies-renouvelables.eu\/article\/actualites\/energies\/solaire-partage-la-reprise-de-sween-par-sunbiose-accelere-le-pilotage-des-projets-locaux-360\/#primaryimage\"},\"thumbnailUrl\":\"https:\/\/www.les-energies-renouvelables.eu\/article\/actualites\/wp-content\/uploads\/2026\/02\/actualites-brouillon-auto-autoconsommation-collective-pilotage.jpg\",\"articleSection\":[\"\u00c9nergies\"],\"inLanguage\":\"fr-FR\"},{\"@type\":\"WebPage\",\"@id\":\"https:\/\/www.les-energies-renouvelables.eu\/article\/actualites\/energies\/solaire-partage-la-reprise-de-sween-par-sunbiose-accelere-le-pilotage-des-projets-locaux-360\/\",\"url\":\"https:\/\/www.les-energies-renouvelables.eu\/article\/actualites\/energies\/solaire-partage-la-reprise-de-sween-par-sunbiose-accelere-le-pilotage-des-projets-locaux-360\/\",\"name\":\"Solaire partag\u00e9 : la reprise de Sween par Sunbiose acc\u00e9l\u00e8re le pilotage des projets locaux - ECOinfos\",\"isPartOf\":{\"@id\":\"https:\/\/www.les-energies-renouvelables.eu\/article\/actualites\/#website\"},\"primaryImageOfPage\":{\"@id\":\"https:\/\/www.les-energies-renouvelables.eu\/article\/actualites\/energies\/solaire-partage-la-reprise-de-sween-par-sunbiose-accelere-le-pilotage-des-projets-locaux-360\/#primaryimage\"},\"image\":{\"@id\":\"https:\/\/www.les-energies-renouvelables.eu\/article\/actualites\/energies\/solaire-partage-la-reprise-de-sween-par-sunbiose-accelere-le-pilotage-des-projets-locaux-360\/#primaryimage\"},\"thumbnailUrl\":\"https:\/\/www.les-energies-renouvelables.eu\/article\/actualites\/wp-content\/uploads\/2026\/02\/actualites-brouillon-auto-autoconsommation-collective-pilotage.jpg\",\"datePublished\":\"2026-02-17T07:00:00+00:00\",\"description\":\"D\u00e9couvrez comment l'autoconsommation collective se professionnalise. Focus sur la reprise de Sween par Sunbiose et l'importance du pilotage num\u00e9rique pour s\u00e9curiser le solaire partag\u00e9 en copropri\u00e9t\u00e9 ou en commune.\",\"breadcrumb\":{\"@id\":\"https:\/\/www.les-energies-renouvelables.eu\/article\/actualites\/energies\/solaire-partage-la-reprise-de-sween-par-sunbiose-accelere-le-pilotage-des-projets-locaux-360\/#breadcrumb\"},\"inLanguage\":\"fr-FR\",\"potentialAction\":[{\"@type\":\"ReadAction\",\"target\":[\"https:\/\/www.les-energies-renouvelables.eu\/article\/actualites\/energies\/solaire-partage-la-reprise-de-sween-par-sunbiose-accelere-le-pilotage-des-projets-locaux-360\/\"]}]},{\"@type\":\"ImageObject\",\"inLanguage\":\"fr-FR\",\"@id\":\"https:\/\/www.les-energies-renouvelables.eu\/article\/actualites\/energies\/solaire-partage-la-reprise-de-sween-par-sunbiose-accelere-le-pilotage-des-projets-locaux-360\/#primaryimage\",\"url\":\"https:\/\/www.les-energies-renouvelables.eu\/article\/actualites\/wp-content\/uploads\/2026\/02\/actualites-brouillon-auto-autoconsommation-collective-pilotage.jpg\",\"contentUrl\":\"https:\/\/www.les-energies-renouvelables.eu\/article\/actualites\/wp-content\/uploads\/2026\/02\/actualites-brouillon-auto-autoconsommation-collective-pilotage.jpg\",\"width\":1200,\"height\":675,\"caption\":\"Dall-E\"},{\"@type\":\"BreadcrumbList\",\"@id\":\"https:\/\/www.les-energies-renouvelables.eu\/article\/actualites\/energies\/solaire-partage-la-reprise-de-sween-par-sunbiose-accelere-le-pilotage-des-projets-locaux-360\/#breadcrumb\",\"itemListElement\":[{\"@type\":\"ListItem\",\"position\":1,\"name\":\"Accueil\",\"item\":\"https:\/\/www.les-energies-renouvelables.eu\/article\/actualites\/\"},{\"@type\":\"ListItem\",\"position\":2,\"name\":\"Solaire partag\u00e9 : la reprise de Sween par Sunbiose acc\u00e9l\u00e8re le pilotage des projets locaux\"}]},{\"@type\":\"WebSite\",\"@id\":\"https:\/\/www.les-energies-renouvelables.eu\/article\/actualites\/#website\",\"url\":\"https:\/\/www.les-energies-renouvelables.eu\/article\/actualites\/\",\"name\":\"ECOinfos Energies renouvelables\",\"description\":\"Le d\u00e9cryptage quotidien du secteur des \u00e9nergies renouvelables\",\"publisher\":{\"@id\":\"https:\/\/www.les-energies-renouvelables.eu\/article\/actualites\/#organization\"},\"potentialAction\":[{\"@type\":\"SearchAction\",\"target\":{\"@type\":\"EntryPoint\",\"urlTemplate\":\"https:\/\/www.les-energies-renouvelables.eu\/article\/actualites\/?s={search_term_string}\"},\"query-input\":{\"@type\":\"PropertyValueSpecification\",\"valueRequired\":true,\"valueName\":\"search_term_string\"}}],\"inLanguage\":\"fr-FR\"},{\"@type\":\"Organization\",\"@id\":\"https:\/\/www.les-energies-renouvelables.eu\/article\/actualites\/#organization\",\"name\":\"ECOinfos Energies renouvelables\",\"url\":\"https:\/\/www.les-energies-renouvelables.eu\/article\/actualites\/\",\"logo\":{\"@type\":\"ImageObject\",\"inLanguage\":\"fr-FR\",\"@id\":\"https:\/\/www.les-energies-renouvelables.eu\/article\/actualites\/#\/schema\/logo\/image\/\",\"url\":\"https:\/\/www.les-energies-renouvelables.eu\/article\/actualites\/wp-content\/uploads\/2025\/11\/ecoinfos.eldorado-consulting.com-logo-logo.svg\",\"contentUrl\":\"https:\/\/www.les-energies-renouvelables.eu\/article\/actualites\/wp-content\/uploads\/2025\/11\/ecoinfos.eldorado-consulting.com-logo-logo.svg\",\"caption\":\"ECOinfos Energies renouvelables\"},\"image\":{\"@id\":\"https:\/\/www.les-energies-renouvelables.eu\/article\/actualites\/#\/schema\/logo\/image\/\"},\"sameAs\":[\"https:\/\/www.facebook.com\/ecoannuaire.energierenouvelable\/\",\"https:\/\/x.com\/ECOinfosENR\",\"https:\/\/www.linkedin.com\/company\/ecoinfos-energies-renouvelables\/\",\"https:\/\/www.youtube.com\/@ecoinfosenergies\",\"https:\/\/share.google\/dyKHJPxAV42WhhjbM\"]},{\"@type\":\"Person\",\"@id\":\"https:\/\/www.les-energies-renouvelables.eu\/article\/actualites\/#\/schema\/person\/2c7d09eb5ca339c12ca8d86145440169\",\"name\":\"Alexia JACQUARD\",\"pronouns\":\"elle\/elle\",\"image\":{\"@type\":\"ImageObject\",\"inLanguage\":\"fr-FR\",\"@id\":\"https:\/\/www.les-energies-renouvelables.eu\/article\/actualites\/#\/schema\/person\/image\/\",\"url\":\"https:\/\/www.les-energies-renouvelables.eu\/article\/actualites\/wp-content\/uploads\/2026\/01\/actualites-alexia-jacquard-alexia-jacquard-160x160.jpg\",\"contentUrl\":\"https:\/\/www.les-energies-renouvelables.eu\/article\/actualites\/wp-content\/uploads\/2026\/01\/actualites-alexia-jacquard-alexia-jacquard-160x160.jpg\",\"caption\":\"Alexia JACQUARD\"},\"description\":\"Curieuse de nature et attentif aux enjeux du d\u00e9veloppement durable, Alexia Jacquard suit l'actualit\u00e9 des \u00e9nergies renouvelables pour partager les derni\u00e8res nouveaut\u00e9s du secteur. Elle s'attache \u00e0 retranscrire simplement les informations cl\u00e9s et les initiatives positives qui marquent la transition \u00e9nerg\u00e9tique. Son objectif : proposer des articles d'actualit\u00e9 clairs et accessibles pour tous ceux qui s'int\u00e9ressent \u00e0 l'avenir de notre \u00e9nergie.\",\"sameAs\":[\"https:\/\/alexia-jacquard.fr\",\"https:\/\/www.facebook.com\/tictacf2c\/\",\"https:\/\/www.instagram.com\/alexia_redac\/\",\"https:\/\/www.linkedin.com\/in\/alexia-jacquard-449a4b289\/\",\"https:\/\/fr.pinterest.com\/alexiajacquard\/\",\"https:\/\/x.com\/alexiajcrd\",\"https:\/\/www.youtube.com\/@Thepaindemie\",\"https:\/\/muckrack.com\/alexia-jacquard\"],\"url\":\"https:\/\/www.les-energies-renouvelables.eu\/article\/actualites\/author\/alexia-jacquard\/\"}]}<\/script>\n<!-- \/ Yoast SEO plugin. -->","yoast_head_json":{"title":"Solaire partag\u00e9 : la reprise de Sween par Sunbiose acc\u00e9l\u00e8re le pilotage des projets locaux - ECOinfos","description":"D\u00e9couvrez comment l'autoconsommation collective se professionnalise. Focus sur la reprise de Sween par Sunbiose et l'importance du pilotage num\u00e9rique pour s\u00e9curiser le solaire partag\u00e9 en copropri\u00e9t\u00e9 ou en commune.","robots":{"index":"index","follow":"follow","max-snippet":"max-snippet:-1","max-image-preview":"max-image-preview:large","max-video-preview":"max-video-preview:-1"},"canonical":"https:\/\/www.les-energies-renouvelables.eu\/article\/actualites\/energies\/solaire-partage-la-reprise-de-sween-par-sunbiose-accelere-le-pilotage-des-projets-locaux-360\/","og_locale":"fr_FR","og_type":"article","og_title":"Solaire partag\u00e9 : la reprise de Sween par Sunbiose acc\u00e9l\u00e8re le pilotage des projets locaux - ECOinfos","og_description":"D\u00e9couvrez comment l'autoconsommation collective se professionnalise. Focus sur la reprise de Sween par Sunbiose et l'importance du pilotage num\u00e9rique pour s\u00e9curiser le solaire partag\u00e9 en copropri\u00e9t\u00e9 ou en commune.","og_url":"https:\/\/www.les-energies-renouvelables.eu\/article\/actualites\/energies\/solaire-partage-la-reprise-de-sween-par-sunbiose-accelere-le-pilotage-des-projets-locaux-360\/","og_site_name":"ECOinfos Energies renouvelables","article_publisher":"https:\/\/www.facebook.com\/ecoannuaire.energierenouvelable\/","article_author":"https:\/\/www.facebook.com\/tictacf2c\/","article_published_time":"2026-02-17T07:00:00+00:00","og_image":[{"width":1200,"height":675,"url":"https:\/\/www.les-energies-renouvelables.eu\/article\/actualites\/wp-content\/uploads\/2026\/02\/actualites-brouillon-auto-autoconsommation-collective-pilotage.jpg","type":"image\/jpeg"}],"author":"Alexia JACQUARD","twitter_card":"summary_large_image","twitter_creator":"@alexiajcrd","twitter_site":"@ECOinfosENR","twitter_misc":{"\u00c9crit par":"Alexia JACQUARD","Dur\u00e9e de lecture estim\u00e9e":"4 minutes"},"schema":{"@context":"https:\/\/schema.org","@graph":[{"@type":"Article","@id":"https:\/\/www.les-energies-renouvelables.eu\/article\/actualites\/energies\/solaire-partage-la-reprise-de-sween-par-sunbiose-accelere-le-pilotage-des-projets-locaux-360\/#article","isPartOf":{"@id":"https:\/\/www.les-energies-renouvelables.eu\/article\/actualites\/energies\/solaire-partage-la-reprise-de-sween-par-sunbiose-accelere-le-pilotage-des-projets-locaux-360\/"},"author":{"name":"Alexia JACQUARD","@id":"https:\/\/www.les-energies-renouvelables.eu\/article\/actualites\/#\/schema\/person\/2c7d09eb5ca339c12ca8d86145440169"},"headline":"Solaire partag\u00e9 : la reprise de Sween par Sunbiose acc\u00e9l\u00e8re le pilotage des projets locaux","datePublished":"2026-02-17T07:00:00+00:00","mainEntityOfPage":{"@id":"https:\/\/www.les-energies-renouvelables.eu\/article\/actualites\/energies\/solaire-partage-la-reprise-de-sween-par-sunbiose-accelere-le-pilotage-des-projets-locaux-360\/"},"wordCount":885,"publisher":{"@id":"https:\/\/www.les-energies-renouvelables.eu\/article\/actualites\/#organization"},"image":{"@id":"https:\/\/www.les-energies-renouvelables.eu\/article\/actualites\/energies\/solaire-partage-la-reprise-de-sween-par-sunbiose-accelere-le-pilotage-des-projets-locaux-360\/#primaryimage"},"thumbnailUrl":"https:\/\/www.les-energies-renouvelables.eu\/article\/actualites\/wp-content\/uploads\/2026\/02\/actualites-brouillon-auto-autoconsommation-collective-pilotage.jpg","articleSection":["\u00c9nergies"],"inLanguage":"fr-FR"},{"@type":"WebPage","@id":"https:\/\/www.les-energies-renouvelables.eu\/article\/actualites\/energies\/solaire-partage-la-reprise-de-sween-par-sunbiose-accelere-le-pilotage-des-projets-locaux-360\/","url":"https:\/\/www.les-energies-renouvelables.eu\/article\/actualites\/energies\/solaire-partage-la-reprise-de-sween-par-sunbiose-accelere-le-pilotage-des-projets-locaux-360\/","name":"Solaire partag\u00e9 : la reprise de Sween par Sunbiose acc\u00e9l\u00e8re le pilotage des projets locaux - ECOinfos","isPartOf":{"@id":"https:\/\/www.les-energies-renouvelables.eu\/article\/actualites\/#website"},"primaryImageOfPage":{"@id":"https:\/\/www.les-energies-renouvelables.eu\/article\/actualites\/energies\/solaire-partage-la-reprise-de-sween-par-sunbiose-accelere-le-pilotage-des-projets-locaux-360\/#primaryimage"},"image":{"@id":"https:\/\/www.les-energies-renouvelables.eu\/article\/actualites\/energies\/solaire-partage-la-reprise-de-sween-par-sunbiose-accelere-le-pilotage-des-projets-locaux-360\/#primaryimage"},"thumbnailUrl":"https:\/\/www.les-energies-renouvelables.eu\/article\/actualites\/wp-content\/uploads\/2026\/02\/actualites-brouillon-auto-autoconsommation-collective-pilotage.jpg","datePublished":"2026-02-17T07:00:00+00:00","description":"D\u00e9couvrez comment l'autoconsommation collective se professionnalise. Focus sur la reprise de Sween par Sunbiose et l'importance du pilotage num\u00e9rique pour s\u00e9curiser le solaire partag\u00e9 en copropri\u00e9t\u00e9 ou en commune.","breadcrumb":{"@id":"https:\/\/www.les-energies-renouvelables.eu\/article\/actualites\/energies\/solaire-partage-la-reprise-de-sween-par-sunbiose-accelere-le-pilotage-des-projets-locaux-360\/#breadcrumb"},"inLanguage":"fr-FR","potentialAction":[{"@type":"ReadAction","target":["https:\/\/www.les-energies-renouvelables.eu\/article\/actualites\/energies\/solaire-partage-la-reprise-de-sween-par-sunbiose-accelere-le-pilotage-des-projets-locaux-360\/"]}]},{"@type":"ImageObject","inLanguage":"fr-FR","@id":"https:\/\/www.les-energies-renouvelables.eu\/article\/actualites\/energies\/solaire-partage-la-reprise-de-sween-par-sunbiose-accelere-le-pilotage-des-projets-locaux-360\/#primaryimage","url":"https:\/\/www.les-energies-renouvelables.eu\/article\/actualites\/wp-content\/uploads\/2026\/02\/actualites-brouillon-auto-autoconsommation-collective-pilotage.jpg","contentUrl":"https:\/\/www.les-energies-renouvelables.eu\/article\/actualites\/wp-content\/uploads\/2026\/02\/actualites-brouillon-auto-autoconsommation-collective-pilotage.jpg","width":1200,"height":675,"caption":"Dall-E"},{"@type":"BreadcrumbList","@id":"https:\/\/www.les-energies-renouvelables.eu\/article\/actualites\/energies\/solaire-partage-la-reprise-de-sween-par-sunbiose-accelere-le-pilotage-des-projets-locaux-360\/#breadcrumb","itemListElement":[{"@type":"ListItem","position":1,"name":"Accueil","item":"https:\/\/www.les-energies-renouvelables.eu\/article\/actualites\/"},{"@type":"ListItem","position":2,"name":"Solaire partag\u00e9 : la reprise de Sween par Sunbiose acc\u00e9l\u00e8re le pilotage des projets locaux"}]},{"@type":"WebSite","@id":"https:\/\/www.les-energies-renouvelables.eu\/article\/actualites\/#website","url":"https:\/\/www.les-energies-renouvelables.eu\/article\/actualites\/","name":"ECOinfos Energies renouvelables","description":"Le d\u00e9cryptage quotidien du secteur des \u00e9nergies renouvelables","publisher":{"@id":"https:\/\/www.les-energies-renouvelables.eu\/article\/actualites\/#organization"},"potentialAction":[{"@type":"SearchAction","target":{"@type":"EntryPoint","urlTemplate":"https:\/\/www.les-energies-renouvelables.eu\/article\/actualites\/?s={search_term_string}"},"query-input":{"@type":"PropertyValueSpecification","valueRequired":true,"valueName":"search_term_string"}}],"inLanguage":"fr-FR"},{"@type":"Organization","@id":"https:\/\/www.les-energies-renouvelables.eu\/article\/actualites\/#organization","name":"ECOinfos Energies renouvelables","url":"https:\/\/www.les-energies-renouvelables.eu\/article\/actualites\/","logo":{"@type":"ImageObject","inLanguage":"fr-FR","@id":"https:\/\/www.les-energies-renouvelables.eu\/article\/actualites\/#\/schema\/logo\/image\/","url":"https:\/\/www.les-energies-renouvelables.eu\/article\/actualites\/wp-content\/uploads\/2025\/11\/ecoinfos.eldorado-consulting.com-logo-logo.svg","contentUrl":"https:\/\/www.les-energies-renouvelables.eu\/article\/actualites\/wp-content\/uploads\/2025\/11\/ecoinfos.eldorado-consulting.com-logo-logo.svg","caption":"ECOinfos Energies renouvelables"},"image":{"@id":"https:\/\/www.les-energies-renouvelables.eu\/article\/actualites\/#\/schema\/logo\/image\/"},"sameAs":["https:\/\/www.facebook.com\/ecoannuaire.energierenouvelable\/","https:\/\/x.com\/ECOinfosENR","https:\/\/www.linkedin.com\/company\/ecoinfos-energies-renouvelables\/","https:\/\/www.youtube.com\/@ecoinfosenergies","https:\/\/share.google\/dyKHJPxAV42WhhjbM"]},{"@type":"Person","@id":"https:\/\/www.les-energies-renouvelables.eu\/article\/actualites\/#\/schema\/person\/2c7d09eb5ca339c12ca8d86145440169","name":"Alexia JACQUARD","pronouns":"elle\/elle","image":{"@type":"ImageObject","inLanguage":"fr-FR","@id":"https:\/\/www.les-energies-renouvelables.eu\/article\/actualites\/#\/schema\/person\/image\/","url":"https:\/\/www.les-energies-renouvelables.eu\/article\/actualites\/wp-content\/uploads\/2026\/01\/actualites-alexia-jacquard-alexia-jacquard-160x160.jpg","contentUrl":"https:\/\/www.les-energies-renouvelables.eu\/article\/actualites\/wp-content\/uploads\/2026\/01\/actualites-alexia-jacquard-alexia-jacquard-160x160.jpg","caption":"Alexia JACQUARD"},"description":"Curieuse de nature et attentif aux enjeux du d\u00e9veloppement durable, Alexia Jacquard suit l'actualit\u00e9 des \u00e9nergies renouvelables pour partager les derni\u00e8res nouveaut\u00e9s du secteur. Elle s'attache \u00e0 retranscrire simplement les informations cl\u00e9s et les initiatives positives qui marquent la transition \u00e9nerg\u00e9tique. Son objectif : proposer des articles d'actualit\u00e9 clairs et accessibles pour tous ceux qui s'int\u00e9ressent \u00e0 l'avenir de notre \u00e9nergie.","sameAs":["https:\/\/alexia-jacquard.fr","https:\/\/www.facebook.com\/tictacf2c\/","https:\/\/www.instagram.com\/alexia_redac\/","https:\/\/www.linkedin.com\/in\/alexia-jacquard-449a4b289\/","https:\/\/fr.pinterest.com\/alexiajacquard\/","https:\/\/x.com\/alexiajcrd","https:\/\/www.youtube.com\/@Thepaindemie","https:\/\/muckrack.com\/alexia-jacquard"],"url":"https:\/\/www.les-energies-renouvelables.eu\/article\/actualites\/author\/alexia-jacquard\/"}]}},"_links":{"self":[{"href":"https:\/\/www.les-energies-renouvelables.eu\/article\/actualites\/wp-json\/wp\/v2\/posts\/360","targetHints":{"allow":["GET"]}}],"collection":[{"href":"https:\/\/www.les-energies-renouvelables.eu\/article\/actualites\/wp-json\/wp\/v2\/posts"}],"about":[{"href":"https:\/\/www.les-energies-renouvelables.eu\/article\/actualites\/wp-json\/wp\/v2\/types\/post"}],"author":[{"embeddable":true,"href":"https:\/\/www.les-energies-renouvelables.eu\/article\/actualites\/wp-json\/wp\/v2\/users\/2"}],"replies":[{"embeddable":true,"href":"https:\/\/www.les-energies-renouvelables.eu\/article\/actualites\/wp-json\/wp\/v2\/comments?post=360"}],"version-history":[{"count":1,"href":"https:\/\/www.les-energies-renouvelables.eu\/article\/actualites\/wp-json\/wp\/v2\/posts\/360\/revisions"}],"predecessor-version":[{"id":362,"href":"https:\/\/www.les-energies-renouvelables.eu\/article\/actualites\/wp-json\/wp\/v2\/posts\/360\/revisions\/362"}],"wp:featuredmedia":[{"embeddable":true,"href":"https:\/\/www.les-energies-renouvelables.eu\/article\/actualites\/wp-json\/wp\/v2\/media\/361"}],"wp:attachment":[{"href":"https:\/\/www.les-energies-renouvelables.eu\/article\/actualites\/wp-json\/wp\/v2\/media?parent=360"}],"wp:term":[{"taxonomy":"category","embeddable":true,"href":"https:\/\/www.les-energies-renouvelables.eu\/article\/actualites\/wp-json\/wp\/v2\/categories?post=360"},{"taxonomy":"post_tag","embeddable":true,"href":"https:\/\/www.les-energies-renouvelables.eu\/article\/actualites\/wp-json\/wp\/v2\/tags?post=360"}],"curies":[{"name":"wp","href":"https:\/\/api.w.org\/{rel}","templated":true}]}}