{"id":355,"date":"2026-02-16T08:00:00","date_gmt":"2026-02-16T07:00:00","guid":{"rendered":"https:\/\/www.les-energies-renouvelables.eu\/article\/actualites\/?p=355"},"modified":"2026-02-15T21:38:58","modified_gmt":"2026-02-15T20:38:58","slug":"du-bois-dans-les-batteries-un-prototype-sodium-ion-franchit-un-cap-en-laboratoire","status":"publish","type":"post","link":"https:\/\/www.les-energies-renouvelables.eu\/article\/actualites\/energies\/du-bois-dans-les-batteries-un-prototype-sodium-ion-franchit-un-cap-en-laboratoire-355\/","title":{"rendered":"Du bois dans les batteries : un prototype sodium-ion franchit un cap en laboratoire"},"content":{"rendered":"\n<p>R\u00e9sum\u00e9 :&nbsp;<\/p>\n\n\n\n<ul class=\"wp-block-list\">\n<li><strong>La technologie :<\/strong> Une batterie <strong>sodium-ion<\/strong> int\u00e9grant du <strong>carbone dur<\/strong> produit \u00e0 partir de <strong>lignine<\/strong>.<\/li>\n\n\n\n<li><strong>Le milestone :<\/strong> Sur ce protocole de test, un prototype de <strong>1 Ah<\/strong> n&rsquo;a pas montr\u00e9 de d\u00e9gradation significative apr\u00e8s <strong>100 cycles<\/strong>.<\/li>\n\n\n\n<li><strong>Le prochain cap :<\/strong> L&rsquo;\u00e9quipe vise les <strong>200 cycles<\/strong> d&rsquo;ici la cl\u00f4ture du projet Th\u00fcNaBsE.<\/li>\n\n\n\n<li><strong>L&rsquo;enjeu :<\/strong> D\u00e9velopper une anode sans <strong>lithium<\/strong>, <strong>cobalt<\/strong> ni <strong>nickel<\/strong>, en valorisant la lignine disponible en Allemagne.<\/li>\n<\/ul>\n\n\n\n<p>La <strong>lignine<\/strong> est un polym\u00e8re organique qui assure la rigidit\u00e9 des parois des arbres. Dans la fabrication de la p\u00e2te \u00e0 papier, elle constitue un coproduit g\u00e9n\u00e9r\u00e9 en quantit\u00e9s importantes par l&rsquo;industrie, qui est souvent br\u00fbl\u00e9 pour produire de la chaleur.<\/p>\n\n\n\n<p>L&rsquo;initiative <strong>Th\u00fcNaBsE<\/strong> propose une autre voie : la carbonisation de cette mati\u00e8re pour produire du <strong>carbone dur<\/strong>. Ce mat\u00e9riau sert \u00e0 fabriquer l&rsquo;<strong>anode<\/strong> (l&rsquo;\u00e9lectrode n\u00e9gative) de batteries fonctionnant avec des ions <strong>sodium<\/strong>. Ce m\u00e9tal pr\u00e9sente l&rsquo;avantage d&rsquo;\u00eatre abondant.<\/p>\n\n\n\n<p>Selon les partenaires, cette approche pourrait, \u00e0 terme, r\u00e9duire une partie de la d\u00e9pendance aux <strong>mati\u00e8res premi\u00e8res critiques<\/strong> pour la fabrication de ce composant, en s&rsquo;appuyant sur la lignine fournie par l&rsquo;entreprise Mercer Rosenthal GmbH.<\/p>\n\n\n\n<h2 class=\"wp-block-heading\">Les r\u00e9sultats du d\u00e9monstrateur de 1 Ah<\/h2>\n\n\n\n<p>Les tests men\u00e9s au sein du centre de recherche du <strong>Fraunhofer IKTS<\/strong>, notamment sur le site d&rsquo;Arnstadt, portent sur une cellule de <strong>1 Ah<\/strong> (Amp\u00e8re-heure). Ce format sert de <strong>d\u00e9monstrateur<\/strong> pour v\u00e9rifier que la chimie fonctionne de mani\u00e8re stable avant d&rsquo;envisager des \u00e9chelles sup\u00e9rieures.<\/p>\n\n\n\n<p>Selon le communiqu\u00e9 de l&rsquo;institut, aucune d\u00e9gradation significative des performances n&rsquo;a \u00e9t\u00e9 mesur\u00e9e apr\u00e8s <strong>100 cycles<\/strong> de charge et de d\u00e9charge sur cette cellule. Les chercheurs ciblent d\u00e9sormais les <strong>200 cycles<\/strong> d&rsquo;ici la fin des travaux.<\/p>\n\n\n\n<p>Ce jalon technique ne permet pas encore de d\u00e9finir la <strong>densit\u00e9 \u00e9nerg\u00e9tique<\/strong> finale, le co\u00fbt de fabrication d&rsquo;un syst\u00e8me complet ou la dur\u00e9e de vie totale de la technologie sur le long terme.<\/p>\n\n\n\n<h2 class=\"wp-block-heading\">Quel r\u00f4le pour accompagner les \u00e9nergies renouvelables ?<\/h2>\n\n\n\n<p>Cette innovation s&rsquo;inscrit dans une strat\u00e9gie de <strong>diversification des mat\u00e9riaux<\/strong> pour le secteur de l&rsquo;\u00e9nergie. L&rsquo;objectif est de proposer des options de <strong>stockage<\/strong> capables de d\u00e9caler l\u2019usage de l\u2019\u00e9lectricit\u00e9 renouvelable dans le temps (par exemple, pour utiliser en soir\u00e9e l&rsquo;\u00e9lectricit\u00e9 solaire produite en journ\u00e9e).<\/p>\n\n\n\n<p>Une fois pleinement d\u00e9velopp\u00e9e, cette technologie pourrait trouver sa place dans le <strong>stockage stationnaire<\/strong> (installations fixes au sol), o\u00f9 les contraintes de poids sont souvent moins critiques que dans l&rsquo;automobile l\u00e9g\u00e8re. Le sodium-ion \u00e0 base de lignine est \u00e9galement \u00e9tudi\u00e9 pour des usages de <strong>mobilit\u00e9 \u00e0 faible puissance<\/strong>. Le communiqu\u00e9 cite notamment les v\u00e9hicules de logistique (<strong>chariots \u00e9l\u00e9vateurs<\/strong>) ou les micro-voitures limit\u00e9es \u00e0 une vitesse de 45 km\/h, pour lesquels une recharge ultra-rapide n&rsquo;est pas le crit\u00e8re prioritaire.<\/p>\n\n\n\n<h2 class=\"wp-block-heading\">3 questions \u00e0 v\u00e9rifier pour la suite<\/h2>\n\n\n\n<p>Le passage du stade de laboratoire \u00e0 une \u00e9ventuelle phase industrielle soul\u00e8ve plusieurs d\u00e9fis :<\/p>\n\n\n\n<ol class=\"wp-block-list\">\n<li><strong>Le changement d&rsquo;\u00e9chelle :<\/strong> La fabrication de cellules de grande capacit\u00e9 n\u00e9cessitera un groupement \u00e9largi. Les partenaires pr\u00e9voient d&rsquo;\u00e9valuer la trajectoire vers des niveaux de <strong>maturit\u00e9 technologique<\/strong> sup\u00e9rieurs apr\u00e8s la fin du projet actuel.<\/li>\n\n\n\n<li><strong>La comp\u00e9titivit\u00e9 r\u00e9elle :<\/strong> L&rsquo;usage de ce biopolym\u00e8re permet, selon les chercheurs, de limiter les co\u00fbts d&rsquo;acquisition des mat\u00e9riaux pour l&rsquo;\u00e9lectrode. La viabilit\u00e9 \u00e9conomique globale de la batterie reste cependant \u00e0 d\u00e9montrer face aux solutions <strong>lithium-ion<\/strong> d\u00e9j\u00e0 matures.<\/li>\n\n\n\n<li><strong>Le cadre europ\u00e9en :<\/strong> Ces travaux font \u00e9cho aux objectifs du r\u00e8glement europ\u00e9en sur les mati\u00e8res premi\u00e8res critiques (<strong>Critical Raw Materials Act<\/strong> &#8211; UE 2024\/1252). Ce texte fixe un objectif de <strong>40 % de traitement local<\/strong> au sein de l&rsquo;Union europ\u00e9enne d&rsquo;ici 2030. En transformant de la lignine locale en mat\u00e9riau d&rsquo;anode, ce projet explore une voie pour r\u00e9duire la d\u00e9pendance vis-\u00e0-vis de certains approvisionnements import\u00e9s.<\/li>\n<\/ol>\n\n\n\n<p>Cette avanc\u00e9e scientifique illustre qu&rsquo;une approche diff\u00e9rente des ressources est activement explor\u00e9e par les \u00e9quipes de recherche en Allemagne pour multiplier les options de r\u00e9serve \u00e0 l&rsquo;avenir.<\/p>\n\n\n\n<p><strong>Sources :<\/strong><\/p>\n\n\n\n<ul class=\"wp-block-list\">\n<li><em>Fraunhofer IKTS, Research News: \u00ab\u00a0Sustainable Batteries Made From Wood Industry By-Products\u00a0\u00bb, 3 nov. 2025.<\/em><\/li>\n\n\n\n<li><em>R\u00e8glement (UE) 2024\/1252 du Parlement europ\u00e9en et du Conseil (Critical Raw Materials Act), disponible sur Eur-Lex.<\/em><\/li>\n<\/ul>\n","protected":false},"excerpt":{"rendered":"","protected":false},"author":2,"featured_media":358,"comment_status":"closed","ping_status":"closed","sticky":false,"template":"","format":"standard","meta":{"footnotes":""},"categories":[1],"tags":[],"class_list":["post-355","post","type-post","status-publish","format-standard","has-post-thumbnail","hentry","category-energies","masonry-post","generate-columns","tablet-grid-50","mobile-grid-100","grid-parent","grid-33"],"yoast_head":"<!-- This site is optimized with the Yoast SEO plugin v26.6 - https:\/\/yoast.com\/wordpress\/plugins\/seo\/ -->\n<title>Du bois dans les batteries : un prototype sodium-ion franchit un cap en laboratoire - ECOinfos<\/title>\n<meta name=\"description\" content=\"Des chercheurs allemands (Fraunhofer IKTS) d\u00e9veloppent une batterie sodium-ion utilisant de la lignine issue du bois. D\u00e9couvrez les r\u00e9sultats du prototype 1 Ah et l&#039;enjeu pour le stockage des \u00e9nergies renouvelables en Europe.\" \/>\n<meta name=\"robots\" content=\"index, follow, max-snippet:-1, max-image-preview:large, max-video-preview:-1\" \/>\n<link rel=\"canonical\" href=\"https:\/\/www.les-energies-renouvelables.eu\/article\/actualites\/energies\/du-bois-dans-les-batteries-un-prototype-sodium-ion-franchit-un-cap-en-laboratoire-355\/\" \/>\n<meta property=\"og:locale\" content=\"fr_FR\" \/>\n<meta property=\"og:type\" content=\"article\" \/>\n<meta property=\"og:title\" content=\"Du bois dans les batteries : un prototype sodium-ion franchit un cap en laboratoire - ECOinfos\" \/>\n<meta property=\"og:description\" content=\"Des chercheurs allemands (Fraunhofer IKTS) d\u00e9veloppent une batterie sodium-ion utilisant de la lignine issue du bois. D\u00e9couvrez les r\u00e9sultats du prototype 1 Ah et l&#039;enjeu pour le stockage des \u00e9nergies renouvelables en Europe.\" \/>\n<meta property=\"og:url\" content=\"https:\/\/www.les-energies-renouvelables.eu\/article\/actualites\/energies\/du-bois-dans-les-batteries-un-prototype-sodium-ion-franchit-un-cap-en-laboratoire-355\/\" \/>\n<meta property=\"og:site_name\" content=\"ECOinfos Energies renouvelables\" \/>\n<meta property=\"article:publisher\" content=\"https:\/\/www.facebook.com\/ecoannuaire.energierenouvelable\/\" \/>\n<meta property=\"article:author\" content=\"https:\/\/www.facebook.com\/tictacf2c\/\" \/>\n<meta property=\"article:published_time\" content=\"2026-02-16T07:00:00+00:00\" \/>\n<meta property=\"og:image\" content=\"https:\/\/www.les-energies-renouvelables.eu\/article\/actualites\/wp-content\/uploads\/2026\/02\/actualites-du-bois-dans-les-batteries-un-prototype-sodium-ion-franchit-un-cap-en-laboratoire-batterie-sodium-ion-lignine.jpg\" \/>\n\t<meta property=\"og:image:width\" content=\"1200\" \/>\n\t<meta property=\"og:image:height\" content=\"675\" \/>\n\t<meta property=\"og:image:type\" content=\"image\/jpeg\" \/>\n<meta name=\"author\" content=\"Alexia JACQUARD\" \/>\n<meta name=\"twitter:card\" content=\"summary_large_image\" \/>\n<meta name=\"twitter:creator\" content=\"@alexiajcrd\" \/>\n<meta name=\"twitter:site\" content=\"@ECOinfosENR\" \/>\n<meta name=\"twitter:label1\" content=\"\u00c9crit par\" \/>\n\t<meta name=\"twitter:data1\" content=\"Alexia JACQUARD\" \/>\n\t<meta name=\"twitter:label2\" content=\"Dur\u00e9e de lecture estim\u00e9e\" \/>\n\t<meta name=\"twitter:data2\" content=\"4 minutes\" \/>\n<script type=\"application\/ld+json\" class=\"yoast-schema-graph\">{\"@context\":\"https:\/\/schema.org\",\"@graph\":[{\"@type\":\"Article\",\"@id\":\"https:\/\/www.les-energies-renouvelables.eu\/article\/actualites\/energies\/du-bois-dans-les-batteries-un-prototype-sodium-ion-franchit-un-cap-en-laboratoire-355\/#article\",\"isPartOf\":{\"@id\":\"https:\/\/www.les-energies-renouvelables.eu\/article\/actualites\/energies\/du-bois-dans-les-batteries-un-prototype-sodium-ion-franchit-un-cap-en-laboratoire-355\/\"},\"author\":{\"name\":\"Alexia JACQUARD\",\"@id\":\"https:\/\/www.les-energies-renouvelables.eu\/article\/actualites\/#\/schema\/person\/2c7d09eb5ca339c12ca8d86145440169\"},\"headline\":\"Du bois dans les batteries : un prototype sodium-ion franchit un cap en laboratoire\",\"datePublished\":\"2026-02-16T07:00:00+00:00\",\"mainEntityOfPage\":{\"@id\":\"https:\/\/www.les-energies-renouvelables.eu\/article\/actualites\/energies\/du-bois-dans-les-batteries-un-prototype-sodium-ion-franchit-un-cap-en-laboratoire-355\/\"},\"wordCount\":752,\"publisher\":{\"@id\":\"https:\/\/www.les-energies-renouvelables.eu\/article\/actualites\/#organization\"},\"image\":{\"@id\":\"https:\/\/www.les-energies-renouvelables.eu\/article\/actualites\/energies\/du-bois-dans-les-batteries-un-prototype-sodium-ion-franchit-un-cap-en-laboratoire-355\/#primaryimage\"},\"thumbnailUrl\":\"https:\/\/www.les-energies-renouvelables.eu\/article\/actualites\/wp-content\/uploads\/2026\/02\/actualites-du-bois-dans-les-batteries-un-prototype-sodium-ion-franchit-un-cap-en-laboratoire-batterie-sodium-ion-lignine.jpg\",\"articleSection\":[\"\u00c9nergies\"],\"inLanguage\":\"fr-FR\"},{\"@type\":\"WebPage\",\"@id\":\"https:\/\/www.les-energies-renouvelables.eu\/article\/actualites\/energies\/du-bois-dans-les-batteries-un-prototype-sodium-ion-franchit-un-cap-en-laboratoire-355\/\",\"url\":\"https:\/\/www.les-energies-renouvelables.eu\/article\/actualites\/energies\/du-bois-dans-les-batteries-un-prototype-sodium-ion-franchit-un-cap-en-laboratoire-355\/\",\"name\":\"Du bois dans les batteries : un prototype sodium-ion franchit un cap en laboratoire - ECOinfos\",\"isPartOf\":{\"@id\":\"https:\/\/www.les-energies-renouvelables.eu\/article\/actualites\/#website\"},\"primaryImageOfPage\":{\"@id\":\"https:\/\/www.les-energies-renouvelables.eu\/article\/actualites\/energies\/du-bois-dans-les-batteries-un-prototype-sodium-ion-franchit-un-cap-en-laboratoire-355\/#primaryimage\"},\"image\":{\"@id\":\"https:\/\/www.les-energies-renouvelables.eu\/article\/actualites\/energies\/du-bois-dans-les-batteries-un-prototype-sodium-ion-franchit-un-cap-en-laboratoire-355\/#primaryimage\"},\"thumbnailUrl\":\"https:\/\/www.les-energies-renouvelables.eu\/article\/actualites\/wp-content\/uploads\/2026\/02\/actualites-du-bois-dans-les-batteries-un-prototype-sodium-ion-franchit-un-cap-en-laboratoire-batterie-sodium-ion-lignine.jpg\",\"datePublished\":\"2026-02-16T07:00:00+00:00\",\"description\":\"Des chercheurs allemands (Fraunhofer IKTS) d\u00e9veloppent une batterie sodium-ion utilisant de la lignine issue du bois. D\u00e9couvrez les r\u00e9sultats du prototype 1 Ah et l'enjeu pour le stockage des \u00e9nergies renouvelables en Europe.\",\"breadcrumb\":{\"@id\":\"https:\/\/www.les-energies-renouvelables.eu\/article\/actualites\/energies\/du-bois-dans-les-batteries-un-prototype-sodium-ion-franchit-un-cap-en-laboratoire-355\/#breadcrumb\"},\"inLanguage\":\"fr-FR\",\"potentialAction\":[{\"@type\":\"ReadAction\",\"target\":[\"https:\/\/www.les-energies-renouvelables.eu\/article\/actualites\/energies\/du-bois-dans-les-batteries-un-prototype-sodium-ion-franchit-un-cap-en-laboratoire-355\/\"]}]},{\"@type\":\"ImageObject\",\"inLanguage\":\"fr-FR\",\"@id\":\"https:\/\/www.les-energies-renouvelables.eu\/article\/actualites\/energies\/du-bois-dans-les-batteries-un-prototype-sodium-ion-franchit-un-cap-en-laboratoire-355\/#primaryimage\",\"url\":\"https:\/\/www.les-energies-renouvelables.eu\/article\/actualites\/wp-content\/uploads\/2026\/02\/actualites-du-bois-dans-les-batteries-un-prototype-sodium-ion-franchit-un-cap-en-laboratoire-batterie-sodium-ion-lignine.jpg\",\"contentUrl\":\"https:\/\/www.les-energies-renouvelables.eu\/article\/actualites\/wp-content\/uploads\/2026\/02\/actualites-du-bois-dans-les-batteries-un-prototype-sodium-ion-franchit-un-cap-en-laboratoire-batterie-sodium-ion-lignine.jpg\",\"width\":1200,\"height\":675,\"caption\":\"Dall-E\"},{\"@type\":\"BreadcrumbList\",\"@id\":\"https:\/\/www.les-energies-renouvelables.eu\/article\/actualites\/energies\/du-bois-dans-les-batteries-un-prototype-sodium-ion-franchit-un-cap-en-laboratoire-355\/#breadcrumb\",\"itemListElement\":[{\"@type\":\"ListItem\",\"position\":1,\"name\":\"Accueil\",\"item\":\"https:\/\/www.les-energies-renouvelables.eu\/article\/actualites\/\"},{\"@type\":\"ListItem\",\"position\":2,\"name\":\"Du bois dans les batteries : un prototype sodium-ion franchit un cap en laboratoire\"}]},{\"@type\":\"WebSite\",\"@id\":\"https:\/\/www.les-energies-renouvelables.eu\/article\/actualites\/#website\",\"url\":\"https:\/\/www.les-energies-renouvelables.eu\/article\/actualites\/\",\"name\":\"ECOinfos Energies renouvelables\",\"description\":\"Le d\u00e9cryptage quotidien du secteur des \u00e9nergies renouvelables\",\"publisher\":{\"@id\":\"https:\/\/www.les-energies-renouvelables.eu\/article\/actualites\/#organization\"},\"potentialAction\":[{\"@type\":\"SearchAction\",\"target\":{\"@type\":\"EntryPoint\",\"urlTemplate\":\"https:\/\/www.les-energies-renouvelables.eu\/article\/actualites\/?s={search_term_string}\"},\"query-input\":{\"@type\":\"PropertyValueSpecification\",\"valueRequired\":true,\"valueName\":\"search_term_string\"}}],\"inLanguage\":\"fr-FR\"},{\"@type\":\"Organization\",\"@id\":\"https:\/\/www.les-energies-renouvelables.eu\/article\/actualites\/#organization\",\"name\":\"ECOinfos Energies renouvelables\",\"url\":\"https:\/\/www.les-energies-renouvelables.eu\/article\/actualites\/\",\"logo\":{\"@type\":\"ImageObject\",\"inLanguage\":\"fr-FR\",\"@id\":\"https:\/\/www.les-energies-renouvelables.eu\/article\/actualites\/#\/schema\/logo\/image\/\",\"url\":\"https:\/\/www.les-energies-renouvelables.eu\/article\/actualites\/wp-content\/uploads\/2025\/11\/ecoinfos.eldorado-consulting.com-logo-logo.svg\",\"contentUrl\":\"https:\/\/www.les-energies-renouvelables.eu\/article\/actualites\/wp-content\/uploads\/2025\/11\/ecoinfos.eldorado-consulting.com-logo-logo.svg\",\"caption\":\"ECOinfos Energies renouvelables\"},\"image\":{\"@id\":\"https:\/\/www.les-energies-renouvelables.eu\/article\/actualites\/#\/schema\/logo\/image\/\"},\"sameAs\":[\"https:\/\/www.facebook.com\/ecoannuaire.energierenouvelable\/\",\"https:\/\/x.com\/ECOinfosENR\",\"https:\/\/www.linkedin.com\/company\/ecoinfos-energies-renouvelables\/\",\"https:\/\/www.youtube.com\/@ecoinfosenergies\",\"https:\/\/share.google\/dyKHJPxAV42WhhjbM\"]},{\"@type\":\"Person\",\"@id\":\"https:\/\/www.les-energies-renouvelables.eu\/article\/actualites\/#\/schema\/person\/2c7d09eb5ca339c12ca8d86145440169\",\"name\":\"Alexia JACQUARD\",\"pronouns\":\"elle\/elle\",\"image\":{\"@type\":\"ImageObject\",\"inLanguage\":\"fr-FR\",\"@id\":\"https:\/\/www.les-energies-renouvelables.eu\/article\/actualites\/#\/schema\/person\/image\/\",\"url\":\"https:\/\/www.les-energies-renouvelables.eu\/article\/actualites\/wp-content\/uploads\/2026\/01\/actualites-alexia-jacquard-alexia-jacquard-160x160.jpg\",\"contentUrl\":\"https:\/\/www.les-energies-renouvelables.eu\/article\/actualites\/wp-content\/uploads\/2026\/01\/actualites-alexia-jacquard-alexia-jacquard-160x160.jpg\",\"caption\":\"Alexia JACQUARD\"},\"description\":\"Curieuse de nature et attentif aux enjeux du d\u00e9veloppement durable, Alexia Jacquard suit l'actualit\u00e9 des \u00e9nergies renouvelables pour partager les derni\u00e8res nouveaut\u00e9s du secteur. Elle s'attache \u00e0 retranscrire simplement les informations cl\u00e9s et les initiatives positives qui marquent la transition \u00e9nerg\u00e9tique. Son objectif : proposer des articles d'actualit\u00e9 clairs et accessibles pour tous ceux qui s'int\u00e9ressent \u00e0 l'avenir de notre \u00e9nergie.\",\"sameAs\":[\"https:\/\/alexia-jacquard.fr\",\"https:\/\/www.facebook.com\/tictacf2c\/\",\"https:\/\/www.instagram.com\/alexia_redac\/\",\"https:\/\/www.linkedin.com\/in\/alexia-jacquard-449a4b289\/\",\"https:\/\/fr.pinterest.com\/alexiajacquard\/\",\"https:\/\/x.com\/alexiajcrd\",\"https:\/\/www.youtube.com\/@Thepaindemie\",\"https:\/\/muckrack.com\/alexia-jacquard\"],\"url\":\"https:\/\/www.les-energies-renouvelables.eu\/article\/actualites\/author\/alexia-jacquard\/\"}]}<\/script>\n<!-- \/ Yoast SEO plugin. -->","yoast_head_json":{"title":"Du bois dans les batteries : un prototype sodium-ion franchit un cap en laboratoire - ECOinfos","description":"Des chercheurs allemands (Fraunhofer IKTS) d\u00e9veloppent une batterie sodium-ion utilisant de la lignine issue du bois. D\u00e9couvrez les r\u00e9sultats du prototype 1 Ah et l'enjeu pour le stockage des \u00e9nergies renouvelables en Europe.","robots":{"index":"index","follow":"follow","max-snippet":"max-snippet:-1","max-image-preview":"max-image-preview:large","max-video-preview":"max-video-preview:-1"},"canonical":"https:\/\/www.les-energies-renouvelables.eu\/article\/actualites\/energies\/du-bois-dans-les-batteries-un-prototype-sodium-ion-franchit-un-cap-en-laboratoire-355\/","og_locale":"fr_FR","og_type":"article","og_title":"Du bois dans les batteries : un prototype sodium-ion franchit un cap en laboratoire - ECOinfos","og_description":"Des chercheurs allemands (Fraunhofer IKTS) d\u00e9veloppent une batterie sodium-ion utilisant de la lignine issue du bois. D\u00e9couvrez les r\u00e9sultats du prototype 1 Ah et l'enjeu pour le stockage des \u00e9nergies renouvelables en Europe.","og_url":"https:\/\/www.les-energies-renouvelables.eu\/article\/actualites\/energies\/du-bois-dans-les-batteries-un-prototype-sodium-ion-franchit-un-cap-en-laboratoire-355\/","og_site_name":"ECOinfos Energies renouvelables","article_publisher":"https:\/\/www.facebook.com\/ecoannuaire.energierenouvelable\/","article_author":"https:\/\/www.facebook.com\/tictacf2c\/","article_published_time":"2026-02-16T07:00:00+00:00","og_image":[{"width":1200,"height":675,"url":"https:\/\/www.les-energies-renouvelables.eu\/article\/actualites\/wp-content\/uploads\/2026\/02\/actualites-du-bois-dans-les-batteries-un-prototype-sodium-ion-franchit-un-cap-en-laboratoire-batterie-sodium-ion-lignine.jpg","type":"image\/jpeg"}],"author":"Alexia JACQUARD","twitter_card":"summary_large_image","twitter_creator":"@alexiajcrd","twitter_site":"@ECOinfosENR","twitter_misc":{"\u00c9crit par":"Alexia JACQUARD","Dur\u00e9e de lecture estim\u00e9e":"4 minutes"},"schema":{"@context":"https:\/\/schema.org","@graph":[{"@type":"Article","@id":"https:\/\/www.les-energies-renouvelables.eu\/article\/actualites\/energies\/du-bois-dans-les-batteries-un-prototype-sodium-ion-franchit-un-cap-en-laboratoire-355\/#article","isPartOf":{"@id":"https:\/\/www.les-energies-renouvelables.eu\/article\/actualites\/energies\/du-bois-dans-les-batteries-un-prototype-sodium-ion-franchit-un-cap-en-laboratoire-355\/"},"author":{"name":"Alexia JACQUARD","@id":"https:\/\/www.les-energies-renouvelables.eu\/article\/actualites\/#\/schema\/person\/2c7d09eb5ca339c12ca8d86145440169"},"headline":"Du bois dans les batteries : un prototype sodium-ion franchit un cap en laboratoire","datePublished":"2026-02-16T07:00:00+00:00","mainEntityOfPage":{"@id":"https:\/\/www.les-energies-renouvelables.eu\/article\/actualites\/energies\/du-bois-dans-les-batteries-un-prototype-sodium-ion-franchit-un-cap-en-laboratoire-355\/"},"wordCount":752,"publisher":{"@id":"https:\/\/www.les-energies-renouvelables.eu\/article\/actualites\/#organization"},"image":{"@id":"https:\/\/www.les-energies-renouvelables.eu\/article\/actualites\/energies\/du-bois-dans-les-batteries-un-prototype-sodium-ion-franchit-un-cap-en-laboratoire-355\/#primaryimage"},"thumbnailUrl":"https:\/\/www.les-energies-renouvelables.eu\/article\/actualites\/wp-content\/uploads\/2026\/02\/actualites-du-bois-dans-les-batteries-un-prototype-sodium-ion-franchit-un-cap-en-laboratoire-batterie-sodium-ion-lignine.jpg","articleSection":["\u00c9nergies"],"inLanguage":"fr-FR"},{"@type":"WebPage","@id":"https:\/\/www.les-energies-renouvelables.eu\/article\/actualites\/energies\/du-bois-dans-les-batteries-un-prototype-sodium-ion-franchit-un-cap-en-laboratoire-355\/","url":"https:\/\/www.les-energies-renouvelables.eu\/article\/actualites\/energies\/du-bois-dans-les-batteries-un-prototype-sodium-ion-franchit-un-cap-en-laboratoire-355\/","name":"Du bois dans les batteries : un prototype sodium-ion franchit un cap en laboratoire - ECOinfos","isPartOf":{"@id":"https:\/\/www.les-energies-renouvelables.eu\/article\/actualites\/#website"},"primaryImageOfPage":{"@id":"https:\/\/www.les-energies-renouvelables.eu\/article\/actualites\/energies\/du-bois-dans-les-batteries-un-prototype-sodium-ion-franchit-un-cap-en-laboratoire-355\/#primaryimage"},"image":{"@id":"https:\/\/www.les-energies-renouvelables.eu\/article\/actualites\/energies\/du-bois-dans-les-batteries-un-prototype-sodium-ion-franchit-un-cap-en-laboratoire-355\/#primaryimage"},"thumbnailUrl":"https:\/\/www.les-energies-renouvelables.eu\/article\/actualites\/wp-content\/uploads\/2026\/02\/actualites-du-bois-dans-les-batteries-un-prototype-sodium-ion-franchit-un-cap-en-laboratoire-batterie-sodium-ion-lignine.jpg","datePublished":"2026-02-16T07:00:00+00:00","description":"Des chercheurs allemands (Fraunhofer IKTS) d\u00e9veloppent une batterie sodium-ion utilisant de la lignine issue du bois. D\u00e9couvrez les r\u00e9sultats du prototype 1 Ah et l'enjeu pour le stockage des \u00e9nergies renouvelables en Europe.","breadcrumb":{"@id":"https:\/\/www.les-energies-renouvelables.eu\/article\/actualites\/energies\/du-bois-dans-les-batteries-un-prototype-sodium-ion-franchit-un-cap-en-laboratoire-355\/#breadcrumb"},"inLanguage":"fr-FR","potentialAction":[{"@type":"ReadAction","target":["https:\/\/www.les-energies-renouvelables.eu\/article\/actualites\/energies\/du-bois-dans-les-batteries-un-prototype-sodium-ion-franchit-un-cap-en-laboratoire-355\/"]}]},{"@type":"ImageObject","inLanguage":"fr-FR","@id":"https:\/\/www.les-energies-renouvelables.eu\/article\/actualites\/energies\/du-bois-dans-les-batteries-un-prototype-sodium-ion-franchit-un-cap-en-laboratoire-355\/#primaryimage","url":"https:\/\/www.les-energies-renouvelables.eu\/article\/actualites\/wp-content\/uploads\/2026\/02\/actualites-du-bois-dans-les-batteries-un-prototype-sodium-ion-franchit-un-cap-en-laboratoire-batterie-sodium-ion-lignine.jpg","contentUrl":"https:\/\/www.les-energies-renouvelables.eu\/article\/actualites\/wp-content\/uploads\/2026\/02\/actualites-du-bois-dans-les-batteries-un-prototype-sodium-ion-franchit-un-cap-en-laboratoire-batterie-sodium-ion-lignine.jpg","width":1200,"height":675,"caption":"Dall-E"},{"@type":"BreadcrumbList","@id":"https:\/\/www.les-energies-renouvelables.eu\/article\/actualites\/energies\/du-bois-dans-les-batteries-un-prototype-sodium-ion-franchit-un-cap-en-laboratoire-355\/#breadcrumb","itemListElement":[{"@type":"ListItem","position":1,"name":"Accueil","item":"https:\/\/www.les-energies-renouvelables.eu\/article\/actualites\/"},{"@type":"ListItem","position":2,"name":"Du bois dans les batteries : un prototype sodium-ion franchit un cap en laboratoire"}]},{"@type":"WebSite","@id":"https:\/\/www.les-energies-renouvelables.eu\/article\/actualites\/#website","url":"https:\/\/www.les-energies-renouvelables.eu\/article\/actualites\/","name":"ECOinfos Energies renouvelables","description":"Le d\u00e9cryptage quotidien du secteur des \u00e9nergies renouvelables","publisher":{"@id":"https:\/\/www.les-energies-renouvelables.eu\/article\/actualites\/#organization"},"potentialAction":[{"@type":"SearchAction","target":{"@type":"EntryPoint","urlTemplate":"https:\/\/www.les-energies-renouvelables.eu\/article\/actualites\/?s={search_term_string}"},"query-input":{"@type":"PropertyValueSpecification","valueRequired":true,"valueName":"search_term_string"}}],"inLanguage":"fr-FR"},{"@type":"Organization","@id":"https:\/\/www.les-energies-renouvelables.eu\/article\/actualites\/#organization","name":"ECOinfos Energies renouvelables","url":"https:\/\/www.les-energies-renouvelables.eu\/article\/actualites\/","logo":{"@type":"ImageObject","inLanguage":"fr-FR","@id":"https:\/\/www.les-energies-renouvelables.eu\/article\/actualites\/#\/schema\/logo\/image\/","url":"https:\/\/www.les-energies-renouvelables.eu\/article\/actualites\/wp-content\/uploads\/2025\/11\/ecoinfos.eldorado-consulting.com-logo-logo.svg","contentUrl":"https:\/\/www.les-energies-renouvelables.eu\/article\/actualites\/wp-content\/uploads\/2025\/11\/ecoinfos.eldorado-consulting.com-logo-logo.svg","caption":"ECOinfos Energies renouvelables"},"image":{"@id":"https:\/\/www.les-energies-renouvelables.eu\/article\/actualites\/#\/schema\/logo\/image\/"},"sameAs":["https:\/\/www.facebook.com\/ecoannuaire.energierenouvelable\/","https:\/\/x.com\/ECOinfosENR","https:\/\/www.linkedin.com\/company\/ecoinfos-energies-renouvelables\/","https:\/\/www.youtube.com\/@ecoinfosenergies","https:\/\/share.google\/dyKHJPxAV42WhhjbM"]},{"@type":"Person","@id":"https:\/\/www.les-energies-renouvelables.eu\/article\/actualites\/#\/schema\/person\/2c7d09eb5ca339c12ca8d86145440169","name":"Alexia JACQUARD","pronouns":"elle\/elle","image":{"@type":"ImageObject","inLanguage":"fr-FR","@id":"https:\/\/www.les-energies-renouvelables.eu\/article\/actualites\/#\/schema\/person\/image\/","url":"https:\/\/www.les-energies-renouvelables.eu\/article\/actualites\/wp-content\/uploads\/2026\/01\/actualites-alexia-jacquard-alexia-jacquard-160x160.jpg","contentUrl":"https:\/\/www.les-energies-renouvelables.eu\/article\/actualites\/wp-content\/uploads\/2026\/01\/actualites-alexia-jacquard-alexia-jacquard-160x160.jpg","caption":"Alexia JACQUARD"},"description":"Curieuse de nature et attentif aux enjeux du d\u00e9veloppement durable, Alexia Jacquard suit l'actualit\u00e9 des \u00e9nergies renouvelables pour partager les derni\u00e8res nouveaut\u00e9s du secteur. Elle s'attache \u00e0 retranscrire simplement les informations cl\u00e9s et les initiatives positives qui marquent la transition \u00e9nerg\u00e9tique. Son objectif : proposer des articles d'actualit\u00e9 clairs et accessibles pour tous ceux qui s'int\u00e9ressent \u00e0 l'avenir de notre \u00e9nergie.","sameAs":["https:\/\/alexia-jacquard.fr","https:\/\/www.facebook.com\/tictacf2c\/","https:\/\/www.instagram.com\/alexia_redac\/","https:\/\/www.linkedin.com\/in\/alexia-jacquard-449a4b289\/","https:\/\/fr.pinterest.com\/alexiajacquard\/","https:\/\/x.com\/alexiajcrd","https:\/\/www.youtube.com\/@Thepaindemie","https:\/\/muckrack.com\/alexia-jacquard"],"url":"https:\/\/www.les-energies-renouvelables.eu\/article\/actualites\/author\/alexia-jacquard\/"}]}},"_links":{"self":[{"href":"https:\/\/www.les-energies-renouvelables.eu\/article\/actualites\/wp-json\/wp\/v2\/posts\/355","targetHints":{"allow":["GET"]}}],"collection":[{"href":"https:\/\/www.les-energies-renouvelables.eu\/article\/actualites\/wp-json\/wp\/v2\/posts"}],"about":[{"href":"https:\/\/www.les-energies-renouvelables.eu\/article\/actualites\/wp-json\/wp\/v2\/types\/post"}],"author":[{"embeddable":true,"href":"https:\/\/www.les-energies-renouvelables.eu\/article\/actualites\/wp-json\/wp\/v2\/users\/2"}],"replies":[{"embeddable":true,"href":"https:\/\/www.les-energies-renouvelables.eu\/article\/actualites\/wp-json\/wp\/v2\/comments?post=355"}],"version-history":[{"count":2,"href":"https:\/\/www.les-energies-renouvelables.eu\/article\/actualites\/wp-json\/wp\/v2\/posts\/355\/revisions"}],"predecessor-version":[{"id":357,"href":"https:\/\/www.les-energies-renouvelables.eu\/article\/actualites\/wp-json\/wp\/v2\/posts\/355\/revisions\/357"}],"wp:featuredmedia":[{"embeddable":true,"href":"https:\/\/www.les-energies-renouvelables.eu\/article\/actualites\/wp-json\/wp\/v2\/media\/358"}],"wp:attachment":[{"href":"https:\/\/www.les-energies-renouvelables.eu\/article\/actualites\/wp-json\/wp\/v2\/media?parent=355"}],"wp:term":[{"taxonomy":"category","embeddable":true,"href":"https:\/\/www.les-energies-renouvelables.eu\/article\/actualites\/wp-json\/wp\/v2\/categories?post=355"},{"taxonomy":"post_tag","embeddable":true,"href":"https:\/\/www.les-energies-renouvelables.eu\/article\/actualites\/wp-json\/wp\/v2\/tags?post=355"}],"curies":[{"name":"wp","href":"https:\/\/api.w.org\/{rel}","templated":true}]}}