{"id":348,"date":"2026-02-14T08:00:00","date_gmt":"2026-02-14T07:00:00","guid":{"rendered":"https:\/\/www.les-energies-renouvelables.eu\/article\/actualites\/?p=348"},"modified":"2026-02-13T11:35:10","modified_gmt":"2026-02-13T10:35:10","slug":"la-demande-mondiale-delectricite-accelere-le-solaire-peut-il-suivre-dici-2030","status":"publish","type":"post","link":"https:\/\/www.les-energies-renouvelables.eu\/article\/actualites\/energies\/la-demande-mondiale-delectricite-accelere-le-solaire-peut-il-suivre-dici-2030-348\/","title":{"rendered":"La demande mondiale d\u2019\u00e9lectricit\u00e9 acc\u00e9l\u00e8re : le solaire peut-il suivre d\u2019ici 2030 ?"},"content":{"rendered":"\n<p>R\u00e9sum\u00e9 :&nbsp;<\/p>\n\n\n\n<ul class=\"wp-block-list\">\n<li><strong>Croissance :<\/strong> L&rsquo;AIE pr\u00e9voit une hausse annuelle de la demande de <strong>3,6 %<\/strong> en moyenne d&rsquo;ici 2030.<\/li>\n\n\n\n<li><strong>R\u00e9activit\u00e9 :<\/strong> Le solaire photovolta\u00efque devrait couvrir une part importante des nouvelles capacit\u00e9s gr\u00e2ce \u00e0 des <strong>d\u00e9lais de d\u00e9ploiement<\/strong> souvent plus courts que les infrastructures lourdes.<\/li>\n\n\n\n<li><strong>Infrastructure :<\/strong> La r\u00e9ussite de cette transition d\u00e9pend du <strong>renforcement des r\u00e9seaux \u00e9lectriques<\/strong> et du d\u00e9veloppement de solutions de <strong>flexibilit\u00e9<\/strong> (stockage et pilotage).<\/li>\n<\/ul>\n\n\n\n<p><strong>Introduction<\/strong> Le paysage \u00e9nerg\u00e9tique mondial \u00e9volue sous l&rsquo;effet d&rsquo;une <strong>\u00e9lectrification profonde<\/strong> des pratiques. Cette dynamique accompagne les politiques de r\u00e9duction de la d\u00e9pendance aux <strong>\u00e9nergies fossiles<\/strong>, mais elle impose une sollicitation croissante des installations existantes. Voici les rep\u00e8res essentiels pour comprendre les priorit\u00e9s du <strong>r\u00e9seau \u00e9lectrique<\/strong>, comme l&rsquo;analyse l&rsquo;AIE.<\/p>\n\n\n\n<h2 class=\"wp-block-heading\">Un nouveau rythme de consommation : pourquoi la demande s&rsquo;acc\u00e9l\u00e8re ?<\/h2>\n\n\n\n<p>D&rsquo;apr\u00e8s les projections de l&rsquo;AIE, la <strong>demande mondiale d&rsquo;\u00e9lectricit\u00e9<\/strong> devrait progresser de <strong>3,6 % par an<\/strong> en moyenne sur la p\u00e9riode 2026-2030. Ce rythme est environ 50 % plus \u00e9lev\u00e9 que celui observ\u00e9 lors de la derni\u00e8re d\u00e9cennie. L&rsquo;Agence note que la consommation \u00e9lectrique augmente d\u00e9sormais <strong>2,5 fois plus vite<\/strong> que la demande \u00e9nerg\u00e9tique totale, signalant une tendance de fond vers l&rsquo;\u00e9lectrification dans de nombreux secteurs.<\/p>\n\n\n\n<p>Cette hausse s&rsquo;explique par la conjonction de deux \u00e9volutions structurelles. D&rsquo;un c\u00f4t\u00e9, le <strong>tournant num\u00e9rique<\/strong> transforme le syst\u00e8me \u00e9lectrique : aux \u00c9tats-Unis, par exemple, l&rsquo;AIE estime que les <strong>centres de donn\u00e9es<\/strong> pourraient absorber pr\u00e8s de la moiti\u00e9 de la croissance de la demande \u00e9lectrique du pays. L&rsquo;<strong>intelligence artificielle<\/strong>, par ses fortes exigences de calcul, accentue cette tendance \u00e0 l&rsquo;\u00e9chelle mondiale.<\/p>\n\n\n\n<p>De l&rsquo;autre, l&rsquo;\u00e9lectrification des pratiques industrielles et domestiques s&rsquo;intensifie. L&rsquo;industrie d\u00e9place progressivement ses volumes thermiques vers des solutions \u00e9lectriques, tandis que dans les transports, la <strong>recharge des v\u00e9hicules \u00e9lectriques <\/strong>modifie en profondeur les appels de puissance locaux. Ce double mouvement place le syst\u00e8me \u00e9lectrique face \u00e0 une contrainte de capacit\u00e9 pour absorber les <strong>pics de consommation<\/strong> tout en garantissant la <strong>s\u00e9curit\u00e9 d\u2019alimentation<\/strong>.<\/p>\n\n\n\n<p><strong>Focus Rep\u00e8re : Comprendre la \u00ab\u00a0Demande de pointe\u00a0\u00bb<\/strong> La demande de pointe est le moment o\u00f9 la consommation \u00e9lectrique d&rsquo;un pays atteint son niveau maximum. C&rsquo;est le point o\u00f9 les besoins se cumulent (industrie, bureaux, recharge de v\u00e9hicules, chauffage). Le syst\u00e8me doit pr\u00e9voir assez d&rsquo;\u00e9lectricit\u00e9 pour faire face \u00e0 ces pics afin d&rsquo;\u00e9viter les coupures. Ces nouveaux profils obligent \u00e0 mieux r\u00e9partir cette charge dans le temps.<\/p>\n\n\n\n<h2 class=\"wp-block-heading\">Le solaire : un renfort strat\u00e9gique pour le syst\u00e8me \u00e9lectrique<\/h2>\n\n\n\n<p>L&rsquo;un des principaux atouts du <strong>solaire photovolta\u00efque<\/strong> r\u00e9side dans sa <strong>rapidit\u00e9 de mise en \u0153uvre<\/strong>. L\u00e0 o\u00f9 les chantiers lourds (nucl\u00e9aire, hydro\u00e9lectricit\u00e9) demandent plusieurs ann\u00e9es de travaux, une installation solaire peut \u00eatre op\u00e9rationnelle en quelques mois. L&rsquo;AIE anticipe que le solaire repr\u00e9sentera plus de <strong>600 TWh<\/strong> de la croissance annuelle des <strong>\u00e9nergies renouvelables<\/strong> d&rsquo;ici 2030, sur un total d&rsquo;environ 1 000 TWh pr\u00e9vu pour l&rsquo;ensemble de la fili\u00e8re renouvelable .<\/p>\n\n\n\n<p>Sa <strong>production diurne<\/strong> co\u00efncide souvent avec les pics d&rsquo;activit\u00e9 (bureaux, industrie, climatisation). En France, le solaire se positionne comme un compl\u00e9ment au <strong>socle nucl\u00e9aire<\/strong> : en fournissant de la puissance pendant la journ\u00e9e, il peut contribuer \u00e0 r\u00e9duire le <strong>recours ponctuel<\/strong> aux centrales thermiques, sous r\u00e9serve d&rsquo;un <strong>pilotage efficace<\/strong> du syst\u00e8me. Dans son sc\u00e9nario central, l&rsquo;AIE envisage ainsi une stabilisation possible des <strong>\u00e9missions du secteur \u00e9lectrique<\/strong> \u00e0 l&rsquo;horizon 2030.<\/p>\n\n\n\n<h2 class=\"wp-block-heading\">R\u00e9seaux et flexibilit\u00e9 : les conditions de la transition<\/h2>\n\n\n\n<p>Le rapport <em>Electricity 2026<\/em> souligne que dans de nombreux pays, au-del\u00e0 de la production, les <strong>r\u00e9seaux de transport et de distribution<\/strong> deviennent un point de blocage majeur. Au moins <strong>2 500 GW<\/strong> de projets de production et de stockage sont actuellement en attente de connexion dans le monde, faute de place suffisante sur les c\u00e2bles. Dans le m\u00eame temps, une demande suppl\u00e9mentaire port\u00e9e par les <strong>activit\u00e9s num\u00e9riques<\/strong> n\u00e9cessite d&rsquo;adapter les r\u00e9seaux locaux.<\/p>\n\n\n\n<p>Pour s\u00e9curiser l\u2019\u00e9quilibre du syst\u00e8me, l&rsquo;AIE identifie trois leviers de <strong>flexibilit\u00e9<\/strong> :<\/p>\n\n\n\n<ul class=\"wp-block-list\">\n<li><strong>Le stockage (batteries) :<\/strong> Un outil majeur pour conserver l&rsquo;\u00e9nergie produite en journ\u00e9e et la restituer lors des pointes de consommation du soir.<\/li>\n\n\n\n<li><strong>Le pilotage de la demande :<\/strong> Ajuster la consommation en incitant \u00e0 lancer certains processus aux heures de forte production renouvelable.<\/li>\n\n\n\n<li><strong>Les interconnexions :<\/strong> Renforcer les lignes entre pays voisins pour partager l&rsquo;\u00e9lectricit\u00e9 et mutualiser les <strong>r\u00e9serves de secours<\/strong>.<\/li>\n<\/ul>\n\n\n\n<p>D\u00e8s lors, l&rsquo;AIE estime que les <strong>investissements annuels<\/strong> dans les r\u00e9seaux \u00e9lectriques mondiaux devront augmenter d&rsquo;environ 50 % d&rsquo;ici 2030, pour atteindre pr\u00e8s de <strong>600 milliards de dollars<\/strong>.<\/p>\n\n\n\n<p><strong>Focus Rep\u00e8re : C&rsquo;est quoi la \u00ab\u00a0flexibilit\u00e9\u00a0\u00bb d&rsquo;un r\u00e9seau ?<\/strong> C&rsquo;est la capacit\u00e9 du syst\u00e8me \u00e0 \u00e9quilibrer l&rsquo;offre et la demande \u00e0 tout moment. Un r\u00e9seau flexible s&rsquo;appuie sur le stockage et l&rsquo;ajustement de la consommation pour int\u00e9grer les sources m\u00e9t\u00e9o-d\u00e9pendantes sans compromettre la continuit\u00e9 de service.<\/p>\n\n\n\n<h2 class=\"wp-block-heading\">Checklist : 3 points cl\u00e9s pour comprendre demain<\/h2>\n\n\n\n<ol class=\"wp-block-list\">\n<li><strong>L&rsquo;\u00e9lectricit\u00e9 au c\u0153ur de la transition :<\/strong> La hausse de la demande accompagne la r\u00e9duction progressive de la d\u00e9pendance au p\u00e9trole et au gaz dans les transports et le b\u00e2timent.<\/li>\n\n\n\n<li><strong>Le solaire comme levier de r\u00e9activit\u00e9 :<\/strong> Le solaire figure parmi les technologies les plus rapides \u00e0 d\u00e9ployer pour accompagner les nouveaux volumes de consommation mondiaux d&rsquo;ici 2030, selon les analyses de l&rsquo;AIE.<\/li>\n<\/ol>\n\n\n\n<p><strong>Le r\u00e9seau comme priorit\u00e9 strat\u00e9gique :<\/strong> L&rsquo;enjeu porte de plus en plus sur l&rsquo;intelligence et la mise \u00e0 niveau des infrastructures pour distribuer efficacement cette \u00e9lectricit\u00e9 bas-carbone.<\/p>\n\n\n\n<p><em>Sources :&nbsp;<\/em><\/p>\n\n\n\n<ul class=\"wp-block-list\">\n<li><em>Agence internationale de l\u2019\u00e9nergie (AIE), Electricity 2026, 2026.<\/em><\/li>\n\n\n\n<li><em>AIE, sections Demand, Supply, Grids, Emissions, Regional focus.<\/em><\/li>\n\n\n\n<li><em>Donn\u00e9es sur les files d\u2019attente de raccordement et investissements r\u00e9seaux issues du rapport.<\/em><\/li>\n<\/ul>\n","protected":false},"excerpt":{"rendered":"","protected":false},"author":2,"featured_media":350,"comment_status":"closed","ping_status":"closed","sticky":false,"template":"","format":"standard","meta":{"footnotes":""},"categories":[1],"tags":[],"class_list":["post-348","post","type-post","status-publish","format-standard","has-post-thumbnail","hentry","category-energies","masonry-post","generate-columns","tablet-grid-50","mobile-grid-100","grid-parent","grid-33"],"yoast_head":"<!-- This site is optimized with the Yoast SEO plugin v26.6 - https:\/\/yoast.com\/wordpress\/plugins\/seo\/ -->\n<title>La demande mondiale d\u2019\u00e9lectricit\u00e9 acc\u00e9l\u00e8re : le solaire peut-il suivre d\u2019ici 2030 ? - ECOinfos<\/title>\n<meta name=\"description\" content=\"Analyse du rapport AIE Electricity 2026 : face au boom de l&#039;IA et des v\u00e9hicules \u00e9lectriques, d\u00e9couvrez pourquoi le solaire et la flexibilit\u00e9 des r\u00e9seaux sont les piliers de la demande \u00e9lectrique mondiale d&#039;ici 2030.\" \/>\n<meta name=\"robots\" content=\"index, follow, max-snippet:-1, max-image-preview:large, max-video-preview:-1\" \/>\n<link rel=\"canonical\" href=\"https:\/\/www.les-energies-renouvelables.eu\/article\/actualites\/energies\/la-demande-mondiale-delectricite-accelere-le-solaire-peut-il-suivre-dici-2030-348\/\" \/>\n<meta property=\"og:locale\" content=\"fr_FR\" \/>\n<meta property=\"og:type\" content=\"article\" \/>\n<meta property=\"og:title\" content=\"La demande mondiale d\u2019\u00e9lectricit\u00e9 acc\u00e9l\u00e8re : le solaire peut-il suivre d\u2019ici 2030 ? - ECOinfos\" \/>\n<meta property=\"og:description\" content=\"Analyse du rapport AIE Electricity 2026 : face au boom de l&#039;IA et des v\u00e9hicules \u00e9lectriques, d\u00e9couvrez pourquoi le solaire et la flexibilit\u00e9 des r\u00e9seaux sont les piliers de la demande \u00e9lectrique mondiale d&#039;ici 2030.\" \/>\n<meta property=\"og:url\" content=\"https:\/\/www.les-energies-renouvelables.eu\/article\/actualites\/energies\/la-demande-mondiale-delectricite-accelere-le-solaire-peut-il-suivre-dici-2030-348\/\" \/>\n<meta property=\"og:site_name\" content=\"ECOinfos Energies renouvelables\" \/>\n<meta property=\"article:publisher\" content=\"https:\/\/www.facebook.com\/ecoannuaire.energierenouvelable\/\" \/>\n<meta property=\"article:author\" content=\"https:\/\/www.facebook.com\/tictacf2c\/\" \/>\n<meta property=\"article:published_time\" content=\"2026-02-14T07:00:00+00:00\" \/>\n<meta property=\"og:image\" content=\"https:\/\/www.les-energies-renouvelables.eu\/article\/actualites\/wp-content\/uploads\/2026\/02\/actualites-la-demande-mondiale-delectricite-accelere-le-solaire-peut-il-suivre-dici-2030-demande-mondiale-2030.jpg\" \/>\n\t<meta property=\"og:image:width\" content=\"1200\" \/>\n\t<meta property=\"og:image:height\" content=\"675\" \/>\n\t<meta property=\"og:image:type\" content=\"image\/jpeg\" \/>\n<meta name=\"author\" content=\"Alexia JACQUARD\" \/>\n<meta name=\"twitter:card\" content=\"summary_large_image\" \/>\n<meta name=\"twitter:creator\" content=\"@alexiajcrd\" \/>\n<meta name=\"twitter:site\" content=\"@ECOinfosENR\" \/>\n<meta name=\"twitter:label1\" content=\"\u00c9crit par\" \/>\n\t<meta name=\"twitter:data1\" content=\"Alexia JACQUARD\" \/>\n\t<meta name=\"twitter:label2\" content=\"Dur\u00e9e de lecture estim\u00e9e\" \/>\n\t<meta name=\"twitter:data2\" content=\"5 minutes\" \/>\n<script type=\"application\/ld+json\" class=\"yoast-schema-graph\">{\"@context\":\"https:\/\/schema.org\",\"@graph\":[{\"@type\":\"Article\",\"@id\":\"https:\/\/www.les-energies-renouvelables.eu\/article\/actualites\/energies\/la-demande-mondiale-delectricite-accelere-le-solaire-peut-il-suivre-dici-2030-348\/#article\",\"isPartOf\":{\"@id\":\"https:\/\/www.les-energies-renouvelables.eu\/article\/actualites\/energies\/la-demande-mondiale-delectricite-accelere-le-solaire-peut-il-suivre-dici-2030-348\/\"},\"author\":{\"name\":\"Alexia JACQUARD\",\"@id\":\"https:\/\/www.les-energies-renouvelables.eu\/article\/actualites\/#\/schema\/person\/2c7d09eb5ca339c12ca8d86145440169\"},\"headline\":\"La demande mondiale d\u2019\u00e9lectricit\u00e9 acc\u00e9l\u00e8re : le solaire peut-il suivre d\u2019ici 2030 ?\",\"datePublished\":\"2026-02-14T07:00:00+00:00\",\"mainEntityOfPage\":{\"@id\":\"https:\/\/www.les-energies-renouvelables.eu\/article\/actualites\/energies\/la-demande-mondiale-delectricite-accelere-le-solaire-peut-il-suivre-dici-2030-348\/\"},\"wordCount\":1000,\"publisher\":{\"@id\":\"https:\/\/www.les-energies-renouvelables.eu\/article\/actualites\/#organization\"},\"image\":{\"@id\":\"https:\/\/www.les-energies-renouvelables.eu\/article\/actualites\/energies\/la-demande-mondiale-delectricite-accelere-le-solaire-peut-il-suivre-dici-2030-348\/#primaryimage\"},\"thumbnailUrl\":\"https:\/\/www.les-energies-renouvelables.eu\/article\/actualites\/wp-content\/uploads\/2026\/02\/actualites-la-demande-mondiale-delectricite-accelere-le-solaire-peut-il-suivre-dici-2030-demande-mondiale-2030.jpg\",\"articleSection\":[\"\u00c9nergies\"],\"inLanguage\":\"fr-FR\"},{\"@type\":\"WebPage\",\"@id\":\"https:\/\/www.les-energies-renouvelables.eu\/article\/actualites\/energies\/la-demande-mondiale-delectricite-accelere-le-solaire-peut-il-suivre-dici-2030-348\/\",\"url\":\"https:\/\/www.les-energies-renouvelables.eu\/article\/actualites\/energies\/la-demande-mondiale-delectricite-accelere-le-solaire-peut-il-suivre-dici-2030-348\/\",\"name\":\"La demande mondiale d\u2019\u00e9lectricit\u00e9 acc\u00e9l\u00e8re : le solaire peut-il suivre d\u2019ici 2030 ? - ECOinfos\",\"isPartOf\":{\"@id\":\"https:\/\/www.les-energies-renouvelables.eu\/article\/actualites\/#website\"},\"primaryImageOfPage\":{\"@id\":\"https:\/\/www.les-energies-renouvelables.eu\/article\/actualites\/energies\/la-demande-mondiale-delectricite-accelere-le-solaire-peut-il-suivre-dici-2030-348\/#primaryimage\"},\"image\":{\"@id\":\"https:\/\/www.les-energies-renouvelables.eu\/article\/actualites\/energies\/la-demande-mondiale-delectricite-accelere-le-solaire-peut-il-suivre-dici-2030-348\/#primaryimage\"},\"thumbnailUrl\":\"https:\/\/www.les-energies-renouvelables.eu\/article\/actualites\/wp-content\/uploads\/2026\/02\/actualites-la-demande-mondiale-delectricite-accelere-le-solaire-peut-il-suivre-dici-2030-demande-mondiale-2030.jpg\",\"datePublished\":\"2026-02-14T07:00:00+00:00\",\"description\":\"Analyse du rapport AIE Electricity 2026 : face au boom de l'IA et des v\u00e9hicules \u00e9lectriques, d\u00e9couvrez pourquoi le solaire et la flexibilit\u00e9 des r\u00e9seaux sont les piliers de la demande \u00e9lectrique mondiale d'ici 2030.\",\"breadcrumb\":{\"@id\":\"https:\/\/www.les-energies-renouvelables.eu\/article\/actualites\/energies\/la-demande-mondiale-delectricite-accelere-le-solaire-peut-il-suivre-dici-2030-348\/#breadcrumb\"},\"inLanguage\":\"fr-FR\",\"potentialAction\":[{\"@type\":\"ReadAction\",\"target\":[\"https:\/\/www.les-energies-renouvelables.eu\/article\/actualites\/energies\/la-demande-mondiale-delectricite-accelere-le-solaire-peut-il-suivre-dici-2030-348\/\"]}]},{\"@type\":\"ImageObject\",\"inLanguage\":\"fr-FR\",\"@id\":\"https:\/\/www.les-energies-renouvelables.eu\/article\/actualites\/energies\/la-demande-mondiale-delectricite-accelere-le-solaire-peut-il-suivre-dici-2030-348\/#primaryimage\",\"url\":\"https:\/\/www.les-energies-renouvelables.eu\/article\/actualites\/wp-content\/uploads\/2026\/02\/actualites-la-demande-mondiale-delectricite-accelere-le-solaire-peut-il-suivre-dici-2030-demande-mondiale-2030.jpg\",\"contentUrl\":\"https:\/\/www.les-energies-renouvelables.eu\/article\/actualites\/wp-content\/uploads\/2026\/02\/actualites-la-demande-mondiale-delectricite-accelere-le-solaire-peut-il-suivre-dici-2030-demande-mondiale-2030.jpg\",\"width\":1200,\"height\":675,\"caption\":\"Ideogram\"},{\"@type\":\"BreadcrumbList\",\"@id\":\"https:\/\/www.les-energies-renouvelables.eu\/article\/actualites\/energies\/la-demande-mondiale-delectricite-accelere-le-solaire-peut-il-suivre-dici-2030-348\/#breadcrumb\",\"itemListElement\":[{\"@type\":\"ListItem\",\"position\":1,\"name\":\"Accueil\",\"item\":\"https:\/\/www.les-energies-renouvelables.eu\/article\/actualites\/\"},{\"@type\":\"ListItem\",\"position\":2,\"name\":\"La demande mondiale d\u2019\u00e9lectricit\u00e9 acc\u00e9l\u00e8re : le solaire peut-il suivre d\u2019ici 2030 ?\"}]},{\"@type\":\"WebSite\",\"@id\":\"https:\/\/www.les-energies-renouvelables.eu\/article\/actualites\/#website\",\"url\":\"https:\/\/www.les-energies-renouvelables.eu\/article\/actualites\/\",\"name\":\"ECOinfos Energies renouvelables\",\"description\":\"Le d\u00e9cryptage quotidien du secteur des \u00e9nergies renouvelables\",\"publisher\":{\"@id\":\"https:\/\/www.les-energies-renouvelables.eu\/article\/actualites\/#organization\"},\"potentialAction\":[{\"@type\":\"SearchAction\",\"target\":{\"@type\":\"EntryPoint\",\"urlTemplate\":\"https:\/\/www.les-energies-renouvelables.eu\/article\/actualites\/?s={search_term_string}\"},\"query-input\":{\"@type\":\"PropertyValueSpecification\",\"valueRequired\":true,\"valueName\":\"search_term_string\"}}],\"inLanguage\":\"fr-FR\"},{\"@type\":\"Organization\",\"@id\":\"https:\/\/www.les-energies-renouvelables.eu\/article\/actualites\/#organization\",\"name\":\"ECOinfos Energies renouvelables\",\"url\":\"https:\/\/www.les-energies-renouvelables.eu\/article\/actualites\/\",\"logo\":{\"@type\":\"ImageObject\",\"inLanguage\":\"fr-FR\",\"@id\":\"https:\/\/www.les-energies-renouvelables.eu\/article\/actualites\/#\/schema\/logo\/image\/\",\"url\":\"https:\/\/www.les-energies-renouvelables.eu\/article\/actualites\/wp-content\/uploads\/2025\/11\/ecoinfos.eldorado-consulting.com-logo-logo.svg\",\"contentUrl\":\"https:\/\/www.les-energies-renouvelables.eu\/article\/actualites\/wp-content\/uploads\/2025\/11\/ecoinfos.eldorado-consulting.com-logo-logo.svg\",\"caption\":\"ECOinfos Energies renouvelables\"},\"image\":{\"@id\":\"https:\/\/www.les-energies-renouvelables.eu\/article\/actualites\/#\/schema\/logo\/image\/\"},\"sameAs\":[\"https:\/\/www.facebook.com\/ecoannuaire.energierenouvelable\/\",\"https:\/\/x.com\/ECOinfosENR\",\"https:\/\/www.linkedin.com\/company\/ecoinfos-energies-renouvelables\/\",\"https:\/\/www.youtube.com\/@ecoinfosenergies\",\"https:\/\/share.google\/dyKHJPxAV42WhhjbM\"]},{\"@type\":\"Person\",\"@id\":\"https:\/\/www.les-energies-renouvelables.eu\/article\/actualites\/#\/schema\/person\/2c7d09eb5ca339c12ca8d86145440169\",\"name\":\"Alexia JACQUARD\",\"pronouns\":\"elle\/elle\",\"image\":{\"@type\":\"ImageObject\",\"inLanguage\":\"fr-FR\",\"@id\":\"https:\/\/www.les-energies-renouvelables.eu\/article\/actualites\/#\/schema\/person\/image\/\",\"url\":\"https:\/\/www.les-energies-renouvelables.eu\/article\/actualites\/wp-content\/uploads\/2026\/01\/actualites-alexia-jacquard-alexia-jacquard-160x160.jpg\",\"contentUrl\":\"https:\/\/www.les-energies-renouvelables.eu\/article\/actualites\/wp-content\/uploads\/2026\/01\/actualites-alexia-jacquard-alexia-jacquard-160x160.jpg\",\"caption\":\"Alexia JACQUARD\"},\"description\":\"Curieuse de nature et attentif aux enjeux du d\u00e9veloppement durable, Alexia Jacquard suit l'actualit\u00e9 des \u00e9nergies renouvelables pour partager les derni\u00e8res nouveaut\u00e9s du secteur. Elle s'attache \u00e0 retranscrire simplement les informations cl\u00e9s et les initiatives positives qui marquent la transition \u00e9nerg\u00e9tique. Son objectif : proposer des articles d'actualit\u00e9 clairs et accessibles pour tous ceux qui s'int\u00e9ressent \u00e0 l'avenir de notre \u00e9nergie.\",\"sameAs\":[\"https:\/\/alexia-jacquard.fr\",\"https:\/\/www.facebook.com\/tictacf2c\/\",\"https:\/\/www.instagram.com\/alexia_redac\/\",\"https:\/\/www.linkedin.com\/in\/alexia-jacquard-449a4b289\/\",\"https:\/\/fr.pinterest.com\/alexiajacquard\/\",\"https:\/\/x.com\/alexiajcrd\",\"https:\/\/www.youtube.com\/@Thepaindemie\",\"https:\/\/muckrack.com\/alexia-jacquard\"],\"url\":\"https:\/\/www.les-energies-renouvelables.eu\/article\/actualites\/author\/alexia-jacquard\/\"}]}<\/script>\n<!-- \/ Yoast SEO plugin. -->","yoast_head_json":{"title":"La demande mondiale d\u2019\u00e9lectricit\u00e9 acc\u00e9l\u00e8re : le solaire peut-il suivre d\u2019ici 2030 ? - ECOinfos","description":"Analyse du rapport AIE Electricity 2026 : face au boom de l'IA et des v\u00e9hicules \u00e9lectriques, d\u00e9couvrez pourquoi le solaire et la flexibilit\u00e9 des r\u00e9seaux sont les piliers de la demande \u00e9lectrique mondiale d'ici 2030.","robots":{"index":"index","follow":"follow","max-snippet":"max-snippet:-1","max-image-preview":"max-image-preview:large","max-video-preview":"max-video-preview:-1"},"canonical":"https:\/\/www.les-energies-renouvelables.eu\/article\/actualites\/energies\/la-demande-mondiale-delectricite-accelere-le-solaire-peut-il-suivre-dici-2030-348\/","og_locale":"fr_FR","og_type":"article","og_title":"La demande mondiale d\u2019\u00e9lectricit\u00e9 acc\u00e9l\u00e8re : le solaire peut-il suivre d\u2019ici 2030 ? - ECOinfos","og_description":"Analyse du rapport AIE Electricity 2026 : face au boom de l'IA et des v\u00e9hicules \u00e9lectriques, d\u00e9couvrez pourquoi le solaire et la flexibilit\u00e9 des r\u00e9seaux sont les piliers de la demande \u00e9lectrique mondiale d'ici 2030.","og_url":"https:\/\/www.les-energies-renouvelables.eu\/article\/actualites\/energies\/la-demande-mondiale-delectricite-accelere-le-solaire-peut-il-suivre-dici-2030-348\/","og_site_name":"ECOinfos Energies renouvelables","article_publisher":"https:\/\/www.facebook.com\/ecoannuaire.energierenouvelable\/","article_author":"https:\/\/www.facebook.com\/tictacf2c\/","article_published_time":"2026-02-14T07:00:00+00:00","og_image":[{"width":1200,"height":675,"url":"https:\/\/www.les-energies-renouvelables.eu\/article\/actualites\/wp-content\/uploads\/2026\/02\/actualites-la-demande-mondiale-delectricite-accelere-le-solaire-peut-il-suivre-dici-2030-demande-mondiale-2030.jpg","type":"image\/jpeg"}],"author":"Alexia JACQUARD","twitter_card":"summary_large_image","twitter_creator":"@alexiajcrd","twitter_site":"@ECOinfosENR","twitter_misc":{"\u00c9crit par":"Alexia JACQUARD","Dur\u00e9e de lecture estim\u00e9e":"5 minutes"},"schema":{"@context":"https:\/\/schema.org","@graph":[{"@type":"Article","@id":"https:\/\/www.les-energies-renouvelables.eu\/article\/actualites\/energies\/la-demande-mondiale-delectricite-accelere-le-solaire-peut-il-suivre-dici-2030-348\/#article","isPartOf":{"@id":"https:\/\/www.les-energies-renouvelables.eu\/article\/actualites\/energies\/la-demande-mondiale-delectricite-accelere-le-solaire-peut-il-suivre-dici-2030-348\/"},"author":{"name":"Alexia JACQUARD","@id":"https:\/\/www.les-energies-renouvelables.eu\/article\/actualites\/#\/schema\/person\/2c7d09eb5ca339c12ca8d86145440169"},"headline":"La demande mondiale d\u2019\u00e9lectricit\u00e9 acc\u00e9l\u00e8re : le solaire peut-il suivre d\u2019ici 2030 ?","datePublished":"2026-02-14T07:00:00+00:00","mainEntityOfPage":{"@id":"https:\/\/www.les-energies-renouvelables.eu\/article\/actualites\/energies\/la-demande-mondiale-delectricite-accelere-le-solaire-peut-il-suivre-dici-2030-348\/"},"wordCount":1000,"publisher":{"@id":"https:\/\/www.les-energies-renouvelables.eu\/article\/actualites\/#organization"},"image":{"@id":"https:\/\/www.les-energies-renouvelables.eu\/article\/actualites\/energies\/la-demande-mondiale-delectricite-accelere-le-solaire-peut-il-suivre-dici-2030-348\/#primaryimage"},"thumbnailUrl":"https:\/\/www.les-energies-renouvelables.eu\/article\/actualites\/wp-content\/uploads\/2026\/02\/actualites-la-demande-mondiale-delectricite-accelere-le-solaire-peut-il-suivre-dici-2030-demande-mondiale-2030.jpg","articleSection":["\u00c9nergies"],"inLanguage":"fr-FR"},{"@type":"WebPage","@id":"https:\/\/www.les-energies-renouvelables.eu\/article\/actualites\/energies\/la-demande-mondiale-delectricite-accelere-le-solaire-peut-il-suivre-dici-2030-348\/","url":"https:\/\/www.les-energies-renouvelables.eu\/article\/actualites\/energies\/la-demande-mondiale-delectricite-accelere-le-solaire-peut-il-suivre-dici-2030-348\/","name":"La demande mondiale d\u2019\u00e9lectricit\u00e9 acc\u00e9l\u00e8re : le solaire peut-il suivre d\u2019ici 2030 ? - ECOinfos","isPartOf":{"@id":"https:\/\/www.les-energies-renouvelables.eu\/article\/actualites\/#website"},"primaryImageOfPage":{"@id":"https:\/\/www.les-energies-renouvelables.eu\/article\/actualites\/energies\/la-demande-mondiale-delectricite-accelere-le-solaire-peut-il-suivre-dici-2030-348\/#primaryimage"},"image":{"@id":"https:\/\/www.les-energies-renouvelables.eu\/article\/actualites\/energies\/la-demande-mondiale-delectricite-accelere-le-solaire-peut-il-suivre-dici-2030-348\/#primaryimage"},"thumbnailUrl":"https:\/\/www.les-energies-renouvelables.eu\/article\/actualites\/wp-content\/uploads\/2026\/02\/actualites-la-demande-mondiale-delectricite-accelere-le-solaire-peut-il-suivre-dici-2030-demande-mondiale-2030.jpg","datePublished":"2026-02-14T07:00:00+00:00","description":"Analyse du rapport AIE Electricity 2026 : face au boom de l'IA et des v\u00e9hicules \u00e9lectriques, d\u00e9couvrez pourquoi le solaire et la flexibilit\u00e9 des r\u00e9seaux sont les piliers de la demande \u00e9lectrique mondiale d'ici 2030.","breadcrumb":{"@id":"https:\/\/www.les-energies-renouvelables.eu\/article\/actualites\/energies\/la-demande-mondiale-delectricite-accelere-le-solaire-peut-il-suivre-dici-2030-348\/#breadcrumb"},"inLanguage":"fr-FR","potentialAction":[{"@type":"ReadAction","target":["https:\/\/www.les-energies-renouvelables.eu\/article\/actualites\/energies\/la-demande-mondiale-delectricite-accelere-le-solaire-peut-il-suivre-dici-2030-348\/"]}]},{"@type":"ImageObject","inLanguage":"fr-FR","@id":"https:\/\/www.les-energies-renouvelables.eu\/article\/actualites\/energies\/la-demande-mondiale-delectricite-accelere-le-solaire-peut-il-suivre-dici-2030-348\/#primaryimage","url":"https:\/\/www.les-energies-renouvelables.eu\/article\/actualites\/wp-content\/uploads\/2026\/02\/actualites-la-demande-mondiale-delectricite-accelere-le-solaire-peut-il-suivre-dici-2030-demande-mondiale-2030.jpg","contentUrl":"https:\/\/www.les-energies-renouvelables.eu\/article\/actualites\/wp-content\/uploads\/2026\/02\/actualites-la-demande-mondiale-delectricite-accelere-le-solaire-peut-il-suivre-dici-2030-demande-mondiale-2030.jpg","width":1200,"height":675,"caption":"Ideogram"},{"@type":"BreadcrumbList","@id":"https:\/\/www.les-energies-renouvelables.eu\/article\/actualites\/energies\/la-demande-mondiale-delectricite-accelere-le-solaire-peut-il-suivre-dici-2030-348\/#breadcrumb","itemListElement":[{"@type":"ListItem","position":1,"name":"Accueil","item":"https:\/\/www.les-energies-renouvelables.eu\/article\/actualites\/"},{"@type":"ListItem","position":2,"name":"La demande mondiale d\u2019\u00e9lectricit\u00e9 acc\u00e9l\u00e8re : le solaire peut-il suivre d\u2019ici 2030 ?"}]},{"@type":"WebSite","@id":"https:\/\/www.les-energies-renouvelables.eu\/article\/actualites\/#website","url":"https:\/\/www.les-energies-renouvelables.eu\/article\/actualites\/","name":"ECOinfos Energies renouvelables","description":"Le d\u00e9cryptage quotidien du secteur des \u00e9nergies renouvelables","publisher":{"@id":"https:\/\/www.les-energies-renouvelables.eu\/article\/actualites\/#organization"},"potentialAction":[{"@type":"SearchAction","target":{"@type":"EntryPoint","urlTemplate":"https:\/\/www.les-energies-renouvelables.eu\/article\/actualites\/?s={search_term_string}"},"query-input":{"@type":"PropertyValueSpecification","valueRequired":true,"valueName":"search_term_string"}}],"inLanguage":"fr-FR"},{"@type":"Organization","@id":"https:\/\/www.les-energies-renouvelables.eu\/article\/actualites\/#organization","name":"ECOinfos Energies renouvelables","url":"https:\/\/www.les-energies-renouvelables.eu\/article\/actualites\/","logo":{"@type":"ImageObject","inLanguage":"fr-FR","@id":"https:\/\/www.les-energies-renouvelables.eu\/article\/actualites\/#\/schema\/logo\/image\/","url":"https:\/\/www.les-energies-renouvelables.eu\/article\/actualites\/wp-content\/uploads\/2025\/11\/ecoinfos.eldorado-consulting.com-logo-logo.svg","contentUrl":"https:\/\/www.les-energies-renouvelables.eu\/article\/actualites\/wp-content\/uploads\/2025\/11\/ecoinfos.eldorado-consulting.com-logo-logo.svg","caption":"ECOinfos Energies renouvelables"},"image":{"@id":"https:\/\/www.les-energies-renouvelables.eu\/article\/actualites\/#\/schema\/logo\/image\/"},"sameAs":["https:\/\/www.facebook.com\/ecoannuaire.energierenouvelable\/","https:\/\/x.com\/ECOinfosENR","https:\/\/www.linkedin.com\/company\/ecoinfos-energies-renouvelables\/","https:\/\/www.youtube.com\/@ecoinfosenergies","https:\/\/share.google\/dyKHJPxAV42WhhjbM"]},{"@type":"Person","@id":"https:\/\/www.les-energies-renouvelables.eu\/article\/actualites\/#\/schema\/person\/2c7d09eb5ca339c12ca8d86145440169","name":"Alexia JACQUARD","pronouns":"elle\/elle","image":{"@type":"ImageObject","inLanguage":"fr-FR","@id":"https:\/\/www.les-energies-renouvelables.eu\/article\/actualites\/#\/schema\/person\/image\/","url":"https:\/\/www.les-energies-renouvelables.eu\/article\/actualites\/wp-content\/uploads\/2026\/01\/actualites-alexia-jacquard-alexia-jacquard-160x160.jpg","contentUrl":"https:\/\/www.les-energies-renouvelables.eu\/article\/actualites\/wp-content\/uploads\/2026\/01\/actualites-alexia-jacquard-alexia-jacquard-160x160.jpg","caption":"Alexia JACQUARD"},"description":"Curieuse de nature et attentif aux enjeux du d\u00e9veloppement durable, Alexia Jacquard suit l'actualit\u00e9 des \u00e9nergies renouvelables pour partager les derni\u00e8res nouveaut\u00e9s du secteur. Elle s'attache \u00e0 retranscrire simplement les informations cl\u00e9s et les initiatives positives qui marquent la transition \u00e9nerg\u00e9tique. Son objectif : proposer des articles d'actualit\u00e9 clairs et accessibles pour tous ceux qui s'int\u00e9ressent \u00e0 l'avenir de notre \u00e9nergie.","sameAs":["https:\/\/alexia-jacquard.fr","https:\/\/www.facebook.com\/tictacf2c\/","https:\/\/www.instagram.com\/alexia_redac\/","https:\/\/www.linkedin.com\/in\/alexia-jacquard-449a4b289\/","https:\/\/fr.pinterest.com\/alexiajacquard\/","https:\/\/x.com\/alexiajcrd","https:\/\/www.youtube.com\/@Thepaindemie","https:\/\/muckrack.com\/alexia-jacquard"],"url":"https:\/\/www.les-energies-renouvelables.eu\/article\/actualites\/author\/alexia-jacquard\/"}]}},"_links":{"self":[{"href":"https:\/\/www.les-energies-renouvelables.eu\/article\/actualites\/wp-json\/wp\/v2\/posts\/348","targetHints":{"allow":["GET"]}}],"collection":[{"href":"https:\/\/www.les-energies-renouvelables.eu\/article\/actualites\/wp-json\/wp\/v2\/posts"}],"about":[{"href":"https:\/\/www.les-energies-renouvelables.eu\/article\/actualites\/wp-json\/wp\/v2\/types\/post"}],"author":[{"embeddable":true,"href":"https:\/\/www.les-energies-renouvelables.eu\/article\/actualites\/wp-json\/wp\/v2\/users\/2"}],"replies":[{"embeddable":true,"href":"https:\/\/www.les-energies-renouvelables.eu\/article\/actualites\/wp-json\/wp\/v2\/comments?post=348"}],"version-history":[{"count":1,"href":"https:\/\/www.les-energies-renouvelables.eu\/article\/actualites\/wp-json\/wp\/v2\/posts\/348\/revisions"}],"predecessor-version":[{"id":349,"href":"https:\/\/www.les-energies-renouvelables.eu\/article\/actualites\/wp-json\/wp\/v2\/posts\/348\/revisions\/349"}],"wp:featuredmedia":[{"embeddable":true,"href":"https:\/\/www.les-energies-renouvelables.eu\/article\/actualites\/wp-json\/wp\/v2\/media\/350"}],"wp:attachment":[{"href":"https:\/\/www.les-energies-renouvelables.eu\/article\/actualites\/wp-json\/wp\/v2\/media?parent=348"}],"wp:term":[{"taxonomy":"category","embeddable":true,"href":"https:\/\/www.les-energies-renouvelables.eu\/article\/actualites\/wp-json\/wp\/v2\/categories?post=348"},{"taxonomy":"post_tag","embeddable":true,"href":"https:\/\/www.les-energies-renouvelables.eu\/article\/actualites\/wp-json\/wp\/v2\/tags?post=348"}],"curies":[{"name":"wp","href":"https:\/\/api.w.org\/{rel}","templated":true}]}}