{"id":345,"date":"2026-02-13T08:00:00","date_gmt":"2026-02-13T07:00:00","guid":{"rendered":"https:\/\/www.les-energies-renouvelables.eu\/article\/actualites\/?p=345"},"modified":"2026-02-12T10:38:19","modified_gmt":"2026-02-12T09:38:19","slug":"solaire-residentiel-comprendre-les-enjeux-de-la-filiere-pour-securiser-son-projet","status":"publish","type":"post","link":"https:\/\/www.les-energies-renouvelables.eu\/article\/actualites\/reglementations\/solaire-residentiel-comprendre-les-enjeux-de-la-filiere-pour-securiser-son-projet-345\/","title":{"rendered":"Solaire r\u00e9sidentiel : comprendre les enjeux de la fili\u00e8re pour s\u00e9curiser son projet"},"content":{"rendered":"\n<p>R\u00e9sum\u00e9 :&nbsp;<\/p>\n\n\n\n<ul class=\"wp-block-list\">\n<li><strong>R\u00e9silience :<\/strong> 66 % des installateurs interrog\u00e9s pr\u00e9voient de stabiliser leurs effectifs en 2026.<\/li>\n\n\n\n<li><strong>Cadre S21 :<\/strong> L&rsquo;arr\u00eat\u00e9 de mars 2025 clarifie le p\u00e9rim\u00e8tre entre les installations de moins de 100 kW et la tranche 100\u2013500 kW.<\/li>\n\n\n\n<li><strong>Prudence :<\/strong> La situation \u00e9conomique incite \u00e0 v\u00e9rifier l&rsquo;anciennet\u00e9, les assurances et le label RGE de son prestataire avant toute signature.<\/li>\n<\/ul>\n\n\n\n<p>En 2025, la demande pour l&rsquo;<strong>autoconsommation<\/strong> reste pr\u00e9sente, mais une partie des tr\u00e8s petites entreprises (<strong>TPE<\/strong>) du secteur fait \u00e9tat de tensions \u00e9conomiques. Ce constat, issu d&rsquo;une enqu\u00eate men\u00e9e par <strong>Enerplan<\/strong> et <strong>Observ\u2019ER<\/strong> entre le 6 novembre et le 3 d\u00e9cembre 2025 aupr\u00e8s de 351 installateurs, montre un secteur en mutation. Plus qu&rsquo;un signal d&rsquo;alarme, il s&rsquo;agit d&rsquo;une phase de consolidation qui invite les particuliers \u00e0 une vigilance constructive lors du choix de leur <strong>partenaire photovolta\u00efque<\/strong>.<\/p>\n\n\n\n<h2 class=\"wp-block-heading\">\u00c9tat des lieux : ce que dit l&rsquo;enqu\u00eate de terrain (T4 2025)<\/h2>\n\n\n\n<p>Le <strong>solaire r\u00e9sidentiel<\/strong> repose majoritairement sur des structures de proximit\u00e9 : 63 % des r\u00e9pondants emploient entre 1 et 4 salari\u00e9s. Interrog\u00e9s sur leur \u00e9tat de sant\u00e9 global, ces professionnels attribuent une note moyenne de 2,7\/5, traduisant une fragilit\u00e9 \u00e9conomique per\u00e7ue.<\/p>\n\n\n\n<p>Sur le plan de l&#8217;emploi, le panel a enregistr\u00e9 une baisse de 5,8 % de ses effectifs en un an (passant de 3 070 \u00e0 2 891 emplois). Cette \u00e9rosion est plus marqu\u00e9e chez les entreprises de 1 \u00e0 4 personnes (-17 %). Toutefois, l&rsquo;horizon 2026 sugg\u00e8re une recherche de stabilit\u00e9 : 66 % des soci\u00e9t\u00e9s envisagent de maintenir leurs \u00e9quipes, tandis que 12 % pr\u00e9voient de recruter. Pour les structures mono-personnelles, 80 % misent sur la continuit\u00e9 de leur activit\u00e9.<\/p>\n\n\n\n<h2 class=\"wp-block-heading\">Le cadre r\u00e9glementaire \u00ab\u00a0S21\u00a0\u00bb : quelles \u00e9volutions ?<\/h2>\n\n\n\n<p>Le secteur s&rsquo;adapte \u00e0 l&rsquo;<strong>arr\u00eat\u00e9 du 26 mars 2025<\/strong>, qui modifie l&rsquo;arr\u00eat\u00e9 tarifaire du 6 octobre 2021 (dit \u00ab\u00a0<strong>S21<\/strong>\u00ab\u00a0). Ce texte actualise le cadre : il distingue d\u00e9sormais clairement les projets de moins de 100 kW et la tranche 100\u2013500 kW, qui bascule vers des m\u00e9canismes de mise en concurrence.<\/p>\n\n\n\n<p>Ce dispositif peut permettre aux particuliers de b\u00e9n\u00e9ficier d&rsquo;un <strong>tarif d&rsquo;achat<\/strong> ou d&rsquo;une <strong>prime \u00e0 l&rsquo;autoconsommation<\/strong>, selon la puissance de l&rsquo;installation et l&rsquo;\u00e9ligibilit\u00e9 du dossier. Il est important de noter que les tarifs et primes varient chaque trimestre en fonction de la date de d\u00e9p\u00f4t de la demande compl\u00e8te de raccordement (<strong>DCR<\/strong>). Cette r\u00e9glementation tend \u00e0 favoriser les acteurs structur\u00e9s sur le plan administratif, capables de naviguer avec pr\u00e9cision dans cet environnement normatif.<\/p>\n\n\n\n<h2 class=\"wp-block-heading\">S\u00e9curiser son installation : les bonnes pratiques<\/h2>\n\n\n\n<p>Dans un contexte o\u00f9 la continuit\u00e9 de service est un facteur cl\u00e9 pour la maintenance, la s\u00e9lection du professionnel doit s&rsquo;appuyer sur des crit\u00e8res v\u00e9rifiables :<\/p>\n\n\n\n<ul class=\"wp-block-list\">\n<li><strong>V\u00e9rifier l&rsquo;ancrage et l&rsquo;anciennet\u00e9<\/strong> : Privil\u00e9gier des entreprises disposant de r\u00e9f\u00e9rences locales et d&rsquo;un historique d&rsquo;activit\u00e9 de plusieurs ann\u00e9es.<\/li>\n\n\n\n<li><strong>Exiger les attestations d&rsquo;assurance<\/strong> : Assurez-vous que l&rsquo;installateur poss\u00e8de une <strong>assurance responsabilit\u00e9 civile<\/strong>et une <strong>garantie d\u00e9cennale<\/strong> \u00e0 jour, couvrant sp\u00e9cifiquement la pose de panneaux photovolta\u00efques.<\/li>\n\n\n\n<li><strong>Le label RGE (Reconnu Garant de l&rsquo;Environnement)<\/strong> : Il est indispensable pour l&rsquo;\u00e9ligibilit\u00e9 aux <strong>aides d&rsquo;\u00c9tat<\/strong>. Ce label constitue un rep\u00e8re de conformit\u00e9 aux exigences publiques et au r\u00e9f\u00e9rentiel de comp\u00e9tences en vigueur.<\/li>\n\n\n\n<li><strong>Analyser la transparence du devis<\/strong> : Un professionnel rigoureux d\u00e9taille les garanties mat\u00e9rielles (variables selon les fabricants) et s&rsquo;appuie sur des donn\u00e9es de production r\u00e9alistes.<\/li>\n<\/ul>\n\n\n\n<h2 class=\"wp-block-heading\">Indicateurs : une dynamique sous observation<\/h2>\n\n\n\n<p>Malgr\u00e9 les difficult\u00e9s de certaines structures, les outils publics t\u00e9moignent de la mont\u00e9e en puissance de la fili\u00e8re. Les bilans publi\u00e9s par la <strong>Commission de R\u00e9gulation de l\u2019\u00c9nergie (CRE)<\/strong> recensent chaque trimestre les demandes de raccordement et les mises en service.<\/p>\n\n\n\n<p>Selon l&rsquo;<strong>Open Data de la CRE<\/strong>, ces rapports d\u00e9taillent la r\u00e9partition du march\u00e9 par tranches de puissance, notamment pour les installations inf\u00e9rieures ou \u00e9gales \u00e0 9 kWc. Ces publications trimestriels donnent une lecture r\u00e9guli\u00e8re du niveau d&rsquo;activit\u00e9, sans pr\u00e9juger des tendances \u00e0 court terme. Le solaire demeure ainsi un pilier de la transition \u00e9nerg\u00e9tique, port\u00e9 par une exigence de qualit\u00e9 croissante de la part des installateurs et des usagers.<\/p>\n\n\n\n<p><strong><em>Sources :<\/em><\/strong><\/p>\n\n\n\n<ul class=\"wp-block-list\">\n<li><em>Synth\u00e8se Enerplan \/ Observ\u2019ER (d\u00e9cembre 2025)<\/em><\/li>\n\n\n\n<li><em>Arr\u00eat\u00e9 du 26 mars 2025 (Legifrance)<\/em><\/li>\n\n\n\n<li><em>Commission de R\u00e9gulation de l\u2019\u00c9nergie (CRE), Open Data \u2013 Bilan des arr\u00eat\u00e9s tarifaires<\/em><\/li>\n<\/ul>\n","protected":false},"excerpt":{"rendered":"","protected":false},"author":2,"featured_media":347,"comment_status":"closed","ping_status":"closed","sticky":false,"template":"","format":"standard","meta":{"footnotes":""},"categories":[7],"tags":[],"class_list":["post-345","post","type-post","status-publish","format-standard","has-post-thumbnail","hentry","category-reglementations","masonry-post","generate-columns","tablet-grid-50","mobile-grid-100","grid-parent","grid-33"],"yoast_head":"<!-- This site is optimized with the Yoast SEO plugin v26.6 - https:\/\/yoast.com\/wordpress\/plugins\/seo\/ -->\n<title>Solaire r\u00e9sidentiel : comprendre les enjeux de la fili\u00e8re pour s\u00e9curiser son projet - ECOinfos<\/title>\n<meta name=\"description\" content=\"Face \u00e0 la fragilit\u00e9 de certains installateurs photovolta\u00efques fin 2025, d\u00e9couvrez comment s\u00e9curiser votre projet solaire : cadre r\u00e9glementaire S21, label RGE et conseils d&#039;experts.\" \/>\n<meta name=\"robots\" content=\"index, follow, max-snippet:-1, max-image-preview:large, max-video-preview:-1\" \/>\n<link rel=\"canonical\" href=\"https:\/\/www.les-energies-renouvelables.eu\/article\/actualites\/reglementations\/solaire-residentiel-comprendre-les-enjeux-de-la-filiere-pour-securiser-son-projet-345\/\" \/>\n<meta property=\"og:locale\" content=\"fr_FR\" \/>\n<meta property=\"og:type\" content=\"article\" \/>\n<meta property=\"og:title\" content=\"Solaire r\u00e9sidentiel : comprendre les enjeux de la fili\u00e8re pour s\u00e9curiser son projet - ECOinfos\" \/>\n<meta property=\"og:description\" content=\"Face \u00e0 la fragilit\u00e9 de certains installateurs photovolta\u00efques fin 2025, d\u00e9couvrez comment s\u00e9curiser votre projet solaire : cadre r\u00e9glementaire S21, label RGE et conseils d&#039;experts.\" \/>\n<meta property=\"og:url\" content=\"https:\/\/www.les-energies-renouvelables.eu\/article\/actualites\/reglementations\/solaire-residentiel-comprendre-les-enjeux-de-la-filiere-pour-securiser-son-projet-345\/\" \/>\n<meta property=\"og:site_name\" content=\"ECOinfos Energies renouvelables\" \/>\n<meta property=\"article:publisher\" content=\"https:\/\/www.facebook.com\/ecoannuaire.energierenouvelable\/\" \/>\n<meta property=\"article:author\" content=\"https:\/\/www.facebook.com\/tictacf2c\/\" \/>\n<meta property=\"article:published_time\" content=\"2026-02-13T07:00:00+00:00\" \/>\n<meta property=\"og:image\" content=\"https:\/\/www.les-energies-renouvelables.eu\/article\/actualites\/wp-content\/uploads\/2026\/02\/actualites-solaire-residentiel-comprendre-les-enjeux-de-la-filiere-pour-securiser-son-projet-installer-des-panneaux-solaires-en-2026.jpg\" \/>\n\t<meta property=\"og:image:width\" content=\"1200\" \/>\n\t<meta property=\"og:image:height\" content=\"675\" \/>\n\t<meta property=\"og:image:type\" content=\"image\/jpeg\" \/>\n<meta name=\"author\" content=\"Alexia JACQUARD\" \/>\n<meta name=\"twitter:card\" content=\"summary_large_image\" \/>\n<meta name=\"twitter:creator\" content=\"@alexiajcrd\" \/>\n<meta name=\"twitter:site\" content=\"@ECOinfosENR\" \/>\n<meta name=\"twitter:label1\" content=\"\u00c9crit par\" \/>\n\t<meta name=\"twitter:data1\" content=\"Alexia JACQUARD\" \/>\n\t<meta name=\"twitter:label2\" content=\"Dur\u00e9e de lecture estim\u00e9e\" \/>\n\t<meta name=\"twitter:data2\" content=\"4 minutes\" \/>\n<script type=\"application\/ld+json\" class=\"yoast-schema-graph\">{\"@context\":\"https:\/\/schema.org\",\"@graph\":[{\"@type\":\"Article\",\"@id\":\"https:\/\/www.les-energies-renouvelables.eu\/article\/actualites\/reglementations\/solaire-residentiel-comprendre-les-enjeux-de-la-filiere-pour-securiser-son-projet-345\/#article\",\"isPartOf\":{\"@id\":\"https:\/\/www.les-energies-renouvelables.eu\/article\/actualites\/reglementations\/solaire-residentiel-comprendre-les-enjeux-de-la-filiere-pour-securiser-son-projet-345\/\"},\"author\":{\"name\":\"Alexia JACQUARD\",\"@id\":\"https:\/\/www.les-energies-renouvelables.eu\/article\/actualites\/#\/schema\/person\/2c7d09eb5ca339c12ca8d86145440169\"},\"headline\":\"Solaire r\u00e9sidentiel : comprendre les enjeux de la fili\u00e8re pour s\u00e9curiser son projet\",\"datePublished\":\"2026-02-13T07:00:00+00:00\",\"mainEntityOfPage\":{\"@id\":\"https:\/\/www.les-energies-renouvelables.eu\/article\/actualites\/reglementations\/solaire-residentiel-comprendre-les-enjeux-de-la-filiere-pour-securiser-son-projet-345\/\"},\"wordCount\":738,\"publisher\":{\"@id\":\"https:\/\/www.les-energies-renouvelables.eu\/article\/actualites\/#organization\"},\"image\":{\"@id\":\"https:\/\/www.les-energies-renouvelables.eu\/article\/actualites\/reglementations\/solaire-residentiel-comprendre-les-enjeux-de-la-filiere-pour-securiser-son-projet-345\/#primaryimage\"},\"thumbnailUrl\":\"https:\/\/www.les-energies-renouvelables.eu\/article\/actualites\/wp-content\/uploads\/2026\/02\/actualites-solaire-residentiel-comprendre-les-enjeux-de-la-filiere-pour-securiser-son-projet-installer-des-panneaux-solaires-en-2026.jpg\",\"articleSection\":[\"R\u00e9glementations\"],\"inLanguage\":\"fr-FR\"},{\"@type\":\"WebPage\",\"@id\":\"https:\/\/www.les-energies-renouvelables.eu\/article\/actualites\/reglementations\/solaire-residentiel-comprendre-les-enjeux-de-la-filiere-pour-securiser-son-projet-345\/\",\"url\":\"https:\/\/www.les-energies-renouvelables.eu\/article\/actualites\/reglementations\/solaire-residentiel-comprendre-les-enjeux-de-la-filiere-pour-securiser-son-projet-345\/\",\"name\":\"Solaire r\u00e9sidentiel : comprendre les enjeux de la fili\u00e8re pour s\u00e9curiser son projet - ECOinfos\",\"isPartOf\":{\"@id\":\"https:\/\/www.les-energies-renouvelables.eu\/article\/actualites\/#website\"},\"primaryImageOfPage\":{\"@id\":\"https:\/\/www.les-energies-renouvelables.eu\/article\/actualites\/reglementations\/solaire-residentiel-comprendre-les-enjeux-de-la-filiere-pour-securiser-son-projet-345\/#primaryimage\"},\"image\":{\"@id\":\"https:\/\/www.les-energies-renouvelables.eu\/article\/actualites\/reglementations\/solaire-residentiel-comprendre-les-enjeux-de-la-filiere-pour-securiser-son-projet-345\/#primaryimage\"},\"thumbnailUrl\":\"https:\/\/www.les-energies-renouvelables.eu\/article\/actualites\/wp-content\/uploads\/2026\/02\/actualites-solaire-residentiel-comprendre-les-enjeux-de-la-filiere-pour-securiser-son-projet-installer-des-panneaux-solaires-en-2026.jpg\",\"datePublished\":\"2026-02-13T07:00:00+00:00\",\"description\":\"Face \u00e0 la fragilit\u00e9 de certains installateurs photovolta\u00efques fin 2025, d\u00e9couvrez comment s\u00e9curiser votre projet solaire : cadre r\u00e9glementaire S21, label RGE et conseils d'experts.\",\"breadcrumb\":{\"@id\":\"https:\/\/www.les-energies-renouvelables.eu\/article\/actualites\/reglementations\/solaire-residentiel-comprendre-les-enjeux-de-la-filiere-pour-securiser-son-projet-345\/#breadcrumb\"},\"inLanguage\":\"fr-FR\",\"potentialAction\":[{\"@type\":\"ReadAction\",\"target\":[\"https:\/\/www.les-energies-renouvelables.eu\/article\/actualites\/reglementations\/solaire-residentiel-comprendre-les-enjeux-de-la-filiere-pour-securiser-son-projet-345\/\"]}]},{\"@type\":\"ImageObject\",\"inLanguage\":\"fr-FR\",\"@id\":\"https:\/\/www.les-energies-renouvelables.eu\/article\/actualites\/reglementations\/solaire-residentiel-comprendre-les-enjeux-de-la-filiere-pour-securiser-son-projet-345\/#primaryimage\",\"url\":\"https:\/\/www.les-energies-renouvelables.eu\/article\/actualites\/wp-content\/uploads\/2026\/02\/actualites-solaire-residentiel-comprendre-les-enjeux-de-la-filiere-pour-securiser-son-projet-installer-des-panneaux-solaires-en-2026.jpg\",\"contentUrl\":\"https:\/\/www.les-energies-renouvelables.eu\/article\/actualites\/wp-content\/uploads\/2026\/02\/actualites-solaire-residentiel-comprendre-les-enjeux-de-la-filiere-pour-securiser-son-projet-installer-des-panneaux-solaires-en-2026.jpg\",\"width\":1200,\"height\":675,\"caption\":\"Dall-E\"},{\"@type\":\"BreadcrumbList\",\"@id\":\"https:\/\/www.les-energies-renouvelables.eu\/article\/actualites\/reglementations\/solaire-residentiel-comprendre-les-enjeux-de-la-filiere-pour-securiser-son-projet-345\/#breadcrumb\",\"itemListElement\":[{\"@type\":\"ListItem\",\"position\":1,\"name\":\"Accueil\",\"item\":\"https:\/\/www.les-energies-renouvelables.eu\/article\/actualites\/\"},{\"@type\":\"ListItem\",\"position\":2,\"name\":\"Solaire r\u00e9sidentiel : comprendre les enjeux de la fili\u00e8re pour s\u00e9curiser son projet\"}]},{\"@type\":\"WebSite\",\"@id\":\"https:\/\/www.les-energies-renouvelables.eu\/article\/actualites\/#website\",\"url\":\"https:\/\/www.les-energies-renouvelables.eu\/article\/actualites\/\",\"name\":\"ECOinfos Energies renouvelables\",\"description\":\"Le d\u00e9cryptage quotidien du secteur des \u00e9nergies renouvelables\",\"publisher\":{\"@id\":\"https:\/\/www.les-energies-renouvelables.eu\/article\/actualites\/#organization\"},\"potentialAction\":[{\"@type\":\"SearchAction\",\"target\":{\"@type\":\"EntryPoint\",\"urlTemplate\":\"https:\/\/www.les-energies-renouvelables.eu\/article\/actualites\/?s={search_term_string}\"},\"query-input\":{\"@type\":\"PropertyValueSpecification\",\"valueRequired\":true,\"valueName\":\"search_term_string\"}}],\"inLanguage\":\"fr-FR\"},{\"@type\":\"Organization\",\"@id\":\"https:\/\/www.les-energies-renouvelables.eu\/article\/actualites\/#organization\",\"name\":\"ECOinfos Energies renouvelables\",\"url\":\"https:\/\/www.les-energies-renouvelables.eu\/article\/actualites\/\",\"logo\":{\"@type\":\"ImageObject\",\"inLanguage\":\"fr-FR\",\"@id\":\"https:\/\/www.les-energies-renouvelables.eu\/article\/actualites\/#\/schema\/logo\/image\/\",\"url\":\"https:\/\/www.les-energies-renouvelables.eu\/article\/actualites\/wp-content\/uploads\/2025\/11\/ecoinfos.eldorado-consulting.com-logo-logo.svg\",\"contentUrl\":\"https:\/\/www.les-energies-renouvelables.eu\/article\/actualites\/wp-content\/uploads\/2025\/11\/ecoinfos.eldorado-consulting.com-logo-logo.svg\",\"caption\":\"ECOinfos Energies renouvelables\"},\"image\":{\"@id\":\"https:\/\/www.les-energies-renouvelables.eu\/article\/actualites\/#\/schema\/logo\/image\/\"},\"sameAs\":[\"https:\/\/www.facebook.com\/ecoannuaire.energierenouvelable\/\",\"https:\/\/x.com\/ECOinfosENR\",\"https:\/\/www.linkedin.com\/company\/ecoinfos-energies-renouvelables\/\",\"https:\/\/www.youtube.com\/@ecoinfosenergies\",\"https:\/\/share.google\/dyKHJPxAV42WhhjbM\"]},{\"@type\":\"Person\",\"@id\":\"https:\/\/www.les-energies-renouvelables.eu\/article\/actualites\/#\/schema\/person\/2c7d09eb5ca339c12ca8d86145440169\",\"name\":\"Alexia JACQUARD\",\"pronouns\":\"elle\/elle\",\"image\":{\"@type\":\"ImageObject\",\"inLanguage\":\"fr-FR\",\"@id\":\"https:\/\/www.les-energies-renouvelables.eu\/article\/actualites\/#\/schema\/person\/image\/\",\"url\":\"https:\/\/www.les-energies-renouvelables.eu\/article\/actualites\/wp-content\/uploads\/2026\/01\/actualites-alexia-jacquard-alexia-jacquard-160x160.jpg\",\"contentUrl\":\"https:\/\/www.les-energies-renouvelables.eu\/article\/actualites\/wp-content\/uploads\/2026\/01\/actualites-alexia-jacquard-alexia-jacquard-160x160.jpg\",\"caption\":\"Alexia JACQUARD\"},\"description\":\"Curieuse de nature et attentif aux enjeux du d\u00e9veloppement durable, Alexia Jacquard suit l'actualit\u00e9 des \u00e9nergies renouvelables pour partager les derni\u00e8res nouveaut\u00e9s du secteur. Elle s'attache \u00e0 retranscrire simplement les informations cl\u00e9s et les initiatives positives qui marquent la transition \u00e9nerg\u00e9tique. Son objectif : proposer des articles d'actualit\u00e9 clairs et accessibles pour tous ceux qui s'int\u00e9ressent \u00e0 l'avenir de notre \u00e9nergie.\",\"sameAs\":[\"https:\/\/alexia-jacquard.fr\",\"https:\/\/www.facebook.com\/tictacf2c\/\",\"https:\/\/www.instagram.com\/alexia_redac\/\",\"https:\/\/www.linkedin.com\/in\/alexia-jacquard-449a4b289\/\",\"https:\/\/fr.pinterest.com\/alexiajacquard\/\",\"https:\/\/x.com\/alexiajcrd\",\"https:\/\/www.youtube.com\/@Thepaindemie\",\"https:\/\/muckrack.com\/alexia-jacquard\"],\"url\":\"https:\/\/www.les-energies-renouvelables.eu\/article\/actualites\/author\/alexia-jacquard\/\"}]}<\/script>\n<!-- \/ Yoast SEO plugin. -->","yoast_head_json":{"title":"Solaire r\u00e9sidentiel : comprendre les enjeux de la fili\u00e8re pour s\u00e9curiser son projet - ECOinfos","description":"Face \u00e0 la fragilit\u00e9 de certains installateurs photovolta\u00efques fin 2025, d\u00e9couvrez comment s\u00e9curiser votre projet solaire : cadre r\u00e9glementaire S21, label RGE et conseils d'experts.","robots":{"index":"index","follow":"follow","max-snippet":"max-snippet:-1","max-image-preview":"max-image-preview:large","max-video-preview":"max-video-preview:-1"},"canonical":"https:\/\/www.les-energies-renouvelables.eu\/article\/actualites\/reglementations\/solaire-residentiel-comprendre-les-enjeux-de-la-filiere-pour-securiser-son-projet-345\/","og_locale":"fr_FR","og_type":"article","og_title":"Solaire r\u00e9sidentiel : comprendre les enjeux de la fili\u00e8re pour s\u00e9curiser son projet - ECOinfos","og_description":"Face \u00e0 la fragilit\u00e9 de certains installateurs photovolta\u00efques fin 2025, d\u00e9couvrez comment s\u00e9curiser votre projet solaire : cadre r\u00e9glementaire S21, label RGE et conseils d'experts.","og_url":"https:\/\/www.les-energies-renouvelables.eu\/article\/actualites\/reglementations\/solaire-residentiel-comprendre-les-enjeux-de-la-filiere-pour-securiser-son-projet-345\/","og_site_name":"ECOinfos Energies renouvelables","article_publisher":"https:\/\/www.facebook.com\/ecoannuaire.energierenouvelable\/","article_author":"https:\/\/www.facebook.com\/tictacf2c\/","article_published_time":"2026-02-13T07:00:00+00:00","og_image":[{"width":1200,"height":675,"url":"https:\/\/www.les-energies-renouvelables.eu\/article\/actualites\/wp-content\/uploads\/2026\/02\/actualites-solaire-residentiel-comprendre-les-enjeux-de-la-filiere-pour-securiser-son-projet-installer-des-panneaux-solaires-en-2026.jpg","type":"image\/jpeg"}],"author":"Alexia JACQUARD","twitter_card":"summary_large_image","twitter_creator":"@alexiajcrd","twitter_site":"@ECOinfosENR","twitter_misc":{"\u00c9crit par":"Alexia JACQUARD","Dur\u00e9e de lecture estim\u00e9e":"4 minutes"},"schema":{"@context":"https:\/\/schema.org","@graph":[{"@type":"Article","@id":"https:\/\/www.les-energies-renouvelables.eu\/article\/actualites\/reglementations\/solaire-residentiel-comprendre-les-enjeux-de-la-filiere-pour-securiser-son-projet-345\/#article","isPartOf":{"@id":"https:\/\/www.les-energies-renouvelables.eu\/article\/actualites\/reglementations\/solaire-residentiel-comprendre-les-enjeux-de-la-filiere-pour-securiser-son-projet-345\/"},"author":{"name":"Alexia JACQUARD","@id":"https:\/\/www.les-energies-renouvelables.eu\/article\/actualites\/#\/schema\/person\/2c7d09eb5ca339c12ca8d86145440169"},"headline":"Solaire r\u00e9sidentiel : comprendre les enjeux de la fili\u00e8re pour s\u00e9curiser son projet","datePublished":"2026-02-13T07:00:00+00:00","mainEntityOfPage":{"@id":"https:\/\/www.les-energies-renouvelables.eu\/article\/actualites\/reglementations\/solaire-residentiel-comprendre-les-enjeux-de-la-filiere-pour-securiser-son-projet-345\/"},"wordCount":738,"publisher":{"@id":"https:\/\/www.les-energies-renouvelables.eu\/article\/actualites\/#organization"},"image":{"@id":"https:\/\/www.les-energies-renouvelables.eu\/article\/actualites\/reglementations\/solaire-residentiel-comprendre-les-enjeux-de-la-filiere-pour-securiser-son-projet-345\/#primaryimage"},"thumbnailUrl":"https:\/\/www.les-energies-renouvelables.eu\/article\/actualites\/wp-content\/uploads\/2026\/02\/actualites-solaire-residentiel-comprendre-les-enjeux-de-la-filiere-pour-securiser-son-projet-installer-des-panneaux-solaires-en-2026.jpg","articleSection":["R\u00e9glementations"],"inLanguage":"fr-FR"},{"@type":"WebPage","@id":"https:\/\/www.les-energies-renouvelables.eu\/article\/actualites\/reglementations\/solaire-residentiel-comprendre-les-enjeux-de-la-filiere-pour-securiser-son-projet-345\/","url":"https:\/\/www.les-energies-renouvelables.eu\/article\/actualites\/reglementations\/solaire-residentiel-comprendre-les-enjeux-de-la-filiere-pour-securiser-son-projet-345\/","name":"Solaire r\u00e9sidentiel : comprendre les enjeux de la fili\u00e8re pour s\u00e9curiser son projet - ECOinfos","isPartOf":{"@id":"https:\/\/www.les-energies-renouvelables.eu\/article\/actualites\/#website"},"primaryImageOfPage":{"@id":"https:\/\/www.les-energies-renouvelables.eu\/article\/actualites\/reglementations\/solaire-residentiel-comprendre-les-enjeux-de-la-filiere-pour-securiser-son-projet-345\/#primaryimage"},"image":{"@id":"https:\/\/www.les-energies-renouvelables.eu\/article\/actualites\/reglementations\/solaire-residentiel-comprendre-les-enjeux-de-la-filiere-pour-securiser-son-projet-345\/#primaryimage"},"thumbnailUrl":"https:\/\/www.les-energies-renouvelables.eu\/article\/actualites\/wp-content\/uploads\/2026\/02\/actualites-solaire-residentiel-comprendre-les-enjeux-de-la-filiere-pour-securiser-son-projet-installer-des-panneaux-solaires-en-2026.jpg","datePublished":"2026-02-13T07:00:00+00:00","description":"Face \u00e0 la fragilit\u00e9 de certains installateurs photovolta\u00efques fin 2025, d\u00e9couvrez comment s\u00e9curiser votre projet solaire : cadre r\u00e9glementaire S21, label RGE et conseils d'experts.","breadcrumb":{"@id":"https:\/\/www.les-energies-renouvelables.eu\/article\/actualites\/reglementations\/solaire-residentiel-comprendre-les-enjeux-de-la-filiere-pour-securiser-son-projet-345\/#breadcrumb"},"inLanguage":"fr-FR","potentialAction":[{"@type":"ReadAction","target":["https:\/\/www.les-energies-renouvelables.eu\/article\/actualites\/reglementations\/solaire-residentiel-comprendre-les-enjeux-de-la-filiere-pour-securiser-son-projet-345\/"]}]},{"@type":"ImageObject","inLanguage":"fr-FR","@id":"https:\/\/www.les-energies-renouvelables.eu\/article\/actualites\/reglementations\/solaire-residentiel-comprendre-les-enjeux-de-la-filiere-pour-securiser-son-projet-345\/#primaryimage","url":"https:\/\/www.les-energies-renouvelables.eu\/article\/actualites\/wp-content\/uploads\/2026\/02\/actualites-solaire-residentiel-comprendre-les-enjeux-de-la-filiere-pour-securiser-son-projet-installer-des-panneaux-solaires-en-2026.jpg","contentUrl":"https:\/\/www.les-energies-renouvelables.eu\/article\/actualites\/wp-content\/uploads\/2026\/02\/actualites-solaire-residentiel-comprendre-les-enjeux-de-la-filiere-pour-securiser-son-projet-installer-des-panneaux-solaires-en-2026.jpg","width":1200,"height":675,"caption":"Dall-E"},{"@type":"BreadcrumbList","@id":"https:\/\/www.les-energies-renouvelables.eu\/article\/actualites\/reglementations\/solaire-residentiel-comprendre-les-enjeux-de-la-filiere-pour-securiser-son-projet-345\/#breadcrumb","itemListElement":[{"@type":"ListItem","position":1,"name":"Accueil","item":"https:\/\/www.les-energies-renouvelables.eu\/article\/actualites\/"},{"@type":"ListItem","position":2,"name":"Solaire r\u00e9sidentiel : comprendre les enjeux de la fili\u00e8re pour s\u00e9curiser son projet"}]},{"@type":"WebSite","@id":"https:\/\/www.les-energies-renouvelables.eu\/article\/actualites\/#website","url":"https:\/\/www.les-energies-renouvelables.eu\/article\/actualites\/","name":"ECOinfos Energies renouvelables","description":"Le d\u00e9cryptage quotidien du secteur des \u00e9nergies renouvelables","publisher":{"@id":"https:\/\/www.les-energies-renouvelables.eu\/article\/actualites\/#organization"},"potentialAction":[{"@type":"SearchAction","target":{"@type":"EntryPoint","urlTemplate":"https:\/\/www.les-energies-renouvelables.eu\/article\/actualites\/?s={search_term_string}"},"query-input":{"@type":"PropertyValueSpecification","valueRequired":true,"valueName":"search_term_string"}}],"inLanguage":"fr-FR"},{"@type":"Organization","@id":"https:\/\/www.les-energies-renouvelables.eu\/article\/actualites\/#organization","name":"ECOinfos Energies renouvelables","url":"https:\/\/www.les-energies-renouvelables.eu\/article\/actualites\/","logo":{"@type":"ImageObject","inLanguage":"fr-FR","@id":"https:\/\/www.les-energies-renouvelables.eu\/article\/actualites\/#\/schema\/logo\/image\/","url":"https:\/\/www.les-energies-renouvelables.eu\/article\/actualites\/wp-content\/uploads\/2025\/11\/ecoinfos.eldorado-consulting.com-logo-logo.svg","contentUrl":"https:\/\/www.les-energies-renouvelables.eu\/article\/actualites\/wp-content\/uploads\/2025\/11\/ecoinfos.eldorado-consulting.com-logo-logo.svg","caption":"ECOinfos Energies renouvelables"},"image":{"@id":"https:\/\/www.les-energies-renouvelables.eu\/article\/actualites\/#\/schema\/logo\/image\/"},"sameAs":["https:\/\/www.facebook.com\/ecoannuaire.energierenouvelable\/","https:\/\/x.com\/ECOinfosENR","https:\/\/www.linkedin.com\/company\/ecoinfos-energies-renouvelables\/","https:\/\/www.youtube.com\/@ecoinfosenergies","https:\/\/share.google\/dyKHJPxAV42WhhjbM"]},{"@type":"Person","@id":"https:\/\/www.les-energies-renouvelables.eu\/article\/actualites\/#\/schema\/person\/2c7d09eb5ca339c12ca8d86145440169","name":"Alexia JACQUARD","pronouns":"elle\/elle","image":{"@type":"ImageObject","inLanguage":"fr-FR","@id":"https:\/\/www.les-energies-renouvelables.eu\/article\/actualites\/#\/schema\/person\/image\/","url":"https:\/\/www.les-energies-renouvelables.eu\/article\/actualites\/wp-content\/uploads\/2026\/01\/actualites-alexia-jacquard-alexia-jacquard-160x160.jpg","contentUrl":"https:\/\/www.les-energies-renouvelables.eu\/article\/actualites\/wp-content\/uploads\/2026\/01\/actualites-alexia-jacquard-alexia-jacquard-160x160.jpg","caption":"Alexia JACQUARD"},"description":"Curieuse de nature et attentif aux enjeux du d\u00e9veloppement durable, Alexia Jacquard suit l'actualit\u00e9 des \u00e9nergies renouvelables pour partager les derni\u00e8res nouveaut\u00e9s du secteur. Elle s'attache \u00e0 retranscrire simplement les informations cl\u00e9s et les initiatives positives qui marquent la transition \u00e9nerg\u00e9tique. Son objectif : proposer des articles d'actualit\u00e9 clairs et accessibles pour tous ceux qui s'int\u00e9ressent \u00e0 l'avenir de notre \u00e9nergie.","sameAs":["https:\/\/alexia-jacquard.fr","https:\/\/www.facebook.com\/tictacf2c\/","https:\/\/www.instagram.com\/alexia_redac\/","https:\/\/www.linkedin.com\/in\/alexia-jacquard-449a4b289\/","https:\/\/fr.pinterest.com\/alexiajacquard\/","https:\/\/x.com\/alexiajcrd","https:\/\/www.youtube.com\/@Thepaindemie","https:\/\/muckrack.com\/alexia-jacquard"],"url":"https:\/\/www.les-energies-renouvelables.eu\/article\/actualites\/author\/alexia-jacquard\/"}]}},"_links":{"self":[{"href":"https:\/\/www.les-energies-renouvelables.eu\/article\/actualites\/wp-json\/wp\/v2\/posts\/345","targetHints":{"allow":["GET"]}}],"collection":[{"href":"https:\/\/www.les-energies-renouvelables.eu\/article\/actualites\/wp-json\/wp\/v2\/posts"}],"about":[{"href":"https:\/\/www.les-energies-renouvelables.eu\/article\/actualites\/wp-json\/wp\/v2\/types\/post"}],"author":[{"embeddable":true,"href":"https:\/\/www.les-energies-renouvelables.eu\/article\/actualites\/wp-json\/wp\/v2\/users\/2"}],"replies":[{"embeddable":true,"href":"https:\/\/www.les-energies-renouvelables.eu\/article\/actualites\/wp-json\/wp\/v2\/comments?post=345"}],"version-history":[{"count":1,"href":"https:\/\/www.les-energies-renouvelables.eu\/article\/actualites\/wp-json\/wp\/v2\/posts\/345\/revisions"}],"predecessor-version":[{"id":346,"href":"https:\/\/www.les-energies-renouvelables.eu\/article\/actualites\/wp-json\/wp\/v2\/posts\/345\/revisions\/346"}],"wp:featuredmedia":[{"embeddable":true,"href":"https:\/\/www.les-energies-renouvelables.eu\/article\/actualites\/wp-json\/wp\/v2\/media\/347"}],"wp:attachment":[{"href":"https:\/\/www.les-energies-renouvelables.eu\/article\/actualites\/wp-json\/wp\/v2\/media?parent=345"}],"wp:term":[{"taxonomy":"category","embeddable":true,"href":"https:\/\/www.les-energies-renouvelables.eu\/article\/actualites\/wp-json\/wp\/v2\/categories?post=345"},{"taxonomy":"post_tag","embeddable":true,"href":"https:\/\/www.les-energies-renouvelables.eu\/article\/actualites\/wp-json\/wp\/v2\/tags?post=345"}],"curies":[{"name":"wp","href":"https:\/\/api.w.org\/{rel}","templated":true}]}}