{"id":332,"date":"2026-02-10T08:00:00","date_gmt":"2026-02-10T07:00:00","guid":{"rendered":"https:\/\/www.les-energies-renouvelables.eu\/article\/actualites\/?p=332"},"modified":"2026-02-09T11:16:56","modified_gmt":"2026-02-09T10:16:56","slug":"cuivre-lithium-terres-rares-comment-leurope-veut-fiabiliser-la-transition-energetique","status":"publish","type":"post","link":"https:\/\/www.les-energies-renouvelables.eu\/article\/actualites\/energies\/cuivre-lithium-terres-rares-comment-leurope-veut-fiabiliser-la-transition-energetique-332\/","title":{"rendered":"Cuivre, lithium, terres rares : comment l\u2019Europe veut fiabiliser la transition \u00e9nerg\u00e9tique"},"content":{"rendered":"\n<p>R\u00e9sum\u00e9 :&nbsp;<\/p>\n\n\n\n<ul class=\"wp-block-list\">\n<li><strong>Ce qui bloque :<\/strong> Une concentration extr\u00eame des sources. Sur la p\u00e9riode 2016-2020, l&rsquo;UE d\u00e9pendait de la <strong>Chine pour 97 % de son magn\u00e9sium<\/strong> et 71 % de son gallium. Les d\u00e9lais d&rsquo;autorisation pour l&rsquo;extraction en Europe atteignent encore souvent <strong>10 \u00e0 15 ans<\/strong>.<\/li>\n\n\n\n<li><strong>Ce qui marche :<\/strong> Le nouveau <strong>r\u00e8glement CRMA<\/strong> (2024). Il d\u00e9finit des objectifs de r\u00e9f\u00e9rence pour 2030 et r\u00e9duit les d\u00e9lais de permis \u00e0 <strong>27 mois<\/strong> pour les projets d&rsquo;extraction strat\u00e9giques.<\/li>\n\n\n\n<li><strong>Ce qui manque :<\/strong> Une mont\u00e9e en puissance du <strong>raffinage<\/strong> et de la <strong>circularit\u00e9<\/strong>. L&rsquo;UE ne transforme que 24 % des mati\u00e8res strat\u00e9giques qu&rsquo;elle consomme. Le recyclage reste inexistant pour des m\u00e9taux cl\u00e9s comme le <strong>lithium<\/strong> ou le <strong>silicium<\/strong>.<\/li>\n<\/ul>\n\n\n\n<p>Le succ\u00e8s des \u00e9nergies renouvelables repose sur une r\u00e9alit\u00e9 mat\u00e9rielle : pour quitter l&rsquo;\u00e8re des combustibles fossiles, l&rsquo;Europe doit ma\u00eetriser celle des m\u00e9taux. Les technologies sont pr\u00eates, mais leur d\u00e9ploiement massif,&nbsp; l&rsquo;UE visant au moins <strong>42,5 % d&rsquo;\u00e9nergies renouvelables<\/strong> d&rsquo;ici 2030, exige une r\u00e9silience sans pr\u00e9c\u00e9dent des cha\u00eenes de valeur.<\/p>\n\n\n\n<p>Loin d&rsquo;\u00eatre un obstacle insurmontable, ce constat, d\u00e9taill\u00e9 par la Cour des comptes europ\u00e9enne dans son rapport adopt\u00e9 le <strong>10 d\u00e9cembre 2025<\/strong>, impose une r\u00e9ponse syst\u00e9mique. \u00c0 ce stade, ce qui se joue d\u00e9passe le cadre \u00e9cologique : c&rsquo;est une condition de la <strong>comp\u00e9titivit\u00e9<\/strong> et de l&rsquo;autonomie strat\u00e9gique du continent.<\/p>\n\n\n\n<h2 class=\"wp-block-heading\">Le \u00ab\u00a0carburant\u00a0\u00bb de la transition : pourquoi les ENR mobilisent les m\u00e9taux<\/h2>\n\n\n\n<p>Chaque brique de la transition a ses besoins sp\u00e9cifiques. Le <strong>cuivre<\/strong> reste le pilier de l&rsquo;\u00e9lectrification, indispensable \u00e0 l&rsquo;extension des r\u00e9seaux. Parall\u00e8lement, le secteur des batteries dicte une cadence soutenue : en 2023, la demande mondiale de <strong>lithium<\/strong> a progress\u00e9 de 30 %, port\u00e9e par une hausse de 35 % des ventes de <strong>v\u00e9hicules \u00e9lectriques<\/strong>.<\/p>\n\n\n\n<p>D&rsquo;autres m\u00e9taux sont tout aussi vitaux. Les <strong>terres rares<\/strong> sont essentielles aux aimants permanents des \u00e9oliennes offshore, tandis que le <strong>silicium<\/strong> et l&rsquo;argent restent les composants ma\u00eetres des panneaux photovolta\u00efques. Selon les projections, la demande de l&rsquo;UE pour les terres rares pourrait \u00eatre <strong>multipli\u00e9e par six<\/strong> d&rsquo;ici 2030.<\/p>\n\n\n\n<h2 class=\"wp-block-heading\">Le diagnostic de la Cour des comptes : identifier les points de rupture<\/h2>\n\n\n\n<p>L&rsquo;audit de d\u00e9cembre 2025 dresse une cartographie rigoureuse de nos vuln\u00e9rabilit\u00e9s. L&rsquo;UE affiche une <strong>d\u00e9pendance totale <\/strong>pour dix mati\u00e8res premi\u00e8res critiques. Outre le magn\u00e9sium, la Turquie fournit 99 % du bore et le Chili 79 % du lithium transform\u00e9 consomm\u00e9 par l&rsquo;Union.<\/p>\n\n\n\n<p>L&rsquo;\u00e9tape du <strong>raffinage<\/strong> constitue le principal goulet d&rsquo;\u00e9tranglement. Pour le lithium ou le gallium, plus de 65 % de la transformation est concentr\u00e9e dans un seul pays tiers. En Europe, la production int\u00e9rieure peine encore : l&rsquo;UE n&rsquo;extrait que <strong>8 % de ses besoins<\/strong> en mati\u00e8res strat\u00e9giques. La priorit\u00e9 est aussi temporelle : il faut en moyenne <strong>15,7 ans<\/strong> pour qu&rsquo;un gisement d\u00e9couvert devienne une mine op\u00e9rationnelle.<\/p>\n\n\n\n<h2 class=\"wp-block-heading\">Le plan de bataille europ\u00e9en : les leviers du R\u00e8glement CRMA<\/h2>\n\n\n\n<p>Pour r\u00e9pondre \u00e0 cet enjeu, le <strong>R\u00e8glement sur les mati\u00e8res premi\u00e8res critiques (CRMA)<\/strong> pose un cadre structurant pour 2030. Ce texte d\u00e9finit 17 mati\u00e8res strat\u00e9giques et \u00e9tablit quatre jalons pour orienter l&rsquo;effort industriel :<\/p>\n\n\n\n<ul class=\"wp-block-list\">\n<li><strong>10 % d&rsquo;extraction<\/strong> sur le sol de l&rsquo;UE.<\/li>\n\n\n\n<li><strong>40 % de transformation<\/strong> locale.<\/li>\n\n\n\n<li><strong>25 % de recyclage<\/strong> (sur la consommation annuelle).<\/li>\n\n\n\n<li><strong>65 % maximum de d\u00e9pendance<\/strong> envers un pays tiers unique.<\/li>\n<\/ul>\n\n\n\n<p>L&rsquo;innovation majeure r\u00e9side dans la cr\u00e9ation de <strong>\u00ab\u00a0Projets Strat\u00e9giques\u00a0\u00bb<\/strong>. Ces dossiers b\u00e9n\u00e9ficient d&rsquo;un acc\u00e8s facilit\u00e9 aux financements et de proc\u00e9dures simplifi\u00e9es : <strong>27 mois maximum<\/strong> pour l&rsquo;extraction et 15 mois pour le raffinage. \u00c0 ce jour, <strong>75 projets<\/strong> ont d\u00e9j\u00e0 \u00e9t\u00e9 s\u00e9lectionn\u00e9s pour amorcer ce redressement.<\/p>\n\n\n\n<h2 class=\"wp-block-heading\">Vers une transition circulaire : transformer l&rsquo;Europe en mine urbaine<\/h2>\n\n\n\n<p>La grande force des m\u00e9taux sur les \u00e9nergies fossiles est leur capacit\u00e9 \u00e0 \u00eatre r\u00e9int\u00e9gr\u00e9s dans l&rsquo;\u00e9conomie. Contrairement au gaz ou au p\u00e9trole, le cuivre ou le cobalt sont <strong>hautement recyclables<\/strong>, m\u00eame si des limites techniques subsistent pour maintenir leur puret\u00e9 lors du traitement.<\/p>\n\n\n\n<p>L&rsquo;objectif est de structurer une v\u00e9ritable <strong>fili\u00e8re de r\u00e9cup\u00e9ration<\/strong> pour r\u00e9duire la pression sur l&rsquo;extraction. Actuellement, le taux de recyclage pour 10 des 26 mati\u00e8res critiques examin\u00e9es reste nul. La g\u00e9n\u00e9ralisation de l&rsquo;<strong>\u00e9coconception<\/strong> et l&rsquo;am\u00e9lioration de la collecte des d\u00e9chets \u00e9lectroniques sont les prochaines \u00e9tapes cruciales.<\/p>\n\n\n\n<p>La transition \u00e9nerg\u00e9tique n&rsquo;est pas confront\u00e9e \u00e0 un manque de ressources physiques, mais \u00e0 un besoin de <strong>r\u00e9organisation strat\u00e9gique<\/strong>. En activant simultan\u00e9ment la diversification, l&rsquo;acc\u00e9l\u00e9ration des projets locaux et la <strong>circularit\u00e9<\/strong>, l&rsquo;UE se donne les moyens de ses ambitions. Ma\u00eetriser les m\u00e9taux, c&rsquo;est avant tout garantir que le prix et la disponibilit\u00e9 de l&rsquo;\u00e9nergie de demain restent sous contr\u00f4le europ\u00e9en.<\/p>\n","protected":false},"excerpt":{"rendered":"","protected":false},"author":2,"featured_media":336,"comment_status":"closed","ping_status":"closed","sticky":false,"template":"","format":"standard","meta":{"footnotes":""},"categories":[1],"tags":[],"class_list":["post-332","post","type-post","status-publish","format-standard","has-post-thumbnail","hentry","category-energies","masonry-post","generate-columns","tablet-grid-50","mobile-grid-100","grid-parent","grid-33"],"yoast_head":"<!-- This site is optimized with the Yoast SEO plugin v26.6 - https:\/\/yoast.com\/wordpress\/plugins\/seo\/ -->\n<title>Cuivre, lithium, terres rares : comment l\u2019Europe veut fiabiliser la transition \u00e9nerg\u00e9tique - ECOinfos<\/title>\n<meta name=\"description\" content=\"Face \u00e0 l\u2019alerte de la Cour des comptes europ\u00e9enne, l\u2019UE acc\u00e9l\u00e8re sa strat\u00e9gie min\u00e9rale. D\u00e9cryptage du r\u00e8glement CRMA, des enjeux de raffinage et des solutions pour une transition \u00e9nerg\u00e9tique souveraine.\" \/>\n<meta name=\"robots\" content=\"index, follow, max-snippet:-1, max-image-preview:large, max-video-preview:-1\" \/>\n<link rel=\"canonical\" href=\"https:\/\/www.les-energies-renouvelables.eu\/article\/actualites\/energies\/cuivre-lithium-terres-rares-comment-leurope-veut-fiabiliser-la-transition-energetique-332\/\" \/>\n<meta property=\"og:locale\" content=\"fr_FR\" \/>\n<meta property=\"og:type\" content=\"article\" \/>\n<meta property=\"og:title\" content=\"Cuivre, lithium, terres rares : comment l\u2019Europe veut fiabiliser la transition \u00e9nerg\u00e9tique - ECOinfos\" \/>\n<meta property=\"og:description\" content=\"Face \u00e0 l\u2019alerte de la Cour des comptes europ\u00e9enne, l\u2019UE acc\u00e9l\u00e8re sa strat\u00e9gie min\u00e9rale. D\u00e9cryptage du r\u00e8glement CRMA, des enjeux de raffinage et des solutions pour une transition \u00e9nerg\u00e9tique souveraine.\" \/>\n<meta property=\"og:url\" content=\"https:\/\/www.les-energies-renouvelables.eu\/article\/actualites\/energies\/cuivre-lithium-terres-rares-comment-leurope-veut-fiabiliser-la-transition-energetique-332\/\" \/>\n<meta property=\"og:site_name\" content=\"ECOinfos Energies renouvelables\" \/>\n<meta property=\"article:publisher\" content=\"https:\/\/www.facebook.com\/ecoannuaire.energierenouvelable\/\" \/>\n<meta property=\"article:author\" content=\"https:\/\/www.facebook.com\/tictacf2c\/\" \/>\n<meta property=\"article:published_time\" content=\"2026-02-10T07:00:00+00:00\" \/>\n<meta property=\"og:image\" content=\"https:\/\/www.les-energies-renouvelables.eu\/article\/actualites\/wp-content\/uploads\/2026\/02\/actualites-cuivre-lithium-terres-rares-comment-leurope-veut-fiabiliser-la-transition-energetique-matiere-premiere.jpg\" \/>\n\t<meta property=\"og:image:width\" content=\"1200\" \/>\n\t<meta property=\"og:image:height\" content=\"675\" \/>\n\t<meta property=\"og:image:type\" content=\"image\/jpeg\" \/>\n<meta name=\"author\" content=\"Alexia JACQUARD\" \/>\n<meta name=\"twitter:card\" content=\"summary_large_image\" \/>\n<meta name=\"twitter:creator\" content=\"@alexiajcrd\" \/>\n<meta name=\"twitter:site\" content=\"@ECOinfosENR\" \/>\n<meta name=\"twitter:label1\" content=\"\u00c9crit par\" \/>\n\t<meta name=\"twitter:data1\" content=\"Alexia JACQUARD\" \/>\n\t<meta name=\"twitter:label2\" content=\"Dur\u00e9e de lecture estim\u00e9e\" \/>\n\t<meta name=\"twitter:data2\" content=\"4 minutes\" \/>\n<script type=\"application\/ld+json\" class=\"yoast-schema-graph\">{\"@context\":\"https:\/\/schema.org\",\"@graph\":[{\"@type\":\"Article\",\"@id\":\"https:\/\/www.les-energies-renouvelables.eu\/article\/actualites\/energies\/cuivre-lithium-terres-rares-comment-leurope-veut-fiabiliser-la-transition-energetique-332\/#article\",\"isPartOf\":{\"@id\":\"https:\/\/www.les-energies-renouvelables.eu\/article\/actualites\/energies\/cuivre-lithium-terres-rares-comment-leurope-veut-fiabiliser-la-transition-energetique-332\/\"},\"author\":{\"name\":\"Alexia JACQUARD\",\"@id\":\"https:\/\/www.les-energies-renouvelables.eu\/article\/actualites\/#\/schema\/person\/2c7d09eb5ca339c12ca8d86145440169\"},\"headline\":\"Cuivre, lithium, terres rares : comment l\u2019Europe veut fiabiliser la transition \u00e9nerg\u00e9tique\",\"datePublished\":\"2026-02-10T07:00:00+00:00\",\"mainEntityOfPage\":{\"@id\":\"https:\/\/www.les-energies-renouvelables.eu\/article\/actualites\/energies\/cuivre-lithium-terres-rares-comment-leurope-veut-fiabiliser-la-transition-energetique-332\/\"},\"wordCount\":833,\"publisher\":{\"@id\":\"https:\/\/www.les-energies-renouvelables.eu\/article\/actualites\/#organization\"},\"image\":{\"@id\":\"https:\/\/www.les-energies-renouvelables.eu\/article\/actualites\/energies\/cuivre-lithium-terres-rares-comment-leurope-veut-fiabiliser-la-transition-energetique-332\/#primaryimage\"},\"thumbnailUrl\":\"https:\/\/www.les-energies-renouvelables.eu\/article\/actualites\/wp-content\/uploads\/2026\/02\/actualites-cuivre-lithium-terres-rares-comment-leurope-veut-fiabiliser-la-transition-energetique-matiere-premiere.jpg\",\"articleSection\":[\"\u00c9nergies\"],\"inLanguage\":\"fr-FR\"},{\"@type\":\"WebPage\",\"@id\":\"https:\/\/www.les-energies-renouvelables.eu\/article\/actualites\/energies\/cuivre-lithium-terres-rares-comment-leurope-veut-fiabiliser-la-transition-energetique-332\/\",\"url\":\"https:\/\/www.les-energies-renouvelables.eu\/article\/actualites\/energies\/cuivre-lithium-terres-rares-comment-leurope-veut-fiabiliser-la-transition-energetique-332\/\",\"name\":\"Cuivre, lithium, terres rares : comment l\u2019Europe veut fiabiliser la transition \u00e9nerg\u00e9tique - ECOinfos\",\"isPartOf\":{\"@id\":\"https:\/\/www.les-energies-renouvelables.eu\/article\/actualites\/#website\"},\"primaryImageOfPage\":{\"@id\":\"https:\/\/www.les-energies-renouvelables.eu\/article\/actualites\/energies\/cuivre-lithium-terres-rares-comment-leurope-veut-fiabiliser-la-transition-energetique-332\/#primaryimage\"},\"image\":{\"@id\":\"https:\/\/www.les-energies-renouvelables.eu\/article\/actualites\/energies\/cuivre-lithium-terres-rares-comment-leurope-veut-fiabiliser-la-transition-energetique-332\/#primaryimage\"},\"thumbnailUrl\":\"https:\/\/www.les-energies-renouvelables.eu\/article\/actualites\/wp-content\/uploads\/2026\/02\/actualites-cuivre-lithium-terres-rares-comment-leurope-veut-fiabiliser-la-transition-energetique-matiere-premiere.jpg\",\"datePublished\":\"2026-02-10T07:00:00+00:00\",\"description\":\"Face \u00e0 l\u2019alerte de la Cour des comptes europ\u00e9enne, l\u2019UE acc\u00e9l\u00e8re sa strat\u00e9gie min\u00e9rale. D\u00e9cryptage du r\u00e8glement CRMA, des enjeux de raffinage et des solutions pour une transition \u00e9nerg\u00e9tique souveraine.\",\"breadcrumb\":{\"@id\":\"https:\/\/www.les-energies-renouvelables.eu\/article\/actualites\/energies\/cuivre-lithium-terres-rares-comment-leurope-veut-fiabiliser-la-transition-energetique-332\/#breadcrumb\"},\"inLanguage\":\"fr-FR\",\"potentialAction\":[{\"@type\":\"ReadAction\",\"target\":[\"https:\/\/www.les-energies-renouvelables.eu\/article\/actualites\/energies\/cuivre-lithium-terres-rares-comment-leurope-veut-fiabiliser-la-transition-energetique-332\/\"]}]},{\"@type\":\"ImageObject\",\"inLanguage\":\"fr-FR\",\"@id\":\"https:\/\/www.les-energies-renouvelables.eu\/article\/actualites\/energies\/cuivre-lithium-terres-rares-comment-leurope-veut-fiabiliser-la-transition-energetique-332\/#primaryimage\",\"url\":\"https:\/\/www.les-energies-renouvelables.eu\/article\/actualites\/wp-content\/uploads\/2026\/02\/actualites-cuivre-lithium-terres-rares-comment-leurope-veut-fiabiliser-la-transition-energetique-matiere-premiere.jpg\",\"contentUrl\":\"https:\/\/www.les-energies-renouvelables.eu\/article\/actualites\/wp-content\/uploads\/2026\/02\/actualites-cuivre-lithium-terres-rares-comment-leurope-veut-fiabiliser-la-transition-energetique-matiere-premiere.jpg\",\"width\":1200,\"height\":675,\"caption\":\"Ideogram\"},{\"@type\":\"BreadcrumbList\",\"@id\":\"https:\/\/www.les-energies-renouvelables.eu\/article\/actualites\/energies\/cuivre-lithium-terres-rares-comment-leurope-veut-fiabiliser-la-transition-energetique-332\/#breadcrumb\",\"itemListElement\":[{\"@type\":\"ListItem\",\"position\":1,\"name\":\"Accueil\",\"item\":\"https:\/\/www.les-energies-renouvelables.eu\/article\/actualites\/\"},{\"@type\":\"ListItem\",\"position\":2,\"name\":\"Cuivre, lithium, terres rares : comment l\u2019Europe veut fiabiliser la transition \u00e9nerg\u00e9tique\"}]},{\"@type\":\"WebSite\",\"@id\":\"https:\/\/www.les-energies-renouvelables.eu\/article\/actualites\/#website\",\"url\":\"https:\/\/www.les-energies-renouvelables.eu\/article\/actualites\/\",\"name\":\"ECOinfos Energies renouvelables\",\"description\":\"Le d\u00e9cryptage quotidien du secteur des \u00e9nergies renouvelables\",\"publisher\":{\"@id\":\"https:\/\/www.les-energies-renouvelables.eu\/article\/actualites\/#organization\"},\"potentialAction\":[{\"@type\":\"SearchAction\",\"target\":{\"@type\":\"EntryPoint\",\"urlTemplate\":\"https:\/\/www.les-energies-renouvelables.eu\/article\/actualites\/?s={search_term_string}\"},\"query-input\":{\"@type\":\"PropertyValueSpecification\",\"valueRequired\":true,\"valueName\":\"search_term_string\"}}],\"inLanguage\":\"fr-FR\"},{\"@type\":\"Organization\",\"@id\":\"https:\/\/www.les-energies-renouvelables.eu\/article\/actualites\/#organization\",\"name\":\"ECOinfos Energies renouvelables\",\"url\":\"https:\/\/www.les-energies-renouvelables.eu\/article\/actualites\/\",\"logo\":{\"@type\":\"ImageObject\",\"inLanguage\":\"fr-FR\",\"@id\":\"https:\/\/www.les-energies-renouvelables.eu\/article\/actualites\/#\/schema\/logo\/image\/\",\"url\":\"https:\/\/www.les-energies-renouvelables.eu\/article\/actualites\/wp-content\/uploads\/2025\/11\/ecoinfos.eldorado-consulting.com-logo-logo.svg\",\"contentUrl\":\"https:\/\/www.les-energies-renouvelables.eu\/article\/actualites\/wp-content\/uploads\/2025\/11\/ecoinfos.eldorado-consulting.com-logo-logo.svg\",\"caption\":\"ECOinfos Energies renouvelables\"},\"image\":{\"@id\":\"https:\/\/www.les-energies-renouvelables.eu\/article\/actualites\/#\/schema\/logo\/image\/\"},\"sameAs\":[\"https:\/\/www.facebook.com\/ecoannuaire.energierenouvelable\/\",\"https:\/\/x.com\/ECOinfosENR\",\"https:\/\/www.linkedin.com\/company\/ecoinfos-energies-renouvelables\/\",\"https:\/\/www.youtube.com\/@ecoinfosenergies\",\"https:\/\/share.google\/dyKHJPxAV42WhhjbM\"]},{\"@type\":\"Person\",\"@id\":\"https:\/\/www.les-energies-renouvelables.eu\/article\/actualites\/#\/schema\/person\/2c7d09eb5ca339c12ca8d86145440169\",\"name\":\"Alexia JACQUARD\",\"pronouns\":\"elle\/elle\",\"image\":{\"@type\":\"ImageObject\",\"inLanguage\":\"fr-FR\",\"@id\":\"https:\/\/www.les-energies-renouvelables.eu\/article\/actualites\/#\/schema\/person\/image\/\",\"url\":\"https:\/\/www.les-energies-renouvelables.eu\/article\/actualites\/wp-content\/uploads\/2026\/01\/actualites-alexia-jacquard-alexia-jacquard-160x160.jpg\",\"contentUrl\":\"https:\/\/www.les-energies-renouvelables.eu\/article\/actualites\/wp-content\/uploads\/2026\/01\/actualites-alexia-jacquard-alexia-jacquard-160x160.jpg\",\"caption\":\"Alexia JACQUARD\"},\"description\":\"Curieuse de nature et attentif aux enjeux du d\u00e9veloppement durable, Alexia Jacquard suit l'actualit\u00e9 des \u00e9nergies renouvelables pour partager les derni\u00e8res nouveaut\u00e9s du secteur. Elle s'attache \u00e0 retranscrire simplement les informations cl\u00e9s et les initiatives positives qui marquent la transition \u00e9nerg\u00e9tique. Son objectif : proposer des articles d'actualit\u00e9 clairs et accessibles pour tous ceux qui s'int\u00e9ressent \u00e0 l'avenir de notre \u00e9nergie.\",\"sameAs\":[\"https:\/\/alexia-jacquard.fr\",\"https:\/\/www.facebook.com\/tictacf2c\/\",\"https:\/\/www.instagram.com\/alexia_redac\/\",\"https:\/\/www.linkedin.com\/in\/alexia-jacquard-449a4b289\/\",\"https:\/\/fr.pinterest.com\/alexiajacquard\/\",\"https:\/\/x.com\/alexiajcrd\",\"https:\/\/www.youtube.com\/@Thepaindemie\",\"https:\/\/muckrack.com\/alexia-jacquard\"],\"url\":\"https:\/\/www.les-energies-renouvelables.eu\/article\/actualites\/author\/alexia-jacquard\/\"}]}<\/script>\n<!-- \/ Yoast SEO plugin. -->","yoast_head_json":{"title":"Cuivre, lithium, terres rares : comment l\u2019Europe veut fiabiliser la transition \u00e9nerg\u00e9tique - ECOinfos","description":"Face \u00e0 l\u2019alerte de la Cour des comptes europ\u00e9enne, l\u2019UE acc\u00e9l\u00e8re sa strat\u00e9gie min\u00e9rale. D\u00e9cryptage du r\u00e8glement CRMA, des enjeux de raffinage et des solutions pour une transition \u00e9nerg\u00e9tique souveraine.","robots":{"index":"index","follow":"follow","max-snippet":"max-snippet:-1","max-image-preview":"max-image-preview:large","max-video-preview":"max-video-preview:-1"},"canonical":"https:\/\/www.les-energies-renouvelables.eu\/article\/actualites\/energies\/cuivre-lithium-terres-rares-comment-leurope-veut-fiabiliser-la-transition-energetique-332\/","og_locale":"fr_FR","og_type":"article","og_title":"Cuivre, lithium, terres rares : comment l\u2019Europe veut fiabiliser la transition \u00e9nerg\u00e9tique - ECOinfos","og_description":"Face \u00e0 l\u2019alerte de la Cour des comptes europ\u00e9enne, l\u2019UE acc\u00e9l\u00e8re sa strat\u00e9gie min\u00e9rale. D\u00e9cryptage du r\u00e8glement CRMA, des enjeux de raffinage et des solutions pour une transition \u00e9nerg\u00e9tique souveraine.","og_url":"https:\/\/www.les-energies-renouvelables.eu\/article\/actualites\/energies\/cuivre-lithium-terres-rares-comment-leurope-veut-fiabiliser-la-transition-energetique-332\/","og_site_name":"ECOinfos Energies renouvelables","article_publisher":"https:\/\/www.facebook.com\/ecoannuaire.energierenouvelable\/","article_author":"https:\/\/www.facebook.com\/tictacf2c\/","article_published_time":"2026-02-10T07:00:00+00:00","og_image":[{"width":1200,"height":675,"url":"https:\/\/www.les-energies-renouvelables.eu\/article\/actualites\/wp-content\/uploads\/2026\/02\/actualites-cuivre-lithium-terres-rares-comment-leurope-veut-fiabiliser-la-transition-energetique-matiere-premiere.jpg","type":"image\/jpeg"}],"author":"Alexia JACQUARD","twitter_card":"summary_large_image","twitter_creator":"@alexiajcrd","twitter_site":"@ECOinfosENR","twitter_misc":{"\u00c9crit par":"Alexia JACQUARD","Dur\u00e9e de lecture estim\u00e9e":"4 minutes"},"schema":{"@context":"https:\/\/schema.org","@graph":[{"@type":"Article","@id":"https:\/\/www.les-energies-renouvelables.eu\/article\/actualites\/energies\/cuivre-lithium-terres-rares-comment-leurope-veut-fiabiliser-la-transition-energetique-332\/#article","isPartOf":{"@id":"https:\/\/www.les-energies-renouvelables.eu\/article\/actualites\/energies\/cuivre-lithium-terres-rares-comment-leurope-veut-fiabiliser-la-transition-energetique-332\/"},"author":{"name":"Alexia JACQUARD","@id":"https:\/\/www.les-energies-renouvelables.eu\/article\/actualites\/#\/schema\/person\/2c7d09eb5ca339c12ca8d86145440169"},"headline":"Cuivre, lithium, terres rares : comment l\u2019Europe veut fiabiliser la transition \u00e9nerg\u00e9tique","datePublished":"2026-02-10T07:00:00+00:00","mainEntityOfPage":{"@id":"https:\/\/www.les-energies-renouvelables.eu\/article\/actualites\/energies\/cuivre-lithium-terres-rares-comment-leurope-veut-fiabiliser-la-transition-energetique-332\/"},"wordCount":833,"publisher":{"@id":"https:\/\/www.les-energies-renouvelables.eu\/article\/actualites\/#organization"},"image":{"@id":"https:\/\/www.les-energies-renouvelables.eu\/article\/actualites\/energies\/cuivre-lithium-terres-rares-comment-leurope-veut-fiabiliser-la-transition-energetique-332\/#primaryimage"},"thumbnailUrl":"https:\/\/www.les-energies-renouvelables.eu\/article\/actualites\/wp-content\/uploads\/2026\/02\/actualites-cuivre-lithium-terres-rares-comment-leurope-veut-fiabiliser-la-transition-energetique-matiere-premiere.jpg","articleSection":["\u00c9nergies"],"inLanguage":"fr-FR"},{"@type":"WebPage","@id":"https:\/\/www.les-energies-renouvelables.eu\/article\/actualites\/energies\/cuivre-lithium-terres-rares-comment-leurope-veut-fiabiliser-la-transition-energetique-332\/","url":"https:\/\/www.les-energies-renouvelables.eu\/article\/actualites\/energies\/cuivre-lithium-terres-rares-comment-leurope-veut-fiabiliser-la-transition-energetique-332\/","name":"Cuivre, lithium, terres rares : comment l\u2019Europe veut fiabiliser la transition \u00e9nerg\u00e9tique - ECOinfos","isPartOf":{"@id":"https:\/\/www.les-energies-renouvelables.eu\/article\/actualites\/#website"},"primaryImageOfPage":{"@id":"https:\/\/www.les-energies-renouvelables.eu\/article\/actualites\/energies\/cuivre-lithium-terres-rares-comment-leurope-veut-fiabiliser-la-transition-energetique-332\/#primaryimage"},"image":{"@id":"https:\/\/www.les-energies-renouvelables.eu\/article\/actualites\/energies\/cuivre-lithium-terres-rares-comment-leurope-veut-fiabiliser-la-transition-energetique-332\/#primaryimage"},"thumbnailUrl":"https:\/\/www.les-energies-renouvelables.eu\/article\/actualites\/wp-content\/uploads\/2026\/02\/actualites-cuivre-lithium-terres-rares-comment-leurope-veut-fiabiliser-la-transition-energetique-matiere-premiere.jpg","datePublished":"2026-02-10T07:00:00+00:00","description":"Face \u00e0 l\u2019alerte de la Cour des comptes europ\u00e9enne, l\u2019UE acc\u00e9l\u00e8re sa strat\u00e9gie min\u00e9rale. D\u00e9cryptage du r\u00e8glement CRMA, des enjeux de raffinage et des solutions pour une transition \u00e9nerg\u00e9tique souveraine.","breadcrumb":{"@id":"https:\/\/www.les-energies-renouvelables.eu\/article\/actualites\/energies\/cuivre-lithium-terres-rares-comment-leurope-veut-fiabiliser-la-transition-energetique-332\/#breadcrumb"},"inLanguage":"fr-FR","potentialAction":[{"@type":"ReadAction","target":["https:\/\/www.les-energies-renouvelables.eu\/article\/actualites\/energies\/cuivre-lithium-terres-rares-comment-leurope-veut-fiabiliser-la-transition-energetique-332\/"]}]},{"@type":"ImageObject","inLanguage":"fr-FR","@id":"https:\/\/www.les-energies-renouvelables.eu\/article\/actualites\/energies\/cuivre-lithium-terres-rares-comment-leurope-veut-fiabiliser-la-transition-energetique-332\/#primaryimage","url":"https:\/\/www.les-energies-renouvelables.eu\/article\/actualites\/wp-content\/uploads\/2026\/02\/actualites-cuivre-lithium-terres-rares-comment-leurope-veut-fiabiliser-la-transition-energetique-matiere-premiere.jpg","contentUrl":"https:\/\/www.les-energies-renouvelables.eu\/article\/actualites\/wp-content\/uploads\/2026\/02\/actualites-cuivre-lithium-terres-rares-comment-leurope-veut-fiabiliser-la-transition-energetique-matiere-premiere.jpg","width":1200,"height":675,"caption":"Ideogram"},{"@type":"BreadcrumbList","@id":"https:\/\/www.les-energies-renouvelables.eu\/article\/actualites\/energies\/cuivre-lithium-terres-rares-comment-leurope-veut-fiabiliser-la-transition-energetique-332\/#breadcrumb","itemListElement":[{"@type":"ListItem","position":1,"name":"Accueil","item":"https:\/\/www.les-energies-renouvelables.eu\/article\/actualites\/"},{"@type":"ListItem","position":2,"name":"Cuivre, lithium, terres rares : comment l\u2019Europe veut fiabiliser la transition \u00e9nerg\u00e9tique"}]},{"@type":"WebSite","@id":"https:\/\/www.les-energies-renouvelables.eu\/article\/actualites\/#website","url":"https:\/\/www.les-energies-renouvelables.eu\/article\/actualites\/","name":"ECOinfos Energies renouvelables","description":"Le d\u00e9cryptage quotidien du secteur des \u00e9nergies renouvelables","publisher":{"@id":"https:\/\/www.les-energies-renouvelables.eu\/article\/actualites\/#organization"},"potentialAction":[{"@type":"SearchAction","target":{"@type":"EntryPoint","urlTemplate":"https:\/\/www.les-energies-renouvelables.eu\/article\/actualites\/?s={search_term_string}"},"query-input":{"@type":"PropertyValueSpecification","valueRequired":true,"valueName":"search_term_string"}}],"inLanguage":"fr-FR"},{"@type":"Organization","@id":"https:\/\/www.les-energies-renouvelables.eu\/article\/actualites\/#organization","name":"ECOinfos Energies renouvelables","url":"https:\/\/www.les-energies-renouvelables.eu\/article\/actualites\/","logo":{"@type":"ImageObject","inLanguage":"fr-FR","@id":"https:\/\/www.les-energies-renouvelables.eu\/article\/actualites\/#\/schema\/logo\/image\/","url":"https:\/\/www.les-energies-renouvelables.eu\/article\/actualites\/wp-content\/uploads\/2025\/11\/ecoinfos.eldorado-consulting.com-logo-logo.svg","contentUrl":"https:\/\/www.les-energies-renouvelables.eu\/article\/actualites\/wp-content\/uploads\/2025\/11\/ecoinfos.eldorado-consulting.com-logo-logo.svg","caption":"ECOinfos Energies renouvelables"},"image":{"@id":"https:\/\/www.les-energies-renouvelables.eu\/article\/actualites\/#\/schema\/logo\/image\/"},"sameAs":["https:\/\/www.facebook.com\/ecoannuaire.energierenouvelable\/","https:\/\/x.com\/ECOinfosENR","https:\/\/www.linkedin.com\/company\/ecoinfos-energies-renouvelables\/","https:\/\/www.youtube.com\/@ecoinfosenergies","https:\/\/share.google\/dyKHJPxAV42WhhjbM"]},{"@type":"Person","@id":"https:\/\/www.les-energies-renouvelables.eu\/article\/actualites\/#\/schema\/person\/2c7d09eb5ca339c12ca8d86145440169","name":"Alexia JACQUARD","pronouns":"elle\/elle","image":{"@type":"ImageObject","inLanguage":"fr-FR","@id":"https:\/\/www.les-energies-renouvelables.eu\/article\/actualites\/#\/schema\/person\/image\/","url":"https:\/\/www.les-energies-renouvelables.eu\/article\/actualites\/wp-content\/uploads\/2026\/01\/actualites-alexia-jacquard-alexia-jacquard-160x160.jpg","contentUrl":"https:\/\/www.les-energies-renouvelables.eu\/article\/actualites\/wp-content\/uploads\/2026\/01\/actualites-alexia-jacquard-alexia-jacquard-160x160.jpg","caption":"Alexia JACQUARD"},"description":"Curieuse de nature et attentif aux enjeux du d\u00e9veloppement durable, Alexia Jacquard suit l'actualit\u00e9 des \u00e9nergies renouvelables pour partager les derni\u00e8res nouveaut\u00e9s du secteur. Elle s'attache \u00e0 retranscrire simplement les informations cl\u00e9s et les initiatives positives qui marquent la transition \u00e9nerg\u00e9tique. Son objectif : proposer des articles d'actualit\u00e9 clairs et accessibles pour tous ceux qui s'int\u00e9ressent \u00e0 l'avenir de notre \u00e9nergie.","sameAs":["https:\/\/alexia-jacquard.fr","https:\/\/www.facebook.com\/tictacf2c\/","https:\/\/www.instagram.com\/alexia_redac\/","https:\/\/www.linkedin.com\/in\/alexia-jacquard-449a4b289\/","https:\/\/fr.pinterest.com\/alexiajacquard\/","https:\/\/x.com\/alexiajcrd","https:\/\/www.youtube.com\/@Thepaindemie","https:\/\/muckrack.com\/alexia-jacquard"],"url":"https:\/\/www.les-energies-renouvelables.eu\/article\/actualites\/author\/alexia-jacquard\/"}]}},"_links":{"self":[{"href":"https:\/\/www.les-energies-renouvelables.eu\/article\/actualites\/wp-json\/wp\/v2\/posts\/332","targetHints":{"allow":["GET"]}}],"collection":[{"href":"https:\/\/www.les-energies-renouvelables.eu\/article\/actualites\/wp-json\/wp\/v2\/posts"}],"about":[{"href":"https:\/\/www.les-energies-renouvelables.eu\/article\/actualites\/wp-json\/wp\/v2\/types\/post"}],"author":[{"embeddable":true,"href":"https:\/\/www.les-energies-renouvelables.eu\/article\/actualites\/wp-json\/wp\/v2\/users\/2"}],"replies":[{"embeddable":true,"href":"https:\/\/www.les-energies-renouvelables.eu\/article\/actualites\/wp-json\/wp\/v2\/comments?post=332"}],"version-history":[{"count":1,"href":"https:\/\/www.les-energies-renouvelables.eu\/article\/actualites\/wp-json\/wp\/v2\/posts\/332\/revisions"}],"predecessor-version":[{"id":333,"href":"https:\/\/www.les-energies-renouvelables.eu\/article\/actualites\/wp-json\/wp\/v2\/posts\/332\/revisions\/333"}],"wp:featuredmedia":[{"embeddable":true,"href":"https:\/\/www.les-energies-renouvelables.eu\/article\/actualites\/wp-json\/wp\/v2\/media\/336"}],"wp:attachment":[{"href":"https:\/\/www.les-energies-renouvelables.eu\/article\/actualites\/wp-json\/wp\/v2\/media?parent=332"}],"wp:term":[{"taxonomy":"category","embeddable":true,"href":"https:\/\/www.les-energies-renouvelables.eu\/article\/actualites\/wp-json\/wp\/v2\/categories?post=332"},{"taxonomy":"post_tag","embeddable":true,"href":"https:\/\/www.les-energies-renouvelables.eu\/article\/actualites\/wp-json\/wp\/v2\/tags?post=332"}],"curies":[{"name":"wp","href":"https:\/\/api.w.org\/{rel}","templated":true}]}}