{"id":324,"date":"2026-02-07T08:00:00","date_gmt":"2026-02-07T07:00:00","guid":{"rendered":"https:\/\/www.les-energies-renouvelables.eu\/article\/actualites\/?p=324"},"modified":"2026-02-06T10:34:49","modified_gmt":"2026-02-06T09:34:49","slug":"tarification-dynamique-pourquoi-elle-arrive-avec-le-solaire-et-leolien","status":"publish","type":"post","link":"https:\/\/www.les-energies-renouvelables.eu\/article\/actualites\/energies\/tarification-dynamique-pourquoi-elle-arrive-avec-le-solaire-et-leolien-324\/","title":{"rendered":"Tarification dynamique : pourquoi elle arrive avec le solaire et l\u2019\u00e9olien"},"content":{"rendered":"\n<p>R\u00e9sum\u00e9&nbsp; :&nbsp;<\/p>\n\n\n\n<ul class=\"wp-block-list\">\n<li><strong>Le principe :<\/strong> un tarif qui change selon les <strong>prix de gros<\/strong> et les conditions d\u2019\u00e9quilibre du r\u00e9seau.<\/li>\n\n\n\n<li><strong>L\u2019enjeu vert :<\/strong> inciter \u00e0 consommer quand le <strong>solaire<\/strong> et l\u2019<strong>\u00e9olien<\/strong> produisent davantage, afin de limiter le recours aux moyens plus <strong>carbon\u00e9s<\/strong> en p\u00e9riode tendue.<\/li>\n\n\n\n<li><strong>La s\u00e9curit\u00e9 :<\/strong> il existe des protections, mais l\u2019int\u00e9r\u00eat d\u00e9pend beaucoup de la capacit\u00e9 \u00e0 <strong>programmer<\/strong> certains \u00e9quipements.<\/li>\n<\/ul>\n\n\n\n<h2 class=\"wp-block-heading\">Le signal-prix : une boussole pour le syst\u00e8me \u00e9lectrique<\/h2>\n\n\n\n<p>L&rsquo;id\u00e9e centrale de la <strong>tarification dynamique<\/strong> est de r\u00e9duire la d\u00e9connexion entre la production et la consommation. Ici, le prix pay\u00e9 par le consommateur cherche \u00e0 refl\u00e9ter les variations des prix sur les <strong>march\u00e9s de gros<\/strong> (march\u00e9s dits \u00ab au comptant \u00bb).<\/p>\n\n\n\n<p>Cette \u00e9volution est encadr\u00e9e par la directive europ\u00e9enne 2019\/944. En France, l\u2019article L.332-7 du code de l\u2019\u00e9nergie pr\u00e9voit que les fournisseurs d&rsquo;\u00e9lectricit\u00e9 comptant plus de 200 000 sites clients doivent proposer au moins une offre de ce type. Ce cadre l\u00e9gislatif vise \u00e0 utiliser le <strong>signal-prix<\/strong> comme un levier pour inciter \u00e0 l\u2019\u00e9quilibrage du r\u00e9seau en temps r\u00e9el.<\/p>\n\n\n\n<p>Le <strong>solaire<\/strong> et l\u2019<strong>\u00e9olien<\/strong> \u00e9tant par nature intermittents, la tarification dynamique cherche \u00e0 inciter le consommateur \u00e0 synchroniser ses usages avec la production verte. Sur certains march\u00e9s europ\u00e9ens, il arrive que les prix de gros deviennent nuls ou n\u00e9gatifs lors de p\u00e9riodes de forte production renouvelable coupl\u00e9e \u00e0 une faible demande. \u00c0 l&rsquo;inverse, lors des pics de consommation, ce m\u00e9canisme encourage la <strong>sobri\u00e9t\u00e9<\/strong>, ce qui peut contribuer \u00e0 limiter le besoin de d\u00e9marrer des centrales thermiques d\u2019appoint.<\/p>\n\n\n\n<h2 class=\"wp-block-heading\">Mode d\u2019emploi : la flexibilit\u00e9 au service de l&rsquo;usager<\/h2>\n\n\n\n<p>Pour que ce type de contrat soit pertinent, il est utile de pouvoir d\u00e9placer ses consommations les plus importantes vers les p\u00e9riodes o\u00f9 l\u2019\u00e9nergie est abondante.<\/p>\n\n\n\n<p>Le <strong>v\u00e9hicule \u00e9lectrique<\/strong>, le <strong>chauffe-eau<\/strong> et les \u00e9ventuels syst\u00e8mes de <strong>stockage<\/strong> sont les principaux leviers de flexibilit\u00e9. Pour les foyers \u00e9quip\u00e9s, ces usages repr\u00e9sentent une part significative de la facture et peuvent souvent \u00eatre programm\u00e9s pour s\u2019adapter aux variations tarifaires.<\/p>\n\n\n\n<p>Conna\u00eetre le prix de l&rsquo;\u00e9lectricit\u00e9 la veille pour le lendemain demande un suivi r\u00e9gulier. Pour simplifier la gestion quotidienne, l&rsquo;utilisation d\u2019outils de <strong>pilotage automatique<\/strong> (solutions domotiques ou applications d\u00e9di\u00e9es) est souvent utile. Ces syst\u00e8mes permettent de r\u00e9pondre aux signaux tarifaires sans n\u00e9cessiter une intervention humaine permanente.<\/p>\n\n\n\n<h2 class=\"wp-block-heading\">Garde-fous : les points de vigilance identifi\u00e9s par les autorit\u00e9s<\/h2>\n\n\n\n<p>En pratique, la tarification dynamique d\u00e9place une partie du risque de <strong>volatilit\u00e9<\/strong> des march\u00e9s vers le client final. C&rsquo;est pourquoi les autorit\u00e9s de r\u00e9gulation encadrent ces offres.<\/p>\n\n\n\n<p>Pour limiter l\u2019impact d\u2019\u00e9ventuelles envol\u00e9es de prix, la Commission de R\u00e9gulation de l&rsquo;\u00c9nergie (CRE) a instaur\u00e9 une protection : le montant mensuel de la facture hors taxes est plafonn\u00e9 \u00e0 deux fois celui d&rsquo;un client au tarif r\u00e9glement\u00e9 \u00ab\u00a0base\u00a0\u00bb \u00e9quivalent (d\u00e9lib\u00e9ration n\u00b0 2021-135).<\/p>\n\n\n\n<p>Le M\u00e9diateur national de l&rsquo;\u00e9nergie estime toutefois que la vigilance reste de mise, particuli\u00e8rement pour les m\u00e9nages se chauffant exclusivement \u00e0 l&rsquo;\u00e9lectricit\u00e9 sans syst\u00e8me de pilotage. Parmi les mesures de protection pr\u00e9conis\u00e9es par le M\u00e9diateur figurent :<\/p>\n\n\n\n<ul class=\"wp-block-list\">\n<li>L\u2019interdiction du <strong>d\u00e9marchage<\/strong> pour ce type de contrat sp\u00e9cifique.<\/li>\n\n\n\n<li>L\u2019exigence d\u2019une mention \u00e9crite du consommateur confirmant sa connaissance des risques li\u00e9s \u00e0 la <strong>volatilit\u00e9<\/strong>.<\/li>\n\n\n\n<li>La possibilit\u00e9 de r\u00e9silier <strong>sans frais<\/strong> pour permettre un retour facilit\u00e9 \u00e0 une offre classique.<\/li>\n<\/ul>\n\n\n\n<h2 class=\"wp-block-heading\">Checklist \u00ab Safe \u00bb : 5 crit\u00e8res avant de choisir<\/h2>\n\n\n\n<p>Avant de souscrire \u00e0 une offre dynamique, v\u00e9rifiez les points suivants :<\/p>\n\n\n\n<ol class=\"wp-block-list\">\n<li><strong>\u00c9quipement requis :<\/strong> vous devez disposer d\u2019un <strong>compteur communicant<\/strong> capable de transmettre vos donn\u00e9es de consommation selon un pas de temps fin (mesure par intervalle).<\/li>\n\n\n\n<li><strong>Transparence de l\u2019offre :<\/strong> le fournisseur doit expliciter les modalit\u00e9s de calcul du prix et l\u2019exposition \u00e0 la volatilit\u00e9 des march\u00e9s.<\/li>\n\n\n\n<li><strong>Syst\u00e8me d\u2019alertes :<\/strong> assurez-vous d\u2019avoir acc\u00e8s \u00e0 une interface vous informant des prix du lendemain.<\/li>\n\n\n\n<li><strong>Capacit\u00e9 de pilotage :<\/strong> \u00e9valuez si vos principaux appareils (chauffage, eau chaude, voiture) peuvent \u00eatre programm\u00e9s.<\/li>\n\n\n\n<li><strong>Conditions de sortie :<\/strong> privil\u00e9giez les contrats mentionnant l\u2019absence de frais de r\u00e9siliation pour conserver votre libert\u00e9 de changement.<\/li>\n<\/ol>\n\n\n\n<p>Si la <strong>tarification dynamique<\/strong> est un outil con\u00e7u pour accompagner l\u2019int\u00e9gration des <strong>\u00e9nergies renouvelables<\/strong>, elle s\u2019adresse prioritairement aux consommateurs disposant de leviers de <strong>flexibilit\u00e9<\/strong> et de moyens de <strong>pilotage<\/strong>.<\/p>\n","protected":false},"excerpt":{"rendered":"","protected":false},"author":2,"featured_media":326,"comment_status":"closed","ping_status":"closed","sticky":false,"template":"","format":"standard","meta":{"footnotes":""},"categories":[1],"tags":[],"class_list":["post-324","post","type-post","status-publish","format-standard","has-post-thumbnail","hentry","category-energies","masonry-post","generate-columns","tablet-grid-50","mobile-grid-100","grid-parent","grid-33"],"yoast_head":"<!-- This site is optimized with the Yoast SEO plugin v26.6 - https:\/\/yoast.com\/wordpress\/plugins\/seo\/ -->\n<title>Tarification dynamique : pourquoi elle arrive avec le solaire et l\u2019\u00e9olien - ECOinfos<\/title>\n<meta name=\"description\" content=\"Comprendre la tarification dynamique de l\u2019\u00e9lectricit\u00e9 : d\u00e9finition, int\u00e9r\u00eat pour int\u00e9grer les \u00e9nergies renouvelables, risques de volatilit\u00e9 et protections (CRE, M\u00e9diateur), avec une checklist avant de choisir.\" \/>\n<meta name=\"robots\" content=\"index, follow, max-snippet:-1, max-image-preview:large, max-video-preview:-1\" \/>\n<link rel=\"canonical\" href=\"https:\/\/www.les-energies-renouvelables.eu\/article\/actualites\/energies\/tarification-dynamique-pourquoi-elle-arrive-avec-le-solaire-et-leolien-324\/\" \/>\n<meta property=\"og:locale\" content=\"fr_FR\" \/>\n<meta property=\"og:type\" content=\"article\" \/>\n<meta property=\"og:title\" content=\"Tarification dynamique : pourquoi elle arrive avec le solaire et l\u2019\u00e9olien - ECOinfos\" \/>\n<meta property=\"og:description\" content=\"Comprendre la tarification dynamique de l\u2019\u00e9lectricit\u00e9 : d\u00e9finition, int\u00e9r\u00eat pour int\u00e9grer les \u00e9nergies renouvelables, risques de volatilit\u00e9 et protections (CRE, M\u00e9diateur), avec une checklist avant de choisir.\" \/>\n<meta property=\"og:url\" content=\"https:\/\/www.les-energies-renouvelables.eu\/article\/actualites\/energies\/tarification-dynamique-pourquoi-elle-arrive-avec-le-solaire-et-leolien-324\/\" \/>\n<meta property=\"og:site_name\" content=\"ECOinfos Energies renouvelables\" \/>\n<meta property=\"article:publisher\" content=\"https:\/\/www.facebook.com\/ecoannuaire.energierenouvelable\/\" \/>\n<meta property=\"article:author\" content=\"https:\/\/www.facebook.com\/tictacf2c\/\" \/>\n<meta property=\"article:published_time\" content=\"2026-02-07T07:00:00+00:00\" \/>\n<meta property=\"og:image\" content=\"https:\/\/www.les-energies-renouvelables.eu\/article\/actualites\/wp-content\/uploads\/2026\/02\/actualites-tarification-dynamique-pourquoi-elle-arrive-avec-le-solaire-et-leolien-tarification-dynamique-electricite.jpg\" \/>\n\t<meta property=\"og:image:width\" content=\"1200\" \/>\n\t<meta property=\"og:image:height\" content=\"675\" \/>\n\t<meta property=\"og:image:type\" content=\"image\/jpeg\" \/>\n<meta name=\"author\" content=\"Alexia JACQUARD\" \/>\n<meta name=\"twitter:card\" content=\"summary_large_image\" \/>\n<meta name=\"twitter:creator\" content=\"@alexiajcrd\" \/>\n<meta name=\"twitter:site\" content=\"@ECOinfosENR\" \/>\n<meta name=\"twitter:label1\" content=\"\u00c9crit par\" \/>\n\t<meta name=\"twitter:data1\" content=\"Alexia JACQUARD\" \/>\n\t<meta name=\"twitter:label2\" content=\"Dur\u00e9e de lecture estim\u00e9e\" \/>\n\t<meta name=\"twitter:data2\" content=\"4 minutes\" \/>\n<script type=\"application\/ld+json\" class=\"yoast-schema-graph\">{\"@context\":\"https:\/\/schema.org\",\"@graph\":[{\"@type\":\"Article\",\"@id\":\"https:\/\/www.les-energies-renouvelables.eu\/article\/actualites\/energies\/tarification-dynamique-pourquoi-elle-arrive-avec-le-solaire-et-leolien-324\/#article\",\"isPartOf\":{\"@id\":\"https:\/\/www.les-energies-renouvelables.eu\/article\/actualites\/energies\/tarification-dynamique-pourquoi-elle-arrive-avec-le-solaire-et-leolien-324\/\"},\"author\":{\"name\":\"Alexia JACQUARD\",\"@id\":\"https:\/\/www.les-energies-renouvelables.eu\/article\/actualites\/#\/schema\/person\/2c7d09eb5ca339c12ca8d86145440169\"},\"headline\":\"Tarification dynamique : pourquoi elle arrive avec le solaire et l\u2019\u00e9olien\",\"datePublished\":\"2026-02-07T07:00:00+00:00\",\"mainEntityOfPage\":{\"@id\":\"https:\/\/www.les-energies-renouvelables.eu\/article\/actualites\/energies\/tarification-dynamique-pourquoi-elle-arrive-avec-le-solaire-et-leolien-324\/\"},\"wordCount\":760,\"publisher\":{\"@id\":\"https:\/\/www.les-energies-renouvelables.eu\/article\/actualites\/#organization\"},\"image\":{\"@id\":\"https:\/\/www.les-energies-renouvelables.eu\/article\/actualites\/energies\/tarification-dynamique-pourquoi-elle-arrive-avec-le-solaire-et-leolien-324\/#primaryimage\"},\"thumbnailUrl\":\"https:\/\/www.les-energies-renouvelables.eu\/article\/actualites\/wp-content\/uploads\/2026\/02\/actualites-tarification-dynamique-pourquoi-elle-arrive-avec-le-solaire-et-leolien-tarification-dynamique-electricite.jpg\",\"articleSection\":[\"\u00c9nergies\"],\"inLanguage\":\"fr-FR\"},{\"@type\":\"WebPage\",\"@id\":\"https:\/\/www.les-energies-renouvelables.eu\/article\/actualites\/energies\/tarification-dynamique-pourquoi-elle-arrive-avec-le-solaire-et-leolien-324\/\",\"url\":\"https:\/\/www.les-energies-renouvelables.eu\/article\/actualites\/energies\/tarification-dynamique-pourquoi-elle-arrive-avec-le-solaire-et-leolien-324\/\",\"name\":\"Tarification dynamique : pourquoi elle arrive avec le solaire et l\u2019\u00e9olien - ECOinfos\",\"isPartOf\":{\"@id\":\"https:\/\/www.les-energies-renouvelables.eu\/article\/actualites\/#website\"},\"primaryImageOfPage\":{\"@id\":\"https:\/\/www.les-energies-renouvelables.eu\/article\/actualites\/energies\/tarification-dynamique-pourquoi-elle-arrive-avec-le-solaire-et-leolien-324\/#primaryimage\"},\"image\":{\"@id\":\"https:\/\/www.les-energies-renouvelables.eu\/article\/actualites\/energies\/tarification-dynamique-pourquoi-elle-arrive-avec-le-solaire-et-leolien-324\/#primaryimage\"},\"thumbnailUrl\":\"https:\/\/www.les-energies-renouvelables.eu\/article\/actualites\/wp-content\/uploads\/2026\/02\/actualites-tarification-dynamique-pourquoi-elle-arrive-avec-le-solaire-et-leolien-tarification-dynamique-electricite.jpg\",\"datePublished\":\"2026-02-07T07:00:00+00:00\",\"description\":\"Comprendre la tarification dynamique de l\u2019\u00e9lectricit\u00e9 : d\u00e9finition, int\u00e9r\u00eat pour int\u00e9grer les \u00e9nergies renouvelables, risques de volatilit\u00e9 et protections (CRE, M\u00e9diateur), avec une checklist avant de choisir.\",\"breadcrumb\":{\"@id\":\"https:\/\/www.les-energies-renouvelables.eu\/article\/actualites\/energies\/tarification-dynamique-pourquoi-elle-arrive-avec-le-solaire-et-leolien-324\/#breadcrumb\"},\"inLanguage\":\"fr-FR\",\"potentialAction\":[{\"@type\":\"ReadAction\",\"target\":[\"https:\/\/www.les-energies-renouvelables.eu\/article\/actualites\/energies\/tarification-dynamique-pourquoi-elle-arrive-avec-le-solaire-et-leolien-324\/\"]}]},{\"@type\":\"ImageObject\",\"inLanguage\":\"fr-FR\",\"@id\":\"https:\/\/www.les-energies-renouvelables.eu\/article\/actualites\/energies\/tarification-dynamique-pourquoi-elle-arrive-avec-le-solaire-et-leolien-324\/#primaryimage\",\"url\":\"https:\/\/www.les-energies-renouvelables.eu\/article\/actualites\/wp-content\/uploads\/2026\/02\/actualites-tarification-dynamique-pourquoi-elle-arrive-avec-le-solaire-et-leolien-tarification-dynamique-electricite.jpg\",\"contentUrl\":\"https:\/\/www.les-energies-renouvelables.eu\/article\/actualites\/wp-content\/uploads\/2026\/02\/actualites-tarification-dynamique-pourquoi-elle-arrive-avec-le-solaire-et-leolien-tarification-dynamique-electricite.jpg\",\"width\":1200,\"height\":675,\"caption\":\"Ideogram\"},{\"@type\":\"BreadcrumbList\",\"@id\":\"https:\/\/www.les-energies-renouvelables.eu\/article\/actualites\/energies\/tarification-dynamique-pourquoi-elle-arrive-avec-le-solaire-et-leolien-324\/#breadcrumb\",\"itemListElement\":[{\"@type\":\"ListItem\",\"position\":1,\"name\":\"Accueil\",\"item\":\"https:\/\/www.les-energies-renouvelables.eu\/article\/actualites\/\"},{\"@type\":\"ListItem\",\"position\":2,\"name\":\"Tarification dynamique : pourquoi elle arrive avec le solaire et l\u2019\u00e9olien\"}]},{\"@type\":\"WebSite\",\"@id\":\"https:\/\/www.les-energies-renouvelables.eu\/article\/actualites\/#website\",\"url\":\"https:\/\/www.les-energies-renouvelables.eu\/article\/actualites\/\",\"name\":\"ECOinfos Energies renouvelables\",\"description\":\"Le d\u00e9cryptage quotidien du secteur des \u00e9nergies renouvelables\",\"publisher\":{\"@id\":\"https:\/\/www.les-energies-renouvelables.eu\/article\/actualites\/#organization\"},\"potentialAction\":[{\"@type\":\"SearchAction\",\"target\":{\"@type\":\"EntryPoint\",\"urlTemplate\":\"https:\/\/www.les-energies-renouvelables.eu\/article\/actualites\/?s={search_term_string}\"},\"query-input\":{\"@type\":\"PropertyValueSpecification\",\"valueRequired\":true,\"valueName\":\"search_term_string\"}}],\"inLanguage\":\"fr-FR\"},{\"@type\":\"Organization\",\"@id\":\"https:\/\/www.les-energies-renouvelables.eu\/article\/actualites\/#organization\",\"name\":\"ECOinfos Energies renouvelables\",\"url\":\"https:\/\/www.les-energies-renouvelables.eu\/article\/actualites\/\",\"logo\":{\"@type\":\"ImageObject\",\"inLanguage\":\"fr-FR\",\"@id\":\"https:\/\/www.les-energies-renouvelables.eu\/article\/actualites\/#\/schema\/logo\/image\/\",\"url\":\"https:\/\/www.les-energies-renouvelables.eu\/article\/actualites\/wp-content\/uploads\/2025\/11\/ecoinfos.eldorado-consulting.com-logo-logo.svg\",\"contentUrl\":\"https:\/\/www.les-energies-renouvelables.eu\/article\/actualites\/wp-content\/uploads\/2025\/11\/ecoinfos.eldorado-consulting.com-logo-logo.svg\",\"caption\":\"ECOinfos Energies renouvelables\"},\"image\":{\"@id\":\"https:\/\/www.les-energies-renouvelables.eu\/article\/actualites\/#\/schema\/logo\/image\/\"},\"sameAs\":[\"https:\/\/www.facebook.com\/ecoannuaire.energierenouvelable\/\",\"https:\/\/x.com\/ECOinfosENR\",\"https:\/\/www.linkedin.com\/company\/ecoinfos-energies-renouvelables\/\",\"https:\/\/www.youtube.com\/@ecoinfosenergies\",\"https:\/\/share.google\/dyKHJPxAV42WhhjbM\"]},{\"@type\":\"Person\",\"@id\":\"https:\/\/www.les-energies-renouvelables.eu\/article\/actualites\/#\/schema\/person\/2c7d09eb5ca339c12ca8d86145440169\",\"name\":\"Alexia JACQUARD\",\"pronouns\":\"elle\/elle\",\"image\":{\"@type\":\"ImageObject\",\"inLanguage\":\"fr-FR\",\"@id\":\"https:\/\/www.les-energies-renouvelables.eu\/article\/actualites\/#\/schema\/person\/image\/\",\"url\":\"https:\/\/www.les-energies-renouvelables.eu\/article\/actualites\/wp-content\/uploads\/2026\/01\/actualites-alexia-jacquard-alexia-jacquard-160x160.jpg\",\"contentUrl\":\"https:\/\/www.les-energies-renouvelables.eu\/article\/actualites\/wp-content\/uploads\/2026\/01\/actualites-alexia-jacquard-alexia-jacquard-160x160.jpg\",\"caption\":\"Alexia JACQUARD\"},\"description\":\"Curieuse de nature et attentif aux enjeux du d\u00e9veloppement durable, Alexia Jacquard suit l'actualit\u00e9 des \u00e9nergies renouvelables pour partager les derni\u00e8res nouveaut\u00e9s du secteur. Elle s'attache \u00e0 retranscrire simplement les informations cl\u00e9s et les initiatives positives qui marquent la transition \u00e9nerg\u00e9tique. Son objectif : proposer des articles d'actualit\u00e9 clairs et accessibles pour tous ceux qui s'int\u00e9ressent \u00e0 l'avenir de notre \u00e9nergie.\",\"sameAs\":[\"https:\/\/alexia-jacquard.fr\",\"https:\/\/www.facebook.com\/tictacf2c\/\",\"https:\/\/www.instagram.com\/alexia_redac\/\",\"https:\/\/www.linkedin.com\/in\/alexia-jacquard-449a4b289\/\",\"https:\/\/fr.pinterest.com\/alexiajacquard\/\",\"https:\/\/x.com\/alexiajcrd\",\"https:\/\/www.youtube.com\/@Thepaindemie\",\"https:\/\/muckrack.com\/alexia-jacquard\"],\"url\":\"https:\/\/www.les-energies-renouvelables.eu\/article\/actualites\/author\/alexia-jacquard\/\"}]}<\/script>\n<!-- \/ Yoast SEO plugin. -->","yoast_head_json":{"title":"Tarification dynamique : pourquoi elle arrive avec le solaire et l\u2019\u00e9olien - ECOinfos","description":"Comprendre la tarification dynamique de l\u2019\u00e9lectricit\u00e9 : d\u00e9finition, int\u00e9r\u00eat pour int\u00e9grer les \u00e9nergies renouvelables, risques de volatilit\u00e9 et protections (CRE, M\u00e9diateur), avec une checklist avant de choisir.","robots":{"index":"index","follow":"follow","max-snippet":"max-snippet:-1","max-image-preview":"max-image-preview:large","max-video-preview":"max-video-preview:-1"},"canonical":"https:\/\/www.les-energies-renouvelables.eu\/article\/actualites\/energies\/tarification-dynamique-pourquoi-elle-arrive-avec-le-solaire-et-leolien-324\/","og_locale":"fr_FR","og_type":"article","og_title":"Tarification dynamique : pourquoi elle arrive avec le solaire et l\u2019\u00e9olien - ECOinfos","og_description":"Comprendre la tarification dynamique de l\u2019\u00e9lectricit\u00e9 : d\u00e9finition, int\u00e9r\u00eat pour int\u00e9grer les \u00e9nergies renouvelables, risques de volatilit\u00e9 et protections (CRE, M\u00e9diateur), avec une checklist avant de choisir.","og_url":"https:\/\/www.les-energies-renouvelables.eu\/article\/actualites\/energies\/tarification-dynamique-pourquoi-elle-arrive-avec-le-solaire-et-leolien-324\/","og_site_name":"ECOinfos Energies renouvelables","article_publisher":"https:\/\/www.facebook.com\/ecoannuaire.energierenouvelable\/","article_author":"https:\/\/www.facebook.com\/tictacf2c\/","article_published_time":"2026-02-07T07:00:00+00:00","og_image":[{"width":1200,"height":675,"url":"https:\/\/www.les-energies-renouvelables.eu\/article\/actualites\/wp-content\/uploads\/2026\/02\/actualites-tarification-dynamique-pourquoi-elle-arrive-avec-le-solaire-et-leolien-tarification-dynamique-electricite.jpg","type":"image\/jpeg"}],"author":"Alexia JACQUARD","twitter_card":"summary_large_image","twitter_creator":"@alexiajcrd","twitter_site":"@ECOinfosENR","twitter_misc":{"\u00c9crit par":"Alexia JACQUARD","Dur\u00e9e de lecture estim\u00e9e":"4 minutes"},"schema":{"@context":"https:\/\/schema.org","@graph":[{"@type":"Article","@id":"https:\/\/www.les-energies-renouvelables.eu\/article\/actualites\/energies\/tarification-dynamique-pourquoi-elle-arrive-avec-le-solaire-et-leolien-324\/#article","isPartOf":{"@id":"https:\/\/www.les-energies-renouvelables.eu\/article\/actualites\/energies\/tarification-dynamique-pourquoi-elle-arrive-avec-le-solaire-et-leolien-324\/"},"author":{"name":"Alexia JACQUARD","@id":"https:\/\/www.les-energies-renouvelables.eu\/article\/actualites\/#\/schema\/person\/2c7d09eb5ca339c12ca8d86145440169"},"headline":"Tarification dynamique : pourquoi elle arrive avec le solaire et l\u2019\u00e9olien","datePublished":"2026-02-07T07:00:00+00:00","mainEntityOfPage":{"@id":"https:\/\/www.les-energies-renouvelables.eu\/article\/actualites\/energies\/tarification-dynamique-pourquoi-elle-arrive-avec-le-solaire-et-leolien-324\/"},"wordCount":760,"publisher":{"@id":"https:\/\/www.les-energies-renouvelables.eu\/article\/actualites\/#organization"},"image":{"@id":"https:\/\/www.les-energies-renouvelables.eu\/article\/actualites\/energies\/tarification-dynamique-pourquoi-elle-arrive-avec-le-solaire-et-leolien-324\/#primaryimage"},"thumbnailUrl":"https:\/\/www.les-energies-renouvelables.eu\/article\/actualites\/wp-content\/uploads\/2026\/02\/actualites-tarification-dynamique-pourquoi-elle-arrive-avec-le-solaire-et-leolien-tarification-dynamique-electricite.jpg","articleSection":["\u00c9nergies"],"inLanguage":"fr-FR"},{"@type":"WebPage","@id":"https:\/\/www.les-energies-renouvelables.eu\/article\/actualites\/energies\/tarification-dynamique-pourquoi-elle-arrive-avec-le-solaire-et-leolien-324\/","url":"https:\/\/www.les-energies-renouvelables.eu\/article\/actualites\/energies\/tarification-dynamique-pourquoi-elle-arrive-avec-le-solaire-et-leolien-324\/","name":"Tarification dynamique : pourquoi elle arrive avec le solaire et l\u2019\u00e9olien - ECOinfos","isPartOf":{"@id":"https:\/\/www.les-energies-renouvelables.eu\/article\/actualites\/#website"},"primaryImageOfPage":{"@id":"https:\/\/www.les-energies-renouvelables.eu\/article\/actualites\/energies\/tarification-dynamique-pourquoi-elle-arrive-avec-le-solaire-et-leolien-324\/#primaryimage"},"image":{"@id":"https:\/\/www.les-energies-renouvelables.eu\/article\/actualites\/energies\/tarification-dynamique-pourquoi-elle-arrive-avec-le-solaire-et-leolien-324\/#primaryimage"},"thumbnailUrl":"https:\/\/www.les-energies-renouvelables.eu\/article\/actualites\/wp-content\/uploads\/2026\/02\/actualites-tarification-dynamique-pourquoi-elle-arrive-avec-le-solaire-et-leolien-tarification-dynamique-electricite.jpg","datePublished":"2026-02-07T07:00:00+00:00","description":"Comprendre la tarification dynamique de l\u2019\u00e9lectricit\u00e9 : d\u00e9finition, int\u00e9r\u00eat pour int\u00e9grer les \u00e9nergies renouvelables, risques de volatilit\u00e9 et protections (CRE, M\u00e9diateur), avec une checklist avant de choisir.","breadcrumb":{"@id":"https:\/\/www.les-energies-renouvelables.eu\/article\/actualites\/energies\/tarification-dynamique-pourquoi-elle-arrive-avec-le-solaire-et-leolien-324\/#breadcrumb"},"inLanguage":"fr-FR","potentialAction":[{"@type":"ReadAction","target":["https:\/\/www.les-energies-renouvelables.eu\/article\/actualites\/energies\/tarification-dynamique-pourquoi-elle-arrive-avec-le-solaire-et-leolien-324\/"]}]},{"@type":"ImageObject","inLanguage":"fr-FR","@id":"https:\/\/www.les-energies-renouvelables.eu\/article\/actualites\/energies\/tarification-dynamique-pourquoi-elle-arrive-avec-le-solaire-et-leolien-324\/#primaryimage","url":"https:\/\/www.les-energies-renouvelables.eu\/article\/actualites\/wp-content\/uploads\/2026\/02\/actualites-tarification-dynamique-pourquoi-elle-arrive-avec-le-solaire-et-leolien-tarification-dynamique-electricite.jpg","contentUrl":"https:\/\/www.les-energies-renouvelables.eu\/article\/actualites\/wp-content\/uploads\/2026\/02\/actualites-tarification-dynamique-pourquoi-elle-arrive-avec-le-solaire-et-leolien-tarification-dynamique-electricite.jpg","width":1200,"height":675,"caption":"Ideogram"},{"@type":"BreadcrumbList","@id":"https:\/\/www.les-energies-renouvelables.eu\/article\/actualites\/energies\/tarification-dynamique-pourquoi-elle-arrive-avec-le-solaire-et-leolien-324\/#breadcrumb","itemListElement":[{"@type":"ListItem","position":1,"name":"Accueil","item":"https:\/\/www.les-energies-renouvelables.eu\/article\/actualites\/"},{"@type":"ListItem","position":2,"name":"Tarification dynamique : pourquoi elle arrive avec le solaire et l\u2019\u00e9olien"}]},{"@type":"WebSite","@id":"https:\/\/www.les-energies-renouvelables.eu\/article\/actualites\/#website","url":"https:\/\/www.les-energies-renouvelables.eu\/article\/actualites\/","name":"ECOinfos Energies renouvelables","description":"Le d\u00e9cryptage quotidien du secteur des \u00e9nergies renouvelables","publisher":{"@id":"https:\/\/www.les-energies-renouvelables.eu\/article\/actualites\/#organization"},"potentialAction":[{"@type":"SearchAction","target":{"@type":"EntryPoint","urlTemplate":"https:\/\/www.les-energies-renouvelables.eu\/article\/actualites\/?s={search_term_string}"},"query-input":{"@type":"PropertyValueSpecification","valueRequired":true,"valueName":"search_term_string"}}],"inLanguage":"fr-FR"},{"@type":"Organization","@id":"https:\/\/www.les-energies-renouvelables.eu\/article\/actualites\/#organization","name":"ECOinfos Energies renouvelables","url":"https:\/\/www.les-energies-renouvelables.eu\/article\/actualites\/","logo":{"@type":"ImageObject","inLanguage":"fr-FR","@id":"https:\/\/www.les-energies-renouvelables.eu\/article\/actualites\/#\/schema\/logo\/image\/","url":"https:\/\/www.les-energies-renouvelables.eu\/article\/actualites\/wp-content\/uploads\/2025\/11\/ecoinfos.eldorado-consulting.com-logo-logo.svg","contentUrl":"https:\/\/www.les-energies-renouvelables.eu\/article\/actualites\/wp-content\/uploads\/2025\/11\/ecoinfos.eldorado-consulting.com-logo-logo.svg","caption":"ECOinfos Energies renouvelables"},"image":{"@id":"https:\/\/www.les-energies-renouvelables.eu\/article\/actualites\/#\/schema\/logo\/image\/"},"sameAs":["https:\/\/www.facebook.com\/ecoannuaire.energierenouvelable\/","https:\/\/x.com\/ECOinfosENR","https:\/\/www.linkedin.com\/company\/ecoinfos-energies-renouvelables\/","https:\/\/www.youtube.com\/@ecoinfosenergies","https:\/\/share.google\/dyKHJPxAV42WhhjbM"]},{"@type":"Person","@id":"https:\/\/www.les-energies-renouvelables.eu\/article\/actualites\/#\/schema\/person\/2c7d09eb5ca339c12ca8d86145440169","name":"Alexia JACQUARD","pronouns":"elle\/elle","image":{"@type":"ImageObject","inLanguage":"fr-FR","@id":"https:\/\/www.les-energies-renouvelables.eu\/article\/actualites\/#\/schema\/person\/image\/","url":"https:\/\/www.les-energies-renouvelables.eu\/article\/actualites\/wp-content\/uploads\/2026\/01\/actualites-alexia-jacquard-alexia-jacquard-160x160.jpg","contentUrl":"https:\/\/www.les-energies-renouvelables.eu\/article\/actualites\/wp-content\/uploads\/2026\/01\/actualites-alexia-jacquard-alexia-jacquard-160x160.jpg","caption":"Alexia JACQUARD"},"description":"Curieuse de nature et attentif aux enjeux du d\u00e9veloppement durable, Alexia Jacquard suit l'actualit\u00e9 des \u00e9nergies renouvelables pour partager les derni\u00e8res nouveaut\u00e9s du secteur. Elle s'attache \u00e0 retranscrire simplement les informations cl\u00e9s et les initiatives positives qui marquent la transition \u00e9nerg\u00e9tique. Son objectif : proposer des articles d'actualit\u00e9 clairs et accessibles pour tous ceux qui s'int\u00e9ressent \u00e0 l'avenir de notre \u00e9nergie.","sameAs":["https:\/\/alexia-jacquard.fr","https:\/\/www.facebook.com\/tictacf2c\/","https:\/\/www.instagram.com\/alexia_redac\/","https:\/\/www.linkedin.com\/in\/alexia-jacquard-449a4b289\/","https:\/\/fr.pinterest.com\/alexiajacquard\/","https:\/\/x.com\/alexiajcrd","https:\/\/www.youtube.com\/@Thepaindemie","https:\/\/muckrack.com\/alexia-jacquard"],"url":"https:\/\/www.les-energies-renouvelables.eu\/article\/actualites\/author\/alexia-jacquard\/"}]}},"_links":{"self":[{"href":"https:\/\/www.les-energies-renouvelables.eu\/article\/actualites\/wp-json\/wp\/v2\/posts\/324","targetHints":{"allow":["GET"]}}],"collection":[{"href":"https:\/\/www.les-energies-renouvelables.eu\/article\/actualites\/wp-json\/wp\/v2\/posts"}],"about":[{"href":"https:\/\/www.les-energies-renouvelables.eu\/article\/actualites\/wp-json\/wp\/v2\/types\/post"}],"author":[{"embeddable":true,"href":"https:\/\/www.les-energies-renouvelables.eu\/article\/actualites\/wp-json\/wp\/v2\/users\/2"}],"replies":[{"embeddable":true,"href":"https:\/\/www.les-energies-renouvelables.eu\/article\/actualites\/wp-json\/wp\/v2\/comments?post=324"}],"version-history":[{"count":1,"href":"https:\/\/www.les-energies-renouvelables.eu\/article\/actualites\/wp-json\/wp\/v2\/posts\/324\/revisions"}],"predecessor-version":[{"id":325,"href":"https:\/\/www.les-energies-renouvelables.eu\/article\/actualites\/wp-json\/wp\/v2\/posts\/324\/revisions\/325"}],"wp:featuredmedia":[{"embeddable":true,"href":"https:\/\/www.les-energies-renouvelables.eu\/article\/actualites\/wp-json\/wp\/v2\/media\/326"}],"wp:attachment":[{"href":"https:\/\/www.les-energies-renouvelables.eu\/article\/actualites\/wp-json\/wp\/v2\/media?parent=324"}],"wp:term":[{"taxonomy":"category","embeddable":true,"href":"https:\/\/www.les-energies-renouvelables.eu\/article\/actualites\/wp-json\/wp\/v2\/categories?post=324"},{"taxonomy":"post_tag","embeddable":true,"href":"https:\/\/www.les-energies-renouvelables.eu\/article\/actualites\/wp-json\/wp\/v2\/tags?post=324"}],"curies":[{"name":"wp","href":"https:\/\/api.w.org\/{rel}","templated":true}]}}