{"id":318,"date":"2026-02-05T08:00:00","date_gmt":"2026-02-05T07:00:00","guid":{"rendered":"https:\/\/www.les-energies-renouvelables.eu\/article\/actualites\/?p=318"},"modified":"2026-02-04T13:30:16","modified_gmt":"2026-02-04T12:30:16","slug":"solaire-eolien-et-quand-il-ny-a-ni-vent-ni-soleil-la-geothermie-revient-dans-le-debat","status":"publish","type":"post","link":"https:\/\/www.les-energies-renouvelables.eu\/article\/actualites\/energies\/solaire-eolien-et-quand-il-ny-a-ni-vent-ni-soleil-la-geothermie-revient-dans-le-debat-318\/","title":{"rendered":"Solaire, \u00e9olien\u2026 et quand il n\u2019y a ni vent ni soleil ? La g\u00e9othermie revient dans le d\u00e9bat"},"content":{"rendered":"\n<p>R\u00e9sum\u00e9 :&nbsp;<\/p>\n\n\n\n<ul class=\"wp-block-list\">\n<li><strong>Pilotabilit\u00e9 :<\/strong> Contrairement au solaire et \u00e0 l&rsquo;\u00e9olien, la g\u00e9othermie offre une <strong>production quasi constante<\/strong>, fournissant une puissance pilotable au r\u00e9seau.<\/li>\n\n\n\n<li><strong>Effet syst\u00e8me :<\/strong> Une mod\u00e9lisation de Stanford sugg\u00e8re qu&rsquo;int\u00e9grer l&rsquo;EGS permettrait de limiter le <strong>niveau de stockage requis<\/strong> et le surdimensionnement des parcs \u00e9oliens et solaires.<\/li>\n\n\n\n<li><strong>Le verrou financier :<\/strong> L&rsquo;<strong>al\u00e9a de ressource<\/strong> (forage sec) reste l&rsquo;obstacle majeur que les politiques publiques tentent de lever.<\/li>\n\n\n\n<li><strong>Acc\u00e9l\u00e9ration :<\/strong> La France d\u00e9ploie <strong>sept mesures d&rsquo;ici 2026<\/strong> pour simplifier les r\u00e8gles et s\u00e9curiser l&rsquo;exploration du sous-sol.<\/li>\n<\/ul>\n\n\n\n<p>Le succ\u00e8s de la transition \u00e9nerg\u00e9tique fran\u00e7aise repose sur un bin\u00f4me performant : le solaire et l\u2019\u00e9olien. Mais cette croissance pose un d\u00e9fi technique : compenser les <strong>fluctuations naturelles<\/strong> du vent et du soleil. Pour g\u00e9rer ces variations de la production, les solutions classiques consistent \u00e0 multiplier les <strong>capacit\u00e9s de stockage<\/strong> ou \u00e0 renforcer massivement les lignes haute tension.<\/p>\n\n\n\n<p>C\u2019est ici que la <strong>g\u00e9othermie \u00ab am\u00e9lior\u00e9e \u00bb<\/strong> (<em>Enhanced Geothermal Systems<\/em> ou EGS) apporte une r\u00e9ponse structurelle. En exploitant la chaleur des profondeurs, elle fournit une puissance disponible \u00e0 toute heure, ind\u00e9pendante des conditions climatiques, sous r\u00e9serve d\u2019une <strong>gestion rigoureuse du r\u00e9servoir<\/strong>. Comme le souligne Mark Jacobson, de l&rsquo;universit\u00e9 Stanford, l&rsquo;EGS fonctionne de concert avec les autres EnR : elle ne les remplace pas, mais agit comme un outil pour <strong>lisser les variations<\/strong> du r\u00e9seau.<\/p>\n\n\n\n<h2 class=\"wp-block-heading\">Focus EGS : \u00e9largir le champ d\u2019implantation<\/h2>\n\n\n\n<p>Historiquement, la g\u00e9othermie de haute \u00e9nergie \u00e9tait limit\u00e9e aux zones volcaniques. L&rsquo;EGS change la donne. En forant jusqu&rsquo;\u00e0 <strong>huit kilom\u00e8tres de profondeur<\/strong> et en stimulant la roche pour y faire circuler un fluide, on peut capter la chaleur l\u00e0 o\u00f9 elle n&rsquo;\u00e9tait pas exploitable naturellement.<\/p>\n\n\n\n<p>Cette technologie, qui adapte des techniques de <strong>forage profond<\/strong> issues de l&rsquo;industrie p\u00e9troli\u00e8re, \u00e9largit consid\u00e9rablement les zones g\u00e9ographiques envisageables. Une \u00e9tude de Stanford publi\u00e9e dans <em>Cell Reports Sustainability<\/em> donne un ordre de grandeur de cet avantage : dans un sc\u00e9nario o\u00f9 l&rsquo;EGS repr\u00e9sente une part significative de l&rsquo;\u00e9lectricit\u00e9 produite (environ 10 %), le <strong>recours aux batteries chuterait de 28 %<\/strong>. Par ailleurs, l&#8217;emprise fonci\u00e8re globale serait optimis\u00e9e : la part de surface mobilis\u00e9e par les infrastructures \u00e9nerg\u00e9tiques passerait de <strong>0,57 % \u00e0 0,48 %<\/strong> dans la mod\u00e9lisation \u00e9tudi\u00e9e.<\/p>\n\n\n\n<p><em>Note : Ces chiffres illustrent un potentiel th\u00e9orique ; ils ne constituent pas un calendrier de d\u00e9ploiement imm\u00e9diat en France, mais une perspective d&rsquo;optimisation de l&rsquo;architecture du syst\u00e8me \u00e0 long terme.<\/em><\/p>\n\n\n\n<h2 class=\"wp-block-heading\">Relever les d\u00e9fis du sous-sol : s\u00e9curit\u00e9 et r\u00e9alisme \u00e9conomique<\/h2>\n\n\n\n<p>Si les atouts sont r\u00e9els, le passage \u00e0 l&rsquo;\u00e9chelle industrielle se heurte \u00e0 des enjeux concrets, notamment en mati\u00e8re d&rsquo;acceptabilit\u00e9 et de financement.<\/p>\n\n\n\n<p><strong>La ma\u00eetrise de l&rsquo;al\u00e9a sismique<\/strong> Les \u00e9v\u00e9nements survenus en Alsace lors de projets pass\u00e9s ont marqu\u00e9 durablement le d\u00e9bat public. Pour y r\u00e9pondre, les nouveaux protocoles techniques imposent une <strong>surveillance sismique en temps r\u00e9el<\/strong> et une gestion millim\u00e9tr\u00e9e de la pression d&rsquo;injection. L&rsquo;objectif est de r\u00e9duire l&rsquo;inqui\u00e9tude des populations et de garantir la s\u00e9curit\u00e9 des op\u00e9rations pour am\u00e9liorer l&rsquo;<strong>acceptabilit\u00e9 locale<\/strong>.<\/p>\n\n\n\n<p><strong>L&rsquo;incertitude de ressource : le principal frein financier<\/strong> C&rsquo;est la contrainte majeure identifi\u00e9e par l&rsquo;Agence Internationale de l&rsquo;\u00c9nergie (AIE) : contrairement \u00e0 un panneau solaire qui produit d\u00e8s son installation, un forage g\u00e9othermique peut s&rsquo;av\u00e9rer infructueux apr\u00e8s des investissements massifs. Ce <strong>\u00ab\u00a0n\u0153ud\u00a0\u00bb financier<\/strong> est particuli\u00e8rement dissuasif. Selon l&rsquo;AIE, le co\u00fbt \u00e9lev\u00e9 des premiers forages et des <strong>d\u00e9lais administratifs<\/strong> qui, selon les juridictions, peuvent s&rsquo;\u00e9taler sur plusieurs ann\u00e9es, n\u00e9cessitent un dispositif public qui s\u00e9curise les investisseurs par un <strong>partage de l&rsquo;incertitude<\/strong>au d\u00e9marrage.<\/p>\n\n\n\n<h2 class=\"wp-block-heading\">Strat\u00e9gie France : un arsenal renforc\u00e9 d\u2019ici 2026<\/h2>\n\n\n\n<p>Avec environ 1 % de sa consommation de chauffage issue de la g\u00e9othermie, la France cherche \u00e0 acc\u00e9l\u00e9rer. La <strong>Programmation Pluriannuelle de l&rsquo;\u00c9nergie<\/strong> fixe un cap : multiplier par quatre la chaleur g\u00e9othermique d&rsquo;ici 2035.<\/p>\n\n\n\n<p>Pour lever les blocages, sept mesures sont d\u00e9ploy\u00e9es avec un horizon \u00e0 2026 :<\/p>\n\n\n\n<ol class=\"wp-block-list\">\n<li><strong>Identification des ressources :<\/strong> Un appel \u00e0 manifestation d&rsquo;int\u00e9r\u00eat pour recenser le potentiel du sous-sol profond.<\/li>\n\n\n\n<li><strong>Ouverture des donn\u00e9es :<\/strong> Les informations de forage b\u00e9n\u00e9ficiant d&rsquo;un financement public seront rendues publiques sans d\u00e9lai.<\/li>\n\n\n\n<li><strong>Simplification :<\/strong> Proc\u00e9dures all\u00e9g\u00e9es pour les projets de g\u00e9othermie de surface de <strong>moins de 2 MW<\/strong>.<\/li>\n\n\n\n<li><strong>Stockage de chaleur :<\/strong> Nouveau r\u00e9gime d\u00e9claratif pour faciliter le stockage thermique souterrain d\u00e8s 2026.<\/li>\n\n\n\n<li><strong>Organisation des chantiers :<\/strong> Adaptation du temps de travail sur les forages profonds pour garantir la continuit\u00e9 des op\u00e9rations.<\/li>\n\n\n\n<li><strong>Accompagnement des \u00e9lus :<\/strong> Actions de sensibilisation pour aider les collectivit\u00e9s \u00e0 int\u00e9grer cette \u00e9nergie.<\/li>\n\n\n\n<li><strong>Experts de proximit\u00e9 :<\/strong> Finalisation d&rsquo;un r\u00e9seau d&rsquo;<strong>animateurs r\u00e9gionaux<\/strong> pour couvrir l&rsquo;ensemble du territoire m\u00e9tropolitain.<\/li>\n<\/ol>\n\n\n\n<p>La g\u00e9othermie ne se pr\u00e9sente pas comme une solution unique, mais comme une composante indispensable d&rsquo;un bouquet \u00e9nerg\u00e9tique \u00e9quilibr\u00e9. En apportant une <strong>production pilotable<\/strong> \u00e0 co\u00fbt comparable dans les sc\u00e9narios analys\u00e9s, elle r\u00e9duit la d\u00e9pendance aux infrastructures de stockage massives.<\/p>\n\n\n\n<p>L&rsquo;enjeu pour la France d&rsquo;ici 2026 est de stabiliser ces r\u00e8gles et ces m\u00e9canismes de s\u00e9curisation. Transformer le potentiel du sous-sol en une <strong>r\u00e9alit\u00e9 industrielle<\/strong> permettra de soutenir durablement la combinaison solaire et \u00e9olienne tout en renfor\u00e7ant la fiabilit\u00e9 \u00e9nerg\u00e9tique du pays.<\/p>\n","protected":false},"excerpt":{"rendered":"","protected":false},"author":2,"featured_media":320,"comment_status":"closed","ping_status":"closed","sticky":false,"template":"","format":"standard","meta":{"footnotes":""},"categories":[1],"tags":[],"class_list":["post-318","post","type-post","status-publish","format-standard","has-post-thumbnail","hentry","category-energies","masonry-post","generate-columns","tablet-grid-50","mobile-grid-100","grid-parent","grid-33"],"yoast_head":"<!-- This site is optimized with the Yoast SEO plugin v26.6 - https:\/\/yoast.com\/wordpress\/plugins\/seo\/ -->\n<title>Solaire, \u00e9olien\u2026 et quand il n\u2019y a ni vent ni soleil ? La g\u00e9othermie revient dans le d\u00e9bat - ECOinfos<\/title>\n<meta name=\"description\" content=\"D\u00e9couvrez comment la g\u00e9othermie am\u00e9lior\u00e9e (EGS) peut stabiliser le mix solaire\/\u00e9olien et r\u00e9duire de 28% le besoin en stockage. Le point sur la strat\u00e9gie France 2026.\" \/>\n<meta name=\"robots\" content=\"index, follow, max-snippet:-1, max-image-preview:large, max-video-preview:-1\" \/>\n<link rel=\"canonical\" href=\"https:\/\/www.les-energies-renouvelables.eu\/article\/actualites\/energies\/solaire-eolien-et-quand-il-ny-a-ni-vent-ni-soleil-la-geothermie-revient-dans-le-debat-318\/\" \/>\n<meta property=\"og:locale\" content=\"fr_FR\" \/>\n<meta property=\"og:type\" content=\"article\" \/>\n<meta property=\"og:title\" content=\"Solaire, \u00e9olien\u2026 et quand il n\u2019y a ni vent ni soleil ? La g\u00e9othermie revient dans le d\u00e9bat - ECOinfos\" \/>\n<meta property=\"og:description\" content=\"D\u00e9couvrez comment la g\u00e9othermie am\u00e9lior\u00e9e (EGS) peut stabiliser le mix solaire\/\u00e9olien et r\u00e9duire de 28% le besoin en stockage. Le point sur la strat\u00e9gie France 2026.\" \/>\n<meta property=\"og:url\" content=\"https:\/\/www.les-energies-renouvelables.eu\/article\/actualites\/energies\/solaire-eolien-et-quand-il-ny-a-ni-vent-ni-soleil-la-geothermie-revient-dans-le-debat-318\/\" \/>\n<meta property=\"og:site_name\" content=\"ECOinfos Energies renouvelables\" \/>\n<meta property=\"article:publisher\" content=\"https:\/\/www.facebook.com\/ecoannuaire.energierenouvelable\/\" \/>\n<meta property=\"article:author\" content=\"https:\/\/www.facebook.com\/tictacf2c\/\" \/>\n<meta property=\"article:published_time\" content=\"2026-02-05T07:00:00+00:00\" \/>\n<meta property=\"og:image\" content=\"https:\/\/www.les-energies-renouvelables.eu\/article\/actualites\/wp-content\/uploads\/2026\/02\/actualites-solaire-eolien-et-quand-il-ny-a-ni-vent-ni-soleil-la-geothermie-revient-dans-le-debat-geothermie-egs-mix-energetique.jpg\" \/>\n\t<meta property=\"og:image:width\" content=\"1200\" \/>\n\t<meta property=\"og:image:height\" content=\"675\" \/>\n\t<meta property=\"og:image:type\" content=\"image\/jpeg\" \/>\n<meta name=\"author\" content=\"Alexia JACQUARD\" \/>\n<meta name=\"twitter:card\" content=\"summary_large_image\" \/>\n<meta name=\"twitter:creator\" content=\"@alexiajcrd\" \/>\n<meta name=\"twitter:site\" content=\"@ECOinfosENR\" \/>\n<meta name=\"twitter:label1\" content=\"\u00c9crit par\" \/>\n\t<meta name=\"twitter:data1\" content=\"Alexia JACQUARD\" \/>\n\t<meta name=\"twitter:label2\" content=\"Dur\u00e9e de lecture estim\u00e9e\" \/>\n\t<meta name=\"twitter:data2\" content=\"5 minutes\" \/>\n<script type=\"application\/ld+json\" class=\"yoast-schema-graph\">{\"@context\":\"https:\/\/schema.org\",\"@graph\":[{\"@type\":\"Article\",\"@id\":\"https:\/\/www.les-energies-renouvelables.eu\/article\/actualites\/energies\/solaire-eolien-et-quand-il-ny-a-ni-vent-ni-soleil-la-geothermie-revient-dans-le-debat-318\/#article\",\"isPartOf\":{\"@id\":\"https:\/\/www.les-energies-renouvelables.eu\/article\/actualites\/energies\/solaire-eolien-et-quand-il-ny-a-ni-vent-ni-soleil-la-geothermie-revient-dans-le-debat-318\/\"},\"author\":{\"name\":\"Alexia JACQUARD\",\"@id\":\"https:\/\/www.les-energies-renouvelables.eu\/article\/actualites\/#\/schema\/person\/2c7d09eb5ca339c12ca8d86145440169\"},\"headline\":\"Solaire, \u00e9olien\u2026 et quand il n\u2019y a ni vent ni soleil ? La g\u00e9othermie revient dans le d\u00e9bat\",\"datePublished\":\"2026-02-05T07:00:00+00:00\",\"mainEntityOfPage\":{\"@id\":\"https:\/\/www.les-energies-renouvelables.eu\/article\/actualites\/energies\/solaire-eolien-et-quand-il-ny-a-ni-vent-ni-soleil-la-geothermie-revient-dans-le-debat-318\/\"},\"wordCount\":946,\"publisher\":{\"@id\":\"https:\/\/www.les-energies-renouvelables.eu\/article\/actualites\/#organization\"},\"image\":{\"@id\":\"https:\/\/www.les-energies-renouvelables.eu\/article\/actualites\/energies\/solaire-eolien-et-quand-il-ny-a-ni-vent-ni-soleil-la-geothermie-revient-dans-le-debat-318\/#primaryimage\"},\"thumbnailUrl\":\"https:\/\/www.les-energies-renouvelables.eu\/article\/actualites\/wp-content\/uploads\/2026\/02\/actualites-solaire-eolien-et-quand-il-ny-a-ni-vent-ni-soleil-la-geothermie-revient-dans-le-debat-geothermie-egs-mix-energetique.jpg\",\"articleSection\":[\"\u00c9nergies\"],\"inLanguage\":\"fr-FR\"},{\"@type\":\"WebPage\",\"@id\":\"https:\/\/www.les-energies-renouvelables.eu\/article\/actualites\/energies\/solaire-eolien-et-quand-il-ny-a-ni-vent-ni-soleil-la-geothermie-revient-dans-le-debat-318\/\",\"url\":\"https:\/\/www.les-energies-renouvelables.eu\/article\/actualites\/energies\/solaire-eolien-et-quand-il-ny-a-ni-vent-ni-soleil-la-geothermie-revient-dans-le-debat-318\/\",\"name\":\"Solaire, \u00e9olien\u2026 et quand il n\u2019y a ni vent ni soleil ? La g\u00e9othermie revient dans le d\u00e9bat - ECOinfos\",\"isPartOf\":{\"@id\":\"https:\/\/www.les-energies-renouvelables.eu\/article\/actualites\/#website\"},\"primaryImageOfPage\":{\"@id\":\"https:\/\/www.les-energies-renouvelables.eu\/article\/actualites\/energies\/solaire-eolien-et-quand-il-ny-a-ni-vent-ni-soleil-la-geothermie-revient-dans-le-debat-318\/#primaryimage\"},\"image\":{\"@id\":\"https:\/\/www.les-energies-renouvelables.eu\/article\/actualites\/energies\/solaire-eolien-et-quand-il-ny-a-ni-vent-ni-soleil-la-geothermie-revient-dans-le-debat-318\/#primaryimage\"},\"thumbnailUrl\":\"https:\/\/www.les-energies-renouvelables.eu\/article\/actualites\/wp-content\/uploads\/2026\/02\/actualites-solaire-eolien-et-quand-il-ny-a-ni-vent-ni-soleil-la-geothermie-revient-dans-le-debat-geothermie-egs-mix-energetique.jpg\",\"datePublished\":\"2026-02-05T07:00:00+00:00\",\"description\":\"D\u00e9couvrez comment la g\u00e9othermie am\u00e9lior\u00e9e (EGS) peut stabiliser le mix solaire\/\u00e9olien et r\u00e9duire de 28% le besoin en stockage. Le point sur la strat\u00e9gie France 2026.\",\"breadcrumb\":{\"@id\":\"https:\/\/www.les-energies-renouvelables.eu\/article\/actualites\/energies\/solaire-eolien-et-quand-il-ny-a-ni-vent-ni-soleil-la-geothermie-revient-dans-le-debat-318\/#breadcrumb\"},\"inLanguage\":\"fr-FR\",\"potentialAction\":[{\"@type\":\"ReadAction\",\"target\":[\"https:\/\/www.les-energies-renouvelables.eu\/article\/actualites\/energies\/solaire-eolien-et-quand-il-ny-a-ni-vent-ni-soleil-la-geothermie-revient-dans-le-debat-318\/\"]}]},{\"@type\":\"ImageObject\",\"inLanguage\":\"fr-FR\",\"@id\":\"https:\/\/www.les-energies-renouvelables.eu\/article\/actualites\/energies\/solaire-eolien-et-quand-il-ny-a-ni-vent-ni-soleil-la-geothermie-revient-dans-le-debat-318\/#primaryimage\",\"url\":\"https:\/\/www.les-energies-renouvelables.eu\/article\/actualites\/wp-content\/uploads\/2026\/02\/actualites-solaire-eolien-et-quand-il-ny-a-ni-vent-ni-soleil-la-geothermie-revient-dans-le-debat-geothermie-egs-mix-energetique.jpg\",\"contentUrl\":\"https:\/\/www.les-energies-renouvelables.eu\/article\/actualites\/wp-content\/uploads\/2026\/02\/actualites-solaire-eolien-et-quand-il-ny-a-ni-vent-ni-soleil-la-geothermie-revient-dans-le-debat-geothermie-egs-mix-energetique.jpg\",\"width\":1200,\"height\":675,\"caption\":\"Dall-E\"},{\"@type\":\"BreadcrumbList\",\"@id\":\"https:\/\/www.les-energies-renouvelables.eu\/article\/actualites\/energies\/solaire-eolien-et-quand-il-ny-a-ni-vent-ni-soleil-la-geothermie-revient-dans-le-debat-318\/#breadcrumb\",\"itemListElement\":[{\"@type\":\"ListItem\",\"position\":1,\"name\":\"Accueil\",\"item\":\"https:\/\/www.les-energies-renouvelables.eu\/article\/actualites\/\"},{\"@type\":\"ListItem\",\"position\":2,\"name\":\"Solaire, \u00e9olien\u2026 et quand il n\u2019y a ni vent ni soleil ? La g\u00e9othermie revient dans le d\u00e9bat\"}]},{\"@type\":\"WebSite\",\"@id\":\"https:\/\/www.les-energies-renouvelables.eu\/article\/actualites\/#website\",\"url\":\"https:\/\/www.les-energies-renouvelables.eu\/article\/actualites\/\",\"name\":\"ECOinfos Energies renouvelables\",\"description\":\"Le d\u00e9cryptage quotidien du secteur des \u00e9nergies renouvelables\",\"publisher\":{\"@id\":\"https:\/\/www.les-energies-renouvelables.eu\/article\/actualites\/#organization\"},\"potentialAction\":[{\"@type\":\"SearchAction\",\"target\":{\"@type\":\"EntryPoint\",\"urlTemplate\":\"https:\/\/www.les-energies-renouvelables.eu\/article\/actualites\/?s={search_term_string}\"},\"query-input\":{\"@type\":\"PropertyValueSpecification\",\"valueRequired\":true,\"valueName\":\"search_term_string\"}}],\"inLanguage\":\"fr-FR\"},{\"@type\":\"Organization\",\"@id\":\"https:\/\/www.les-energies-renouvelables.eu\/article\/actualites\/#organization\",\"name\":\"ECOinfos Energies renouvelables\",\"url\":\"https:\/\/www.les-energies-renouvelables.eu\/article\/actualites\/\",\"logo\":{\"@type\":\"ImageObject\",\"inLanguage\":\"fr-FR\",\"@id\":\"https:\/\/www.les-energies-renouvelables.eu\/article\/actualites\/#\/schema\/logo\/image\/\",\"url\":\"https:\/\/www.les-energies-renouvelables.eu\/article\/actualites\/wp-content\/uploads\/2025\/11\/ecoinfos.eldorado-consulting.com-logo-logo.svg\",\"contentUrl\":\"https:\/\/www.les-energies-renouvelables.eu\/article\/actualites\/wp-content\/uploads\/2025\/11\/ecoinfos.eldorado-consulting.com-logo-logo.svg\",\"caption\":\"ECOinfos Energies renouvelables\"},\"image\":{\"@id\":\"https:\/\/www.les-energies-renouvelables.eu\/article\/actualites\/#\/schema\/logo\/image\/\"},\"sameAs\":[\"https:\/\/www.facebook.com\/ecoannuaire.energierenouvelable\/\",\"https:\/\/x.com\/ECOinfosENR\",\"https:\/\/www.linkedin.com\/company\/ecoinfos-energies-renouvelables\/\",\"https:\/\/www.youtube.com\/@ecoinfosenergies\",\"https:\/\/share.google\/dyKHJPxAV42WhhjbM\"]},{\"@type\":\"Person\",\"@id\":\"https:\/\/www.les-energies-renouvelables.eu\/article\/actualites\/#\/schema\/person\/2c7d09eb5ca339c12ca8d86145440169\",\"name\":\"Alexia JACQUARD\",\"pronouns\":\"elle\/elle\",\"image\":{\"@type\":\"ImageObject\",\"inLanguage\":\"fr-FR\",\"@id\":\"https:\/\/www.les-energies-renouvelables.eu\/article\/actualites\/#\/schema\/person\/image\/\",\"url\":\"https:\/\/www.les-energies-renouvelables.eu\/article\/actualites\/wp-content\/uploads\/2026\/01\/actualites-alexia-jacquard-alexia-jacquard-160x160.jpg\",\"contentUrl\":\"https:\/\/www.les-energies-renouvelables.eu\/article\/actualites\/wp-content\/uploads\/2026\/01\/actualites-alexia-jacquard-alexia-jacquard-160x160.jpg\",\"caption\":\"Alexia JACQUARD\"},\"description\":\"Curieuse de nature et attentif aux enjeux du d\u00e9veloppement durable, Alexia Jacquard suit l'actualit\u00e9 des \u00e9nergies renouvelables pour partager les derni\u00e8res nouveaut\u00e9s du secteur. Elle s'attache \u00e0 retranscrire simplement les informations cl\u00e9s et les initiatives positives qui marquent la transition \u00e9nerg\u00e9tique. Son objectif : proposer des articles d'actualit\u00e9 clairs et accessibles pour tous ceux qui s'int\u00e9ressent \u00e0 l'avenir de notre \u00e9nergie.\",\"sameAs\":[\"https:\/\/alexia-jacquard.fr\",\"https:\/\/www.facebook.com\/tictacf2c\/\",\"https:\/\/www.instagram.com\/alexia_redac\/\",\"https:\/\/www.linkedin.com\/in\/alexia-jacquard-449a4b289\/\",\"https:\/\/fr.pinterest.com\/alexiajacquard\/\",\"https:\/\/x.com\/alexiajcrd\",\"https:\/\/www.youtube.com\/@Thepaindemie\",\"https:\/\/muckrack.com\/alexia-jacquard\"],\"url\":\"https:\/\/www.les-energies-renouvelables.eu\/article\/actualites\/author\/alexia-jacquard\/\"}]}<\/script>\n<!-- \/ Yoast SEO plugin. -->","yoast_head_json":{"title":"Solaire, \u00e9olien\u2026 et quand il n\u2019y a ni vent ni soleil ? La g\u00e9othermie revient dans le d\u00e9bat - ECOinfos","description":"D\u00e9couvrez comment la g\u00e9othermie am\u00e9lior\u00e9e (EGS) peut stabiliser le mix solaire\/\u00e9olien et r\u00e9duire de 28% le besoin en stockage. Le point sur la strat\u00e9gie France 2026.","robots":{"index":"index","follow":"follow","max-snippet":"max-snippet:-1","max-image-preview":"max-image-preview:large","max-video-preview":"max-video-preview:-1"},"canonical":"https:\/\/www.les-energies-renouvelables.eu\/article\/actualites\/energies\/solaire-eolien-et-quand-il-ny-a-ni-vent-ni-soleil-la-geothermie-revient-dans-le-debat-318\/","og_locale":"fr_FR","og_type":"article","og_title":"Solaire, \u00e9olien\u2026 et quand il n\u2019y a ni vent ni soleil ? La g\u00e9othermie revient dans le d\u00e9bat - ECOinfos","og_description":"D\u00e9couvrez comment la g\u00e9othermie am\u00e9lior\u00e9e (EGS) peut stabiliser le mix solaire\/\u00e9olien et r\u00e9duire de 28% le besoin en stockage. Le point sur la strat\u00e9gie France 2026.","og_url":"https:\/\/www.les-energies-renouvelables.eu\/article\/actualites\/energies\/solaire-eolien-et-quand-il-ny-a-ni-vent-ni-soleil-la-geothermie-revient-dans-le-debat-318\/","og_site_name":"ECOinfos Energies renouvelables","article_publisher":"https:\/\/www.facebook.com\/ecoannuaire.energierenouvelable\/","article_author":"https:\/\/www.facebook.com\/tictacf2c\/","article_published_time":"2026-02-05T07:00:00+00:00","og_image":[{"width":1200,"height":675,"url":"https:\/\/www.les-energies-renouvelables.eu\/article\/actualites\/wp-content\/uploads\/2026\/02\/actualites-solaire-eolien-et-quand-il-ny-a-ni-vent-ni-soleil-la-geothermie-revient-dans-le-debat-geothermie-egs-mix-energetique.jpg","type":"image\/jpeg"}],"author":"Alexia JACQUARD","twitter_card":"summary_large_image","twitter_creator":"@alexiajcrd","twitter_site":"@ECOinfosENR","twitter_misc":{"\u00c9crit par":"Alexia JACQUARD","Dur\u00e9e de lecture estim\u00e9e":"5 minutes"},"schema":{"@context":"https:\/\/schema.org","@graph":[{"@type":"Article","@id":"https:\/\/www.les-energies-renouvelables.eu\/article\/actualites\/energies\/solaire-eolien-et-quand-il-ny-a-ni-vent-ni-soleil-la-geothermie-revient-dans-le-debat-318\/#article","isPartOf":{"@id":"https:\/\/www.les-energies-renouvelables.eu\/article\/actualites\/energies\/solaire-eolien-et-quand-il-ny-a-ni-vent-ni-soleil-la-geothermie-revient-dans-le-debat-318\/"},"author":{"name":"Alexia JACQUARD","@id":"https:\/\/www.les-energies-renouvelables.eu\/article\/actualites\/#\/schema\/person\/2c7d09eb5ca339c12ca8d86145440169"},"headline":"Solaire, \u00e9olien\u2026 et quand il n\u2019y a ni vent ni soleil ? La g\u00e9othermie revient dans le d\u00e9bat","datePublished":"2026-02-05T07:00:00+00:00","mainEntityOfPage":{"@id":"https:\/\/www.les-energies-renouvelables.eu\/article\/actualites\/energies\/solaire-eolien-et-quand-il-ny-a-ni-vent-ni-soleil-la-geothermie-revient-dans-le-debat-318\/"},"wordCount":946,"publisher":{"@id":"https:\/\/www.les-energies-renouvelables.eu\/article\/actualites\/#organization"},"image":{"@id":"https:\/\/www.les-energies-renouvelables.eu\/article\/actualites\/energies\/solaire-eolien-et-quand-il-ny-a-ni-vent-ni-soleil-la-geothermie-revient-dans-le-debat-318\/#primaryimage"},"thumbnailUrl":"https:\/\/www.les-energies-renouvelables.eu\/article\/actualites\/wp-content\/uploads\/2026\/02\/actualites-solaire-eolien-et-quand-il-ny-a-ni-vent-ni-soleil-la-geothermie-revient-dans-le-debat-geothermie-egs-mix-energetique.jpg","articleSection":["\u00c9nergies"],"inLanguage":"fr-FR"},{"@type":"WebPage","@id":"https:\/\/www.les-energies-renouvelables.eu\/article\/actualites\/energies\/solaire-eolien-et-quand-il-ny-a-ni-vent-ni-soleil-la-geothermie-revient-dans-le-debat-318\/","url":"https:\/\/www.les-energies-renouvelables.eu\/article\/actualites\/energies\/solaire-eolien-et-quand-il-ny-a-ni-vent-ni-soleil-la-geothermie-revient-dans-le-debat-318\/","name":"Solaire, \u00e9olien\u2026 et quand il n\u2019y a ni vent ni soleil ? La g\u00e9othermie revient dans le d\u00e9bat - ECOinfos","isPartOf":{"@id":"https:\/\/www.les-energies-renouvelables.eu\/article\/actualites\/#website"},"primaryImageOfPage":{"@id":"https:\/\/www.les-energies-renouvelables.eu\/article\/actualites\/energies\/solaire-eolien-et-quand-il-ny-a-ni-vent-ni-soleil-la-geothermie-revient-dans-le-debat-318\/#primaryimage"},"image":{"@id":"https:\/\/www.les-energies-renouvelables.eu\/article\/actualites\/energies\/solaire-eolien-et-quand-il-ny-a-ni-vent-ni-soleil-la-geothermie-revient-dans-le-debat-318\/#primaryimage"},"thumbnailUrl":"https:\/\/www.les-energies-renouvelables.eu\/article\/actualites\/wp-content\/uploads\/2026\/02\/actualites-solaire-eolien-et-quand-il-ny-a-ni-vent-ni-soleil-la-geothermie-revient-dans-le-debat-geothermie-egs-mix-energetique.jpg","datePublished":"2026-02-05T07:00:00+00:00","description":"D\u00e9couvrez comment la g\u00e9othermie am\u00e9lior\u00e9e (EGS) peut stabiliser le mix solaire\/\u00e9olien et r\u00e9duire de 28% le besoin en stockage. Le point sur la strat\u00e9gie France 2026.","breadcrumb":{"@id":"https:\/\/www.les-energies-renouvelables.eu\/article\/actualites\/energies\/solaire-eolien-et-quand-il-ny-a-ni-vent-ni-soleil-la-geothermie-revient-dans-le-debat-318\/#breadcrumb"},"inLanguage":"fr-FR","potentialAction":[{"@type":"ReadAction","target":["https:\/\/www.les-energies-renouvelables.eu\/article\/actualites\/energies\/solaire-eolien-et-quand-il-ny-a-ni-vent-ni-soleil-la-geothermie-revient-dans-le-debat-318\/"]}]},{"@type":"ImageObject","inLanguage":"fr-FR","@id":"https:\/\/www.les-energies-renouvelables.eu\/article\/actualites\/energies\/solaire-eolien-et-quand-il-ny-a-ni-vent-ni-soleil-la-geothermie-revient-dans-le-debat-318\/#primaryimage","url":"https:\/\/www.les-energies-renouvelables.eu\/article\/actualites\/wp-content\/uploads\/2026\/02\/actualites-solaire-eolien-et-quand-il-ny-a-ni-vent-ni-soleil-la-geothermie-revient-dans-le-debat-geothermie-egs-mix-energetique.jpg","contentUrl":"https:\/\/www.les-energies-renouvelables.eu\/article\/actualites\/wp-content\/uploads\/2026\/02\/actualites-solaire-eolien-et-quand-il-ny-a-ni-vent-ni-soleil-la-geothermie-revient-dans-le-debat-geothermie-egs-mix-energetique.jpg","width":1200,"height":675,"caption":"Dall-E"},{"@type":"BreadcrumbList","@id":"https:\/\/www.les-energies-renouvelables.eu\/article\/actualites\/energies\/solaire-eolien-et-quand-il-ny-a-ni-vent-ni-soleil-la-geothermie-revient-dans-le-debat-318\/#breadcrumb","itemListElement":[{"@type":"ListItem","position":1,"name":"Accueil","item":"https:\/\/www.les-energies-renouvelables.eu\/article\/actualites\/"},{"@type":"ListItem","position":2,"name":"Solaire, \u00e9olien\u2026 et quand il n\u2019y a ni vent ni soleil ? La g\u00e9othermie revient dans le d\u00e9bat"}]},{"@type":"WebSite","@id":"https:\/\/www.les-energies-renouvelables.eu\/article\/actualites\/#website","url":"https:\/\/www.les-energies-renouvelables.eu\/article\/actualites\/","name":"ECOinfos Energies renouvelables","description":"Le d\u00e9cryptage quotidien du secteur des \u00e9nergies renouvelables","publisher":{"@id":"https:\/\/www.les-energies-renouvelables.eu\/article\/actualites\/#organization"},"potentialAction":[{"@type":"SearchAction","target":{"@type":"EntryPoint","urlTemplate":"https:\/\/www.les-energies-renouvelables.eu\/article\/actualites\/?s={search_term_string}"},"query-input":{"@type":"PropertyValueSpecification","valueRequired":true,"valueName":"search_term_string"}}],"inLanguage":"fr-FR"},{"@type":"Organization","@id":"https:\/\/www.les-energies-renouvelables.eu\/article\/actualites\/#organization","name":"ECOinfos Energies renouvelables","url":"https:\/\/www.les-energies-renouvelables.eu\/article\/actualites\/","logo":{"@type":"ImageObject","inLanguage":"fr-FR","@id":"https:\/\/www.les-energies-renouvelables.eu\/article\/actualites\/#\/schema\/logo\/image\/","url":"https:\/\/www.les-energies-renouvelables.eu\/article\/actualites\/wp-content\/uploads\/2025\/11\/ecoinfos.eldorado-consulting.com-logo-logo.svg","contentUrl":"https:\/\/www.les-energies-renouvelables.eu\/article\/actualites\/wp-content\/uploads\/2025\/11\/ecoinfos.eldorado-consulting.com-logo-logo.svg","caption":"ECOinfos Energies renouvelables"},"image":{"@id":"https:\/\/www.les-energies-renouvelables.eu\/article\/actualites\/#\/schema\/logo\/image\/"},"sameAs":["https:\/\/www.facebook.com\/ecoannuaire.energierenouvelable\/","https:\/\/x.com\/ECOinfosENR","https:\/\/www.linkedin.com\/company\/ecoinfos-energies-renouvelables\/","https:\/\/www.youtube.com\/@ecoinfosenergies","https:\/\/share.google\/dyKHJPxAV42WhhjbM"]},{"@type":"Person","@id":"https:\/\/www.les-energies-renouvelables.eu\/article\/actualites\/#\/schema\/person\/2c7d09eb5ca339c12ca8d86145440169","name":"Alexia JACQUARD","pronouns":"elle\/elle","image":{"@type":"ImageObject","inLanguage":"fr-FR","@id":"https:\/\/www.les-energies-renouvelables.eu\/article\/actualites\/#\/schema\/person\/image\/","url":"https:\/\/www.les-energies-renouvelables.eu\/article\/actualites\/wp-content\/uploads\/2026\/01\/actualites-alexia-jacquard-alexia-jacquard-160x160.jpg","contentUrl":"https:\/\/www.les-energies-renouvelables.eu\/article\/actualites\/wp-content\/uploads\/2026\/01\/actualites-alexia-jacquard-alexia-jacquard-160x160.jpg","caption":"Alexia JACQUARD"},"description":"Curieuse de nature et attentif aux enjeux du d\u00e9veloppement durable, Alexia Jacquard suit l'actualit\u00e9 des \u00e9nergies renouvelables pour partager les derni\u00e8res nouveaut\u00e9s du secteur. Elle s'attache \u00e0 retranscrire simplement les informations cl\u00e9s et les initiatives positives qui marquent la transition \u00e9nerg\u00e9tique. Son objectif : proposer des articles d'actualit\u00e9 clairs et accessibles pour tous ceux qui s'int\u00e9ressent \u00e0 l'avenir de notre \u00e9nergie.","sameAs":["https:\/\/alexia-jacquard.fr","https:\/\/www.facebook.com\/tictacf2c\/","https:\/\/www.instagram.com\/alexia_redac\/","https:\/\/www.linkedin.com\/in\/alexia-jacquard-449a4b289\/","https:\/\/fr.pinterest.com\/alexiajacquard\/","https:\/\/x.com\/alexiajcrd","https:\/\/www.youtube.com\/@Thepaindemie","https:\/\/muckrack.com\/alexia-jacquard"],"url":"https:\/\/www.les-energies-renouvelables.eu\/article\/actualites\/author\/alexia-jacquard\/"}]}},"_links":{"self":[{"href":"https:\/\/www.les-energies-renouvelables.eu\/article\/actualites\/wp-json\/wp\/v2\/posts\/318","targetHints":{"allow":["GET"]}}],"collection":[{"href":"https:\/\/www.les-energies-renouvelables.eu\/article\/actualites\/wp-json\/wp\/v2\/posts"}],"about":[{"href":"https:\/\/www.les-energies-renouvelables.eu\/article\/actualites\/wp-json\/wp\/v2\/types\/post"}],"author":[{"embeddable":true,"href":"https:\/\/www.les-energies-renouvelables.eu\/article\/actualites\/wp-json\/wp\/v2\/users\/2"}],"replies":[{"embeddable":true,"href":"https:\/\/www.les-energies-renouvelables.eu\/article\/actualites\/wp-json\/wp\/v2\/comments?post=318"}],"version-history":[{"count":1,"href":"https:\/\/www.les-energies-renouvelables.eu\/article\/actualites\/wp-json\/wp\/v2\/posts\/318\/revisions"}],"predecessor-version":[{"id":319,"href":"https:\/\/www.les-energies-renouvelables.eu\/article\/actualites\/wp-json\/wp\/v2\/posts\/318\/revisions\/319"}],"wp:featuredmedia":[{"embeddable":true,"href":"https:\/\/www.les-energies-renouvelables.eu\/article\/actualites\/wp-json\/wp\/v2\/media\/320"}],"wp:attachment":[{"href":"https:\/\/www.les-energies-renouvelables.eu\/article\/actualites\/wp-json\/wp\/v2\/media?parent=318"}],"wp:term":[{"taxonomy":"category","embeddable":true,"href":"https:\/\/www.les-energies-renouvelables.eu\/article\/actualites\/wp-json\/wp\/v2\/categories?post=318"},{"taxonomy":"post_tag","embeddable":true,"href":"https:\/\/www.les-energies-renouvelables.eu\/article\/actualites\/wp-json\/wp\/v2\/tags?post=318"}],"curies":[{"name":"wp","href":"https:\/\/api.w.org\/{rel}","templated":true}]}}