{"id":315,"date":"2026-02-04T08:00:00","date_gmt":"2026-02-04T07:00:00","guid":{"rendered":"https:\/\/www.les-energies-renouvelables.eu\/article\/actualites\/?p=315"},"modified":"2026-02-04T12:52:23","modified_gmt":"2026-02-04T11:52:23","slug":"comment-une-centrale-solaire-au-sol-sintegre-dans-un-territoire-rural","status":"publish","type":"post","link":"https:\/\/www.les-energies-renouvelables.eu\/article\/actualites\/energies\/comment-une-centrale-solaire-au-sol-sintegre-dans-un-territoire-rural-315\/","title":{"rendered":"Comment une centrale solaire \u201cau sol\u201d s\u2019int\u00e8gre dans un territoire rural"},"content":{"rendered":"\n<p>R\u00e9sum\u00e9 :&nbsp;<\/p>\n\n\n\n<ul class=\"wp-block-list\">\n<li><strong>Puissance install\u00e9e<\/strong> : 7,16 MWc (selon <em>pv magazine<\/em>) \/ environ 7 MWc (selon Altarea).<\/li>\n\n\n\n<li><strong>Surface au sol<\/strong> : 6,6 hectares.<\/li>\n\n\n\n<li><strong>\u00c9quipement<\/strong> : Environ 11 500 <strong>panneaux solaires<\/strong>.<\/li>\n\n\n\n<li><strong>Impact<\/strong> : \u00c9quivalent de la consommation de 1 550 \u00e0 1 585 foyers selon les sources.<\/li>\n\n\n\n<li><strong>Calendrier<\/strong> : 10 mois entre le d\u00e9but des travaux (mars 2025) et la mise en service (janvier 2026).<\/li>\n<\/ul>\n\n\n\n<p>Situ\u00e9e dans le d\u00e9partement du <strong>47<\/strong>, la centrale occupe <strong>6,6 hectares<\/strong>. D\u2019apr\u00e8s les informations disponibles, l&rsquo;infrastructure est implant\u00e9e sur des terres d\u00e9crites comme \u00ab\u00a0<strong>auparavant inexploit\u00e9es<\/strong>\u00ab\u00a0. Les 11 500 panneaux alimentent d\u00e9sormais le <strong>r\u00e9seau public<\/strong>.<\/p>\n\n\n\n<p><strong>L\u2019entretien par \u00e9co-p\u00e2turage<\/strong> Pour la maintenance de la v\u00e9g\u00e9tation, le site privil\u00e9gie une solution biologique : l\u2019<strong>\u00e9co-p\u00e2turage par ovins<\/strong>. Des brebis assurent l&rsquo;entretien du sol entre les rang\u00e9es de modules, afin de r\u00e9duire le recours aux engins m\u00e9caniques ou aux produits phytosanitaires. Les communications \u00e9voquent \u00e9galement une <strong>limitation des intrants<\/strong>, sans toutefois d\u00e9tailler de suivi biodiversit\u00e9 sp\u00e9cifique.<\/p>\n\n\n\n<h2 class=\"wp-block-heading\">Retomb\u00e9es territoriales : quel b\u00e9n\u00e9fice pour le territoire ?<\/h2>\n\n\n\n<p><strong>L\u2019impact fiscal local<\/strong> Le projet g\u00e9n\u00e8re des <strong>revenus annuels<\/strong> pour les collectivit\u00e9s, bien que les montants varient selon les sources. <em>pv magazine<\/em> annonce environ <strong>30 000 \u20ac par an<\/strong> r\u00e9partis entre la commune de Caudecoste, l\u2019EPCI et le d\u00e9partement du Lot-et-Garonne. De son c\u00f4t\u00e9, Altarea mentionne un revenu de 10 000 \u20ac par an sp\u00e9cifiquement pour la commune. La r\u00e9partition pr\u00e9cise entre les diff\u00e9rents \u00e9chelons territoriaux n&rsquo;est pas d\u00e9taill\u00e9e.<\/p>\n\n\n\n<p><strong>B\u00e9n\u00e9fice \u00e9nerg\u00e9tique<\/strong> L&rsquo;\u00e9lectricit\u00e9 produite est envoy\u00e9e sur le r\u00e9seau. Selon les estimations, la centrale couvre l\u2019\u00e9quivalent de la consommation annuelle de <strong>1 550 \u00e0 1 585 foyers<\/strong>. Cette production contribue \u00e0 la disponibilit\u00e9 d&rsquo;<strong>\u00e9lectricit\u00e9 bas-carbone<\/strong> sur le r\u00e9seau national, bien que l&rsquo;\u00e9conomie pr\u00e9cise de CO2 ne soit pas chiffr\u00e9e dans les documents sources.<\/p>\n\n\n\n<p><strong>Vigilance et transparence<\/strong> Comme pour de nombreuses infrastructures de ce type, le montant global de l&rsquo;<strong>investissement initial<\/strong> reste non pr\u00e9cis\u00e9 par le porteur de projet. De m\u00eame, la dur\u00e9e de vie contractuelle exacte de l&rsquo;installation n&rsquo;appara\u00eet pas dans les sources disponibles.<\/p>\n\n\n\n<h2 class=\"wp-block-heading\">Le solaire en France : un parc en expansion (Source SDES)<\/h2>\n\n\n\n<p><strong>Changement d\u2019\u00e9chelle national<\/strong> Les chiffres du <strong>SDES<\/strong> confirment la tendance : le <strong>photovolta\u00efque<\/strong> repr\u00e9sente d\u00e9sormais <strong>7,9 % de la consommation \u00e9lectrique<\/strong> nationale. Au 30 septembre 2025, le parc national atteignait <strong>29,7 GW<\/strong>, port\u00e9 par une dynamique de <strong>4,5 GW raccord\u00e9s<\/strong> sur les neuf premiers mois de l&rsquo;ann\u00e9e. Le projet de Caudecoste s&rsquo;inscrit dans ce mouvement r\u00e9cent de raccordements observ\u00e9 \u00e0 l&rsquo;\u00e9chelle du pays.<\/p>\n\n\n\n<h2 class=\"wp-block-heading\">Mix \u00e9lectrique : la compl\u00e9mentarit\u00e9 au service du bas-carbone (Source RTE)<\/h2>\n\n\n\n<p><strong>Le recul du thermique<\/strong> Le <strong>mix \u00e9nerg\u00e9tique<\/strong> fran\u00e7ais \u00e9volue avec la mont\u00e9e en puissance des capacit\u00e9s <strong>bas-carbone<\/strong>(nucl\u00e9aire, hydraulique, renouvelables). Selon <strong>RTE<\/strong>, le recours au <strong>thermique fossile<\/strong> (gaz et charbon) a \u00e9t\u00e9 globalement plus faible en 2024 qu\u2019en 2023. Cette tendance s&rsquo;inscrit dans un contexte de production d\u00e9carbon\u00e9e plus \u00e9lev\u00e9e sur l&rsquo;ensemble du parc.<\/p>\n\n\n\n<p><strong>Une synergie de moyens<\/strong> Le d\u00e9veloppement du solaire agit comme un compl\u00e9ment aux autres sources d\u00e9carbon\u00e9es existantes, notamment pour r\u00e9pondre \u00e0 la demande diurne. Dans cette perspective, <strong>Altarea EnR<\/strong> indique disposer d\u2019un portefeuille de projets s\u00e9curis\u00e9s de <strong>800 MWc<\/strong> en France, illustrant la poursuite de cette diversification \u00e9nerg\u00e9tique.<\/p>\n","protected":false},"excerpt":{"rendered":"","protected":false},"author":2,"featured_media":317,"comment_status":"closed","ping_status":"closed","sticky":false,"template":"","format":"standard","meta":{"footnotes":""},"categories":[1],"tags":[],"class_list":["post-315","post","type-post","status-publish","format-standard","has-post-thumbnail","hentry","category-energies","masonry-post","generate-columns","tablet-grid-50","mobile-grid-100","grid-parent","grid-33"],"yoast_head":"<!-- This site is optimized with the Yoast SEO plugin v26.6 - https:\/\/yoast.com\/wordpress\/plugins\/seo\/ -->\n<title>Comment une centrale solaire \u201cau sol\u201d s\u2019int\u00e8gre dans un territoire rural - ECOinfos<\/title>\n<meta name=\"description\" content=\"D\u00e9couvrez la mise en service de la centrale solaire d&#039;Altarea EnR \u00e0 Caudecoste (47). Focus sur la valorisation du foncier, l&#039;\u00e9co-p\u00e2turage ovin et les 30 000\u20ac de retomb\u00e9es fiscales annuelles pour le territoire.\" \/>\n<meta name=\"robots\" content=\"index, follow, max-snippet:-1, max-image-preview:large, max-video-preview:-1\" \/>\n<link rel=\"canonical\" href=\"https:\/\/www.les-energies-renouvelables.eu\/article\/actualites\/energies\/comment-une-centrale-solaire-au-sol-sintegre-dans-un-territoire-rural-315\/\" \/>\n<meta property=\"og:locale\" content=\"fr_FR\" \/>\n<meta property=\"og:type\" content=\"article\" \/>\n<meta property=\"og:title\" content=\"Comment une centrale solaire \u201cau sol\u201d s\u2019int\u00e8gre dans un territoire rural - ECOinfos\" \/>\n<meta property=\"og:description\" content=\"D\u00e9couvrez la mise en service de la centrale solaire d&#039;Altarea EnR \u00e0 Caudecoste (47). Focus sur la valorisation du foncier, l&#039;\u00e9co-p\u00e2turage ovin et les 30 000\u20ac de retomb\u00e9es fiscales annuelles pour le territoire.\" \/>\n<meta property=\"og:url\" content=\"https:\/\/www.les-energies-renouvelables.eu\/article\/actualites\/energies\/comment-une-centrale-solaire-au-sol-sintegre-dans-un-territoire-rural-315\/\" \/>\n<meta property=\"og:site_name\" content=\"ECOinfos Energies renouvelables\" \/>\n<meta property=\"article:publisher\" content=\"https:\/\/www.facebook.com\/ecoannuaire.energierenouvelable\/\" \/>\n<meta property=\"article:author\" content=\"https:\/\/www.facebook.com\/tictacf2c\/\" \/>\n<meta property=\"article:published_time\" content=\"2026-02-04T07:00:00+00:00\" \/>\n<meta property=\"article:modified_time\" content=\"2026-02-04T11:52:23+00:00\" \/>\n<meta property=\"og:image\" content=\"https:\/\/www.les-energies-renouvelables.eu\/article\/actualites\/wp-content\/uploads\/2026\/02\/actualites-comment-une-centrale-solaire-au-sol-sintegre-dans-un-territoire-rural-centrale-photovoltaique-au-sol-caudecoste.jpg\" \/>\n\t<meta property=\"og:image:width\" content=\"1200\" \/>\n\t<meta property=\"og:image:height\" content=\"675\" \/>\n\t<meta property=\"og:image:type\" content=\"image\/jpeg\" \/>\n<meta name=\"author\" content=\"Alexia JACQUARD\" \/>\n<meta name=\"twitter:card\" content=\"summary_large_image\" \/>\n<meta name=\"twitter:creator\" content=\"@alexiajcrd\" \/>\n<meta name=\"twitter:site\" content=\"@ECOinfosENR\" \/>\n<meta name=\"twitter:label1\" content=\"\u00c9crit par\" \/>\n\t<meta name=\"twitter:data1\" content=\"Alexia JACQUARD\" \/>\n\t<meta name=\"twitter:label2\" content=\"Dur\u00e9e de lecture estim\u00e9e\" \/>\n\t<meta name=\"twitter:data2\" content=\"3 minutes\" \/>\n<script type=\"application\/ld+json\" class=\"yoast-schema-graph\">{\"@context\":\"https:\/\/schema.org\",\"@graph\":[{\"@type\":\"Article\",\"@id\":\"https:\/\/www.les-energies-renouvelables.eu\/article\/actualites\/energies\/comment-une-centrale-solaire-au-sol-sintegre-dans-un-territoire-rural-315\/#article\",\"isPartOf\":{\"@id\":\"https:\/\/www.les-energies-renouvelables.eu\/article\/actualites\/energies\/comment-une-centrale-solaire-au-sol-sintegre-dans-un-territoire-rural-315\/\"},\"author\":{\"name\":\"Alexia JACQUARD\",\"@id\":\"https:\/\/www.les-energies-renouvelables.eu\/article\/actualites\/#\/schema\/person\/2c7d09eb5ca339c12ca8d86145440169\"},\"headline\":\"Comment une centrale solaire \u201cau sol\u201d s\u2019int\u00e8gre dans un territoire rural\",\"datePublished\":\"2026-02-04T07:00:00+00:00\",\"dateModified\":\"2026-02-04T11:52:23+00:00\",\"mainEntityOfPage\":{\"@id\":\"https:\/\/www.les-energies-renouvelables.eu\/article\/actualites\/energies\/comment-une-centrale-solaire-au-sol-sintegre-dans-un-territoire-rural-315\/\"},\"wordCount\":568,\"publisher\":{\"@id\":\"https:\/\/www.les-energies-renouvelables.eu\/article\/actualites\/#organization\"},\"image\":{\"@id\":\"https:\/\/www.les-energies-renouvelables.eu\/article\/actualites\/energies\/comment-une-centrale-solaire-au-sol-sintegre-dans-un-territoire-rural-315\/#primaryimage\"},\"thumbnailUrl\":\"https:\/\/www.les-energies-renouvelables.eu\/article\/actualites\/wp-content\/uploads\/2026\/02\/actualites-comment-une-centrale-solaire-au-sol-sintegre-dans-un-territoire-rural-centrale-photovoltaique-au-sol-caudecoste.jpg\",\"articleSection\":[\"\u00c9nergies\"],\"inLanguage\":\"fr-FR\"},{\"@type\":\"WebPage\",\"@id\":\"https:\/\/www.les-energies-renouvelables.eu\/article\/actualites\/energies\/comment-une-centrale-solaire-au-sol-sintegre-dans-un-territoire-rural-315\/\",\"url\":\"https:\/\/www.les-energies-renouvelables.eu\/article\/actualites\/energies\/comment-une-centrale-solaire-au-sol-sintegre-dans-un-territoire-rural-315\/\",\"name\":\"Comment une centrale solaire \u201cau sol\u201d s\u2019int\u00e8gre dans un territoire rural - ECOinfos\",\"isPartOf\":{\"@id\":\"https:\/\/www.les-energies-renouvelables.eu\/article\/actualites\/#website\"},\"primaryImageOfPage\":{\"@id\":\"https:\/\/www.les-energies-renouvelables.eu\/article\/actualites\/energies\/comment-une-centrale-solaire-au-sol-sintegre-dans-un-territoire-rural-315\/#primaryimage\"},\"image\":{\"@id\":\"https:\/\/www.les-energies-renouvelables.eu\/article\/actualites\/energies\/comment-une-centrale-solaire-au-sol-sintegre-dans-un-territoire-rural-315\/#primaryimage\"},\"thumbnailUrl\":\"https:\/\/www.les-energies-renouvelables.eu\/article\/actualites\/wp-content\/uploads\/2026\/02\/actualites-comment-une-centrale-solaire-au-sol-sintegre-dans-un-territoire-rural-centrale-photovoltaique-au-sol-caudecoste.jpg\",\"datePublished\":\"2026-02-04T07:00:00+00:00\",\"dateModified\":\"2026-02-04T11:52:23+00:00\",\"description\":\"D\u00e9couvrez la mise en service de la centrale solaire d'Altarea EnR \u00e0 Caudecoste (47). Focus sur la valorisation du foncier, l'\u00e9co-p\u00e2turage ovin et les 30 000\u20ac de retomb\u00e9es fiscales annuelles pour le territoire.\",\"breadcrumb\":{\"@id\":\"https:\/\/www.les-energies-renouvelables.eu\/article\/actualites\/energies\/comment-une-centrale-solaire-au-sol-sintegre-dans-un-territoire-rural-315\/#breadcrumb\"},\"inLanguage\":\"fr-FR\",\"potentialAction\":[{\"@type\":\"ReadAction\",\"target\":[\"https:\/\/www.les-energies-renouvelables.eu\/article\/actualites\/energies\/comment-une-centrale-solaire-au-sol-sintegre-dans-un-territoire-rural-315\/\"]}]},{\"@type\":\"ImageObject\",\"inLanguage\":\"fr-FR\",\"@id\":\"https:\/\/www.les-energies-renouvelables.eu\/article\/actualites\/energies\/comment-une-centrale-solaire-au-sol-sintegre-dans-un-territoire-rural-315\/#primaryimage\",\"url\":\"https:\/\/www.les-energies-renouvelables.eu\/article\/actualites\/wp-content\/uploads\/2026\/02\/actualites-comment-une-centrale-solaire-au-sol-sintegre-dans-un-territoire-rural-centrale-photovoltaique-au-sol-caudecoste.jpg\",\"contentUrl\":\"https:\/\/www.les-energies-renouvelables.eu\/article\/actualites\/wp-content\/uploads\/2026\/02\/actualites-comment-une-centrale-solaire-au-sol-sintegre-dans-un-territoire-rural-centrale-photovoltaique-au-sol-caudecoste.jpg\",\"width\":1200,\"height\":675,\"caption\":\"Dall-E\"},{\"@type\":\"BreadcrumbList\",\"@id\":\"https:\/\/www.les-energies-renouvelables.eu\/article\/actualites\/energies\/comment-une-centrale-solaire-au-sol-sintegre-dans-un-territoire-rural-315\/#breadcrumb\",\"itemListElement\":[{\"@type\":\"ListItem\",\"position\":1,\"name\":\"Accueil\",\"item\":\"https:\/\/www.les-energies-renouvelables.eu\/article\/actualites\/\"},{\"@type\":\"ListItem\",\"position\":2,\"name\":\"Comment une centrale solaire \u201cau sol\u201d s\u2019int\u00e8gre dans un territoire rural\"}]},{\"@type\":\"WebSite\",\"@id\":\"https:\/\/www.les-energies-renouvelables.eu\/article\/actualites\/#website\",\"url\":\"https:\/\/www.les-energies-renouvelables.eu\/article\/actualites\/\",\"name\":\"ECOinfos Energies renouvelables\",\"description\":\"Le d\u00e9cryptage quotidien du secteur des \u00e9nergies renouvelables\",\"publisher\":{\"@id\":\"https:\/\/www.les-energies-renouvelables.eu\/article\/actualites\/#organization\"},\"potentialAction\":[{\"@type\":\"SearchAction\",\"target\":{\"@type\":\"EntryPoint\",\"urlTemplate\":\"https:\/\/www.les-energies-renouvelables.eu\/article\/actualites\/?s={search_term_string}\"},\"query-input\":{\"@type\":\"PropertyValueSpecification\",\"valueRequired\":true,\"valueName\":\"search_term_string\"}}],\"inLanguage\":\"fr-FR\"},{\"@type\":\"Organization\",\"@id\":\"https:\/\/www.les-energies-renouvelables.eu\/article\/actualites\/#organization\",\"name\":\"ECOinfos Energies renouvelables\",\"url\":\"https:\/\/www.les-energies-renouvelables.eu\/article\/actualites\/\",\"logo\":{\"@type\":\"ImageObject\",\"inLanguage\":\"fr-FR\",\"@id\":\"https:\/\/www.les-energies-renouvelables.eu\/article\/actualites\/#\/schema\/logo\/image\/\",\"url\":\"https:\/\/www.les-energies-renouvelables.eu\/article\/actualites\/wp-content\/uploads\/2025\/11\/ecoinfos.eldorado-consulting.com-logo-logo.svg\",\"contentUrl\":\"https:\/\/www.les-energies-renouvelables.eu\/article\/actualites\/wp-content\/uploads\/2025\/11\/ecoinfos.eldorado-consulting.com-logo-logo.svg\",\"caption\":\"ECOinfos Energies renouvelables\"},\"image\":{\"@id\":\"https:\/\/www.les-energies-renouvelables.eu\/article\/actualites\/#\/schema\/logo\/image\/\"},\"sameAs\":[\"https:\/\/www.facebook.com\/ecoannuaire.energierenouvelable\/\",\"https:\/\/x.com\/ECOinfosENR\",\"https:\/\/www.linkedin.com\/company\/ecoinfos-energies-renouvelables\/\",\"https:\/\/www.youtube.com\/@ecoinfosenergies\",\"https:\/\/share.google\/dyKHJPxAV42WhhjbM\"]},{\"@type\":\"Person\",\"@id\":\"https:\/\/www.les-energies-renouvelables.eu\/article\/actualites\/#\/schema\/person\/2c7d09eb5ca339c12ca8d86145440169\",\"name\":\"Alexia JACQUARD\",\"pronouns\":\"elle\/elle\",\"image\":{\"@type\":\"ImageObject\",\"inLanguage\":\"fr-FR\",\"@id\":\"https:\/\/www.les-energies-renouvelables.eu\/article\/actualites\/#\/schema\/person\/image\/\",\"url\":\"https:\/\/www.les-energies-renouvelables.eu\/article\/actualites\/wp-content\/uploads\/2026\/01\/actualites-alexia-jacquard-alexia-jacquard-160x160.jpg\",\"contentUrl\":\"https:\/\/www.les-energies-renouvelables.eu\/article\/actualites\/wp-content\/uploads\/2026\/01\/actualites-alexia-jacquard-alexia-jacquard-160x160.jpg\",\"caption\":\"Alexia JACQUARD\"},\"description\":\"Curieuse de nature et attentif aux enjeux du d\u00e9veloppement durable, Alexia Jacquard suit l'actualit\u00e9 des \u00e9nergies renouvelables pour partager les derni\u00e8res nouveaut\u00e9s du secteur. Elle s'attache \u00e0 retranscrire simplement les informations cl\u00e9s et les initiatives positives qui marquent la transition \u00e9nerg\u00e9tique. Son objectif : proposer des articles d'actualit\u00e9 clairs et accessibles pour tous ceux qui s'int\u00e9ressent \u00e0 l'avenir de notre \u00e9nergie.\",\"sameAs\":[\"https:\/\/alexia-jacquard.fr\",\"https:\/\/www.facebook.com\/tictacf2c\/\",\"https:\/\/www.instagram.com\/alexia_redac\/\",\"https:\/\/www.linkedin.com\/in\/alexia-jacquard-449a4b289\/\",\"https:\/\/fr.pinterest.com\/alexiajacquard\/\",\"https:\/\/x.com\/alexiajcrd\",\"https:\/\/www.youtube.com\/@Thepaindemie\",\"https:\/\/muckrack.com\/alexia-jacquard\"],\"url\":\"https:\/\/www.les-energies-renouvelables.eu\/article\/actualites\/author\/alexia-jacquard\/\"}]}<\/script>\n<!-- \/ Yoast SEO plugin. -->","yoast_head_json":{"title":"Comment une centrale solaire \u201cau sol\u201d s\u2019int\u00e8gre dans un territoire rural - ECOinfos","description":"D\u00e9couvrez la mise en service de la centrale solaire d'Altarea EnR \u00e0 Caudecoste (47). Focus sur la valorisation du foncier, l'\u00e9co-p\u00e2turage ovin et les 30 000\u20ac de retomb\u00e9es fiscales annuelles pour le territoire.","robots":{"index":"index","follow":"follow","max-snippet":"max-snippet:-1","max-image-preview":"max-image-preview:large","max-video-preview":"max-video-preview:-1"},"canonical":"https:\/\/www.les-energies-renouvelables.eu\/article\/actualites\/energies\/comment-une-centrale-solaire-au-sol-sintegre-dans-un-territoire-rural-315\/","og_locale":"fr_FR","og_type":"article","og_title":"Comment une centrale solaire \u201cau sol\u201d s\u2019int\u00e8gre dans un territoire rural - ECOinfos","og_description":"D\u00e9couvrez la mise en service de la centrale solaire d'Altarea EnR \u00e0 Caudecoste (47). Focus sur la valorisation du foncier, l'\u00e9co-p\u00e2turage ovin et les 30 000\u20ac de retomb\u00e9es fiscales annuelles pour le territoire.","og_url":"https:\/\/www.les-energies-renouvelables.eu\/article\/actualites\/energies\/comment-une-centrale-solaire-au-sol-sintegre-dans-un-territoire-rural-315\/","og_site_name":"ECOinfos Energies renouvelables","article_publisher":"https:\/\/www.facebook.com\/ecoannuaire.energierenouvelable\/","article_author":"https:\/\/www.facebook.com\/tictacf2c\/","article_published_time":"2026-02-04T07:00:00+00:00","article_modified_time":"2026-02-04T11:52:23+00:00","og_image":[{"width":1200,"height":675,"url":"https:\/\/www.les-energies-renouvelables.eu\/article\/actualites\/wp-content\/uploads\/2026\/02\/actualites-comment-une-centrale-solaire-au-sol-sintegre-dans-un-territoire-rural-centrale-photovoltaique-au-sol-caudecoste.jpg","type":"image\/jpeg"}],"author":"Alexia JACQUARD","twitter_card":"summary_large_image","twitter_creator":"@alexiajcrd","twitter_site":"@ECOinfosENR","twitter_misc":{"\u00c9crit par":"Alexia JACQUARD","Dur\u00e9e de lecture estim\u00e9e":"3 minutes"},"schema":{"@context":"https:\/\/schema.org","@graph":[{"@type":"Article","@id":"https:\/\/www.les-energies-renouvelables.eu\/article\/actualites\/energies\/comment-une-centrale-solaire-au-sol-sintegre-dans-un-territoire-rural-315\/#article","isPartOf":{"@id":"https:\/\/www.les-energies-renouvelables.eu\/article\/actualites\/energies\/comment-une-centrale-solaire-au-sol-sintegre-dans-un-territoire-rural-315\/"},"author":{"name":"Alexia JACQUARD","@id":"https:\/\/www.les-energies-renouvelables.eu\/article\/actualites\/#\/schema\/person\/2c7d09eb5ca339c12ca8d86145440169"},"headline":"Comment une centrale solaire \u201cau sol\u201d s\u2019int\u00e8gre dans un territoire rural","datePublished":"2026-02-04T07:00:00+00:00","dateModified":"2026-02-04T11:52:23+00:00","mainEntityOfPage":{"@id":"https:\/\/www.les-energies-renouvelables.eu\/article\/actualites\/energies\/comment-une-centrale-solaire-au-sol-sintegre-dans-un-territoire-rural-315\/"},"wordCount":568,"publisher":{"@id":"https:\/\/www.les-energies-renouvelables.eu\/article\/actualites\/#organization"},"image":{"@id":"https:\/\/www.les-energies-renouvelables.eu\/article\/actualites\/energies\/comment-une-centrale-solaire-au-sol-sintegre-dans-un-territoire-rural-315\/#primaryimage"},"thumbnailUrl":"https:\/\/www.les-energies-renouvelables.eu\/article\/actualites\/wp-content\/uploads\/2026\/02\/actualites-comment-une-centrale-solaire-au-sol-sintegre-dans-un-territoire-rural-centrale-photovoltaique-au-sol-caudecoste.jpg","articleSection":["\u00c9nergies"],"inLanguage":"fr-FR"},{"@type":"WebPage","@id":"https:\/\/www.les-energies-renouvelables.eu\/article\/actualites\/energies\/comment-une-centrale-solaire-au-sol-sintegre-dans-un-territoire-rural-315\/","url":"https:\/\/www.les-energies-renouvelables.eu\/article\/actualites\/energies\/comment-une-centrale-solaire-au-sol-sintegre-dans-un-territoire-rural-315\/","name":"Comment une centrale solaire \u201cau sol\u201d s\u2019int\u00e8gre dans un territoire rural - ECOinfos","isPartOf":{"@id":"https:\/\/www.les-energies-renouvelables.eu\/article\/actualites\/#website"},"primaryImageOfPage":{"@id":"https:\/\/www.les-energies-renouvelables.eu\/article\/actualites\/energies\/comment-une-centrale-solaire-au-sol-sintegre-dans-un-territoire-rural-315\/#primaryimage"},"image":{"@id":"https:\/\/www.les-energies-renouvelables.eu\/article\/actualites\/energies\/comment-une-centrale-solaire-au-sol-sintegre-dans-un-territoire-rural-315\/#primaryimage"},"thumbnailUrl":"https:\/\/www.les-energies-renouvelables.eu\/article\/actualites\/wp-content\/uploads\/2026\/02\/actualites-comment-une-centrale-solaire-au-sol-sintegre-dans-un-territoire-rural-centrale-photovoltaique-au-sol-caudecoste.jpg","datePublished":"2026-02-04T07:00:00+00:00","dateModified":"2026-02-04T11:52:23+00:00","description":"D\u00e9couvrez la mise en service de la centrale solaire d'Altarea EnR \u00e0 Caudecoste (47). Focus sur la valorisation du foncier, l'\u00e9co-p\u00e2turage ovin et les 30 000\u20ac de retomb\u00e9es fiscales annuelles pour le territoire.","breadcrumb":{"@id":"https:\/\/www.les-energies-renouvelables.eu\/article\/actualites\/energies\/comment-une-centrale-solaire-au-sol-sintegre-dans-un-territoire-rural-315\/#breadcrumb"},"inLanguage":"fr-FR","potentialAction":[{"@type":"ReadAction","target":["https:\/\/www.les-energies-renouvelables.eu\/article\/actualites\/energies\/comment-une-centrale-solaire-au-sol-sintegre-dans-un-territoire-rural-315\/"]}]},{"@type":"ImageObject","inLanguage":"fr-FR","@id":"https:\/\/www.les-energies-renouvelables.eu\/article\/actualites\/energies\/comment-une-centrale-solaire-au-sol-sintegre-dans-un-territoire-rural-315\/#primaryimage","url":"https:\/\/www.les-energies-renouvelables.eu\/article\/actualites\/wp-content\/uploads\/2026\/02\/actualites-comment-une-centrale-solaire-au-sol-sintegre-dans-un-territoire-rural-centrale-photovoltaique-au-sol-caudecoste.jpg","contentUrl":"https:\/\/www.les-energies-renouvelables.eu\/article\/actualites\/wp-content\/uploads\/2026\/02\/actualites-comment-une-centrale-solaire-au-sol-sintegre-dans-un-territoire-rural-centrale-photovoltaique-au-sol-caudecoste.jpg","width":1200,"height":675,"caption":"Dall-E"},{"@type":"BreadcrumbList","@id":"https:\/\/www.les-energies-renouvelables.eu\/article\/actualites\/energies\/comment-une-centrale-solaire-au-sol-sintegre-dans-un-territoire-rural-315\/#breadcrumb","itemListElement":[{"@type":"ListItem","position":1,"name":"Accueil","item":"https:\/\/www.les-energies-renouvelables.eu\/article\/actualites\/"},{"@type":"ListItem","position":2,"name":"Comment une centrale solaire \u201cau sol\u201d s\u2019int\u00e8gre dans un territoire rural"}]},{"@type":"WebSite","@id":"https:\/\/www.les-energies-renouvelables.eu\/article\/actualites\/#website","url":"https:\/\/www.les-energies-renouvelables.eu\/article\/actualites\/","name":"ECOinfos Energies renouvelables","description":"Le d\u00e9cryptage quotidien du secteur des \u00e9nergies renouvelables","publisher":{"@id":"https:\/\/www.les-energies-renouvelables.eu\/article\/actualites\/#organization"},"potentialAction":[{"@type":"SearchAction","target":{"@type":"EntryPoint","urlTemplate":"https:\/\/www.les-energies-renouvelables.eu\/article\/actualites\/?s={search_term_string}"},"query-input":{"@type":"PropertyValueSpecification","valueRequired":true,"valueName":"search_term_string"}}],"inLanguage":"fr-FR"},{"@type":"Organization","@id":"https:\/\/www.les-energies-renouvelables.eu\/article\/actualites\/#organization","name":"ECOinfos Energies renouvelables","url":"https:\/\/www.les-energies-renouvelables.eu\/article\/actualites\/","logo":{"@type":"ImageObject","inLanguage":"fr-FR","@id":"https:\/\/www.les-energies-renouvelables.eu\/article\/actualites\/#\/schema\/logo\/image\/","url":"https:\/\/www.les-energies-renouvelables.eu\/article\/actualites\/wp-content\/uploads\/2025\/11\/ecoinfos.eldorado-consulting.com-logo-logo.svg","contentUrl":"https:\/\/www.les-energies-renouvelables.eu\/article\/actualites\/wp-content\/uploads\/2025\/11\/ecoinfos.eldorado-consulting.com-logo-logo.svg","caption":"ECOinfos Energies renouvelables"},"image":{"@id":"https:\/\/www.les-energies-renouvelables.eu\/article\/actualites\/#\/schema\/logo\/image\/"},"sameAs":["https:\/\/www.facebook.com\/ecoannuaire.energierenouvelable\/","https:\/\/x.com\/ECOinfosENR","https:\/\/www.linkedin.com\/company\/ecoinfos-energies-renouvelables\/","https:\/\/www.youtube.com\/@ecoinfosenergies","https:\/\/share.google\/dyKHJPxAV42WhhjbM"]},{"@type":"Person","@id":"https:\/\/www.les-energies-renouvelables.eu\/article\/actualites\/#\/schema\/person\/2c7d09eb5ca339c12ca8d86145440169","name":"Alexia JACQUARD","pronouns":"elle\/elle","image":{"@type":"ImageObject","inLanguage":"fr-FR","@id":"https:\/\/www.les-energies-renouvelables.eu\/article\/actualites\/#\/schema\/person\/image\/","url":"https:\/\/www.les-energies-renouvelables.eu\/article\/actualites\/wp-content\/uploads\/2026\/01\/actualites-alexia-jacquard-alexia-jacquard-160x160.jpg","contentUrl":"https:\/\/www.les-energies-renouvelables.eu\/article\/actualites\/wp-content\/uploads\/2026\/01\/actualites-alexia-jacquard-alexia-jacquard-160x160.jpg","caption":"Alexia JACQUARD"},"description":"Curieuse de nature et attentif aux enjeux du d\u00e9veloppement durable, Alexia Jacquard suit l'actualit\u00e9 des \u00e9nergies renouvelables pour partager les derni\u00e8res nouveaut\u00e9s du secteur. Elle s'attache \u00e0 retranscrire simplement les informations cl\u00e9s et les initiatives positives qui marquent la transition \u00e9nerg\u00e9tique. Son objectif : proposer des articles d'actualit\u00e9 clairs et accessibles pour tous ceux qui s'int\u00e9ressent \u00e0 l'avenir de notre \u00e9nergie.","sameAs":["https:\/\/alexia-jacquard.fr","https:\/\/www.facebook.com\/tictacf2c\/","https:\/\/www.instagram.com\/alexia_redac\/","https:\/\/www.linkedin.com\/in\/alexia-jacquard-449a4b289\/","https:\/\/fr.pinterest.com\/alexiajacquard\/","https:\/\/x.com\/alexiajcrd","https:\/\/www.youtube.com\/@Thepaindemie","https:\/\/muckrack.com\/alexia-jacquard"],"url":"https:\/\/www.les-energies-renouvelables.eu\/article\/actualites\/author\/alexia-jacquard\/"}]}},"_links":{"self":[{"href":"https:\/\/www.les-energies-renouvelables.eu\/article\/actualites\/wp-json\/wp\/v2\/posts\/315","targetHints":{"allow":["GET"]}}],"collection":[{"href":"https:\/\/www.les-energies-renouvelables.eu\/article\/actualites\/wp-json\/wp\/v2\/posts"}],"about":[{"href":"https:\/\/www.les-energies-renouvelables.eu\/article\/actualites\/wp-json\/wp\/v2\/types\/post"}],"author":[{"embeddable":true,"href":"https:\/\/www.les-energies-renouvelables.eu\/article\/actualites\/wp-json\/wp\/v2\/users\/2"}],"replies":[{"embeddable":true,"href":"https:\/\/www.les-energies-renouvelables.eu\/article\/actualites\/wp-json\/wp\/v2\/comments?post=315"}],"version-history":[{"count":1,"href":"https:\/\/www.les-energies-renouvelables.eu\/article\/actualites\/wp-json\/wp\/v2\/posts\/315\/revisions"}],"predecessor-version":[{"id":316,"href":"https:\/\/www.les-energies-renouvelables.eu\/article\/actualites\/wp-json\/wp\/v2\/posts\/315\/revisions\/316"}],"wp:featuredmedia":[{"embeddable":true,"href":"https:\/\/www.les-energies-renouvelables.eu\/article\/actualites\/wp-json\/wp\/v2\/media\/317"}],"wp:attachment":[{"href":"https:\/\/www.les-energies-renouvelables.eu\/article\/actualites\/wp-json\/wp\/v2\/media?parent=315"}],"wp:term":[{"taxonomy":"category","embeddable":true,"href":"https:\/\/www.les-energies-renouvelables.eu\/article\/actualites\/wp-json\/wp\/v2\/categories?post=315"},{"taxonomy":"post_tag","embeddable":true,"href":"https:\/\/www.les-energies-renouvelables.eu\/article\/actualites\/wp-json\/wp\/v2\/tags?post=315"}],"curies":[{"name":"wp","href":"https:\/\/api.w.org\/{rel}","templated":true}]}}