{"id":302,"date":"2026-02-02T08:00:00","date_gmt":"2026-02-02T07:00:00","guid":{"rendered":"https:\/\/www.les-energies-renouvelables.eu\/article\/actualites\/?p=302"},"modified":"2026-02-01T20:46:10","modified_gmt":"2026-02-01T19:46:10","slug":"batteries-geantes-en-belgique-comment-vilvorde-aide-leolien-et-le-solaire","status":"publish","type":"post","link":"https:\/\/www.les-energies-renouvelables.eu\/article\/actualites\/energies\/batteries-geantes-en-belgique-comment-vilvorde-aide-leolien-et-le-solaire-302\/","title":{"rendered":"Batteries g\u00e9antes en Belgique : comment Vilvorde aide l\u2019\u00e9olien et le solaire"},"content":{"rendered":"\n<p>R\u00e9sum\u00e9 :&nbsp;<\/p>\n\n\n\n<ul class=\"wp-block-list\">\n<li><strong>Puissance et capacit\u00e9 :<\/strong> <strong>200 MW \/ 800 MWh<\/strong>, soit l&rsquo;\u00e9quivalent de la consommation quotidienne de <strong>96 000 m\u00e9nages belges<\/strong>.<\/li>\n\n\n\n<li><strong>Mission :<\/strong> Absorber les pointes de production d&rsquo;\u00e9nergie verte pour les restituer lors des pics de demande, limitant ainsi le recours aux <strong>centrales \u00e0 gaz<\/strong> plus co\u00fbteuses.<\/li>\n\n\n\n<li><strong>Symbole :<\/strong> La reconversion d&rsquo;une ancienne centrale au charbon de la fin des ann\u00e9es 1950 en un <strong>hub technologique d\u00e9di\u00e9 au stockage<\/strong>.<\/li>\n<\/ul>\n\n\n\n<p>Pr\u00e8s de Bruxelles, sur le site industriel de Vilvorde, le Ministre-Pr\u00e9sident flamand Matthias Diependaele a pr\u00e9sid\u00e9 la c\u00e9r\u00e9monie d&rsquo;ouverture de ce qu&rsquo;ENGIE pr\u00e9sente comme le <strong>plus grand parc de batteries op\u00e9rationnel<\/strong> du pays. Cette mise en service s&rsquo;inscrit dans une phase de transition active : en 2025, les <strong>\u00e9nergies renouvelables<\/strong> ont repr\u00e9sent\u00e9 <strong>34 % de la production \u00e9lectrique nationale<\/strong>, un chiffre atteint surtout gr\u00e2ce \u00e0 de bonnes conditions d\u2019ensoleillement selon le gestionnaire de r\u00e9seau <strong>Elia<\/strong>.<\/p>\n\n\n\n<h2 class=\"wp-block-heading\">Une infrastructure au service de l&rsquo;\u00e9quilibre du syst\u00e8me<\/h2>\n\n\n\n<p>D&rsquo;un point de vue technique, le site regroupe <strong>320 conteneurs de batteries lithium-ion<\/strong> r\u00e9partis sur 3,5 hectares. L&rsquo;installation peut stocker <strong>800 m\u00e9gawattheures (MWh)<\/strong>, lui permettant d&rsquo;injecter 200 m\u00e9gawatts (MW) de puissance en continu pendant quatre heures. Autre d\u00e9tail notable rapport\u00e9 par la revue sp\u00e9cialis\u00e9e <em>PV Magazine<\/em> : la deuxi\u00e8me portion du parc a \u00e9t\u00e9 raccord\u00e9e avec succ\u00e8s au <strong>r\u00e9seau haute tension<\/strong>.<\/p>\n\n\n\n<p>Le calendrier de r\u00e9alisation a \u00e9t\u00e9 marqu\u00e9 par une acc\u00e9l\u00e9ration des travaux. Si l&rsquo;annonce initiale du chantier pr\u00e9voyait une finalisation en janvier 2026, l&rsquo;infrastructure est <strong>entr\u00e9e en exploitation avec deux mois d&rsquo;avance<\/strong>. Ce d\u00e9ploiement s&rsquo;est ainsi op\u00e9r\u00e9 en deux phases d\u00e8s 2025 : une premi\u00e8re tranche de 100 MW en septembre, suivie de la seconde en novembre. Pour s\u00e9curiser cet investissement, le projet a \u00e9t\u00e9 s\u00e9lectionn\u00e9 pour une <strong>r\u00e9mun\u00e9ration de capacit\u00e9<\/strong> et fait l&rsquo;objet d&rsquo;un contrat de 15 ans avec Elia.<\/p>\n\n\n\n<h2 class=\"wp-block-heading\">Un r\u00e9gulateur temporel pour les \u00e9nergies vertes<\/h2>\n\n\n\n<p>\u00c0 quoi sert une telle installation \u00e0 l&rsquo;\u00e9chelle d&rsquo;un pays ? Il convient de pr\u00e9ciser qu&rsquo;une batterie ne produit pas d&rsquo;\u00e9lectricit\u00e9 : elle <strong>g\u00e8re le temps<\/strong>. Dans un syst\u00e8me \u00e9lectrique moderne, la production (souvent solaire \u00e0 la mi-journ\u00e9e) et la consommation (forte en d\u00e9but de soir\u00e9e) sont fr\u00e9quemment en d\u00e9calage.<\/p>\n\n\n\n<p>C&rsquo;est ici qu&rsquo;intervient la <strong>capacit\u00e9 d&rsquo;ajustement<\/strong>. Plut\u00f4t que de brider les parcs \u00e9oliens ou solaires quand ils produisent plus que n\u00e9cessaire, les batteries captent cet exc\u00e9dent. Comme l&rsquo;indique l&rsquo;\u00e9nerg\u00e9ticien, l&rsquo;objectif est de maintenir l&rsquo;<strong>\u00e9quilibre offre-demande<\/strong> tout en limitant la sollicitation des unit\u00e9s thermiques plus co\u00fbteuses lors des pointes de consommation.<\/p>\n\n\n\n<h2 class=\"wp-block-heading\">Maximiser le potentiel renouvelable dans un mix diversifi\u00e9<\/h2>\n\n\n\n<p>L&rsquo;ann\u00e9e 2025 a marqu\u00e9 un basculement en Europe : pour la premi\u00e8re fois, la production d&rsquo;origine \u00e9olienne et solaire (30 %) a d\u00e9pass\u00e9 celle issue des combustibles fossiles (29 %) d&rsquo;apr\u00e8s les chiffres du think tank <strong>Ember<\/strong>. En Belgique, la composition du mix reste plurielle : si les renouvelables progressent, le <strong>nucl\u00e9aire<\/strong> \u2014 \u00e9galement op\u00e9r\u00e9 par ENGIE \u2014 demeure une composante majeure pesant pour environ <strong>34 % de la production<\/strong>.<\/p>\n\n\n\n<p>Dans ce panorama, le <strong>stockage pilotable<\/strong> devient le partenaire indispensable des \u00e9nergies d\u00e9carbon\u00e9es. Hans Bonte, Ministre flamand de l\u2019\u00c9nergie et du Climat, a soulign\u00e9 lors de l&rsquo;\u00e9v\u00e9nement l&rsquo;importance d&rsquo;exploiter ces ressources de mani\u00e8re optimale pour \u00e9viter que de l&rsquo;\u00e9lectricit\u00e9 \u00ab\u00a0bon march\u00e9\u00a0\u00bb ne soit perdue lorsque l&rsquo;offre d\u00e9passe la demande.<\/p>\n\n\n\n<h2 class=\"wp-block-heading\">Un premier bilan hivernal positif<\/h2>\n\n\n\n<p>En pratique, la pertinence du projet se v\u00e9rifie d\u00e9j\u00e0 sur le terrain. Entre son lancement partiel fin 2025 et la c\u00e9r\u00e9monie du 26 janvier dernier, le parc a d\u00e9j\u00e0 r\u00e9alis\u00e9 <strong>50 cycles complets de charge et de d\u00e9charge<\/strong>. ENGIE pr\u00e9cise qu&rsquo;environ <strong>40 gigawattheures (GWh)<\/strong> ont ainsi \u00e9t\u00e9 stock\u00e9s et r\u00e9inject\u00e9s durant les semaines hivernales \u00e9coul\u00e9es.<\/p>\n\n\n\n<p>Cette performance illustre le r\u00f4le du stockage pour soulager le syst\u00e8me. En lissant les pics, Vilvorde r\u00e9duit la n\u00e9cessit\u00e9 de d\u00e9marrer des centrales \u00e0 gaz au co\u00fbt d&rsquo;exploitation \u00e9lev\u00e9, participant ainsi directement \u00e0 la <strong>s\u00e9curit\u00e9 d&rsquo;approvisionnement<\/strong>du pays.<\/p>\n\n\n\n<h2 class=\"wp-block-heading\">De la cendre aux ions de lithium : la m\u00e9tamorphose d&rsquo;un site<\/h2>\n\n\n\n<p>Le choix de Vilvorde est hautement symbolique : \u00e0 la fin des ann\u00e9es 1950, ce site abritait une centrale au charbon. Aujourd&rsquo;hui, il est transform\u00e9 en un <strong>centre de flexibilit\u00e9<\/strong> combinant les batteries avec une centrale au gaz de 264 MW r\u00e9cemment r\u00e9vis\u00e9e. Cette synergie permet de r\u00e9pondre rapidement aux besoins fluctuants du syst\u00e8me \u00e9lectrique.<\/p>\n\n\n\n<p>Pour Vincent Verbeke, CEO d&rsquo;ENGIE Belgium, ce lancement officiel s&rsquo;inscrit dans la strat\u00e9gie <strong>\u00ab\u00a0Energize2030\u00a0\u00bb<\/strong> du groupe, qui vise <strong>500 MW de capacit\u00e9 de batteries en Belgique d&rsquo;ici 2030<\/strong>, avec des projets d\u00e9j\u00e0 confirm\u00e9s \u00e0 Drogenbos et Kallo pour 2027. En 2026, la r\u00e9ussite de la transition \u00e9nerg\u00e9tique d\u00e9pend d\u00e9sormais autant de la capacit\u00e9 \u00e0 piloter l&rsquo;\u00e9lectricit\u00e9 qu&rsquo;\u00e0 la produire.<\/p>\n\n\n\n<p><strong><em>Sources et r\u00e9f\u00e9rences :<\/em><\/strong><\/p>\n\n\n\n<ul class=\"wp-block-list\">\n<li><strong>Communiqu\u00e9 de presse ENGIE Belgium (26\/01\/2026) :<\/strong> <em>Inauguration du parc de batteries de Vilvorde par le Ministre-Pr\u00e9sident flamand.<\/em><\/li>\n\n\n\n<li><strong>ENGIE Newsroom :<\/strong> <em>Fiche technique et calendrier du projet de stockage de Vilvorde.<\/em><\/li>\n\n\n\n<li><strong>Tecsol :<\/strong> <em>Analyse du mix \u00e9lectrique belge et europ\u00e9en 2025 (Donn\u00e9es Elia \/ Ember).<\/em><\/li>\n\n\n\n<li><strong>PV Magazine :<\/strong> <em>Full commissioning of the 200 MW\/800 MWh BESS in Vilvoorde.<\/em><\/li>\n<\/ul>\n","protected":false},"excerpt":{"rendered":"","protected":false},"author":2,"featured_media":305,"comment_status":"closed","ping_status":"closed","sticky":false,"template":"","format":"standard","meta":{"footnotes":""},"categories":[1],"tags":[],"class_list":["post-302","post","type-post","status-publish","format-standard","has-post-thumbnail","hentry","category-energies","masonry-post","generate-columns","tablet-grid-50","mobile-grid-100","grid-parent","grid-33"],"yoast_head":"<!-- This site is optimized with the Yoast SEO plugin v26.6 - https:\/\/yoast.com\/wordpress\/plugins\/seo\/ -->\n<title>Batteries g\u00e9antes en Belgique : comment Vilvorde aide l\u2019\u00e9olien et le solaire - ECOinfos<\/title>\n<meta name=\"description\" content=\"D\u00e9couvrez le nouveau parc de batteries d&#039;ENGIE \u00e0 Vilvorde : 800 MWh pour stabiliser le r\u00e9seau belge et acc\u00e9l\u00e9rer l&#039;int\u00e9gration du solaire et de l&#039;\u00e9olien en 2026.\" \/>\n<meta name=\"robots\" content=\"index, follow, max-snippet:-1, max-image-preview:large, max-video-preview:-1\" \/>\n<link rel=\"canonical\" href=\"https:\/\/www.les-energies-renouvelables.eu\/article\/actualites\/energies\/batteries-geantes-en-belgique-comment-vilvorde-aide-leolien-et-le-solaire-302\/\" \/>\n<meta property=\"og:locale\" content=\"fr_FR\" \/>\n<meta property=\"og:type\" content=\"article\" \/>\n<meta property=\"og:title\" content=\"Batteries g\u00e9antes en Belgique : comment Vilvorde aide l\u2019\u00e9olien et le solaire - ECOinfos\" \/>\n<meta property=\"og:description\" content=\"D\u00e9couvrez le nouveau parc de batteries d&#039;ENGIE \u00e0 Vilvorde : 800 MWh pour stabiliser le r\u00e9seau belge et acc\u00e9l\u00e9rer l&#039;int\u00e9gration du solaire et de l&#039;\u00e9olien en 2026.\" \/>\n<meta property=\"og:url\" content=\"https:\/\/www.les-energies-renouvelables.eu\/article\/actualites\/energies\/batteries-geantes-en-belgique-comment-vilvorde-aide-leolien-et-le-solaire-302\/\" \/>\n<meta property=\"og:site_name\" content=\"ECOinfos Energies renouvelables\" \/>\n<meta property=\"article:publisher\" content=\"https:\/\/www.facebook.com\/ecoannuaire.energierenouvelable\/\" \/>\n<meta property=\"article:author\" content=\"https:\/\/www.facebook.com\/tictacf2c\/\" \/>\n<meta property=\"article:published_time\" content=\"2026-02-02T07:00:00+00:00\" \/>\n<meta property=\"og:image\" content=\"https:\/\/www.les-energies-renouvelables.eu\/article\/actualites\/wp-content\/uploads\/2026\/02\/actualites-batteries-geantes-en-belgique-comment-vilvorde-aide-leolien-et-le-solaire-parc-de-batteries-vilvorde-engie.jpg\" \/>\n\t<meta property=\"og:image:width\" content=\"1200\" \/>\n\t<meta property=\"og:image:height\" content=\"675\" \/>\n\t<meta property=\"og:image:type\" content=\"image\/jpeg\" \/>\n<meta name=\"author\" content=\"Alexia JACQUARD\" \/>\n<meta name=\"twitter:card\" content=\"summary_large_image\" \/>\n<meta name=\"twitter:creator\" content=\"@alexiajcrd\" \/>\n<meta name=\"twitter:site\" content=\"@ECOinfosENR\" \/>\n<meta name=\"twitter:label1\" content=\"\u00c9crit par\" \/>\n\t<meta name=\"twitter:data1\" content=\"Alexia JACQUARD\" \/>\n\t<meta name=\"twitter:label2\" content=\"Dur\u00e9e de lecture estim\u00e9e\" \/>\n\t<meta name=\"twitter:data2\" content=\"5 minutes\" \/>\n<script type=\"application\/ld+json\" class=\"yoast-schema-graph\">{\"@context\":\"https:\/\/schema.org\",\"@graph\":[{\"@type\":\"Article\",\"@id\":\"https:\/\/www.les-energies-renouvelables.eu\/article\/actualites\/energies\/batteries-geantes-en-belgique-comment-vilvorde-aide-leolien-et-le-solaire-302\/#article\",\"isPartOf\":{\"@id\":\"https:\/\/www.les-energies-renouvelables.eu\/article\/actualites\/energies\/batteries-geantes-en-belgique-comment-vilvorde-aide-leolien-et-le-solaire-302\/\"},\"author\":{\"name\":\"Alexia JACQUARD\",\"@id\":\"https:\/\/www.les-energies-renouvelables.eu\/article\/actualites\/#\/schema\/person\/2c7d09eb5ca339c12ca8d86145440169\"},\"headline\":\"Batteries g\u00e9antes en Belgique : comment Vilvorde aide l\u2019\u00e9olien et le solaire\",\"datePublished\":\"2026-02-02T07:00:00+00:00\",\"mainEntityOfPage\":{\"@id\":\"https:\/\/www.les-energies-renouvelables.eu\/article\/actualites\/energies\/batteries-geantes-en-belgique-comment-vilvorde-aide-leolien-et-le-solaire-302\/\"},\"wordCount\":910,\"publisher\":{\"@id\":\"https:\/\/www.les-energies-renouvelables.eu\/article\/actualites\/#organization\"},\"image\":{\"@id\":\"https:\/\/www.les-energies-renouvelables.eu\/article\/actualites\/energies\/batteries-geantes-en-belgique-comment-vilvorde-aide-leolien-et-le-solaire-302\/#primaryimage\"},\"thumbnailUrl\":\"https:\/\/www.les-energies-renouvelables.eu\/article\/actualites\/wp-content\/uploads\/2026\/02\/actualites-batteries-geantes-en-belgique-comment-vilvorde-aide-leolien-et-le-solaire-parc-de-batteries-vilvorde-engie.jpg\",\"articleSection\":[\"\u00c9nergies\"],\"inLanguage\":\"fr-FR\"},{\"@type\":\"WebPage\",\"@id\":\"https:\/\/www.les-energies-renouvelables.eu\/article\/actualites\/energies\/batteries-geantes-en-belgique-comment-vilvorde-aide-leolien-et-le-solaire-302\/\",\"url\":\"https:\/\/www.les-energies-renouvelables.eu\/article\/actualites\/energies\/batteries-geantes-en-belgique-comment-vilvorde-aide-leolien-et-le-solaire-302\/\",\"name\":\"Batteries g\u00e9antes en Belgique : comment Vilvorde aide l\u2019\u00e9olien et le solaire - ECOinfos\",\"isPartOf\":{\"@id\":\"https:\/\/www.les-energies-renouvelables.eu\/article\/actualites\/#website\"},\"primaryImageOfPage\":{\"@id\":\"https:\/\/www.les-energies-renouvelables.eu\/article\/actualites\/energies\/batteries-geantes-en-belgique-comment-vilvorde-aide-leolien-et-le-solaire-302\/#primaryimage\"},\"image\":{\"@id\":\"https:\/\/www.les-energies-renouvelables.eu\/article\/actualites\/energies\/batteries-geantes-en-belgique-comment-vilvorde-aide-leolien-et-le-solaire-302\/#primaryimage\"},\"thumbnailUrl\":\"https:\/\/www.les-energies-renouvelables.eu\/article\/actualites\/wp-content\/uploads\/2026\/02\/actualites-batteries-geantes-en-belgique-comment-vilvorde-aide-leolien-et-le-solaire-parc-de-batteries-vilvorde-engie.jpg\",\"datePublished\":\"2026-02-02T07:00:00+00:00\",\"description\":\"D\u00e9couvrez le nouveau parc de batteries d'ENGIE \u00e0 Vilvorde : 800 MWh pour stabiliser le r\u00e9seau belge et acc\u00e9l\u00e9rer l'int\u00e9gration du solaire et de l'\u00e9olien en 2026.\",\"breadcrumb\":{\"@id\":\"https:\/\/www.les-energies-renouvelables.eu\/article\/actualites\/energies\/batteries-geantes-en-belgique-comment-vilvorde-aide-leolien-et-le-solaire-302\/#breadcrumb\"},\"inLanguage\":\"fr-FR\",\"potentialAction\":[{\"@type\":\"ReadAction\",\"target\":[\"https:\/\/www.les-energies-renouvelables.eu\/article\/actualites\/energies\/batteries-geantes-en-belgique-comment-vilvorde-aide-leolien-et-le-solaire-302\/\"]}]},{\"@type\":\"ImageObject\",\"inLanguage\":\"fr-FR\",\"@id\":\"https:\/\/www.les-energies-renouvelables.eu\/article\/actualites\/energies\/batteries-geantes-en-belgique-comment-vilvorde-aide-leolien-et-le-solaire-302\/#primaryimage\",\"url\":\"https:\/\/www.les-energies-renouvelables.eu\/article\/actualites\/wp-content\/uploads\/2026\/02\/actualites-batteries-geantes-en-belgique-comment-vilvorde-aide-leolien-et-le-solaire-parc-de-batteries-vilvorde-engie.jpg\",\"contentUrl\":\"https:\/\/www.les-energies-renouvelables.eu\/article\/actualites\/wp-content\/uploads\/2026\/02\/actualites-batteries-geantes-en-belgique-comment-vilvorde-aide-leolien-et-le-solaire-parc-de-batteries-vilvorde-engie.jpg\",\"width\":1200,\"height\":675,\"caption\":\"Dall-E\"},{\"@type\":\"BreadcrumbList\",\"@id\":\"https:\/\/www.les-energies-renouvelables.eu\/article\/actualites\/energies\/batteries-geantes-en-belgique-comment-vilvorde-aide-leolien-et-le-solaire-302\/#breadcrumb\",\"itemListElement\":[{\"@type\":\"ListItem\",\"position\":1,\"name\":\"Accueil\",\"item\":\"https:\/\/www.les-energies-renouvelables.eu\/article\/actualites\/\"},{\"@type\":\"ListItem\",\"position\":2,\"name\":\"Batteries g\u00e9antes en Belgique : comment Vilvorde aide l\u2019\u00e9olien et le solaire\"}]},{\"@type\":\"WebSite\",\"@id\":\"https:\/\/www.les-energies-renouvelables.eu\/article\/actualites\/#website\",\"url\":\"https:\/\/www.les-energies-renouvelables.eu\/article\/actualites\/\",\"name\":\"ECOinfos Energies renouvelables\",\"description\":\"Le d\u00e9cryptage quotidien du secteur des \u00e9nergies renouvelables\",\"publisher\":{\"@id\":\"https:\/\/www.les-energies-renouvelables.eu\/article\/actualites\/#organization\"},\"potentialAction\":[{\"@type\":\"SearchAction\",\"target\":{\"@type\":\"EntryPoint\",\"urlTemplate\":\"https:\/\/www.les-energies-renouvelables.eu\/article\/actualites\/?s={search_term_string}\"},\"query-input\":{\"@type\":\"PropertyValueSpecification\",\"valueRequired\":true,\"valueName\":\"search_term_string\"}}],\"inLanguage\":\"fr-FR\"},{\"@type\":\"Organization\",\"@id\":\"https:\/\/www.les-energies-renouvelables.eu\/article\/actualites\/#organization\",\"name\":\"ECOinfos Energies renouvelables\",\"url\":\"https:\/\/www.les-energies-renouvelables.eu\/article\/actualites\/\",\"logo\":{\"@type\":\"ImageObject\",\"inLanguage\":\"fr-FR\",\"@id\":\"https:\/\/www.les-energies-renouvelables.eu\/article\/actualites\/#\/schema\/logo\/image\/\",\"url\":\"https:\/\/www.les-energies-renouvelables.eu\/article\/actualites\/wp-content\/uploads\/2025\/11\/ecoinfos.eldorado-consulting.com-logo-logo.svg\",\"contentUrl\":\"https:\/\/www.les-energies-renouvelables.eu\/article\/actualites\/wp-content\/uploads\/2025\/11\/ecoinfos.eldorado-consulting.com-logo-logo.svg\",\"caption\":\"ECOinfos Energies renouvelables\"},\"image\":{\"@id\":\"https:\/\/www.les-energies-renouvelables.eu\/article\/actualites\/#\/schema\/logo\/image\/\"},\"sameAs\":[\"https:\/\/www.facebook.com\/ecoannuaire.energierenouvelable\/\",\"https:\/\/x.com\/ECOinfosENR\",\"https:\/\/www.linkedin.com\/company\/ecoinfos-energies-renouvelables\/\",\"https:\/\/www.youtube.com\/@ecoinfosenergies\",\"https:\/\/share.google\/dyKHJPxAV42WhhjbM\"]},{\"@type\":\"Person\",\"@id\":\"https:\/\/www.les-energies-renouvelables.eu\/article\/actualites\/#\/schema\/person\/2c7d09eb5ca339c12ca8d86145440169\",\"name\":\"Alexia JACQUARD\",\"pronouns\":\"elle\/elle\",\"image\":{\"@type\":\"ImageObject\",\"inLanguage\":\"fr-FR\",\"@id\":\"https:\/\/www.les-energies-renouvelables.eu\/article\/actualites\/#\/schema\/person\/image\/\",\"url\":\"https:\/\/www.les-energies-renouvelables.eu\/article\/actualites\/wp-content\/uploads\/2026\/01\/actualites-alexia-jacquard-alexia-jacquard-160x160.jpg\",\"contentUrl\":\"https:\/\/www.les-energies-renouvelables.eu\/article\/actualites\/wp-content\/uploads\/2026\/01\/actualites-alexia-jacquard-alexia-jacquard-160x160.jpg\",\"caption\":\"Alexia JACQUARD\"},\"description\":\"Curieuse de nature et attentif aux enjeux du d\u00e9veloppement durable, Alexia Jacquard suit l'actualit\u00e9 des \u00e9nergies renouvelables pour partager les derni\u00e8res nouveaut\u00e9s du secteur. Elle s'attache \u00e0 retranscrire simplement les informations cl\u00e9s et les initiatives positives qui marquent la transition \u00e9nerg\u00e9tique. Son objectif : proposer des articles d'actualit\u00e9 clairs et accessibles pour tous ceux qui s'int\u00e9ressent \u00e0 l'avenir de notre \u00e9nergie.\",\"sameAs\":[\"https:\/\/alexia-jacquard.fr\",\"https:\/\/www.facebook.com\/tictacf2c\/\",\"https:\/\/www.instagram.com\/alexia_redac\/\",\"https:\/\/www.linkedin.com\/in\/alexia-jacquard-449a4b289\/\",\"https:\/\/fr.pinterest.com\/alexiajacquard\/\",\"https:\/\/x.com\/alexiajcrd\",\"https:\/\/www.youtube.com\/@Thepaindemie\",\"https:\/\/muckrack.com\/alexia-jacquard\"],\"url\":\"https:\/\/www.les-energies-renouvelables.eu\/article\/actualites\/author\/alexia-jacquard\/\"}]}<\/script>\n<!-- \/ Yoast SEO plugin. -->","yoast_head_json":{"title":"Batteries g\u00e9antes en Belgique : comment Vilvorde aide l\u2019\u00e9olien et le solaire - ECOinfos","description":"D\u00e9couvrez le nouveau parc de batteries d'ENGIE \u00e0 Vilvorde : 800 MWh pour stabiliser le r\u00e9seau belge et acc\u00e9l\u00e9rer l'int\u00e9gration du solaire et de l'\u00e9olien en 2026.","robots":{"index":"index","follow":"follow","max-snippet":"max-snippet:-1","max-image-preview":"max-image-preview:large","max-video-preview":"max-video-preview:-1"},"canonical":"https:\/\/www.les-energies-renouvelables.eu\/article\/actualites\/energies\/batteries-geantes-en-belgique-comment-vilvorde-aide-leolien-et-le-solaire-302\/","og_locale":"fr_FR","og_type":"article","og_title":"Batteries g\u00e9antes en Belgique : comment Vilvorde aide l\u2019\u00e9olien et le solaire - ECOinfos","og_description":"D\u00e9couvrez le nouveau parc de batteries d'ENGIE \u00e0 Vilvorde : 800 MWh pour stabiliser le r\u00e9seau belge et acc\u00e9l\u00e9rer l'int\u00e9gration du solaire et de l'\u00e9olien en 2026.","og_url":"https:\/\/www.les-energies-renouvelables.eu\/article\/actualites\/energies\/batteries-geantes-en-belgique-comment-vilvorde-aide-leolien-et-le-solaire-302\/","og_site_name":"ECOinfos Energies renouvelables","article_publisher":"https:\/\/www.facebook.com\/ecoannuaire.energierenouvelable\/","article_author":"https:\/\/www.facebook.com\/tictacf2c\/","article_published_time":"2026-02-02T07:00:00+00:00","og_image":[{"width":1200,"height":675,"url":"https:\/\/www.les-energies-renouvelables.eu\/article\/actualites\/wp-content\/uploads\/2026\/02\/actualites-batteries-geantes-en-belgique-comment-vilvorde-aide-leolien-et-le-solaire-parc-de-batteries-vilvorde-engie.jpg","type":"image\/jpeg"}],"author":"Alexia JACQUARD","twitter_card":"summary_large_image","twitter_creator":"@alexiajcrd","twitter_site":"@ECOinfosENR","twitter_misc":{"\u00c9crit par":"Alexia JACQUARD","Dur\u00e9e de lecture estim\u00e9e":"5 minutes"},"schema":{"@context":"https:\/\/schema.org","@graph":[{"@type":"Article","@id":"https:\/\/www.les-energies-renouvelables.eu\/article\/actualites\/energies\/batteries-geantes-en-belgique-comment-vilvorde-aide-leolien-et-le-solaire-302\/#article","isPartOf":{"@id":"https:\/\/www.les-energies-renouvelables.eu\/article\/actualites\/energies\/batteries-geantes-en-belgique-comment-vilvorde-aide-leolien-et-le-solaire-302\/"},"author":{"name":"Alexia JACQUARD","@id":"https:\/\/www.les-energies-renouvelables.eu\/article\/actualites\/#\/schema\/person\/2c7d09eb5ca339c12ca8d86145440169"},"headline":"Batteries g\u00e9antes en Belgique : comment Vilvorde aide l\u2019\u00e9olien et le solaire","datePublished":"2026-02-02T07:00:00+00:00","mainEntityOfPage":{"@id":"https:\/\/www.les-energies-renouvelables.eu\/article\/actualites\/energies\/batteries-geantes-en-belgique-comment-vilvorde-aide-leolien-et-le-solaire-302\/"},"wordCount":910,"publisher":{"@id":"https:\/\/www.les-energies-renouvelables.eu\/article\/actualites\/#organization"},"image":{"@id":"https:\/\/www.les-energies-renouvelables.eu\/article\/actualites\/energies\/batteries-geantes-en-belgique-comment-vilvorde-aide-leolien-et-le-solaire-302\/#primaryimage"},"thumbnailUrl":"https:\/\/www.les-energies-renouvelables.eu\/article\/actualites\/wp-content\/uploads\/2026\/02\/actualites-batteries-geantes-en-belgique-comment-vilvorde-aide-leolien-et-le-solaire-parc-de-batteries-vilvorde-engie.jpg","articleSection":["\u00c9nergies"],"inLanguage":"fr-FR"},{"@type":"WebPage","@id":"https:\/\/www.les-energies-renouvelables.eu\/article\/actualites\/energies\/batteries-geantes-en-belgique-comment-vilvorde-aide-leolien-et-le-solaire-302\/","url":"https:\/\/www.les-energies-renouvelables.eu\/article\/actualites\/energies\/batteries-geantes-en-belgique-comment-vilvorde-aide-leolien-et-le-solaire-302\/","name":"Batteries g\u00e9antes en Belgique : comment Vilvorde aide l\u2019\u00e9olien et le solaire - ECOinfos","isPartOf":{"@id":"https:\/\/www.les-energies-renouvelables.eu\/article\/actualites\/#website"},"primaryImageOfPage":{"@id":"https:\/\/www.les-energies-renouvelables.eu\/article\/actualites\/energies\/batteries-geantes-en-belgique-comment-vilvorde-aide-leolien-et-le-solaire-302\/#primaryimage"},"image":{"@id":"https:\/\/www.les-energies-renouvelables.eu\/article\/actualites\/energies\/batteries-geantes-en-belgique-comment-vilvorde-aide-leolien-et-le-solaire-302\/#primaryimage"},"thumbnailUrl":"https:\/\/www.les-energies-renouvelables.eu\/article\/actualites\/wp-content\/uploads\/2026\/02\/actualites-batteries-geantes-en-belgique-comment-vilvorde-aide-leolien-et-le-solaire-parc-de-batteries-vilvorde-engie.jpg","datePublished":"2026-02-02T07:00:00+00:00","description":"D\u00e9couvrez le nouveau parc de batteries d'ENGIE \u00e0 Vilvorde : 800 MWh pour stabiliser le r\u00e9seau belge et acc\u00e9l\u00e9rer l'int\u00e9gration du solaire et de l'\u00e9olien en 2026.","breadcrumb":{"@id":"https:\/\/www.les-energies-renouvelables.eu\/article\/actualites\/energies\/batteries-geantes-en-belgique-comment-vilvorde-aide-leolien-et-le-solaire-302\/#breadcrumb"},"inLanguage":"fr-FR","potentialAction":[{"@type":"ReadAction","target":["https:\/\/www.les-energies-renouvelables.eu\/article\/actualites\/energies\/batteries-geantes-en-belgique-comment-vilvorde-aide-leolien-et-le-solaire-302\/"]}]},{"@type":"ImageObject","inLanguage":"fr-FR","@id":"https:\/\/www.les-energies-renouvelables.eu\/article\/actualites\/energies\/batteries-geantes-en-belgique-comment-vilvorde-aide-leolien-et-le-solaire-302\/#primaryimage","url":"https:\/\/www.les-energies-renouvelables.eu\/article\/actualites\/wp-content\/uploads\/2026\/02\/actualites-batteries-geantes-en-belgique-comment-vilvorde-aide-leolien-et-le-solaire-parc-de-batteries-vilvorde-engie.jpg","contentUrl":"https:\/\/www.les-energies-renouvelables.eu\/article\/actualites\/wp-content\/uploads\/2026\/02\/actualites-batteries-geantes-en-belgique-comment-vilvorde-aide-leolien-et-le-solaire-parc-de-batteries-vilvorde-engie.jpg","width":1200,"height":675,"caption":"Dall-E"},{"@type":"BreadcrumbList","@id":"https:\/\/www.les-energies-renouvelables.eu\/article\/actualites\/energies\/batteries-geantes-en-belgique-comment-vilvorde-aide-leolien-et-le-solaire-302\/#breadcrumb","itemListElement":[{"@type":"ListItem","position":1,"name":"Accueil","item":"https:\/\/www.les-energies-renouvelables.eu\/article\/actualites\/"},{"@type":"ListItem","position":2,"name":"Batteries g\u00e9antes en Belgique : comment Vilvorde aide l\u2019\u00e9olien et le solaire"}]},{"@type":"WebSite","@id":"https:\/\/www.les-energies-renouvelables.eu\/article\/actualites\/#website","url":"https:\/\/www.les-energies-renouvelables.eu\/article\/actualites\/","name":"ECOinfos Energies renouvelables","description":"Le d\u00e9cryptage quotidien du secteur des \u00e9nergies renouvelables","publisher":{"@id":"https:\/\/www.les-energies-renouvelables.eu\/article\/actualites\/#organization"},"potentialAction":[{"@type":"SearchAction","target":{"@type":"EntryPoint","urlTemplate":"https:\/\/www.les-energies-renouvelables.eu\/article\/actualites\/?s={search_term_string}"},"query-input":{"@type":"PropertyValueSpecification","valueRequired":true,"valueName":"search_term_string"}}],"inLanguage":"fr-FR"},{"@type":"Organization","@id":"https:\/\/www.les-energies-renouvelables.eu\/article\/actualites\/#organization","name":"ECOinfos Energies renouvelables","url":"https:\/\/www.les-energies-renouvelables.eu\/article\/actualites\/","logo":{"@type":"ImageObject","inLanguage":"fr-FR","@id":"https:\/\/www.les-energies-renouvelables.eu\/article\/actualites\/#\/schema\/logo\/image\/","url":"https:\/\/www.les-energies-renouvelables.eu\/article\/actualites\/wp-content\/uploads\/2025\/11\/ecoinfos.eldorado-consulting.com-logo-logo.svg","contentUrl":"https:\/\/www.les-energies-renouvelables.eu\/article\/actualites\/wp-content\/uploads\/2025\/11\/ecoinfos.eldorado-consulting.com-logo-logo.svg","caption":"ECOinfos Energies renouvelables"},"image":{"@id":"https:\/\/www.les-energies-renouvelables.eu\/article\/actualites\/#\/schema\/logo\/image\/"},"sameAs":["https:\/\/www.facebook.com\/ecoannuaire.energierenouvelable\/","https:\/\/x.com\/ECOinfosENR","https:\/\/www.linkedin.com\/company\/ecoinfos-energies-renouvelables\/","https:\/\/www.youtube.com\/@ecoinfosenergies","https:\/\/share.google\/dyKHJPxAV42WhhjbM"]},{"@type":"Person","@id":"https:\/\/www.les-energies-renouvelables.eu\/article\/actualites\/#\/schema\/person\/2c7d09eb5ca339c12ca8d86145440169","name":"Alexia JACQUARD","pronouns":"elle\/elle","image":{"@type":"ImageObject","inLanguage":"fr-FR","@id":"https:\/\/www.les-energies-renouvelables.eu\/article\/actualites\/#\/schema\/person\/image\/","url":"https:\/\/www.les-energies-renouvelables.eu\/article\/actualites\/wp-content\/uploads\/2026\/01\/actualites-alexia-jacquard-alexia-jacquard-160x160.jpg","contentUrl":"https:\/\/www.les-energies-renouvelables.eu\/article\/actualites\/wp-content\/uploads\/2026\/01\/actualites-alexia-jacquard-alexia-jacquard-160x160.jpg","caption":"Alexia JACQUARD"},"description":"Curieuse de nature et attentif aux enjeux du d\u00e9veloppement durable, Alexia Jacquard suit l'actualit\u00e9 des \u00e9nergies renouvelables pour partager les derni\u00e8res nouveaut\u00e9s du secteur. Elle s'attache \u00e0 retranscrire simplement les informations cl\u00e9s et les initiatives positives qui marquent la transition \u00e9nerg\u00e9tique. Son objectif : proposer des articles d'actualit\u00e9 clairs et accessibles pour tous ceux qui s'int\u00e9ressent \u00e0 l'avenir de notre \u00e9nergie.","sameAs":["https:\/\/alexia-jacquard.fr","https:\/\/www.facebook.com\/tictacf2c\/","https:\/\/www.instagram.com\/alexia_redac\/","https:\/\/www.linkedin.com\/in\/alexia-jacquard-449a4b289\/","https:\/\/fr.pinterest.com\/alexiajacquard\/","https:\/\/x.com\/alexiajcrd","https:\/\/www.youtube.com\/@Thepaindemie","https:\/\/muckrack.com\/alexia-jacquard"],"url":"https:\/\/www.les-energies-renouvelables.eu\/article\/actualites\/author\/alexia-jacquard\/"}]}},"_links":{"self":[{"href":"https:\/\/www.les-energies-renouvelables.eu\/article\/actualites\/wp-json\/wp\/v2\/posts\/302","targetHints":{"allow":["GET"]}}],"collection":[{"href":"https:\/\/www.les-energies-renouvelables.eu\/article\/actualites\/wp-json\/wp\/v2\/posts"}],"about":[{"href":"https:\/\/www.les-energies-renouvelables.eu\/article\/actualites\/wp-json\/wp\/v2\/types\/post"}],"author":[{"embeddable":true,"href":"https:\/\/www.les-energies-renouvelables.eu\/article\/actualites\/wp-json\/wp\/v2\/users\/2"}],"replies":[{"embeddable":true,"href":"https:\/\/www.les-energies-renouvelables.eu\/article\/actualites\/wp-json\/wp\/v2\/comments?post=302"}],"version-history":[{"count":1,"href":"https:\/\/www.les-energies-renouvelables.eu\/article\/actualites\/wp-json\/wp\/v2\/posts\/302\/revisions"}],"predecessor-version":[{"id":303,"href":"https:\/\/www.les-energies-renouvelables.eu\/article\/actualites\/wp-json\/wp\/v2\/posts\/302\/revisions\/303"}],"wp:featuredmedia":[{"embeddable":true,"href":"https:\/\/www.les-energies-renouvelables.eu\/article\/actualites\/wp-json\/wp\/v2\/media\/305"}],"wp:attachment":[{"href":"https:\/\/www.les-energies-renouvelables.eu\/article\/actualites\/wp-json\/wp\/v2\/media?parent=302"}],"wp:term":[{"taxonomy":"category","embeddable":true,"href":"https:\/\/www.les-energies-renouvelables.eu\/article\/actualites\/wp-json\/wp\/v2\/categories?post=302"},{"taxonomy":"post_tag","embeddable":true,"href":"https:\/\/www.les-energies-renouvelables.eu\/article\/actualites\/wp-json\/wp\/v2\/tags?post=302"}],"curies":[{"name":"wp","href":"https:\/\/api.w.org\/{rel}","templated":true}]}}