{"id":297,"date":"2026-01-31T20:43:08","date_gmt":"2026-01-31T19:43:08","guid":{"rendered":"https:\/\/www.les-energies-renouvelables.eu\/article\/actualites\/?p=297"},"modified":"2026-01-30T11:30:23","modified_gmt":"2026-01-30T10:30:23","slug":"stockage-leurope-vise-un-autre-ordre-de-grandeur-dici-2030","status":"publish","type":"post","link":"https:\/\/www.les-energies-renouvelables.eu\/article\/actualites\/energies\/stockage-leurope-vise-un-autre-ordre-de-grandeur-dici-2030-297\/","title":{"rendered":"Stockage : l\u2019Europe vise un autre ordre de grandeur d\u2019ici 2030"},"content":{"rendered":"\n<p>R\u00e9sum\u00e9 :&nbsp;<\/p>\n\n\n\n<ul class=\"wp-block-list\">\n<li><strong>27,1 GWh<\/strong> de batteries install\u00e9es en 2025, soit <strong>+45 % sur un an<\/strong><\/li>\n\n\n\n<li>Les projets <strong>utility-scale<\/strong> repr\u00e9sentent <strong>55 %<\/strong> des nouvelles capacit\u00e9s<\/li>\n\n\n\n<li>Le parc europ\u00e9en atteint <strong>77,3 GWh<\/strong>, contre 7,8 GWh en 2021<\/li>\n\n\n\n<li><strong>Allemagne, Italie, Bulgarie, Pays-Bas et Espagne<\/strong> concentrent <strong>63 %<\/strong> des capacit\u00e9s ajout\u00e9es en 2025<\/li>\n<\/ul>\n\n\n\n<p>Selon les donn\u00e9es publi\u00e9es par SolarPower Europe, l\u2019Union europ\u00e9enne a donc ajout\u00e9 27,1 GWh de stockage par batterie en 2025. Derri\u00e8re ce chiffre, une \u00e9volution structurelle se dessine : le r\u00e9sidentiel reste pr\u00e9sent, mais la dynamique est d\u00e9sormais port\u00e9e par des projets industriels raccord\u00e9s directement au r\u00e9seau.<\/p>\n\n\n\n<p>Pour la premi\u00e8re fois, les installations dites \u00ab utility-scale \u00bb deviennent le principal moteur du march\u00e9. Elles concentrent plus de la moiti\u00e9 des capacit\u00e9s mises en service sur l\u2019ann\u00e9e. L\u2019Allemagne et l\u2019Italie restent en t\u00eate, mais la pr\u00e9sence de pays comme la Bulgarie dans le classement illustre un \u00e9largissement du march\u00e9 au-del\u00e0 des \u00c9tats historiquement les plus \u00e9quip\u00e9s.<\/p>\n\n\n\n<h2 class=\"wp-block-heading\">G\u00e9rer l\u2019abondance devient un enjeu central<\/h2>\n\n\n\n<p>La question n\u2019est plus seulement de produire davantage d\u2019\u00e9lectricit\u00e9 renouvelable, mais de savoir quoi en faire au bon moment. En 2025, la production solaire europ\u00e9enne a atteint <strong>369 TWh<\/strong>, un record selon Ember. Une production concentr\u00e9e sur certaines heures de la journ\u00e9e, qui accentue les d\u00e9s\u00e9quilibres entre offre et demande.<\/p>\n\n\n\n<p>Dans ce contexte, les batteries jouent un r\u00f4le d\u2019ajustement :<\/p>\n\n\n\n<ul class=\"wp-block-list\">\n<li>Elles absorbent une partie du surplus solaire produit en milieu de journ\u00e9e, pour le restituer lors des pointes de consommation du soir.<\/li>\n\n\n\n<li>Elles peuvent limiter le recours aux centrales \u00e0 gaz utilis\u00e9es en appoint lors des pics de demande.<\/li>\n\n\n\n<li>Elles contribuent \u00e0 la stabilit\u00e9 du r\u00e9seau en r\u00e9agissant rapidement aux variations de charge, sans opposer les diff\u00e9rentes sources de production.<\/li>\n<\/ul>\n\n\n\n<h2 class=\"wp-block-heading\">Un objectif 2030 encore lointain<\/h2>\n\n\n\n<p>Malgr\u00e9 cette acc\u00e9l\u00e9ration, l\u2019\u00e9cart reste important entre le parc actuel et les besoins \u00e0 moyen terme. Avec <strong>77,3 GWh install\u00e9s fin 2025<\/strong>, l\u2019Union europ\u00e9enne reste loin de l\u2019ordre de grandeur n\u00e9cessaire pour accompagner la mont\u00e9e en puissance des \u00e9nergies renouvelables.<\/p>\n\n\n\n<p>Selon SolarPower Europe, les trajectoires actuelles mettent en perspective un besoin d\u2019environ <strong>750 GWh de stockage<\/strong> \u00e0 l\u2019horizon 2030. Atteindre ce niveau suppose toutefois un cadre favorable. Le d\u00e9ploiement du stockage d\u00e9pend encore largement :<\/p>\n\n\n\n<ul class=\"wp-block-list\">\n<li>des proc\u00e9dures d\u2019autorisation, en particulier pour les projets combinant production renouvelable et batteries ;<\/li>\n\n\n\n<li>des r\u00e8gles de march\u00e9 et des m\u00e9canismes tarifaires permettant de valoriser les services rendus au r\u00e9seau ;<\/li>\n\n\n\n<li>de la capacit\u00e9 des infrastructures \u00e9lectriques \u00e0 accueillir ces nouveaux actifs.<\/li>\n<\/ul>\n\n\n\n<h2 class=\"wp-block-heading\">Un enjeu industriel \u00e0 ne pas n\u00e9gliger<\/h2>\n\n\n\n<p>La question n\u2019est pas uniquement \u00e9nerg\u00e9tique. Si l\u2019Europe dispose d\u2019une capacit\u00e9 de production de cellules estim\u00e9e \u00e0 <strong>252 GWh<\/strong>, celle-ci reste aujourd\u2019hui principalement tourn\u00e9e vers l\u2019automobile. Le d\u00e9veloppement d\u2019une fili\u00e8re d\u00e9di\u00e9e au stockage stationnaire appara\u00eet de plus en plus comme un levier de s\u00e9curisation de la transition \u00e9nerg\u00e9tique.<\/p>\n\n\n\n<p>La transition \u00e9nerg\u00e9tique europ\u00e9enne ne se r\u00e9sume plus \u00e0 additionner des capacit\u00e9s de production. Elle repose aussi sur la capacit\u00e9 du syst\u00e8me \u00e0 absorber des volumes variables d\u2019\u00e9lectricit\u00e9, au bon moment.<\/p>\n\n\n\n<p>Le stockage par batteries n\u2019est ni une solution unique ni une r\u00e9ponse automatique. Il s\u2019impose en revanche comme un outil structurant, appel\u00e9 \u00e0 prendre une place croissante aux c\u00f4t\u00e9s des \u00e9nergies renouvelables. D\u00e9sormais, la flexibilit\u00e9 devient un param\u00e8tre aussi d\u00e9terminant que les m\u00e9gawatts install\u00e9s.<\/p>\n","protected":false},"excerpt":{"rendered":"","protected":false},"author":2,"featured_media":299,"comment_status":"closed","ping_status":"closed","sticky":false,"template":"","format":"standard","meta":{"footnotes":""},"categories":[1],"tags":[],"class_list":["post-297","post","type-post","status-publish","format-standard","has-post-thumbnail","hentry","category-energies","masonry-post","generate-columns","tablet-grid-50","mobile-grid-100","grid-parent","grid-33"],"yoast_head":"<!-- This site is optimized with the Yoast SEO plugin v26.6 - https:\/\/yoast.com\/wordpress\/plugins\/seo\/ -->\n<title>Stockage : l\u2019Europe vise un autre ordre de grandeur d\u2019ici 2030 - ECOinfos<\/title>\n<meta name=\"description\" content=\"En 2025, l\u2019UE a install\u00e9 27,1 GWh de batteries (+45%). Le stockage bascule vers les grands projets et devient cl\u00e9 pour int\u00e9grer solaire et \u00e9olien.\" \/>\n<meta name=\"robots\" content=\"index, follow, max-snippet:-1, max-image-preview:large, max-video-preview:-1\" \/>\n<link rel=\"canonical\" href=\"https:\/\/www.les-energies-renouvelables.eu\/article\/actualites\/energies\/stockage-leurope-vise-un-autre-ordre-de-grandeur-dici-2030-297\/\" \/>\n<meta property=\"og:locale\" content=\"fr_FR\" \/>\n<meta property=\"og:type\" content=\"article\" \/>\n<meta property=\"og:title\" content=\"Stockage : l\u2019Europe vise un autre ordre de grandeur d\u2019ici 2030 - ECOinfos\" \/>\n<meta property=\"og:description\" content=\"En 2025, l\u2019UE a install\u00e9 27,1 GWh de batteries (+45%). Le stockage bascule vers les grands projets et devient cl\u00e9 pour int\u00e9grer solaire et \u00e9olien.\" \/>\n<meta property=\"og:url\" content=\"https:\/\/www.les-energies-renouvelables.eu\/article\/actualites\/energies\/stockage-leurope-vise-un-autre-ordre-de-grandeur-dici-2030-297\/\" \/>\n<meta property=\"og:site_name\" content=\"ECOinfos Energies renouvelables\" \/>\n<meta property=\"article:publisher\" content=\"https:\/\/www.facebook.com\/ecoannuaire.energierenouvelable\/\" \/>\n<meta property=\"article:author\" content=\"https:\/\/www.facebook.com\/tictacf2c\/\" \/>\n<meta property=\"article:published_time\" content=\"2026-01-31T19:43:08+00:00\" \/>\n<meta property=\"og:image\" content=\"https:\/\/www.les-energies-renouvelables.eu\/article\/actualites\/wp-content\/uploads\/2026\/01\/actualites-stockage-leurope-vise-un-autre-ordre-de-grandeur-dici-2030-stockage-denergie-europe-2025.jpg\" \/>\n\t<meta property=\"og:image:width\" content=\"1200\" \/>\n\t<meta property=\"og:image:height\" content=\"675\" \/>\n\t<meta property=\"og:image:type\" content=\"image\/jpeg\" \/>\n<meta name=\"author\" content=\"Alexia JACQUARD\" \/>\n<meta name=\"twitter:card\" content=\"summary_large_image\" \/>\n<meta name=\"twitter:creator\" content=\"@alexiajcrd\" \/>\n<meta name=\"twitter:site\" content=\"@ECOinfosENR\" \/>\n<meta name=\"twitter:label1\" content=\"\u00c9crit par\" \/>\n\t<meta name=\"twitter:data1\" content=\"Alexia JACQUARD\" \/>\n\t<meta name=\"twitter:label2\" content=\"Dur\u00e9e de lecture estim\u00e9e\" \/>\n\t<meta name=\"twitter:data2\" content=\"3 minutes\" \/>\n<script type=\"application\/ld+json\" class=\"yoast-schema-graph\">{\"@context\":\"https:\/\/schema.org\",\"@graph\":[{\"@type\":\"Article\",\"@id\":\"https:\/\/www.les-energies-renouvelables.eu\/article\/actualites\/energies\/stockage-leurope-vise-un-autre-ordre-de-grandeur-dici-2030-297\/#article\",\"isPartOf\":{\"@id\":\"https:\/\/www.les-energies-renouvelables.eu\/article\/actualites\/energies\/stockage-leurope-vise-un-autre-ordre-de-grandeur-dici-2030-297\/\"},\"author\":{\"name\":\"Alexia JACQUARD\",\"@id\":\"https:\/\/www.les-energies-renouvelables.eu\/article\/actualites\/#\/schema\/person\/2c7d09eb5ca339c12ca8d86145440169\"},\"headline\":\"Stockage : l\u2019Europe vise un autre ordre de grandeur d\u2019ici 2030\",\"datePublished\":\"2026-01-31T19:43:08+00:00\",\"mainEntityOfPage\":{\"@id\":\"https:\/\/www.les-energies-renouvelables.eu\/article\/actualites\/energies\/stockage-leurope-vise-un-autre-ordre-de-grandeur-dici-2030-297\/\"},\"wordCount\":598,\"publisher\":{\"@id\":\"https:\/\/www.les-energies-renouvelables.eu\/article\/actualites\/#organization\"},\"image\":{\"@id\":\"https:\/\/www.les-energies-renouvelables.eu\/article\/actualites\/energies\/stockage-leurope-vise-un-autre-ordre-de-grandeur-dici-2030-297\/#primaryimage\"},\"thumbnailUrl\":\"https:\/\/www.les-energies-renouvelables.eu\/article\/actualites\/wp-content\/uploads\/2026\/01\/actualites-stockage-leurope-vise-un-autre-ordre-de-grandeur-dici-2030-stockage-denergie-europe-2025.jpg\",\"articleSection\":[\"\u00c9nergies\"],\"inLanguage\":\"fr-FR\"},{\"@type\":\"WebPage\",\"@id\":\"https:\/\/www.les-energies-renouvelables.eu\/article\/actualites\/energies\/stockage-leurope-vise-un-autre-ordre-de-grandeur-dici-2030-297\/\",\"url\":\"https:\/\/www.les-energies-renouvelables.eu\/article\/actualites\/energies\/stockage-leurope-vise-un-autre-ordre-de-grandeur-dici-2030-297\/\",\"name\":\"Stockage : l\u2019Europe vise un autre ordre de grandeur d\u2019ici 2030 - ECOinfos\",\"isPartOf\":{\"@id\":\"https:\/\/www.les-energies-renouvelables.eu\/article\/actualites\/#website\"},\"primaryImageOfPage\":{\"@id\":\"https:\/\/www.les-energies-renouvelables.eu\/article\/actualites\/energies\/stockage-leurope-vise-un-autre-ordre-de-grandeur-dici-2030-297\/#primaryimage\"},\"image\":{\"@id\":\"https:\/\/www.les-energies-renouvelables.eu\/article\/actualites\/energies\/stockage-leurope-vise-un-autre-ordre-de-grandeur-dici-2030-297\/#primaryimage\"},\"thumbnailUrl\":\"https:\/\/www.les-energies-renouvelables.eu\/article\/actualites\/wp-content\/uploads\/2026\/01\/actualites-stockage-leurope-vise-un-autre-ordre-de-grandeur-dici-2030-stockage-denergie-europe-2025.jpg\",\"datePublished\":\"2026-01-31T19:43:08+00:00\",\"description\":\"En 2025, l\u2019UE a install\u00e9 27,1 GWh de batteries (+45%). Le stockage bascule vers les grands projets et devient cl\u00e9 pour int\u00e9grer solaire et \u00e9olien.\",\"breadcrumb\":{\"@id\":\"https:\/\/www.les-energies-renouvelables.eu\/article\/actualites\/energies\/stockage-leurope-vise-un-autre-ordre-de-grandeur-dici-2030-297\/#breadcrumb\"},\"inLanguage\":\"fr-FR\",\"potentialAction\":[{\"@type\":\"ReadAction\",\"target\":[\"https:\/\/www.les-energies-renouvelables.eu\/article\/actualites\/energies\/stockage-leurope-vise-un-autre-ordre-de-grandeur-dici-2030-297\/\"]}]},{\"@type\":\"ImageObject\",\"inLanguage\":\"fr-FR\",\"@id\":\"https:\/\/www.les-energies-renouvelables.eu\/article\/actualites\/energies\/stockage-leurope-vise-un-autre-ordre-de-grandeur-dici-2030-297\/#primaryimage\",\"url\":\"https:\/\/www.les-energies-renouvelables.eu\/article\/actualites\/wp-content\/uploads\/2026\/01\/actualites-stockage-leurope-vise-un-autre-ordre-de-grandeur-dici-2030-stockage-denergie-europe-2025.jpg\",\"contentUrl\":\"https:\/\/www.les-energies-renouvelables.eu\/article\/actualites\/wp-content\/uploads\/2026\/01\/actualites-stockage-leurope-vise-un-autre-ordre-de-grandeur-dici-2030-stockage-denergie-europe-2025.jpg\",\"width\":1200,\"height\":675,\"caption\":\"Ideogram\"},{\"@type\":\"BreadcrumbList\",\"@id\":\"https:\/\/www.les-energies-renouvelables.eu\/article\/actualites\/energies\/stockage-leurope-vise-un-autre-ordre-de-grandeur-dici-2030-297\/#breadcrumb\",\"itemListElement\":[{\"@type\":\"ListItem\",\"position\":1,\"name\":\"Accueil\",\"item\":\"https:\/\/www.les-energies-renouvelables.eu\/article\/actualites\/\"},{\"@type\":\"ListItem\",\"position\":2,\"name\":\"Stockage : l\u2019Europe vise un autre ordre de grandeur d\u2019ici 2030\"}]},{\"@type\":\"WebSite\",\"@id\":\"https:\/\/www.les-energies-renouvelables.eu\/article\/actualites\/#website\",\"url\":\"https:\/\/www.les-energies-renouvelables.eu\/article\/actualites\/\",\"name\":\"ECOinfos Energies renouvelables\",\"description\":\"Le d\u00e9cryptage quotidien du secteur des \u00e9nergies renouvelables\",\"publisher\":{\"@id\":\"https:\/\/www.les-energies-renouvelables.eu\/article\/actualites\/#organization\"},\"potentialAction\":[{\"@type\":\"SearchAction\",\"target\":{\"@type\":\"EntryPoint\",\"urlTemplate\":\"https:\/\/www.les-energies-renouvelables.eu\/article\/actualites\/?s={search_term_string}\"},\"query-input\":{\"@type\":\"PropertyValueSpecification\",\"valueRequired\":true,\"valueName\":\"search_term_string\"}}],\"inLanguage\":\"fr-FR\"},{\"@type\":\"Organization\",\"@id\":\"https:\/\/www.les-energies-renouvelables.eu\/article\/actualites\/#organization\",\"name\":\"ECOinfos Energies renouvelables\",\"url\":\"https:\/\/www.les-energies-renouvelables.eu\/article\/actualites\/\",\"logo\":{\"@type\":\"ImageObject\",\"inLanguage\":\"fr-FR\",\"@id\":\"https:\/\/www.les-energies-renouvelables.eu\/article\/actualites\/#\/schema\/logo\/image\/\",\"url\":\"https:\/\/www.les-energies-renouvelables.eu\/article\/actualites\/wp-content\/uploads\/2025\/11\/ecoinfos.eldorado-consulting.com-logo-logo.svg\",\"contentUrl\":\"https:\/\/www.les-energies-renouvelables.eu\/article\/actualites\/wp-content\/uploads\/2025\/11\/ecoinfos.eldorado-consulting.com-logo-logo.svg\",\"caption\":\"ECOinfos Energies renouvelables\"},\"image\":{\"@id\":\"https:\/\/www.les-energies-renouvelables.eu\/article\/actualites\/#\/schema\/logo\/image\/\"},\"sameAs\":[\"https:\/\/www.facebook.com\/ecoannuaire.energierenouvelable\/\",\"https:\/\/x.com\/ECOinfosENR\",\"https:\/\/www.linkedin.com\/company\/ecoinfos-energies-renouvelables\/\",\"https:\/\/www.youtube.com\/@ecoinfosenergies\",\"https:\/\/share.google\/dyKHJPxAV42WhhjbM\"]},{\"@type\":\"Person\",\"@id\":\"https:\/\/www.les-energies-renouvelables.eu\/article\/actualites\/#\/schema\/person\/2c7d09eb5ca339c12ca8d86145440169\",\"name\":\"Alexia JACQUARD\",\"pronouns\":\"elle\/elle\",\"image\":{\"@type\":\"ImageObject\",\"inLanguage\":\"fr-FR\",\"@id\":\"https:\/\/www.les-energies-renouvelables.eu\/article\/actualites\/#\/schema\/person\/image\/\",\"url\":\"https:\/\/www.les-energies-renouvelables.eu\/article\/actualites\/wp-content\/uploads\/2026\/01\/actualites-alexia-jacquard-alexia-jacquard-160x160.jpg\",\"contentUrl\":\"https:\/\/www.les-energies-renouvelables.eu\/article\/actualites\/wp-content\/uploads\/2026\/01\/actualites-alexia-jacquard-alexia-jacquard-160x160.jpg\",\"caption\":\"Alexia JACQUARD\"},\"description\":\"Curieuse de nature et attentif aux enjeux du d\u00e9veloppement durable, Alexia Jacquard suit l'actualit\u00e9 des \u00e9nergies renouvelables pour partager les derni\u00e8res nouveaut\u00e9s du secteur. Elle s'attache \u00e0 retranscrire simplement les informations cl\u00e9s et les initiatives positives qui marquent la transition \u00e9nerg\u00e9tique. Son objectif : proposer des articles d'actualit\u00e9 clairs et accessibles pour tous ceux qui s'int\u00e9ressent \u00e0 l'avenir de notre \u00e9nergie.\",\"sameAs\":[\"https:\/\/alexia-jacquard.fr\",\"https:\/\/www.facebook.com\/tictacf2c\/\",\"https:\/\/www.instagram.com\/alexia_redac\/\",\"https:\/\/www.linkedin.com\/in\/alexia-jacquard-449a4b289\/\",\"https:\/\/fr.pinterest.com\/alexiajacquard\/\",\"https:\/\/x.com\/alexiajcrd\",\"https:\/\/www.youtube.com\/@Thepaindemie\",\"https:\/\/muckrack.com\/alexia-jacquard\"],\"url\":\"https:\/\/www.les-energies-renouvelables.eu\/article\/actualites\/author\/alexia-jacquard\/\"}]}<\/script>\n<!-- \/ Yoast SEO plugin. -->","yoast_head_json":{"title":"Stockage : l\u2019Europe vise un autre ordre de grandeur d\u2019ici 2030 - ECOinfos","description":"En 2025, l\u2019UE a install\u00e9 27,1 GWh de batteries (+45%). Le stockage bascule vers les grands projets et devient cl\u00e9 pour int\u00e9grer solaire et \u00e9olien.","robots":{"index":"index","follow":"follow","max-snippet":"max-snippet:-1","max-image-preview":"max-image-preview:large","max-video-preview":"max-video-preview:-1"},"canonical":"https:\/\/www.les-energies-renouvelables.eu\/article\/actualites\/energies\/stockage-leurope-vise-un-autre-ordre-de-grandeur-dici-2030-297\/","og_locale":"fr_FR","og_type":"article","og_title":"Stockage : l\u2019Europe vise un autre ordre de grandeur d\u2019ici 2030 - ECOinfos","og_description":"En 2025, l\u2019UE a install\u00e9 27,1 GWh de batteries (+45%). Le stockage bascule vers les grands projets et devient cl\u00e9 pour int\u00e9grer solaire et \u00e9olien.","og_url":"https:\/\/www.les-energies-renouvelables.eu\/article\/actualites\/energies\/stockage-leurope-vise-un-autre-ordre-de-grandeur-dici-2030-297\/","og_site_name":"ECOinfos Energies renouvelables","article_publisher":"https:\/\/www.facebook.com\/ecoannuaire.energierenouvelable\/","article_author":"https:\/\/www.facebook.com\/tictacf2c\/","article_published_time":"2026-01-31T19:43:08+00:00","og_image":[{"width":1200,"height":675,"url":"https:\/\/www.les-energies-renouvelables.eu\/article\/actualites\/wp-content\/uploads\/2026\/01\/actualites-stockage-leurope-vise-un-autre-ordre-de-grandeur-dici-2030-stockage-denergie-europe-2025.jpg","type":"image\/jpeg"}],"author":"Alexia JACQUARD","twitter_card":"summary_large_image","twitter_creator":"@alexiajcrd","twitter_site":"@ECOinfosENR","twitter_misc":{"\u00c9crit par":"Alexia JACQUARD","Dur\u00e9e de lecture estim\u00e9e":"3 minutes"},"schema":{"@context":"https:\/\/schema.org","@graph":[{"@type":"Article","@id":"https:\/\/www.les-energies-renouvelables.eu\/article\/actualites\/energies\/stockage-leurope-vise-un-autre-ordre-de-grandeur-dici-2030-297\/#article","isPartOf":{"@id":"https:\/\/www.les-energies-renouvelables.eu\/article\/actualites\/energies\/stockage-leurope-vise-un-autre-ordre-de-grandeur-dici-2030-297\/"},"author":{"name":"Alexia JACQUARD","@id":"https:\/\/www.les-energies-renouvelables.eu\/article\/actualites\/#\/schema\/person\/2c7d09eb5ca339c12ca8d86145440169"},"headline":"Stockage : l\u2019Europe vise un autre ordre de grandeur d\u2019ici 2030","datePublished":"2026-01-31T19:43:08+00:00","mainEntityOfPage":{"@id":"https:\/\/www.les-energies-renouvelables.eu\/article\/actualites\/energies\/stockage-leurope-vise-un-autre-ordre-de-grandeur-dici-2030-297\/"},"wordCount":598,"publisher":{"@id":"https:\/\/www.les-energies-renouvelables.eu\/article\/actualites\/#organization"},"image":{"@id":"https:\/\/www.les-energies-renouvelables.eu\/article\/actualites\/energies\/stockage-leurope-vise-un-autre-ordre-de-grandeur-dici-2030-297\/#primaryimage"},"thumbnailUrl":"https:\/\/www.les-energies-renouvelables.eu\/article\/actualites\/wp-content\/uploads\/2026\/01\/actualites-stockage-leurope-vise-un-autre-ordre-de-grandeur-dici-2030-stockage-denergie-europe-2025.jpg","articleSection":["\u00c9nergies"],"inLanguage":"fr-FR"},{"@type":"WebPage","@id":"https:\/\/www.les-energies-renouvelables.eu\/article\/actualites\/energies\/stockage-leurope-vise-un-autre-ordre-de-grandeur-dici-2030-297\/","url":"https:\/\/www.les-energies-renouvelables.eu\/article\/actualites\/energies\/stockage-leurope-vise-un-autre-ordre-de-grandeur-dici-2030-297\/","name":"Stockage : l\u2019Europe vise un autre ordre de grandeur d\u2019ici 2030 - ECOinfos","isPartOf":{"@id":"https:\/\/www.les-energies-renouvelables.eu\/article\/actualites\/#website"},"primaryImageOfPage":{"@id":"https:\/\/www.les-energies-renouvelables.eu\/article\/actualites\/energies\/stockage-leurope-vise-un-autre-ordre-de-grandeur-dici-2030-297\/#primaryimage"},"image":{"@id":"https:\/\/www.les-energies-renouvelables.eu\/article\/actualites\/energies\/stockage-leurope-vise-un-autre-ordre-de-grandeur-dici-2030-297\/#primaryimage"},"thumbnailUrl":"https:\/\/www.les-energies-renouvelables.eu\/article\/actualites\/wp-content\/uploads\/2026\/01\/actualites-stockage-leurope-vise-un-autre-ordre-de-grandeur-dici-2030-stockage-denergie-europe-2025.jpg","datePublished":"2026-01-31T19:43:08+00:00","description":"En 2025, l\u2019UE a install\u00e9 27,1 GWh de batteries (+45%). Le stockage bascule vers les grands projets et devient cl\u00e9 pour int\u00e9grer solaire et \u00e9olien.","breadcrumb":{"@id":"https:\/\/www.les-energies-renouvelables.eu\/article\/actualites\/energies\/stockage-leurope-vise-un-autre-ordre-de-grandeur-dici-2030-297\/#breadcrumb"},"inLanguage":"fr-FR","potentialAction":[{"@type":"ReadAction","target":["https:\/\/www.les-energies-renouvelables.eu\/article\/actualites\/energies\/stockage-leurope-vise-un-autre-ordre-de-grandeur-dici-2030-297\/"]}]},{"@type":"ImageObject","inLanguage":"fr-FR","@id":"https:\/\/www.les-energies-renouvelables.eu\/article\/actualites\/energies\/stockage-leurope-vise-un-autre-ordre-de-grandeur-dici-2030-297\/#primaryimage","url":"https:\/\/www.les-energies-renouvelables.eu\/article\/actualites\/wp-content\/uploads\/2026\/01\/actualites-stockage-leurope-vise-un-autre-ordre-de-grandeur-dici-2030-stockage-denergie-europe-2025.jpg","contentUrl":"https:\/\/www.les-energies-renouvelables.eu\/article\/actualites\/wp-content\/uploads\/2026\/01\/actualites-stockage-leurope-vise-un-autre-ordre-de-grandeur-dici-2030-stockage-denergie-europe-2025.jpg","width":1200,"height":675,"caption":"Ideogram"},{"@type":"BreadcrumbList","@id":"https:\/\/www.les-energies-renouvelables.eu\/article\/actualites\/energies\/stockage-leurope-vise-un-autre-ordre-de-grandeur-dici-2030-297\/#breadcrumb","itemListElement":[{"@type":"ListItem","position":1,"name":"Accueil","item":"https:\/\/www.les-energies-renouvelables.eu\/article\/actualites\/"},{"@type":"ListItem","position":2,"name":"Stockage : l\u2019Europe vise un autre ordre de grandeur d\u2019ici 2030"}]},{"@type":"WebSite","@id":"https:\/\/www.les-energies-renouvelables.eu\/article\/actualites\/#website","url":"https:\/\/www.les-energies-renouvelables.eu\/article\/actualites\/","name":"ECOinfos Energies renouvelables","description":"Le d\u00e9cryptage quotidien du secteur des \u00e9nergies renouvelables","publisher":{"@id":"https:\/\/www.les-energies-renouvelables.eu\/article\/actualites\/#organization"},"potentialAction":[{"@type":"SearchAction","target":{"@type":"EntryPoint","urlTemplate":"https:\/\/www.les-energies-renouvelables.eu\/article\/actualites\/?s={search_term_string}"},"query-input":{"@type":"PropertyValueSpecification","valueRequired":true,"valueName":"search_term_string"}}],"inLanguage":"fr-FR"},{"@type":"Organization","@id":"https:\/\/www.les-energies-renouvelables.eu\/article\/actualites\/#organization","name":"ECOinfos Energies renouvelables","url":"https:\/\/www.les-energies-renouvelables.eu\/article\/actualites\/","logo":{"@type":"ImageObject","inLanguage":"fr-FR","@id":"https:\/\/www.les-energies-renouvelables.eu\/article\/actualites\/#\/schema\/logo\/image\/","url":"https:\/\/www.les-energies-renouvelables.eu\/article\/actualites\/wp-content\/uploads\/2025\/11\/ecoinfos.eldorado-consulting.com-logo-logo.svg","contentUrl":"https:\/\/www.les-energies-renouvelables.eu\/article\/actualites\/wp-content\/uploads\/2025\/11\/ecoinfos.eldorado-consulting.com-logo-logo.svg","caption":"ECOinfos Energies renouvelables"},"image":{"@id":"https:\/\/www.les-energies-renouvelables.eu\/article\/actualites\/#\/schema\/logo\/image\/"},"sameAs":["https:\/\/www.facebook.com\/ecoannuaire.energierenouvelable\/","https:\/\/x.com\/ECOinfosENR","https:\/\/www.linkedin.com\/company\/ecoinfos-energies-renouvelables\/","https:\/\/www.youtube.com\/@ecoinfosenergies","https:\/\/share.google\/dyKHJPxAV42WhhjbM"]},{"@type":"Person","@id":"https:\/\/www.les-energies-renouvelables.eu\/article\/actualites\/#\/schema\/person\/2c7d09eb5ca339c12ca8d86145440169","name":"Alexia JACQUARD","pronouns":"elle\/elle","image":{"@type":"ImageObject","inLanguage":"fr-FR","@id":"https:\/\/www.les-energies-renouvelables.eu\/article\/actualites\/#\/schema\/person\/image\/","url":"https:\/\/www.les-energies-renouvelables.eu\/article\/actualites\/wp-content\/uploads\/2026\/01\/actualites-alexia-jacquard-alexia-jacquard-160x160.jpg","contentUrl":"https:\/\/www.les-energies-renouvelables.eu\/article\/actualites\/wp-content\/uploads\/2026\/01\/actualites-alexia-jacquard-alexia-jacquard-160x160.jpg","caption":"Alexia JACQUARD"},"description":"Curieuse de nature et attentif aux enjeux du d\u00e9veloppement durable, Alexia Jacquard suit l'actualit\u00e9 des \u00e9nergies renouvelables pour partager les derni\u00e8res nouveaut\u00e9s du secteur. Elle s'attache \u00e0 retranscrire simplement les informations cl\u00e9s et les initiatives positives qui marquent la transition \u00e9nerg\u00e9tique. Son objectif : proposer des articles d'actualit\u00e9 clairs et accessibles pour tous ceux qui s'int\u00e9ressent \u00e0 l'avenir de notre \u00e9nergie.","sameAs":["https:\/\/alexia-jacquard.fr","https:\/\/www.facebook.com\/tictacf2c\/","https:\/\/www.instagram.com\/alexia_redac\/","https:\/\/www.linkedin.com\/in\/alexia-jacquard-449a4b289\/","https:\/\/fr.pinterest.com\/alexiajacquard\/","https:\/\/x.com\/alexiajcrd","https:\/\/www.youtube.com\/@Thepaindemie","https:\/\/muckrack.com\/alexia-jacquard"],"url":"https:\/\/www.les-energies-renouvelables.eu\/article\/actualites\/author\/alexia-jacquard\/"}]}},"_links":{"self":[{"href":"https:\/\/www.les-energies-renouvelables.eu\/article\/actualites\/wp-json\/wp\/v2\/posts\/297","targetHints":{"allow":["GET"]}}],"collection":[{"href":"https:\/\/www.les-energies-renouvelables.eu\/article\/actualites\/wp-json\/wp\/v2\/posts"}],"about":[{"href":"https:\/\/www.les-energies-renouvelables.eu\/article\/actualites\/wp-json\/wp\/v2\/types\/post"}],"author":[{"embeddable":true,"href":"https:\/\/www.les-energies-renouvelables.eu\/article\/actualites\/wp-json\/wp\/v2\/users\/2"}],"replies":[{"embeddable":true,"href":"https:\/\/www.les-energies-renouvelables.eu\/article\/actualites\/wp-json\/wp\/v2\/comments?post=297"}],"version-history":[{"count":1,"href":"https:\/\/www.les-energies-renouvelables.eu\/article\/actualites\/wp-json\/wp\/v2\/posts\/297\/revisions"}],"predecessor-version":[{"id":298,"href":"https:\/\/www.les-energies-renouvelables.eu\/article\/actualites\/wp-json\/wp\/v2\/posts\/297\/revisions\/298"}],"wp:featuredmedia":[{"embeddable":true,"href":"https:\/\/www.les-energies-renouvelables.eu\/article\/actualites\/wp-json\/wp\/v2\/media\/299"}],"wp:attachment":[{"href":"https:\/\/www.les-energies-renouvelables.eu\/article\/actualites\/wp-json\/wp\/v2\/media?parent=297"}],"wp:term":[{"taxonomy":"category","embeddable":true,"href":"https:\/\/www.les-energies-renouvelables.eu\/article\/actualites\/wp-json\/wp\/v2\/categories?post=297"},{"taxonomy":"post_tag","embeddable":true,"href":"https:\/\/www.les-energies-renouvelables.eu\/article\/actualites\/wp-json\/wp\/v2\/tags?post=297"}],"curies":[{"name":"wp","href":"https:\/\/api.w.org\/{rel}","templated":true}]}}