{"id":289,"date":"2026-01-28T08:00:00","date_gmt":"2026-01-28T07:00:00","guid":{"rendered":"https:\/\/www.les-energies-renouvelables.eu\/article\/actualites\/?p=289"},"modified":"2026-01-27T21:10:06","modified_gmt":"2026-01-27T20:10:06","slug":"agrivoltaisme-comment-le-modele-des-cooperatives-structure-la-filiere-solaire","status":"publish","type":"post","link":"https:\/\/www.les-energies-renouvelables.eu\/article\/actualites\/energies\/agrivoltaisme-comment-le-modele-des-cooperatives-structure-la-filiere-solaire-289\/","title":{"rendered":"Agrivolta\u00efsme : comment le mod\u00e8le des coop\u00e9ratives structure la fili\u00e8re solaire"},"content":{"rendered":"\n<p>R\u00e9sum\u00e9 :&nbsp;<\/p>\n\n\n\n<ul class=\"wp-block-list\">\n<li><strong>Le projet :<\/strong> Un accord de co-d\u00e9veloppement visant <strong>500 MWc<\/strong> d&rsquo;ici dix ans en r\u00e9gion Nouvelle-Aquitaine.<\/li>\n\n\n\n<li><strong>Le pivot :<\/strong> La <strong>coop\u00e9rative agricole<\/strong> se positionne comme le tiers de confiance entre les exploitants et l&rsquo;\u00e9nerg\u00e9ticien.<\/li>\n\n\n\n<li><strong>Le cadre :<\/strong> Le d\u00e9cret d&rsquo;avril 2024 conditionne les projets au maintien d&rsquo;au moins <strong>90 % du rendement agricole<\/strong>.<\/li>\n\n\n\n<li><strong>L&rsquo;enjeu :<\/strong> Positionner le solaire comme un outil de <strong>r\u00e9silience climatique<\/strong>, sous r\u00e9serve de d\u00e9montrer un service rendu \u00e0 la production agricole.<\/li>\n<\/ul>\n\n\n\n<p>L&rsquo;ambition affich\u00e9e par TSE et Oc\u00e9alia est de d\u00e9ployer une capacit\u00e9 de 500 MWc sur une d\u00e9cennie. <strong>Selon les projections communiqu\u00e9es par les partenaires<\/strong>, cette puissance repr\u00e9senterait l&rsquo;\u00e9quivalent de la consommation \u00e9lectrique annuelle de pr\u00e8s de <strong>120 000 m\u00e9nages<\/strong>.<\/p>\n\n\n\n<p>Le p\u00e9rim\u00e8tre couvre huit d\u00e9partements (16, 17, 19, 23, 24, 79, 86, 87), o\u00f9 Oc\u00e9alia s&rsquo;appuie sur <strong>340 implantations<\/strong>. Pour piloter cette mont\u00e9e en puissance, une soci\u00e9t\u00e9 d\u00e9di\u00e9e a \u00e9t\u00e9 cr\u00e9\u00e9e avec l\u2019objectif d&rsquo;assurer un suivi op\u00e9rationnel et une gestion des installations sur toute la dur\u00e9e de leur exploitation.<\/p>\n\n\n\n<h2 class=\"wp-block-heading\">La coop\u00e9rative agricole, nouveau tiers de confiance territorial<\/h2>\n\n\n\n<p>Dans ce dispositif, la coop\u00e9rative devient l&rsquo;interface entre TSE et ses <strong>14 000 adh\u00e9rents<\/strong>. En s\u00e9lectionnant les parcelles et en accompagnant les exploitants dans les d\u00e9marches administratives, Oc\u00e9alia cherche \u00e0 s\u00e9curiser le projet. Ce mod\u00e8le vise \u00e0 att\u00e9nuer les <strong>tensions autour du foncier<\/strong> : l&rsquo;agrivolta\u00efsme n&rsquo;est plus envisag\u00e9 comme une occupation externe, mais comme un outil int\u00e9gr\u00e9 aux pratiques professionnelles locales.<\/p>\n\n\n\n<p>Sur le terrain, l&rsquo;installation est pr\u00e9sent\u00e9e comme un levier de protection. Denis Math\u00e9, pr\u00e9sident d&rsquo;Oc\u00e9alia, rappelle la vigilance du groupe :&nbsp;<\/p>\n\n\n\n<p><em>\u00ab Nous restons vigilants sur la juste r\u00e9mun\u00e9ration de nos agriculteurs tout en garantissant que la vocation premi\u00e8re de nos terres demeure l\u2019agriculture. \u00bb<\/em> Ainsi, les <strong>ombri\u00e8res<\/strong> sont con\u00e7ues pour offrir une protection contre certains al\u00e9as \u2014 comme les pics de chaleur ou le gel \u2014 tout en apportant un compl\u00e9ment de revenu \u00e0 l&rsquo;exploitation, sans se substituer \u00e0 la <strong>production nourrici\u00e8re<\/strong>.<\/p>\n\n\n\n<h2 class=\"wp-block-heading\">Souverainet\u00e9 et \u00ab\u00a0service rendu\u00a0\u00bb : un cadre r\u00e9glementaire strict<\/h2>\n\n\n\n<p>Le d\u00e9veloppement de ces projets est d\u00e9sormais r\u00e9gi par le <strong>d\u00e9cret n\u00b02024-318 du 8 avril 2024<\/strong> (publi\u00e9 au JORF le 9 avril 2024). Ce texte d\u00e9finit l&rsquo;agrivolta\u00efsme par l&rsquo;obligation de rendre un <strong>service direct<\/strong> \u00e0 la parcelle (am\u00e9lioration du bien-\u00eatre animal, protection contre les al\u00e9as ou adaptation au changement climatique).<\/p>\n\n\n\n<p>Pour \u00e9viter toute d\u00e9rive, la r\u00e9glementation impose des verrous quantitatifs :<\/p>\n\n\n\n<ul class=\"wp-block-list\">\n<li><strong>La r\u00e8gle des 90 % :<\/strong> Le rendement de la production agricole sous les ombri\u00e8res doit \u00eatre maintenu \u00e0 au moins 90 % de celui d&rsquo;une parcelle t\u00e9moin.<\/li>\n\n\n\n<li><strong>Le taux de couverture :<\/strong> La surface projet\u00e9e au sol par les panneaux ne peut en principe d\u00e9passer <strong>40 % de la parcelle<\/strong>.<\/li>\n\n\n\n<li><strong>Le contr\u00f4le et les sanctions :<\/strong> Un suivi est pr\u00e9vu pour v\u00e9rifier la r\u00e9alit\u00e9 du <strong>service rendu<\/strong>. En cas de non-respect durable des crit\u00e8res, des sanctions \u2014 pouvant aller jusqu&rsquo;\u00e0 des obligations de remise en \u00e9tat ou de retrait des \u00e9quipements \u2014 peuvent s&rsquo;appliquer.<\/li>\n<\/ul>\n\n\n\n<h2 class=\"wp-block-heading\">Une lecture \u00ab\u00a0syst\u00e8me\u00a0\u00bb pour le photovolta\u00efque au sol<\/h2>\n\n\n\n<p>L&rsquo;alliance entre un \u00e9nerg\u00e9ticien et une coop\u00e9rative sugg\u00e8re que le d\u00e9ploiement des <strong>\u00e9nergies renouvelables<\/strong> en zone rurale pourrait s&rsquo;appuyer davantage sur une int\u00e9gration m\u00e9tier. Plut\u00f4t que de simplement chercher du foncier disponible, le d\u00e9veloppeur s&rsquo;ins\u00e8re ici dans une fili\u00e8re existante, adaptant ses installations aux contraintes des cultures.<\/p>\n\n\n\n<p>Ce type de collaboration constitue une piste de structuration pour les futurs objectifs de d\u00e9ploiement du photovolta\u00efque au sol. Cette r\u00e8gle pousse d&rsquo;ailleurs les acteurs de l&rsquo;\u00e9nergie \u00e0 <strong>travailler avec des agronomes<\/strong> pour prouver, donn\u00e9es \u00e0 l&rsquo;appui, l&rsquo;utilit\u00e9 des dispositifs. La r\u00e9ussite du mod\u00e8le reste toutefois conditionn\u00e9e au respect de l&rsquo;\u00e9quilibre entre production \u00e9nerg\u00e9tique et <strong>s\u00e9curit\u00e9 alimentaire<\/strong>.<\/p>\n\n\n\n<p>Le succ\u00e8s de ces projets ne se mesurera pas uniquement \u00e0 la puissance inject\u00e9e sur le r\u00e9seau, mais \u00e0 la sant\u00e9 des cultures maintenues sous les installations. La m\u00e9thode fran\u00e7aise, ax\u00e9e sur la d\u00e9monstration d&rsquo;un service rendu \u00e0 la production agricole, impose une exigence de r\u00e9sultats. L\u2019avenir du solaire en zone agricole d\u00e9pendra de cette cohabitation r\u00e9elle : les projets qui d\u00e9montreront une <strong>compatibilit\u00e9 prouv\u00e9e<\/strong> avec le monde paysan auront d\u2019autant plus de chances de s&rsquo;inscrire durablement dans le paysage rural.<\/p>\n","protected":false},"excerpt":{"rendered":"","protected":false},"author":2,"featured_media":291,"comment_status":"closed","ping_status":"closed","sticky":false,"template":"","format":"standard","meta":{"footnotes":""},"categories":[1],"tags":[],"class_list":["post-289","post","type-post","status-publish","format-standard","has-post-thumbnail","hentry","category-energies","masonry-post","generate-columns","tablet-grid-50","mobile-grid-100","grid-parent","grid-33"],"yoast_head":"<!-- This site is optimized with the Yoast SEO plugin v26.6 - https:\/\/yoast.com\/wordpress\/plugins\/seo\/ -->\n<title>Agrivolta\u00efsme : comment le mod\u00e8le des coop\u00e9ratives structure la fili\u00e8re solaire - ECOinfos<\/title>\n<meta name=\"description\" content=\"D\u00e9couvrez comment le partenariat TSE-Oc\u00e9alia (500 MWc) illustre la mutation de l&#039;agrivolta\u00efsme en France. Un mod\u00e8le port\u00e9 par les coop\u00e9ratives et encadr\u00e9 par le d\u00e9cret d&#039;avril 2024 pour prot\u00e9ger la production agricole.\" \/>\n<meta name=\"robots\" content=\"index, follow, max-snippet:-1, max-image-preview:large, max-video-preview:-1\" \/>\n<link rel=\"canonical\" href=\"https:\/\/www.les-energies-renouvelables.eu\/article\/actualites\/energies\/agrivoltaisme-comment-le-modele-des-cooperatives-structure-la-filiere-solaire-289\/\" \/>\n<meta property=\"og:locale\" content=\"fr_FR\" \/>\n<meta property=\"og:type\" content=\"article\" \/>\n<meta property=\"og:title\" content=\"Agrivolta\u00efsme : comment le mod\u00e8le des coop\u00e9ratives structure la fili\u00e8re solaire - ECOinfos\" \/>\n<meta property=\"og:description\" content=\"D\u00e9couvrez comment le partenariat TSE-Oc\u00e9alia (500 MWc) illustre la mutation de l&#039;agrivolta\u00efsme en France. Un mod\u00e8le port\u00e9 par les coop\u00e9ratives et encadr\u00e9 par le d\u00e9cret d&#039;avril 2024 pour prot\u00e9ger la production agricole.\" \/>\n<meta property=\"og:url\" content=\"https:\/\/www.les-energies-renouvelables.eu\/article\/actualites\/energies\/agrivoltaisme-comment-le-modele-des-cooperatives-structure-la-filiere-solaire-289\/\" \/>\n<meta property=\"og:site_name\" content=\"ECOinfos Energies renouvelables\" \/>\n<meta property=\"article:publisher\" content=\"https:\/\/www.facebook.com\/ecoannuaire.energierenouvelable\/\" \/>\n<meta property=\"article:author\" content=\"https:\/\/www.facebook.com\/tictacf2c\/\" \/>\n<meta property=\"article:published_time\" content=\"2026-01-28T07:00:00+00:00\" \/>\n<meta property=\"og:image\" content=\"https:\/\/www.les-energies-renouvelables.eu\/article\/actualites\/wp-content\/uploads\/2026\/01\/actualites-agrivoltaisme-comment-le-modele-des-cooperatives-structure-la-filiere-solaire-developpement-agrivoltaisme-cooperatives-agricoles.jpg\" \/>\n\t<meta property=\"og:image:width\" content=\"1200\" \/>\n\t<meta property=\"og:image:height\" content=\"675\" \/>\n\t<meta property=\"og:image:type\" content=\"image\/jpeg\" \/>\n<meta name=\"author\" content=\"Alexia JACQUARD\" \/>\n<meta name=\"twitter:card\" content=\"summary_large_image\" \/>\n<meta name=\"twitter:creator\" content=\"@alexiajcrd\" \/>\n<meta name=\"twitter:site\" content=\"@ECOinfosENR\" \/>\n<meta name=\"twitter:label1\" content=\"\u00c9crit par\" \/>\n\t<meta name=\"twitter:data1\" content=\"Alexia JACQUARD\" \/>\n\t<meta name=\"twitter:label2\" content=\"Dur\u00e9e de lecture estim\u00e9e\" \/>\n\t<meta name=\"twitter:data2\" content=\"4 minutes\" \/>\n<script type=\"application\/ld+json\" class=\"yoast-schema-graph\">{\"@context\":\"https:\/\/schema.org\",\"@graph\":[{\"@type\":\"Article\",\"@id\":\"https:\/\/www.les-energies-renouvelables.eu\/article\/actualites\/energies\/agrivoltaisme-comment-le-modele-des-cooperatives-structure-la-filiere-solaire-289\/#article\",\"isPartOf\":{\"@id\":\"https:\/\/www.les-energies-renouvelables.eu\/article\/actualites\/energies\/agrivoltaisme-comment-le-modele-des-cooperatives-structure-la-filiere-solaire-289\/\"},\"author\":{\"name\":\"Alexia JACQUARD\",\"@id\":\"https:\/\/www.les-energies-renouvelables.eu\/article\/actualites\/#\/schema\/person\/2c7d09eb5ca339c12ca8d86145440169\"},\"headline\":\"Agrivolta\u00efsme : comment le mod\u00e8le des coop\u00e9ratives structure la fili\u00e8re solaire\",\"datePublished\":\"2026-01-28T07:00:00+00:00\",\"mainEntityOfPage\":{\"@id\":\"https:\/\/www.les-energies-renouvelables.eu\/article\/actualites\/energies\/agrivoltaisme-comment-le-modele-des-cooperatives-structure-la-filiere-solaire-289\/\"},\"wordCount\":772,\"publisher\":{\"@id\":\"https:\/\/www.les-energies-renouvelables.eu\/article\/actualites\/#organization\"},\"image\":{\"@id\":\"https:\/\/www.les-energies-renouvelables.eu\/article\/actualites\/energies\/agrivoltaisme-comment-le-modele-des-cooperatives-structure-la-filiere-solaire-289\/#primaryimage\"},\"thumbnailUrl\":\"https:\/\/www.les-energies-renouvelables.eu\/article\/actualites\/wp-content\/uploads\/2026\/01\/actualites-agrivoltaisme-comment-le-modele-des-cooperatives-structure-la-filiere-solaire-developpement-agrivoltaisme-cooperatives-agricoles.jpg\",\"articleSection\":[\"\u00c9nergies\"],\"inLanguage\":\"fr-FR\"},{\"@type\":\"WebPage\",\"@id\":\"https:\/\/www.les-energies-renouvelables.eu\/article\/actualites\/energies\/agrivoltaisme-comment-le-modele-des-cooperatives-structure-la-filiere-solaire-289\/\",\"url\":\"https:\/\/www.les-energies-renouvelables.eu\/article\/actualites\/energies\/agrivoltaisme-comment-le-modele-des-cooperatives-structure-la-filiere-solaire-289\/\",\"name\":\"Agrivolta\u00efsme : comment le mod\u00e8le des coop\u00e9ratives structure la fili\u00e8re solaire - ECOinfos\",\"isPartOf\":{\"@id\":\"https:\/\/www.les-energies-renouvelables.eu\/article\/actualites\/#website\"},\"primaryImageOfPage\":{\"@id\":\"https:\/\/www.les-energies-renouvelables.eu\/article\/actualites\/energies\/agrivoltaisme-comment-le-modele-des-cooperatives-structure-la-filiere-solaire-289\/#primaryimage\"},\"image\":{\"@id\":\"https:\/\/www.les-energies-renouvelables.eu\/article\/actualites\/energies\/agrivoltaisme-comment-le-modele-des-cooperatives-structure-la-filiere-solaire-289\/#primaryimage\"},\"thumbnailUrl\":\"https:\/\/www.les-energies-renouvelables.eu\/article\/actualites\/wp-content\/uploads\/2026\/01\/actualites-agrivoltaisme-comment-le-modele-des-cooperatives-structure-la-filiere-solaire-developpement-agrivoltaisme-cooperatives-agricoles.jpg\",\"datePublished\":\"2026-01-28T07:00:00+00:00\",\"description\":\"D\u00e9couvrez comment le partenariat TSE-Oc\u00e9alia (500 MWc) illustre la mutation de l'agrivolta\u00efsme en France. Un mod\u00e8le port\u00e9 par les coop\u00e9ratives et encadr\u00e9 par le d\u00e9cret d'avril 2024 pour prot\u00e9ger la production agricole.\",\"breadcrumb\":{\"@id\":\"https:\/\/www.les-energies-renouvelables.eu\/article\/actualites\/energies\/agrivoltaisme-comment-le-modele-des-cooperatives-structure-la-filiere-solaire-289\/#breadcrumb\"},\"inLanguage\":\"fr-FR\",\"potentialAction\":[{\"@type\":\"ReadAction\",\"target\":[\"https:\/\/www.les-energies-renouvelables.eu\/article\/actualites\/energies\/agrivoltaisme-comment-le-modele-des-cooperatives-structure-la-filiere-solaire-289\/\"]}]},{\"@type\":\"ImageObject\",\"inLanguage\":\"fr-FR\",\"@id\":\"https:\/\/www.les-energies-renouvelables.eu\/article\/actualites\/energies\/agrivoltaisme-comment-le-modele-des-cooperatives-structure-la-filiere-solaire-289\/#primaryimage\",\"url\":\"https:\/\/www.les-energies-renouvelables.eu\/article\/actualites\/wp-content\/uploads\/2026\/01\/actualites-agrivoltaisme-comment-le-modele-des-cooperatives-structure-la-filiere-solaire-developpement-agrivoltaisme-cooperatives-agricoles.jpg\",\"contentUrl\":\"https:\/\/www.les-energies-renouvelables.eu\/article\/actualites\/wp-content\/uploads\/2026\/01\/actualites-agrivoltaisme-comment-le-modele-des-cooperatives-structure-la-filiere-solaire-developpement-agrivoltaisme-cooperatives-agricoles.jpg\",\"width\":1200,\"height\":675,\"caption\":\"Ideogram\"},{\"@type\":\"BreadcrumbList\",\"@id\":\"https:\/\/www.les-energies-renouvelables.eu\/article\/actualites\/energies\/agrivoltaisme-comment-le-modele-des-cooperatives-structure-la-filiere-solaire-289\/#breadcrumb\",\"itemListElement\":[{\"@type\":\"ListItem\",\"position\":1,\"name\":\"Accueil\",\"item\":\"https:\/\/www.les-energies-renouvelables.eu\/article\/actualites\/\"},{\"@type\":\"ListItem\",\"position\":2,\"name\":\"Agrivolta\u00efsme : comment le mod\u00e8le des coop\u00e9ratives structure la fili\u00e8re solaire\"}]},{\"@type\":\"WebSite\",\"@id\":\"https:\/\/www.les-energies-renouvelables.eu\/article\/actualites\/#website\",\"url\":\"https:\/\/www.les-energies-renouvelables.eu\/article\/actualites\/\",\"name\":\"ECOinfos Energies renouvelables\",\"description\":\"Le d\u00e9cryptage quotidien du secteur des \u00e9nergies renouvelables\",\"publisher\":{\"@id\":\"https:\/\/www.les-energies-renouvelables.eu\/article\/actualites\/#organization\"},\"potentialAction\":[{\"@type\":\"SearchAction\",\"target\":{\"@type\":\"EntryPoint\",\"urlTemplate\":\"https:\/\/www.les-energies-renouvelables.eu\/article\/actualites\/?s={search_term_string}\"},\"query-input\":{\"@type\":\"PropertyValueSpecification\",\"valueRequired\":true,\"valueName\":\"search_term_string\"}}],\"inLanguage\":\"fr-FR\"},{\"@type\":\"Organization\",\"@id\":\"https:\/\/www.les-energies-renouvelables.eu\/article\/actualites\/#organization\",\"name\":\"ECOinfos Energies renouvelables\",\"url\":\"https:\/\/www.les-energies-renouvelables.eu\/article\/actualites\/\",\"logo\":{\"@type\":\"ImageObject\",\"inLanguage\":\"fr-FR\",\"@id\":\"https:\/\/www.les-energies-renouvelables.eu\/article\/actualites\/#\/schema\/logo\/image\/\",\"url\":\"https:\/\/www.les-energies-renouvelables.eu\/article\/actualites\/wp-content\/uploads\/2025\/11\/ecoinfos.eldorado-consulting.com-logo-logo.svg\",\"contentUrl\":\"https:\/\/www.les-energies-renouvelables.eu\/article\/actualites\/wp-content\/uploads\/2025\/11\/ecoinfos.eldorado-consulting.com-logo-logo.svg\",\"caption\":\"ECOinfos Energies renouvelables\"},\"image\":{\"@id\":\"https:\/\/www.les-energies-renouvelables.eu\/article\/actualites\/#\/schema\/logo\/image\/\"},\"sameAs\":[\"https:\/\/www.facebook.com\/ecoannuaire.energierenouvelable\/\",\"https:\/\/x.com\/ECOinfosENR\",\"https:\/\/www.linkedin.com\/company\/ecoinfos-energies-renouvelables\/\",\"https:\/\/www.youtube.com\/@ecoinfosenergies\",\"https:\/\/share.google\/dyKHJPxAV42WhhjbM\"]},{\"@type\":\"Person\",\"@id\":\"https:\/\/www.les-energies-renouvelables.eu\/article\/actualites\/#\/schema\/person\/2c7d09eb5ca339c12ca8d86145440169\",\"name\":\"Alexia JACQUARD\",\"pronouns\":\"elle\/elle\",\"image\":{\"@type\":\"ImageObject\",\"inLanguage\":\"fr-FR\",\"@id\":\"https:\/\/www.les-energies-renouvelables.eu\/article\/actualites\/#\/schema\/person\/image\/\",\"url\":\"https:\/\/www.les-energies-renouvelables.eu\/article\/actualites\/wp-content\/uploads\/2026\/01\/actualites-alexia-jacquard-alexia-jacquard-160x160.jpg\",\"contentUrl\":\"https:\/\/www.les-energies-renouvelables.eu\/article\/actualites\/wp-content\/uploads\/2026\/01\/actualites-alexia-jacquard-alexia-jacquard-160x160.jpg\",\"caption\":\"Alexia JACQUARD\"},\"description\":\"Curieuse de nature et attentif aux enjeux du d\u00e9veloppement durable, Alexia Jacquard suit l'actualit\u00e9 des \u00e9nergies renouvelables pour partager les derni\u00e8res nouveaut\u00e9s du secteur. Elle s'attache \u00e0 retranscrire simplement les informations cl\u00e9s et les initiatives positives qui marquent la transition \u00e9nerg\u00e9tique. Son objectif : proposer des articles d'actualit\u00e9 clairs et accessibles pour tous ceux qui s'int\u00e9ressent \u00e0 l'avenir de notre \u00e9nergie.\",\"sameAs\":[\"https:\/\/alexia-jacquard.fr\",\"https:\/\/www.facebook.com\/tictacf2c\/\",\"https:\/\/www.instagram.com\/alexia_redac\/\",\"https:\/\/www.linkedin.com\/in\/alexia-jacquard-449a4b289\/\",\"https:\/\/fr.pinterest.com\/alexiajacquard\/\",\"https:\/\/x.com\/alexiajcrd\",\"https:\/\/www.youtube.com\/@Thepaindemie\",\"https:\/\/muckrack.com\/alexia-jacquard\"],\"url\":\"https:\/\/www.les-energies-renouvelables.eu\/article\/actualites\/author\/alexia-jacquard\/\"}]}<\/script>\n<!-- \/ Yoast SEO plugin. -->","yoast_head_json":{"title":"Agrivolta\u00efsme : comment le mod\u00e8le des coop\u00e9ratives structure la fili\u00e8re solaire - ECOinfos","description":"D\u00e9couvrez comment le partenariat TSE-Oc\u00e9alia (500 MWc) illustre la mutation de l'agrivolta\u00efsme en France. Un mod\u00e8le port\u00e9 par les coop\u00e9ratives et encadr\u00e9 par le d\u00e9cret d'avril 2024 pour prot\u00e9ger la production agricole.","robots":{"index":"index","follow":"follow","max-snippet":"max-snippet:-1","max-image-preview":"max-image-preview:large","max-video-preview":"max-video-preview:-1"},"canonical":"https:\/\/www.les-energies-renouvelables.eu\/article\/actualites\/energies\/agrivoltaisme-comment-le-modele-des-cooperatives-structure-la-filiere-solaire-289\/","og_locale":"fr_FR","og_type":"article","og_title":"Agrivolta\u00efsme : comment le mod\u00e8le des coop\u00e9ratives structure la fili\u00e8re solaire - ECOinfos","og_description":"D\u00e9couvrez comment le partenariat TSE-Oc\u00e9alia (500 MWc) illustre la mutation de l'agrivolta\u00efsme en France. Un mod\u00e8le port\u00e9 par les coop\u00e9ratives et encadr\u00e9 par le d\u00e9cret d'avril 2024 pour prot\u00e9ger la production agricole.","og_url":"https:\/\/www.les-energies-renouvelables.eu\/article\/actualites\/energies\/agrivoltaisme-comment-le-modele-des-cooperatives-structure-la-filiere-solaire-289\/","og_site_name":"ECOinfos Energies renouvelables","article_publisher":"https:\/\/www.facebook.com\/ecoannuaire.energierenouvelable\/","article_author":"https:\/\/www.facebook.com\/tictacf2c\/","article_published_time":"2026-01-28T07:00:00+00:00","og_image":[{"width":1200,"height":675,"url":"https:\/\/www.les-energies-renouvelables.eu\/article\/actualites\/wp-content\/uploads\/2026\/01\/actualites-agrivoltaisme-comment-le-modele-des-cooperatives-structure-la-filiere-solaire-developpement-agrivoltaisme-cooperatives-agricoles.jpg","type":"image\/jpeg"}],"author":"Alexia JACQUARD","twitter_card":"summary_large_image","twitter_creator":"@alexiajcrd","twitter_site":"@ECOinfosENR","twitter_misc":{"\u00c9crit par":"Alexia JACQUARD","Dur\u00e9e de lecture estim\u00e9e":"4 minutes"},"schema":{"@context":"https:\/\/schema.org","@graph":[{"@type":"Article","@id":"https:\/\/www.les-energies-renouvelables.eu\/article\/actualites\/energies\/agrivoltaisme-comment-le-modele-des-cooperatives-structure-la-filiere-solaire-289\/#article","isPartOf":{"@id":"https:\/\/www.les-energies-renouvelables.eu\/article\/actualites\/energies\/agrivoltaisme-comment-le-modele-des-cooperatives-structure-la-filiere-solaire-289\/"},"author":{"name":"Alexia JACQUARD","@id":"https:\/\/www.les-energies-renouvelables.eu\/article\/actualites\/#\/schema\/person\/2c7d09eb5ca339c12ca8d86145440169"},"headline":"Agrivolta\u00efsme : comment le mod\u00e8le des coop\u00e9ratives structure la fili\u00e8re solaire","datePublished":"2026-01-28T07:00:00+00:00","mainEntityOfPage":{"@id":"https:\/\/www.les-energies-renouvelables.eu\/article\/actualites\/energies\/agrivoltaisme-comment-le-modele-des-cooperatives-structure-la-filiere-solaire-289\/"},"wordCount":772,"publisher":{"@id":"https:\/\/www.les-energies-renouvelables.eu\/article\/actualites\/#organization"},"image":{"@id":"https:\/\/www.les-energies-renouvelables.eu\/article\/actualites\/energies\/agrivoltaisme-comment-le-modele-des-cooperatives-structure-la-filiere-solaire-289\/#primaryimage"},"thumbnailUrl":"https:\/\/www.les-energies-renouvelables.eu\/article\/actualites\/wp-content\/uploads\/2026\/01\/actualites-agrivoltaisme-comment-le-modele-des-cooperatives-structure-la-filiere-solaire-developpement-agrivoltaisme-cooperatives-agricoles.jpg","articleSection":["\u00c9nergies"],"inLanguage":"fr-FR"},{"@type":"WebPage","@id":"https:\/\/www.les-energies-renouvelables.eu\/article\/actualites\/energies\/agrivoltaisme-comment-le-modele-des-cooperatives-structure-la-filiere-solaire-289\/","url":"https:\/\/www.les-energies-renouvelables.eu\/article\/actualites\/energies\/agrivoltaisme-comment-le-modele-des-cooperatives-structure-la-filiere-solaire-289\/","name":"Agrivolta\u00efsme : comment le mod\u00e8le des coop\u00e9ratives structure la fili\u00e8re solaire - ECOinfos","isPartOf":{"@id":"https:\/\/www.les-energies-renouvelables.eu\/article\/actualites\/#website"},"primaryImageOfPage":{"@id":"https:\/\/www.les-energies-renouvelables.eu\/article\/actualites\/energies\/agrivoltaisme-comment-le-modele-des-cooperatives-structure-la-filiere-solaire-289\/#primaryimage"},"image":{"@id":"https:\/\/www.les-energies-renouvelables.eu\/article\/actualites\/energies\/agrivoltaisme-comment-le-modele-des-cooperatives-structure-la-filiere-solaire-289\/#primaryimage"},"thumbnailUrl":"https:\/\/www.les-energies-renouvelables.eu\/article\/actualites\/wp-content\/uploads\/2026\/01\/actualites-agrivoltaisme-comment-le-modele-des-cooperatives-structure-la-filiere-solaire-developpement-agrivoltaisme-cooperatives-agricoles.jpg","datePublished":"2026-01-28T07:00:00+00:00","description":"D\u00e9couvrez comment le partenariat TSE-Oc\u00e9alia (500 MWc) illustre la mutation de l'agrivolta\u00efsme en France. Un mod\u00e8le port\u00e9 par les coop\u00e9ratives et encadr\u00e9 par le d\u00e9cret d'avril 2024 pour prot\u00e9ger la production agricole.","breadcrumb":{"@id":"https:\/\/www.les-energies-renouvelables.eu\/article\/actualites\/energies\/agrivoltaisme-comment-le-modele-des-cooperatives-structure-la-filiere-solaire-289\/#breadcrumb"},"inLanguage":"fr-FR","potentialAction":[{"@type":"ReadAction","target":["https:\/\/www.les-energies-renouvelables.eu\/article\/actualites\/energies\/agrivoltaisme-comment-le-modele-des-cooperatives-structure-la-filiere-solaire-289\/"]}]},{"@type":"ImageObject","inLanguage":"fr-FR","@id":"https:\/\/www.les-energies-renouvelables.eu\/article\/actualites\/energies\/agrivoltaisme-comment-le-modele-des-cooperatives-structure-la-filiere-solaire-289\/#primaryimage","url":"https:\/\/www.les-energies-renouvelables.eu\/article\/actualites\/wp-content\/uploads\/2026\/01\/actualites-agrivoltaisme-comment-le-modele-des-cooperatives-structure-la-filiere-solaire-developpement-agrivoltaisme-cooperatives-agricoles.jpg","contentUrl":"https:\/\/www.les-energies-renouvelables.eu\/article\/actualites\/wp-content\/uploads\/2026\/01\/actualites-agrivoltaisme-comment-le-modele-des-cooperatives-structure-la-filiere-solaire-developpement-agrivoltaisme-cooperatives-agricoles.jpg","width":1200,"height":675,"caption":"Ideogram"},{"@type":"BreadcrumbList","@id":"https:\/\/www.les-energies-renouvelables.eu\/article\/actualites\/energies\/agrivoltaisme-comment-le-modele-des-cooperatives-structure-la-filiere-solaire-289\/#breadcrumb","itemListElement":[{"@type":"ListItem","position":1,"name":"Accueil","item":"https:\/\/www.les-energies-renouvelables.eu\/article\/actualites\/"},{"@type":"ListItem","position":2,"name":"Agrivolta\u00efsme : comment le mod\u00e8le des coop\u00e9ratives structure la fili\u00e8re solaire"}]},{"@type":"WebSite","@id":"https:\/\/www.les-energies-renouvelables.eu\/article\/actualites\/#website","url":"https:\/\/www.les-energies-renouvelables.eu\/article\/actualites\/","name":"ECOinfos Energies renouvelables","description":"Le d\u00e9cryptage quotidien du secteur des \u00e9nergies renouvelables","publisher":{"@id":"https:\/\/www.les-energies-renouvelables.eu\/article\/actualites\/#organization"},"potentialAction":[{"@type":"SearchAction","target":{"@type":"EntryPoint","urlTemplate":"https:\/\/www.les-energies-renouvelables.eu\/article\/actualites\/?s={search_term_string}"},"query-input":{"@type":"PropertyValueSpecification","valueRequired":true,"valueName":"search_term_string"}}],"inLanguage":"fr-FR"},{"@type":"Organization","@id":"https:\/\/www.les-energies-renouvelables.eu\/article\/actualites\/#organization","name":"ECOinfos Energies renouvelables","url":"https:\/\/www.les-energies-renouvelables.eu\/article\/actualites\/","logo":{"@type":"ImageObject","inLanguage":"fr-FR","@id":"https:\/\/www.les-energies-renouvelables.eu\/article\/actualites\/#\/schema\/logo\/image\/","url":"https:\/\/www.les-energies-renouvelables.eu\/article\/actualites\/wp-content\/uploads\/2025\/11\/ecoinfos.eldorado-consulting.com-logo-logo.svg","contentUrl":"https:\/\/www.les-energies-renouvelables.eu\/article\/actualites\/wp-content\/uploads\/2025\/11\/ecoinfos.eldorado-consulting.com-logo-logo.svg","caption":"ECOinfos Energies renouvelables"},"image":{"@id":"https:\/\/www.les-energies-renouvelables.eu\/article\/actualites\/#\/schema\/logo\/image\/"},"sameAs":["https:\/\/www.facebook.com\/ecoannuaire.energierenouvelable\/","https:\/\/x.com\/ECOinfosENR","https:\/\/www.linkedin.com\/company\/ecoinfos-energies-renouvelables\/","https:\/\/www.youtube.com\/@ecoinfosenergies","https:\/\/share.google\/dyKHJPxAV42WhhjbM"]},{"@type":"Person","@id":"https:\/\/www.les-energies-renouvelables.eu\/article\/actualites\/#\/schema\/person\/2c7d09eb5ca339c12ca8d86145440169","name":"Alexia JACQUARD","pronouns":"elle\/elle","image":{"@type":"ImageObject","inLanguage":"fr-FR","@id":"https:\/\/www.les-energies-renouvelables.eu\/article\/actualites\/#\/schema\/person\/image\/","url":"https:\/\/www.les-energies-renouvelables.eu\/article\/actualites\/wp-content\/uploads\/2026\/01\/actualites-alexia-jacquard-alexia-jacquard-160x160.jpg","contentUrl":"https:\/\/www.les-energies-renouvelables.eu\/article\/actualites\/wp-content\/uploads\/2026\/01\/actualites-alexia-jacquard-alexia-jacquard-160x160.jpg","caption":"Alexia JACQUARD"},"description":"Curieuse de nature et attentif aux enjeux du d\u00e9veloppement durable, Alexia Jacquard suit l'actualit\u00e9 des \u00e9nergies renouvelables pour partager les derni\u00e8res nouveaut\u00e9s du secteur. Elle s'attache \u00e0 retranscrire simplement les informations cl\u00e9s et les initiatives positives qui marquent la transition \u00e9nerg\u00e9tique. Son objectif : proposer des articles d'actualit\u00e9 clairs et accessibles pour tous ceux qui s'int\u00e9ressent \u00e0 l'avenir de notre \u00e9nergie.","sameAs":["https:\/\/alexia-jacquard.fr","https:\/\/www.facebook.com\/tictacf2c\/","https:\/\/www.instagram.com\/alexia_redac\/","https:\/\/www.linkedin.com\/in\/alexia-jacquard-449a4b289\/","https:\/\/fr.pinterest.com\/alexiajacquard\/","https:\/\/x.com\/alexiajcrd","https:\/\/www.youtube.com\/@Thepaindemie","https:\/\/muckrack.com\/alexia-jacquard"],"url":"https:\/\/www.les-energies-renouvelables.eu\/article\/actualites\/author\/alexia-jacquard\/"}]}},"_links":{"self":[{"href":"https:\/\/www.les-energies-renouvelables.eu\/article\/actualites\/wp-json\/wp\/v2\/posts\/289","targetHints":{"allow":["GET"]}}],"collection":[{"href":"https:\/\/www.les-energies-renouvelables.eu\/article\/actualites\/wp-json\/wp\/v2\/posts"}],"about":[{"href":"https:\/\/www.les-energies-renouvelables.eu\/article\/actualites\/wp-json\/wp\/v2\/types\/post"}],"author":[{"embeddable":true,"href":"https:\/\/www.les-energies-renouvelables.eu\/article\/actualites\/wp-json\/wp\/v2\/users\/2"}],"replies":[{"embeddable":true,"href":"https:\/\/www.les-energies-renouvelables.eu\/article\/actualites\/wp-json\/wp\/v2\/comments?post=289"}],"version-history":[{"count":1,"href":"https:\/\/www.les-energies-renouvelables.eu\/article\/actualites\/wp-json\/wp\/v2\/posts\/289\/revisions"}],"predecessor-version":[{"id":290,"href":"https:\/\/www.les-energies-renouvelables.eu\/article\/actualites\/wp-json\/wp\/v2\/posts\/289\/revisions\/290"}],"wp:featuredmedia":[{"embeddable":true,"href":"https:\/\/www.les-energies-renouvelables.eu\/article\/actualites\/wp-json\/wp\/v2\/media\/291"}],"wp:attachment":[{"href":"https:\/\/www.les-energies-renouvelables.eu\/article\/actualites\/wp-json\/wp\/v2\/media?parent=289"}],"wp:term":[{"taxonomy":"category","embeddable":true,"href":"https:\/\/www.les-energies-renouvelables.eu\/article\/actualites\/wp-json\/wp\/v2\/categories?post=289"},{"taxonomy":"post_tag","embeddable":true,"href":"https:\/\/www.les-energies-renouvelables.eu\/article\/actualites\/wp-json\/wp\/v2\/tags?post=289"}],"curies":[{"name":"wp","href":"https:\/\/api.w.org\/{rel}","templated":true}]}}