{"id":286,"date":"2026-01-27T08:00:00","date_gmt":"2026-01-27T07:00:00","guid":{"rendered":"https:\/\/www.les-energies-renouvelables.eu\/article\/actualites\/?p=286"},"modified":"2026-01-27T10:01:56","modified_gmt":"2026-01-27T09:01:56","slug":"mer-du-nord-la-batterie-verte-de-leurope-ambition-politique-et-realite-du-reseau","status":"publish","type":"post","link":"https:\/\/www.les-energies-renouvelables.eu\/article\/actualites\/energies\/mer-du-nord-la-batterie-verte-de-leurope-ambition-politique-et-realite-du-reseau-286\/","title":{"rendered":"Mer du Nord : la \u201cbatterie verte\u201d de l\u2019Europe, ambition politique et r\u00e9alit\u00e9 du r\u00e9seau"},"content":{"rendered":"\n<p>R\u00e9sum\u00e9 :&nbsp;<\/p>\n\n\n\n<ul class=\"wp-block-list\">\n<li><strong>L&rsquo;\u00e9v\u00e9nement :<\/strong> Le 3e <strong>North Sea Summit<\/strong> \u00e0 Hambourg (25-26 janvier 2026) pour acc\u00e9l\u00e9rer la coop\u00e9ration industrielle avec l&rsquo;annonce d&rsquo;un <strong>pacte d\u2019investissement commun<\/strong>.<\/li>\n\n\n\n<li><strong>L&rsquo;ambition :<\/strong> Un cap de <strong>300 GW<\/strong> pour l&rsquo;UE d&rsquo;ici 2050, soutenu par l&rsquo;engagement de la <strong>NSEC<\/strong> d&rsquo;atteindre 260 GW dans la r\u00e9gion.<\/li>\n\n\n\n<li><strong>La strat\u00e9gie :<\/strong> D\u00e9velopper des <strong>projets hybrides<\/strong> et un maillage transfrontalier (<strong>\u00e9lectricit\u00e9 et hydrog\u00e8ne<\/strong>).<\/li>\n\n\n\n<li><strong>Le b\u00e9n\u00e9fice :<\/strong> Am\u00e9liorer la <strong>s\u00e9curit\u00e9 \u00e9nerg\u00e9tique<\/strong> et r\u00e9duire la d\u00e9pendance aux importations de combustibles fossiles.<\/li>\n<\/ul>\n\n\n\n<p>Le sujet s\u2019inscrit dans un d\u00e9bat r\u00e9current dans la presse fran\u00e7aise, notamment dans <em>Le Monde<\/em>, autour de l&rsquo;ind\u00e9pendance \u00e9nerg\u00e9tique. Les 25 et 26 janvier 2026, le <strong>Sommet de Hambourg<\/strong> constitue une \u00e9tape structurante de ce calendrier. L&rsquo;id\u00e9e phare est de faire de cet espace maritime un \u00ab grand r\u00e9servoir d\u2019\u00e9nergie \u00bb. Dans le contexte des objectifs europ\u00e9ens (<strong>Green Deal<\/strong> et <strong>REPowerEU<\/strong>), les \u00c9tats cherchent \u00e0 acc\u00e9l\u00e9rer le d\u00e9ploiement d&rsquo;infrastructures communes, avec pour objectif de mieux s\u00e9curiser l\u2019acheminement de l\u2019\u00e9lectricit\u00e9 sur le continent.<\/p>\n\n\n\n<h2 class=\"wp-block-heading\">Quelle est la vraie signification de \u00ab\u00a0r\u00e9servoir vert\u00a0\u00bb&nbsp;<\/h2>\n\n\n\n<p>L&rsquo;expression \u00ab\u00a0r\u00e9servoir\u00a0\u00bb d\u00e9signe ici une r\u00e9alit\u00e9 industrielle : la production massive d\u2019<strong>\u00e9olien offshore<\/strong> coupl\u00e9e \u00e0 un r\u00e9seau interconnect\u00e9. La force du projet repose sur la <strong>North Seas Energy Cooperation (NSEC)<\/strong>, qui regroupe neuf pays, dont la France, la Belgique et les Pays-Bas. Le Royaume-Uni y est \u00e9galement associ\u00e9 via un protocole d&rsquo;accord (<strong>MoU<\/strong>) sign\u00e9 en d\u00e9cembre 2022.<\/p>\n\n\n\n<p>Ici, la valeur ajout\u00e9e ne r\u00e9side pas seulement dans le nombre de m\u00e2ts install\u00e9s, mais dans la <strong>mutualisation<\/strong>. Gr\u00e2ce \u00e0 ce maillage offshore, l&rsquo;\u00e9nergie peut circuler selon les besoins des diff\u00e9rents \u00c9tats membres. C\u2019est une approche syst\u00e9mique : au lieu de relier un parc \u00e0 une seule c\u00f4te, les pays d\u00e9veloppent des <strong>projets hybrides<\/strong> (interconnexions et parcs \u00e9oliens combin\u00e9s) capables d&rsquo;alimenter plusieurs pays. Pour l&rsquo;Europe, c&rsquo;est un outil au service de la <strong>s\u00e9curit\u00e9 d&rsquo;approvisionnement<\/strong>, pour mieux \u00e9quilibrer les flux \u00e0 l&rsquo;\u00e9chelle r\u00e9gionale.<\/p>\n\n\n\n<h2 class=\"wp-block-heading\">Ce que \u00e7a ne veut pas dire : \u00e9viter le fantasme de la \u201cbatterie magique\u201d<\/h2>\n\n\n\n<p>Il est crucial de ne pas c\u00e9der au raccourci facile : la Mer du Nord n&rsquo;est pas une \u00ab\u00a0batterie\u00a0\u00bb au sens propre du terme. Contrairement \u00e0 une pile que l&rsquo;on chargerait pour un usage ult\u00e9rieur, le syst\u00e8me repose sur la compl\u00e9mentarit\u00e9 g\u00e9ographique des vents.<\/p>\n\n\n\n<ul class=\"wp-block-list\">\n<li><strong>L&rsquo;illusion du stockage total :<\/strong> Bien que des pistes sur l&rsquo;<strong>hydrog\u00e8ne renouvelable offshore<\/strong> soient explor\u00e9es par un groupe de travail de la NSEC actif depuis 2025, elles constituent des infrastructures \u00e0 long terme. L&rsquo;architecture r\u00e9seau ne garantit pas une \u00e9lectricit\u00e9 abondante partout et tout le temps.<\/li>\n\n\n\n<li><strong>Les contraintes techniques :<\/strong> L&rsquo;<strong>intermittence<\/strong> reste une r\u00e9alit\u00e9 physique. Ces interconnexions r\u00e9duisent l&rsquo;impact des variations m\u00e9t\u00e9o locales, mais n\u00e9cessitent une gestion complexe de la <strong>congestion des c\u00e2bles<\/strong> et un besoin permanent de flexibilit\u00e9 (pilotage de la demande ou moyens d&rsquo;appoint).<\/li>\n\n\n\n<li><strong>Pas de baisse de prix garantie :<\/strong> Si l&rsquo;objectif est de s\u00e9curiser un mod\u00e8le \u00e9conomique viable pour la fili\u00e8re, il s&rsquo;appuie sur une volont\u00e9 de <strong>stabilit\u00e9 strat\u00e9gique<\/strong> et non sur une promesse de tarifs d&rsquo;\u00e9lectricit\u00e9 d\u00e9risoires \u00e0 court terme.<\/li>\n<\/ul>\n\n\n\n<h2 class=\"wp-block-heading\">Pourquoi maintenant : un enjeu de souverainet\u00e9<\/h2>\n\n\n\n<p>Si l&rsquo;Europe acc\u00e9l\u00e8re, c&rsquo;est pour transformer son paysage \u00e9nerg\u00e9tique en instrument de <strong>souverainet\u00e9<\/strong>. Le Sommet de Hambourg 2026, o\u00f9 la d\u00e9l\u00e9gation fran\u00e7aise est notamment repr\u00e9sent\u00e9e par <strong>Roland Lescure<\/strong>, entend consolider les investissements via ce pacte d&rsquo;investissement commun pr\u00e9sent\u00e9 lors de l&rsquo;\u00e9v\u00e9nement.<\/p>\n\n\n\n<p>La France participe \u00e0 cette planification, notamment sur les questions de mod\u00e8les \u00e9conomiques et de contrats d&rsquo;achat d&rsquo;\u00e9lectricit\u00e9 (<strong>PPA<\/strong>). L&rsquo;enjeu est de tenir les engagements climatiques : le cap de <strong>260 GW<\/strong> vis\u00e9 par la NSEC (d\u00e9claration de Dublin) contribue directement \u00e0 l&rsquo;ambition globale de l&rsquo;Union europ\u00e9enne d&rsquo;atteindre <strong>300 GW d&rsquo;ici 2050<\/strong>. Cette acc\u00e9l\u00e9ration de l&rsquo;offshore et du r\u00e9seau hydrog\u00e8ne constitue une r\u00e9ponse au besoin de sortir des \u00e9nergies fossiles import\u00e9es, via une planification r\u00e9gionale int\u00e9gr\u00e9e.<\/p>\n\n\n\n<p>En d\u00e9finitive, la question qui domine \u00e0 Hambourg n&rsquo;est pas tant de savoir combien de turbines seront install\u00e9es, mais bien <strong>comment organiser le syst\u00e8me<\/strong> (c\u00e2bles haute tension, r\u00e9seaux maill\u00e9s) qui les relie. Le succ\u00e8s du \u00ab\u00a0r\u00e9servoir vert\u00a0\u00bb d\u00e9pendra de notre capacit\u00e9 \u00e0 construire une architecture r\u00e9seau coh\u00e9rente, capable d&rsquo;am\u00e9liorer la <strong>r\u00e9partition de l&rsquo;\u00e9lectricit\u00e9<\/strong> entre les \u00c9tats membres. Sans supprimer le besoin de flexibilit\u00e9 et de pilotage du mix \u00e9nerg\u00e9tique, cette coop\u00e9ration transforme un potentiel naturel en une <strong>infrastructure strat\u00e9gique<\/strong> pour l&rsquo;Europe.<\/p>\n","protected":false},"excerpt":{"rendered":"","protected":false},"author":2,"featured_media":288,"comment_status":"closed","ping_status":"closed","sticky":false,"template":"","format":"standard","meta":{"footnotes":""},"categories":[1],"tags":[],"class_list":["post-286","post","type-post","status-publish","format-standard","has-post-thumbnail","hentry","category-energies","masonry-post","generate-columns","tablet-grid-50","mobile-grid-100","grid-parent","grid-33"],"yoast_head":"<!-- This site is optimized with the Yoast SEO plugin v26.6 - https:\/\/yoast.com\/wordpress\/plugins\/seo\/ -->\n<title>Mer du Nord : la \u201cbatterie verte\u201d de l\u2019Europe, ambition politique et r\u00e9alit\u00e9 du r\u00e9seau - ECOinfos<\/title>\n<meta name=\"description\" content=\"D\u00e9couvrez pourquoi la Mer du Nord devient le &quot;r\u00e9servoir vert&quot; de l&#039;Europe. Analyse du Sommet de Hambourg 2026 : \u00e9olien offshore, interconnexions et r\u00e9alit\u00e9 technique.\" \/>\n<meta name=\"robots\" content=\"index, follow, max-snippet:-1, max-image-preview:large, max-video-preview:-1\" \/>\n<link rel=\"canonical\" href=\"https:\/\/www.les-energies-renouvelables.eu\/article\/actualites\/energies\/mer-du-nord-la-batterie-verte-de-leurope-ambition-politique-et-realite-du-reseau-286\/\" \/>\n<meta property=\"og:locale\" content=\"fr_FR\" \/>\n<meta property=\"og:type\" content=\"article\" \/>\n<meta property=\"og:title\" content=\"Mer du Nord : la \u201cbatterie verte\u201d de l\u2019Europe, ambition politique et r\u00e9alit\u00e9 du r\u00e9seau - ECOinfos\" \/>\n<meta property=\"og:description\" content=\"D\u00e9couvrez pourquoi la Mer du Nord devient le &quot;r\u00e9servoir vert&quot; de l&#039;Europe. Analyse du Sommet de Hambourg 2026 : \u00e9olien offshore, interconnexions et r\u00e9alit\u00e9 technique.\" \/>\n<meta property=\"og:url\" content=\"https:\/\/www.les-energies-renouvelables.eu\/article\/actualites\/energies\/mer-du-nord-la-batterie-verte-de-leurope-ambition-politique-et-realite-du-reseau-286\/\" \/>\n<meta property=\"og:site_name\" content=\"ECOinfos Energies renouvelables\" \/>\n<meta property=\"article:publisher\" content=\"https:\/\/www.facebook.com\/ecoannuaire.energierenouvelable\/\" \/>\n<meta property=\"article:author\" content=\"https:\/\/www.facebook.com\/tictacf2c\/\" \/>\n<meta property=\"article:published_time\" content=\"2026-01-27T07:00:00+00:00\" \/>\n<meta property=\"article:modified_time\" content=\"2026-01-27T09:01:56+00:00\" \/>\n<meta property=\"og:image\" content=\"https:\/\/www.les-energies-renouvelables.eu\/article\/actualites\/wp-content\/uploads\/2026\/01\/actualites-mer-du-nord-la-batterie-verte-de-leurope-ambition-politique-et-realite-du-reseau-eolien-offshore-mer-du-nord-2026.jpg\" \/>\n\t<meta property=\"og:image:width\" content=\"1200\" \/>\n\t<meta property=\"og:image:height\" content=\"675\" \/>\n\t<meta property=\"og:image:type\" content=\"image\/jpeg\" \/>\n<meta name=\"author\" content=\"Alexia JACQUARD\" \/>\n<meta name=\"twitter:card\" content=\"summary_large_image\" \/>\n<meta name=\"twitter:creator\" content=\"@alexiajcrd\" \/>\n<meta name=\"twitter:site\" content=\"@ECOinfosENR\" \/>\n<meta name=\"twitter:label1\" content=\"\u00c9crit par\" \/>\n\t<meta name=\"twitter:data1\" content=\"Alexia JACQUARD\" \/>\n\t<meta name=\"twitter:label2\" content=\"Dur\u00e9e de lecture estim\u00e9e\" \/>\n\t<meta name=\"twitter:data2\" content=\"4 minutes\" \/>\n<script type=\"application\/ld+json\" class=\"yoast-schema-graph\">{\"@context\":\"https:\/\/schema.org\",\"@graph\":[{\"@type\":\"Article\",\"@id\":\"https:\/\/www.les-energies-renouvelables.eu\/article\/actualites\/energies\/mer-du-nord-la-batterie-verte-de-leurope-ambition-politique-et-realite-du-reseau-286\/#article\",\"isPartOf\":{\"@id\":\"https:\/\/www.les-energies-renouvelables.eu\/article\/actualites\/energies\/mer-du-nord-la-batterie-verte-de-leurope-ambition-politique-et-realite-du-reseau-286\/\"},\"author\":{\"name\":\"Alexia JACQUARD\",\"@id\":\"https:\/\/www.les-energies-renouvelables.eu\/article\/actualites\/#\/schema\/person\/2c7d09eb5ca339c12ca8d86145440169\"},\"headline\":\"Mer du Nord : la \u201cbatterie verte\u201d de l\u2019Europe, ambition politique et r\u00e9alit\u00e9 du r\u00e9seau\",\"datePublished\":\"2026-01-27T07:00:00+00:00\",\"dateModified\":\"2026-01-27T09:01:56+00:00\",\"mainEntityOfPage\":{\"@id\":\"https:\/\/www.les-energies-renouvelables.eu\/article\/actualites\/energies\/mer-du-nord-la-batterie-verte-de-leurope-ambition-politique-et-realite-du-reseau-286\/\"},\"wordCount\":830,\"publisher\":{\"@id\":\"https:\/\/www.les-energies-renouvelables.eu\/article\/actualites\/#organization\"},\"image\":{\"@id\":\"https:\/\/www.les-energies-renouvelables.eu\/article\/actualites\/energies\/mer-du-nord-la-batterie-verte-de-leurope-ambition-politique-et-realite-du-reseau-286\/#primaryimage\"},\"thumbnailUrl\":\"https:\/\/www.les-energies-renouvelables.eu\/article\/actualites\/wp-content\/uploads\/2026\/01\/actualites-mer-du-nord-la-batterie-verte-de-leurope-ambition-politique-et-realite-du-reseau-eolien-offshore-mer-du-nord-2026.jpg\",\"articleSection\":[\"\u00c9nergies\"],\"inLanguage\":\"fr-FR\"},{\"@type\":\"WebPage\",\"@id\":\"https:\/\/www.les-energies-renouvelables.eu\/article\/actualites\/energies\/mer-du-nord-la-batterie-verte-de-leurope-ambition-politique-et-realite-du-reseau-286\/\",\"url\":\"https:\/\/www.les-energies-renouvelables.eu\/article\/actualites\/energies\/mer-du-nord-la-batterie-verte-de-leurope-ambition-politique-et-realite-du-reseau-286\/\",\"name\":\"Mer du Nord : la \u201cbatterie verte\u201d de l\u2019Europe, ambition politique et r\u00e9alit\u00e9 du r\u00e9seau - ECOinfos\",\"isPartOf\":{\"@id\":\"https:\/\/www.les-energies-renouvelables.eu\/article\/actualites\/#website\"},\"primaryImageOfPage\":{\"@id\":\"https:\/\/www.les-energies-renouvelables.eu\/article\/actualites\/energies\/mer-du-nord-la-batterie-verte-de-leurope-ambition-politique-et-realite-du-reseau-286\/#primaryimage\"},\"image\":{\"@id\":\"https:\/\/www.les-energies-renouvelables.eu\/article\/actualites\/energies\/mer-du-nord-la-batterie-verte-de-leurope-ambition-politique-et-realite-du-reseau-286\/#primaryimage\"},\"thumbnailUrl\":\"https:\/\/www.les-energies-renouvelables.eu\/article\/actualites\/wp-content\/uploads\/2026\/01\/actualites-mer-du-nord-la-batterie-verte-de-leurope-ambition-politique-et-realite-du-reseau-eolien-offshore-mer-du-nord-2026.jpg\",\"datePublished\":\"2026-01-27T07:00:00+00:00\",\"dateModified\":\"2026-01-27T09:01:56+00:00\",\"description\":\"D\u00e9couvrez pourquoi la Mer du Nord devient le \\\"r\u00e9servoir vert\\\" de l'Europe. Analyse du Sommet de Hambourg 2026 : \u00e9olien offshore, interconnexions et r\u00e9alit\u00e9 technique.\",\"breadcrumb\":{\"@id\":\"https:\/\/www.les-energies-renouvelables.eu\/article\/actualites\/energies\/mer-du-nord-la-batterie-verte-de-leurope-ambition-politique-et-realite-du-reseau-286\/#breadcrumb\"},\"inLanguage\":\"fr-FR\",\"potentialAction\":[{\"@type\":\"ReadAction\",\"target\":[\"https:\/\/www.les-energies-renouvelables.eu\/article\/actualites\/energies\/mer-du-nord-la-batterie-verte-de-leurope-ambition-politique-et-realite-du-reseau-286\/\"]}]},{\"@type\":\"ImageObject\",\"inLanguage\":\"fr-FR\",\"@id\":\"https:\/\/www.les-energies-renouvelables.eu\/article\/actualites\/energies\/mer-du-nord-la-batterie-verte-de-leurope-ambition-politique-et-realite-du-reseau-286\/#primaryimage\",\"url\":\"https:\/\/www.les-energies-renouvelables.eu\/article\/actualites\/wp-content\/uploads\/2026\/01\/actualites-mer-du-nord-la-batterie-verte-de-leurope-ambition-politique-et-realite-du-reseau-eolien-offshore-mer-du-nord-2026.jpg\",\"contentUrl\":\"https:\/\/www.les-energies-renouvelables.eu\/article\/actualites\/wp-content\/uploads\/2026\/01\/actualites-mer-du-nord-la-batterie-verte-de-leurope-ambition-politique-et-realite-du-reseau-eolien-offshore-mer-du-nord-2026.jpg\",\"width\":1200,\"height\":675,\"caption\":\"Ideogram\"},{\"@type\":\"BreadcrumbList\",\"@id\":\"https:\/\/www.les-energies-renouvelables.eu\/article\/actualites\/energies\/mer-du-nord-la-batterie-verte-de-leurope-ambition-politique-et-realite-du-reseau-286\/#breadcrumb\",\"itemListElement\":[{\"@type\":\"ListItem\",\"position\":1,\"name\":\"Accueil\",\"item\":\"https:\/\/www.les-energies-renouvelables.eu\/article\/actualites\/\"},{\"@type\":\"ListItem\",\"position\":2,\"name\":\"Mer du Nord : la \u201cbatterie verte\u201d de l\u2019Europe, ambition politique et r\u00e9alit\u00e9 du r\u00e9seau\"}]},{\"@type\":\"WebSite\",\"@id\":\"https:\/\/www.les-energies-renouvelables.eu\/article\/actualites\/#website\",\"url\":\"https:\/\/www.les-energies-renouvelables.eu\/article\/actualites\/\",\"name\":\"ECOinfos Energies renouvelables\",\"description\":\"Le d\u00e9cryptage quotidien du secteur des \u00e9nergies renouvelables\",\"publisher\":{\"@id\":\"https:\/\/www.les-energies-renouvelables.eu\/article\/actualites\/#organization\"},\"potentialAction\":[{\"@type\":\"SearchAction\",\"target\":{\"@type\":\"EntryPoint\",\"urlTemplate\":\"https:\/\/www.les-energies-renouvelables.eu\/article\/actualites\/?s={search_term_string}\"},\"query-input\":{\"@type\":\"PropertyValueSpecification\",\"valueRequired\":true,\"valueName\":\"search_term_string\"}}],\"inLanguage\":\"fr-FR\"},{\"@type\":\"Organization\",\"@id\":\"https:\/\/www.les-energies-renouvelables.eu\/article\/actualites\/#organization\",\"name\":\"ECOinfos Energies renouvelables\",\"url\":\"https:\/\/www.les-energies-renouvelables.eu\/article\/actualites\/\",\"logo\":{\"@type\":\"ImageObject\",\"inLanguage\":\"fr-FR\",\"@id\":\"https:\/\/www.les-energies-renouvelables.eu\/article\/actualites\/#\/schema\/logo\/image\/\",\"url\":\"https:\/\/www.les-energies-renouvelables.eu\/article\/actualites\/wp-content\/uploads\/2025\/11\/ecoinfos.eldorado-consulting.com-logo-logo.svg\",\"contentUrl\":\"https:\/\/www.les-energies-renouvelables.eu\/article\/actualites\/wp-content\/uploads\/2025\/11\/ecoinfos.eldorado-consulting.com-logo-logo.svg\",\"caption\":\"ECOinfos Energies renouvelables\"},\"image\":{\"@id\":\"https:\/\/www.les-energies-renouvelables.eu\/article\/actualites\/#\/schema\/logo\/image\/\"},\"sameAs\":[\"https:\/\/www.facebook.com\/ecoannuaire.energierenouvelable\/\",\"https:\/\/x.com\/ECOinfosENR\",\"https:\/\/www.linkedin.com\/company\/ecoinfos-energies-renouvelables\/\",\"https:\/\/www.youtube.com\/@ecoinfosenergies\",\"https:\/\/share.google\/dyKHJPxAV42WhhjbM\"]},{\"@type\":\"Person\",\"@id\":\"https:\/\/www.les-energies-renouvelables.eu\/article\/actualites\/#\/schema\/person\/2c7d09eb5ca339c12ca8d86145440169\",\"name\":\"Alexia JACQUARD\",\"pronouns\":\"elle\/elle\",\"image\":{\"@type\":\"ImageObject\",\"inLanguage\":\"fr-FR\",\"@id\":\"https:\/\/www.les-energies-renouvelables.eu\/article\/actualites\/#\/schema\/person\/image\/\",\"url\":\"https:\/\/www.les-energies-renouvelables.eu\/article\/actualites\/wp-content\/uploads\/2026\/01\/actualites-alexia-jacquard-alexia-jacquard-160x160.jpg\",\"contentUrl\":\"https:\/\/www.les-energies-renouvelables.eu\/article\/actualites\/wp-content\/uploads\/2026\/01\/actualites-alexia-jacquard-alexia-jacquard-160x160.jpg\",\"caption\":\"Alexia JACQUARD\"},\"description\":\"Curieuse de nature et attentif aux enjeux du d\u00e9veloppement durable, Alexia Jacquard suit l'actualit\u00e9 des \u00e9nergies renouvelables pour partager les derni\u00e8res nouveaut\u00e9s du secteur. Elle s'attache \u00e0 retranscrire simplement les informations cl\u00e9s et les initiatives positives qui marquent la transition \u00e9nerg\u00e9tique. Son objectif : proposer des articles d'actualit\u00e9 clairs et accessibles pour tous ceux qui s'int\u00e9ressent \u00e0 l'avenir de notre \u00e9nergie.\",\"sameAs\":[\"https:\/\/alexia-jacquard.fr\",\"https:\/\/www.facebook.com\/tictacf2c\/\",\"https:\/\/www.instagram.com\/alexia_redac\/\",\"https:\/\/www.linkedin.com\/in\/alexia-jacquard-449a4b289\/\",\"https:\/\/fr.pinterest.com\/alexiajacquard\/\",\"https:\/\/x.com\/alexiajcrd\",\"https:\/\/www.youtube.com\/@Thepaindemie\",\"https:\/\/muckrack.com\/alexia-jacquard\"],\"url\":\"https:\/\/www.les-energies-renouvelables.eu\/article\/actualites\/author\/alexia-jacquard\/\"}]}<\/script>\n<!-- \/ Yoast SEO plugin. -->","yoast_head_json":{"title":"Mer du Nord : la \u201cbatterie verte\u201d de l\u2019Europe, ambition politique et r\u00e9alit\u00e9 du r\u00e9seau - ECOinfos","description":"D\u00e9couvrez pourquoi la Mer du Nord devient le \"r\u00e9servoir vert\" de l'Europe. Analyse du Sommet de Hambourg 2026 : \u00e9olien offshore, interconnexions et r\u00e9alit\u00e9 technique.","robots":{"index":"index","follow":"follow","max-snippet":"max-snippet:-1","max-image-preview":"max-image-preview:large","max-video-preview":"max-video-preview:-1"},"canonical":"https:\/\/www.les-energies-renouvelables.eu\/article\/actualites\/energies\/mer-du-nord-la-batterie-verte-de-leurope-ambition-politique-et-realite-du-reseau-286\/","og_locale":"fr_FR","og_type":"article","og_title":"Mer du Nord : la \u201cbatterie verte\u201d de l\u2019Europe, ambition politique et r\u00e9alit\u00e9 du r\u00e9seau - ECOinfos","og_description":"D\u00e9couvrez pourquoi la Mer du Nord devient le \"r\u00e9servoir vert\" de l'Europe. Analyse du Sommet de Hambourg 2026 : \u00e9olien offshore, interconnexions et r\u00e9alit\u00e9 technique.","og_url":"https:\/\/www.les-energies-renouvelables.eu\/article\/actualites\/energies\/mer-du-nord-la-batterie-verte-de-leurope-ambition-politique-et-realite-du-reseau-286\/","og_site_name":"ECOinfos Energies renouvelables","article_publisher":"https:\/\/www.facebook.com\/ecoannuaire.energierenouvelable\/","article_author":"https:\/\/www.facebook.com\/tictacf2c\/","article_published_time":"2026-01-27T07:00:00+00:00","article_modified_time":"2026-01-27T09:01:56+00:00","og_image":[{"width":1200,"height":675,"url":"https:\/\/www.les-energies-renouvelables.eu\/article\/actualites\/wp-content\/uploads\/2026\/01\/actualites-mer-du-nord-la-batterie-verte-de-leurope-ambition-politique-et-realite-du-reseau-eolien-offshore-mer-du-nord-2026.jpg","type":"image\/jpeg"}],"author":"Alexia JACQUARD","twitter_card":"summary_large_image","twitter_creator":"@alexiajcrd","twitter_site":"@ECOinfosENR","twitter_misc":{"\u00c9crit par":"Alexia JACQUARD","Dur\u00e9e de lecture estim\u00e9e":"4 minutes"},"schema":{"@context":"https:\/\/schema.org","@graph":[{"@type":"Article","@id":"https:\/\/www.les-energies-renouvelables.eu\/article\/actualites\/energies\/mer-du-nord-la-batterie-verte-de-leurope-ambition-politique-et-realite-du-reseau-286\/#article","isPartOf":{"@id":"https:\/\/www.les-energies-renouvelables.eu\/article\/actualites\/energies\/mer-du-nord-la-batterie-verte-de-leurope-ambition-politique-et-realite-du-reseau-286\/"},"author":{"name":"Alexia JACQUARD","@id":"https:\/\/www.les-energies-renouvelables.eu\/article\/actualites\/#\/schema\/person\/2c7d09eb5ca339c12ca8d86145440169"},"headline":"Mer du Nord : la \u201cbatterie verte\u201d de l\u2019Europe, ambition politique et r\u00e9alit\u00e9 du r\u00e9seau","datePublished":"2026-01-27T07:00:00+00:00","dateModified":"2026-01-27T09:01:56+00:00","mainEntityOfPage":{"@id":"https:\/\/www.les-energies-renouvelables.eu\/article\/actualites\/energies\/mer-du-nord-la-batterie-verte-de-leurope-ambition-politique-et-realite-du-reseau-286\/"},"wordCount":830,"publisher":{"@id":"https:\/\/www.les-energies-renouvelables.eu\/article\/actualites\/#organization"},"image":{"@id":"https:\/\/www.les-energies-renouvelables.eu\/article\/actualites\/energies\/mer-du-nord-la-batterie-verte-de-leurope-ambition-politique-et-realite-du-reseau-286\/#primaryimage"},"thumbnailUrl":"https:\/\/www.les-energies-renouvelables.eu\/article\/actualites\/wp-content\/uploads\/2026\/01\/actualites-mer-du-nord-la-batterie-verte-de-leurope-ambition-politique-et-realite-du-reseau-eolien-offshore-mer-du-nord-2026.jpg","articleSection":["\u00c9nergies"],"inLanguage":"fr-FR"},{"@type":"WebPage","@id":"https:\/\/www.les-energies-renouvelables.eu\/article\/actualites\/energies\/mer-du-nord-la-batterie-verte-de-leurope-ambition-politique-et-realite-du-reseau-286\/","url":"https:\/\/www.les-energies-renouvelables.eu\/article\/actualites\/energies\/mer-du-nord-la-batterie-verte-de-leurope-ambition-politique-et-realite-du-reseau-286\/","name":"Mer du Nord : la \u201cbatterie verte\u201d de l\u2019Europe, ambition politique et r\u00e9alit\u00e9 du r\u00e9seau - ECOinfos","isPartOf":{"@id":"https:\/\/www.les-energies-renouvelables.eu\/article\/actualites\/#website"},"primaryImageOfPage":{"@id":"https:\/\/www.les-energies-renouvelables.eu\/article\/actualites\/energies\/mer-du-nord-la-batterie-verte-de-leurope-ambition-politique-et-realite-du-reseau-286\/#primaryimage"},"image":{"@id":"https:\/\/www.les-energies-renouvelables.eu\/article\/actualites\/energies\/mer-du-nord-la-batterie-verte-de-leurope-ambition-politique-et-realite-du-reseau-286\/#primaryimage"},"thumbnailUrl":"https:\/\/www.les-energies-renouvelables.eu\/article\/actualites\/wp-content\/uploads\/2026\/01\/actualites-mer-du-nord-la-batterie-verte-de-leurope-ambition-politique-et-realite-du-reseau-eolien-offshore-mer-du-nord-2026.jpg","datePublished":"2026-01-27T07:00:00+00:00","dateModified":"2026-01-27T09:01:56+00:00","description":"D\u00e9couvrez pourquoi la Mer du Nord devient le \"r\u00e9servoir vert\" de l'Europe. Analyse du Sommet de Hambourg 2026 : \u00e9olien offshore, interconnexions et r\u00e9alit\u00e9 technique.","breadcrumb":{"@id":"https:\/\/www.les-energies-renouvelables.eu\/article\/actualites\/energies\/mer-du-nord-la-batterie-verte-de-leurope-ambition-politique-et-realite-du-reseau-286\/#breadcrumb"},"inLanguage":"fr-FR","potentialAction":[{"@type":"ReadAction","target":["https:\/\/www.les-energies-renouvelables.eu\/article\/actualites\/energies\/mer-du-nord-la-batterie-verte-de-leurope-ambition-politique-et-realite-du-reseau-286\/"]}]},{"@type":"ImageObject","inLanguage":"fr-FR","@id":"https:\/\/www.les-energies-renouvelables.eu\/article\/actualites\/energies\/mer-du-nord-la-batterie-verte-de-leurope-ambition-politique-et-realite-du-reseau-286\/#primaryimage","url":"https:\/\/www.les-energies-renouvelables.eu\/article\/actualites\/wp-content\/uploads\/2026\/01\/actualites-mer-du-nord-la-batterie-verte-de-leurope-ambition-politique-et-realite-du-reseau-eolien-offshore-mer-du-nord-2026.jpg","contentUrl":"https:\/\/www.les-energies-renouvelables.eu\/article\/actualites\/wp-content\/uploads\/2026\/01\/actualites-mer-du-nord-la-batterie-verte-de-leurope-ambition-politique-et-realite-du-reseau-eolien-offshore-mer-du-nord-2026.jpg","width":1200,"height":675,"caption":"Ideogram"},{"@type":"BreadcrumbList","@id":"https:\/\/www.les-energies-renouvelables.eu\/article\/actualites\/energies\/mer-du-nord-la-batterie-verte-de-leurope-ambition-politique-et-realite-du-reseau-286\/#breadcrumb","itemListElement":[{"@type":"ListItem","position":1,"name":"Accueil","item":"https:\/\/www.les-energies-renouvelables.eu\/article\/actualites\/"},{"@type":"ListItem","position":2,"name":"Mer du Nord : la \u201cbatterie verte\u201d de l\u2019Europe, ambition politique et r\u00e9alit\u00e9 du r\u00e9seau"}]},{"@type":"WebSite","@id":"https:\/\/www.les-energies-renouvelables.eu\/article\/actualites\/#website","url":"https:\/\/www.les-energies-renouvelables.eu\/article\/actualites\/","name":"ECOinfos Energies renouvelables","description":"Le d\u00e9cryptage quotidien du secteur des \u00e9nergies renouvelables","publisher":{"@id":"https:\/\/www.les-energies-renouvelables.eu\/article\/actualites\/#organization"},"potentialAction":[{"@type":"SearchAction","target":{"@type":"EntryPoint","urlTemplate":"https:\/\/www.les-energies-renouvelables.eu\/article\/actualites\/?s={search_term_string}"},"query-input":{"@type":"PropertyValueSpecification","valueRequired":true,"valueName":"search_term_string"}}],"inLanguage":"fr-FR"},{"@type":"Organization","@id":"https:\/\/www.les-energies-renouvelables.eu\/article\/actualites\/#organization","name":"ECOinfos Energies renouvelables","url":"https:\/\/www.les-energies-renouvelables.eu\/article\/actualites\/","logo":{"@type":"ImageObject","inLanguage":"fr-FR","@id":"https:\/\/www.les-energies-renouvelables.eu\/article\/actualites\/#\/schema\/logo\/image\/","url":"https:\/\/www.les-energies-renouvelables.eu\/article\/actualites\/wp-content\/uploads\/2025\/11\/ecoinfos.eldorado-consulting.com-logo-logo.svg","contentUrl":"https:\/\/www.les-energies-renouvelables.eu\/article\/actualites\/wp-content\/uploads\/2025\/11\/ecoinfos.eldorado-consulting.com-logo-logo.svg","caption":"ECOinfos Energies renouvelables"},"image":{"@id":"https:\/\/www.les-energies-renouvelables.eu\/article\/actualites\/#\/schema\/logo\/image\/"},"sameAs":["https:\/\/www.facebook.com\/ecoannuaire.energierenouvelable\/","https:\/\/x.com\/ECOinfosENR","https:\/\/www.linkedin.com\/company\/ecoinfos-energies-renouvelables\/","https:\/\/www.youtube.com\/@ecoinfosenergies","https:\/\/share.google\/dyKHJPxAV42WhhjbM"]},{"@type":"Person","@id":"https:\/\/www.les-energies-renouvelables.eu\/article\/actualites\/#\/schema\/person\/2c7d09eb5ca339c12ca8d86145440169","name":"Alexia JACQUARD","pronouns":"elle\/elle","image":{"@type":"ImageObject","inLanguage":"fr-FR","@id":"https:\/\/www.les-energies-renouvelables.eu\/article\/actualites\/#\/schema\/person\/image\/","url":"https:\/\/www.les-energies-renouvelables.eu\/article\/actualites\/wp-content\/uploads\/2026\/01\/actualites-alexia-jacquard-alexia-jacquard-160x160.jpg","contentUrl":"https:\/\/www.les-energies-renouvelables.eu\/article\/actualites\/wp-content\/uploads\/2026\/01\/actualites-alexia-jacquard-alexia-jacquard-160x160.jpg","caption":"Alexia JACQUARD"},"description":"Curieuse de nature et attentif aux enjeux du d\u00e9veloppement durable, Alexia Jacquard suit l'actualit\u00e9 des \u00e9nergies renouvelables pour partager les derni\u00e8res nouveaut\u00e9s du secteur. Elle s'attache \u00e0 retranscrire simplement les informations cl\u00e9s et les initiatives positives qui marquent la transition \u00e9nerg\u00e9tique. Son objectif : proposer des articles d'actualit\u00e9 clairs et accessibles pour tous ceux qui s'int\u00e9ressent \u00e0 l'avenir de notre \u00e9nergie.","sameAs":["https:\/\/alexia-jacquard.fr","https:\/\/www.facebook.com\/tictacf2c\/","https:\/\/www.instagram.com\/alexia_redac\/","https:\/\/www.linkedin.com\/in\/alexia-jacquard-449a4b289\/","https:\/\/fr.pinterest.com\/alexiajacquard\/","https:\/\/x.com\/alexiajcrd","https:\/\/www.youtube.com\/@Thepaindemie","https:\/\/muckrack.com\/alexia-jacquard"],"url":"https:\/\/www.les-energies-renouvelables.eu\/article\/actualites\/author\/alexia-jacquard\/"}]}},"_links":{"self":[{"href":"https:\/\/www.les-energies-renouvelables.eu\/article\/actualites\/wp-json\/wp\/v2\/posts\/286","targetHints":{"allow":["GET"]}}],"collection":[{"href":"https:\/\/www.les-energies-renouvelables.eu\/article\/actualites\/wp-json\/wp\/v2\/posts"}],"about":[{"href":"https:\/\/www.les-energies-renouvelables.eu\/article\/actualites\/wp-json\/wp\/v2\/types\/post"}],"author":[{"embeddable":true,"href":"https:\/\/www.les-energies-renouvelables.eu\/article\/actualites\/wp-json\/wp\/v2\/users\/2"}],"replies":[{"embeddable":true,"href":"https:\/\/www.les-energies-renouvelables.eu\/article\/actualites\/wp-json\/wp\/v2\/comments?post=286"}],"version-history":[{"count":1,"href":"https:\/\/www.les-energies-renouvelables.eu\/article\/actualites\/wp-json\/wp\/v2\/posts\/286\/revisions"}],"predecessor-version":[{"id":287,"href":"https:\/\/www.les-energies-renouvelables.eu\/article\/actualites\/wp-json\/wp\/v2\/posts\/286\/revisions\/287"}],"wp:featuredmedia":[{"embeddable":true,"href":"https:\/\/www.les-energies-renouvelables.eu\/article\/actualites\/wp-json\/wp\/v2\/media\/288"}],"wp:attachment":[{"href":"https:\/\/www.les-energies-renouvelables.eu\/article\/actualites\/wp-json\/wp\/v2\/media?parent=286"}],"wp:term":[{"taxonomy":"category","embeddable":true,"href":"https:\/\/www.les-energies-renouvelables.eu\/article\/actualites\/wp-json\/wp\/v2\/categories?post=286"},{"taxonomy":"post_tag","embeddable":true,"href":"https:\/\/www.les-energies-renouvelables.eu\/article\/actualites\/wp-json\/wp\/v2\/tags?post=286"}],"curies":[{"name":"wp","href":"https:\/\/api.w.org\/{rel}","templated":true}]}}