{"id":272,"date":"2026-01-23T08:00:00","date_gmt":"2026-01-23T07:00:00","guid":{"rendered":"https:\/\/www.les-energies-renouvelables.eu\/article\/actualites\/?p=272"},"modified":"2026-01-22T11:10:54","modified_gmt":"2026-01-22T10:10:54","slug":"europe-le-semestre-ou-leolien-et-le-solaire-ont-depasse-les-energies-fossiles","status":"publish","type":"post","link":"https:\/\/www.les-energies-renouvelables.eu\/article\/actualites\/energies\/europe-le-semestre-ou-leolien-et-le-solaire-ont-depasse-les-energies-fossiles-272\/","title":{"rendered":"Europe : le semestre o\u00f9 l\u2019\u00e9olien et le solaire ont d\u00e9pass\u00e9 les \u00e9nergies fossiles"},"content":{"rendered":"\n<p>R\u00e9sum\u00e9 :&nbsp;<\/p>\n\n\n\n<ul class=\"wp-block-list\">\n<li><strong>D\u00e9passement in\u00e9dit :<\/strong> Au premier semestre 2024, l&rsquo;\u00e9olien et le solaire ont g\u00e9n\u00e9r\u00e9 <strong>30 % de l&rsquo;\u00e9lectricit\u00e9<\/strong> de l&rsquo;UE, contre 27 % pour les fossiles.<\/li>\n\n\n\n<li><strong>Reconfiguration du mix :<\/strong> Selon l&rsquo;analyse annuelle <em>European Electricity Review 2025<\/em> d&rsquo;Ember, l&rsquo;\u00e9olien se maintient d\u00e9sormais au-dessus du <strong>gaz fossile<\/strong>, tandis que le solaire devance le <strong>charbon<\/strong>.<\/li>\n\n\n\n<li><strong>D\u00e9fi de l&rsquo;int\u00e9gration :<\/strong> Ember souligne qu&rsquo;une <strong>flexibilit\u00e9 accrue<\/strong> (stockage, pilotage de la demande, r\u00e9seaux) est n\u00e9cessaire pour soutenir la mont\u00e9e en puissance de l&rsquo;\u00e9olien et du solaire.<\/li>\n<\/ul>\n\n\n\n<p>Le premier semestre 2024 a act\u00e9 un croisement de courbes sans pr\u00e9c\u00e9dent. Selon une analyse d&rsquo;Ember publi\u00e9e le 30 juillet 2024, la production combin\u00e9e de l&rsquo;\u00e9olien et du solaire a atteint <strong>30 % du mix \u00e9lectrique<\/strong> de l&rsquo;UE. \u00c0 l&rsquo;inverse, la part des <strong>combustibles fossiles<\/strong> a recul\u00e9 de 17 %, s&rsquo;\u00e9tablissant \u00e0 27 %.<\/p>\n\n\n\n<p>Cette dynamique s&rsquo;est manifest\u00e9e alors que la <strong>demande \u00e9lectrique<\/strong> europ\u00e9enne progressait de 0,7 % sur la p\u00e9riode. Ember souligne que la croissance des renouvelables a \u00e9t\u00e9 le \u00ab principal moteur \u00bb de cette \u00e9volution, surpassant le rebond de la demande pour remplacer la production fossile. Le charbon a ainsi chut\u00e9 de 24 % et le gaz fossile de 14 %. Ember relie cette dynamique aux <strong>ajouts record de capacit\u00e9s<\/strong> install\u00e9es en 2023.<\/p>\n\n\n\n<h2 class=\"wp-block-heading\">Les chiffres-cl\u00e9s : Des rep\u00e8res annuels consolid\u00e9s<\/h2>\n\n\n\n<p>Au-del\u00e0 du premier semestre, la reconfiguration annuelle du mix \u00e9lectrique europ\u00e9en se pr\u00e9cise. Dans sa revue annuelle <em>European Electricity Review 2025<\/em>, Ember indique que l&rsquo;<strong>\u00e9olien (17 %)<\/strong> se place d\u00e9sormais devant le gaz fossile \u00e0 l&rsquo;\u00e9chelle de l&rsquo;ann\u00e9e, tout en restant sous le niveau de production du nucl\u00e9aire. Le <strong>solaire (11 %)<\/strong> d\u00e9passe \u00e9galement la part du charbon (10 %).<\/p>\n\n\n\n<p>En parall\u00e8le, Eurostat apporte un \u00e9clairage sur la part des \u00e9nergies renouvelables dans la <strong>consommation brute d&rsquo;\u00e9lectricit\u00e9<\/strong> (m\u00e9thodologie incluant la normalisation de l&rsquo;hydraulique et de l&rsquo;\u00e9olien). Cette part a progress\u00e9 de <strong>2,1 points<\/strong>par rapport \u00e0 2023. Ember souligne que cette dynamique r\u00e9duit la vuln\u00e9rabilit\u00e9 europ\u00e9enne aux importations : l&rsquo;institut \u00e9value \u00e0 <strong>59 milliards d&rsquo;euros<\/strong> les co\u00fbts d&rsquo;importation de combustibles fossiles \u00e9vit\u00e9s gr\u00e2ce aux capacit\u00e9s \u00e9oliennes et solaires ajout\u00e9es depuis 2019.<\/p>\n\n\n\n<h2 class=\"wp-block-heading\">Ce que \u00e7a change : L&rsquo;enjeu de l&rsquo;int\u00e9gration op\u00e9rationnelle<\/h2>\n\n\n\n<p>Au vu des parts atteintes en 2024 et du croisement observ\u00e9 au premier semestre, les \u00e9nergies renouvelables occupent une place de plus en plus structurante dans le mix. Pour Ember, ce changement de long terme (<em>longer term shift<\/em>) rend n\u00e9cessaire une \u00e9volution de l&rsquo;architecture du <strong>syst\u00e8me \u00e9lectrique<\/strong>.<\/p>\n\n\n\n<p>L&rsquo;enjeu se concentre d\u00e9sormais sur les besoins en <strong>\u00ab flexibilit\u00e9 propre \u00bb<\/strong>. Ember souligne qu&rsquo;il est n\u00e9cessaire de r\u00e9unir trois conditions cl\u00e9s : le d\u00e9veloppement du <strong>stockage<\/strong>, la <strong>flexibilit\u00e9 de la demande<\/strong> et le renforcement des <strong>infrastructures de r\u00e9seau<\/strong>. L&rsquo;objectif est d&rsquo;optimiser la gestion de la <strong>variabilit\u00e9 de la production<\/strong> afin de mieux int\u00e9grer ces flux renouvelables.<\/p>\n\n\n\n<p>Eurostat pr\u00e9sente ces statistiques dans le contexte du <strong>Green Deal<\/strong> et de <strong>REPowerEU<\/strong>. Ember identifie les <strong>r\u00e9seaux \u00e9lectriques<\/strong> comme l&rsquo;un des leviers cl\u00e9s pour valoriser le potentiel de l&rsquo;\u00e9olien et du solaire, \u00e0 l&rsquo;heure o\u00f9 ces sources reconfigurent la hi\u00e9rarchie de la production \u00e9lectrique en Europe.La focale se d\u00e9place d\u00e9sormais de la seule capacit\u00e9 install\u00e9e vers l&rsquo;<strong>ing\u00e9nierie de la flexibilit\u00e9<\/strong>. La priorit\u00e9 consiste aujourd&rsquo;hui \u00e0 viser une <strong>optimisation op\u00e9rationnelle<\/strong> heure par heure afin de valoriser pleinement chaque kilowattheure produit.<\/p>\n\n\n\n<p><\/p>\n","protected":false},"excerpt":{"rendered":"","protected":false},"author":2,"featured_media":274,"comment_status":"closed","ping_status":"closed","sticky":false,"template":"","format":"standard","meta":{"footnotes":""},"categories":[1],"tags":[],"class_list":["post-272","post","type-post","status-publish","format-standard","has-post-thumbnail","hentry","category-energies","masonry-post","generate-columns","tablet-grid-50","mobile-grid-100","grid-parent","grid-33"],"yoast_head":"<!-- This site is optimized with the Yoast SEO plugin v26.6 - https:\/\/yoast.com\/wordpress\/plugins\/seo\/ -->\n<title>Europe : le semestre o\u00f9 l\u2019\u00e9olien et le solaire ont d\u00e9pass\u00e9 les \u00e9nergies fossiles - ECOinfos<\/title>\n<meta name=\"description\" content=\"D\u00e9couvrez le basculement historique du mix \u00e9lectrique europ\u00e9en : en 2024, l&#039;\u00e9olien et le solaire ont d\u00e9pass\u00e9 les fossiles pour la premi\u00e8re fois. Analyse des chiffres Ember et Eurostat sur la maturit\u00e9 des EnR et les nouveaux d\u00e9fis du r\u00e9seau.\" \/>\n<meta name=\"robots\" content=\"index, follow, max-snippet:-1, max-image-preview:large, max-video-preview:-1\" \/>\n<link rel=\"canonical\" href=\"https:\/\/www.les-energies-renouvelables.eu\/article\/actualites\/energies\/europe-le-semestre-ou-leolien-et-le-solaire-ont-depasse-les-energies-fossiles-272\/\" \/>\n<meta property=\"og:locale\" content=\"fr_FR\" \/>\n<meta property=\"og:type\" content=\"article\" \/>\n<meta property=\"og:title\" content=\"Europe : le semestre o\u00f9 l\u2019\u00e9olien et le solaire ont d\u00e9pass\u00e9 les \u00e9nergies fossiles - ECOinfos\" \/>\n<meta property=\"og:description\" content=\"D\u00e9couvrez le basculement historique du mix \u00e9lectrique europ\u00e9en : en 2024, l&#039;\u00e9olien et le solaire ont d\u00e9pass\u00e9 les fossiles pour la premi\u00e8re fois. Analyse des chiffres Ember et Eurostat sur la maturit\u00e9 des EnR et les nouveaux d\u00e9fis du r\u00e9seau.\" \/>\n<meta property=\"og:url\" content=\"https:\/\/www.les-energies-renouvelables.eu\/article\/actualites\/energies\/europe-le-semestre-ou-leolien-et-le-solaire-ont-depasse-les-energies-fossiles-272\/\" \/>\n<meta property=\"og:site_name\" content=\"ECOinfos Energies renouvelables\" \/>\n<meta property=\"article:publisher\" content=\"https:\/\/www.facebook.com\/ecoannuaire.energierenouvelable\/\" \/>\n<meta property=\"article:author\" content=\"https:\/\/www.facebook.com\/tictacf2c\/\" \/>\n<meta property=\"article:published_time\" content=\"2026-01-23T07:00:00+00:00\" \/>\n<meta property=\"og:image\" content=\"https:\/\/www.les-energies-renouvelables.eu\/article\/actualites\/wp-content\/uploads\/2026\/01\/actualites-europe-le-semestre-ou-leolien-et-le-solaire-ont-depasse-les-energies-fossiles-mix-electrique-europeen-2024.jpg\" \/>\n\t<meta property=\"og:image:width\" content=\"1200\" \/>\n\t<meta property=\"og:image:height\" content=\"675\" \/>\n\t<meta property=\"og:image:type\" content=\"image\/jpeg\" \/>\n<meta name=\"author\" content=\"Alexia JACQUARD\" \/>\n<meta name=\"twitter:card\" content=\"summary_large_image\" \/>\n<meta name=\"twitter:creator\" content=\"@alexiajcrd\" \/>\n<meta name=\"twitter:site\" content=\"@ECOinfosENR\" \/>\n<meta name=\"twitter:label1\" content=\"\u00c9crit par\" \/>\n\t<meta name=\"twitter:data1\" content=\"Alexia JACQUARD\" \/>\n\t<meta name=\"twitter:label2\" content=\"Dur\u00e9e de lecture estim\u00e9e\" \/>\n\t<meta name=\"twitter:data2\" content=\"3 minutes\" \/>\n<script type=\"application\/ld+json\" class=\"yoast-schema-graph\">{\"@context\":\"https:\/\/schema.org\",\"@graph\":[{\"@type\":\"Article\",\"@id\":\"https:\/\/www.les-energies-renouvelables.eu\/article\/actualites\/energies\/europe-le-semestre-ou-leolien-et-le-solaire-ont-depasse-les-energies-fossiles-272\/#article\",\"isPartOf\":{\"@id\":\"https:\/\/www.les-energies-renouvelables.eu\/article\/actualites\/energies\/europe-le-semestre-ou-leolien-et-le-solaire-ont-depasse-les-energies-fossiles-272\/\"},\"author\":{\"name\":\"Alexia JACQUARD\",\"@id\":\"https:\/\/www.les-energies-renouvelables.eu\/article\/actualites\/#\/schema\/person\/2c7d09eb5ca339c12ca8d86145440169\"},\"headline\":\"Europe : le semestre o\u00f9 l\u2019\u00e9olien et le solaire ont d\u00e9pass\u00e9 les \u00e9nergies fossiles\",\"datePublished\":\"2026-01-23T07:00:00+00:00\",\"mainEntityOfPage\":{\"@id\":\"https:\/\/www.les-energies-renouvelables.eu\/article\/actualites\/energies\/europe-le-semestre-ou-leolien-et-le-solaire-ont-depasse-les-energies-fossiles-272\/\"},\"wordCount\":596,\"publisher\":{\"@id\":\"https:\/\/www.les-energies-renouvelables.eu\/article\/actualites\/#organization\"},\"image\":{\"@id\":\"https:\/\/www.les-energies-renouvelables.eu\/article\/actualites\/energies\/europe-le-semestre-ou-leolien-et-le-solaire-ont-depasse-les-energies-fossiles-272\/#primaryimage\"},\"thumbnailUrl\":\"https:\/\/www.les-energies-renouvelables.eu\/article\/actualites\/wp-content\/uploads\/2026\/01\/actualites-europe-le-semestre-ou-leolien-et-le-solaire-ont-depasse-les-energies-fossiles-mix-electrique-europeen-2024.jpg\",\"articleSection\":[\"\u00c9nergies\"],\"inLanguage\":\"fr-FR\"},{\"@type\":\"WebPage\",\"@id\":\"https:\/\/www.les-energies-renouvelables.eu\/article\/actualites\/energies\/europe-le-semestre-ou-leolien-et-le-solaire-ont-depasse-les-energies-fossiles-272\/\",\"url\":\"https:\/\/www.les-energies-renouvelables.eu\/article\/actualites\/energies\/europe-le-semestre-ou-leolien-et-le-solaire-ont-depasse-les-energies-fossiles-272\/\",\"name\":\"Europe : le semestre o\u00f9 l\u2019\u00e9olien et le solaire ont d\u00e9pass\u00e9 les \u00e9nergies fossiles - ECOinfos\",\"isPartOf\":{\"@id\":\"https:\/\/www.les-energies-renouvelables.eu\/article\/actualites\/#website\"},\"primaryImageOfPage\":{\"@id\":\"https:\/\/www.les-energies-renouvelables.eu\/article\/actualites\/energies\/europe-le-semestre-ou-leolien-et-le-solaire-ont-depasse-les-energies-fossiles-272\/#primaryimage\"},\"image\":{\"@id\":\"https:\/\/www.les-energies-renouvelables.eu\/article\/actualites\/energies\/europe-le-semestre-ou-leolien-et-le-solaire-ont-depasse-les-energies-fossiles-272\/#primaryimage\"},\"thumbnailUrl\":\"https:\/\/www.les-energies-renouvelables.eu\/article\/actualites\/wp-content\/uploads\/2026\/01\/actualites-europe-le-semestre-ou-leolien-et-le-solaire-ont-depasse-les-energies-fossiles-mix-electrique-europeen-2024.jpg\",\"datePublished\":\"2026-01-23T07:00:00+00:00\",\"description\":\"D\u00e9couvrez le basculement historique du mix \u00e9lectrique europ\u00e9en : en 2024, l'\u00e9olien et le solaire ont d\u00e9pass\u00e9 les fossiles pour la premi\u00e8re fois. Analyse des chiffres Ember et Eurostat sur la maturit\u00e9 des EnR et les nouveaux d\u00e9fis du r\u00e9seau.\",\"breadcrumb\":{\"@id\":\"https:\/\/www.les-energies-renouvelables.eu\/article\/actualites\/energies\/europe-le-semestre-ou-leolien-et-le-solaire-ont-depasse-les-energies-fossiles-272\/#breadcrumb\"},\"inLanguage\":\"fr-FR\",\"potentialAction\":[{\"@type\":\"ReadAction\",\"target\":[\"https:\/\/www.les-energies-renouvelables.eu\/article\/actualites\/energies\/europe-le-semestre-ou-leolien-et-le-solaire-ont-depasse-les-energies-fossiles-272\/\"]}]},{\"@type\":\"ImageObject\",\"inLanguage\":\"fr-FR\",\"@id\":\"https:\/\/www.les-energies-renouvelables.eu\/article\/actualites\/energies\/europe-le-semestre-ou-leolien-et-le-solaire-ont-depasse-les-energies-fossiles-272\/#primaryimage\",\"url\":\"https:\/\/www.les-energies-renouvelables.eu\/article\/actualites\/wp-content\/uploads\/2026\/01\/actualites-europe-le-semestre-ou-leolien-et-le-solaire-ont-depasse-les-energies-fossiles-mix-electrique-europeen-2024.jpg\",\"contentUrl\":\"https:\/\/www.les-energies-renouvelables.eu\/article\/actualites\/wp-content\/uploads\/2026\/01\/actualites-europe-le-semestre-ou-leolien-et-le-solaire-ont-depasse-les-energies-fossiles-mix-electrique-europeen-2024.jpg\",\"width\":1200,\"height\":675,\"caption\":\"Ideogram\"},{\"@type\":\"BreadcrumbList\",\"@id\":\"https:\/\/www.les-energies-renouvelables.eu\/article\/actualites\/energies\/europe-le-semestre-ou-leolien-et-le-solaire-ont-depasse-les-energies-fossiles-272\/#breadcrumb\",\"itemListElement\":[{\"@type\":\"ListItem\",\"position\":1,\"name\":\"Accueil\",\"item\":\"https:\/\/www.les-energies-renouvelables.eu\/article\/actualites\/\"},{\"@type\":\"ListItem\",\"position\":2,\"name\":\"Europe : le semestre o\u00f9 l\u2019\u00e9olien et le solaire ont d\u00e9pass\u00e9 les \u00e9nergies fossiles\"}]},{\"@type\":\"WebSite\",\"@id\":\"https:\/\/www.les-energies-renouvelables.eu\/article\/actualites\/#website\",\"url\":\"https:\/\/www.les-energies-renouvelables.eu\/article\/actualites\/\",\"name\":\"ECOinfos Energies renouvelables\",\"description\":\"Le d\u00e9cryptage quotidien du secteur des \u00e9nergies renouvelables\",\"publisher\":{\"@id\":\"https:\/\/www.les-energies-renouvelables.eu\/article\/actualites\/#organization\"},\"potentialAction\":[{\"@type\":\"SearchAction\",\"target\":{\"@type\":\"EntryPoint\",\"urlTemplate\":\"https:\/\/www.les-energies-renouvelables.eu\/article\/actualites\/?s={search_term_string}\"},\"query-input\":{\"@type\":\"PropertyValueSpecification\",\"valueRequired\":true,\"valueName\":\"search_term_string\"}}],\"inLanguage\":\"fr-FR\"},{\"@type\":\"Organization\",\"@id\":\"https:\/\/www.les-energies-renouvelables.eu\/article\/actualites\/#organization\",\"name\":\"ECOinfos Energies renouvelables\",\"url\":\"https:\/\/www.les-energies-renouvelables.eu\/article\/actualites\/\",\"logo\":{\"@type\":\"ImageObject\",\"inLanguage\":\"fr-FR\",\"@id\":\"https:\/\/www.les-energies-renouvelables.eu\/article\/actualites\/#\/schema\/logo\/image\/\",\"url\":\"https:\/\/www.les-energies-renouvelables.eu\/article\/actualites\/wp-content\/uploads\/2025\/11\/ecoinfos.eldorado-consulting.com-logo-logo.svg\",\"contentUrl\":\"https:\/\/www.les-energies-renouvelables.eu\/article\/actualites\/wp-content\/uploads\/2025\/11\/ecoinfos.eldorado-consulting.com-logo-logo.svg\",\"caption\":\"ECOinfos Energies renouvelables\"},\"image\":{\"@id\":\"https:\/\/www.les-energies-renouvelables.eu\/article\/actualites\/#\/schema\/logo\/image\/\"},\"sameAs\":[\"https:\/\/www.facebook.com\/ecoannuaire.energierenouvelable\/\",\"https:\/\/x.com\/ECOinfosENR\",\"https:\/\/www.linkedin.com\/company\/ecoinfos-energies-renouvelables\/\",\"https:\/\/www.youtube.com\/@ecoinfosenergies\",\"https:\/\/share.google\/dyKHJPxAV42WhhjbM\"]},{\"@type\":\"Person\",\"@id\":\"https:\/\/www.les-energies-renouvelables.eu\/article\/actualites\/#\/schema\/person\/2c7d09eb5ca339c12ca8d86145440169\",\"name\":\"Alexia JACQUARD\",\"pronouns\":\"elle\/elle\",\"image\":{\"@type\":\"ImageObject\",\"inLanguage\":\"fr-FR\",\"@id\":\"https:\/\/www.les-energies-renouvelables.eu\/article\/actualites\/#\/schema\/person\/image\/\",\"url\":\"https:\/\/www.les-energies-renouvelables.eu\/article\/actualites\/wp-content\/uploads\/2026\/01\/actualites-alexia-jacquard-alexia-jacquard-160x160.jpg\",\"contentUrl\":\"https:\/\/www.les-energies-renouvelables.eu\/article\/actualites\/wp-content\/uploads\/2026\/01\/actualites-alexia-jacquard-alexia-jacquard-160x160.jpg\",\"caption\":\"Alexia JACQUARD\"},\"description\":\"Curieuse de nature et attentif aux enjeux du d\u00e9veloppement durable, Alexia Jacquard suit l'actualit\u00e9 des \u00e9nergies renouvelables pour partager les derni\u00e8res nouveaut\u00e9s du secteur. Elle s'attache \u00e0 retranscrire simplement les informations cl\u00e9s et les initiatives positives qui marquent la transition \u00e9nerg\u00e9tique. Son objectif : proposer des articles d'actualit\u00e9 clairs et accessibles pour tous ceux qui s'int\u00e9ressent \u00e0 l'avenir de notre \u00e9nergie.\",\"sameAs\":[\"https:\/\/alexia-jacquard.fr\",\"https:\/\/www.facebook.com\/tictacf2c\/\",\"https:\/\/www.instagram.com\/alexia_redac\/\",\"https:\/\/www.linkedin.com\/in\/alexia-jacquard-449a4b289\/\",\"https:\/\/fr.pinterest.com\/alexiajacquard\/\",\"https:\/\/x.com\/alexiajcrd\",\"https:\/\/www.youtube.com\/@Thepaindemie\",\"https:\/\/muckrack.com\/alexia-jacquard\"],\"url\":\"https:\/\/www.les-energies-renouvelables.eu\/article\/actualites\/author\/alexia-jacquard\/\"}]}<\/script>\n<!-- \/ Yoast SEO plugin. -->","yoast_head_json":{"title":"Europe : le semestre o\u00f9 l\u2019\u00e9olien et le solaire ont d\u00e9pass\u00e9 les \u00e9nergies fossiles - ECOinfos","description":"D\u00e9couvrez le basculement historique du mix \u00e9lectrique europ\u00e9en : en 2024, l'\u00e9olien et le solaire ont d\u00e9pass\u00e9 les fossiles pour la premi\u00e8re fois. Analyse des chiffres Ember et Eurostat sur la maturit\u00e9 des EnR et les nouveaux d\u00e9fis du r\u00e9seau.","robots":{"index":"index","follow":"follow","max-snippet":"max-snippet:-1","max-image-preview":"max-image-preview:large","max-video-preview":"max-video-preview:-1"},"canonical":"https:\/\/www.les-energies-renouvelables.eu\/article\/actualites\/energies\/europe-le-semestre-ou-leolien-et-le-solaire-ont-depasse-les-energies-fossiles-272\/","og_locale":"fr_FR","og_type":"article","og_title":"Europe : le semestre o\u00f9 l\u2019\u00e9olien et le solaire ont d\u00e9pass\u00e9 les \u00e9nergies fossiles - ECOinfos","og_description":"D\u00e9couvrez le basculement historique du mix \u00e9lectrique europ\u00e9en : en 2024, l'\u00e9olien et le solaire ont d\u00e9pass\u00e9 les fossiles pour la premi\u00e8re fois. Analyse des chiffres Ember et Eurostat sur la maturit\u00e9 des EnR et les nouveaux d\u00e9fis du r\u00e9seau.","og_url":"https:\/\/www.les-energies-renouvelables.eu\/article\/actualites\/energies\/europe-le-semestre-ou-leolien-et-le-solaire-ont-depasse-les-energies-fossiles-272\/","og_site_name":"ECOinfos Energies renouvelables","article_publisher":"https:\/\/www.facebook.com\/ecoannuaire.energierenouvelable\/","article_author":"https:\/\/www.facebook.com\/tictacf2c\/","article_published_time":"2026-01-23T07:00:00+00:00","og_image":[{"width":1200,"height":675,"url":"https:\/\/www.les-energies-renouvelables.eu\/article\/actualites\/wp-content\/uploads\/2026\/01\/actualites-europe-le-semestre-ou-leolien-et-le-solaire-ont-depasse-les-energies-fossiles-mix-electrique-europeen-2024.jpg","type":"image\/jpeg"}],"author":"Alexia JACQUARD","twitter_card":"summary_large_image","twitter_creator":"@alexiajcrd","twitter_site":"@ECOinfosENR","twitter_misc":{"\u00c9crit par":"Alexia JACQUARD","Dur\u00e9e de lecture estim\u00e9e":"3 minutes"},"schema":{"@context":"https:\/\/schema.org","@graph":[{"@type":"Article","@id":"https:\/\/www.les-energies-renouvelables.eu\/article\/actualites\/energies\/europe-le-semestre-ou-leolien-et-le-solaire-ont-depasse-les-energies-fossiles-272\/#article","isPartOf":{"@id":"https:\/\/www.les-energies-renouvelables.eu\/article\/actualites\/energies\/europe-le-semestre-ou-leolien-et-le-solaire-ont-depasse-les-energies-fossiles-272\/"},"author":{"name":"Alexia JACQUARD","@id":"https:\/\/www.les-energies-renouvelables.eu\/article\/actualites\/#\/schema\/person\/2c7d09eb5ca339c12ca8d86145440169"},"headline":"Europe : le semestre o\u00f9 l\u2019\u00e9olien et le solaire ont d\u00e9pass\u00e9 les \u00e9nergies fossiles","datePublished":"2026-01-23T07:00:00+00:00","mainEntityOfPage":{"@id":"https:\/\/www.les-energies-renouvelables.eu\/article\/actualites\/energies\/europe-le-semestre-ou-leolien-et-le-solaire-ont-depasse-les-energies-fossiles-272\/"},"wordCount":596,"publisher":{"@id":"https:\/\/www.les-energies-renouvelables.eu\/article\/actualites\/#organization"},"image":{"@id":"https:\/\/www.les-energies-renouvelables.eu\/article\/actualites\/energies\/europe-le-semestre-ou-leolien-et-le-solaire-ont-depasse-les-energies-fossiles-272\/#primaryimage"},"thumbnailUrl":"https:\/\/www.les-energies-renouvelables.eu\/article\/actualites\/wp-content\/uploads\/2026\/01\/actualites-europe-le-semestre-ou-leolien-et-le-solaire-ont-depasse-les-energies-fossiles-mix-electrique-europeen-2024.jpg","articleSection":["\u00c9nergies"],"inLanguage":"fr-FR"},{"@type":"WebPage","@id":"https:\/\/www.les-energies-renouvelables.eu\/article\/actualites\/energies\/europe-le-semestre-ou-leolien-et-le-solaire-ont-depasse-les-energies-fossiles-272\/","url":"https:\/\/www.les-energies-renouvelables.eu\/article\/actualites\/energies\/europe-le-semestre-ou-leolien-et-le-solaire-ont-depasse-les-energies-fossiles-272\/","name":"Europe : le semestre o\u00f9 l\u2019\u00e9olien et le solaire ont d\u00e9pass\u00e9 les \u00e9nergies fossiles - ECOinfos","isPartOf":{"@id":"https:\/\/www.les-energies-renouvelables.eu\/article\/actualites\/#website"},"primaryImageOfPage":{"@id":"https:\/\/www.les-energies-renouvelables.eu\/article\/actualites\/energies\/europe-le-semestre-ou-leolien-et-le-solaire-ont-depasse-les-energies-fossiles-272\/#primaryimage"},"image":{"@id":"https:\/\/www.les-energies-renouvelables.eu\/article\/actualites\/energies\/europe-le-semestre-ou-leolien-et-le-solaire-ont-depasse-les-energies-fossiles-272\/#primaryimage"},"thumbnailUrl":"https:\/\/www.les-energies-renouvelables.eu\/article\/actualites\/wp-content\/uploads\/2026\/01\/actualites-europe-le-semestre-ou-leolien-et-le-solaire-ont-depasse-les-energies-fossiles-mix-electrique-europeen-2024.jpg","datePublished":"2026-01-23T07:00:00+00:00","description":"D\u00e9couvrez le basculement historique du mix \u00e9lectrique europ\u00e9en : en 2024, l'\u00e9olien et le solaire ont d\u00e9pass\u00e9 les fossiles pour la premi\u00e8re fois. Analyse des chiffres Ember et Eurostat sur la maturit\u00e9 des EnR et les nouveaux d\u00e9fis du r\u00e9seau.","breadcrumb":{"@id":"https:\/\/www.les-energies-renouvelables.eu\/article\/actualites\/energies\/europe-le-semestre-ou-leolien-et-le-solaire-ont-depasse-les-energies-fossiles-272\/#breadcrumb"},"inLanguage":"fr-FR","potentialAction":[{"@type":"ReadAction","target":["https:\/\/www.les-energies-renouvelables.eu\/article\/actualites\/energies\/europe-le-semestre-ou-leolien-et-le-solaire-ont-depasse-les-energies-fossiles-272\/"]}]},{"@type":"ImageObject","inLanguage":"fr-FR","@id":"https:\/\/www.les-energies-renouvelables.eu\/article\/actualites\/energies\/europe-le-semestre-ou-leolien-et-le-solaire-ont-depasse-les-energies-fossiles-272\/#primaryimage","url":"https:\/\/www.les-energies-renouvelables.eu\/article\/actualites\/wp-content\/uploads\/2026\/01\/actualites-europe-le-semestre-ou-leolien-et-le-solaire-ont-depasse-les-energies-fossiles-mix-electrique-europeen-2024.jpg","contentUrl":"https:\/\/www.les-energies-renouvelables.eu\/article\/actualites\/wp-content\/uploads\/2026\/01\/actualites-europe-le-semestre-ou-leolien-et-le-solaire-ont-depasse-les-energies-fossiles-mix-electrique-europeen-2024.jpg","width":1200,"height":675,"caption":"Ideogram"},{"@type":"BreadcrumbList","@id":"https:\/\/www.les-energies-renouvelables.eu\/article\/actualites\/energies\/europe-le-semestre-ou-leolien-et-le-solaire-ont-depasse-les-energies-fossiles-272\/#breadcrumb","itemListElement":[{"@type":"ListItem","position":1,"name":"Accueil","item":"https:\/\/www.les-energies-renouvelables.eu\/article\/actualites\/"},{"@type":"ListItem","position":2,"name":"Europe : le semestre o\u00f9 l\u2019\u00e9olien et le solaire ont d\u00e9pass\u00e9 les \u00e9nergies fossiles"}]},{"@type":"WebSite","@id":"https:\/\/www.les-energies-renouvelables.eu\/article\/actualites\/#website","url":"https:\/\/www.les-energies-renouvelables.eu\/article\/actualites\/","name":"ECOinfos Energies renouvelables","description":"Le d\u00e9cryptage quotidien du secteur des \u00e9nergies renouvelables","publisher":{"@id":"https:\/\/www.les-energies-renouvelables.eu\/article\/actualites\/#organization"},"potentialAction":[{"@type":"SearchAction","target":{"@type":"EntryPoint","urlTemplate":"https:\/\/www.les-energies-renouvelables.eu\/article\/actualites\/?s={search_term_string}"},"query-input":{"@type":"PropertyValueSpecification","valueRequired":true,"valueName":"search_term_string"}}],"inLanguage":"fr-FR"},{"@type":"Organization","@id":"https:\/\/www.les-energies-renouvelables.eu\/article\/actualites\/#organization","name":"ECOinfos Energies renouvelables","url":"https:\/\/www.les-energies-renouvelables.eu\/article\/actualites\/","logo":{"@type":"ImageObject","inLanguage":"fr-FR","@id":"https:\/\/www.les-energies-renouvelables.eu\/article\/actualites\/#\/schema\/logo\/image\/","url":"https:\/\/www.les-energies-renouvelables.eu\/article\/actualites\/wp-content\/uploads\/2025\/11\/ecoinfos.eldorado-consulting.com-logo-logo.svg","contentUrl":"https:\/\/www.les-energies-renouvelables.eu\/article\/actualites\/wp-content\/uploads\/2025\/11\/ecoinfos.eldorado-consulting.com-logo-logo.svg","caption":"ECOinfos Energies renouvelables"},"image":{"@id":"https:\/\/www.les-energies-renouvelables.eu\/article\/actualites\/#\/schema\/logo\/image\/"},"sameAs":["https:\/\/www.facebook.com\/ecoannuaire.energierenouvelable\/","https:\/\/x.com\/ECOinfosENR","https:\/\/www.linkedin.com\/company\/ecoinfos-energies-renouvelables\/","https:\/\/www.youtube.com\/@ecoinfosenergies","https:\/\/share.google\/dyKHJPxAV42WhhjbM"]},{"@type":"Person","@id":"https:\/\/www.les-energies-renouvelables.eu\/article\/actualites\/#\/schema\/person\/2c7d09eb5ca339c12ca8d86145440169","name":"Alexia JACQUARD","pronouns":"elle\/elle","image":{"@type":"ImageObject","inLanguage":"fr-FR","@id":"https:\/\/www.les-energies-renouvelables.eu\/article\/actualites\/#\/schema\/person\/image\/","url":"https:\/\/www.les-energies-renouvelables.eu\/article\/actualites\/wp-content\/uploads\/2026\/01\/actualites-alexia-jacquard-alexia-jacquard-160x160.jpg","contentUrl":"https:\/\/www.les-energies-renouvelables.eu\/article\/actualites\/wp-content\/uploads\/2026\/01\/actualites-alexia-jacquard-alexia-jacquard-160x160.jpg","caption":"Alexia JACQUARD"},"description":"Curieuse de nature et attentif aux enjeux du d\u00e9veloppement durable, Alexia Jacquard suit l'actualit\u00e9 des \u00e9nergies renouvelables pour partager les derni\u00e8res nouveaut\u00e9s du secteur. Elle s'attache \u00e0 retranscrire simplement les informations cl\u00e9s et les initiatives positives qui marquent la transition \u00e9nerg\u00e9tique. Son objectif : proposer des articles d'actualit\u00e9 clairs et accessibles pour tous ceux qui s'int\u00e9ressent \u00e0 l'avenir de notre \u00e9nergie.","sameAs":["https:\/\/alexia-jacquard.fr","https:\/\/www.facebook.com\/tictacf2c\/","https:\/\/www.instagram.com\/alexia_redac\/","https:\/\/www.linkedin.com\/in\/alexia-jacquard-449a4b289\/","https:\/\/fr.pinterest.com\/alexiajacquard\/","https:\/\/x.com\/alexiajcrd","https:\/\/www.youtube.com\/@Thepaindemie","https:\/\/muckrack.com\/alexia-jacquard"],"url":"https:\/\/www.les-energies-renouvelables.eu\/article\/actualites\/author\/alexia-jacquard\/"}]}},"_links":{"self":[{"href":"https:\/\/www.les-energies-renouvelables.eu\/article\/actualites\/wp-json\/wp\/v2\/posts\/272","targetHints":{"allow":["GET"]}}],"collection":[{"href":"https:\/\/www.les-energies-renouvelables.eu\/article\/actualites\/wp-json\/wp\/v2\/posts"}],"about":[{"href":"https:\/\/www.les-energies-renouvelables.eu\/article\/actualites\/wp-json\/wp\/v2\/types\/post"}],"author":[{"embeddable":true,"href":"https:\/\/www.les-energies-renouvelables.eu\/article\/actualites\/wp-json\/wp\/v2\/users\/2"}],"replies":[{"embeddable":true,"href":"https:\/\/www.les-energies-renouvelables.eu\/article\/actualites\/wp-json\/wp\/v2\/comments?post=272"}],"version-history":[{"count":2,"href":"https:\/\/www.les-energies-renouvelables.eu\/article\/actualites\/wp-json\/wp\/v2\/posts\/272\/revisions"}],"predecessor-version":[{"id":275,"href":"https:\/\/www.les-energies-renouvelables.eu\/article\/actualites\/wp-json\/wp\/v2\/posts\/272\/revisions\/275"}],"wp:featuredmedia":[{"embeddable":true,"href":"https:\/\/www.les-energies-renouvelables.eu\/article\/actualites\/wp-json\/wp\/v2\/media\/274"}],"wp:attachment":[{"href":"https:\/\/www.les-energies-renouvelables.eu\/article\/actualites\/wp-json\/wp\/v2\/media?parent=272"}],"wp:term":[{"taxonomy":"category","embeddable":true,"href":"https:\/\/www.les-energies-renouvelables.eu\/article\/actualites\/wp-json\/wp\/v2\/categories?post=272"},{"taxonomy":"post_tag","embeddable":true,"href":"https:\/\/www.les-energies-renouvelables.eu\/article\/actualites\/wp-json\/wp\/v2\/tags?post=272"}],"curies":[{"name":"wp","href":"https:\/\/api.w.org\/{rel}","templated":true}]}}