{"id":268,"date":"2026-01-22T08:00:00","date_gmt":"2026-01-22T07:00:00","guid":{"rendered":"https:\/\/www.les-energies-renouvelables.eu\/article\/actualites\/?p=268"},"modified":"2026-01-21T10:34:24","modified_gmt":"2026-01-21T09:34:24","slug":"solaire-en-france-ce-quil-apporte-vraiment-au-systeme-electrique","status":"publish","type":"post","link":"https:\/\/www.les-energies-renouvelables.eu\/article\/actualites\/energies\/solaire-en-france-ce-quil-apporte-vraiment-au-systeme-electrique-268\/","title":{"rendered":"Solaire en France : ce qu\u2019il apporte vraiment au syst\u00e8me \u00e9lectrique"},"content":{"rendered":"\n<p>R\u00e9sum\u00e9 :&nbsp;<\/p>\n\n\n\n<p>\u2022 <strong>Innovation<\/strong> : les cellules \u00ab tandem \u00bb \u00e9tudi\u00e9es au CNRS montent jusqu\u2019\u00e0 <strong>34 %<\/strong> de rendement en laboratoire, au-del\u00e0 de la limite pratique du silicium.<br>\u2022 <strong>Foncier<\/strong> : \u00e0 l\u2019\u00e9chelle des ordres de grandeur, <strong>1 %<\/strong> des surfaces agricoles suffirait \u00e0 viser <strong>100 GW<\/strong> en 2050 (CNRS).<br>\u2022 <strong>Production<\/strong> : en 2024, le solaire a produit <strong>24,5 TWh<\/strong> et repr\u00e9sente environ <strong>5,6 %<\/strong> de l\u2019\u00e9lectricit\u00e9 consomm\u00e9e (CNRS).<br>\u2022 <strong>Co\u00fbts<\/strong> : les <strong>panneaux<\/strong> ne comptent plus que pour <strong>15 \u00e0 20 %<\/strong> du co\u00fbt total ; le reste se joue sur la pose, le raccordement et l\u2019ing\u00e9nierie.<br>\u2022 <strong>Usage<\/strong> : fin 2024, <strong>58,2 %<\/strong> des installations fonctionnent en <strong>autoconsommation<\/strong> totale ou partielle (SDES).<\/p>\n\n\n\n<p>Le solaire photovolta\u00efque progresse vite en France, mais sa place se joue moins sur le d\u00e9bat \u201cpour ou contre\u201d que sur des questions tr\u00e8s concr\u00e8tes : o\u00f9 installer, quand produire, comment consommer sur place, et comment s\u2019articuler avec un mix d\u00e9j\u00e0 largement bas-carbone. \u00c0 partir de l\u2019analyse du <strong>CNRS<\/strong> et des chiffres du <strong>SDES<\/strong>, voici ce que le photovolta\u00efque apporte r\u00e9ellement, et dans quelles conditions il devient utile au syst\u00e8me.<\/p>\n\n\n\n<h2 class=\"wp-block-heading\">Ce que disent les chercheurs : potentiel, apports, limites<\/h2>\n\n\n\n<p>Le CNRS insiste sur un point de m\u00e9thode : comprendre la place du photovolta\u00efque suppose de parler rendement, dur\u00e9e de vie, surfaces mobilisables, et surtout d\u2019<strong>int\u00e9gration au syst\u00e8me<\/strong>. St\u00e9phane Collin, directeur de recherche au CNRS, r\u00e9sume l\u2019enjeu ainsi : <\/p>\n\n\n\n<blockquote class=\"wp-block-quote is-layout-flow wp-block-quote-is-layout-flow\">\n<p>\u00ab Il est n\u00e9cessaire que les citoyens et les pouvoirs publics comprennent les termes du d\u00e9bat sur l\u2019\u00e9volution du mix \u00e9nerg\u00e9tique et les solutions de d\u00e9carbonation. \u00bb<\/p>\n<\/blockquote>\n\n\n\n<h3 class=\"wp-block-heading\">Rendements : le silicium progresse, mais la recherche pr\u00e9pare l\u2019apr\u00e8s<\/h3>\n\n\n\n<p>En une dizaine d\u2019ann\u00e9es, les panneaux standards sont pass\u00e9s d\u2019environ <strong>16 %<\/strong> \u00e0 <strong>23 %<\/strong> de rendement. Le silicium se rapproche toutefois d\u2019une limite autour de <strong>30 %<\/strong>. D\u2019o\u00f9 l\u2019int\u00e9r\u00eat des cellules \u00ab tandem \u00bb, deux mat\u00e9riaux empil\u00e9s pour capter une part plus large du spectre lumineux. En laboratoire, on atteint <strong>34 %<\/strong>.<\/p>\n\n\n\n<p>Le sujet n\u2019est pas seulement la performance. Pour que la technologie compte dans le r\u00e9el, il faut une dur\u00e9e de vie comparable aux modules actuels, soit <strong>25 \u00e0 30 ans<\/strong>. C\u2019est, pour les chercheurs, un verrou industriel plus qu\u2019un d\u00e9fi purement scientifique.<\/p>\n\n\n\n<h3 class=\"wp-block-heading\">Foncier : moins un blocage qu\u2019un choix d\u2019implantation<\/h3>\n\n\n\n<p>Sur l\u2019occupation des sols, le CNRS invite \u00e0 sortir des r\u00e9flexes. Les centrales au sol restent souvent les plus comp\u00e9titives, mais elles ne r\u00e9sument pas le solaire. Toitures, parkings et autres surfaces d\u00e9j\u00e0 artificialis\u00e9es jouent un r\u00f4le important et r\u00e9duisent la pression sur les espaces naturels.<\/p>\n\n\n\n<p>Anne Migan Dubois met en avant l\u2019<strong>agrivolta\u00efsme<\/strong>, qui cherche \u00e0 faire coexister production agricole et production d\u2019\u00e9lectricit\u00e9 sur une m\u00eame parcelle. Le CNRS propose un ordre de grandeur parlant : mobiliser environ <strong>1 %<\/strong> des surfaces agricoles permettrait d\u2019atteindre l\u2019objectif de <strong>100 GW<\/strong> de capacit\u00e9 photovolta\u00efque \u00e0 l\u2019horizon 2050. En clair, la contrainte n\u2019est pas d\u2019abord une \u201cp\u00e9nurie de place\u201d, mais un arbitrage d\u2019implantation, de paysage, d\u2019usages et de cadre local.<\/p>\n\n\n\n<h2 class=\"wp-block-heading\">Ce que montrent les donn\u00e9es : une progression rapide, chiffr\u00e9e<\/h2>\n\n\n\n<p>Les statistiques du SDES confirment que la fili\u00e8re s\u2019acc\u00e9l\u00e8re. En <strong>2024<\/strong>, la production photovolta\u00efque s\u2019\u00e9tablit \u00e0 <strong>24,5 TWh<\/strong>, contre <strong>22,4 TWh<\/strong> en <strong>2023<\/strong>.<\/p>\n\n\n\n<h3 class=\"wp-block-heading\">Une part qui d\u00e9pend de la convention retenue<\/h3>\n\n\n\n<p>Pour situer cette production dans le syst\u00e8me, il faut \u00eatre pr\u00e9cis sur le mode de calcul. Le CNRS retient <strong>5,6 %<\/strong> de l\u2019\u00e9lectricit\u00e9 consomm\u00e9e. Le SDES indique <strong>5,2 %<\/strong> pour la part calcul\u00e9e hors <strong>autoconsommation<\/strong>, c\u2019est-\u00e0-dire selon sa convention ce qui est pris en compte c\u00f4t\u00e9 injection r\u00e9seau.<\/p>\n\n\n\n<p>Ce n\u2019est pas une contradiction, c\u2019est une diff\u00e9rence de p\u00e9rim\u00e8tre. Et cette pr\u00e9cision compte, car l\u2019autoconsommation change la fa\u00e7on dont le solaire \u201cappara\u00eet\u201d dans les statistiques.<\/p>\n\n\n\n<h3 class=\"wp-block-heading\">Parc : volume d\u2019installations et puissance raccord\u00e9e<\/h3>\n\n\n\n<p>Fin 2024, la France compte environ <strong>1,175 million<\/strong> d\u2019installations, pour une puissance raccord\u00e9e totale de <strong>25,3 GW<\/strong>. Sur la seule ann\u00e9e 2024, la hausse est d\u2019environ <strong>5 GW<\/strong>.<\/p>\n\n\n\n<p>Sur les co\u00fbts, le message principal est simple : le prix des panneaux, jadis dominant, p\u00e8se aujourd\u2019hui bien moins lourd. Ils ne repr\u00e9sentent plus que <strong>15 \u00e0 20 %<\/strong> du co\u00fbt total d\u2019un projet. Le reste se concentre sur l\u2019installation, le raccordement, l\u2019onduleur et l\u2019ing\u00e9nierie. Autrement dit, la comp\u00e9titivit\u00e9 ne se joue plus seulement \u00e0 l\u2019achat du module, mais dans l\u2019ex\u00e9cution du chantier et l\u2019int\u00e9gration technique.<\/p>\n\n\n\n<h3 class=\"wp-block-heading\">Souverainet\u00e9 : une d\u00e9pendance industrielle encore marqu\u00e9e<\/h3>\n\n\n\n<p>Le tableau europ\u00e9en met aussi en lumi\u00e8re un point de vigilance. L\u2019Europe a install\u00e9 plus de <strong>60 GW<\/strong> en 2024, mais sa production propre reste inf\u00e9rieure \u00e0 <strong>10 GW<\/strong>, avec un objectif affich\u00e9 autour de <strong>30 GW<\/strong> en 2030. La d\u00e9pendance aux cellules import\u00e9es, notamment d\u2019Asie, reste donc un sujet, m\u00eame quand les installations se multiplient.<\/p>\n\n\n\n<h2 class=\"wp-block-heading\">Ce que \u00e7a implique concr\u00e8tement : usages, autoconsommation, flexibilit\u00e9<\/h2>\n\n\n\n<p>Le photovolta\u00efque produit surtout en journ\u00e9e, avec des pics \u00e0 certaines saisons. Pour qu\u2019il apporte de la valeur au syst\u00e8me, la question devient tr\u00e8s pratique : quand produit-on, quand consomme-t-on, et comment synchroniser les deux sans cr\u00e9er de tensions inutiles.<\/p>\n\n\n\n<h3 class=\"wp-block-heading\">L\u2019autoconsommation gagne du terrain<\/h3>\n\n\n\n<p>Fin 2024, <strong>58,2 %<\/strong> des installations fonctionnent en autoconsommation totale ou partielle (SDES). Ce mouvement est coh\u00e9rent avec l\u2019\u00e9volution des tarifs d\u2019achat : le CNRS indique une baisse d\u2019environ <strong>12,64<\/strong> \u00e0 <strong>4 c\u20ac\/kWh<\/strong> (f\u00e9vrier 2025, selon les segments). Dans ce contexte, l\u2019arbitrage change : utiliser une partie de l\u2019\u00e9lectricit\u00e9 sur place peut devenir plus int\u00e9ressant que tout revendre.<\/p>\n\n\n\n<p>Le CNRS cite aussi l\u2019exemple de l\u2019universit\u00e9 de Grenoble, o\u00f9 la production est partag\u00e9e entre plusieurs b\u00e2timents via un cadre d\u2019<strong>autoconsommation collective<\/strong>. C\u2019est un bon r\u00e9sum\u00e9 de l\u2019id\u00e9e \u201csyst\u00e8me\u201d : on ne parle pas seulement de panneaux, mais d\u2019organisation locale de l\u2019\u00e9nergie.<\/p>\n\n\n\n<h3 class=\"wp-block-heading\">Compl\u00e9mentarit\u00e9s : quand le solaire tombe au bon moment, et quand il tombe \u201ctrop\u201d<\/h3>\n\n\n\n<p>Avec l\u2019\u00e9lectrification, notamment la recharge de v\u00e9hicules, une part de la demande se d\u00e9place vers la journ\u00e9e. Cela peut mieux correspondre aux heures de production solaire.<\/p>\n\n\n\n<p>Mais l\u2019alignement n\u2019est pas automatique. Le CNRS mentionne l\u2019apparition de <strong>prix n\u00e9gatifs<\/strong> sur le march\u00e9 de l\u2019\u00e9lectricit\u00e9 lors de certaines journ\u00e9es estivales \u00e0 faible demande, un signal de surproduction ponctuelle. Fr\u00e9d\u00e9ric Wurtz insiste alors sur un mot-cl\u00e9 : la <strong>flexibilit\u00e9<\/strong>. Le solaire ne remplace pas le socle nucl\u00e9aire et hydraulique ; il s\u2019y ajoute, et son int\u00e9r\u00eat d\u00e9pend de la capacit\u00e9 \u00e0 piloter certains usages, \u00e0 d\u00e9caler des consommations et, dans certains cas, \u00e0 recourir au <strong>stockage<\/strong>.<\/p>\n\n\n\n<p>Le photovolta\u00efque a des apports clairs : il progresse vite, il se d\u00e9ploie \u00e0 grande \u00e9chelle, et son co\u00fbt mat\u00e9riel n\u2019est plus le facteur principal d\u2019un projet. Dans un pays o\u00f9 l\u2019\u00e9lectricit\u00e9 est d\u00e9j\u00e0 largement bas-carbone, son efficacit\u00e9 ne se mesure pas seulement en puissance install\u00e9e, mais dans sa capacit\u00e9 \u00e0 servir des besoins concrets au bon moment, au bon endroit, et dans des cadres collectifs adapt\u00e9s.<\/p>\n\n\n\n<p>La question devient donc m\u00e9thodologique : comment organiser la consommation, et une partie du partage local, pour que chaque kilowattheure solaire compte r\u00e9ellement dans le syst\u00e8me, sans opposition st\u00e9rile avec les autres sources, et sans promesse irr\u00e9aliste d\u2019une solution unique.<\/p>\n","protected":false},"excerpt":{"rendered":"","protected":false},"author":2,"featured_media":271,"comment_status":"closed","ping_status":"closed","sticky":false,"template":"","format":"standard","meta":{"footnotes":""},"categories":[1],"tags":[],"class_list":["post-268","post","type-post","status-publish","format-standard","has-post-thumbnail","hentry","category-energies","masonry-post","generate-columns","tablet-grid-50","mobile-grid-100","grid-parent","grid-33"],"yoast_head":"<!-- This site is optimized with the Yoast SEO plugin v26.6 - https:\/\/yoast.com\/wordpress\/plugins\/seo\/ -->\n<title>Solaire en France : ce qu\u2019il apporte vraiment au syst\u00e8me \u00e9lectrique - ECOinfos<\/title>\n<meta name=\"description\" content=\"Le solaire ne se r\u00e9sume plus au \u201cpour ou contre\u201d. CNRS et SDES montrent comment le photovolta\u00efque s\u2019int\u00e8gre au mix fran\u00e7ais, avec ses forces et ses limites.\" \/>\n<meta name=\"robots\" content=\"index, follow, max-snippet:-1, max-image-preview:large, max-video-preview:-1\" \/>\n<link rel=\"canonical\" href=\"https:\/\/www.les-energies-renouvelables.eu\/article\/actualites\/energies\/solaire-en-france-ce-quil-apporte-vraiment-au-systeme-electrique-268\/\" \/>\n<meta property=\"og:locale\" content=\"fr_FR\" \/>\n<meta property=\"og:type\" content=\"article\" \/>\n<meta property=\"og:title\" content=\"Solaire en France : ce qu\u2019il apporte vraiment au syst\u00e8me \u00e9lectrique - ECOinfos\" \/>\n<meta property=\"og:description\" content=\"Le solaire ne se r\u00e9sume plus au \u201cpour ou contre\u201d. CNRS et SDES montrent comment le photovolta\u00efque s\u2019int\u00e8gre au mix fran\u00e7ais, avec ses forces et ses limites.\" \/>\n<meta property=\"og:url\" content=\"https:\/\/www.les-energies-renouvelables.eu\/article\/actualites\/energies\/solaire-en-france-ce-quil-apporte-vraiment-au-systeme-electrique-268\/\" \/>\n<meta property=\"og:site_name\" content=\"ECOinfos Energies renouvelables\" \/>\n<meta property=\"article:publisher\" content=\"https:\/\/www.facebook.com\/ecoannuaire.energierenouvelable\/\" \/>\n<meta property=\"article:author\" content=\"https:\/\/www.facebook.com\/tictacf2c\/\" \/>\n<meta property=\"article:published_time\" content=\"2026-01-22T07:00:00+00:00\" \/>\n<meta property=\"og:image\" content=\"https:\/\/www.les-energies-renouvelables.eu\/article\/actualites\/wp-content\/uploads\/2026\/01\/actualites-solaire-en-france-ce-quil-apporte-vraiment-au-systeme-electrique-place-du-photovoltaique-en-france.jpg\" \/>\n\t<meta property=\"og:image:width\" content=\"1200\" \/>\n\t<meta property=\"og:image:height\" content=\"675\" \/>\n\t<meta property=\"og:image:type\" content=\"image\/jpeg\" \/>\n<meta name=\"author\" content=\"Alexia JACQUARD\" \/>\n<meta name=\"twitter:card\" content=\"summary_large_image\" \/>\n<meta name=\"twitter:creator\" content=\"@alexiajcrd\" \/>\n<meta name=\"twitter:site\" content=\"@ECOinfosENR\" \/>\n<meta name=\"twitter:label1\" content=\"\u00c9crit par\" \/>\n\t<meta name=\"twitter:data1\" content=\"Alexia JACQUARD\" \/>\n\t<meta name=\"twitter:label2\" content=\"Dur\u00e9e de lecture estim\u00e9e\" \/>\n\t<meta name=\"twitter:data2\" content=\"6 minutes\" \/>\n<script type=\"application\/ld+json\" class=\"yoast-schema-graph\">{\"@context\":\"https:\/\/schema.org\",\"@graph\":[{\"@type\":\"Article\",\"@id\":\"https:\/\/www.les-energies-renouvelables.eu\/article\/actualites\/energies\/solaire-en-france-ce-quil-apporte-vraiment-au-systeme-electrique-268\/#article\",\"isPartOf\":{\"@id\":\"https:\/\/www.les-energies-renouvelables.eu\/article\/actualites\/energies\/solaire-en-france-ce-quil-apporte-vraiment-au-systeme-electrique-268\/\"},\"author\":{\"name\":\"Alexia JACQUARD\",\"@id\":\"https:\/\/www.les-energies-renouvelables.eu\/article\/actualites\/#\/schema\/person\/2c7d09eb5ca339c12ca8d86145440169\"},\"headline\":\"Solaire en France : ce qu\u2019il apporte vraiment au syst\u00e8me \u00e9lectrique\",\"datePublished\":\"2026-01-22T07:00:00+00:00\",\"mainEntityOfPage\":{\"@id\":\"https:\/\/www.les-energies-renouvelables.eu\/article\/actualites\/energies\/solaire-en-france-ce-quil-apporte-vraiment-au-systeme-electrique-268\/\"},\"wordCount\":1243,\"publisher\":{\"@id\":\"https:\/\/www.les-energies-renouvelables.eu\/article\/actualites\/#organization\"},\"image\":{\"@id\":\"https:\/\/www.les-energies-renouvelables.eu\/article\/actualites\/energies\/solaire-en-france-ce-quil-apporte-vraiment-au-systeme-electrique-268\/#primaryimage\"},\"thumbnailUrl\":\"https:\/\/www.les-energies-renouvelables.eu\/article\/actualites\/wp-content\/uploads\/2026\/01\/actualites-solaire-en-france-ce-quil-apporte-vraiment-au-systeme-electrique-place-du-photovoltaique-en-france.jpg\",\"articleSection\":[\"\u00c9nergies\"],\"inLanguage\":\"fr-FR\"},{\"@type\":\"WebPage\",\"@id\":\"https:\/\/www.les-energies-renouvelables.eu\/article\/actualites\/energies\/solaire-en-france-ce-quil-apporte-vraiment-au-systeme-electrique-268\/\",\"url\":\"https:\/\/www.les-energies-renouvelables.eu\/article\/actualites\/energies\/solaire-en-france-ce-quil-apporte-vraiment-au-systeme-electrique-268\/\",\"name\":\"Solaire en France : ce qu\u2019il apporte vraiment au syst\u00e8me \u00e9lectrique - ECOinfos\",\"isPartOf\":{\"@id\":\"https:\/\/www.les-energies-renouvelables.eu\/article\/actualites\/#website\"},\"primaryImageOfPage\":{\"@id\":\"https:\/\/www.les-energies-renouvelables.eu\/article\/actualites\/energies\/solaire-en-france-ce-quil-apporte-vraiment-au-systeme-electrique-268\/#primaryimage\"},\"image\":{\"@id\":\"https:\/\/www.les-energies-renouvelables.eu\/article\/actualites\/energies\/solaire-en-france-ce-quil-apporte-vraiment-au-systeme-electrique-268\/#primaryimage\"},\"thumbnailUrl\":\"https:\/\/www.les-energies-renouvelables.eu\/article\/actualites\/wp-content\/uploads\/2026\/01\/actualites-solaire-en-france-ce-quil-apporte-vraiment-au-systeme-electrique-place-du-photovoltaique-en-france.jpg\",\"datePublished\":\"2026-01-22T07:00:00+00:00\",\"description\":\"Le solaire ne se r\u00e9sume plus au \u201cpour ou contre\u201d. CNRS et SDES montrent comment le photovolta\u00efque s\u2019int\u00e8gre au mix fran\u00e7ais, avec ses forces et ses limites.\",\"breadcrumb\":{\"@id\":\"https:\/\/www.les-energies-renouvelables.eu\/article\/actualites\/energies\/solaire-en-france-ce-quil-apporte-vraiment-au-systeme-electrique-268\/#breadcrumb\"},\"inLanguage\":\"fr-FR\",\"potentialAction\":[{\"@type\":\"ReadAction\",\"target\":[\"https:\/\/www.les-energies-renouvelables.eu\/article\/actualites\/energies\/solaire-en-france-ce-quil-apporte-vraiment-au-systeme-electrique-268\/\"]}]},{\"@type\":\"ImageObject\",\"inLanguage\":\"fr-FR\",\"@id\":\"https:\/\/www.les-energies-renouvelables.eu\/article\/actualites\/energies\/solaire-en-france-ce-quil-apporte-vraiment-au-systeme-electrique-268\/#primaryimage\",\"url\":\"https:\/\/www.les-energies-renouvelables.eu\/article\/actualites\/wp-content\/uploads\/2026\/01\/actualites-solaire-en-france-ce-quil-apporte-vraiment-au-systeme-electrique-place-du-photovoltaique-en-france.jpg\",\"contentUrl\":\"https:\/\/www.les-energies-renouvelables.eu\/article\/actualites\/wp-content\/uploads\/2026\/01\/actualites-solaire-en-france-ce-quil-apporte-vraiment-au-systeme-electrique-place-du-photovoltaique-en-france.jpg\",\"width\":1200,\"height\":675,\"caption\":\"Ideogram\"},{\"@type\":\"BreadcrumbList\",\"@id\":\"https:\/\/www.les-energies-renouvelables.eu\/article\/actualites\/energies\/solaire-en-france-ce-quil-apporte-vraiment-au-systeme-electrique-268\/#breadcrumb\",\"itemListElement\":[{\"@type\":\"ListItem\",\"position\":1,\"name\":\"Accueil\",\"item\":\"https:\/\/www.les-energies-renouvelables.eu\/article\/actualites\/\"},{\"@type\":\"ListItem\",\"position\":2,\"name\":\"Solaire en France : ce qu\u2019il apporte vraiment au syst\u00e8me \u00e9lectrique\"}]},{\"@type\":\"WebSite\",\"@id\":\"https:\/\/www.les-energies-renouvelables.eu\/article\/actualites\/#website\",\"url\":\"https:\/\/www.les-energies-renouvelables.eu\/article\/actualites\/\",\"name\":\"ECOinfos Energies renouvelables\",\"description\":\"Le d\u00e9cryptage quotidien du secteur des \u00e9nergies renouvelables\",\"publisher\":{\"@id\":\"https:\/\/www.les-energies-renouvelables.eu\/article\/actualites\/#organization\"},\"potentialAction\":[{\"@type\":\"SearchAction\",\"target\":{\"@type\":\"EntryPoint\",\"urlTemplate\":\"https:\/\/www.les-energies-renouvelables.eu\/article\/actualites\/?s={search_term_string}\"},\"query-input\":{\"@type\":\"PropertyValueSpecification\",\"valueRequired\":true,\"valueName\":\"search_term_string\"}}],\"inLanguage\":\"fr-FR\"},{\"@type\":\"Organization\",\"@id\":\"https:\/\/www.les-energies-renouvelables.eu\/article\/actualites\/#organization\",\"name\":\"ECOinfos Energies renouvelables\",\"url\":\"https:\/\/www.les-energies-renouvelables.eu\/article\/actualites\/\",\"logo\":{\"@type\":\"ImageObject\",\"inLanguage\":\"fr-FR\",\"@id\":\"https:\/\/www.les-energies-renouvelables.eu\/article\/actualites\/#\/schema\/logo\/image\/\",\"url\":\"https:\/\/www.les-energies-renouvelables.eu\/article\/actualites\/wp-content\/uploads\/2025\/11\/ecoinfos.eldorado-consulting.com-logo-logo.svg\",\"contentUrl\":\"https:\/\/www.les-energies-renouvelables.eu\/article\/actualites\/wp-content\/uploads\/2025\/11\/ecoinfos.eldorado-consulting.com-logo-logo.svg\",\"caption\":\"ECOinfos Energies renouvelables\"},\"image\":{\"@id\":\"https:\/\/www.les-energies-renouvelables.eu\/article\/actualites\/#\/schema\/logo\/image\/\"},\"sameAs\":[\"https:\/\/www.facebook.com\/ecoannuaire.energierenouvelable\/\",\"https:\/\/x.com\/ECOinfosENR\",\"https:\/\/www.linkedin.com\/company\/ecoinfos-energies-renouvelables\/\",\"https:\/\/www.youtube.com\/@ecoinfosenergies\",\"https:\/\/share.google\/dyKHJPxAV42WhhjbM\"]},{\"@type\":\"Person\",\"@id\":\"https:\/\/www.les-energies-renouvelables.eu\/article\/actualites\/#\/schema\/person\/2c7d09eb5ca339c12ca8d86145440169\",\"name\":\"Alexia JACQUARD\",\"pronouns\":\"elle\/elle\",\"image\":{\"@type\":\"ImageObject\",\"inLanguage\":\"fr-FR\",\"@id\":\"https:\/\/www.les-energies-renouvelables.eu\/article\/actualites\/#\/schema\/person\/image\/\",\"url\":\"https:\/\/www.les-energies-renouvelables.eu\/article\/actualites\/wp-content\/uploads\/2026\/01\/actualites-alexia-jacquard-alexia-jacquard-160x160.jpg\",\"contentUrl\":\"https:\/\/www.les-energies-renouvelables.eu\/article\/actualites\/wp-content\/uploads\/2026\/01\/actualites-alexia-jacquard-alexia-jacquard-160x160.jpg\",\"caption\":\"Alexia JACQUARD\"},\"description\":\"Curieuse de nature et attentif aux enjeux du d\u00e9veloppement durable, Alexia Jacquard suit l'actualit\u00e9 des \u00e9nergies renouvelables pour partager les derni\u00e8res nouveaut\u00e9s du secteur. Elle s'attache \u00e0 retranscrire simplement les informations cl\u00e9s et les initiatives positives qui marquent la transition \u00e9nerg\u00e9tique. Son objectif : proposer des articles d'actualit\u00e9 clairs et accessibles pour tous ceux qui s'int\u00e9ressent \u00e0 l'avenir de notre \u00e9nergie.\",\"sameAs\":[\"https:\/\/alexia-jacquard.fr\",\"https:\/\/www.facebook.com\/tictacf2c\/\",\"https:\/\/www.instagram.com\/alexia_redac\/\",\"https:\/\/www.linkedin.com\/in\/alexia-jacquard-449a4b289\/\",\"https:\/\/fr.pinterest.com\/alexiajacquard\/\",\"https:\/\/x.com\/alexiajcrd\",\"https:\/\/www.youtube.com\/@Thepaindemie\",\"https:\/\/muckrack.com\/alexia-jacquard\"],\"url\":\"https:\/\/www.les-energies-renouvelables.eu\/article\/actualites\/author\/alexia-jacquard\/\"}]}<\/script>\n<!-- \/ Yoast SEO plugin. -->","yoast_head_json":{"title":"Solaire en France : ce qu\u2019il apporte vraiment au syst\u00e8me \u00e9lectrique - ECOinfos","description":"Le solaire ne se r\u00e9sume plus au \u201cpour ou contre\u201d. CNRS et SDES montrent comment le photovolta\u00efque s\u2019int\u00e8gre au mix fran\u00e7ais, avec ses forces et ses limites.","robots":{"index":"index","follow":"follow","max-snippet":"max-snippet:-1","max-image-preview":"max-image-preview:large","max-video-preview":"max-video-preview:-1"},"canonical":"https:\/\/www.les-energies-renouvelables.eu\/article\/actualites\/energies\/solaire-en-france-ce-quil-apporte-vraiment-au-systeme-electrique-268\/","og_locale":"fr_FR","og_type":"article","og_title":"Solaire en France : ce qu\u2019il apporte vraiment au syst\u00e8me \u00e9lectrique - ECOinfos","og_description":"Le solaire ne se r\u00e9sume plus au \u201cpour ou contre\u201d. CNRS et SDES montrent comment le photovolta\u00efque s\u2019int\u00e8gre au mix fran\u00e7ais, avec ses forces et ses limites.","og_url":"https:\/\/www.les-energies-renouvelables.eu\/article\/actualites\/energies\/solaire-en-france-ce-quil-apporte-vraiment-au-systeme-electrique-268\/","og_site_name":"ECOinfos Energies renouvelables","article_publisher":"https:\/\/www.facebook.com\/ecoannuaire.energierenouvelable\/","article_author":"https:\/\/www.facebook.com\/tictacf2c\/","article_published_time":"2026-01-22T07:00:00+00:00","og_image":[{"width":1200,"height":675,"url":"https:\/\/www.les-energies-renouvelables.eu\/article\/actualites\/wp-content\/uploads\/2026\/01\/actualites-solaire-en-france-ce-quil-apporte-vraiment-au-systeme-electrique-place-du-photovoltaique-en-france.jpg","type":"image\/jpeg"}],"author":"Alexia JACQUARD","twitter_card":"summary_large_image","twitter_creator":"@alexiajcrd","twitter_site":"@ECOinfosENR","twitter_misc":{"\u00c9crit par":"Alexia JACQUARD","Dur\u00e9e de lecture estim\u00e9e":"6 minutes"},"schema":{"@context":"https:\/\/schema.org","@graph":[{"@type":"Article","@id":"https:\/\/www.les-energies-renouvelables.eu\/article\/actualites\/energies\/solaire-en-france-ce-quil-apporte-vraiment-au-systeme-electrique-268\/#article","isPartOf":{"@id":"https:\/\/www.les-energies-renouvelables.eu\/article\/actualites\/energies\/solaire-en-france-ce-quil-apporte-vraiment-au-systeme-electrique-268\/"},"author":{"name":"Alexia JACQUARD","@id":"https:\/\/www.les-energies-renouvelables.eu\/article\/actualites\/#\/schema\/person\/2c7d09eb5ca339c12ca8d86145440169"},"headline":"Solaire en France : ce qu\u2019il apporte vraiment au syst\u00e8me \u00e9lectrique","datePublished":"2026-01-22T07:00:00+00:00","mainEntityOfPage":{"@id":"https:\/\/www.les-energies-renouvelables.eu\/article\/actualites\/energies\/solaire-en-france-ce-quil-apporte-vraiment-au-systeme-electrique-268\/"},"wordCount":1243,"publisher":{"@id":"https:\/\/www.les-energies-renouvelables.eu\/article\/actualites\/#organization"},"image":{"@id":"https:\/\/www.les-energies-renouvelables.eu\/article\/actualites\/energies\/solaire-en-france-ce-quil-apporte-vraiment-au-systeme-electrique-268\/#primaryimage"},"thumbnailUrl":"https:\/\/www.les-energies-renouvelables.eu\/article\/actualites\/wp-content\/uploads\/2026\/01\/actualites-solaire-en-france-ce-quil-apporte-vraiment-au-systeme-electrique-place-du-photovoltaique-en-france.jpg","articleSection":["\u00c9nergies"],"inLanguage":"fr-FR"},{"@type":"WebPage","@id":"https:\/\/www.les-energies-renouvelables.eu\/article\/actualites\/energies\/solaire-en-france-ce-quil-apporte-vraiment-au-systeme-electrique-268\/","url":"https:\/\/www.les-energies-renouvelables.eu\/article\/actualites\/energies\/solaire-en-france-ce-quil-apporte-vraiment-au-systeme-electrique-268\/","name":"Solaire en France : ce qu\u2019il apporte vraiment au syst\u00e8me \u00e9lectrique - ECOinfos","isPartOf":{"@id":"https:\/\/www.les-energies-renouvelables.eu\/article\/actualites\/#website"},"primaryImageOfPage":{"@id":"https:\/\/www.les-energies-renouvelables.eu\/article\/actualites\/energies\/solaire-en-france-ce-quil-apporte-vraiment-au-systeme-electrique-268\/#primaryimage"},"image":{"@id":"https:\/\/www.les-energies-renouvelables.eu\/article\/actualites\/energies\/solaire-en-france-ce-quil-apporte-vraiment-au-systeme-electrique-268\/#primaryimage"},"thumbnailUrl":"https:\/\/www.les-energies-renouvelables.eu\/article\/actualites\/wp-content\/uploads\/2026\/01\/actualites-solaire-en-france-ce-quil-apporte-vraiment-au-systeme-electrique-place-du-photovoltaique-en-france.jpg","datePublished":"2026-01-22T07:00:00+00:00","description":"Le solaire ne se r\u00e9sume plus au \u201cpour ou contre\u201d. CNRS et SDES montrent comment le photovolta\u00efque s\u2019int\u00e8gre au mix fran\u00e7ais, avec ses forces et ses limites.","breadcrumb":{"@id":"https:\/\/www.les-energies-renouvelables.eu\/article\/actualites\/energies\/solaire-en-france-ce-quil-apporte-vraiment-au-systeme-electrique-268\/#breadcrumb"},"inLanguage":"fr-FR","potentialAction":[{"@type":"ReadAction","target":["https:\/\/www.les-energies-renouvelables.eu\/article\/actualites\/energies\/solaire-en-france-ce-quil-apporte-vraiment-au-systeme-electrique-268\/"]}]},{"@type":"ImageObject","inLanguage":"fr-FR","@id":"https:\/\/www.les-energies-renouvelables.eu\/article\/actualites\/energies\/solaire-en-france-ce-quil-apporte-vraiment-au-systeme-electrique-268\/#primaryimage","url":"https:\/\/www.les-energies-renouvelables.eu\/article\/actualites\/wp-content\/uploads\/2026\/01\/actualites-solaire-en-france-ce-quil-apporte-vraiment-au-systeme-electrique-place-du-photovoltaique-en-france.jpg","contentUrl":"https:\/\/www.les-energies-renouvelables.eu\/article\/actualites\/wp-content\/uploads\/2026\/01\/actualites-solaire-en-france-ce-quil-apporte-vraiment-au-systeme-electrique-place-du-photovoltaique-en-france.jpg","width":1200,"height":675,"caption":"Ideogram"},{"@type":"BreadcrumbList","@id":"https:\/\/www.les-energies-renouvelables.eu\/article\/actualites\/energies\/solaire-en-france-ce-quil-apporte-vraiment-au-systeme-electrique-268\/#breadcrumb","itemListElement":[{"@type":"ListItem","position":1,"name":"Accueil","item":"https:\/\/www.les-energies-renouvelables.eu\/article\/actualites\/"},{"@type":"ListItem","position":2,"name":"Solaire en France : ce qu\u2019il apporte vraiment au syst\u00e8me \u00e9lectrique"}]},{"@type":"WebSite","@id":"https:\/\/www.les-energies-renouvelables.eu\/article\/actualites\/#website","url":"https:\/\/www.les-energies-renouvelables.eu\/article\/actualites\/","name":"ECOinfos Energies renouvelables","description":"Le d\u00e9cryptage quotidien du secteur des \u00e9nergies renouvelables","publisher":{"@id":"https:\/\/www.les-energies-renouvelables.eu\/article\/actualites\/#organization"},"potentialAction":[{"@type":"SearchAction","target":{"@type":"EntryPoint","urlTemplate":"https:\/\/www.les-energies-renouvelables.eu\/article\/actualites\/?s={search_term_string}"},"query-input":{"@type":"PropertyValueSpecification","valueRequired":true,"valueName":"search_term_string"}}],"inLanguage":"fr-FR"},{"@type":"Organization","@id":"https:\/\/www.les-energies-renouvelables.eu\/article\/actualites\/#organization","name":"ECOinfos Energies renouvelables","url":"https:\/\/www.les-energies-renouvelables.eu\/article\/actualites\/","logo":{"@type":"ImageObject","inLanguage":"fr-FR","@id":"https:\/\/www.les-energies-renouvelables.eu\/article\/actualites\/#\/schema\/logo\/image\/","url":"https:\/\/www.les-energies-renouvelables.eu\/article\/actualites\/wp-content\/uploads\/2025\/11\/ecoinfos.eldorado-consulting.com-logo-logo.svg","contentUrl":"https:\/\/www.les-energies-renouvelables.eu\/article\/actualites\/wp-content\/uploads\/2025\/11\/ecoinfos.eldorado-consulting.com-logo-logo.svg","caption":"ECOinfos Energies renouvelables"},"image":{"@id":"https:\/\/www.les-energies-renouvelables.eu\/article\/actualites\/#\/schema\/logo\/image\/"},"sameAs":["https:\/\/www.facebook.com\/ecoannuaire.energierenouvelable\/","https:\/\/x.com\/ECOinfosENR","https:\/\/www.linkedin.com\/company\/ecoinfos-energies-renouvelables\/","https:\/\/www.youtube.com\/@ecoinfosenergies","https:\/\/share.google\/dyKHJPxAV42WhhjbM"]},{"@type":"Person","@id":"https:\/\/www.les-energies-renouvelables.eu\/article\/actualites\/#\/schema\/person\/2c7d09eb5ca339c12ca8d86145440169","name":"Alexia JACQUARD","pronouns":"elle\/elle","image":{"@type":"ImageObject","inLanguage":"fr-FR","@id":"https:\/\/www.les-energies-renouvelables.eu\/article\/actualites\/#\/schema\/person\/image\/","url":"https:\/\/www.les-energies-renouvelables.eu\/article\/actualites\/wp-content\/uploads\/2026\/01\/actualites-alexia-jacquard-alexia-jacquard-160x160.jpg","contentUrl":"https:\/\/www.les-energies-renouvelables.eu\/article\/actualites\/wp-content\/uploads\/2026\/01\/actualites-alexia-jacquard-alexia-jacquard-160x160.jpg","caption":"Alexia JACQUARD"},"description":"Curieuse de nature et attentif aux enjeux du d\u00e9veloppement durable, Alexia Jacquard suit l'actualit\u00e9 des \u00e9nergies renouvelables pour partager les derni\u00e8res nouveaut\u00e9s du secteur. Elle s'attache \u00e0 retranscrire simplement les informations cl\u00e9s et les initiatives positives qui marquent la transition \u00e9nerg\u00e9tique. Son objectif : proposer des articles d'actualit\u00e9 clairs et accessibles pour tous ceux qui s'int\u00e9ressent \u00e0 l'avenir de notre \u00e9nergie.","sameAs":["https:\/\/alexia-jacquard.fr","https:\/\/www.facebook.com\/tictacf2c\/","https:\/\/www.instagram.com\/alexia_redac\/","https:\/\/www.linkedin.com\/in\/alexia-jacquard-449a4b289\/","https:\/\/fr.pinterest.com\/alexiajacquard\/","https:\/\/x.com\/alexiajcrd","https:\/\/www.youtube.com\/@Thepaindemie","https:\/\/muckrack.com\/alexia-jacquard"],"url":"https:\/\/www.les-energies-renouvelables.eu\/article\/actualites\/author\/alexia-jacquard\/"}]}},"_links":{"self":[{"href":"https:\/\/www.les-energies-renouvelables.eu\/article\/actualites\/wp-json\/wp\/v2\/posts\/268","targetHints":{"allow":["GET"]}}],"collection":[{"href":"https:\/\/www.les-energies-renouvelables.eu\/article\/actualites\/wp-json\/wp\/v2\/posts"}],"about":[{"href":"https:\/\/www.les-energies-renouvelables.eu\/article\/actualites\/wp-json\/wp\/v2\/types\/post"}],"author":[{"embeddable":true,"href":"https:\/\/www.les-energies-renouvelables.eu\/article\/actualites\/wp-json\/wp\/v2\/users\/2"}],"replies":[{"embeddable":true,"href":"https:\/\/www.les-energies-renouvelables.eu\/article\/actualites\/wp-json\/wp\/v2\/comments?post=268"}],"version-history":[{"count":1,"href":"https:\/\/www.les-energies-renouvelables.eu\/article\/actualites\/wp-json\/wp\/v2\/posts\/268\/revisions"}],"predecessor-version":[{"id":269,"href":"https:\/\/www.les-energies-renouvelables.eu\/article\/actualites\/wp-json\/wp\/v2\/posts\/268\/revisions\/269"}],"wp:featuredmedia":[{"embeddable":true,"href":"https:\/\/www.les-energies-renouvelables.eu\/article\/actualites\/wp-json\/wp\/v2\/media\/271"}],"wp:attachment":[{"href":"https:\/\/www.les-energies-renouvelables.eu\/article\/actualites\/wp-json\/wp\/v2\/media?parent=268"}],"wp:term":[{"taxonomy":"category","embeddable":true,"href":"https:\/\/www.les-energies-renouvelables.eu\/article\/actualites\/wp-json\/wp\/v2\/categories?post=268"},{"taxonomy":"post_tag","embeddable":true,"href":"https:\/\/www.les-energies-renouvelables.eu\/article\/actualites\/wp-json\/wp\/v2\/tags?post=268"}],"curies":[{"name":"wp","href":"https:\/\/api.w.org\/{rel}","templated":true}]}}