{"id":265,"date":"2026-01-21T08:00:00","date_gmt":"2026-01-21T07:00:00","guid":{"rendered":"https:\/\/www.les-energies-renouvelables.eu\/article\/actualites\/?p=265"},"modified":"2026-01-21T10:04:29","modified_gmt":"2026-01-21T09:04:29","slug":"energaia-2026-les-sujets-qui-vont-decider-du-rythme-des-renouvelables-en-france","status":"publish","type":"post","link":"https:\/\/www.les-energies-renouvelables.eu\/article\/actualites\/energies\/energaia-2026-les-sujets-qui-vont-decider-du-rythme-des-renouvelables-en-france-265\/","title":{"rendered":"EnerGa\u00efa 2026 : les sujets qui vont d\u00e9cider du rythme des renouvelables en France"},"content":{"rendered":"\n<p>R\u00e9sum\u00e9 :&nbsp;<\/p>\n\n\n\n<ul class=\"wp-block-list\">\n<li><strong>L\u2019\u00e9v\u00e9nement :<\/strong> 20e \u00e9dition, avec industriels, d\u00e9cideurs et collectivit\u00e9s autour de solutions de <strong>transition \u00e9nerg\u00e9tique<\/strong>.<\/li>\n\n\n\n<li><strong>Le signal :<\/strong> l\u2019accent se d\u00e9place vers l\u2019<strong>industrialisation des solutions<\/strong> et l\u2019<strong>hybridation des technologies<\/strong>.<\/li>\n\n\n\n<li><strong>Le verrou :<\/strong> faire avancer r\u00e9seau et <strong>partage de la valeur<\/strong> gr\u00e2ce \u00e0 l\u2019intelligence collective et aux <strong>retours d\u2019exp\u00e9rience<\/strong>.<\/li>\n<\/ul>\n\n\n\n<p>Montpellier accueillera EnerGa\u00efa les <strong>9 et 10 d\u00e9cembre 2026<\/strong>. L\u2019organisation est assur\u00e9e par la R\u00e9gion Occitanie via <strong>SPL Occitanie Events<\/strong>. Dans les faits, ce type de forum sert surtout de point de rencontre : d\u00e9veloppeurs, industriels, \u00e9lus, bureaux d\u2019\u00e9tudes et collectivit\u00e9s viennent y confronter solutions et <strong>contraintes de terrain<\/strong>.<\/p>\n\n\n\n<p>La derni\u00e8re \u00e9dition a r\u00e9uni <strong>22 600 participants<\/strong> et <strong>560 exposants<\/strong>. Au-del\u00e0 du volume, un message ressort : la fili\u00e8re cherche moins \u00e0 empiler des projets qu\u2019\u00e0 <strong>mettre en \u0153uvre<\/strong> \u2014 et \u00e0 lever ce qui bloque, du raccordement jusqu\u2019\u00e0 l\u2019acceptabilit\u00e9. L\u2019Occitanie, avec son objectif de <strong>\u201cR\u00e9gion \u00e0 \u00c9nergie Positive\u201d<\/strong>, utilise aussi ce cadre pour mettre en circulation des retours d\u2019exp\u00e9rience sur la <strong>d\u00e9carbonation<\/strong>.<\/p>\n\n\n\n<h2 class=\"wp-block-heading\">Le fait : un forum 100 % EnR ancr\u00e9 dans la r\u00e9alit\u00e9 territoriale<\/h2>\n\n\n\n<p>D\u2019apr\u00e8s ses organisateurs, EnerGa\u00efa couvre l\u2019ensemble de la <strong>cha\u00eene de valeur des EnR<\/strong> : production d\u2019\u00e9nergie et usages dans l\u2019<strong>industrie<\/strong>, le <strong>b\u00e2timent<\/strong>, l\u2019<strong>agriculture<\/strong> ou la <strong>mobilit\u00e9<\/strong>.<\/p>\n\n\n\n<p>Le format s\u2019appuie sur une logistique cons\u00e9quente (<strong>7 halls<\/strong> mobilis\u00e9s lors de la derni\u00e8re \u00e9dition) et un programme dense, avec <strong>120 tables rondes<\/strong>, conf\u00e9rences et pitchs. Autrement dit : pas seulement une vitrine technologique. On y parle aussi <strong>comp\u00e9tences<\/strong>, <strong>formation<\/strong> et <strong>partenariats industriels<\/strong> \u2014 des sujets indispensables si l\u2019on veut tenir le rythme actuel des chantiers.<\/p>\n\n\n\n<h2 class=\"wp-block-heading\">Pourquoi c\u2019est un signal : ce que le forum refl\u00e8te des priorit\u00e9s EnR<\/h2>\n\n\n\n<p>Ce qui se retrouve \u00e0 l\u2019agenda dit beaucoup des pr\u00e9occupations du moment. \u00c0 Montpellier, trois lignes ressortent nettement.<\/p>\n\n\n\n<h3 class=\"wp-block-heading\">Approche syst\u00e8me : hybridation et stockage<\/h3>\n\n\n\n<p>La fili\u00e8re s\u2019\u00e9loigne progressivement des logiques en silos. Dans les \u00e9changes entre acteurs, l\u2019<strong>hybridation (\u00e9olien + solaire)<\/strong> est de plus en plus pr\u00e9sent\u00e9e comme une fa\u00e7on de composer avec des <strong>contraintes de raccordement<\/strong>, avec le <strong>stockage<\/strong> en appui. Le forum aborde aussi le <strong>repowering<\/strong> (modernisation des parcs) et la <strong>d\u00e9carbonation industrielle<\/strong> : on parle moins \u201ccapacit\u00e9 install\u00e9e\u201d et davantage <strong>optimisation du kilowatt-heure<\/strong> inject\u00e9.<\/p>\n\n\n\n<h3 class=\"wp-block-heading\">D\u00e9fi du terrain : acceptabilit\u00e9 et partage de la valeur<\/h3>\n\n\n\n<p>L\u2019<strong>int\u00e9gration territoriale<\/strong> reste un point sensible. Dans le prolongement des discussions 2025, le <strong>partage de la valeur<\/strong>avec riverains et collectivit\u00e9s revient souvent comme un point de bascule pour l\u2019<strong>appropriation locale<\/strong>. C\u00f4t\u00e9 d\u00e9veloppeurs, EnerGa\u00efa sert surtout \u00e0 comparer des m\u00e9thodes de <strong>concertation<\/strong> : ce qui fonctionne, ce qui coince, et comment \u00e9viter d\u2019ajouter du blocage en voulant aller vite.<\/p>\n\n\n\n<h3 class=\"wp-block-heading\">Usages : industrie, b\u00e2timent, mobilit\u00e9<\/h3>\n\n\n\n<p><strong>Autoconsommation collective<\/strong>, <strong>solaire thermique<\/strong>, <strong>g\u00e9othermie<\/strong>, <strong>\u00e9olien en mer<\/strong> : le forum passe en revue des solutions op\u00e9rationnelles, avec une logique \u201cusage\u201d plus que \u201ctechnologie\u201d. Il met aussi en avant la dimension sociale via le <strong>Grand Challenge Solidaire<\/strong>, qui rappelle que la transition \u00e9nerg\u00e9tique se joue \u00e9galement sur le terrain de la <strong>pr\u00e9carit\u00e9 \u00e9nerg\u00e9tique<\/strong>.<\/p>\n\n\n\n<h2 class=\"wp-block-heading\">Ce que le lecteur doit retenir : anticiper pour agir<\/h2>\n\n\n\n<p>EnerGa\u00efa vise d\u2019abord les d\u00e9cideurs et <strong>porteurs de projets<\/strong> \u2014 industriels, \u00e9lus, agriculteurs \u2014 qui cherchent des <strong>mod\u00e8les viables (PPA, autoconsommation)<\/strong> et des retours concrets sur les conditions de d\u00e9ploiement.<\/p>\n\n\n\n<h3 class=\"wp-block-heading\">La m\u00e9thode par l\u2019exemple<\/h3>\n\n\n\n<p>Ce que viennent chercher les professionnels : des <strong>cas r\u00e9els<\/strong> et des \u00e9changes \u201csans th\u00e9orie\u201d. <strong>Financement<\/strong>, raccordement, int\u00e9gration locale\u2026 L\u2019<strong>intelligence collective<\/strong> sert ici de raccourci pour identifier des pratiques utiles et r\u00e9duire les situations de blocage.<\/p>\n\n\n\n<h3 class=\"wp-block-heading\">Informations pratiques<\/h3>\n\n\n\n<ul class=\"wp-block-list\">\n<li><strong>Programme et modalit\u00e9s d\u2019acc\u00e8s :<\/strong> <a href=\"https:\/\/www.energaia.fr\/\" rel=\"nofollow\">energaia.fr<\/a><\/li>\n\n\n\n<li><strong>Dates :<\/strong> 9 et 10 d\u00e9cembre 2026<\/li>\n\n\n\n<li><strong>Lieu :<\/strong> Parc des Expositions de Montpellier<\/li>\n<\/ul>\n\n\n\n<p>En 2026, le vrai test ne sera-t-il pas de prouver qu\u2019on peut acc\u00e9l\u00e9rer (<strong>raccordement<\/strong>, <strong>financement<\/strong>, <strong>industrialisation<\/strong>) tout en s\u00e9curisant une <strong>concertation locale<\/strong> capable de r\u00e9duire les blocages plut\u00f4t que de simplement les d\u00e9placer ?<\/p>\n","protected":false},"excerpt":{"rendered":"","protected":false},"author":2,"featured_media":267,"comment_status":"closed","ping_status":"closed","sticky":false,"template":"","format":"standard","meta":{"footnotes":""},"categories":[1],"tags":[],"class_list":["post-265","post","type-post","status-publish","format-standard","has-post-thumbnail","hentry","category-energies","masonry-post","generate-columns","tablet-grid-50","mobile-grid-100","grid-parent","grid-33"],"yoast_head":"<!-- This site is optimized with the Yoast SEO plugin v26.6 - https:\/\/yoast.com\/wordpress\/plugins\/seo\/ -->\n<title>EnerGa\u00efa 2026 : les sujets qui vont d\u00e9cider du rythme des renouvelables en France - ECOinfos<\/title>\n<meta name=\"description\" content=\"D\u00e9couvrez pourquoi le Forum EnerGa\u00efa 2026 \u00e0 Montpellier est le barom\u00e8tre des \u00e9nergies renouvelables en France. Analyse des solutions sur le stockage, le raccordement et l&#039;acceptabilit\u00e9 locale pour acc\u00e9l\u00e9rer la transition \u00e9nerg\u00e9tique.\" \/>\n<meta name=\"robots\" content=\"index, follow, max-snippet:-1, max-image-preview:large, max-video-preview:-1\" \/>\n<link rel=\"canonical\" href=\"https:\/\/www.les-energies-renouvelables.eu\/article\/actualites\/energies\/energaia-2026-les-sujets-qui-vont-decider-du-rythme-des-renouvelables-en-france-265\/\" \/>\n<meta property=\"og:locale\" content=\"fr_FR\" \/>\n<meta property=\"og:type\" content=\"article\" \/>\n<meta property=\"og:title\" content=\"EnerGa\u00efa 2026 : les sujets qui vont d\u00e9cider du rythme des renouvelables en France - ECOinfos\" \/>\n<meta property=\"og:description\" content=\"D\u00e9couvrez pourquoi le Forum EnerGa\u00efa 2026 \u00e0 Montpellier est le barom\u00e8tre des \u00e9nergies renouvelables en France. Analyse des solutions sur le stockage, le raccordement et l&#039;acceptabilit\u00e9 locale pour acc\u00e9l\u00e9rer la transition \u00e9nerg\u00e9tique.\" \/>\n<meta property=\"og:url\" content=\"https:\/\/www.les-energies-renouvelables.eu\/article\/actualites\/energies\/energaia-2026-les-sujets-qui-vont-decider-du-rythme-des-renouvelables-en-france-265\/\" \/>\n<meta property=\"og:site_name\" content=\"ECOinfos Energies renouvelables\" \/>\n<meta property=\"article:publisher\" content=\"https:\/\/www.facebook.com\/ecoannuaire.energierenouvelable\/\" \/>\n<meta property=\"article:author\" content=\"https:\/\/www.facebook.com\/tictacf2c\/\" \/>\n<meta property=\"article:published_time\" content=\"2026-01-21T07:00:00+00:00\" \/>\n<meta property=\"article:modified_time\" content=\"2026-01-21T09:04:29+00:00\" \/>\n<meta property=\"og:image\" content=\"https:\/\/www.les-energies-renouvelables.eu\/article\/actualites\/wp-content\/uploads\/2026\/01\/actualites-energaia-2026-les-sujets-qui-vont-decider-du-rythme-des-renouvelables-en-france-forum-energaia-2026.jpg\" \/>\n\t<meta property=\"og:image:width\" content=\"1200\" \/>\n\t<meta property=\"og:image:height\" content=\"675\" \/>\n\t<meta property=\"og:image:type\" content=\"image\/jpeg\" \/>\n<meta name=\"author\" content=\"Alexia JACQUARD\" \/>\n<meta name=\"twitter:card\" content=\"summary_large_image\" \/>\n<meta name=\"twitter:creator\" content=\"@alexiajcrd\" \/>\n<meta name=\"twitter:site\" content=\"@ECOinfosENR\" \/>\n<meta name=\"twitter:label1\" content=\"\u00c9crit par\" \/>\n\t<meta name=\"twitter:data1\" content=\"Alexia JACQUARD\" \/>\n\t<meta name=\"twitter:label2\" content=\"Dur\u00e9e de lecture estim\u00e9e\" \/>\n\t<meta name=\"twitter:data2\" content=\"4 minutes\" \/>\n<script type=\"application\/ld+json\" class=\"yoast-schema-graph\">{\"@context\":\"https:\/\/schema.org\",\"@graph\":[{\"@type\":\"Article\",\"@id\":\"https:\/\/www.les-energies-renouvelables.eu\/article\/actualites\/energies\/energaia-2026-les-sujets-qui-vont-decider-du-rythme-des-renouvelables-en-france-265\/#article\",\"isPartOf\":{\"@id\":\"https:\/\/www.les-energies-renouvelables.eu\/article\/actualites\/energies\/energaia-2026-les-sujets-qui-vont-decider-du-rythme-des-renouvelables-en-france-265\/\"},\"author\":{\"name\":\"Alexia JACQUARD\",\"@id\":\"https:\/\/www.les-energies-renouvelables.eu\/article\/actualites\/#\/schema\/person\/2c7d09eb5ca339c12ca8d86145440169\"},\"headline\":\"EnerGa\u00efa 2026 : les sujets qui vont d\u00e9cider du rythme des renouvelables en France\",\"datePublished\":\"2026-01-21T07:00:00+00:00\",\"dateModified\":\"2026-01-21T09:04:29+00:00\",\"mainEntityOfPage\":{\"@id\":\"https:\/\/www.les-energies-renouvelables.eu\/article\/actualites\/energies\/energaia-2026-les-sujets-qui-vont-decider-du-rythme-des-renouvelables-en-france-265\/\"},\"wordCount\":689,\"publisher\":{\"@id\":\"https:\/\/www.les-energies-renouvelables.eu\/article\/actualites\/#organization\"},\"image\":{\"@id\":\"https:\/\/www.les-energies-renouvelables.eu\/article\/actualites\/energies\/energaia-2026-les-sujets-qui-vont-decider-du-rythme-des-renouvelables-en-france-265\/#primaryimage\"},\"thumbnailUrl\":\"https:\/\/www.les-energies-renouvelables.eu\/article\/actualites\/wp-content\/uploads\/2026\/01\/actualites-energaia-2026-les-sujets-qui-vont-decider-du-rythme-des-renouvelables-en-france-forum-energaia-2026.jpg\",\"articleSection\":[\"\u00c9nergies\"],\"inLanguage\":\"fr-FR\"},{\"@type\":\"WebPage\",\"@id\":\"https:\/\/www.les-energies-renouvelables.eu\/article\/actualites\/energies\/energaia-2026-les-sujets-qui-vont-decider-du-rythme-des-renouvelables-en-france-265\/\",\"url\":\"https:\/\/www.les-energies-renouvelables.eu\/article\/actualites\/energies\/energaia-2026-les-sujets-qui-vont-decider-du-rythme-des-renouvelables-en-france-265\/\",\"name\":\"EnerGa\u00efa 2026 : les sujets qui vont d\u00e9cider du rythme des renouvelables en France - ECOinfos\",\"isPartOf\":{\"@id\":\"https:\/\/www.les-energies-renouvelables.eu\/article\/actualites\/#website\"},\"primaryImageOfPage\":{\"@id\":\"https:\/\/www.les-energies-renouvelables.eu\/article\/actualites\/energies\/energaia-2026-les-sujets-qui-vont-decider-du-rythme-des-renouvelables-en-france-265\/#primaryimage\"},\"image\":{\"@id\":\"https:\/\/www.les-energies-renouvelables.eu\/article\/actualites\/energies\/energaia-2026-les-sujets-qui-vont-decider-du-rythme-des-renouvelables-en-france-265\/#primaryimage\"},\"thumbnailUrl\":\"https:\/\/www.les-energies-renouvelables.eu\/article\/actualites\/wp-content\/uploads\/2026\/01\/actualites-energaia-2026-les-sujets-qui-vont-decider-du-rythme-des-renouvelables-en-france-forum-energaia-2026.jpg\",\"datePublished\":\"2026-01-21T07:00:00+00:00\",\"dateModified\":\"2026-01-21T09:04:29+00:00\",\"description\":\"D\u00e9couvrez pourquoi le Forum EnerGa\u00efa 2026 \u00e0 Montpellier est le barom\u00e8tre des \u00e9nergies renouvelables en France. Analyse des solutions sur le stockage, le raccordement et l'acceptabilit\u00e9 locale pour acc\u00e9l\u00e9rer la transition \u00e9nerg\u00e9tique.\",\"breadcrumb\":{\"@id\":\"https:\/\/www.les-energies-renouvelables.eu\/article\/actualites\/energies\/energaia-2026-les-sujets-qui-vont-decider-du-rythme-des-renouvelables-en-france-265\/#breadcrumb\"},\"inLanguage\":\"fr-FR\",\"potentialAction\":[{\"@type\":\"ReadAction\",\"target\":[\"https:\/\/www.les-energies-renouvelables.eu\/article\/actualites\/energies\/energaia-2026-les-sujets-qui-vont-decider-du-rythme-des-renouvelables-en-france-265\/\"]}]},{\"@type\":\"ImageObject\",\"inLanguage\":\"fr-FR\",\"@id\":\"https:\/\/www.les-energies-renouvelables.eu\/article\/actualites\/energies\/energaia-2026-les-sujets-qui-vont-decider-du-rythme-des-renouvelables-en-france-265\/#primaryimage\",\"url\":\"https:\/\/www.les-energies-renouvelables.eu\/article\/actualites\/wp-content\/uploads\/2026\/01\/actualites-energaia-2026-les-sujets-qui-vont-decider-du-rythme-des-renouvelables-en-france-forum-energaia-2026.jpg\",\"contentUrl\":\"https:\/\/www.les-energies-renouvelables.eu\/article\/actualites\/wp-content\/uploads\/2026\/01\/actualites-energaia-2026-les-sujets-qui-vont-decider-du-rythme-des-renouvelables-en-france-forum-energaia-2026.jpg\",\"width\":1200,\"height\":675,\"caption\":\"Ideogram\"},{\"@type\":\"BreadcrumbList\",\"@id\":\"https:\/\/www.les-energies-renouvelables.eu\/article\/actualites\/energies\/energaia-2026-les-sujets-qui-vont-decider-du-rythme-des-renouvelables-en-france-265\/#breadcrumb\",\"itemListElement\":[{\"@type\":\"ListItem\",\"position\":1,\"name\":\"Accueil\",\"item\":\"https:\/\/www.les-energies-renouvelables.eu\/article\/actualites\/\"},{\"@type\":\"ListItem\",\"position\":2,\"name\":\"EnerGa\u00efa 2026 : les sujets qui vont d\u00e9cider du rythme des renouvelables en France\"}]},{\"@type\":\"WebSite\",\"@id\":\"https:\/\/www.les-energies-renouvelables.eu\/article\/actualites\/#website\",\"url\":\"https:\/\/www.les-energies-renouvelables.eu\/article\/actualites\/\",\"name\":\"ECOinfos Energies renouvelables\",\"description\":\"Le d\u00e9cryptage quotidien du secteur des \u00e9nergies renouvelables\",\"publisher\":{\"@id\":\"https:\/\/www.les-energies-renouvelables.eu\/article\/actualites\/#organization\"},\"potentialAction\":[{\"@type\":\"SearchAction\",\"target\":{\"@type\":\"EntryPoint\",\"urlTemplate\":\"https:\/\/www.les-energies-renouvelables.eu\/article\/actualites\/?s={search_term_string}\"},\"query-input\":{\"@type\":\"PropertyValueSpecification\",\"valueRequired\":true,\"valueName\":\"search_term_string\"}}],\"inLanguage\":\"fr-FR\"},{\"@type\":\"Organization\",\"@id\":\"https:\/\/www.les-energies-renouvelables.eu\/article\/actualites\/#organization\",\"name\":\"ECOinfos Energies renouvelables\",\"url\":\"https:\/\/www.les-energies-renouvelables.eu\/article\/actualites\/\",\"logo\":{\"@type\":\"ImageObject\",\"inLanguage\":\"fr-FR\",\"@id\":\"https:\/\/www.les-energies-renouvelables.eu\/article\/actualites\/#\/schema\/logo\/image\/\",\"url\":\"https:\/\/www.les-energies-renouvelables.eu\/article\/actualites\/wp-content\/uploads\/2025\/11\/ecoinfos.eldorado-consulting.com-logo-logo.svg\",\"contentUrl\":\"https:\/\/www.les-energies-renouvelables.eu\/article\/actualites\/wp-content\/uploads\/2025\/11\/ecoinfos.eldorado-consulting.com-logo-logo.svg\",\"caption\":\"ECOinfos Energies renouvelables\"},\"image\":{\"@id\":\"https:\/\/www.les-energies-renouvelables.eu\/article\/actualites\/#\/schema\/logo\/image\/\"},\"sameAs\":[\"https:\/\/www.facebook.com\/ecoannuaire.energierenouvelable\/\",\"https:\/\/x.com\/ECOinfosENR\",\"https:\/\/www.linkedin.com\/company\/ecoinfos-energies-renouvelables\/\",\"https:\/\/www.youtube.com\/@ecoinfosenergies\",\"https:\/\/share.google\/dyKHJPxAV42WhhjbM\"]},{\"@type\":\"Person\",\"@id\":\"https:\/\/www.les-energies-renouvelables.eu\/article\/actualites\/#\/schema\/person\/2c7d09eb5ca339c12ca8d86145440169\",\"name\":\"Alexia JACQUARD\",\"pronouns\":\"elle\/elle\",\"image\":{\"@type\":\"ImageObject\",\"inLanguage\":\"fr-FR\",\"@id\":\"https:\/\/www.les-energies-renouvelables.eu\/article\/actualites\/#\/schema\/person\/image\/\",\"url\":\"https:\/\/www.les-energies-renouvelables.eu\/article\/actualites\/wp-content\/uploads\/2026\/01\/actualites-alexia-jacquard-alexia-jacquard-160x160.jpg\",\"contentUrl\":\"https:\/\/www.les-energies-renouvelables.eu\/article\/actualites\/wp-content\/uploads\/2026\/01\/actualites-alexia-jacquard-alexia-jacquard-160x160.jpg\",\"caption\":\"Alexia JACQUARD\"},\"description\":\"Curieuse de nature et attentif aux enjeux du d\u00e9veloppement durable, Alexia Jacquard suit l'actualit\u00e9 des \u00e9nergies renouvelables pour partager les derni\u00e8res nouveaut\u00e9s du secteur. Elle s'attache \u00e0 retranscrire simplement les informations cl\u00e9s et les initiatives positives qui marquent la transition \u00e9nerg\u00e9tique. Son objectif : proposer des articles d'actualit\u00e9 clairs et accessibles pour tous ceux qui s'int\u00e9ressent \u00e0 l'avenir de notre \u00e9nergie.\",\"sameAs\":[\"https:\/\/alexia-jacquard.fr\",\"https:\/\/www.facebook.com\/tictacf2c\/\",\"https:\/\/www.instagram.com\/alexia_redac\/\",\"https:\/\/www.linkedin.com\/in\/alexia-jacquard-449a4b289\/\",\"https:\/\/fr.pinterest.com\/alexiajacquard\/\",\"https:\/\/x.com\/alexiajcrd\",\"https:\/\/www.youtube.com\/@Thepaindemie\",\"https:\/\/muckrack.com\/alexia-jacquard\"],\"url\":\"https:\/\/www.les-energies-renouvelables.eu\/article\/actualites\/author\/alexia-jacquard\/\"}]}<\/script>\n<!-- \/ Yoast SEO plugin. -->","yoast_head_json":{"title":"EnerGa\u00efa 2026 : les sujets qui vont d\u00e9cider du rythme des renouvelables en France - ECOinfos","description":"D\u00e9couvrez pourquoi le Forum EnerGa\u00efa 2026 \u00e0 Montpellier est le barom\u00e8tre des \u00e9nergies renouvelables en France. Analyse des solutions sur le stockage, le raccordement et l'acceptabilit\u00e9 locale pour acc\u00e9l\u00e9rer la transition \u00e9nerg\u00e9tique.","robots":{"index":"index","follow":"follow","max-snippet":"max-snippet:-1","max-image-preview":"max-image-preview:large","max-video-preview":"max-video-preview:-1"},"canonical":"https:\/\/www.les-energies-renouvelables.eu\/article\/actualites\/energies\/energaia-2026-les-sujets-qui-vont-decider-du-rythme-des-renouvelables-en-france-265\/","og_locale":"fr_FR","og_type":"article","og_title":"EnerGa\u00efa 2026 : les sujets qui vont d\u00e9cider du rythme des renouvelables en France - ECOinfos","og_description":"D\u00e9couvrez pourquoi le Forum EnerGa\u00efa 2026 \u00e0 Montpellier est le barom\u00e8tre des \u00e9nergies renouvelables en France. Analyse des solutions sur le stockage, le raccordement et l'acceptabilit\u00e9 locale pour acc\u00e9l\u00e9rer la transition \u00e9nerg\u00e9tique.","og_url":"https:\/\/www.les-energies-renouvelables.eu\/article\/actualites\/energies\/energaia-2026-les-sujets-qui-vont-decider-du-rythme-des-renouvelables-en-france-265\/","og_site_name":"ECOinfos Energies renouvelables","article_publisher":"https:\/\/www.facebook.com\/ecoannuaire.energierenouvelable\/","article_author":"https:\/\/www.facebook.com\/tictacf2c\/","article_published_time":"2026-01-21T07:00:00+00:00","article_modified_time":"2026-01-21T09:04:29+00:00","og_image":[{"width":1200,"height":675,"url":"https:\/\/www.les-energies-renouvelables.eu\/article\/actualites\/wp-content\/uploads\/2026\/01\/actualites-energaia-2026-les-sujets-qui-vont-decider-du-rythme-des-renouvelables-en-france-forum-energaia-2026.jpg","type":"image\/jpeg"}],"author":"Alexia JACQUARD","twitter_card":"summary_large_image","twitter_creator":"@alexiajcrd","twitter_site":"@ECOinfosENR","twitter_misc":{"\u00c9crit par":"Alexia JACQUARD","Dur\u00e9e de lecture estim\u00e9e":"4 minutes"},"schema":{"@context":"https:\/\/schema.org","@graph":[{"@type":"Article","@id":"https:\/\/www.les-energies-renouvelables.eu\/article\/actualites\/energies\/energaia-2026-les-sujets-qui-vont-decider-du-rythme-des-renouvelables-en-france-265\/#article","isPartOf":{"@id":"https:\/\/www.les-energies-renouvelables.eu\/article\/actualites\/energies\/energaia-2026-les-sujets-qui-vont-decider-du-rythme-des-renouvelables-en-france-265\/"},"author":{"name":"Alexia JACQUARD","@id":"https:\/\/www.les-energies-renouvelables.eu\/article\/actualites\/#\/schema\/person\/2c7d09eb5ca339c12ca8d86145440169"},"headline":"EnerGa\u00efa 2026 : les sujets qui vont d\u00e9cider du rythme des renouvelables en France","datePublished":"2026-01-21T07:00:00+00:00","dateModified":"2026-01-21T09:04:29+00:00","mainEntityOfPage":{"@id":"https:\/\/www.les-energies-renouvelables.eu\/article\/actualites\/energies\/energaia-2026-les-sujets-qui-vont-decider-du-rythme-des-renouvelables-en-france-265\/"},"wordCount":689,"publisher":{"@id":"https:\/\/www.les-energies-renouvelables.eu\/article\/actualites\/#organization"},"image":{"@id":"https:\/\/www.les-energies-renouvelables.eu\/article\/actualites\/energies\/energaia-2026-les-sujets-qui-vont-decider-du-rythme-des-renouvelables-en-france-265\/#primaryimage"},"thumbnailUrl":"https:\/\/www.les-energies-renouvelables.eu\/article\/actualites\/wp-content\/uploads\/2026\/01\/actualites-energaia-2026-les-sujets-qui-vont-decider-du-rythme-des-renouvelables-en-france-forum-energaia-2026.jpg","articleSection":["\u00c9nergies"],"inLanguage":"fr-FR"},{"@type":"WebPage","@id":"https:\/\/www.les-energies-renouvelables.eu\/article\/actualites\/energies\/energaia-2026-les-sujets-qui-vont-decider-du-rythme-des-renouvelables-en-france-265\/","url":"https:\/\/www.les-energies-renouvelables.eu\/article\/actualites\/energies\/energaia-2026-les-sujets-qui-vont-decider-du-rythme-des-renouvelables-en-france-265\/","name":"EnerGa\u00efa 2026 : les sujets qui vont d\u00e9cider du rythme des renouvelables en France - ECOinfos","isPartOf":{"@id":"https:\/\/www.les-energies-renouvelables.eu\/article\/actualites\/#website"},"primaryImageOfPage":{"@id":"https:\/\/www.les-energies-renouvelables.eu\/article\/actualites\/energies\/energaia-2026-les-sujets-qui-vont-decider-du-rythme-des-renouvelables-en-france-265\/#primaryimage"},"image":{"@id":"https:\/\/www.les-energies-renouvelables.eu\/article\/actualites\/energies\/energaia-2026-les-sujets-qui-vont-decider-du-rythme-des-renouvelables-en-france-265\/#primaryimage"},"thumbnailUrl":"https:\/\/www.les-energies-renouvelables.eu\/article\/actualites\/wp-content\/uploads\/2026\/01\/actualites-energaia-2026-les-sujets-qui-vont-decider-du-rythme-des-renouvelables-en-france-forum-energaia-2026.jpg","datePublished":"2026-01-21T07:00:00+00:00","dateModified":"2026-01-21T09:04:29+00:00","description":"D\u00e9couvrez pourquoi le Forum EnerGa\u00efa 2026 \u00e0 Montpellier est le barom\u00e8tre des \u00e9nergies renouvelables en France. Analyse des solutions sur le stockage, le raccordement et l'acceptabilit\u00e9 locale pour acc\u00e9l\u00e9rer la transition \u00e9nerg\u00e9tique.","breadcrumb":{"@id":"https:\/\/www.les-energies-renouvelables.eu\/article\/actualites\/energies\/energaia-2026-les-sujets-qui-vont-decider-du-rythme-des-renouvelables-en-france-265\/#breadcrumb"},"inLanguage":"fr-FR","potentialAction":[{"@type":"ReadAction","target":["https:\/\/www.les-energies-renouvelables.eu\/article\/actualites\/energies\/energaia-2026-les-sujets-qui-vont-decider-du-rythme-des-renouvelables-en-france-265\/"]}]},{"@type":"ImageObject","inLanguage":"fr-FR","@id":"https:\/\/www.les-energies-renouvelables.eu\/article\/actualites\/energies\/energaia-2026-les-sujets-qui-vont-decider-du-rythme-des-renouvelables-en-france-265\/#primaryimage","url":"https:\/\/www.les-energies-renouvelables.eu\/article\/actualites\/wp-content\/uploads\/2026\/01\/actualites-energaia-2026-les-sujets-qui-vont-decider-du-rythme-des-renouvelables-en-france-forum-energaia-2026.jpg","contentUrl":"https:\/\/www.les-energies-renouvelables.eu\/article\/actualites\/wp-content\/uploads\/2026\/01\/actualites-energaia-2026-les-sujets-qui-vont-decider-du-rythme-des-renouvelables-en-france-forum-energaia-2026.jpg","width":1200,"height":675,"caption":"Ideogram"},{"@type":"BreadcrumbList","@id":"https:\/\/www.les-energies-renouvelables.eu\/article\/actualites\/energies\/energaia-2026-les-sujets-qui-vont-decider-du-rythme-des-renouvelables-en-france-265\/#breadcrumb","itemListElement":[{"@type":"ListItem","position":1,"name":"Accueil","item":"https:\/\/www.les-energies-renouvelables.eu\/article\/actualites\/"},{"@type":"ListItem","position":2,"name":"EnerGa\u00efa 2026 : les sujets qui vont d\u00e9cider du rythme des renouvelables en France"}]},{"@type":"WebSite","@id":"https:\/\/www.les-energies-renouvelables.eu\/article\/actualites\/#website","url":"https:\/\/www.les-energies-renouvelables.eu\/article\/actualites\/","name":"ECOinfos Energies renouvelables","description":"Le d\u00e9cryptage quotidien du secteur des \u00e9nergies renouvelables","publisher":{"@id":"https:\/\/www.les-energies-renouvelables.eu\/article\/actualites\/#organization"},"potentialAction":[{"@type":"SearchAction","target":{"@type":"EntryPoint","urlTemplate":"https:\/\/www.les-energies-renouvelables.eu\/article\/actualites\/?s={search_term_string}"},"query-input":{"@type":"PropertyValueSpecification","valueRequired":true,"valueName":"search_term_string"}}],"inLanguage":"fr-FR"},{"@type":"Organization","@id":"https:\/\/www.les-energies-renouvelables.eu\/article\/actualites\/#organization","name":"ECOinfos Energies renouvelables","url":"https:\/\/www.les-energies-renouvelables.eu\/article\/actualites\/","logo":{"@type":"ImageObject","inLanguage":"fr-FR","@id":"https:\/\/www.les-energies-renouvelables.eu\/article\/actualites\/#\/schema\/logo\/image\/","url":"https:\/\/www.les-energies-renouvelables.eu\/article\/actualites\/wp-content\/uploads\/2025\/11\/ecoinfos.eldorado-consulting.com-logo-logo.svg","contentUrl":"https:\/\/www.les-energies-renouvelables.eu\/article\/actualites\/wp-content\/uploads\/2025\/11\/ecoinfos.eldorado-consulting.com-logo-logo.svg","caption":"ECOinfos Energies renouvelables"},"image":{"@id":"https:\/\/www.les-energies-renouvelables.eu\/article\/actualites\/#\/schema\/logo\/image\/"},"sameAs":["https:\/\/www.facebook.com\/ecoannuaire.energierenouvelable\/","https:\/\/x.com\/ECOinfosENR","https:\/\/www.linkedin.com\/company\/ecoinfos-energies-renouvelables\/","https:\/\/www.youtube.com\/@ecoinfosenergies","https:\/\/share.google\/dyKHJPxAV42WhhjbM"]},{"@type":"Person","@id":"https:\/\/www.les-energies-renouvelables.eu\/article\/actualites\/#\/schema\/person\/2c7d09eb5ca339c12ca8d86145440169","name":"Alexia JACQUARD","pronouns":"elle\/elle","image":{"@type":"ImageObject","inLanguage":"fr-FR","@id":"https:\/\/www.les-energies-renouvelables.eu\/article\/actualites\/#\/schema\/person\/image\/","url":"https:\/\/www.les-energies-renouvelables.eu\/article\/actualites\/wp-content\/uploads\/2026\/01\/actualites-alexia-jacquard-alexia-jacquard-160x160.jpg","contentUrl":"https:\/\/www.les-energies-renouvelables.eu\/article\/actualites\/wp-content\/uploads\/2026\/01\/actualites-alexia-jacquard-alexia-jacquard-160x160.jpg","caption":"Alexia JACQUARD"},"description":"Curieuse de nature et attentif aux enjeux du d\u00e9veloppement durable, Alexia Jacquard suit l'actualit\u00e9 des \u00e9nergies renouvelables pour partager les derni\u00e8res nouveaut\u00e9s du secteur. Elle s'attache \u00e0 retranscrire simplement les informations cl\u00e9s et les initiatives positives qui marquent la transition \u00e9nerg\u00e9tique. Son objectif : proposer des articles d'actualit\u00e9 clairs et accessibles pour tous ceux qui s'int\u00e9ressent \u00e0 l'avenir de notre \u00e9nergie.","sameAs":["https:\/\/alexia-jacquard.fr","https:\/\/www.facebook.com\/tictacf2c\/","https:\/\/www.instagram.com\/alexia_redac\/","https:\/\/www.linkedin.com\/in\/alexia-jacquard-449a4b289\/","https:\/\/fr.pinterest.com\/alexiajacquard\/","https:\/\/x.com\/alexiajcrd","https:\/\/www.youtube.com\/@Thepaindemie","https:\/\/muckrack.com\/alexia-jacquard"],"url":"https:\/\/www.les-energies-renouvelables.eu\/article\/actualites\/author\/alexia-jacquard\/"}]}},"_links":{"self":[{"href":"https:\/\/www.les-energies-renouvelables.eu\/article\/actualites\/wp-json\/wp\/v2\/posts\/265","targetHints":{"allow":["GET"]}}],"collection":[{"href":"https:\/\/www.les-energies-renouvelables.eu\/article\/actualites\/wp-json\/wp\/v2\/posts"}],"about":[{"href":"https:\/\/www.les-energies-renouvelables.eu\/article\/actualites\/wp-json\/wp\/v2\/types\/post"}],"author":[{"embeddable":true,"href":"https:\/\/www.les-energies-renouvelables.eu\/article\/actualites\/wp-json\/wp\/v2\/users\/2"}],"replies":[{"embeddable":true,"href":"https:\/\/www.les-energies-renouvelables.eu\/article\/actualites\/wp-json\/wp\/v2\/comments?post=265"}],"version-history":[{"count":2,"href":"https:\/\/www.les-energies-renouvelables.eu\/article\/actualites\/wp-json\/wp\/v2\/posts\/265\/revisions"}],"predecessor-version":[{"id":270,"href":"https:\/\/www.les-energies-renouvelables.eu\/article\/actualites\/wp-json\/wp\/v2\/posts\/265\/revisions\/270"}],"wp:featuredmedia":[{"embeddable":true,"href":"https:\/\/www.les-energies-renouvelables.eu\/article\/actualites\/wp-json\/wp\/v2\/media\/267"}],"wp:attachment":[{"href":"https:\/\/www.les-energies-renouvelables.eu\/article\/actualites\/wp-json\/wp\/v2\/media?parent=265"}],"wp:term":[{"taxonomy":"category","embeddable":true,"href":"https:\/\/www.les-energies-renouvelables.eu\/article\/actualites\/wp-json\/wp\/v2\/categories?post=265"},{"taxonomy":"post_tag","embeddable":true,"href":"https:\/\/www.les-energies-renouvelables.eu\/article\/actualites\/wp-json\/wp\/v2\/tags?post=265"}],"curies":[{"name":"wp","href":"https:\/\/api.w.org\/{rel}","templated":true}]}}