{"id":262,"date":"2026-01-20T08:00:00","date_gmt":"2026-01-20T07:00:00","guid":{"rendered":"https:\/\/www.les-energies-renouvelables.eu\/article\/actualites\/?p=262"},"modified":"2026-01-19T11:07:46","modified_gmt":"2026-01-19T10:07:46","slug":"ia-les-renouvelables-peuvent-elles-vraiment-decarboner-les-data-centers","status":"publish","type":"post","link":"https:\/\/www.les-energies-renouvelables.eu\/article\/actualites\/energies\/ia-les-renouvelables-peuvent-elles-vraiment-decarboner-les-data-centers-262\/","title":{"rendered":"IA : les renouvelables peuvent-elles vraiment d\u00e9carboner les data centers ?"},"content":{"rendered":"\n<p>R\u00e9sum\u00e9 :&nbsp;<\/p>\n\n\n\n<ul class=\"wp-block-list\">\n<li><strong>Dynamique :<\/strong> en France, la consommation des centres de donn\u00e9es a augment\u00e9 de 21 % entre 2022 et 2023 (SDES).<\/li>\n\n\n\n<li><strong>D\u00e9fi :<\/strong> sortir d\u2019une comptabilit\u00e9 annuelle et regarder l\u2019alignement heure par heure (<strong>24\/7<\/strong>).<\/li>\n\n\n\n<li><strong>Leviers :<\/strong> pilotage de charge, contrats d\u2019achat (<strong>PPA<\/strong>) et stockage structurent cette approche.<\/li>\n<\/ul>\n\n\n\n<p>L\u2019<strong>IA g\u00e9n\u00e9rative<\/strong> n\u2019est plus un sujet de labo. Elle s\u2019installe dans l\u2019industrie, avec des usages continus : entra\u00eenement, inf\u00e9rence, services en ligne, disponibilit\u00e9 24\/7. Et \u00e7a change la question \u00e9nerg\u00e9tique. Si l\u2019objectif est de r\u00e9duire l\u2019<strong>empreinte carbone<\/strong> li\u00e9e \u00e0 l\u2019\u00e9lectricit\u00e9 consomm\u00e9e, on ne peut pas s\u2019en tenir \u00e0 une \u201ccompensation\u201d vue de loin : il faut regarder le syst\u00e8me tel qu\u2019il fonctionne r\u00e9ellement, heure apr\u00e8s heure. C\u2019est l\u00e0 que les <strong>\u00e9nergies renouvelables<\/strong> deviennent d\u00e9cisives, \u00e0 condition de les raccorder aux bons outils (flexibilit\u00e9, r\u00e9seau, pilotage) pour valoriser leur production quand elle est l\u00e0.<\/p>\n\n\n\n<h2 class=\"wp-block-heading\">France : le d\u00e9fi de la visibilit\u00e9 g\u00e9ographique et temporelle<\/h2>\n\n\n\n<p>En France, le secteur des <strong>centres de donn\u00e9es<\/strong> entre dans une phase de transparence statistique. Selon le <a href=\"https:\/\/www.statistiques.developpement-durable.gouv.fr\/la-consommation-delectricite-des-centres-de-donnees-entre-2018-et-2023?utm_source=chatgpt.com\" rel=\"nofollow\">SDES<\/a>, le pays compte 460 infrastructures consommant plus de 1 GWh par an. En 2023, ces sites ont consomm\u00e9 pr\u00e8s de 4 TWh, mais si l\u2019on inclut l\u2019ensemble des structures, la consommation totale du secteur est estim\u00e9e entre <strong>4 et 6 TWh<\/strong>. Cela repr\u00e9sente environ 1 \u00e0 1,5 % de l&rsquo;\u00e9lectricit\u00e9 consomm\u00e9e dans l&rsquo;Hexagone.<\/p>\n\n\n\n<p>Cette tendance est marqu\u00e9e par une forte concentration g\u00e9ographique : l\u2019\u00cele-de-France regroupe \u00e0 elle seule 64 % de la consommation nationale (SDES).<\/p>\n\n\n\n<p>Dans ce contexte, l\u2019approche traditionnelle par \u00ab certificats d\u2019\u00e9nergie verte \u00bb pose une question de granularit\u00e9. Un certificat atteste g\u00e9n\u00e9ralement d\u2019une production renouvelable comptabilis\u00e9e sur une p\u00e9riode, mais il ne renseigne pas sur l\u2019origine de l\u2019\u00e9lectricit\u00e9 effectivement utilis\u00e9e \u00e0 une heure pr\u00e9cise (point non d\u00e9taill\u00e9 dans les sources SDES\/IEA). Si l\u2019objectif est de r\u00e9duire l\u2019empreinte associ\u00e9e \u00e0 l\u2019usage de l&rsquo;<strong>IA<\/strong>, le point cl\u00e9 devient de rapprocher la demande et la disponibilit\u00e9 d\u2019une <strong>production bas-carbone<\/strong> au bon moment.<\/p>\n\n\n\n<h2 class=\"wp-block-heading\">Monde : vers le standard du \u00ab\u00a024\/7\u00a0\u00bb \u00e0 l\u2019\u00e9chelle horaire<\/h2>\n\n\n\n<p>\u00c0 l&rsquo;\u00e9chelle mondiale, <a href=\"https:\/\/www.iea.org\" rel=\"nofollow\">l&rsquo;Agence internationale de l&rsquo;\u00e9nergie<\/a> (<strong>IEA<\/strong>) projette un doublement de la demande \u00e9lectrique des centres de donn\u00e9es d&rsquo;ici 2030, pour atteindre environ 945 TWh. L&rsquo;intelligence artificielle en est le moteur principal : la consommation des centres optimis\u00e9s pour ces calculs pourrait \u00eatre multipli\u00e9e par quatre sur la p\u00e9riode.<\/p>\n\n\n\n<p>Face \u00e0 cette acc\u00e9l\u00e9ration, le mod\u00e8le industriel \u00e9volue vers la logique de <strong>\u00ab\u00a0Carbon-Free Energy\u00a0\u00bb (CFE) 24\/7<\/strong>. Popularis\u00e9e par des acteurs comme Google (approche 24\/7 CFE), cette m\u00e9thode vise une correspondance heure par heure entre consommation et \u00e9lectricit\u00e9 bas-carbone.<\/p>\n\n\n\n<p>D&rsquo;apr\u00e8s l\u2019IEA, les renouvelables devraient jouer un r\u00f4le important dans la couverture de cette nouvelle demande, aux c\u00f4t\u00e9s d\u2019autres options selon les syst\u00e8mes \u00e9lectriques nationaux. L\u2019objectif est d\u00e9sormais d\u2019orchestrer la <strong>variabilit\u00e9<\/strong> du solaire et de l\u2019\u00e9olien avec des outils de flexibilit\u00e9 (stockage, pilotage, r\u00e9seau) pour augmenter leur part effective dans le <strong>mix \u00e9lectrique<\/strong>.<\/p>\n\n\n\n<h2 class=\"wp-block-heading\">La bo\u00eete \u00e0 outils : l&rsquo;IA comme levier de flexibilit\u00e9<\/h2>\n\n\n\n<p>Concr\u00e8tement, plusieurs solutions techniques sont d\u00e9j\u00e0 mobilis\u00e9es dans certains cas ou d\u00e9ployables pour r\u00e9ussir cet alignement :<\/p>\n\n\n\n<ul class=\"wp-block-list\">\n<li><strong>Les contrats d&rsquo;achat directs (PPA) :<\/strong> ces accords de long terme peuvent s\u00e9curiser un approvisionnement et soutenir le financement de projets renouvelables, selon les configurations contractuelles retenues.<\/li>\n\n\n\n<li><strong>Le pilotage de la charge (Load Shifting) :<\/strong> certains entra\u00eenements de mod\u00e8les d&rsquo;IA, non urgents, peuvent \u00eatre d\u00e9plac\u00e9s vers les moments de forte production renouvelable. Ce pilotage peut contribuer \u00e0 mieux r\u00e9partir la demande selon les heures, si l&rsquo;infrastructure le permet.<\/li>\n\n\n\n<li><strong>Le stockage et le r\u00e9seau :<\/strong> les <strong>batteries<\/strong> peuvent aider \u00e0 lisser une partie de la production variable et \u00e0 d\u00e9placer de l&rsquo;\u00e9nergie vers des p\u00e9riodes moins favorables. En parall\u00e8le, le renforcement des r\u00e9seaux peut devenir un facteur cl\u00e9 pour acheminer l&rsquo;\u00e9nergie verte vers les zones de forte consommation.<\/li>\n\n\n\n<li><strong>La valorisation de la chaleur :<\/strong> les serveurs g\u00e9n\u00e8rent une chaleur constante. Le SDES mentionne des cas de r\u00e9cup\u00e9ration de cette <strong>chaleur fatale<\/strong> pour alimenter des r\u00e9seaux urbains, am\u00e9liorant ainsi l&rsquo;utilisation globale de l&rsquo;\u00e9nergie sur le site.<\/li>\n<\/ul>\n\n\n\n<p>La question centrale n\u2019est pas d\u2019opposer les sources d&rsquo;\u00e9nergie, mais d\u2019organiser la mise en coh\u00e9rence entre \u00e9nergies renouvelables, mix bas-carbone et flexibilit\u00e9s. La r\u00e9duction de l\u2019empreinte li\u00e9e \u00e0 l\u2019\u00e9lectricit\u00e9 consomm\u00e9e par les usages num\u00e9riques d\u00e9pend d\u2019une approche d&rsquo;ensemble : choix strat\u00e9gique du lieu d\u2019implantation, contrats favorisant de nouvelles capacit\u00e9s et utilisation de la flexibilit\u00e9 informatique pour soulager le r\u00e9seau. Chaque m\u00e9gawatt renouvelable ajout\u00e9 peut ainsi contribuer \u00e0 l&rsquo;\u00e9quilibre de l&rsquo;ensemble, \u00e0 condition que l\u2019organisation (o\u00f9, quand, et avec quels contrats) soit en phase avec la r\u00e9alit\u00e9 physique du <strong>r\u00e9seau \u00e9lectrique<\/strong>.<\/p>\n\n\n\n<p><strong>Sources :<\/strong><\/p>\n\n\n\n<ul class=\"wp-block-list\">\n<li><em>IEA (2024), \u00ab\u00a0Energy and AI\u00a0\u00bb report.<\/em><\/li>\n\n\n\n<li><em>SDES \/ Minist\u00e8re de la Transition \u00c9cologique (2024), Statistiques sur la consommation des centres de donn\u00e9es.<\/em><\/li>\n\n\n\n<li><em>Google \u2013 24\/7 Carbon-Free Energy (pr\u00e9sentation de l\u2019approche et m\u00e9thodologie).<\/em><\/li>\n<\/ul>\n","protected":false},"excerpt":{"rendered":"","protected":false},"author":2,"featured_media":264,"comment_status":"closed","ping_status":"closed","sticky":false,"template":"","format":"standard","meta":{"footnotes":""},"categories":[1],"tags":[],"class_list":["post-262","post","type-post","status-publish","format-standard","has-post-thumbnail","hentry","category-energies","masonry-post","generate-columns","tablet-grid-50","mobile-grid-100","grid-parent","grid-33"],"yoast_head":"<!-- This site is optimized with the Yoast SEO plugin v26.6 - https:\/\/yoast.com\/wordpress\/plugins\/seo\/ -->\n<title>IA : les renouvelables peuvent-elles vraiment d\u00e9carboner les data centers ? - ECOinfos<\/title>\n<meta name=\"description\" content=\"L&#039;essor de l&#039;IA booste la consommation des data centers. D\u00e9couvrez comment l&#039;approche 24\/7 et les \u00e9nergies renouvelables permettent de d\u00e9carboner r\u00e9ellement le secteur gr\u00e2ce au pilotage horaire et \u00e0 la flexibilit\u00e9.\" \/>\n<meta name=\"robots\" content=\"index, follow, max-snippet:-1, max-image-preview:large, max-video-preview:-1\" \/>\n<link rel=\"canonical\" href=\"https:\/\/www.les-energies-renouvelables.eu\/article\/actualites\/energies\/ia-les-renouvelables-peuvent-elles-vraiment-decarboner-les-data-centers-262\/\" \/>\n<meta property=\"og:locale\" content=\"fr_FR\" \/>\n<meta property=\"og:type\" content=\"article\" \/>\n<meta property=\"og:title\" content=\"IA : les renouvelables peuvent-elles vraiment d\u00e9carboner les data centers ? - ECOinfos\" \/>\n<meta property=\"og:description\" content=\"L&#039;essor de l&#039;IA booste la consommation des data centers. D\u00e9couvrez comment l&#039;approche 24\/7 et les \u00e9nergies renouvelables permettent de d\u00e9carboner r\u00e9ellement le secteur gr\u00e2ce au pilotage horaire et \u00e0 la flexibilit\u00e9.\" \/>\n<meta property=\"og:url\" content=\"https:\/\/www.les-energies-renouvelables.eu\/article\/actualites\/energies\/ia-les-renouvelables-peuvent-elles-vraiment-decarboner-les-data-centers-262\/\" \/>\n<meta property=\"og:site_name\" content=\"ECOinfos Energies renouvelables\" \/>\n<meta property=\"article:publisher\" content=\"https:\/\/www.facebook.com\/ecoannuaire.energierenouvelable\/\" \/>\n<meta property=\"article:author\" content=\"https:\/\/www.facebook.com\/tictacf2c\/\" \/>\n<meta property=\"article:published_time\" content=\"2026-01-20T07:00:00+00:00\" \/>\n<meta property=\"og:image\" content=\"https:\/\/www.les-energies-renouvelables.eu\/article\/actualites\/wp-content\/uploads\/2026\/01\/actualites-ia-les-renouvelables-peuvent-elles-vraiment-decarboner-les-data-centers-empreinte-carbone-ia-data-centers.jpg\" \/>\n\t<meta property=\"og:image:width\" content=\"1200\" \/>\n\t<meta property=\"og:image:height\" content=\"675\" \/>\n\t<meta property=\"og:image:type\" content=\"image\/jpeg\" \/>\n<meta name=\"author\" content=\"Alexia JACQUARD\" \/>\n<meta name=\"twitter:card\" content=\"summary_large_image\" \/>\n<meta name=\"twitter:creator\" content=\"@alexiajcrd\" \/>\n<meta name=\"twitter:site\" content=\"@ECOinfosENR\" \/>\n<meta name=\"twitter:label1\" content=\"\u00c9crit par\" \/>\n\t<meta name=\"twitter:data1\" content=\"Alexia JACQUARD\" \/>\n\t<meta name=\"twitter:label2\" content=\"Dur\u00e9e de lecture estim\u00e9e\" \/>\n\t<meta name=\"twitter:data2\" content=\"4 minutes\" \/>\n<script type=\"application\/ld+json\" class=\"yoast-schema-graph\">{\"@context\":\"https:\/\/schema.org\",\"@graph\":[{\"@type\":\"Article\",\"@id\":\"https:\/\/www.les-energies-renouvelables.eu\/article\/actualites\/energies\/ia-les-renouvelables-peuvent-elles-vraiment-decarboner-les-data-centers-262\/#article\",\"isPartOf\":{\"@id\":\"https:\/\/www.les-energies-renouvelables.eu\/article\/actualites\/energies\/ia-les-renouvelables-peuvent-elles-vraiment-decarboner-les-data-centers-262\/\"},\"author\":{\"name\":\"Alexia JACQUARD\",\"@id\":\"https:\/\/www.les-energies-renouvelables.eu\/article\/actualites\/#\/schema\/person\/2c7d09eb5ca339c12ca8d86145440169\"},\"headline\":\"IA : les renouvelables peuvent-elles vraiment d\u00e9carboner les data centers ?\",\"datePublished\":\"2026-01-20T07:00:00+00:00\",\"mainEntityOfPage\":{\"@id\":\"https:\/\/www.les-energies-renouvelables.eu\/article\/actualites\/energies\/ia-les-renouvelables-peuvent-elles-vraiment-decarboner-les-data-centers-262\/\"},\"wordCount\":876,\"publisher\":{\"@id\":\"https:\/\/www.les-energies-renouvelables.eu\/article\/actualites\/#organization\"},\"image\":{\"@id\":\"https:\/\/www.les-energies-renouvelables.eu\/article\/actualites\/energies\/ia-les-renouvelables-peuvent-elles-vraiment-decarboner-les-data-centers-262\/#primaryimage\"},\"thumbnailUrl\":\"https:\/\/www.les-energies-renouvelables.eu\/article\/actualites\/wp-content\/uploads\/2026\/01\/actualites-ia-les-renouvelables-peuvent-elles-vraiment-decarboner-les-data-centers-empreinte-carbone-ia-data-centers.jpg\",\"articleSection\":[\"\u00c9nergies\"],\"inLanguage\":\"fr-FR\"},{\"@type\":\"WebPage\",\"@id\":\"https:\/\/www.les-energies-renouvelables.eu\/article\/actualites\/energies\/ia-les-renouvelables-peuvent-elles-vraiment-decarboner-les-data-centers-262\/\",\"url\":\"https:\/\/www.les-energies-renouvelables.eu\/article\/actualites\/energies\/ia-les-renouvelables-peuvent-elles-vraiment-decarboner-les-data-centers-262\/\",\"name\":\"IA : les renouvelables peuvent-elles vraiment d\u00e9carboner les data centers ? - ECOinfos\",\"isPartOf\":{\"@id\":\"https:\/\/www.les-energies-renouvelables.eu\/article\/actualites\/#website\"},\"primaryImageOfPage\":{\"@id\":\"https:\/\/www.les-energies-renouvelables.eu\/article\/actualites\/energies\/ia-les-renouvelables-peuvent-elles-vraiment-decarboner-les-data-centers-262\/#primaryimage\"},\"image\":{\"@id\":\"https:\/\/www.les-energies-renouvelables.eu\/article\/actualites\/energies\/ia-les-renouvelables-peuvent-elles-vraiment-decarboner-les-data-centers-262\/#primaryimage\"},\"thumbnailUrl\":\"https:\/\/www.les-energies-renouvelables.eu\/article\/actualites\/wp-content\/uploads\/2026\/01\/actualites-ia-les-renouvelables-peuvent-elles-vraiment-decarboner-les-data-centers-empreinte-carbone-ia-data-centers.jpg\",\"datePublished\":\"2026-01-20T07:00:00+00:00\",\"description\":\"L'essor de l'IA booste la consommation des data centers. D\u00e9couvrez comment l'approche 24\/7 et les \u00e9nergies renouvelables permettent de d\u00e9carboner r\u00e9ellement le secteur gr\u00e2ce au pilotage horaire et \u00e0 la flexibilit\u00e9.\",\"breadcrumb\":{\"@id\":\"https:\/\/www.les-energies-renouvelables.eu\/article\/actualites\/energies\/ia-les-renouvelables-peuvent-elles-vraiment-decarboner-les-data-centers-262\/#breadcrumb\"},\"inLanguage\":\"fr-FR\",\"potentialAction\":[{\"@type\":\"ReadAction\",\"target\":[\"https:\/\/www.les-energies-renouvelables.eu\/article\/actualites\/energies\/ia-les-renouvelables-peuvent-elles-vraiment-decarboner-les-data-centers-262\/\"]}]},{\"@type\":\"ImageObject\",\"inLanguage\":\"fr-FR\",\"@id\":\"https:\/\/www.les-energies-renouvelables.eu\/article\/actualites\/energies\/ia-les-renouvelables-peuvent-elles-vraiment-decarboner-les-data-centers-262\/#primaryimage\",\"url\":\"https:\/\/www.les-energies-renouvelables.eu\/article\/actualites\/wp-content\/uploads\/2026\/01\/actualites-ia-les-renouvelables-peuvent-elles-vraiment-decarboner-les-data-centers-empreinte-carbone-ia-data-centers.jpg\",\"contentUrl\":\"https:\/\/www.les-energies-renouvelables.eu\/article\/actualites\/wp-content\/uploads\/2026\/01\/actualites-ia-les-renouvelables-peuvent-elles-vraiment-decarboner-les-data-centers-empreinte-carbone-ia-data-centers.jpg\",\"width\":1200,\"height\":675,\"caption\":\"Ideogram\"},{\"@type\":\"BreadcrumbList\",\"@id\":\"https:\/\/www.les-energies-renouvelables.eu\/article\/actualites\/energies\/ia-les-renouvelables-peuvent-elles-vraiment-decarboner-les-data-centers-262\/#breadcrumb\",\"itemListElement\":[{\"@type\":\"ListItem\",\"position\":1,\"name\":\"Accueil\",\"item\":\"https:\/\/www.les-energies-renouvelables.eu\/article\/actualites\/\"},{\"@type\":\"ListItem\",\"position\":2,\"name\":\"IA : les renouvelables peuvent-elles vraiment d\u00e9carboner les data centers ?\"}]},{\"@type\":\"WebSite\",\"@id\":\"https:\/\/www.les-energies-renouvelables.eu\/article\/actualites\/#website\",\"url\":\"https:\/\/www.les-energies-renouvelables.eu\/article\/actualites\/\",\"name\":\"ECOinfos Energies renouvelables\",\"description\":\"Le d\u00e9cryptage quotidien du secteur des \u00e9nergies renouvelables\",\"publisher\":{\"@id\":\"https:\/\/www.les-energies-renouvelables.eu\/article\/actualites\/#organization\"},\"potentialAction\":[{\"@type\":\"SearchAction\",\"target\":{\"@type\":\"EntryPoint\",\"urlTemplate\":\"https:\/\/www.les-energies-renouvelables.eu\/article\/actualites\/?s={search_term_string}\"},\"query-input\":{\"@type\":\"PropertyValueSpecification\",\"valueRequired\":true,\"valueName\":\"search_term_string\"}}],\"inLanguage\":\"fr-FR\"},{\"@type\":\"Organization\",\"@id\":\"https:\/\/www.les-energies-renouvelables.eu\/article\/actualites\/#organization\",\"name\":\"ECOinfos Energies renouvelables\",\"url\":\"https:\/\/www.les-energies-renouvelables.eu\/article\/actualites\/\",\"logo\":{\"@type\":\"ImageObject\",\"inLanguage\":\"fr-FR\",\"@id\":\"https:\/\/www.les-energies-renouvelables.eu\/article\/actualites\/#\/schema\/logo\/image\/\",\"url\":\"https:\/\/www.les-energies-renouvelables.eu\/article\/actualites\/wp-content\/uploads\/2025\/11\/ecoinfos.eldorado-consulting.com-logo-logo.svg\",\"contentUrl\":\"https:\/\/www.les-energies-renouvelables.eu\/article\/actualites\/wp-content\/uploads\/2025\/11\/ecoinfos.eldorado-consulting.com-logo-logo.svg\",\"caption\":\"ECOinfos Energies renouvelables\"},\"image\":{\"@id\":\"https:\/\/www.les-energies-renouvelables.eu\/article\/actualites\/#\/schema\/logo\/image\/\"},\"sameAs\":[\"https:\/\/www.facebook.com\/ecoannuaire.energierenouvelable\/\",\"https:\/\/x.com\/ECOinfosENR\",\"https:\/\/www.linkedin.com\/company\/ecoinfos-energies-renouvelables\/\",\"https:\/\/www.youtube.com\/@ecoinfosenergies\",\"https:\/\/share.google\/dyKHJPxAV42WhhjbM\"]},{\"@type\":\"Person\",\"@id\":\"https:\/\/www.les-energies-renouvelables.eu\/article\/actualites\/#\/schema\/person\/2c7d09eb5ca339c12ca8d86145440169\",\"name\":\"Alexia JACQUARD\",\"pronouns\":\"elle\/elle\",\"image\":{\"@type\":\"ImageObject\",\"inLanguage\":\"fr-FR\",\"@id\":\"https:\/\/www.les-energies-renouvelables.eu\/article\/actualites\/#\/schema\/person\/image\/\",\"url\":\"https:\/\/www.les-energies-renouvelables.eu\/article\/actualites\/wp-content\/uploads\/2026\/01\/actualites-alexia-jacquard-alexia-jacquard-160x160.jpg\",\"contentUrl\":\"https:\/\/www.les-energies-renouvelables.eu\/article\/actualites\/wp-content\/uploads\/2026\/01\/actualites-alexia-jacquard-alexia-jacquard-160x160.jpg\",\"caption\":\"Alexia JACQUARD\"},\"description\":\"Curieuse de nature et attentif aux enjeux du d\u00e9veloppement durable, Alexia Jacquard suit l'actualit\u00e9 des \u00e9nergies renouvelables pour partager les derni\u00e8res nouveaut\u00e9s du secteur. Elle s'attache \u00e0 retranscrire simplement les informations cl\u00e9s et les initiatives positives qui marquent la transition \u00e9nerg\u00e9tique. Son objectif : proposer des articles d'actualit\u00e9 clairs et accessibles pour tous ceux qui s'int\u00e9ressent \u00e0 l'avenir de notre \u00e9nergie.\",\"sameAs\":[\"https:\/\/alexia-jacquard.fr\",\"https:\/\/www.facebook.com\/tictacf2c\/\",\"https:\/\/www.instagram.com\/alexia_redac\/\",\"https:\/\/www.linkedin.com\/in\/alexia-jacquard-449a4b289\/\",\"https:\/\/fr.pinterest.com\/alexiajacquard\/\",\"https:\/\/x.com\/alexiajcrd\",\"https:\/\/www.youtube.com\/@Thepaindemie\",\"https:\/\/muckrack.com\/alexia-jacquard\"],\"url\":\"https:\/\/www.les-energies-renouvelables.eu\/article\/actualites\/author\/alexia-jacquard\/\"}]}<\/script>\n<!-- \/ Yoast SEO plugin. -->","yoast_head_json":{"title":"IA : les renouvelables peuvent-elles vraiment d\u00e9carboner les data centers ? - ECOinfos","description":"L'essor de l'IA booste la consommation des data centers. D\u00e9couvrez comment l'approche 24\/7 et les \u00e9nergies renouvelables permettent de d\u00e9carboner r\u00e9ellement le secteur gr\u00e2ce au pilotage horaire et \u00e0 la flexibilit\u00e9.","robots":{"index":"index","follow":"follow","max-snippet":"max-snippet:-1","max-image-preview":"max-image-preview:large","max-video-preview":"max-video-preview:-1"},"canonical":"https:\/\/www.les-energies-renouvelables.eu\/article\/actualites\/energies\/ia-les-renouvelables-peuvent-elles-vraiment-decarboner-les-data-centers-262\/","og_locale":"fr_FR","og_type":"article","og_title":"IA : les renouvelables peuvent-elles vraiment d\u00e9carboner les data centers ? - ECOinfos","og_description":"L'essor de l'IA booste la consommation des data centers. D\u00e9couvrez comment l'approche 24\/7 et les \u00e9nergies renouvelables permettent de d\u00e9carboner r\u00e9ellement le secteur gr\u00e2ce au pilotage horaire et \u00e0 la flexibilit\u00e9.","og_url":"https:\/\/www.les-energies-renouvelables.eu\/article\/actualites\/energies\/ia-les-renouvelables-peuvent-elles-vraiment-decarboner-les-data-centers-262\/","og_site_name":"ECOinfos Energies renouvelables","article_publisher":"https:\/\/www.facebook.com\/ecoannuaire.energierenouvelable\/","article_author":"https:\/\/www.facebook.com\/tictacf2c\/","article_published_time":"2026-01-20T07:00:00+00:00","og_image":[{"width":1200,"height":675,"url":"https:\/\/www.les-energies-renouvelables.eu\/article\/actualites\/wp-content\/uploads\/2026\/01\/actualites-ia-les-renouvelables-peuvent-elles-vraiment-decarboner-les-data-centers-empreinte-carbone-ia-data-centers.jpg","type":"image\/jpeg"}],"author":"Alexia JACQUARD","twitter_card":"summary_large_image","twitter_creator":"@alexiajcrd","twitter_site":"@ECOinfosENR","twitter_misc":{"\u00c9crit par":"Alexia JACQUARD","Dur\u00e9e de lecture estim\u00e9e":"4 minutes"},"schema":{"@context":"https:\/\/schema.org","@graph":[{"@type":"Article","@id":"https:\/\/www.les-energies-renouvelables.eu\/article\/actualites\/energies\/ia-les-renouvelables-peuvent-elles-vraiment-decarboner-les-data-centers-262\/#article","isPartOf":{"@id":"https:\/\/www.les-energies-renouvelables.eu\/article\/actualites\/energies\/ia-les-renouvelables-peuvent-elles-vraiment-decarboner-les-data-centers-262\/"},"author":{"name":"Alexia JACQUARD","@id":"https:\/\/www.les-energies-renouvelables.eu\/article\/actualites\/#\/schema\/person\/2c7d09eb5ca339c12ca8d86145440169"},"headline":"IA : les renouvelables peuvent-elles vraiment d\u00e9carboner les data centers ?","datePublished":"2026-01-20T07:00:00+00:00","mainEntityOfPage":{"@id":"https:\/\/www.les-energies-renouvelables.eu\/article\/actualites\/energies\/ia-les-renouvelables-peuvent-elles-vraiment-decarboner-les-data-centers-262\/"},"wordCount":876,"publisher":{"@id":"https:\/\/www.les-energies-renouvelables.eu\/article\/actualites\/#organization"},"image":{"@id":"https:\/\/www.les-energies-renouvelables.eu\/article\/actualites\/energies\/ia-les-renouvelables-peuvent-elles-vraiment-decarboner-les-data-centers-262\/#primaryimage"},"thumbnailUrl":"https:\/\/www.les-energies-renouvelables.eu\/article\/actualites\/wp-content\/uploads\/2026\/01\/actualites-ia-les-renouvelables-peuvent-elles-vraiment-decarboner-les-data-centers-empreinte-carbone-ia-data-centers.jpg","articleSection":["\u00c9nergies"],"inLanguage":"fr-FR"},{"@type":"WebPage","@id":"https:\/\/www.les-energies-renouvelables.eu\/article\/actualites\/energies\/ia-les-renouvelables-peuvent-elles-vraiment-decarboner-les-data-centers-262\/","url":"https:\/\/www.les-energies-renouvelables.eu\/article\/actualites\/energies\/ia-les-renouvelables-peuvent-elles-vraiment-decarboner-les-data-centers-262\/","name":"IA : les renouvelables peuvent-elles vraiment d\u00e9carboner les data centers ? - ECOinfos","isPartOf":{"@id":"https:\/\/www.les-energies-renouvelables.eu\/article\/actualites\/#website"},"primaryImageOfPage":{"@id":"https:\/\/www.les-energies-renouvelables.eu\/article\/actualites\/energies\/ia-les-renouvelables-peuvent-elles-vraiment-decarboner-les-data-centers-262\/#primaryimage"},"image":{"@id":"https:\/\/www.les-energies-renouvelables.eu\/article\/actualites\/energies\/ia-les-renouvelables-peuvent-elles-vraiment-decarboner-les-data-centers-262\/#primaryimage"},"thumbnailUrl":"https:\/\/www.les-energies-renouvelables.eu\/article\/actualites\/wp-content\/uploads\/2026\/01\/actualites-ia-les-renouvelables-peuvent-elles-vraiment-decarboner-les-data-centers-empreinte-carbone-ia-data-centers.jpg","datePublished":"2026-01-20T07:00:00+00:00","description":"L'essor de l'IA booste la consommation des data centers. D\u00e9couvrez comment l'approche 24\/7 et les \u00e9nergies renouvelables permettent de d\u00e9carboner r\u00e9ellement le secteur gr\u00e2ce au pilotage horaire et \u00e0 la flexibilit\u00e9.","breadcrumb":{"@id":"https:\/\/www.les-energies-renouvelables.eu\/article\/actualites\/energies\/ia-les-renouvelables-peuvent-elles-vraiment-decarboner-les-data-centers-262\/#breadcrumb"},"inLanguage":"fr-FR","potentialAction":[{"@type":"ReadAction","target":["https:\/\/www.les-energies-renouvelables.eu\/article\/actualites\/energies\/ia-les-renouvelables-peuvent-elles-vraiment-decarboner-les-data-centers-262\/"]}]},{"@type":"ImageObject","inLanguage":"fr-FR","@id":"https:\/\/www.les-energies-renouvelables.eu\/article\/actualites\/energies\/ia-les-renouvelables-peuvent-elles-vraiment-decarboner-les-data-centers-262\/#primaryimage","url":"https:\/\/www.les-energies-renouvelables.eu\/article\/actualites\/wp-content\/uploads\/2026\/01\/actualites-ia-les-renouvelables-peuvent-elles-vraiment-decarboner-les-data-centers-empreinte-carbone-ia-data-centers.jpg","contentUrl":"https:\/\/www.les-energies-renouvelables.eu\/article\/actualites\/wp-content\/uploads\/2026\/01\/actualites-ia-les-renouvelables-peuvent-elles-vraiment-decarboner-les-data-centers-empreinte-carbone-ia-data-centers.jpg","width":1200,"height":675,"caption":"Ideogram"},{"@type":"BreadcrumbList","@id":"https:\/\/www.les-energies-renouvelables.eu\/article\/actualites\/energies\/ia-les-renouvelables-peuvent-elles-vraiment-decarboner-les-data-centers-262\/#breadcrumb","itemListElement":[{"@type":"ListItem","position":1,"name":"Accueil","item":"https:\/\/www.les-energies-renouvelables.eu\/article\/actualites\/"},{"@type":"ListItem","position":2,"name":"IA : les renouvelables peuvent-elles vraiment d\u00e9carboner les data centers ?"}]},{"@type":"WebSite","@id":"https:\/\/www.les-energies-renouvelables.eu\/article\/actualites\/#website","url":"https:\/\/www.les-energies-renouvelables.eu\/article\/actualites\/","name":"ECOinfos Energies renouvelables","description":"Le d\u00e9cryptage quotidien du secteur des \u00e9nergies renouvelables","publisher":{"@id":"https:\/\/www.les-energies-renouvelables.eu\/article\/actualites\/#organization"},"potentialAction":[{"@type":"SearchAction","target":{"@type":"EntryPoint","urlTemplate":"https:\/\/www.les-energies-renouvelables.eu\/article\/actualites\/?s={search_term_string}"},"query-input":{"@type":"PropertyValueSpecification","valueRequired":true,"valueName":"search_term_string"}}],"inLanguage":"fr-FR"},{"@type":"Organization","@id":"https:\/\/www.les-energies-renouvelables.eu\/article\/actualites\/#organization","name":"ECOinfos Energies renouvelables","url":"https:\/\/www.les-energies-renouvelables.eu\/article\/actualites\/","logo":{"@type":"ImageObject","inLanguage":"fr-FR","@id":"https:\/\/www.les-energies-renouvelables.eu\/article\/actualites\/#\/schema\/logo\/image\/","url":"https:\/\/www.les-energies-renouvelables.eu\/article\/actualites\/wp-content\/uploads\/2025\/11\/ecoinfos.eldorado-consulting.com-logo-logo.svg","contentUrl":"https:\/\/www.les-energies-renouvelables.eu\/article\/actualites\/wp-content\/uploads\/2025\/11\/ecoinfos.eldorado-consulting.com-logo-logo.svg","caption":"ECOinfos Energies renouvelables"},"image":{"@id":"https:\/\/www.les-energies-renouvelables.eu\/article\/actualites\/#\/schema\/logo\/image\/"},"sameAs":["https:\/\/www.facebook.com\/ecoannuaire.energierenouvelable\/","https:\/\/x.com\/ECOinfosENR","https:\/\/www.linkedin.com\/company\/ecoinfos-energies-renouvelables\/","https:\/\/www.youtube.com\/@ecoinfosenergies","https:\/\/share.google\/dyKHJPxAV42WhhjbM"]},{"@type":"Person","@id":"https:\/\/www.les-energies-renouvelables.eu\/article\/actualites\/#\/schema\/person\/2c7d09eb5ca339c12ca8d86145440169","name":"Alexia JACQUARD","pronouns":"elle\/elle","image":{"@type":"ImageObject","inLanguage":"fr-FR","@id":"https:\/\/www.les-energies-renouvelables.eu\/article\/actualites\/#\/schema\/person\/image\/","url":"https:\/\/www.les-energies-renouvelables.eu\/article\/actualites\/wp-content\/uploads\/2026\/01\/actualites-alexia-jacquard-alexia-jacquard-160x160.jpg","contentUrl":"https:\/\/www.les-energies-renouvelables.eu\/article\/actualites\/wp-content\/uploads\/2026\/01\/actualites-alexia-jacquard-alexia-jacquard-160x160.jpg","caption":"Alexia JACQUARD"},"description":"Curieuse de nature et attentif aux enjeux du d\u00e9veloppement durable, Alexia Jacquard suit l'actualit\u00e9 des \u00e9nergies renouvelables pour partager les derni\u00e8res nouveaut\u00e9s du secteur. Elle s'attache \u00e0 retranscrire simplement les informations cl\u00e9s et les initiatives positives qui marquent la transition \u00e9nerg\u00e9tique. Son objectif : proposer des articles d'actualit\u00e9 clairs et accessibles pour tous ceux qui s'int\u00e9ressent \u00e0 l'avenir de notre \u00e9nergie.","sameAs":["https:\/\/alexia-jacquard.fr","https:\/\/www.facebook.com\/tictacf2c\/","https:\/\/www.instagram.com\/alexia_redac\/","https:\/\/www.linkedin.com\/in\/alexia-jacquard-449a4b289\/","https:\/\/fr.pinterest.com\/alexiajacquard\/","https:\/\/x.com\/alexiajcrd","https:\/\/www.youtube.com\/@Thepaindemie","https:\/\/muckrack.com\/alexia-jacquard"],"url":"https:\/\/www.les-energies-renouvelables.eu\/article\/actualites\/author\/alexia-jacquard\/"}]}},"_links":{"self":[{"href":"https:\/\/www.les-energies-renouvelables.eu\/article\/actualites\/wp-json\/wp\/v2\/posts\/262","targetHints":{"allow":["GET"]}}],"collection":[{"href":"https:\/\/www.les-energies-renouvelables.eu\/article\/actualites\/wp-json\/wp\/v2\/posts"}],"about":[{"href":"https:\/\/www.les-energies-renouvelables.eu\/article\/actualites\/wp-json\/wp\/v2\/types\/post"}],"author":[{"embeddable":true,"href":"https:\/\/www.les-energies-renouvelables.eu\/article\/actualites\/wp-json\/wp\/v2\/users\/2"}],"replies":[{"embeddable":true,"href":"https:\/\/www.les-energies-renouvelables.eu\/article\/actualites\/wp-json\/wp\/v2\/comments?post=262"}],"version-history":[{"count":1,"href":"https:\/\/www.les-energies-renouvelables.eu\/article\/actualites\/wp-json\/wp\/v2\/posts\/262\/revisions"}],"predecessor-version":[{"id":263,"href":"https:\/\/www.les-energies-renouvelables.eu\/article\/actualites\/wp-json\/wp\/v2\/posts\/262\/revisions\/263"}],"wp:featuredmedia":[{"embeddable":true,"href":"https:\/\/www.les-energies-renouvelables.eu\/article\/actualites\/wp-json\/wp\/v2\/media\/264"}],"wp:attachment":[{"href":"https:\/\/www.les-energies-renouvelables.eu\/article\/actualites\/wp-json\/wp\/v2\/media?parent=262"}],"wp:term":[{"taxonomy":"category","embeddable":true,"href":"https:\/\/www.les-energies-renouvelables.eu\/article\/actualites\/wp-json\/wp\/v2\/categories?post=262"},{"taxonomy":"post_tag","embeddable":true,"href":"https:\/\/www.les-energies-renouvelables.eu\/article\/actualites\/wp-json\/wp\/v2\/tags?post=262"}],"curies":[{"name":"wp","href":"https:\/\/api.w.org\/{rel}","templated":true}]}}