{"id":253,"date":"2026-01-17T08:00:00","date_gmt":"2026-01-17T07:00:00","guid":{"rendered":"https:\/\/www.les-energies-renouvelables.eu\/article\/actualites\/?p=253"},"modified":"2026-01-16T11:14:11","modified_gmt":"2026-01-16T10:14:11","slug":"le-royaume-uni-relance-leolien-en-mer-844-gw-attribues-dun-coup","status":"publish","type":"post","link":"https:\/\/www.les-energies-renouvelables.eu\/article\/actualites\/energies\/le-royaume-uni-relance-leolien-en-mer-844-gw-attribues-dun-coup-253\/","title":{"rendered":"Le Royaume-Uni relance l\u2019\u00e9olien en mer : 8,44 GW attribu\u00e9s d\u2019un coup"},"content":{"rendered":"\n<p>R\u00e9sum\u00e9 :<\/p>\n\n\n\n<ul class=\"wp-block-list\">\n<li><strong>Capacit\u00e9 totale :<\/strong> <strong>8,44 GW<\/strong> d&rsquo;\u00e9olien en mer r\u00e9partis sur huit nouveaux projets <strong>Investissement :<\/strong> <strong>22 milliards de livres sterling<\/strong> mobilis\u00e9s pour la fili\u00e8re (chiffres rapport\u00e9s par le Guardian).<\/li>\n\n\n\n<li><strong>Acteurs majeurs :<\/strong> Le groupe <strong>RWE<\/strong> a s\u00e9curis\u00e9 pr\u00e8s de 7 GW (The Guardian ; Mer et Marine) ; <strong>SSE<\/strong> obtient la premi\u00e8re phase du projet Berwick Bank (The Guardian).<\/li>\n\n\n\n<li><strong>Innovation :<\/strong> Deux projets d&rsquo;<strong>\u00e9olien flottant<\/strong> ont \u00e9t\u00e9 contractualis\u00e9s pour des zones plus profondes que les parcs pos\u00e9s classiques (The Guardian).<\/li>\n\n\n\n<li><strong>Impact social :<\/strong> Londres pr\u00e9voit le soutien de <strong>7 000 emplois qualifi\u00e9s<\/strong> (The Guardian).<\/li>\n<\/ul>\n\n\n\n<p>L&rsquo;ex\u00e9cutif britannique pr\u00e9sente cette attribution comme une \u00e9tape importante pour sa <strong>trajectoire \u00e9nerg\u00e9tique<\/strong>. L&rsquo;allocation de contrats pour <strong>8,44 GW<\/strong> d&rsquo;\u00e9olien offshore constitue, selon les d\u00e9clarations du secr\u00e9taire \u00e0 l&rsquo;\u00c9nergie Ed Miliband cit\u00e9es par le m\u00e9dia <em>The Guardian<\/em>, le plus gros volume jamais attribu\u00e9 lors d&rsquo;une ench\u00e8re en Grande-Bretagne. Avec ces huit nouveaux parcs, le gouvernement vise un <strong>syst\u00e8me \u00e9lectrique d\u00e9carbon\u00e9<\/strong> d&rsquo;ici 2030.<\/p>\n\n\n\n<h2 class=\"wp-block-heading\">Financement et prix garantis : les rouages de l&rsquo;ench\u00e8re record<\/h2>\n\n\n\n<p>Les huit projets s\u00e9lectionn\u00e9s repr\u00e9sentent un investissement global de <strong>22 milliards de livres sterling<\/strong>. Ce r\u00e9sultat intervient apr\u00e8s que les ministres ont doubl\u00e9 le budget allou\u00e9 aux d\u00e9veloppeurs pour encourager la participation, \u00e0 la suite d&rsquo;un round d&rsquo;ench\u00e8res en 2023 rest\u00e9 infructueux. Ce soutien financier vise aussi \u00e0 accompagner la cr\u00e9ation d&rsquo;environ <strong>7 000 emplois qualifi\u00e9s<\/strong>, selon les estimations gouvernementales relay\u00e9es par la presse d&rsquo;outre-Manche.<\/p>\n\n\n\n<p>Les laur\u00e9ats b\u00e9n\u00e9ficient de <strong>Contrats pour Diff\u00e9rence (CfD)<\/strong> qui garantissent un prix fixe pour l&rsquo;\u00e9lectricit\u00e9 produite. Pour les parcs \u00e9oliens pos\u00e9s, le tarif obtenu est de <strong>89,49 \u00a3\/MWh<\/strong> en \u00c9cosse, et de <strong>91,20 \u00a3\/MWh<\/strong> en Angleterre et au Pays de Galles. Les deux projets utilisant la <strong>technologie flottante<\/strong> ont re\u00e7u un tarif de <strong>216,49 \u00a3\/MWh<\/strong>. Bien que ces prix soient sup\u00e9rieurs \u00e0 ceux des ann\u00e9es pr\u00e9c\u00e9dentes et au prix moyen r\u00e9cent du march\u00e9 de gros (environ 81 \u00a3\/MWh), ils sont pr\u00e9sent\u00e9s par les autorit\u00e9s comme un <strong>levier de stabilit\u00e9<\/strong>.<\/p>\n\n\n\n<p>Londres affirme que ces investissements visent \u00e0 r\u00e9duire l&rsquo;exposition du pays aux march\u00e9s mondiaux des <strong>\u00e9nergies fossiles<\/strong>. Des experts sollicit\u00e9s par le quotidien <em>The Guardian<\/em> indiquent que le d\u00e9veloppement de l&rsquo;\u00e9olien pourrait limiter le recours aux <strong>centrales \u00e0 gaz<\/strong> et ainsi peser favorablement sur les factures \u00e9nerg\u00e9tiques.<\/p>\n\n\n\n<h2 class=\"wp-block-heading\">RWE et SSE : les leaders industriels de la Mer du Nord<\/h2>\n\n\n\n<p>L&rsquo;\u00e9nerg\u00e9ticien allemand <strong>RWE<\/strong> est le principal b\u00e9n\u00e9ficiaire de ce septi\u00e8me round. <em>The Guardian<\/em> et <em>Mer et Marine <\/em>confirment que le groupe a s\u00e9curis\u00e9 pr\u00e8s de <strong>7 GW<\/strong> sur les 8,44 GW totaux. Ses projets incluent notamment <strong>Dogger Bank South<\/strong> et <strong>Norfolk Vanguard<\/strong>.<\/p>\n\n\n\n<p>L&rsquo;\u00e9nerg\u00e9ticien <strong>SSE<\/strong> a de son c\u00f4t\u00e9 obtenu un contrat pour la premi\u00e8re phase de son projet <strong>Berwick Bank<\/strong>, au large des c\u00f4tes \u00e9cossaises. Ce parc devrait afficher une capacit\u00e9 totale de <strong>4,1 GW<\/strong> \u00e0 terme, bien que seule la premi\u00e8re \u00e9tape ait \u00e9t\u00e9 valid\u00e9e lors de cette session AR7, selon les pr\u00e9cisions du m\u00e9dia britannique.<\/p>\n\n\n\n<h2 class=\"wp-block-heading\">Souverainet\u00e9 \u00e9nerg\u00e9tique : l&rsquo;\u00e9olien comme alternative au gaz<\/h2>\n\n\n\n<p>Le secr\u00e9taire \u00e0 l&rsquo;\u00c9nergie Ed Miliband a soulign\u00e9 que les prix garantis lors de cette ench\u00e8re sont environ <strong>40 % inf\u00e9rieurs<\/strong>au co\u00fbt estim\u00e9 de construction et d&rsquo;exploitation d&rsquo;une nouvelle centrale au gaz. Pour le ministre, la production locale d&rsquo;<strong>\u00e9nergie propre<\/strong> est le choix pertinent pour stabiliser les co\u00fbts sur le long terme.<\/p>\n\n\n\n<p>L&rsquo;annonce des <strong>7 000 emplois<\/strong> est suivie de pr\u00e8s par les organisations syndicales. Le syndicat GMB a d\u00e9clar\u00e9 dans les colonnes du <em>Guardian<\/em> que le succ\u00e8s de cette op\u00e9ration d\u00e9pendra de la capacit\u00e9 r\u00e9elle \u00e0 localiser les <strong>cha\u00eenes d&rsquo;approvisionnement<\/strong> au Royaume-Uni. La fabrication locale des turbines et des composants reste un enjeu politique majeur.<\/p>\n\n\n\n<h2 class=\"wp-block-heading\">\u00c9olien flottant et mix \u00e9lectrique : pr\u00e9parer l&rsquo;apr\u00e8s-nucl\u00e9aire<\/h2>\n\n\n\n<p>L&rsquo;AR7 marque une avanc\u00e9e pour l&rsquo;<strong>\u00e9olien flottant<\/strong> avec deux projets retenus. Cette technologie doit permettre d&rsquo;implanter des turbines dans des zones de la Mer du Nord bien plus profondes que celles accessibles aux parcs fix\u00e9s au fond marin. Le tarif plus \u00e9lev\u00e9 accord\u00e9 \u00e0 ces projets refl\u00e8te les co\u00fbts sp\u00e9cifiques de cette fili\u00e8re en d\u00e9veloppement.<\/p>\n\n\n\n<p>Ce renforcement intervient alors qu&rsquo;environ la moiti\u00e9 des capacit\u00e9s <strong>nucl\u00e9aires et gazi\u00e8res<\/strong> actuelles du Royaume-Uni doivent fermer d&rsquo;ici 2035, d&rsquo;apr\u00e8s les rapports consult\u00e9s. L&rsquo;association <em>RenewableUK<\/em> pr\u00e9cise que ces 8,44 GW sont n\u00e9cessaires pour compenser ce retrait et r\u00e9pondre \u00e0 la <strong>croissance de la demande<\/strong> d&rsquo;\u00e9lectricit\u00e9.<\/p>\n\n\n\n<p>Bien que ce volume soit historique, l&rsquo;atteinte de l&rsquo;objectif de <strong>43 \u00e0 50 GW<\/strong> d&rsquo;\u00e9olien offshore d&rsquo;ici 2030 n\u00e9cessitera une continuit\u00e9 dans l&rsquo;effort. Le pays devra s\u00e9curiser environ <strong>8 GW de capacit\u00e9 suppl\u00e9mentaire<\/strong> lors de la prochaine session d&rsquo;attribution pour respecter sa trajectoire de d\u00e9carbonation.<\/p>\n\n\n\n<p><strong>Note sur les sources :<\/strong><em>Les donn\u00e9es chiffr\u00e9es et citations de cet article sont attribu\u00e9es aux informations publi\u00e9es par le m\u00e9dia The Guardian et Mer et Marine en janvier 2026.<\/em><\/p>\n","protected":false},"excerpt":{"rendered":"","protected":false},"author":2,"featured_media":255,"comment_status":"closed","ping_status":"closed","sticky":false,"template":"","format":"standard","meta":{"footnotes":""},"categories":[1],"tags":[],"class_list":["post-253","post","type-post","status-publish","format-standard","has-post-thumbnail","hentry","category-energies","masonry-post","generate-columns","tablet-grid-50","mobile-grid-100","grid-parent","grid-33"],"yoast_head":"<!-- This site is optimized with the Yoast SEO plugin v26.6 - https:\/\/yoast.com\/wordpress\/plugins\/seo\/ -->\n<title>Le Royaume-Uni relance l\u2019\u00e9olien en mer : 8,44 GW attribu\u00e9s d\u2019un coup - ECOinfos<\/title>\n<meta name=\"description\" content=\"Le Royaume-Uni attribue un record de 8,44 GW d&#039;\u00e9olien offshore (AR7). Un investissement de \u00a322 milliards pour alimenter 12 millions de foyers et s\u00e9curiser le mix \u00e9lectrique face au gaz.\" \/>\n<meta name=\"robots\" content=\"index, follow, max-snippet:-1, max-image-preview:large, max-video-preview:-1\" \/>\n<link rel=\"canonical\" href=\"https:\/\/www.les-energies-renouvelables.eu\/article\/actualites\/energies\/le-royaume-uni-relance-leolien-en-mer-844-gw-attribues-dun-coup-253\/\" \/>\n<meta property=\"og:locale\" content=\"fr_FR\" \/>\n<meta property=\"og:type\" content=\"article\" \/>\n<meta property=\"og:title\" content=\"Le Royaume-Uni relance l\u2019\u00e9olien en mer : 8,44 GW attribu\u00e9s d\u2019un coup - ECOinfos\" \/>\n<meta property=\"og:description\" content=\"Le Royaume-Uni attribue un record de 8,44 GW d&#039;\u00e9olien offshore (AR7). Un investissement de \u00a322 milliards pour alimenter 12 millions de foyers et s\u00e9curiser le mix \u00e9lectrique face au gaz.\" \/>\n<meta property=\"og:url\" content=\"https:\/\/www.les-energies-renouvelables.eu\/article\/actualites\/energies\/le-royaume-uni-relance-leolien-en-mer-844-gw-attribues-dun-coup-253\/\" \/>\n<meta property=\"og:site_name\" content=\"ECOinfos Energies renouvelables\" \/>\n<meta property=\"article:publisher\" content=\"https:\/\/www.facebook.com\/ecoannuaire.energierenouvelable\/\" \/>\n<meta property=\"article:author\" content=\"https:\/\/www.facebook.com\/tictacf2c\/\" \/>\n<meta property=\"article:published_time\" content=\"2026-01-17T07:00:00+00:00\" \/>\n<meta property=\"og:image\" content=\"https:\/\/www.les-energies-renouvelables.eu\/article\/actualites\/wp-content\/uploads\/2026\/01\/actualites-le-royaume-uni-relance-leolien-en-mer-844-gw-attribues-dun-coup-eolien-en-mer-royaume-uni-record-ar7.jpg\" \/>\n\t<meta property=\"og:image:width\" content=\"1200\" \/>\n\t<meta property=\"og:image:height\" content=\"675\" \/>\n\t<meta property=\"og:image:type\" content=\"image\/jpeg\" \/>\n<meta name=\"author\" content=\"Alexia JACQUARD\" \/>\n<meta name=\"twitter:card\" content=\"summary_large_image\" \/>\n<meta name=\"twitter:creator\" content=\"@alexiajcrd\" \/>\n<meta name=\"twitter:site\" content=\"@ECOinfosENR\" \/>\n<meta name=\"twitter:label1\" content=\"\u00c9crit par\" \/>\n\t<meta name=\"twitter:data1\" content=\"Alexia JACQUARD\" \/>\n\t<meta name=\"twitter:label2\" content=\"Dur\u00e9e de lecture estim\u00e9e\" \/>\n\t<meta name=\"twitter:data2\" content=\"4 minutes\" \/>\n<script type=\"application\/ld+json\" class=\"yoast-schema-graph\">{\"@context\":\"https:\/\/schema.org\",\"@graph\":[{\"@type\":\"Article\",\"@id\":\"https:\/\/www.les-energies-renouvelables.eu\/article\/actualites\/energies\/le-royaume-uni-relance-leolien-en-mer-844-gw-attribues-dun-coup-253\/#article\",\"isPartOf\":{\"@id\":\"https:\/\/www.les-energies-renouvelables.eu\/article\/actualites\/energies\/le-royaume-uni-relance-leolien-en-mer-844-gw-attribues-dun-coup-253\/\"},\"author\":{\"name\":\"Alexia JACQUARD\",\"@id\":\"https:\/\/www.les-energies-renouvelables.eu\/article\/actualites\/#\/schema\/person\/2c7d09eb5ca339c12ca8d86145440169\"},\"headline\":\"Le Royaume-Uni relance l\u2019\u00e9olien en mer : 8,44 GW attribu\u00e9s d\u2019un coup\",\"datePublished\":\"2026-01-17T07:00:00+00:00\",\"mainEntityOfPage\":{\"@id\":\"https:\/\/www.les-energies-renouvelables.eu\/article\/actualites\/energies\/le-royaume-uni-relance-leolien-en-mer-844-gw-attribues-dun-coup-253\/\"},\"wordCount\":880,\"publisher\":{\"@id\":\"https:\/\/www.les-energies-renouvelables.eu\/article\/actualites\/#organization\"},\"image\":{\"@id\":\"https:\/\/www.les-energies-renouvelables.eu\/article\/actualites\/energies\/le-royaume-uni-relance-leolien-en-mer-844-gw-attribues-dun-coup-253\/#primaryimage\"},\"thumbnailUrl\":\"https:\/\/www.les-energies-renouvelables.eu\/article\/actualites\/wp-content\/uploads\/2026\/01\/actualites-le-royaume-uni-relance-leolien-en-mer-844-gw-attribues-dun-coup-eolien-en-mer-royaume-uni-record-ar7.jpg\",\"articleSection\":[\"\u00c9nergies\"],\"inLanguage\":\"fr-FR\"},{\"@type\":\"WebPage\",\"@id\":\"https:\/\/www.les-energies-renouvelables.eu\/article\/actualites\/energies\/le-royaume-uni-relance-leolien-en-mer-844-gw-attribues-dun-coup-253\/\",\"url\":\"https:\/\/www.les-energies-renouvelables.eu\/article\/actualites\/energies\/le-royaume-uni-relance-leolien-en-mer-844-gw-attribues-dun-coup-253\/\",\"name\":\"Le Royaume-Uni relance l\u2019\u00e9olien en mer : 8,44 GW attribu\u00e9s d\u2019un coup - ECOinfos\",\"isPartOf\":{\"@id\":\"https:\/\/www.les-energies-renouvelables.eu\/article\/actualites\/#website\"},\"primaryImageOfPage\":{\"@id\":\"https:\/\/www.les-energies-renouvelables.eu\/article\/actualites\/energies\/le-royaume-uni-relance-leolien-en-mer-844-gw-attribues-dun-coup-253\/#primaryimage\"},\"image\":{\"@id\":\"https:\/\/www.les-energies-renouvelables.eu\/article\/actualites\/energies\/le-royaume-uni-relance-leolien-en-mer-844-gw-attribues-dun-coup-253\/#primaryimage\"},\"thumbnailUrl\":\"https:\/\/www.les-energies-renouvelables.eu\/article\/actualites\/wp-content\/uploads\/2026\/01\/actualites-le-royaume-uni-relance-leolien-en-mer-844-gw-attribues-dun-coup-eolien-en-mer-royaume-uni-record-ar7.jpg\",\"datePublished\":\"2026-01-17T07:00:00+00:00\",\"description\":\"Le Royaume-Uni attribue un record de 8,44 GW d'\u00e9olien offshore (AR7). Un investissement de \u00a322 milliards pour alimenter 12 millions de foyers et s\u00e9curiser le mix \u00e9lectrique face au gaz.\",\"breadcrumb\":{\"@id\":\"https:\/\/www.les-energies-renouvelables.eu\/article\/actualites\/energies\/le-royaume-uni-relance-leolien-en-mer-844-gw-attribues-dun-coup-253\/#breadcrumb\"},\"inLanguage\":\"fr-FR\",\"potentialAction\":[{\"@type\":\"ReadAction\",\"target\":[\"https:\/\/www.les-energies-renouvelables.eu\/article\/actualites\/energies\/le-royaume-uni-relance-leolien-en-mer-844-gw-attribues-dun-coup-253\/\"]}]},{\"@type\":\"ImageObject\",\"inLanguage\":\"fr-FR\",\"@id\":\"https:\/\/www.les-energies-renouvelables.eu\/article\/actualites\/energies\/le-royaume-uni-relance-leolien-en-mer-844-gw-attribues-dun-coup-253\/#primaryimage\",\"url\":\"https:\/\/www.les-energies-renouvelables.eu\/article\/actualites\/wp-content\/uploads\/2026\/01\/actualites-le-royaume-uni-relance-leolien-en-mer-844-gw-attribues-dun-coup-eolien-en-mer-royaume-uni-record-ar7.jpg\",\"contentUrl\":\"https:\/\/www.les-energies-renouvelables.eu\/article\/actualites\/wp-content\/uploads\/2026\/01\/actualites-le-royaume-uni-relance-leolien-en-mer-844-gw-attribues-dun-coup-eolien-en-mer-royaume-uni-record-ar7.jpg\",\"width\":1200,\"height\":675,\"caption\":\"Ideogram\"},{\"@type\":\"BreadcrumbList\",\"@id\":\"https:\/\/www.les-energies-renouvelables.eu\/article\/actualites\/energies\/le-royaume-uni-relance-leolien-en-mer-844-gw-attribues-dun-coup-253\/#breadcrumb\",\"itemListElement\":[{\"@type\":\"ListItem\",\"position\":1,\"name\":\"Accueil\",\"item\":\"https:\/\/www.les-energies-renouvelables.eu\/article\/actualites\/\"},{\"@type\":\"ListItem\",\"position\":2,\"name\":\"Le Royaume-Uni relance l\u2019\u00e9olien en mer : 8,44 GW attribu\u00e9s d\u2019un coup\"}]},{\"@type\":\"WebSite\",\"@id\":\"https:\/\/www.les-energies-renouvelables.eu\/article\/actualites\/#website\",\"url\":\"https:\/\/www.les-energies-renouvelables.eu\/article\/actualites\/\",\"name\":\"ECOinfos Energies renouvelables\",\"description\":\"Le d\u00e9cryptage quotidien du secteur des \u00e9nergies renouvelables\",\"publisher\":{\"@id\":\"https:\/\/www.les-energies-renouvelables.eu\/article\/actualites\/#organization\"},\"potentialAction\":[{\"@type\":\"SearchAction\",\"target\":{\"@type\":\"EntryPoint\",\"urlTemplate\":\"https:\/\/www.les-energies-renouvelables.eu\/article\/actualites\/?s={search_term_string}\"},\"query-input\":{\"@type\":\"PropertyValueSpecification\",\"valueRequired\":true,\"valueName\":\"search_term_string\"}}],\"inLanguage\":\"fr-FR\"},{\"@type\":\"Organization\",\"@id\":\"https:\/\/www.les-energies-renouvelables.eu\/article\/actualites\/#organization\",\"name\":\"ECOinfos Energies renouvelables\",\"url\":\"https:\/\/www.les-energies-renouvelables.eu\/article\/actualites\/\",\"logo\":{\"@type\":\"ImageObject\",\"inLanguage\":\"fr-FR\",\"@id\":\"https:\/\/www.les-energies-renouvelables.eu\/article\/actualites\/#\/schema\/logo\/image\/\",\"url\":\"https:\/\/www.les-energies-renouvelables.eu\/article\/actualites\/wp-content\/uploads\/2025\/11\/ecoinfos.eldorado-consulting.com-logo-logo.svg\",\"contentUrl\":\"https:\/\/www.les-energies-renouvelables.eu\/article\/actualites\/wp-content\/uploads\/2025\/11\/ecoinfos.eldorado-consulting.com-logo-logo.svg\",\"caption\":\"ECOinfos Energies renouvelables\"},\"image\":{\"@id\":\"https:\/\/www.les-energies-renouvelables.eu\/article\/actualites\/#\/schema\/logo\/image\/\"},\"sameAs\":[\"https:\/\/www.facebook.com\/ecoannuaire.energierenouvelable\/\",\"https:\/\/x.com\/ECOinfosENR\",\"https:\/\/www.linkedin.com\/company\/ecoinfos-energies-renouvelables\/\",\"https:\/\/www.youtube.com\/@ecoinfosenergies\",\"https:\/\/share.google\/dyKHJPxAV42WhhjbM\"]},{\"@type\":\"Person\",\"@id\":\"https:\/\/www.les-energies-renouvelables.eu\/article\/actualites\/#\/schema\/person\/2c7d09eb5ca339c12ca8d86145440169\",\"name\":\"Alexia JACQUARD\",\"pronouns\":\"elle\/elle\",\"image\":{\"@type\":\"ImageObject\",\"inLanguage\":\"fr-FR\",\"@id\":\"https:\/\/www.les-energies-renouvelables.eu\/article\/actualites\/#\/schema\/person\/image\/\",\"url\":\"https:\/\/www.les-energies-renouvelables.eu\/article\/actualites\/wp-content\/uploads\/2026\/01\/actualites-alexia-jacquard-alexia-jacquard-160x160.jpg\",\"contentUrl\":\"https:\/\/www.les-energies-renouvelables.eu\/article\/actualites\/wp-content\/uploads\/2026\/01\/actualites-alexia-jacquard-alexia-jacquard-160x160.jpg\",\"caption\":\"Alexia JACQUARD\"},\"description\":\"Curieuse de nature et attentif aux enjeux du d\u00e9veloppement durable, Alexia Jacquard suit l'actualit\u00e9 des \u00e9nergies renouvelables pour partager les derni\u00e8res nouveaut\u00e9s du secteur. Elle s'attache \u00e0 retranscrire simplement les informations cl\u00e9s et les initiatives positives qui marquent la transition \u00e9nerg\u00e9tique. Son objectif : proposer des articles d'actualit\u00e9 clairs et accessibles pour tous ceux qui s'int\u00e9ressent \u00e0 l'avenir de notre \u00e9nergie.\",\"sameAs\":[\"https:\/\/alexia-jacquard.fr\",\"https:\/\/www.facebook.com\/tictacf2c\/\",\"https:\/\/www.instagram.com\/alexia_redac\/\",\"https:\/\/www.linkedin.com\/in\/alexia-jacquard-449a4b289\/\",\"https:\/\/fr.pinterest.com\/alexiajacquard\/\",\"https:\/\/x.com\/alexiajcrd\",\"https:\/\/www.youtube.com\/@Thepaindemie\",\"https:\/\/muckrack.com\/alexia-jacquard\"],\"url\":\"https:\/\/www.les-energies-renouvelables.eu\/article\/actualites\/author\/alexia-jacquard\/\"}]}<\/script>\n<!-- \/ Yoast SEO plugin. -->","yoast_head_json":{"title":"Le Royaume-Uni relance l\u2019\u00e9olien en mer : 8,44 GW attribu\u00e9s d\u2019un coup - ECOinfos","description":"Le Royaume-Uni attribue un record de 8,44 GW d'\u00e9olien offshore (AR7). Un investissement de \u00a322 milliards pour alimenter 12 millions de foyers et s\u00e9curiser le mix \u00e9lectrique face au gaz.","robots":{"index":"index","follow":"follow","max-snippet":"max-snippet:-1","max-image-preview":"max-image-preview:large","max-video-preview":"max-video-preview:-1"},"canonical":"https:\/\/www.les-energies-renouvelables.eu\/article\/actualites\/energies\/le-royaume-uni-relance-leolien-en-mer-844-gw-attribues-dun-coup-253\/","og_locale":"fr_FR","og_type":"article","og_title":"Le Royaume-Uni relance l\u2019\u00e9olien en mer : 8,44 GW attribu\u00e9s d\u2019un coup - ECOinfos","og_description":"Le Royaume-Uni attribue un record de 8,44 GW d'\u00e9olien offshore (AR7). Un investissement de \u00a322 milliards pour alimenter 12 millions de foyers et s\u00e9curiser le mix \u00e9lectrique face au gaz.","og_url":"https:\/\/www.les-energies-renouvelables.eu\/article\/actualites\/energies\/le-royaume-uni-relance-leolien-en-mer-844-gw-attribues-dun-coup-253\/","og_site_name":"ECOinfos Energies renouvelables","article_publisher":"https:\/\/www.facebook.com\/ecoannuaire.energierenouvelable\/","article_author":"https:\/\/www.facebook.com\/tictacf2c\/","article_published_time":"2026-01-17T07:00:00+00:00","og_image":[{"width":1200,"height":675,"url":"https:\/\/www.les-energies-renouvelables.eu\/article\/actualites\/wp-content\/uploads\/2026\/01\/actualites-le-royaume-uni-relance-leolien-en-mer-844-gw-attribues-dun-coup-eolien-en-mer-royaume-uni-record-ar7.jpg","type":"image\/jpeg"}],"author":"Alexia JACQUARD","twitter_card":"summary_large_image","twitter_creator":"@alexiajcrd","twitter_site":"@ECOinfosENR","twitter_misc":{"\u00c9crit par":"Alexia JACQUARD","Dur\u00e9e de lecture estim\u00e9e":"4 minutes"},"schema":{"@context":"https:\/\/schema.org","@graph":[{"@type":"Article","@id":"https:\/\/www.les-energies-renouvelables.eu\/article\/actualites\/energies\/le-royaume-uni-relance-leolien-en-mer-844-gw-attribues-dun-coup-253\/#article","isPartOf":{"@id":"https:\/\/www.les-energies-renouvelables.eu\/article\/actualites\/energies\/le-royaume-uni-relance-leolien-en-mer-844-gw-attribues-dun-coup-253\/"},"author":{"name":"Alexia JACQUARD","@id":"https:\/\/www.les-energies-renouvelables.eu\/article\/actualites\/#\/schema\/person\/2c7d09eb5ca339c12ca8d86145440169"},"headline":"Le Royaume-Uni relance l\u2019\u00e9olien en mer : 8,44 GW attribu\u00e9s d\u2019un coup","datePublished":"2026-01-17T07:00:00+00:00","mainEntityOfPage":{"@id":"https:\/\/www.les-energies-renouvelables.eu\/article\/actualites\/energies\/le-royaume-uni-relance-leolien-en-mer-844-gw-attribues-dun-coup-253\/"},"wordCount":880,"publisher":{"@id":"https:\/\/www.les-energies-renouvelables.eu\/article\/actualites\/#organization"},"image":{"@id":"https:\/\/www.les-energies-renouvelables.eu\/article\/actualites\/energies\/le-royaume-uni-relance-leolien-en-mer-844-gw-attribues-dun-coup-253\/#primaryimage"},"thumbnailUrl":"https:\/\/www.les-energies-renouvelables.eu\/article\/actualites\/wp-content\/uploads\/2026\/01\/actualites-le-royaume-uni-relance-leolien-en-mer-844-gw-attribues-dun-coup-eolien-en-mer-royaume-uni-record-ar7.jpg","articleSection":["\u00c9nergies"],"inLanguage":"fr-FR"},{"@type":"WebPage","@id":"https:\/\/www.les-energies-renouvelables.eu\/article\/actualites\/energies\/le-royaume-uni-relance-leolien-en-mer-844-gw-attribues-dun-coup-253\/","url":"https:\/\/www.les-energies-renouvelables.eu\/article\/actualites\/energies\/le-royaume-uni-relance-leolien-en-mer-844-gw-attribues-dun-coup-253\/","name":"Le Royaume-Uni relance l\u2019\u00e9olien en mer : 8,44 GW attribu\u00e9s d\u2019un coup - ECOinfos","isPartOf":{"@id":"https:\/\/www.les-energies-renouvelables.eu\/article\/actualites\/#website"},"primaryImageOfPage":{"@id":"https:\/\/www.les-energies-renouvelables.eu\/article\/actualites\/energies\/le-royaume-uni-relance-leolien-en-mer-844-gw-attribues-dun-coup-253\/#primaryimage"},"image":{"@id":"https:\/\/www.les-energies-renouvelables.eu\/article\/actualites\/energies\/le-royaume-uni-relance-leolien-en-mer-844-gw-attribues-dun-coup-253\/#primaryimage"},"thumbnailUrl":"https:\/\/www.les-energies-renouvelables.eu\/article\/actualites\/wp-content\/uploads\/2026\/01\/actualites-le-royaume-uni-relance-leolien-en-mer-844-gw-attribues-dun-coup-eolien-en-mer-royaume-uni-record-ar7.jpg","datePublished":"2026-01-17T07:00:00+00:00","description":"Le Royaume-Uni attribue un record de 8,44 GW d'\u00e9olien offshore (AR7). Un investissement de \u00a322 milliards pour alimenter 12 millions de foyers et s\u00e9curiser le mix \u00e9lectrique face au gaz.","breadcrumb":{"@id":"https:\/\/www.les-energies-renouvelables.eu\/article\/actualites\/energies\/le-royaume-uni-relance-leolien-en-mer-844-gw-attribues-dun-coup-253\/#breadcrumb"},"inLanguage":"fr-FR","potentialAction":[{"@type":"ReadAction","target":["https:\/\/www.les-energies-renouvelables.eu\/article\/actualites\/energies\/le-royaume-uni-relance-leolien-en-mer-844-gw-attribues-dun-coup-253\/"]}]},{"@type":"ImageObject","inLanguage":"fr-FR","@id":"https:\/\/www.les-energies-renouvelables.eu\/article\/actualites\/energies\/le-royaume-uni-relance-leolien-en-mer-844-gw-attribues-dun-coup-253\/#primaryimage","url":"https:\/\/www.les-energies-renouvelables.eu\/article\/actualites\/wp-content\/uploads\/2026\/01\/actualites-le-royaume-uni-relance-leolien-en-mer-844-gw-attribues-dun-coup-eolien-en-mer-royaume-uni-record-ar7.jpg","contentUrl":"https:\/\/www.les-energies-renouvelables.eu\/article\/actualites\/wp-content\/uploads\/2026\/01\/actualites-le-royaume-uni-relance-leolien-en-mer-844-gw-attribues-dun-coup-eolien-en-mer-royaume-uni-record-ar7.jpg","width":1200,"height":675,"caption":"Ideogram"},{"@type":"BreadcrumbList","@id":"https:\/\/www.les-energies-renouvelables.eu\/article\/actualites\/energies\/le-royaume-uni-relance-leolien-en-mer-844-gw-attribues-dun-coup-253\/#breadcrumb","itemListElement":[{"@type":"ListItem","position":1,"name":"Accueil","item":"https:\/\/www.les-energies-renouvelables.eu\/article\/actualites\/"},{"@type":"ListItem","position":2,"name":"Le Royaume-Uni relance l\u2019\u00e9olien en mer : 8,44 GW attribu\u00e9s d\u2019un coup"}]},{"@type":"WebSite","@id":"https:\/\/www.les-energies-renouvelables.eu\/article\/actualites\/#website","url":"https:\/\/www.les-energies-renouvelables.eu\/article\/actualites\/","name":"ECOinfos Energies renouvelables","description":"Le d\u00e9cryptage quotidien du secteur des \u00e9nergies renouvelables","publisher":{"@id":"https:\/\/www.les-energies-renouvelables.eu\/article\/actualites\/#organization"},"potentialAction":[{"@type":"SearchAction","target":{"@type":"EntryPoint","urlTemplate":"https:\/\/www.les-energies-renouvelables.eu\/article\/actualites\/?s={search_term_string}"},"query-input":{"@type":"PropertyValueSpecification","valueRequired":true,"valueName":"search_term_string"}}],"inLanguage":"fr-FR"},{"@type":"Organization","@id":"https:\/\/www.les-energies-renouvelables.eu\/article\/actualites\/#organization","name":"ECOinfos Energies renouvelables","url":"https:\/\/www.les-energies-renouvelables.eu\/article\/actualites\/","logo":{"@type":"ImageObject","inLanguage":"fr-FR","@id":"https:\/\/www.les-energies-renouvelables.eu\/article\/actualites\/#\/schema\/logo\/image\/","url":"https:\/\/www.les-energies-renouvelables.eu\/article\/actualites\/wp-content\/uploads\/2025\/11\/ecoinfos.eldorado-consulting.com-logo-logo.svg","contentUrl":"https:\/\/www.les-energies-renouvelables.eu\/article\/actualites\/wp-content\/uploads\/2025\/11\/ecoinfos.eldorado-consulting.com-logo-logo.svg","caption":"ECOinfos Energies renouvelables"},"image":{"@id":"https:\/\/www.les-energies-renouvelables.eu\/article\/actualites\/#\/schema\/logo\/image\/"},"sameAs":["https:\/\/www.facebook.com\/ecoannuaire.energierenouvelable\/","https:\/\/x.com\/ECOinfosENR","https:\/\/www.linkedin.com\/company\/ecoinfos-energies-renouvelables\/","https:\/\/www.youtube.com\/@ecoinfosenergies","https:\/\/share.google\/dyKHJPxAV42WhhjbM"]},{"@type":"Person","@id":"https:\/\/www.les-energies-renouvelables.eu\/article\/actualites\/#\/schema\/person\/2c7d09eb5ca339c12ca8d86145440169","name":"Alexia JACQUARD","pronouns":"elle\/elle","image":{"@type":"ImageObject","inLanguage":"fr-FR","@id":"https:\/\/www.les-energies-renouvelables.eu\/article\/actualites\/#\/schema\/person\/image\/","url":"https:\/\/www.les-energies-renouvelables.eu\/article\/actualites\/wp-content\/uploads\/2026\/01\/actualites-alexia-jacquard-alexia-jacquard-160x160.jpg","contentUrl":"https:\/\/www.les-energies-renouvelables.eu\/article\/actualites\/wp-content\/uploads\/2026\/01\/actualites-alexia-jacquard-alexia-jacquard-160x160.jpg","caption":"Alexia JACQUARD"},"description":"Curieuse de nature et attentif aux enjeux du d\u00e9veloppement durable, Alexia Jacquard suit l'actualit\u00e9 des \u00e9nergies renouvelables pour partager les derni\u00e8res nouveaut\u00e9s du secteur. Elle s'attache \u00e0 retranscrire simplement les informations cl\u00e9s et les initiatives positives qui marquent la transition \u00e9nerg\u00e9tique. Son objectif : proposer des articles d'actualit\u00e9 clairs et accessibles pour tous ceux qui s'int\u00e9ressent \u00e0 l'avenir de notre \u00e9nergie.","sameAs":["https:\/\/alexia-jacquard.fr","https:\/\/www.facebook.com\/tictacf2c\/","https:\/\/www.instagram.com\/alexia_redac\/","https:\/\/www.linkedin.com\/in\/alexia-jacquard-449a4b289\/","https:\/\/fr.pinterest.com\/alexiajacquard\/","https:\/\/x.com\/alexiajcrd","https:\/\/www.youtube.com\/@Thepaindemie","https:\/\/muckrack.com\/alexia-jacquard"],"url":"https:\/\/www.les-energies-renouvelables.eu\/article\/actualites\/author\/alexia-jacquard\/"}]}},"_links":{"self":[{"href":"https:\/\/www.les-energies-renouvelables.eu\/article\/actualites\/wp-json\/wp\/v2\/posts\/253","targetHints":{"allow":["GET"]}}],"collection":[{"href":"https:\/\/www.les-energies-renouvelables.eu\/article\/actualites\/wp-json\/wp\/v2\/posts"}],"about":[{"href":"https:\/\/www.les-energies-renouvelables.eu\/article\/actualites\/wp-json\/wp\/v2\/types\/post"}],"author":[{"embeddable":true,"href":"https:\/\/www.les-energies-renouvelables.eu\/article\/actualites\/wp-json\/wp\/v2\/users\/2"}],"replies":[{"embeddable":true,"href":"https:\/\/www.les-energies-renouvelables.eu\/article\/actualites\/wp-json\/wp\/v2\/comments?post=253"}],"version-history":[{"count":1,"href":"https:\/\/www.les-energies-renouvelables.eu\/article\/actualites\/wp-json\/wp\/v2\/posts\/253\/revisions"}],"predecessor-version":[{"id":254,"href":"https:\/\/www.les-energies-renouvelables.eu\/article\/actualites\/wp-json\/wp\/v2\/posts\/253\/revisions\/254"}],"wp:featuredmedia":[{"embeddable":true,"href":"https:\/\/www.les-energies-renouvelables.eu\/article\/actualites\/wp-json\/wp\/v2\/media\/255"}],"wp:attachment":[{"href":"https:\/\/www.les-energies-renouvelables.eu\/article\/actualites\/wp-json\/wp\/v2\/media?parent=253"}],"wp:term":[{"taxonomy":"category","embeddable":true,"href":"https:\/\/www.les-energies-renouvelables.eu\/article\/actualites\/wp-json\/wp\/v2\/categories?post=253"},{"taxonomy":"post_tag","embeddable":true,"href":"https:\/\/www.les-energies-renouvelables.eu\/article\/actualites\/wp-json\/wp\/v2\/tags?post=253"}],"curies":[{"name":"wp","href":"https:\/\/api.w.org\/{rel}","templated":true}]}}