{"id":250,"date":"2026-01-16T08:00:00","date_gmt":"2026-01-16T07:00:00","guid":{"rendered":"https:\/\/www.les-energies-renouvelables.eu\/article\/actualites\/?p=250"},"modified":"2026-01-15T19:45:40","modified_gmt":"2026-01-15T18:45:40","slug":"bretagne-rte-mise-sur-une-grosse-batterie-pour-renforcer-la-stabilite-du-reseau-electrique","status":"publish","type":"post","link":"https:\/\/www.les-energies-renouvelables.eu\/article\/actualites\/energies\/bretagne-rte-mise-sur-une-grosse-batterie-pour-renforcer-la-stabilite-du-reseau-electrique-250\/","title":{"rendered":"Bretagne : RTE mise sur une grosse batterie pour renforcer la stabilit\u00e9 du r\u00e9seau \u00e9lectrique"},"content":{"rendered":"\n<p>R\u00e9sum\u00e9 :&nbsp;<\/p>\n\n\n\n<ul class=\"wp-block-list\">\n<li><strong>Innovation technique :<\/strong> Exp\u00e9rimentation du passage du mode <strong>\u00ab grid-following \u00bb<\/strong> (passif) au mode <strong>\u00ab grid-forming \u00bb<\/strong> via une mise \u00e0 jour (<strong>retrofit<\/strong>) des onduleurs.<\/li>\n\n\n\n<li><strong>Ancrage local :<\/strong> Une installation de <strong>92 MW \/ 183 MWh<\/strong> situ\u00e9e \u00e0 <strong>Pleyber-Christ<\/strong>, dans le Finist\u00e8re.<\/li>\n\n\n\n<li><strong>Calendrier :<\/strong> D\u00e9but des tests pr\u00e9vu au <strong>second semestre 2026<\/strong> pour une phase pilote d&rsquo;au moins un an, selon les termes de l&rsquo;accord.<\/li>\n\n\n\n<li><strong>Statut :<\/strong> Neoen indique dans son communiqu\u00e9 qu&rsquo;il s&rsquo;agirait d&rsquo;une <strong>premi\u00e8re en France<\/strong> pour ce type de service syst\u00e8me sur une batterie de cette taille.<\/li>\n<\/ul>\n\n\n\n<p>Le syst\u00e8me \u00e9lectrique repose traditionnellement sur l&rsquo;<strong>inertie m\u00e9canique<\/strong> des machines tournantes des grandes centrales. Avec l&rsquo;insertion croissante des \u00e9nergies renouvelables, raccord\u00e9es via des dispositifs d&rsquo;<strong>\u00e9lectronique de puissance<\/strong>(onduleurs), les gestionnaires de r\u00e9seaux doivent adapter leurs m\u00e9thodes d&rsquo;exploitation.<\/p>\n\n\n\n<p>Aujourd&rsquo;hui, les installations de stockage par batteries raccord\u00e9es au r\u00e9seau fonctionnent en mode <strong>\u00ab grid-following \u00bb<\/strong>. Dans cette configuration, les onduleurs se synchronisent de mani\u00e8re passive sur la fr\u00e9quence du r\u00e9seau. Selon <strong>Neoen<\/strong>, ce mode de fonctionnement offre une r\u00e9ponse moins r\u00e9active aux fluctuations de l&rsquo;offre et de la demande que les nouvelles technologies test\u00e9es.<\/p>\n\n\n\n<p>Pour <strong>RTE<\/strong>, l&rsquo;enjeu est de transformer cette mont\u00e9e en puissance de l&rsquo;\u00e9lectronique de puissance en un levier de s\u00e9curit\u00e9. <strong>Gabriel Bareux<\/strong>, directeur R&amp;D de RTE, souligne que l&rsquo;exp\u00e9rimentation vise \u00e0 tester des avanc\u00e9es technologiques capables d&rsquo;am\u00e9liorer la <strong>stabilit\u00e9 globale<\/strong>, avec l&rsquo;objectif d&rsquo;\u00e9valuer comment les actifs d\u00e9carbon\u00e9s peuvent d\u00e9sormais assumer des <strong>services critiques<\/strong>.<\/p>\n\n\n\n<h2 class=\"wp-block-heading\">Quand la batterie prend le relais pour stabiliser la tension<\/h2>\n\n\n\n<p>La technologie <strong>\u00ab grid-forming \u00bb<\/strong> marque une \u00e9volution (elle doit permettre aux batteries de stabiliser de mani\u00e8re autonome la tension et la fr\u00e9quence). Contrairement au mode classique, l&rsquo;onduleur impose ici sa propre r\u00e9f\u00e9rence. Selon Neoen, cela permet d&rsquo;envisager une <strong>r\u00e9ponse plus rapide<\/strong>, voire quasi imm\u00e9diate, aux perturbations du r\u00e9seau.<\/p>\n\n\n\n<p>L&rsquo;innovation du projet repose sur le <strong>\u00ab retrofit \u00bb<\/strong> (Neoen pr\u00e9voit de mettre \u00e0 jour les logiciels de contr\u00f4le des onduleurs de sa <strong>Breizh Big Battery<\/strong>). Si les tests sont concluants, l&rsquo;entreprise indique que l&rsquo;installation bretonne deviendrait la <strong>premi\u00e8re batterie en France<\/strong> dot\u00e9e de telles capacit\u00e9s de pilotage actif de l&rsquo;\u00e9lectronique de puissance.<\/p>\n\n\n\n<h2 class=\"wp-block-heading\">Un saut technologique pr\u00e9par\u00e9 par le programme europ\u00e9en MIGRATE<\/h2>\n\n\n\n<p>Ce test s&rsquo;appuie sur les conclusions du projet europ\u00e9en <strong>MIGRATE<\/strong> (<em>Massive InteGRATion of power Electronic devices<\/em>). Ce programme de recherche, qui comptait <strong>33 partenaires<\/strong> sous l&rsquo;\u00e9gide de RTE, a rendu ses r\u00e9sultats en 2019.<\/p>\n\n\n\n<p>Selon RTE, les travaux de MIGRATE ont permis d&rsquo;\u00e9tablir que la technologie grid-forming est une <strong>condition n\u00e9cessaire<\/strong>pour pouvoir exploiter, \u00e0 l&rsquo;avenir, un r\u00e9seau compos\u00e9 tr\u00e8s majoritairement d&rsquo;\u00e9nergies renouvelables. <strong>Guillaume Decaen<\/strong>, PDG de <a href=\"https:\/\/neoen.com\/fr\/\" rel=\"nofollow\">Neoen France<\/a>, estime que ce pilote doit d\u00e9montrer la capacit\u00e9 des actifs de stockage \u00e0 s\u00e9curiser le fonctionnement des r\u00e9seaux de demain.<\/p>\n\n\n\n<h2 class=\"wp-block-heading\">Un d\u00e9ploiement strat\u00e9gique pour la r\u00e9silience du mix breton<\/h2>\n\n\n\n<p>La <strong>Breizh Big Battery<\/strong> (92 MW \/ 183 MWh), situ\u00e9e \u00e0 Pleyber-Christ, est actuellement en phase de construction pour une mise en service industrielle pr\u00e9vue \u00e0 l&rsquo;<strong>\u00e9t\u00e9 2026<\/strong>. L&rsquo;exp\u00e9rimentation technique avec <a href=\"https:\/\/www.rte-france.com\" rel=\"nofollow\">RTE<\/a> d\u00e9butera dans la foul\u00e9e.<\/p>\n\n\n\n<p>Le choix de la Bretagne place la r\u00e9gion au c\u0153ur des tests de <strong>r\u00e9silience \u00e9lectrique<\/strong>, bien que les sources disponibles n&rsquo;explicitent pas les raisons techniques sp\u00e9cifiques de cette implantation. Neoen, qui se pr\u00e9sente comme l&rsquo;un des principaux op\u00e9rateurs de batteries au monde, indique dans son communiqu\u00e9 du 13 janvier 2026 g\u00e9rer un portefeuille de stockage de <strong>2,7 GW \/ 7,9 GWh<\/strong> (en exploitation ou en construction) \u00e0 l&rsquo;\u00e9chelle internationale.<\/p>\n\n\n\n<h2 class=\"wp-block-heading\">Une phase exp\u00e9rimentale avant un \u00e9ventuel passage \u00e0 l&rsquo;\u00e9chelle<\/h2>\n\n\n\n<p>Le projet conserve un <strong>caract\u00e8re exp\u00e9rimental<\/strong>. La performance r\u00e9elle et la fiabilit\u00e9 du retrofit en conditions r\u00e9elles ne seront valid\u00e9es qu&rsquo;au terme de la <strong>p\u00e9riode d&rsquo;essai d&rsquo;un an<\/strong>. Si l&rsquo;objectif est de d\u00e9montrer la maturit\u00e9 des solutions logicielles, un d\u00e9ploiement industriel g\u00e9n\u00e9ralis\u00e9 d\u00e9pendra des r\u00e9sultats techniques et de l&rsquo;\u00e9volution du cadre de r\u00e9mun\u00e9ration de ces nouveaux <strong>services syst\u00e8me<\/strong>. Enfin, le co\u00fbt sp\u00e9cifique de cette mise \u00e0 jour technologique n&rsquo;est pas pr\u00e9cis\u00e9 dans les documents publics de l&rsquo;accord.<\/p>\n\n\n\n<p><em><strong>Source : Neoen \/ RTE : Projet :<\/strong> Breizh Big Battery (exp\u00e9rimentation grid-forming), <strong>Localisation :<\/strong> Pleyber-Christ (29), <strong>Capacit\u00e9 :<\/strong> 92 MW \/ 183 MWh, <strong>Technologie :<\/strong> Lithium-ion \/ Retrofit onduleurs, <strong>Calendrier :<\/strong> D\u00e9but des tests S2 2026 (dur\u00e9e \u2265 12 mois), <strong>R\u00e9f\u00e9rence R&amp;D :<\/strong> Projet europ\u00e9en MIGRATE (2016-2019)<\/em><\/p>\n","protected":false},"excerpt":{"rendered":"","protected":false},"author":2,"featured_media":252,"comment_status":"closed","ping_status":"closed","sticky":false,"template":"","format":"standard","meta":{"footnotes":""},"categories":[1],"tags":[],"class_list":["post-250","post","type-post","status-publish","format-standard","has-post-thumbnail","hentry","category-energies","masonry-post","generate-columns","tablet-grid-50","mobile-grid-100","grid-parent","grid-33"],"yoast_head":"<!-- This site is optimized with the Yoast SEO plugin v26.6 - https:\/\/yoast.com\/wordpress\/plugins\/seo\/ -->\n<title>Bretagne : RTE mise sur une grosse batterie pour renforcer la stabilit\u00e9 du r\u00e9seau \u00e9lectrique - ECOinfos<\/title>\n<meta name=\"description\" content=\"Neoen et RTE testent le &quot;grid-forming&quot; sur la Breizh Big Battery. Une innovation majeure pour stabiliser le r\u00e9seau \u00e9lectrique avec 100% d&#039;\u00e9nergies renouvelables.\" \/>\n<meta name=\"robots\" content=\"index, follow, max-snippet:-1, max-image-preview:large, max-video-preview:-1\" \/>\n<link rel=\"canonical\" href=\"https:\/\/www.les-energies-renouvelables.eu\/article\/actualites\/energies\/bretagne-rte-mise-sur-une-grosse-batterie-pour-renforcer-la-stabilite-du-reseau-electrique-250\/\" \/>\n<meta property=\"og:locale\" content=\"fr_FR\" \/>\n<meta property=\"og:type\" content=\"article\" \/>\n<meta property=\"og:title\" content=\"Bretagne : RTE mise sur une grosse batterie pour renforcer la stabilit\u00e9 du r\u00e9seau \u00e9lectrique - ECOinfos\" \/>\n<meta property=\"og:description\" content=\"Neoen et RTE testent le &quot;grid-forming&quot; sur la Breizh Big Battery. Une innovation majeure pour stabiliser le r\u00e9seau \u00e9lectrique avec 100% d&#039;\u00e9nergies renouvelables.\" \/>\n<meta property=\"og:url\" content=\"https:\/\/www.les-energies-renouvelables.eu\/article\/actualites\/energies\/bretagne-rte-mise-sur-une-grosse-batterie-pour-renforcer-la-stabilite-du-reseau-electrique-250\/\" \/>\n<meta property=\"og:site_name\" content=\"ECOinfos Energies renouvelables\" \/>\n<meta property=\"article:publisher\" content=\"https:\/\/www.facebook.com\/ecoannuaire.energierenouvelable\/\" \/>\n<meta property=\"article:author\" content=\"https:\/\/www.facebook.com\/tictacf2c\/\" \/>\n<meta property=\"article:published_time\" content=\"2026-01-16T07:00:00+00:00\" \/>\n<meta property=\"og:image\" content=\"https:\/\/www.les-energies-renouvelables.eu\/article\/actualites\/wp-content\/uploads\/2026\/01\/actualites-bretagne-rte-mise-sur-une-grosse-batterie-pour-renforcer-la-stabilite-du-reseau-electrique-batterie-grid-forming-neoen-rte.jpg\" \/>\n\t<meta property=\"og:image:width\" content=\"1200\" \/>\n\t<meta property=\"og:image:height\" content=\"675\" \/>\n\t<meta property=\"og:image:type\" content=\"image\/jpeg\" \/>\n<meta name=\"author\" content=\"Alexia JACQUARD\" \/>\n<meta name=\"twitter:card\" content=\"summary_large_image\" \/>\n<meta name=\"twitter:creator\" content=\"@alexiajcrd\" \/>\n<meta name=\"twitter:site\" content=\"@ECOinfosENR\" \/>\n<meta name=\"twitter:label1\" content=\"\u00c9crit par\" \/>\n\t<meta name=\"twitter:data1\" content=\"Alexia JACQUARD\" \/>\n\t<meta name=\"twitter:label2\" content=\"Dur\u00e9e de lecture estim\u00e9e\" \/>\n\t<meta name=\"twitter:data2\" content=\"4 minutes\" \/>\n<script type=\"application\/ld+json\" class=\"yoast-schema-graph\">{\"@context\":\"https:\/\/schema.org\",\"@graph\":[{\"@type\":\"Article\",\"@id\":\"https:\/\/www.les-energies-renouvelables.eu\/article\/actualites\/energies\/bretagne-rte-mise-sur-une-grosse-batterie-pour-renforcer-la-stabilite-du-reseau-electrique-250\/#article\",\"isPartOf\":{\"@id\":\"https:\/\/www.les-energies-renouvelables.eu\/article\/actualites\/energies\/bretagne-rte-mise-sur-une-grosse-batterie-pour-renforcer-la-stabilite-du-reseau-electrique-250\/\"},\"author\":{\"name\":\"Alexia JACQUARD\",\"@id\":\"https:\/\/www.les-energies-renouvelables.eu\/article\/actualites\/#\/schema\/person\/2c7d09eb5ca339c12ca8d86145440169\"},\"headline\":\"Bretagne : RTE mise sur une grosse batterie pour renforcer la stabilit\u00e9 du r\u00e9seau \u00e9lectrique\",\"datePublished\":\"2026-01-16T07:00:00+00:00\",\"mainEntityOfPage\":{\"@id\":\"https:\/\/www.les-energies-renouvelables.eu\/article\/actualites\/energies\/bretagne-rte-mise-sur-une-grosse-batterie-pour-renforcer-la-stabilite-du-reseau-electrique-250\/\"},\"wordCount\":787,\"publisher\":{\"@id\":\"https:\/\/www.les-energies-renouvelables.eu\/article\/actualites\/#organization\"},\"image\":{\"@id\":\"https:\/\/www.les-energies-renouvelables.eu\/article\/actualites\/energies\/bretagne-rte-mise-sur-une-grosse-batterie-pour-renforcer-la-stabilite-du-reseau-electrique-250\/#primaryimage\"},\"thumbnailUrl\":\"https:\/\/www.les-energies-renouvelables.eu\/article\/actualites\/wp-content\/uploads\/2026\/01\/actualites-bretagne-rte-mise-sur-une-grosse-batterie-pour-renforcer-la-stabilite-du-reseau-electrique-batterie-grid-forming-neoen-rte.jpg\",\"articleSection\":[\"\u00c9nergies\"],\"inLanguage\":\"fr-FR\"},{\"@type\":\"WebPage\",\"@id\":\"https:\/\/www.les-energies-renouvelables.eu\/article\/actualites\/energies\/bretagne-rte-mise-sur-une-grosse-batterie-pour-renforcer-la-stabilite-du-reseau-electrique-250\/\",\"url\":\"https:\/\/www.les-energies-renouvelables.eu\/article\/actualites\/energies\/bretagne-rte-mise-sur-une-grosse-batterie-pour-renforcer-la-stabilite-du-reseau-electrique-250\/\",\"name\":\"Bretagne : RTE mise sur une grosse batterie pour renforcer la stabilit\u00e9 du r\u00e9seau \u00e9lectrique - ECOinfos\",\"isPartOf\":{\"@id\":\"https:\/\/www.les-energies-renouvelables.eu\/article\/actualites\/#website\"},\"primaryImageOfPage\":{\"@id\":\"https:\/\/www.les-energies-renouvelables.eu\/article\/actualites\/energies\/bretagne-rte-mise-sur-une-grosse-batterie-pour-renforcer-la-stabilite-du-reseau-electrique-250\/#primaryimage\"},\"image\":{\"@id\":\"https:\/\/www.les-energies-renouvelables.eu\/article\/actualites\/energies\/bretagne-rte-mise-sur-une-grosse-batterie-pour-renforcer-la-stabilite-du-reseau-electrique-250\/#primaryimage\"},\"thumbnailUrl\":\"https:\/\/www.les-energies-renouvelables.eu\/article\/actualites\/wp-content\/uploads\/2026\/01\/actualites-bretagne-rte-mise-sur-une-grosse-batterie-pour-renforcer-la-stabilite-du-reseau-electrique-batterie-grid-forming-neoen-rte.jpg\",\"datePublished\":\"2026-01-16T07:00:00+00:00\",\"description\":\"Neoen et RTE testent le \\\"grid-forming\\\" sur la Breizh Big Battery. Une innovation majeure pour stabiliser le r\u00e9seau \u00e9lectrique avec 100% d'\u00e9nergies renouvelables.\",\"breadcrumb\":{\"@id\":\"https:\/\/www.les-energies-renouvelables.eu\/article\/actualites\/energies\/bretagne-rte-mise-sur-une-grosse-batterie-pour-renforcer-la-stabilite-du-reseau-electrique-250\/#breadcrumb\"},\"inLanguage\":\"fr-FR\",\"potentialAction\":[{\"@type\":\"ReadAction\",\"target\":[\"https:\/\/www.les-energies-renouvelables.eu\/article\/actualites\/energies\/bretagne-rte-mise-sur-une-grosse-batterie-pour-renforcer-la-stabilite-du-reseau-electrique-250\/\"]}]},{\"@type\":\"ImageObject\",\"inLanguage\":\"fr-FR\",\"@id\":\"https:\/\/www.les-energies-renouvelables.eu\/article\/actualites\/energies\/bretagne-rte-mise-sur-une-grosse-batterie-pour-renforcer-la-stabilite-du-reseau-electrique-250\/#primaryimage\",\"url\":\"https:\/\/www.les-energies-renouvelables.eu\/article\/actualites\/wp-content\/uploads\/2026\/01\/actualites-bretagne-rte-mise-sur-une-grosse-batterie-pour-renforcer-la-stabilite-du-reseau-electrique-batterie-grid-forming-neoen-rte.jpg\",\"contentUrl\":\"https:\/\/www.les-energies-renouvelables.eu\/article\/actualites\/wp-content\/uploads\/2026\/01\/actualites-bretagne-rte-mise-sur-une-grosse-batterie-pour-renforcer-la-stabilite-du-reseau-electrique-batterie-grid-forming-neoen-rte.jpg\",\"width\":1200,\"height\":675,\"caption\":\"Dall-E\"},{\"@type\":\"BreadcrumbList\",\"@id\":\"https:\/\/www.les-energies-renouvelables.eu\/article\/actualites\/energies\/bretagne-rte-mise-sur-une-grosse-batterie-pour-renforcer-la-stabilite-du-reseau-electrique-250\/#breadcrumb\",\"itemListElement\":[{\"@type\":\"ListItem\",\"position\":1,\"name\":\"Accueil\",\"item\":\"https:\/\/www.les-energies-renouvelables.eu\/article\/actualites\/\"},{\"@type\":\"ListItem\",\"position\":2,\"name\":\"Bretagne : RTE mise sur une grosse batterie pour renforcer la stabilit\u00e9 du r\u00e9seau \u00e9lectrique\"}]},{\"@type\":\"WebSite\",\"@id\":\"https:\/\/www.les-energies-renouvelables.eu\/article\/actualites\/#website\",\"url\":\"https:\/\/www.les-energies-renouvelables.eu\/article\/actualites\/\",\"name\":\"ECOinfos Energies renouvelables\",\"description\":\"Le d\u00e9cryptage quotidien du secteur des \u00e9nergies renouvelables\",\"publisher\":{\"@id\":\"https:\/\/www.les-energies-renouvelables.eu\/article\/actualites\/#organization\"},\"potentialAction\":[{\"@type\":\"SearchAction\",\"target\":{\"@type\":\"EntryPoint\",\"urlTemplate\":\"https:\/\/www.les-energies-renouvelables.eu\/article\/actualites\/?s={search_term_string}\"},\"query-input\":{\"@type\":\"PropertyValueSpecification\",\"valueRequired\":true,\"valueName\":\"search_term_string\"}}],\"inLanguage\":\"fr-FR\"},{\"@type\":\"Organization\",\"@id\":\"https:\/\/www.les-energies-renouvelables.eu\/article\/actualites\/#organization\",\"name\":\"ECOinfos Energies renouvelables\",\"url\":\"https:\/\/www.les-energies-renouvelables.eu\/article\/actualites\/\",\"logo\":{\"@type\":\"ImageObject\",\"inLanguage\":\"fr-FR\",\"@id\":\"https:\/\/www.les-energies-renouvelables.eu\/article\/actualites\/#\/schema\/logo\/image\/\",\"url\":\"https:\/\/www.les-energies-renouvelables.eu\/article\/actualites\/wp-content\/uploads\/2025\/11\/ecoinfos.eldorado-consulting.com-logo-logo.svg\",\"contentUrl\":\"https:\/\/www.les-energies-renouvelables.eu\/article\/actualites\/wp-content\/uploads\/2025\/11\/ecoinfos.eldorado-consulting.com-logo-logo.svg\",\"caption\":\"ECOinfos Energies renouvelables\"},\"image\":{\"@id\":\"https:\/\/www.les-energies-renouvelables.eu\/article\/actualites\/#\/schema\/logo\/image\/\"},\"sameAs\":[\"https:\/\/www.facebook.com\/ecoannuaire.energierenouvelable\/\",\"https:\/\/x.com\/ECOinfosENR\",\"https:\/\/www.linkedin.com\/company\/ecoinfos-energies-renouvelables\/\",\"https:\/\/www.youtube.com\/@ecoinfosenergies\",\"https:\/\/share.google\/dyKHJPxAV42WhhjbM\"]},{\"@type\":\"Person\",\"@id\":\"https:\/\/www.les-energies-renouvelables.eu\/article\/actualites\/#\/schema\/person\/2c7d09eb5ca339c12ca8d86145440169\",\"name\":\"Alexia JACQUARD\",\"pronouns\":\"elle\/elle\",\"image\":{\"@type\":\"ImageObject\",\"inLanguage\":\"fr-FR\",\"@id\":\"https:\/\/www.les-energies-renouvelables.eu\/article\/actualites\/#\/schema\/person\/image\/\",\"url\":\"https:\/\/www.les-energies-renouvelables.eu\/article\/actualites\/wp-content\/uploads\/2026\/01\/actualites-alexia-jacquard-alexia-jacquard-160x160.jpg\",\"contentUrl\":\"https:\/\/www.les-energies-renouvelables.eu\/article\/actualites\/wp-content\/uploads\/2026\/01\/actualites-alexia-jacquard-alexia-jacquard-160x160.jpg\",\"caption\":\"Alexia JACQUARD\"},\"description\":\"Curieuse de nature et attentif aux enjeux du d\u00e9veloppement durable, Alexia Jacquard suit l'actualit\u00e9 des \u00e9nergies renouvelables pour partager les derni\u00e8res nouveaut\u00e9s du secteur. Elle s'attache \u00e0 retranscrire simplement les informations cl\u00e9s et les initiatives positives qui marquent la transition \u00e9nerg\u00e9tique. Son objectif : proposer des articles d'actualit\u00e9 clairs et accessibles pour tous ceux qui s'int\u00e9ressent \u00e0 l'avenir de notre \u00e9nergie.\",\"sameAs\":[\"https:\/\/alexia-jacquard.fr\",\"https:\/\/www.facebook.com\/tictacf2c\/\",\"https:\/\/www.instagram.com\/alexia_redac\/\",\"https:\/\/www.linkedin.com\/in\/alexia-jacquard-449a4b289\/\",\"https:\/\/fr.pinterest.com\/alexiajacquard\/\",\"https:\/\/x.com\/alexiajcrd\",\"https:\/\/www.youtube.com\/@Thepaindemie\",\"https:\/\/muckrack.com\/alexia-jacquard\"],\"url\":\"https:\/\/www.les-energies-renouvelables.eu\/article\/actualites\/author\/alexia-jacquard\/\"}]}<\/script>\n<!-- \/ Yoast SEO plugin. -->","yoast_head_json":{"title":"Bretagne : RTE mise sur une grosse batterie pour renforcer la stabilit\u00e9 du r\u00e9seau \u00e9lectrique - ECOinfos","description":"Neoen et RTE testent le \"grid-forming\" sur la Breizh Big Battery. Une innovation majeure pour stabiliser le r\u00e9seau \u00e9lectrique avec 100% d'\u00e9nergies renouvelables.","robots":{"index":"index","follow":"follow","max-snippet":"max-snippet:-1","max-image-preview":"max-image-preview:large","max-video-preview":"max-video-preview:-1"},"canonical":"https:\/\/www.les-energies-renouvelables.eu\/article\/actualites\/energies\/bretagne-rte-mise-sur-une-grosse-batterie-pour-renforcer-la-stabilite-du-reseau-electrique-250\/","og_locale":"fr_FR","og_type":"article","og_title":"Bretagne : RTE mise sur une grosse batterie pour renforcer la stabilit\u00e9 du r\u00e9seau \u00e9lectrique - ECOinfos","og_description":"Neoen et RTE testent le \"grid-forming\" sur la Breizh Big Battery. Une innovation majeure pour stabiliser le r\u00e9seau \u00e9lectrique avec 100% d'\u00e9nergies renouvelables.","og_url":"https:\/\/www.les-energies-renouvelables.eu\/article\/actualites\/energies\/bretagne-rte-mise-sur-une-grosse-batterie-pour-renforcer-la-stabilite-du-reseau-electrique-250\/","og_site_name":"ECOinfos Energies renouvelables","article_publisher":"https:\/\/www.facebook.com\/ecoannuaire.energierenouvelable\/","article_author":"https:\/\/www.facebook.com\/tictacf2c\/","article_published_time":"2026-01-16T07:00:00+00:00","og_image":[{"width":1200,"height":675,"url":"https:\/\/www.les-energies-renouvelables.eu\/article\/actualites\/wp-content\/uploads\/2026\/01\/actualites-bretagne-rte-mise-sur-une-grosse-batterie-pour-renforcer-la-stabilite-du-reseau-electrique-batterie-grid-forming-neoen-rte.jpg","type":"image\/jpeg"}],"author":"Alexia JACQUARD","twitter_card":"summary_large_image","twitter_creator":"@alexiajcrd","twitter_site":"@ECOinfosENR","twitter_misc":{"\u00c9crit par":"Alexia JACQUARD","Dur\u00e9e de lecture estim\u00e9e":"4 minutes"},"schema":{"@context":"https:\/\/schema.org","@graph":[{"@type":"Article","@id":"https:\/\/www.les-energies-renouvelables.eu\/article\/actualites\/energies\/bretagne-rte-mise-sur-une-grosse-batterie-pour-renforcer-la-stabilite-du-reseau-electrique-250\/#article","isPartOf":{"@id":"https:\/\/www.les-energies-renouvelables.eu\/article\/actualites\/energies\/bretagne-rte-mise-sur-une-grosse-batterie-pour-renforcer-la-stabilite-du-reseau-electrique-250\/"},"author":{"name":"Alexia JACQUARD","@id":"https:\/\/www.les-energies-renouvelables.eu\/article\/actualites\/#\/schema\/person\/2c7d09eb5ca339c12ca8d86145440169"},"headline":"Bretagne : RTE mise sur une grosse batterie pour renforcer la stabilit\u00e9 du r\u00e9seau \u00e9lectrique","datePublished":"2026-01-16T07:00:00+00:00","mainEntityOfPage":{"@id":"https:\/\/www.les-energies-renouvelables.eu\/article\/actualites\/energies\/bretagne-rte-mise-sur-une-grosse-batterie-pour-renforcer-la-stabilite-du-reseau-electrique-250\/"},"wordCount":787,"publisher":{"@id":"https:\/\/www.les-energies-renouvelables.eu\/article\/actualites\/#organization"},"image":{"@id":"https:\/\/www.les-energies-renouvelables.eu\/article\/actualites\/energies\/bretagne-rte-mise-sur-une-grosse-batterie-pour-renforcer-la-stabilite-du-reseau-electrique-250\/#primaryimage"},"thumbnailUrl":"https:\/\/www.les-energies-renouvelables.eu\/article\/actualites\/wp-content\/uploads\/2026\/01\/actualites-bretagne-rte-mise-sur-une-grosse-batterie-pour-renforcer-la-stabilite-du-reseau-electrique-batterie-grid-forming-neoen-rte.jpg","articleSection":["\u00c9nergies"],"inLanguage":"fr-FR"},{"@type":"WebPage","@id":"https:\/\/www.les-energies-renouvelables.eu\/article\/actualites\/energies\/bretagne-rte-mise-sur-une-grosse-batterie-pour-renforcer-la-stabilite-du-reseau-electrique-250\/","url":"https:\/\/www.les-energies-renouvelables.eu\/article\/actualites\/energies\/bretagne-rte-mise-sur-une-grosse-batterie-pour-renforcer-la-stabilite-du-reseau-electrique-250\/","name":"Bretagne : RTE mise sur une grosse batterie pour renforcer la stabilit\u00e9 du r\u00e9seau \u00e9lectrique - ECOinfos","isPartOf":{"@id":"https:\/\/www.les-energies-renouvelables.eu\/article\/actualites\/#website"},"primaryImageOfPage":{"@id":"https:\/\/www.les-energies-renouvelables.eu\/article\/actualites\/energies\/bretagne-rte-mise-sur-une-grosse-batterie-pour-renforcer-la-stabilite-du-reseau-electrique-250\/#primaryimage"},"image":{"@id":"https:\/\/www.les-energies-renouvelables.eu\/article\/actualites\/energies\/bretagne-rte-mise-sur-une-grosse-batterie-pour-renforcer-la-stabilite-du-reseau-electrique-250\/#primaryimage"},"thumbnailUrl":"https:\/\/www.les-energies-renouvelables.eu\/article\/actualites\/wp-content\/uploads\/2026\/01\/actualites-bretagne-rte-mise-sur-une-grosse-batterie-pour-renforcer-la-stabilite-du-reseau-electrique-batterie-grid-forming-neoen-rte.jpg","datePublished":"2026-01-16T07:00:00+00:00","description":"Neoen et RTE testent le \"grid-forming\" sur la Breizh Big Battery. Une innovation majeure pour stabiliser le r\u00e9seau \u00e9lectrique avec 100% d'\u00e9nergies renouvelables.","breadcrumb":{"@id":"https:\/\/www.les-energies-renouvelables.eu\/article\/actualites\/energies\/bretagne-rte-mise-sur-une-grosse-batterie-pour-renforcer-la-stabilite-du-reseau-electrique-250\/#breadcrumb"},"inLanguage":"fr-FR","potentialAction":[{"@type":"ReadAction","target":["https:\/\/www.les-energies-renouvelables.eu\/article\/actualites\/energies\/bretagne-rte-mise-sur-une-grosse-batterie-pour-renforcer-la-stabilite-du-reseau-electrique-250\/"]}]},{"@type":"ImageObject","inLanguage":"fr-FR","@id":"https:\/\/www.les-energies-renouvelables.eu\/article\/actualites\/energies\/bretagne-rte-mise-sur-une-grosse-batterie-pour-renforcer-la-stabilite-du-reseau-electrique-250\/#primaryimage","url":"https:\/\/www.les-energies-renouvelables.eu\/article\/actualites\/wp-content\/uploads\/2026\/01\/actualites-bretagne-rte-mise-sur-une-grosse-batterie-pour-renforcer-la-stabilite-du-reseau-electrique-batterie-grid-forming-neoen-rte.jpg","contentUrl":"https:\/\/www.les-energies-renouvelables.eu\/article\/actualites\/wp-content\/uploads\/2026\/01\/actualites-bretagne-rte-mise-sur-une-grosse-batterie-pour-renforcer-la-stabilite-du-reseau-electrique-batterie-grid-forming-neoen-rte.jpg","width":1200,"height":675,"caption":"Dall-E"},{"@type":"BreadcrumbList","@id":"https:\/\/www.les-energies-renouvelables.eu\/article\/actualites\/energies\/bretagne-rte-mise-sur-une-grosse-batterie-pour-renforcer-la-stabilite-du-reseau-electrique-250\/#breadcrumb","itemListElement":[{"@type":"ListItem","position":1,"name":"Accueil","item":"https:\/\/www.les-energies-renouvelables.eu\/article\/actualites\/"},{"@type":"ListItem","position":2,"name":"Bretagne : RTE mise sur une grosse batterie pour renforcer la stabilit\u00e9 du r\u00e9seau \u00e9lectrique"}]},{"@type":"WebSite","@id":"https:\/\/www.les-energies-renouvelables.eu\/article\/actualites\/#website","url":"https:\/\/www.les-energies-renouvelables.eu\/article\/actualites\/","name":"ECOinfos Energies renouvelables","description":"Le d\u00e9cryptage quotidien du secteur des \u00e9nergies renouvelables","publisher":{"@id":"https:\/\/www.les-energies-renouvelables.eu\/article\/actualites\/#organization"},"potentialAction":[{"@type":"SearchAction","target":{"@type":"EntryPoint","urlTemplate":"https:\/\/www.les-energies-renouvelables.eu\/article\/actualites\/?s={search_term_string}"},"query-input":{"@type":"PropertyValueSpecification","valueRequired":true,"valueName":"search_term_string"}}],"inLanguage":"fr-FR"},{"@type":"Organization","@id":"https:\/\/www.les-energies-renouvelables.eu\/article\/actualites\/#organization","name":"ECOinfos Energies renouvelables","url":"https:\/\/www.les-energies-renouvelables.eu\/article\/actualites\/","logo":{"@type":"ImageObject","inLanguage":"fr-FR","@id":"https:\/\/www.les-energies-renouvelables.eu\/article\/actualites\/#\/schema\/logo\/image\/","url":"https:\/\/www.les-energies-renouvelables.eu\/article\/actualites\/wp-content\/uploads\/2025\/11\/ecoinfos.eldorado-consulting.com-logo-logo.svg","contentUrl":"https:\/\/www.les-energies-renouvelables.eu\/article\/actualites\/wp-content\/uploads\/2025\/11\/ecoinfos.eldorado-consulting.com-logo-logo.svg","caption":"ECOinfos Energies renouvelables"},"image":{"@id":"https:\/\/www.les-energies-renouvelables.eu\/article\/actualites\/#\/schema\/logo\/image\/"},"sameAs":["https:\/\/www.facebook.com\/ecoannuaire.energierenouvelable\/","https:\/\/x.com\/ECOinfosENR","https:\/\/www.linkedin.com\/company\/ecoinfos-energies-renouvelables\/","https:\/\/www.youtube.com\/@ecoinfosenergies","https:\/\/share.google\/dyKHJPxAV42WhhjbM"]},{"@type":"Person","@id":"https:\/\/www.les-energies-renouvelables.eu\/article\/actualites\/#\/schema\/person\/2c7d09eb5ca339c12ca8d86145440169","name":"Alexia JACQUARD","pronouns":"elle\/elle","image":{"@type":"ImageObject","inLanguage":"fr-FR","@id":"https:\/\/www.les-energies-renouvelables.eu\/article\/actualites\/#\/schema\/person\/image\/","url":"https:\/\/www.les-energies-renouvelables.eu\/article\/actualites\/wp-content\/uploads\/2026\/01\/actualites-alexia-jacquard-alexia-jacquard-160x160.jpg","contentUrl":"https:\/\/www.les-energies-renouvelables.eu\/article\/actualites\/wp-content\/uploads\/2026\/01\/actualites-alexia-jacquard-alexia-jacquard-160x160.jpg","caption":"Alexia JACQUARD"},"description":"Curieuse de nature et attentif aux enjeux du d\u00e9veloppement durable, Alexia Jacquard suit l'actualit\u00e9 des \u00e9nergies renouvelables pour partager les derni\u00e8res nouveaut\u00e9s du secteur. Elle s'attache \u00e0 retranscrire simplement les informations cl\u00e9s et les initiatives positives qui marquent la transition \u00e9nerg\u00e9tique. Son objectif : proposer des articles d'actualit\u00e9 clairs et accessibles pour tous ceux qui s'int\u00e9ressent \u00e0 l'avenir de notre \u00e9nergie.","sameAs":["https:\/\/alexia-jacquard.fr","https:\/\/www.facebook.com\/tictacf2c\/","https:\/\/www.instagram.com\/alexia_redac\/","https:\/\/www.linkedin.com\/in\/alexia-jacquard-449a4b289\/","https:\/\/fr.pinterest.com\/alexiajacquard\/","https:\/\/x.com\/alexiajcrd","https:\/\/www.youtube.com\/@Thepaindemie","https:\/\/muckrack.com\/alexia-jacquard"],"url":"https:\/\/www.les-energies-renouvelables.eu\/article\/actualites\/author\/alexia-jacquard\/"}]}},"_links":{"self":[{"href":"https:\/\/www.les-energies-renouvelables.eu\/article\/actualites\/wp-json\/wp\/v2\/posts\/250","targetHints":{"allow":["GET"]}}],"collection":[{"href":"https:\/\/www.les-energies-renouvelables.eu\/article\/actualites\/wp-json\/wp\/v2\/posts"}],"about":[{"href":"https:\/\/www.les-energies-renouvelables.eu\/article\/actualites\/wp-json\/wp\/v2\/types\/post"}],"author":[{"embeddable":true,"href":"https:\/\/www.les-energies-renouvelables.eu\/article\/actualites\/wp-json\/wp\/v2\/users\/2"}],"replies":[{"embeddable":true,"href":"https:\/\/www.les-energies-renouvelables.eu\/article\/actualites\/wp-json\/wp\/v2\/comments?post=250"}],"version-history":[{"count":1,"href":"https:\/\/www.les-energies-renouvelables.eu\/article\/actualites\/wp-json\/wp\/v2\/posts\/250\/revisions"}],"predecessor-version":[{"id":251,"href":"https:\/\/www.les-energies-renouvelables.eu\/article\/actualites\/wp-json\/wp\/v2\/posts\/250\/revisions\/251"}],"wp:featuredmedia":[{"embeddable":true,"href":"https:\/\/www.les-energies-renouvelables.eu\/article\/actualites\/wp-json\/wp\/v2\/media\/252"}],"wp:attachment":[{"href":"https:\/\/www.les-energies-renouvelables.eu\/article\/actualites\/wp-json\/wp\/v2\/media?parent=250"}],"wp:term":[{"taxonomy":"category","embeddable":true,"href":"https:\/\/www.les-energies-renouvelables.eu\/article\/actualites\/wp-json\/wp\/v2\/categories?post=250"},{"taxonomy":"post_tag","embeddable":true,"href":"https:\/\/www.les-energies-renouvelables.eu\/article\/actualites\/wp-json\/wp\/v2\/tags?post=250"}],"curies":[{"name":"wp","href":"https:\/\/api.w.org\/{rel}","templated":true}]}}