{"id":247,"date":"2026-01-15T08:00:00","date_gmt":"2026-01-15T07:00:00","guid":{"rendered":"https:\/\/www.les-energies-renouvelables.eu\/article\/actualites\/?p=247"},"modified":"2026-01-14T13:23:28","modified_gmt":"2026-01-14T12:23:28","slug":"wimille-lance-un-parc-solaire-citoyen-512-panneaux-sur-un-terrain-rehabilite","status":"publish","type":"post","link":"https:\/\/www.les-energies-renouvelables.eu\/article\/actualites\/energies\/wimille-lance-un-parc-solaire-citoyen-512-panneaux-sur-un-terrain-rehabilite-247\/","title":{"rendered":"Wimille lance un parc solaire citoyen : 512 panneaux sur un terrain r\u00e9habilit\u00e9"},"content":{"rendered":"\n<p>R\u00e9sum\u00e9 :&nbsp;<\/p>\n\n\n\n<ul class=\"wp-block-list\">\n<li><strong>Puissance install\u00e9e :<\/strong> <strong>300 kWc<\/strong> (kilowatts cr\u00eate), indique Nicolas Huret, administrateur d&rsquo;\u00c9CO.<\/li>\n\n\n\n<li><strong>\u00c9quipement :<\/strong> <strong>512 panneaux photovolta\u00efques<\/strong> r\u00e9partis sur 7 rang\u00e9es, pr\u00e9cise la mairie de Wimille.<\/li>\n\n\n\n<li><strong>Production :<\/strong> \u00c9quivalent de la consommation annuelle d&rsquo;environ <strong>100 foyers<\/strong> (consommation incluant ou non le chauffage : non pr\u00e9cis\u00e9 dans la source), selon la mairie de Wimille.<\/li>\n\n\n\n<li><strong>Budget total :<\/strong> Estim\u00e9 \u00e0 un peu moins de <strong>400 000 euros<\/strong>, d&rsquo;apr\u00e8s France 3 R\u00e9gions.<\/li>\n\n\n\n<li><strong>Actionnariat :<\/strong> R\u00e9unit la <strong>SAS \u00c9CO<\/strong>, <strong>Enercoop Hauts-de-France<\/strong>, la <strong>SEM \u00c9nergies Hauts-de-France<\/strong> et des collectivit\u00e9s locales, selon les informations de la mairie de Wimille et de la SAS \u00c9CO.<\/li>\n<\/ul>\n\n\n\n<p>L\u2019implantation du parc se situe sur un terrain abritant autrefois des <strong>baraquements canadiens<\/strong> utilis\u00e9s apr\u00e8s la Seconde Guerre mondiale, rapporte <em>France 3 R\u00e9gions<\/em>. Le site constitue une ancienne <strong>friche militaire<\/strong> qui, selon la source, n&rsquo;est pas exploitable pour l&rsquo;agriculture.<\/p>\n\n\n\n<p>Le projet est le fruit de cinq ann\u00e9es de travail b\u00e9n\u00e9vole men\u00e9 par le <strong>collectif \u00c9CO<\/strong>. L&rsquo;installation occupe une surface cl\u00f4tur\u00e9e d&rsquo;environ 5 000 m\u00e8tres carr\u00e9s, dont 1 000 m\u00e8tres carr\u00e9s de panneaux, pr\u00e9cise Nicolas Huret. Selon <em>la chaine r\u00e9gionale<\/em>, un <strong>bail emphyt\u00e9otique<\/strong> de 30 ans a \u00e9t\u00e9 sign\u00e9 avec le propri\u00e9taire du terrain (l&rsquo;identit\u00e9 pr\u00e9cise du propri\u00e9taire n&rsquo;est pas mentionn\u00e9e dans la source). L&rsquo;administrateur d&rsquo;\u00c9CO explique \u00e0 France 3 : <\/p>\n\n\n\n<blockquote class=\"wp-block-quote is-layout-flow wp-block-quote-is-layout-flow\">\n<p>\u00ab\u00a0On a voulu prouver que les \u00e9nergies renouvelables, c\u2019est possible avec trois fois rien\u00a0\u00bb<\/p>\n<\/blockquote>\n\n\n\n<h2 class=\"wp-block-heading\">Un montage financier associant citoyens et acteurs publics<\/h2>\n\n\n\n<p>Le montage financier s&rsquo;appuie sur une mobilisation de capitaux publics et priv\u00e9s. Selon Nicolas Huret, le <strong>capital social<\/strong>s&rsquo;\u00e9l\u00e8ve \u00e0 environ 150 000 euros, constitu\u00e9 par des <strong>actions citoyennes<\/strong> de 100 euros. Le projet r\u00e9unit <strong>80 soci\u00e9taires<\/strong>, incluant des particuliers et des collectivit\u00e9s telles que Wimille, Condette et le Parc Naturel R\u00e9gional (PNR) des Caps et Marais d&rsquo;Opale.<\/p>\n\n\n\n<p>Le plan de financement est compl\u00e9t\u00e9 par des partenaires institutionnels :<\/p>\n\n\n\n<ul class=\"wp-block-list\">\n<li><strong>Enercoop Hauts-de-France :<\/strong> Finance un tiers du projet, indique Nicolas Huret.<\/li>\n\n\n\n<li><strong>La SEM \u00c9nergies Hauts-de-France :<\/strong> A apport\u00e9 environ 50 000 euros, pr\u00e9cise la m\u00eame source.<\/li>\n<\/ul>\n\n\n\n<p>Sur le plan contractuel, la mairie de Wimille indique qu&rsquo;<strong><a href=\"https:\/\/www.enercoop.fr\" rel=\"nofollow\">Enercoop<\/a><\/strong> s&rsquo;engage sur un rachat de l&rsquo;\u00e9lectricit\u00e9 via un contrat de 30 ans. Parall\u00e8lement, <em>France 3 R\u00e9gions<\/em> mentionne une revente de l&rsquo;\u00e9nergie \u00e0 <strong>EDF<\/strong>. Les sources ne d\u00e9taillent pas l&rsquo;articulation exacte entre ces diff\u00e9rents acteurs du r\u00e9seau. Selon <em>France 3 R\u00e9gions<\/em>, le <strong>retour sur investissement<\/strong> est pr\u00e9vu au bout de 20 ans, avec une rentabilit\u00e9 vis\u00e9e de 6 %.<\/p>\n\n\n\n<h2 class=\"wp-block-heading\">Caract\u00e9ristiques techniques et mesures environnementales<\/h2>\n\n\n\n<p>L\u2019installation a \u00e9t\u00e9 con\u00e7ue sans recours au b\u00e9ton pour les fondations. Les panneaux reposent sur des structures m\u00e9talliques (fournies par l&rsquo;entreprise Siguesol) dont les <strong>pieux sont directement viss\u00e9s dans le sol<\/strong>.<\/p>\n\n\n\n<p>Nicolas Huret pr\u00e9cise au journal que cette technique rend le parc enti\u00e8rement <strong>d\u00e9montable<\/strong> au terme de son exploitation (dur\u00e9e \u00e9voqu\u00e9e : 40 ans), permettant de restituer le terrain dans son \u00e9tat initial.<\/p>\n\n\n\n<p>Le site s&rsquo;ins\u00e8re dans un <strong>corridor \u00e9cologique<\/strong> entre la vall\u00e9e du Wimereux et le plateau sup\u00e9rieur. Pour r\u00e9pondre aux enjeux de biodiversit\u00e9, plusieurs mesures sont mises en \u0153uvre selon la mairie de Wimille :<\/p>\n\n\n\n<ul class=\"wp-block-list\">\n<li><strong>Entretien :<\/strong> Recours \u00e0 l&rsquo;<strong>\u00e9co-p\u00e2turage<\/strong> estival avec des moutons du Boulonnais.<\/li>\n\n\n\n<li><strong>Am\u00e9nagements :<\/strong> Plantations de haies et de bosquets d&rsquo;essences locales en partenariat avec le PNR.<\/li>\n\n\n\n<li><strong>Restauration :<\/strong> Travaux pr\u00e9vus sur d&rsquo;anciennes zones humides ass\u00e9ch\u00e9es, selon France 3 R\u00e9gions.<\/li>\n<\/ul>\n\n\n\n<p>La r\u00e9alisation a mobilis\u00e9 des <strong>entreprises r\u00e9gionales<\/strong>, notamment Yaco-Solaire (Colembert) pour la partie photovolta\u00efque et Peuvion (Desvres) pour le terrassement et les cl\u00f4tures.<\/p>\n\n\n\n<h2 class=\"wp-block-heading\">Une exp\u00e9rimentation destin\u00e9e \u00e0 l&rsquo;essaimage<\/h2>\n\n\n\n<p>Lors de l&rsquo;inauguration, Fr\u00e9d\u00e9ric Motte, pr\u00e9sident de la SEM \u00c9nergies Hauts-de-France, a qualifi\u00e9 le projet d&rsquo;\u00ab exemplaire \u00bb au regard de la <strong>transition \u00e9nerg\u00e9tique<\/strong> en r\u00e9gion.<\/p>\n\n\n\n<p>Pour le <a href=\"https:\/\/saseco.fr\/\" rel=\"nofollow\">collectif \u00c9CO<\/a>, ce premier parc au sol sert de base pour sensibiliser d&rsquo;autres territoires. Des \u00ab\u00a0<strong>ap\u00e9ros solaires<\/strong>\u00a0\u00bb sont organis\u00e9s pour pr\u00e9senter le fonctionnement du projet \u00e0 des groupes de citoyens. La soci\u00e9t\u00e9 intervient \u00e9galement sur d&rsquo;autres installations en toiture, comme sur les ateliers municipaux de Condette et de Wimille, afin de d\u00e9velopper ce mod\u00e8le de <strong>production citoyenne<\/strong> sur l&rsquo;ensemble du territoire du Boulonnais, selon les orientations de la SAS \u00c9CO.<\/p>\n\n\n\n<p><strong>Sources :<\/strong><em>France 3 R\u00e9gions (reportage et interviews), Communication de la Mairie de Wimille, Actualit\u00e9s et dossiers de la SAS \u00c9nergie Citoyenne d&rsquo;Opale (\u00c9CO).<\/em><\/p>\n","protected":false},"excerpt":{"rendered":"","protected":false},"author":2,"featured_media":249,"comment_status":"closed","ping_status":"closed","sticky":false,"template":"","format":"standard","meta":{"footnotes":""},"categories":[1],"tags":[],"class_list":["post-247","post","type-post","status-publish","format-standard","has-post-thumbnail","hentry","category-energies","masonry-post","generate-columns","tablet-grid-50","mobile-grid-100","grid-parent","grid-33"],"yoast_head":"<!-- This site is optimized with the Yoast SEO plugin v26.6 - https:\/\/yoast.com\/wordpress\/plugins\/seo\/ -->\n<title>Wimille lance un parc solaire citoyen : 512 panneaux sur un terrain r\u00e9habilit\u00e9 - ECOinfos<\/title>\n<meta name=\"description\" content=\"D\u00e9couvrez le premier parc solaire au sol citoyen des Hauts-de-France inaugur\u00e9 \u00e0 Wimille. Un projet local de 300 kWc port\u00e9 par 80 soci\u00e9taires et le collectif \u00c9CO sur une ancienne friche militaire.\" \/>\n<meta name=\"robots\" content=\"index, follow, max-snippet:-1, max-image-preview:large, max-video-preview:-1\" \/>\n<link rel=\"canonical\" href=\"https:\/\/www.les-energies-renouvelables.eu\/article\/actualites\/energies\/wimille-lance-un-parc-solaire-citoyen-512-panneaux-sur-un-terrain-rehabilite-247\/\" \/>\n<meta property=\"og:locale\" content=\"fr_FR\" \/>\n<meta property=\"og:type\" content=\"article\" \/>\n<meta property=\"og:title\" content=\"Wimille lance un parc solaire citoyen : 512 panneaux sur un terrain r\u00e9habilit\u00e9 - ECOinfos\" \/>\n<meta property=\"og:description\" content=\"D\u00e9couvrez le premier parc solaire au sol citoyen des Hauts-de-France inaugur\u00e9 \u00e0 Wimille. Un projet local de 300 kWc port\u00e9 par 80 soci\u00e9taires et le collectif \u00c9CO sur une ancienne friche militaire.\" \/>\n<meta property=\"og:url\" content=\"https:\/\/www.les-energies-renouvelables.eu\/article\/actualites\/energies\/wimille-lance-un-parc-solaire-citoyen-512-panneaux-sur-un-terrain-rehabilite-247\/\" \/>\n<meta property=\"og:site_name\" content=\"ECOinfos Energies renouvelables\" \/>\n<meta property=\"article:publisher\" content=\"https:\/\/www.facebook.com\/ecoannuaire.energierenouvelable\/\" \/>\n<meta property=\"article:author\" content=\"https:\/\/www.facebook.com\/tictacf2c\/\" \/>\n<meta property=\"article:published_time\" content=\"2026-01-15T07:00:00+00:00\" \/>\n<meta property=\"og:image\" content=\"https:\/\/www.les-energies-renouvelables.eu\/article\/actualites\/wp-content\/uploads\/2026\/01\/actualites-wimille-lance-un-parc-solaire-citoyen-512-panneaux-sur-un-terrain-rehabilite-parc-solaire-citoyen-wimille.jpg\" \/>\n\t<meta property=\"og:image:width\" content=\"1200\" \/>\n\t<meta property=\"og:image:height\" content=\"675\" \/>\n\t<meta property=\"og:image:type\" content=\"image\/jpeg\" \/>\n<meta name=\"author\" content=\"Alexia JACQUARD\" \/>\n<meta name=\"twitter:card\" content=\"summary_large_image\" \/>\n<meta name=\"twitter:creator\" content=\"@alexiajcrd\" \/>\n<meta name=\"twitter:site\" content=\"@ECOinfosENR\" \/>\n<meta name=\"twitter:label1\" content=\"\u00c9crit par\" \/>\n\t<meta name=\"twitter:data1\" content=\"Alexia JACQUARD\" \/>\n\t<meta name=\"twitter:label2\" content=\"Dur\u00e9e de lecture estim\u00e9e\" \/>\n\t<meta name=\"twitter:data2\" content=\"4 minutes\" \/>\n<script type=\"application\/ld+json\" class=\"yoast-schema-graph\">{\"@context\":\"https:\/\/schema.org\",\"@graph\":[{\"@type\":\"Article\",\"@id\":\"https:\/\/www.les-energies-renouvelables.eu\/article\/actualites\/energies\/wimille-lance-un-parc-solaire-citoyen-512-panneaux-sur-un-terrain-rehabilite-247\/#article\",\"isPartOf\":{\"@id\":\"https:\/\/www.les-energies-renouvelables.eu\/article\/actualites\/energies\/wimille-lance-un-parc-solaire-citoyen-512-panneaux-sur-un-terrain-rehabilite-247\/\"},\"author\":{\"name\":\"Alexia JACQUARD\",\"@id\":\"https:\/\/www.les-energies-renouvelables.eu\/article\/actualites\/#\/schema\/person\/2c7d09eb5ca339c12ca8d86145440169\"},\"headline\":\"Wimille lance un parc solaire citoyen : 512 panneaux sur un terrain r\u00e9habilit\u00e9\",\"datePublished\":\"2026-01-15T07:00:00+00:00\",\"mainEntityOfPage\":{\"@id\":\"https:\/\/www.les-energies-renouvelables.eu\/article\/actualites\/energies\/wimille-lance-un-parc-solaire-citoyen-512-panneaux-sur-un-terrain-rehabilite-247\/\"},\"wordCount\":764,\"publisher\":{\"@id\":\"https:\/\/www.les-energies-renouvelables.eu\/article\/actualites\/#organization\"},\"image\":{\"@id\":\"https:\/\/www.les-energies-renouvelables.eu\/article\/actualites\/energies\/wimille-lance-un-parc-solaire-citoyen-512-panneaux-sur-un-terrain-rehabilite-247\/#primaryimage\"},\"thumbnailUrl\":\"https:\/\/www.les-energies-renouvelables.eu\/article\/actualites\/wp-content\/uploads\/2026\/01\/actualites-wimille-lance-un-parc-solaire-citoyen-512-panneaux-sur-un-terrain-rehabilite-parc-solaire-citoyen-wimille.jpg\",\"articleSection\":[\"\u00c9nergies\"],\"inLanguage\":\"fr-FR\"},{\"@type\":\"WebPage\",\"@id\":\"https:\/\/www.les-energies-renouvelables.eu\/article\/actualites\/energies\/wimille-lance-un-parc-solaire-citoyen-512-panneaux-sur-un-terrain-rehabilite-247\/\",\"url\":\"https:\/\/www.les-energies-renouvelables.eu\/article\/actualites\/energies\/wimille-lance-un-parc-solaire-citoyen-512-panneaux-sur-un-terrain-rehabilite-247\/\",\"name\":\"Wimille lance un parc solaire citoyen : 512 panneaux sur un terrain r\u00e9habilit\u00e9 - ECOinfos\",\"isPartOf\":{\"@id\":\"https:\/\/www.les-energies-renouvelables.eu\/article\/actualites\/#website\"},\"primaryImageOfPage\":{\"@id\":\"https:\/\/www.les-energies-renouvelables.eu\/article\/actualites\/energies\/wimille-lance-un-parc-solaire-citoyen-512-panneaux-sur-un-terrain-rehabilite-247\/#primaryimage\"},\"image\":{\"@id\":\"https:\/\/www.les-energies-renouvelables.eu\/article\/actualites\/energies\/wimille-lance-un-parc-solaire-citoyen-512-panneaux-sur-un-terrain-rehabilite-247\/#primaryimage\"},\"thumbnailUrl\":\"https:\/\/www.les-energies-renouvelables.eu\/article\/actualites\/wp-content\/uploads\/2026\/01\/actualites-wimille-lance-un-parc-solaire-citoyen-512-panneaux-sur-un-terrain-rehabilite-parc-solaire-citoyen-wimille.jpg\",\"datePublished\":\"2026-01-15T07:00:00+00:00\",\"description\":\"D\u00e9couvrez le premier parc solaire au sol citoyen des Hauts-de-France inaugur\u00e9 \u00e0 Wimille. Un projet local de 300 kWc port\u00e9 par 80 soci\u00e9taires et le collectif \u00c9CO sur une ancienne friche militaire.\",\"breadcrumb\":{\"@id\":\"https:\/\/www.les-energies-renouvelables.eu\/article\/actualites\/energies\/wimille-lance-un-parc-solaire-citoyen-512-panneaux-sur-un-terrain-rehabilite-247\/#breadcrumb\"},\"inLanguage\":\"fr-FR\",\"potentialAction\":[{\"@type\":\"ReadAction\",\"target\":[\"https:\/\/www.les-energies-renouvelables.eu\/article\/actualites\/energies\/wimille-lance-un-parc-solaire-citoyen-512-panneaux-sur-un-terrain-rehabilite-247\/\"]}]},{\"@type\":\"ImageObject\",\"inLanguage\":\"fr-FR\",\"@id\":\"https:\/\/www.les-energies-renouvelables.eu\/article\/actualites\/energies\/wimille-lance-un-parc-solaire-citoyen-512-panneaux-sur-un-terrain-rehabilite-247\/#primaryimage\",\"url\":\"https:\/\/www.les-energies-renouvelables.eu\/article\/actualites\/wp-content\/uploads\/2026\/01\/actualites-wimille-lance-un-parc-solaire-citoyen-512-panneaux-sur-un-terrain-rehabilite-parc-solaire-citoyen-wimille.jpg\",\"contentUrl\":\"https:\/\/www.les-energies-renouvelables.eu\/article\/actualites\/wp-content\/uploads\/2026\/01\/actualites-wimille-lance-un-parc-solaire-citoyen-512-panneaux-sur-un-terrain-rehabilite-parc-solaire-citoyen-wimille.jpg\",\"width\":1200,\"height\":675,\"caption\":\"Ideogram\"},{\"@type\":\"BreadcrumbList\",\"@id\":\"https:\/\/www.les-energies-renouvelables.eu\/article\/actualites\/energies\/wimille-lance-un-parc-solaire-citoyen-512-panneaux-sur-un-terrain-rehabilite-247\/#breadcrumb\",\"itemListElement\":[{\"@type\":\"ListItem\",\"position\":1,\"name\":\"Accueil\",\"item\":\"https:\/\/www.les-energies-renouvelables.eu\/article\/actualites\/\"},{\"@type\":\"ListItem\",\"position\":2,\"name\":\"Wimille lance un parc solaire citoyen : 512 panneaux sur un terrain r\u00e9habilit\u00e9\"}]},{\"@type\":\"WebSite\",\"@id\":\"https:\/\/www.les-energies-renouvelables.eu\/article\/actualites\/#website\",\"url\":\"https:\/\/www.les-energies-renouvelables.eu\/article\/actualites\/\",\"name\":\"ECOinfos Energies renouvelables\",\"description\":\"Le d\u00e9cryptage quotidien du secteur des \u00e9nergies renouvelables\",\"publisher\":{\"@id\":\"https:\/\/www.les-energies-renouvelables.eu\/article\/actualites\/#organization\"},\"potentialAction\":[{\"@type\":\"SearchAction\",\"target\":{\"@type\":\"EntryPoint\",\"urlTemplate\":\"https:\/\/www.les-energies-renouvelables.eu\/article\/actualites\/?s={search_term_string}\"},\"query-input\":{\"@type\":\"PropertyValueSpecification\",\"valueRequired\":true,\"valueName\":\"search_term_string\"}}],\"inLanguage\":\"fr-FR\"},{\"@type\":\"Organization\",\"@id\":\"https:\/\/www.les-energies-renouvelables.eu\/article\/actualites\/#organization\",\"name\":\"ECOinfos Energies renouvelables\",\"url\":\"https:\/\/www.les-energies-renouvelables.eu\/article\/actualites\/\",\"logo\":{\"@type\":\"ImageObject\",\"inLanguage\":\"fr-FR\",\"@id\":\"https:\/\/www.les-energies-renouvelables.eu\/article\/actualites\/#\/schema\/logo\/image\/\",\"url\":\"https:\/\/www.les-energies-renouvelables.eu\/article\/actualites\/wp-content\/uploads\/2025\/11\/ecoinfos.eldorado-consulting.com-logo-logo.svg\",\"contentUrl\":\"https:\/\/www.les-energies-renouvelables.eu\/article\/actualites\/wp-content\/uploads\/2025\/11\/ecoinfos.eldorado-consulting.com-logo-logo.svg\",\"caption\":\"ECOinfos Energies renouvelables\"},\"image\":{\"@id\":\"https:\/\/www.les-energies-renouvelables.eu\/article\/actualites\/#\/schema\/logo\/image\/\"},\"sameAs\":[\"https:\/\/www.facebook.com\/ecoannuaire.energierenouvelable\/\",\"https:\/\/x.com\/ECOinfosENR\",\"https:\/\/www.linkedin.com\/company\/ecoinfos-energies-renouvelables\/\",\"https:\/\/www.youtube.com\/@ecoinfosenergies\",\"https:\/\/share.google\/dyKHJPxAV42WhhjbM\"]},{\"@type\":\"Person\",\"@id\":\"https:\/\/www.les-energies-renouvelables.eu\/article\/actualites\/#\/schema\/person\/2c7d09eb5ca339c12ca8d86145440169\",\"name\":\"Alexia JACQUARD\",\"pronouns\":\"elle\/elle\",\"image\":{\"@type\":\"ImageObject\",\"inLanguage\":\"fr-FR\",\"@id\":\"https:\/\/www.les-energies-renouvelables.eu\/article\/actualites\/#\/schema\/person\/image\/\",\"url\":\"https:\/\/www.les-energies-renouvelables.eu\/article\/actualites\/wp-content\/uploads\/2026\/01\/actualites-alexia-jacquard-alexia-jacquard-160x160.jpg\",\"contentUrl\":\"https:\/\/www.les-energies-renouvelables.eu\/article\/actualites\/wp-content\/uploads\/2026\/01\/actualites-alexia-jacquard-alexia-jacquard-160x160.jpg\",\"caption\":\"Alexia JACQUARD\"},\"description\":\"Curieuse de nature et attentif aux enjeux du d\u00e9veloppement durable, Alexia Jacquard suit l'actualit\u00e9 des \u00e9nergies renouvelables pour partager les derni\u00e8res nouveaut\u00e9s du secteur. Elle s'attache \u00e0 retranscrire simplement les informations cl\u00e9s et les initiatives positives qui marquent la transition \u00e9nerg\u00e9tique. Son objectif : proposer des articles d'actualit\u00e9 clairs et accessibles pour tous ceux qui s'int\u00e9ressent \u00e0 l'avenir de notre \u00e9nergie.\",\"sameAs\":[\"https:\/\/alexia-jacquard.fr\",\"https:\/\/www.facebook.com\/tictacf2c\/\",\"https:\/\/www.instagram.com\/alexia_redac\/\",\"https:\/\/www.linkedin.com\/in\/alexia-jacquard-449a4b289\/\",\"https:\/\/fr.pinterest.com\/alexiajacquard\/\",\"https:\/\/x.com\/alexiajcrd\",\"https:\/\/www.youtube.com\/@Thepaindemie\",\"https:\/\/muckrack.com\/alexia-jacquard\"],\"url\":\"https:\/\/www.les-energies-renouvelables.eu\/article\/actualites\/author\/alexia-jacquard\/\"}]}<\/script>\n<!-- \/ Yoast SEO plugin. -->","yoast_head_json":{"title":"Wimille lance un parc solaire citoyen : 512 panneaux sur un terrain r\u00e9habilit\u00e9 - ECOinfos","description":"D\u00e9couvrez le premier parc solaire au sol citoyen des Hauts-de-France inaugur\u00e9 \u00e0 Wimille. Un projet local de 300 kWc port\u00e9 par 80 soci\u00e9taires et le collectif \u00c9CO sur une ancienne friche militaire.","robots":{"index":"index","follow":"follow","max-snippet":"max-snippet:-1","max-image-preview":"max-image-preview:large","max-video-preview":"max-video-preview:-1"},"canonical":"https:\/\/www.les-energies-renouvelables.eu\/article\/actualites\/energies\/wimille-lance-un-parc-solaire-citoyen-512-panneaux-sur-un-terrain-rehabilite-247\/","og_locale":"fr_FR","og_type":"article","og_title":"Wimille lance un parc solaire citoyen : 512 panneaux sur un terrain r\u00e9habilit\u00e9 - ECOinfos","og_description":"D\u00e9couvrez le premier parc solaire au sol citoyen des Hauts-de-France inaugur\u00e9 \u00e0 Wimille. Un projet local de 300 kWc port\u00e9 par 80 soci\u00e9taires et le collectif \u00c9CO sur une ancienne friche militaire.","og_url":"https:\/\/www.les-energies-renouvelables.eu\/article\/actualites\/energies\/wimille-lance-un-parc-solaire-citoyen-512-panneaux-sur-un-terrain-rehabilite-247\/","og_site_name":"ECOinfos Energies renouvelables","article_publisher":"https:\/\/www.facebook.com\/ecoannuaire.energierenouvelable\/","article_author":"https:\/\/www.facebook.com\/tictacf2c\/","article_published_time":"2026-01-15T07:00:00+00:00","og_image":[{"width":1200,"height":675,"url":"https:\/\/www.les-energies-renouvelables.eu\/article\/actualites\/wp-content\/uploads\/2026\/01\/actualites-wimille-lance-un-parc-solaire-citoyen-512-panneaux-sur-un-terrain-rehabilite-parc-solaire-citoyen-wimille.jpg","type":"image\/jpeg"}],"author":"Alexia JACQUARD","twitter_card":"summary_large_image","twitter_creator":"@alexiajcrd","twitter_site":"@ECOinfosENR","twitter_misc":{"\u00c9crit par":"Alexia JACQUARD","Dur\u00e9e de lecture estim\u00e9e":"4 minutes"},"schema":{"@context":"https:\/\/schema.org","@graph":[{"@type":"Article","@id":"https:\/\/www.les-energies-renouvelables.eu\/article\/actualites\/energies\/wimille-lance-un-parc-solaire-citoyen-512-panneaux-sur-un-terrain-rehabilite-247\/#article","isPartOf":{"@id":"https:\/\/www.les-energies-renouvelables.eu\/article\/actualites\/energies\/wimille-lance-un-parc-solaire-citoyen-512-panneaux-sur-un-terrain-rehabilite-247\/"},"author":{"name":"Alexia JACQUARD","@id":"https:\/\/www.les-energies-renouvelables.eu\/article\/actualites\/#\/schema\/person\/2c7d09eb5ca339c12ca8d86145440169"},"headline":"Wimille lance un parc solaire citoyen : 512 panneaux sur un terrain r\u00e9habilit\u00e9","datePublished":"2026-01-15T07:00:00+00:00","mainEntityOfPage":{"@id":"https:\/\/www.les-energies-renouvelables.eu\/article\/actualites\/energies\/wimille-lance-un-parc-solaire-citoyen-512-panneaux-sur-un-terrain-rehabilite-247\/"},"wordCount":764,"publisher":{"@id":"https:\/\/www.les-energies-renouvelables.eu\/article\/actualites\/#organization"},"image":{"@id":"https:\/\/www.les-energies-renouvelables.eu\/article\/actualites\/energies\/wimille-lance-un-parc-solaire-citoyen-512-panneaux-sur-un-terrain-rehabilite-247\/#primaryimage"},"thumbnailUrl":"https:\/\/www.les-energies-renouvelables.eu\/article\/actualites\/wp-content\/uploads\/2026\/01\/actualites-wimille-lance-un-parc-solaire-citoyen-512-panneaux-sur-un-terrain-rehabilite-parc-solaire-citoyen-wimille.jpg","articleSection":["\u00c9nergies"],"inLanguage":"fr-FR"},{"@type":"WebPage","@id":"https:\/\/www.les-energies-renouvelables.eu\/article\/actualites\/energies\/wimille-lance-un-parc-solaire-citoyen-512-panneaux-sur-un-terrain-rehabilite-247\/","url":"https:\/\/www.les-energies-renouvelables.eu\/article\/actualites\/energies\/wimille-lance-un-parc-solaire-citoyen-512-panneaux-sur-un-terrain-rehabilite-247\/","name":"Wimille lance un parc solaire citoyen : 512 panneaux sur un terrain r\u00e9habilit\u00e9 - ECOinfos","isPartOf":{"@id":"https:\/\/www.les-energies-renouvelables.eu\/article\/actualites\/#website"},"primaryImageOfPage":{"@id":"https:\/\/www.les-energies-renouvelables.eu\/article\/actualites\/energies\/wimille-lance-un-parc-solaire-citoyen-512-panneaux-sur-un-terrain-rehabilite-247\/#primaryimage"},"image":{"@id":"https:\/\/www.les-energies-renouvelables.eu\/article\/actualites\/energies\/wimille-lance-un-parc-solaire-citoyen-512-panneaux-sur-un-terrain-rehabilite-247\/#primaryimage"},"thumbnailUrl":"https:\/\/www.les-energies-renouvelables.eu\/article\/actualites\/wp-content\/uploads\/2026\/01\/actualites-wimille-lance-un-parc-solaire-citoyen-512-panneaux-sur-un-terrain-rehabilite-parc-solaire-citoyen-wimille.jpg","datePublished":"2026-01-15T07:00:00+00:00","description":"D\u00e9couvrez le premier parc solaire au sol citoyen des Hauts-de-France inaugur\u00e9 \u00e0 Wimille. Un projet local de 300 kWc port\u00e9 par 80 soci\u00e9taires et le collectif \u00c9CO sur une ancienne friche militaire.","breadcrumb":{"@id":"https:\/\/www.les-energies-renouvelables.eu\/article\/actualites\/energies\/wimille-lance-un-parc-solaire-citoyen-512-panneaux-sur-un-terrain-rehabilite-247\/#breadcrumb"},"inLanguage":"fr-FR","potentialAction":[{"@type":"ReadAction","target":["https:\/\/www.les-energies-renouvelables.eu\/article\/actualites\/energies\/wimille-lance-un-parc-solaire-citoyen-512-panneaux-sur-un-terrain-rehabilite-247\/"]}]},{"@type":"ImageObject","inLanguage":"fr-FR","@id":"https:\/\/www.les-energies-renouvelables.eu\/article\/actualites\/energies\/wimille-lance-un-parc-solaire-citoyen-512-panneaux-sur-un-terrain-rehabilite-247\/#primaryimage","url":"https:\/\/www.les-energies-renouvelables.eu\/article\/actualites\/wp-content\/uploads\/2026\/01\/actualites-wimille-lance-un-parc-solaire-citoyen-512-panneaux-sur-un-terrain-rehabilite-parc-solaire-citoyen-wimille.jpg","contentUrl":"https:\/\/www.les-energies-renouvelables.eu\/article\/actualites\/wp-content\/uploads\/2026\/01\/actualites-wimille-lance-un-parc-solaire-citoyen-512-panneaux-sur-un-terrain-rehabilite-parc-solaire-citoyen-wimille.jpg","width":1200,"height":675,"caption":"Ideogram"},{"@type":"BreadcrumbList","@id":"https:\/\/www.les-energies-renouvelables.eu\/article\/actualites\/energies\/wimille-lance-un-parc-solaire-citoyen-512-panneaux-sur-un-terrain-rehabilite-247\/#breadcrumb","itemListElement":[{"@type":"ListItem","position":1,"name":"Accueil","item":"https:\/\/www.les-energies-renouvelables.eu\/article\/actualites\/"},{"@type":"ListItem","position":2,"name":"Wimille lance un parc solaire citoyen : 512 panneaux sur un terrain r\u00e9habilit\u00e9"}]},{"@type":"WebSite","@id":"https:\/\/www.les-energies-renouvelables.eu\/article\/actualites\/#website","url":"https:\/\/www.les-energies-renouvelables.eu\/article\/actualites\/","name":"ECOinfos Energies renouvelables","description":"Le d\u00e9cryptage quotidien du secteur des \u00e9nergies renouvelables","publisher":{"@id":"https:\/\/www.les-energies-renouvelables.eu\/article\/actualites\/#organization"},"potentialAction":[{"@type":"SearchAction","target":{"@type":"EntryPoint","urlTemplate":"https:\/\/www.les-energies-renouvelables.eu\/article\/actualites\/?s={search_term_string}"},"query-input":{"@type":"PropertyValueSpecification","valueRequired":true,"valueName":"search_term_string"}}],"inLanguage":"fr-FR"},{"@type":"Organization","@id":"https:\/\/www.les-energies-renouvelables.eu\/article\/actualites\/#organization","name":"ECOinfos Energies renouvelables","url":"https:\/\/www.les-energies-renouvelables.eu\/article\/actualites\/","logo":{"@type":"ImageObject","inLanguage":"fr-FR","@id":"https:\/\/www.les-energies-renouvelables.eu\/article\/actualites\/#\/schema\/logo\/image\/","url":"https:\/\/www.les-energies-renouvelables.eu\/article\/actualites\/wp-content\/uploads\/2025\/11\/ecoinfos.eldorado-consulting.com-logo-logo.svg","contentUrl":"https:\/\/www.les-energies-renouvelables.eu\/article\/actualites\/wp-content\/uploads\/2025\/11\/ecoinfos.eldorado-consulting.com-logo-logo.svg","caption":"ECOinfos Energies renouvelables"},"image":{"@id":"https:\/\/www.les-energies-renouvelables.eu\/article\/actualites\/#\/schema\/logo\/image\/"},"sameAs":["https:\/\/www.facebook.com\/ecoannuaire.energierenouvelable\/","https:\/\/x.com\/ECOinfosENR","https:\/\/www.linkedin.com\/company\/ecoinfos-energies-renouvelables\/","https:\/\/www.youtube.com\/@ecoinfosenergies","https:\/\/share.google\/dyKHJPxAV42WhhjbM"]},{"@type":"Person","@id":"https:\/\/www.les-energies-renouvelables.eu\/article\/actualites\/#\/schema\/person\/2c7d09eb5ca339c12ca8d86145440169","name":"Alexia JACQUARD","pronouns":"elle\/elle","image":{"@type":"ImageObject","inLanguage":"fr-FR","@id":"https:\/\/www.les-energies-renouvelables.eu\/article\/actualites\/#\/schema\/person\/image\/","url":"https:\/\/www.les-energies-renouvelables.eu\/article\/actualites\/wp-content\/uploads\/2026\/01\/actualites-alexia-jacquard-alexia-jacquard-160x160.jpg","contentUrl":"https:\/\/www.les-energies-renouvelables.eu\/article\/actualites\/wp-content\/uploads\/2026\/01\/actualites-alexia-jacquard-alexia-jacquard-160x160.jpg","caption":"Alexia JACQUARD"},"description":"Curieuse de nature et attentif aux enjeux du d\u00e9veloppement durable, Alexia Jacquard suit l'actualit\u00e9 des \u00e9nergies renouvelables pour partager les derni\u00e8res nouveaut\u00e9s du secteur. Elle s'attache \u00e0 retranscrire simplement les informations cl\u00e9s et les initiatives positives qui marquent la transition \u00e9nerg\u00e9tique. Son objectif : proposer des articles d'actualit\u00e9 clairs et accessibles pour tous ceux qui s'int\u00e9ressent \u00e0 l'avenir de notre \u00e9nergie.","sameAs":["https:\/\/alexia-jacquard.fr","https:\/\/www.facebook.com\/tictacf2c\/","https:\/\/www.instagram.com\/alexia_redac\/","https:\/\/www.linkedin.com\/in\/alexia-jacquard-449a4b289\/","https:\/\/fr.pinterest.com\/alexiajacquard\/","https:\/\/x.com\/alexiajcrd","https:\/\/www.youtube.com\/@Thepaindemie","https:\/\/muckrack.com\/alexia-jacquard"],"url":"https:\/\/www.les-energies-renouvelables.eu\/article\/actualites\/author\/alexia-jacquard\/"}]}},"_links":{"self":[{"href":"https:\/\/www.les-energies-renouvelables.eu\/article\/actualites\/wp-json\/wp\/v2\/posts\/247","targetHints":{"allow":["GET"]}}],"collection":[{"href":"https:\/\/www.les-energies-renouvelables.eu\/article\/actualites\/wp-json\/wp\/v2\/posts"}],"about":[{"href":"https:\/\/www.les-energies-renouvelables.eu\/article\/actualites\/wp-json\/wp\/v2\/types\/post"}],"author":[{"embeddable":true,"href":"https:\/\/www.les-energies-renouvelables.eu\/article\/actualites\/wp-json\/wp\/v2\/users\/2"}],"replies":[{"embeddable":true,"href":"https:\/\/www.les-energies-renouvelables.eu\/article\/actualites\/wp-json\/wp\/v2\/comments?post=247"}],"version-history":[{"count":1,"href":"https:\/\/www.les-energies-renouvelables.eu\/article\/actualites\/wp-json\/wp\/v2\/posts\/247\/revisions"}],"predecessor-version":[{"id":248,"href":"https:\/\/www.les-energies-renouvelables.eu\/article\/actualites\/wp-json\/wp\/v2\/posts\/247\/revisions\/248"}],"wp:featuredmedia":[{"embeddable":true,"href":"https:\/\/www.les-energies-renouvelables.eu\/article\/actualites\/wp-json\/wp\/v2\/media\/249"}],"wp:attachment":[{"href":"https:\/\/www.les-energies-renouvelables.eu\/article\/actualites\/wp-json\/wp\/v2\/media?parent=247"}],"wp:term":[{"taxonomy":"category","embeddable":true,"href":"https:\/\/www.les-energies-renouvelables.eu\/article\/actualites\/wp-json\/wp\/v2\/categories?post=247"},{"taxonomy":"post_tag","embeddable":true,"href":"https:\/\/www.les-energies-renouvelables.eu\/article\/actualites\/wp-json\/wp\/v2\/tags?post=247"}],"curies":[{"name":"wp","href":"https:\/\/api.w.org\/{rel}","templated":true}]}}