{"id":243,"date":"2026-01-14T08:00:00","date_gmt":"2026-01-14T07:00:00","guid":{"rendered":"https:\/\/www.les-energies-renouvelables.eu\/article\/actualites\/?p=243"},"modified":"2026-01-13T22:53:22","modified_gmt":"2026-01-13T21:53:22","slug":"ferroglobe-relance-un-four-a-anglefort-le-silicium-maillon-cle-du-solaire","status":"publish","type":"post","link":"https:\/\/www.les-energies-renouvelables.eu\/article\/actualites\/energies\/ferroglobe-relance-un-four-a-anglefort-le-silicium-maillon-cle-du-solaire-243\/","title":{"rendered":"Ferroglobe relance un four \u00e0 Anglefort : le silicium, maillon cl\u00e9 du solaire"},"content":{"rendered":"\n<p>R\u00e9sum\u00e9 :<\/p>\n\n\n\n<ul class=\"wp-block-list\">\n<li><strong>\u00c9v\u00e9nement :<\/strong> Relance du <strong>four n\u00b02<\/strong> de Ferroglobe \u00e0 <strong>Anglefort<\/strong> le 8 janvier 2026, en pr\u00e9sence du ministre de l\u2019Industrie.<\/li>\n\n\n\n<li><strong>Statut UE :<\/strong> Le <strong>silicium m\u00e9tal<\/strong> est class\u00e9 comme <strong>mati\u00e8re premi\u00e8re critique<\/strong> par l&rsquo;Union europ\u00e9enne (R\u00e8glement 2024\/1252).<\/li>\n\n\n\n<li><strong>Contexte industriel :<\/strong> Sept autres fours restent \u00e0 l&rsquo;arr\u00eat en France ; <strong>450 salari\u00e9s fran\u00e7ais<\/strong> ont \u00e9t\u00e9 concern\u00e9s par le ch\u00f4mage partiel au sein du groupe.<\/li>\n\n\n\n<li><strong>Leviers \u00e9voqu\u00e9s :<\/strong> Des outils europ\u00e9ens (<strong>CISAF<\/strong>, <strong>FEM<\/strong>) sont cit\u00e9s comme des pistes potentielles pour soutenir la production sur le continent.<\/li>\n<\/ul>\n\n\n\n<p>Le jeudi 8 janvier 2026, le site <strong>Ferroglobe d\u2019Anglefort<\/strong> (Ain) a franchi une \u00e9tape attendue par ses 150 salari\u00e9s : le red\u00e9marrage effectif du four n\u00b02 destin\u00e9 \u00e0 la fabrication de <strong>silicium m\u00e9tal<\/strong>. Cette reprise, effectu\u00e9e lors d&rsquo;une visite minist\u00e9rielle, intervient apr\u00e8s trois mois d\u2019interruption. Depuis la fin septembre 2025, l&rsquo;activit\u00e9 de production avait \u00e9t\u00e9 suspendue, mettant en lumi\u00e8re les difficult\u00e9s \u00e9conomiques signal\u00e9es par l&rsquo;entreprise pour ce mat\u00e9riau utilis\u00e9 dans les <strong>panneaux photovolta\u00efques<\/strong>, les <strong>batteries<\/strong> et les semi-conducteurs.<\/p>\n\n\n\n<h2 class=\"wp-block-heading\">Un red\u00e9marrage partiel chez Ferroglobe France<\/h2>\n\n\n\n<p>La relance du four n\u00b02 \u00e0 Anglefort s&rsquo;inscrit dans une p\u00e9riode difficile pour la production de silicium m\u00e9tal chez Ferroglobe en France. Selon les informations rapport\u00e9es par <em>Le Progr\u00e8s<\/em>, le groupe avait d\u00e9cid\u00e9, fin septembre 2025, d\u2019\u00e9teindre les fours de trois sites : Anglefort, Clavaux et Montricher.<\/p>\n\n\n\n<p>Cette d\u00e9cision a conduit au placement de <strong>450 salari\u00e9s fran\u00e7ais en ch\u00f4mage partiel<\/strong>, un chiffre mentionn\u00e9 dans la question parlementaire du 4 novembre 2025. Le red\u00e9marrage d&rsquo;une unit\u00e9 \u00e0 Anglefort ne modifie pas la situation globale du groupe sur le territoire : d\u2019apr\u00e8s la presse locale, <strong>sept autres fours restent \u00e0 l\u2019arr\u00eat<\/strong>. Un salari\u00e9 a t\u00e9moign\u00e9 de ce besoin de stabilit\u00e9 aupr\u00e8s du journal <em>Le Progr\u00e8s<\/em> : \u00ab C\u2019est une bonne nouvelle, mais on ne demande qu\u2019une chose : travailler comme \u00e7a 365 jours par an. \u00bb Les volumes de production pr\u00e9vus et le calendrier de red\u00e9marrage des autres unit\u00e9s ne sont pas pr\u00e9cis\u00e9s dans les sources disponibles.<\/p>\n\n\n\n<h2 class=\"wp-block-heading\">Pourquoi le silicium-m\u00e9tal est un maillon de la transition \u00e9nerg\u00e9tique<\/h2>\n\n\n\n<p>Le silicium m\u00e9tal est un composant de base pour plusieurs technologies de <strong>d\u00e9carbonation<\/strong>. Comme le souligne <em>Le Progr\u00e8s<\/em>, il est utilis\u00e9 pour la fabrication des cellules solaires et des batteries. Son importance est act\u00e9e par son inscription \u00e0 l&rsquo;annexe I du r\u00e8glement UE 2024\/1252 sur les <strong>mati\u00e8res premi\u00e8res critiques<\/strong>.<\/p>\n\n\n\n<p>Pour la fili\u00e8re des \u00e9nergies renouvelables, fabriquer ce mat\u00e9riau en France renvoie aussi \u00e0 la question de l\u2019<strong>empreinte carbone amont<\/strong> des \u00e9quipements. Cependant, les \u00e9l\u00e9ments chiffr\u00e9s et les comparaisons directes de l&#8217;empreinte carbone selon l&rsquo;origine g\u00e9ographique ne sont pas pr\u00e9cis\u00e9s dans les sources consult\u00e9es.<\/p>\n\n\n\n<h2 class=\"wp-block-heading\">Concurrence et r\u00e9gulation : le cadre europ\u00e9en en question<\/h2>\n\n\n\n<p>La suspension de la production europ\u00e9enne de silicium par Ferroglobe a \u00e9t\u00e9 attribu\u00e9e par l&rsquo;entreprise \u00e0 une crise \u00e9conomique majeure. Selon l\u2019entreprise (propos rapport\u00e9s par <em>Le Progr\u00e8s<\/em>), le secteur est confront\u00e9 \u00e0 la <strong>concurrence chinoise<\/strong> et \u00e0 l\u2019effet des <strong>droits de douane am\u00e9ricains<\/strong>. D&rsquo;apr\u00e8s l&rsquo;industriel, ces taxes am\u00e9ricaines auraient contribu\u00e9 \u00e0 rediriger certains flux commerciaux vers le march\u00e9 europ\u00e9en, pesant ainsi sur les prix.<\/p>\n\n\n\n<p>Le 23 d\u00e9cembre 2025, la <strong>Commission europ\u00e9enne<\/strong> a apport\u00e9 des pr\u00e9cisions sur les mesures de d\u00e9fense commerciale. Si une enqu\u00eate de sauvegarde a bien \u00e9t\u00e9 men\u00e9e sur certains alliages, le silicium m\u00e9tal en a \u00e9t\u00e9 exclu. Bruxelles indique que le silicium n&rsquo;est pas en concurrence directe avec les produits vis\u00e9s et que les importations ont diminu\u00e9 r\u00e9cemment. La Commission pr\u00e9cise n\u00e9anmoins qu&rsquo;elle peut r\u00e9\u00e9valuer la situation et ouvrir une enqu\u00eate en mati\u00e8re de <strong>d\u00e9fense commerciale<\/strong> si une demande d\u00fbment motiv\u00e9e est d\u00e9pos\u00e9e.<\/p>\n\n\n\n<h2 class=\"wp-block-heading\">CISAF et FEM : des outils pour la fili\u00e8re ?<\/h2>\n\n\n\n<p>Pour soutenir la production sur le sol europ\u00e9en, deux m\u00e9canismes sont \u00e9voqu\u00e9s par la Commission europ\u00e9enne dans sa r\u00e9ponse du 23 d\u00e9cembre 2025 :<\/p>\n\n\n\n<ol class=\"wp-block-list\">\n<li><strong>L&rsquo;encadrement CISAF :<\/strong> Ce dispositif permet aux \u00c9tats membres de soutenir la fabrication de produits <strong>\u00ab z\u00e9ro net \u00bb<\/strong> et les mati\u00e8res premi\u00e8res critiques n\u00e9cessaires \u00e0 leur production. Le silicium \u00e9tant class\u00e9 comme critique, il entre dans ce cadre de soutien potentiel.<\/li>\n\n\n\n<li><strong>La r\u00e9forme du Fonds europ\u00e9en d\u2019ajustement \u00e0 la mondialisation (FEM) :<\/strong> Une proposition d\u00e9pos\u00e9e en avril 2025 vise \u00e0 permettre une <strong>aide pr\u00e9ventive<\/strong> aux travailleurs en cas de restructuration de grande ampleur. Ce texte est, au 23 d\u00e9cembre 2025, toujours en cours d&rsquo;examen par les col\u00e9gislateurs.<\/li>\n<\/ol>\n\n\n\n<p>Le red\u00e9marrage du four n\u00b02 d&rsquo;Anglefort le 8 janvier 2026 marque une reprise d&rsquo;activit\u00e9 locale dans une fili\u00e8re o\u00f9 sept autres fours fran\u00e7ais de l&rsquo;industriel demeurent \u00e9teints. La suite de ce dossier d\u00e9pendra notamment des arbitrages entre les prix du march\u00e9 mondial, les futures d\u00e9cisions de r\u00e9gulation de la Commission europ\u00e9enne et la mise en \u0153uvre effective des outils de <strong>souverainet\u00e9 industrielle<\/strong>.<\/p>\n","protected":false},"excerpt":{"rendered":"","protected":false},"author":2,"featured_media":246,"comment_status":"closed","ping_status":"closed","sticky":false,"template":"","format":"standard","meta":{"footnotes":""},"categories":[1],"tags":[],"class_list":["post-243","post","type-post","status-publish","format-standard","has-post-thumbnail","hentry","category-energies","masonry-post","generate-columns","tablet-grid-50","mobile-grid-100","grid-parent","grid-33"],"yoast_head":"<!-- This site is optimized with the Yoast SEO plugin v26.6 - https:\/\/yoast.com\/wordpress\/plugins\/seo\/ -->\n<title>Ferroglobe relance un four \u00e0 Anglefort : le silicium, maillon cl\u00e9 du solaire - ECOinfos<\/title>\n<meta name=\"description\" content=\"Le 8 janvier 2026, Ferroglobe a relanc\u00e9 son four n\u00b02 \u00e0 Anglefort. Analyse d&#039;un red\u00e9marrage strat\u00e9gique pour la fili\u00e8re du silicium m\u00e9tal et des EnR.\" \/>\n<meta name=\"robots\" content=\"index, follow, max-snippet:-1, max-image-preview:large, max-video-preview:-1\" \/>\n<link rel=\"canonical\" href=\"https:\/\/www.les-energies-renouvelables.eu\/article\/actualites\/energies\/ferroglobe-relance-un-four-a-anglefort-le-silicium-maillon-cle-du-solaire-243\/\" \/>\n<meta property=\"og:locale\" content=\"fr_FR\" \/>\n<meta property=\"og:type\" content=\"article\" \/>\n<meta property=\"og:title\" content=\"Ferroglobe relance un four \u00e0 Anglefort : le silicium, maillon cl\u00e9 du solaire - ECOinfos\" \/>\n<meta property=\"og:description\" content=\"Le 8 janvier 2026, Ferroglobe a relanc\u00e9 son four n\u00b02 \u00e0 Anglefort. Analyse d&#039;un red\u00e9marrage strat\u00e9gique pour la fili\u00e8re du silicium m\u00e9tal et des EnR.\" \/>\n<meta property=\"og:url\" content=\"https:\/\/www.les-energies-renouvelables.eu\/article\/actualites\/energies\/ferroglobe-relance-un-four-a-anglefort-le-silicium-maillon-cle-du-solaire-243\/\" \/>\n<meta property=\"og:site_name\" content=\"ECOinfos Energies renouvelables\" \/>\n<meta property=\"article:publisher\" content=\"https:\/\/www.facebook.com\/ecoannuaire.energierenouvelable\/\" \/>\n<meta property=\"article:author\" content=\"https:\/\/www.facebook.com\/tictacf2c\/\" \/>\n<meta property=\"article:published_time\" content=\"2026-01-14T07:00:00+00:00\" \/>\n<meta property=\"og:image\" content=\"https:\/\/www.les-energies-renouvelables.eu\/article\/actualites\/wp-content\/uploads\/2026\/01\/actualites-ferroglobe-relance-un-four-a-anglefort-le-silicium-maillon-cle-du-solaire-redemarrage-ferroglobe-anglefort-silicium.jpg\" \/>\n\t<meta property=\"og:image:width\" content=\"1200\" \/>\n\t<meta property=\"og:image:height\" content=\"675\" \/>\n\t<meta property=\"og:image:type\" content=\"image\/jpeg\" \/>\n<meta name=\"author\" content=\"Alexia JACQUARD\" \/>\n<meta name=\"twitter:card\" content=\"summary_large_image\" \/>\n<meta name=\"twitter:creator\" content=\"@alexiajcrd\" \/>\n<meta name=\"twitter:site\" content=\"@ECOinfosENR\" \/>\n<meta name=\"twitter:label1\" content=\"\u00c9crit par\" \/>\n\t<meta name=\"twitter:data1\" content=\"Alexia JACQUARD\" \/>\n\t<meta name=\"twitter:label2\" content=\"Dur\u00e9e de lecture estim\u00e9e\" \/>\n\t<meta name=\"twitter:data2\" content=\"5 minutes\" \/>\n<script type=\"application\/ld+json\" class=\"yoast-schema-graph\">{\"@context\":\"https:\/\/schema.org\",\"@graph\":[{\"@type\":\"Article\",\"@id\":\"https:\/\/www.les-energies-renouvelables.eu\/article\/actualites\/energies\/ferroglobe-relance-un-four-a-anglefort-le-silicium-maillon-cle-du-solaire-243\/#article\",\"isPartOf\":{\"@id\":\"https:\/\/www.les-energies-renouvelables.eu\/article\/actualites\/energies\/ferroglobe-relance-un-four-a-anglefort-le-silicium-maillon-cle-du-solaire-243\/\"},\"author\":{\"name\":\"Alexia JACQUARD\",\"@id\":\"https:\/\/www.les-energies-renouvelables.eu\/article\/actualites\/#\/schema\/person\/2c7d09eb5ca339c12ca8d86145440169\"},\"headline\":\"Ferroglobe relance un four \u00e0 Anglefort : le silicium, maillon cl\u00e9 du solaire\",\"datePublished\":\"2026-01-14T07:00:00+00:00\",\"mainEntityOfPage\":{\"@id\":\"https:\/\/www.les-energies-renouvelables.eu\/article\/actualites\/energies\/ferroglobe-relance-un-four-a-anglefort-le-silicium-maillon-cle-du-solaire-243\/\"},\"wordCount\":870,\"publisher\":{\"@id\":\"https:\/\/www.les-energies-renouvelables.eu\/article\/actualites\/#organization\"},\"image\":{\"@id\":\"https:\/\/www.les-energies-renouvelables.eu\/article\/actualites\/energies\/ferroglobe-relance-un-four-a-anglefort-le-silicium-maillon-cle-du-solaire-243\/#primaryimage\"},\"thumbnailUrl\":\"https:\/\/www.les-energies-renouvelables.eu\/article\/actualites\/wp-content\/uploads\/2026\/01\/actualites-ferroglobe-relance-un-four-a-anglefort-le-silicium-maillon-cle-du-solaire-redemarrage-ferroglobe-anglefort-silicium.jpg\",\"articleSection\":[\"\u00c9nergies\"],\"inLanguage\":\"fr-FR\"},{\"@type\":\"WebPage\",\"@id\":\"https:\/\/www.les-energies-renouvelables.eu\/article\/actualites\/energies\/ferroglobe-relance-un-four-a-anglefort-le-silicium-maillon-cle-du-solaire-243\/\",\"url\":\"https:\/\/www.les-energies-renouvelables.eu\/article\/actualites\/energies\/ferroglobe-relance-un-four-a-anglefort-le-silicium-maillon-cle-du-solaire-243\/\",\"name\":\"Ferroglobe relance un four \u00e0 Anglefort : le silicium, maillon cl\u00e9 du solaire - ECOinfos\",\"isPartOf\":{\"@id\":\"https:\/\/www.les-energies-renouvelables.eu\/article\/actualites\/#website\"},\"primaryImageOfPage\":{\"@id\":\"https:\/\/www.les-energies-renouvelables.eu\/article\/actualites\/energies\/ferroglobe-relance-un-four-a-anglefort-le-silicium-maillon-cle-du-solaire-243\/#primaryimage\"},\"image\":{\"@id\":\"https:\/\/www.les-energies-renouvelables.eu\/article\/actualites\/energies\/ferroglobe-relance-un-four-a-anglefort-le-silicium-maillon-cle-du-solaire-243\/#primaryimage\"},\"thumbnailUrl\":\"https:\/\/www.les-energies-renouvelables.eu\/article\/actualites\/wp-content\/uploads\/2026\/01\/actualites-ferroglobe-relance-un-four-a-anglefort-le-silicium-maillon-cle-du-solaire-redemarrage-ferroglobe-anglefort-silicium.jpg\",\"datePublished\":\"2026-01-14T07:00:00+00:00\",\"description\":\"Le 8 janvier 2026, Ferroglobe a relanc\u00e9 son four n\u00b02 \u00e0 Anglefort. Analyse d'un red\u00e9marrage strat\u00e9gique pour la fili\u00e8re du silicium m\u00e9tal et des EnR.\",\"breadcrumb\":{\"@id\":\"https:\/\/www.les-energies-renouvelables.eu\/article\/actualites\/energies\/ferroglobe-relance-un-four-a-anglefort-le-silicium-maillon-cle-du-solaire-243\/#breadcrumb\"},\"inLanguage\":\"fr-FR\",\"potentialAction\":[{\"@type\":\"ReadAction\",\"target\":[\"https:\/\/www.les-energies-renouvelables.eu\/article\/actualites\/energies\/ferroglobe-relance-un-four-a-anglefort-le-silicium-maillon-cle-du-solaire-243\/\"]}]},{\"@type\":\"ImageObject\",\"inLanguage\":\"fr-FR\",\"@id\":\"https:\/\/www.les-energies-renouvelables.eu\/article\/actualites\/energies\/ferroglobe-relance-un-four-a-anglefort-le-silicium-maillon-cle-du-solaire-243\/#primaryimage\",\"url\":\"https:\/\/www.les-energies-renouvelables.eu\/article\/actualites\/wp-content\/uploads\/2026\/01\/actualites-ferroglobe-relance-un-four-a-anglefort-le-silicium-maillon-cle-du-solaire-redemarrage-ferroglobe-anglefort-silicium.jpg\",\"contentUrl\":\"https:\/\/www.les-energies-renouvelables.eu\/article\/actualites\/wp-content\/uploads\/2026\/01\/actualites-ferroglobe-relance-un-four-a-anglefort-le-silicium-maillon-cle-du-solaire-redemarrage-ferroglobe-anglefort-silicium.jpg\",\"width\":1200,\"height\":675,\"caption\":\"Ideogram\"},{\"@type\":\"BreadcrumbList\",\"@id\":\"https:\/\/www.les-energies-renouvelables.eu\/article\/actualites\/energies\/ferroglobe-relance-un-four-a-anglefort-le-silicium-maillon-cle-du-solaire-243\/#breadcrumb\",\"itemListElement\":[{\"@type\":\"ListItem\",\"position\":1,\"name\":\"Accueil\",\"item\":\"https:\/\/www.les-energies-renouvelables.eu\/article\/actualites\/\"},{\"@type\":\"ListItem\",\"position\":2,\"name\":\"Ferroglobe relance un four \u00e0 Anglefort : le silicium, maillon cl\u00e9 du solaire\"}]},{\"@type\":\"WebSite\",\"@id\":\"https:\/\/www.les-energies-renouvelables.eu\/article\/actualites\/#website\",\"url\":\"https:\/\/www.les-energies-renouvelables.eu\/article\/actualites\/\",\"name\":\"ECOinfos Energies renouvelables\",\"description\":\"Le d\u00e9cryptage quotidien du secteur des \u00e9nergies renouvelables\",\"publisher\":{\"@id\":\"https:\/\/www.les-energies-renouvelables.eu\/article\/actualites\/#organization\"},\"potentialAction\":[{\"@type\":\"SearchAction\",\"target\":{\"@type\":\"EntryPoint\",\"urlTemplate\":\"https:\/\/www.les-energies-renouvelables.eu\/article\/actualites\/?s={search_term_string}\"},\"query-input\":{\"@type\":\"PropertyValueSpecification\",\"valueRequired\":true,\"valueName\":\"search_term_string\"}}],\"inLanguage\":\"fr-FR\"},{\"@type\":\"Organization\",\"@id\":\"https:\/\/www.les-energies-renouvelables.eu\/article\/actualites\/#organization\",\"name\":\"ECOinfos Energies renouvelables\",\"url\":\"https:\/\/www.les-energies-renouvelables.eu\/article\/actualites\/\",\"logo\":{\"@type\":\"ImageObject\",\"inLanguage\":\"fr-FR\",\"@id\":\"https:\/\/www.les-energies-renouvelables.eu\/article\/actualites\/#\/schema\/logo\/image\/\",\"url\":\"https:\/\/www.les-energies-renouvelables.eu\/article\/actualites\/wp-content\/uploads\/2025\/11\/ecoinfos.eldorado-consulting.com-logo-logo.svg\",\"contentUrl\":\"https:\/\/www.les-energies-renouvelables.eu\/article\/actualites\/wp-content\/uploads\/2025\/11\/ecoinfos.eldorado-consulting.com-logo-logo.svg\",\"caption\":\"ECOinfos Energies renouvelables\"},\"image\":{\"@id\":\"https:\/\/www.les-energies-renouvelables.eu\/article\/actualites\/#\/schema\/logo\/image\/\"},\"sameAs\":[\"https:\/\/www.facebook.com\/ecoannuaire.energierenouvelable\/\",\"https:\/\/x.com\/ECOinfosENR\",\"https:\/\/www.linkedin.com\/company\/ecoinfos-energies-renouvelables\/\",\"https:\/\/www.youtube.com\/@ecoinfosenergies\",\"https:\/\/share.google\/dyKHJPxAV42WhhjbM\"]},{\"@type\":\"Person\",\"@id\":\"https:\/\/www.les-energies-renouvelables.eu\/article\/actualites\/#\/schema\/person\/2c7d09eb5ca339c12ca8d86145440169\",\"name\":\"Alexia JACQUARD\",\"pronouns\":\"elle\/elle\",\"image\":{\"@type\":\"ImageObject\",\"inLanguage\":\"fr-FR\",\"@id\":\"https:\/\/www.les-energies-renouvelables.eu\/article\/actualites\/#\/schema\/person\/image\/\",\"url\":\"https:\/\/www.les-energies-renouvelables.eu\/article\/actualites\/wp-content\/uploads\/2026\/01\/actualites-alexia-jacquard-alexia-jacquard-160x160.jpg\",\"contentUrl\":\"https:\/\/www.les-energies-renouvelables.eu\/article\/actualites\/wp-content\/uploads\/2026\/01\/actualites-alexia-jacquard-alexia-jacquard-160x160.jpg\",\"caption\":\"Alexia JACQUARD\"},\"description\":\"Curieuse de nature et attentif aux enjeux du d\u00e9veloppement durable, Alexia Jacquard suit l'actualit\u00e9 des \u00e9nergies renouvelables pour partager les derni\u00e8res nouveaut\u00e9s du secteur. Elle s'attache \u00e0 retranscrire simplement les informations cl\u00e9s et les initiatives positives qui marquent la transition \u00e9nerg\u00e9tique. Son objectif : proposer des articles d'actualit\u00e9 clairs et accessibles pour tous ceux qui s'int\u00e9ressent \u00e0 l'avenir de notre \u00e9nergie.\",\"sameAs\":[\"https:\/\/alexia-jacquard.fr\",\"https:\/\/www.facebook.com\/tictacf2c\/\",\"https:\/\/www.instagram.com\/alexia_redac\/\",\"https:\/\/www.linkedin.com\/in\/alexia-jacquard-449a4b289\/\",\"https:\/\/fr.pinterest.com\/alexiajacquard\/\",\"https:\/\/x.com\/alexiajcrd\",\"https:\/\/www.youtube.com\/@Thepaindemie\",\"https:\/\/muckrack.com\/alexia-jacquard\"],\"url\":\"https:\/\/www.les-energies-renouvelables.eu\/article\/actualites\/author\/alexia-jacquard\/\"}]}<\/script>\n<!-- \/ Yoast SEO plugin. -->","yoast_head_json":{"title":"Ferroglobe relance un four \u00e0 Anglefort : le silicium, maillon cl\u00e9 du solaire - ECOinfos","description":"Le 8 janvier 2026, Ferroglobe a relanc\u00e9 son four n\u00b02 \u00e0 Anglefort. Analyse d'un red\u00e9marrage strat\u00e9gique pour la fili\u00e8re du silicium m\u00e9tal et des EnR.","robots":{"index":"index","follow":"follow","max-snippet":"max-snippet:-1","max-image-preview":"max-image-preview:large","max-video-preview":"max-video-preview:-1"},"canonical":"https:\/\/www.les-energies-renouvelables.eu\/article\/actualites\/energies\/ferroglobe-relance-un-four-a-anglefort-le-silicium-maillon-cle-du-solaire-243\/","og_locale":"fr_FR","og_type":"article","og_title":"Ferroglobe relance un four \u00e0 Anglefort : le silicium, maillon cl\u00e9 du solaire - ECOinfos","og_description":"Le 8 janvier 2026, Ferroglobe a relanc\u00e9 son four n\u00b02 \u00e0 Anglefort. Analyse d'un red\u00e9marrage strat\u00e9gique pour la fili\u00e8re du silicium m\u00e9tal et des EnR.","og_url":"https:\/\/www.les-energies-renouvelables.eu\/article\/actualites\/energies\/ferroglobe-relance-un-four-a-anglefort-le-silicium-maillon-cle-du-solaire-243\/","og_site_name":"ECOinfos Energies renouvelables","article_publisher":"https:\/\/www.facebook.com\/ecoannuaire.energierenouvelable\/","article_author":"https:\/\/www.facebook.com\/tictacf2c\/","article_published_time":"2026-01-14T07:00:00+00:00","og_image":[{"width":1200,"height":675,"url":"https:\/\/www.les-energies-renouvelables.eu\/article\/actualites\/wp-content\/uploads\/2026\/01\/actualites-ferroglobe-relance-un-four-a-anglefort-le-silicium-maillon-cle-du-solaire-redemarrage-ferroglobe-anglefort-silicium.jpg","type":"image\/jpeg"}],"author":"Alexia JACQUARD","twitter_card":"summary_large_image","twitter_creator":"@alexiajcrd","twitter_site":"@ECOinfosENR","twitter_misc":{"\u00c9crit par":"Alexia JACQUARD","Dur\u00e9e de lecture estim\u00e9e":"5 minutes"},"schema":{"@context":"https:\/\/schema.org","@graph":[{"@type":"Article","@id":"https:\/\/www.les-energies-renouvelables.eu\/article\/actualites\/energies\/ferroglobe-relance-un-four-a-anglefort-le-silicium-maillon-cle-du-solaire-243\/#article","isPartOf":{"@id":"https:\/\/www.les-energies-renouvelables.eu\/article\/actualites\/energies\/ferroglobe-relance-un-four-a-anglefort-le-silicium-maillon-cle-du-solaire-243\/"},"author":{"name":"Alexia JACQUARD","@id":"https:\/\/www.les-energies-renouvelables.eu\/article\/actualites\/#\/schema\/person\/2c7d09eb5ca339c12ca8d86145440169"},"headline":"Ferroglobe relance un four \u00e0 Anglefort : le silicium, maillon cl\u00e9 du solaire","datePublished":"2026-01-14T07:00:00+00:00","mainEntityOfPage":{"@id":"https:\/\/www.les-energies-renouvelables.eu\/article\/actualites\/energies\/ferroglobe-relance-un-four-a-anglefort-le-silicium-maillon-cle-du-solaire-243\/"},"wordCount":870,"publisher":{"@id":"https:\/\/www.les-energies-renouvelables.eu\/article\/actualites\/#organization"},"image":{"@id":"https:\/\/www.les-energies-renouvelables.eu\/article\/actualites\/energies\/ferroglobe-relance-un-four-a-anglefort-le-silicium-maillon-cle-du-solaire-243\/#primaryimage"},"thumbnailUrl":"https:\/\/www.les-energies-renouvelables.eu\/article\/actualites\/wp-content\/uploads\/2026\/01\/actualites-ferroglobe-relance-un-four-a-anglefort-le-silicium-maillon-cle-du-solaire-redemarrage-ferroglobe-anglefort-silicium.jpg","articleSection":["\u00c9nergies"],"inLanguage":"fr-FR"},{"@type":"WebPage","@id":"https:\/\/www.les-energies-renouvelables.eu\/article\/actualites\/energies\/ferroglobe-relance-un-four-a-anglefort-le-silicium-maillon-cle-du-solaire-243\/","url":"https:\/\/www.les-energies-renouvelables.eu\/article\/actualites\/energies\/ferroglobe-relance-un-four-a-anglefort-le-silicium-maillon-cle-du-solaire-243\/","name":"Ferroglobe relance un four \u00e0 Anglefort : le silicium, maillon cl\u00e9 du solaire - ECOinfos","isPartOf":{"@id":"https:\/\/www.les-energies-renouvelables.eu\/article\/actualites\/#website"},"primaryImageOfPage":{"@id":"https:\/\/www.les-energies-renouvelables.eu\/article\/actualites\/energies\/ferroglobe-relance-un-four-a-anglefort-le-silicium-maillon-cle-du-solaire-243\/#primaryimage"},"image":{"@id":"https:\/\/www.les-energies-renouvelables.eu\/article\/actualites\/energies\/ferroglobe-relance-un-four-a-anglefort-le-silicium-maillon-cle-du-solaire-243\/#primaryimage"},"thumbnailUrl":"https:\/\/www.les-energies-renouvelables.eu\/article\/actualites\/wp-content\/uploads\/2026\/01\/actualites-ferroglobe-relance-un-four-a-anglefort-le-silicium-maillon-cle-du-solaire-redemarrage-ferroglobe-anglefort-silicium.jpg","datePublished":"2026-01-14T07:00:00+00:00","description":"Le 8 janvier 2026, Ferroglobe a relanc\u00e9 son four n\u00b02 \u00e0 Anglefort. Analyse d'un red\u00e9marrage strat\u00e9gique pour la fili\u00e8re du silicium m\u00e9tal et des EnR.","breadcrumb":{"@id":"https:\/\/www.les-energies-renouvelables.eu\/article\/actualites\/energies\/ferroglobe-relance-un-four-a-anglefort-le-silicium-maillon-cle-du-solaire-243\/#breadcrumb"},"inLanguage":"fr-FR","potentialAction":[{"@type":"ReadAction","target":["https:\/\/www.les-energies-renouvelables.eu\/article\/actualites\/energies\/ferroglobe-relance-un-four-a-anglefort-le-silicium-maillon-cle-du-solaire-243\/"]}]},{"@type":"ImageObject","inLanguage":"fr-FR","@id":"https:\/\/www.les-energies-renouvelables.eu\/article\/actualites\/energies\/ferroglobe-relance-un-four-a-anglefort-le-silicium-maillon-cle-du-solaire-243\/#primaryimage","url":"https:\/\/www.les-energies-renouvelables.eu\/article\/actualites\/wp-content\/uploads\/2026\/01\/actualites-ferroglobe-relance-un-four-a-anglefort-le-silicium-maillon-cle-du-solaire-redemarrage-ferroglobe-anglefort-silicium.jpg","contentUrl":"https:\/\/www.les-energies-renouvelables.eu\/article\/actualites\/wp-content\/uploads\/2026\/01\/actualites-ferroglobe-relance-un-four-a-anglefort-le-silicium-maillon-cle-du-solaire-redemarrage-ferroglobe-anglefort-silicium.jpg","width":1200,"height":675,"caption":"Ideogram"},{"@type":"BreadcrumbList","@id":"https:\/\/www.les-energies-renouvelables.eu\/article\/actualites\/energies\/ferroglobe-relance-un-four-a-anglefort-le-silicium-maillon-cle-du-solaire-243\/#breadcrumb","itemListElement":[{"@type":"ListItem","position":1,"name":"Accueil","item":"https:\/\/www.les-energies-renouvelables.eu\/article\/actualites\/"},{"@type":"ListItem","position":2,"name":"Ferroglobe relance un four \u00e0 Anglefort : le silicium, maillon cl\u00e9 du solaire"}]},{"@type":"WebSite","@id":"https:\/\/www.les-energies-renouvelables.eu\/article\/actualites\/#website","url":"https:\/\/www.les-energies-renouvelables.eu\/article\/actualites\/","name":"ECOinfos Energies renouvelables","description":"Le d\u00e9cryptage quotidien du secteur des \u00e9nergies renouvelables","publisher":{"@id":"https:\/\/www.les-energies-renouvelables.eu\/article\/actualites\/#organization"},"potentialAction":[{"@type":"SearchAction","target":{"@type":"EntryPoint","urlTemplate":"https:\/\/www.les-energies-renouvelables.eu\/article\/actualites\/?s={search_term_string}"},"query-input":{"@type":"PropertyValueSpecification","valueRequired":true,"valueName":"search_term_string"}}],"inLanguage":"fr-FR"},{"@type":"Organization","@id":"https:\/\/www.les-energies-renouvelables.eu\/article\/actualites\/#organization","name":"ECOinfos Energies renouvelables","url":"https:\/\/www.les-energies-renouvelables.eu\/article\/actualites\/","logo":{"@type":"ImageObject","inLanguage":"fr-FR","@id":"https:\/\/www.les-energies-renouvelables.eu\/article\/actualites\/#\/schema\/logo\/image\/","url":"https:\/\/www.les-energies-renouvelables.eu\/article\/actualites\/wp-content\/uploads\/2025\/11\/ecoinfos.eldorado-consulting.com-logo-logo.svg","contentUrl":"https:\/\/www.les-energies-renouvelables.eu\/article\/actualites\/wp-content\/uploads\/2025\/11\/ecoinfos.eldorado-consulting.com-logo-logo.svg","caption":"ECOinfos Energies renouvelables"},"image":{"@id":"https:\/\/www.les-energies-renouvelables.eu\/article\/actualites\/#\/schema\/logo\/image\/"},"sameAs":["https:\/\/www.facebook.com\/ecoannuaire.energierenouvelable\/","https:\/\/x.com\/ECOinfosENR","https:\/\/www.linkedin.com\/company\/ecoinfos-energies-renouvelables\/","https:\/\/www.youtube.com\/@ecoinfosenergies","https:\/\/share.google\/dyKHJPxAV42WhhjbM"]},{"@type":"Person","@id":"https:\/\/www.les-energies-renouvelables.eu\/article\/actualites\/#\/schema\/person\/2c7d09eb5ca339c12ca8d86145440169","name":"Alexia JACQUARD","pronouns":"elle\/elle","image":{"@type":"ImageObject","inLanguage":"fr-FR","@id":"https:\/\/www.les-energies-renouvelables.eu\/article\/actualites\/#\/schema\/person\/image\/","url":"https:\/\/www.les-energies-renouvelables.eu\/article\/actualites\/wp-content\/uploads\/2026\/01\/actualites-alexia-jacquard-alexia-jacquard-160x160.jpg","contentUrl":"https:\/\/www.les-energies-renouvelables.eu\/article\/actualites\/wp-content\/uploads\/2026\/01\/actualites-alexia-jacquard-alexia-jacquard-160x160.jpg","caption":"Alexia JACQUARD"},"description":"Curieuse de nature et attentif aux enjeux du d\u00e9veloppement durable, Alexia Jacquard suit l'actualit\u00e9 des \u00e9nergies renouvelables pour partager les derni\u00e8res nouveaut\u00e9s du secteur. Elle s'attache \u00e0 retranscrire simplement les informations cl\u00e9s et les initiatives positives qui marquent la transition \u00e9nerg\u00e9tique. Son objectif : proposer des articles d'actualit\u00e9 clairs et accessibles pour tous ceux qui s'int\u00e9ressent \u00e0 l'avenir de notre \u00e9nergie.","sameAs":["https:\/\/alexia-jacquard.fr","https:\/\/www.facebook.com\/tictacf2c\/","https:\/\/www.instagram.com\/alexia_redac\/","https:\/\/www.linkedin.com\/in\/alexia-jacquard-449a4b289\/","https:\/\/fr.pinterest.com\/alexiajacquard\/","https:\/\/x.com\/alexiajcrd","https:\/\/www.youtube.com\/@Thepaindemie","https:\/\/muckrack.com\/alexia-jacquard"],"url":"https:\/\/www.les-energies-renouvelables.eu\/article\/actualites\/author\/alexia-jacquard\/"}]}},"_links":{"self":[{"href":"https:\/\/www.les-energies-renouvelables.eu\/article\/actualites\/wp-json\/wp\/v2\/posts\/243","targetHints":{"allow":["GET"]}}],"collection":[{"href":"https:\/\/www.les-energies-renouvelables.eu\/article\/actualites\/wp-json\/wp\/v2\/posts"}],"about":[{"href":"https:\/\/www.les-energies-renouvelables.eu\/article\/actualites\/wp-json\/wp\/v2\/types\/post"}],"author":[{"embeddable":true,"href":"https:\/\/www.les-energies-renouvelables.eu\/article\/actualites\/wp-json\/wp\/v2\/users\/2"}],"replies":[{"embeddable":true,"href":"https:\/\/www.les-energies-renouvelables.eu\/article\/actualites\/wp-json\/wp\/v2\/comments?post=243"}],"version-history":[{"count":1,"href":"https:\/\/www.les-energies-renouvelables.eu\/article\/actualites\/wp-json\/wp\/v2\/posts\/243\/revisions"}],"predecessor-version":[{"id":244,"href":"https:\/\/www.les-energies-renouvelables.eu\/article\/actualites\/wp-json\/wp\/v2\/posts\/243\/revisions\/244"}],"wp:featuredmedia":[{"embeddable":true,"href":"https:\/\/www.les-energies-renouvelables.eu\/article\/actualites\/wp-json\/wp\/v2\/media\/246"}],"wp:attachment":[{"href":"https:\/\/www.les-energies-renouvelables.eu\/article\/actualites\/wp-json\/wp\/v2\/media?parent=243"}],"wp:term":[{"taxonomy":"category","embeddable":true,"href":"https:\/\/www.les-energies-renouvelables.eu\/article\/actualites\/wp-json\/wp\/v2\/categories?post=243"},{"taxonomy":"post_tag","embeddable":true,"href":"https:\/\/www.les-energies-renouvelables.eu\/article\/actualites\/wp-json\/wp\/v2\/tags?post=243"}],"curies":[{"name":"wp","href":"https:\/\/api.w.org\/{rel}","templated":true}]}}