{"id":241,"date":"2026-01-13T08:00:00","date_gmt":"2026-01-13T07:00:00","guid":{"rendered":"https:\/\/www.les-energies-renouvelables.eu\/article\/actualites\/?p=241"},"modified":"2026-01-12T16:05:39","modified_gmt":"2026-01-12T15:05:39","slug":"panneaux-solaires-verticaux-lastuce-pour-mieux-repartir-la-production-sur-la-journee","status":"publish","type":"post","link":"https:\/\/www.les-energies-renouvelables.eu\/article\/actualites\/energies\/panneaux-solaires-verticaux-lastuce-pour-mieux-repartir-la-production-sur-la-journee-241\/","title":{"rendered":"Panneaux solaires verticaux : l\u2019astuce pour mieux r\u00e9partir la production sur la journ\u00e9e"},"content":{"rendered":"\n<p>R\u00e9sum\u00e9 :&nbsp;<\/p>\n\n\n\n<ul class=\"wp-block-list\">\n<li><strong>Technologie bifaciale :<\/strong> Les cellules sont con\u00e7ues pour capter le rayonnement solaire sur leurs deux faces.<\/li>\n\n\n\n<li><strong>Profil de production :<\/strong> Selon ENGIE Green, l\u2019orientation est-ouest favorise la production lors des pics de consommation (matin et soir).<\/li>\n\n\n\n<li><strong>Usage agricole :<\/strong> Une configuration en rang\u00e9es espac\u00e9es pour permettre le passage des engins et le p\u00e2turage.<\/li>\n\n\n\n<li><strong>Cadre r\u00e9glementaire :<\/strong> L\u2019arr\u00eat\u00e9 du 5 juillet 2024 fixe des obligations de suivi pour v\u00e9rifier la compatibilit\u00e9 des projets avec l\u2019activit\u00e9 agricole.<\/li>\n\n\n\n<li><strong>Vigilance agronomique :<\/strong> L\u2019INRAE rappelle que le maintien du rendement des cultures est une condition de r\u00e9ussite de ces installations.<\/li>\n<\/ul>\n\n\n\n<p>L\u2019<strong>arr\u00eat\u00e9 du 5 juillet 2024<\/strong> d\u00e9finit d\u00e9sormais les modalit\u00e9s de contr\u00f4le des <strong>installations agrivolta\u00efques<\/strong> en France, et s\u2019applique aux projets dont certains peuvent int\u00e9grer des <strong>panneaux solaires verticaux<\/strong>. Contrairement aux centrales au sol classiques, cette variante modifie le profil de <strong>production d\u2019\u00e9lectricit\u00e9<\/strong>, avec l\u2019objectif de mieux s\u2019aligner sur certains moments de demande, tout en cherchant \u00e0 s\u2019int\u00e9grer dans une d\u00e9marche de cohabitation avec l\u2019exploitation des terres.<\/p>\n\n\n\n<h2 class=\"wp-block-heading\">Bifacial et vertical : le pari d&rsquo;une production d\u00e9cal\u00e9e<\/h2>\n\n\n\n<p>Contrairement aux installations traditionnelles orient\u00e9es plein sud pour maximiser le rendement de mi-journ\u00e9e, les <strong>panneaux verticaux<\/strong> sont align\u00e9s selon un axe nord-sud. D\u2019apr\u00e8s les pr\u00e9cisions techniques d\u2019<strong>ENGIE Green<\/strong>, cette disposition oriente les modules \u00e0 la fois vers l\u2019est et vers l\u2019ouest. Gr\u00e2ce \u00e0 l\u2019utilisation de <strong>cellules photovolta\u00efques bifaciales<\/strong>, prot\u00e9g\u00e9es par une plaque de verre en face arri\u00e8re, le dispositif exploite le rayonnement solaire des deux c\u00f4t\u00e9s.<\/p>\n\n\n\n<p>Cette architecture technique d\u00e9place les pics de production. Selon l\u2019entreprise, les rayons du soleil frappent les cellules avec un angle \u00ab id\u00e9al \u00bb ou favorable au lever et au coucher du soleil. Ce choix d\u2019<strong>orientation est-ouest<\/strong> r\u00e9pond \u00e0 une logique de compl\u00e9mentarit\u00e9 : l&rsquo;entreprise indique que ces pics de production correspondent aux moments o\u00f9 la consommation des particuliers est la plus forte (matin et soir), ce qui peut contribuer \u00e0 mieux r\u00e9partir l\u2019<strong>\u00e9nergie solaire<\/strong>inject\u00e9e sur le r\u00e9seau sur l&rsquo;ensemble de la journ\u00e9e.<\/p>\n\n\n\n<h2 class=\"wp-block-heading\">Entre les rangs : viser le maintien de la vocation agricole<\/h2>\n\n\n\n<p>L\u2019installation se pr\u00e9sente sous la forme de rang\u00e9es espac\u00e9es que le d\u00e9veloppeur qualifie de <strong>haies photovolta\u00efques<\/strong>. Ce format vertical est pr\u00e9sent\u00e9 comme une option pour limiter l\u2019<strong>emprise au sol<\/strong> directe des supports. L\u2019objectif est de permettre l\u2019accessibilit\u00e9 des parcelles : l\u2019espace entre les rang\u00e9es est calcul\u00e9 pour laisser circuler les machines agricoles ou permettre le p\u00e2turage des animaux.<\/p>\n\n\n\n<p>ENGIE Green pr\u00e9cise que cette disposition est adapt\u00e9e aux <strong>grandes cultures<\/strong>, aux cultures basses et \u00e0 l\u2019\u00e9levage bovin. La p\u00e9rennit\u00e9 de cette cohabitation d\u00e9pend toutefois d\u2019un param\u00e9trage pr\u00e9cis, la priorit\u00e9 r\u00e9glementaire demeurant la continuit\u00e9 de l\u2019<strong>exploitation agricole<\/strong> pendant toute la dur\u00e9e de vie du projet.<\/p>\n\n\n\n<h2 class=\"wp-block-heading\">Agrivolta\u00efsme : un suivi encadr\u00e9 par l&rsquo;arr\u00eat\u00e9 du 5 juillet 2024<\/h2>\n\n\n\n<p>Le texte r\u00e9glementaire du 5 juillet 2024 fixe les obligations de suivi et de contr\u00f4le pour les <strong>projets agrivolta\u00efques<\/strong>. Il pr\u00e9cise les conditions d\u2019implantation, notamment dans les articles 8 et 9 qui excluent en principe certaines surfaces bois\u00e9es ou for\u00eats relevant du r\u00e9gime forestier. Le texte pr\u00e9voit toutefois des possibilit\u00e9s d\u2019adaptation par le pr\u00e9fet de d\u00e9partement si des circonstances locales le justifient, sans porter atteinte aux zones de protection forte.<\/p>\n\n\n\n<p>Le texte pr\u00e9cise les modalit\u00e9s de suivi des installations. Selon les articles 2 et 4 de l\u2019arr\u00eat\u00e9, les exploitants doivent fournir des rapports int\u00e9grant notamment :<\/p>\n\n\n\n<ul class=\"wp-block-list\">\n<li>Le maintien du <strong>rendement agricole<\/strong> et de la qualit\u00e9 des r\u00e9coltes.<\/li>\n\n\n\n<li>L\u2019\u00e9volution des revenus issus de la production agricole.<\/li>\n\n\n\n<li>Les donn\u00e9es relatives \u00e0 la production \u00e9nerg\u00e9tique.<\/li>\n<\/ul>\n\n\n\n<p>L\u2019article 6 pr\u00e9cise que ces \u00e9valuations doivent \u00eatre r\u00e9alis\u00e9es par des <strong>organismes ind\u00e9pendants<\/strong> du projet, garantissant une mesure objective des impacts sur la parcelle.<\/p>\n\n\n\n<h2 class=\"wp-block-heading\">L\u2019\u0153il de la recherche : les conditions de compatibilit\u00e9 selon l\u2019INRAE<\/h2>\n\n\n\n<p>Selon l\u2019<strong>INRAE<\/strong>, un projet agrivolta\u00efque ne doit entra\u00eener aucune baisse significative de la production. L\u2019activit\u00e9 de production d\u2019\u00e9nergie doit rester secondaire par rapport \u00e0 la vocation agricole des terres.<\/p>\n\n\n\n<p>Bien que l\u2019institut identifie des effets secondaires possibles, comme la r\u00e9duction de l\u2019impact du vent (effet brise-vent) ou un ombrage partiel, il adopte une posture de prudence. Ces b\u00e9n\u00e9fices ne sont pas syst\u00e9matiques et d\u00e9pendent de la conception du projet et des sp\u00e9cificit\u00e9s climatiques locales. Pour l\u2019INRAE, seul un suivi rigoureux des donn\u00e9es collect\u00e9es permet de valider la compatibilit\u00e9 r\u00e9elle de la <strong>centrale solaire<\/strong> avec les besoins des cultures.<\/p>\n\n\n\n<h2 class=\"wp-block-heading\">D\u00e9fis techniques et limites du mod\u00e8le vertical<\/h2>\n\n\n\n<p>Le rendement \u00e9lectrique global des panneaux verticaux reste d\u00e9pendant de nombreux facteurs : inclinaison, temp\u00e9rature, ensoleillement local et qualit\u00e9 des mat\u00e9riaux. La topographie du site est \u00e9galement d\u00e9terminante, car les caract\u00e9ristiques du terrain influencent l\u2019implantation des structures.Sur le plan op\u00e9rationnel, la maintenance inclut des contr\u00f4les r\u00e9guliers et un suivi \u00e0 distance de la production pour assurer l\u2019\u00e9tat des modules. En revanche, les co\u00fbts d\u00e9taill\u00e9s d\u2019installation ou la fr\u00e9quence exacte de nettoyage des faces verticales ne sont pas pr\u00e9cis\u00e9s dans les sources disponibles. Chaque projet n\u00e9cessite donc une analyse sp\u00e9cifique pour v\u00e9rifier si les caract\u00e9ristiques du site permettent d\u2019atteindre les objectifs de production et de <strong>transition \u00e9nerg\u00e9tique<\/strong>.<\/p>\n","protected":false},"excerpt":{"rendered":"","protected":false},"author":2,"featured_media":239,"comment_status":"closed","ping_status":"closed","sticky":false,"template":"","format":"standard","meta":{"footnotes":""},"categories":[1],"tags":[],"class_list":["post-241","post","type-post","status-publish","format-standard","has-post-thumbnail","hentry","category-energies","masonry-post","generate-columns","tablet-grid-50","mobile-grid-100","grid-parent","grid-33"],"yoast_head":"<!-- This site is optimized with the Yoast SEO plugin v26.6 - https:\/\/yoast.com\/wordpress\/plugins\/seo\/ -->\n<title>Panneaux solaires verticaux : l\u2019astuce pour mieux r\u00e9partir la production sur la journ\u00e9e - ECOinfos<\/title>\n<meta name=\"description\" content=\"D\u00e9couvrez le fonctionnement des panneaux solaires verticaux bifaciaux. Une innovation en agrivolta\u00efsme qui d\u00e9cale la production d&#039;\u00e9nergie vers le matin et le soir, encadr\u00e9e par l&#039;arr\u00eat\u00e9 du 5 juillet 2024.\" \/>\n<meta name=\"robots\" content=\"index, follow, max-snippet:-1, max-image-preview:large, max-video-preview:-1\" \/>\n<link rel=\"canonical\" href=\"https:\/\/www.les-energies-renouvelables.eu\/article\/actualites\/energies\/panneaux-solaires-verticaux-lastuce-pour-mieux-repartir-la-production-sur-la-journee-241\/\" \/>\n<meta property=\"og:locale\" content=\"fr_FR\" \/>\n<meta property=\"og:type\" content=\"article\" \/>\n<meta property=\"og:title\" content=\"Panneaux solaires verticaux : l\u2019astuce pour mieux r\u00e9partir la production sur la journ\u00e9e - ECOinfos\" \/>\n<meta property=\"og:description\" content=\"D\u00e9couvrez le fonctionnement des panneaux solaires verticaux bifaciaux. Une innovation en agrivolta\u00efsme qui d\u00e9cale la production d&#039;\u00e9nergie vers le matin et le soir, encadr\u00e9e par l&#039;arr\u00eat\u00e9 du 5 juillet 2024.\" \/>\n<meta property=\"og:url\" content=\"https:\/\/www.les-energies-renouvelables.eu\/article\/actualites\/energies\/panneaux-solaires-verticaux-lastuce-pour-mieux-repartir-la-production-sur-la-journee-241\/\" \/>\n<meta property=\"og:site_name\" content=\"ECOinfos Energies renouvelables\" \/>\n<meta property=\"article:publisher\" content=\"https:\/\/www.facebook.com\/ecoannuaire.energierenouvelable\/\" \/>\n<meta property=\"article:author\" content=\"https:\/\/www.facebook.com\/tictacf2c\/\" \/>\n<meta property=\"article:published_time\" content=\"2026-01-13T07:00:00+00:00\" \/>\n<meta property=\"og:image\" content=\"https:\/\/www.les-energies-renouvelables.eu\/article\/actualites\/wp-content\/uploads\/2026\/01\/actualites-brouillon-auto-panneaux-solaires-verticaux-agrivoltaisme.jpg\" \/>\n\t<meta property=\"og:image:width\" content=\"1200\" \/>\n\t<meta property=\"og:image:height\" content=\"675\" \/>\n\t<meta property=\"og:image:type\" content=\"image\/jpeg\" \/>\n<meta name=\"author\" content=\"Alexia JACQUARD\" \/>\n<meta name=\"twitter:card\" content=\"summary_large_image\" \/>\n<meta name=\"twitter:creator\" content=\"@alexiajcrd\" \/>\n<meta name=\"twitter:site\" content=\"@ECOinfosENR\" \/>\n<meta name=\"twitter:label1\" content=\"\u00c9crit par\" \/>\n\t<meta name=\"twitter:data1\" content=\"Alexia JACQUARD\" \/>\n\t<meta name=\"twitter:label2\" content=\"Dur\u00e9e de lecture estim\u00e9e\" \/>\n\t<meta name=\"twitter:data2\" content=\"5 minutes\" \/>\n<script type=\"application\/ld+json\" class=\"yoast-schema-graph\">{\"@context\":\"https:\/\/schema.org\",\"@graph\":[{\"@type\":\"Article\",\"@id\":\"https:\/\/www.les-energies-renouvelables.eu\/article\/actualites\/energies\/panneaux-solaires-verticaux-lastuce-pour-mieux-repartir-la-production-sur-la-journee-241\/#article\",\"isPartOf\":{\"@id\":\"https:\/\/www.les-energies-renouvelables.eu\/article\/actualites\/energies\/panneaux-solaires-verticaux-lastuce-pour-mieux-repartir-la-production-sur-la-journee-241\/\"},\"author\":{\"name\":\"Alexia JACQUARD\",\"@id\":\"https:\/\/www.les-energies-renouvelables.eu\/article\/actualites\/#\/schema\/person\/2c7d09eb5ca339c12ca8d86145440169\"},\"headline\":\"Panneaux solaires verticaux : l\u2019astuce pour mieux r\u00e9partir la production sur la journ\u00e9e\",\"datePublished\":\"2026-01-13T07:00:00+00:00\",\"mainEntityOfPage\":{\"@id\":\"https:\/\/www.les-energies-renouvelables.eu\/article\/actualites\/energies\/panneaux-solaires-verticaux-lastuce-pour-mieux-repartir-la-production-sur-la-journee-241\/\"},\"wordCount\":953,\"publisher\":{\"@id\":\"https:\/\/www.les-energies-renouvelables.eu\/article\/actualites\/#organization\"},\"image\":{\"@id\":\"https:\/\/www.les-energies-renouvelables.eu\/article\/actualites\/energies\/panneaux-solaires-verticaux-lastuce-pour-mieux-repartir-la-production-sur-la-journee-241\/#primaryimage\"},\"thumbnailUrl\":\"https:\/\/www.les-energies-renouvelables.eu\/article\/actualites\/wp-content\/uploads\/2026\/01\/actualites-brouillon-auto-panneaux-solaires-verticaux-agrivoltaisme.jpg\",\"articleSection\":[\"\u00c9nergies\"],\"inLanguage\":\"fr-FR\"},{\"@type\":\"WebPage\",\"@id\":\"https:\/\/www.les-energies-renouvelables.eu\/article\/actualites\/energies\/panneaux-solaires-verticaux-lastuce-pour-mieux-repartir-la-production-sur-la-journee-241\/\",\"url\":\"https:\/\/www.les-energies-renouvelables.eu\/article\/actualites\/energies\/panneaux-solaires-verticaux-lastuce-pour-mieux-repartir-la-production-sur-la-journee-241\/\",\"name\":\"Panneaux solaires verticaux : l\u2019astuce pour mieux r\u00e9partir la production sur la journ\u00e9e - ECOinfos\",\"isPartOf\":{\"@id\":\"https:\/\/www.les-energies-renouvelables.eu\/article\/actualites\/#website\"},\"primaryImageOfPage\":{\"@id\":\"https:\/\/www.les-energies-renouvelables.eu\/article\/actualites\/energies\/panneaux-solaires-verticaux-lastuce-pour-mieux-repartir-la-production-sur-la-journee-241\/#primaryimage\"},\"image\":{\"@id\":\"https:\/\/www.les-energies-renouvelables.eu\/article\/actualites\/energies\/panneaux-solaires-verticaux-lastuce-pour-mieux-repartir-la-production-sur-la-journee-241\/#primaryimage\"},\"thumbnailUrl\":\"https:\/\/www.les-energies-renouvelables.eu\/article\/actualites\/wp-content\/uploads\/2026\/01\/actualites-brouillon-auto-panneaux-solaires-verticaux-agrivoltaisme.jpg\",\"datePublished\":\"2026-01-13T07:00:00+00:00\",\"description\":\"D\u00e9couvrez le fonctionnement des panneaux solaires verticaux bifaciaux. Une innovation en agrivolta\u00efsme qui d\u00e9cale la production d'\u00e9nergie vers le matin et le soir, encadr\u00e9e par l'arr\u00eat\u00e9 du 5 juillet 2024.\",\"breadcrumb\":{\"@id\":\"https:\/\/www.les-energies-renouvelables.eu\/article\/actualites\/energies\/panneaux-solaires-verticaux-lastuce-pour-mieux-repartir-la-production-sur-la-journee-241\/#breadcrumb\"},\"inLanguage\":\"fr-FR\",\"potentialAction\":[{\"@type\":\"ReadAction\",\"target\":[\"https:\/\/www.les-energies-renouvelables.eu\/article\/actualites\/energies\/panneaux-solaires-verticaux-lastuce-pour-mieux-repartir-la-production-sur-la-journee-241\/\"]}]},{\"@type\":\"ImageObject\",\"inLanguage\":\"fr-FR\",\"@id\":\"https:\/\/www.les-energies-renouvelables.eu\/article\/actualites\/energies\/panneaux-solaires-verticaux-lastuce-pour-mieux-repartir-la-production-sur-la-journee-241\/#primaryimage\",\"url\":\"https:\/\/www.les-energies-renouvelables.eu\/article\/actualites\/wp-content\/uploads\/2026\/01\/actualites-brouillon-auto-panneaux-solaires-verticaux-agrivoltaisme.jpg\",\"contentUrl\":\"https:\/\/www.les-energies-renouvelables.eu\/article\/actualites\/wp-content\/uploads\/2026\/01\/actualites-brouillon-auto-panneaux-solaires-verticaux-agrivoltaisme.jpg\",\"width\":1200,\"height\":675,\"caption\":\"Dall-E\"},{\"@type\":\"BreadcrumbList\",\"@id\":\"https:\/\/www.les-energies-renouvelables.eu\/article\/actualites\/energies\/panneaux-solaires-verticaux-lastuce-pour-mieux-repartir-la-production-sur-la-journee-241\/#breadcrumb\",\"itemListElement\":[{\"@type\":\"ListItem\",\"position\":1,\"name\":\"Accueil\",\"item\":\"https:\/\/www.les-energies-renouvelables.eu\/article\/actualites\/\"},{\"@type\":\"ListItem\",\"position\":2,\"name\":\"Panneaux solaires verticaux : l\u2019astuce pour mieux r\u00e9partir la production sur la journ\u00e9e\"}]},{\"@type\":\"WebSite\",\"@id\":\"https:\/\/www.les-energies-renouvelables.eu\/article\/actualites\/#website\",\"url\":\"https:\/\/www.les-energies-renouvelables.eu\/article\/actualites\/\",\"name\":\"ECOinfos Energies renouvelables\",\"description\":\"Le d\u00e9cryptage quotidien du secteur des \u00e9nergies renouvelables\",\"publisher\":{\"@id\":\"https:\/\/www.les-energies-renouvelables.eu\/article\/actualites\/#organization\"},\"potentialAction\":[{\"@type\":\"SearchAction\",\"target\":{\"@type\":\"EntryPoint\",\"urlTemplate\":\"https:\/\/www.les-energies-renouvelables.eu\/article\/actualites\/?s={search_term_string}\"},\"query-input\":{\"@type\":\"PropertyValueSpecification\",\"valueRequired\":true,\"valueName\":\"search_term_string\"}}],\"inLanguage\":\"fr-FR\"},{\"@type\":\"Organization\",\"@id\":\"https:\/\/www.les-energies-renouvelables.eu\/article\/actualites\/#organization\",\"name\":\"ECOinfos Energies renouvelables\",\"url\":\"https:\/\/www.les-energies-renouvelables.eu\/article\/actualites\/\",\"logo\":{\"@type\":\"ImageObject\",\"inLanguage\":\"fr-FR\",\"@id\":\"https:\/\/www.les-energies-renouvelables.eu\/article\/actualites\/#\/schema\/logo\/image\/\",\"url\":\"https:\/\/www.les-energies-renouvelables.eu\/article\/actualites\/wp-content\/uploads\/2025\/11\/ecoinfos.eldorado-consulting.com-logo-logo.svg\",\"contentUrl\":\"https:\/\/www.les-energies-renouvelables.eu\/article\/actualites\/wp-content\/uploads\/2025\/11\/ecoinfos.eldorado-consulting.com-logo-logo.svg\",\"caption\":\"ECOinfos Energies renouvelables\"},\"image\":{\"@id\":\"https:\/\/www.les-energies-renouvelables.eu\/article\/actualites\/#\/schema\/logo\/image\/\"},\"sameAs\":[\"https:\/\/www.facebook.com\/ecoannuaire.energierenouvelable\/\",\"https:\/\/x.com\/ECOinfosENR\",\"https:\/\/www.linkedin.com\/company\/ecoinfos-energies-renouvelables\/\",\"https:\/\/www.youtube.com\/@ecoinfosenergies\",\"https:\/\/share.google\/dyKHJPxAV42WhhjbM\"]},{\"@type\":\"Person\",\"@id\":\"https:\/\/www.les-energies-renouvelables.eu\/article\/actualites\/#\/schema\/person\/2c7d09eb5ca339c12ca8d86145440169\",\"name\":\"Alexia JACQUARD\",\"pronouns\":\"elle\/elle\",\"image\":{\"@type\":\"ImageObject\",\"inLanguage\":\"fr-FR\",\"@id\":\"https:\/\/www.les-energies-renouvelables.eu\/article\/actualites\/#\/schema\/person\/image\/\",\"url\":\"https:\/\/www.les-energies-renouvelables.eu\/article\/actualites\/wp-content\/uploads\/2026\/01\/actualites-alexia-jacquard-alexia-jacquard-160x160.jpg\",\"contentUrl\":\"https:\/\/www.les-energies-renouvelables.eu\/article\/actualites\/wp-content\/uploads\/2026\/01\/actualites-alexia-jacquard-alexia-jacquard-160x160.jpg\",\"caption\":\"Alexia JACQUARD\"},\"description\":\"Curieuse de nature et attentif aux enjeux du d\u00e9veloppement durable, Alexia Jacquard suit l'actualit\u00e9 des \u00e9nergies renouvelables pour partager les derni\u00e8res nouveaut\u00e9s du secteur. Elle s'attache \u00e0 retranscrire simplement les informations cl\u00e9s et les initiatives positives qui marquent la transition \u00e9nerg\u00e9tique. Son objectif : proposer des articles d'actualit\u00e9 clairs et accessibles pour tous ceux qui s'int\u00e9ressent \u00e0 l'avenir de notre \u00e9nergie.\",\"sameAs\":[\"https:\/\/alexia-jacquard.fr\",\"https:\/\/www.facebook.com\/tictacf2c\/\",\"https:\/\/www.instagram.com\/alexia_redac\/\",\"https:\/\/www.linkedin.com\/in\/alexia-jacquard-449a4b289\/\",\"https:\/\/fr.pinterest.com\/alexiajacquard\/\",\"https:\/\/x.com\/alexiajcrd\",\"https:\/\/www.youtube.com\/@Thepaindemie\",\"https:\/\/muckrack.com\/alexia-jacquard\"],\"url\":\"https:\/\/www.les-energies-renouvelables.eu\/article\/actualites\/author\/alexia-jacquard\/\"}]}<\/script>\n<!-- \/ Yoast SEO plugin. -->","yoast_head_json":{"title":"Panneaux solaires verticaux : l\u2019astuce pour mieux r\u00e9partir la production sur la journ\u00e9e - ECOinfos","description":"D\u00e9couvrez le fonctionnement des panneaux solaires verticaux bifaciaux. Une innovation en agrivolta\u00efsme qui d\u00e9cale la production d'\u00e9nergie vers le matin et le soir, encadr\u00e9e par l'arr\u00eat\u00e9 du 5 juillet 2024.","robots":{"index":"index","follow":"follow","max-snippet":"max-snippet:-1","max-image-preview":"max-image-preview:large","max-video-preview":"max-video-preview:-1"},"canonical":"https:\/\/www.les-energies-renouvelables.eu\/article\/actualites\/energies\/panneaux-solaires-verticaux-lastuce-pour-mieux-repartir-la-production-sur-la-journee-241\/","og_locale":"fr_FR","og_type":"article","og_title":"Panneaux solaires verticaux : l\u2019astuce pour mieux r\u00e9partir la production sur la journ\u00e9e - ECOinfos","og_description":"D\u00e9couvrez le fonctionnement des panneaux solaires verticaux bifaciaux. Une innovation en agrivolta\u00efsme qui d\u00e9cale la production d'\u00e9nergie vers le matin et le soir, encadr\u00e9e par l'arr\u00eat\u00e9 du 5 juillet 2024.","og_url":"https:\/\/www.les-energies-renouvelables.eu\/article\/actualites\/energies\/panneaux-solaires-verticaux-lastuce-pour-mieux-repartir-la-production-sur-la-journee-241\/","og_site_name":"ECOinfos Energies renouvelables","article_publisher":"https:\/\/www.facebook.com\/ecoannuaire.energierenouvelable\/","article_author":"https:\/\/www.facebook.com\/tictacf2c\/","article_published_time":"2026-01-13T07:00:00+00:00","og_image":[{"width":1200,"height":675,"url":"https:\/\/www.les-energies-renouvelables.eu\/article\/actualites\/wp-content\/uploads\/2026\/01\/actualites-brouillon-auto-panneaux-solaires-verticaux-agrivoltaisme.jpg","type":"image\/jpeg"}],"author":"Alexia JACQUARD","twitter_card":"summary_large_image","twitter_creator":"@alexiajcrd","twitter_site":"@ECOinfosENR","twitter_misc":{"\u00c9crit par":"Alexia JACQUARD","Dur\u00e9e de lecture estim\u00e9e":"5 minutes"},"schema":{"@context":"https:\/\/schema.org","@graph":[{"@type":"Article","@id":"https:\/\/www.les-energies-renouvelables.eu\/article\/actualites\/energies\/panneaux-solaires-verticaux-lastuce-pour-mieux-repartir-la-production-sur-la-journee-241\/#article","isPartOf":{"@id":"https:\/\/www.les-energies-renouvelables.eu\/article\/actualites\/energies\/panneaux-solaires-verticaux-lastuce-pour-mieux-repartir-la-production-sur-la-journee-241\/"},"author":{"name":"Alexia JACQUARD","@id":"https:\/\/www.les-energies-renouvelables.eu\/article\/actualites\/#\/schema\/person\/2c7d09eb5ca339c12ca8d86145440169"},"headline":"Panneaux solaires verticaux : l\u2019astuce pour mieux r\u00e9partir la production sur la journ\u00e9e","datePublished":"2026-01-13T07:00:00+00:00","mainEntityOfPage":{"@id":"https:\/\/www.les-energies-renouvelables.eu\/article\/actualites\/energies\/panneaux-solaires-verticaux-lastuce-pour-mieux-repartir-la-production-sur-la-journee-241\/"},"wordCount":953,"publisher":{"@id":"https:\/\/www.les-energies-renouvelables.eu\/article\/actualites\/#organization"},"image":{"@id":"https:\/\/www.les-energies-renouvelables.eu\/article\/actualites\/energies\/panneaux-solaires-verticaux-lastuce-pour-mieux-repartir-la-production-sur-la-journee-241\/#primaryimage"},"thumbnailUrl":"https:\/\/www.les-energies-renouvelables.eu\/article\/actualites\/wp-content\/uploads\/2026\/01\/actualites-brouillon-auto-panneaux-solaires-verticaux-agrivoltaisme.jpg","articleSection":["\u00c9nergies"],"inLanguage":"fr-FR"},{"@type":"WebPage","@id":"https:\/\/www.les-energies-renouvelables.eu\/article\/actualites\/energies\/panneaux-solaires-verticaux-lastuce-pour-mieux-repartir-la-production-sur-la-journee-241\/","url":"https:\/\/www.les-energies-renouvelables.eu\/article\/actualites\/energies\/panneaux-solaires-verticaux-lastuce-pour-mieux-repartir-la-production-sur-la-journee-241\/","name":"Panneaux solaires verticaux : l\u2019astuce pour mieux r\u00e9partir la production sur la journ\u00e9e - ECOinfos","isPartOf":{"@id":"https:\/\/www.les-energies-renouvelables.eu\/article\/actualites\/#website"},"primaryImageOfPage":{"@id":"https:\/\/www.les-energies-renouvelables.eu\/article\/actualites\/energies\/panneaux-solaires-verticaux-lastuce-pour-mieux-repartir-la-production-sur-la-journee-241\/#primaryimage"},"image":{"@id":"https:\/\/www.les-energies-renouvelables.eu\/article\/actualites\/energies\/panneaux-solaires-verticaux-lastuce-pour-mieux-repartir-la-production-sur-la-journee-241\/#primaryimage"},"thumbnailUrl":"https:\/\/www.les-energies-renouvelables.eu\/article\/actualites\/wp-content\/uploads\/2026\/01\/actualites-brouillon-auto-panneaux-solaires-verticaux-agrivoltaisme.jpg","datePublished":"2026-01-13T07:00:00+00:00","description":"D\u00e9couvrez le fonctionnement des panneaux solaires verticaux bifaciaux. Une innovation en agrivolta\u00efsme qui d\u00e9cale la production d'\u00e9nergie vers le matin et le soir, encadr\u00e9e par l'arr\u00eat\u00e9 du 5 juillet 2024.","breadcrumb":{"@id":"https:\/\/www.les-energies-renouvelables.eu\/article\/actualites\/energies\/panneaux-solaires-verticaux-lastuce-pour-mieux-repartir-la-production-sur-la-journee-241\/#breadcrumb"},"inLanguage":"fr-FR","potentialAction":[{"@type":"ReadAction","target":["https:\/\/www.les-energies-renouvelables.eu\/article\/actualites\/energies\/panneaux-solaires-verticaux-lastuce-pour-mieux-repartir-la-production-sur-la-journee-241\/"]}]},{"@type":"ImageObject","inLanguage":"fr-FR","@id":"https:\/\/www.les-energies-renouvelables.eu\/article\/actualites\/energies\/panneaux-solaires-verticaux-lastuce-pour-mieux-repartir-la-production-sur-la-journee-241\/#primaryimage","url":"https:\/\/www.les-energies-renouvelables.eu\/article\/actualites\/wp-content\/uploads\/2026\/01\/actualites-brouillon-auto-panneaux-solaires-verticaux-agrivoltaisme.jpg","contentUrl":"https:\/\/www.les-energies-renouvelables.eu\/article\/actualites\/wp-content\/uploads\/2026\/01\/actualites-brouillon-auto-panneaux-solaires-verticaux-agrivoltaisme.jpg","width":1200,"height":675,"caption":"Dall-E"},{"@type":"BreadcrumbList","@id":"https:\/\/www.les-energies-renouvelables.eu\/article\/actualites\/energies\/panneaux-solaires-verticaux-lastuce-pour-mieux-repartir-la-production-sur-la-journee-241\/#breadcrumb","itemListElement":[{"@type":"ListItem","position":1,"name":"Accueil","item":"https:\/\/www.les-energies-renouvelables.eu\/article\/actualites\/"},{"@type":"ListItem","position":2,"name":"Panneaux solaires verticaux : l\u2019astuce pour mieux r\u00e9partir la production sur la journ\u00e9e"}]},{"@type":"WebSite","@id":"https:\/\/www.les-energies-renouvelables.eu\/article\/actualites\/#website","url":"https:\/\/www.les-energies-renouvelables.eu\/article\/actualites\/","name":"ECOinfos Energies renouvelables","description":"Le d\u00e9cryptage quotidien du secteur des \u00e9nergies renouvelables","publisher":{"@id":"https:\/\/www.les-energies-renouvelables.eu\/article\/actualites\/#organization"},"potentialAction":[{"@type":"SearchAction","target":{"@type":"EntryPoint","urlTemplate":"https:\/\/www.les-energies-renouvelables.eu\/article\/actualites\/?s={search_term_string}"},"query-input":{"@type":"PropertyValueSpecification","valueRequired":true,"valueName":"search_term_string"}}],"inLanguage":"fr-FR"},{"@type":"Organization","@id":"https:\/\/www.les-energies-renouvelables.eu\/article\/actualites\/#organization","name":"ECOinfos Energies renouvelables","url":"https:\/\/www.les-energies-renouvelables.eu\/article\/actualites\/","logo":{"@type":"ImageObject","inLanguage":"fr-FR","@id":"https:\/\/www.les-energies-renouvelables.eu\/article\/actualites\/#\/schema\/logo\/image\/","url":"https:\/\/www.les-energies-renouvelables.eu\/article\/actualites\/wp-content\/uploads\/2025\/11\/ecoinfos.eldorado-consulting.com-logo-logo.svg","contentUrl":"https:\/\/www.les-energies-renouvelables.eu\/article\/actualites\/wp-content\/uploads\/2025\/11\/ecoinfos.eldorado-consulting.com-logo-logo.svg","caption":"ECOinfos Energies renouvelables"},"image":{"@id":"https:\/\/www.les-energies-renouvelables.eu\/article\/actualites\/#\/schema\/logo\/image\/"},"sameAs":["https:\/\/www.facebook.com\/ecoannuaire.energierenouvelable\/","https:\/\/x.com\/ECOinfosENR","https:\/\/www.linkedin.com\/company\/ecoinfos-energies-renouvelables\/","https:\/\/www.youtube.com\/@ecoinfosenergies","https:\/\/share.google\/dyKHJPxAV42WhhjbM"]},{"@type":"Person","@id":"https:\/\/www.les-energies-renouvelables.eu\/article\/actualites\/#\/schema\/person\/2c7d09eb5ca339c12ca8d86145440169","name":"Alexia JACQUARD","pronouns":"elle\/elle","image":{"@type":"ImageObject","inLanguage":"fr-FR","@id":"https:\/\/www.les-energies-renouvelables.eu\/article\/actualites\/#\/schema\/person\/image\/","url":"https:\/\/www.les-energies-renouvelables.eu\/article\/actualites\/wp-content\/uploads\/2026\/01\/actualites-alexia-jacquard-alexia-jacquard-160x160.jpg","contentUrl":"https:\/\/www.les-energies-renouvelables.eu\/article\/actualites\/wp-content\/uploads\/2026\/01\/actualites-alexia-jacquard-alexia-jacquard-160x160.jpg","caption":"Alexia JACQUARD"},"description":"Curieuse de nature et attentif aux enjeux du d\u00e9veloppement durable, Alexia Jacquard suit l'actualit\u00e9 des \u00e9nergies renouvelables pour partager les derni\u00e8res nouveaut\u00e9s du secteur. Elle s'attache \u00e0 retranscrire simplement les informations cl\u00e9s et les initiatives positives qui marquent la transition \u00e9nerg\u00e9tique. Son objectif : proposer des articles d'actualit\u00e9 clairs et accessibles pour tous ceux qui s'int\u00e9ressent \u00e0 l'avenir de notre \u00e9nergie.","sameAs":["https:\/\/alexia-jacquard.fr","https:\/\/www.facebook.com\/tictacf2c\/","https:\/\/www.instagram.com\/alexia_redac\/","https:\/\/www.linkedin.com\/in\/alexia-jacquard-449a4b289\/","https:\/\/fr.pinterest.com\/alexiajacquard\/","https:\/\/x.com\/alexiajcrd","https:\/\/www.youtube.com\/@Thepaindemie","https:\/\/muckrack.com\/alexia-jacquard"],"url":"https:\/\/www.les-energies-renouvelables.eu\/article\/actualites\/author\/alexia-jacquard\/"}]}},"_links":{"self":[{"href":"https:\/\/www.les-energies-renouvelables.eu\/article\/actualites\/wp-json\/wp\/v2\/posts\/241","targetHints":{"allow":["GET"]}}],"collection":[{"href":"https:\/\/www.les-energies-renouvelables.eu\/article\/actualites\/wp-json\/wp\/v2\/posts"}],"about":[{"href":"https:\/\/www.les-energies-renouvelables.eu\/article\/actualites\/wp-json\/wp\/v2\/types\/post"}],"author":[{"embeddable":true,"href":"https:\/\/www.les-energies-renouvelables.eu\/article\/actualites\/wp-json\/wp\/v2\/users\/2"}],"replies":[{"embeddable":true,"href":"https:\/\/www.les-energies-renouvelables.eu\/article\/actualites\/wp-json\/wp\/v2\/comments?post=241"}],"version-history":[{"count":1,"href":"https:\/\/www.les-energies-renouvelables.eu\/article\/actualites\/wp-json\/wp\/v2\/posts\/241\/revisions"}],"predecessor-version":[{"id":242,"href":"https:\/\/www.les-energies-renouvelables.eu\/article\/actualites\/wp-json\/wp\/v2\/posts\/241\/revisions\/242"}],"wp:featuredmedia":[{"embeddable":true,"href":"https:\/\/www.les-energies-renouvelables.eu\/article\/actualites\/wp-json\/wp\/v2\/media\/239"}],"wp:attachment":[{"href":"https:\/\/www.les-energies-renouvelables.eu\/article\/actualites\/wp-json\/wp\/v2\/media?parent=241"}],"wp:term":[{"taxonomy":"category","embeddable":true,"href":"https:\/\/www.les-energies-renouvelables.eu\/article\/actualites\/wp-json\/wp\/v2\/categories?post=241"},{"taxonomy":"post_tag","embeddable":true,"href":"https:\/\/www.les-energies-renouvelables.eu\/article\/actualites\/wp-json\/wp\/v2\/tags?post=241"}],"curies":[{"name":"wp","href":"https:\/\/api.w.org\/{rel}","templated":true}]}}