{"id":235,"date":"2026-01-12T08:30:00","date_gmt":"2026-01-12T07:30:00","guid":{"rendered":"https:\/\/www.les-energies-renouvelables.eu\/article\/actualites\/?p=235"},"modified":"2026-01-11T21:59:07","modified_gmt":"2026-01-11T20:59:07","slug":"des-molecules-batteries-pour-garder-la-chaleur-du-soleil-une-etude-explore-la-piste","status":"publish","type":"post","link":"https:\/\/www.les-energies-renouvelables.eu\/article\/actualites\/energies\/des-molecules-batteries-pour-garder-la-chaleur-du-soleil-une-etude-explore-la-piste-235\/","title":{"rendered":"Des \u201cmol\u00e9cules-batteries\u201d pour garder la chaleur du soleil : une \u00e9tude explore la piste"},"content":{"rendered":"\n<p>R\u00e9sum\u00e9 :&nbsp;<\/p>\n\n\n\n<ul class=\"wp-block-list\">\n<li><strong>Le principe :<\/strong> Un <strong>stockage sous forme chimique<\/strong> via des mol\u00e9cules \u00ab\u00a0interrupteurs\u00a0\u00bb plut\u00f4t qu&rsquo;un stockage thermique passif.<\/li>\n\n\n\n<li><strong>L&rsquo;innovation :<\/strong> Le contr\u00f4le de la lib\u00e9ration de chaleur par un <strong>catalyseur acide<\/strong>, rendant la r\u00e9action r\u00e9versible et pilotable.<\/li>\n\n\n\n<li><strong>La prudence :<\/strong> Plusieurs param\u00e8tres cl\u00e9s \u2014 rendement, temp\u00e9rature de sortie, dur\u00e9e de stockage et co\u00fbts \u2014 ne sont pas pr\u00e9cis\u00e9s dans les sources disponibles.<\/li>\n<\/ul>\n\n\n\n<h2 class=\"wp-block-heading\">Un changement de structure mol\u00e9culaire pour pi\u00e9ger la lumi\u00e8re<\/h2>\n\n\n\n<p>L&rsquo;int\u00e9gration des \u00e9nergies renouvelables fluctuantes dans le mix \u00e9nerg\u00e9tique d\u00e9pend \u00e9troitement des capacit\u00e9s de stockage. Face \u00e0 ce d\u00e9fi, une \u00e9quipe impliquant l&rsquo;<strong>ENS Paris-Saclay<\/strong>, le <strong>CNRS<\/strong>, l&rsquo;Universit\u00e9 Paris-Saclay et l&rsquo;Universit\u00e9 de Perpignan \u00e9tudie une voie sp\u00e9cifique : l&rsquo;utilisation de <strong>mol\u00e9cules photochromes<\/strong>.<\/p>\n\n\n\n<p>Pour vulgariser ce m\u00e9canisme complexe, on peut comparer ces mol\u00e9cules \u00e0 des interrupteurs microscopiques. Sous l&rsquo;exposition de la lumi\u00e8re, elles changent de configuration, ce qui permet d&#8217;emprisonner l&rsquo;<strong>\u00e9nergie solaire<\/strong> sous une forme chimique. Selon le communiqu\u00e9 de l&rsquo;ENS Paris-Saclay, ces \u00ab\u00a0<strong>commutateurs photosensibles<\/strong>\u00a0\u00bb stockent l&rsquo;\u00e9nergie jusqu&rsquo;au d\u00e9clenchement de la r\u00e9action inverse. Les sources ne pr\u00e9cisent toutefois pas la dur\u00e9e maximale de ce stockage ni les pertes \u00e9ventuelles d&rsquo;\u00e9nergie durant cette phase (\u00ab non pr\u00e9cis\u00e9 dans la source \u00bb).<\/p>\n\n\n\n<h2 class=\"wp-block-heading\">Un d\u00e9clencheur acide pour une restitution pilot\u00e9e<\/h2>\n\n\n\n<p>L&rsquo;apport majeur de l&rsquo;\u00e9tude parue le 25 septembre 2024 dans la revue <strong><em>Chemical Science<\/em><\/strong> concerne la ma\u00eetrise de la restitution de cette \u00e9nergie. Selon les auteurs de la publication (parmi lesquels figurent notamment R\u00e9mi M\u00e9tivier et Keitaro Nakatani), le contr\u00f4le pr\u00e9cis du moment o\u00f9 la <strong>chaleur est lib\u00e9r\u00e9e<\/strong> constituait, selon les chercheurs, un point de recherche complexe.<\/p>\n\n\n\n<p>Les scientifiques d\u00e9crivent un m\u00e9canisme o\u00f9 l&rsquo;ajout d&rsquo;une tr\u00e8s faible quantit\u00e9 d&rsquo;<strong>acide<\/strong> sert de catalyseur. Selon l&rsquo;\u00e9tude, ce proc\u00e9d\u00e9 permettrait de transformer l&rsquo;\u00e9nergie stock\u00e9e en <strong>\u00e9nergie thermique<\/strong> \u00ab \u00e0 la demande \u00bb. Ce caract\u00e8re r\u00e9versible est pr\u00e9sent\u00e9 par le CNRS comme un moyen de choisir le moment de la lib\u00e9ration de chaleur, offrant ainsi une piste qui pourrait contribuer \u00e0 la <strong>flexibilit\u00e9 des syst\u00e8mes \u00e9nerg\u00e9tiques solaires<\/strong>.<\/p>\n\n\n\n<h2 class=\"wp-block-heading\">Durabilit\u00e9 et inconnues : les donn\u00e9es du laboratoire<\/h2>\n\n\n\n<p>La viabilit\u00e9 de ce type de stockage d\u00e9pend de la r\u00e9p\u00e9tition des cycles. D&rsquo;apr\u00e8s les informations communiqu\u00e9es par l&rsquo;ENS Paris-Saclay, ces mol\u00e9cules pr\u00e9sentent une <strong>r\u00e9sistance \u00e0 la lumi\u00e8re<\/strong> et sont r\u00e9utilisables sur plusieurs cycles de stockage et de conversion. Cependant, le nombre exact de cycles r\u00e9alisables n\u2019est pas pr\u00e9cis\u00e9 dans les documents consult\u00e9s.<\/p>\n\n\n\n<p>En l&rsquo;\u00e9tat actuel des travaux, plusieurs indicateurs n\u00e9cessaires \u00e0 une \u00e9valuation industrielle restent \u00e0 d\u00e9finir :<\/p>\n\n\n\n<ul class=\"wp-block-list\">\n<li>Le <strong>rendement \u00e9nerg\u00e9tique<\/strong> global (rapport entre lumi\u00e8re capt\u00e9e et chaleur restitu\u00e9e).<\/li>\n\n\n\n<li>La <strong>temp\u00e9rature de la chaleur<\/strong> lib\u00e9r\u00e9e lors de la r\u00e9action.<\/li>\n\n\n\n<li>La stabilit\u00e9 \u00e0 long terme et la s\u00e9curit\u00e9 li\u00e9e \u00e0 l&rsquo;utilisation du catalyseur acide \u00e0 grande \u00e9chelle.<\/li>\n\n\n\n<li>La <strong>viabilit\u00e9 \u00e9conomique<\/strong> et les co\u00fbts de production de ces mol\u00e9cules sp\u00e9cifiques.<\/li>\n<\/ul>\n\n\n\n<h2 class=\"wp-block-heading\">Quelles perspectives pour la fili\u00e8re solaire ?<\/h2>\n\n\n\n<p>Pour les acteurs de la transition \u00e9nerg\u00e9tique, cette innovation repr\u00e9sente une piste d&rsquo;\u00e9tude pour pallier l&rsquo;<strong>intermittence du rayonnement solaire<\/strong>. En stockant l&rsquo;\u00e9nergie sous forme chimique, les chercheurs explorent la possibilit\u00e9 de limiter certaines d\u00e9perditions observ\u00e9es dans les syst\u00e8mes thermiques classiques, bien que ces performances ne soient pas encore \u00e9tablies (\u00ab non pr\u00e9cis\u00e9 dans la source \u00bb).<\/p>\n\n\n\n<p>Selon les institutions impliqu\u00e9es, ces travaux ouvrent des perspectives pour \u00e9laborer des syst\u00e8mes de <strong>stockage contr\u00f4lables<\/strong>. Il est toutefois important de souligner que l&rsquo;\u00e9tude ne mentionne aucun calendrier de d\u00e9veloppement, ni projet de d\u00e9monstrateur industriel. Cette recherche fondamentale constitue une brique scientifique qui pourrait, sous r\u00e9serve de futurs d\u00e9veloppements, contribuer au <strong>stockage de chaleur<\/strong> d\u2019origine solaire.<\/p>\n\n\n\n<ul class=\"wp-block-list\">\n<li><strong>Source :<\/strong> <em>Chemical Science<\/em> \/ Communiqu\u00e9s de presse ENS Paris-Saclay et CNRS. \/ 25 septembre 2024<\/li>\n\n\n\n<li><strong>Laboratoires :<\/strong> PPSM (Photophysique et photochimie \u2013 ENS Paris-Saclay\/CNRS), ICMMO (Orsay), PROMES (Proc\u00e9d\u00e9s, mat\u00e9riaux et \u00e9nergie solaire \u2013 Perpignan).<\/li>\n<\/ul>\n\n\n\n<p><strong>Statut :<\/strong> Recherche fondamentale \/ Preuve de concept.<\/p>\n","protected":false},"excerpt":{"rendered":"","protected":false},"author":2,"featured_media":237,"comment_status":"closed","ping_status":"closed","sticky":false,"template":"","format":"standard","meta":{"footnotes":""},"categories":[1],"tags":[],"class_list":["post-235","post","type-post","status-publish","format-standard","has-post-thumbnail","hentry","category-energies","masonry-post","generate-columns","tablet-grid-50","mobile-grid-100","grid-parent","grid-33"],"yoast_head":"<!-- This site is optimized with the Yoast SEO plugin v26.6 - https:\/\/yoast.com\/wordpress\/plugins\/seo\/ -->\n<title>Des \u201cmol\u00e9cules-batteries\u201d pour garder la chaleur du soleil : une \u00e9tude explore la piste - ECOinfos<\/title>\n<meta name=\"description\" content=\"Des chercheurs du CNRS et de l&#039;ENS Paris-Saclay explorent un m\u00e9canisme de stockage chimique pour restituer la chaleur solaire \u00e0 la demande. Stade labo.\" \/>\n<meta name=\"robots\" content=\"index, follow, max-snippet:-1, max-image-preview:large, max-video-preview:-1\" \/>\n<link rel=\"canonical\" href=\"https:\/\/www.les-energies-renouvelables.eu\/article\/actualites\/energies\/des-molecules-batteries-pour-garder-la-chaleur-du-soleil-une-etude-explore-la-piste-235\/\" \/>\n<meta property=\"og:locale\" content=\"fr_FR\" \/>\n<meta property=\"og:type\" content=\"article\" \/>\n<meta property=\"og:title\" content=\"Des \u201cmol\u00e9cules-batteries\u201d pour garder la chaleur du soleil : une \u00e9tude explore la piste - ECOinfos\" \/>\n<meta property=\"og:description\" content=\"Des chercheurs du CNRS et de l&#039;ENS Paris-Saclay explorent un m\u00e9canisme de stockage chimique pour restituer la chaleur solaire \u00e0 la demande. Stade labo.\" \/>\n<meta property=\"og:url\" content=\"https:\/\/www.les-energies-renouvelables.eu\/article\/actualites\/energies\/des-molecules-batteries-pour-garder-la-chaleur-du-soleil-une-etude-explore-la-piste-235\/\" \/>\n<meta property=\"og:site_name\" content=\"ECOinfos Energies renouvelables\" \/>\n<meta property=\"article:publisher\" content=\"https:\/\/www.facebook.com\/ecoannuaire.energierenouvelable\/\" \/>\n<meta property=\"article:author\" content=\"https:\/\/www.facebook.com\/tictacf2c\/\" \/>\n<meta property=\"article:published_time\" content=\"2026-01-12T07:30:00+00:00\" \/>\n<meta property=\"og:image\" content=\"https:\/\/www.les-energies-renouvelables.eu\/article\/actualites\/wp-content\/uploads\/2026\/01\/actualites-des-molecules-batteries-pour-garder-la-chaleur-du-soleil-une-etude-explore-la-piste-stockage-de-lenergie-solaire-thermique-molecules.jpg\" \/>\n\t<meta property=\"og:image:width\" content=\"1200\" \/>\n\t<meta property=\"og:image:height\" content=\"675\" \/>\n\t<meta property=\"og:image:type\" content=\"image\/jpeg\" \/>\n<meta name=\"author\" content=\"Alexia JACQUARD\" \/>\n<meta name=\"twitter:card\" content=\"summary_large_image\" \/>\n<meta name=\"twitter:creator\" content=\"@alexiajcrd\" \/>\n<meta name=\"twitter:site\" content=\"@ECOinfosENR\" \/>\n<meta name=\"twitter:label1\" content=\"\u00c9crit par\" \/>\n\t<meta name=\"twitter:data1\" content=\"Alexia JACQUARD\" \/>\n\t<meta name=\"twitter:label2\" content=\"Dur\u00e9e de lecture estim\u00e9e\" \/>\n\t<meta name=\"twitter:data2\" content=\"4 minutes\" \/>\n<script type=\"application\/ld+json\" class=\"yoast-schema-graph\">{\"@context\":\"https:\/\/schema.org\",\"@graph\":[{\"@type\":\"Article\",\"@id\":\"https:\/\/www.les-energies-renouvelables.eu\/article\/actualites\/energies\/des-molecules-batteries-pour-garder-la-chaleur-du-soleil-une-etude-explore-la-piste-235\/#article\",\"isPartOf\":{\"@id\":\"https:\/\/www.les-energies-renouvelables.eu\/article\/actualites\/energies\/des-molecules-batteries-pour-garder-la-chaleur-du-soleil-une-etude-explore-la-piste-235\/\"},\"author\":{\"name\":\"Alexia JACQUARD\",\"@id\":\"https:\/\/www.les-energies-renouvelables.eu\/article\/actualites\/#\/schema\/person\/2c7d09eb5ca339c12ca8d86145440169\"},\"headline\":\"Des \u201cmol\u00e9cules-batteries\u201d pour garder la chaleur du soleil : une \u00e9tude explore la piste\",\"datePublished\":\"2026-01-12T07:30:00+00:00\",\"mainEntityOfPage\":{\"@id\":\"https:\/\/www.les-energies-renouvelables.eu\/article\/actualites\/energies\/des-molecules-batteries-pour-garder-la-chaleur-du-soleil-une-etude-explore-la-piste-235\/\"},\"wordCount\":717,\"publisher\":{\"@id\":\"https:\/\/www.les-energies-renouvelables.eu\/article\/actualites\/#organization\"},\"image\":{\"@id\":\"https:\/\/www.les-energies-renouvelables.eu\/article\/actualites\/energies\/des-molecules-batteries-pour-garder-la-chaleur-du-soleil-une-etude-explore-la-piste-235\/#primaryimage\"},\"thumbnailUrl\":\"https:\/\/www.les-energies-renouvelables.eu\/article\/actualites\/wp-content\/uploads\/2026\/01\/actualites-des-molecules-batteries-pour-garder-la-chaleur-du-soleil-une-etude-explore-la-piste-stockage-de-lenergie-solaire-thermique-molecules.jpg\",\"articleSection\":[\"\u00c9nergies\"],\"inLanguage\":\"fr-FR\"},{\"@type\":\"WebPage\",\"@id\":\"https:\/\/www.les-energies-renouvelables.eu\/article\/actualites\/energies\/des-molecules-batteries-pour-garder-la-chaleur-du-soleil-une-etude-explore-la-piste-235\/\",\"url\":\"https:\/\/www.les-energies-renouvelables.eu\/article\/actualites\/energies\/des-molecules-batteries-pour-garder-la-chaleur-du-soleil-une-etude-explore-la-piste-235\/\",\"name\":\"Des \u201cmol\u00e9cules-batteries\u201d pour garder la chaleur du soleil : une \u00e9tude explore la piste - ECOinfos\",\"isPartOf\":{\"@id\":\"https:\/\/www.les-energies-renouvelables.eu\/article\/actualites\/#website\"},\"primaryImageOfPage\":{\"@id\":\"https:\/\/www.les-energies-renouvelables.eu\/article\/actualites\/energies\/des-molecules-batteries-pour-garder-la-chaleur-du-soleil-une-etude-explore-la-piste-235\/#primaryimage\"},\"image\":{\"@id\":\"https:\/\/www.les-energies-renouvelables.eu\/article\/actualites\/energies\/des-molecules-batteries-pour-garder-la-chaleur-du-soleil-une-etude-explore-la-piste-235\/#primaryimage\"},\"thumbnailUrl\":\"https:\/\/www.les-energies-renouvelables.eu\/article\/actualites\/wp-content\/uploads\/2026\/01\/actualites-des-molecules-batteries-pour-garder-la-chaleur-du-soleil-une-etude-explore-la-piste-stockage-de-lenergie-solaire-thermique-molecules.jpg\",\"datePublished\":\"2026-01-12T07:30:00+00:00\",\"description\":\"Des chercheurs du CNRS et de l'ENS Paris-Saclay explorent un m\u00e9canisme de stockage chimique pour restituer la chaleur solaire \u00e0 la demande. Stade labo.\",\"breadcrumb\":{\"@id\":\"https:\/\/www.les-energies-renouvelables.eu\/article\/actualites\/energies\/des-molecules-batteries-pour-garder-la-chaleur-du-soleil-une-etude-explore-la-piste-235\/#breadcrumb\"},\"inLanguage\":\"fr-FR\",\"potentialAction\":[{\"@type\":\"ReadAction\",\"target\":[\"https:\/\/www.les-energies-renouvelables.eu\/article\/actualites\/energies\/des-molecules-batteries-pour-garder-la-chaleur-du-soleil-une-etude-explore-la-piste-235\/\"]}]},{\"@type\":\"ImageObject\",\"inLanguage\":\"fr-FR\",\"@id\":\"https:\/\/www.les-energies-renouvelables.eu\/article\/actualites\/energies\/des-molecules-batteries-pour-garder-la-chaleur-du-soleil-une-etude-explore-la-piste-235\/#primaryimage\",\"url\":\"https:\/\/www.les-energies-renouvelables.eu\/article\/actualites\/wp-content\/uploads\/2026\/01\/actualites-des-molecules-batteries-pour-garder-la-chaleur-du-soleil-une-etude-explore-la-piste-stockage-de-lenergie-solaire-thermique-molecules.jpg\",\"contentUrl\":\"https:\/\/www.les-energies-renouvelables.eu\/article\/actualites\/wp-content\/uploads\/2026\/01\/actualites-des-molecules-batteries-pour-garder-la-chaleur-du-soleil-une-etude-explore-la-piste-stockage-de-lenergie-solaire-thermique-molecules.jpg\",\"width\":1200,\"height\":675,\"caption\":\"Ideogram\"},{\"@type\":\"BreadcrumbList\",\"@id\":\"https:\/\/www.les-energies-renouvelables.eu\/article\/actualites\/energies\/des-molecules-batteries-pour-garder-la-chaleur-du-soleil-une-etude-explore-la-piste-235\/#breadcrumb\",\"itemListElement\":[{\"@type\":\"ListItem\",\"position\":1,\"name\":\"Accueil\",\"item\":\"https:\/\/www.les-energies-renouvelables.eu\/article\/actualites\/\"},{\"@type\":\"ListItem\",\"position\":2,\"name\":\"Des \u201cmol\u00e9cules-batteries\u201d pour garder la chaleur du soleil : une \u00e9tude explore la piste\"}]},{\"@type\":\"WebSite\",\"@id\":\"https:\/\/www.les-energies-renouvelables.eu\/article\/actualites\/#website\",\"url\":\"https:\/\/www.les-energies-renouvelables.eu\/article\/actualites\/\",\"name\":\"ECOinfos Energies renouvelables\",\"description\":\"Le d\u00e9cryptage quotidien du secteur des \u00e9nergies renouvelables\",\"publisher\":{\"@id\":\"https:\/\/www.les-energies-renouvelables.eu\/article\/actualites\/#organization\"},\"potentialAction\":[{\"@type\":\"SearchAction\",\"target\":{\"@type\":\"EntryPoint\",\"urlTemplate\":\"https:\/\/www.les-energies-renouvelables.eu\/article\/actualites\/?s={search_term_string}\"},\"query-input\":{\"@type\":\"PropertyValueSpecification\",\"valueRequired\":true,\"valueName\":\"search_term_string\"}}],\"inLanguage\":\"fr-FR\"},{\"@type\":\"Organization\",\"@id\":\"https:\/\/www.les-energies-renouvelables.eu\/article\/actualites\/#organization\",\"name\":\"ECOinfos Energies renouvelables\",\"url\":\"https:\/\/www.les-energies-renouvelables.eu\/article\/actualites\/\",\"logo\":{\"@type\":\"ImageObject\",\"inLanguage\":\"fr-FR\",\"@id\":\"https:\/\/www.les-energies-renouvelables.eu\/article\/actualites\/#\/schema\/logo\/image\/\",\"url\":\"https:\/\/www.les-energies-renouvelables.eu\/article\/actualites\/wp-content\/uploads\/2025\/11\/ecoinfos.eldorado-consulting.com-logo-logo.svg\",\"contentUrl\":\"https:\/\/www.les-energies-renouvelables.eu\/article\/actualites\/wp-content\/uploads\/2025\/11\/ecoinfos.eldorado-consulting.com-logo-logo.svg\",\"caption\":\"ECOinfos Energies renouvelables\"},\"image\":{\"@id\":\"https:\/\/www.les-energies-renouvelables.eu\/article\/actualites\/#\/schema\/logo\/image\/\"},\"sameAs\":[\"https:\/\/www.facebook.com\/ecoannuaire.energierenouvelable\/\",\"https:\/\/x.com\/ECOinfosENR\",\"https:\/\/www.linkedin.com\/company\/ecoinfos-energies-renouvelables\/\",\"https:\/\/www.youtube.com\/@ecoinfosenergies\",\"https:\/\/share.google\/dyKHJPxAV42WhhjbM\"]},{\"@type\":\"Person\",\"@id\":\"https:\/\/www.les-energies-renouvelables.eu\/article\/actualites\/#\/schema\/person\/2c7d09eb5ca339c12ca8d86145440169\",\"name\":\"Alexia JACQUARD\",\"pronouns\":\"elle\/elle\",\"image\":{\"@type\":\"ImageObject\",\"inLanguage\":\"fr-FR\",\"@id\":\"https:\/\/www.les-energies-renouvelables.eu\/article\/actualites\/#\/schema\/person\/image\/\",\"url\":\"https:\/\/www.les-energies-renouvelables.eu\/article\/actualites\/wp-content\/uploads\/2026\/01\/actualites-alexia-jacquard-alexia-jacquard-160x160.jpg\",\"contentUrl\":\"https:\/\/www.les-energies-renouvelables.eu\/article\/actualites\/wp-content\/uploads\/2026\/01\/actualites-alexia-jacquard-alexia-jacquard-160x160.jpg\",\"caption\":\"Alexia JACQUARD\"},\"description\":\"Curieuse de nature et attentif aux enjeux du d\u00e9veloppement durable, Alexia Jacquard suit l'actualit\u00e9 des \u00e9nergies renouvelables pour partager les derni\u00e8res nouveaut\u00e9s du secteur. Elle s'attache \u00e0 retranscrire simplement les informations cl\u00e9s et les initiatives positives qui marquent la transition \u00e9nerg\u00e9tique. Son objectif : proposer des articles d'actualit\u00e9 clairs et accessibles pour tous ceux qui s'int\u00e9ressent \u00e0 l'avenir de notre \u00e9nergie.\",\"sameAs\":[\"https:\/\/alexia-jacquard.fr\",\"https:\/\/www.facebook.com\/tictacf2c\/\",\"https:\/\/www.instagram.com\/alexia_redac\/\",\"https:\/\/www.linkedin.com\/in\/alexia-jacquard-449a4b289\/\",\"https:\/\/fr.pinterest.com\/alexiajacquard\/\",\"https:\/\/x.com\/alexiajcrd\",\"https:\/\/www.youtube.com\/@Thepaindemie\",\"https:\/\/muckrack.com\/alexia-jacquard\"],\"url\":\"https:\/\/www.les-energies-renouvelables.eu\/article\/actualites\/author\/alexia-jacquard\/\"}]}<\/script>\n<!-- \/ Yoast SEO plugin. -->","yoast_head_json":{"title":"Des \u201cmol\u00e9cules-batteries\u201d pour garder la chaleur du soleil : une \u00e9tude explore la piste - ECOinfos","description":"Des chercheurs du CNRS et de l'ENS Paris-Saclay explorent un m\u00e9canisme de stockage chimique pour restituer la chaleur solaire \u00e0 la demande. Stade labo.","robots":{"index":"index","follow":"follow","max-snippet":"max-snippet:-1","max-image-preview":"max-image-preview:large","max-video-preview":"max-video-preview:-1"},"canonical":"https:\/\/www.les-energies-renouvelables.eu\/article\/actualites\/energies\/des-molecules-batteries-pour-garder-la-chaleur-du-soleil-une-etude-explore-la-piste-235\/","og_locale":"fr_FR","og_type":"article","og_title":"Des \u201cmol\u00e9cules-batteries\u201d pour garder la chaleur du soleil : une \u00e9tude explore la piste - ECOinfos","og_description":"Des chercheurs du CNRS et de l'ENS Paris-Saclay explorent un m\u00e9canisme de stockage chimique pour restituer la chaleur solaire \u00e0 la demande. Stade labo.","og_url":"https:\/\/www.les-energies-renouvelables.eu\/article\/actualites\/energies\/des-molecules-batteries-pour-garder-la-chaleur-du-soleil-une-etude-explore-la-piste-235\/","og_site_name":"ECOinfos Energies renouvelables","article_publisher":"https:\/\/www.facebook.com\/ecoannuaire.energierenouvelable\/","article_author":"https:\/\/www.facebook.com\/tictacf2c\/","article_published_time":"2026-01-12T07:30:00+00:00","og_image":[{"width":1200,"height":675,"url":"https:\/\/www.les-energies-renouvelables.eu\/article\/actualites\/wp-content\/uploads\/2026\/01\/actualites-des-molecules-batteries-pour-garder-la-chaleur-du-soleil-une-etude-explore-la-piste-stockage-de-lenergie-solaire-thermique-molecules.jpg","type":"image\/jpeg"}],"author":"Alexia JACQUARD","twitter_card":"summary_large_image","twitter_creator":"@alexiajcrd","twitter_site":"@ECOinfosENR","twitter_misc":{"\u00c9crit par":"Alexia JACQUARD","Dur\u00e9e de lecture estim\u00e9e":"4 minutes"},"schema":{"@context":"https:\/\/schema.org","@graph":[{"@type":"Article","@id":"https:\/\/www.les-energies-renouvelables.eu\/article\/actualites\/energies\/des-molecules-batteries-pour-garder-la-chaleur-du-soleil-une-etude-explore-la-piste-235\/#article","isPartOf":{"@id":"https:\/\/www.les-energies-renouvelables.eu\/article\/actualites\/energies\/des-molecules-batteries-pour-garder-la-chaleur-du-soleil-une-etude-explore-la-piste-235\/"},"author":{"name":"Alexia JACQUARD","@id":"https:\/\/www.les-energies-renouvelables.eu\/article\/actualites\/#\/schema\/person\/2c7d09eb5ca339c12ca8d86145440169"},"headline":"Des \u201cmol\u00e9cules-batteries\u201d pour garder la chaleur du soleil : une \u00e9tude explore la piste","datePublished":"2026-01-12T07:30:00+00:00","mainEntityOfPage":{"@id":"https:\/\/www.les-energies-renouvelables.eu\/article\/actualites\/energies\/des-molecules-batteries-pour-garder-la-chaleur-du-soleil-une-etude-explore-la-piste-235\/"},"wordCount":717,"publisher":{"@id":"https:\/\/www.les-energies-renouvelables.eu\/article\/actualites\/#organization"},"image":{"@id":"https:\/\/www.les-energies-renouvelables.eu\/article\/actualites\/energies\/des-molecules-batteries-pour-garder-la-chaleur-du-soleil-une-etude-explore-la-piste-235\/#primaryimage"},"thumbnailUrl":"https:\/\/www.les-energies-renouvelables.eu\/article\/actualites\/wp-content\/uploads\/2026\/01\/actualites-des-molecules-batteries-pour-garder-la-chaleur-du-soleil-une-etude-explore-la-piste-stockage-de-lenergie-solaire-thermique-molecules.jpg","articleSection":["\u00c9nergies"],"inLanguage":"fr-FR"},{"@type":"WebPage","@id":"https:\/\/www.les-energies-renouvelables.eu\/article\/actualites\/energies\/des-molecules-batteries-pour-garder-la-chaleur-du-soleil-une-etude-explore-la-piste-235\/","url":"https:\/\/www.les-energies-renouvelables.eu\/article\/actualites\/energies\/des-molecules-batteries-pour-garder-la-chaleur-du-soleil-une-etude-explore-la-piste-235\/","name":"Des \u201cmol\u00e9cules-batteries\u201d pour garder la chaleur du soleil : une \u00e9tude explore la piste - ECOinfos","isPartOf":{"@id":"https:\/\/www.les-energies-renouvelables.eu\/article\/actualites\/#website"},"primaryImageOfPage":{"@id":"https:\/\/www.les-energies-renouvelables.eu\/article\/actualites\/energies\/des-molecules-batteries-pour-garder-la-chaleur-du-soleil-une-etude-explore-la-piste-235\/#primaryimage"},"image":{"@id":"https:\/\/www.les-energies-renouvelables.eu\/article\/actualites\/energies\/des-molecules-batteries-pour-garder-la-chaleur-du-soleil-une-etude-explore-la-piste-235\/#primaryimage"},"thumbnailUrl":"https:\/\/www.les-energies-renouvelables.eu\/article\/actualites\/wp-content\/uploads\/2026\/01\/actualites-des-molecules-batteries-pour-garder-la-chaleur-du-soleil-une-etude-explore-la-piste-stockage-de-lenergie-solaire-thermique-molecules.jpg","datePublished":"2026-01-12T07:30:00+00:00","description":"Des chercheurs du CNRS et de l'ENS Paris-Saclay explorent un m\u00e9canisme de stockage chimique pour restituer la chaleur solaire \u00e0 la demande. Stade labo.","breadcrumb":{"@id":"https:\/\/www.les-energies-renouvelables.eu\/article\/actualites\/energies\/des-molecules-batteries-pour-garder-la-chaleur-du-soleil-une-etude-explore-la-piste-235\/#breadcrumb"},"inLanguage":"fr-FR","potentialAction":[{"@type":"ReadAction","target":["https:\/\/www.les-energies-renouvelables.eu\/article\/actualites\/energies\/des-molecules-batteries-pour-garder-la-chaleur-du-soleil-une-etude-explore-la-piste-235\/"]}]},{"@type":"ImageObject","inLanguage":"fr-FR","@id":"https:\/\/www.les-energies-renouvelables.eu\/article\/actualites\/energies\/des-molecules-batteries-pour-garder-la-chaleur-du-soleil-une-etude-explore-la-piste-235\/#primaryimage","url":"https:\/\/www.les-energies-renouvelables.eu\/article\/actualites\/wp-content\/uploads\/2026\/01\/actualites-des-molecules-batteries-pour-garder-la-chaleur-du-soleil-une-etude-explore-la-piste-stockage-de-lenergie-solaire-thermique-molecules.jpg","contentUrl":"https:\/\/www.les-energies-renouvelables.eu\/article\/actualites\/wp-content\/uploads\/2026\/01\/actualites-des-molecules-batteries-pour-garder-la-chaleur-du-soleil-une-etude-explore-la-piste-stockage-de-lenergie-solaire-thermique-molecules.jpg","width":1200,"height":675,"caption":"Ideogram"},{"@type":"BreadcrumbList","@id":"https:\/\/www.les-energies-renouvelables.eu\/article\/actualites\/energies\/des-molecules-batteries-pour-garder-la-chaleur-du-soleil-une-etude-explore-la-piste-235\/#breadcrumb","itemListElement":[{"@type":"ListItem","position":1,"name":"Accueil","item":"https:\/\/www.les-energies-renouvelables.eu\/article\/actualites\/"},{"@type":"ListItem","position":2,"name":"Des \u201cmol\u00e9cules-batteries\u201d pour garder la chaleur du soleil : une \u00e9tude explore la piste"}]},{"@type":"WebSite","@id":"https:\/\/www.les-energies-renouvelables.eu\/article\/actualites\/#website","url":"https:\/\/www.les-energies-renouvelables.eu\/article\/actualites\/","name":"ECOinfos Energies renouvelables","description":"Le d\u00e9cryptage quotidien du secteur des \u00e9nergies renouvelables","publisher":{"@id":"https:\/\/www.les-energies-renouvelables.eu\/article\/actualites\/#organization"},"potentialAction":[{"@type":"SearchAction","target":{"@type":"EntryPoint","urlTemplate":"https:\/\/www.les-energies-renouvelables.eu\/article\/actualites\/?s={search_term_string}"},"query-input":{"@type":"PropertyValueSpecification","valueRequired":true,"valueName":"search_term_string"}}],"inLanguage":"fr-FR"},{"@type":"Organization","@id":"https:\/\/www.les-energies-renouvelables.eu\/article\/actualites\/#organization","name":"ECOinfos Energies renouvelables","url":"https:\/\/www.les-energies-renouvelables.eu\/article\/actualites\/","logo":{"@type":"ImageObject","inLanguage":"fr-FR","@id":"https:\/\/www.les-energies-renouvelables.eu\/article\/actualites\/#\/schema\/logo\/image\/","url":"https:\/\/www.les-energies-renouvelables.eu\/article\/actualites\/wp-content\/uploads\/2025\/11\/ecoinfos.eldorado-consulting.com-logo-logo.svg","contentUrl":"https:\/\/www.les-energies-renouvelables.eu\/article\/actualites\/wp-content\/uploads\/2025\/11\/ecoinfos.eldorado-consulting.com-logo-logo.svg","caption":"ECOinfos Energies renouvelables"},"image":{"@id":"https:\/\/www.les-energies-renouvelables.eu\/article\/actualites\/#\/schema\/logo\/image\/"},"sameAs":["https:\/\/www.facebook.com\/ecoannuaire.energierenouvelable\/","https:\/\/x.com\/ECOinfosENR","https:\/\/www.linkedin.com\/company\/ecoinfos-energies-renouvelables\/","https:\/\/www.youtube.com\/@ecoinfosenergies","https:\/\/share.google\/dyKHJPxAV42WhhjbM"]},{"@type":"Person","@id":"https:\/\/www.les-energies-renouvelables.eu\/article\/actualites\/#\/schema\/person\/2c7d09eb5ca339c12ca8d86145440169","name":"Alexia JACQUARD","pronouns":"elle\/elle","image":{"@type":"ImageObject","inLanguage":"fr-FR","@id":"https:\/\/www.les-energies-renouvelables.eu\/article\/actualites\/#\/schema\/person\/image\/","url":"https:\/\/www.les-energies-renouvelables.eu\/article\/actualites\/wp-content\/uploads\/2026\/01\/actualites-alexia-jacquard-alexia-jacquard-160x160.jpg","contentUrl":"https:\/\/www.les-energies-renouvelables.eu\/article\/actualites\/wp-content\/uploads\/2026\/01\/actualites-alexia-jacquard-alexia-jacquard-160x160.jpg","caption":"Alexia JACQUARD"},"description":"Curieuse de nature et attentif aux enjeux du d\u00e9veloppement durable, Alexia Jacquard suit l'actualit\u00e9 des \u00e9nergies renouvelables pour partager les derni\u00e8res nouveaut\u00e9s du secteur. Elle s'attache \u00e0 retranscrire simplement les informations cl\u00e9s et les initiatives positives qui marquent la transition \u00e9nerg\u00e9tique. Son objectif : proposer des articles d'actualit\u00e9 clairs et accessibles pour tous ceux qui s'int\u00e9ressent \u00e0 l'avenir de notre \u00e9nergie.","sameAs":["https:\/\/alexia-jacquard.fr","https:\/\/www.facebook.com\/tictacf2c\/","https:\/\/www.instagram.com\/alexia_redac\/","https:\/\/www.linkedin.com\/in\/alexia-jacquard-449a4b289\/","https:\/\/fr.pinterest.com\/alexiajacquard\/","https:\/\/x.com\/alexiajcrd","https:\/\/www.youtube.com\/@Thepaindemie","https:\/\/muckrack.com\/alexia-jacquard"],"url":"https:\/\/www.les-energies-renouvelables.eu\/article\/actualites\/author\/alexia-jacquard\/"}]}},"_links":{"self":[{"href":"https:\/\/www.les-energies-renouvelables.eu\/article\/actualites\/wp-json\/wp\/v2\/posts\/235","targetHints":{"allow":["GET"]}}],"collection":[{"href":"https:\/\/www.les-energies-renouvelables.eu\/article\/actualites\/wp-json\/wp\/v2\/posts"}],"about":[{"href":"https:\/\/www.les-energies-renouvelables.eu\/article\/actualites\/wp-json\/wp\/v2\/types\/post"}],"author":[{"embeddable":true,"href":"https:\/\/www.les-energies-renouvelables.eu\/article\/actualites\/wp-json\/wp\/v2\/users\/2"}],"replies":[{"embeddable":true,"href":"https:\/\/www.les-energies-renouvelables.eu\/article\/actualites\/wp-json\/wp\/v2\/comments?post=235"}],"version-history":[{"count":1,"href":"https:\/\/www.les-energies-renouvelables.eu\/article\/actualites\/wp-json\/wp\/v2\/posts\/235\/revisions"}],"predecessor-version":[{"id":236,"href":"https:\/\/www.les-energies-renouvelables.eu\/article\/actualites\/wp-json\/wp\/v2\/posts\/235\/revisions\/236"}],"wp:featuredmedia":[{"embeddable":true,"href":"https:\/\/www.les-energies-renouvelables.eu\/article\/actualites\/wp-json\/wp\/v2\/media\/237"}],"wp:attachment":[{"href":"https:\/\/www.les-energies-renouvelables.eu\/article\/actualites\/wp-json\/wp\/v2\/media?parent=235"}],"wp:term":[{"taxonomy":"category","embeddable":true,"href":"https:\/\/www.les-energies-renouvelables.eu\/article\/actualites\/wp-json\/wp\/v2\/categories?post=235"},{"taxonomy":"post_tag","embeddable":true,"href":"https:\/\/www.les-energies-renouvelables.eu\/article\/actualites\/wp-json\/wp\/v2\/tags?post=235"}],"curies":[{"name":"wp","href":"https:\/\/api.w.org\/{rel}","templated":true}]}}