{"id":232,"date":"2026-01-11T08:00:00","date_gmt":"2026-01-11T07:00:00","guid":{"rendered":"https:\/\/www.les-energies-renouvelables.eu\/article\/actualites\/?p=232"},"modified":"2026-01-10T16:48:10","modified_gmt":"2026-01-10T15:48:10","slug":"smart-grids-la-cre-devoile-les-chiffres-qui-accelerent-le-raccordement-des-enr","status":"publish","type":"post","link":"https:\/\/www.les-energies-renouvelables.eu\/article\/actualites\/energies\/smart-grids-la-cre-devoile-les-chiffres-qui-accelerent-le-raccordement-des-enr-232\/","title":{"rendered":"Smart grids : la CRE d\u00e9voile les chiffres qui acc\u00e9l\u00e8rent le raccordement des EnR"},"content":{"rendered":"\n<p>R\u00e9sum\u00e9 :<\/p>\n\n\n\n<ul class=\"wp-block-list\">\n<li><strong>600 k\u20ac\/MW \u00e9conomis\u00e9s :<\/strong> C&rsquo;est le gain identifi\u00e9 par le rapport 2025 de la CRE en 2024 gr\u00e2ce au d\u00e9ploiement des <strong>offres de raccordement flexibles<\/strong>.<\/li>\n\n\n\n<li><strong>18 GW de capacit\u00e9 suppl\u00e9mentaire :<\/strong> Le rapport de la CRE indique que cette puissance a pu \u00eatre int\u00e9gr\u00e9e au r\u00e9seau sans n\u00e9cessiter de renforcements lourds d&rsquo;infrastructures.<\/li>\n\n\n\n<li><strong>1,7 milliard d\u2019euros de gains :<\/strong> Le <strong>pilotage num\u00e9rique<\/strong> a g\u00e9n\u00e9r\u00e9 cette \u00e9conomie globale entre 2017 et 2024 selon les calculs de la Commission.<\/li>\n\n\n\n<li><strong>2,8 GW de projets de stockage sous offres de raccordement optimis\u00e9es :<\/strong> Selon le rapport 2025 de la CRE, un quart de la file d\u2019attente de RTE est engag\u00e9 dans ces offres.<\/li>\n\n\n\n<li><strong>Fr\u00e9quentation quadrupl\u00e9e :<\/strong> Le rapport de la CRE note que l&rsquo;utilisation des plateformes <strong>Open Data<\/strong> a quadrupl\u00e9 en trois ans pour atteindre 38 500 visiteurs mensuels.<\/li>\n<\/ul>\n\n\n\n<p>Dans la trajectoire vers la <strong>neutralit\u00e9 carbone<\/strong> \u00e0 l\u2019horizon 2050, les <strong>r\u00e9seaux \u00e9lectriques intelligents<\/strong> (smart grids) ont quitt\u00e9 le champ de l&rsquo;exp\u00e9rimentation pour \u00eatre d\u00e9sormais d\u00e9ploy\u00e9s \u00e0 l&rsquo;\u00e9chelle industrielle. Selon la CRE, ces technologies constituent un \u00ab levier d\u2019optimisation \u00bb et un \u00ab atout majeur \u00bb pour le syst\u00e8me \u00e9lectrique fran\u00e7ais. Dans ce contexte, la Commission pr\u00e9sente la num\u00e9risation comme un pilier de la strat\u00e9gie de d\u00e9carbonation nationale, facilitant l\u2019<strong>insertion des \u00e9nergies renouvelables (EnR)<\/strong> et l\u2019\u00e9lectrification des usages.<\/p>\n\n\n\n<h2 class=\"wp-block-heading\">Des gestionnaires de r\u00e9seaux \u00ab bien positionn\u00e9s \u00bb \u00e0 l&rsquo;\u00e9chelle internationale<\/h2>\n\n\n\n<p>Le rapport de la CRE souligne que les technologies num\u00e9riques sont utilis\u00e9es de mani\u00e8re industrielle \u00e0 tous les niveaux des r\u00e9seaux d\u2019\u00e9lectricit\u00e9. Cette maturit\u00e9 place les gestionnaires fran\u00e7ais dans une position favorable par rapport \u00e0 leurs homologues. La Commission cite notamment le <strong>Smart Grid Index<\/strong> du Singapore Power Group, qui a class\u00e9 Enedis au premier rang mondial des gestionnaires de r\u00e9seaux de distribution. Cette avance technologique se traduit par des r\u00e9sultats financiers tangibles : la CRE estime que le pilotage num\u00e9rique des r\u00e9seaux a permis d\u2019\u00e9conomiser <strong>1,7 milliard d\u2019euros<\/strong>sur la p\u00e9riode 2017-2024.<\/p>\n\n\n\n<h2 class=\"wp-block-heading\">Raccordement EnR : des d\u00e9lais r\u00e9duits gr\u00e2ce aux dispositifs anticip\u00e9s<\/h2>\n\n\n\n<p>L\u2019un des apports majeurs des smart grids, document\u00e9 par la CRE, concerne la fluidification des raccordements pour les producteurs d&rsquo;\u00e9nergies renouvelables. Le rapport note des progr\u00e8s notables gr\u00e2ce aux <strong>\u00ab raccordements anticip\u00e9s \u00bb<\/strong> pour les segments de consommation basse tension (sup\u00e9rieure \u00e0 36 kVA). Selon le rapport 2025 de la CRE, ce dispositif permet de r\u00e9duire les d\u00e9lais d\u2019attente de 5 ans \u00e0 moins d\u2019un an. En 2024, la Commission indique qu&rsquo;environ 5 % des projets (un sur vingt) ont b\u00e9n\u00e9fici\u00e9 de cette anticipation, repr\u00e9sentant une puissance cumul\u00e9e de <strong>200 MW<\/strong>.<\/p>\n\n\n\n<p>Parall\u00e8lement, les <strong>Offres de Raccordement Alternatives avec Modulation de Puissance (ORA-MP)<\/strong> montent en puissance dans les sch\u00e9mas de raccordement. La Commission pr\u00e9cise que 15 parcs ont \u00e9t\u00e9 raccord\u00e9s via ce mod\u00e8le en 2024, contre 5 parcs en 2023. L\u2019avantage \u00e9conomique est soulign\u00e9 par le r\u00e9gulateur : ces offres ont permis d\u2019\u00e9conomiser <strong>600 k\u20ac par MW raccord\u00e9<\/strong> en 2024, selon le rapport de la CRE. Le <strong>stockage d&rsquo;\u00e9nergie<\/strong> suit une dynamique similaire : un quart de la file d\u2019attente de RTE a d\u00e9j\u00e0 opt\u00e9 pour des offres de raccordement optimis\u00e9es, soit <strong>2,8 GW<\/strong> selon le rapport 2025 de la CRE.<\/p>\n\n\n\n<h2 class=\"wp-block-heading\">Flexibilit\u00e9s : mobiliser le stockage et la demande<\/h2>\n\n\n\n<p>La CRE constate que la modulation de la production EnR est d\u00e9sormais un outil de gestion fr\u00e9quent. Ce levier a permis de d\u00e9gager <strong>18 GW de capacit\u00e9 d&rsquo;accueil suppl\u00e9mentaire<\/strong> sans recourir \u00e0 des travaux de renforcement d&rsquo;infrastructure. Toutefois, le r\u00e9gulateur identifie des marges de progr\u00e8s. Si l\u2019\u00e9cr\u00eatement de la production est une solution efficace \u00e0 court terme, la CRE pr\u00e9conise de mobiliser davantage le stockage et la <strong>flexibilit\u00e9 de la demande<\/strong>, d\u00e8s lors que cela est \u00e9conomiquement pertinent.<\/p>\n\n\n\n<p>Le rapport cite le <strong>projet Reflex<\/strong> d\u2019Enedis dans la gestion des congestions locales et indique qu&rsquo;il a g\u00e9n\u00e9r\u00e9 5,8 millions d\u2019euros d\u2019\u00e9conomies. N\u00e9anmoins, la Commission juge encore trop faibles les volumes de flexibilit\u00e9s locales contract\u00e9s \u00e0 ce jour par rapport aux enjeux identifi\u00e9s.<\/p>\n\n\n\n<h2 class=\"wp-block-heading\">Open Data : une fr\u00e9quentation qui a quadrupl\u00e9 en trois ans<\/h2>\n\n\n\n<p>La num\u00e9risation am\u00e9liore \u00e9galement l&rsquo;observabilit\u00e9 du syst\u00e8me. Le rapport 2025 met en avant l\u2019essor de l&rsquo;<strong>Open Data<\/strong>, avec une fr\u00e9quentation des plateformes de donn\u00e9es qui a quadrupl\u00e9 depuis 2021 pour atteindre 38 500 visiteurs mensuels en 2024 (selon la CRE). La Commission pr\u00e9sente cette accessibilit\u00e9 des donn\u00e9es r\u00e9seau comme un appui pour les d\u00e9veloppeurs EnR et les agr\u00e9gateurs de flexibilit\u00e9.<\/p>\n\n\n\n<p>Du c\u00f4t\u00e9 des consommateurs, le d\u00e9ploiement des <strong>compteurs communicants<\/strong> atteint un stade de maturit\u00e9. La CRE pr\u00e9cise que 11 millions de points de livraison ont activ\u00e9 la remont\u00e9e de leur courbe de charge. Selon le rapport, cette donn\u00e9e permet l\u2019\u00e9mergence de nouvelles offres de fourniture adapt\u00e9es, notamment pour l\u2019<strong>autoconsommation<\/strong>.<\/p>\n\n\n\n<h2 class=\"wp-block-heading\">Les recommandations de la CRE pour l&rsquo;horizon 2030<\/h2>\n\n\n\n<p>Pour maintenir cette trajectoire, la CRE formule plusieurs recommandations r\u00e9glementaires. Elle sugg\u00e8re notamment de r\u00e9interroger le <strong>plafond de limitation de puissance inject\u00e9e<\/strong>, actuellement fix\u00e9 \u00e0 30 %. Selon le rapport, un assouplissement de ce cadre permettrait de lib\u00e9rer des capacit\u00e9s de raccordement suppl\u00e9mentaires.<\/p>\n\n\n\n<p>Le r\u00e9gulateur appelle \u00e9galement \u00e0 une acc\u00e9l\u00e9ration sur certains segments, comme la recharge des <strong>v\u00e9hicules \u00e9lectriques<\/strong>ou le pilotage de la demande industrielle, o\u00f9 les offres innovantes sont encore jug\u00e9es insuffisantes par la CRE. Enfin, le rapport souligne que la coordination entre RTE et Enedis doit s\u2019intensifier afin de garantir une gestion conjointe des flexibilit\u00e9s sur l\u2019ensemble du r\u00e9seau national.Le rapport 2025 de la CRE d\u00e9montre que les <strong>r\u00e9seaux intelligents<\/strong> sont un levier d&rsquo;optimisation majeur pour la transition \u00e9nerg\u00e9tique. En acc\u00e9l\u00e9rant le raccordement des EnR, ces technologies contribuent \u00e0 l\u2019optimisation des investissements r\u00e9seau et \u00e0 la ma\u00eetrise des co\u00fbts (selon la CRE). La Commission souligne enfin que la fiabilit\u00e9 des donn\u00e9es et l\u2019ouverture de nouveaux march\u00e9s de flexibilit\u00e9 figurent parmi les enjeux cl\u00e9s pour la p\u00e9riode 2030-2050.<\/p>\n","protected":false},"excerpt":{"rendered":"","protected":false},"author":2,"featured_media":234,"comment_status":"closed","ping_status":"closed","sticky":false,"template":"","format":"standard","meta":{"footnotes":""},"categories":[1],"tags":[],"class_list":["post-232","post","type-post","status-publish","format-standard","has-post-thumbnail","hentry","category-energies","masonry-post","generate-columns","tablet-grid-50","mobile-grid-100","grid-parent","grid-33"],"yoast_head":"<!-- This site is optimized with the Yoast SEO plugin v26.6 - https:\/\/yoast.com\/wordpress\/plugins\/seo\/ -->\n<title>Smart grids : la CRE d\u00e9voile les chiffres qui acc\u00e9l\u00e8rent le raccordement des EnR - ECOinfos<\/title>\n<meta name=\"description\" content=\"D\u00e9couvrez les conclusions du rapport 2025 de la CRE sur les smart grids : \u00e9conomies significatives, raccordement acc\u00e9l\u00e9r\u00e9 des EnR et nouveaux enjeux de flexibilit\u00e9 pour le r\u00e9seau fran\u00e7ais.\" \/>\n<meta name=\"robots\" content=\"index, follow, max-snippet:-1, max-image-preview:large, max-video-preview:-1\" \/>\n<link rel=\"canonical\" href=\"https:\/\/www.les-energies-renouvelables.eu\/article\/actualites\/energies\/smart-grids-la-cre-devoile-les-chiffres-qui-accelerent-le-raccordement-des-enr-232\/\" \/>\n<meta property=\"og:locale\" content=\"fr_FR\" \/>\n<meta property=\"og:type\" content=\"article\" \/>\n<meta property=\"og:title\" content=\"Smart grids : la CRE d\u00e9voile les chiffres qui acc\u00e9l\u00e8rent le raccordement des EnR - ECOinfos\" \/>\n<meta property=\"og:description\" content=\"D\u00e9couvrez les conclusions du rapport 2025 de la CRE sur les smart grids : \u00e9conomies significatives, raccordement acc\u00e9l\u00e9r\u00e9 des EnR et nouveaux enjeux de flexibilit\u00e9 pour le r\u00e9seau fran\u00e7ais.\" \/>\n<meta property=\"og:url\" content=\"https:\/\/www.les-energies-renouvelables.eu\/article\/actualites\/energies\/smart-grids-la-cre-devoile-les-chiffres-qui-accelerent-le-raccordement-des-enr-232\/\" \/>\n<meta property=\"og:site_name\" content=\"ECOinfos Energies renouvelables\" \/>\n<meta property=\"article:publisher\" content=\"https:\/\/www.facebook.com\/ecoannuaire.energierenouvelable\/\" \/>\n<meta property=\"article:author\" content=\"https:\/\/www.facebook.com\/tictacf2c\/\" \/>\n<meta property=\"article:published_time\" content=\"2026-01-11T07:00:00+00:00\" \/>\n<meta property=\"og:image\" content=\"https:\/\/www.les-energies-renouvelables.eu\/article\/actualites\/wp-content\/uploads\/2026\/01\/actualites-smart-grids-la-cre-devoile-les-chiffres-qui-accelerent-le-raccordement-des-enr-rapport-cre-reseaux-electriques-intelligents-2025.jpg\" \/>\n\t<meta property=\"og:image:width\" content=\"1200\" \/>\n\t<meta property=\"og:image:height\" content=\"675\" \/>\n\t<meta property=\"og:image:type\" content=\"image\/jpeg\" \/>\n<meta name=\"author\" content=\"Alexia JACQUARD\" \/>\n<meta name=\"twitter:card\" content=\"summary_large_image\" \/>\n<meta name=\"twitter:creator\" content=\"@alexiajcrd\" \/>\n<meta name=\"twitter:site\" content=\"@ECOinfosENR\" \/>\n<meta name=\"twitter:label1\" content=\"\u00c9crit par\" \/>\n\t<meta name=\"twitter:data1\" content=\"Alexia JACQUARD\" \/>\n\t<meta name=\"twitter:label2\" content=\"Dur\u00e9e de lecture estim\u00e9e\" \/>\n\t<meta name=\"twitter:data2\" content=\"5 minutes\" \/>\n<script type=\"application\/ld+json\" class=\"yoast-schema-graph\">{\"@context\":\"https:\/\/schema.org\",\"@graph\":[{\"@type\":\"Article\",\"@id\":\"https:\/\/www.les-energies-renouvelables.eu\/article\/actualites\/energies\/smart-grids-la-cre-devoile-les-chiffres-qui-accelerent-le-raccordement-des-enr-232\/#article\",\"isPartOf\":{\"@id\":\"https:\/\/www.les-energies-renouvelables.eu\/article\/actualites\/energies\/smart-grids-la-cre-devoile-les-chiffres-qui-accelerent-le-raccordement-des-enr-232\/\"},\"author\":{\"name\":\"Alexia JACQUARD\",\"@id\":\"https:\/\/www.les-energies-renouvelables.eu\/article\/actualites\/#\/schema\/person\/2c7d09eb5ca339c12ca8d86145440169\"},\"headline\":\"Smart grids : la CRE d\u00e9voile les chiffres qui acc\u00e9l\u00e8rent le raccordement des EnR\",\"datePublished\":\"2026-01-11T07:00:00+00:00\",\"mainEntityOfPage\":{\"@id\":\"https:\/\/www.les-energies-renouvelables.eu\/article\/actualites\/energies\/smart-grids-la-cre-devoile-les-chiffres-qui-accelerent-le-raccordement-des-enr-232\/\"},\"wordCount\":1048,\"publisher\":{\"@id\":\"https:\/\/www.les-energies-renouvelables.eu\/article\/actualites\/#organization\"},\"image\":{\"@id\":\"https:\/\/www.les-energies-renouvelables.eu\/article\/actualites\/energies\/smart-grids-la-cre-devoile-les-chiffres-qui-accelerent-le-raccordement-des-enr-232\/#primaryimage\"},\"thumbnailUrl\":\"https:\/\/www.les-energies-renouvelables.eu\/article\/actualites\/wp-content\/uploads\/2026\/01\/actualites-smart-grids-la-cre-devoile-les-chiffres-qui-accelerent-le-raccordement-des-enr-rapport-cre-reseaux-electriques-intelligents-2025.jpg\",\"articleSection\":[\"\u00c9nergies\"],\"inLanguage\":\"fr-FR\"},{\"@type\":\"WebPage\",\"@id\":\"https:\/\/www.les-energies-renouvelables.eu\/article\/actualites\/energies\/smart-grids-la-cre-devoile-les-chiffres-qui-accelerent-le-raccordement-des-enr-232\/\",\"url\":\"https:\/\/www.les-energies-renouvelables.eu\/article\/actualites\/energies\/smart-grids-la-cre-devoile-les-chiffres-qui-accelerent-le-raccordement-des-enr-232\/\",\"name\":\"Smart grids : la CRE d\u00e9voile les chiffres qui acc\u00e9l\u00e8rent le raccordement des EnR - ECOinfos\",\"isPartOf\":{\"@id\":\"https:\/\/www.les-energies-renouvelables.eu\/article\/actualites\/#website\"},\"primaryImageOfPage\":{\"@id\":\"https:\/\/www.les-energies-renouvelables.eu\/article\/actualites\/energies\/smart-grids-la-cre-devoile-les-chiffres-qui-accelerent-le-raccordement-des-enr-232\/#primaryimage\"},\"image\":{\"@id\":\"https:\/\/www.les-energies-renouvelables.eu\/article\/actualites\/energies\/smart-grids-la-cre-devoile-les-chiffres-qui-accelerent-le-raccordement-des-enr-232\/#primaryimage\"},\"thumbnailUrl\":\"https:\/\/www.les-energies-renouvelables.eu\/article\/actualites\/wp-content\/uploads\/2026\/01\/actualites-smart-grids-la-cre-devoile-les-chiffres-qui-accelerent-le-raccordement-des-enr-rapport-cre-reseaux-electriques-intelligents-2025.jpg\",\"datePublished\":\"2026-01-11T07:00:00+00:00\",\"description\":\"D\u00e9couvrez les conclusions du rapport 2025 de la CRE sur les smart grids : \u00e9conomies significatives, raccordement acc\u00e9l\u00e9r\u00e9 des EnR et nouveaux enjeux de flexibilit\u00e9 pour le r\u00e9seau fran\u00e7ais.\",\"breadcrumb\":{\"@id\":\"https:\/\/www.les-energies-renouvelables.eu\/article\/actualites\/energies\/smart-grids-la-cre-devoile-les-chiffres-qui-accelerent-le-raccordement-des-enr-232\/#breadcrumb\"},\"inLanguage\":\"fr-FR\",\"potentialAction\":[{\"@type\":\"ReadAction\",\"target\":[\"https:\/\/www.les-energies-renouvelables.eu\/article\/actualites\/energies\/smart-grids-la-cre-devoile-les-chiffres-qui-accelerent-le-raccordement-des-enr-232\/\"]}]},{\"@type\":\"ImageObject\",\"inLanguage\":\"fr-FR\",\"@id\":\"https:\/\/www.les-energies-renouvelables.eu\/article\/actualites\/energies\/smart-grids-la-cre-devoile-les-chiffres-qui-accelerent-le-raccordement-des-enr-232\/#primaryimage\",\"url\":\"https:\/\/www.les-energies-renouvelables.eu\/article\/actualites\/wp-content\/uploads\/2026\/01\/actualites-smart-grids-la-cre-devoile-les-chiffres-qui-accelerent-le-raccordement-des-enr-rapport-cre-reseaux-electriques-intelligents-2025.jpg\",\"contentUrl\":\"https:\/\/www.les-energies-renouvelables.eu\/article\/actualites\/wp-content\/uploads\/2026\/01\/actualites-smart-grids-la-cre-devoile-les-chiffres-qui-accelerent-le-raccordement-des-enr-rapport-cre-reseaux-electriques-intelligents-2025.jpg\",\"width\":1200,\"height\":675,\"caption\":\"Ideogram\"},{\"@type\":\"BreadcrumbList\",\"@id\":\"https:\/\/www.les-energies-renouvelables.eu\/article\/actualites\/energies\/smart-grids-la-cre-devoile-les-chiffres-qui-accelerent-le-raccordement-des-enr-232\/#breadcrumb\",\"itemListElement\":[{\"@type\":\"ListItem\",\"position\":1,\"name\":\"Accueil\",\"item\":\"https:\/\/www.les-energies-renouvelables.eu\/article\/actualites\/\"},{\"@type\":\"ListItem\",\"position\":2,\"name\":\"Smart grids : la CRE d\u00e9voile les chiffres qui acc\u00e9l\u00e8rent le raccordement des EnR\"}]},{\"@type\":\"WebSite\",\"@id\":\"https:\/\/www.les-energies-renouvelables.eu\/article\/actualites\/#website\",\"url\":\"https:\/\/www.les-energies-renouvelables.eu\/article\/actualites\/\",\"name\":\"ECOinfos Energies renouvelables\",\"description\":\"Le d\u00e9cryptage quotidien du secteur des \u00e9nergies renouvelables\",\"publisher\":{\"@id\":\"https:\/\/www.les-energies-renouvelables.eu\/article\/actualites\/#organization\"},\"potentialAction\":[{\"@type\":\"SearchAction\",\"target\":{\"@type\":\"EntryPoint\",\"urlTemplate\":\"https:\/\/www.les-energies-renouvelables.eu\/article\/actualites\/?s={search_term_string}\"},\"query-input\":{\"@type\":\"PropertyValueSpecification\",\"valueRequired\":true,\"valueName\":\"search_term_string\"}}],\"inLanguage\":\"fr-FR\"},{\"@type\":\"Organization\",\"@id\":\"https:\/\/www.les-energies-renouvelables.eu\/article\/actualites\/#organization\",\"name\":\"ECOinfos Energies renouvelables\",\"url\":\"https:\/\/www.les-energies-renouvelables.eu\/article\/actualites\/\",\"logo\":{\"@type\":\"ImageObject\",\"inLanguage\":\"fr-FR\",\"@id\":\"https:\/\/www.les-energies-renouvelables.eu\/article\/actualites\/#\/schema\/logo\/image\/\",\"url\":\"https:\/\/www.les-energies-renouvelables.eu\/article\/actualites\/wp-content\/uploads\/2025\/11\/ecoinfos.eldorado-consulting.com-logo-logo.svg\",\"contentUrl\":\"https:\/\/www.les-energies-renouvelables.eu\/article\/actualites\/wp-content\/uploads\/2025\/11\/ecoinfos.eldorado-consulting.com-logo-logo.svg\",\"caption\":\"ECOinfos Energies renouvelables\"},\"image\":{\"@id\":\"https:\/\/www.les-energies-renouvelables.eu\/article\/actualites\/#\/schema\/logo\/image\/\"},\"sameAs\":[\"https:\/\/www.facebook.com\/ecoannuaire.energierenouvelable\/\",\"https:\/\/x.com\/ECOinfosENR\",\"https:\/\/www.linkedin.com\/company\/ecoinfos-energies-renouvelables\/\",\"https:\/\/www.youtube.com\/@ecoinfosenergies\",\"https:\/\/share.google\/dyKHJPxAV42WhhjbM\"]},{\"@type\":\"Person\",\"@id\":\"https:\/\/www.les-energies-renouvelables.eu\/article\/actualites\/#\/schema\/person\/2c7d09eb5ca339c12ca8d86145440169\",\"name\":\"Alexia JACQUARD\",\"pronouns\":\"elle\/elle\",\"image\":{\"@type\":\"ImageObject\",\"inLanguage\":\"fr-FR\",\"@id\":\"https:\/\/www.les-energies-renouvelables.eu\/article\/actualites\/#\/schema\/person\/image\/\",\"url\":\"https:\/\/www.les-energies-renouvelables.eu\/article\/actualites\/wp-content\/uploads\/2026\/01\/actualites-alexia-jacquard-alexia-jacquard-160x160.jpg\",\"contentUrl\":\"https:\/\/www.les-energies-renouvelables.eu\/article\/actualites\/wp-content\/uploads\/2026\/01\/actualites-alexia-jacquard-alexia-jacquard-160x160.jpg\",\"caption\":\"Alexia JACQUARD\"},\"description\":\"Curieuse de nature et attentif aux enjeux du d\u00e9veloppement durable, Alexia Jacquard suit l'actualit\u00e9 des \u00e9nergies renouvelables pour partager les derni\u00e8res nouveaut\u00e9s du secteur. Elle s'attache \u00e0 retranscrire simplement les informations cl\u00e9s et les initiatives positives qui marquent la transition \u00e9nerg\u00e9tique. Son objectif : proposer des articles d'actualit\u00e9 clairs et accessibles pour tous ceux qui s'int\u00e9ressent \u00e0 l'avenir de notre \u00e9nergie.\",\"sameAs\":[\"https:\/\/alexia-jacquard.fr\",\"https:\/\/www.facebook.com\/tictacf2c\/\",\"https:\/\/www.instagram.com\/alexia_redac\/\",\"https:\/\/www.linkedin.com\/in\/alexia-jacquard-449a4b289\/\",\"https:\/\/fr.pinterest.com\/alexiajacquard\/\",\"https:\/\/x.com\/alexiajcrd\",\"https:\/\/www.youtube.com\/@Thepaindemie\",\"https:\/\/muckrack.com\/alexia-jacquard\"],\"url\":\"https:\/\/www.les-energies-renouvelables.eu\/article\/actualites\/author\/alexia-jacquard\/\"}]}<\/script>\n<!-- \/ Yoast SEO plugin. -->","yoast_head_json":{"title":"Smart grids : la CRE d\u00e9voile les chiffres qui acc\u00e9l\u00e8rent le raccordement des EnR - ECOinfos","description":"D\u00e9couvrez les conclusions du rapport 2025 de la CRE sur les smart grids : \u00e9conomies significatives, raccordement acc\u00e9l\u00e9r\u00e9 des EnR et nouveaux enjeux de flexibilit\u00e9 pour le r\u00e9seau fran\u00e7ais.","robots":{"index":"index","follow":"follow","max-snippet":"max-snippet:-1","max-image-preview":"max-image-preview:large","max-video-preview":"max-video-preview:-1"},"canonical":"https:\/\/www.les-energies-renouvelables.eu\/article\/actualites\/energies\/smart-grids-la-cre-devoile-les-chiffres-qui-accelerent-le-raccordement-des-enr-232\/","og_locale":"fr_FR","og_type":"article","og_title":"Smart grids : la CRE d\u00e9voile les chiffres qui acc\u00e9l\u00e8rent le raccordement des EnR - ECOinfos","og_description":"D\u00e9couvrez les conclusions du rapport 2025 de la CRE sur les smart grids : \u00e9conomies significatives, raccordement acc\u00e9l\u00e9r\u00e9 des EnR et nouveaux enjeux de flexibilit\u00e9 pour le r\u00e9seau fran\u00e7ais.","og_url":"https:\/\/www.les-energies-renouvelables.eu\/article\/actualites\/energies\/smart-grids-la-cre-devoile-les-chiffres-qui-accelerent-le-raccordement-des-enr-232\/","og_site_name":"ECOinfos Energies renouvelables","article_publisher":"https:\/\/www.facebook.com\/ecoannuaire.energierenouvelable\/","article_author":"https:\/\/www.facebook.com\/tictacf2c\/","article_published_time":"2026-01-11T07:00:00+00:00","og_image":[{"width":1200,"height":675,"url":"https:\/\/www.les-energies-renouvelables.eu\/article\/actualites\/wp-content\/uploads\/2026\/01\/actualites-smart-grids-la-cre-devoile-les-chiffres-qui-accelerent-le-raccordement-des-enr-rapport-cre-reseaux-electriques-intelligents-2025.jpg","type":"image\/jpeg"}],"author":"Alexia JACQUARD","twitter_card":"summary_large_image","twitter_creator":"@alexiajcrd","twitter_site":"@ECOinfosENR","twitter_misc":{"\u00c9crit par":"Alexia JACQUARD","Dur\u00e9e de lecture estim\u00e9e":"5 minutes"},"schema":{"@context":"https:\/\/schema.org","@graph":[{"@type":"Article","@id":"https:\/\/www.les-energies-renouvelables.eu\/article\/actualites\/energies\/smart-grids-la-cre-devoile-les-chiffres-qui-accelerent-le-raccordement-des-enr-232\/#article","isPartOf":{"@id":"https:\/\/www.les-energies-renouvelables.eu\/article\/actualites\/energies\/smart-grids-la-cre-devoile-les-chiffres-qui-accelerent-le-raccordement-des-enr-232\/"},"author":{"name":"Alexia JACQUARD","@id":"https:\/\/www.les-energies-renouvelables.eu\/article\/actualites\/#\/schema\/person\/2c7d09eb5ca339c12ca8d86145440169"},"headline":"Smart grids : la CRE d\u00e9voile les chiffres qui acc\u00e9l\u00e8rent le raccordement des EnR","datePublished":"2026-01-11T07:00:00+00:00","mainEntityOfPage":{"@id":"https:\/\/www.les-energies-renouvelables.eu\/article\/actualites\/energies\/smart-grids-la-cre-devoile-les-chiffres-qui-accelerent-le-raccordement-des-enr-232\/"},"wordCount":1048,"publisher":{"@id":"https:\/\/www.les-energies-renouvelables.eu\/article\/actualites\/#organization"},"image":{"@id":"https:\/\/www.les-energies-renouvelables.eu\/article\/actualites\/energies\/smart-grids-la-cre-devoile-les-chiffres-qui-accelerent-le-raccordement-des-enr-232\/#primaryimage"},"thumbnailUrl":"https:\/\/www.les-energies-renouvelables.eu\/article\/actualites\/wp-content\/uploads\/2026\/01\/actualites-smart-grids-la-cre-devoile-les-chiffres-qui-accelerent-le-raccordement-des-enr-rapport-cre-reseaux-electriques-intelligents-2025.jpg","articleSection":["\u00c9nergies"],"inLanguage":"fr-FR"},{"@type":"WebPage","@id":"https:\/\/www.les-energies-renouvelables.eu\/article\/actualites\/energies\/smart-grids-la-cre-devoile-les-chiffres-qui-accelerent-le-raccordement-des-enr-232\/","url":"https:\/\/www.les-energies-renouvelables.eu\/article\/actualites\/energies\/smart-grids-la-cre-devoile-les-chiffres-qui-accelerent-le-raccordement-des-enr-232\/","name":"Smart grids : la CRE d\u00e9voile les chiffres qui acc\u00e9l\u00e8rent le raccordement des EnR - ECOinfos","isPartOf":{"@id":"https:\/\/www.les-energies-renouvelables.eu\/article\/actualites\/#website"},"primaryImageOfPage":{"@id":"https:\/\/www.les-energies-renouvelables.eu\/article\/actualites\/energies\/smart-grids-la-cre-devoile-les-chiffres-qui-accelerent-le-raccordement-des-enr-232\/#primaryimage"},"image":{"@id":"https:\/\/www.les-energies-renouvelables.eu\/article\/actualites\/energies\/smart-grids-la-cre-devoile-les-chiffres-qui-accelerent-le-raccordement-des-enr-232\/#primaryimage"},"thumbnailUrl":"https:\/\/www.les-energies-renouvelables.eu\/article\/actualites\/wp-content\/uploads\/2026\/01\/actualites-smart-grids-la-cre-devoile-les-chiffres-qui-accelerent-le-raccordement-des-enr-rapport-cre-reseaux-electriques-intelligents-2025.jpg","datePublished":"2026-01-11T07:00:00+00:00","description":"D\u00e9couvrez les conclusions du rapport 2025 de la CRE sur les smart grids : \u00e9conomies significatives, raccordement acc\u00e9l\u00e9r\u00e9 des EnR et nouveaux enjeux de flexibilit\u00e9 pour le r\u00e9seau fran\u00e7ais.","breadcrumb":{"@id":"https:\/\/www.les-energies-renouvelables.eu\/article\/actualites\/energies\/smart-grids-la-cre-devoile-les-chiffres-qui-accelerent-le-raccordement-des-enr-232\/#breadcrumb"},"inLanguage":"fr-FR","potentialAction":[{"@type":"ReadAction","target":["https:\/\/www.les-energies-renouvelables.eu\/article\/actualites\/energies\/smart-grids-la-cre-devoile-les-chiffres-qui-accelerent-le-raccordement-des-enr-232\/"]}]},{"@type":"ImageObject","inLanguage":"fr-FR","@id":"https:\/\/www.les-energies-renouvelables.eu\/article\/actualites\/energies\/smart-grids-la-cre-devoile-les-chiffres-qui-accelerent-le-raccordement-des-enr-232\/#primaryimage","url":"https:\/\/www.les-energies-renouvelables.eu\/article\/actualites\/wp-content\/uploads\/2026\/01\/actualites-smart-grids-la-cre-devoile-les-chiffres-qui-accelerent-le-raccordement-des-enr-rapport-cre-reseaux-electriques-intelligents-2025.jpg","contentUrl":"https:\/\/www.les-energies-renouvelables.eu\/article\/actualites\/wp-content\/uploads\/2026\/01\/actualites-smart-grids-la-cre-devoile-les-chiffres-qui-accelerent-le-raccordement-des-enr-rapport-cre-reseaux-electriques-intelligents-2025.jpg","width":1200,"height":675,"caption":"Ideogram"},{"@type":"BreadcrumbList","@id":"https:\/\/www.les-energies-renouvelables.eu\/article\/actualites\/energies\/smart-grids-la-cre-devoile-les-chiffres-qui-accelerent-le-raccordement-des-enr-232\/#breadcrumb","itemListElement":[{"@type":"ListItem","position":1,"name":"Accueil","item":"https:\/\/www.les-energies-renouvelables.eu\/article\/actualites\/"},{"@type":"ListItem","position":2,"name":"Smart grids : la CRE d\u00e9voile les chiffres qui acc\u00e9l\u00e8rent le raccordement des EnR"}]},{"@type":"WebSite","@id":"https:\/\/www.les-energies-renouvelables.eu\/article\/actualites\/#website","url":"https:\/\/www.les-energies-renouvelables.eu\/article\/actualites\/","name":"ECOinfos Energies renouvelables","description":"Le d\u00e9cryptage quotidien du secteur des \u00e9nergies renouvelables","publisher":{"@id":"https:\/\/www.les-energies-renouvelables.eu\/article\/actualites\/#organization"},"potentialAction":[{"@type":"SearchAction","target":{"@type":"EntryPoint","urlTemplate":"https:\/\/www.les-energies-renouvelables.eu\/article\/actualites\/?s={search_term_string}"},"query-input":{"@type":"PropertyValueSpecification","valueRequired":true,"valueName":"search_term_string"}}],"inLanguage":"fr-FR"},{"@type":"Organization","@id":"https:\/\/www.les-energies-renouvelables.eu\/article\/actualites\/#organization","name":"ECOinfos Energies renouvelables","url":"https:\/\/www.les-energies-renouvelables.eu\/article\/actualites\/","logo":{"@type":"ImageObject","inLanguage":"fr-FR","@id":"https:\/\/www.les-energies-renouvelables.eu\/article\/actualites\/#\/schema\/logo\/image\/","url":"https:\/\/www.les-energies-renouvelables.eu\/article\/actualites\/wp-content\/uploads\/2025\/11\/ecoinfos.eldorado-consulting.com-logo-logo.svg","contentUrl":"https:\/\/www.les-energies-renouvelables.eu\/article\/actualites\/wp-content\/uploads\/2025\/11\/ecoinfos.eldorado-consulting.com-logo-logo.svg","caption":"ECOinfos Energies renouvelables"},"image":{"@id":"https:\/\/www.les-energies-renouvelables.eu\/article\/actualites\/#\/schema\/logo\/image\/"},"sameAs":["https:\/\/www.facebook.com\/ecoannuaire.energierenouvelable\/","https:\/\/x.com\/ECOinfosENR","https:\/\/www.linkedin.com\/company\/ecoinfos-energies-renouvelables\/","https:\/\/www.youtube.com\/@ecoinfosenergies","https:\/\/share.google\/dyKHJPxAV42WhhjbM"]},{"@type":"Person","@id":"https:\/\/www.les-energies-renouvelables.eu\/article\/actualites\/#\/schema\/person\/2c7d09eb5ca339c12ca8d86145440169","name":"Alexia JACQUARD","pronouns":"elle\/elle","image":{"@type":"ImageObject","inLanguage":"fr-FR","@id":"https:\/\/www.les-energies-renouvelables.eu\/article\/actualites\/#\/schema\/person\/image\/","url":"https:\/\/www.les-energies-renouvelables.eu\/article\/actualites\/wp-content\/uploads\/2026\/01\/actualites-alexia-jacquard-alexia-jacquard-160x160.jpg","contentUrl":"https:\/\/www.les-energies-renouvelables.eu\/article\/actualites\/wp-content\/uploads\/2026\/01\/actualites-alexia-jacquard-alexia-jacquard-160x160.jpg","caption":"Alexia JACQUARD"},"description":"Curieuse de nature et attentif aux enjeux du d\u00e9veloppement durable, Alexia Jacquard suit l'actualit\u00e9 des \u00e9nergies renouvelables pour partager les derni\u00e8res nouveaut\u00e9s du secteur. Elle s'attache \u00e0 retranscrire simplement les informations cl\u00e9s et les initiatives positives qui marquent la transition \u00e9nerg\u00e9tique. Son objectif : proposer des articles d'actualit\u00e9 clairs et accessibles pour tous ceux qui s'int\u00e9ressent \u00e0 l'avenir de notre \u00e9nergie.","sameAs":["https:\/\/alexia-jacquard.fr","https:\/\/www.facebook.com\/tictacf2c\/","https:\/\/www.instagram.com\/alexia_redac\/","https:\/\/www.linkedin.com\/in\/alexia-jacquard-449a4b289\/","https:\/\/fr.pinterest.com\/alexiajacquard\/","https:\/\/x.com\/alexiajcrd","https:\/\/www.youtube.com\/@Thepaindemie","https:\/\/muckrack.com\/alexia-jacquard"],"url":"https:\/\/www.les-energies-renouvelables.eu\/article\/actualites\/author\/alexia-jacquard\/"}]}},"_links":{"self":[{"href":"https:\/\/www.les-energies-renouvelables.eu\/article\/actualites\/wp-json\/wp\/v2\/posts\/232","targetHints":{"allow":["GET"]}}],"collection":[{"href":"https:\/\/www.les-energies-renouvelables.eu\/article\/actualites\/wp-json\/wp\/v2\/posts"}],"about":[{"href":"https:\/\/www.les-energies-renouvelables.eu\/article\/actualites\/wp-json\/wp\/v2\/types\/post"}],"author":[{"embeddable":true,"href":"https:\/\/www.les-energies-renouvelables.eu\/article\/actualites\/wp-json\/wp\/v2\/users\/2"}],"replies":[{"embeddable":true,"href":"https:\/\/www.les-energies-renouvelables.eu\/article\/actualites\/wp-json\/wp\/v2\/comments?post=232"}],"version-history":[{"count":1,"href":"https:\/\/www.les-energies-renouvelables.eu\/article\/actualites\/wp-json\/wp\/v2\/posts\/232\/revisions"}],"predecessor-version":[{"id":233,"href":"https:\/\/www.les-energies-renouvelables.eu\/article\/actualites\/wp-json\/wp\/v2\/posts\/232\/revisions\/233"}],"wp:featuredmedia":[{"embeddable":true,"href":"https:\/\/www.les-energies-renouvelables.eu\/article\/actualites\/wp-json\/wp\/v2\/media\/234"}],"wp:attachment":[{"href":"https:\/\/www.les-energies-renouvelables.eu\/article\/actualites\/wp-json\/wp\/v2\/media?parent=232"}],"wp:term":[{"taxonomy":"category","embeddable":true,"href":"https:\/\/www.les-energies-renouvelables.eu\/article\/actualites\/wp-json\/wp\/v2\/categories?post=232"},{"taxonomy":"post_tag","embeddable":true,"href":"https:\/\/www.les-energies-renouvelables.eu\/article\/actualites\/wp-json\/wp\/v2\/tags?post=232"}],"curies":[{"name":"wp","href":"https:\/\/api.w.org\/{rel}","templated":true}]}}